{"id":95754,"date":"2025-05-24T21:41:58","date_gmt":"2025-05-24T18:41:58","guid":{"rendered":"https:\/\/denizcankizil.tr\/uncategorized-tr\/diyanet-isleri-baskanligi-odullendirdi\/"},"modified":"2025-05-24T21:41:58","modified_gmt":"2025-05-24T18:41:58","slug":"diyanet-isleri-baskanligi-odullendirdi","status":"publish","type":"post","link":"https:\/\/denizcankizil.tr\/en\/haberler\/gundem\/diyanet-isleri-baskanligi-odullendirdi\/","title":{"rendered":"Diyanet \u0130\u015fleri Ba\u015fkanl\u0131\u011f\u0131 \u00d6d\u00fcllendirdi"},"content":{"rendered":"<p>Diyanet \u0130\u015fleri Ba\u015fkanl\u0131\u011f\u0131\u00a0 taraf\u0131ndan d\u00fczenlenen Umre \u00d6d\u00fcll\u00fc Gen\u00e7lik Bilgi Yar\u0131\u015fmas\u0131nda\u00a0 dereceye giren\u00a0 Meryem \u015eanverdi \u00f6d\u00fcllendirildi<br \/>\nDiyanet \u0130\u015fleri Ba\u015fkanl\u0131\u011f\u0131 taraf\u0131ndan Nisan ay\u0131nda yap\u0131lan Umre \u00d6d\u00fcll\u00fc Gen\u00e7lik Bilgi Yar\u0131\u015fmas\u0131nda, Hatay 4\u2019\u00fcnc\u00fcs\u00fc Reyhanl\u0131 birincisi olan Meryem \u015eanverdi, il\u00e7e m\u00fcft\u00fcs\u00fc Abdullah Do\u011fan\u2019\u0131 ziyaret etti. M\u00fcft\u00fc Do\u011fan, \u0130smet Ay\u015fe Behzato\u011flu Anadolu Lisesi 10. S\u0131n\u0131f \u00f6\u011frencisi Meryem \u015eanverdi\u2019yi ba\u015far\u0131s\u0131ndan dolay kutlad\u0131, ba\u015far\u0131lar\u0131n\u0131n devam\u0131n\u0131 dilerken \u00f6d\u00fcllendirdi.<br \/>\nDiyanet \u0130\u015fleri Ba\u015fkanl\u0131\u011f\u0131 olarak gen\u00e7lerin milli ve manevi de\u011ferlerle bulu\u015fmalar\u0131na katk\u0131 sa\u011flamak, din\u00ee ve ahlaki de\u011ferleri diri tutmak gayesi ile lise ve \u00fcniversite \u00f6\u011frencilerine y\u00f6nelik d\u00fczenlenen umre \u00f6d\u00fcll\u00fc \u201cGen\u00e7lik Bilgi Yar\u0131\u015fmas\u0131 Nisan ay\u0131nda yap\u0131lm\u0131\u015ft\u0131.<\/p>\n<p>\u200bDiyanet \u0130\u015fleri Ba\u015fkanl\u0131\u011f\u0131\u00a0 taraf\u0131ndan d\u00fczenlenen Umre \u00d6d\u00fcll\u00fc Gen\u00e7lik Bilgi Yar\u0131\u015fmas\u0131nda\u00a0 dereceye giren\u00a0 Meryem \u015eanverdi \u00f6d\u00fcllendirildi<br \/>\nDiyanet \u0130\u015fleri Ba\u015fkanl\u0131\u011f\u0131 taraf\u0131ndan Nisan ay\u0131nda yap\u0131lan Umre \u00d6d\u00fcll\u00fc Gen\u00e7lik Bilgi Yar\u0131\u015fmas\u0131nda, Hatay 4\u2019\u00fcnc\u00fcs\u00fc Reyhanl\u0131 birincisi olan Meryem \u015eanverdi, il\u00e7e m\u00fcft\u00fcs\u00fc Abdullah Do\u011fan\u2019\u0131 ziyaret etti. M\u00fcft\u00fc Do\u011fan, \u0130smet Ay\u015fe Behzato\u011flu Anadolu Lisesi 10. S\u0131n\u0131f \u00f6\u011frencisi Meryem \u015eanverdi\u2019yi ba\u015far\u0131s\u0131ndan dolay kutlad\u0131, ba\u015far\u0131lar\u0131n\u0131n devam\u0131n\u0131 dilerken \u00f6d\u00fcllendirdi.<br \/>\nDiyanet \u0130\u015fleri Ba\u015fkanl\u0131\u011f\u0131 olarak gen\u00e7lerin milli ve manevi de\u011ferlerle bulu\u015fmalar\u0131na katk\u0131 sa\u011flamak, din\u00ee ve ahlaki de\u011ferleri diri tutmak gayesi ile lise ve \u00fcniversite \u00f6\u011frencilerine y\u00f6nelik d\u00fczenlenen umre \u00f6d\u00fcll\u00fc \u201cGen\u00e7lik Bilgi Yar\u0131\u015fmas\u0131 Nisan ay\u0131nda yap\u0131lm\u0131\u015ft\u0131.\u00a0<\/p>\n<p>\u200bHaberin Al\u0131nt\u0131land\u0131\u011f\u0131 Kaynak: www.iskenderun.org<\/p>","protected":false},"excerpt":{"rendered":"<p>Diyanet \u0130\u015fleri Ba\u015fkanl\u0131\u011f\u0131\u00a0 taraf\u0131ndan d\u00fczenlenen Umre \u00d6d\u00fcll\u00fc Gen\u00e7lik Bilgi Yar\u0131\u015fmas\u0131nda\u00a0 dereceye giren\u00a0 Meryem \u015eanverdi \u00f6d\u00fcllendirildi Diyanet \u0130\u015fleri Ba\u015fkanl\u0131\u011f\u0131 taraf\u0131ndan Nisan ay\u0131nda yap\u0131lan Umre \u00d6d\u00fcll\u00fc Gen\u00e7lik Bilgi Yar\u0131\u015fmas\u0131nda, Hatay 4\u2019\u00fcnc\u00fcs\u00fc Reyhanl\u0131 birincisi olan Meryem \u015eanverdi, il\u00e7e m\u00fcft\u00fcs\u00fc Abdullah Do\u011fan\u2019\u0131 ziyaret etti. M\u00fcft\u00fc Do\u011fan, \u0130smet Ay\u015fe Behzato\u011flu Anadolu Lisesi 10. S\u0131n\u0131f \u00f6\u011frencisi Meryem \u015eanverdi\u2019yi ba\u015far\u0131s\u0131ndan dolay kutlad\u0131, ba\u015far\u0131lar\u0131n\u0131n devam\u0131n\u0131 dilerken \u00f6d\u00fcllendirdi. Diyanet \u0130\u015fleri Ba\u015fkanl\u0131\u011f\u0131 olarak gen\u00e7lerin milli ve manevi de\u011ferlerle bulu\u015fmalar\u0131na katk\u0131 sa\u011flamak, din\u00ee ve ahlaki de\u011ferleri diri tutmak gayesi ile lise ve \u00fcniversite \u00f6\u011frencilerine y\u00f6nelik d\u00fczenlenen umre \u00f6d\u00fcll\u00fc \u201cGen\u00e7lik Bilgi Yar\u0131\u015fmas\u0131 Nisan ay\u0131nda yap\u0131lm\u0131\u015ft\u0131. \u200bDiyanet \u0130\u015fleri Ba\u015fkanl\u0131\u011f\u0131\u00a0 taraf\u0131ndan d\u00fczenlenen Umre \u00d6d\u00fcll\u00fc Gen\u00e7lik Bilgi Yar\u0131\u015fmas\u0131nda\u00a0 dereceye giren\u00a0 Meryem \u015eanverdi \u00f6d\u00fcllendirildi Diyanet \u0130\u015fleri Ba\u015fkanl\u0131\u011f\u0131 taraf\u0131ndan Nisan ay\u0131nda yap\u0131lan Umre \u00d6d\u00fcll\u00fc Gen\u00e7lik Bilgi Yar\u0131\u015fmas\u0131nda, Hatay 4\u2019\u00fcnc\u00fcs\u00fc Reyhanl\u0131 birincisi olan Meryem \u015eanverdi, il\u00e7e m\u00fcft\u00fcs\u00fc Abdullah Do\u011fan\u2019\u0131 ziyaret etti. M\u00fcft\u00fc Do\u011fan, \u0130smet Ay\u015fe Behzato\u011flu Anadolu Lisesi 10. S\u0131n\u0131f \u00f6\u011frencisi Meryem \u015eanverdi\u2019yi ba\u015far\u0131s\u0131ndan dolay kutlad\u0131, ba\u015far\u0131lar\u0131n\u0131n devam\u0131n\u0131 dilerken \u00f6d\u00fcllendirdi. Diyanet \u0130\u015fleri Ba\u015fkanl\u0131\u011f\u0131 olarak gen\u00e7lerin milli ve manevi de\u011ferlerle bulu\u015fmalar\u0131na katk\u0131 sa\u011flamak, din\u00ee ve ahlaki de\u011ferleri diri tutmak gayesi ile lise ve \u00fcniversite \u00f6\u011frencilerine y\u00f6nelik d\u00fczenlenen umre \u00f6d\u00fcll\u00fc \u201cGen\u00e7lik Bilgi Yar\u0131\u015fmas\u0131 Nisan ay\u0131nda yap\u0131lm\u0131\u015ft\u0131.\u00a0 \u200bHaberin Al\u0131nt\u0131land\u0131\u011f\u0131 Kaynak: www.iskenderun.org<\/p>","protected":false},"author":1,"featured_media":0,"comment_status":"","ping_status":"open","sticky":false,"template":"","format":"standard","meta":{"_acf_changed":false,"footnotes":""},"categories":[24],"tags":[],"class_list":["post-95754","post","type-post","status-publish","format-standard","has-post-thumbnail","hentry","category-gundem"],"acf":[],"yoast_head":"<!-- This site is optimized with the Yoast SEO Premium plugin v26.6 (Yoast SEO v27.1.1) - https:\/\/yoast.com\/product\/yoast-seo-premium-wordpress\/ -->\n<title>Diyanet \u0130\u015fleri Ba\u015fkanl\u0131\u011f\u0131 \u00d6d\u00fcllendirdi - Av. Deniz Can K\u0131z\u0131l<\/title>\n<meta name=\"robots\" content=\"index, follow, max-snippet:-1, max-image-preview:large, max-video-preview:-1\" \/>\n<link rel=\"canonical\" href=\"https:\/\/denizcankizil.tr\/en\/haberler\/gundem\/diyanet-isleri-baskanligi-odullendirdi\/\" \/>\n<meta property=\"og:locale\" content=\"en_GB\" \/>\n<meta property=\"og:type\" content=\"article\" \/>\n<meta property=\"og:title\" content=\"Diyanet \u0130\u015fleri Ba\u015fkanl\u0131\u011f\u0131 \u00d6d\u00fcllendirdi\" \/>\n<meta property=\"og:description\" content=\"Diyanet \u0130\u015fleri Ba\u015fkanl\u0131\u011f\u0131\u00a0 taraf\u0131ndan d\u00fczenlenen Umre \u00d6d\u00fcll\u00fc Gen\u00e7lik Bilgi Yar\u0131\u015fmas\u0131nda\u00a0 dereceye giren\u00a0 Meryem \u015eanverdi \u00f6d\u00fcllendirildi Diyanet \u0130\u015fleri Ba\u015fkanl\u0131\u011f\u0131 taraf\u0131ndan Nisan ay\u0131nda yap\u0131lan Umre \u00d6d\u00fcll\u00fc Gen\u00e7lik Bilgi Yar\u0131\u015fmas\u0131nda, Hatay 4\u2019\u00fcnc\u00fcs\u00fc Reyhanl\u0131 birincisi olan Meryem \u015eanverdi, il\u00e7e m\u00fcft\u00fcs\u00fc Abdullah Do\u011fan\u2019\u0131 ziyaret etti. M\u00fcft\u00fc Do\u011fan, \u0130smet Ay\u015fe Behzato\u011flu Anadolu Lisesi 10. S\u0131n\u0131f \u00f6\u011frencisi Meryem \u015eanverdi\u2019yi ba\u015far\u0131s\u0131ndan dolay kutlad\u0131, ba\u015far\u0131lar\u0131n\u0131n devam\u0131n\u0131 dilerken \u00f6d\u00fcllendirdi. Diyanet \u0130\u015fleri Ba\u015fkanl\u0131\u011f\u0131 olarak gen\u00e7lerin milli ve manevi de\u011ferlerle bulu\u015fmalar\u0131na katk\u0131 sa\u011flamak, din\u00ee ve ahlaki de\u011ferleri diri tutmak gayesi ile lise ve \u00fcniversite \u00f6\u011frencilerine y\u00f6nelik d\u00fczenlenen umre \u00f6d\u00fcll\u00fc \u201cGen\u00e7lik Bilgi Yar\u0131\u015fmas\u0131 Nisan ay\u0131nda yap\u0131lm\u0131\u015ft\u0131. \u200bDiyanet \u0130\u015fleri Ba\u015fkanl\u0131\u011f\u0131\u00a0 taraf\u0131ndan d\u00fczenlenen Umre \u00d6d\u00fcll\u00fc Gen\u00e7lik Bilgi Yar\u0131\u015fmas\u0131nda\u00a0 dereceye giren\u00a0 Meryem \u015eanverdi \u00f6d\u00fcllendirildi Diyanet \u0130\u015fleri Ba\u015fkanl\u0131\u011f\u0131 taraf\u0131ndan Nisan ay\u0131nda yap\u0131lan Umre \u00d6d\u00fcll\u00fc Gen\u00e7lik Bilgi Yar\u0131\u015fmas\u0131nda, Hatay 4\u2019\u00fcnc\u00fcs\u00fc Reyhanl\u0131 birincisi olan Meryem \u015eanverdi, il\u00e7e m\u00fcft\u00fcs\u00fc Abdullah Do\u011fan\u2019\u0131 ziyaret etti. M\u00fcft\u00fc Do\u011fan, \u0130smet Ay\u015fe Behzato\u011flu Anadolu Lisesi 10. S\u0131n\u0131f \u00f6\u011frencisi Meryem \u015eanverdi\u2019yi ba\u015far\u0131s\u0131ndan dolay kutlad\u0131, ba\u015far\u0131lar\u0131n\u0131n devam\u0131n\u0131 dilerken \u00f6d\u00fcllendirdi. Diyanet \u0130\u015fleri Ba\u015fkanl\u0131\u011f\u0131 olarak gen\u00e7lerin milli ve manevi de\u011ferlerle bulu\u015fmalar\u0131na katk\u0131 sa\u011flamak, din\u00ee ve ahlaki de\u011ferleri diri tutmak gayesi ile lise ve \u00fcniversite \u00f6\u011frencilerine y\u00f6nelik d\u00fczenlenen umre \u00f6d\u00fcll\u00fc \u201cGen\u00e7lik Bilgi Yar\u0131\u015fmas\u0131 Nisan ay\u0131nda yap\u0131lm\u0131\u015ft\u0131.\u00a0 \u200bHaberin Al\u0131nt\u0131land\u0131\u011f\u0131 Kaynak: www.iskenderun.org\" \/>\n<meta property=\"og:url\" content=\"https:\/\/denizcankizil.tr\/en\/haberler\/gundem\/diyanet-isleri-baskanligi-odullendirdi\/\" \/>\n<meta property=\"og:site_name\" content=\"Av. Deniz Can K\u0131z\u0131l\" \/>\n<meta property=\"article:published_time\" content=\"2025-05-24T18:41:58+00:00\" \/>\n<meta name=\"author\" content=\"admin\" \/>\n<meta name=\"twitter:card\" content=\"summary_large_image\" \/>\n<meta name=\"twitter:label1\" content=\"Written by\" \/>\n\t<meta name=\"twitter:data1\" content=\"admin\" \/>\n\t<meta name=\"twitter:label2\" content=\"Estimated reading time\" \/>\n\t<meta name=\"twitter:data2\" content=\"1 minute\" \/>\n<script type=\"application\/ld+json\" class=\"yoast-schema-graph\">{\"@context\":\"https:\/\/schema.org\",\"@graph\":[{\"@type\":\"Article\",\"@id\":\"https:\/\/denizcankizil.tr\/en\/haberler\/gundem\/diyanet-isleri-baskanligi-odullendirdi\/#article\",\"isPartOf\":{\"@id\":\"https:\/\/denizcankizil.tr\/en\/haberler\/gundem\/diyanet-isleri-baskanligi-odullendirdi\/\"},\"author\":{\"name\":\"admin\",\"@id\":\"https:\/\/denizcankizil.tr\/#\/schema\/person\/be3c05fe6a12686905512445d8185489\"},\"headline\":\"Diyanet \u0130\u015fleri Ba\u015fkanl\u0131\u011f\u0131 \u00d6d\u00fcllendirdi\",\"datePublished\":\"2025-05-24T18:41:58+00:00\",\"mainEntityOfPage\":{\"@id\":\"https:\/\/denizcankizil.tr\/en\/haberler\/gundem\/diyanet-isleri-baskanligi-odullendirdi\/\"},\"wordCount\":302,\"publisher\":{\"@id\":\"https:\/\/denizcankizil.tr\/#organization\"},\"articleSection\":[\"G\u00fcndem\"],\"inLanguage\":\"en-GB\"},{\"@type\":\"WebPage\",\"@id\":\"https:\/\/denizcankizil.tr\/en\/haberler\/gundem\/diyanet-isleri-baskanligi-odullendirdi\/\",\"url\":\"https:\/\/denizcankizil.tr\/en\/haberler\/gundem\/diyanet-isleri-baskanligi-odullendirdi\/\",\"name\":\"Diyanet \u0130\u015fleri Ba\u015fkanl\u0131\u011f\u0131 \u00d6d\u00fcllendirdi - Av. Deniz Can K\u0131z\u0131l\",\"isPartOf\":{\"@id\":\"https:\/\/denizcankizil.tr\/#website\"},\"datePublished\":\"2025-05-24T18:41:58+00:00\",\"breadcrumb\":{\"@id\":\"https:\/\/denizcankizil.tr\/en\/haberler\/gundem\/diyanet-isleri-baskanligi-odullendirdi\/#breadcrumb\"},\"inLanguage\":\"en-GB\",\"potentialAction\":[{\"@type\":\"ReadAction\",\"target\":[\"https:\/\/denizcankizil.tr\/en\/haberler\/gundem\/diyanet-isleri-baskanligi-odullendirdi\/\"]}]},{\"@type\":\"BreadcrumbList\",\"@id\":\"https:\/\/denizcankizil.tr\/en\/haberler\/gundem\/diyanet-isleri-baskanligi-odullendirdi\/#breadcrumb\",\"itemListElement\":[{\"@type\":\"ListItem\",\"position\":1,\"name\":\"Home\",\"item\":\"https:\/\/denizcankizil.tr\/uk\/\"},{\"@type\":\"ListItem\",\"position\":2,\"name\":\"Diyanet \u0130\u015fleri Ba\u015fkanl\u0131\u011f\u0131 \u00d6d\u00fcllendirdi\"}]},{\"@type\":\"WebSite\",\"@id\":\"https:\/\/denizcankizil.tr\/#website\",\"url\":\"https:\/\/denizcankizil.tr\/\",\"name\":\"Av. Deniz Can K\u0131z\u0131l\",\"description\":\"Avukat Deniz Can K\u0131z\u0131l Antalya Barosu\",\"publisher\":{\"@id\":\"https:\/\/denizcankizil.tr\/#organization\"},\"potentialAction\":[{\"@type\":\"SearchAction\",\"target\":{\"@type\":\"EntryPoint\",\"urlTemplate\":\"https:\/\/denizcankizil.tr\/?s={search_term_string}\"},\"query-input\":{\"@type\":\"PropertyValueSpecification\",\"valueRequired\":true,\"valueName\":\"search_term_string\"}}],\"inLanguage\":\"en-GB\"},{\"@type\":\"Organization\",\"@id\":\"https:\/\/denizcankizil.tr\/#organization\",\"name\":\"Av. Deniz Can K\u0131z\u0131l\",\"url\":\"https:\/\/denizcankizil.tr\/\",\"logo\":{\"@type\":\"ImageObject\",\"inLanguage\":\"en-GB\",\"@id\":\"https:\/\/denizcankizil.tr\/#\/schema\/logo\/image\/\",\"url\":\"https:\/\/denizcankizil.tr\/wp-content\/uploads\/2024\/10\/siyah-logo-svg.svg\",\"contentUrl\":\"https:\/\/denizcankizil.tr\/wp-content\/uploads\/2024\/10\/siyah-logo-svg.svg\",\"width\":1080,\"height\":1080,\"caption\":\"Av. Deniz Can K\u0131z\u0131l\"},\"image\":{\"@id\":\"https:\/\/denizcankizil.tr\/#\/schema\/logo\/image\/\"}},{\"@type\":\"Person\",\"@id\":\"https:\/\/denizcankizil.tr\/#\/schema\/person\/be3c05fe6a12686905512445d8185489\",\"name\":\"admin\",\"image\":{\"@type\":\"ImageObject\",\"inLanguage\":\"en-GB\",\"@id\":\"https:\/\/denizcankizil.tr\/#\/schema\/person\/image\/\",\"url\":\"https:\/\/secure.gravatar.com\/avatar\/c1fce94c830dc79107e174f890d7210541c4a63e8e5d816341794a2151c9d58c?s=96&d=mm&r=g\",\"contentUrl\":\"https:\/\/secure.gravatar.com\/avatar\/c1fce94c830dc79107e174f890d7210541c4a63e8e5d816341794a2151c9d58c?s=96&d=mm&r=g\",\"caption\":\"admin\"},\"sameAs\":[\"http:\/\/denizcankizil.tr\"],\"url\":\"https:\/\/www.iskenderun.org\/diyanet-isleri-baskanligi-odullendirdi\"}]}<\/script>\n<!-- \/ Yoast SEO Premium plugin. -->","yoast_head_json":{"title":"Diyanet \u0130\u015fleri Ba\u015fkanl\u0131\u011f\u0131 \u00d6d\u00fcllendirdi - Av. Deniz Can K\u0131z\u0131l","robots":{"index":"index","follow":"follow","max-snippet":"max-snippet:-1","max-image-preview":"max-image-preview:large","max-video-preview":"max-video-preview:-1"},"canonical":"https:\/\/denizcankizil.tr\/en\/haberler\/gundem\/diyanet-isleri-baskanligi-odullendirdi\/","og_locale":"en_GB","og_type":"article","og_title":"Diyanet \u0130\u015fleri Ba\u015fkanl\u0131\u011f\u0131 \u00d6d\u00fcllendirdi","og_description":"Diyanet \u0130\u015fleri Ba\u015fkanl\u0131\u011f\u0131\u00a0 taraf\u0131ndan d\u00fczenlenen Umre \u00d6d\u00fcll\u00fc Gen\u00e7lik Bilgi Yar\u0131\u015fmas\u0131nda\u00a0 dereceye giren\u00a0 Meryem \u015eanverdi \u00f6d\u00fcllendirildi Diyanet \u0130\u015fleri Ba\u015fkanl\u0131\u011f\u0131 taraf\u0131ndan Nisan ay\u0131nda yap\u0131lan Umre \u00d6d\u00fcll\u00fc Gen\u00e7lik Bilgi Yar\u0131\u015fmas\u0131nda, Hatay 4\u2019\u00fcnc\u00fcs\u00fc Reyhanl\u0131 birincisi olan Meryem \u015eanverdi, il\u00e7e m\u00fcft\u00fcs\u00fc Abdullah Do\u011fan\u2019\u0131 ziyaret etti. M\u00fcft\u00fc Do\u011fan, \u0130smet Ay\u015fe Behzato\u011flu Anadolu Lisesi 10. S\u0131n\u0131f \u00f6\u011frencisi Meryem \u015eanverdi\u2019yi ba\u015far\u0131s\u0131ndan dolay kutlad\u0131, ba\u015far\u0131lar\u0131n\u0131n devam\u0131n\u0131 dilerken \u00f6d\u00fcllendirdi. Diyanet \u0130\u015fleri Ba\u015fkanl\u0131\u011f\u0131 olarak gen\u00e7lerin milli ve manevi de\u011ferlerle bulu\u015fmalar\u0131na katk\u0131 sa\u011flamak, din\u00ee ve ahlaki de\u011ferleri diri tutmak gayesi ile lise ve \u00fcniversite \u00f6\u011frencilerine y\u00f6nelik d\u00fczenlenen umre \u00f6d\u00fcll\u00fc \u201cGen\u00e7lik Bilgi Yar\u0131\u015fmas\u0131 Nisan ay\u0131nda yap\u0131lm\u0131\u015ft\u0131. \u200bDiyanet \u0130\u015fleri Ba\u015fkanl\u0131\u011f\u0131\u00a0 taraf\u0131ndan d\u00fczenlenen Umre \u00d6d\u00fcll\u00fc Gen\u00e7lik Bilgi Yar\u0131\u015fmas\u0131nda\u00a0 dereceye giren\u00a0 Meryem \u015eanverdi \u00f6d\u00fcllendirildi Diyanet \u0130\u015fleri Ba\u015fkanl\u0131\u011f\u0131 taraf\u0131ndan Nisan ay\u0131nda yap\u0131lan Umre \u00d6d\u00fcll\u00fc Gen\u00e7lik Bilgi Yar\u0131\u015fmas\u0131nda, Hatay 4\u2019\u00fcnc\u00fcs\u00fc Reyhanl\u0131 birincisi olan Meryem \u015eanverdi, il\u00e7e m\u00fcft\u00fcs\u00fc Abdullah Do\u011fan\u2019\u0131 ziyaret etti. M\u00fcft\u00fc Do\u011fan, \u0130smet Ay\u015fe Behzato\u011flu Anadolu Lisesi 10. S\u0131n\u0131f \u00f6\u011frencisi Meryem \u015eanverdi\u2019yi ba\u015far\u0131s\u0131ndan dolay kutlad\u0131, ba\u015far\u0131lar\u0131n\u0131n devam\u0131n\u0131 dilerken \u00f6d\u00fcllendirdi. Diyanet \u0130\u015fleri Ba\u015fkanl\u0131\u011f\u0131 olarak gen\u00e7lerin milli ve manevi de\u011ferlerle bulu\u015fmalar\u0131na katk\u0131 sa\u011flamak, din\u00ee ve ahlaki de\u011ferleri diri tutmak gayesi ile lise ve \u00fcniversite \u00f6\u011frencilerine y\u00f6nelik d\u00fczenlenen umre \u00f6d\u00fcll\u00fc \u201cGen\u00e7lik Bilgi Yar\u0131\u015fmas\u0131 Nisan ay\u0131nda yap\u0131lm\u0131\u015ft\u0131.\u00a0 \u200bHaberin Al\u0131nt\u0131land\u0131\u011f\u0131 Kaynak: www.iskenderun.org","og_url":"https:\/\/denizcankizil.tr\/en\/haberler\/gundem\/diyanet-isleri-baskanligi-odullendirdi\/","og_site_name":"Av. Deniz Can K\u0131z\u0131l","article_published_time":"2025-05-24T18:41:58+00:00","author":"admin","twitter_card":"summary_large_image","twitter_misc":{"Written by":"admin","Estimated reading time":"1 minute"},"schema":{"@context":"https:\/\/schema.org","@graph":[{"@type":"Article","@id":"https:\/\/denizcankizil.tr\/en\/haberler\/gundem\/diyanet-isleri-baskanligi-odullendirdi\/#article","isPartOf":{"@id":"https:\/\/denizcankizil.tr\/en\/haberler\/gundem\/diyanet-isleri-baskanligi-odullendirdi\/"},"author":{"name":"admin","@id":"https:\/\/denizcankizil.tr\/#\/schema\/person\/be3c05fe6a12686905512445d8185489"},"headline":"Diyanet \u0130\u015fleri Ba\u015fkanl\u0131\u011f\u0131 \u00d6d\u00fcllendirdi","datePublished":"2025-05-24T18:41:58+00:00","mainEntityOfPage":{"@id":"https:\/\/denizcankizil.tr\/en\/haberler\/gundem\/diyanet-isleri-baskanligi-odullendirdi\/"},"wordCount":302,"publisher":{"@id":"https:\/\/denizcankizil.tr\/#organization"},"articleSection":["G\u00fcndem"],"inLanguage":"en-GB"},{"@type":"WebPage","@id":"https:\/\/denizcankizil.tr\/en\/haberler\/gundem\/diyanet-isleri-baskanligi-odullendirdi\/","url":"https:\/\/denizcankizil.tr\/en\/haberler\/gundem\/diyanet-isleri-baskanligi-odullendirdi\/","name":"Diyanet \u0130\u015fleri Ba\u015fkanl\u0131\u011f\u0131 \u00d6d\u00fcllendirdi - Av. Deniz Can K\u0131z\u0131l","isPartOf":{"@id":"https:\/\/denizcankizil.tr\/#website"},"datePublished":"2025-05-24T18:41:58+00:00","breadcrumb":{"@id":"https:\/\/denizcankizil.tr\/en\/haberler\/gundem\/diyanet-isleri-baskanligi-odullendirdi\/#breadcrumb"},"inLanguage":"en-GB","potentialAction":[{"@type":"ReadAction","target":["https:\/\/denizcankizil.tr\/en\/haberler\/gundem\/diyanet-isleri-baskanligi-odullendirdi\/"]}]},{"@type":"BreadcrumbList","@id":"https:\/\/denizcankizil.tr\/en\/haberler\/gundem\/diyanet-isleri-baskanligi-odullendirdi\/#breadcrumb","itemListElement":[{"@type":"ListItem","position":1,"name":"Home","item":"https:\/\/denizcankizil.tr\/uk\/"},{"@type":"ListItem","position":2,"name":"Diyanet \u0130\u015fleri Ba\u015fkanl\u0131\u011f\u0131 \u00d6d\u00fcllendirdi"}]},{"@type":"WebSite","@id":"https:\/\/denizcankizil.tr\/#website","url":"https:\/\/denizcankizil.tr\/","name":"Av. Deniz Can K\u0131z\u0131l","description":"Avukat Deniz Can K\u0131z\u0131l Antalya Barosu","publisher":{"@id":"https:\/\/denizcankizil.tr\/#organization"},"potentialAction":[{"@type":"SearchAction","target":{"@type":"EntryPoint","urlTemplate":"https:\/\/denizcankizil.tr\/?s={search_term_string}"},"query-input":{"@type":"PropertyValueSpecification","valueRequired":true,"valueName":"search_term_string"}}],"inLanguage":"en-GB"},{"@type":"Organization","@id":"https:\/\/denizcankizil.tr\/#organization","name":"Av. Deniz Can K\u0131z\u0131l","url":"https:\/\/denizcankizil.tr\/","logo":{"@type":"ImageObject","inLanguage":"en-GB","@id":"https:\/\/denizcankizil.tr\/#\/schema\/logo\/image\/","url":"https:\/\/denizcankizil.tr\/wp-content\/uploads\/2024\/10\/siyah-logo-svg.svg","contentUrl":"https:\/\/denizcankizil.tr\/wp-content\/uploads\/2024\/10\/siyah-logo-svg.svg","width":1080,"height":1080,"caption":"Av. Deniz Can K\u0131z\u0131l"},"image":{"@id":"https:\/\/denizcankizil.tr\/#\/schema\/logo\/image\/"}},{"@type":"Person","@id":"https:\/\/denizcankizil.tr\/#\/schema\/person\/be3c05fe6a12686905512445d8185489","name":"admin","image":{"@type":"ImageObject","inLanguage":"en-GB","@id":"https:\/\/denizcankizil.tr\/#\/schema\/person\/image\/","url":"https:\/\/secure.gravatar.com\/avatar\/c1fce94c830dc79107e174f890d7210541c4a63e8e5d816341794a2151c9d58c?s=96&d=mm&r=g","contentUrl":"https:\/\/secure.gravatar.com\/avatar\/c1fce94c830dc79107e174f890d7210541c4a63e8e5d816341794a2151c9d58c?s=96&d=mm&r=g","caption":"admin"},"sameAs":["http:\/\/denizcankizil.tr"],"url":"https:\/\/www.iskenderun.org\/diyanet-isleri-baskanligi-odullendirdi"}]}},"_links":{"self":[{"href":"https:\/\/denizcankizil.tr\/en\/wp-json\/wp\/v2\/posts\/95754","targetHints":{"allow":["GET"]}}],"collection":[{"href":"https:\/\/denizcankizil.tr\/en\/wp-json\/wp\/v2\/posts"}],"about":[{"href":"https:\/\/denizcankizil.tr\/en\/wp-json\/wp\/v2\/types\/post"}],"author":[{"embeddable":true,"href":"https:\/\/denizcankizil.tr\/en\/wp-json\/wp\/v2\/users\/1"}],"replies":[{"embeddable":true,"href":"https:\/\/denizcankizil.tr\/en\/wp-json\/wp\/v2\/comments?post=95754"}],"version-history":[{"count":0,"href":"https:\/\/denizcankizil.tr\/en\/wp-json\/wp\/v2\/posts\/95754\/revisions"}],"wp:attachment":[{"href":"https:\/\/denizcankizil.tr\/en\/wp-json\/wp\/v2\/media?parent=95754"}],"wp:term":[{"taxonomy":"category","embeddable":true,"href":"https:\/\/denizcankizil.tr\/en\/wp-json\/wp\/v2\/categories?post=95754"},{"taxonomy":"post_tag","embeddable":true,"href":"https:\/\/denizcankizil.tr\/en\/wp-json\/wp\/v2\/tags?post=95754"}],"curies":[{"name":"wp","href":"https:\/\/api.w.org\/{rel}","templated":true}]}}