{"id":95044,"date":"2025-05-23T23:31:49","date_gmt":"2025-05-23T20:31:49","guid":{"rendered":"https:\/\/denizcankizil.tr\/uncategorized-tr\/erzurum-pasinlerde-asfalt-santiyesinde-patlama-1-olu-1-yarali\/"},"modified":"2025-05-23T23:31:49","modified_gmt":"2025-05-23T20:31:49","slug":"erzurum-pasinlerde-asfalt-santiyesinde-patlama-1-olu-1-yarali","status":"publish","type":"post","link":"https:\/\/denizcankizil.tr\/en\/haberler\/gundem\/erzurum-pasinlerde-asfalt-santiyesinde-patlama-1-olu-1-yarali\/","title":{"rendered":"Erzurum Pasinler&#8217;de asfalt \u015fantiyesinde patlama! 1 \u00f6l\u00fc, 1 yaral\u0131"},"content":{"rendered":"<p>Erzurum Valisi Mustafa \u00c7ift\u00e7i, Pasinler B\u00fcy\u00fckt\u00fcy Mahallesi\u2019ndeki asfalt \u015fantiyesinde saat 16.50\u2019de meydana gelen patlamayla ilgili bas\u0131n a\u00e7\u0131klamas\u0131 yapt\u0131. Nedeni hen\u00fcz belli olmayan patlamada bir ki\u015finin hayat\u0131n\u0131 kaybetti\u011fi, bir ki\u015finin ise a\u011f\u0131r yaraland\u0131\u011f\u0131 bildirildi.ERZURUM (\u0130GFA) &#8211; Erzurum Valisi Mustafa \u00c7ift\u00e7i, saat 16.50 sular\u0131nda Pasinler il\u00e7esine ba\u011fl\u0131 B\u00fcy\u00fckt\u00fcy Mahallesi\u2019nde bulunan asfalt \u015fantiyesinde ya\u015fanan patlamaya ili\u015fkin bir bas\u0131n a\u00e7\u0131klamas\u0131 ger\u00e7ekle\u015ftirdi.<br \/>\nErzurum Valisi Mustafa \u00c7ift\u00e7i, patlamaya ili\u015fkin yapt\u0131\u011f\u0131 a\u00e7\u0131klamada olayla ilgili adli ve idari soru\u015fturman\u0131n devam etti\u011fini belirterek, patlama kontrol alt\u0131na al\u0131nd\u0131ktan sonra olay\u0131n neden kaynakland\u0131\u011f\u0131, ihmalin olup olmad\u0131\u011f\u0131 yap\u0131lacak ara\u015ft\u0131rman\u0131n ard\u0131ndan ortaya \u00e7\u0131kaca\u011f\u0131n\u0131 s\u00f6yledi.<br \/>\n????Valimiz Say\u0131n Mustafa \u00c7ift\u00e7i, bug\u00fcn 16.50 sular\u0131nda Pasinler\u2019e ba\u011fl\u0131 B\u00fcy\u00fckt\u00fcy Mahallesi\u2019ndeki asfalt \u015fantiyesinde meydana gelen patlamaya ili\u015fkin bir bas\u0131n a\u00e7\u0131klamas\u0131 yapt\u0131: pic.twitter.com\/ZcSrFmauXy\u2014 T.C.Erzurum Valili\u011fi (@ErzurumValiligi) May 23, 2025<br \/>\nVali \u00c7ift\u00e7i, olay\u0131n detaylar\u0131na ve al\u0131nan \u00f6nlemlere dair kamuoyunu bilgilendirdi.<\/p>\n<p>\u200bErzurum Valisi Mustafa \u00c7ift\u00e7i, Pasinler B\u00fcy\u00fckt\u00fcy Mahallesi\u2019ndeki asfalt \u015fantiyesinde saat 16.50\u2019de meydana gelen patlamayla ilgili bas\u0131n a\u00e7\u0131klamas\u0131 yapt\u0131. Nedeni hen\u00fcz belli olmayan patlamada bir ki\u015finin hayat\u0131n\u0131 kaybetti\u011fi, bir ki\u015finin ise a\u011f\u0131r yaraland\u0131\u011f\u0131 bildirildi.ERZURUM (\u0130GFA) &#8211; Erzurum Valisi Mustafa \u00c7ift\u00e7i, saat 16.50 sular\u0131nda Pasinler il\u00e7esine ba\u011fl\u0131 B\u00fcy\u00fckt\u00fcy Mahallesi\u2019nde bulunan asfalt \u015fantiyesinde ya\u015fanan patlamaya ili\u015fkin bir bas\u0131n a\u00e7\u0131klamas\u0131 ger\u00e7ekle\u015ftirdi.<br \/>\nErzurum Valisi Mustafa \u00c7ift\u00e7i, patlamaya ili\u015fkin yapt\u0131\u011f\u0131 a\u00e7\u0131klamada olayla ilgili adli ve idari soru\u015fturman\u0131n devam etti\u011fini belirterek, patlama kontrol alt\u0131na al\u0131nd\u0131ktan sonra olay\u0131n neden kaynakland\u0131\u011f\u0131, ihmalin olup olmad\u0131\u011f\u0131 yap\u0131lacak ara\u015ft\u0131rman\u0131n ard\u0131ndan ortaya \u00e7\u0131kaca\u011f\u0131n\u0131 s\u00f6yledi.<br \/>\n????Valimiz Say\u0131n Mustafa \u00c7ift\u00e7i, bug\u00fcn 16.50 sular\u0131nda Pasinler\u2019e ba\u011fl\u0131 B\u00fcy\u00fckt\u00fcy Mahallesi\u2019ndeki asfalt \u015fantiyesinde meydana gelen patlamaya ili\u015fkin bir bas\u0131n a\u00e7\u0131klamas\u0131 yapt\u0131: pic.twitter.com\/ZcSrFmauXy\u2014 T.C.Erzurum Valili\u011fi (@ErzurumValiligi) May 23, 2025<br \/>\nVali \u00c7ift\u00e7i, olay\u0131n detaylar\u0131na ve al\u0131nan \u00f6nlemlere dair kamuoyunu bilgilendirdi.\u00a0<\/p>\n<p>\u200bHaberin Al\u0131nt\u0131land\u0131\u011f\u0131 Kaynak: www.iskenderun.org<\/p>","protected":false},"excerpt":{"rendered":"<p>Erzurum Valisi Mustafa \u00c7ift\u00e7i, Pasinler B\u00fcy\u00fckt\u00fcy Mahallesi\u2019ndeki asfalt \u015fantiyesinde saat 16.50\u2019de meydana gelen patlamayla ilgili bas\u0131n a\u00e7\u0131klamas\u0131 yapt\u0131. Nedeni hen\u00fcz belli olmayan patlamada bir ki\u015finin hayat\u0131n\u0131 kaybetti\u011fi, bir ki\u015finin ise a\u011f\u0131r yaraland\u0131\u011f\u0131 bildirildi.ERZURUM (\u0130GFA) &#8211; Erzurum Valisi Mustafa \u00c7ift\u00e7i, saat 16.50 sular\u0131nda Pasinler il\u00e7esine ba\u011fl\u0131 B\u00fcy\u00fckt\u00fcy Mahallesi\u2019nde bulunan asfalt \u015fantiyesinde ya\u015fanan patlamaya ili\u015fkin bir bas\u0131n a\u00e7\u0131klamas\u0131 ger\u00e7ekle\u015ftirdi. Erzurum Valisi Mustafa \u00c7ift\u00e7i, patlamaya ili\u015fkin yapt\u0131\u011f\u0131 a\u00e7\u0131klamada olayla ilgili adli ve idari soru\u015fturman\u0131n devam etti\u011fini belirterek, patlama kontrol alt\u0131na al\u0131nd\u0131ktan sonra olay\u0131n neden kaynakland\u0131\u011f\u0131, ihmalin olup olmad\u0131\u011f\u0131 yap\u0131lacak ara\u015ft\u0131rman\u0131n ard\u0131ndan ortaya \u00e7\u0131kaca\u011f\u0131n\u0131 s\u00f6yledi. ????Valimiz Say\u0131n Mustafa \u00c7ift\u00e7i, bug\u00fcn 16.50 sular\u0131nda Pasinler\u2019e ba\u011fl\u0131 B\u00fcy\u00fckt\u00fcy Mahallesi\u2019ndeki asfalt \u015fantiyesinde meydana gelen patlamaya ili\u015fkin bir bas\u0131n a\u00e7\u0131klamas\u0131 yapt\u0131: pic.twitter.com\/ZcSrFmauXy\u2014 T.C.Erzurum Valili\u011fi (@ErzurumValiligi) May 23, 2025 Vali \u00c7ift\u00e7i, olay\u0131n detaylar\u0131na ve al\u0131nan \u00f6nlemlere dair kamuoyunu bilgilendirdi. \u200bErzurum Valisi Mustafa \u00c7ift\u00e7i, Pasinler B\u00fcy\u00fckt\u00fcy Mahallesi\u2019ndeki asfalt \u015fantiyesinde saat 16.50\u2019de meydana gelen patlamayla ilgili bas\u0131n a\u00e7\u0131klamas\u0131 yapt\u0131. Nedeni hen\u00fcz belli olmayan patlamada bir ki\u015finin hayat\u0131n\u0131 kaybetti\u011fi, bir ki\u015finin ise a\u011f\u0131r yaraland\u0131\u011f\u0131 bildirildi.ERZURUM (\u0130GFA) &#8211; Erzurum Valisi Mustafa \u00c7ift\u00e7i, saat 16.50 sular\u0131nda Pasinler il\u00e7esine ba\u011fl\u0131 B\u00fcy\u00fckt\u00fcy Mahallesi\u2019nde bulunan asfalt \u015fantiyesinde ya\u015fanan patlamaya ili\u015fkin bir bas\u0131n a\u00e7\u0131klamas\u0131 ger\u00e7ekle\u015ftirdi. Erzurum Valisi Mustafa \u00c7ift\u00e7i, patlamaya ili\u015fkin yapt\u0131\u011f\u0131 a\u00e7\u0131klamada olayla ilgili adli ve idari soru\u015fturman\u0131n &hellip;<\/p>","protected":false},"author":1,"featured_media":0,"comment_status":"","ping_status":"open","sticky":false,"template":"","format":"standard","meta":{"_acf_changed":false,"footnotes":""},"categories":[24],"tags":[],"class_list":["post-95044","post","type-post","status-publish","format-standard","has-post-thumbnail","hentry","category-gundem"],"acf":[],"yoast_head":"<!-- This site is optimized with the Yoast SEO Premium plugin v26.6 (Yoast SEO v27.1.1) - https:\/\/yoast.com\/product\/yoast-seo-premium-wordpress\/ -->\n<title>Erzurum Pasinler&#039;de asfalt \u015fantiyesinde patlama! 1 \u00f6l\u00fc, 1 yaral\u0131 - Av. Deniz Can K\u0131z\u0131l<\/title>\n<meta name=\"robots\" content=\"index, follow, max-snippet:-1, max-image-preview:large, max-video-preview:-1\" \/>\n<link rel=\"canonical\" href=\"https:\/\/denizcankizil.tr\/en\/haberler\/gundem\/erzurum-pasinlerde-asfalt-santiyesinde-patlama-1-olu-1-yarali\/\" \/>\n<meta property=\"og:locale\" content=\"en_GB\" \/>\n<meta property=\"og:type\" content=\"article\" \/>\n<meta property=\"og:title\" content=\"Erzurum Pasinler&#039;de asfalt \u015fantiyesinde patlama! 1 \u00f6l\u00fc, 1 yaral\u0131\" \/>\n<meta property=\"og:description\" content=\"Erzurum Valisi Mustafa \u00c7ift\u00e7i, Pasinler B\u00fcy\u00fckt\u00fcy Mahallesi\u2019ndeki asfalt \u015fantiyesinde saat 16.50\u2019de meydana gelen patlamayla ilgili bas\u0131n a\u00e7\u0131klamas\u0131 yapt\u0131. Nedeni hen\u00fcz belli olmayan patlamada bir ki\u015finin hayat\u0131n\u0131 kaybetti\u011fi, bir ki\u015finin ise a\u011f\u0131r yaraland\u0131\u011f\u0131 bildirildi.ERZURUM (\u0130GFA) &#8211; Erzurum Valisi Mustafa \u00c7ift\u00e7i, saat 16.50 sular\u0131nda Pasinler il\u00e7esine ba\u011fl\u0131 B\u00fcy\u00fckt\u00fcy Mahallesi\u2019nde bulunan asfalt \u015fantiyesinde ya\u015fanan patlamaya ili\u015fkin bir bas\u0131n a\u00e7\u0131klamas\u0131 ger\u00e7ekle\u015ftirdi. Erzurum Valisi Mustafa \u00c7ift\u00e7i, patlamaya ili\u015fkin yapt\u0131\u011f\u0131 a\u00e7\u0131klamada olayla ilgili adli ve idari soru\u015fturman\u0131n devam etti\u011fini belirterek, patlama kontrol alt\u0131na al\u0131nd\u0131ktan sonra olay\u0131n neden kaynakland\u0131\u011f\u0131, ihmalin olup olmad\u0131\u011f\u0131 yap\u0131lacak ara\u015ft\u0131rman\u0131n ard\u0131ndan ortaya \u00e7\u0131kaca\u011f\u0131n\u0131 s\u00f6yledi. ????Valimiz Say\u0131n Mustafa \u00c7ift\u00e7i, bug\u00fcn 16.50 sular\u0131nda Pasinler\u2019e ba\u011fl\u0131 B\u00fcy\u00fckt\u00fcy Mahallesi\u2019ndeki asfalt \u015fantiyesinde meydana gelen patlamaya ili\u015fkin bir bas\u0131n a\u00e7\u0131klamas\u0131 yapt\u0131: pic.twitter.com\/ZcSrFmauXy\u2014 T.C.Erzurum Valili\u011fi (@ErzurumValiligi) May 23, 2025 Vali \u00c7ift\u00e7i, olay\u0131n detaylar\u0131na ve al\u0131nan \u00f6nlemlere dair kamuoyunu bilgilendirdi. \u200bErzurum Valisi Mustafa \u00c7ift\u00e7i, Pasinler B\u00fcy\u00fckt\u00fcy Mahallesi\u2019ndeki asfalt \u015fantiyesinde saat 16.50\u2019de meydana gelen patlamayla ilgili bas\u0131n a\u00e7\u0131klamas\u0131 yapt\u0131. Nedeni hen\u00fcz belli olmayan patlamada bir ki\u015finin hayat\u0131n\u0131 kaybetti\u011fi, bir ki\u015finin ise a\u011f\u0131r yaraland\u0131\u011f\u0131 bildirildi.ERZURUM (\u0130GFA) &#8211; Erzurum Valisi Mustafa \u00c7ift\u00e7i, saat 16.50 sular\u0131nda Pasinler il\u00e7esine ba\u011fl\u0131 B\u00fcy\u00fckt\u00fcy Mahallesi\u2019nde bulunan asfalt \u015fantiyesinde ya\u015fanan patlamaya ili\u015fkin bir bas\u0131n a\u00e7\u0131klamas\u0131 ger\u00e7ekle\u015ftirdi. Erzurum Valisi Mustafa \u00c7ift\u00e7i, patlamaya ili\u015fkin yapt\u0131\u011f\u0131 a\u00e7\u0131klamada olayla ilgili adli ve idari soru\u015fturman\u0131n &hellip;\" \/>\n<meta property=\"og:url\" content=\"https:\/\/denizcankizil.tr\/en\/haberler\/gundem\/erzurum-pasinlerde-asfalt-santiyesinde-patlama-1-olu-1-yarali\/\" \/>\n<meta property=\"og:site_name\" content=\"Av. Deniz Can K\u0131z\u0131l\" \/>\n<meta property=\"article:published_time\" content=\"2025-05-23T20:31:49+00:00\" \/>\n<meta name=\"author\" content=\"admin\" \/>\n<meta name=\"twitter:card\" content=\"summary_large_image\" \/>\n<meta name=\"twitter:label1\" content=\"Written by\" \/>\n\t<meta name=\"twitter:data1\" content=\"admin\" \/>\n\t<meta name=\"twitter:label2\" content=\"Estimated reading time\" \/>\n\t<meta name=\"twitter:data2\" content=\"2 minutes\" \/>\n<script type=\"application\/ld+json\" class=\"yoast-schema-graph\">{\"@context\":\"https:\/\/schema.org\",\"@graph\":[{\"@type\":\"Article\",\"@id\":\"https:\/\/denizcankizil.tr\/en\/haberler\/gundem\/erzurum-pasinlerde-asfalt-santiyesinde-patlama-1-olu-1-yarali\/#article\",\"isPartOf\":{\"@id\":\"https:\/\/denizcankizil.tr\/en\/haberler\/gundem\/erzurum-pasinlerde-asfalt-santiyesinde-patlama-1-olu-1-yarali\/\"},\"author\":{\"name\":\"admin\",\"@id\":\"https:\/\/denizcankizil.tr\/#\/schema\/person\/be3c05fe6a12686905512445d8185489\"},\"headline\":\"Erzurum Pasinler&#8217;de asfalt \u015fantiyesinde patlama! 1 \u00f6l\u00fc, 1 yaral\u0131\",\"datePublished\":\"2025-05-23T20:31:49+00:00\",\"mainEntityOfPage\":{\"@id\":\"https:\/\/denizcankizil.tr\/en\/haberler\/gundem\/erzurum-pasinlerde-asfalt-santiyesinde-patlama-1-olu-1-yarali\/\"},\"wordCount\":402,\"publisher\":{\"@id\":\"https:\/\/denizcankizil.tr\/#organization\"},\"articleSection\":[\"G\u00fcndem\"],\"inLanguage\":\"en-GB\"},{\"@type\":\"WebPage\",\"@id\":\"https:\/\/denizcankizil.tr\/en\/haberler\/gundem\/erzurum-pasinlerde-asfalt-santiyesinde-patlama-1-olu-1-yarali\/\",\"url\":\"https:\/\/denizcankizil.tr\/en\/haberler\/gundem\/erzurum-pasinlerde-asfalt-santiyesinde-patlama-1-olu-1-yarali\/\",\"name\":\"Erzurum Pasinler'de asfalt \u015fantiyesinde patlama! 1 \u00f6l\u00fc, 1 yaral\u0131 - Av. Deniz Can K\u0131z\u0131l\",\"isPartOf\":{\"@id\":\"https:\/\/denizcankizil.tr\/#website\"},\"datePublished\":\"2025-05-23T20:31:49+00:00\",\"breadcrumb\":{\"@id\":\"https:\/\/denizcankizil.tr\/en\/haberler\/gundem\/erzurum-pasinlerde-asfalt-santiyesinde-patlama-1-olu-1-yarali\/#breadcrumb\"},\"inLanguage\":\"en-GB\",\"potentialAction\":[{\"@type\":\"ReadAction\",\"target\":[\"https:\/\/denizcankizil.tr\/en\/haberler\/gundem\/erzurum-pasinlerde-asfalt-santiyesinde-patlama-1-olu-1-yarali\/\"]}]},{\"@type\":\"BreadcrumbList\",\"@id\":\"https:\/\/denizcankizil.tr\/en\/haberler\/gundem\/erzurum-pasinlerde-asfalt-santiyesinde-patlama-1-olu-1-yarali\/#breadcrumb\",\"itemListElement\":[{\"@type\":\"ListItem\",\"position\":1,\"name\":\"Home\",\"item\":\"https:\/\/denizcankizil.tr\/de\/\"},{\"@type\":\"ListItem\",\"position\":2,\"name\":\"Erzurum Pasinler&#8217;de asfalt \u015fantiyesinde patlama! 1 \u00f6l\u00fc, 1 yaral\u0131\"}]},{\"@type\":\"WebSite\",\"@id\":\"https:\/\/denizcankizil.tr\/#website\",\"url\":\"https:\/\/denizcankizil.tr\/\",\"name\":\"Av. Deniz Can K\u0131z\u0131l\",\"description\":\"Avukat Deniz Can K\u0131z\u0131l Antalya Barosu\",\"publisher\":{\"@id\":\"https:\/\/denizcankizil.tr\/#organization\"},\"potentialAction\":[{\"@type\":\"SearchAction\",\"target\":{\"@type\":\"EntryPoint\",\"urlTemplate\":\"https:\/\/denizcankizil.tr\/?s={search_term_string}\"},\"query-input\":{\"@type\":\"PropertyValueSpecification\",\"valueRequired\":true,\"valueName\":\"search_term_string\"}}],\"inLanguage\":\"en-GB\"},{\"@type\":\"Organization\",\"@id\":\"https:\/\/denizcankizil.tr\/#organization\",\"name\":\"Av. Deniz Can K\u0131z\u0131l\",\"url\":\"https:\/\/denizcankizil.tr\/\",\"logo\":{\"@type\":\"ImageObject\",\"inLanguage\":\"en-GB\",\"@id\":\"https:\/\/denizcankizil.tr\/#\/schema\/logo\/image\/\",\"url\":\"https:\/\/denizcankizil.tr\/wp-content\/uploads\/2024\/10\/siyah-logo-svg.svg\",\"contentUrl\":\"https:\/\/denizcankizil.tr\/wp-content\/uploads\/2024\/10\/siyah-logo-svg.svg\",\"width\":1080,\"height\":1080,\"caption\":\"Av. Deniz Can K\u0131z\u0131l\"},\"image\":{\"@id\":\"https:\/\/denizcankizil.tr\/#\/schema\/logo\/image\/\"}},{\"@type\":\"Person\",\"@id\":\"https:\/\/denizcankizil.tr\/#\/schema\/person\/be3c05fe6a12686905512445d8185489\",\"name\":\"admin\",\"image\":{\"@type\":\"ImageObject\",\"inLanguage\":\"en-GB\",\"@id\":\"https:\/\/denizcankizil.tr\/#\/schema\/person\/image\/\",\"url\":\"https:\/\/secure.gravatar.com\/avatar\/c1fce94c830dc79107e174f890d7210541c4a63e8e5d816341794a2151c9d58c?s=96&d=mm&r=g\",\"contentUrl\":\"https:\/\/secure.gravatar.com\/avatar\/c1fce94c830dc79107e174f890d7210541c4a63e8e5d816341794a2151c9d58c?s=96&d=mm&r=g\",\"caption\":\"admin\"},\"sameAs\":[\"http:\/\/denizcankizil.tr\"],\"url\":\"https:\/\/www.iskenderun.org\/erzurum-pasinlerde-asfalt-santiyesinde-patlama-1-olu-1-yarali\"}]}<\/script>\n<!-- \/ Yoast SEO Premium plugin. -->","yoast_head_json":{"title":"Erzurum Pasinler'de asfalt \u015fantiyesinde patlama! 1 \u00f6l\u00fc, 1 yaral\u0131 - Av. Deniz Can K\u0131z\u0131l","robots":{"index":"index","follow":"follow","max-snippet":"max-snippet:-1","max-image-preview":"max-image-preview:large","max-video-preview":"max-video-preview:-1"},"canonical":"https:\/\/denizcankizil.tr\/en\/haberler\/gundem\/erzurum-pasinlerde-asfalt-santiyesinde-patlama-1-olu-1-yarali\/","og_locale":"en_GB","og_type":"article","og_title":"Erzurum Pasinler'de asfalt \u015fantiyesinde patlama! 1 \u00f6l\u00fc, 1 yaral\u0131","og_description":"Erzurum Valisi Mustafa \u00c7ift\u00e7i, Pasinler B\u00fcy\u00fckt\u00fcy Mahallesi\u2019ndeki asfalt \u015fantiyesinde saat 16.50\u2019de meydana gelen patlamayla ilgili bas\u0131n a\u00e7\u0131klamas\u0131 yapt\u0131. Nedeni hen\u00fcz belli olmayan patlamada bir ki\u015finin hayat\u0131n\u0131 kaybetti\u011fi, bir ki\u015finin ise a\u011f\u0131r yaraland\u0131\u011f\u0131 bildirildi.ERZURUM (\u0130GFA) &#8211; Erzurum Valisi Mustafa \u00c7ift\u00e7i, saat 16.50 sular\u0131nda Pasinler il\u00e7esine ba\u011fl\u0131 B\u00fcy\u00fckt\u00fcy Mahallesi\u2019nde bulunan asfalt \u015fantiyesinde ya\u015fanan patlamaya ili\u015fkin bir bas\u0131n a\u00e7\u0131klamas\u0131 ger\u00e7ekle\u015ftirdi. Erzurum Valisi Mustafa \u00c7ift\u00e7i, patlamaya ili\u015fkin yapt\u0131\u011f\u0131 a\u00e7\u0131klamada olayla ilgili adli ve idari soru\u015fturman\u0131n devam etti\u011fini belirterek, patlama kontrol alt\u0131na al\u0131nd\u0131ktan sonra olay\u0131n neden kaynakland\u0131\u011f\u0131, ihmalin olup olmad\u0131\u011f\u0131 yap\u0131lacak ara\u015ft\u0131rman\u0131n ard\u0131ndan ortaya \u00e7\u0131kaca\u011f\u0131n\u0131 s\u00f6yledi. ????Valimiz Say\u0131n Mustafa \u00c7ift\u00e7i, bug\u00fcn 16.50 sular\u0131nda Pasinler\u2019e ba\u011fl\u0131 B\u00fcy\u00fckt\u00fcy Mahallesi\u2019ndeki asfalt \u015fantiyesinde meydana gelen patlamaya ili\u015fkin bir bas\u0131n a\u00e7\u0131klamas\u0131 yapt\u0131: pic.twitter.com\/ZcSrFmauXy\u2014 T.C.Erzurum Valili\u011fi (@ErzurumValiligi) May 23, 2025 Vali \u00c7ift\u00e7i, olay\u0131n detaylar\u0131na ve al\u0131nan \u00f6nlemlere dair kamuoyunu bilgilendirdi. \u200bErzurum Valisi Mustafa \u00c7ift\u00e7i, Pasinler B\u00fcy\u00fckt\u00fcy Mahallesi\u2019ndeki asfalt \u015fantiyesinde saat 16.50\u2019de meydana gelen patlamayla ilgili bas\u0131n a\u00e7\u0131klamas\u0131 yapt\u0131. Nedeni hen\u00fcz belli olmayan patlamada bir ki\u015finin hayat\u0131n\u0131 kaybetti\u011fi, bir ki\u015finin ise a\u011f\u0131r yaraland\u0131\u011f\u0131 bildirildi.ERZURUM (\u0130GFA) &#8211; Erzurum Valisi Mustafa \u00c7ift\u00e7i, saat 16.50 sular\u0131nda Pasinler il\u00e7esine ba\u011fl\u0131 B\u00fcy\u00fckt\u00fcy Mahallesi\u2019nde bulunan asfalt \u015fantiyesinde ya\u015fanan patlamaya ili\u015fkin bir bas\u0131n a\u00e7\u0131klamas\u0131 ger\u00e7ekle\u015ftirdi. Erzurum Valisi Mustafa \u00c7ift\u00e7i, patlamaya ili\u015fkin yapt\u0131\u011f\u0131 a\u00e7\u0131klamada olayla ilgili adli ve idari soru\u015fturman\u0131n &hellip;","og_url":"https:\/\/denizcankizil.tr\/en\/haberler\/gundem\/erzurum-pasinlerde-asfalt-santiyesinde-patlama-1-olu-1-yarali\/","og_site_name":"Av. Deniz Can K\u0131z\u0131l","article_published_time":"2025-05-23T20:31:49+00:00","author":"admin","twitter_card":"summary_large_image","twitter_misc":{"Written by":"admin","Estimated reading time":"2 minutes"},"schema":{"@context":"https:\/\/schema.org","@graph":[{"@type":"Article","@id":"https:\/\/denizcankizil.tr\/en\/haberler\/gundem\/erzurum-pasinlerde-asfalt-santiyesinde-patlama-1-olu-1-yarali\/#article","isPartOf":{"@id":"https:\/\/denizcankizil.tr\/en\/haberler\/gundem\/erzurum-pasinlerde-asfalt-santiyesinde-patlama-1-olu-1-yarali\/"},"author":{"name":"admin","@id":"https:\/\/denizcankizil.tr\/#\/schema\/person\/be3c05fe6a12686905512445d8185489"},"headline":"Erzurum Pasinler&#8217;de asfalt \u015fantiyesinde patlama! 1 \u00f6l\u00fc, 1 yaral\u0131","datePublished":"2025-05-23T20:31:49+00:00","mainEntityOfPage":{"@id":"https:\/\/denizcankizil.tr\/en\/haberler\/gundem\/erzurum-pasinlerde-asfalt-santiyesinde-patlama-1-olu-1-yarali\/"},"wordCount":402,"publisher":{"@id":"https:\/\/denizcankizil.tr\/#organization"},"articleSection":["G\u00fcndem"],"inLanguage":"en-GB"},{"@type":"WebPage","@id":"https:\/\/denizcankizil.tr\/en\/haberler\/gundem\/erzurum-pasinlerde-asfalt-santiyesinde-patlama-1-olu-1-yarali\/","url":"https:\/\/denizcankizil.tr\/en\/haberler\/gundem\/erzurum-pasinlerde-asfalt-santiyesinde-patlama-1-olu-1-yarali\/","name":"Erzurum Pasinler'de asfalt \u015fantiyesinde patlama! 1 \u00f6l\u00fc, 1 yaral\u0131 - Av. Deniz Can K\u0131z\u0131l","isPartOf":{"@id":"https:\/\/denizcankizil.tr\/#website"},"datePublished":"2025-05-23T20:31:49+00:00","breadcrumb":{"@id":"https:\/\/denizcankizil.tr\/en\/haberler\/gundem\/erzurum-pasinlerde-asfalt-santiyesinde-patlama-1-olu-1-yarali\/#breadcrumb"},"inLanguage":"en-GB","potentialAction":[{"@type":"ReadAction","target":["https:\/\/denizcankizil.tr\/en\/haberler\/gundem\/erzurum-pasinlerde-asfalt-santiyesinde-patlama-1-olu-1-yarali\/"]}]},{"@type":"BreadcrumbList","@id":"https:\/\/denizcankizil.tr\/en\/haberler\/gundem\/erzurum-pasinlerde-asfalt-santiyesinde-patlama-1-olu-1-yarali\/#breadcrumb","itemListElement":[{"@type":"ListItem","position":1,"name":"Home","item":"https:\/\/denizcankizil.tr\/de\/"},{"@type":"ListItem","position":2,"name":"Erzurum Pasinler&#8217;de asfalt \u015fantiyesinde patlama! 1 \u00f6l\u00fc, 1 yaral\u0131"}]},{"@type":"WebSite","@id":"https:\/\/denizcankizil.tr\/#website","url":"https:\/\/denizcankizil.tr\/","name":"Av. Deniz Can K\u0131z\u0131l","description":"Avukat Deniz Can K\u0131z\u0131l Antalya Barosu","publisher":{"@id":"https:\/\/denizcankizil.tr\/#organization"},"potentialAction":[{"@type":"SearchAction","target":{"@type":"EntryPoint","urlTemplate":"https:\/\/denizcankizil.tr\/?s={search_term_string}"},"query-input":{"@type":"PropertyValueSpecification","valueRequired":true,"valueName":"search_term_string"}}],"inLanguage":"en-GB"},{"@type":"Organization","@id":"https:\/\/denizcankizil.tr\/#organization","name":"Av. Deniz Can K\u0131z\u0131l","url":"https:\/\/denizcankizil.tr\/","logo":{"@type":"ImageObject","inLanguage":"en-GB","@id":"https:\/\/denizcankizil.tr\/#\/schema\/logo\/image\/","url":"https:\/\/denizcankizil.tr\/wp-content\/uploads\/2024\/10\/siyah-logo-svg.svg","contentUrl":"https:\/\/denizcankizil.tr\/wp-content\/uploads\/2024\/10\/siyah-logo-svg.svg","width":1080,"height":1080,"caption":"Av. Deniz Can K\u0131z\u0131l"},"image":{"@id":"https:\/\/denizcankizil.tr\/#\/schema\/logo\/image\/"}},{"@type":"Person","@id":"https:\/\/denizcankizil.tr\/#\/schema\/person\/be3c05fe6a12686905512445d8185489","name":"admin","image":{"@type":"ImageObject","inLanguage":"en-GB","@id":"https:\/\/denizcankizil.tr\/#\/schema\/person\/image\/","url":"https:\/\/secure.gravatar.com\/avatar\/c1fce94c830dc79107e174f890d7210541c4a63e8e5d816341794a2151c9d58c?s=96&d=mm&r=g","contentUrl":"https:\/\/secure.gravatar.com\/avatar\/c1fce94c830dc79107e174f890d7210541c4a63e8e5d816341794a2151c9d58c?s=96&d=mm&r=g","caption":"admin"},"sameAs":["http:\/\/denizcankizil.tr"],"url":"https:\/\/www.iskenderun.org\/erzurum-pasinlerde-asfalt-santiyesinde-patlama-1-olu-1-yarali"}]}},"_links":{"self":[{"href":"https:\/\/denizcankizil.tr\/en\/wp-json\/wp\/v2\/posts\/95044","targetHints":{"allow":["GET"]}}],"collection":[{"href":"https:\/\/denizcankizil.tr\/en\/wp-json\/wp\/v2\/posts"}],"about":[{"href":"https:\/\/denizcankizil.tr\/en\/wp-json\/wp\/v2\/types\/post"}],"author":[{"embeddable":true,"href":"https:\/\/denizcankizil.tr\/en\/wp-json\/wp\/v2\/users\/1"}],"replies":[{"embeddable":true,"href":"https:\/\/denizcankizil.tr\/en\/wp-json\/wp\/v2\/comments?post=95044"}],"version-history":[{"count":0,"href":"https:\/\/denizcankizil.tr\/en\/wp-json\/wp\/v2\/posts\/95044\/revisions"}],"wp:attachment":[{"href":"https:\/\/denizcankizil.tr\/en\/wp-json\/wp\/v2\/media?parent=95044"}],"wp:term":[{"taxonomy":"category","embeddable":true,"href":"https:\/\/denizcankizil.tr\/en\/wp-json\/wp\/v2\/categories?post=95044"},{"taxonomy":"post_tag","embeddable":true,"href":"https:\/\/denizcankizil.tr\/en\/wp-json\/wp\/v2\/tags?post=95044"}],"curies":[{"name":"wp","href":"https:\/\/api.w.org\/{rel}","templated":true}]}}