{"id":94585,"date":"2025-05-23T07:43:35","date_gmt":"2025-05-23T04:43:35","guid":{"rendered":"https:\/\/denizcankizil.tr\/uncategorized-tr\/bursa-teknik-universitesinde-gazze-icin-cadir-nobeti\/"},"modified":"2025-05-23T07:43:35","modified_gmt":"2025-05-23T04:43:35","slug":"bursa-teknik-universitesinde-gazze-icin-cadir-nobeti","status":"publish","type":"post","link":"https:\/\/denizcankizil.tr\/en\/haberler\/gundem\/bursa-teknik-universitesinde-gazze-icin-cadir-nobeti\/","title":{"rendered":"Bursa Teknik \u00dcniversitesi&#8217;nde Gazze i\u00e7in \u00e7ad\u0131r n\u00f6beti"},"content":{"rendered":"<p>Bursa Teknik \u00dcniversitesi (BT\u00dc)&#8217;nde \u00f6\u011frenciler ve personelin kat\u0131ld\u0131\u011f\u0131 etkinlikte \u0130srail\u2019in Filistin halk\u0131na y\u00f6nelik d\u00fczenledi\u011fi sald\u0131r\u0131lar protesto edildi. Y\u00fcr\u00fcy\u00fc\u015f ve bas\u0131n a\u00e7\u0131klamas\u0131 yapan \u00f6\u011frenciler, Mimar Sinan Yerle\u015fkesi\u2019ne kurduklar\u0131 \u00e7ad\u0131rlarda 2 g\u00fcn Filistin i\u00e7in n\u00f6bet tutacak.BURSA (\u0130GFA) &#8211; Bursa Teknik \u00dcniversitesi (BT\u00dc) \u00f6\u011frencileri Bursa G\u00f6n\u00fcll\u00fc Kurulu\u015flar Platformu ve Bursa \u0130ntifada Grubu i\u015f birli\u011finde Gazze&#8217;deki sald\u0131r\u0131lara dikkat \u00e7ekmek amac\u0131yla Mimar Sinan Yerle\u015fkesi\u2019nde 2 g\u00fcnl\u00fck intifada \u00e7ad\u0131r n\u00f6beti ba\u015flatt\u0131.<br \/>\nProtesto y\u00fcr\u00fcy\u00fc\u015f\u00fc ile ba\u015flayan programda, uygulamal\u0131 at\u00f6lyeler, s\u00f6yle\u015fi ve paneller ile dayan\u0131\u015fma kermesi de d\u00fczenlendi.<br \/>\n\u00d6\u011frenciler ad\u0131na konu\u015fan Enes Burak Demirci, \u201cBug\u00fcn burada, insanl\u0131\u011f\u0131n g\u00f6zlerinin \u00f6n\u00fcnde co\u011frafyam\u0131z\u0131n \u00e7ocuklar\u0131 her g\u00fcn zalimce katledilirken, \u015fehirleri haritadan silinirken, topraklar\u0131 i\u015fgal edilirken, biz BT\u00dc \u00f6\u011frencileri olarak susmad\u0131\u011f\u0131m\u0131z\u0131 ve susmayaca\u011f\u0131m\u0131z\u0131 hayk\u0131rmak i\u00e7in topland\u0131k. Filistin halk\u0131; \u00e7ocuklar\u0131, kad\u0131nlar\u0131, ya\u015fl\u0131lar\u0131yla birlikte onlarca y\u0131ld\u0131r sistematik bir i\u015fgalin, bask\u0131n\u0131n ve soyk\u0131r\u0131m\u0131n hedefi halindedir. Tarihi ger\u00e7ekli\u011fi ve makul bir altyap\u0131s\u0131 olmayan ve bu soyk\u0131r\u0131m\u0131 me\u015fru g\u00f6stermeye \u00e7al\u0131\u015fan t\u00fcm yalan iddialar\u0131 ve manip\u00fclatif fikirleri, en sert bi\u00e7imde reddediyoruz. \u00c7e\u015fitli bahaneler ile elimizdeki en b\u00fcy\u00fck g\u00fc\u00e7 olan boykotu reddeden, ba\u015fka \u015fah\u0131s ve kurumlar\u0131 \u00f6rnek g\u00f6stererek bireysel sorumlulu\u011funu \u00fczerinden atmaya \u00e7al\u0131\u015fanlar\u0131, vicdanl\u0131 olmaya davet ediyoruz\u201d diye konu\u015ftu.<\/p>\n<p>\u00d6\u011eRENC\u0130LERDEN BOYKOT \u00c7A\u011eRISI<br \/>\nBu arada Gazze&#8217;de a\u00e7l\u0131k, ambargo ve bombalarla yok edilmek istenenin, yaln\u0131zca bir \u015fehir de\u011fil; bir halk\u0131n haf\u0131zas\u0131, direni\u015fi, inanc\u0131 ve onuru oldu\u011funu vurgulayan Enes Burak Demirci, katliama sessiz kalmayarak, zulme u\u011frayan masum karde\u015flerin yan\u0131nda saf tuttuklar\u0131n\u0131 s\u00f6yledi. &#8220;\u0130\u015fte bu bilin\u00e7le, bizler Bursa Teknik \u00fcniversitesi \u00f6\u011frencileri olarak; Filistin halk\u0131n\u0131n onurlu direni\u015fini destekliyoruz&#8221; diyen Demirci, &#8220;\u0130srail\u2019in sistematik soyk\u0131r\u0131m\u0131n\u0131 ve i\u015fgalini lanetliyoruz. T\u00fcm vicdanl\u0131 insanlar\u0131 ve \u00f6zellikle \u00fcniversiteleri, \u0130srail\u2019i destekleyen markalar\u0131 ve kurumlar\u0131 boykot etmeye \u00e7a\u011f\u0131r\u0131yoruz. \u0130nsanl\u0131k onuru i\u00e7in, \u00f6zg\u00fcr Filistin i\u00e7in aya\u011fa kalk\u0131yoruz. Kamp\u00fcsler \u00f6zg\u00fcrl\u00fck ve direnisin kaleleri olmal\u0131d\u0131r. Buradan ilan ediyoruz: Filistin, Gazze, kamp\u00fcsler yaln\u0131z de\u011fildir\u201d diye konu\u015ftu.<\/p>\n<p>\u200bBursa Teknik \u00dcniversitesi (BT\u00dc)&#8217;nde \u00f6\u011frenciler ve personelin kat\u0131ld\u0131\u011f\u0131 etkinlikte \u0130srail\u2019in Filistin halk\u0131na y\u00f6nelik d\u00fczenledi\u011fi sald\u0131r\u0131lar protesto edildi. Y\u00fcr\u00fcy\u00fc\u015f ve bas\u0131n a\u00e7\u0131klamas\u0131 yapan \u00f6\u011frenciler, Mimar Sinan Yerle\u015fkesi\u2019ne kurduklar\u0131 \u00e7ad\u0131rlarda 2 g\u00fcn Filistin i\u00e7in n\u00f6bet tutacak.BURSA (\u0130GFA) &#8211; Bursa Teknik \u00dcniversitesi (BT\u00dc) \u00f6\u011frencileri Bursa G\u00f6n\u00fcll\u00fc Kurulu\u015flar Platformu ve Bursa \u0130ntifada Grubu i\u015f birli\u011finde Gazze&#8217;deki sald\u0131r\u0131lara dikkat \u00e7ekmek amac\u0131yla Mimar Sinan Yerle\u015fkesi\u2019nde 2 g\u00fcnl\u00fck intifada \u00e7ad\u0131r n\u00f6beti ba\u015flatt\u0131.<br \/>\nProtesto y\u00fcr\u00fcy\u00fc\u015f\u00fc ile ba\u015flayan programda, uygulamal\u0131 at\u00f6lyeler, s\u00f6yle\u015fi ve paneller ile dayan\u0131\u015fma kermesi de d\u00fczenlendi.<br \/>\n\u00d6\u011frenciler ad\u0131na konu\u015fan Enes Burak Demirci, \u201cBug\u00fcn burada, insanl\u0131\u011f\u0131n g\u00f6zlerinin \u00f6n\u00fcnde co\u011frafyam\u0131z\u0131n \u00e7ocuklar\u0131 her g\u00fcn zalimce katledilirken, \u015fehirleri haritadan silinirken, topraklar\u0131 i\u015fgal edilirken, biz BT\u00dc \u00f6\u011frencileri olarak susmad\u0131\u011f\u0131m\u0131z\u0131 ve susmayaca\u011f\u0131m\u0131z\u0131 hayk\u0131rmak i\u00e7in topland\u0131k. Filistin halk\u0131; \u00e7ocuklar\u0131, kad\u0131nlar\u0131, ya\u015fl\u0131lar\u0131yla birlikte onlarca y\u0131ld\u0131r sistematik bir i\u015fgalin, bask\u0131n\u0131n ve soyk\u0131r\u0131m\u0131n hedefi halindedir. Tarihi ger\u00e7ekli\u011fi ve makul bir altyap\u0131s\u0131 olmayan ve bu soyk\u0131r\u0131m\u0131 me\u015fru g\u00f6stermeye \u00e7al\u0131\u015fan t\u00fcm yalan iddialar\u0131 ve manip\u00fclatif fikirleri, en sert bi\u00e7imde reddediyoruz. \u00c7e\u015fitli bahaneler ile elimizdeki en b\u00fcy\u00fck g\u00fc\u00e7 olan boykotu reddeden, ba\u015fka \u015fah\u0131s ve kurumlar\u0131 \u00f6rnek g\u00f6stererek bireysel sorumlulu\u011funu \u00fczerinden atmaya \u00e7al\u0131\u015fanlar\u0131, vicdanl\u0131 olmaya davet ediyoruz\u201d diye konu\u015ftu.<\/p>\n<p>\u00d6\u011eRENC\u0130LERDEN BOYKOT \u00c7A\u011eRISI<br \/>\nBu arada Gazze&#8217;de a\u00e7l\u0131k, ambargo ve bombalarla yok edilmek istenenin, yaln\u0131zca bir \u015fehir de\u011fil; bir halk\u0131n haf\u0131zas\u0131, direni\u015fi, inanc\u0131 ve onuru oldu\u011funu vurgulayan Enes Burak Demirci, katliama sessiz kalmayarak, zulme u\u011frayan masum karde\u015flerin yan\u0131nda saf tuttuklar\u0131n\u0131 s\u00f6yledi. &#8220;\u0130\u015fte bu bilin\u00e7le, bizler Bursa Teknik \u00fcniversitesi \u00f6\u011frencileri olarak; Filistin halk\u0131n\u0131n onurlu direni\u015fini destekliyoruz&#8221; diyen Demirci, &#8220;\u0130srail\u2019in sistematik soyk\u0131r\u0131m\u0131n\u0131 ve i\u015fgalini lanetliyoruz. T\u00fcm vicdanl\u0131 insanlar\u0131 ve \u00f6zellikle \u00fcniversiteleri, \u0130srail\u2019i destekleyen markalar\u0131 ve kurumlar\u0131 boykot etmeye \u00e7a\u011f\u0131r\u0131yoruz. \u0130nsanl\u0131k onuru i\u00e7in, \u00f6zg\u00fcr Filistin i\u00e7in aya\u011fa kalk\u0131yoruz. Kamp\u00fcsler \u00f6zg\u00fcrl\u00fck ve direnisin kaleleri olmal\u0131d\u0131r. Buradan ilan ediyoruz: Filistin, Gazze, kamp\u00fcsler yaln\u0131z de\u011fildir\u201d diye konu\u015ftu.\u00a0<\/p>\n<p>\u200bHaberin Al\u0131nt\u0131land\u0131\u011f\u0131 Kaynak: www.iskenderun.org<\/p>","protected":false},"excerpt":{"rendered":"<p>Bursa Teknik \u00dcniversitesi (BT\u00dc)&#8217;nde \u00f6\u011frenciler ve personelin kat\u0131ld\u0131\u011f\u0131 etkinlikte \u0130srail\u2019in Filistin halk\u0131na y\u00f6nelik d\u00fczenledi\u011fi sald\u0131r\u0131lar protesto edildi. Y\u00fcr\u00fcy\u00fc\u015f ve bas\u0131n a\u00e7\u0131klamas\u0131 yapan \u00f6\u011frenciler, Mimar Sinan Yerle\u015fkesi\u2019ne kurduklar\u0131 \u00e7ad\u0131rlarda 2 g\u00fcn Filistin i\u00e7in n\u00f6bet tutacak.BURSA (\u0130GFA) &#8211; Bursa Teknik \u00dcniversitesi (BT\u00dc) \u00f6\u011frencileri Bursa G\u00f6n\u00fcll\u00fc Kurulu\u015flar Platformu ve Bursa \u0130ntifada Grubu i\u015f birli\u011finde Gazze&#8217;deki sald\u0131r\u0131lara dikkat \u00e7ekmek amac\u0131yla Mimar Sinan Yerle\u015fkesi\u2019nde 2 g\u00fcnl\u00fck intifada \u00e7ad\u0131r n\u00f6beti ba\u015flatt\u0131. Protesto y\u00fcr\u00fcy\u00fc\u015f\u00fc ile ba\u015flayan programda, uygulamal\u0131 at\u00f6lyeler, s\u00f6yle\u015fi ve paneller ile dayan\u0131\u015fma kermesi de d\u00fczenlendi. \u00d6\u011frenciler ad\u0131na konu\u015fan Enes Burak Demirci, \u201cBug\u00fcn burada, insanl\u0131\u011f\u0131n g\u00f6zlerinin \u00f6n\u00fcnde co\u011frafyam\u0131z\u0131n \u00e7ocuklar\u0131 her g\u00fcn zalimce katledilirken, \u015fehirleri haritadan silinirken, topraklar\u0131 i\u015fgal edilirken, biz BT\u00dc \u00f6\u011frencileri olarak susmad\u0131\u011f\u0131m\u0131z\u0131 ve susmayaca\u011f\u0131m\u0131z\u0131 hayk\u0131rmak i\u00e7in topland\u0131k. Filistin halk\u0131; \u00e7ocuklar\u0131, kad\u0131nlar\u0131, ya\u015fl\u0131lar\u0131yla birlikte onlarca y\u0131ld\u0131r sistematik bir i\u015fgalin, bask\u0131n\u0131n ve soyk\u0131r\u0131m\u0131n hedefi halindedir. Tarihi ger\u00e7ekli\u011fi ve makul bir altyap\u0131s\u0131 olmayan ve bu soyk\u0131r\u0131m\u0131 me\u015fru g\u00f6stermeye \u00e7al\u0131\u015fan t\u00fcm yalan iddialar\u0131 ve manip\u00fclatif fikirleri, en sert bi\u00e7imde reddediyoruz. \u00c7e\u015fitli bahaneler ile elimizdeki en b\u00fcy\u00fck g\u00fc\u00e7 olan boykotu reddeden, ba\u015fka \u015fah\u0131s ve kurumlar\u0131 \u00f6rnek g\u00f6stererek bireysel sorumlulu\u011funu \u00fczerinden atmaya \u00e7al\u0131\u015fanlar\u0131, vicdanl\u0131 olmaya davet ediyoruz\u201d diye konu\u015ftu. \u00d6\u011eRENC\u0130LERDEN BOYKOT \u00c7A\u011eRISI Bu arada Gazze&#8217;de a\u00e7l\u0131k, ambargo ve bombalarla yok edilmek istenenin, yaln\u0131zca bir \u015fehir de\u011fil; bir halk\u0131n haf\u0131zas\u0131, direni\u015fi, &hellip;<\/p>","protected":false},"author":1,"featured_media":0,"comment_status":"","ping_status":"open","sticky":false,"template":"","format":"standard","meta":{"_acf_changed":false,"footnotes":""},"categories":[24],"tags":[],"class_list":["post-94585","post","type-post","status-publish","format-standard","has-post-thumbnail","hentry","category-gundem"],"acf":[],"yoast_head":"<!-- This site is optimized with the Yoast SEO Premium plugin v26.6 (Yoast SEO v27.1.1) - https:\/\/yoast.com\/product\/yoast-seo-premium-wordpress\/ -->\n<title>Bursa Teknik \u00dcniversitesi&#039;nde Gazze i\u00e7in \u00e7ad\u0131r n\u00f6beti - Av. Deniz Can K\u0131z\u0131l<\/title>\n<meta name=\"robots\" content=\"index, follow, max-snippet:-1, max-image-preview:large, max-video-preview:-1\" \/>\n<link rel=\"canonical\" href=\"https:\/\/denizcankizil.tr\/en\/haberler\/gundem\/bursa-teknik-universitesinde-gazze-icin-cadir-nobeti\/\" \/>\n<meta property=\"og:locale\" content=\"en_GB\" \/>\n<meta property=\"og:type\" content=\"article\" \/>\n<meta property=\"og:title\" content=\"Bursa Teknik \u00dcniversitesi&#039;nde Gazze i\u00e7in \u00e7ad\u0131r n\u00f6beti\" \/>\n<meta property=\"og:description\" content=\"Bursa Teknik \u00dcniversitesi (BT\u00dc)&#8217;nde \u00f6\u011frenciler ve personelin kat\u0131ld\u0131\u011f\u0131 etkinlikte \u0130srail\u2019in Filistin halk\u0131na y\u00f6nelik d\u00fczenledi\u011fi sald\u0131r\u0131lar protesto edildi. Y\u00fcr\u00fcy\u00fc\u015f ve bas\u0131n a\u00e7\u0131klamas\u0131 yapan \u00f6\u011frenciler, Mimar Sinan Yerle\u015fkesi\u2019ne kurduklar\u0131 \u00e7ad\u0131rlarda 2 g\u00fcn Filistin i\u00e7in n\u00f6bet tutacak.BURSA (\u0130GFA) &#8211; Bursa Teknik \u00dcniversitesi (BT\u00dc) \u00f6\u011frencileri Bursa G\u00f6n\u00fcll\u00fc Kurulu\u015flar Platformu ve Bursa \u0130ntifada Grubu i\u015f birli\u011finde Gazze&#8217;deki sald\u0131r\u0131lara dikkat \u00e7ekmek amac\u0131yla Mimar Sinan Yerle\u015fkesi\u2019nde 2 g\u00fcnl\u00fck intifada \u00e7ad\u0131r n\u00f6beti ba\u015flatt\u0131. Protesto y\u00fcr\u00fcy\u00fc\u015f\u00fc ile ba\u015flayan programda, uygulamal\u0131 at\u00f6lyeler, s\u00f6yle\u015fi ve paneller ile dayan\u0131\u015fma kermesi de d\u00fczenlendi. \u00d6\u011frenciler ad\u0131na konu\u015fan Enes Burak Demirci, \u201cBug\u00fcn burada, insanl\u0131\u011f\u0131n g\u00f6zlerinin \u00f6n\u00fcnde co\u011frafyam\u0131z\u0131n \u00e7ocuklar\u0131 her g\u00fcn zalimce katledilirken, \u015fehirleri haritadan silinirken, topraklar\u0131 i\u015fgal edilirken, biz BT\u00dc \u00f6\u011frencileri olarak susmad\u0131\u011f\u0131m\u0131z\u0131 ve susmayaca\u011f\u0131m\u0131z\u0131 hayk\u0131rmak i\u00e7in topland\u0131k. Filistin halk\u0131; \u00e7ocuklar\u0131, kad\u0131nlar\u0131, ya\u015fl\u0131lar\u0131yla birlikte onlarca y\u0131ld\u0131r sistematik bir i\u015fgalin, bask\u0131n\u0131n ve soyk\u0131r\u0131m\u0131n hedefi halindedir. Tarihi ger\u00e7ekli\u011fi ve makul bir altyap\u0131s\u0131 olmayan ve bu soyk\u0131r\u0131m\u0131 me\u015fru g\u00f6stermeye \u00e7al\u0131\u015fan t\u00fcm yalan iddialar\u0131 ve manip\u00fclatif fikirleri, en sert bi\u00e7imde reddediyoruz. \u00c7e\u015fitli bahaneler ile elimizdeki en b\u00fcy\u00fck g\u00fc\u00e7 olan boykotu reddeden, ba\u015fka \u015fah\u0131s ve kurumlar\u0131 \u00f6rnek g\u00f6stererek bireysel sorumlulu\u011funu \u00fczerinden atmaya \u00e7al\u0131\u015fanlar\u0131, vicdanl\u0131 olmaya davet ediyoruz\u201d diye konu\u015ftu. \u00d6\u011eRENC\u0130LERDEN BOYKOT \u00c7A\u011eRISI Bu arada Gazze&#8217;de a\u00e7l\u0131k, ambargo ve bombalarla yok edilmek istenenin, yaln\u0131zca bir \u015fehir de\u011fil; bir halk\u0131n haf\u0131zas\u0131, direni\u015fi, &hellip;\" \/>\n<meta property=\"og:url\" content=\"https:\/\/denizcankizil.tr\/en\/haberler\/gundem\/bursa-teknik-universitesinde-gazze-icin-cadir-nobeti\/\" \/>\n<meta property=\"og:site_name\" content=\"Av. Deniz Can K\u0131z\u0131l\" \/>\n<meta property=\"article:published_time\" content=\"2025-05-23T04:43:35+00:00\" \/>\n<meta name=\"author\" content=\"admin\" \/>\n<meta name=\"twitter:card\" content=\"summary_large_image\" \/>\n<meta name=\"twitter:label1\" content=\"Written by\" \/>\n\t<meta name=\"twitter:data1\" content=\"admin\" \/>\n\t<meta name=\"twitter:label2\" content=\"Estimated reading time\" \/>\n\t<meta name=\"twitter:data2\" content=\"4 minutes\" \/>\n<script type=\"application\/ld+json\" class=\"yoast-schema-graph\">{\"@context\":\"https:\/\/schema.org\",\"@graph\":[{\"@type\":\"Article\",\"@id\":\"https:\/\/denizcankizil.tr\/en\/haberler\/gundem\/bursa-teknik-universitesinde-gazze-icin-cadir-nobeti\/#article\",\"isPartOf\":{\"@id\":\"https:\/\/denizcankizil.tr\/en\/haberler\/gundem\/bursa-teknik-universitesinde-gazze-icin-cadir-nobeti\/\"},\"author\":{\"name\":\"admin\",\"@id\":\"https:\/\/denizcankizil.tr\/#\/schema\/person\/be3c05fe6a12686905512445d8185489\"},\"headline\":\"Bursa Teknik \u00dcniversitesi&#8217;nde Gazze i\u00e7in \u00e7ad\u0131r n\u00f6beti\",\"datePublished\":\"2025-05-23T04:43:35+00:00\",\"mainEntityOfPage\":{\"@id\":\"https:\/\/denizcankizil.tr\/en\/haberler\/gundem\/bursa-teknik-universitesinde-gazze-icin-cadir-nobeti\/\"},\"wordCount\":847,\"publisher\":{\"@id\":\"https:\/\/denizcankizil.tr\/#organization\"},\"articleSection\":[\"G\u00fcndem\"],\"inLanguage\":\"en-GB\"},{\"@type\":\"WebPage\",\"@id\":\"https:\/\/denizcankizil.tr\/en\/haberler\/gundem\/bursa-teknik-universitesinde-gazze-icin-cadir-nobeti\/\",\"url\":\"https:\/\/denizcankizil.tr\/en\/haberler\/gundem\/bursa-teknik-universitesinde-gazze-icin-cadir-nobeti\/\",\"name\":\"Bursa Teknik \u00dcniversitesi'nde Gazze i\u00e7in \u00e7ad\u0131r n\u00f6beti - Av. Deniz Can K\u0131z\u0131l\",\"isPartOf\":{\"@id\":\"https:\/\/denizcankizil.tr\/#website\"},\"datePublished\":\"2025-05-23T04:43:35+00:00\",\"breadcrumb\":{\"@id\":\"https:\/\/denizcankizil.tr\/en\/haberler\/gundem\/bursa-teknik-universitesinde-gazze-icin-cadir-nobeti\/#breadcrumb\"},\"inLanguage\":\"en-GB\",\"potentialAction\":[{\"@type\":\"ReadAction\",\"target\":[\"https:\/\/denizcankizil.tr\/en\/haberler\/gundem\/bursa-teknik-universitesinde-gazze-icin-cadir-nobeti\/\"]}]},{\"@type\":\"BreadcrumbList\",\"@id\":\"https:\/\/denizcankizil.tr\/en\/haberler\/gundem\/bursa-teknik-universitesinde-gazze-icin-cadir-nobeti\/#breadcrumb\",\"itemListElement\":[{\"@type\":\"ListItem\",\"position\":1,\"name\":\"Home\",\"item\":\"https:\/\/denizcankizil.tr\/de\/\"},{\"@type\":\"ListItem\",\"position\":2,\"name\":\"Bursa Teknik \u00dcniversitesi&#8217;nde Gazze i\u00e7in \u00e7ad\u0131r n\u00f6beti\"}]},{\"@type\":\"WebSite\",\"@id\":\"https:\/\/denizcankizil.tr\/#website\",\"url\":\"https:\/\/denizcankizil.tr\/\",\"name\":\"Av. Deniz Can K\u0131z\u0131l\",\"description\":\"Avukat Deniz Can K\u0131z\u0131l Antalya Barosu\",\"publisher\":{\"@id\":\"https:\/\/denizcankizil.tr\/#organization\"},\"potentialAction\":[{\"@type\":\"SearchAction\",\"target\":{\"@type\":\"EntryPoint\",\"urlTemplate\":\"https:\/\/denizcankizil.tr\/?s={search_term_string}\"},\"query-input\":{\"@type\":\"PropertyValueSpecification\",\"valueRequired\":true,\"valueName\":\"search_term_string\"}}],\"inLanguage\":\"en-GB\"},{\"@type\":\"Organization\",\"@id\":\"https:\/\/denizcankizil.tr\/#organization\",\"name\":\"Av. Deniz Can K\u0131z\u0131l\",\"url\":\"https:\/\/denizcankizil.tr\/\",\"logo\":{\"@type\":\"ImageObject\",\"inLanguage\":\"en-GB\",\"@id\":\"https:\/\/denizcankizil.tr\/#\/schema\/logo\/image\/\",\"url\":\"https:\/\/denizcankizil.tr\/wp-content\/uploads\/2024\/10\/siyah-logo-svg.svg\",\"contentUrl\":\"https:\/\/denizcankizil.tr\/wp-content\/uploads\/2024\/10\/siyah-logo-svg.svg\",\"width\":1080,\"height\":1080,\"caption\":\"Av. Deniz Can K\u0131z\u0131l\"},\"image\":{\"@id\":\"https:\/\/denizcankizil.tr\/#\/schema\/logo\/image\/\"}},{\"@type\":\"Person\",\"@id\":\"https:\/\/denizcankizil.tr\/#\/schema\/person\/be3c05fe6a12686905512445d8185489\",\"name\":\"admin\",\"image\":{\"@type\":\"ImageObject\",\"inLanguage\":\"en-GB\",\"@id\":\"https:\/\/denizcankizil.tr\/#\/schema\/person\/image\/\",\"url\":\"https:\/\/secure.gravatar.com\/avatar\/c1fce94c830dc79107e174f890d7210541c4a63e8e5d816341794a2151c9d58c?s=96&d=mm&r=g\",\"contentUrl\":\"https:\/\/secure.gravatar.com\/avatar\/c1fce94c830dc79107e174f890d7210541c4a63e8e5d816341794a2151c9d58c?s=96&d=mm&r=g\",\"caption\":\"admin\"},\"sameAs\":[\"http:\/\/denizcankizil.tr\"],\"url\":\"https:\/\/www.iskenderun.org\/bursa-teknik-universitesinde-gazze-icin-cadir-nobeti\"}]}<\/script>\n<!-- \/ Yoast SEO Premium plugin. -->","yoast_head_json":{"title":"Bursa Teknik \u00dcniversitesi'nde Gazze i\u00e7in \u00e7ad\u0131r n\u00f6beti - Av. Deniz Can K\u0131z\u0131l","robots":{"index":"index","follow":"follow","max-snippet":"max-snippet:-1","max-image-preview":"max-image-preview:large","max-video-preview":"max-video-preview:-1"},"canonical":"https:\/\/denizcankizil.tr\/en\/haberler\/gundem\/bursa-teknik-universitesinde-gazze-icin-cadir-nobeti\/","og_locale":"en_GB","og_type":"article","og_title":"Bursa Teknik \u00dcniversitesi'nde Gazze i\u00e7in \u00e7ad\u0131r n\u00f6beti","og_description":"Bursa Teknik \u00dcniversitesi (BT\u00dc)&#8217;nde \u00f6\u011frenciler ve personelin kat\u0131ld\u0131\u011f\u0131 etkinlikte \u0130srail\u2019in Filistin halk\u0131na y\u00f6nelik d\u00fczenledi\u011fi sald\u0131r\u0131lar protesto edildi. Y\u00fcr\u00fcy\u00fc\u015f ve bas\u0131n a\u00e7\u0131klamas\u0131 yapan \u00f6\u011frenciler, Mimar Sinan Yerle\u015fkesi\u2019ne kurduklar\u0131 \u00e7ad\u0131rlarda 2 g\u00fcn Filistin i\u00e7in n\u00f6bet tutacak.BURSA (\u0130GFA) &#8211; Bursa Teknik \u00dcniversitesi (BT\u00dc) \u00f6\u011frencileri Bursa G\u00f6n\u00fcll\u00fc Kurulu\u015flar Platformu ve Bursa \u0130ntifada Grubu i\u015f birli\u011finde Gazze&#8217;deki sald\u0131r\u0131lara dikkat \u00e7ekmek amac\u0131yla Mimar Sinan Yerle\u015fkesi\u2019nde 2 g\u00fcnl\u00fck intifada \u00e7ad\u0131r n\u00f6beti ba\u015flatt\u0131. Protesto y\u00fcr\u00fcy\u00fc\u015f\u00fc ile ba\u015flayan programda, uygulamal\u0131 at\u00f6lyeler, s\u00f6yle\u015fi ve paneller ile dayan\u0131\u015fma kermesi de d\u00fczenlendi. \u00d6\u011frenciler ad\u0131na konu\u015fan Enes Burak Demirci, \u201cBug\u00fcn burada, insanl\u0131\u011f\u0131n g\u00f6zlerinin \u00f6n\u00fcnde co\u011frafyam\u0131z\u0131n \u00e7ocuklar\u0131 her g\u00fcn zalimce katledilirken, \u015fehirleri haritadan silinirken, topraklar\u0131 i\u015fgal edilirken, biz BT\u00dc \u00f6\u011frencileri olarak susmad\u0131\u011f\u0131m\u0131z\u0131 ve susmayaca\u011f\u0131m\u0131z\u0131 hayk\u0131rmak i\u00e7in topland\u0131k. Filistin halk\u0131; \u00e7ocuklar\u0131, kad\u0131nlar\u0131, ya\u015fl\u0131lar\u0131yla birlikte onlarca y\u0131ld\u0131r sistematik bir i\u015fgalin, bask\u0131n\u0131n ve soyk\u0131r\u0131m\u0131n hedefi halindedir. Tarihi ger\u00e7ekli\u011fi ve makul bir altyap\u0131s\u0131 olmayan ve bu soyk\u0131r\u0131m\u0131 me\u015fru g\u00f6stermeye \u00e7al\u0131\u015fan t\u00fcm yalan iddialar\u0131 ve manip\u00fclatif fikirleri, en sert bi\u00e7imde reddediyoruz. \u00c7e\u015fitli bahaneler ile elimizdeki en b\u00fcy\u00fck g\u00fc\u00e7 olan boykotu reddeden, ba\u015fka \u015fah\u0131s ve kurumlar\u0131 \u00f6rnek g\u00f6stererek bireysel sorumlulu\u011funu \u00fczerinden atmaya \u00e7al\u0131\u015fanlar\u0131, vicdanl\u0131 olmaya davet ediyoruz\u201d diye konu\u015ftu. \u00d6\u011eRENC\u0130LERDEN BOYKOT \u00c7A\u011eRISI Bu arada Gazze&#8217;de a\u00e7l\u0131k, ambargo ve bombalarla yok edilmek istenenin, yaln\u0131zca bir \u015fehir de\u011fil; bir halk\u0131n haf\u0131zas\u0131, direni\u015fi, &hellip;","og_url":"https:\/\/denizcankizil.tr\/en\/haberler\/gundem\/bursa-teknik-universitesinde-gazze-icin-cadir-nobeti\/","og_site_name":"Av. Deniz Can K\u0131z\u0131l","article_published_time":"2025-05-23T04:43:35+00:00","author":"admin","twitter_card":"summary_large_image","twitter_misc":{"Written by":"admin","Estimated reading time":"4 minutes"},"schema":{"@context":"https:\/\/schema.org","@graph":[{"@type":"Article","@id":"https:\/\/denizcankizil.tr\/en\/haberler\/gundem\/bursa-teknik-universitesinde-gazze-icin-cadir-nobeti\/#article","isPartOf":{"@id":"https:\/\/denizcankizil.tr\/en\/haberler\/gundem\/bursa-teknik-universitesinde-gazze-icin-cadir-nobeti\/"},"author":{"name":"admin","@id":"https:\/\/denizcankizil.tr\/#\/schema\/person\/be3c05fe6a12686905512445d8185489"},"headline":"Bursa Teknik \u00dcniversitesi&#8217;nde Gazze i\u00e7in \u00e7ad\u0131r n\u00f6beti","datePublished":"2025-05-23T04:43:35+00:00","mainEntityOfPage":{"@id":"https:\/\/denizcankizil.tr\/en\/haberler\/gundem\/bursa-teknik-universitesinde-gazze-icin-cadir-nobeti\/"},"wordCount":847,"publisher":{"@id":"https:\/\/denizcankizil.tr\/#organization"},"articleSection":["G\u00fcndem"],"inLanguage":"en-GB"},{"@type":"WebPage","@id":"https:\/\/denizcankizil.tr\/en\/haberler\/gundem\/bursa-teknik-universitesinde-gazze-icin-cadir-nobeti\/","url":"https:\/\/denizcankizil.tr\/en\/haberler\/gundem\/bursa-teknik-universitesinde-gazze-icin-cadir-nobeti\/","name":"Bursa Teknik \u00dcniversitesi'nde Gazze i\u00e7in \u00e7ad\u0131r n\u00f6beti - Av. Deniz Can K\u0131z\u0131l","isPartOf":{"@id":"https:\/\/denizcankizil.tr\/#website"},"datePublished":"2025-05-23T04:43:35+00:00","breadcrumb":{"@id":"https:\/\/denizcankizil.tr\/en\/haberler\/gundem\/bursa-teknik-universitesinde-gazze-icin-cadir-nobeti\/#breadcrumb"},"inLanguage":"en-GB","potentialAction":[{"@type":"ReadAction","target":["https:\/\/denizcankizil.tr\/en\/haberler\/gundem\/bursa-teknik-universitesinde-gazze-icin-cadir-nobeti\/"]}]},{"@type":"BreadcrumbList","@id":"https:\/\/denizcankizil.tr\/en\/haberler\/gundem\/bursa-teknik-universitesinde-gazze-icin-cadir-nobeti\/#breadcrumb","itemListElement":[{"@type":"ListItem","position":1,"name":"Home","item":"https:\/\/denizcankizil.tr\/de\/"},{"@type":"ListItem","position":2,"name":"Bursa Teknik \u00dcniversitesi&#8217;nde Gazze i\u00e7in \u00e7ad\u0131r n\u00f6beti"}]},{"@type":"WebSite","@id":"https:\/\/denizcankizil.tr\/#website","url":"https:\/\/denizcankizil.tr\/","name":"Av. Deniz Can K\u0131z\u0131l","description":"Avukat Deniz Can K\u0131z\u0131l Antalya Barosu","publisher":{"@id":"https:\/\/denizcankizil.tr\/#organization"},"potentialAction":[{"@type":"SearchAction","target":{"@type":"EntryPoint","urlTemplate":"https:\/\/denizcankizil.tr\/?s={search_term_string}"},"query-input":{"@type":"PropertyValueSpecification","valueRequired":true,"valueName":"search_term_string"}}],"inLanguage":"en-GB"},{"@type":"Organization","@id":"https:\/\/denizcankizil.tr\/#organization","name":"Av. Deniz Can K\u0131z\u0131l","url":"https:\/\/denizcankizil.tr\/","logo":{"@type":"ImageObject","inLanguage":"en-GB","@id":"https:\/\/denizcankizil.tr\/#\/schema\/logo\/image\/","url":"https:\/\/denizcankizil.tr\/wp-content\/uploads\/2024\/10\/siyah-logo-svg.svg","contentUrl":"https:\/\/denizcankizil.tr\/wp-content\/uploads\/2024\/10\/siyah-logo-svg.svg","width":1080,"height":1080,"caption":"Av. Deniz Can K\u0131z\u0131l"},"image":{"@id":"https:\/\/denizcankizil.tr\/#\/schema\/logo\/image\/"}},{"@type":"Person","@id":"https:\/\/denizcankizil.tr\/#\/schema\/person\/be3c05fe6a12686905512445d8185489","name":"admin","image":{"@type":"ImageObject","inLanguage":"en-GB","@id":"https:\/\/denizcankizil.tr\/#\/schema\/person\/image\/","url":"https:\/\/secure.gravatar.com\/avatar\/c1fce94c830dc79107e174f890d7210541c4a63e8e5d816341794a2151c9d58c?s=96&d=mm&r=g","contentUrl":"https:\/\/secure.gravatar.com\/avatar\/c1fce94c830dc79107e174f890d7210541c4a63e8e5d816341794a2151c9d58c?s=96&d=mm&r=g","caption":"admin"},"sameAs":["http:\/\/denizcankizil.tr"],"url":"https:\/\/www.iskenderun.org\/bursa-teknik-universitesinde-gazze-icin-cadir-nobeti"}]}},"_links":{"self":[{"href":"https:\/\/denizcankizil.tr\/en\/wp-json\/wp\/v2\/posts\/94585","targetHints":{"allow":["GET"]}}],"collection":[{"href":"https:\/\/denizcankizil.tr\/en\/wp-json\/wp\/v2\/posts"}],"about":[{"href":"https:\/\/denizcankizil.tr\/en\/wp-json\/wp\/v2\/types\/post"}],"author":[{"embeddable":true,"href":"https:\/\/denizcankizil.tr\/en\/wp-json\/wp\/v2\/users\/1"}],"replies":[{"embeddable":true,"href":"https:\/\/denizcankizil.tr\/en\/wp-json\/wp\/v2\/comments?post=94585"}],"version-history":[{"count":0,"href":"https:\/\/denizcankizil.tr\/en\/wp-json\/wp\/v2\/posts\/94585\/revisions"}],"wp:attachment":[{"href":"https:\/\/denizcankizil.tr\/en\/wp-json\/wp\/v2\/media?parent=94585"}],"wp:term":[{"taxonomy":"category","embeddable":true,"href":"https:\/\/denizcankizil.tr\/en\/wp-json\/wp\/v2\/categories?post=94585"},{"taxonomy":"post_tag","embeddable":true,"href":"https:\/\/denizcankizil.tr\/en\/wp-json\/wp\/v2\/tags?post=94585"}],"curies":[{"name":"wp","href":"https:\/\/api.w.org\/{rel}","templated":true}]}}