{"id":9442,"date":"2024-10-28T13:41:22","date_gmt":"2024-10-28T10:41:22","guid":{"rendered":"https:\/\/denizcankizil.tr\/uncategorized-tr\/baskan-cercioglu-tum-aydinlilari-tiyatro-ile-bulusturacak\/"},"modified":"2024-10-28T13:41:22","modified_gmt":"2024-10-28T10:41:22","slug":"baskan-cercioglu-tum-aydinlilari-tiyatro-ile-bulusturacak","status":"publish","type":"post","link":"https:\/\/denizcankizil.tr\/en\/haberler\/gundem\/baskan-cercioglu-tum-aydinlilari-tiyatro-ile-bulusturacak\/","title":{"rendered":"Ba\u015fkan \u00c7er\u00e7io\u011flu, T\u00fcm Ayd\u0131nl\u0131lar\u0131 Tiyatro ile Bulu\u015fturacak"},"content":{"rendered":"<p>Vatanda\u015flar\u0131n severek takip etti\u011fi Ayd\u0131n B\u00fcy\u00fck\u015fehir Belediyesi \u015eehir Tiyatrolar\u0131, yeni sezonda g\u00f6sterilerini il\u00e7elerde ya\u015fayan vatanda\u015flar ile de bulu\u015fturacak.<\/p>\n<p>\u200bVatanda\u015flar\u0131n severek takip etti\u011fi Ayd\u0131n B\u00fcy\u00fck\u015fehir Belediyesi \u015eehir Tiyatrolar\u0131, yeni sezonda g\u00f6sterilerini il\u00e7elerde ya\u015fayan vatanda\u015flar ile de bulu\u015fturacak.\u00a0<\/p>\n<p>\u200bHaberin Al\u0131nt\u0131land\u0131\u011f\u0131 Kaynak: www.iskenderun.org<\/p>","protected":false},"excerpt":{"rendered":"<p>Vatanda\u015flar\u0131n severek takip etti\u011fi Ayd\u0131n B\u00fcy\u00fck\u015fehir Belediyesi \u015eehir Tiyatrolar\u0131, yeni sezonda g\u00f6sterilerini il\u00e7elerde ya\u015fayan vatanda\u015flar ile de bulu\u015fturacak. \u200bVatanda\u015flar\u0131n severek takip etti\u011fi Ayd\u0131n B\u00fcy\u00fck\u015fehir Belediyesi \u015eehir Tiyatrolar\u0131, yeni sezonda g\u00f6sterilerini il\u00e7elerde ya\u015fayan vatanda\u015flar ile de bulu\u015fturacak.\u00a0 \u200bHaberin Al\u0131nt\u0131land\u0131\u011f\u0131 Kaynak: www.iskenderun.org<\/p>","protected":false},"author":0,"featured_media":0,"comment_status":"open","ping_status":"open","sticky":false,"template":"","format":"standard","meta":{"_acf_changed":false,"footnotes":""},"categories":[24,535],"tags":[],"class_list":["post-9442","post","type-post","status-publish","format-standard","has-post-thumbnail","hentry","category-gundem","category-uncategorized-tr"],"acf":[],"yoast_head":"<!-- This site is optimized with the Yoast SEO Premium plugin v26.6 (Yoast SEO v27.1.1) - https:\/\/yoast.com\/product\/yoast-seo-premium-wordpress\/ -->\n<title>Ba\u015fkan \u00c7er\u00e7io\u011flu, T\u00fcm Ayd\u0131nl\u0131lar\u0131 Tiyatro ile Bulu\u015fturacak - Av. Deniz Can K\u0131z\u0131l<\/title>\n<meta name=\"robots\" content=\"index, follow, max-snippet:-1, max-image-preview:large, max-video-preview:-1\" \/>\n<link rel=\"canonical\" href=\"https:\/\/denizcankizil.tr\/en\/haberler\/gundem\/baskan-cercioglu-tum-aydinlilari-tiyatro-ile-bulusturacak\/\" \/>\n<meta property=\"og:locale\" content=\"en_GB\" \/>\n<meta property=\"og:type\" content=\"article\" \/>\n<meta property=\"og:title\" content=\"Ba\u015fkan \u00c7er\u00e7io\u011flu, T\u00fcm Ayd\u0131nl\u0131lar\u0131 Tiyatro ile Bulu\u015fturacak\" \/>\n<meta property=\"og:description\" content=\"Vatanda\u015flar\u0131n severek takip etti\u011fi Ayd\u0131n B\u00fcy\u00fck\u015fehir Belediyesi \u015eehir Tiyatrolar\u0131, yeni sezonda g\u00f6sterilerini il\u00e7elerde ya\u015fayan vatanda\u015flar ile de bulu\u015fturacak. \u200bVatanda\u015flar\u0131n severek takip etti\u011fi Ayd\u0131n B\u00fcy\u00fck\u015fehir Belediyesi \u015eehir Tiyatrolar\u0131, yeni sezonda g\u00f6sterilerini il\u00e7elerde ya\u015fayan vatanda\u015flar ile de bulu\u015fturacak.\u00a0 \u200bHaberin Al\u0131nt\u0131land\u0131\u011f\u0131 Kaynak: www.iskenderun.org\" \/>\n<meta property=\"og:url\" content=\"https:\/\/denizcankizil.tr\/en\/haberler\/gundem\/baskan-cercioglu-tum-aydinlilari-tiyatro-ile-bulusturacak\/\" \/>\n<meta property=\"og:site_name\" content=\"Av. Deniz Can K\u0131z\u0131l\" \/>\n<meta property=\"article:published_time\" content=\"2024-10-28T10:41:22+00:00\" \/>\n<meta name=\"twitter:card\" content=\"summary_large_image\" \/>\n<script type=\"application\/ld+json\" class=\"yoast-schema-graph\">{\"@context\":\"https:\/\/schema.org\",\"@graph\":[{\"@type\":\"Article\",\"@id\":\"https:\/\/denizcankizil.tr\/en\/haberler\/gundem\/baskan-cercioglu-tum-aydinlilari-tiyatro-ile-bulusturacak\/#article\",\"isPartOf\":{\"@id\":\"https:\/\/denizcankizil.tr\/en\/haberler\/gundem\/baskan-cercioglu-tum-aydinlilari-tiyatro-ile-bulusturacak\/\"},\"author\":{\"name\":\"\",\"@id\":\"\"},\"headline\":\"Ba\u015fkan \u00c7er\u00e7io\u011flu, T\u00fcm Ayd\u0131nl\u0131lar\u0131 Tiyatro ile Bulu\u015fturacak\",\"datePublished\":\"2024-10-28T10:41:22+00:00\",\"mainEntityOfPage\":{\"@id\":\"https:\/\/denizcankizil.tr\/en\/haberler\/gundem\/baskan-cercioglu-tum-aydinlilari-tiyatro-ile-bulusturacak\/\"},\"wordCount\":82,\"commentCount\":0,\"publisher\":{\"@id\":\"https:\/\/denizcankizil.tr\/de\/#organization\"},\"articleSection\":[\"G\u00fcndem\",\"Uncategorized\"],\"inLanguage\":\"en-GB\",\"potentialAction\":[{\"@type\":\"CommentAction\",\"name\":\"Comment\",\"target\":[\"https:\/\/denizcankizil.tr\/en\/haberler\/gundem\/baskan-cercioglu-tum-aydinlilari-tiyatro-ile-bulusturacak\/#respond\"]}]},{\"@type\":\"WebPage\",\"@id\":\"https:\/\/denizcankizil.tr\/en\/haberler\/gundem\/baskan-cercioglu-tum-aydinlilari-tiyatro-ile-bulusturacak\/\",\"url\":\"https:\/\/denizcankizil.tr\/en\/haberler\/gundem\/baskan-cercioglu-tum-aydinlilari-tiyatro-ile-bulusturacak\/\",\"name\":\"Ba\u015fkan \u00c7er\u00e7io\u011flu, T\u00fcm Ayd\u0131nl\u0131lar\u0131 Tiyatro ile Bulu\u015fturacak - Av. Deniz Can K\u0131z\u0131l\",\"isPartOf\":{\"@id\":\"https:\/\/denizcankizil.tr\/de\/#website\"},\"datePublished\":\"2024-10-28T10:41:22+00:00\",\"breadcrumb\":{\"@id\":\"https:\/\/denizcankizil.tr\/en\/haberler\/gundem\/baskan-cercioglu-tum-aydinlilari-tiyatro-ile-bulusturacak\/#breadcrumb\"},\"inLanguage\":\"en-GB\",\"potentialAction\":[{\"@type\":\"ReadAction\",\"target\":[\"https:\/\/denizcankizil.tr\/en\/haberler\/gundem\/baskan-cercioglu-tum-aydinlilari-tiyatro-ile-bulusturacak\/\"]}]},{\"@type\":\"BreadcrumbList\",\"@id\":\"https:\/\/denizcankizil.tr\/en\/haberler\/gundem\/baskan-cercioglu-tum-aydinlilari-tiyatro-ile-bulusturacak\/#breadcrumb\",\"itemListElement\":[{\"@type\":\"ListItem\",\"position\":1,\"name\":\"Home\",\"item\":\"https:\/\/denizcankizil.tr\/de\/\"},{\"@type\":\"ListItem\",\"position\":2,\"name\":\"Ba\u015fkan \u00c7er\u00e7io\u011flu, T\u00fcm Ayd\u0131nl\u0131lar\u0131 Tiyatro ile Bulu\u015fturacak\"}]},{\"@type\":\"WebSite\",\"@id\":\"https:\/\/denizcankizil.tr\/de\/#website\",\"url\":\"https:\/\/denizcankizil.tr\/de\/\",\"name\":\"Av. Deniz Can K\u0131z\u0131l\",\"description\":\"Avukat Deniz Can K\u0131z\u0131l Antalya Barosu\",\"publisher\":{\"@id\":\"https:\/\/denizcankizil.tr\/de\/#organization\"},\"potentialAction\":[{\"@type\":\"SearchAction\",\"target\":{\"@type\":\"EntryPoint\",\"urlTemplate\":\"https:\/\/denizcankizil.tr\/de\/?s={search_term_string}\"},\"query-input\":{\"@type\":\"PropertyValueSpecification\",\"valueRequired\":true,\"valueName\":\"search_term_string\"}}],\"inLanguage\":\"en-GB\"},{\"@type\":\"Organization\",\"@id\":\"https:\/\/denizcankizil.tr\/de\/#organization\",\"name\":\"Av. Deniz Can K\u0131z\u0131l\",\"url\":\"https:\/\/denizcankizil.tr\/de\/\",\"logo\":{\"@type\":\"ImageObject\",\"inLanguage\":\"en-GB\",\"@id\":\"https:\/\/denizcankizil.tr\/de\/#\/schema\/logo\/image\/\",\"url\":\"https:\/\/denizcankizil.tr\/wp-content\/uploads\/2024\/10\/siyah-logo-svg.svg\",\"contentUrl\":\"https:\/\/denizcankizil.tr\/wp-content\/uploads\/2024\/10\/siyah-logo-svg.svg\",\"width\":1080,\"height\":1080,\"caption\":\"Av. Deniz Can K\u0131z\u0131l\"},\"image\":{\"@id\":\"https:\/\/denizcankizil.tr\/de\/#\/schema\/logo\/image\/\"}}]}<\/script>\n<!-- \/ Yoast SEO Premium plugin. -->","yoast_head_json":{"title":"Ba\u015fkan \u00c7er\u00e7io\u011flu, T\u00fcm Ayd\u0131nl\u0131lar\u0131 Tiyatro ile Bulu\u015fturacak - Av. Deniz Can K\u0131z\u0131l","robots":{"index":"index","follow":"follow","max-snippet":"max-snippet:-1","max-image-preview":"max-image-preview:large","max-video-preview":"max-video-preview:-1"},"canonical":"https:\/\/denizcankizil.tr\/en\/haberler\/gundem\/baskan-cercioglu-tum-aydinlilari-tiyatro-ile-bulusturacak\/","og_locale":"en_GB","og_type":"article","og_title":"Ba\u015fkan \u00c7er\u00e7io\u011flu, T\u00fcm Ayd\u0131nl\u0131lar\u0131 Tiyatro ile Bulu\u015fturacak","og_description":"Vatanda\u015flar\u0131n severek takip etti\u011fi Ayd\u0131n B\u00fcy\u00fck\u015fehir Belediyesi \u015eehir Tiyatrolar\u0131, yeni sezonda g\u00f6sterilerini il\u00e7elerde ya\u015fayan vatanda\u015flar ile de bulu\u015fturacak. \u200bVatanda\u015flar\u0131n severek takip etti\u011fi Ayd\u0131n B\u00fcy\u00fck\u015fehir Belediyesi \u015eehir Tiyatrolar\u0131, yeni sezonda g\u00f6sterilerini il\u00e7elerde ya\u015fayan vatanda\u015flar ile de bulu\u015fturacak.\u00a0 \u200bHaberin Al\u0131nt\u0131land\u0131\u011f\u0131 Kaynak: www.iskenderun.org","og_url":"https:\/\/denizcankizil.tr\/en\/haberler\/gundem\/baskan-cercioglu-tum-aydinlilari-tiyatro-ile-bulusturacak\/","og_site_name":"Av. Deniz Can K\u0131z\u0131l","article_published_time":"2024-10-28T10:41:22+00:00","twitter_card":"summary_large_image","schema":{"@context":"https:\/\/schema.org","@graph":[{"@type":"Article","@id":"https:\/\/denizcankizil.tr\/en\/haberler\/gundem\/baskan-cercioglu-tum-aydinlilari-tiyatro-ile-bulusturacak\/#article","isPartOf":{"@id":"https:\/\/denizcankizil.tr\/en\/haberler\/gundem\/baskan-cercioglu-tum-aydinlilari-tiyatro-ile-bulusturacak\/"},"author":{"name":"","@id":""},"headline":"Ba\u015fkan \u00c7er\u00e7io\u011flu, T\u00fcm Ayd\u0131nl\u0131lar\u0131 Tiyatro ile Bulu\u015fturacak","datePublished":"2024-10-28T10:41:22+00:00","mainEntityOfPage":{"@id":"https:\/\/denizcankizil.tr\/en\/haberler\/gundem\/baskan-cercioglu-tum-aydinlilari-tiyatro-ile-bulusturacak\/"},"wordCount":82,"commentCount":0,"publisher":{"@id":"https:\/\/denizcankizil.tr\/de\/#organization"},"articleSection":["G\u00fcndem","Uncategorized"],"inLanguage":"en-GB","potentialAction":[{"@type":"CommentAction","name":"Comment","target":["https:\/\/denizcankizil.tr\/en\/haberler\/gundem\/baskan-cercioglu-tum-aydinlilari-tiyatro-ile-bulusturacak\/#respond"]}]},{"@type":"WebPage","@id":"https:\/\/denizcankizil.tr\/en\/haberler\/gundem\/baskan-cercioglu-tum-aydinlilari-tiyatro-ile-bulusturacak\/","url":"https:\/\/denizcankizil.tr\/en\/haberler\/gundem\/baskan-cercioglu-tum-aydinlilari-tiyatro-ile-bulusturacak\/","name":"Ba\u015fkan \u00c7er\u00e7io\u011flu, T\u00fcm Ayd\u0131nl\u0131lar\u0131 Tiyatro ile Bulu\u015fturacak - Av. Deniz Can K\u0131z\u0131l","isPartOf":{"@id":"https:\/\/denizcankizil.tr\/de\/#website"},"datePublished":"2024-10-28T10:41:22+00:00","breadcrumb":{"@id":"https:\/\/denizcankizil.tr\/en\/haberler\/gundem\/baskan-cercioglu-tum-aydinlilari-tiyatro-ile-bulusturacak\/#breadcrumb"},"inLanguage":"en-GB","potentialAction":[{"@type":"ReadAction","target":["https:\/\/denizcankizil.tr\/en\/haberler\/gundem\/baskan-cercioglu-tum-aydinlilari-tiyatro-ile-bulusturacak\/"]}]},{"@type":"BreadcrumbList","@id":"https:\/\/denizcankizil.tr\/en\/haberler\/gundem\/baskan-cercioglu-tum-aydinlilari-tiyatro-ile-bulusturacak\/#breadcrumb","itemListElement":[{"@type":"ListItem","position":1,"name":"Home","item":"https:\/\/denizcankizil.tr\/de\/"},{"@type":"ListItem","position":2,"name":"Ba\u015fkan \u00c7er\u00e7io\u011flu, T\u00fcm Ayd\u0131nl\u0131lar\u0131 Tiyatro ile Bulu\u015fturacak"}]},{"@type":"WebSite","@id":"https:\/\/denizcankizil.tr\/de\/#website","url":"https:\/\/denizcankizil.tr\/de\/","name":"Av. Deniz Can K\u0131z\u0131l","description":"Avukat Deniz Can K\u0131z\u0131l Antalya Barosu","publisher":{"@id":"https:\/\/denizcankizil.tr\/de\/#organization"},"potentialAction":[{"@type":"SearchAction","target":{"@type":"EntryPoint","urlTemplate":"https:\/\/denizcankizil.tr\/de\/?s={search_term_string}"},"query-input":{"@type":"PropertyValueSpecification","valueRequired":true,"valueName":"search_term_string"}}],"inLanguage":"en-GB"},{"@type":"Organization","@id":"https:\/\/denizcankizil.tr\/de\/#organization","name":"Av. Deniz Can K\u0131z\u0131l","url":"https:\/\/denizcankizil.tr\/de\/","logo":{"@type":"ImageObject","inLanguage":"en-GB","@id":"https:\/\/denizcankizil.tr\/de\/#\/schema\/logo\/image\/","url":"https:\/\/denizcankizil.tr\/wp-content\/uploads\/2024\/10\/siyah-logo-svg.svg","contentUrl":"https:\/\/denizcankizil.tr\/wp-content\/uploads\/2024\/10\/siyah-logo-svg.svg","width":1080,"height":1080,"caption":"Av. Deniz Can K\u0131z\u0131l"},"image":{"@id":"https:\/\/denizcankizil.tr\/de\/#\/schema\/logo\/image\/"}}]}},"_links":{"self":[{"href":"https:\/\/denizcankizil.tr\/en\/wp-json\/wp\/v2\/posts\/9442","targetHints":{"allow":["GET"]}}],"collection":[{"href":"https:\/\/denizcankizil.tr\/en\/wp-json\/wp\/v2\/posts"}],"about":[{"href":"https:\/\/denizcankizil.tr\/en\/wp-json\/wp\/v2\/types\/post"}],"replies":[{"embeddable":true,"href":"https:\/\/denizcankizil.tr\/en\/wp-json\/wp\/v2\/comments?post=9442"}],"version-history":[{"count":0,"href":"https:\/\/denizcankizil.tr\/en\/wp-json\/wp\/v2\/posts\/9442\/revisions"}],"wp:attachment":[{"href":"https:\/\/denizcankizil.tr\/en\/wp-json\/wp\/v2\/media?parent=9442"}],"wp:term":[{"taxonomy":"category","embeddable":true,"href":"https:\/\/denizcankizil.tr\/en\/wp-json\/wp\/v2\/categories?post=9442"},{"taxonomy":"post_tag","embeddable":true,"href":"https:\/\/denizcankizil.tr\/en\/wp-json\/wp\/v2\/tags?post=9442"}],"curies":[{"name":"wp","href":"https:\/\/api.w.org\/{rel}","templated":true}]}}