{"id":94137,"date":"2025-05-22T13:41:47","date_gmt":"2025-05-22T10:41:47","guid":{"rendered":"https:\/\/denizcankizil.tr\/uncategorized-tr\/antalyada-edsler-aktif-oldu-mu-suruculeri-heyecanlandiran-goruntuler\/"},"modified":"2025-05-22T13:41:47","modified_gmt":"2025-05-22T10:41:47","slug":"antalyada-edsler-aktif-oldu-mu-suruculeri-heyecanlandiran-goruntuler","status":"publish","type":"post","link":"https:\/\/denizcankizil.tr\/en\/haberler\/gundem\/antalyada-edsler-aktif-oldu-mu-suruculeri-heyecanlandiran-goruntuler\/","title":{"rendered":"Antalya\u2019da EDS\u2019ler aktif oldu mu? S\u00fcr\u00fcc\u00fcleri heyecanland\u0131ran g\u00f6r\u00fcnt\u00fcler!"},"content":{"rendered":"<p>Antalya&#8217;da 2017 y\u0131l\u0131nda &#8216;7 ayda tamamlan\u0131p devreye al\u0131nacak&#8217; denilen ve y\u0131lan hikayesine d\u00f6nerek bir t\u00fcrl\u00fc tamamlanamayan Elektronik Denetleme Sistemi (EDS) projesi krizi devam ediyor. S\u00fcr\u00fcc\u00fcler aras\u0131nda b\u00fcy\u00fck bir bilmeceye d\u00f6n\u00fc\u015fen EDS\u2019lerin ne zaman aktif edilece\u011fi bilinmezken, EDS direklerinde \u00e7ekilen baz\u0131 foto\u011fraflar \u201caktif oldu mu\u201d sorusunu g\u00fcndeme getirdi.<\/p>\n<p>KAMERALAR HAZIR<\/p>\n<p>Kara yollar\u0131nda g\u00fcvenli\u011fi sa\u011flamak, kazalar\u0131 \u00f6nlemek, kural ihlallerini tespit etmek amac\u0131yla ba\u015flat\u0131lan EDS&#8217;nin Antalya&#8217;da hayata ge\u00e7irilmesi i\u00e7in d\u00f6nemin B\u00fcy\u00fck\u015fehir Belediye Ba\u015fkan\u0131 Menderes T\u00fcrel taraf\u0131ndan 2017 y\u0131l\u0131nda \u00e7al\u0131\u015fma ba\u015flat\u0131ld\u0131. Antalya Emniyet M\u00fcd\u00fcrl\u00fc\u011f\u00fc ile ortakla\u015fa y\u00fcr\u00fct\u00fclen \u00e7al\u0131\u015fmalar kapsam\u0131nda bir\u00e7ok kav\u015fak ve \u00fcst ge\u00e7it, kameralarla donat\u0131ld\u0131.<\/p>\n<p>YILAN H\u0130KAYES\u0130NE D\u00d6ND\u00dc<\/p>\n<p>&#8216;7 ayda tamamlan\u0131p devreye al\u0131nacak&#8217; denilen sistem, B\u00fcy\u00fck\u015fehir Belediyesi taraf\u0131ndan 14 milyon avro bedelle ihale edildi. EDS sisteminin y\u00fczde 95&#8217;i 1 y\u0131l sonra 2018 y\u0131l\u0131nda tamamland\u0131. 2019 y\u0131l\u0131nda hizmete girmesi beklenen sistemin a\u00e7\u0131l\u0131\u015f\u0131, kentte adeta bir y\u0131lan hikayesine d\u00f6nd\u00fc.<\/p>\n<p>BELED\u0130YEYE GEL\u0130R KAPISI<\/p>\n<p>Antalya K\u00f6rfez Gazetesi muhabiri Ertu\u011frul G\u00fcn&#8217;\u00fcn haberine g\u00f6re; Sistemin devreye girmesiyle Ba\u015fkan Menderes T\u00fcrel\u2019in oy kayb\u0131na neden olaca\u011f\u0131 ifade edilen EDS sistemi, yerel se\u00e7im s\u00fcrecinin ba\u015flamas\u0131 nedeniyle ertelendi. Ard\u0131ndan ise Muhittin B\u00f6cek\u2019in belediye ba\u015fkanl\u0131\u011f\u0131n\u0131 kazanmas\u0131n\u0131n ard\u0131ndan sistemin k\u0131sa s\u00fcrede hizmete a\u00e7\u0131laca\u011f\u0131 ve belediyeye gelir sa\u011flanaca\u011f\u0131 a\u00e7\u0131kland\u0131. Ancak Ba\u015fkan B\u00f6cek\u2019in ilk d\u00f6nemi olan 5 y\u0131ll\u0131k s\u00fcrede de sistem devreye girmedi.<\/p>\n<p>NE ZAMAN DEVREYE G\u0130RECEK<\/p>\n<p>Elektronik Denetleme Sistemi&#8217;nin (EDS) en k\u0131sa zamanda devreye girece\u011fine y\u00f6nelik daha \u00f6nce bir a\u00e7\u0131klama yapan Antalya Emniyet M\u00fcd\u00fcr\u00fc \u0130lker Arslan, &#8220;Vali bey konuyla alakal\u0131 bir irade g\u00f6sterdi. Vali bey konuya devlet g\u00f6z\u00fcyle bakt\u0131. Devletin kayna\u011f\u0131 heba oluyor. \u00c7ok \u00e7etrefilli bir konuydu. Y\u0131l ba\u015f\u0131nda ba\u015flayal\u0131m diye bir talimat\u0131 oldu. Belediyemiz de bu konuda yap\u0131c\u0131 davran\u0131yor. H\u0131zlanmas\u0131 ile alakal\u0131 t\u00fcm taraflar fikir birli\u011fine vard\u0131. En k\u0131sa zamanda devreye girecek&#8221; demi\u015fti.<\/p>\n<p>SAYI\u015eTAY RAPORUNA G\u0130RD\u0130<\/p>\n<p>Elektronik Denetleme Sistemi (EDS) projesi Say\u0131\u015ftay\u2019\u0131n 2023 y\u0131l\u0131 raporunda bulgular aras\u0131nda yer ald\u0131. Raporda projenin planlanan tarihlerde tamamlanamad\u0131\u011f\u0131na dikkat \u00e7ekilmi\u015fti. Raporda, projeye ba\u015flama tarihi olan 13 Kas\u0131m 2017\u2019den itibaren baz\u0131 s\u00fcre uzat\u0131mlar\u0131 verildi\u011fi belirtildi. \u00d6zellikle, 02 Ekim 2018 tarihinde 120 i\u015f g\u00fcn\u00fc s\u00fcre, 02 Haziran 2020 tarihinde i\u015f art\u0131\u015f\u0131 nedeniyle 60 g\u00fcn s\u00fcre uzat\u0131m\u0131 yap\u0131ld\u0131\u011f\u0131na dikkat \u00e7ekildi.<\/p>\n<p>TEKN\u0130K ALT YAPI HAZIR<\/p>\n<p>Son geli\u015fmede ise hizmetin ne zaman devreye girece\u011fine y\u00f6nelik bir a\u00e7\u0131klama yap\u0131lmad\u0131. Sistemin ne zaman devreye girece\u011finin belirsizli\u011fi devam ediyor. Belediye ve emniyet kaynaklar\u0131ndan al\u0131nan bilgiye g\u00f6re ise sistemin teknik alt yap\u0131s\u0131n\u0131n haz\u0131r oldu\u011fu ve sistemde veri ak\u0131\u015f\u0131 i\u00e7in gerekli firmalar ile ileti\u015fimin devam etti\u011fi \u00f6\u011frenildi.<\/p>\n<p>HEYECANLANDIRAN FOTO\u011eRAFLAR<\/p>\n<p>\u00c7al\u0131\u015fmalar\u0131n en ge\u00e7 haziran ay\u0131nda tamamlanarak sistemin devreye al\u0131nabilece\u011fi ifade edildi. S\u00fcr\u00fcc\u00fcler taraf\u0131ndan EDS direklerinde \u00e7ekilen foto\u011fraf kareleri ise \u00e7al\u0131\u015fmalar\u0131n personel taraf\u0131ndan devam etti\u011fini g\u00f6sterdi. S\u00fcr\u00fcc\u00fcler foto\u011fraf karelerini bir yandan payla\u015f\u0131rken di\u011fer taraftan ise sosyal medya platformlar\u0131ndan gelen ceza tutanaklar\u0131 payla\u015f\u0131larak sistemin aktif oldu\u011fu ileri s\u00fcr\u00fcld\u00fc.<\/p>\n<p>\u200bAntalya\u2019da y\u0131lan hikayesine d\u00f6nen Elektronik Denetleme Sistemi (EDS) projesi krizi devam ediyor. EDS\u2019lerin aktif oldu\u011funa y\u00f6nelik hen\u00fcz bir a\u00e7\u0131klama yap\u0131lmazken baz\u0131 g\u00f6r\u00fcnt\u00fcler s\u00fcr\u00fcc\u00fcleri heyecanland\u0131rd\u0131.\u00a0<\/p>\n<p>\u200bHaberin Al\u0131nt\u0131land\u0131\u011f\u0131 Kaynak: www.antalyakorfez.com<\/p>","protected":false},"excerpt":{"rendered":"<p>Antalya&#8217;da 2017 y\u0131l\u0131nda &#8216;7 ayda tamamlan\u0131p devreye al\u0131nacak&#8217; denilen ve y\u0131lan hikayesine d\u00f6nerek bir t\u00fcrl\u00fc tamamlanamayan Elektronik Denetleme Sistemi (EDS) projesi krizi devam ediyor. S\u00fcr\u00fcc\u00fcler aras\u0131nda b\u00fcy\u00fck bir bilmeceye d\u00f6n\u00fc\u015fen EDS\u2019lerin ne zaman aktif edilece\u011fi bilinmezken, EDS direklerinde \u00e7ekilen baz\u0131 foto\u011fraflar \u201caktif oldu mu\u201d sorusunu g\u00fcndeme getirdi. KAMERALAR HAZIR Kara yollar\u0131nda g\u00fcvenli\u011fi sa\u011flamak, kazalar\u0131 \u00f6nlemek, kural ihlallerini tespit etmek amac\u0131yla ba\u015flat\u0131lan EDS&#8217;nin Antalya&#8217;da hayata ge\u00e7irilmesi i\u00e7in d\u00f6nemin B\u00fcy\u00fck\u015fehir Belediye Ba\u015fkan\u0131 Menderes T\u00fcrel taraf\u0131ndan 2017 y\u0131l\u0131nda \u00e7al\u0131\u015fma ba\u015flat\u0131ld\u0131. Antalya Emniyet M\u00fcd\u00fcrl\u00fc\u011f\u00fc ile ortakla\u015fa y\u00fcr\u00fct\u00fclen \u00e7al\u0131\u015fmalar kapsam\u0131nda bir\u00e7ok kav\u015fak ve \u00fcst ge\u00e7it, kameralarla donat\u0131ld\u0131. YILAN H\u0130KAYES\u0130NE D\u00d6ND\u00dc &#8216;7 ayda tamamlan\u0131p devreye al\u0131nacak&#8217; denilen sistem, B\u00fcy\u00fck\u015fehir Belediyesi taraf\u0131ndan 14 milyon avro bedelle ihale edildi. EDS sisteminin y\u00fczde 95&#8217;i 1 y\u0131l sonra 2018 y\u0131l\u0131nda tamamland\u0131. 2019 y\u0131l\u0131nda hizmete girmesi beklenen sistemin a\u00e7\u0131l\u0131\u015f\u0131, kentte adeta bir y\u0131lan hikayesine d\u00f6nd\u00fc. BELED\u0130YEYE GEL\u0130R KAPISI Antalya K\u00f6rfez Gazetesi muhabiri Ertu\u011frul G\u00fcn&#8217;\u00fcn haberine g\u00f6re; Sistemin devreye girmesiyle Ba\u015fkan Menderes T\u00fcrel\u2019in oy kayb\u0131na neden olaca\u011f\u0131 ifade edilen EDS sistemi, yerel se\u00e7im s\u00fcrecinin ba\u015flamas\u0131 nedeniyle ertelendi. Ard\u0131ndan ise Muhittin B\u00f6cek\u2019in belediye ba\u015fkanl\u0131\u011f\u0131n\u0131 kazanmas\u0131n\u0131n ard\u0131ndan sistemin k\u0131sa s\u00fcrede hizmete a\u00e7\u0131laca\u011f\u0131 ve belediyeye gelir sa\u011flanaca\u011f\u0131 a\u00e7\u0131kland\u0131. Ancak Ba\u015fkan B\u00f6cek\u2019in ilk d\u00f6nemi olan 5 y\u0131ll\u0131k s\u00fcrede de sistem devreye girmedi. NE ZAMAN DEVREYE G\u0130RECEK &hellip;<\/p>","protected":false},"author":5,"featured_media":0,"comment_status":"","ping_status":"open","sticky":false,"template":"","format":"standard","meta":{"_acf_changed":false,"footnotes":""},"categories":[24],"tags":[],"class_list":["post-94137","post","type-post","status-publish","format-standard","has-post-thumbnail","hentry","category-gundem"],"acf":[],"yoast_head":"<!-- This site is optimized with the Yoast SEO Premium plugin v26.6 (Yoast SEO v27.1.1) - https:\/\/yoast.com\/product\/yoast-seo-premium-wordpress\/ -->\n<title>Antalya\u2019da EDS\u2019ler aktif oldu mu? S\u00fcr\u00fcc\u00fcleri heyecanland\u0131ran g\u00f6r\u00fcnt\u00fcler! - Av. Deniz Can K\u0131z\u0131l<\/title>\n<meta name=\"robots\" content=\"index, follow, max-snippet:-1, max-image-preview:large, max-video-preview:-1\" \/>\n<link rel=\"canonical\" href=\"https:\/\/denizcankizil.tr\/en\/haberler\/gundem\/antalyada-edsler-aktif-oldu-mu-suruculeri-heyecanlandiran-goruntuler\/\" \/>\n<meta property=\"og:locale\" content=\"en_GB\" \/>\n<meta property=\"og:type\" content=\"article\" \/>\n<meta property=\"og:title\" content=\"Antalya\u2019da EDS\u2019ler aktif oldu mu? S\u00fcr\u00fcc\u00fcleri heyecanland\u0131ran g\u00f6r\u00fcnt\u00fcler!\" \/>\n<meta property=\"og:description\" content=\"Antalya&#8217;da 2017 y\u0131l\u0131nda &#8216;7 ayda tamamlan\u0131p devreye al\u0131nacak&#8217; denilen ve y\u0131lan hikayesine d\u00f6nerek bir t\u00fcrl\u00fc tamamlanamayan Elektronik Denetleme Sistemi (EDS) projesi krizi devam ediyor. S\u00fcr\u00fcc\u00fcler aras\u0131nda b\u00fcy\u00fck bir bilmeceye d\u00f6n\u00fc\u015fen EDS\u2019lerin ne zaman aktif edilece\u011fi bilinmezken, EDS direklerinde \u00e7ekilen baz\u0131 foto\u011fraflar \u201caktif oldu mu\u201d sorusunu g\u00fcndeme getirdi. KAMERALAR HAZIR Kara yollar\u0131nda g\u00fcvenli\u011fi sa\u011flamak, kazalar\u0131 \u00f6nlemek, kural ihlallerini tespit etmek amac\u0131yla ba\u015flat\u0131lan EDS&#8217;nin Antalya&#8217;da hayata ge\u00e7irilmesi i\u00e7in d\u00f6nemin B\u00fcy\u00fck\u015fehir Belediye Ba\u015fkan\u0131 Menderes T\u00fcrel taraf\u0131ndan 2017 y\u0131l\u0131nda \u00e7al\u0131\u015fma ba\u015flat\u0131ld\u0131. Antalya Emniyet M\u00fcd\u00fcrl\u00fc\u011f\u00fc ile ortakla\u015fa y\u00fcr\u00fct\u00fclen \u00e7al\u0131\u015fmalar kapsam\u0131nda bir\u00e7ok kav\u015fak ve \u00fcst ge\u00e7it, kameralarla donat\u0131ld\u0131. YILAN H\u0130KAYES\u0130NE D\u00d6ND\u00dc &#8216;7 ayda tamamlan\u0131p devreye al\u0131nacak&#8217; denilen sistem, B\u00fcy\u00fck\u015fehir Belediyesi taraf\u0131ndan 14 milyon avro bedelle ihale edildi. EDS sisteminin y\u00fczde 95&#8217;i 1 y\u0131l sonra 2018 y\u0131l\u0131nda tamamland\u0131. 2019 y\u0131l\u0131nda hizmete girmesi beklenen sistemin a\u00e7\u0131l\u0131\u015f\u0131, kentte adeta bir y\u0131lan hikayesine d\u00f6nd\u00fc. BELED\u0130YEYE GEL\u0130R KAPISI Antalya K\u00f6rfez Gazetesi muhabiri Ertu\u011frul G\u00fcn&#8217;\u00fcn haberine g\u00f6re; Sistemin devreye girmesiyle Ba\u015fkan Menderes T\u00fcrel\u2019in oy kayb\u0131na neden olaca\u011f\u0131 ifade edilen EDS sistemi, yerel se\u00e7im s\u00fcrecinin ba\u015flamas\u0131 nedeniyle ertelendi. Ard\u0131ndan ise Muhittin B\u00f6cek\u2019in belediye ba\u015fkanl\u0131\u011f\u0131n\u0131 kazanmas\u0131n\u0131n ard\u0131ndan sistemin k\u0131sa s\u00fcrede hizmete a\u00e7\u0131laca\u011f\u0131 ve belediyeye gelir sa\u011flanaca\u011f\u0131 a\u00e7\u0131kland\u0131. Ancak Ba\u015fkan B\u00f6cek\u2019in ilk d\u00f6nemi olan 5 y\u0131ll\u0131k s\u00fcrede de sistem devreye girmedi. NE ZAMAN DEVREYE G\u0130RECEK &hellip;\" \/>\n<meta property=\"og:url\" content=\"https:\/\/denizcankizil.tr\/en\/haberler\/gundem\/antalyada-edsler-aktif-oldu-mu-suruculeri-heyecanlandiran-goruntuler\/\" \/>\n<meta property=\"og:site_name\" content=\"Av. Deniz Can K\u0131z\u0131l\" \/>\n<meta property=\"article:published_time\" content=\"2025-05-22T10:41:47+00:00\" \/>\n<meta name=\"author\" content=\"Antalya K\u00f6rfez\" \/>\n<meta name=\"twitter:card\" content=\"summary_large_image\" \/>\n<meta name=\"twitter:label1\" content=\"Written by\" \/>\n\t<meta name=\"twitter:data1\" content=\"Antalya K\u00f6rfez\" \/>\n\t<meta name=\"twitter:label2\" content=\"Estimated reading time\" \/>\n\t<meta name=\"twitter:data2\" content=\"3 minutes\" \/>\n<script type=\"application\/ld+json\" class=\"yoast-schema-graph\">{\"@context\":\"https:\/\/schema.org\",\"@graph\":[{\"@type\":\"Article\",\"@id\":\"https:\/\/denizcankizil.tr\/ru\/haberler\/gundem\/antalyada-edsler-aktif-oldu-mu-suruculeri-heyecanlandiran-goruntuler\/#article\",\"isPartOf\":{\"@id\":\"https:\/\/denizcankizil.tr\/ru\/haberler\/gundem\/antalyada-edsler-aktif-oldu-mu-suruculeri-heyecanlandiran-goruntuler\/\"},\"author\":{\"name\":\"Antalya K\u00f6rfez\",\"@id\":\"https:\/\/denizcankizil.tr\/de\/#\/schema\/person\/e1eb71bb4dd684d46563f0af307e1234\"},\"headline\":\"Antalya\u2019da EDS\u2019ler aktif oldu mu? S\u00fcr\u00fcc\u00fcleri heyecanland\u0131ran g\u00f6r\u00fcnt\u00fcler!\",\"datePublished\":\"2025-05-22T10:41:47+00:00\",\"mainEntityOfPage\":{\"@id\":\"https:\/\/denizcankizil.tr\/ru\/haberler\/gundem\/antalyada-edsler-aktif-oldu-mu-suruculeri-heyecanlandiran-goruntuler\/\"},\"wordCount\":669,\"publisher\":{\"@id\":\"https:\/\/denizcankizil.tr\/de\/#organization\"},\"articleSection\":[\"G\u00fcndem\"],\"inLanguage\":\"en-GB\"},{\"@type\":\"WebPage\",\"@id\":\"https:\/\/denizcankizil.tr\/ru\/haberler\/gundem\/antalyada-edsler-aktif-oldu-mu-suruculeri-heyecanlandiran-goruntuler\/\",\"url\":\"https:\/\/denizcankizil.tr\/ru\/haberler\/gundem\/antalyada-edsler-aktif-oldu-mu-suruculeri-heyecanlandiran-goruntuler\/\",\"name\":\"Antalya\u2019da EDS\u2019ler aktif oldu mu? S\u00fcr\u00fcc\u00fcleri heyecanland\u0131ran g\u00f6r\u00fcnt\u00fcler! - Av. Deniz Can K\u0131z\u0131l\",\"isPartOf\":{\"@id\":\"https:\/\/denizcankizil.tr\/de\/#website\"},\"datePublished\":\"2025-05-22T10:41:47+00:00\",\"breadcrumb\":{\"@id\":\"https:\/\/denizcankizil.tr\/ru\/haberler\/gundem\/antalyada-edsler-aktif-oldu-mu-suruculeri-heyecanlandiran-goruntuler\/#breadcrumb\"},\"inLanguage\":\"en-GB\",\"potentialAction\":[{\"@type\":\"ReadAction\",\"target\":[\"https:\/\/denizcankizil.tr\/ru\/haberler\/gundem\/antalyada-edsler-aktif-oldu-mu-suruculeri-heyecanlandiran-goruntuler\/\"]}]},{\"@type\":\"BreadcrumbList\",\"@id\":\"https:\/\/denizcankizil.tr\/ru\/haberler\/gundem\/antalyada-edsler-aktif-oldu-mu-suruculeri-heyecanlandiran-goruntuler\/#breadcrumb\",\"itemListElement\":[{\"@type\":\"ListItem\",\"position\":1,\"name\":\"Home\",\"item\":\"https:\/\/denizcankizil.tr\/de\/\"},{\"@type\":\"ListItem\",\"position\":2,\"name\":\"Antalya\u2019da EDS\u2019ler aktif oldu mu? S\u00fcr\u00fcc\u00fcleri heyecanland\u0131ran g\u00f6r\u00fcnt\u00fcler!\"}]},{\"@type\":\"WebSite\",\"@id\":\"https:\/\/denizcankizil.tr\/de\/#website\",\"url\":\"https:\/\/denizcankizil.tr\/de\/\",\"name\":\"Av. Deniz Can K\u0131z\u0131l\",\"description\":\"Avukat Deniz Can K\u0131z\u0131l Antalya Barosu\",\"publisher\":{\"@id\":\"https:\/\/denizcankizil.tr\/de\/#organization\"},\"potentialAction\":[{\"@type\":\"SearchAction\",\"target\":{\"@type\":\"EntryPoint\",\"urlTemplate\":\"https:\/\/denizcankizil.tr\/de\/?s={search_term_string}\"},\"query-input\":{\"@type\":\"PropertyValueSpecification\",\"valueRequired\":true,\"valueName\":\"search_term_string\"}}],\"inLanguage\":\"en-GB\"},{\"@type\":\"Organization\",\"@id\":\"https:\/\/denizcankizil.tr\/de\/#organization\",\"name\":\"Av. Deniz Can K\u0131z\u0131l\",\"url\":\"https:\/\/denizcankizil.tr\/de\/\",\"logo\":{\"@type\":\"ImageObject\",\"inLanguage\":\"en-GB\",\"@id\":\"https:\/\/denizcankizil.tr\/de\/#\/schema\/logo\/image\/\",\"url\":\"https:\/\/denizcankizil.tr\/wp-content\/uploads\/2024\/10\/siyah-logo-svg.svg\",\"contentUrl\":\"https:\/\/denizcankizil.tr\/wp-content\/uploads\/2024\/10\/siyah-logo-svg.svg\",\"width\":1080,\"height\":1080,\"caption\":\"Av. Deniz Can K\u0131z\u0131l\"},\"image\":{\"@id\":\"https:\/\/denizcankizil.tr\/de\/#\/schema\/logo\/image\/\"}},{\"@type\":\"Person\",\"@id\":\"https:\/\/denizcankizil.tr\/de\/#\/schema\/person\/e1eb71bb4dd684d46563f0af307e1234\",\"name\":\"Antalya K\u00f6rfez\",\"image\":{\"@type\":\"ImageObject\",\"inLanguage\":\"en-GB\",\"@id\":\"https:\/\/denizcankizil.tr\/de\/#\/schema\/person\/image\/\",\"url\":\"https:\/\/secure.gravatar.com\/avatar\/42b01982558a48a0b501fdcab6a408d3717ea5919095ee2e67b0e521799c5905?s=96&d=mm&r=g\",\"contentUrl\":\"https:\/\/secure.gravatar.com\/avatar\/42b01982558a48a0b501fdcab6a408d3717ea5919095ee2e67b0e521799c5905?s=96&d=mm&r=g\",\"caption\":\"Antalya K\u00f6rfez\"},\"sameAs\":[\"http:\/\/www.antalyakorfez.com\"],\"url\":\"https:\/\/www.antalyakorfez.com\/antalyada-edsler-aktif-oldu-mu-suruculeri-heyecanlandiran-goruntuler\"}]}<\/script>\n<!-- \/ Yoast SEO Premium plugin. -->","yoast_head_json":{"title":"Antalya\u2019da EDS\u2019ler aktif oldu mu? S\u00fcr\u00fcc\u00fcleri heyecanland\u0131ran g\u00f6r\u00fcnt\u00fcler! - Av. Deniz Can K\u0131z\u0131l","robots":{"index":"index","follow":"follow","max-snippet":"max-snippet:-1","max-image-preview":"max-image-preview:large","max-video-preview":"max-video-preview:-1"},"canonical":"https:\/\/denizcankizil.tr\/en\/haberler\/gundem\/antalyada-edsler-aktif-oldu-mu-suruculeri-heyecanlandiran-goruntuler\/","og_locale":"en_GB","og_type":"article","og_title":"Antalya\u2019da EDS\u2019ler aktif oldu mu? S\u00fcr\u00fcc\u00fcleri heyecanland\u0131ran g\u00f6r\u00fcnt\u00fcler!","og_description":"Antalya&#8217;da 2017 y\u0131l\u0131nda &#8216;7 ayda tamamlan\u0131p devreye al\u0131nacak&#8217; denilen ve y\u0131lan hikayesine d\u00f6nerek bir t\u00fcrl\u00fc tamamlanamayan Elektronik Denetleme Sistemi (EDS) projesi krizi devam ediyor. S\u00fcr\u00fcc\u00fcler aras\u0131nda b\u00fcy\u00fck bir bilmeceye d\u00f6n\u00fc\u015fen EDS\u2019lerin ne zaman aktif edilece\u011fi bilinmezken, EDS direklerinde \u00e7ekilen baz\u0131 foto\u011fraflar \u201caktif oldu mu\u201d sorusunu g\u00fcndeme getirdi. KAMERALAR HAZIR Kara yollar\u0131nda g\u00fcvenli\u011fi sa\u011flamak, kazalar\u0131 \u00f6nlemek, kural ihlallerini tespit etmek amac\u0131yla ba\u015flat\u0131lan EDS&#8217;nin Antalya&#8217;da hayata ge\u00e7irilmesi i\u00e7in d\u00f6nemin B\u00fcy\u00fck\u015fehir Belediye Ba\u015fkan\u0131 Menderes T\u00fcrel taraf\u0131ndan 2017 y\u0131l\u0131nda \u00e7al\u0131\u015fma ba\u015flat\u0131ld\u0131. Antalya Emniyet M\u00fcd\u00fcrl\u00fc\u011f\u00fc ile ortakla\u015fa y\u00fcr\u00fct\u00fclen \u00e7al\u0131\u015fmalar kapsam\u0131nda bir\u00e7ok kav\u015fak ve \u00fcst ge\u00e7it, kameralarla donat\u0131ld\u0131. YILAN H\u0130KAYES\u0130NE D\u00d6ND\u00dc &#8216;7 ayda tamamlan\u0131p devreye al\u0131nacak&#8217; denilen sistem, B\u00fcy\u00fck\u015fehir Belediyesi taraf\u0131ndan 14 milyon avro bedelle ihale edildi. EDS sisteminin y\u00fczde 95&#8217;i 1 y\u0131l sonra 2018 y\u0131l\u0131nda tamamland\u0131. 2019 y\u0131l\u0131nda hizmete girmesi beklenen sistemin a\u00e7\u0131l\u0131\u015f\u0131, kentte adeta bir y\u0131lan hikayesine d\u00f6nd\u00fc. BELED\u0130YEYE GEL\u0130R KAPISI Antalya K\u00f6rfez Gazetesi muhabiri Ertu\u011frul G\u00fcn&#8217;\u00fcn haberine g\u00f6re; Sistemin devreye girmesiyle Ba\u015fkan Menderes T\u00fcrel\u2019in oy kayb\u0131na neden olaca\u011f\u0131 ifade edilen EDS sistemi, yerel se\u00e7im s\u00fcrecinin ba\u015flamas\u0131 nedeniyle ertelendi. Ard\u0131ndan ise Muhittin B\u00f6cek\u2019in belediye ba\u015fkanl\u0131\u011f\u0131n\u0131 kazanmas\u0131n\u0131n ard\u0131ndan sistemin k\u0131sa s\u00fcrede hizmete a\u00e7\u0131laca\u011f\u0131 ve belediyeye gelir sa\u011flanaca\u011f\u0131 a\u00e7\u0131kland\u0131. Ancak Ba\u015fkan B\u00f6cek\u2019in ilk d\u00f6nemi olan 5 y\u0131ll\u0131k s\u00fcrede de sistem devreye girmedi. NE ZAMAN DEVREYE G\u0130RECEK &hellip;","og_url":"https:\/\/denizcankizil.tr\/en\/haberler\/gundem\/antalyada-edsler-aktif-oldu-mu-suruculeri-heyecanlandiran-goruntuler\/","og_site_name":"Av. Deniz Can K\u0131z\u0131l","article_published_time":"2025-05-22T10:41:47+00:00","author":"Antalya K\u00f6rfez","twitter_card":"summary_large_image","twitter_misc":{"Written by":"Antalya K\u00f6rfez","Estimated reading time":"3 minutes"},"schema":{"@context":"https:\/\/schema.org","@graph":[{"@type":"Article","@id":"https:\/\/denizcankizil.tr\/ru\/haberler\/gundem\/antalyada-edsler-aktif-oldu-mu-suruculeri-heyecanlandiran-goruntuler\/#article","isPartOf":{"@id":"https:\/\/denizcankizil.tr\/ru\/haberler\/gundem\/antalyada-edsler-aktif-oldu-mu-suruculeri-heyecanlandiran-goruntuler\/"},"author":{"name":"Antalya K\u00f6rfez","@id":"https:\/\/denizcankizil.tr\/de\/#\/schema\/person\/e1eb71bb4dd684d46563f0af307e1234"},"headline":"Antalya\u2019da EDS\u2019ler aktif oldu mu? S\u00fcr\u00fcc\u00fcleri heyecanland\u0131ran g\u00f6r\u00fcnt\u00fcler!","datePublished":"2025-05-22T10:41:47+00:00","mainEntityOfPage":{"@id":"https:\/\/denizcankizil.tr\/ru\/haberler\/gundem\/antalyada-edsler-aktif-oldu-mu-suruculeri-heyecanlandiran-goruntuler\/"},"wordCount":669,"publisher":{"@id":"https:\/\/denizcankizil.tr\/de\/#organization"},"articleSection":["G\u00fcndem"],"inLanguage":"en-GB"},{"@type":"WebPage","@id":"https:\/\/denizcankizil.tr\/ru\/haberler\/gundem\/antalyada-edsler-aktif-oldu-mu-suruculeri-heyecanlandiran-goruntuler\/","url":"https:\/\/denizcankizil.tr\/ru\/haberler\/gundem\/antalyada-edsler-aktif-oldu-mu-suruculeri-heyecanlandiran-goruntuler\/","name":"Antalya\u2019da EDS\u2019ler aktif oldu mu? S\u00fcr\u00fcc\u00fcleri heyecanland\u0131ran g\u00f6r\u00fcnt\u00fcler! - Av. Deniz Can K\u0131z\u0131l","isPartOf":{"@id":"https:\/\/denizcankizil.tr\/de\/#website"},"datePublished":"2025-05-22T10:41:47+00:00","breadcrumb":{"@id":"https:\/\/denizcankizil.tr\/ru\/haberler\/gundem\/antalyada-edsler-aktif-oldu-mu-suruculeri-heyecanlandiran-goruntuler\/#breadcrumb"},"inLanguage":"en-GB","potentialAction":[{"@type":"ReadAction","target":["https:\/\/denizcankizil.tr\/ru\/haberler\/gundem\/antalyada-edsler-aktif-oldu-mu-suruculeri-heyecanlandiran-goruntuler\/"]}]},{"@type":"BreadcrumbList","@id":"https:\/\/denizcankizil.tr\/ru\/haberler\/gundem\/antalyada-edsler-aktif-oldu-mu-suruculeri-heyecanlandiran-goruntuler\/#breadcrumb","itemListElement":[{"@type":"ListItem","position":1,"name":"Home","item":"https:\/\/denizcankizil.tr\/de\/"},{"@type":"ListItem","position":2,"name":"Antalya\u2019da EDS\u2019ler aktif oldu mu? S\u00fcr\u00fcc\u00fcleri heyecanland\u0131ran g\u00f6r\u00fcnt\u00fcler!"}]},{"@type":"WebSite","@id":"https:\/\/denizcankizil.tr\/de\/#website","url":"https:\/\/denizcankizil.tr\/de\/","name":"Av. Deniz Can K\u0131z\u0131l","description":"Avukat Deniz Can K\u0131z\u0131l Antalya Barosu","publisher":{"@id":"https:\/\/denizcankizil.tr\/de\/#organization"},"potentialAction":[{"@type":"SearchAction","target":{"@type":"EntryPoint","urlTemplate":"https:\/\/denizcankizil.tr\/de\/?s={search_term_string}"},"query-input":{"@type":"PropertyValueSpecification","valueRequired":true,"valueName":"search_term_string"}}],"inLanguage":"en-GB"},{"@type":"Organization","@id":"https:\/\/denizcankizil.tr\/de\/#organization","name":"Av. Deniz Can K\u0131z\u0131l","url":"https:\/\/denizcankizil.tr\/de\/","logo":{"@type":"ImageObject","inLanguage":"en-GB","@id":"https:\/\/denizcankizil.tr\/de\/#\/schema\/logo\/image\/","url":"https:\/\/denizcankizil.tr\/wp-content\/uploads\/2024\/10\/siyah-logo-svg.svg","contentUrl":"https:\/\/denizcankizil.tr\/wp-content\/uploads\/2024\/10\/siyah-logo-svg.svg","width":1080,"height":1080,"caption":"Av. Deniz Can K\u0131z\u0131l"},"image":{"@id":"https:\/\/denizcankizil.tr\/de\/#\/schema\/logo\/image\/"}},{"@type":"Person","@id":"https:\/\/denizcankizil.tr\/de\/#\/schema\/person\/e1eb71bb4dd684d46563f0af307e1234","name":"Antalya K\u00f6rfez","image":{"@type":"ImageObject","inLanguage":"en-GB","@id":"https:\/\/denizcankizil.tr\/de\/#\/schema\/person\/image\/","url":"https:\/\/secure.gravatar.com\/avatar\/42b01982558a48a0b501fdcab6a408d3717ea5919095ee2e67b0e521799c5905?s=96&d=mm&r=g","contentUrl":"https:\/\/secure.gravatar.com\/avatar\/42b01982558a48a0b501fdcab6a408d3717ea5919095ee2e67b0e521799c5905?s=96&d=mm&r=g","caption":"Antalya K\u00f6rfez"},"sameAs":["http:\/\/www.antalyakorfez.com"],"url":"https:\/\/www.antalyakorfez.com\/antalyada-edsler-aktif-oldu-mu-suruculeri-heyecanlandiran-goruntuler"}]}},"_links":{"self":[{"href":"https:\/\/denizcankizil.tr\/en\/wp-json\/wp\/v2\/posts\/94137","targetHints":{"allow":["GET"]}}],"collection":[{"href":"https:\/\/denizcankizil.tr\/en\/wp-json\/wp\/v2\/posts"}],"about":[{"href":"https:\/\/denizcankizil.tr\/en\/wp-json\/wp\/v2\/types\/post"}],"author":[{"embeddable":true,"href":"https:\/\/denizcankizil.tr\/en\/wp-json\/wp\/v2\/users\/5"}],"replies":[{"embeddable":true,"href":"https:\/\/denizcankizil.tr\/en\/wp-json\/wp\/v2\/comments?post=94137"}],"version-history":[{"count":0,"href":"https:\/\/denizcankizil.tr\/en\/wp-json\/wp\/v2\/posts\/94137\/revisions"}],"wp:attachment":[{"href":"https:\/\/denizcankizil.tr\/en\/wp-json\/wp\/v2\/media?parent=94137"}],"wp:term":[{"taxonomy":"category","embeddable":true,"href":"https:\/\/denizcankizil.tr\/en\/wp-json\/wp\/v2\/categories?post=94137"},{"taxonomy":"post_tag","embeddable":true,"href":"https:\/\/denizcankizil.tr\/en\/wp-json\/wp\/v2\/tags?post=94137"}],"curies":[{"name":"wp","href":"https:\/\/api.w.org\/{rel}","templated":true}]}}