{"id":94110,"date":"2025-05-22T12:41:27","date_gmt":"2025-05-22T09:41:27","guid":{"rendered":"https:\/\/denizcankizil.tr\/uncategorized-tr\/akdeniz-universitesinin-mezuniyet-krizi-tbmm-gundeminde\/"},"modified":"2025-05-22T12:41:27","modified_gmt":"2025-05-22T09:41:27","slug":"akdeniz-universitesinin-mezuniyet-krizi-tbmm-gundeminde","status":"publish","type":"post","link":"https:\/\/denizcankizil.tr\/en\/haberler\/gundem\/akdeniz-universitesinin-mezuniyet-krizi-tbmm-gundeminde\/","title":{"rendered":"Akdeniz \u00dcniversitesi\u2019nin mezuniyet krizi TBMM g\u00fcndeminde"},"content":{"rendered":"<p>Akdeniz \u00dcniversite\u2019si bu y\u0131l stadyumda yap\u0131lmas\u0131 planlanan mezuniyet t\u00f6reni ge\u00e7ti\u011fimiz g\u00fcnlerde tasarruf tedbirlerinden dolay\u0131 yap\u0131lamayaca\u011f\u0131n\u0131 \u00f6ne s\u00fcr\u00fclm\u00fc\u015ft\u00fc. \u00d6\u011frencileri hayat k\u0131rk\u0131l\u0131\u011f\u0131na u\u011fratan bu karar, tepkiler neden olurken CHP Antalya Milletvekili Mustafa erdem ise konuyu TBMM g\u00fcndemine ta\u015f\u0131d\u0131.<\/p>\n<p>MEZUN\u0130YET KR\u0130Z\u0130 MECL\u0130STE <\/p>\n<p>Erdem, meclis k\u00fcrs\u00fcs\u00fcnden yapt\u0131\u011f\u0131 a\u00e7\u0131klamada mezuniyet t\u00f6renin iptal edilme nedenin tasarruf tedbirleri olamad\u0131\u011f\u0131n\u0131 esas nedenin h\u00fck\u00fcmetin, \u00f6\u011frencilerin birlikteli\u011fi ve yarat\u0131c\u0131 pankartlar\u0131na olan korkusu oldu\u011funu iddia ederek, \u201cAkdeniz \u00dcniversitesi\u2019nde bu y\u0131l d\u00fczenlenmesi planlanan 40\u2019\u0131nc\u0131 d\u00f6nem mezuniyet t\u00f6reni b\u00fct\u00e7ede tasarrufa gidilece\u011fi gerek\u00e7esiyle iptal edildi. Bu \u00fclkede tasarruf edecek ba\u015fka bir \u015fey bulamad\u0131n\u0131z da \u00f6\u011frencilerin mezuniyet t\u00f6renin tasarruf olarak de\u011ferlendireceksiniz? Yoksa \u00f6\u011frencilerin birlikteli\u011finden ve yarat\u0131c\u0131 pankartlar\u0131ndan m\u0131 korkuluyor? Bu karardan bir an \u00f6nce vazge\u00e7ilmeli ve \u00f6\u011frencilere mezuniyet t\u00f6reni yap\u0131lmal\u0131\u201d dedi.<\/p>\n<p>MEZUN\u0130YET T\u00d6REN\u0130 NEDEN YAPILAMAYACAK? <\/p>\n<p>Akdeniz \u00dcniversitesi ise ge\u00e7ti\u011fimiz g\u00fcnlerde son konusu iddialara cevap vermi\u015fti. \u00dcniversite yapt\u0131\u011f\u0131 a\u00e7\u0131klamada t\u00f6renin iptal edilme nedenini \u00f6\u011frencilere ayr\u0131lan s\u00fcrenin k\u0131s\u0131tl\u0131 oldu\u011funu ve bu y\u00fczden sahneye \u00e7\u0131kan \u00f6\u011frencilerin foto\u011fraf \u00e7ekilmeye bile vakti olmad\u0131\u011f\u0131n\u0131 belirtip, bu y\u0131l bu t\u00fcr olaylar\u0131n ya\u015fanmamas\u0131 ve \u00f6\u011frencilerin mezuniyetlerini daha duygular\u0131n ve derin ya\u015famas\u0131 i\u00e7in b\u00f6yle bir karar ald\u0131klar\u0131n\u0131 belirtmi\u015fti.<\/p>\n<p>AKDEN\u0130Z \u00dcN\u0130VERS\u0130TES\u0130\u2019NDEN YAPILAN A\u00c7IKLAMA<\/p>\n<p>Akdeniz \u00dcniversitesi yapt\u0131\u011f\u0131 a\u00e7\u0131klamada \u015fu ifadeleri kulland\u0131:<\/p>\n<p>MEZUN\u0130YET HEYECANI BU YIL DAHA \u00d6ZEL!<\/p>\n<p>Bu y\u0131l, Akdeniz \u00dcniversitesi olarak mezuniyet sevincini d\u00fcnyan\u0131n se\u00e7kin \u00fcniversitelerinde oldu\u011fu gibi daha samimi, daha \u00f6zel ve unutulmaz k\u0131lmak istedik.<br \/>\nGe\u00e7mi\u015f y\u0131llarda d\u00fczenlenen geni\u015f kat\u0131l\u0131ml\u0131 mezuniyet t\u00f6renlerinde, \u00f6\u011frencilerimizden en s\u0131k ald\u0131\u011f\u0131m\u0131z geri bildirim, bireysel temsiliyetin s\u0131n\u0131rl\u0131 kalmas\u0131yd\u0131. Sahneye h\u0131zl\u0131 \u00e7\u0131k\u0131\u015flar, isimlerin aceleyle okunmas\u0131, foto\u011fraf \u00e7ekimi i\u00e7in yeterli zaman\u0131n olmamas\u0131 ve ailelerin uzakta konumlanmas\u0131 gibi durumlar, bu \u00f6zel g\u00fcn\u00fcn ruhunu g\u00f6lgede b\u0131rakabiliyordu.<br \/>\nBu nedenle bu y\u0131l genel bir t\u00f6ren yerine, bir\u00e7ok sayg\u0131n \u00fcniversitede oldu\u011fu gibi her fak\u00fcltemiz ve meslek y\u00fcksekokulumuz, kendi \u00f6\u011frencileri i\u00e7in \u00f6zel mezuniyet t\u00f6renleri d\u00fczenleyecek. Yani bu y\u0131l her \u00f6\u011frencimizin kendine ait bir sahnesi olacak.<br \/>\nVe her aile, evlad\u0131n\u0131n gurur an\u0131na yak\u0131ndan tan\u0131kl\u0131k edebilecek.<br \/>\nHer bir mezunumuz, ad\u0131yla sahneye davet edilecek; hocalar\u0131n\u0131n alk\u0131\u015flar\u0131 e\u015fli\u011finde diplomas\u0131n\u0131 alacak. O an sadece bir ge\u00e7i\u015f de\u011fil, y\u0131llar\u0131n eme\u011finin, hayallerin ve fedak\u00e2rl\u0131\u011f\u0131n anlam buldu\u011fu bir hat\u0131raya d\u00f6n\u00fc\u015fecek.<br \/>\n\u00c7\u00fcnk\u00fc bu sadece bir t\u00f6ren de\u011fil; emeklerin, dostluklar\u0131n ve nice g\u00fczel an\u0131n\u0131n kutlamas\u0131d\u0131r. T\u00fcm birimlerimize, bu anlar\u0131 daha da \u00f6zel k\u0131lacak imk\u00e2nlar sa\u011flanmaktad\u0131r.<br \/>\nHer fak\u00fcltemiz ve meslek y\u00fcksekokulumuz, kendi k\u00fclt\u00fcr\u00fcne uygun, yarat\u0131c\u0131 ve \u00f6\u011frenci merkezli kutlamalar ger\u00e7ekle\u015ftirecek.<br \/>\nT\u00fcm mezunlar\u0131m\u0131za \u015fimdiden g\u00f6n\u00fclden ba\u015far\u0131lar diliyor, bu heyecana ortak olan k\u0131ymetli ailelerimizi sevgiyle selaml\u0131yoruz.<\/p>\n<p>\u200bAkdeniz \u00dcniversitesi, mezuniyet t\u00f6reninin bu y\u0131l  tasarruf tedbirlerinden dolay\u0131s\u0131yla iptal edildi\u011fi a\u00e7\u0131klad\u0131. Akdeniz \u00dcniversitesi\u2019nden yap\u0131lan a\u00e7\u0131klamada her fak\u00fclte i\u00e7in ayr\u0131 ayr\u0131 t\u00f6ren d\u00fczenlenece\u011fi duyuruldu. CHP Antalya Milletvekili Mustafa Erdem ise mezuniyet krizini TBMM g\u00fcndemine ta\u015f\u0131d\u0131.\u00a0<\/p>\n<p>\u200bHaberin Al\u0131nt\u0131land\u0131\u011f\u0131 Kaynak: www.antalyakorfez.com<\/p>","protected":false},"excerpt":{"rendered":"<p>Akdeniz \u00dcniversite\u2019si bu y\u0131l stadyumda yap\u0131lmas\u0131 planlanan mezuniyet t\u00f6reni ge\u00e7ti\u011fimiz g\u00fcnlerde tasarruf tedbirlerinden dolay\u0131 yap\u0131lamayaca\u011f\u0131n\u0131 \u00f6ne s\u00fcr\u00fclm\u00fc\u015ft\u00fc. \u00d6\u011frencileri hayat k\u0131rk\u0131l\u0131\u011f\u0131na u\u011fratan bu karar, tepkiler neden olurken CHP Antalya Milletvekili Mustafa erdem ise konuyu TBMM g\u00fcndemine ta\u015f\u0131d\u0131. MEZUN\u0130YET KR\u0130Z\u0130 MECL\u0130STE Erdem, meclis k\u00fcrs\u00fcs\u00fcnden yapt\u0131\u011f\u0131 a\u00e7\u0131klamada mezuniyet t\u00f6renin iptal edilme nedenin tasarruf tedbirleri olamad\u0131\u011f\u0131n\u0131 esas nedenin h\u00fck\u00fcmetin, \u00f6\u011frencilerin birlikteli\u011fi ve yarat\u0131c\u0131 pankartlar\u0131na olan korkusu oldu\u011funu iddia ederek, \u201cAkdeniz \u00dcniversitesi\u2019nde bu y\u0131l d\u00fczenlenmesi planlanan 40\u2019\u0131nc\u0131 d\u00f6nem mezuniyet t\u00f6reni b\u00fct\u00e7ede tasarrufa gidilece\u011fi gerek\u00e7esiyle iptal edildi. Bu \u00fclkede tasarruf edecek ba\u015fka bir \u015fey bulamad\u0131n\u0131z da \u00f6\u011frencilerin mezuniyet t\u00f6renin tasarruf olarak de\u011ferlendireceksiniz? Yoksa \u00f6\u011frencilerin birlikteli\u011finden ve yarat\u0131c\u0131 pankartlar\u0131ndan m\u0131 korkuluyor? Bu karardan bir an \u00f6nce vazge\u00e7ilmeli ve \u00f6\u011frencilere mezuniyet t\u00f6reni yap\u0131lmal\u0131\u201d dedi. MEZUN\u0130YET T\u00d6REN\u0130 NEDEN YAPILAMAYACAK? Akdeniz \u00dcniversitesi ise ge\u00e7ti\u011fimiz g\u00fcnlerde son konusu iddialara cevap vermi\u015fti. \u00dcniversite yapt\u0131\u011f\u0131 a\u00e7\u0131klamada t\u00f6renin iptal edilme nedenini \u00f6\u011frencilere ayr\u0131lan s\u00fcrenin k\u0131s\u0131tl\u0131 oldu\u011funu ve bu y\u00fczden sahneye \u00e7\u0131kan \u00f6\u011frencilerin foto\u011fraf \u00e7ekilmeye bile vakti olmad\u0131\u011f\u0131n\u0131 belirtip, bu y\u0131l bu t\u00fcr olaylar\u0131n ya\u015fanmamas\u0131 ve \u00f6\u011frencilerin mezuniyetlerini daha duygular\u0131n ve derin ya\u015famas\u0131 i\u00e7in b\u00f6yle bir karar ald\u0131klar\u0131n\u0131 belirtmi\u015fti. AKDEN\u0130Z \u00dcN\u0130VERS\u0130TES\u0130\u2019NDEN YAPILAN A\u00c7IKLAMA Akdeniz \u00dcniversitesi yapt\u0131\u011f\u0131 a\u00e7\u0131klamada \u015fu ifadeleri kulland\u0131: MEZUN\u0130YET HEYECANI BU YIL DAHA \u00d6ZEL! Bu y\u0131l, Akdeniz \u00dcniversitesi olarak mezuniyet sevincini d\u00fcnyan\u0131n se\u00e7kin &hellip;<\/p>","protected":false},"author":5,"featured_media":0,"comment_status":"","ping_status":"open","sticky":false,"template":"","format":"standard","meta":{"_acf_changed":false,"footnotes":""},"categories":[24],"tags":[],"class_list":["post-94110","post","type-post","status-publish","format-standard","has-post-thumbnail","hentry","category-gundem"],"acf":[],"yoast_head":"<!-- This site is optimized with the Yoast SEO Premium plugin v26.6 (Yoast SEO v27.1.1) - https:\/\/yoast.com\/product\/yoast-seo-premium-wordpress\/ -->\n<title>Akdeniz \u00dcniversitesi\u2019nin mezuniyet krizi TBMM g\u00fcndeminde - Av. Deniz Can K\u0131z\u0131l<\/title>\n<meta name=\"robots\" content=\"index, follow, max-snippet:-1, max-image-preview:large, max-video-preview:-1\" \/>\n<link rel=\"canonical\" href=\"https:\/\/denizcankizil.tr\/en\/haberler\/gundem\/akdeniz-universitesinin-mezuniyet-krizi-tbmm-gundeminde\/\" \/>\n<meta property=\"og:locale\" content=\"en_GB\" \/>\n<meta property=\"og:type\" content=\"article\" \/>\n<meta property=\"og:title\" content=\"Akdeniz \u00dcniversitesi\u2019nin mezuniyet krizi TBMM g\u00fcndeminde\" \/>\n<meta property=\"og:description\" content=\"Akdeniz \u00dcniversite\u2019si bu y\u0131l stadyumda yap\u0131lmas\u0131 planlanan mezuniyet t\u00f6reni ge\u00e7ti\u011fimiz g\u00fcnlerde tasarruf tedbirlerinden dolay\u0131 yap\u0131lamayaca\u011f\u0131n\u0131 \u00f6ne s\u00fcr\u00fclm\u00fc\u015ft\u00fc. \u00d6\u011frencileri hayat k\u0131rk\u0131l\u0131\u011f\u0131na u\u011fratan bu karar, tepkiler neden olurken CHP Antalya Milletvekili Mustafa erdem ise konuyu TBMM g\u00fcndemine ta\u015f\u0131d\u0131. MEZUN\u0130YET KR\u0130Z\u0130 MECL\u0130STE Erdem, meclis k\u00fcrs\u00fcs\u00fcnden yapt\u0131\u011f\u0131 a\u00e7\u0131klamada mezuniyet t\u00f6renin iptal edilme nedenin tasarruf tedbirleri olamad\u0131\u011f\u0131n\u0131 esas nedenin h\u00fck\u00fcmetin, \u00f6\u011frencilerin birlikteli\u011fi ve yarat\u0131c\u0131 pankartlar\u0131na olan korkusu oldu\u011funu iddia ederek, \u201cAkdeniz \u00dcniversitesi\u2019nde bu y\u0131l d\u00fczenlenmesi planlanan 40\u2019\u0131nc\u0131 d\u00f6nem mezuniyet t\u00f6reni b\u00fct\u00e7ede tasarrufa gidilece\u011fi gerek\u00e7esiyle iptal edildi. Bu \u00fclkede tasarruf edecek ba\u015fka bir \u015fey bulamad\u0131n\u0131z da \u00f6\u011frencilerin mezuniyet t\u00f6renin tasarruf olarak de\u011ferlendireceksiniz? Yoksa \u00f6\u011frencilerin birlikteli\u011finden ve yarat\u0131c\u0131 pankartlar\u0131ndan m\u0131 korkuluyor? Bu karardan bir an \u00f6nce vazge\u00e7ilmeli ve \u00f6\u011frencilere mezuniyet t\u00f6reni yap\u0131lmal\u0131\u201d dedi. MEZUN\u0130YET T\u00d6REN\u0130 NEDEN YAPILAMAYACAK? Akdeniz \u00dcniversitesi ise ge\u00e7ti\u011fimiz g\u00fcnlerde son konusu iddialara cevap vermi\u015fti. \u00dcniversite yapt\u0131\u011f\u0131 a\u00e7\u0131klamada t\u00f6renin iptal edilme nedenini \u00f6\u011frencilere ayr\u0131lan s\u00fcrenin k\u0131s\u0131tl\u0131 oldu\u011funu ve bu y\u00fczden sahneye \u00e7\u0131kan \u00f6\u011frencilerin foto\u011fraf \u00e7ekilmeye bile vakti olmad\u0131\u011f\u0131n\u0131 belirtip, bu y\u0131l bu t\u00fcr olaylar\u0131n ya\u015fanmamas\u0131 ve \u00f6\u011frencilerin mezuniyetlerini daha duygular\u0131n ve derin ya\u015famas\u0131 i\u00e7in b\u00f6yle bir karar ald\u0131klar\u0131n\u0131 belirtmi\u015fti. AKDEN\u0130Z \u00dcN\u0130VERS\u0130TES\u0130\u2019NDEN YAPILAN A\u00c7IKLAMA Akdeniz \u00dcniversitesi yapt\u0131\u011f\u0131 a\u00e7\u0131klamada \u015fu ifadeleri kulland\u0131: MEZUN\u0130YET HEYECANI BU YIL DAHA \u00d6ZEL! Bu y\u0131l, Akdeniz \u00dcniversitesi olarak mezuniyet sevincini d\u00fcnyan\u0131n se\u00e7kin &hellip;\" \/>\n<meta property=\"og:url\" content=\"https:\/\/denizcankizil.tr\/en\/haberler\/gundem\/akdeniz-universitesinin-mezuniyet-krizi-tbmm-gundeminde\/\" \/>\n<meta property=\"og:site_name\" content=\"Av. Deniz Can K\u0131z\u0131l\" \/>\n<meta property=\"article:published_time\" content=\"2025-05-22T09:41:27+00:00\" \/>\n<meta name=\"author\" content=\"Antalya K\u00f6rfez\" \/>\n<meta name=\"twitter:card\" content=\"summary_large_image\" \/>\n<meta name=\"twitter:label1\" content=\"Written by\" \/>\n\t<meta name=\"twitter:data1\" content=\"Antalya K\u00f6rfez\" \/>\n\t<meta name=\"twitter:label2\" content=\"Estimated reading time\" \/>\n\t<meta name=\"twitter:data2\" content=\"3 minutes\" \/>\n<script type=\"application\/ld+json\" class=\"yoast-schema-graph\">{\"@context\":\"https:\/\/schema.org\",\"@graph\":[{\"@type\":\"Article\",\"@id\":\"https:\/\/denizcankizil.tr\/ru\/haberler\/gundem\/akdeniz-universitesinin-mezuniyet-krizi-tbmm-gundeminde\/#article\",\"isPartOf\":{\"@id\":\"https:\/\/denizcankizil.tr\/ru\/haberler\/gundem\/akdeniz-universitesinin-mezuniyet-krizi-tbmm-gundeminde\/\"},\"author\":{\"name\":\"Antalya K\u00f6rfez\",\"@id\":\"https:\/\/denizcankizil.tr\/de\/#\/schema\/person\/e1eb71bb4dd684d46563f0af307e1234\"},\"headline\":\"Akdeniz \u00dcniversitesi\u2019nin mezuniyet krizi TBMM g\u00fcndeminde\",\"datePublished\":\"2025-05-22T09:41:27+00:00\",\"mainEntityOfPage\":{\"@id\":\"https:\/\/denizcankizil.tr\/ru\/haberler\/gundem\/akdeniz-universitesinin-mezuniyet-krizi-tbmm-gundeminde\/\"},\"wordCount\":621,\"publisher\":{\"@id\":\"https:\/\/denizcankizil.tr\/de\/#organization\"},\"articleSection\":[\"G\u00fcndem\"],\"inLanguage\":\"en-GB\"},{\"@type\":\"WebPage\",\"@id\":\"https:\/\/denizcankizil.tr\/ru\/haberler\/gundem\/akdeniz-universitesinin-mezuniyet-krizi-tbmm-gundeminde\/\",\"url\":\"https:\/\/denizcankizil.tr\/ru\/haberler\/gundem\/akdeniz-universitesinin-mezuniyet-krizi-tbmm-gundeminde\/\",\"name\":\"Akdeniz \u00dcniversitesi\u2019nin mezuniyet krizi TBMM g\u00fcndeminde - Av. Deniz Can K\u0131z\u0131l\",\"isPartOf\":{\"@id\":\"https:\/\/denizcankizil.tr\/de\/#website\"},\"datePublished\":\"2025-05-22T09:41:27+00:00\",\"breadcrumb\":{\"@id\":\"https:\/\/denizcankizil.tr\/ru\/haberler\/gundem\/akdeniz-universitesinin-mezuniyet-krizi-tbmm-gundeminde\/#breadcrumb\"},\"inLanguage\":\"en-GB\",\"potentialAction\":[{\"@type\":\"ReadAction\",\"target\":[\"https:\/\/denizcankizil.tr\/ru\/haberler\/gundem\/akdeniz-universitesinin-mezuniyet-krizi-tbmm-gundeminde\/\"]}]},{\"@type\":\"BreadcrumbList\",\"@id\":\"https:\/\/denizcankizil.tr\/ru\/haberler\/gundem\/akdeniz-universitesinin-mezuniyet-krizi-tbmm-gundeminde\/#breadcrumb\",\"itemListElement\":[{\"@type\":\"ListItem\",\"position\":1,\"name\":\"Home\",\"item\":\"https:\/\/denizcankizil.tr\/de\/\"},{\"@type\":\"ListItem\",\"position\":2,\"name\":\"Akdeniz \u00dcniversitesi\u2019nin mezuniyet krizi TBMM g\u00fcndeminde\"}]},{\"@type\":\"WebSite\",\"@id\":\"https:\/\/denizcankizil.tr\/de\/#website\",\"url\":\"https:\/\/denizcankizil.tr\/de\/\",\"name\":\"Av. Deniz Can K\u0131z\u0131l\",\"description\":\"Avukat Deniz Can K\u0131z\u0131l Antalya Barosu\",\"publisher\":{\"@id\":\"https:\/\/denizcankizil.tr\/de\/#organization\"},\"potentialAction\":[{\"@type\":\"SearchAction\",\"target\":{\"@type\":\"EntryPoint\",\"urlTemplate\":\"https:\/\/denizcankizil.tr\/de\/?s={search_term_string}\"},\"query-input\":{\"@type\":\"PropertyValueSpecification\",\"valueRequired\":true,\"valueName\":\"search_term_string\"}}],\"inLanguage\":\"en-GB\"},{\"@type\":\"Organization\",\"@id\":\"https:\/\/denizcankizil.tr\/de\/#organization\",\"name\":\"Av. Deniz Can K\u0131z\u0131l\",\"url\":\"https:\/\/denizcankizil.tr\/de\/\",\"logo\":{\"@type\":\"ImageObject\",\"inLanguage\":\"en-GB\",\"@id\":\"https:\/\/denizcankizil.tr\/de\/#\/schema\/logo\/image\/\",\"url\":\"https:\/\/denizcankizil.tr\/wp-content\/uploads\/2024\/10\/siyah-logo-svg.svg\",\"contentUrl\":\"https:\/\/denizcankizil.tr\/wp-content\/uploads\/2024\/10\/siyah-logo-svg.svg\",\"width\":1080,\"height\":1080,\"caption\":\"Av. Deniz Can K\u0131z\u0131l\"},\"image\":{\"@id\":\"https:\/\/denizcankizil.tr\/de\/#\/schema\/logo\/image\/\"}},{\"@type\":\"Person\",\"@id\":\"https:\/\/denizcankizil.tr\/de\/#\/schema\/person\/e1eb71bb4dd684d46563f0af307e1234\",\"name\":\"Antalya K\u00f6rfez\",\"image\":{\"@type\":\"ImageObject\",\"inLanguage\":\"en-GB\",\"@id\":\"https:\/\/denizcankizil.tr\/de\/#\/schema\/person\/image\/\",\"url\":\"https:\/\/secure.gravatar.com\/avatar\/42b01982558a48a0b501fdcab6a408d3717ea5919095ee2e67b0e521799c5905?s=96&d=mm&r=g\",\"contentUrl\":\"https:\/\/secure.gravatar.com\/avatar\/42b01982558a48a0b501fdcab6a408d3717ea5919095ee2e67b0e521799c5905?s=96&d=mm&r=g\",\"caption\":\"Antalya K\u00f6rfez\"},\"sameAs\":[\"http:\/\/www.antalyakorfez.com\"],\"url\":\"https:\/\/www.antalyakorfez.com\/akdeniz-universitesinin-mezuniyet-krizi-tbmm-gundeminde\"}]}<\/script>\n<!-- \/ Yoast SEO Premium plugin. -->","yoast_head_json":{"title":"Akdeniz \u00dcniversitesi\u2019nin mezuniyet krizi TBMM g\u00fcndeminde - Av. Deniz Can K\u0131z\u0131l","robots":{"index":"index","follow":"follow","max-snippet":"max-snippet:-1","max-image-preview":"max-image-preview:large","max-video-preview":"max-video-preview:-1"},"canonical":"https:\/\/denizcankizil.tr\/en\/haberler\/gundem\/akdeniz-universitesinin-mezuniyet-krizi-tbmm-gundeminde\/","og_locale":"en_GB","og_type":"article","og_title":"Akdeniz \u00dcniversitesi\u2019nin mezuniyet krizi TBMM g\u00fcndeminde","og_description":"Akdeniz \u00dcniversite\u2019si bu y\u0131l stadyumda yap\u0131lmas\u0131 planlanan mezuniyet t\u00f6reni ge\u00e7ti\u011fimiz g\u00fcnlerde tasarruf tedbirlerinden dolay\u0131 yap\u0131lamayaca\u011f\u0131n\u0131 \u00f6ne s\u00fcr\u00fclm\u00fc\u015ft\u00fc. \u00d6\u011frencileri hayat k\u0131rk\u0131l\u0131\u011f\u0131na u\u011fratan bu karar, tepkiler neden olurken CHP Antalya Milletvekili Mustafa erdem ise konuyu TBMM g\u00fcndemine ta\u015f\u0131d\u0131. MEZUN\u0130YET KR\u0130Z\u0130 MECL\u0130STE Erdem, meclis k\u00fcrs\u00fcs\u00fcnden yapt\u0131\u011f\u0131 a\u00e7\u0131klamada mezuniyet t\u00f6renin iptal edilme nedenin tasarruf tedbirleri olamad\u0131\u011f\u0131n\u0131 esas nedenin h\u00fck\u00fcmetin, \u00f6\u011frencilerin birlikteli\u011fi ve yarat\u0131c\u0131 pankartlar\u0131na olan korkusu oldu\u011funu iddia ederek, \u201cAkdeniz \u00dcniversitesi\u2019nde bu y\u0131l d\u00fczenlenmesi planlanan 40\u2019\u0131nc\u0131 d\u00f6nem mezuniyet t\u00f6reni b\u00fct\u00e7ede tasarrufa gidilece\u011fi gerek\u00e7esiyle iptal edildi. Bu \u00fclkede tasarruf edecek ba\u015fka bir \u015fey bulamad\u0131n\u0131z da \u00f6\u011frencilerin mezuniyet t\u00f6renin tasarruf olarak de\u011ferlendireceksiniz? Yoksa \u00f6\u011frencilerin birlikteli\u011finden ve yarat\u0131c\u0131 pankartlar\u0131ndan m\u0131 korkuluyor? Bu karardan bir an \u00f6nce vazge\u00e7ilmeli ve \u00f6\u011frencilere mezuniyet t\u00f6reni yap\u0131lmal\u0131\u201d dedi. MEZUN\u0130YET T\u00d6REN\u0130 NEDEN YAPILAMAYACAK? Akdeniz \u00dcniversitesi ise ge\u00e7ti\u011fimiz g\u00fcnlerde son konusu iddialara cevap vermi\u015fti. \u00dcniversite yapt\u0131\u011f\u0131 a\u00e7\u0131klamada t\u00f6renin iptal edilme nedenini \u00f6\u011frencilere ayr\u0131lan s\u00fcrenin k\u0131s\u0131tl\u0131 oldu\u011funu ve bu y\u00fczden sahneye \u00e7\u0131kan \u00f6\u011frencilerin foto\u011fraf \u00e7ekilmeye bile vakti olmad\u0131\u011f\u0131n\u0131 belirtip, bu y\u0131l bu t\u00fcr olaylar\u0131n ya\u015fanmamas\u0131 ve \u00f6\u011frencilerin mezuniyetlerini daha duygular\u0131n ve derin ya\u015famas\u0131 i\u00e7in b\u00f6yle bir karar ald\u0131klar\u0131n\u0131 belirtmi\u015fti. AKDEN\u0130Z \u00dcN\u0130VERS\u0130TES\u0130\u2019NDEN YAPILAN A\u00c7IKLAMA Akdeniz \u00dcniversitesi yapt\u0131\u011f\u0131 a\u00e7\u0131klamada \u015fu ifadeleri kulland\u0131: MEZUN\u0130YET HEYECANI BU YIL DAHA \u00d6ZEL! Bu y\u0131l, Akdeniz \u00dcniversitesi olarak mezuniyet sevincini d\u00fcnyan\u0131n se\u00e7kin &hellip;","og_url":"https:\/\/denizcankizil.tr\/en\/haberler\/gundem\/akdeniz-universitesinin-mezuniyet-krizi-tbmm-gundeminde\/","og_site_name":"Av. Deniz Can K\u0131z\u0131l","article_published_time":"2025-05-22T09:41:27+00:00","author":"Antalya K\u00f6rfez","twitter_card":"summary_large_image","twitter_misc":{"Written by":"Antalya K\u00f6rfez","Estimated reading time":"3 minutes"},"schema":{"@context":"https:\/\/schema.org","@graph":[{"@type":"Article","@id":"https:\/\/denizcankizil.tr\/ru\/haberler\/gundem\/akdeniz-universitesinin-mezuniyet-krizi-tbmm-gundeminde\/#article","isPartOf":{"@id":"https:\/\/denizcankizil.tr\/ru\/haberler\/gundem\/akdeniz-universitesinin-mezuniyet-krizi-tbmm-gundeminde\/"},"author":{"name":"Antalya K\u00f6rfez","@id":"https:\/\/denizcankizil.tr\/de\/#\/schema\/person\/e1eb71bb4dd684d46563f0af307e1234"},"headline":"Akdeniz \u00dcniversitesi\u2019nin mezuniyet krizi TBMM g\u00fcndeminde","datePublished":"2025-05-22T09:41:27+00:00","mainEntityOfPage":{"@id":"https:\/\/denizcankizil.tr\/ru\/haberler\/gundem\/akdeniz-universitesinin-mezuniyet-krizi-tbmm-gundeminde\/"},"wordCount":621,"publisher":{"@id":"https:\/\/denizcankizil.tr\/de\/#organization"},"articleSection":["G\u00fcndem"],"inLanguage":"en-GB"},{"@type":"WebPage","@id":"https:\/\/denizcankizil.tr\/ru\/haberler\/gundem\/akdeniz-universitesinin-mezuniyet-krizi-tbmm-gundeminde\/","url":"https:\/\/denizcankizil.tr\/ru\/haberler\/gundem\/akdeniz-universitesinin-mezuniyet-krizi-tbmm-gundeminde\/","name":"Akdeniz \u00dcniversitesi\u2019nin mezuniyet krizi TBMM g\u00fcndeminde - Av. Deniz Can K\u0131z\u0131l","isPartOf":{"@id":"https:\/\/denizcankizil.tr\/de\/#website"},"datePublished":"2025-05-22T09:41:27+00:00","breadcrumb":{"@id":"https:\/\/denizcankizil.tr\/ru\/haberler\/gundem\/akdeniz-universitesinin-mezuniyet-krizi-tbmm-gundeminde\/#breadcrumb"},"inLanguage":"en-GB","potentialAction":[{"@type":"ReadAction","target":["https:\/\/denizcankizil.tr\/ru\/haberler\/gundem\/akdeniz-universitesinin-mezuniyet-krizi-tbmm-gundeminde\/"]}]},{"@type":"BreadcrumbList","@id":"https:\/\/denizcankizil.tr\/ru\/haberler\/gundem\/akdeniz-universitesinin-mezuniyet-krizi-tbmm-gundeminde\/#breadcrumb","itemListElement":[{"@type":"ListItem","position":1,"name":"Home","item":"https:\/\/denizcankizil.tr\/de\/"},{"@type":"ListItem","position":2,"name":"Akdeniz \u00dcniversitesi\u2019nin mezuniyet krizi TBMM g\u00fcndeminde"}]},{"@type":"WebSite","@id":"https:\/\/denizcankizil.tr\/de\/#website","url":"https:\/\/denizcankizil.tr\/de\/","name":"Av. Deniz Can K\u0131z\u0131l","description":"Avukat Deniz Can K\u0131z\u0131l Antalya Barosu","publisher":{"@id":"https:\/\/denizcankizil.tr\/de\/#organization"},"potentialAction":[{"@type":"SearchAction","target":{"@type":"EntryPoint","urlTemplate":"https:\/\/denizcankizil.tr\/de\/?s={search_term_string}"},"query-input":{"@type":"PropertyValueSpecification","valueRequired":true,"valueName":"search_term_string"}}],"inLanguage":"en-GB"},{"@type":"Organization","@id":"https:\/\/denizcankizil.tr\/de\/#organization","name":"Av. Deniz Can K\u0131z\u0131l","url":"https:\/\/denizcankizil.tr\/de\/","logo":{"@type":"ImageObject","inLanguage":"en-GB","@id":"https:\/\/denizcankizil.tr\/de\/#\/schema\/logo\/image\/","url":"https:\/\/denizcankizil.tr\/wp-content\/uploads\/2024\/10\/siyah-logo-svg.svg","contentUrl":"https:\/\/denizcankizil.tr\/wp-content\/uploads\/2024\/10\/siyah-logo-svg.svg","width":1080,"height":1080,"caption":"Av. Deniz Can K\u0131z\u0131l"},"image":{"@id":"https:\/\/denizcankizil.tr\/de\/#\/schema\/logo\/image\/"}},{"@type":"Person","@id":"https:\/\/denizcankizil.tr\/de\/#\/schema\/person\/e1eb71bb4dd684d46563f0af307e1234","name":"Antalya K\u00f6rfez","image":{"@type":"ImageObject","inLanguage":"en-GB","@id":"https:\/\/denizcankizil.tr\/de\/#\/schema\/person\/image\/","url":"https:\/\/secure.gravatar.com\/avatar\/42b01982558a48a0b501fdcab6a408d3717ea5919095ee2e67b0e521799c5905?s=96&d=mm&r=g","contentUrl":"https:\/\/secure.gravatar.com\/avatar\/42b01982558a48a0b501fdcab6a408d3717ea5919095ee2e67b0e521799c5905?s=96&d=mm&r=g","caption":"Antalya K\u00f6rfez"},"sameAs":["http:\/\/www.antalyakorfez.com"],"url":"https:\/\/www.antalyakorfez.com\/akdeniz-universitesinin-mezuniyet-krizi-tbmm-gundeminde"}]}},"_links":{"self":[{"href":"https:\/\/denizcankizil.tr\/en\/wp-json\/wp\/v2\/posts\/94110","targetHints":{"allow":["GET"]}}],"collection":[{"href":"https:\/\/denizcankizil.tr\/en\/wp-json\/wp\/v2\/posts"}],"about":[{"href":"https:\/\/denizcankizil.tr\/en\/wp-json\/wp\/v2\/types\/post"}],"author":[{"embeddable":true,"href":"https:\/\/denizcankizil.tr\/en\/wp-json\/wp\/v2\/users\/5"}],"replies":[{"embeddable":true,"href":"https:\/\/denizcankizil.tr\/en\/wp-json\/wp\/v2\/comments?post=94110"}],"version-history":[{"count":0,"href":"https:\/\/denizcankizil.tr\/en\/wp-json\/wp\/v2\/posts\/94110\/revisions"}],"wp:attachment":[{"href":"https:\/\/denizcankizil.tr\/en\/wp-json\/wp\/v2\/media?parent=94110"}],"wp:term":[{"taxonomy":"category","embeddable":true,"href":"https:\/\/denizcankizil.tr\/en\/wp-json\/wp\/v2\/categories?post=94110"},{"taxonomy":"post_tag","embeddable":true,"href":"https:\/\/denizcankizil.tr\/en\/wp-json\/wp\/v2\/tags?post=94110"}],"curies":[{"name":"wp","href":"https:\/\/api.w.org\/{rel}","templated":true}]}}