{"id":93996,"date":"2025-05-22T07:41:49","date_gmt":"2025-05-22T04:41:49","guid":{"rendered":"https:\/\/denizcankizil.tr\/uncategorized-tr\/bursada-marmara-denizi-zirvesi\/"},"modified":"2025-05-22T07:41:49","modified_gmt":"2025-05-22T04:41:49","slug":"bursada-marmara-denizi-zirvesi","status":"publish","type":"post","link":"https:\/\/denizcankizil.tr\/en\/haberler\/gundem\/bursada-marmara-denizi-zirvesi\/","title":{"rendered":"Bursa\u2019da &#8216;Marmara Denizi&#8217; zirvesi"},"content":{"rendered":"<p>Marmara Belediyeler Birli\u011fi (MBB) Ba\u015fkan\u0131 ve Bursa B\u00fcy\u00fck\u015fehir Belediye Ba\u015fkan\u0131 Mustafa Bozbey, T\u00fcrkiye\u2019nin kalbi konumunda olan Marmara Denizi\u2019nin binlerce canl\u0131ya hayat verdi\u011fini belirterek, \u00fclkenin her insan\u0131 i\u00e7in ihtiya\u00e7 olan ve \u00f6zen g\u00f6sterilmesi gereken bir alan oldu\u011funu s\u00f6yledi.BURSA (\u0130GFA) &#8211; Bursa B\u00fcy\u00fck\u015fehir Belediyesi taraf\u0131ndan Marmara Denizi\u2019nin kar\u015f\u0131 kar\u015f\u0131ya kald\u0131\u011f\u0131 \u00e7evresel tehditlere dikkat \u00e7ekmek ve m\u00fcsilaj sorununa y\u00f6nelik \u00e7\u00f6z\u00fcm yollar\u0131n\u0131 de\u011ferlendirmek amac\u0131yla \u2018Marmara Denizi\u2019nde M\u00fcsilaj \u0130le M\u00fccadele\u2019 toplant\u0131s\u0131 d\u00fczenlendi.<br \/>\nAtat\u00fcrk K\u00fclt\u00fcr Merkezi Merinos Yerle\u015fkesi\u2019ndeki programa, MBB ve B\u00fcy\u00fck\u015fehir Belediye Ba\u015fkan\u0131 Mustafa Bozbey\u2019in yan\u0131 s\u0131ra CHP Genel Ba\u015fkan Yard\u0131mc\u0131s\u0131 G\u00f6kan Zeybek&#8217;in de haz\u0131r bulundu\u011fu toplant\u0131da \u0130stanbul, Bal\u0131kesir, Tekirda\u011f, \u00c7anakkale ve Yalova\u2019dan gelen belediye y\u00f6neticileri, il\u00e7e belediye ba\u015fkanlar\u0131, meclis \u00fcyeleri, genel sekreter yard\u0131mc\u0131lar\u0131, B\u00fcy\u00fck\u015fehir Belediyesi b\u00fcrokratlar\u0131 da kat\u0131ld\u0131.<br \/>\nMarmara Denizi\u2019ndeki m\u00fcsilaj sorununu ele al\u0131rken, asl\u0131nda milyonlarca insan\u0131n ya\u015fam hakk\u0131n\u0131 ve sa\u011fl\u0131\u011f\u0131n\u0131 da konu\u015fmak i\u00e7in bir araya geldiklerini s\u00f6yleyen Ba\u015fkan Mustafa Bozbey, Marmara\u2019n\u0131n yakla\u015f\u0131k 30 milyon n\u00fcfusa sahip oldu\u011funu, T\u00fcrkiye\u2019nin sanayi potansiyelinin de y\u00fczde 70\u2019ini bar\u0131nd\u0131rd\u0131\u011f\u0131n\u0131 hat\u0131rlatt\u0131.<br \/>\nMarmara\u2019n\u0131n T\u00fcrkiye\u2019nin kalbi olan bir b\u00f6lge oldu\u011funu belirten Ba\u015fkan Mustafa Bozbey, Marmara Denizi\u2019nin ise \u00f6nemli ticaret yollar\u0131n\u0131n ge\u00e7ti\u011fi ve binlerce canl\u0131n\u0131n ya\u015fad\u0131\u011f\u0131 alan oldu\u011funu ifade ederek, \u00f6zellikle 1970\u2019li y\u0131llardan itibaren sanayideki yo\u011funla\u015fma ve n\u00fcfusun artmas\u0131 sebebiyle Marmara Denizi\u2019nin de kirlenmeye ba\u015flad\u0131\u011f\u0131n\u0131 s\u00f6yledi. 2021 y\u0131l\u0131nda ortaya \u00e7\u0131kan m\u00fcsilaj sorunu ile sorunun asl\u0131nda Marmara Denizi\u2019nin \u2018Ben \u00f6l\u00fcyorum. Ben art\u0131k i\u00e7imde canl\u0131 bar\u0131nd\u0131ramayaca\u011f\u0131m. Bu son uyar\u0131md\u0131r\u2019 dedi\u011fi bir s\u00fcre\u00e7 oldu\u011funu belirten Bozbey, &#8220;O zaman bizim akl\u0131m\u0131za Marmara Denizi geldi ve konuyu tart\u0131\u015fmaya ba\u015flad\u0131k. MBB i\u00e7erisinde Bilim Kurulu olu\u015fturuldu. 22 maddelik bir s\u00fcre\u00e7 haritas\u0131 ortaya kondu. Marmara Denizi\u2019ni tekrar kendine getirebilecek 3 \u00f6nemli madde i\u00e7in ise hala sorunlar var. Bu maddelerden bir tanesi ileri biyolojik ar\u0131tma tesislerinin kurulmas\u0131d\u0131r. Bu hem evsel at\u0131klar hem de sanayi at\u0131klar\u0131 i\u00e7in \u00f6nemlidir. Burada \u00fczerimize \u00e7ok b\u00fcy\u00fck sorumluluk d\u00fc\u015f\u00fcyor\u201d diye konu\u015ftu.<\/p>\n<p>\u201cMARMARA DEN\u0130Z\u0130, HEP\u0130M\u0130Z\u0130ND\u0130R\u201d<br \/>\nMBB\u2019nin Bakanl\u0131\u011fa taleplerini iletti\u011fini belirten Ba\u015fkan Bozbey, \u201c\u0130leri biyolojik ar\u0131tma tesislerini belediyeler kursun ancak yer se\u00e7imi konusunda destek olunmas\u0131n\u0131 istedik. \u0130kincisi d\u00f6vizle de\u011fil, TL \u00fczerinden faizsiz bor\u00e7lanmay\u0131 talep ettik. Bu taleplerimizi hala yineliyoruz. Marmara\u2019daki kirlili\u011fin y\u00fczde 60\u2019\u0131 evsel, y\u00fczde 40\u2019\u0131 sanayiden olu\u015fmaktad\u0131r. Bunun i\u00e7in kimyasal ar\u0131tma tesislerine de ihtiya\u00e7 var. Bu konuda hi\u00e7bir haz\u0131rl\u0131k yok. Marmara\u2019y\u0131 havza havza de\u011ferlendirmek zorunday\u0131z&#8221; dedi.<br \/>\nHem evsel hem tar\u0131m hem de sanayiden gelen at\u0131klar Marmara Denizi\u2019ni kirletti\u011fini ifade eden Bozbey, &#8220;Marmara Denizi, hepimizindir. \u00dclkemizin her insan\u0131 i\u00e7in ihtiya\u00e7 olan ve \u00f6zen g\u00f6sterilmesi gereken bir aland\u0131r\u201d vurgusu yapt\u0131.<br \/>\nBursa \u00f6zelinde de Marmara Denizi\u2019nin koruma konusunda tam \u00f6nlem al\u0131nmad\u0131\u011f\u0131n\u0131n alt\u0131n\u0131 \u00e7izen Ba\u015fkan Bozbey, BUSK\u0130 \u00fczerinden y\u00fcr\u00fct\u00fclen projeleri \u00f6nemsediklerini dile getirdi. Bir taraftan tesislerde kapasite art\u0131\u015f\u0131 yaparken, di\u011fer taraftan ileri biyolojik ar\u0131tma tesisleri konusunda projeler geli\u015ftirdiklerini anlatan Ba\u015fkan Bozbey, \u201cEvsel at\u0131klar\u0131n y\u00fczde 100\u2019\u00fcn\u00fc ileri biyolojik ar\u0131tma tesislerinden ge\u00e7irerek Nil\u00fcfer \u00c7ay\u0131\u2019na verme imkan\u0131na sahip olaca\u011f\u0131z. \u00d6n\u00fcm\u00fczdeki s\u00fcre\u00e7te kapasite art\u0131\u015flar\u0131n\u0131n haricinde 7 tane ileri biyolojik ar\u0131tma tesisi de yapmak zorunday\u0131z. Ka\u00e7ak de\u015farjlar\u0131 \u00f6nlememiz laz\u0131m. Yap\u0131lan denetimlerde 155 adet ka\u00e7ak de\u015farja rastlad\u0131k. Bunlar\u0131 betonlad\u0131k, sonu\u00e7lar\u0131n\u0131 arkada\u015flar\u0131m\u0131z takip ediyor&#8221; diye konu\u015ftu.<br \/>\nBozbey, Bursa\u2019n\u0131n sular\u0131, Nil\u00fcfer \u00c7ay\u0131 ve Marmara Denizi konular\u0131nda \u00e7ok hassas olduklar\u0131n\u0131 belirterek, &#8220;Marmara Denizi\u2019nin temiz olmas\u0131n\u0131 arzu ediyoruz\u201d diye konu\u015ftu.<\/p>\n<p>&#8220;M\u00dcS\u0130LAJ ORTADAN KALKTI\u011eINDA DA G\u00dcNDEM\u0130M\u0130ZDEN D\u00dc\u015e\u00dcRMEYECE\u011e\u0130Z&#8221;<br \/>\nCHP Genel Ba\u015fkan Yard\u0131mc\u0131s\u0131 G\u00f6kan Zeybek, Marmara Denizi&#8217;nin h\u0131zl\u0131 bi\u00e7imde b\u00fcy\u00fck bir girdab\u0131n i\u00e7ine sokuldu\u011funu belirterek, &#8220;Bu meselenin asl\u0131nda siyasetin \u00fczerinde de\u011ferlendirilmesi gerekti\u011fini hep vurgulad\u0131k. Marmara Belediyeler Birli\u011fi de konunun \u00e7\u00f6z\u00fcm\u00fc i\u00e7in \u00f6nemli \u00e7al\u0131\u015fmalar yapm\u0131\u015ft\u0131r. Bu mevsimde ortaya \u00e7\u0131kan m\u00fcsilaj bir iki ay sonra ortadan kalkt\u0131\u011f\u0131nda da g\u00fcndemimizden asla d\u00fc\u015f\u00fcrmeyece\u011fiz&#8221; dedi.  Zeybek, \u00e7evre konular\u0131yla ilgili T\u00fcrkiye\u2019de kimin, ne alanda, ne kadar yetkisi oldu\u011fu konusunda yeni bir yasal d\u00fczenlemeye ihtiya\u00e7 oldu\u011funu s\u00f6yledi.<\/p>\n<p>\u200bMarmara Belediyeler Birli\u011fi (MBB) Ba\u015fkan\u0131 ve Bursa B\u00fcy\u00fck\u015fehir Belediye Ba\u015fkan\u0131 Mustafa Bozbey, T\u00fcrkiye\u2019nin kalbi konumunda olan Marmara Denizi\u2019nin binlerce canl\u0131ya hayat verdi\u011fini belirterek, \u00fclkenin her insan\u0131 i\u00e7in ihtiya\u00e7 olan ve \u00f6zen g\u00f6sterilmesi gereken bir alan oldu\u011funu s\u00f6yledi.BURSA (\u0130GFA) &#8211; Bursa B\u00fcy\u00fck\u015fehir Belediyesi taraf\u0131ndan Marmara Denizi\u2019nin kar\u015f\u0131 kar\u015f\u0131ya kald\u0131\u011f\u0131 \u00e7evresel tehditlere dikkat \u00e7ekmek ve m\u00fcsilaj sorununa y\u00f6nelik \u00e7\u00f6z\u00fcm yollar\u0131n\u0131 de\u011ferlendirmek amac\u0131yla \u2018Marmara Denizi\u2019nde M\u00fcsilaj \u0130le M\u00fccadele\u2019 toplant\u0131s\u0131 d\u00fczenlendi.<br \/>\nAtat\u00fcrk K\u00fclt\u00fcr Merkezi Merinos Yerle\u015fkesi\u2019ndeki programa, MBB ve B\u00fcy\u00fck\u015fehir Belediye Ba\u015fkan\u0131 Mustafa Bozbey\u2019in yan\u0131 s\u0131ra CHP Genel Ba\u015fkan Yard\u0131mc\u0131s\u0131 G\u00f6kan Zeybek&#8217;in de haz\u0131r bulundu\u011fu toplant\u0131da \u0130stanbul, Bal\u0131kesir, Tekirda\u011f, \u00c7anakkale ve Yalova\u2019dan gelen belediye y\u00f6neticileri, il\u00e7e belediye ba\u015fkanlar\u0131, meclis \u00fcyeleri, genel sekreter yard\u0131mc\u0131lar\u0131, B\u00fcy\u00fck\u015fehir Belediyesi b\u00fcrokratlar\u0131 da kat\u0131ld\u0131.<br \/>\nMarmara Denizi\u2019ndeki m\u00fcsilaj sorununu ele al\u0131rken, asl\u0131nda milyonlarca insan\u0131n ya\u015fam hakk\u0131n\u0131 ve sa\u011fl\u0131\u011f\u0131n\u0131 da konu\u015fmak i\u00e7in bir araya geldiklerini s\u00f6yleyen Ba\u015fkan Mustafa Bozbey, Marmara\u2019n\u0131n yakla\u015f\u0131k 30 milyon n\u00fcfusa sahip oldu\u011funu, T\u00fcrkiye\u2019nin sanayi potansiyelinin de y\u00fczde 70\u2019ini bar\u0131nd\u0131rd\u0131\u011f\u0131n\u0131 hat\u0131rlatt\u0131.<br \/>\nMarmara\u2019n\u0131n T\u00fcrkiye\u2019nin kalbi olan bir b\u00f6lge oldu\u011funu belirten Ba\u015fkan Mustafa Bozbey, Marmara Denizi\u2019nin ise \u00f6nemli ticaret yollar\u0131n\u0131n ge\u00e7ti\u011fi ve binlerce canl\u0131n\u0131n ya\u015fad\u0131\u011f\u0131 alan oldu\u011funu ifade ederek, \u00f6zellikle 1970\u2019li y\u0131llardan itibaren sanayideki yo\u011funla\u015fma ve n\u00fcfusun artmas\u0131 sebebiyle Marmara Denizi\u2019nin de kirlenmeye ba\u015flad\u0131\u011f\u0131n\u0131 s\u00f6yledi. 2021 y\u0131l\u0131nda ortaya \u00e7\u0131kan m\u00fcsilaj sorunu ile sorunun asl\u0131nda Marmara Denizi\u2019nin \u2018Ben \u00f6l\u00fcyorum. Ben art\u0131k i\u00e7imde canl\u0131 bar\u0131nd\u0131ramayaca\u011f\u0131m. Bu son uyar\u0131md\u0131r\u2019 dedi\u011fi bir s\u00fcre\u00e7 oldu\u011funu belirten Bozbey, &#8220;O zaman bizim akl\u0131m\u0131za Marmara Denizi geldi ve konuyu tart\u0131\u015fmaya ba\u015flad\u0131k. MBB i\u00e7erisinde Bilim Kurulu olu\u015fturuldu. 22 maddelik bir s\u00fcre\u00e7 haritas\u0131 ortaya kondu. Marmara Denizi\u2019ni tekrar kendine getirebilecek 3 \u00f6nemli madde i\u00e7in ise hala sorunlar var. Bu maddelerden bir tanesi ileri biyolojik ar\u0131tma tesislerinin kurulmas\u0131d\u0131r. Bu hem evsel at\u0131klar hem de sanayi at\u0131klar\u0131 i\u00e7in \u00f6nemlidir. Burada \u00fczerimize \u00e7ok b\u00fcy\u00fck sorumluluk d\u00fc\u015f\u00fcyor\u201d diye konu\u015ftu.<\/p>\n<p>\u201cMARMARA DEN\u0130Z\u0130, HEP\u0130M\u0130Z\u0130ND\u0130R\u201d<br \/>\nMBB\u2019nin Bakanl\u0131\u011fa taleplerini iletti\u011fini belirten Ba\u015fkan Bozbey, \u201c\u0130leri biyolojik ar\u0131tma tesislerini belediyeler kursun ancak yer se\u00e7imi konusunda destek olunmas\u0131n\u0131 istedik. \u0130kincisi d\u00f6vizle de\u011fil, TL \u00fczerinden faizsiz bor\u00e7lanmay\u0131 talep ettik. Bu taleplerimizi hala yineliyoruz. Marmara\u2019daki kirlili\u011fin y\u00fczde 60\u2019\u0131 evsel, y\u00fczde 40\u2019\u0131 sanayiden olu\u015fmaktad\u0131r. Bunun i\u00e7in kimyasal ar\u0131tma tesislerine de ihtiya\u00e7 var. Bu konuda hi\u00e7bir haz\u0131rl\u0131k yok. Marmara\u2019y\u0131 havza havza de\u011ferlendirmek zorunday\u0131z&#8221; dedi.<br \/>\nHem evsel hem tar\u0131m hem de sanayiden gelen at\u0131klar Marmara Denizi\u2019ni kirletti\u011fini ifade eden Bozbey, &#8220;Marmara Denizi, hepimizindir. \u00dclkemizin her insan\u0131 i\u00e7in ihtiya\u00e7 olan ve \u00f6zen g\u00f6sterilmesi gereken bir aland\u0131r\u201d vurgusu yapt\u0131.<br \/>\nBursa \u00f6zelinde de Marmara Denizi\u2019nin koruma konusunda tam \u00f6nlem al\u0131nmad\u0131\u011f\u0131n\u0131n alt\u0131n\u0131 \u00e7izen Ba\u015fkan Bozbey, BUSK\u0130 \u00fczerinden y\u00fcr\u00fct\u00fclen projeleri \u00f6nemsediklerini dile getirdi. Bir taraftan tesislerde kapasite art\u0131\u015f\u0131 yaparken, di\u011fer taraftan ileri biyolojik ar\u0131tma tesisleri konusunda projeler geli\u015ftirdiklerini anlatan Ba\u015fkan Bozbey, \u201cEvsel at\u0131klar\u0131n y\u00fczde 100\u2019\u00fcn\u00fc ileri biyolojik ar\u0131tma tesislerinden ge\u00e7irerek Nil\u00fcfer \u00c7ay\u0131\u2019na verme imkan\u0131na sahip olaca\u011f\u0131z. \u00d6n\u00fcm\u00fczdeki s\u00fcre\u00e7te kapasite art\u0131\u015flar\u0131n\u0131n haricinde 7 tane ileri biyolojik ar\u0131tma tesisi de yapmak zorunday\u0131z. Ka\u00e7ak de\u015farjlar\u0131 \u00f6nlememiz laz\u0131m. Yap\u0131lan denetimlerde 155 adet ka\u00e7ak de\u015farja rastlad\u0131k. Bunlar\u0131 betonlad\u0131k, sonu\u00e7lar\u0131n\u0131 arkada\u015flar\u0131m\u0131z takip ediyor&#8221; diye konu\u015ftu.<br \/>\nBozbey, Bursa\u2019n\u0131n sular\u0131, Nil\u00fcfer \u00c7ay\u0131 ve Marmara Denizi konular\u0131nda \u00e7ok hassas olduklar\u0131n\u0131 belirterek, &#8220;Marmara Denizi\u2019nin temiz olmas\u0131n\u0131 arzu ediyoruz\u201d diye konu\u015ftu.<\/p>\n<p>&#8220;M\u00dcS\u0130LAJ ORTADAN KALKTI\u011eINDA DA G\u00dcNDEM\u0130M\u0130ZDEN D\u00dc\u015e\u00dcRMEYECE\u011e\u0130Z&#8221;<br \/>\nCHP Genel Ba\u015fkan Yard\u0131mc\u0131s\u0131 G\u00f6kan Zeybek, Marmara Denizi&#8217;nin h\u0131zl\u0131 bi\u00e7imde b\u00fcy\u00fck bir girdab\u0131n i\u00e7ine sokuldu\u011funu belirterek, &#8220;Bu meselenin asl\u0131nda siyasetin \u00fczerinde de\u011ferlendirilmesi gerekti\u011fini hep vurgulad\u0131k. Marmara Belediyeler Birli\u011fi de konunun \u00e7\u00f6z\u00fcm\u00fc i\u00e7in \u00f6nemli \u00e7al\u0131\u015fmalar yapm\u0131\u015ft\u0131r. Bu mevsimde ortaya \u00e7\u0131kan m\u00fcsilaj bir iki ay sonra ortadan kalkt\u0131\u011f\u0131nda da g\u00fcndemimizden asla d\u00fc\u015f\u00fcrmeyece\u011fiz&#8221; dedi.  Zeybek, \u00e7evre konular\u0131yla ilgili T\u00fcrkiye\u2019de kimin, ne alanda, ne kadar yetkisi oldu\u011fu konusunda yeni bir yasal d\u00fczenlemeye ihtiya\u00e7 oldu\u011funu s\u00f6yledi.\u00a0<\/p>\n<p>\u200bHaberin Al\u0131nt\u0131land\u0131\u011f\u0131 Kaynak: www.iskenderun.org<\/p>","protected":false},"excerpt":{"rendered":"<p>Marmara Belediyeler Birli\u011fi (MBB) Ba\u015fkan\u0131 ve Bursa B\u00fcy\u00fck\u015fehir Belediye Ba\u015fkan\u0131 Mustafa Bozbey, T\u00fcrkiye\u2019nin kalbi konumunda olan Marmara Denizi\u2019nin binlerce canl\u0131ya hayat verdi\u011fini belirterek, \u00fclkenin her insan\u0131 i\u00e7in ihtiya\u00e7 olan ve \u00f6zen g\u00f6sterilmesi gereken bir alan oldu\u011funu s\u00f6yledi.BURSA (\u0130GFA) &#8211; Bursa B\u00fcy\u00fck\u015fehir Belediyesi taraf\u0131ndan Marmara Denizi\u2019nin kar\u015f\u0131 kar\u015f\u0131ya kald\u0131\u011f\u0131 \u00e7evresel tehditlere dikkat \u00e7ekmek ve m\u00fcsilaj sorununa y\u00f6nelik \u00e7\u00f6z\u00fcm yollar\u0131n\u0131 de\u011ferlendirmek amac\u0131yla \u2018Marmara Denizi\u2019nde M\u00fcsilaj \u0130le M\u00fccadele\u2019 toplant\u0131s\u0131 d\u00fczenlendi. Atat\u00fcrk K\u00fclt\u00fcr Merkezi Merinos Yerle\u015fkesi\u2019ndeki programa, MBB ve B\u00fcy\u00fck\u015fehir Belediye Ba\u015fkan\u0131 Mustafa Bozbey\u2019in yan\u0131 s\u0131ra CHP Genel Ba\u015fkan Yard\u0131mc\u0131s\u0131 G\u00f6kan Zeybek&#8217;in de haz\u0131r bulundu\u011fu toplant\u0131da \u0130stanbul, Bal\u0131kesir, Tekirda\u011f, \u00c7anakkale ve Yalova\u2019dan gelen belediye y\u00f6neticileri, il\u00e7e belediye ba\u015fkanlar\u0131, meclis \u00fcyeleri, genel sekreter yard\u0131mc\u0131lar\u0131, B\u00fcy\u00fck\u015fehir Belediyesi b\u00fcrokratlar\u0131 da kat\u0131ld\u0131. Marmara Denizi\u2019ndeki m\u00fcsilaj sorununu ele al\u0131rken, asl\u0131nda milyonlarca insan\u0131n ya\u015fam hakk\u0131n\u0131 ve sa\u011fl\u0131\u011f\u0131n\u0131 da konu\u015fmak i\u00e7in bir araya geldiklerini s\u00f6yleyen Ba\u015fkan Mustafa Bozbey, Marmara\u2019n\u0131n yakla\u015f\u0131k 30 milyon n\u00fcfusa sahip oldu\u011funu, T\u00fcrkiye\u2019nin sanayi potansiyelinin de y\u00fczde 70\u2019ini bar\u0131nd\u0131rd\u0131\u011f\u0131n\u0131 hat\u0131rlatt\u0131. Marmara\u2019n\u0131n T\u00fcrkiye\u2019nin kalbi olan bir b\u00f6lge oldu\u011funu belirten Ba\u015fkan Mustafa Bozbey, Marmara Denizi\u2019nin ise \u00f6nemli ticaret yollar\u0131n\u0131n ge\u00e7ti\u011fi ve binlerce canl\u0131n\u0131n ya\u015fad\u0131\u011f\u0131 alan oldu\u011funu ifade ederek, \u00f6zellikle 1970\u2019li y\u0131llardan itibaren sanayideki yo\u011funla\u015fma ve n\u00fcfusun artmas\u0131 sebebiyle Marmara Denizi\u2019nin de kirlenmeye ba\u015flad\u0131\u011f\u0131n\u0131 s\u00f6yledi. 2021 y\u0131l\u0131nda ortaya \u00e7\u0131kan m\u00fcsilaj sorunu &hellip;<\/p>","protected":false},"author":1,"featured_media":0,"comment_status":"","ping_status":"open","sticky":false,"template":"","format":"standard","meta":{"_acf_changed":false,"footnotes":""},"categories":[24],"tags":[],"class_list":["post-93996","post","type-post","status-publish","format-standard","has-post-thumbnail","hentry","category-gundem"],"acf":[],"yoast_head":"<!-- This site is optimized with the Yoast SEO Premium plugin v26.6 (Yoast SEO v27.1.1) - https:\/\/yoast.com\/product\/yoast-seo-premium-wordpress\/ -->\n<title>Bursa\u2019da &#039;Marmara Denizi&#039; zirvesi - Av. Deniz Can K\u0131z\u0131l<\/title>\n<meta name=\"robots\" content=\"index, follow, max-snippet:-1, max-image-preview:large, max-video-preview:-1\" \/>\n<link rel=\"canonical\" href=\"https:\/\/denizcankizil.tr\/en\/haberler\/gundem\/bursada-marmara-denizi-zirvesi\/\" \/>\n<meta property=\"og:locale\" content=\"en_GB\" \/>\n<meta property=\"og:type\" content=\"article\" \/>\n<meta property=\"og:title\" content=\"Bursa\u2019da &#039;Marmara Denizi&#039; zirvesi\" \/>\n<meta property=\"og:description\" content=\"Marmara Belediyeler Birli\u011fi (MBB) Ba\u015fkan\u0131 ve Bursa B\u00fcy\u00fck\u015fehir Belediye Ba\u015fkan\u0131 Mustafa Bozbey, T\u00fcrkiye\u2019nin kalbi konumunda olan Marmara Denizi\u2019nin binlerce canl\u0131ya hayat verdi\u011fini belirterek, \u00fclkenin her insan\u0131 i\u00e7in ihtiya\u00e7 olan ve \u00f6zen g\u00f6sterilmesi gereken bir alan oldu\u011funu s\u00f6yledi.BURSA (\u0130GFA) &#8211; Bursa B\u00fcy\u00fck\u015fehir Belediyesi taraf\u0131ndan Marmara Denizi\u2019nin kar\u015f\u0131 kar\u015f\u0131ya kald\u0131\u011f\u0131 \u00e7evresel tehditlere dikkat \u00e7ekmek ve m\u00fcsilaj sorununa y\u00f6nelik \u00e7\u00f6z\u00fcm yollar\u0131n\u0131 de\u011ferlendirmek amac\u0131yla \u2018Marmara Denizi\u2019nde M\u00fcsilaj \u0130le M\u00fccadele\u2019 toplant\u0131s\u0131 d\u00fczenlendi. Atat\u00fcrk K\u00fclt\u00fcr Merkezi Merinos Yerle\u015fkesi\u2019ndeki programa, MBB ve B\u00fcy\u00fck\u015fehir Belediye Ba\u015fkan\u0131 Mustafa Bozbey\u2019in yan\u0131 s\u0131ra CHP Genel Ba\u015fkan Yard\u0131mc\u0131s\u0131 G\u00f6kan Zeybek&#8217;in de haz\u0131r bulundu\u011fu toplant\u0131da \u0130stanbul, Bal\u0131kesir, Tekirda\u011f, \u00c7anakkale ve Yalova\u2019dan gelen belediye y\u00f6neticileri, il\u00e7e belediye ba\u015fkanlar\u0131, meclis \u00fcyeleri, genel sekreter yard\u0131mc\u0131lar\u0131, B\u00fcy\u00fck\u015fehir Belediyesi b\u00fcrokratlar\u0131 da kat\u0131ld\u0131. Marmara Denizi\u2019ndeki m\u00fcsilaj sorununu ele al\u0131rken, asl\u0131nda milyonlarca insan\u0131n ya\u015fam hakk\u0131n\u0131 ve sa\u011fl\u0131\u011f\u0131n\u0131 da konu\u015fmak i\u00e7in bir araya geldiklerini s\u00f6yleyen Ba\u015fkan Mustafa Bozbey, Marmara\u2019n\u0131n yakla\u015f\u0131k 30 milyon n\u00fcfusa sahip oldu\u011funu, T\u00fcrkiye\u2019nin sanayi potansiyelinin de y\u00fczde 70\u2019ini bar\u0131nd\u0131rd\u0131\u011f\u0131n\u0131 hat\u0131rlatt\u0131. Marmara\u2019n\u0131n T\u00fcrkiye\u2019nin kalbi olan bir b\u00f6lge oldu\u011funu belirten Ba\u015fkan Mustafa Bozbey, Marmara Denizi\u2019nin ise \u00f6nemli ticaret yollar\u0131n\u0131n ge\u00e7ti\u011fi ve binlerce canl\u0131n\u0131n ya\u015fad\u0131\u011f\u0131 alan oldu\u011funu ifade ederek, \u00f6zellikle 1970\u2019li y\u0131llardan itibaren sanayideki yo\u011funla\u015fma ve n\u00fcfusun artmas\u0131 sebebiyle Marmara Denizi\u2019nin de kirlenmeye ba\u015flad\u0131\u011f\u0131n\u0131 s\u00f6yledi. 2021 y\u0131l\u0131nda ortaya \u00e7\u0131kan m\u00fcsilaj sorunu &hellip;\" \/>\n<meta property=\"og:url\" content=\"https:\/\/denizcankizil.tr\/en\/haberler\/gundem\/bursada-marmara-denizi-zirvesi\/\" \/>\n<meta property=\"og:site_name\" content=\"Av. Deniz Can K\u0131z\u0131l\" \/>\n<meta property=\"article:published_time\" content=\"2025-05-22T04:41:49+00:00\" \/>\n<meta name=\"author\" content=\"admin\" \/>\n<meta name=\"twitter:card\" content=\"summary_large_image\" \/>\n<meta name=\"twitter:label1\" content=\"Written by\" \/>\n\t<meta name=\"twitter:data1\" content=\"admin\" \/>\n\t<meta name=\"twitter:label2\" content=\"Estimated reading time\" \/>\n\t<meta name=\"twitter:data2\" content=\"8 minutes\" \/>\n<script type=\"application\/ld+json\" class=\"yoast-schema-graph\">{\"@context\":\"https:\/\/schema.org\",\"@graph\":[{\"@type\":\"Article\",\"@id\":\"https:\/\/denizcankizil.tr\/en\/haberler\/gundem\/bursada-marmara-denizi-zirvesi\/#article\",\"isPartOf\":{\"@id\":\"https:\/\/denizcankizil.tr\/en\/haberler\/gundem\/bursada-marmara-denizi-zirvesi\/\"},\"author\":{\"name\":\"admin\",\"@id\":\"https:\/\/denizcankizil.tr\/de\/#\/schema\/person\/be3c05fe6a12686905512445d8185489\"},\"headline\":\"Bursa\u2019da &#8216;Marmara Denizi&#8217; zirvesi\",\"datePublished\":\"2025-05-22T04:41:49+00:00\",\"mainEntityOfPage\":{\"@id\":\"https:\/\/denizcankizil.tr\/en\/haberler\/gundem\/bursada-marmara-denizi-zirvesi\/\"},\"wordCount\":1687,\"publisher\":{\"@id\":\"https:\/\/denizcankizil.tr\/de\/#organization\"},\"articleSection\":[\"G\u00fcndem\"],\"inLanguage\":\"en-GB\"},{\"@type\":\"WebPage\",\"@id\":\"https:\/\/denizcankizil.tr\/en\/haberler\/gundem\/bursada-marmara-denizi-zirvesi\/\",\"url\":\"https:\/\/denizcankizil.tr\/en\/haberler\/gundem\/bursada-marmara-denizi-zirvesi\/\",\"name\":\"Bursa\u2019da 'Marmara Denizi' zirvesi - Av. Deniz Can K\u0131z\u0131l\",\"isPartOf\":{\"@id\":\"https:\/\/denizcankizil.tr\/de\/#website\"},\"datePublished\":\"2025-05-22T04:41:49+00:00\",\"breadcrumb\":{\"@id\":\"https:\/\/denizcankizil.tr\/en\/haberler\/gundem\/bursada-marmara-denizi-zirvesi\/#breadcrumb\"},\"inLanguage\":\"en-GB\",\"potentialAction\":[{\"@type\":\"ReadAction\",\"target\":[\"https:\/\/denizcankizil.tr\/en\/haberler\/gundem\/bursada-marmara-denizi-zirvesi\/\"]}]},{\"@type\":\"BreadcrumbList\",\"@id\":\"https:\/\/denizcankizil.tr\/en\/haberler\/gundem\/bursada-marmara-denizi-zirvesi\/#breadcrumb\",\"itemListElement\":[{\"@type\":\"ListItem\",\"position\":1,\"name\":\"Home\",\"item\":\"https:\/\/denizcankizil.tr\/de\/\"},{\"@type\":\"ListItem\",\"position\":2,\"name\":\"Bursa\u2019da &#8216;Marmara Denizi&#8217; zirvesi\"}]},{\"@type\":\"WebSite\",\"@id\":\"https:\/\/denizcankizil.tr\/de\/#website\",\"url\":\"https:\/\/denizcankizil.tr\/de\/\",\"name\":\"Av. Deniz Can K\u0131z\u0131l\",\"description\":\"Avukat Deniz Can K\u0131z\u0131l Antalya Barosu\",\"publisher\":{\"@id\":\"https:\/\/denizcankizil.tr\/de\/#organization\"},\"potentialAction\":[{\"@type\":\"SearchAction\",\"target\":{\"@type\":\"EntryPoint\",\"urlTemplate\":\"https:\/\/denizcankizil.tr\/de\/?s={search_term_string}\"},\"query-input\":{\"@type\":\"PropertyValueSpecification\",\"valueRequired\":true,\"valueName\":\"search_term_string\"}}],\"inLanguage\":\"en-GB\"},{\"@type\":\"Organization\",\"@id\":\"https:\/\/denizcankizil.tr\/de\/#organization\",\"name\":\"Av. Deniz Can K\u0131z\u0131l\",\"url\":\"https:\/\/denizcankizil.tr\/de\/\",\"logo\":{\"@type\":\"ImageObject\",\"inLanguage\":\"en-GB\",\"@id\":\"https:\/\/denizcankizil.tr\/de\/#\/schema\/logo\/image\/\",\"url\":\"https:\/\/denizcankizil.tr\/wp-content\/uploads\/2024\/10\/siyah-logo-svg.svg\",\"contentUrl\":\"https:\/\/denizcankizil.tr\/wp-content\/uploads\/2024\/10\/siyah-logo-svg.svg\",\"width\":1080,\"height\":1080,\"caption\":\"Av. Deniz Can K\u0131z\u0131l\"},\"image\":{\"@id\":\"https:\/\/denizcankizil.tr\/de\/#\/schema\/logo\/image\/\"}},{\"@type\":\"Person\",\"@id\":\"https:\/\/denizcankizil.tr\/de\/#\/schema\/person\/be3c05fe6a12686905512445d8185489\",\"name\":\"admin\",\"image\":{\"@type\":\"ImageObject\",\"inLanguage\":\"en-GB\",\"@id\":\"https:\/\/denizcankizil.tr\/de\/#\/schema\/person\/image\/\",\"url\":\"https:\/\/secure.gravatar.com\/avatar\/c1fce94c830dc79107e174f890d7210541c4a63e8e5d816341794a2151c9d58c?s=96&d=mm&r=g\",\"contentUrl\":\"https:\/\/secure.gravatar.com\/avatar\/c1fce94c830dc79107e174f890d7210541c4a63e8e5d816341794a2151c9d58c?s=96&d=mm&r=g\",\"caption\":\"admin\"},\"sameAs\":[\"http:\/\/denizcankizil.tr\"],\"url\":\"https:\/\/www.iskenderun.org\/bursada-marmara-denizi-zirvesi\"}]}<\/script>\n<!-- \/ Yoast SEO Premium plugin. -->","yoast_head_json":{"title":"Bursa\u2019da 'Marmara Denizi' zirvesi - Av. Deniz Can K\u0131z\u0131l","robots":{"index":"index","follow":"follow","max-snippet":"max-snippet:-1","max-image-preview":"max-image-preview:large","max-video-preview":"max-video-preview:-1"},"canonical":"https:\/\/denizcankizil.tr\/en\/haberler\/gundem\/bursada-marmara-denizi-zirvesi\/","og_locale":"en_GB","og_type":"article","og_title":"Bursa\u2019da 'Marmara Denizi' zirvesi","og_description":"Marmara Belediyeler Birli\u011fi (MBB) Ba\u015fkan\u0131 ve Bursa B\u00fcy\u00fck\u015fehir Belediye Ba\u015fkan\u0131 Mustafa Bozbey, T\u00fcrkiye\u2019nin kalbi konumunda olan Marmara Denizi\u2019nin binlerce canl\u0131ya hayat verdi\u011fini belirterek, \u00fclkenin her insan\u0131 i\u00e7in ihtiya\u00e7 olan ve \u00f6zen g\u00f6sterilmesi gereken bir alan oldu\u011funu s\u00f6yledi.BURSA (\u0130GFA) &#8211; Bursa B\u00fcy\u00fck\u015fehir Belediyesi taraf\u0131ndan Marmara Denizi\u2019nin kar\u015f\u0131 kar\u015f\u0131ya kald\u0131\u011f\u0131 \u00e7evresel tehditlere dikkat \u00e7ekmek ve m\u00fcsilaj sorununa y\u00f6nelik \u00e7\u00f6z\u00fcm yollar\u0131n\u0131 de\u011ferlendirmek amac\u0131yla \u2018Marmara Denizi\u2019nde M\u00fcsilaj \u0130le M\u00fccadele\u2019 toplant\u0131s\u0131 d\u00fczenlendi. Atat\u00fcrk K\u00fclt\u00fcr Merkezi Merinos Yerle\u015fkesi\u2019ndeki programa, MBB ve B\u00fcy\u00fck\u015fehir Belediye Ba\u015fkan\u0131 Mustafa Bozbey\u2019in yan\u0131 s\u0131ra CHP Genel Ba\u015fkan Yard\u0131mc\u0131s\u0131 G\u00f6kan Zeybek&#8217;in de haz\u0131r bulundu\u011fu toplant\u0131da \u0130stanbul, Bal\u0131kesir, Tekirda\u011f, \u00c7anakkale ve Yalova\u2019dan gelen belediye y\u00f6neticileri, il\u00e7e belediye ba\u015fkanlar\u0131, meclis \u00fcyeleri, genel sekreter yard\u0131mc\u0131lar\u0131, B\u00fcy\u00fck\u015fehir Belediyesi b\u00fcrokratlar\u0131 da kat\u0131ld\u0131. Marmara Denizi\u2019ndeki m\u00fcsilaj sorununu ele al\u0131rken, asl\u0131nda milyonlarca insan\u0131n ya\u015fam hakk\u0131n\u0131 ve sa\u011fl\u0131\u011f\u0131n\u0131 da konu\u015fmak i\u00e7in bir araya geldiklerini s\u00f6yleyen Ba\u015fkan Mustafa Bozbey, Marmara\u2019n\u0131n yakla\u015f\u0131k 30 milyon n\u00fcfusa sahip oldu\u011funu, T\u00fcrkiye\u2019nin sanayi potansiyelinin de y\u00fczde 70\u2019ini bar\u0131nd\u0131rd\u0131\u011f\u0131n\u0131 hat\u0131rlatt\u0131. Marmara\u2019n\u0131n T\u00fcrkiye\u2019nin kalbi olan bir b\u00f6lge oldu\u011funu belirten Ba\u015fkan Mustafa Bozbey, Marmara Denizi\u2019nin ise \u00f6nemli ticaret yollar\u0131n\u0131n ge\u00e7ti\u011fi ve binlerce canl\u0131n\u0131n ya\u015fad\u0131\u011f\u0131 alan oldu\u011funu ifade ederek, \u00f6zellikle 1970\u2019li y\u0131llardan itibaren sanayideki yo\u011funla\u015fma ve n\u00fcfusun artmas\u0131 sebebiyle Marmara Denizi\u2019nin de kirlenmeye ba\u015flad\u0131\u011f\u0131n\u0131 s\u00f6yledi. 2021 y\u0131l\u0131nda ortaya \u00e7\u0131kan m\u00fcsilaj sorunu &hellip;","og_url":"https:\/\/denizcankizil.tr\/en\/haberler\/gundem\/bursada-marmara-denizi-zirvesi\/","og_site_name":"Av. Deniz Can K\u0131z\u0131l","article_published_time":"2025-05-22T04:41:49+00:00","author":"admin","twitter_card":"summary_large_image","twitter_misc":{"Written by":"admin","Estimated reading time":"8 minutes"},"schema":{"@context":"https:\/\/schema.org","@graph":[{"@type":"Article","@id":"https:\/\/denizcankizil.tr\/en\/haberler\/gundem\/bursada-marmara-denizi-zirvesi\/#article","isPartOf":{"@id":"https:\/\/denizcankizil.tr\/en\/haberler\/gundem\/bursada-marmara-denizi-zirvesi\/"},"author":{"name":"admin","@id":"https:\/\/denizcankizil.tr\/de\/#\/schema\/person\/be3c05fe6a12686905512445d8185489"},"headline":"Bursa\u2019da &#8216;Marmara Denizi&#8217; zirvesi","datePublished":"2025-05-22T04:41:49+00:00","mainEntityOfPage":{"@id":"https:\/\/denizcankizil.tr\/en\/haberler\/gundem\/bursada-marmara-denizi-zirvesi\/"},"wordCount":1687,"publisher":{"@id":"https:\/\/denizcankizil.tr\/de\/#organization"},"articleSection":["G\u00fcndem"],"inLanguage":"en-GB"},{"@type":"WebPage","@id":"https:\/\/denizcankizil.tr\/en\/haberler\/gundem\/bursada-marmara-denizi-zirvesi\/","url":"https:\/\/denizcankizil.tr\/en\/haberler\/gundem\/bursada-marmara-denizi-zirvesi\/","name":"Bursa\u2019da 'Marmara Denizi' zirvesi - Av. Deniz Can K\u0131z\u0131l","isPartOf":{"@id":"https:\/\/denizcankizil.tr\/de\/#website"},"datePublished":"2025-05-22T04:41:49+00:00","breadcrumb":{"@id":"https:\/\/denizcankizil.tr\/en\/haberler\/gundem\/bursada-marmara-denizi-zirvesi\/#breadcrumb"},"inLanguage":"en-GB","potentialAction":[{"@type":"ReadAction","target":["https:\/\/denizcankizil.tr\/en\/haberler\/gundem\/bursada-marmara-denizi-zirvesi\/"]}]},{"@type":"BreadcrumbList","@id":"https:\/\/denizcankizil.tr\/en\/haberler\/gundem\/bursada-marmara-denizi-zirvesi\/#breadcrumb","itemListElement":[{"@type":"ListItem","position":1,"name":"Home","item":"https:\/\/denizcankizil.tr\/de\/"},{"@type":"ListItem","position":2,"name":"Bursa\u2019da &#8216;Marmara Denizi&#8217; zirvesi"}]},{"@type":"WebSite","@id":"https:\/\/denizcankizil.tr\/de\/#website","url":"https:\/\/denizcankizil.tr\/de\/","name":"Av. Deniz Can K\u0131z\u0131l","description":"Avukat Deniz Can K\u0131z\u0131l Antalya Barosu","publisher":{"@id":"https:\/\/denizcankizil.tr\/de\/#organization"},"potentialAction":[{"@type":"SearchAction","target":{"@type":"EntryPoint","urlTemplate":"https:\/\/denizcankizil.tr\/de\/?s={search_term_string}"},"query-input":{"@type":"PropertyValueSpecification","valueRequired":true,"valueName":"search_term_string"}}],"inLanguage":"en-GB"},{"@type":"Organization","@id":"https:\/\/denizcankizil.tr\/de\/#organization","name":"Av. Deniz Can K\u0131z\u0131l","url":"https:\/\/denizcankizil.tr\/de\/","logo":{"@type":"ImageObject","inLanguage":"en-GB","@id":"https:\/\/denizcankizil.tr\/de\/#\/schema\/logo\/image\/","url":"https:\/\/denizcankizil.tr\/wp-content\/uploads\/2024\/10\/siyah-logo-svg.svg","contentUrl":"https:\/\/denizcankizil.tr\/wp-content\/uploads\/2024\/10\/siyah-logo-svg.svg","width":1080,"height":1080,"caption":"Av. Deniz Can K\u0131z\u0131l"},"image":{"@id":"https:\/\/denizcankizil.tr\/de\/#\/schema\/logo\/image\/"}},{"@type":"Person","@id":"https:\/\/denizcankizil.tr\/de\/#\/schema\/person\/be3c05fe6a12686905512445d8185489","name":"admin","image":{"@type":"ImageObject","inLanguage":"en-GB","@id":"https:\/\/denizcankizil.tr\/de\/#\/schema\/person\/image\/","url":"https:\/\/secure.gravatar.com\/avatar\/c1fce94c830dc79107e174f890d7210541c4a63e8e5d816341794a2151c9d58c?s=96&d=mm&r=g","contentUrl":"https:\/\/secure.gravatar.com\/avatar\/c1fce94c830dc79107e174f890d7210541c4a63e8e5d816341794a2151c9d58c?s=96&d=mm&r=g","caption":"admin"},"sameAs":["http:\/\/denizcankizil.tr"],"url":"https:\/\/www.iskenderun.org\/bursada-marmara-denizi-zirvesi"}]}},"_links":{"self":[{"href":"https:\/\/denizcankizil.tr\/en\/wp-json\/wp\/v2\/posts\/93996","targetHints":{"allow":["GET"]}}],"collection":[{"href":"https:\/\/denizcankizil.tr\/en\/wp-json\/wp\/v2\/posts"}],"about":[{"href":"https:\/\/denizcankizil.tr\/en\/wp-json\/wp\/v2\/types\/post"}],"author":[{"embeddable":true,"href":"https:\/\/denizcankizil.tr\/en\/wp-json\/wp\/v2\/users\/1"}],"replies":[{"embeddable":true,"href":"https:\/\/denizcankizil.tr\/en\/wp-json\/wp\/v2\/comments?post=93996"}],"version-history":[{"count":0,"href":"https:\/\/denizcankizil.tr\/en\/wp-json\/wp\/v2\/posts\/93996\/revisions"}],"wp:attachment":[{"href":"https:\/\/denizcankizil.tr\/en\/wp-json\/wp\/v2\/media?parent=93996"}],"wp:term":[{"taxonomy":"category","embeddable":true,"href":"https:\/\/denizcankizil.tr\/en\/wp-json\/wp\/v2\/categories?post=93996"},{"taxonomy":"post_tag","embeddable":true,"href":"https:\/\/denizcankizil.tr\/en\/wp-json\/wp\/v2\/tags?post=93996"}],"curies":[{"name":"wp","href":"https:\/\/api.w.org\/{rel}","templated":true}]}}