{"id":93640,"date":"2025-05-21T16:42:38","date_gmt":"2025-05-21T13:42:38","guid":{"rendered":"https:\/\/denizcankizil.tr\/uncategorized-tr\/asattan-yeni-stratejik-tesis\/"},"modified":"2025-05-21T16:42:38","modified_gmt":"2025-05-21T13:42:38","slug":"asattan-yeni-stratejik-tesis","status":"publish","type":"post","link":"https:\/\/denizcankizil.tr\/en\/haberler\/antalya\/asattan-yeni-stratejik-tesis\/","title":{"rendered":"ASAT&#8217;tan yeni, stratejik tesis"},"content":{"rendered":"<p>ASAT Genel M\u00fcd\u00fcrl\u00fc\u011f\u00fc Su \u015eebeke ve Ar\u0131tma Tesisleri Dairesi Ba\u015fkanl\u0131\u011f\u0131, yaz aylar\u0131n\u0131n yakla\u015fmas\u0131yla birlikte vatanda\u015flar\u0131n susuzluk ya\u015famamas\u0131 i\u00e7in \u00e7al\u0131\u015fmalar\u0131na aral\u0131ks\u0131z devam ediyor. Artan n\u00fcfus ve s\u0131cak hava durumlar\u0131na kar\u015f\u0131 \u00f6nlem alan ASAT, kentin i\u00e7me suyu ihtiyac\u0131n\u0131 kesintisiz kar\u015f\u0131lamak amac\u0131yla yeni tesisler kazand\u0131r\u0131yor.<\/p>\n<p>Bu kapsamda yakla\u015f\u0131k 9 ayda tamamlanan ve 24 bin m2 alana sahip olan Varsak Alt\u0131ayak Yerle\u015fkesi, 19 May\u0131s itibar\u0131yla 8 su \u015febeke ar\u0131za ekibiyle hizmet vermeye ba\u015flad\u0131. Yerle\u015fkede 280 metkerarelik kapal\u0131 malzeme deposu, 260 metkerarelik idari bina, 1080 metkerarelik boru ve k\u0131rmata\u015f stok sahas\u0131, makine ve panelvan ara\u00e7 park\u0131 bulunuyor. Bu yeni tesis, Kepez ve Aksu il\u00e7elerinde meydana gelen ar\u0131zalara daha h\u0131zl\u0131 m\u00fcdahale edilmesini sa\u011flayarak, ekiplerin yolda ge\u00e7irdi\u011fi s\u00fcreyi azalt\u0131yor ve sahada daha fazla ar\u0131zaya m\u00fcdahale etme imk\u00e2n\u0131 sunuyor.<\/p>\n<p>Alt\u0131ayak Yerle\u015fkesi, ayn\u0131 zamanda Varsak Alt\u0131ayak \u0130\u00e7mesuyu \u00dcretim Tesisi&#8217;ne de ev sahipli\u011fi yap\u0131yor. Bu tesis, 9 sondaj kuyusuyla saniyede 350 litre su \u00fcreterek Esentepe, Demirel, Ayano\u011flu, \u015eelale ve Gaziler mahallelerinin i\u00e7me suyu ihtiyac\u0131n\u0131 kar\u015f\u0131l\u0131yor. Tesis, 1.400 KVA jenerat\u00f6r sayesinde enerji kesintilerinde bile kesintisiz su \u00fcretimi sa\u011fl\u0131yor. Ayr\u0131ca SCADA sistemi ile depo ve kuyular\u0131n su seviyeleri anl\u0131k olarak izleniyor ve tesis 7\/24 g\u00fcvenlik kameralar\u0131yla kontrol ediliyor.<\/p>\n<p>Kaynak: www.kanalv.com.tr Haber Sitesinden Al\u0131nm\u0131\u015ft\u0131r.<\/p>","protected":false},"excerpt":{"rendered":"<p>ASAT Genel M\u00fcd\u00fcrl\u00fc\u011f\u00fc Su \u015eebeke ve Ar\u0131tma Tesisleri Dairesi Ba\u015fkanl\u0131\u011f\u0131, yaz aylar\u0131n\u0131n yakla\u015fmas\u0131yla birlikte vatanda\u015flar\u0131n susuzluk ya\u015famamas\u0131 i\u00e7in \u00e7al\u0131\u015fmalar\u0131na aral\u0131ks\u0131z devam ediyor. Artan n\u00fcfus ve s\u0131cak hava durumlar\u0131na kar\u015f\u0131 \u00f6nlem alan ASAT, kentin i\u00e7me suyu ihtiyac\u0131n\u0131 kesintisiz kar\u015f\u0131lamak amac\u0131yla yeni tesisler kazand\u0131r\u0131yor. Bu kapsamda yakla\u015f\u0131k 9 ayda tamamlanan ve 24 bin m2 alana sahip olan Varsak Alt\u0131ayak Yerle\u015fkesi, 19 May\u0131s itibar\u0131yla 8 su \u015febeke ar\u0131za ekibiyle hizmet vermeye ba\u015flad\u0131. Yerle\u015fkede 280 metkerarelik kapal\u0131 malzeme deposu, 260 metkerarelik idari bina, 1080 metkerarelik boru ve k\u0131rmata\u015f stok sahas\u0131, makine ve panelvan ara\u00e7 park\u0131 bulunuyor. Bu yeni tesis, Kepez ve Aksu il\u00e7elerinde meydana gelen ar\u0131zalara daha h\u0131zl\u0131 m\u00fcdahale edilmesini sa\u011flayarak, ekiplerin yolda ge\u00e7irdi\u011fi s\u00fcreyi azalt\u0131yor ve sahada daha fazla ar\u0131zaya m\u00fcdahale etme imk\u00e2n\u0131 sunuyor. Alt\u0131ayak Yerle\u015fkesi, ayn\u0131 zamanda Varsak Alt\u0131ayak \u0130\u00e7mesuyu \u00dcretim Tesisi&#8217;ne de ev sahipli\u011fi yap\u0131yor. Bu tesis, 9 sondaj kuyusuyla saniyede 350 litre su \u00fcreterek Esentepe, Demirel, Ayano\u011flu, \u015eelale ve Gaziler mahallelerinin i\u00e7me suyu ihtiyac\u0131n\u0131 kar\u015f\u0131l\u0131yor. Tesis, 1.400 KVA jenerat\u00f6r sayesinde enerji kesintilerinde bile kesintisiz su \u00fcretimi sa\u011fl\u0131yor. Ayr\u0131ca SCADA sistemi ile depo ve kuyular\u0131n su seviyeleri anl\u0131k olarak izleniyor ve tesis 7\/24 g\u00fcvenlik kameralar\u0131yla kontrol ediliyor. Kaynak: www.kanalv.com.tr Haber Sitesinden Al\u0131nm\u0131\u015ft\u0131r.<\/p>","protected":false},"author":4,"featured_media":93641,"comment_status":"","ping_status":"open","sticky":false,"template":"","format":"standard","meta":{"_acf_changed":false,"footnotes":""},"categories":[26],"tags":[],"class_list":["post-93640","post","type-post","status-publish","format-standard","has-post-thumbnail","hentry","category-antalya"],"acf":[],"yoast_head":"<!-- This site is optimized with the Yoast SEO Premium plugin v26.6 (Yoast SEO v27.1.1) - https:\/\/yoast.com\/product\/yoast-seo-premium-wordpress\/ -->\n<title>ASAT&#039;tan yeni, stratejik tesis - Av. Deniz Can K\u0131z\u0131l<\/title>\n<meta name=\"robots\" content=\"index, follow, max-snippet:-1, max-image-preview:large, max-video-preview:-1\" \/>\n<link rel=\"canonical\" href=\"https:\/\/denizcankizil.tr\/en\/haberler\/antalya\/asattan-yeni-stratejik-tesis\/\" \/>\n<meta property=\"og:locale\" content=\"en_GB\" \/>\n<meta property=\"og:type\" content=\"article\" \/>\n<meta property=\"og:title\" content=\"ASAT&#039;tan yeni, stratejik tesis\" \/>\n<meta property=\"og:description\" content=\"ASAT Genel M\u00fcd\u00fcrl\u00fc\u011f\u00fc Su \u015eebeke ve Ar\u0131tma Tesisleri Dairesi Ba\u015fkanl\u0131\u011f\u0131, yaz aylar\u0131n\u0131n yakla\u015fmas\u0131yla birlikte vatanda\u015flar\u0131n susuzluk ya\u015famamas\u0131 i\u00e7in \u00e7al\u0131\u015fmalar\u0131na aral\u0131ks\u0131z devam ediyor. Artan n\u00fcfus ve s\u0131cak hava durumlar\u0131na kar\u015f\u0131 \u00f6nlem alan ASAT, kentin i\u00e7me suyu ihtiyac\u0131n\u0131 kesintisiz kar\u015f\u0131lamak amac\u0131yla yeni tesisler kazand\u0131r\u0131yor. Bu kapsamda yakla\u015f\u0131k 9 ayda tamamlanan ve 24 bin m2 alana sahip olan Varsak Alt\u0131ayak Yerle\u015fkesi, 19 May\u0131s itibar\u0131yla 8 su \u015febeke ar\u0131za ekibiyle hizmet vermeye ba\u015flad\u0131. Yerle\u015fkede 280 metkerarelik kapal\u0131 malzeme deposu, 260 metkerarelik idari bina, 1080 metkerarelik boru ve k\u0131rmata\u015f stok sahas\u0131, makine ve panelvan ara\u00e7 park\u0131 bulunuyor. Bu yeni tesis, Kepez ve Aksu il\u00e7elerinde meydana gelen ar\u0131zalara daha h\u0131zl\u0131 m\u00fcdahale edilmesini sa\u011flayarak, ekiplerin yolda ge\u00e7irdi\u011fi s\u00fcreyi azalt\u0131yor ve sahada daha fazla ar\u0131zaya m\u00fcdahale etme imk\u00e2n\u0131 sunuyor. Alt\u0131ayak Yerle\u015fkesi, ayn\u0131 zamanda Varsak Alt\u0131ayak \u0130\u00e7mesuyu \u00dcretim Tesisi&#8217;ne de ev sahipli\u011fi yap\u0131yor. Bu tesis, 9 sondaj kuyusuyla saniyede 350 litre su \u00fcreterek Esentepe, Demirel, Ayano\u011flu, \u015eelale ve Gaziler mahallelerinin i\u00e7me suyu ihtiyac\u0131n\u0131 kar\u015f\u0131l\u0131yor. Tesis, 1.400 KVA jenerat\u00f6r sayesinde enerji kesintilerinde bile kesintisiz su \u00fcretimi sa\u011fl\u0131yor. Ayr\u0131ca SCADA sistemi ile depo ve kuyular\u0131n su seviyeleri anl\u0131k olarak izleniyor ve tesis 7\/24 g\u00fcvenlik kameralar\u0131yla kontrol ediliyor. Kaynak: www.kanalv.com.tr Haber Sitesinden Al\u0131nm\u0131\u015ft\u0131r.\" \/>\n<meta property=\"og:url\" content=\"https:\/\/denizcankizil.tr\/en\/haberler\/antalya\/asattan-yeni-stratejik-tesis\/\" \/>\n<meta property=\"og:site_name\" content=\"Av. Deniz Can K\u0131z\u0131l\" \/>\n<meta property=\"article:published_time\" content=\"2025-05-21T13:42:38+00:00\" \/>\n<meta property=\"og:image\" content=\"https:\/\/denizcankizil.tr\/wp-content\/uploads\/2025\/05\/6462-01-dSawqY.jpg\" \/>\n\t<meta property=\"og:image:width\" content=\"1280\" \/>\n\t<meta property=\"og:image:height\" content=\"720\" \/>\n\t<meta property=\"og:image:type\" content=\"image\/jpeg\" \/>\n<meta name=\"author\" content=\"Av. Deniz Can K\u0131z\u0131l\" \/>\n<meta name=\"twitter:card\" content=\"summary_large_image\" \/>\n<meta name=\"twitter:label1\" content=\"Written by\" \/>\n\t<meta name=\"twitter:data1\" content=\"Av. Deniz Can K\u0131z\u0131l\" \/>\n\t<meta name=\"twitter:label2\" content=\"Estimated reading time\" \/>\n\t<meta name=\"twitter:data2\" content=\"1 minute\" \/>\n<script type=\"application\/ld+json\" class=\"yoast-schema-graph\">{\"@context\":\"https:\/\/schema.org\",\"@graph\":[{\"@type\":\"Article\",\"@id\":\"https:\/\/denizcankizil.tr\/en\/haberler\/antalya\/asattan-yeni-stratejik-tesis\/#article\",\"isPartOf\":{\"@id\":\"https:\/\/denizcankizil.tr\/en\/haberler\/antalya\/asattan-yeni-stratejik-tesis\/\"},\"author\":{\"name\":\"Av. Deniz Can K\u0131z\u0131l\",\"@id\":\"https:\/\/denizcankizil.tr\/de\/#\/schema\/person\/5dc1b22991bd7ac833867c10afc9b0ff\"},\"headline\":\"ASAT&#8217;tan yeni, stratejik tesis\",\"datePublished\":\"2025-05-21T13:42:38+00:00\",\"mainEntityOfPage\":{\"@id\":\"https:\/\/denizcankizil.tr\/en\/haberler\/antalya\/asattan-yeni-stratejik-tesis\/\"},\"wordCount\":256,\"publisher\":{\"@id\":\"https:\/\/denizcankizil.tr\/de\/#organization\"},\"image\":{\"@id\":\"https:\/\/denizcankizil.tr\/en\/haberler\/antalya\/asattan-yeni-stratejik-tesis\/#primaryimage\"},\"thumbnailUrl\":\"https:\/\/denizcankizil.tr\/wp-content\/uploads\/2025\/05\/6462-01-dSawqY.jpg\",\"articleSection\":[\"Antalya\"],\"inLanguage\":\"en-GB\"},{\"@type\":\"WebPage\",\"@id\":\"https:\/\/denizcankizil.tr\/en\/haberler\/antalya\/asattan-yeni-stratejik-tesis\/\",\"url\":\"https:\/\/denizcankizil.tr\/en\/haberler\/antalya\/asattan-yeni-stratejik-tesis\/\",\"name\":\"ASAT'tan yeni, stratejik tesis - Av. Deniz Can K\u0131z\u0131l\",\"isPartOf\":{\"@id\":\"https:\/\/denizcankizil.tr\/de\/#website\"},\"primaryImageOfPage\":{\"@id\":\"https:\/\/denizcankizil.tr\/en\/haberler\/antalya\/asattan-yeni-stratejik-tesis\/#primaryimage\"},\"image\":{\"@id\":\"https:\/\/denizcankizil.tr\/en\/haberler\/antalya\/asattan-yeni-stratejik-tesis\/#primaryimage\"},\"thumbnailUrl\":\"https:\/\/denizcankizil.tr\/wp-content\/uploads\/2025\/05\/6462-01-dSawqY.jpg\",\"datePublished\":\"2025-05-21T13:42:38+00:00\",\"breadcrumb\":{\"@id\":\"https:\/\/denizcankizil.tr\/en\/haberler\/antalya\/asattan-yeni-stratejik-tesis\/#breadcrumb\"},\"inLanguage\":\"en-GB\",\"potentialAction\":[{\"@type\":\"ReadAction\",\"target\":[\"https:\/\/denizcankizil.tr\/en\/haberler\/antalya\/asattan-yeni-stratejik-tesis\/\"]}]},{\"@type\":\"ImageObject\",\"inLanguage\":\"en-GB\",\"@id\":\"https:\/\/denizcankizil.tr\/en\/haberler\/antalya\/asattan-yeni-stratejik-tesis\/#primaryimage\",\"url\":\"https:\/\/denizcankizil.tr\/wp-content\/uploads\/2025\/05\/6462-01-dSawqY.jpg\",\"contentUrl\":\"https:\/\/denizcankizil.tr\/wp-content\/uploads\/2025\/05\/6462-01-dSawqY.jpg\",\"width\":1280,\"height\":720},{\"@type\":\"BreadcrumbList\",\"@id\":\"https:\/\/denizcankizil.tr\/en\/haberler\/antalya\/asattan-yeni-stratejik-tesis\/#breadcrumb\",\"itemListElement\":[{\"@type\":\"ListItem\",\"position\":1,\"name\":\"Home\",\"item\":\"https:\/\/denizcankizil.tr\/de\/\"},{\"@type\":\"ListItem\",\"position\":2,\"name\":\"ASAT&#8217;tan yeni, stratejik tesis\"}]},{\"@type\":\"WebSite\",\"@id\":\"https:\/\/denizcankizil.tr\/de\/#website\",\"url\":\"https:\/\/denizcankizil.tr\/de\/\",\"name\":\"Av. Deniz Can K\u0131z\u0131l\",\"description\":\"Avukat Deniz Can K\u0131z\u0131l Antalya Barosu\",\"publisher\":{\"@id\":\"https:\/\/denizcankizil.tr\/de\/#organization\"},\"potentialAction\":[{\"@type\":\"SearchAction\",\"target\":{\"@type\":\"EntryPoint\",\"urlTemplate\":\"https:\/\/denizcankizil.tr\/de\/?s={search_term_string}\"},\"query-input\":{\"@type\":\"PropertyValueSpecification\",\"valueRequired\":true,\"valueName\":\"search_term_string\"}}],\"inLanguage\":\"en-GB\"},{\"@type\":\"Organization\",\"@id\":\"https:\/\/denizcankizil.tr\/de\/#organization\",\"name\":\"Av. Deniz Can K\u0131z\u0131l\",\"url\":\"https:\/\/denizcankizil.tr\/de\/\",\"logo\":{\"@type\":\"ImageObject\",\"inLanguage\":\"en-GB\",\"@id\":\"https:\/\/denizcankizil.tr\/de\/#\/schema\/logo\/image\/\",\"url\":\"https:\/\/denizcankizil.tr\/wp-content\/uploads\/2024\/10\/siyah-logo-svg.svg\",\"contentUrl\":\"https:\/\/denizcankizil.tr\/wp-content\/uploads\/2024\/10\/siyah-logo-svg.svg\",\"width\":1080,\"height\":1080,\"caption\":\"Av. Deniz Can K\u0131z\u0131l\"},\"image\":{\"@id\":\"https:\/\/denizcankizil.tr\/de\/#\/schema\/logo\/image\/\"}},{\"@type\":\"Person\",\"@id\":\"https:\/\/denizcankizil.tr\/de\/#\/schema\/person\/5dc1b22991bd7ac833867c10afc9b0ff\",\"name\":\"Av. Deniz Can K\u0131z\u0131l\",\"image\":{\"@type\":\"ImageObject\",\"inLanguage\":\"en-GB\",\"@id\":\"https:\/\/denizcankizil.tr\/de\/#\/schema\/person\/image\/\",\"url\":\"https:\/\/secure.gravatar.com\/avatar\/a0b128fb9855c79efc976d5640eedb31dc35ec297594d6016d2cf7c60e975bb6?s=96&d=mm&r=g\",\"contentUrl\":\"https:\/\/secure.gravatar.com\/avatar\/a0b128fb9855c79efc976d5640eedb31dc35ec297594d6016d2cf7c60e975bb6?s=96&d=mm&r=g\",\"caption\":\"Av. Deniz Can K\u0131z\u0131l\"},\"sameAs\":[\"http:\/\/www.denizcankizil.tr\"],\"url\":\"https:\/\/denizcankizil.tr\/en\/author\/denizcankizil\/\"}]}<\/script>\n<!-- \/ Yoast SEO Premium plugin. -->","yoast_head_json":{"title":"ASAT'tan yeni, stratejik tesis - Av. Deniz Can K\u0131z\u0131l","robots":{"index":"index","follow":"follow","max-snippet":"max-snippet:-1","max-image-preview":"max-image-preview:large","max-video-preview":"max-video-preview:-1"},"canonical":"https:\/\/denizcankizil.tr\/en\/haberler\/antalya\/asattan-yeni-stratejik-tesis\/","og_locale":"en_GB","og_type":"article","og_title":"ASAT'tan yeni, stratejik tesis","og_description":"ASAT Genel M\u00fcd\u00fcrl\u00fc\u011f\u00fc Su \u015eebeke ve Ar\u0131tma Tesisleri Dairesi Ba\u015fkanl\u0131\u011f\u0131, yaz aylar\u0131n\u0131n yakla\u015fmas\u0131yla birlikte vatanda\u015flar\u0131n susuzluk ya\u015famamas\u0131 i\u00e7in \u00e7al\u0131\u015fmalar\u0131na aral\u0131ks\u0131z devam ediyor. Artan n\u00fcfus ve s\u0131cak hava durumlar\u0131na kar\u015f\u0131 \u00f6nlem alan ASAT, kentin i\u00e7me suyu ihtiyac\u0131n\u0131 kesintisiz kar\u015f\u0131lamak amac\u0131yla yeni tesisler kazand\u0131r\u0131yor. Bu kapsamda yakla\u015f\u0131k 9 ayda tamamlanan ve 24 bin m2 alana sahip olan Varsak Alt\u0131ayak Yerle\u015fkesi, 19 May\u0131s itibar\u0131yla 8 su \u015febeke ar\u0131za ekibiyle hizmet vermeye ba\u015flad\u0131. Yerle\u015fkede 280 metkerarelik kapal\u0131 malzeme deposu, 260 metkerarelik idari bina, 1080 metkerarelik boru ve k\u0131rmata\u015f stok sahas\u0131, makine ve panelvan ara\u00e7 park\u0131 bulunuyor. Bu yeni tesis, Kepez ve Aksu il\u00e7elerinde meydana gelen ar\u0131zalara daha h\u0131zl\u0131 m\u00fcdahale edilmesini sa\u011flayarak, ekiplerin yolda ge\u00e7irdi\u011fi s\u00fcreyi azalt\u0131yor ve sahada daha fazla ar\u0131zaya m\u00fcdahale etme imk\u00e2n\u0131 sunuyor. Alt\u0131ayak Yerle\u015fkesi, ayn\u0131 zamanda Varsak Alt\u0131ayak \u0130\u00e7mesuyu \u00dcretim Tesisi&#8217;ne de ev sahipli\u011fi yap\u0131yor. Bu tesis, 9 sondaj kuyusuyla saniyede 350 litre su \u00fcreterek Esentepe, Demirel, Ayano\u011flu, \u015eelale ve Gaziler mahallelerinin i\u00e7me suyu ihtiyac\u0131n\u0131 kar\u015f\u0131l\u0131yor. Tesis, 1.400 KVA jenerat\u00f6r sayesinde enerji kesintilerinde bile kesintisiz su \u00fcretimi sa\u011fl\u0131yor. Ayr\u0131ca SCADA sistemi ile depo ve kuyular\u0131n su seviyeleri anl\u0131k olarak izleniyor ve tesis 7\/24 g\u00fcvenlik kameralar\u0131yla kontrol ediliyor. Kaynak: www.kanalv.com.tr Haber Sitesinden Al\u0131nm\u0131\u015ft\u0131r.","og_url":"https:\/\/denizcankizil.tr\/en\/haberler\/antalya\/asattan-yeni-stratejik-tesis\/","og_site_name":"Av. Deniz Can K\u0131z\u0131l","article_published_time":"2025-05-21T13:42:38+00:00","og_image":[{"width":1280,"height":720,"url":"https:\/\/denizcankizil.tr\/wp-content\/uploads\/2025\/05\/6462-01-dSawqY.jpg","type":"image\/jpeg"}],"author":"Av. Deniz Can K\u0131z\u0131l","twitter_card":"summary_large_image","twitter_misc":{"Written by":"Av. Deniz Can K\u0131z\u0131l","Estimated reading time":"1 minute"},"schema":{"@context":"https:\/\/schema.org","@graph":[{"@type":"Article","@id":"https:\/\/denizcankizil.tr\/en\/haberler\/antalya\/asattan-yeni-stratejik-tesis\/#article","isPartOf":{"@id":"https:\/\/denizcankizil.tr\/en\/haberler\/antalya\/asattan-yeni-stratejik-tesis\/"},"author":{"name":"Av. Deniz Can K\u0131z\u0131l","@id":"https:\/\/denizcankizil.tr\/de\/#\/schema\/person\/5dc1b22991bd7ac833867c10afc9b0ff"},"headline":"ASAT&#8217;tan yeni, stratejik tesis","datePublished":"2025-05-21T13:42:38+00:00","mainEntityOfPage":{"@id":"https:\/\/denizcankizil.tr\/en\/haberler\/antalya\/asattan-yeni-stratejik-tesis\/"},"wordCount":256,"publisher":{"@id":"https:\/\/denizcankizil.tr\/de\/#organization"},"image":{"@id":"https:\/\/denizcankizil.tr\/en\/haberler\/antalya\/asattan-yeni-stratejik-tesis\/#primaryimage"},"thumbnailUrl":"https:\/\/denizcankizil.tr\/wp-content\/uploads\/2025\/05\/6462-01-dSawqY.jpg","articleSection":["Antalya"],"inLanguage":"en-GB"},{"@type":"WebPage","@id":"https:\/\/denizcankizil.tr\/en\/haberler\/antalya\/asattan-yeni-stratejik-tesis\/","url":"https:\/\/denizcankizil.tr\/en\/haberler\/antalya\/asattan-yeni-stratejik-tesis\/","name":"ASAT'tan yeni, stratejik tesis - Av. Deniz Can K\u0131z\u0131l","isPartOf":{"@id":"https:\/\/denizcankizil.tr\/de\/#website"},"primaryImageOfPage":{"@id":"https:\/\/denizcankizil.tr\/en\/haberler\/antalya\/asattan-yeni-stratejik-tesis\/#primaryimage"},"image":{"@id":"https:\/\/denizcankizil.tr\/en\/haberler\/antalya\/asattan-yeni-stratejik-tesis\/#primaryimage"},"thumbnailUrl":"https:\/\/denizcankizil.tr\/wp-content\/uploads\/2025\/05\/6462-01-dSawqY.jpg","datePublished":"2025-05-21T13:42:38+00:00","breadcrumb":{"@id":"https:\/\/denizcankizil.tr\/en\/haberler\/antalya\/asattan-yeni-stratejik-tesis\/#breadcrumb"},"inLanguage":"en-GB","potentialAction":[{"@type":"ReadAction","target":["https:\/\/denizcankizil.tr\/en\/haberler\/antalya\/asattan-yeni-stratejik-tesis\/"]}]},{"@type":"ImageObject","inLanguage":"en-GB","@id":"https:\/\/denizcankizil.tr\/en\/haberler\/antalya\/asattan-yeni-stratejik-tesis\/#primaryimage","url":"https:\/\/denizcankizil.tr\/wp-content\/uploads\/2025\/05\/6462-01-dSawqY.jpg","contentUrl":"https:\/\/denizcankizil.tr\/wp-content\/uploads\/2025\/05\/6462-01-dSawqY.jpg","width":1280,"height":720},{"@type":"BreadcrumbList","@id":"https:\/\/denizcankizil.tr\/en\/haberler\/antalya\/asattan-yeni-stratejik-tesis\/#breadcrumb","itemListElement":[{"@type":"ListItem","position":1,"name":"Home","item":"https:\/\/denizcankizil.tr\/de\/"},{"@type":"ListItem","position":2,"name":"ASAT&#8217;tan yeni, stratejik tesis"}]},{"@type":"WebSite","@id":"https:\/\/denizcankizil.tr\/de\/#website","url":"https:\/\/denizcankizil.tr\/de\/","name":"Av. Deniz Can K\u0131z\u0131l","description":"Avukat Deniz Can K\u0131z\u0131l Antalya Barosu","publisher":{"@id":"https:\/\/denizcankizil.tr\/de\/#organization"},"potentialAction":[{"@type":"SearchAction","target":{"@type":"EntryPoint","urlTemplate":"https:\/\/denizcankizil.tr\/de\/?s={search_term_string}"},"query-input":{"@type":"PropertyValueSpecification","valueRequired":true,"valueName":"search_term_string"}}],"inLanguage":"en-GB"},{"@type":"Organization","@id":"https:\/\/denizcankizil.tr\/de\/#organization","name":"Av. Deniz Can K\u0131z\u0131l","url":"https:\/\/denizcankizil.tr\/de\/","logo":{"@type":"ImageObject","inLanguage":"en-GB","@id":"https:\/\/denizcankizil.tr\/de\/#\/schema\/logo\/image\/","url":"https:\/\/denizcankizil.tr\/wp-content\/uploads\/2024\/10\/siyah-logo-svg.svg","contentUrl":"https:\/\/denizcankizil.tr\/wp-content\/uploads\/2024\/10\/siyah-logo-svg.svg","width":1080,"height":1080,"caption":"Av. Deniz Can K\u0131z\u0131l"},"image":{"@id":"https:\/\/denizcankizil.tr\/de\/#\/schema\/logo\/image\/"}},{"@type":"Person","@id":"https:\/\/denizcankizil.tr\/de\/#\/schema\/person\/5dc1b22991bd7ac833867c10afc9b0ff","name":"Av. Deniz Can K\u0131z\u0131l","image":{"@type":"ImageObject","inLanguage":"en-GB","@id":"https:\/\/denizcankizil.tr\/de\/#\/schema\/person\/image\/","url":"https:\/\/secure.gravatar.com\/avatar\/a0b128fb9855c79efc976d5640eedb31dc35ec297594d6016d2cf7c60e975bb6?s=96&d=mm&r=g","contentUrl":"https:\/\/secure.gravatar.com\/avatar\/a0b128fb9855c79efc976d5640eedb31dc35ec297594d6016d2cf7c60e975bb6?s=96&d=mm&r=g","caption":"Av. Deniz Can K\u0131z\u0131l"},"sameAs":["http:\/\/www.denizcankizil.tr"],"url":"https:\/\/denizcankizil.tr\/en\/author\/denizcankizil\/"}]}},"_links":{"self":[{"href":"https:\/\/denizcankizil.tr\/en\/wp-json\/wp\/v2\/posts\/93640","targetHints":{"allow":["GET"]}}],"collection":[{"href":"https:\/\/denizcankizil.tr\/en\/wp-json\/wp\/v2\/posts"}],"about":[{"href":"https:\/\/denizcankizil.tr\/en\/wp-json\/wp\/v2\/types\/post"}],"author":[{"embeddable":true,"href":"https:\/\/denizcankizil.tr\/en\/wp-json\/wp\/v2\/users\/4"}],"replies":[{"embeddable":true,"href":"https:\/\/denizcankizil.tr\/en\/wp-json\/wp\/v2\/comments?post=93640"}],"version-history":[{"count":0,"href":"https:\/\/denizcankizil.tr\/en\/wp-json\/wp\/v2\/posts\/93640\/revisions"}],"wp:featuredmedia":[{"embeddable":true,"href":"https:\/\/denizcankizil.tr\/en\/wp-json\/wp\/v2\/media\/93641"}],"wp:attachment":[{"href":"https:\/\/denizcankizil.tr\/en\/wp-json\/wp\/v2\/media?parent=93640"}],"wp:term":[{"taxonomy":"category","embeddable":true,"href":"https:\/\/denizcankizil.tr\/en\/wp-json\/wp\/v2\/categories?post=93640"},{"taxonomy":"post_tag","embeddable":true,"href":"https:\/\/denizcankizil.tr\/en\/wp-json\/wp\/v2\/tags?post=93640"}],"curies":[{"name":"wp","href":"https:\/\/api.w.org\/{rel}","templated":true}]}}