{"id":93125,"date":"2025-05-20T23:29:31","date_gmt":"2025-05-20T20:29:31","guid":{"rendered":"https:\/\/denizcankizil.tr\/uncategorized-tr\/bursada-grev-sona-erdi-burulas-ile-demiryol-is-arasinda-toplu-is-sozlesmesi-imzalandi\/"},"modified":"2025-05-20T23:29:31","modified_gmt":"2025-05-20T20:29:31","slug":"bursada-grev-sona-erdi-burulas-ile-demiryol-is-arasinda-toplu-is-sozlesmesi-imzalandi","status":"publish","type":"post","link":"https:\/\/denizcankizil.tr\/en\/haberler\/gundem\/bursada-grev-sona-erdi-burulas-ile-demiryol-is-arasinda-toplu-is-sozlesmesi-imzalandi\/","title":{"rendered":"Bursa&#8217;da grev sona erdi! BURULA\u015e ile Demiryol-\u0130\u015f aras\u0131nda toplu i\u015f s\u00f6zle\u015fmesi imzaland\u0131!"},"content":{"rendered":"<p>Bursa B\u00fcy\u00fck\u015fehir Belediye Ba\u015fkan\u0131 Mustafa Bozbey, BURULA\u015e ile Demiryol-\u0130\u015f Sendikas\u0131 aras\u0131nda devam eden toplu i\u015f s\u00f6zle\u015fmesi g\u00f6r\u00fc\u015fmelerinde anla\u015fma sa\u011fland\u0131\u011f\u0131n\u0131 a\u00e7\u0131klad\u0131.BURSA (\u0130GFA) \u2013 BURULA\u015e ile Demiryol-\u0130\u015f Sendikas\u0131 aras\u0131nda devam eden toplu i\u015f s\u00f6zle\u015fmesinde mutlu sona ula\u015f\u0131ld\u0131.<br \/>\nG\u00fcn boyunca devam eden g\u00f6r\u00fc\u015fmelerin sonucunda sendika ile BURULA\u015e aras\u0131nda anla\u015fmaya var\u0131ld\u0131\u011f\u0131n\u0131 a\u00e7\u0131klayan Ba\u015fkan Mustafa Bozbey, Demiryol-\u0130\u015f Sendikas\u0131 Ba\u015fkan\u0131 Cemal Yaman\u2019a, Demiryol-\u0130\u015f Sendikas\u0131 Adapazar\u0131 \u015eube Sekreteri Hilmi G\u00fcltekin\u2019e, T\u00dcRK-\u0130\u015e 8. B\u00f6lge Ba\u015fkan\u0131 Ruhi Bi\u00e7er\u2019e, Sodem-Sen Genel Sekreteri Cahit Korkmaz\u2019a ve katk\u0131s\u0131 bulunan herkese te\u015fekk\u00fcr etti.<br \/>\nBursa B\u00fcy\u00fck\u015fehir Belediyesi\u2019nin 13 bin 800 civar\u0131nda \u00e7al\u0131\u015fan\u0131 bulundu\u011funu ifade eden Ba\u015fkan Mustafa Bozbey, her bir \u00e7al\u0131\u015fan\u0131n kendileri i\u00e7in k\u0131ymetli oldu\u011funu dile getirdi.<\/p>\n<p>T\u00fcm B\u00fcy\u00fck\u015fehir Belediyesi \u00e7al\u0131\u015fanlar\u0131yla birlikte Bursal\u0131lar\u0131n g\u00fcl\u00fcmsemesi i\u00e7in hizmet etmeye devam edeceklerini anlatan Ba\u015fkan Bozbey, \u201c\u00c7al\u0131\u015fma arkada\u015flar\u0131m\u0131z\u0131n her birine tek tek te\u015fekk\u00fcr ediyorum. BURULA\u015e\u2019ta g\u00f6rev yapan arkada\u015flar\u0131m\u0131za yapm\u0131\u015f olduklar\u0131 hizmetlerden ve bundan sonra yapacaklar\u0131 hizmetlerden dolay\u0131 te\u015fekk\u00fcr ediyorum. B\u00fct\u00fcn Bursal\u0131lar\u0131 bir yerden bir yere g\u00fcvenli bir \u015fekilde g\u00f6t\u00fcr\u00fcyorlar. Yapm\u0131\u015f olduklar\u0131 hizmetlerle de Bursal\u0131lar hem nefes al\u0131yor hem de yapt\u0131klar\u0131 hizmetlerden dolay\u0131 bizler de mutluluk duyuyoruz. Belki bir anla\u015fmazl\u0131k oldu. Ama demokrasinin gere\u011fi bunlar ya\u015fanabilir. Bu saat itibariyle bir anla\u015fmaya var\u0131lm\u0131\u015ft\u0131r. Her iki taraf i\u00e7in ve \u00e7al\u0131\u015fanlar\u0131m\u0131z i\u00e7in hay\u0131rl\u0131 olmas\u0131n\u0131 diliyorum. \u0130n\u015fallah bundan sonra hep birlikte g\u00fcl\u00fcmseten hizmetleri vermeye devam edece\u011fiz. Netice itibariyle Bursal\u0131 da nefes alm\u0131\u015f oldu. T\u00fcm \u00e7al\u0131\u015fanlar\u0131m\u0131z\u0131n en iyi ya\u015fam standartlar\u0131na sahip olmas\u0131n\u0131 istiyoruz. G\u00f6nl\u00fcm\u00fczden bu ge\u00e7iyor. Hay\u0131rl\u0131 olsun\u201d dedi.<br \/>\nDemiryol-\u0130\u015f Sendikas\u0131 Adapazar\u0131 \u015eube Sekreteri Hilmi G\u00fcltekin, 11. d\u00f6nem toplu i\u015f s\u00f6zle\u015fmesinde anla\u015fmaya vard\u0131klar\u0131 i\u00e7in mutlu olduklar\u0131n\u0131 dile getirdi.<\/p>\n<p>Katk\u0131lar\u0131ndan \u00f6t\u00fcr\u00fc ba\u015fta Bursa B\u00fcy\u00fck\u015fehir Belediye Ba\u015fkan\u0131 Mustafa Bozbey\u2019e, BURULA\u015e Genel M\u00fcd\u00fcr\u00fc Fahrettin Be\u015fli\u2019ye ve katk\u0131 sunanlara te\u015fekk\u00fcr eden G\u00fcltekin, \u201cUzun ve s\u0131k\u0131nt\u0131l\u0131 bir s\u00fcre\u00e7 ya\u015fad\u0131k. Belediyenin de i\u00e7erisinde bulundu\u011fu s\u0131k\u0131nt\u0131l\u0131 durumlar\u0131 biliyoruz. Ama \u00e7al\u0131\u015fanlar\u0131m\u0131z\u0131n da s\u0131k\u0131nt\u0131l\u0131 durumlar\u0131 var. Ge\u00e7imle ilgili s\u0131k\u0131nt\u0131lar\u0131 var. Bunlar\u0131 anlatmaya \u00e7al\u0131\u015ft\u0131k. \u0130\u015f zorluklar\u0131 vard\u0131. Bunlar\u0131 anlatma \u00e7al\u0131\u015ft\u0131k. Sonu\u00e7 itibariyle bir noktaya geldik. Toplu i\u015f s\u00f6zle\u015fmesinin t\u00fcm \u00e7al\u0131\u015fanlara hay\u0131rl\u0131 olmas\u0131n\u0131 diliyorum\u201d diye konu\u015ftu.<br \/>\nKonu\u015fmalar sonras\u0131nda Ba\u015fkan Mustafa Bozbey, BURULA\u015e Genel M\u00fcd\u00fcr\u00fc Fahrettin Be\u015fli, Demiryol-\u0130\u015f Sendikas\u0131 Adapazar\u0131 \u015eube Sekreteri Hilmi G\u00fcltekin, Sodem-Sen Genel Sekreteri Cahit Korkmaz, Sodem-Sen hukuk Koordinat\u00f6r\u00fc Prof. Dr. S\u00fcleyman Ba\u015fterzi, Adapazar\u0131 \u015eube Mali Sekreteri \u00d6zkan \u00c7ak\u0131ro\u011flu, \u015eirket \u0130nsan Kaynaklar\u0131 M\u00fcd\u00fcr\u00fc Elif \u015eenol, Sodem-Sen T\u0130S uzmanlar\u0131 Pamir Ba\u015fer ve Ahmet Yavuz \u015eent\u00fcrk, i\u015f yeri temsilcileri Ferit Akkoyun, Ayhan Ceylan ve Murat \u00c7ak\u0131r aras\u0131nda toplu i\u015f s\u00f6zle\u015fmesi imzaland\u0131.<\/p>\n<p>\u200bBursa B\u00fcy\u00fck\u015fehir Belediye Ba\u015fkan\u0131 Mustafa Bozbey, BURULA\u015e ile Demiryol-\u0130\u015f Sendikas\u0131 aras\u0131nda devam eden toplu i\u015f s\u00f6zle\u015fmesi g\u00f6r\u00fc\u015fmelerinde anla\u015fma sa\u011fland\u0131\u011f\u0131n\u0131 a\u00e7\u0131klad\u0131.BURSA (\u0130GFA) \u2013 BURULA\u015e ile Demiryol-\u0130\u015f Sendikas\u0131 aras\u0131nda devam eden toplu i\u015f s\u00f6zle\u015fmesinde mutlu sona ula\u015f\u0131ld\u0131.<br \/>\nG\u00fcn boyunca devam eden g\u00f6r\u00fc\u015fmelerin sonucunda sendika ile BURULA\u015e aras\u0131nda anla\u015fmaya var\u0131ld\u0131\u011f\u0131n\u0131 a\u00e7\u0131klayan Ba\u015fkan Mustafa Bozbey, Demiryol-\u0130\u015f Sendikas\u0131 Ba\u015fkan\u0131 Cemal Yaman\u2019a, Demiryol-\u0130\u015f Sendikas\u0131 Adapazar\u0131 \u015eube Sekreteri Hilmi G\u00fcltekin\u2019e, T\u00dcRK-\u0130\u015e 8. B\u00f6lge Ba\u015fkan\u0131 Ruhi Bi\u00e7er\u2019e, Sodem-Sen Genel Sekreteri Cahit Korkmaz\u2019a ve katk\u0131s\u0131 bulunan herkese te\u015fekk\u00fcr etti.<br \/>\nBursa B\u00fcy\u00fck\u015fehir Belediyesi\u2019nin 13 bin 800 civar\u0131nda \u00e7al\u0131\u015fan\u0131 bulundu\u011funu ifade eden Ba\u015fkan Mustafa Bozbey, her bir \u00e7al\u0131\u015fan\u0131n kendileri i\u00e7in k\u0131ymetli oldu\u011funu dile getirdi.<\/p>\n<p>T\u00fcm B\u00fcy\u00fck\u015fehir Belediyesi \u00e7al\u0131\u015fanlar\u0131yla birlikte Bursal\u0131lar\u0131n g\u00fcl\u00fcmsemesi i\u00e7in hizmet etmeye devam edeceklerini anlatan Ba\u015fkan Bozbey, \u201c\u00c7al\u0131\u015fma arkada\u015flar\u0131m\u0131z\u0131n her birine tek tek te\u015fekk\u00fcr ediyorum. BURULA\u015e\u2019ta g\u00f6rev yapan arkada\u015flar\u0131m\u0131za yapm\u0131\u015f olduklar\u0131 hizmetlerden ve bundan sonra yapacaklar\u0131 hizmetlerden dolay\u0131 te\u015fekk\u00fcr ediyorum. B\u00fct\u00fcn Bursal\u0131lar\u0131 bir yerden bir yere g\u00fcvenli bir \u015fekilde g\u00f6t\u00fcr\u00fcyorlar. Yapm\u0131\u015f olduklar\u0131 hizmetlerle de Bursal\u0131lar hem nefes al\u0131yor hem de yapt\u0131klar\u0131 hizmetlerden dolay\u0131 bizler de mutluluk duyuyoruz. Belki bir anla\u015fmazl\u0131k oldu. Ama demokrasinin gere\u011fi bunlar ya\u015fanabilir. Bu saat itibariyle bir anla\u015fmaya var\u0131lm\u0131\u015ft\u0131r. Her iki taraf i\u00e7in ve \u00e7al\u0131\u015fanlar\u0131m\u0131z i\u00e7in hay\u0131rl\u0131 olmas\u0131n\u0131 diliyorum. \u0130n\u015fallah bundan sonra hep birlikte g\u00fcl\u00fcmseten hizmetleri vermeye devam edece\u011fiz. Netice itibariyle Bursal\u0131 da nefes alm\u0131\u015f oldu. T\u00fcm \u00e7al\u0131\u015fanlar\u0131m\u0131z\u0131n en iyi ya\u015fam standartlar\u0131na sahip olmas\u0131n\u0131 istiyoruz. G\u00f6nl\u00fcm\u00fczden bu ge\u00e7iyor. Hay\u0131rl\u0131 olsun\u201d dedi.<br \/>\nDemiryol-\u0130\u015f Sendikas\u0131 Adapazar\u0131 \u015eube Sekreteri Hilmi G\u00fcltekin, 11. d\u00f6nem toplu i\u015f s\u00f6zle\u015fmesinde anla\u015fmaya vard\u0131klar\u0131 i\u00e7in mutlu olduklar\u0131n\u0131 dile getirdi.<\/p>\n<p>Katk\u0131lar\u0131ndan \u00f6t\u00fcr\u00fc ba\u015fta Bursa B\u00fcy\u00fck\u015fehir Belediye Ba\u015fkan\u0131 Mustafa Bozbey\u2019e, BURULA\u015e Genel M\u00fcd\u00fcr\u00fc Fahrettin Be\u015fli\u2019ye ve katk\u0131 sunanlara te\u015fekk\u00fcr eden G\u00fcltekin, \u201cUzun ve s\u0131k\u0131nt\u0131l\u0131 bir s\u00fcre\u00e7 ya\u015fad\u0131k. Belediyenin de i\u00e7erisinde bulundu\u011fu s\u0131k\u0131nt\u0131l\u0131 durumlar\u0131 biliyoruz. Ama \u00e7al\u0131\u015fanlar\u0131m\u0131z\u0131n da s\u0131k\u0131nt\u0131l\u0131 durumlar\u0131 var. Ge\u00e7imle ilgili s\u0131k\u0131nt\u0131lar\u0131 var. Bunlar\u0131 anlatmaya \u00e7al\u0131\u015ft\u0131k. \u0130\u015f zorluklar\u0131 vard\u0131. Bunlar\u0131 anlatma \u00e7al\u0131\u015ft\u0131k. Sonu\u00e7 itibariyle bir noktaya geldik. Toplu i\u015f s\u00f6zle\u015fmesinin t\u00fcm \u00e7al\u0131\u015fanlara hay\u0131rl\u0131 olmas\u0131n\u0131 diliyorum\u201d diye konu\u015ftu.<br \/>\nKonu\u015fmalar sonras\u0131nda Ba\u015fkan Mustafa Bozbey, BURULA\u015e Genel M\u00fcd\u00fcr\u00fc Fahrettin Be\u015fli, Demiryol-\u0130\u015f Sendikas\u0131 Adapazar\u0131 \u015eube Sekreteri Hilmi G\u00fcltekin, Sodem-Sen Genel Sekreteri Cahit Korkmaz, Sodem-Sen hukuk Koordinat\u00f6r\u00fc Prof. Dr. S\u00fcleyman Ba\u015fterzi, Adapazar\u0131 \u015eube Mali Sekreteri \u00d6zkan \u00c7ak\u0131ro\u011flu, \u015eirket \u0130nsan Kaynaklar\u0131 M\u00fcd\u00fcr\u00fc Elif \u015eenol, Sodem-Sen T\u0130S uzmanlar\u0131 Pamir Ba\u015fer ve Ahmet Yavuz \u015eent\u00fcrk, i\u015f yeri temsilcileri Ferit Akkoyun, Ayhan Ceylan ve Murat \u00c7ak\u0131r aras\u0131nda toplu i\u015f s\u00f6zle\u015fmesi imzaland\u0131.\u00a0<\/p>\n<p>\u200bHaberin Al\u0131nt\u0131land\u0131\u011f\u0131 Kaynak: www.iskenderun.org<\/p>","protected":false},"excerpt":{"rendered":"<p>Bursa B\u00fcy\u00fck\u015fehir Belediye Ba\u015fkan\u0131 Mustafa Bozbey, BURULA\u015e ile Demiryol-\u0130\u015f Sendikas\u0131 aras\u0131nda devam eden toplu i\u015f s\u00f6zle\u015fmesi g\u00f6r\u00fc\u015fmelerinde anla\u015fma sa\u011fland\u0131\u011f\u0131n\u0131 a\u00e7\u0131klad\u0131.BURSA (\u0130GFA) \u2013 BURULA\u015e ile Demiryol-\u0130\u015f Sendikas\u0131 aras\u0131nda devam eden toplu i\u015f s\u00f6zle\u015fmesinde mutlu sona ula\u015f\u0131ld\u0131. G\u00fcn boyunca devam eden g\u00f6r\u00fc\u015fmelerin sonucunda sendika ile BURULA\u015e aras\u0131nda anla\u015fmaya var\u0131ld\u0131\u011f\u0131n\u0131 a\u00e7\u0131klayan Ba\u015fkan Mustafa Bozbey, Demiryol-\u0130\u015f Sendikas\u0131 Ba\u015fkan\u0131 Cemal Yaman\u2019a, Demiryol-\u0130\u015f Sendikas\u0131 Adapazar\u0131 \u015eube Sekreteri Hilmi G\u00fcltekin\u2019e, T\u00dcRK-\u0130\u015e 8. B\u00f6lge Ba\u015fkan\u0131 Ruhi Bi\u00e7er\u2019e, Sodem-Sen Genel Sekreteri Cahit Korkmaz\u2019a ve katk\u0131s\u0131 bulunan herkese te\u015fekk\u00fcr etti. Bursa B\u00fcy\u00fck\u015fehir Belediyesi\u2019nin 13 bin 800 civar\u0131nda \u00e7al\u0131\u015fan\u0131 bulundu\u011funu ifade eden Ba\u015fkan Mustafa Bozbey, her bir \u00e7al\u0131\u015fan\u0131n kendileri i\u00e7in k\u0131ymetli oldu\u011funu dile getirdi. T\u00fcm B\u00fcy\u00fck\u015fehir Belediyesi \u00e7al\u0131\u015fanlar\u0131yla birlikte Bursal\u0131lar\u0131n g\u00fcl\u00fcmsemesi i\u00e7in hizmet etmeye devam edeceklerini anlatan Ba\u015fkan Bozbey, \u201c\u00c7al\u0131\u015fma arkada\u015flar\u0131m\u0131z\u0131n her birine tek tek te\u015fekk\u00fcr ediyorum. BURULA\u015e\u2019ta g\u00f6rev yapan arkada\u015flar\u0131m\u0131za yapm\u0131\u015f olduklar\u0131 hizmetlerden ve bundan sonra yapacaklar\u0131 hizmetlerden dolay\u0131 te\u015fekk\u00fcr ediyorum. B\u00fct\u00fcn Bursal\u0131lar\u0131 bir yerden bir yere g\u00fcvenli bir \u015fekilde g\u00f6t\u00fcr\u00fcyorlar. Yapm\u0131\u015f olduklar\u0131 hizmetlerle de Bursal\u0131lar hem nefes al\u0131yor hem de yapt\u0131klar\u0131 hizmetlerden dolay\u0131 bizler de mutluluk duyuyoruz. Belki bir anla\u015fmazl\u0131k oldu. Ama demokrasinin gere\u011fi bunlar ya\u015fanabilir. Bu saat itibariyle bir anla\u015fmaya var\u0131lm\u0131\u015ft\u0131r. Her iki taraf i\u00e7in ve \u00e7al\u0131\u015fanlar\u0131m\u0131z i\u00e7in hay\u0131rl\u0131 olmas\u0131n\u0131 diliyorum. \u0130n\u015fallah bundan sonra hep birlikte g\u00fcl\u00fcmseten hizmetleri &hellip;<\/p>","protected":false},"author":1,"featured_media":0,"comment_status":"","ping_status":"open","sticky":false,"template":"","format":"standard","meta":{"_acf_changed":false,"footnotes":""},"categories":[24],"tags":[],"class_list":["post-93125","post","type-post","status-publish","format-standard","has-post-thumbnail","hentry","category-gundem"],"acf":[],"yoast_head":"<!-- This site is optimized with the Yoast SEO Premium plugin v26.6 (Yoast SEO v27.1.1) - https:\/\/yoast.com\/product\/yoast-seo-premium-wordpress\/ -->\n<title>Bursa&#039;da grev sona erdi! BURULA\u015e ile Demiryol-\u0130\u015f aras\u0131nda toplu i\u015f s\u00f6zle\u015fmesi imzaland\u0131! - Av. Deniz Can K\u0131z\u0131l<\/title>\n<meta name=\"robots\" content=\"index, follow, max-snippet:-1, max-image-preview:large, max-video-preview:-1\" \/>\n<link rel=\"canonical\" href=\"https:\/\/denizcankizil.tr\/en\/haberler\/gundem\/bursada-grev-sona-erdi-burulas-ile-demiryol-is-arasinda-toplu-is-sozlesmesi-imzalandi\/\" \/>\n<meta property=\"og:locale\" content=\"en_GB\" \/>\n<meta property=\"og:type\" content=\"article\" \/>\n<meta property=\"og:title\" content=\"Bursa&#039;da grev sona erdi! BURULA\u015e ile Demiryol-\u0130\u015f aras\u0131nda toplu i\u015f s\u00f6zle\u015fmesi imzaland\u0131!\" \/>\n<meta property=\"og:description\" content=\"Bursa B\u00fcy\u00fck\u015fehir Belediye Ba\u015fkan\u0131 Mustafa Bozbey, BURULA\u015e ile Demiryol-\u0130\u015f Sendikas\u0131 aras\u0131nda devam eden toplu i\u015f s\u00f6zle\u015fmesi g\u00f6r\u00fc\u015fmelerinde anla\u015fma sa\u011fland\u0131\u011f\u0131n\u0131 a\u00e7\u0131klad\u0131.BURSA (\u0130GFA) \u2013 BURULA\u015e ile Demiryol-\u0130\u015f Sendikas\u0131 aras\u0131nda devam eden toplu i\u015f s\u00f6zle\u015fmesinde mutlu sona ula\u015f\u0131ld\u0131. G\u00fcn boyunca devam eden g\u00f6r\u00fc\u015fmelerin sonucunda sendika ile BURULA\u015e aras\u0131nda anla\u015fmaya var\u0131ld\u0131\u011f\u0131n\u0131 a\u00e7\u0131klayan Ba\u015fkan Mustafa Bozbey, Demiryol-\u0130\u015f Sendikas\u0131 Ba\u015fkan\u0131 Cemal Yaman\u2019a, Demiryol-\u0130\u015f Sendikas\u0131 Adapazar\u0131 \u015eube Sekreteri Hilmi G\u00fcltekin\u2019e, T\u00dcRK-\u0130\u015e 8. B\u00f6lge Ba\u015fkan\u0131 Ruhi Bi\u00e7er\u2019e, Sodem-Sen Genel Sekreteri Cahit Korkmaz\u2019a ve katk\u0131s\u0131 bulunan herkese te\u015fekk\u00fcr etti. Bursa B\u00fcy\u00fck\u015fehir Belediyesi\u2019nin 13 bin 800 civar\u0131nda \u00e7al\u0131\u015fan\u0131 bulundu\u011funu ifade eden Ba\u015fkan Mustafa Bozbey, her bir \u00e7al\u0131\u015fan\u0131n kendileri i\u00e7in k\u0131ymetli oldu\u011funu dile getirdi. T\u00fcm B\u00fcy\u00fck\u015fehir Belediyesi \u00e7al\u0131\u015fanlar\u0131yla birlikte Bursal\u0131lar\u0131n g\u00fcl\u00fcmsemesi i\u00e7in hizmet etmeye devam edeceklerini anlatan Ba\u015fkan Bozbey, \u201c\u00c7al\u0131\u015fma arkada\u015flar\u0131m\u0131z\u0131n her birine tek tek te\u015fekk\u00fcr ediyorum. BURULA\u015e\u2019ta g\u00f6rev yapan arkada\u015flar\u0131m\u0131za yapm\u0131\u015f olduklar\u0131 hizmetlerden ve bundan sonra yapacaklar\u0131 hizmetlerden dolay\u0131 te\u015fekk\u00fcr ediyorum. B\u00fct\u00fcn Bursal\u0131lar\u0131 bir yerden bir yere g\u00fcvenli bir \u015fekilde g\u00f6t\u00fcr\u00fcyorlar. Yapm\u0131\u015f olduklar\u0131 hizmetlerle de Bursal\u0131lar hem nefes al\u0131yor hem de yapt\u0131klar\u0131 hizmetlerden dolay\u0131 bizler de mutluluk duyuyoruz. Belki bir anla\u015fmazl\u0131k oldu. Ama demokrasinin gere\u011fi bunlar ya\u015fanabilir. Bu saat itibariyle bir anla\u015fmaya var\u0131lm\u0131\u015ft\u0131r. Her iki taraf i\u00e7in ve \u00e7al\u0131\u015fanlar\u0131m\u0131z i\u00e7in hay\u0131rl\u0131 olmas\u0131n\u0131 diliyorum. \u0130n\u015fallah bundan sonra hep birlikte g\u00fcl\u00fcmseten hizmetleri &hellip;\" \/>\n<meta property=\"og:url\" content=\"https:\/\/denizcankizil.tr\/en\/haberler\/gundem\/bursada-grev-sona-erdi-burulas-ile-demiryol-is-arasinda-toplu-is-sozlesmesi-imzalandi\/\" \/>\n<meta property=\"og:site_name\" content=\"Av. Deniz Can K\u0131z\u0131l\" \/>\n<meta property=\"article:published_time\" content=\"2025-05-20T20:29:31+00:00\" \/>\n<meta name=\"author\" content=\"admin\" \/>\n<meta name=\"twitter:card\" content=\"summary_large_image\" \/>\n<meta name=\"twitter:label1\" content=\"Written by\" \/>\n\t<meta name=\"twitter:data1\" content=\"admin\" \/>\n\t<meta name=\"twitter:label2\" content=\"Estimated reading time\" \/>\n\t<meta name=\"twitter:data2\" content=\"6 minutes\" \/>\n<script type=\"application\/ld+json\" class=\"yoast-schema-graph\">{\"@context\":\"https:\/\/schema.org\",\"@graph\":[{\"@type\":\"Article\",\"@id\":\"https:\/\/denizcankizil.tr\/uk\/haberler\/gundem\/bursada-grev-sona-erdi-burulas-ile-demiryol-is-arasinda-toplu-is-sozlesmesi-imzalandi\/#article\",\"isPartOf\":{\"@id\":\"https:\/\/denizcankizil.tr\/uk\/haberler\/gundem\/bursada-grev-sona-erdi-burulas-ile-demiryol-is-arasinda-toplu-is-sozlesmesi-imzalandi\/\"},\"author\":{\"name\":\"admin\",\"@id\":\"https:\/\/denizcankizil.tr\/#\/schema\/person\/be3c05fe6a12686905512445d8185489\"},\"headline\":\"Bursa&#8217;da grev sona erdi! BURULA\u015e ile Demiryol-\u0130\u015f aras\u0131nda toplu i\u015f s\u00f6zle\u015fmesi imzaland\u0131!\",\"datePublished\":\"2025-05-20T20:29:31+00:00\",\"mainEntityOfPage\":{\"@id\":\"https:\/\/denizcankizil.tr\/uk\/haberler\/gundem\/bursada-grev-sona-erdi-burulas-ile-demiryol-is-arasinda-toplu-is-sozlesmesi-imzalandi\/\"},\"wordCount\":1162,\"publisher\":{\"@id\":\"https:\/\/denizcankizil.tr\/#organization\"},\"articleSection\":[\"G\u00fcndem\"],\"inLanguage\":\"en-GB\"},{\"@type\":\"WebPage\",\"@id\":\"https:\/\/denizcankizil.tr\/uk\/haberler\/gundem\/bursada-grev-sona-erdi-burulas-ile-demiryol-is-arasinda-toplu-is-sozlesmesi-imzalandi\/\",\"url\":\"https:\/\/denizcankizil.tr\/uk\/haberler\/gundem\/bursada-grev-sona-erdi-burulas-ile-demiryol-is-arasinda-toplu-is-sozlesmesi-imzalandi\/\",\"name\":\"Bursa'da grev sona erdi! BURULA\u015e ile Demiryol-\u0130\u015f aras\u0131nda toplu i\u015f s\u00f6zle\u015fmesi imzaland\u0131! - Av. Deniz Can K\u0131z\u0131l\",\"isPartOf\":{\"@id\":\"https:\/\/denizcankizil.tr\/#website\"},\"datePublished\":\"2025-05-20T20:29:31+00:00\",\"breadcrumb\":{\"@id\":\"https:\/\/denizcankizil.tr\/uk\/haberler\/gundem\/bursada-grev-sona-erdi-burulas-ile-demiryol-is-arasinda-toplu-is-sozlesmesi-imzalandi\/#breadcrumb\"},\"inLanguage\":\"en-GB\",\"potentialAction\":[{\"@type\":\"ReadAction\",\"target\":[\"https:\/\/denizcankizil.tr\/uk\/haberler\/gundem\/bursada-grev-sona-erdi-burulas-ile-demiryol-is-arasinda-toplu-is-sozlesmesi-imzalandi\/\"]}]},{\"@type\":\"BreadcrumbList\",\"@id\":\"https:\/\/denizcankizil.tr\/uk\/haberler\/gundem\/bursada-grev-sona-erdi-burulas-ile-demiryol-is-arasinda-toplu-is-sozlesmesi-imzalandi\/#breadcrumb\",\"itemListElement\":[{\"@type\":\"ListItem\",\"position\":1,\"name\":\"Home\",\"item\":\"https:\/\/denizcankizil.tr\/de\/\"},{\"@type\":\"ListItem\",\"position\":2,\"name\":\"Bursa&#8217;da grev sona erdi! BURULA\u015e ile Demiryol-\u0130\u015f aras\u0131nda toplu i\u015f s\u00f6zle\u015fmesi imzaland\u0131!\"}]},{\"@type\":\"WebSite\",\"@id\":\"https:\/\/denizcankizil.tr\/#website\",\"url\":\"https:\/\/denizcankizil.tr\/\",\"name\":\"Av. Deniz Can K\u0131z\u0131l\",\"description\":\"Avukat Deniz Can K\u0131z\u0131l Antalya Barosu\",\"publisher\":{\"@id\":\"https:\/\/denizcankizil.tr\/#organization\"},\"potentialAction\":[{\"@type\":\"SearchAction\",\"target\":{\"@type\":\"EntryPoint\",\"urlTemplate\":\"https:\/\/denizcankizil.tr\/?s={search_term_string}\"},\"query-input\":{\"@type\":\"PropertyValueSpecification\",\"valueRequired\":true,\"valueName\":\"search_term_string\"}}],\"inLanguage\":\"en-GB\"},{\"@type\":\"Organization\",\"@id\":\"https:\/\/denizcankizil.tr\/#organization\",\"name\":\"Av. Deniz Can K\u0131z\u0131l\",\"url\":\"https:\/\/denizcankizil.tr\/\",\"logo\":{\"@type\":\"ImageObject\",\"inLanguage\":\"en-GB\",\"@id\":\"https:\/\/denizcankizil.tr\/#\/schema\/logo\/image\/\",\"url\":\"https:\/\/denizcankizil.tr\/wp-content\/uploads\/2024\/10\/siyah-logo-svg.svg\",\"contentUrl\":\"https:\/\/denizcankizil.tr\/wp-content\/uploads\/2024\/10\/siyah-logo-svg.svg\",\"width\":1080,\"height\":1080,\"caption\":\"Av. Deniz Can K\u0131z\u0131l\"},\"image\":{\"@id\":\"https:\/\/denizcankizil.tr\/#\/schema\/logo\/image\/\"}},{\"@type\":\"Person\",\"@id\":\"https:\/\/denizcankizil.tr\/#\/schema\/person\/be3c05fe6a12686905512445d8185489\",\"name\":\"admin\",\"image\":{\"@type\":\"ImageObject\",\"inLanguage\":\"en-GB\",\"@id\":\"https:\/\/denizcankizil.tr\/#\/schema\/person\/image\/\",\"url\":\"https:\/\/secure.gravatar.com\/avatar\/c1fce94c830dc79107e174f890d7210541c4a63e8e5d816341794a2151c9d58c?s=96&d=mm&r=g\",\"contentUrl\":\"https:\/\/secure.gravatar.com\/avatar\/c1fce94c830dc79107e174f890d7210541c4a63e8e5d816341794a2151c9d58c?s=96&d=mm&r=g\",\"caption\":\"admin\"},\"sameAs\":[\"http:\/\/denizcankizil.tr\"],\"url\":\"https:\/\/www.iskenderun.org\/bursada-grev-sona-erdi-burulas-ile-demiryol-is-arasinda-toplu-is-sozlesmesi-imzalandi\"}]}<\/script>\n<!-- \/ Yoast SEO Premium plugin. -->","yoast_head_json":{"title":"Bursa'da grev sona erdi! BURULA\u015e ile Demiryol-\u0130\u015f aras\u0131nda toplu i\u015f s\u00f6zle\u015fmesi imzaland\u0131! - Av. Deniz Can K\u0131z\u0131l","robots":{"index":"index","follow":"follow","max-snippet":"max-snippet:-1","max-image-preview":"max-image-preview:large","max-video-preview":"max-video-preview:-1"},"canonical":"https:\/\/denizcankizil.tr\/en\/haberler\/gundem\/bursada-grev-sona-erdi-burulas-ile-demiryol-is-arasinda-toplu-is-sozlesmesi-imzalandi\/","og_locale":"en_GB","og_type":"article","og_title":"Bursa'da grev sona erdi! BURULA\u015e ile Demiryol-\u0130\u015f aras\u0131nda toplu i\u015f s\u00f6zle\u015fmesi imzaland\u0131!","og_description":"Bursa B\u00fcy\u00fck\u015fehir Belediye Ba\u015fkan\u0131 Mustafa Bozbey, BURULA\u015e ile Demiryol-\u0130\u015f Sendikas\u0131 aras\u0131nda devam eden toplu i\u015f s\u00f6zle\u015fmesi g\u00f6r\u00fc\u015fmelerinde anla\u015fma sa\u011fland\u0131\u011f\u0131n\u0131 a\u00e7\u0131klad\u0131.BURSA (\u0130GFA) \u2013 BURULA\u015e ile Demiryol-\u0130\u015f Sendikas\u0131 aras\u0131nda devam eden toplu i\u015f s\u00f6zle\u015fmesinde mutlu sona ula\u015f\u0131ld\u0131. G\u00fcn boyunca devam eden g\u00f6r\u00fc\u015fmelerin sonucunda sendika ile BURULA\u015e aras\u0131nda anla\u015fmaya var\u0131ld\u0131\u011f\u0131n\u0131 a\u00e7\u0131klayan Ba\u015fkan Mustafa Bozbey, Demiryol-\u0130\u015f Sendikas\u0131 Ba\u015fkan\u0131 Cemal Yaman\u2019a, Demiryol-\u0130\u015f Sendikas\u0131 Adapazar\u0131 \u015eube Sekreteri Hilmi G\u00fcltekin\u2019e, T\u00dcRK-\u0130\u015e 8. B\u00f6lge Ba\u015fkan\u0131 Ruhi Bi\u00e7er\u2019e, Sodem-Sen Genel Sekreteri Cahit Korkmaz\u2019a ve katk\u0131s\u0131 bulunan herkese te\u015fekk\u00fcr etti. Bursa B\u00fcy\u00fck\u015fehir Belediyesi\u2019nin 13 bin 800 civar\u0131nda \u00e7al\u0131\u015fan\u0131 bulundu\u011funu ifade eden Ba\u015fkan Mustafa Bozbey, her bir \u00e7al\u0131\u015fan\u0131n kendileri i\u00e7in k\u0131ymetli oldu\u011funu dile getirdi. T\u00fcm B\u00fcy\u00fck\u015fehir Belediyesi \u00e7al\u0131\u015fanlar\u0131yla birlikte Bursal\u0131lar\u0131n g\u00fcl\u00fcmsemesi i\u00e7in hizmet etmeye devam edeceklerini anlatan Ba\u015fkan Bozbey, \u201c\u00c7al\u0131\u015fma arkada\u015flar\u0131m\u0131z\u0131n her birine tek tek te\u015fekk\u00fcr ediyorum. BURULA\u015e\u2019ta g\u00f6rev yapan arkada\u015flar\u0131m\u0131za yapm\u0131\u015f olduklar\u0131 hizmetlerden ve bundan sonra yapacaklar\u0131 hizmetlerden dolay\u0131 te\u015fekk\u00fcr ediyorum. B\u00fct\u00fcn Bursal\u0131lar\u0131 bir yerden bir yere g\u00fcvenli bir \u015fekilde g\u00f6t\u00fcr\u00fcyorlar. Yapm\u0131\u015f olduklar\u0131 hizmetlerle de Bursal\u0131lar hem nefes al\u0131yor hem de yapt\u0131klar\u0131 hizmetlerden dolay\u0131 bizler de mutluluk duyuyoruz. Belki bir anla\u015fmazl\u0131k oldu. Ama demokrasinin gere\u011fi bunlar ya\u015fanabilir. Bu saat itibariyle bir anla\u015fmaya var\u0131lm\u0131\u015ft\u0131r. Her iki taraf i\u00e7in ve \u00e7al\u0131\u015fanlar\u0131m\u0131z i\u00e7in hay\u0131rl\u0131 olmas\u0131n\u0131 diliyorum. \u0130n\u015fallah bundan sonra hep birlikte g\u00fcl\u00fcmseten hizmetleri &hellip;","og_url":"https:\/\/denizcankizil.tr\/en\/haberler\/gundem\/bursada-grev-sona-erdi-burulas-ile-demiryol-is-arasinda-toplu-is-sozlesmesi-imzalandi\/","og_site_name":"Av. Deniz Can K\u0131z\u0131l","article_published_time":"2025-05-20T20:29:31+00:00","author":"admin","twitter_card":"summary_large_image","twitter_misc":{"Written by":"admin","Estimated reading time":"6 minutes"},"schema":{"@context":"https:\/\/schema.org","@graph":[{"@type":"Article","@id":"https:\/\/denizcankizil.tr\/uk\/haberler\/gundem\/bursada-grev-sona-erdi-burulas-ile-demiryol-is-arasinda-toplu-is-sozlesmesi-imzalandi\/#article","isPartOf":{"@id":"https:\/\/denizcankizil.tr\/uk\/haberler\/gundem\/bursada-grev-sona-erdi-burulas-ile-demiryol-is-arasinda-toplu-is-sozlesmesi-imzalandi\/"},"author":{"name":"admin","@id":"https:\/\/denizcankizil.tr\/#\/schema\/person\/be3c05fe6a12686905512445d8185489"},"headline":"Bursa&#8217;da grev sona erdi! BURULA\u015e ile Demiryol-\u0130\u015f aras\u0131nda toplu i\u015f s\u00f6zle\u015fmesi imzaland\u0131!","datePublished":"2025-05-20T20:29:31+00:00","mainEntityOfPage":{"@id":"https:\/\/denizcankizil.tr\/uk\/haberler\/gundem\/bursada-grev-sona-erdi-burulas-ile-demiryol-is-arasinda-toplu-is-sozlesmesi-imzalandi\/"},"wordCount":1162,"publisher":{"@id":"https:\/\/denizcankizil.tr\/#organization"},"articleSection":["G\u00fcndem"],"inLanguage":"en-GB"},{"@type":"WebPage","@id":"https:\/\/denizcankizil.tr\/uk\/haberler\/gundem\/bursada-grev-sona-erdi-burulas-ile-demiryol-is-arasinda-toplu-is-sozlesmesi-imzalandi\/","url":"https:\/\/denizcankizil.tr\/uk\/haberler\/gundem\/bursada-grev-sona-erdi-burulas-ile-demiryol-is-arasinda-toplu-is-sozlesmesi-imzalandi\/","name":"Bursa'da grev sona erdi! BURULA\u015e ile Demiryol-\u0130\u015f aras\u0131nda toplu i\u015f s\u00f6zle\u015fmesi imzaland\u0131! - Av. Deniz Can K\u0131z\u0131l","isPartOf":{"@id":"https:\/\/denizcankizil.tr\/#website"},"datePublished":"2025-05-20T20:29:31+00:00","breadcrumb":{"@id":"https:\/\/denizcankizil.tr\/uk\/haberler\/gundem\/bursada-grev-sona-erdi-burulas-ile-demiryol-is-arasinda-toplu-is-sozlesmesi-imzalandi\/#breadcrumb"},"inLanguage":"en-GB","potentialAction":[{"@type":"ReadAction","target":["https:\/\/denizcankizil.tr\/uk\/haberler\/gundem\/bursada-grev-sona-erdi-burulas-ile-demiryol-is-arasinda-toplu-is-sozlesmesi-imzalandi\/"]}]},{"@type":"BreadcrumbList","@id":"https:\/\/denizcankizil.tr\/uk\/haberler\/gundem\/bursada-grev-sona-erdi-burulas-ile-demiryol-is-arasinda-toplu-is-sozlesmesi-imzalandi\/#breadcrumb","itemListElement":[{"@type":"ListItem","position":1,"name":"Home","item":"https:\/\/denizcankizil.tr\/de\/"},{"@type":"ListItem","position":2,"name":"Bursa&#8217;da grev sona erdi! BURULA\u015e ile Demiryol-\u0130\u015f aras\u0131nda toplu i\u015f s\u00f6zle\u015fmesi imzaland\u0131!"}]},{"@type":"WebSite","@id":"https:\/\/denizcankizil.tr\/#website","url":"https:\/\/denizcankizil.tr\/","name":"Av. Deniz Can K\u0131z\u0131l","description":"Avukat Deniz Can K\u0131z\u0131l Antalya Barosu","publisher":{"@id":"https:\/\/denizcankizil.tr\/#organization"},"potentialAction":[{"@type":"SearchAction","target":{"@type":"EntryPoint","urlTemplate":"https:\/\/denizcankizil.tr\/?s={search_term_string}"},"query-input":{"@type":"PropertyValueSpecification","valueRequired":true,"valueName":"search_term_string"}}],"inLanguage":"en-GB"},{"@type":"Organization","@id":"https:\/\/denizcankizil.tr\/#organization","name":"Av. Deniz Can K\u0131z\u0131l","url":"https:\/\/denizcankizil.tr\/","logo":{"@type":"ImageObject","inLanguage":"en-GB","@id":"https:\/\/denizcankizil.tr\/#\/schema\/logo\/image\/","url":"https:\/\/denizcankizil.tr\/wp-content\/uploads\/2024\/10\/siyah-logo-svg.svg","contentUrl":"https:\/\/denizcankizil.tr\/wp-content\/uploads\/2024\/10\/siyah-logo-svg.svg","width":1080,"height":1080,"caption":"Av. Deniz Can K\u0131z\u0131l"},"image":{"@id":"https:\/\/denizcankizil.tr\/#\/schema\/logo\/image\/"}},{"@type":"Person","@id":"https:\/\/denizcankizil.tr\/#\/schema\/person\/be3c05fe6a12686905512445d8185489","name":"admin","image":{"@type":"ImageObject","inLanguage":"en-GB","@id":"https:\/\/denizcankizil.tr\/#\/schema\/person\/image\/","url":"https:\/\/secure.gravatar.com\/avatar\/c1fce94c830dc79107e174f890d7210541c4a63e8e5d816341794a2151c9d58c?s=96&d=mm&r=g","contentUrl":"https:\/\/secure.gravatar.com\/avatar\/c1fce94c830dc79107e174f890d7210541c4a63e8e5d816341794a2151c9d58c?s=96&d=mm&r=g","caption":"admin"},"sameAs":["http:\/\/denizcankizil.tr"],"url":"https:\/\/www.iskenderun.org\/bursada-grev-sona-erdi-burulas-ile-demiryol-is-arasinda-toplu-is-sozlesmesi-imzalandi"}]}},"_links":{"self":[{"href":"https:\/\/denizcankizil.tr\/en\/wp-json\/wp\/v2\/posts\/93125","targetHints":{"allow":["GET"]}}],"collection":[{"href":"https:\/\/denizcankizil.tr\/en\/wp-json\/wp\/v2\/posts"}],"about":[{"href":"https:\/\/denizcankizil.tr\/en\/wp-json\/wp\/v2\/types\/post"}],"author":[{"embeddable":true,"href":"https:\/\/denizcankizil.tr\/en\/wp-json\/wp\/v2\/users\/1"}],"replies":[{"embeddable":true,"href":"https:\/\/denizcankizil.tr\/en\/wp-json\/wp\/v2\/comments?post=93125"}],"version-history":[{"count":0,"href":"https:\/\/denizcankizil.tr\/en\/wp-json\/wp\/v2\/posts\/93125\/revisions"}],"wp:attachment":[{"href":"https:\/\/denizcankizil.tr\/en\/wp-json\/wp\/v2\/media?parent=93125"}],"wp:term":[{"taxonomy":"category","embeddable":true,"href":"https:\/\/denizcankizil.tr\/en\/wp-json\/wp\/v2\/categories?post=93125"},{"taxonomy":"post_tag","embeddable":true,"href":"https:\/\/denizcankizil.tr\/en\/wp-json\/wp\/v2\/tags?post=93125"}],"curies":[{"name":"wp","href":"https:\/\/api.w.org\/{rel}","templated":true}]}}