{"id":92816,"date":"2025-05-20T16:41:33","date_gmt":"2025-05-20T13:41:33","guid":{"rendered":"https:\/\/denizcankizil.tr\/uncategorized-tr\/antalya-yine-zirvede\/"},"modified":"2025-05-20T16:41:33","modified_gmt":"2025-05-20T13:41:33","slug":"antalya-yine-zirvede","status":"publish","type":"post","link":"https:\/\/denizcankizil.tr\/en\/haberler\/antalya\/antalya-yine-zirvede\/","title":{"rendered":"Antalya yine zirvede"},"content":{"rendered":"<p>T\u00fcrkiye, \u00e7evre dostu turizmdeki ba\u015far\u0131s\u0131n\u0131 bir kez daha tescilledi. Uluslararas\u0131 Mavi Bayrak Program\u0131 \u00e7er\u00e7evesinde bu y\u0131l 577 plaj, 29 marina, 18 turizm teknesi ve 8 bireysel yat Mavi Bayrak almaya hak kazand\u0131. T\u00fcrkiye, bu ba\u015far\u0131yla \u0130spanya ve Yunanistan\u2019\u0131n ard\u0131ndan yine d\u00fcnyan\u0131n en \u00e7ok Mavi Bayrakl\u0131 plaj\u0131na sahip \u00fc\u00e7\u00fcnc\u00fc \u00fclkesi oldu.<\/p>\n<p>&#8220;Mavi Bayrak \u00fclkemize \u00e7ok yak\u0131\u015f\u0131yor&#8221;<br \/>\nK\u00fclt\u00fcr ve Turizm Bakan\u0131 Mehmet Nuri Ersoy, sosyal medya hesab\u0131ndan yapt\u0131\u011f\u0131 payla\u015f\u0131mda bu ba\u015far\u0131y\u0131, &#8220;Mavi Bayrak bu y\u0131l da \u00fclkemizin k\u0131y\u0131lar\u0131nda gururla dalgalanacak! 2025 y\u0131l\u0131nda yine d\u00fcnyan\u0131n en \u00e7ok Mavi Bayrakl\u0131 plaj\u0131na sahip 3&#8217;\u00fcnc\u00fc \u00fclkesi olduk. Mavi Bayrak \u00fclkemize \u00e7ok yak\u0131\u015f\u0131yor. Hay\u0131rl\u0131 olsun&#8221; s\u00f6zleriyle duyurdu.<\/p>\n<p>Antalya yine zirvede<br \/>\nVerilere g\u00f6re 233 plajla Antalya, bu y\u0131l da Mavi Bayrakl\u0131 plaj say\u0131s\u0131nda liderli\u011fini s\u00fcrd\u00fcrd\u00fc. Antalya\u2019y\u0131 110 plajla Mu\u011fla, 64 plajla \u0130zmir izledi. Di\u011fer illerdeki da\u011f\u0131l\u0131m ise Bal\u0131kesir, 48 plaj, Ayd\u0131n 39 plaj, Samsun 16 plaj, Mersin ve \u00c7anakkale 12\u2019\u015fer plaj, Ordu, Sakarya, Adana, D\u00fczce gibi \u015fehirler de listeye katk\u0131 sundu.<\/p>\n<p>Turizm tekneleri kategorisinde ise Antalya, 13 tekneyle birinci oldu<br \/>\nMarina kategorisinde en fazla Mavi Bayrak, 10 marina ile Mu\u011fla\u2019da yer al\u0131rken, Antalya 6, \u0130zmir ise 5 marina ile s\u0131ralamaya girdi. Turizm tekneleri kategorisinde ise Antalya, 13 tekneyle birinci oldu.<\/p>\n<p>10 yeni plaj mavi bayrak ald\u0131<br \/>\n2024\u2019te 567 olan Mavi Bayrakl\u0131 plaj say\u0131s\u0131, bu y\u0131l 577\u2019ye y\u00fckseldi. Marina say\u0131s\u0131 27\u2019den 29\u2019a, bireysel yatlar ise 8\u2019e \u00e7\u0131kt\u0131. Mavi Bayrak Program\u0131, d\u00fcnya genelinde 50&#8217;den fazla \u00fclkede uygulan\u0131yor. T\u00fcrkiye\u2019de program, T\u00fcrkiye \u00c7evre E\u011fitim Vakf\u0131 (T\u00dcR\u00c7EV) koordinasyonunda; K\u00fclt\u00fcr ve Turizm Bakanl\u0131\u011f\u0131, \u00c7evre, \u015eehircilik ve \u0130klim De\u011fi\u015fikli\u011fi Bakanl\u0131\u011f\u0131 ve Sa\u011fl\u0131k Bakanl\u0131\u011f\u0131 i\u015f birli\u011fiyle y\u00fcr\u00fct\u00fcl\u00fcyor. Plajlarda 33, marinalarda 38, teknelerde 51 ve bireysel yatlarda 4 \u00e7evresel ve y\u00f6netsel kriterin sa\u011flanmas\u0131 gereken program temiz \u00e7evre, g\u00fcvenli y\u00fczme alanlar\u0131 ve s\u00fcrd\u00fcr\u00fclebilir turizm anlay\u0131\u015f\u0131yla \u00f6ne \u00e7\u0131k\u0131yor.<\/p>\n<p>Kaynak: www.kanalv.com.tr Haber Sitesinden Al\u0131nm\u0131\u015ft\u0131r.<\/p>","protected":false},"excerpt":{"rendered":"<p>T\u00fcrkiye, \u00e7evre dostu turizmdeki ba\u015far\u0131s\u0131n\u0131 bir kez daha tescilledi. Uluslararas\u0131 Mavi Bayrak Program\u0131 \u00e7er\u00e7evesinde bu y\u0131l 577 plaj, 29 marina, 18 turizm teknesi ve 8 bireysel yat Mavi Bayrak almaya hak kazand\u0131. T\u00fcrkiye, bu ba\u015far\u0131yla \u0130spanya ve Yunanistan\u2019\u0131n ard\u0131ndan yine d\u00fcnyan\u0131n en \u00e7ok Mavi Bayrakl\u0131 plaj\u0131na sahip \u00fc\u00e7\u00fcnc\u00fc \u00fclkesi oldu. &#8220;Mavi Bayrak \u00fclkemize \u00e7ok yak\u0131\u015f\u0131yor&#8221; K\u00fclt\u00fcr ve Turizm Bakan\u0131 Mehmet Nuri Ersoy, sosyal medya hesab\u0131ndan yapt\u0131\u011f\u0131 payla\u015f\u0131mda bu ba\u015far\u0131y\u0131, &#8220;Mavi Bayrak bu y\u0131l da \u00fclkemizin k\u0131y\u0131lar\u0131nda gururla dalgalanacak! 2025 y\u0131l\u0131nda yine d\u00fcnyan\u0131n en \u00e7ok Mavi Bayrakl\u0131 plaj\u0131na sahip 3&#8217;\u00fcnc\u00fc \u00fclkesi olduk. Mavi Bayrak \u00fclkemize \u00e7ok yak\u0131\u015f\u0131yor. Hay\u0131rl\u0131 olsun&#8221; s\u00f6zleriyle duyurdu. Antalya yine zirvede Verilere g\u00f6re 233 plajla Antalya, bu y\u0131l da Mavi Bayrakl\u0131 plaj say\u0131s\u0131nda liderli\u011fini s\u00fcrd\u00fcrd\u00fc. Antalya\u2019y\u0131 110 plajla Mu\u011fla, 64 plajla \u0130zmir izledi. Di\u011fer illerdeki da\u011f\u0131l\u0131m ise Bal\u0131kesir, 48 plaj, Ayd\u0131n 39 plaj, Samsun 16 plaj, Mersin ve \u00c7anakkale 12\u2019\u015fer plaj, Ordu, Sakarya, Adana, D\u00fczce gibi \u015fehirler de listeye katk\u0131 sundu. Turizm tekneleri kategorisinde ise Antalya, 13 tekneyle birinci oldu Marina kategorisinde en fazla Mavi Bayrak, 10 marina ile Mu\u011fla\u2019da yer al\u0131rken, Antalya 6, \u0130zmir ise 5 marina ile s\u0131ralamaya girdi. Turizm tekneleri kategorisinde ise Antalya, 13 tekneyle birinci oldu. 10 yeni plaj mavi bayrak ald\u0131 2024\u2019te 567 &hellip;<\/p>","protected":false},"author":4,"featured_media":92817,"comment_status":"","ping_status":"open","sticky":false,"template":"","format":"standard","meta":{"_acf_changed":false,"footnotes":""},"categories":[26],"tags":[],"class_list":["post-92816","post","type-post","status-publish","format-standard","has-post-thumbnail","hentry","category-antalya"],"acf":[],"yoast_head":"<!-- This site is optimized with the Yoast SEO Premium plugin v26.6 (Yoast SEO v27.1.1) - https:\/\/yoast.com\/product\/yoast-seo-premium-wordpress\/ -->\n<title>Antalya yine zirvede - Av. Deniz Can K\u0131z\u0131l<\/title>\n<meta name=\"robots\" content=\"index, follow, max-snippet:-1, max-image-preview:large, max-video-preview:-1\" \/>\n<link rel=\"canonical\" href=\"https:\/\/denizcankizil.tr\/en\/haberler\/antalya\/antalya-yine-zirvede\/\" \/>\n<meta property=\"og:locale\" content=\"en_GB\" \/>\n<meta property=\"og:type\" content=\"article\" \/>\n<meta property=\"og:title\" content=\"Antalya yine zirvede\" \/>\n<meta property=\"og:description\" content=\"T\u00fcrkiye, \u00e7evre dostu turizmdeki ba\u015far\u0131s\u0131n\u0131 bir kez daha tescilledi. Uluslararas\u0131 Mavi Bayrak Program\u0131 \u00e7er\u00e7evesinde bu y\u0131l 577 plaj, 29 marina, 18 turizm teknesi ve 8 bireysel yat Mavi Bayrak almaya hak kazand\u0131. T\u00fcrkiye, bu ba\u015far\u0131yla \u0130spanya ve Yunanistan\u2019\u0131n ard\u0131ndan yine d\u00fcnyan\u0131n en \u00e7ok Mavi Bayrakl\u0131 plaj\u0131na sahip \u00fc\u00e7\u00fcnc\u00fc \u00fclkesi oldu. &#8220;Mavi Bayrak \u00fclkemize \u00e7ok yak\u0131\u015f\u0131yor&#8221; K\u00fclt\u00fcr ve Turizm Bakan\u0131 Mehmet Nuri Ersoy, sosyal medya hesab\u0131ndan yapt\u0131\u011f\u0131 payla\u015f\u0131mda bu ba\u015far\u0131y\u0131, &#8220;Mavi Bayrak bu y\u0131l da \u00fclkemizin k\u0131y\u0131lar\u0131nda gururla dalgalanacak! 2025 y\u0131l\u0131nda yine d\u00fcnyan\u0131n en \u00e7ok Mavi Bayrakl\u0131 plaj\u0131na sahip 3&#8217;\u00fcnc\u00fc \u00fclkesi olduk. Mavi Bayrak \u00fclkemize \u00e7ok yak\u0131\u015f\u0131yor. Hay\u0131rl\u0131 olsun&#8221; s\u00f6zleriyle duyurdu. Antalya yine zirvede Verilere g\u00f6re 233 plajla Antalya, bu y\u0131l da Mavi Bayrakl\u0131 plaj say\u0131s\u0131nda liderli\u011fini s\u00fcrd\u00fcrd\u00fc. Antalya\u2019y\u0131 110 plajla Mu\u011fla, 64 plajla \u0130zmir izledi. Di\u011fer illerdeki da\u011f\u0131l\u0131m ise Bal\u0131kesir, 48 plaj, Ayd\u0131n 39 plaj, Samsun 16 plaj, Mersin ve \u00c7anakkale 12\u2019\u015fer plaj, Ordu, Sakarya, Adana, D\u00fczce gibi \u015fehirler de listeye katk\u0131 sundu. Turizm tekneleri kategorisinde ise Antalya, 13 tekneyle birinci oldu Marina kategorisinde en fazla Mavi Bayrak, 10 marina ile Mu\u011fla\u2019da yer al\u0131rken, Antalya 6, \u0130zmir ise 5 marina ile s\u0131ralamaya girdi. Turizm tekneleri kategorisinde ise Antalya, 13 tekneyle birinci oldu. 10 yeni plaj mavi bayrak ald\u0131 2024\u2019te 567 &hellip;\" \/>\n<meta property=\"og:url\" content=\"https:\/\/denizcankizil.tr\/en\/haberler\/antalya\/antalya-yine-zirvede\/\" \/>\n<meta property=\"og:site_name\" content=\"Av. Deniz Can K\u0131z\u0131l\" \/>\n<meta property=\"article:published_time\" content=\"2025-05-20T13:41:33+00:00\" \/>\n<meta property=\"og:image\" content=\"https:\/\/denizcankizil.tr\/wp-content\/uploads\/2025\/05\/6444-01-BZaqki.jpg\" \/>\n\t<meta property=\"og:image:width\" content=\"1280\" \/>\n\t<meta property=\"og:image:height\" content=\"720\" \/>\n\t<meta property=\"og:image:type\" content=\"image\/jpeg\" \/>\n<meta name=\"author\" content=\"Av. Deniz Can K\u0131z\u0131l\" \/>\n<meta name=\"twitter:card\" content=\"summary_large_image\" \/>\n<meta name=\"twitter:label1\" content=\"Written by\" \/>\n\t<meta name=\"twitter:data1\" content=\"Av. Deniz Can K\u0131z\u0131l\" \/>\n\t<meta name=\"twitter:label2\" content=\"Estimated reading time\" \/>\n\t<meta name=\"twitter:data2\" content=\"2 minutes\" \/>\n<script type=\"application\/ld+json\" class=\"yoast-schema-graph\">{\"@context\":\"https:\/\/schema.org\",\"@graph\":[{\"@type\":\"Article\",\"@id\":\"https:\/\/denizcankizil.tr\/de\/haberler\/antalya\/antalya-yine-zirvede\/#article\",\"isPartOf\":{\"@id\":\"https:\/\/denizcankizil.tr\/de\/haberler\/antalya\/antalya-yine-zirvede\/\"},\"author\":{\"name\":\"Av. Deniz Can K\u0131z\u0131l\",\"@id\":\"https:\/\/denizcankizil.tr\/de\/#\/schema\/person\/5dc1b22991bd7ac833867c10afc9b0ff\"},\"headline\":\"Antalya yine zirvede\",\"datePublished\":\"2025-05-20T13:41:33+00:00\",\"mainEntityOfPage\":{\"@id\":\"https:\/\/denizcankizil.tr\/de\/haberler\/antalya\/antalya-yine-zirvede\/\"},\"wordCount\":356,\"publisher\":{\"@id\":\"https:\/\/denizcankizil.tr\/de\/#organization\"},\"image\":{\"@id\":\"https:\/\/denizcankizil.tr\/de\/haberler\/antalya\/antalya-yine-zirvede\/#primaryimage\"},\"thumbnailUrl\":\"https:\/\/denizcankizil.tr\/wp-content\/uploads\/2025\/05\/6444-01-BZaqki.jpg\",\"articleSection\":[\"Antalya\"],\"inLanguage\":\"en-GB\"},{\"@type\":\"WebPage\",\"@id\":\"https:\/\/denizcankizil.tr\/de\/haberler\/antalya\/antalya-yine-zirvede\/\",\"url\":\"https:\/\/denizcankizil.tr\/de\/haberler\/antalya\/antalya-yine-zirvede\/\",\"name\":\"Antalya yine zirvede - Av. Deniz Can K\u0131z\u0131l\",\"isPartOf\":{\"@id\":\"https:\/\/denizcankizil.tr\/de\/#website\"},\"primaryImageOfPage\":{\"@id\":\"https:\/\/denizcankizil.tr\/de\/haberler\/antalya\/antalya-yine-zirvede\/#primaryimage\"},\"image\":{\"@id\":\"https:\/\/denizcankizil.tr\/de\/haberler\/antalya\/antalya-yine-zirvede\/#primaryimage\"},\"thumbnailUrl\":\"https:\/\/denizcankizil.tr\/wp-content\/uploads\/2025\/05\/6444-01-BZaqki.jpg\",\"datePublished\":\"2025-05-20T13:41:33+00:00\",\"breadcrumb\":{\"@id\":\"https:\/\/denizcankizil.tr\/de\/haberler\/antalya\/antalya-yine-zirvede\/#breadcrumb\"},\"inLanguage\":\"en-GB\",\"potentialAction\":[{\"@type\":\"ReadAction\",\"target\":[\"https:\/\/denizcankizil.tr\/de\/haberler\/antalya\/antalya-yine-zirvede\/\"]}]},{\"@type\":\"ImageObject\",\"inLanguage\":\"en-GB\",\"@id\":\"https:\/\/denizcankizil.tr\/de\/haberler\/antalya\/antalya-yine-zirvede\/#primaryimage\",\"url\":\"https:\/\/denizcankizil.tr\/wp-content\/uploads\/2025\/05\/6444-01-BZaqki.jpg\",\"contentUrl\":\"https:\/\/denizcankizil.tr\/wp-content\/uploads\/2025\/05\/6444-01-BZaqki.jpg\",\"width\":1280,\"height\":720},{\"@type\":\"BreadcrumbList\",\"@id\":\"https:\/\/denizcankizil.tr\/de\/haberler\/antalya\/antalya-yine-zirvede\/#breadcrumb\",\"itemListElement\":[{\"@type\":\"ListItem\",\"position\":1,\"name\":\"Home\",\"item\":\"https:\/\/denizcankizil.tr\/de\/\"},{\"@type\":\"ListItem\",\"position\":2,\"name\":\"Antalya yine zirvede\"}]},{\"@type\":\"WebSite\",\"@id\":\"https:\/\/denizcankizil.tr\/de\/#website\",\"url\":\"https:\/\/denizcankizil.tr\/de\/\",\"name\":\"Av. Deniz Can K\u0131z\u0131l\",\"description\":\"Avukat Deniz Can K\u0131z\u0131l Antalya Barosu\",\"publisher\":{\"@id\":\"https:\/\/denizcankizil.tr\/de\/#organization\"},\"potentialAction\":[{\"@type\":\"SearchAction\",\"target\":{\"@type\":\"EntryPoint\",\"urlTemplate\":\"https:\/\/denizcankizil.tr\/de\/?s={search_term_string}\"},\"query-input\":{\"@type\":\"PropertyValueSpecification\",\"valueRequired\":true,\"valueName\":\"search_term_string\"}}],\"inLanguage\":\"en-GB\"},{\"@type\":\"Organization\",\"@id\":\"https:\/\/denizcankizil.tr\/de\/#organization\",\"name\":\"Av. Deniz Can K\u0131z\u0131l\",\"url\":\"https:\/\/denizcankizil.tr\/de\/\",\"logo\":{\"@type\":\"ImageObject\",\"inLanguage\":\"en-GB\",\"@id\":\"https:\/\/denizcankizil.tr\/de\/#\/schema\/logo\/image\/\",\"url\":\"https:\/\/denizcankizil.tr\/wp-content\/uploads\/2024\/10\/siyah-logo-svg.svg\",\"contentUrl\":\"https:\/\/denizcankizil.tr\/wp-content\/uploads\/2024\/10\/siyah-logo-svg.svg\",\"width\":1080,\"height\":1080,\"caption\":\"Av. Deniz Can K\u0131z\u0131l\"},\"image\":{\"@id\":\"https:\/\/denizcankizil.tr\/de\/#\/schema\/logo\/image\/\"}},{\"@type\":\"Person\",\"@id\":\"https:\/\/denizcankizil.tr\/de\/#\/schema\/person\/5dc1b22991bd7ac833867c10afc9b0ff\",\"name\":\"Av. Deniz Can K\u0131z\u0131l\",\"image\":{\"@type\":\"ImageObject\",\"inLanguage\":\"en-GB\",\"@id\":\"https:\/\/denizcankizil.tr\/de\/#\/schema\/person\/image\/\",\"url\":\"https:\/\/secure.gravatar.com\/avatar\/a0b128fb9855c79efc976d5640eedb31dc35ec297594d6016d2cf7c60e975bb6?s=96&d=mm&r=g\",\"contentUrl\":\"https:\/\/secure.gravatar.com\/avatar\/a0b128fb9855c79efc976d5640eedb31dc35ec297594d6016d2cf7c60e975bb6?s=96&d=mm&r=g\",\"caption\":\"Av. Deniz Can K\u0131z\u0131l\"},\"sameAs\":[\"http:\/\/www.denizcankizil.tr\"],\"url\":\"https:\/\/denizcankizil.tr\/en\/author\/denizcankizil\/\"}]}<\/script>\n<!-- \/ Yoast SEO Premium plugin. -->","yoast_head_json":{"title":"Antalya yine zirvede - Av. Deniz Can K\u0131z\u0131l","robots":{"index":"index","follow":"follow","max-snippet":"max-snippet:-1","max-image-preview":"max-image-preview:large","max-video-preview":"max-video-preview:-1"},"canonical":"https:\/\/denizcankizil.tr\/en\/haberler\/antalya\/antalya-yine-zirvede\/","og_locale":"en_GB","og_type":"article","og_title":"Antalya yine zirvede","og_description":"T\u00fcrkiye, \u00e7evre dostu turizmdeki ba\u015far\u0131s\u0131n\u0131 bir kez daha tescilledi. Uluslararas\u0131 Mavi Bayrak Program\u0131 \u00e7er\u00e7evesinde bu y\u0131l 577 plaj, 29 marina, 18 turizm teknesi ve 8 bireysel yat Mavi Bayrak almaya hak kazand\u0131. T\u00fcrkiye, bu ba\u015far\u0131yla \u0130spanya ve Yunanistan\u2019\u0131n ard\u0131ndan yine d\u00fcnyan\u0131n en \u00e7ok Mavi Bayrakl\u0131 plaj\u0131na sahip \u00fc\u00e7\u00fcnc\u00fc \u00fclkesi oldu. &#8220;Mavi Bayrak \u00fclkemize \u00e7ok yak\u0131\u015f\u0131yor&#8221; K\u00fclt\u00fcr ve Turizm Bakan\u0131 Mehmet Nuri Ersoy, sosyal medya hesab\u0131ndan yapt\u0131\u011f\u0131 payla\u015f\u0131mda bu ba\u015far\u0131y\u0131, &#8220;Mavi Bayrak bu y\u0131l da \u00fclkemizin k\u0131y\u0131lar\u0131nda gururla dalgalanacak! 2025 y\u0131l\u0131nda yine d\u00fcnyan\u0131n en \u00e7ok Mavi Bayrakl\u0131 plaj\u0131na sahip 3&#8217;\u00fcnc\u00fc \u00fclkesi olduk. Mavi Bayrak \u00fclkemize \u00e7ok yak\u0131\u015f\u0131yor. Hay\u0131rl\u0131 olsun&#8221; s\u00f6zleriyle duyurdu. Antalya yine zirvede Verilere g\u00f6re 233 plajla Antalya, bu y\u0131l da Mavi Bayrakl\u0131 plaj say\u0131s\u0131nda liderli\u011fini s\u00fcrd\u00fcrd\u00fc. Antalya\u2019y\u0131 110 plajla Mu\u011fla, 64 plajla \u0130zmir izledi. Di\u011fer illerdeki da\u011f\u0131l\u0131m ise Bal\u0131kesir, 48 plaj, Ayd\u0131n 39 plaj, Samsun 16 plaj, Mersin ve \u00c7anakkale 12\u2019\u015fer plaj, Ordu, Sakarya, Adana, D\u00fczce gibi \u015fehirler de listeye katk\u0131 sundu. Turizm tekneleri kategorisinde ise Antalya, 13 tekneyle birinci oldu Marina kategorisinde en fazla Mavi Bayrak, 10 marina ile Mu\u011fla\u2019da yer al\u0131rken, Antalya 6, \u0130zmir ise 5 marina ile s\u0131ralamaya girdi. Turizm tekneleri kategorisinde ise Antalya, 13 tekneyle birinci oldu. 10 yeni plaj mavi bayrak ald\u0131 2024\u2019te 567 &hellip;","og_url":"https:\/\/denizcankizil.tr\/en\/haberler\/antalya\/antalya-yine-zirvede\/","og_site_name":"Av. Deniz Can K\u0131z\u0131l","article_published_time":"2025-05-20T13:41:33+00:00","og_image":[{"width":1280,"height":720,"url":"https:\/\/denizcankizil.tr\/wp-content\/uploads\/2025\/05\/6444-01-BZaqki.jpg","type":"image\/jpeg"}],"author":"Av. Deniz Can K\u0131z\u0131l","twitter_card":"summary_large_image","twitter_misc":{"Written by":"Av. Deniz Can K\u0131z\u0131l","Estimated reading time":"2 minutes"},"schema":{"@context":"https:\/\/schema.org","@graph":[{"@type":"Article","@id":"https:\/\/denizcankizil.tr\/de\/haberler\/antalya\/antalya-yine-zirvede\/#article","isPartOf":{"@id":"https:\/\/denizcankizil.tr\/de\/haberler\/antalya\/antalya-yine-zirvede\/"},"author":{"name":"Av. Deniz Can K\u0131z\u0131l","@id":"https:\/\/denizcankizil.tr\/de\/#\/schema\/person\/5dc1b22991bd7ac833867c10afc9b0ff"},"headline":"Antalya yine zirvede","datePublished":"2025-05-20T13:41:33+00:00","mainEntityOfPage":{"@id":"https:\/\/denizcankizil.tr\/de\/haberler\/antalya\/antalya-yine-zirvede\/"},"wordCount":356,"publisher":{"@id":"https:\/\/denizcankizil.tr\/de\/#organization"},"image":{"@id":"https:\/\/denizcankizil.tr\/de\/haberler\/antalya\/antalya-yine-zirvede\/#primaryimage"},"thumbnailUrl":"https:\/\/denizcankizil.tr\/wp-content\/uploads\/2025\/05\/6444-01-BZaqki.jpg","articleSection":["Antalya"],"inLanguage":"en-GB"},{"@type":"WebPage","@id":"https:\/\/denizcankizil.tr\/de\/haberler\/antalya\/antalya-yine-zirvede\/","url":"https:\/\/denizcankizil.tr\/de\/haberler\/antalya\/antalya-yine-zirvede\/","name":"Antalya yine zirvede - Av. Deniz Can K\u0131z\u0131l","isPartOf":{"@id":"https:\/\/denizcankizil.tr\/de\/#website"},"primaryImageOfPage":{"@id":"https:\/\/denizcankizil.tr\/de\/haberler\/antalya\/antalya-yine-zirvede\/#primaryimage"},"image":{"@id":"https:\/\/denizcankizil.tr\/de\/haberler\/antalya\/antalya-yine-zirvede\/#primaryimage"},"thumbnailUrl":"https:\/\/denizcankizil.tr\/wp-content\/uploads\/2025\/05\/6444-01-BZaqki.jpg","datePublished":"2025-05-20T13:41:33+00:00","breadcrumb":{"@id":"https:\/\/denizcankizil.tr\/de\/haberler\/antalya\/antalya-yine-zirvede\/#breadcrumb"},"inLanguage":"en-GB","potentialAction":[{"@type":"ReadAction","target":["https:\/\/denizcankizil.tr\/de\/haberler\/antalya\/antalya-yine-zirvede\/"]}]},{"@type":"ImageObject","inLanguage":"en-GB","@id":"https:\/\/denizcankizil.tr\/de\/haberler\/antalya\/antalya-yine-zirvede\/#primaryimage","url":"https:\/\/denizcankizil.tr\/wp-content\/uploads\/2025\/05\/6444-01-BZaqki.jpg","contentUrl":"https:\/\/denizcankizil.tr\/wp-content\/uploads\/2025\/05\/6444-01-BZaqki.jpg","width":1280,"height":720},{"@type":"BreadcrumbList","@id":"https:\/\/denizcankizil.tr\/de\/haberler\/antalya\/antalya-yine-zirvede\/#breadcrumb","itemListElement":[{"@type":"ListItem","position":1,"name":"Home","item":"https:\/\/denizcankizil.tr\/de\/"},{"@type":"ListItem","position":2,"name":"Antalya yine zirvede"}]},{"@type":"WebSite","@id":"https:\/\/denizcankizil.tr\/de\/#website","url":"https:\/\/denizcankizil.tr\/de\/","name":"Av. Deniz Can K\u0131z\u0131l","description":"Avukat Deniz Can K\u0131z\u0131l Antalya Barosu","publisher":{"@id":"https:\/\/denizcankizil.tr\/de\/#organization"},"potentialAction":[{"@type":"SearchAction","target":{"@type":"EntryPoint","urlTemplate":"https:\/\/denizcankizil.tr\/de\/?s={search_term_string}"},"query-input":{"@type":"PropertyValueSpecification","valueRequired":true,"valueName":"search_term_string"}}],"inLanguage":"en-GB"},{"@type":"Organization","@id":"https:\/\/denizcankizil.tr\/de\/#organization","name":"Av. Deniz Can K\u0131z\u0131l","url":"https:\/\/denizcankizil.tr\/de\/","logo":{"@type":"ImageObject","inLanguage":"en-GB","@id":"https:\/\/denizcankizil.tr\/de\/#\/schema\/logo\/image\/","url":"https:\/\/denizcankizil.tr\/wp-content\/uploads\/2024\/10\/siyah-logo-svg.svg","contentUrl":"https:\/\/denizcankizil.tr\/wp-content\/uploads\/2024\/10\/siyah-logo-svg.svg","width":1080,"height":1080,"caption":"Av. Deniz Can K\u0131z\u0131l"},"image":{"@id":"https:\/\/denizcankizil.tr\/de\/#\/schema\/logo\/image\/"}},{"@type":"Person","@id":"https:\/\/denizcankizil.tr\/de\/#\/schema\/person\/5dc1b22991bd7ac833867c10afc9b0ff","name":"Av. Deniz Can K\u0131z\u0131l","image":{"@type":"ImageObject","inLanguage":"en-GB","@id":"https:\/\/denizcankizil.tr\/de\/#\/schema\/person\/image\/","url":"https:\/\/secure.gravatar.com\/avatar\/a0b128fb9855c79efc976d5640eedb31dc35ec297594d6016d2cf7c60e975bb6?s=96&d=mm&r=g","contentUrl":"https:\/\/secure.gravatar.com\/avatar\/a0b128fb9855c79efc976d5640eedb31dc35ec297594d6016d2cf7c60e975bb6?s=96&d=mm&r=g","caption":"Av. Deniz Can K\u0131z\u0131l"},"sameAs":["http:\/\/www.denizcankizil.tr"],"url":"https:\/\/denizcankizil.tr\/en\/author\/denizcankizil\/"}]}},"_links":{"self":[{"href":"https:\/\/denizcankizil.tr\/en\/wp-json\/wp\/v2\/posts\/92816","targetHints":{"allow":["GET"]}}],"collection":[{"href":"https:\/\/denizcankizil.tr\/en\/wp-json\/wp\/v2\/posts"}],"about":[{"href":"https:\/\/denizcankizil.tr\/en\/wp-json\/wp\/v2\/types\/post"}],"author":[{"embeddable":true,"href":"https:\/\/denizcankizil.tr\/en\/wp-json\/wp\/v2\/users\/4"}],"replies":[{"embeddable":true,"href":"https:\/\/denizcankizil.tr\/en\/wp-json\/wp\/v2\/comments?post=92816"}],"version-history":[{"count":0,"href":"https:\/\/denizcankizil.tr\/en\/wp-json\/wp\/v2\/posts\/92816\/revisions"}],"wp:featuredmedia":[{"embeddable":true,"href":"https:\/\/denizcankizil.tr\/en\/wp-json\/wp\/v2\/media\/92817"}],"wp:attachment":[{"href":"https:\/\/denizcankizil.tr\/en\/wp-json\/wp\/v2\/media?parent=92816"}],"wp:term":[{"taxonomy":"category","embeddable":true,"href":"https:\/\/denizcankizil.tr\/en\/wp-json\/wp\/v2\/categories?post=92816"},{"taxonomy":"post_tag","embeddable":true,"href":"https:\/\/denizcankizil.tr\/en\/wp-json\/wp\/v2\/tags?post=92816"}],"curies":[{"name":"wp","href":"https:\/\/api.w.org\/{rel}","templated":true}]}}