{"id":92772,"date":"2025-05-20T14:43:00","date_gmt":"2025-05-20T11:43:00","guid":{"rendered":"https:\/\/denizcankizil.tr\/uncategorized-tr\/cezasizlik-algisi-toplumsal-baglari-zayiflatiyor\/"},"modified":"2025-05-20T14:43:00","modified_gmt":"2025-05-20T11:43:00","slug":"cezasizlik-algisi-toplumsal-baglari-zayiflatiyor","status":"publish","type":"post","link":"https:\/\/denizcankizil.tr\/en\/haberler\/gundem\/cezasizlik-algisi-toplumsal-baglari-zayiflatiyor\/","title":{"rendered":"Cezas\u0131zl\u0131k alg\u0131s\u0131 toplumsal ba\u011flar\u0131 zay\u0131flat\u0131yor!"},"content":{"rendered":"<p>\u00dcsk\u00fcdar \u00dcniversitesi NP\u0130STANBUL Hastanesi Uzman Klinik Psikolog \u00d6zgenur\u00a0Ta\u015fk\u0131n, cezas\u0131zl\u0131k alg\u0131s\u0131n\u0131n toplumda neden oldu\u011fu olumsuz durumlardan bahsetti ve bu alg\u0131n\u0131n k\u0131r\u0131lmas\u0131nda hem bireysel hem de liderlik d\u00fczeyinde yap\u0131labilecekleri a\u00e7\u0131klad\u0131.<\/p>\n<p>\u200b\u00dcsk\u00fcdar \u00dcniversitesi NP\u0130STANBUL Hastanesi Uzman Klinik Psikolog \u00d6zgenur\u00a0Ta\u015fk\u0131n, cezas\u0131zl\u0131k alg\u0131s\u0131n\u0131n toplumda neden oldu\u011fu olumsuz durumlardan bahsetti ve bu alg\u0131n\u0131n k\u0131r\u0131lmas\u0131nda hem bireysel hem de liderlik d\u00fczeyinde yap\u0131labilecekleri a\u00e7\u0131klad\u0131.\u00a0<\/p>\n<p>\u200bHaberin Al\u0131nt\u0131land\u0131\u011f\u0131 Kaynak: www.iskenderun.org<\/p>","protected":false},"excerpt":{"rendered":"<p>\u00dcsk\u00fcdar \u00dcniversitesi NP\u0130STANBUL Hastanesi Uzman Klinik Psikolog \u00d6zgenur\u00a0Ta\u015fk\u0131n, cezas\u0131zl\u0131k alg\u0131s\u0131n\u0131n toplumda neden oldu\u011fu olumsuz durumlardan bahsetti ve bu alg\u0131n\u0131n k\u0131r\u0131lmas\u0131nda hem bireysel hem de liderlik d\u00fczeyinde yap\u0131labilecekleri a\u00e7\u0131klad\u0131. \u200b\u00dcsk\u00fcdar \u00dcniversitesi NP\u0130STANBUL Hastanesi Uzman Klinik Psikolog \u00d6zgenur\u00a0Ta\u015fk\u0131n, cezas\u0131zl\u0131k alg\u0131s\u0131n\u0131n toplumda neden oldu\u011fu olumsuz durumlardan bahsetti ve bu alg\u0131n\u0131n k\u0131r\u0131lmas\u0131nda hem bireysel hem de liderlik d\u00fczeyinde yap\u0131labilecekleri a\u00e7\u0131klad\u0131.\u00a0 \u200bHaberin Al\u0131nt\u0131land\u0131\u011f\u0131 Kaynak: www.iskenderun.org<\/p>","protected":false},"author":1,"featured_media":0,"comment_status":"","ping_status":"open","sticky":false,"template":"","format":"standard","meta":{"_acf_changed":false,"footnotes":""},"categories":[24],"tags":[],"class_list":["post-92772","post","type-post","status-publish","format-standard","has-post-thumbnail","hentry","category-gundem"],"acf":[],"yoast_head":"<!-- This site is optimized with the Yoast SEO Premium plugin v26.6 (Yoast SEO v27.1.1) - https:\/\/yoast.com\/product\/yoast-seo-premium-wordpress\/ -->\n<title>Cezas\u0131zl\u0131k alg\u0131s\u0131 toplumsal ba\u011flar\u0131 zay\u0131flat\u0131yor! - Av. Deniz Can K\u0131z\u0131l<\/title>\n<meta name=\"robots\" content=\"index, follow, max-snippet:-1, max-image-preview:large, max-video-preview:-1\" \/>\n<link rel=\"canonical\" href=\"https:\/\/denizcankizil.tr\/en\/haberler\/gundem\/cezasizlik-algisi-toplumsal-baglari-zayiflatiyor\/\" \/>\n<meta property=\"og:locale\" content=\"en_GB\" \/>\n<meta property=\"og:type\" content=\"article\" \/>\n<meta property=\"og:title\" content=\"Cezas\u0131zl\u0131k alg\u0131s\u0131 toplumsal ba\u011flar\u0131 zay\u0131flat\u0131yor!\" \/>\n<meta property=\"og:description\" content=\"\u00dcsk\u00fcdar \u00dcniversitesi NP\u0130STANBUL Hastanesi Uzman Klinik Psikolog \u00d6zgenur\u00a0Ta\u015fk\u0131n, cezas\u0131zl\u0131k alg\u0131s\u0131n\u0131n toplumda neden oldu\u011fu olumsuz durumlardan bahsetti ve bu alg\u0131n\u0131n k\u0131r\u0131lmas\u0131nda hem bireysel hem de liderlik d\u00fczeyinde yap\u0131labilecekleri a\u00e7\u0131klad\u0131. \u200b\u00dcsk\u00fcdar \u00dcniversitesi NP\u0130STANBUL Hastanesi Uzman Klinik Psikolog \u00d6zgenur\u00a0Ta\u015fk\u0131n, cezas\u0131zl\u0131k alg\u0131s\u0131n\u0131n toplumda neden oldu\u011fu olumsuz durumlardan bahsetti ve bu alg\u0131n\u0131n k\u0131r\u0131lmas\u0131nda hem bireysel hem de liderlik d\u00fczeyinde yap\u0131labilecekleri a\u00e7\u0131klad\u0131.\u00a0 \u200bHaberin Al\u0131nt\u0131land\u0131\u011f\u0131 Kaynak: www.iskenderun.org\" \/>\n<meta property=\"og:url\" content=\"https:\/\/denizcankizil.tr\/en\/haberler\/gundem\/cezasizlik-algisi-toplumsal-baglari-zayiflatiyor\/\" \/>\n<meta property=\"og:site_name\" content=\"Av. Deniz Can K\u0131z\u0131l\" \/>\n<meta property=\"article:published_time\" content=\"2025-05-20T11:43:00+00:00\" \/>\n<meta name=\"author\" content=\"admin\" \/>\n<meta name=\"twitter:card\" content=\"summary_large_image\" \/>\n<meta name=\"twitter:label1\" content=\"Written by\" \/>\n\t<meta name=\"twitter:data1\" content=\"admin\" \/>\n\t<meta name=\"twitter:label2\" content=\"Estimated reading time\" \/>\n\t<meta name=\"twitter:data2\" content=\"1 minute\" \/>\n<script type=\"application\/ld+json\" class=\"yoast-schema-graph\">{\"@context\":\"https:\/\/schema.org\",\"@graph\":[{\"@type\":\"Article\",\"@id\":\"https:\/\/denizcankizil.tr\/en\/haberler\/gundem\/cezasizlik-algisi-toplumsal-baglari-zayiflatiyor\/#article\",\"isPartOf\":{\"@id\":\"https:\/\/denizcankizil.tr\/en\/haberler\/gundem\/cezasizlik-algisi-toplumsal-baglari-zayiflatiyor\/\"},\"author\":{\"name\":\"admin\",\"@id\":\"https:\/\/denizcankizil.tr\/#\/schema\/person\/be3c05fe6a12686905512445d8185489\"},\"headline\":\"Cezas\u0131zl\u0131k alg\u0131s\u0131 toplumsal ba\u011flar\u0131 zay\u0131flat\u0131yor!\",\"datePublished\":\"2025-05-20T11:43:00+00:00\",\"mainEntityOfPage\":{\"@id\":\"https:\/\/denizcankizil.tr\/en\/haberler\/gundem\/cezasizlik-algisi-toplumsal-baglari-zayiflatiyor\/\"},\"wordCount\":113,\"publisher\":{\"@id\":\"https:\/\/denizcankizil.tr\/#organization\"},\"articleSection\":[\"G\u00fcndem\"],\"inLanguage\":\"en-GB\"},{\"@type\":\"WebPage\",\"@id\":\"https:\/\/denizcankizil.tr\/en\/haberler\/gundem\/cezasizlik-algisi-toplumsal-baglari-zayiflatiyor\/\",\"url\":\"https:\/\/denizcankizil.tr\/en\/haberler\/gundem\/cezasizlik-algisi-toplumsal-baglari-zayiflatiyor\/\",\"name\":\"Cezas\u0131zl\u0131k alg\u0131s\u0131 toplumsal ba\u011flar\u0131 zay\u0131flat\u0131yor! - Av. Deniz Can K\u0131z\u0131l\",\"isPartOf\":{\"@id\":\"https:\/\/denizcankizil.tr\/#website\"},\"datePublished\":\"2025-05-20T11:43:00+00:00\",\"breadcrumb\":{\"@id\":\"https:\/\/denizcankizil.tr\/en\/haberler\/gundem\/cezasizlik-algisi-toplumsal-baglari-zayiflatiyor\/#breadcrumb\"},\"inLanguage\":\"en-GB\",\"potentialAction\":[{\"@type\":\"ReadAction\",\"target\":[\"https:\/\/denizcankizil.tr\/en\/haberler\/gundem\/cezasizlik-algisi-toplumsal-baglari-zayiflatiyor\/\"]}]},{\"@type\":\"BreadcrumbList\",\"@id\":\"https:\/\/denizcankizil.tr\/en\/haberler\/gundem\/cezasizlik-algisi-toplumsal-baglari-zayiflatiyor\/#breadcrumb\",\"itemListElement\":[{\"@type\":\"ListItem\",\"position\":1,\"name\":\"Home\",\"item\":\"https:\/\/denizcankizil.tr\/uk\/\"},{\"@type\":\"ListItem\",\"position\":2,\"name\":\"Cezas\u0131zl\u0131k alg\u0131s\u0131 toplumsal ba\u011flar\u0131 zay\u0131flat\u0131yor!\"}]},{\"@type\":\"WebSite\",\"@id\":\"https:\/\/denizcankizil.tr\/#website\",\"url\":\"https:\/\/denizcankizil.tr\/\",\"name\":\"Av. Deniz Can K\u0131z\u0131l\",\"description\":\"Avukat Deniz Can K\u0131z\u0131l Antalya Barosu\",\"publisher\":{\"@id\":\"https:\/\/denizcankizil.tr\/#organization\"},\"potentialAction\":[{\"@type\":\"SearchAction\",\"target\":{\"@type\":\"EntryPoint\",\"urlTemplate\":\"https:\/\/denizcankizil.tr\/?s={search_term_string}\"},\"query-input\":{\"@type\":\"PropertyValueSpecification\",\"valueRequired\":true,\"valueName\":\"search_term_string\"}}],\"inLanguage\":\"en-GB\"},{\"@type\":\"Organization\",\"@id\":\"https:\/\/denizcankizil.tr\/#organization\",\"name\":\"Av. Deniz Can K\u0131z\u0131l\",\"url\":\"https:\/\/denizcankizil.tr\/\",\"logo\":{\"@type\":\"ImageObject\",\"inLanguage\":\"en-GB\",\"@id\":\"https:\/\/denizcankizil.tr\/#\/schema\/logo\/image\/\",\"url\":\"https:\/\/denizcankizil.tr\/wp-content\/uploads\/2024\/10\/siyah-logo-svg.svg\",\"contentUrl\":\"https:\/\/denizcankizil.tr\/wp-content\/uploads\/2024\/10\/siyah-logo-svg.svg\",\"width\":1080,\"height\":1080,\"caption\":\"Av. Deniz Can K\u0131z\u0131l\"},\"image\":{\"@id\":\"https:\/\/denizcankizil.tr\/#\/schema\/logo\/image\/\"}},{\"@type\":\"Person\",\"@id\":\"https:\/\/denizcankizil.tr\/#\/schema\/person\/be3c05fe6a12686905512445d8185489\",\"name\":\"admin\",\"image\":{\"@type\":\"ImageObject\",\"inLanguage\":\"en-GB\",\"@id\":\"https:\/\/denizcankizil.tr\/#\/schema\/person\/image\/\",\"url\":\"https:\/\/secure.gravatar.com\/avatar\/c1fce94c830dc79107e174f890d7210541c4a63e8e5d816341794a2151c9d58c?s=96&d=mm&r=g\",\"contentUrl\":\"https:\/\/secure.gravatar.com\/avatar\/c1fce94c830dc79107e174f890d7210541c4a63e8e5d816341794a2151c9d58c?s=96&d=mm&r=g\",\"caption\":\"admin\"},\"sameAs\":[\"http:\/\/denizcankizil.tr\"],\"url\":\"https:\/\/www.iskenderun.org\/cezasizlik-algisi-toplumsal-baglari-zayiflatiyor\"}]}<\/script>\n<!-- \/ Yoast SEO Premium plugin. -->","yoast_head_json":{"title":"Cezas\u0131zl\u0131k alg\u0131s\u0131 toplumsal ba\u011flar\u0131 zay\u0131flat\u0131yor! - Av. Deniz Can K\u0131z\u0131l","robots":{"index":"index","follow":"follow","max-snippet":"max-snippet:-1","max-image-preview":"max-image-preview:large","max-video-preview":"max-video-preview:-1"},"canonical":"https:\/\/denizcankizil.tr\/en\/haberler\/gundem\/cezasizlik-algisi-toplumsal-baglari-zayiflatiyor\/","og_locale":"en_GB","og_type":"article","og_title":"Cezas\u0131zl\u0131k alg\u0131s\u0131 toplumsal ba\u011flar\u0131 zay\u0131flat\u0131yor!","og_description":"\u00dcsk\u00fcdar \u00dcniversitesi NP\u0130STANBUL Hastanesi Uzman Klinik Psikolog \u00d6zgenur\u00a0Ta\u015fk\u0131n, cezas\u0131zl\u0131k alg\u0131s\u0131n\u0131n toplumda neden oldu\u011fu olumsuz durumlardan bahsetti ve bu alg\u0131n\u0131n k\u0131r\u0131lmas\u0131nda hem bireysel hem de liderlik d\u00fczeyinde yap\u0131labilecekleri a\u00e7\u0131klad\u0131. \u200b\u00dcsk\u00fcdar \u00dcniversitesi NP\u0130STANBUL Hastanesi Uzman Klinik Psikolog \u00d6zgenur\u00a0Ta\u015fk\u0131n, cezas\u0131zl\u0131k alg\u0131s\u0131n\u0131n toplumda neden oldu\u011fu olumsuz durumlardan bahsetti ve bu alg\u0131n\u0131n k\u0131r\u0131lmas\u0131nda hem bireysel hem de liderlik d\u00fczeyinde yap\u0131labilecekleri a\u00e7\u0131klad\u0131.\u00a0 \u200bHaberin Al\u0131nt\u0131land\u0131\u011f\u0131 Kaynak: www.iskenderun.org","og_url":"https:\/\/denizcankizil.tr\/en\/haberler\/gundem\/cezasizlik-algisi-toplumsal-baglari-zayiflatiyor\/","og_site_name":"Av. Deniz Can K\u0131z\u0131l","article_published_time":"2025-05-20T11:43:00+00:00","author":"admin","twitter_card":"summary_large_image","twitter_misc":{"Written by":"admin","Estimated reading time":"1 minute"},"schema":{"@context":"https:\/\/schema.org","@graph":[{"@type":"Article","@id":"https:\/\/denizcankizil.tr\/en\/haberler\/gundem\/cezasizlik-algisi-toplumsal-baglari-zayiflatiyor\/#article","isPartOf":{"@id":"https:\/\/denizcankizil.tr\/en\/haberler\/gundem\/cezasizlik-algisi-toplumsal-baglari-zayiflatiyor\/"},"author":{"name":"admin","@id":"https:\/\/denizcankizil.tr\/#\/schema\/person\/be3c05fe6a12686905512445d8185489"},"headline":"Cezas\u0131zl\u0131k alg\u0131s\u0131 toplumsal ba\u011flar\u0131 zay\u0131flat\u0131yor!","datePublished":"2025-05-20T11:43:00+00:00","mainEntityOfPage":{"@id":"https:\/\/denizcankizil.tr\/en\/haberler\/gundem\/cezasizlik-algisi-toplumsal-baglari-zayiflatiyor\/"},"wordCount":113,"publisher":{"@id":"https:\/\/denizcankizil.tr\/#organization"},"articleSection":["G\u00fcndem"],"inLanguage":"en-GB"},{"@type":"WebPage","@id":"https:\/\/denizcankizil.tr\/en\/haberler\/gundem\/cezasizlik-algisi-toplumsal-baglari-zayiflatiyor\/","url":"https:\/\/denizcankizil.tr\/en\/haberler\/gundem\/cezasizlik-algisi-toplumsal-baglari-zayiflatiyor\/","name":"Cezas\u0131zl\u0131k alg\u0131s\u0131 toplumsal ba\u011flar\u0131 zay\u0131flat\u0131yor! - Av. Deniz Can K\u0131z\u0131l","isPartOf":{"@id":"https:\/\/denizcankizil.tr\/#website"},"datePublished":"2025-05-20T11:43:00+00:00","breadcrumb":{"@id":"https:\/\/denizcankizil.tr\/en\/haberler\/gundem\/cezasizlik-algisi-toplumsal-baglari-zayiflatiyor\/#breadcrumb"},"inLanguage":"en-GB","potentialAction":[{"@type":"ReadAction","target":["https:\/\/denizcankizil.tr\/en\/haberler\/gundem\/cezasizlik-algisi-toplumsal-baglari-zayiflatiyor\/"]}]},{"@type":"BreadcrumbList","@id":"https:\/\/denizcankizil.tr\/en\/haberler\/gundem\/cezasizlik-algisi-toplumsal-baglari-zayiflatiyor\/#breadcrumb","itemListElement":[{"@type":"ListItem","position":1,"name":"Home","item":"https:\/\/denizcankizil.tr\/uk\/"},{"@type":"ListItem","position":2,"name":"Cezas\u0131zl\u0131k alg\u0131s\u0131 toplumsal ba\u011flar\u0131 zay\u0131flat\u0131yor!"}]},{"@type":"WebSite","@id":"https:\/\/denizcankizil.tr\/#website","url":"https:\/\/denizcankizil.tr\/","name":"Av. Deniz Can K\u0131z\u0131l","description":"Avukat Deniz Can K\u0131z\u0131l Antalya Barosu","publisher":{"@id":"https:\/\/denizcankizil.tr\/#organization"},"potentialAction":[{"@type":"SearchAction","target":{"@type":"EntryPoint","urlTemplate":"https:\/\/denizcankizil.tr\/?s={search_term_string}"},"query-input":{"@type":"PropertyValueSpecification","valueRequired":true,"valueName":"search_term_string"}}],"inLanguage":"en-GB"},{"@type":"Organization","@id":"https:\/\/denizcankizil.tr\/#organization","name":"Av. Deniz Can K\u0131z\u0131l","url":"https:\/\/denizcankizil.tr\/","logo":{"@type":"ImageObject","inLanguage":"en-GB","@id":"https:\/\/denizcankizil.tr\/#\/schema\/logo\/image\/","url":"https:\/\/denizcankizil.tr\/wp-content\/uploads\/2024\/10\/siyah-logo-svg.svg","contentUrl":"https:\/\/denizcankizil.tr\/wp-content\/uploads\/2024\/10\/siyah-logo-svg.svg","width":1080,"height":1080,"caption":"Av. Deniz Can K\u0131z\u0131l"},"image":{"@id":"https:\/\/denizcankizil.tr\/#\/schema\/logo\/image\/"}},{"@type":"Person","@id":"https:\/\/denizcankizil.tr\/#\/schema\/person\/be3c05fe6a12686905512445d8185489","name":"admin","image":{"@type":"ImageObject","inLanguage":"en-GB","@id":"https:\/\/denizcankizil.tr\/#\/schema\/person\/image\/","url":"https:\/\/secure.gravatar.com\/avatar\/c1fce94c830dc79107e174f890d7210541c4a63e8e5d816341794a2151c9d58c?s=96&d=mm&r=g","contentUrl":"https:\/\/secure.gravatar.com\/avatar\/c1fce94c830dc79107e174f890d7210541c4a63e8e5d816341794a2151c9d58c?s=96&d=mm&r=g","caption":"admin"},"sameAs":["http:\/\/denizcankizil.tr"],"url":"https:\/\/www.iskenderun.org\/cezasizlik-algisi-toplumsal-baglari-zayiflatiyor"}]}},"_links":{"self":[{"href":"https:\/\/denizcankizil.tr\/en\/wp-json\/wp\/v2\/posts\/92772","targetHints":{"allow":["GET"]}}],"collection":[{"href":"https:\/\/denizcankizil.tr\/en\/wp-json\/wp\/v2\/posts"}],"about":[{"href":"https:\/\/denizcankizil.tr\/en\/wp-json\/wp\/v2\/types\/post"}],"author":[{"embeddable":true,"href":"https:\/\/denizcankizil.tr\/en\/wp-json\/wp\/v2\/users\/1"}],"replies":[{"embeddable":true,"href":"https:\/\/denizcankizil.tr\/en\/wp-json\/wp\/v2\/comments?post=92772"}],"version-history":[{"count":0,"href":"https:\/\/denizcankizil.tr\/en\/wp-json\/wp\/v2\/posts\/92772\/revisions"}],"wp:attachment":[{"href":"https:\/\/denizcankizil.tr\/en\/wp-json\/wp\/v2\/media?parent=92772"}],"wp:term":[{"taxonomy":"category","embeddable":true,"href":"https:\/\/denizcankizil.tr\/en\/wp-json\/wp\/v2\/categories?post=92772"},{"taxonomy":"post_tag","embeddable":true,"href":"https:\/\/denizcankizil.tr\/en\/wp-json\/wp\/v2\/tags?post=92772"}],"curies":[{"name":"wp","href":"https:\/\/api.w.org\/{rel}","templated":true}]}}