{"id":92769,"date":"2025-05-20T14:42:57","date_gmt":"2025-05-20T11:42:57","guid":{"rendered":"https:\/\/denizcankizil.tr\/uncategorized-tr\/gazapizm-kongre-meydanini-salladi\/"},"modified":"2025-05-20T14:42:57","modified_gmt":"2025-05-20T11:42:57","slug":"gazapizm-kongre-meydanini-salladi","status":"publish","type":"post","link":"https:\/\/denizcankizil.tr\/en\/haberler\/gundem\/gazapizm-kongre-meydanini-salladi\/","title":{"rendered":"Gazapizm Kongre Meydan\u0131&#8217;n\u0131 sallad\u0131"},"content":{"rendered":"<p>19 May\u0131s Atat\u00fcrk\u2019\u00fc Anma Gen\u00e7lik ve Spor Bayram\u0131, L\u00fcleburgaz\u2019da co\u015fkuyla kutland\u0131. 18 May\u0131s ak\u015fam\u0131 d\u00fczenlenen ba\u011f\u0131ms\u0131zl\u0131k y\u00fcr\u00fcy\u00fc\u015f\u00fcnde L\u00fcleburgaz caddeleri me\u015falelerle ayd\u0131nland\u0131. 19 May\u0131s ak\u015fam\u0131 binler Gazapizm konserinde bulu\u015ftu.<\/p>\n<p>\u200b19 May\u0131s Atat\u00fcrk\u2019\u00fc Anma Gen\u00e7lik ve Spor Bayram\u0131, L\u00fcleburgaz\u2019da co\u015fkuyla kutland\u0131. 18 May\u0131s ak\u015fam\u0131 d\u00fczenlenen ba\u011f\u0131ms\u0131zl\u0131k y\u00fcr\u00fcy\u00fc\u015f\u00fcnde L\u00fcleburgaz caddeleri me\u015falelerle ayd\u0131nland\u0131. 19 May\u0131s ak\u015fam\u0131 binler Gazapizm konserinde bulu\u015ftu.\u00a0<\/p>\n<p>\u200bHaberin Al\u0131nt\u0131land\u0131\u011f\u0131 Kaynak: www.iskenderun.org<\/p>","protected":false},"excerpt":{"rendered":"<p>19 May\u0131s Atat\u00fcrk\u2019\u00fc Anma Gen\u00e7lik ve Spor Bayram\u0131, L\u00fcleburgaz\u2019da co\u015fkuyla kutland\u0131. 18 May\u0131s ak\u015fam\u0131 d\u00fczenlenen ba\u011f\u0131ms\u0131zl\u0131k y\u00fcr\u00fcy\u00fc\u015f\u00fcnde L\u00fcleburgaz caddeleri me\u015falelerle ayd\u0131nland\u0131. 19 May\u0131s ak\u015fam\u0131 binler Gazapizm konserinde bulu\u015ftu. \u200b19 May\u0131s Atat\u00fcrk\u2019\u00fc Anma Gen\u00e7lik ve Spor Bayram\u0131, L\u00fcleburgaz\u2019da co\u015fkuyla kutland\u0131. 18 May\u0131s ak\u015fam\u0131 d\u00fczenlenen ba\u011f\u0131ms\u0131zl\u0131k y\u00fcr\u00fcy\u00fc\u015f\u00fcnde L\u00fcleburgaz caddeleri me\u015falelerle ayd\u0131nland\u0131. 19 May\u0131s ak\u015fam\u0131 binler Gazapizm konserinde bulu\u015ftu.\u00a0 \u200bHaberin Al\u0131nt\u0131land\u0131\u011f\u0131 Kaynak: www.iskenderun.org<\/p>","protected":false},"author":1,"featured_media":0,"comment_status":"","ping_status":"open","sticky":false,"template":"","format":"standard","meta":{"_acf_changed":false,"footnotes":""},"categories":[24],"tags":[],"class_list":["post-92769","post","type-post","status-publish","format-standard","has-post-thumbnail","hentry","category-gundem"],"acf":[],"yoast_head":"<!-- This site is optimized with the Yoast SEO Premium plugin v26.6 (Yoast SEO v27.1.1) - https:\/\/yoast.com\/product\/yoast-seo-premium-wordpress\/ -->\n<title>Gazapizm Kongre Meydan\u0131&#039;n\u0131 sallad\u0131 - Av. Deniz Can K\u0131z\u0131l<\/title>\n<meta name=\"robots\" content=\"index, follow, max-snippet:-1, max-image-preview:large, max-video-preview:-1\" \/>\n<link rel=\"canonical\" href=\"https:\/\/denizcankizil.tr\/en\/haberler\/gundem\/gazapizm-kongre-meydanini-salladi\/\" \/>\n<meta property=\"og:locale\" content=\"en_GB\" \/>\n<meta property=\"og:type\" content=\"article\" \/>\n<meta property=\"og:title\" content=\"Gazapizm Kongre Meydan\u0131&#039;n\u0131 sallad\u0131\" \/>\n<meta property=\"og:description\" content=\"19 May\u0131s Atat\u00fcrk\u2019\u00fc Anma Gen\u00e7lik ve Spor Bayram\u0131, L\u00fcleburgaz\u2019da co\u015fkuyla kutland\u0131. 18 May\u0131s ak\u015fam\u0131 d\u00fczenlenen ba\u011f\u0131ms\u0131zl\u0131k y\u00fcr\u00fcy\u00fc\u015f\u00fcnde L\u00fcleburgaz caddeleri me\u015falelerle ayd\u0131nland\u0131. 19 May\u0131s ak\u015fam\u0131 binler Gazapizm konserinde bulu\u015ftu. \u200b19 May\u0131s Atat\u00fcrk\u2019\u00fc Anma Gen\u00e7lik ve Spor Bayram\u0131, L\u00fcleburgaz\u2019da co\u015fkuyla kutland\u0131. 18 May\u0131s ak\u015fam\u0131 d\u00fczenlenen ba\u011f\u0131ms\u0131zl\u0131k y\u00fcr\u00fcy\u00fc\u015f\u00fcnde L\u00fcleburgaz caddeleri me\u015falelerle ayd\u0131nland\u0131. 19 May\u0131s ak\u015fam\u0131 binler Gazapizm konserinde bulu\u015ftu.\u00a0 \u200bHaberin Al\u0131nt\u0131land\u0131\u011f\u0131 Kaynak: www.iskenderun.org\" \/>\n<meta property=\"og:url\" content=\"https:\/\/denizcankizil.tr\/en\/haberler\/gundem\/gazapizm-kongre-meydanini-salladi\/\" \/>\n<meta property=\"og:site_name\" content=\"Av. Deniz Can K\u0131z\u0131l\" \/>\n<meta property=\"article:published_time\" content=\"2025-05-20T11:42:57+00:00\" \/>\n<meta name=\"author\" content=\"admin\" \/>\n<meta name=\"twitter:card\" content=\"summary_large_image\" \/>\n<meta name=\"twitter:label1\" content=\"Written by\" \/>\n\t<meta name=\"twitter:data1\" content=\"admin\" \/>\n\t<meta name=\"twitter:label2\" content=\"Estimated reading time\" \/>\n\t<meta name=\"twitter:data2\" content=\"1 minute\" \/>\n<script type=\"application\/ld+json\" class=\"yoast-schema-graph\">{\"@context\":\"https:\/\/schema.org\",\"@graph\":[{\"@type\":\"Article\",\"@id\":\"https:\/\/denizcankizil.tr\/en\/haberler\/gundem\/gazapizm-kongre-meydanini-salladi\/#article\",\"isPartOf\":{\"@id\":\"https:\/\/denizcankizil.tr\/en\/haberler\/gundem\/gazapizm-kongre-meydanini-salladi\/\"},\"author\":{\"name\":\"admin\",\"@id\":\"https:\/\/denizcankizil.tr\/de\/#\/schema\/person\/be3c05fe6a12686905512445d8185489\"},\"headline\":\"Gazapizm Kongre Meydan\u0131&#8217;n\u0131 sallad\u0131\",\"datePublished\":\"2025-05-20T11:42:57+00:00\",\"mainEntityOfPage\":{\"@id\":\"https:\/\/denizcankizil.tr\/en\/haberler\/gundem\/gazapizm-kongre-meydanini-salladi\/\"},\"wordCount\":105,\"publisher\":{\"@id\":\"https:\/\/denizcankizil.tr\/de\/#organization\"},\"articleSection\":[\"G\u00fcndem\"],\"inLanguage\":\"en-GB\"},{\"@type\":\"WebPage\",\"@id\":\"https:\/\/denizcankizil.tr\/en\/haberler\/gundem\/gazapizm-kongre-meydanini-salladi\/\",\"url\":\"https:\/\/denizcankizil.tr\/en\/haberler\/gundem\/gazapizm-kongre-meydanini-salladi\/\",\"name\":\"Gazapizm Kongre Meydan\u0131'n\u0131 sallad\u0131 - Av. Deniz Can K\u0131z\u0131l\",\"isPartOf\":{\"@id\":\"https:\/\/denizcankizil.tr\/de\/#website\"},\"datePublished\":\"2025-05-20T11:42:57+00:00\",\"breadcrumb\":{\"@id\":\"https:\/\/denizcankizil.tr\/en\/haberler\/gundem\/gazapizm-kongre-meydanini-salladi\/#breadcrumb\"},\"inLanguage\":\"en-GB\",\"potentialAction\":[{\"@type\":\"ReadAction\",\"target\":[\"https:\/\/denizcankizil.tr\/en\/haberler\/gundem\/gazapizm-kongre-meydanini-salladi\/\"]}]},{\"@type\":\"BreadcrumbList\",\"@id\":\"https:\/\/denizcankizil.tr\/en\/haberler\/gundem\/gazapizm-kongre-meydanini-salladi\/#breadcrumb\",\"itemListElement\":[{\"@type\":\"ListItem\",\"position\":1,\"name\":\"Home\",\"item\":\"https:\/\/denizcankizil.tr\/de\/\"},{\"@type\":\"ListItem\",\"position\":2,\"name\":\"Gazapizm Kongre Meydan\u0131&#8217;n\u0131 sallad\u0131\"}]},{\"@type\":\"WebSite\",\"@id\":\"https:\/\/denizcankizil.tr\/de\/#website\",\"url\":\"https:\/\/denizcankizil.tr\/de\/\",\"name\":\"Av. Deniz Can K\u0131z\u0131l\",\"description\":\"Avukat Deniz Can K\u0131z\u0131l Antalya Barosu\",\"publisher\":{\"@id\":\"https:\/\/denizcankizil.tr\/de\/#organization\"},\"potentialAction\":[{\"@type\":\"SearchAction\",\"target\":{\"@type\":\"EntryPoint\",\"urlTemplate\":\"https:\/\/denizcankizil.tr\/de\/?s={search_term_string}\"},\"query-input\":{\"@type\":\"PropertyValueSpecification\",\"valueRequired\":true,\"valueName\":\"search_term_string\"}}],\"inLanguage\":\"en-GB\"},{\"@type\":\"Organization\",\"@id\":\"https:\/\/denizcankizil.tr\/de\/#organization\",\"name\":\"Av. Deniz Can K\u0131z\u0131l\",\"url\":\"https:\/\/denizcankizil.tr\/de\/\",\"logo\":{\"@type\":\"ImageObject\",\"inLanguage\":\"en-GB\",\"@id\":\"https:\/\/denizcankizil.tr\/de\/#\/schema\/logo\/image\/\",\"url\":\"https:\/\/denizcankizil.tr\/wp-content\/uploads\/2024\/10\/siyah-logo-svg.svg\",\"contentUrl\":\"https:\/\/denizcankizil.tr\/wp-content\/uploads\/2024\/10\/siyah-logo-svg.svg\",\"width\":1080,\"height\":1080,\"caption\":\"Av. Deniz Can K\u0131z\u0131l\"},\"image\":{\"@id\":\"https:\/\/denizcankizil.tr\/de\/#\/schema\/logo\/image\/\"}},{\"@type\":\"Person\",\"@id\":\"https:\/\/denizcankizil.tr\/de\/#\/schema\/person\/be3c05fe6a12686905512445d8185489\",\"name\":\"admin\",\"image\":{\"@type\":\"ImageObject\",\"inLanguage\":\"en-GB\",\"@id\":\"https:\/\/denizcankizil.tr\/de\/#\/schema\/person\/image\/\",\"url\":\"https:\/\/secure.gravatar.com\/avatar\/c1fce94c830dc79107e174f890d7210541c4a63e8e5d816341794a2151c9d58c?s=96&d=mm&r=g\",\"contentUrl\":\"https:\/\/secure.gravatar.com\/avatar\/c1fce94c830dc79107e174f890d7210541c4a63e8e5d816341794a2151c9d58c?s=96&d=mm&r=g\",\"caption\":\"admin\"},\"sameAs\":[\"http:\/\/denizcankizil.tr\"],\"url\":\"https:\/\/www.iskenderun.org\/gazapizm-kongre-meydanini-salladi\"}]}<\/script>\n<!-- \/ Yoast SEO Premium plugin. -->","yoast_head_json":{"title":"Gazapizm Kongre Meydan\u0131'n\u0131 sallad\u0131 - Av. Deniz Can K\u0131z\u0131l","robots":{"index":"index","follow":"follow","max-snippet":"max-snippet:-1","max-image-preview":"max-image-preview:large","max-video-preview":"max-video-preview:-1"},"canonical":"https:\/\/denizcankizil.tr\/en\/haberler\/gundem\/gazapizm-kongre-meydanini-salladi\/","og_locale":"en_GB","og_type":"article","og_title":"Gazapizm Kongre Meydan\u0131'n\u0131 sallad\u0131","og_description":"19 May\u0131s Atat\u00fcrk\u2019\u00fc Anma Gen\u00e7lik ve Spor Bayram\u0131, L\u00fcleburgaz\u2019da co\u015fkuyla kutland\u0131. 18 May\u0131s ak\u015fam\u0131 d\u00fczenlenen ba\u011f\u0131ms\u0131zl\u0131k y\u00fcr\u00fcy\u00fc\u015f\u00fcnde L\u00fcleburgaz caddeleri me\u015falelerle ayd\u0131nland\u0131. 19 May\u0131s ak\u015fam\u0131 binler Gazapizm konserinde bulu\u015ftu. \u200b19 May\u0131s Atat\u00fcrk\u2019\u00fc Anma Gen\u00e7lik ve Spor Bayram\u0131, L\u00fcleburgaz\u2019da co\u015fkuyla kutland\u0131. 18 May\u0131s ak\u015fam\u0131 d\u00fczenlenen ba\u011f\u0131ms\u0131zl\u0131k y\u00fcr\u00fcy\u00fc\u015f\u00fcnde L\u00fcleburgaz caddeleri me\u015falelerle ayd\u0131nland\u0131. 19 May\u0131s ak\u015fam\u0131 binler Gazapizm konserinde bulu\u015ftu.\u00a0 \u200bHaberin Al\u0131nt\u0131land\u0131\u011f\u0131 Kaynak: www.iskenderun.org","og_url":"https:\/\/denizcankizil.tr\/en\/haberler\/gundem\/gazapizm-kongre-meydanini-salladi\/","og_site_name":"Av. Deniz Can K\u0131z\u0131l","article_published_time":"2025-05-20T11:42:57+00:00","author":"admin","twitter_card":"summary_large_image","twitter_misc":{"Written by":"admin","Estimated reading time":"1 minute"},"schema":{"@context":"https:\/\/schema.org","@graph":[{"@type":"Article","@id":"https:\/\/denizcankizil.tr\/en\/haberler\/gundem\/gazapizm-kongre-meydanini-salladi\/#article","isPartOf":{"@id":"https:\/\/denizcankizil.tr\/en\/haberler\/gundem\/gazapizm-kongre-meydanini-salladi\/"},"author":{"name":"admin","@id":"https:\/\/denizcankizil.tr\/de\/#\/schema\/person\/be3c05fe6a12686905512445d8185489"},"headline":"Gazapizm Kongre Meydan\u0131&#8217;n\u0131 sallad\u0131","datePublished":"2025-05-20T11:42:57+00:00","mainEntityOfPage":{"@id":"https:\/\/denizcankizil.tr\/en\/haberler\/gundem\/gazapizm-kongre-meydanini-salladi\/"},"wordCount":105,"publisher":{"@id":"https:\/\/denizcankizil.tr\/de\/#organization"},"articleSection":["G\u00fcndem"],"inLanguage":"en-GB"},{"@type":"WebPage","@id":"https:\/\/denizcankizil.tr\/en\/haberler\/gundem\/gazapizm-kongre-meydanini-salladi\/","url":"https:\/\/denizcankizil.tr\/en\/haberler\/gundem\/gazapizm-kongre-meydanini-salladi\/","name":"Gazapizm Kongre Meydan\u0131'n\u0131 sallad\u0131 - Av. Deniz Can K\u0131z\u0131l","isPartOf":{"@id":"https:\/\/denizcankizil.tr\/de\/#website"},"datePublished":"2025-05-20T11:42:57+00:00","breadcrumb":{"@id":"https:\/\/denizcankizil.tr\/en\/haberler\/gundem\/gazapizm-kongre-meydanini-salladi\/#breadcrumb"},"inLanguage":"en-GB","potentialAction":[{"@type":"ReadAction","target":["https:\/\/denizcankizil.tr\/en\/haberler\/gundem\/gazapizm-kongre-meydanini-salladi\/"]}]},{"@type":"BreadcrumbList","@id":"https:\/\/denizcankizil.tr\/en\/haberler\/gundem\/gazapizm-kongre-meydanini-salladi\/#breadcrumb","itemListElement":[{"@type":"ListItem","position":1,"name":"Home","item":"https:\/\/denizcankizil.tr\/de\/"},{"@type":"ListItem","position":2,"name":"Gazapizm Kongre Meydan\u0131&#8217;n\u0131 sallad\u0131"}]},{"@type":"WebSite","@id":"https:\/\/denizcankizil.tr\/de\/#website","url":"https:\/\/denizcankizil.tr\/de\/","name":"Av. Deniz Can K\u0131z\u0131l","description":"Avukat Deniz Can K\u0131z\u0131l Antalya Barosu","publisher":{"@id":"https:\/\/denizcankizil.tr\/de\/#organization"},"potentialAction":[{"@type":"SearchAction","target":{"@type":"EntryPoint","urlTemplate":"https:\/\/denizcankizil.tr\/de\/?s={search_term_string}"},"query-input":{"@type":"PropertyValueSpecification","valueRequired":true,"valueName":"search_term_string"}}],"inLanguage":"en-GB"},{"@type":"Organization","@id":"https:\/\/denizcankizil.tr\/de\/#organization","name":"Av. Deniz Can K\u0131z\u0131l","url":"https:\/\/denizcankizil.tr\/de\/","logo":{"@type":"ImageObject","inLanguage":"en-GB","@id":"https:\/\/denizcankizil.tr\/de\/#\/schema\/logo\/image\/","url":"https:\/\/denizcankizil.tr\/wp-content\/uploads\/2024\/10\/siyah-logo-svg.svg","contentUrl":"https:\/\/denizcankizil.tr\/wp-content\/uploads\/2024\/10\/siyah-logo-svg.svg","width":1080,"height":1080,"caption":"Av. Deniz Can K\u0131z\u0131l"},"image":{"@id":"https:\/\/denizcankizil.tr\/de\/#\/schema\/logo\/image\/"}},{"@type":"Person","@id":"https:\/\/denizcankizil.tr\/de\/#\/schema\/person\/be3c05fe6a12686905512445d8185489","name":"admin","image":{"@type":"ImageObject","inLanguage":"en-GB","@id":"https:\/\/denizcankizil.tr\/de\/#\/schema\/person\/image\/","url":"https:\/\/secure.gravatar.com\/avatar\/c1fce94c830dc79107e174f890d7210541c4a63e8e5d816341794a2151c9d58c?s=96&d=mm&r=g","contentUrl":"https:\/\/secure.gravatar.com\/avatar\/c1fce94c830dc79107e174f890d7210541c4a63e8e5d816341794a2151c9d58c?s=96&d=mm&r=g","caption":"admin"},"sameAs":["http:\/\/denizcankizil.tr"],"url":"https:\/\/www.iskenderun.org\/gazapizm-kongre-meydanini-salladi"}]}},"_links":{"self":[{"href":"https:\/\/denizcankizil.tr\/en\/wp-json\/wp\/v2\/posts\/92769","targetHints":{"allow":["GET"]}}],"collection":[{"href":"https:\/\/denizcankizil.tr\/en\/wp-json\/wp\/v2\/posts"}],"about":[{"href":"https:\/\/denizcankizil.tr\/en\/wp-json\/wp\/v2\/types\/post"}],"author":[{"embeddable":true,"href":"https:\/\/denizcankizil.tr\/en\/wp-json\/wp\/v2\/users\/1"}],"replies":[{"embeddable":true,"href":"https:\/\/denizcankizil.tr\/en\/wp-json\/wp\/v2\/comments?post=92769"}],"version-history":[{"count":0,"href":"https:\/\/denizcankizil.tr\/en\/wp-json\/wp\/v2\/posts\/92769\/revisions"}],"wp:attachment":[{"href":"https:\/\/denizcankizil.tr\/en\/wp-json\/wp\/v2\/media?parent=92769"}],"wp:term":[{"taxonomy":"category","embeddable":true,"href":"https:\/\/denizcankizil.tr\/en\/wp-json\/wp\/v2\/categories?post=92769"},{"taxonomy":"post_tag","embeddable":true,"href":"https:\/\/denizcankizil.tr\/en\/wp-json\/wp\/v2\/tags?post=92769"}],"curies":[{"name":"wp","href":"https:\/\/api.w.org\/{rel}","templated":true}]}}