{"id":9086,"date":"2024-10-27T21:41:22","date_gmt":"2024-10-27T18:41:22","guid":{"rendered":"https:\/\/denizcankizil.tr\/uncategorized-tr\/antalyada-meteor-panigi-once-kuyruklu-yildiz-sandilar\/"},"modified":"2024-10-27T21:41:22","modified_gmt":"2024-10-27T18:41:22","slug":"antalyada-meteor-panigi-once-kuyruklu-yildiz-sandilar","status":"publish","type":"post","link":"https:\/\/denizcankizil.tr\/en\/haberler\/gundem\/antalyada-meteor-panigi-once-kuyruklu-yildiz-sandilar\/","title":{"rendered":"Antalya\u2019da meteor pani\u011fi! \u00d6nce kuyruklu y\u0131ld\u0131z sand\u0131lar"},"content":{"rendered":"<p>Sosyal medya \u00fczerinden payla\u015f\u0131lan bir video Antalya\u2019da g\u00fcndem oldu. Ye\u015fil parlak bir topun h\u0131zla yery\u00fcz\u00fcne yakla\u015ft\u0131\u011f\u0131 g\u00f6r\u00fcnt\u00fcler sosyal medyada h\u0131zla yay\u0131ld\u0131. \u00c7\u0131plak g\u00f6zle net bir \u015fekilde tespit edilebilen meteorun b\u00fcy\u00fckl\u00fc\u011f\u00fc ise dikkat \u00e7ekti.\u00a0<\/p>\n<p>\u00d6NCE YILDIZ SANDILAR\u00a0<\/p>\n<p>Sosyal medyaya y\u00fcklenen videoda vatanda\u015flar d\u00fc\u015fen meteoru \u00f6nce kayan bir y\u0131ld\u0131z sonra da yere d\u00fc\u015fen bir helikopter sand\u0131. Ayn\u0131 meteorunun ge\u00e7ti\u011fimiz g\u00fcn Adana\u2019da g\u00f6r\u00fcld\u00fc\u011f\u00fc tespit edildi. Adana\u2019dan sonrada Antalya\u2019da ayn\u0131 b\u00fcy\u00fckl\u00fckte ve ayn\u0131 \u015fekilde olan bu meteroun g\u00f6r\u00fcnmesi dikkat \u00e7ekti.\u00a0<\/p>\n<p>\u200bAntalya ve \u00e7evresinde g\u00f6r\u00fclen bir meteor sosyal medyada g\u00fcndem oldu. Ye\u015fil parlak bir \u0131\u015f\u0131k topunun h\u0131zla yery\u00fcz\u00fcne yakla\u015ft\u0131\u011f\u0131n\u0131 g\u00f6ren vatanda\u015flar, meteoru ilk ba\u015fta kuyruklu y\u0131ld\u0131z sand\u0131! \u0130\u015fte ayr\u0131nt\u0131lar\u2026\u00a0<\/p>\n<p>\u200bHaberin Al\u0131nt\u0131land\u0131\u011f\u0131 Kaynak: www.antalyakorfez.com<\/p>","protected":false},"excerpt":{"rendered":"<p>Sosyal medya \u00fczerinden payla\u015f\u0131lan bir video Antalya\u2019da g\u00fcndem oldu. Ye\u015fil parlak bir topun h\u0131zla yery\u00fcz\u00fcne yakla\u015ft\u0131\u011f\u0131 g\u00f6r\u00fcnt\u00fcler sosyal medyada h\u0131zla yay\u0131ld\u0131. \u00c7\u0131plak g\u00f6zle net bir \u015fekilde tespit edilebilen meteorun b\u00fcy\u00fckl\u00fc\u011f\u00fc ise dikkat \u00e7ekti.\u00a0 \u00d6NCE YILDIZ SANDILAR\u00a0 Sosyal medyaya y\u00fcklenen videoda vatanda\u015flar d\u00fc\u015fen meteoru \u00f6nce kayan bir y\u0131ld\u0131z sonra da yere d\u00fc\u015fen bir helikopter sand\u0131. Ayn\u0131 meteorunun ge\u00e7ti\u011fimiz g\u00fcn Adana\u2019da g\u00f6r\u00fcld\u00fc\u011f\u00fc tespit edildi. Adana\u2019dan sonrada Antalya\u2019da ayn\u0131 b\u00fcy\u00fckl\u00fckte ve ayn\u0131 \u015fekilde olan bu meteroun g\u00f6r\u00fcnmesi dikkat \u00e7ekti.\u00a0 \u200bAntalya ve \u00e7evresinde g\u00f6r\u00fclen bir meteor sosyal medyada g\u00fcndem oldu. Ye\u015fil parlak bir \u0131\u015f\u0131k topunun h\u0131zla yery\u00fcz\u00fcne yakla\u015ft\u0131\u011f\u0131n\u0131 g\u00f6ren vatanda\u015flar, meteoru ilk ba\u015fta kuyruklu y\u0131ld\u0131z sand\u0131! \u0130\u015fte ayr\u0131nt\u0131lar\u2026\u00a0 \u200bHaberin Al\u0131nt\u0131land\u0131\u011f\u0131 Kaynak: www.antalyakorfez.com<\/p>","protected":false},"author":0,"featured_media":0,"comment_status":"open","ping_status":"open","sticky":false,"template":"","format":"standard","meta":{"_acf_changed":false,"footnotes":""},"categories":[24,535],"tags":[],"class_list":["post-9086","post","type-post","status-publish","format-standard","has-post-thumbnail","hentry","category-gundem","category-uncategorized-tr"],"acf":[],"yoast_head":"<!-- This site is optimized with the Yoast SEO Premium plugin v26.6 (Yoast SEO v27.1.1) - https:\/\/yoast.com\/product\/yoast-seo-premium-wordpress\/ -->\n<title>Antalya\u2019da meteor pani\u011fi! \u00d6nce kuyruklu y\u0131ld\u0131z sand\u0131lar - Av. Deniz Can K\u0131z\u0131l<\/title>\n<meta name=\"robots\" content=\"index, follow, max-snippet:-1, max-image-preview:large, max-video-preview:-1\" \/>\n<link rel=\"canonical\" href=\"https:\/\/denizcankizil.tr\/en\/haberler\/gundem\/antalyada-meteor-panigi-once-kuyruklu-yildiz-sandilar\/\" \/>\n<meta property=\"og:locale\" content=\"en_GB\" \/>\n<meta property=\"og:type\" content=\"article\" \/>\n<meta property=\"og:title\" content=\"Antalya\u2019da meteor pani\u011fi! \u00d6nce kuyruklu y\u0131ld\u0131z sand\u0131lar\" \/>\n<meta property=\"og:description\" content=\"Sosyal medya \u00fczerinden payla\u015f\u0131lan bir video Antalya\u2019da g\u00fcndem oldu. Ye\u015fil parlak bir topun h\u0131zla yery\u00fcz\u00fcne yakla\u015ft\u0131\u011f\u0131 g\u00f6r\u00fcnt\u00fcler sosyal medyada h\u0131zla yay\u0131ld\u0131. \u00c7\u0131plak g\u00f6zle net bir \u015fekilde tespit edilebilen meteorun b\u00fcy\u00fckl\u00fc\u011f\u00fc ise dikkat \u00e7ekti.\u00a0 \u00d6NCE YILDIZ SANDILAR\u00a0 Sosyal medyaya y\u00fcklenen videoda vatanda\u015flar d\u00fc\u015fen meteoru \u00f6nce kayan bir y\u0131ld\u0131z sonra da yere d\u00fc\u015fen bir helikopter sand\u0131. Ayn\u0131 meteorunun ge\u00e7ti\u011fimiz g\u00fcn Adana\u2019da g\u00f6r\u00fcld\u00fc\u011f\u00fc tespit edildi. Adana\u2019dan sonrada Antalya\u2019da ayn\u0131 b\u00fcy\u00fckl\u00fckte ve ayn\u0131 \u015fekilde olan bu meteroun g\u00f6r\u00fcnmesi dikkat \u00e7ekti.\u00a0 \u200bAntalya ve \u00e7evresinde g\u00f6r\u00fclen bir meteor sosyal medyada g\u00fcndem oldu. Ye\u015fil parlak bir \u0131\u015f\u0131k topunun h\u0131zla yery\u00fcz\u00fcne yakla\u015ft\u0131\u011f\u0131n\u0131 g\u00f6ren vatanda\u015flar, meteoru ilk ba\u015fta kuyruklu y\u0131ld\u0131z sand\u0131! \u0130\u015fte ayr\u0131nt\u0131lar\u2026\u00a0 \u200bHaberin Al\u0131nt\u0131land\u0131\u011f\u0131 Kaynak: www.antalyakorfez.com\" \/>\n<meta property=\"og:url\" content=\"https:\/\/denizcankizil.tr\/en\/haberler\/gundem\/antalyada-meteor-panigi-once-kuyruklu-yildiz-sandilar\/\" \/>\n<meta property=\"og:site_name\" content=\"Av. Deniz Can K\u0131z\u0131l\" \/>\n<meta property=\"article:published_time\" content=\"2024-10-27T18:41:22+00:00\" \/>\n<meta name=\"twitter:card\" content=\"summary_large_image\" \/>\n<meta name=\"twitter:label1\" content=\"Estimated reading time\" \/>\n\t<meta name=\"twitter:data1\" content=\"1 minute\" \/>\n<script type=\"application\/ld+json\" class=\"yoast-schema-graph\">{\"@context\":\"https:\/\/schema.org\",\"@graph\":[{\"@type\":\"Article\",\"@id\":\"https:\/\/denizcankizil.tr\/uk\/haberler\/gundem\/antalyada-meteor-panigi-once-kuyruklu-yildiz-sandilar\/#article\",\"isPartOf\":{\"@id\":\"https:\/\/denizcankizil.tr\/uk\/haberler\/gundem\/antalyada-meteor-panigi-once-kuyruklu-yildiz-sandilar\/\"},\"author\":{\"name\":\"\",\"@id\":\"\"},\"headline\":\"Antalya\u2019da meteor pani\u011fi! \u00d6nce kuyruklu y\u0131ld\u0131z sand\u0131lar\",\"datePublished\":\"2024-10-27T18:41:22+00:00\",\"mainEntityOfPage\":{\"@id\":\"https:\/\/denizcankizil.tr\/uk\/haberler\/gundem\/antalyada-meteor-panigi-once-kuyruklu-yildiz-sandilar\/\"},\"wordCount\":175,\"commentCount\":0,\"publisher\":{\"@id\":\"https:\/\/denizcankizil.tr\/#organization\"},\"articleSection\":[\"G\u00fcndem\",\"Uncategorized\"],\"inLanguage\":\"en-GB\",\"potentialAction\":[{\"@type\":\"CommentAction\",\"name\":\"Comment\",\"target\":[\"https:\/\/denizcankizil.tr\/uk\/haberler\/gundem\/antalyada-meteor-panigi-once-kuyruklu-yildiz-sandilar\/#respond\"]}]},{\"@type\":\"WebPage\",\"@id\":\"https:\/\/denizcankizil.tr\/uk\/haberler\/gundem\/antalyada-meteor-panigi-once-kuyruklu-yildiz-sandilar\/\",\"url\":\"https:\/\/denizcankizil.tr\/uk\/haberler\/gundem\/antalyada-meteor-panigi-once-kuyruklu-yildiz-sandilar\/\",\"name\":\"Antalya\u2019da meteor pani\u011fi! \u00d6nce kuyruklu y\u0131ld\u0131z sand\u0131lar - Av. Deniz Can K\u0131z\u0131l\",\"isPartOf\":{\"@id\":\"https:\/\/denizcankizil.tr\/#website\"},\"datePublished\":\"2024-10-27T18:41:22+00:00\",\"breadcrumb\":{\"@id\":\"https:\/\/denizcankizil.tr\/uk\/haberler\/gundem\/antalyada-meteor-panigi-once-kuyruklu-yildiz-sandilar\/#breadcrumb\"},\"inLanguage\":\"en-GB\",\"potentialAction\":[{\"@type\":\"ReadAction\",\"target\":[\"https:\/\/denizcankizil.tr\/uk\/haberler\/gundem\/antalyada-meteor-panigi-once-kuyruklu-yildiz-sandilar\/\"]}]},{\"@type\":\"BreadcrumbList\",\"@id\":\"https:\/\/denizcankizil.tr\/uk\/haberler\/gundem\/antalyada-meteor-panigi-once-kuyruklu-yildiz-sandilar\/#breadcrumb\",\"itemListElement\":[{\"@type\":\"ListItem\",\"position\":1,\"name\":\"Home\",\"item\":\"https:\/\/denizcankizil.tr\/de\/\"},{\"@type\":\"ListItem\",\"position\":2,\"name\":\"Antalya\u2019da meteor pani\u011fi! \u00d6nce kuyruklu y\u0131ld\u0131z sand\u0131lar\"}]},{\"@type\":\"WebSite\",\"@id\":\"https:\/\/denizcankizil.tr\/#website\",\"url\":\"https:\/\/denizcankizil.tr\/\",\"name\":\"Av. Deniz Can K\u0131z\u0131l\",\"description\":\"Avukat Deniz Can K\u0131z\u0131l Antalya Barosu\",\"publisher\":{\"@id\":\"https:\/\/denizcankizil.tr\/#organization\"},\"potentialAction\":[{\"@type\":\"SearchAction\",\"target\":{\"@type\":\"EntryPoint\",\"urlTemplate\":\"https:\/\/denizcankizil.tr\/?s={search_term_string}\"},\"query-input\":{\"@type\":\"PropertyValueSpecification\",\"valueRequired\":true,\"valueName\":\"search_term_string\"}}],\"inLanguage\":\"en-GB\"},{\"@type\":\"Organization\",\"@id\":\"https:\/\/denizcankizil.tr\/#organization\",\"name\":\"Av. Deniz Can K\u0131z\u0131l\",\"url\":\"https:\/\/denizcankizil.tr\/\",\"logo\":{\"@type\":\"ImageObject\",\"inLanguage\":\"en-GB\",\"@id\":\"https:\/\/denizcankizil.tr\/#\/schema\/logo\/image\/\",\"url\":\"https:\/\/denizcankizil.tr\/wp-content\/uploads\/2024\/10\/siyah-logo-svg.svg\",\"contentUrl\":\"https:\/\/denizcankizil.tr\/wp-content\/uploads\/2024\/10\/siyah-logo-svg.svg\",\"width\":1080,\"height\":1080,\"caption\":\"Av. Deniz Can K\u0131z\u0131l\"},\"image\":{\"@id\":\"https:\/\/denizcankizil.tr\/#\/schema\/logo\/image\/\"}}]}<\/script>\n<!-- \/ Yoast SEO Premium plugin. -->","yoast_head_json":{"title":"Antalya\u2019da meteor pani\u011fi! \u00d6nce kuyruklu y\u0131ld\u0131z sand\u0131lar - Av. Deniz Can K\u0131z\u0131l","robots":{"index":"index","follow":"follow","max-snippet":"max-snippet:-1","max-image-preview":"max-image-preview:large","max-video-preview":"max-video-preview:-1"},"canonical":"https:\/\/denizcankizil.tr\/en\/haberler\/gundem\/antalyada-meteor-panigi-once-kuyruklu-yildiz-sandilar\/","og_locale":"en_GB","og_type":"article","og_title":"Antalya\u2019da meteor pani\u011fi! \u00d6nce kuyruklu y\u0131ld\u0131z sand\u0131lar","og_description":"Sosyal medya \u00fczerinden payla\u015f\u0131lan bir video Antalya\u2019da g\u00fcndem oldu. Ye\u015fil parlak bir topun h\u0131zla yery\u00fcz\u00fcne yakla\u015ft\u0131\u011f\u0131 g\u00f6r\u00fcnt\u00fcler sosyal medyada h\u0131zla yay\u0131ld\u0131. \u00c7\u0131plak g\u00f6zle net bir \u015fekilde tespit edilebilen meteorun b\u00fcy\u00fckl\u00fc\u011f\u00fc ise dikkat \u00e7ekti.\u00a0 \u00d6NCE YILDIZ SANDILAR\u00a0 Sosyal medyaya y\u00fcklenen videoda vatanda\u015flar d\u00fc\u015fen meteoru \u00f6nce kayan bir y\u0131ld\u0131z sonra da yere d\u00fc\u015fen bir helikopter sand\u0131. Ayn\u0131 meteorunun ge\u00e7ti\u011fimiz g\u00fcn Adana\u2019da g\u00f6r\u00fcld\u00fc\u011f\u00fc tespit edildi. Adana\u2019dan sonrada Antalya\u2019da ayn\u0131 b\u00fcy\u00fckl\u00fckte ve ayn\u0131 \u015fekilde olan bu meteroun g\u00f6r\u00fcnmesi dikkat \u00e7ekti.\u00a0 \u200bAntalya ve \u00e7evresinde g\u00f6r\u00fclen bir meteor sosyal medyada g\u00fcndem oldu. Ye\u015fil parlak bir \u0131\u015f\u0131k topunun h\u0131zla yery\u00fcz\u00fcne yakla\u015ft\u0131\u011f\u0131n\u0131 g\u00f6ren vatanda\u015flar, meteoru ilk ba\u015fta kuyruklu y\u0131ld\u0131z sand\u0131! \u0130\u015fte ayr\u0131nt\u0131lar\u2026\u00a0 \u200bHaberin Al\u0131nt\u0131land\u0131\u011f\u0131 Kaynak: www.antalyakorfez.com","og_url":"https:\/\/denizcankizil.tr\/en\/haberler\/gundem\/antalyada-meteor-panigi-once-kuyruklu-yildiz-sandilar\/","og_site_name":"Av. Deniz Can K\u0131z\u0131l","article_published_time":"2024-10-27T18:41:22+00:00","twitter_card":"summary_large_image","twitter_misc":{"Estimated reading time":"1 minute"},"schema":{"@context":"https:\/\/schema.org","@graph":[{"@type":"Article","@id":"https:\/\/denizcankizil.tr\/uk\/haberler\/gundem\/antalyada-meteor-panigi-once-kuyruklu-yildiz-sandilar\/#article","isPartOf":{"@id":"https:\/\/denizcankizil.tr\/uk\/haberler\/gundem\/antalyada-meteor-panigi-once-kuyruklu-yildiz-sandilar\/"},"author":{"name":"","@id":""},"headline":"Antalya\u2019da meteor pani\u011fi! \u00d6nce kuyruklu y\u0131ld\u0131z sand\u0131lar","datePublished":"2024-10-27T18:41:22+00:00","mainEntityOfPage":{"@id":"https:\/\/denizcankizil.tr\/uk\/haberler\/gundem\/antalyada-meteor-panigi-once-kuyruklu-yildiz-sandilar\/"},"wordCount":175,"commentCount":0,"publisher":{"@id":"https:\/\/denizcankizil.tr\/#organization"},"articleSection":["G\u00fcndem","Uncategorized"],"inLanguage":"en-GB","potentialAction":[{"@type":"CommentAction","name":"Comment","target":["https:\/\/denizcankizil.tr\/uk\/haberler\/gundem\/antalyada-meteor-panigi-once-kuyruklu-yildiz-sandilar\/#respond"]}]},{"@type":"WebPage","@id":"https:\/\/denizcankizil.tr\/uk\/haberler\/gundem\/antalyada-meteor-panigi-once-kuyruklu-yildiz-sandilar\/","url":"https:\/\/denizcankizil.tr\/uk\/haberler\/gundem\/antalyada-meteor-panigi-once-kuyruklu-yildiz-sandilar\/","name":"Antalya\u2019da meteor pani\u011fi! \u00d6nce kuyruklu y\u0131ld\u0131z sand\u0131lar - Av. Deniz Can K\u0131z\u0131l","isPartOf":{"@id":"https:\/\/denizcankizil.tr\/#website"},"datePublished":"2024-10-27T18:41:22+00:00","breadcrumb":{"@id":"https:\/\/denizcankizil.tr\/uk\/haberler\/gundem\/antalyada-meteor-panigi-once-kuyruklu-yildiz-sandilar\/#breadcrumb"},"inLanguage":"en-GB","potentialAction":[{"@type":"ReadAction","target":["https:\/\/denizcankizil.tr\/uk\/haberler\/gundem\/antalyada-meteor-panigi-once-kuyruklu-yildiz-sandilar\/"]}]},{"@type":"BreadcrumbList","@id":"https:\/\/denizcankizil.tr\/uk\/haberler\/gundem\/antalyada-meteor-panigi-once-kuyruklu-yildiz-sandilar\/#breadcrumb","itemListElement":[{"@type":"ListItem","position":1,"name":"Home","item":"https:\/\/denizcankizil.tr\/de\/"},{"@type":"ListItem","position":2,"name":"Antalya\u2019da meteor pani\u011fi! \u00d6nce kuyruklu y\u0131ld\u0131z sand\u0131lar"}]},{"@type":"WebSite","@id":"https:\/\/denizcankizil.tr\/#website","url":"https:\/\/denizcankizil.tr\/","name":"Av. Deniz Can K\u0131z\u0131l","description":"Avukat Deniz Can K\u0131z\u0131l Antalya Barosu","publisher":{"@id":"https:\/\/denizcankizil.tr\/#organization"},"potentialAction":[{"@type":"SearchAction","target":{"@type":"EntryPoint","urlTemplate":"https:\/\/denizcankizil.tr\/?s={search_term_string}"},"query-input":{"@type":"PropertyValueSpecification","valueRequired":true,"valueName":"search_term_string"}}],"inLanguage":"en-GB"},{"@type":"Organization","@id":"https:\/\/denizcankizil.tr\/#organization","name":"Av. Deniz Can K\u0131z\u0131l","url":"https:\/\/denizcankizil.tr\/","logo":{"@type":"ImageObject","inLanguage":"en-GB","@id":"https:\/\/denizcankizil.tr\/#\/schema\/logo\/image\/","url":"https:\/\/denizcankizil.tr\/wp-content\/uploads\/2024\/10\/siyah-logo-svg.svg","contentUrl":"https:\/\/denizcankizil.tr\/wp-content\/uploads\/2024\/10\/siyah-logo-svg.svg","width":1080,"height":1080,"caption":"Av. Deniz Can K\u0131z\u0131l"},"image":{"@id":"https:\/\/denizcankizil.tr\/#\/schema\/logo\/image\/"}}]}},"_links":{"self":[{"href":"https:\/\/denizcankizil.tr\/en\/wp-json\/wp\/v2\/posts\/9086","targetHints":{"allow":["GET"]}}],"collection":[{"href":"https:\/\/denizcankizil.tr\/en\/wp-json\/wp\/v2\/posts"}],"about":[{"href":"https:\/\/denizcankizil.tr\/en\/wp-json\/wp\/v2\/types\/post"}],"replies":[{"embeddable":true,"href":"https:\/\/denizcankizil.tr\/en\/wp-json\/wp\/v2\/comments?post=9086"}],"version-history":[{"count":0,"href":"https:\/\/denizcankizil.tr\/en\/wp-json\/wp\/v2\/posts\/9086\/revisions"}],"wp:attachment":[{"href":"https:\/\/denizcankizil.tr\/en\/wp-json\/wp\/v2\/media?parent=9086"}],"wp:term":[{"taxonomy":"category","embeddable":true,"href":"https:\/\/denizcankizil.tr\/en\/wp-json\/wp\/v2\/categories?post=9086"},{"taxonomy":"post_tag","embeddable":true,"href":"https:\/\/denizcankizil.tr\/en\/wp-json\/wp\/v2\/tags?post=9086"}],"curies":[{"name":"wp","href":"https:\/\/api.w.org\/{rel}","templated":true}]}}