{"id":90749,"date":"2025-05-18T19:41:20","date_gmt":"2025-05-18T16:41:20","guid":{"rendered":"https:\/\/denizcankizil.tr\/uncategorized-tr\/zafer-partisi-19-mayisi-dua-tepede-sehitleri-anarak-kutladi\/"},"modified":"2025-05-18T19:41:20","modified_gmt":"2025-05-18T16:41:20","slug":"zafer-partisi-19-mayisi-dua-tepede-sehitleri-anarak-kutladi","status":"publish","type":"post","link":"https:\/\/denizcankizil.tr\/en\/haberler\/gundem\/zafer-partisi-19-mayisi-dua-tepede-sehitleri-anarak-kutladi\/","title":{"rendered":"Zafer Partisi, 19 May\u0131s&#8217;\u0131 Dua Tepe&#8217;de \u015fehitleri anarak kutlad\u0131"},"content":{"rendered":"<p>Zafer Partisi, 19 May\u0131s&#8217;\u0131 Atat\u00fcrk&#8217;\u00fc Anma, Gen\u00e7lik ve Spor Bayram\u0131&#8217;n\u0131 anlaml\u0131 bir etkinlikle kar\u015f\u0131lad\u0131. Partililer, Genel Ba\u015fkan Vekili Prof. Dr. Ali \u015eehiro\u011flu ba\u015fkanl\u0131\u011f\u0131nda, 19 May\u0131s sabah\u0131na Polatl\u0131&#8217;daki Dua Tepe&#8217;de \u0130stiklal Sava\u015f\u0131 \u015fehitlerini anarak ba\u015flad\u0131. Etkinlikte, Gazi Mustafa Kemal Atat\u00fcrk ve silah arkada\u015flar\u0131n\u0131n verdi\u011fi ba\u011f\u0131ms\u0131zl\u0131k m\u00fccadelesi anlat\u0131ld\u0131.<\/p>\n<p>ATAT\u00dcRK VE S\u0130LAH ARKADA\u015eLARININ M\u00dcCADELES\u0130 ANLATILDI<\/p>\n<p>Etkinli\u011fe Zafer Partisi Divan \u00dcyeler, Gen\u00e7lik Kollar\u0131, Ankara \u0130l Ba\u015fkanl\u0131\u011f\u0131, Antalya&#8217;dan Zafer Partisi Te\u015fkilat ve Mahalli \u0130darelerden sorumlu Genel Ba\u015fkan Yard\u0131mc\u0131s\u0131 Musa Ertugan ve \u00e7ok say\u0131da partili kat\u0131ld\u0131. Genel Ba\u015fkan Yard\u0131mc\u0131s\u0131 Haydar \u00c7akmak, burada yapt\u0131\u011f\u0131 konu\u015fmada, \u0130stiklal Sava\u015f\u0131 s\u00fcrecini ve Gazi Mustafa Kemal Atat\u00fcrk ile silah arkada\u015flar\u0131n\u0131n vatan\u0131 kurtarmak i\u00e7in verdi\u011fi b\u00fcy\u00fck m\u00fccadeleyi aktard\u0131.<\/p>\n<p>\u200bZafer Partisi, 19 May\u0131s Atat\u00fcrk&#8217;\u00fc Anma, Gen\u00e7lik ve Spor Bayram\u0131 kapsam\u0131nda Dua Tepe&#8217;de \u0130stiklal Sava\u015f\u0131 \u015fehitlerini and\u0131. Etlinli\u011fe partinin \u00fcst d\u00fczey y\u00f6neticileri, gen\u00e7lik kollar\u0131 ve Antalya&#8217;dan Zafer Partisi Te\u015fkilat ve Mahalli \u0130darelerden sorumlu Genel Ba\u015fkan Yard\u0131mc\u0131s\u0131 Musa Ertugan kat\u0131ld\u0131.\u00a0<\/p>\n<p>\u200bHaberin Al\u0131nt\u0131land\u0131\u011f\u0131 Kaynak: www.antalyakorfez.com<\/p>","protected":false},"excerpt":{"rendered":"<p>Zafer Partisi, 19 May\u0131s&#8217;\u0131 Atat\u00fcrk&#8217;\u00fc Anma, Gen\u00e7lik ve Spor Bayram\u0131&#8217;n\u0131 anlaml\u0131 bir etkinlikle kar\u015f\u0131lad\u0131. Partililer, Genel Ba\u015fkan Vekili Prof. Dr. Ali \u015eehiro\u011flu ba\u015fkanl\u0131\u011f\u0131nda, 19 May\u0131s sabah\u0131na Polatl\u0131&#8217;daki Dua Tepe&#8217;de \u0130stiklal Sava\u015f\u0131 \u015fehitlerini anarak ba\u015flad\u0131. Etkinlikte, Gazi Mustafa Kemal Atat\u00fcrk ve silah arkada\u015flar\u0131n\u0131n verdi\u011fi ba\u011f\u0131ms\u0131zl\u0131k m\u00fccadelesi anlat\u0131ld\u0131. ATAT\u00dcRK VE S\u0130LAH ARKADA\u015eLARININ M\u00dcCADELES\u0130 ANLATILDI Etkinli\u011fe Zafer Partisi Divan \u00dcyeler, Gen\u00e7lik Kollar\u0131, Ankara \u0130l Ba\u015fkanl\u0131\u011f\u0131, Antalya&#8217;dan Zafer Partisi Te\u015fkilat ve Mahalli \u0130darelerden sorumlu Genel Ba\u015fkan Yard\u0131mc\u0131s\u0131 Musa Ertugan ve \u00e7ok say\u0131da partili kat\u0131ld\u0131. Genel Ba\u015fkan Yard\u0131mc\u0131s\u0131 Haydar \u00c7akmak, burada yapt\u0131\u011f\u0131 konu\u015fmada, \u0130stiklal Sava\u015f\u0131 s\u00fcrecini ve Gazi Mustafa Kemal Atat\u00fcrk ile silah arkada\u015flar\u0131n\u0131n vatan\u0131 kurtarmak i\u00e7in verdi\u011fi b\u00fcy\u00fck m\u00fccadeleyi aktard\u0131. \u200bZafer Partisi, 19 May\u0131s Atat\u00fcrk&#8217;\u00fc Anma, Gen\u00e7lik ve Spor Bayram\u0131 kapsam\u0131nda Dua Tepe&#8217;de \u0130stiklal Sava\u015f\u0131 \u015fehitlerini and\u0131. Etlinli\u011fe partinin \u00fcst d\u00fczey y\u00f6neticileri, gen\u00e7lik kollar\u0131 ve Antalya&#8217;dan Zafer Partisi Te\u015fkilat ve Mahalli \u0130darelerden sorumlu Genel Ba\u015fkan Yard\u0131mc\u0131s\u0131 Musa Ertugan kat\u0131ld\u0131.\u00a0 \u200bHaberin Al\u0131nt\u0131land\u0131\u011f\u0131 Kaynak: www.antalyakorfez.com<\/p>","protected":false},"author":5,"featured_media":0,"comment_status":"","ping_status":"open","sticky":false,"template":"","format":"standard","meta":{"_acf_changed":false,"footnotes":""},"categories":[24],"tags":[],"class_list":["post-90749","post","type-post","status-publish","format-standard","has-post-thumbnail","hentry","category-gundem"],"acf":[],"yoast_head":"<!-- This site is optimized with the Yoast SEO Premium plugin v26.6 (Yoast SEO v27.1.1) - https:\/\/yoast.com\/product\/yoast-seo-premium-wordpress\/ -->\n<title>Zafer Partisi, 19 May\u0131s&#039;\u0131 Dua Tepe&#039;de \u015fehitleri anarak kutlad\u0131 - Av. Deniz Can K\u0131z\u0131l<\/title>\n<meta name=\"robots\" content=\"index, follow, max-snippet:-1, max-image-preview:large, max-video-preview:-1\" \/>\n<link rel=\"canonical\" href=\"https:\/\/denizcankizil.tr\/en\/haberler\/gundem\/zafer-partisi-19-mayisi-dua-tepede-sehitleri-anarak-kutladi\/\" \/>\n<meta property=\"og:locale\" content=\"en_GB\" \/>\n<meta property=\"og:type\" content=\"article\" \/>\n<meta property=\"og:title\" content=\"Zafer Partisi, 19 May\u0131s&#039;\u0131 Dua Tepe&#039;de \u015fehitleri anarak kutlad\u0131\" \/>\n<meta property=\"og:description\" content=\"Zafer Partisi, 19 May\u0131s&#8217;\u0131 Atat\u00fcrk&#8217;\u00fc Anma, Gen\u00e7lik ve Spor Bayram\u0131&#8217;n\u0131 anlaml\u0131 bir etkinlikle kar\u015f\u0131lad\u0131. Partililer, Genel Ba\u015fkan Vekili Prof. Dr. Ali \u015eehiro\u011flu ba\u015fkanl\u0131\u011f\u0131nda, 19 May\u0131s sabah\u0131na Polatl\u0131&#8217;daki Dua Tepe&#8217;de \u0130stiklal Sava\u015f\u0131 \u015fehitlerini anarak ba\u015flad\u0131. Etkinlikte, Gazi Mustafa Kemal Atat\u00fcrk ve silah arkada\u015flar\u0131n\u0131n verdi\u011fi ba\u011f\u0131ms\u0131zl\u0131k m\u00fccadelesi anlat\u0131ld\u0131. ATAT\u00dcRK VE S\u0130LAH ARKADA\u015eLARININ M\u00dcCADELES\u0130 ANLATILDI Etkinli\u011fe Zafer Partisi Divan \u00dcyeler, Gen\u00e7lik Kollar\u0131, Ankara \u0130l Ba\u015fkanl\u0131\u011f\u0131, Antalya&#8217;dan Zafer Partisi Te\u015fkilat ve Mahalli \u0130darelerden sorumlu Genel Ba\u015fkan Yard\u0131mc\u0131s\u0131 Musa Ertugan ve \u00e7ok say\u0131da partili kat\u0131ld\u0131. Genel Ba\u015fkan Yard\u0131mc\u0131s\u0131 Haydar \u00c7akmak, burada yapt\u0131\u011f\u0131 konu\u015fmada, \u0130stiklal Sava\u015f\u0131 s\u00fcrecini ve Gazi Mustafa Kemal Atat\u00fcrk ile silah arkada\u015flar\u0131n\u0131n vatan\u0131 kurtarmak i\u00e7in verdi\u011fi b\u00fcy\u00fck m\u00fccadeleyi aktard\u0131. \u200bZafer Partisi, 19 May\u0131s Atat\u00fcrk&#8217;\u00fc Anma, Gen\u00e7lik ve Spor Bayram\u0131 kapsam\u0131nda Dua Tepe&#8217;de \u0130stiklal Sava\u015f\u0131 \u015fehitlerini and\u0131. Etlinli\u011fe partinin \u00fcst d\u00fczey y\u00f6neticileri, gen\u00e7lik kollar\u0131 ve Antalya&#8217;dan Zafer Partisi Te\u015fkilat ve Mahalli \u0130darelerden sorumlu Genel Ba\u015fkan Yard\u0131mc\u0131s\u0131 Musa Ertugan kat\u0131ld\u0131.\u00a0 \u200bHaberin Al\u0131nt\u0131land\u0131\u011f\u0131 Kaynak: www.antalyakorfez.com\" \/>\n<meta property=\"og:url\" content=\"https:\/\/denizcankizil.tr\/en\/haberler\/gundem\/zafer-partisi-19-mayisi-dua-tepede-sehitleri-anarak-kutladi\/\" \/>\n<meta property=\"og:site_name\" content=\"Av. Deniz Can K\u0131z\u0131l\" \/>\n<meta property=\"article:published_time\" content=\"2025-05-18T16:41:20+00:00\" \/>\n<meta name=\"author\" content=\"Antalya K\u00f6rfez\" \/>\n<meta name=\"twitter:card\" content=\"summary_large_image\" \/>\n<meta name=\"twitter:label1\" content=\"Written by\" \/>\n\t<meta name=\"twitter:data1\" content=\"Antalya K\u00f6rfez\" \/>\n\t<meta name=\"twitter:label2\" content=\"Estimated reading time\" \/>\n\t<meta name=\"twitter:data2\" content=\"1 minute\" \/>\n<script type=\"application\/ld+json\" class=\"yoast-schema-graph\">{\"@context\":\"https:\/\/schema.org\",\"@graph\":[{\"@type\":\"Article\",\"@id\":\"https:\/\/denizcankizil.tr\/en\/haberler\/gundem\/zafer-partisi-19-mayisi-dua-tepede-sehitleri-anarak-kutladi\/#article\",\"isPartOf\":{\"@id\":\"https:\/\/denizcankizil.tr\/en\/haberler\/gundem\/zafer-partisi-19-mayisi-dua-tepede-sehitleri-anarak-kutladi\/\"},\"author\":{\"name\":\"Antalya K\u00f6rfez\",\"@id\":\"https:\/\/denizcankizil.tr\/#\/schema\/person\/e1eb71bb4dd684d46563f0af307e1234\"},\"headline\":\"Zafer Partisi, 19 May\u0131s&#8217;\u0131 Dua Tepe&#8217;de \u015fehitleri anarak kutlad\u0131\",\"datePublished\":\"2025-05-18T16:41:20+00:00\",\"mainEntityOfPage\":{\"@id\":\"https:\/\/denizcankizil.tr\/en\/haberler\/gundem\/zafer-partisi-19-mayisi-dua-tepede-sehitleri-anarak-kutladi\/\"},\"wordCount\":227,\"publisher\":{\"@id\":\"https:\/\/denizcankizil.tr\/#organization\"},\"articleSection\":[\"G\u00fcndem\"],\"inLanguage\":\"en-GB\"},{\"@type\":\"WebPage\",\"@id\":\"https:\/\/denizcankizil.tr\/en\/haberler\/gundem\/zafer-partisi-19-mayisi-dua-tepede-sehitleri-anarak-kutladi\/\",\"url\":\"https:\/\/denizcankizil.tr\/en\/haberler\/gundem\/zafer-partisi-19-mayisi-dua-tepede-sehitleri-anarak-kutladi\/\",\"name\":\"Zafer Partisi, 19 May\u0131s'\u0131 Dua Tepe'de \u015fehitleri anarak kutlad\u0131 - Av. Deniz Can K\u0131z\u0131l\",\"isPartOf\":{\"@id\":\"https:\/\/denizcankizil.tr\/#website\"},\"datePublished\":\"2025-05-18T16:41:20+00:00\",\"breadcrumb\":{\"@id\":\"https:\/\/denizcankizil.tr\/en\/haberler\/gundem\/zafer-partisi-19-mayisi-dua-tepede-sehitleri-anarak-kutladi\/#breadcrumb\"},\"inLanguage\":\"en-GB\",\"potentialAction\":[{\"@type\":\"ReadAction\",\"target\":[\"https:\/\/denizcankizil.tr\/en\/haberler\/gundem\/zafer-partisi-19-mayisi-dua-tepede-sehitleri-anarak-kutladi\/\"]}]},{\"@type\":\"BreadcrumbList\",\"@id\":\"https:\/\/denizcankizil.tr\/en\/haberler\/gundem\/zafer-partisi-19-mayisi-dua-tepede-sehitleri-anarak-kutladi\/#breadcrumb\",\"itemListElement\":[{\"@type\":\"ListItem\",\"position\":1,\"name\":\"Home\",\"item\":\"https:\/\/denizcankizil.tr\/de\/\"},{\"@type\":\"ListItem\",\"position\":2,\"name\":\"Zafer Partisi, 19 May\u0131s&#8217;\u0131 Dua Tepe&#8217;de \u015fehitleri anarak kutlad\u0131\"}]},{\"@type\":\"WebSite\",\"@id\":\"https:\/\/denizcankizil.tr\/#website\",\"url\":\"https:\/\/denizcankizil.tr\/\",\"name\":\"Av. Deniz Can K\u0131z\u0131l\",\"description\":\"Avukat Deniz Can K\u0131z\u0131l Antalya Barosu\",\"publisher\":{\"@id\":\"https:\/\/denizcankizil.tr\/#organization\"},\"potentialAction\":[{\"@type\":\"SearchAction\",\"target\":{\"@type\":\"EntryPoint\",\"urlTemplate\":\"https:\/\/denizcankizil.tr\/?s={search_term_string}\"},\"query-input\":{\"@type\":\"PropertyValueSpecification\",\"valueRequired\":true,\"valueName\":\"search_term_string\"}}],\"inLanguage\":\"en-GB\"},{\"@type\":\"Organization\",\"@id\":\"https:\/\/denizcankizil.tr\/#organization\",\"name\":\"Av. Deniz Can K\u0131z\u0131l\",\"url\":\"https:\/\/denizcankizil.tr\/\",\"logo\":{\"@type\":\"ImageObject\",\"inLanguage\":\"en-GB\",\"@id\":\"https:\/\/denizcankizil.tr\/#\/schema\/logo\/image\/\",\"url\":\"https:\/\/denizcankizil.tr\/wp-content\/uploads\/2024\/10\/siyah-logo-svg.svg\",\"contentUrl\":\"https:\/\/denizcankizil.tr\/wp-content\/uploads\/2024\/10\/siyah-logo-svg.svg\",\"width\":1080,\"height\":1080,\"caption\":\"Av. Deniz Can K\u0131z\u0131l\"},\"image\":{\"@id\":\"https:\/\/denizcankizil.tr\/#\/schema\/logo\/image\/\"}},{\"@type\":\"Person\",\"@id\":\"https:\/\/denizcankizil.tr\/#\/schema\/person\/e1eb71bb4dd684d46563f0af307e1234\",\"name\":\"Antalya K\u00f6rfez\",\"image\":{\"@type\":\"ImageObject\",\"inLanguage\":\"en-GB\",\"@id\":\"https:\/\/denizcankizil.tr\/#\/schema\/person\/image\/\",\"url\":\"https:\/\/secure.gravatar.com\/avatar\/42b01982558a48a0b501fdcab6a408d3717ea5919095ee2e67b0e521799c5905?s=96&d=mm&r=g\",\"contentUrl\":\"https:\/\/secure.gravatar.com\/avatar\/42b01982558a48a0b501fdcab6a408d3717ea5919095ee2e67b0e521799c5905?s=96&d=mm&r=g\",\"caption\":\"Antalya K\u00f6rfez\"},\"sameAs\":[\"http:\/\/www.antalyakorfez.com\"],\"url\":\"https:\/\/www.antalyakorfez.com\/zafer-partisi-19-mayisi-dua-tepede-sehitleri-anarak-kutladi\"}]}<\/script>\n<!-- \/ Yoast SEO Premium plugin. -->","yoast_head_json":{"title":"Zafer Partisi, 19 May\u0131s'\u0131 Dua Tepe'de \u015fehitleri anarak kutlad\u0131 - Av. Deniz Can K\u0131z\u0131l","robots":{"index":"index","follow":"follow","max-snippet":"max-snippet:-1","max-image-preview":"max-image-preview:large","max-video-preview":"max-video-preview:-1"},"canonical":"https:\/\/denizcankizil.tr\/en\/haberler\/gundem\/zafer-partisi-19-mayisi-dua-tepede-sehitleri-anarak-kutladi\/","og_locale":"en_GB","og_type":"article","og_title":"Zafer Partisi, 19 May\u0131s'\u0131 Dua Tepe'de \u015fehitleri anarak kutlad\u0131","og_description":"Zafer Partisi, 19 May\u0131s&#8217;\u0131 Atat\u00fcrk&#8217;\u00fc Anma, Gen\u00e7lik ve Spor Bayram\u0131&#8217;n\u0131 anlaml\u0131 bir etkinlikle kar\u015f\u0131lad\u0131. Partililer, Genel Ba\u015fkan Vekili Prof. Dr. Ali \u015eehiro\u011flu ba\u015fkanl\u0131\u011f\u0131nda, 19 May\u0131s sabah\u0131na Polatl\u0131&#8217;daki Dua Tepe&#8217;de \u0130stiklal Sava\u015f\u0131 \u015fehitlerini anarak ba\u015flad\u0131. Etkinlikte, Gazi Mustafa Kemal Atat\u00fcrk ve silah arkada\u015flar\u0131n\u0131n verdi\u011fi ba\u011f\u0131ms\u0131zl\u0131k m\u00fccadelesi anlat\u0131ld\u0131. ATAT\u00dcRK VE S\u0130LAH ARKADA\u015eLARININ M\u00dcCADELES\u0130 ANLATILDI Etkinli\u011fe Zafer Partisi Divan \u00dcyeler, Gen\u00e7lik Kollar\u0131, Ankara \u0130l Ba\u015fkanl\u0131\u011f\u0131, Antalya&#8217;dan Zafer Partisi Te\u015fkilat ve Mahalli \u0130darelerden sorumlu Genel Ba\u015fkan Yard\u0131mc\u0131s\u0131 Musa Ertugan ve \u00e7ok say\u0131da partili kat\u0131ld\u0131. Genel Ba\u015fkan Yard\u0131mc\u0131s\u0131 Haydar \u00c7akmak, burada yapt\u0131\u011f\u0131 konu\u015fmada, \u0130stiklal Sava\u015f\u0131 s\u00fcrecini ve Gazi Mustafa Kemal Atat\u00fcrk ile silah arkada\u015flar\u0131n\u0131n vatan\u0131 kurtarmak i\u00e7in verdi\u011fi b\u00fcy\u00fck m\u00fccadeleyi aktard\u0131. \u200bZafer Partisi, 19 May\u0131s Atat\u00fcrk&#8217;\u00fc Anma, Gen\u00e7lik ve Spor Bayram\u0131 kapsam\u0131nda Dua Tepe&#8217;de \u0130stiklal Sava\u015f\u0131 \u015fehitlerini and\u0131. Etlinli\u011fe partinin \u00fcst d\u00fczey y\u00f6neticileri, gen\u00e7lik kollar\u0131 ve Antalya&#8217;dan Zafer Partisi Te\u015fkilat ve Mahalli \u0130darelerden sorumlu Genel Ba\u015fkan Yard\u0131mc\u0131s\u0131 Musa Ertugan kat\u0131ld\u0131.\u00a0 \u200bHaberin Al\u0131nt\u0131land\u0131\u011f\u0131 Kaynak: www.antalyakorfez.com","og_url":"https:\/\/denizcankizil.tr\/en\/haberler\/gundem\/zafer-partisi-19-mayisi-dua-tepede-sehitleri-anarak-kutladi\/","og_site_name":"Av. Deniz Can K\u0131z\u0131l","article_published_time":"2025-05-18T16:41:20+00:00","author":"Antalya K\u00f6rfez","twitter_card":"summary_large_image","twitter_misc":{"Written by":"Antalya K\u00f6rfez","Estimated reading time":"1 minute"},"schema":{"@context":"https:\/\/schema.org","@graph":[{"@type":"Article","@id":"https:\/\/denizcankizil.tr\/en\/haberler\/gundem\/zafer-partisi-19-mayisi-dua-tepede-sehitleri-anarak-kutladi\/#article","isPartOf":{"@id":"https:\/\/denizcankizil.tr\/en\/haberler\/gundem\/zafer-partisi-19-mayisi-dua-tepede-sehitleri-anarak-kutladi\/"},"author":{"name":"Antalya K\u00f6rfez","@id":"https:\/\/denizcankizil.tr\/#\/schema\/person\/e1eb71bb4dd684d46563f0af307e1234"},"headline":"Zafer Partisi, 19 May\u0131s&#8217;\u0131 Dua Tepe&#8217;de \u015fehitleri anarak kutlad\u0131","datePublished":"2025-05-18T16:41:20+00:00","mainEntityOfPage":{"@id":"https:\/\/denizcankizil.tr\/en\/haberler\/gundem\/zafer-partisi-19-mayisi-dua-tepede-sehitleri-anarak-kutladi\/"},"wordCount":227,"publisher":{"@id":"https:\/\/denizcankizil.tr\/#organization"},"articleSection":["G\u00fcndem"],"inLanguage":"en-GB"},{"@type":"WebPage","@id":"https:\/\/denizcankizil.tr\/en\/haberler\/gundem\/zafer-partisi-19-mayisi-dua-tepede-sehitleri-anarak-kutladi\/","url":"https:\/\/denizcankizil.tr\/en\/haberler\/gundem\/zafer-partisi-19-mayisi-dua-tepede-sehitleri-anarak-kutladi\/","name":"Zafer Partisi, 19 May\u0131s'\u0131 Dua Tepe'de \u015fehitleri anarak kutlad\u0131 - Av. Deniz Can K\u0131z\u0131l","isPartOf":{"@id":"https:\/\/denizcankizil.tr\/#website"},"datePublished":"2025-05-18T16:41:20+00:00","breadcrumb":{"@id":"https:\/\/denizcankizil.tr\/en\/haberler\/gundem\/zafer-partisi-19-mayisi-dua-tepede-sehitleri-anarak-kutladi\/#breadcrumb"},"inLanguage":"en-GB","potentialAction":[{"@type":"ReadAction","target":["https:\/\/denizcankizil.tr\/en\/haberler\/gundem\/zafer-partisi-19-mayisi-dua-tepede-sehitleri-anarak-kutladi\/"]}]},{"@type":"BreadcrumbList","@id":"https:\/\/denizcankizil.tr\/en\/haberler\/gundem\/zafer-partisi-19-mayisi-dua-tepede-sehitleri-anarak-kutladi\/#breadcrumb","itemListElement":[{"@type":"ListItem","position":1,"name":"Home","item":"https:\/\/denizcankizil.tr\/de\/"},{"@type":"ListItem","position":2,"name":"Zafer Partisi, 19 May\u0131s&#8217;\u0131 Dua Tepe&#8217;de \u015fehitleri anarak kutlad\u0131"}]},{"@type":"WebSite","@id":"https:\/\/denizcankizil.tr\/#website","url":"https:\/\/denizcankizil.tr\/","name":"Av. Deniz Can K\u0131z\u0131l","description":"Avukat Deniz Can K\u0131z\u0131l Antalya Barosu","publisher":{"@id":"https:\/\/denizcankizil.tr\/#organization"},"potentialAction":[{"@type":"SearchAction","target":{"@type":"EntryPoint","urlTemplate":"https:\/\/denizcankizil.tr\/?s={search_term_string}"},"query-input":{"@type":"PropertyValueSpecification","valueRequired":true,"valueName":"search_term_string"}}],"inLanguage":"en-GB"},{"@type":"Organization","@id":"https:\/\/denizcankizil.tr\/#organization","name":"Av. Deniz Can K\u0131z\u0131l","url":"https:\/\/denizcankizil.tr\/","logo":{"@type":"ImageObject","inLanguage":"en-GB","@id":"https:\/\/denizcankizil.tr\/#\/schema\/logo\/image\/","url":"https:\/\/denizcankizil.tr\/wp-content\/uploads\/2024\/10\/siyah-logo-svg.svg","contentUrl":"https:\/\/denizcankizil.tr\/wp-content\/uploads\/2024\/10\/siyah-logo-svg.svg","width":1080,"height":1080,"caption":"Av. Deniz Can K\u0131z\u0131l"},"image":{"@id":"https:\/\/denizcankizil.tr\/#\/schema\/logo\/image\/"}},{"@type":"Person","@id":"https:\/\/denizcankizil.tr\/#\/schema\/person\/e1eb71bb4dd684d46563f0af307e1234","name":"Antalya K\u00f6rfez","image":{"@type":"ImageObject","inLanguage":"en-GB","@id":"https:\/\/denizcankizil.tr\/#\/schema\/person\/image\/","url":"https:\/\/secure.gravatar.com\/avatar\/42b01982558a48a0b501fdcab6a408d3717ea5919095ee2e67b0e521799c5905?s=96&d=mm&r=g","contentUrl":"https:\/\/secure.gravatar.com\/avatar\/42b01982558a48a0b501fdcab6a408d3717ea5919095ee2e67b0e521799c5905?s=96&d=mm&r=g","caption":"Antalya K\u00f6rfez"},"sameAs":["http:\/\/www.antalyakorfez.com"],"url":"https:\/\/www.antalyakorfez.com\/zafer-partisi-19-mayisi-dua-tepede-sehitleri-anarak-kutladi"}]}},"_links":{"self":[{"href":"https:\/\/denizcankizil.tr\/en\/wp-json\/wp\/v2\/posts\/90749","targetHints":{"allow":["GET"]}}],"collection":[{"href":"https:\/\/denizcankizil.tr\/en\/wp-json\/wp\/v2\/posts"}],"about":[{"href":"https:\/\/denizcankizil.tr\/en\/wp-json\/wp\/v2\/types\/post"}],"author":[{"embeddable":true,"href":"https:\/\/denizcankizil.tr\/en\/wp-json\/wp\/v2\/users\/5"}],"replies":[{"embeddable":true,"href":"https:\/\/denizcankizil.tr\/en\/wp-json\/wp\/v2\/comments?post=90749"}],"version-history":[{"count":0,"href":"https:\/\/denizcankizil.tr\/en\/wp-json\/wp\/v2\/posts\/90749\/revisions"}],"wp:attachment":[{"href":"https:\/\/denizcankizil.tr\/en\/wp-json\/wp\/v2\/media?parent=90749"}],"wp:term":[{"taxonomy":"category","embeddable":true,"href":"https:\/\/denizcankizil.tr\/en\/wp-json\/wp\/v2\/categories?post=90749"},{"taxonomy":"post_tag","embeddable":true,"href":"https:\/\/denizcankizil.tr\/en\/wp-json\/wp\/v2\/tags?post=90749"}],"curies":[{"name":"wp","href":"https:\/\/api.w.org\/{rel}","templated":true}]}}