{"id":90502,"date":"2025-05-18T13:41:19","date_gmt":"2025-05-18T10:41:19","guid":{"rendered":"https:\/\/denizcankizil.tr\/uncategorized-tr\/muhittin-bocekten-19-mayis-mesaji-19-mayis-sadece-bir-tarih-degil\/"},"modified":"2025-05-18T13:41:19","modified_gmt":"2025-05-18T10:41:19","slug":"muhittin-bocekten-19-mayis-mesaji-19-mayis-sadece-bir-tarih-degil","status":"publish","type":"post","link":"https:\/\/denizcankizil.tr\/en\/haberler\/gundem\/muhittin-bocekten-19-mayis-mesaji-19-mayis-sadece-bir-tarih-degil\/","title":{"rendered":"Muhittin B\u00f6cek\u2019ten 19 May\u0131s mesaj\u0131: \u201c19 May\u0131s; sadece bir tarih de\u011fil\u201d"},"content":{"rendered":"<p>Antalya B\u00fcy\u00fck\u015fehir Belediye Ba\u015fkan\u0131 Muhittin B\u00f6cek\u2019in 19 May\u0131s Atat\u00fcrk\u2019\u00fc Anma, Gen\u00e7lik ve Spor Bayram\u0131\u2019na \u00f6zel bir mesaj yay\u0131nlad\u0131. B\u00f6cek yay\u0131nlad\u0131\u011f\u0131 mesaj\u0131nda 19 May\u0131s\u2019\u0131n \u00f6nemine de\u011finerek, T\u00fcrk milletinin kaderini de\u011fi\u015ftiren, tarihi bir d\u00f6n\u00fcm noktas\u0131 olan 19 May\u0131s; bir milletin k\u00fcllerinden yeniden do\u011fdu\u011fu, esaret zincirlerini k\u0131rarak \u00f6zg\u00fcrl\u00fc\u011fe y\u00fcr\u00fcd\u00fc\u011f\u00fc g\u00fcnd\u00fcr. \u0130\u015fgal alt\u0131ndaki bir vatanda umudun ve direncin liderli\u011fini yapan Gazi Mustafa Kemal Atat\u00fcrk\u2019\u00fcn \u201cEgemenlik, kay\u0131ts\u0131z \u015farts\u0131z milletindir\u201d diyerek ba\u015flatt\u0131\u011f\u0131 bu y\u00fcr\u00fcy\u00fc\u015f, halk\u0131n iradesine dayanan Cumhuriyetimizin de temelini olu\u015fturdu. Atat\u00fcrk, b\u00fcy\u00fck bir devrimi ger\u00e7ekle\u015ftirmekle kalmam\u0131\u015f, onu gelece\u011fe ta\u015f\u0131yacak yegane g\u00fcc\u00fcn T\u00fcrk gen\u00e7li\u011fi oldu\u011funu da ilan etmi\u015ftir. Ata\u2019m\u0131z\u0131n gen\u00e7li\u011fe arma\u011fan etti\u011fi 19 May\u0131s bu y\u00fczden sadece bir hediye de\u011fil; ayn\u0131 zamanda bir g\u00f6rev, bir inan\u00e7 ve b\u00fcy\u00fck bir sorumlulu\u011fun ifadesidir\u201d dedi.<\/p>\n<p>GEN\u00c7LERE SESLEND\u0130<\/p>\n<p>Atat\u00fcrk\u2019\u00fcn cumhuriyeti gen\u00e7lere emanet etti\u011fine dikkat \u00e7eken Ba\u015fkan B\u00f6cek, \u201cBu vatan ve Cumhuriyet, Ata\u2019m\u0131zdan size kalan en b\u00fcy\u00fck miras, en kutsal emanettir. Ata\u2019m\u0131z\u0131n \u201cB\u00fct\u00fcn \u00fcmidim gen\u00e7liktedir\u201d diyerek sizlere emanet etti\u011fi Cumhuriyet\u2019in ne denli de\u011ferli oldu\u011funu unutmay\u0131n\u0131z. Sizler, bu \u00fclkenin \u00fcmidi ve gelece\u011fisiniz. \u201cGen\u00e7li\u011fin, Cumhuriyetin temellerini sa\u011flamla\u015ft\u0131racak ve onu daha da ileriye ta\u015f\u0131yacak g\u00fcce ve donan\u0131ma sahip oldu\u011funa inanan Atat\u00fcrk, \u201cGen\u00e7ler, y\u00fckselen yeni nesil, istikbal sizsiniz. Cumhuriyeti biz kurduk, onu y\u00fckseltecek ve ya\u015fatacak sizsiniz.\u201d s\u00f6z\u00fcyle siz gen\u00e7lere olan g\u00fcvenini dile getirmi\u015ftir. Ata\u2019m\u0131z\u0131n a\u00e7t\u0131\u011f\u0131 yolda, onun devrim ve ilkelerinden ayr\u0131lmadan \u00fclkemizin ayd\u0131nl\u0131k yar\u0131nlar\u0131n\u0131 sizler in\u015fa edeceksiniz. Bunun i\u00e7in Ata\u2019m\u0131z\u0131n \u201cEn b\u00fcy\u00fck eserim\u201d dedi\u011fi Cumhuriyetimizin de\u011ferlerini sahiplenmeli ve Ata\u2019m\u0131z\u0131n Gen\u00e7li\u011fe Hitabe\u2019de s\u00f6yledi\u011fi gibi bu de\u011ferleri her ko\u015fulda savunmal\u0131s\u0131n\u0131z\u201d diye konu\u015ftu.<\/p>\n<p>HERKES\u0130 DAVET ETT\u0130 <\/p>\n<p>19 May\u0131s Pazartesi g\u00fcn\u00fc saat 19.30\u2019da herkesi T\u00fcrk bayraklar\u0131 ile Cumhuriyet Meydan\u0131\u2019na davet eden B\u00f6cek, \u201cUnutmay\u0131n, bug\u00fcn hepimize d\u00fc\u015fen en \u00f6nemli g\u00f6rev; 19 May\u0131s 1919\u2019da yak\u0131lan ba\u011f\u0131ms\u0131zl\u0131k me\u015falesini sonsuza dek ta\u015f\u0131mak, milli birlik ve beraberlik duygusunu her daim canl\u0131 tutmakt\u0131r. \u00c7\u00fcnk\u00fc 19 May\u0131s\u2019\u0131n ruhu; vazge\u00e7memek, y\u0131lmamak, pes etmemek ve daima ileriye bakmakt\u0131r. 19 May\u0131s 1919\u2019da Samsun\u2019da yak\u0131lan \u00f6zg\u00fcrl\u00fck me\u015falesinin \u0131\u015f\u0131\u011f\u0131nda, t\u00fcm hem\u015fehrilerimi 19 May\u0131s Pazartesi g\u00fcn\u00fc saat 19.30\u2019da; ellerimizde T\u00fcrk bayraklar\u0131 ve me\u015falelerle, mar\u015flar e\u015fli\u011finde Konyaalt\u0131 Varyant\u2019tan ba\u015flayarak Cumhuriyet Meydan\u0131\u2019nda sonland\u0131raca\u011f\u0131m\u0131z Fener Alay\u0131m\u0131za ve ard\u0131ndan ger\u00e7ekle\u015fecek CEZA konserimize davet ediyorum\u201d ifadelerini kulland\u0131.<\/p>\n<p>ATAT\u00dcRK VE S\u0130LAH ARKADA\u015eLARINI ANDI <\/p>\n<p>Muhitten B\u00f6cek, Atat\u00fcrk ve silah arkada\u015flar\u0131n\u0131 anarak, Bu duygu ve d\u00fc\u015f\u00fcncelerle, Cumhuriyetimizin kurucusu Gazi Mustafa Kemal Atat\u00fcrk\u2019\u00fc, silah arkada\u015flar\u0131n\u0131, t\u00fcm \u015fehitlerimizi ve kahraman gazilerimizi bir kez daha sayg\u0131, sevgi, rahmet, minnet ve \u00f6zlemle an\u0131yor, \u00f6nlerinde sayg\u0131yla e\u011filiyorum\u201d dedi ve konu\u015fmas\u0131na son verdi.<\/p>\n<p>\u200bAntalya B\u00fcy\u00fck\u015fehir Belediye Ba\u015fkan\u0131 Muhittin B\u00f6cek, 19 May\u0131s Atat\u00fcrk\u2019\u00fc Anma, Gen\u00e7lik ve Spor Bayram\u0131\u2019na \u00f6zel bir mesaj yay\u0131nlad\u0131. B\u00f6cek yay\u0131nlad\u0131\u011f\u0131 mesaj\u0131nda 19 May\u0131s&#8217;\u0131n sadece bir tarih olmad\u0131\u011f\u0131n\u0131; bir milletin ba\u011f\u0131ms\u0131zl\u0131\u011f\u0131n, inanc\u0131n ve kararl\u0131l\u0131\u011f\u0131n\u0131n ilk ad\u0131mlar\u0131 oldu\u011funu vurgulad\u0131.\u00a0<\/p>\n<p>\u200bHaberin Al\u0131nt\u0131land\u0131\u011f\u0131 Kaynak: www.antalyakorfez.com<\/p>","protected":false},"excerpt":{"rendered":"<p>Antalya B\u00fcy\u00fck\u015fehir Belediye Ba\u015fkan\u0131 Muhittin B\u00f6cek\u2019in 19 May\u0131s Atat\u00fcrk\u2019\u00fc Anma, Gen\u00e7lik ve Spor Bayram\u0131\u2019na \u00f6zel bir mesaj yay\u0131nlad\u0131. B\u00f6cek yay\u0131nlad\u0131\u011f\u0131 mesaj\u0131nda 19 May\u0131s\u2019\u0131n \u00f6nemine de\u011finerek, T\u00fcrk milletinin kaderini de\u011fi\u015ftiren, tarihi bir d\u00f6n\u00fcm noktas\u0131 olan 19 May\u0131s; bir milletin k\u00fcllerinden yeniden do\u011fdu\u011fu, esaret zincirlerini k\u0131rarak \u00f6zg\u00fcrl\u00fc\u011fe y\u00fcr\u00fcd\u00fc\u011f\u00fc g\u00fcnd\u00fcr. \u0130\u015fgal alt\u0131ndaki bir vatanda umudun ve direncin liderli\u011fini yapan Gazi Mustafa Kemal Atat\u00fcrk\u2019\u00fcn \u201cEgemenlik, kay\u0131ts\u0131z \u015farts\u0131z milletindir\u201d diyerek ba\u015flatt\u0131\u011f\u0131 bu y\u00fcr\u00fcy\u00fc\u015f, halk\u0131n iradesine dayanan Cumhuriyetimizin de temelini olu\u015fturdu. Atat\u00fcrk, b\u00fcy\u00fck bir devrimi ger\u00e7ekle\u015ftirmekle kalmam\u0131\u015f, onu gelece\u011fe ta\u015f\u0131yacak yegane g\u00fcc\u00fcn T\u00fcrk gen\u00e7li\u011fi oldu\u011funu da ilan etmi\u015ftir. Ata\u2019m\u0131z\u0131n gen\u00e7li\u011fe arma\u011fan etti\u011fi 19 May\u0131s bu y\u00fczden sadece bir hediye de\u011fil; ayn\u0131 zamanda bir g\u00f6rev, bir inan\u00e7 ve b\u00fcy\u00fck bir sorumlulu\u011fun ifadesidir\u201d dedi. GEN\u00c7LERE SESLEND\u0130 Atat\u00fcrk\u2019\u00fcn cumhuriyeti gen\u00e7lere emanet etti\u011fine dikkat \u00e7eken Ba\u015fkan B\u00f6cek, \u201cBu vatan ve Cumhuriyet, Ata\u2019m\u0131zdan size kalan en b\u00fcy\u00fck miras, en kutsal emanettir. Ata\u2019m\u0131z\u0131n \u201cB\u00fct\u00fcn \u00fcmidim gen\u00e7liktedir\u201d diyerek sizlere emanet etti\u011fi Cumhuriyet\u2019in ne denli de\u011ferli oldu\u011funu unutmay\u0131n\u0131z. Sizler, bu \u00fclkenin \u00fcmidi ve gelece\u011fisiniz. \u201cGen\u00e7li\u011fin, Cumhuriyetin temellerini sa\u011flamla\u015ft\u0131racak ve onu daha da ileriye ta\u015f\u0131yacak g\u00fcce ve donan\u0131ma sahip oldu\u011funa inanan Atat\u00fcrk, \u201cGen\u00e7ler, y\u00fckselen yeni nesil, istikbal sizsiniz. Cumhuriyeti biz kurduk, onu y\u00fckseltecek ve ya\u015fatacak sizsiniz.\u201d s\u00f6z\u00fcyle siz gen\u00e7lere olan g\u00fcvenini dile getirmi\u015ftir. Ata\u2019m\u0131z\u0131n a\u00e7t\u0131\u011f\u0131 &hellip;<\/p>","protected":false},"author":5,"featured_media":0,"comment_status":"","ping_status":"open","sticky":false,"template":"","format":"standard","meta":{"_acf_changed":false,"footnotes":""},"categories":[24],"tags":[],"class_list":["post-90502","post","type-post","status-publish","format-standard","has-post-thumbnail","hentry","category-gundem"],"acf":[],"yoast_head":"<!-- This site is optimized with the Yoast SEO Premium plugin v26.6 (Yoast SEO v27.1.1) - https:\/\/yoast.com\/product\/yoast-seo-premium-wordpress\/ -->\n<title>Muhittin B\u00f6cek\u2019ten 19 May\u0131s mesaj\u0131: \u201c19 May\u0131s; sadece bir tarih de\u011fil\u201d - Av. Deniz Can K\u0131z\u0131l<\/title>\n<meta name=\"robots\" content=\"index, follow, max-snippet:-1, max-image-preview:large, max-video-preview:-1\" \/>\n<link rel=\"canonical\" href=\"https:\/\/denizcankizil.tr\/en\/haberler\/gundem\/muhittin-bocekten-19-mayis-mesaji-19-mayis-sadece-bir-tarih-degil\/\" \/>\n<meta property=\"og:locale\" content=\"en_GB\" \/>\n<meta property=\"og:type\" content=\"article\" \/>\n<meta property=\"og:title\" content=\"Muhittin B\u00f6cek\u2019ten 19 May\u0131s mesaj\u0131: \u201c19 May\u0131s; sadece bir tarih de\u011fil\u201d\" \/>\n<meta property=\"og:description\" content=\"Antalya B\u00fcy\u00fck\u015fehir Belediye Ba\u015fkan\u0131 Muhittin B\u00f6cek\u2019in 19 May\u0131s Atat\u00fcrk\u2019\u00fc Anma, Gen\u00e7lik ve Spor Bayram\u0131\u2019na \u00f6zel bir mesaj yay\u0131nlad\u0131. B\u00f6cek yay\u0131nlad\u0131\u011f\u0131 mesaj\u0131nda 19 May\u0131s\u2019\u0131n \u00f6nemine de\u011finerek, T\u00fcrk milletinin kaderini de\u011fi\u015ftiren, tarihi bir d\u00f6n\u00fcm noktas\u0131 olan 19 May\u0131s; bir milletin k\u00fcllerinden yeniden do\u011fdu\u011fu, esaret zincirlerini k\u0131rarak \u00f6zg\u00fcrl\u00fc\u011fe y\u00fcr\u00fcd\u00fc\u011f\u00fc g\u00fcnd\u00fcr. \u0130\u015fgal alt\u0131ndaki bir vatanda umudun ve direncin liderli\u011fini yapan Gazi Mustafa Kemal Atat\u00fcrk\u2019\u00fcn \u201cEgemenlik, kay\u0131ts\u0131z \u015farts\u0131z milletindir\u201d diyerek ba\u015flatt\u0131\u011f\u0131 bu y\u00fcr\u00fcy\u00fc\u015f, halk\u0131n iradesine dayanan Cumhuriyetimizin de temelini olu\u015fturdu. Atat\u00fcrk, b\u00fcy\u00fck bir devrimi ger\u00e7ekle\u015ftirmekle kalmam\u0131\u015f, onu gelece\u011fe ta\u015f\u0131yacak yegane g\u00fcc\u00fcn T\u00fcrk gen\u00e7li\u011fi oldu\u011funu da ilan etmi\u015ftir. Ata\u2019m\u0131z\u0131n gen\u00e7li\u011fe arma\u011fan etti\u011fi 19 May\u0131s bu y\u00fczden sadece bir hediye de\u011fil; ayn\u0131 zamanda bir g\u00f6rev, bir inan\u00e7 ve b\u00fcy\u00fck bir sorumlulu\u011fun ifadesidir\u201d dedi. GEN\u00c7LERE SESLEND\u0130 Atat\u00fcrk\u2019\u00fcn cumhuriyeti gen\u00e7lere emanet etti\u011fine dikkat \u00e7eken Ba\u015fkan B\u00f6cek, \u201cBu vatan ve Cumhuriyet, Ata\u2019m\u0131zdan size kalan en b\u00fcy\u00fck miras, en kutsal emanettir. Ata\u2019m\u0131z\u0131n \u201cB\u00fct\u00fcn \u00fcmidim gen\u00e7liktedir\u201d diyerek sizlere emanet etti\u011fi Cumhuriyet\u2019in ne denli de\u011ferli oldu\u011funu unutmay\u0131n\u0131z. Sizler, bu \u00fclkenin \u00fcmidi ve gelece\u011fisiniz. \u201cGen\u00e7li\u011fin, Cumhuriyetin temellerini sa\u011flamla\u015ft\u0131racak ve onu daha da ileriye ta\u015f\u0131yacak g\u00fcce ve donan\u0131ma sahip oldu\u011funa inanan Atat\u00fcrk, \u201cGen\u00e7ler, y\u00fckselen yeni nesil, istikbal sizsiniz. Cumhuriyeti biz kurduk, onu y\u00fckseltecek ve ya\u015fatacak sizsiniz.\u201d s\u00f6z\u00fcyle siz gen\u00e7lere olan g\u00fcvenini dile getirmi\u015ftir. Ata\u2019m\u0131z\u0131n a\u00e7t\u0131\u011f\u0131 &hellip;\" \/>\n<meta property=\"og:url\" content=\"https:\/\/denizcankizil.tr\/en\/haberler\/gundem\/muhittin-bocekten-19-mayis-mesaji-19-mayis-sadece-bir-tarih-degil\/\" \/>\n<meta property=\"og:site_name\" content=\"Av. Deniz Can K\u0131z\u0131l\" \/>\n<meta property=\"article:published_time\" content=\"2025-05-18T10:41:19+00:00\" \/>\n<meta name=\"author\" content=\"Antalya K\u00f6rfez\" \/>\n<meta name=\"twitter:card\" content=\"summary_large_image\" \/>\n<meta name=\"twitter:label1\" content=\"Written by\" \/>\n\t<meta name=\"twitter:data1\" content=\"Antalya K\u00f6rfez\" \/>\n\t<meta name=\"twitter:label2\" content=\"Estimated reading time\" \/>\n\t<meta name=\"twitter:data2\" content=\"3 minutes\" \/>\n<script type=\"application\/ld+json\" class=\"yoast-schema-graph\">{\"@context\":\"https:\/\/schema.org\",\"@graph\":[{\"@type\":\"Article\",\"@id\":\"https:\/\/denizcankizil.tr\/en\/haberler\/gundem\/muhittin-bocekten-19-mayis-mesaji-19-mayis-sadece-bir-tarih-degil\/#article\",\"isPartOf\":{\"@id\":\"https:\/\/denizcankizil.tr\/en\/haberler\/gundem\/muhittin-bocekten-19-mayis-mesaji-19-mayis-sadece-bir-tarih-degil\/\"},\"author\":{\"name\":\"Antalya K\u00f6rfez\",\"@id\":\"https:\/\/denizcankizil.tr\/#\/schema\/person\/e1eb71bb4dd684d46563f0af307e1234\"},\"headline\":\"Muhittin B\u00f6cek\u2019ten 19 May\u0131s mesaj\u0131: \u201c19 May\u0131s; sadece bir tarih de\u011fil\u201d\",\"datePublished\":\"2025-05-18T10:41:19+00:00\",\"mainEntityOfPage\":{\"@id\":\"https:\/\/denizcankizil.tr\/en\/haberler\/gundem\/muhittin-bocekten-19-mayis-mesaji-19-mayis-sadece-bir-tarih-degil\/\"},\"wordCount\":663,\"publisher\":{\"@id\":\"https:\/\/denizcankizil.tr\/#organization\"},\"articleSection\":[\"G\u00fcndem\"],\"inLanguage\":\"en-GB\"},{\"@type\":\"WebPage\",\"@id\":\"https:\/\/denizcankizil.tr\/en\/haberler\/gundem\/muhittin-bocekten-19-mayis-mesaji-19-mayis-sadece-bir-tarih-degil\/\",\"url\":\"https:\/\/denizcankizil.tr\/en\/haberler\/gundem\/muhittin-bocekten-19-mayis-mesaji-19-mayis-sadece-bir-tarih-degil\/\",\"name\":\"Muhittin B\u00f6cek\u2019ten 19 May\u0131s mesaj\u0131: \u201c19 May\u0131s; sadece bir tarih de\u011fil\u201d - Av. Deniz Can K\u0131z\u0131l\",\"isPartOf\":{\"@id\":\"https:\/\/denizcankizil.tr\/#website\"},\"datePublished\":\"2025-05-18T10:41:19+00:00\",\"breadcrumb\":{\"@id\":\"https:\/\/denizcankizil.tr\/en\/haberler\/gundem\/muhittin-bocekten-19-mayis-mesaji-19-mayis-sadece-bir-tarih-degil\/#breadcrumb\"},\"inLanguage\":\"en-GB\",\"potentialAction\":[{\"@type\":\"ReadAction\",\"target\":[\"https:\/\/denizcankizil.tr\/en\/haberler\/gundem\/muhittin-bocekten-19-mayis-mesaji-19-mayis-sadece-bir-tarih-degil\/\"]}]},{\"@type\":\"BreadcrumbList\",\"@id\":\"https:\/\/denizcankizil.tr\/en\/haberler\/gundem\/muhittin-bocekten-19-mayis-mesaji-19-mayis-sadece-bir-tarih-degil\/#breadcrumb\",\"itemListElement\":[{\"@type\":\"ListItem\",\"position\":1,\"name\":\"Home\",\"item\":\"https:\/\/denizcankizil.tr\/de\/\"},{\"@type\":\"ListItem\",\"position\":2,\"name\":\"Muhittin B\u00f6cek\u2019ten 19 May\u0131s mesaj\u0131: \u201c19 May\u0131s; sadece bir tarih de\u011fil\u201d\"}]},{\"@type\":\"WebSite\",\"@id\":\"https:\/\/denizcankizil.tr\/#website\",\"url\":\"https:\/\/denizcankizil.tr\/\",\"name\":\"Av. Deniz Can K\u0131z\u0131l\",\"description\":\"Avukat Deniz Can K\u0131z\u0131l Antalya Barosu\",\"publisher\":{\"@id\":\"https:\/\/denizcankizil.tr\/#organization\"},\"potentialAction\":[{\"@type\":\"SearchAction\",\"target\":{\"@type\":\"EntryPoint\",\"urlTemplate\":\"https:\/\/denizcankizil.tr\/?s={search_term_string}\"},\"query-input\":{\"@type\":\"PropertyValueSpecification\",\"valueRequired\":true,\"valueName\":\"search_term_string\"}}],\"inLanguage\":\"en-GB\"},{\"@type\":\"Organization\",\"@id\":\"https:\/\/denizcankizil.tr\/#organization\",\"name\":\"Av. Deniz Can K\u0131z\u0131l\",\"url\":\"https:\/\/denizcankizil.tr\/\",\"logo\":{\"@type\":\"ImageObject\",\"inLanguage\":\"en-GB\",\"@id\":\"https:\/\/denizcankizil.tr\/#\/schema\/logo\/image\/\",\"url\":\"https:\/\/denizcankizil.tr\/wp-content\/uploads\/2024\/10\/siyah-logo-svg.svg\",\"contentUrl\":\"https:\/\/denizcankizil.tr\/wp-content\/uploads\/2024\/10\/siyah-logo-svg.svg\",\"width\":1080,\"height\":1080,\"caption\":\"Av. Deniz Can K\u0131z\u0131l\"},\"image\":{\"@id\":\"https:\/\/denizcankizil.tr\/#\/schema\/logo\/image\/\"}},{\"@type\":\"Person\",\"@id\":\"https:\/\/denizcankizil.tr\/#\/schema\/person\/e1eb71bb4dd684d46563f0af307e1234\",\"name\":\"Antalya K\u00f6rfez\",\"image\":{\"@type\":\"ImageObject\",\"inLanguage\":\"en-GB\",\"@id\":\"https:\/\/denizcankizil.tr\/#\/schema\/person\/image\/\",\"url\":\"https:\/\/secure.gravatar.com\/avatar\/42b01982558a48a0b501fdcab6a408d3717ea5919095ee2e67b0e521799c5905?s=96&d=mm&r=g\",\"contentUrl\":\"https:\/\/secure.gravatar.com\/avatar\/42b01982558a48a0b501fdcab6a408d3717ea5919095ee2e67b0e521799c5905?s=96&d=mm&r=g\",\"caption\":\"Antalya K\u00f6rfez\"},\"sameAs\":[\"http:\/\/www.antalyakorfez.com\"],\"url\":\"https:\/\/www.antalyakorfez.com\/muhittin-bocekten-19-mayis-mesaji-19-mayis-sadece-bir-tarih-degil\"}]}<\/script>\n<!-- \/ Yoast SEO Premium plugin. -->","yoast_head_json":{"title":"Muhittin B\u00f6cek\u2019ten 19 May\u0131s mesaj\u0131: \u201c19 May\u0131s; sadece bir tarih de\u011fil\u201d - Av. Deniz Can K\u0131z\u0131l","robots":{"index":"index","follow":"follow","max-snippet":"max-snippet:-1","max-image-preview":"max-image-preview:large","max-video-preview":"max-video-preview:-1"},"canonical":"https:\/\/denizcankizil.tr\/en\/haberler\/gundem\/muhittin-bocekten-19-mayis-mesaji-19-mayis-sadece-bir-tarih-degil\/","og_locale":"en_GB","og_type":"article","og_title":"Muhittin B\u00f6cek\u2019ten 19 May\u0131s mesaj\u0131: \u201c19 May\u0131s; sadece bir tarih de\u011fil\u201d","og_description":"Antalya B\u00fcy\u00fck\u015fehir Belediye Ba\u015fkan\u0131 Muhittin B\u00f6cek\u2019in 19 May\u0131s Atat\u00fcrk\u2019\u00fc Anma, Gen\u00e7lik ve Spor Bayram\u0131\u2019na \u00f6zel bir mesaj yay\u0131nlad\u0131. B\u00f6cek yay\u0131nlad\u0131\u011f\u0131 mesaj\u0131nda 19 May\u0131s\u2019\u0131n \u00f6nemine de\u011finerek, T\u00fcrk milletinin kaderini de\u011fi\u015ftiren, tarihi bir d\u00f6n\u00fcm noktas\u0131 olan 19 May\u0131s; bir milletin k\u00fcllerinden yeniden do\u011fdu\u011fu, esaret zincirlerini k\u0131rarak \u00f6zg\u00fcrl\u00fc\u011fe y\u00fcr\u00fcd\u00fc\u011f\u00fc g\u00fcnd\u00fcr. \u0130\u015fgal alt\u0131ndaki bir vatanda umudun ve direncin liderli\u011fini yapan Gazi Mustafa Kemal Atat\u00fcrk\u2019\u00fcn \u201cEgemenlik, kay\u0131ts\u0131z \u015farts\u0131z milletindir\u201d diyerek ba\u015flatt\u0131\u011f\u0131 bu y\u00fcr\u00fcy\u00fc\u015f, halk\u0131n iradesine dayanan Cumhuriyetimizin de temelini olu\u015fturdu. Atat\u00fcrk, b\u00fcy\u00fck bir devrimi ger\u00e7ekle\u015ftirmekle kalmam\u0131\u015f, onu gelece\u011fe ta\u015f\u0131yacak yegane g\u00fcc\u00fcn T\u00fcrk gen\u00e7li\u011fi oldu\u011funu da ilan etmi\u015ftir. Ata\u2019m\u0131z\u0131n gen\u00e7li\u011fe arma\u011fan etti\u011fi 19 May\u0131s bu y\u00fczden sadece bir hediye de\u011fil; ayn\u0131 zamanda bir g\u00f6rev, bir inan\u00e7 ve b\u00fcy\u00fck bir sorumlulu\u011fun ifadesidir\u201d dedi. GEN\u00c7LERE SESLEND\u0130 Atat\u00fcrk\u2019\u00fcn cumhuriyeti gen\u00e7lere emanet etti\u011fine dikkat \u00e7eken Ba\u015fkan B\u00f6cek, \u201cBu vatan ve Cumhuriyet, Ata\u2019m\u0131zdan size kalan en b\u00fcy\u00fck miras, en kutsal emanettir. Ata\u2019m\u0131z\u0131n \u201cB\u00fct\u00fcn \u00fcmidim gen\u00e7liktedir\u201d diyerek sizlere emanet etti\u011fi Cumhuriyet\u2019in ne denli de\u011ferli oldu\u011funu unutmay\u0131n\u0131z. Sizler, bu \u00fclkenin \u00fcmidi ve gelece\u011fisiniz. \u201cGen\u00e7li\u011fin, Cumhuriyetin temellerini sa\u011flamla\u015ft\u0131racak ve onu daha da ileriye ta\u015f\u0131yacak g\u00fcce ve donan\u0131ma sahip oldu\u011funa inanan Atat\u00fcrk, \u201cGen\u00e7ler, y\u00fckselen yeni nesil, istikbal sizsiniz. Cumhuriyeti biz kurduk, onu y\u00fckseltecek ve ya\u015fatacak sizsiniz.\u201d s\u00f6z\u00fcyle siz gen\u00e7lere olan g\u00fcvenini dile getirmi\u015ftir. Ata\u2019m\u0131z\u0131n a\u00e7t\u0131\u011f\u0131 &hellip;","og_url":"https:\/\/denizcankizil.tr\/en\/haberler\/gundem\/muhittin-bocekten-19-mayis-mesaji-19-mayis-sadece-bir-tarih-degil\/","og_site_name":"Av. Deniz Can K\u0131z\u0131l","article_published_time":"2025-05-18T10:41:19+00:00","author":"Antalya K\u00f6rfez","twitter_card":"summary_large_image","twitter_misc":{"Written by":"Antalya K\u00f6rfez","Estimated reading time":"3 minutes"},"schema":{"@context":"https:\/\/schema.org","@graph":[{"@type":"Article","@id":"https:\/\/denizcankizil.tr\/en\/haberler\/gundem\/muhittin-bocekten-19-mayis-mesaji-19-mayis-sadece-bir-tarih-degil\/#article","isPartOf":{"@id":"https:\/\/denizcankizil.tr\/en\/haberler\/gundem\/muhittin-bocekten-19-mayis-mesaji-19-mayis-sadece-bir-tarih-degil\/"},"author":{"name":"Antalya K\u00f6rfez","@id":"https:\/\/denizcankizil.tr\/#\/schema\/person\/e1eb71bb4dd684d46563f0af307e1234"},"headline":"Muhittin B\u00f6cek\u2019ten 19 May\u0131s mesaj\u0131: \u201c19 May\u0131s; sadece bir tarih de\u011fil\u201d","datePublished":"2025-05-18T10:41:19+00:00","mainEntityOfPage":{"@id":"https:\/\/denizcankizil.tr\/en\/haberler\/gundem\/muhittin-bocekten-19-mayis-mesaji-19-mayis-sadece-bir-tarih-degil\/"},"wordCount":663,"publisher":{"@id":"https:\/\/denizcankizil.tr\/#organization"},"articleSection":["G\u00fcndem"],"inLanguage":"en-GB"},{"@type":"WebPage","@id":"https:\/\/denizcankizil.tr\/en\/haberler\/gundem\/muhittin-bocekten-19-mayis-mesaji-19-mayis-sadece-bir-tarih-degil\/","url":"https:\/\/denizcankizil.tr\/en\/haberler\/gundem\/muhittin-bocekten-19-mayis-mesaji-19-mayis-sadece-bir-tarih-degil\/","name":"Muhittin B\u00f6cek\u2019ten 19 May\u0131s mesaj\u0131: \u201c19 May\u0131s; sadece bir tarih de\u011fil\u201d - Av. Deniz Can K\u0131z\u0131l","isPartOf":{"@id":"https:\/\/denizcankizil.tr\/#website"},"datePublished":"2025-05-18T10:41:19+00:00","breadcrumb":{"@id":"https:\/\/denizcankizil.tr\/en\/haberler\/gundem\/muhittin-bocekten-19-mayis-mesaji-19-mayis-sadece-bir-tarih-degil\/#breadcrumb"},"inLanguage":"en-GB","potentialAction":[{"@type":"ReadAction","target":["https:\/\/denizcankizil.tr\/en\/haberler\/gundem\/muhittin-bocekten-19-mayis-mesaji-19-mayis-sadece-bir-tarih-degil\/"]}]},{"@type":"BreadcrumbList","@id":"https:\/\/denizcankizil.tr\/en\/haberler\/gundem\/muhittin-bocekten-19-mayis-mesaji-19-mayis-sadece-bir-tarih-degil\/#breadcrumb","itemListElement":[{"@type":"ListItem","position":1,"name":"Home","item":"https:\/\/denizcankizil.tr\/de\/"},{"@type":"ListItem","position":2,"name":"Muhittin B\u00f6cek\u2019ten 19 May\u0131s mesaj\u0131: \u201c19 May\u0131s; sadece bir tarih de\u011fil\u201d"}]},{"@type":"WebSite","@id":"https:\/\/denizcankizil.tr\/#website","url":"https:\/\/denizcankizil.tr\/","name":"Av. Deniz Can K\u0131z\u0131l","description":"Avukat Deniz Can K\u0131z\u0131l Antalya Barosu","publisher":{"@id":"https:\/\/denizcankizil.tr\/#organization"},"potentialAction":[{"@type":"SearchAction","target":{"@type":"EntryPoint","urlTemplate":"https:\/\/denizcankizil.tr\/?s={search_term_string}"},"query-input":{"@type":"PropertyValueSpecification","valueRequired":true,"valueName":"search_term_string"}}],"inLanguage":"en-GB"},{"@type":"Organization","@id":"https:\/\/denizcankizil.tr\/#organization","name":"Av. Deniz Can K\u0131z\u0131l","url":"https:\/\/denizcankizil.tr\/","logo":{"@type":"ImageObject","inLanguage":"en-GB","@id":"https:\/\/denizcankizil.tr\/#\/schema\/logo\/image\/","url":"https:\/\/denizcankizil.tr\/wp-content\/uploads\/2024\/10\/siyah-logo-svg.svg","contentUrl":"https:\/\/denizcankizil.tr\/wp-content\/uploads\/2024\/10\/siyah-logo-svg.svg","width":1080,"height":1080,"caption":"Av. Deniz Can K\u0131z\u0131l"},"image":{"@id":"https:\/\/denizcankizil.tr\/#\/schema\/logo\/image\/"}},{"@type":"Person","@id":"https:\/\/denizcankizil.tr\/#\/schema\/person\/e1eb71bb4dd684d46563f0af307e1234","name":"Antalya K\u00f6rfez","image":{"@type":"ImageObject","inLanguage":"en-GB","@id":"https:\/\/denizcankizil.tr\/#\/schema\/person\/image\/","url":"https:\/\/secure.gravatar.com\/avatar\/42b01982558a48a0b501fdcab6a408d3717ea5919095ee2e67b0e521799c5905?s=96&d=mm&r=g","contentUrl":"https:\/\/secure.gravatar.com\/avatar\/42b01982558a48a0b501fdcab6a408d3717ea5919095ee2e67b0e521799c5905?s=96&d=mm&r=g","caption":"Antalya K\u00f6rfez"},"sameAs":["http:\/\/www.antalyakorfez.com"],"url":"https:\/\/www.antalyakorfez.com\/muhittin-bocekten-19-mayis-mesaji-19-mayis-sadece-bir-tarih-degil"}]}},"_links":{"self":[{"href":"https:\/\/denizcankizil.tr\/en\/wp-json\/wp\/v2\/posts\/90502","targetHints":{"allow":["GET"]}}],"collection":[{"href":"https:\/\/denizcankizil.tr\/en\/wp-json\/wp\/v2\/posts"}],"about":[{"href":"https:\/\/denizcankizil.tr\/en\/wp-json\/wp\/v2\/types\/post"}],"author":[{"embeddable":true,"href":"https:\/\/denizcankizil.tr\/en\/wp-json\/wp\/v2\/users\/5"}],"replies":[{"embeddable":true,"href":"https:\/\/denizcankizil.tr\/en\/wp-json\/wp\/v2\/comments?post=90502"}],"version-history":[{"count":0,"href":"https:\/\/denizcankizil.tr\/en\/wp-json\/wp\/v2\/posts\/90502\/revisions"}],"wp:attachment":[{"href":"https:\/\/denizcankizil.tr\/en\/wp-json\/wp\/v2\/media?parent=90502"}],"wp:term":[{"taxonomy":"category","embeddable":true,"href":"https:\/\/denizcankizil.tr\/en\/wp-json\/wp\/v2\/categories?post=90502"},{"taxonomy":"post_tag","embeddable":true,"href":"https:\/\/denizcankizil.tr\/en\/wp-json\/wp\/v2\/tags?post=90502"}],"curies":[{"name":"wp","href":"https:\/\/api.w.org\/{rel}","templated":true}]}}