{"id":89535,"date":"2025-05-17T14:42:23","date_gmt":"2025-05-17T11:42:23","guid":{"rendered":"https:\/\/denizcankizil.tr\/uncategorized-tr\/uluslararasi-2-kapanca-sokak-festivali-coskusu\/"},"modified":"2025-05-17T14:42:23","modified_gmt":"2025-05-17T11:42:23","slug":"uluslararasi-2-kapanca-sokak-festivali-coskusu","status":"publish","type":"post","link":"https:\/\/denizcankizil.tr\/en\/haberler\/gundem\/uluslararasi-2-kapanca-sokak-festivali-coskusu\/","title":{"rendered":"Uluslararas\u0131 2. Kapanca Sokak Festivali co\u015fkusu"},"content":{"rendered":"<p>\u0130zmit Belediyesi Uluslararas\u0131 2. Kapanca Sokak Festivali, bu y\u0131l da b\u00fcy\u00fck bir co\u015fkuyla ba\u015flad\u0131, reng\u00e2renk stantlar, ne\u015feli at\u00f6lyeler ve co\u015fkulu kortejle \u015fehri renklendirdi.KOCAEL\u0130 (\u0130GFA) &#8211; Bug\u00fcn, \u0130zmit\u2019in kalbi Kapanca Sokaklar\u0131\u2019nda uluslararas\u0131 bir festivalin heyecan\u0131 ve co\u015fkusu ya\u015fand\u0131. \u0130zmit Belediyesi Kapanca Sokak Festivali, bu y\u0131l 2. kez kap\u0131lar\u0131n\u0131 a\u00e7arken, sokaklar reng\u00e2renk ve her k\u00f6\u015fesi canl\u0131l\u0131kla doldu. Sabah saatlerinden itibaren festival alan\u0131ndaki stantlar, el eme\u011fi \u00fcr\u00fcnlerle bezendi, esnaflar ise lezzetli yiyecek ve i\u00e7eceklerini ziyaret\u00e7ilere sundu. Festival, hem yerel halk\u0131 hem de d\u0131\u015far\u0131dan gelen misafirleri b\u00fcy\u00fcleyici bir atmosferde bulu\u015fturdu.<br \/>\nRENGARENK ETK\u0130NL\u0130KLER<br \/>\n\u00c7ocuklar ve kad\u0131nlar i\u00e7in haz\u0131rlanan renkli at\u00f6lyeler ve etkinlikler, sokaklarda ne\u015fe dolu anlar\u0131n ya\u015fanmas\u0131na neden oldu. G\u00f6z kama\u015ft\u0131r\u0131c\u0131 sanat eserlerinin sergilendi\u011fi stantlar, sergiler ve sokak sanat\u00e7\u0131lar\u0131, festivale gelenleri b\u00fcy\u00fcledi. \u0130zmitliler, g\u00fcn boyu s\u00fcren bu keyifli atmosferi doya doya ya\u015fad\u0131lar.<br \/>\nKORTEJ CO\u015eKUSU<br \/>\nFestivalin ak\u015fam saatlerinde ise b\u00fcy\u00fck bir kortej, \u015fehrin sokaklar\u0131n\u0131 inletti. \u0130zmit End\u00fcstri Meslek Lisesi \u00f6n\u00fcnden ba\u015flayan kortej, K\u00fclt\u00fcr Tepesi Atat\u00fcrk An\u0131t\u0131\u2019na kadar renkli g\u00f6r\u00fcnt\u00fclere sahne oldu. Korteje kat\u0131lan kalabal\u0131k, festivalin b\u00fcy\u00fcs\u00fcn\u00fc bir ad\u0131m daha ileriye ta\u015f\u0131d\u0131. \u0130zmit Belediye Ba\u015fkan\u0131 Fatma Kaplan H\u00fcrriyet, CHP \u0130zmit \u0130l\u00e7e Ba\u015fkan\u0131 G\u00f6khan Ercan kortejde yerini ald\u0131. Edirne Belediye Bandosu, m\u00fczikleriyle korteje ayr\u0131 bir ne\u015fe katt\u0131.<br \/>\nKAPANCA SOKAKLARINDA E\u011eLENCEN\u0130N DORUK NOKTASI<br \/>\nFestivalin ak\u0131\u015f\u0131na kat\u0131lan kalabal\u0131k, ard\u0131ndan otob\u00fcslerle Kapanca Soka\u011fa do\u011fru hareket etti. Sokaklar, festivale \u00f6zel atmosferiyle, \u0130zmit\u2019in en renkli etkinliklerinden birine ev sahipli\u011fi yapmaya devam etti. Ziyaret\u00e7iler, birbirinden e\u011flenceli etkinlikler, el eme\u011fi \u00fcr\u00fcnler ve leziz yiyeceklerle keyifli bir g\u00fcn ge\u00e7irdi.<\/p>\n<p>\u200b\u0130zmit Belediyesi Uluslararas\u0131 2. Kapanca Sokak Festivali, bu y\u0131l da b\u00fcy\u00fck bir co\u015fkuyla ba\u015flad\u0131, reng\u00e2renk stantlar, ne\u015feli at\u00f6lyeler ve co\u015fkulu kortejle \u015fehri renklendirdi.KOCAEL\u0130 (\u0130GFA) &#8211; Bug\u00fcn, \u0130zmit\u2019in kalbi Kapanca Sokaklar\u0131\u2019nda uluslararas\u0131 bir festivalin heyecan\u0131 ve co\u015fkusu ya\u015fand\u0131. \u0130zmit Belediyesi Kapanca Sokak Festivali, bu y\u0131l 2. kez kap\u0131lar\u0131n\u0131 a\u00e7arken, sokaklar reng\u00e2renk ve her k\u00f6\u015fesi canl\u0131l\u0131kla doldu. Sabah saatlerinden itibaren festival alan\u0131ndaki stantlar, el eme\u011fi \u00fcr\u00fcnlerle bezendi, esnaflar ise lezzetli yiyecek ve i\u00e7eceklerini ziyaret\u00e7ilere sundu. Festival, hem yerel halk\u0131 hem de d\u0131\u015far\u0131dan gelen misafirleri b\u00fcy\u00fcleyici bir atmosferde bulu\u015fturdu.<br \/>\nRENGARENK ETK\u0130NL\u0130KLER<br \/>\n\u00c7ocuklar ve kad\u0131nlar i\u00e7in haz\u0131rlanan renkli at\u00f6lyeler ve etkinlikler, sokaklarda ne\u015fe dolu anlar\u0131n ya\u015fanmas\u0131na neden oldu. G\u00f6z kama\u015ft\u0131r\u0131c\u0131 sanat eserlerinin sergilendi\u011fi stantlar, sergiler ve sokak sanat\u00e7\u0131lar\u0131, festivale gelenleri b\u00fcy\u00fcledi. \u0130zmitliler, g\u00fcn boyu s\u00fcren bu keyifli atmosferi doya doya ya\u015fad\u0131lar.<br \/>\nKORTEJ CO\u015eKUSU<br \/>\nFestivalin ak\u015fam saatlerinde ise b\u00fcy\u00fck bir kortej, \u015fehrin sokaklar\u0131n\u0131 inletti. \u0130zmit End\u00fcstri Meslek Lisesi \u00f6n\u00fcnden ba\u015flayan kortej, K\u00fclt\u00fcr Tepesi Atat\u00fcrk An\u0131t\u0131\u2019na kadar renkli g\u00f6r\u00fcnt\u00fclere sahne oldu. Korteje kat\u0131lan kalabal\u0131k, festivalin b\u00fcy\u00fcs\u00fcn\u00fc bir ad\u0131m daha ileriye ta\u015f\u0131d\u0131. \u0130zmit Belediye Ba\u015fkan\u0131 Fatma Kaplan H\u00fcrriyet, CHP \u0130zmit \u0130l\u00e7e Ba\u015fkan\u0131 G\u00f6khan Ercan kortejde yerini ald\u0131. Edirne Belediye Bandosu, m\u00fczikleriyle korteje ayr\u0131 bir ne\u015fe katt\u0131.<br \/>\nKAPANCA SOKAKLARINDA E\u011eLENCEN\u0130N DORUK NOKTASI<br \/>\nFestivalin ak\u0131\u015f\u0131na kat\u0131lan kalabal\u0131k, ard\u0131ndan otob\u00fcslerle Kapanca Soka\u011fa do\u011fru hareket etti. Sokaklar, festivale \u00f6zel atmosferiyle, \u0130zmit\u2019in en renkli etkinliklerinden birine ev sahipli\u011fi yapmaya devam etti. Ziyaret\u00e7iler, birbirinden e\u011flenceli etkinlikler, el eme\u011fi \u00fcr\u00fcnler ve leziz yiyeceklerle keyifli bir g\u00fcn ge\u00e7irdi.\u00a0<\/p>\n<p>\u200bHaberin Al\u0131nt\u0131land\u0131\u011f\u0131 Kaynak: www.iskenderun.org<\/p>","protected":false},"excerpt":{"rendered":"<p>\u0130zmit Belediyesi Uluslararas\u0131 2. Kapanca Sokak Festivali, bu y\u0131l da b\u00fcy\u00fck bir co\u015fkuyla ba\u015flad\u0131, reng\u00e2renk stantlar, ne\u015feli at\u00f6lyeler ve co\u015fkulu kortejle \u015fehri renklendirdi.KOCAEL\u0130 (\u0130GFA) &#8211; Bug\u00fcn, \u0130zmit\u2019in kalbi Kapanca Sokaklar\u0131\u2019nda uluslararas\u0131 bir festivalin heyecan\u0131 ve co\u015fkusu ya\u015fand\u0131. \u0130zmit Belediyesi Kapanca Sokak Festivali, bu y\u0131l 2. kez kap\u0131lar\u0131n\u0131 a\u00e7arken, sokaklar reng\u00e2renk ve her k\u00f6\u015fesi canl\u0131l\u0131kla doldu. Sabah saatlerinden itibaren festival alan\u0131ndaki stantlar, el eme\u011fi \u00fcr\u00fcnlerle bezendi, esnaflar ise lezzetli yiyecek ve i\u00e7eceklerini ziyaret\u00e7ilere sundu. Festival, hem yerel halk\u0131 hem de d\u0131\u015far\u0131dan gelen misafirleri b\u00fcy\u00fcleyici bir atmosferde bulu\u015fturdu. RENGARENK ETK\u0130NL\u0130KLER \u00c7ocuklar ve kad\u0131nlar i\u00e7in haz\u0131rlanan renkli at\u00f6lyeler ve etkinlikler, sokaklarda ne\u015fe dolu anlar\u0131n ya\u015fanmas\u0131na neden oldu. G\u00f6z kama\u015ft\u0131r\u0131c\u0131 sanat eserlerinin sergilendi\u011fi stantlar, sergiler ve sokak sanat\u00e7\u0131lar\u0131, festivale gelenleri b\u00fcy\u00fcledi. \u0130zmitliler, g\u00fcn boyu s\u00fcren bu keyifli atmosferi doya doya ya\u015fad\u0131lar. KORTEJ CO\u015eKUSU Festivalin ak\u015fam saatlerinde ise b\u00fcy\u00fck bir kortej, \u015fehrin sokaklar\u0131n\u0131 inletti. \u0130zmit End\u00fcstri Meslek Lisesi \u00f6n\u00fcnden ba\u015flayan kortej, K\u00fclt\u00fcr Tepesi Atat\u00fcrk An\u0131t\u0131\u2019na kadar renkli g\u00f6r\u00fcnt\u00fclere sahne oldu. Korteje kat\u0131lan kalabal\u0131k, festivalin b\u00fcy\u00fcs\u00fcn\u00fc bir ad\u0131m daha ileriye ta\u015f\u0131d\u0131. \u0130zmit Belediye Ba\u015fkan\u0131 Fatma Kaplan H\u00fcrriyet, CHP \u0130zmit \u0130l\u00e7e Ba\u015fkan\u0131 G\u00f6khan Ercan kortejde yerini ald\u0131. Edirne Belediye Bandosu, m\u00fczikleriyle korteje ayr\u0131 bir ne\u015fe katt\u0131. KAPANCA SOKAKLARINDA E\u011eLENCEN\u0130N DORUK NOKTASI Festivalin ak\u0131\u015f\u0131na kat\u0131lan kalabal\u0131k, ard\u0131ndan otob\u00fcslerle &hellip;<\/p>","protected":false},"author":1,"featured_media":0,"comment_status":"","ping_status":"open","sticky":false,"template":"","format":"standard","meta":{"_acf_changed":false,"footnotes":""},"categories":[24],"tags":[],"class_list":["post-89535","post","type-post","status-publish","format-standard","has-post-thumbnail","hentry","category-gundem"],"acf":[],"yoast_head":"<!-- This site is optimized with the Yoast SEO Premium plugin v26.6 (Yoast SEO v27.1.1) - https:\/\/yoast.com\/product\/yoast-seo-premium-wordpress\/ -->\n<title>Uluslararas\u0131 2. Kapanca Sokak Festivali co\u015fkusu - Av. Deniz Can K\u0131z\u0131l<\/title>\n<meta name=\"robots\" content=\"index, follow, max-snippet:-1, max-image-preview:large, max-video-preview:-1\" \/>\n<link rel=\"canonical\" href=\"https:\/\/denizcankizil.tr\/en\/haberler\/gundem\/uluslararasi-2-kapanca-sokak-festivali-coskusu\/\" \/>\n<meta property=\"og:locale\" content=\"en_GB\" \/>\n<meta property=\"og:type\" content=\"article\" \/>\n<meta property=\"og:title\" content=\"Uluslararas\u0131 2. Kapanca Sokak Festivali co\u015fkusu\" \/>\n<meta property=\"og:description\" content=\"\u0130zmit Belediyesi Uluslararas\u0131 2. Kapanca Sokak Festivali, bu y\u0131l da b\u00fcy\u00fck bir co\u015fkuyla ba\u015flad\u0131, reng\u00e2renk stantlar, ne\u015feli at\u00f6lyeler ve co\u015fkulu kortejle \u015fehri renklendirdi.KOCAEL\u0130 (\u0130GFA) &#8211; Bug\u00fcn, \u0130zmit\u2019in kalbi Kapanca Sokaklar\u0131\u2019nda uluslararas\u0131 bir festivalin heyecan\u0131 ve co\u015fkusu ya\u015fand\u0131. \u0130zmit Belediyesi Kapanca Sokak Festivali, bu y\u0131l 2. kez kap\u0131lar\u0131n\u0131 a\u00e7arken, sokaklar reng\u00e2renk ve her k\u00f6\u015fesi canl\u0131l\u0131kla doldu. Sabah saatlerinden itibaren festival alan\u0131ndaki stantlar, el eme\u011fi \u00fcr\u00fcnlerle bezendi, esnaflar ise lezzetli yiyecek ve i\u00e7eceklerini ziyaret\u00e7ilere sundu. Festival, hem yerel halk\u0131 hem de d\u0131\u015far\u0131dan gelen misafirleri b\u00fcy\u00fcleyici bir atmosferde bulu\u015fturdu. RENGARENK ETK\u0130NL\u0130KLER \u00c7ocuklar ve kad\u0131nlar i\u00e7in haz\u0131rlanan renkli at\u00f6lyeler ve etkinlikler, sokaklarda ne\u015fe dolu anlar\u0131n ya\u015fanmas\u0131na neden oldu. G\u00f6z kama\u015ft\u0131r\u0131c\u0131 sanat eserlerinin sergilendi\u011fi stantlar, sergiler ve sokak sanat\u00e7\u0131lar\u0131, festivale gelenleri b\u00fcy\u00fcledi. \u0130zmitliler, g\u00fcn boyu s\u00fcren bu keyifli atmosferi doya doya ya\u015fad\u0131lar. KORTEJ CO\u015eKUSU Festivalin ak\u015fam saatlerinde ise b\u00fcy\u00fck bir kortej, \u015fehrin sokaklar\u0131n\u0131 inletti. \u0130zmit End\u00fcstri Meslek Lisesi \u00f6n\u00fcnden ba\u015flayan kortej, K\u00fclt\u00fcr Tepesi Atat\u00fcrk An\u0131t\u0131\u2019na kadar renkli g\u00f6r\u00fcnt\u00fclere sahne oldu. Korteje kat\u0131lan kalabal\u0131k, festivalin b\u00fcy\u00fcs\u00fcn\u00fc bir ad\u0131m daha ileriye ta\u015f\u0131d\u0131. \u0130zmit Belediye Ba\u015fkan\u0131 Fatma Kaplan H\u00fcrriyet, CHP \u0130zmit \u0130l\u00e7e Ba\u015fkan\u0131 G\u00f6khan Ercan kortejde yerini ald\u0131. Edirne Belediye Bandosu, m\u00fczikleriyle korteje ayr\u0131 bir ne\u015fe katt\u0131. KAPANCA SOKAKLARINDA E\u011eLENCEN\u0130N DORUK NOKTASI Festivalin ak\u0131\u015f\u0131na kat\u0131lan kalabal\u0131k, ard\u0131ndan otob\u00fcslerle &hellip;\" \/>\n<meta property=\"og:url\" content=\"https:\/\/denizcankizil.tr\/en\/haberler\/gundem\/uluslararasi-2-kapanca-sokak-festivali-coskusu\/\" \/>\n<meta property=\"og:site_name\" content=\"Av. Deniz Can K\u0131z\u0131l\" \/>\n<meta property=\"article:published_time\" content=\"2025-05-17T11:42:23+00:00\" \/>\n<meta name=\"author\" content=\"admin\" \/>\n<meta name=\"twitter:card\" content=\"summary_large_image\" \/>\n<meta name=\"twitter:label1\" content=\"Written by\" \/>\n\t<meta name=\"twitter:data1\" content=\"admin\" \/>\n\t<meta name=\"twitter:label2\" content=\"Estimated reading time\" \/>\n\t<meta name=\"twitter:data2\" content=\"3 minutes\" \/>\n<script type=\"application\/ld+json\" class=\"yoast-schema-graph\">{\"@context\":\"https:\/\/schema.org\",\"@graph\":[{\"@type\":\"Article\",\"@id\":\"https:\/\/denizcankizil.tr\/en\/haberler\/gundem\/uluslararasi-2-kapanca-sokak-festivali-coskusu\/#article\",\"isPartOf\":{\"@id\":\"https:\/\/denizcankizil.tr\/en\/haberler\/gundem\/uluslararasi-2-kapanca-sokak-festivali-coskusu\/\"},\"author\":{\"name\":\"admin\",\"@id\":\"https:\/\/denizcankizil.tr\/de\/#\/schema\/person\/be3c05fe6a12686905512445d8185489\"},\"headline\":\"Uluslararas\u0131 2. Kapanca Sokak Festivali co\u015fkusu\",\"datePublished\":\"2025-05-17T11:42:23+00:00\",\"mainEntityOfPage\":{\"@id\":\"https:\/\/denizcankizil.tr\/en\/haberler\/gundem\/uluslararasi-2-kapanca-sokak-festivali-coskusu\/\"},\"wordCount\":680,\"publisher\":{\"@id\":\"https:\/\/denizcankizil.tr\/de\/#organization\"},\"articleSection\":[\"G\u00fcndem\"],\"inLanguage\":\"en-GB\"},{\"@type\":\"WebPage\",\"@id\":\"https:\/\/denizcankizil.tr\/en\/haberler\/gundem\/uluslararasi-2-kapanca-sokak-festivali-coskusu\/\",\"url\":\"https:\/\/denizcankizil.tr\/en\/haberler\/gundem\/uluslararasi-2-kapanca-sokak-festivali-coskusu\/\",\"name\":\"Uluslararas\u0131 2. Kapanca Sokak Festivali co\u015fkusu - Av. Deniz Can K\u0131z\u0131l\",\"isPartOf\":{\"@id\":\"https:\/\/denizcankizil.tr\/de\/#website\"},\"datePublished\":\"2025-05-17T11:42:23+00:00\",\"breadcrumb\":{\"@id\":\"https:\/\/denizcankizil.tr\/en\/haberler\/gundem\/uluslararasi-2-kapanca-sokak-festivali-coskusu\/#breadcrumb\"},\"inLanguage\":\"en-GB\",\"potentialAction\":[{\"@type\":\"ReadAction\",\"target\":[\"https:\/\/denizcankizil.tr\/en\/haberler\/gundem\/uluslararasi-2-kapanca-sokak-festivali-coskusu\/\"]}]},{\"@type\":\"BreadcrumbList\",\"@id\":\"https:\/\/denizcankizil.tr\/en\/haberler\/gundem\/uluslararasi-2-kapanca-sokak-festivali-coskusu\/#breadcrumb\",\"itemListElement\":[{\"@type\":\"ListItem\",\"position\":1,\"name\":\"Home\",\"item\":\"https:\/\/denizcankizil.tr\/de\/\"},{\"@type\":\"ListItem\",\"position\":2,\"name\":\"Uluslararas\u0131 2. Kapanca Sokak Festivali co\u015fkusu\"}]},{\"@type\":\"WebSite\",\"@id\":\"https:\/\/denizcankizil.tr\/de\/#website\",\"url\":\"https:\/\/denizcankizil.tr\/de\/\",\"name\":\"Av. Deniz Can K\u0131z\u0131l\",\"description\":\"Avukat Deniz Can K\u0131z\u0131l Antalya Barosu\",\"publisher\":{\"@id\":\"https:\/\/denizcankizil.tr\/de\/#organization\"},\"potentialAction\":[{\"@type\":\"SearchAction\",\"target\":{\"@type\":\"EntryPoint\",\"urlTemplate\":\"https:\/\/denizcankizil.tr\/de\/?s={search_term_string}\"},\"query-input\":{\"@type\":\"PropertyValueSpecification\",\"valueRequired\":true,\"valueName\":\"search_term_string\"}}],\"inLanguage\":\"en-GB\"},{\"@type\":\"Organization\",\"@id\":\"https:\/\/denizcankizil.tr\/de\/#organization\",\"name\":\"Av. Deniz Can K\u0131z\u0131l\",\"url\":\"https:\/\/denizcankizil.tr\/de\/\",\"logo\":{\"@type\":\"ImageObject\",\"inLanguage\":\"en-GB\",\"@id\":\"https:\/\/denizcankizil.tr\/de\/#\/schema\/logo\/image\/\",\"url\":\"https:\/\/denizcankizil.tr\/wp-content\/uploads\/2024\/10\/siyah-logo-svg.svg\",\"contentUrl\":\"https:\/\/denizcankizil.tr\/wp-content\/uploads\/2024\/10\/siyah-logo-svg.svg\",\"width\":1080,\"height\":1080,\"caption\":\"Av. Deniz Can K\u0131z\u0131l\"},\"image\":{\"@id\":\"https:\/\/denizcankizil.tr\/de\/#\/schema\/logo\/image\/\"}},{\"@type\":\"Person\",\"@id\":\"https:\/\/denizcankizil.tr\/de\/#\/schema\/person\/be3c05fe6a12686905512445d8185489\",\"name\":\"admin\",\"image\":{\"@type\":\"ImageObject\",\"inLanguage\":\"en-GB\",\"@id\":\"https:\/\/denizcankizil.tr\/de\/#\/schema\/person\/image\/\",\"url\":\"https:\/\/secure.gravatar.com\/avatar\/c1fce94c830dc79107e174f890d7210541c4a63e8e5d816341794a2151c9d58c?s=96&d=mm&r=g\",\"contentUrl\":\"https:\/\/secure.gravatar.com\/avatar\/c1fce94c830dc79107e174f890d7210541c4a63e8e5d816341794a2151c9d58c?s=96&d=mm&r=g\",\"caption\":\"admin\"},\"sameAs\":[\"http:\/\/denizcankizil.tr\"],\"url\":\"https:\/\/www.iskenderun.org\/uluslararasi-2-kapanca-sokak-festivali-coskusu\"}]}<\/script>\n<!-- \/ Yoast SEO Premium plugin. -->","yoast_head_json":{"title":"Uluslararas\u0131 2. Kapanca Sokak Festivali co\u015fkusu - Av. Deniz Can K\u0131z\u0131l","robots":{"index":"index","follow":"follow","max-snippet":"max-snippet:-1","max-image-preview":"max-image-preview:large","max-video-preview":"max-video-preview:-1"},"canonical":"https:\/\/denizcankizil.tr\/en\/haberler\/gundem\/uluslararasi-2-kapanca-sokak-festivali-coskusu\/","og_locale":"en_GB","og_type":"article","og_title":"Uluslararas\u0131 2. Kapanca Sokak Festivali co\u015fkusu","og_description":"\u0130zmit Belediyesi Uluslararas\u0131 2. Kapanca Sokak Festivali, bu y\u0131l da b\u00fcy\u00fck bir co\u015fkuyla ba\u015flad\u0131, reng\u00e2renk stantlar, ne\u015feli at\u00f6lyeler ve co\u015fkulu kortejle \u015fehri renklendirdi.KOCAEL\u0130 (\u0130GFA) &#8211; Bug\u00fcn, \u0130zmit\u2019in kalbi Kapanca Sokaklar\u0131\u2019nda uluslararas\u0131 bir festivalin heyecan\u0131 ve co\u015fkusu ya\u015fand\u0131. \u0130zmit Belediyesi Kapanca Sokak Festivali, bu y\u0131l 2. kez kap\u0131lar\u0131n\u0131 a\u00e7arken, sokaklar reng\u00e2renk ve her k\u00f6\u015fesi canl\u0131l\u0131kla doldu. Sabah saatlerinden itibaren festival alan\u0131ndaki stantlar, el eme\u011fi \u00fcr\u00fcnlerle bezendi, esnaflar ise lezzetli yiyecek ve i\u00e7eceklerini ziyaret\u00e7ilere sundu. Festival, hem yerel halk\u0131 hem de d\u0131\u015far\u0131dan gelen misafirleri b\u00fcy\u00fcleyici bir atmosferde bulu\u015fturdu. RENGARENK ETK\u0130NL\u0130KLER \u00c7ocuklar ve kad\u0131nlar i\u00e7in haz\u0131rlanan renkli at\u00f6lyeler ve etkinlikler, sokaklarda ne\u015fe dolu anlar\u0131n ya\u015fanmas\u0131na neden oldu. G\u00f6z kama\u015ft\u0131r\u0131c\u0131 sanat eserlerinin sergilendi\u011fi stantlar, sergiler ve sokak sanat\u00e7\u0131lar\u0131, festivale gelenleri b\u00fcy\u00fcledi. \u0130zmitliler, g\u00fcn boyu s\u00fcren bu keyifli atmosferi doya doya ya\u015fad\u0131lar. KORTEJ CO\u015eKUSU Festivalin ak\u015fam saatlerinde ise b\u00fcy\u00fck bir kortej, \u015fehrin sokaklar\u0131n\u0131 inletti. \u0130zmit End\u00fcstri Meslek Lisesi \u00f6n\u00fcnden ba\u015flayan kortej, K\u00fclt\u00fcr Tepesi Atat\u00fcrk An\u0131t\u0131\u2019na kadar renkli g\u00f6r\u00fcnt\u00fclere sahne oldu. Korteje kat\u0131lan kalabal\u0131k, festivalin b\u00fcy\u00fcs\u00fcn\u00fc bir ad\u0131m daha ileriye ta\u015f\u0131d\u0131. \u0130zmit Belediye Ba\u015fkan\u0131 Fatma Kaplan H\u00fcrriyet, CHP \u0130zmit \u0130l\u00e7e Ba\u015fkan\u0131 G\u00f6khan Ercan kortejde yerini ald\u0131. Edirne Belediye Bandosu, m\u00fczikleriyle korteje ayr\u0131 bir ne\u015fe katt\u0131. KAPANCA SOKAKLARINDA E\u011eLENCEN\u0130N DORUK NOKTASI Festivalin ak\u0131\u015f\u0131na kat\u0131lan kalabal\u0131k, ard\u0131ndan otob\u00fcslerle &hellip;","og_url":"https:\/\/denizcankizil.tr\/en\/haberler\/gundem\/uluslararasi-2-kapanca-sokak-festivali-coskusu\/","og_site_name":"Av. Deniz Can K\u0131z\u0131l","article_published_time":"2025-05-17T11:42:23+00:00","author":"admin","twitter_card":"summary_large_image","twitter_misc":{"Written by":"admin","Estimated reading time":"3 minutes"},"schema":{"@context":"https:\/\/schema.org","@graph":[{"@type":"Article","@id":"https:\/\/denizcankizil.tr\/en\/haberler\/gundem\/uluslararasi-2-kapanca-sokak-festivali-coskusu\/#article","isPartOf":{"@id":"https:\/\/denizcankizil.tr\/en\/haberler\/gundem\/uluslararasi-2-kapanca-sokak-festivali-coskusu\/"},"author":{"name":"admin","@id":"https:\/\/denizcankizil.tr\/de\/#\/schema\/person\/be3c05fe6a12686905512445d8185489"},"headline":"Uluslararas\u0131 2. Kapanca Sokak Festivali co\u015fkusu","datePublished":"2025-05-17T11:42:23+00:00","mainEntityOfPage":{"@id":"https:\/\/denizcankizil.tr\/en\/haberler\/gundem\/uluslararasi-2-kapanca-sokak-festivali-coskusu\/"},"wordCount":680,"publisher":{"@id":"https:\/\/denizcankizil.tr\/de\/#organization"},"articleSection":["G\u00fcndem"],"inLanguage":"en-GB"},{"@type":"WebPage","@id":"https:\/\/denizcankizil.tr\/en\/haberler\/gundem\/uluslararasi-2-kapanca-sokak-festivali-coskusu\/","url":"https:\/\/denizcankizil.tr\/en\/haberler\/gundem\/uluslararasi-2-kapanca-sokak-festivali-coskusu\/","name":"Uluslararas\u0131 2. Kapanca Sokak Festivali co\u015fkusu - Av. Deniz Can K\u0131z\u0131l","isPartOf":{"@id":"https:\/\/denizcankizil.tr\/de\/#website"},"datePublished":"2025-05-17T11:42:23+00:00","breadcrumb":{"@id":"https:\/\/denizcankizil.tr\/en\/haberler\/gundem\/uluslararasi-2-kapanca-sokak-festivali-coskusu\/#breadcrumb"},"inLanguage":"en-GB","potentialAction":[{"@type":"ReadAction","target":["https:\/\/denizcankizil.tr\/en\/haberler\/gundem\/uluslararasi-2-kapanca-sokak-festivali-coskusu\/"]}]},{"@type":"BreadcrumbList","@id":"https:\/\/denizcankizil.tr\/en\/haberler\/gundem\/uluslararasi-2-kapanca-sokak-festivali-coskusu\/#breadcrumb","itemListElement":[{"@type":"ListItem","position":1,"name":"Home","item":"https:\/\/denizcankizil.tr\/de\/"},{"@type":"ListItem","position":2,"name":"Uluslararas\u0131 2. Kapanca Sokak Festivali co\u015fkusu"}]},{"@type":"WebSite","@id":"https:\/\/denizcankizil.tr\/de\/#website","url":"https:\/\/denizcankizil.tr\/de\/","name":"Av. Deniz Can K\u0131z\u0131l","description":"Avukat Deniz Can K\u0131z\u0131l Antalya Barosu","publisher":{"@id":"https:\/\/denizcankizil.tr\/de\/#organization"},"potentialAction":[{"@type":"SearchAction","target":{"@type":"EntryPoint","urlTemplate":"https:\/\/denizcankizil.tr\/de\/?s={search_term_string}"},"query-input":{"@type":"PropertyValueSpecification","valueRequired":true,"valueName":"search_term_string"}}],"inLanguage":"en-GB"},{"@type":"Organization","@id":"https:\/\/denizcankizil.tr\/de\/#organization","name":"Av. Deniz Can K\u0131z\u0131l","url":"https:\/\/denizcankizil.tr\/de\/","logo":{"@type":"ImageObject","inLanguage":"en-GB","@id":"https:\/\/denizcankizil.tr\/de\/#\/schema\/logo\/image\/","url":"https:\/\/denizcankizil.tr\/wp-content\/uploads\/2024\/10\/siyah-logo-svg.svg","contentUrl":"https:\/\/denizcankizil.tr\/wp-content\/uploads\/2024\/10\/siyah-logo-svg.svg","width":1080,"height":1080,"caption":"Av. Deniz Can K\u0131z\u0131l"},"image":{"@id":"https:\/\/denizcankizil.tr\/de\/#\/schema\/logo\/image\/"}},{"@type":"Person","@id":"https:\/\/denizcankizil.tr\/de\/#\/schema\/person\/be3c05fe6a12686905512445d8185489","name":"admin","image":{"@type":"ImageObject","inLanguage":"en-GB","@id":"https:\/\/denizcankizil.tr\/de\/#\/schema\/person\/image\/","url":"https:\/\/secure.gravatar.com\/avatar\/c1fce94c830dc79107e174f890d7210541c4a63e8e5d816341794a2151c9d58c?s=96&d=mm&r=g","contentUrl":"https:\/\/secure.gravatar.com\/avatar\/c1fce94c830dc79107e174f890d7210541c4a63e8e5d816341794a2151c9d58c?s=96&d=mm&r=g","caption":"admin"},"sameAs":["http:\/\/denizcankizil.tr"],"url":"https:\/\/www.iskenderun.org\/uluslararasi-2-kapanca-sokak-festivali-coskusu"}]}},"_links":{"self":[{"href":"https:\/\/denizcankizil.tr\/en\/wp-json\/wp\/v2\/posts\/89535","targetHints":{"allow":["GET"]}}],"collection":[{"href":"https:\/\/denizcankizil.tr\/en\/wp-json\/wp\/v2\/posts"}],"about":[{"href":"https:\/\/denizcankizil.tr\/en\/wp-json\/wp\/v2\/types\/post"}],"author":[{"embeddable":true,"href":"https:\/\/denizcankizil.tr\/en\/wp-json\/wp\/v2\/users\/1"}],"replies":[{"embeddable":true,"href":"https:\/\/denizcankizil.tr\/en\/wp-json\/wp\/v2\/comments?post=89535"}],"version-history":[{"count":0,"href":"https:\/\/denizcankizil.tr\/en\/wp-json\/wp\/v2\/posts\/89535\/revisions"}],"wp:attachment":[{"href":"https:\/\/denizcankizil.tr\/en\/wp-json\/wp\/v2\/media?parent=89535"}],"wp:term":[{"taxonomy":"category","embeddable":true,"href":"https:\/\/denizcankizil.tr\/en\/wp-json\/wp\/v2\/categories?post=89535"},{"taxonomy":"post_tag","embeddable":true,"href":"https:\/\/denizcankizil.tr\/en\/wp-json\/wp\/v2\/tags?post=89535"}],"curies":[{"name":"wp","href":"https:\/\/api.w.org\/{rel}","templated":true}]}}