{"id":89308,"date":"2025-05-17T10:41:14","date_gmt":"2025-05-17T07:41:14","guid":{"rendered":"https:\/\/denizcankizil.tr\/uncategorized-tr\/akdeniz-film-yapim-festivali-sona-erdi\/"},"modified":"2025-05-17T10:41:14","modified_gmt":"2025-05-17T07:41:14","slug":"akdeniz-film-yapim-festivali-sona-erdi","status":"publish","type":"post","link":"https:\/\/denizcankizil.tr\/en\/haberler\/antalya\/akdeniz-film-yapim-festivali-sona-erdi\/","title":{"rendered":"Akdeniz Film Yap\u0131m Festivali sona erdi"},"content":{"rendered":"<p>Akdeniz \u00dcniversitesi \u0130leti\u015fim Fak\u00fcltesi&#8217;nde d\u00fczenlenen Akdeniz Film Yap\u0131m Festivali, d\u00f6rt g\u00fcn boyunca sinemaseverler, s\u00f6yle\u015filerden film g\u00f6sterimlerine, at\u00f6lyelerden e\u011fitimlere kadar dolu dolu bir programla bir araya geldi.<\/p>\n<p>&#8220;Bir grup gen\u00e7 olarak yola \u00e7\u0131kt\u0131k&#8221;<br \/>\nA\u00e7\u0131l\u0131\u015f konu\u015fmas\u0131n\u0131 yapan Festival Direkt\u00f6r\u00fc Do\u011facan Akta\u015f, &#8220;10 y\u0131l \u00f6nce Antalya&#8217;n\u0131n \u0131\u015f\u0131\u011f\u0131na ve dokusuna inanan gen\u00e7 sinemac\u0131lar olarak yola \u00e7\u0131kt\u0131k. \u0130stanbul&#8217;a gitmek yerine bu topraklarda kalmay\u0131 se\u00e7tik. Ev ya da araba de\u011fil, t\u00fcm yat\u0131r\u0131m\u0131m\u0131z\u0131 sinemaya ve Bat\u0131 Akdeniz&#8217;e yapt\u0131k. Antalya&#8217;y\u0131 yeni bir sinema merkezi yapmak i\u00e7in heyecanla \u00e7al\u0131\u015f\u0131yoruz.&#8221; dedi. Akta\u015f, Akdeniz \u00dcniversitesi ba\u015fta olmak \u00fczere festivalin yap\u0131lmas\u0131nda eme\u011fi ge\u00e7enlere te\u015fekk\u00fcr etti.<\/p>\n<p>90 proje aras\u0131ndan 6 film \u00f6d\u00fcl ald\u0131<br \/>\nFestival kapsam\u0131nda d\u00fczenlenen proje yar\u0131\u015fmas\u0131na toplam 90 ba\u015fvuru al\u0131nd\u0131 ve bu ba\u015fvurular aras\u0131ndan 10 finalist proje belirlendi. Finalist projeler kapan\u0131\u015f ve \u00f6d\u00fcl t\u00f6reninde \u00f6d\u00fcllerini ald\u0131.<\/p>\n<p>Ya\u015fam boyu onur \u00f6d\u00fcl\u00fc Erdo\u011fan Engin&#8217;e verildi<br \/>\nFestivalde Ya\u015fam Boyu Onur \u00d6d\u00fcl\u00fcn\u00fc \u00c7\u00f6p\u00e7\u00fcler Kral\u0131, Hababam S\u0131n\u0131f\u0131, Can\u0131m Karde\u015fim filmlerinin g\u00f6r\u00fcnt\u00fc y\u00f6netmeni Erdo\u011fan Engin, Festival Direkt\u00f6r\u00fc y\u00f6netmen Do\u011facan Akta\u015f&#8217;\u0131n elinden ald\u0131. Birincilik \u00f6d\u00fcl\u00fc Konyaalt\u0131 Belediye Ba\u015fkan\u0131 Cem Kotan taraf\u0131ndan Down filmiyle Yasin Da\u011fl\u0131&#8217;ya verildi. \u0130kincilik \u00f6d\u00fcl\u00fcn\u00fc Akdeniz \u00dcniversitesi Rekt\u00f6r Yard\u0131mc\u0131s\u0131 Prof. Dr. \u015e\u00fckr\u00fc \u00d6zen taraf\u0131ndan Domuzlar\u0131n Ard\u0131ndan filmiyle Ramazan Arslan&#8217;a verildi. \u00dc\u00e7\u00fcnc\u00fcl\u00fck \u00f6d\u00fcl\u00fc, Antalya Ticaret ve Sanayi Odas\u0131 Y\u00f6netim Kurulu \u00dcyesi Sayman Murat Toto\u015f taraf\u0131ndan Sonsuz filmiyle G\u00fcrkan Ayg\u00fcn&#8217;e verildi. D\u00f6rd\u00fcnc\u00fcl\u00fck \u00f6d\u00fcl\u00fcn\u00fc, Y\u00f6netmen Mehmet Aks\u0131n&#8217;\u0131n elinden \u0130\u00e7imdeki \u00c7\u0131\u011fl\u0131k filmiyle Isparta S\u00fcleyman Demirel \u00dcniversitesi&#8217;nden Merve \u00dcnal ald\u0131. Be\u015fincilik \u00f6d\u00fcl\u00fcn\u00fc Antalya B\u00fcy\u00fck\u015fehir Belediyesi K\u00fclt\u00fcr ve Sosyal \u0130\u015fler Daire Ba\u015fkan\u0131 Okan Yavuz, Tozlu: Ge\u00e7mi\u015fi Muhafaza Edenler filmiyle Alperen Bezci kazand\u0131. Festivalin alt\u0131nc\u0131l\u0131k \u00f6d\u00fcl\u00fcn\u00fc Y\u00f6netmen \u0130dil Berk&#8217;e \u015eans filmiyle \u00f6d\u00fcl\u00fcn\u00fc Antalya \u0130l K\u00fclt\u00fcr ve Turizm M\u00fcd\u00fcr\u00fc Candemir Zoro\u011flu verdi.<\/p>\n<p>Alan\u0131nda uzman isimler deneyimlerini payla\u015ft\u0131<br \/>\nEtkinlik program\u0131nda; Ozan Sihay ve Onur Naci \u00d6zt\u00fcrkler&#8217;in kat\u0131l\u0131m\u0131yla dijital i\u00e7erik \u00fcretimi ve izleyici kitlesinin \u00f6nemi \u00fczerine &#8220;Lokalizasyonun Sonu&#8221; paneli; y\u00f6netmen Harun Korkmaz&#8217;\u0131n TRT yap\u0131mlar\u0131na dair olu\u015fturma s\u00fcrecini aktaraca\u011f\u0131 &#8220;Klaket&#8221; ve &#8220;Harman Yeri&#8221; s\u00f6yle\u015fileri ve &#8220;Gibi&#8221; ve &#8220;Kara Kenan&#8221; dizileriyle tan\u0131nan Onur Uzun&#8217;un anlat\u0131m\u0131yla &#8220;Y\u00f6netmenin Estetik Tercihleri ve Film Dili&#8221; ba\u015fl\u0131kl\u0131 e\u011fitim yer ald\u0131. Ayr\u0131ca Ruteba Do\u011fan, Bar\u0131\u015f Aydo\u011fdu ve Bet\u00fcl Tar\u0131man&#8217;\u0131n kat\u0131l\u0131m\u0131yla &#8220;Sinema, \u015eiir ve Edebiyat&#8221; ba\u015fl\u0131kl\u0131 bir panel ger\u00e7ekle\u015ftirildi.<br \/>\n\u00d6d\u00fcl t\u00f6reni ile son bulan Akdeniz Film Yap\u0131m Festivali \u00d6d\u00fcl T\u00f6renine Akdeniz \u00dcniversitesi Rekt\u00f6r Yard\u0131mc\u0131s\u0131 Prof. Dr. \u015e\u00fckr\u00fc \u00d6zen, Konyaalt\u0131 Belediye Ba\u015fkan\u0131 Cem Kotan, \u0130leti\u015fim Fak\u00fcltesi Dekan\u0131 Prof. Dr. Se\u00e7il Deren Van Het Hof, Festival Direkt\u00f6r\u00fc y\u00f6netmen Do\u011facan Akta\u015f, Festival Dan\u0131\u015fman\u0131 \u0130pek Tuzcuo\u011flu, Ana j\u00fcri kadrosunda bulunan \u00d6mer Faruk Sorak, Mehmet Aks\u0131n, \u0130nan\u00e7 Telci, K\u0131rg\u0131z y\u00f6netmen Ruslan Akun ve Mehmet \u00d6zg\u00fcr de kat\u0131ld\u0131.<\/p>\n<p>Kaynak: www.kanalv.com.tr Haber Sitesinden Al\u0131nm\u0131\u015ft\u0131r.<\/p>","protected":false},"excerpt":{"rendered":"<p>Akdeniz \u00dcniversitesi \u0130leti\u015fim Fak\u00fcltesi&#8217;nde d\u00fczenlenen Akdeniz Film Yap\u0131m Festivali, d\u00f6rt g\u00fcn boyunca sinemaseverler, s\u00f6yle\u015filerden film g\u00f6sterimlerine, at\u00f6lyelerden e\u011fitimlere kadar dolu dolu bir programla bir araya geldi. &#8220;Bir grup gen\u00e7 olarak yola \u00e7\u0131kt\u0131k&#8221; A\u00e7\u0131l\u0131\u015f konu\u015fmas\u0131n\u0131 yapan Festival Direkt\u00f6r\u00fc Do\u011facan Akta\u015f, &#8220;10 y\u0131l \u00f6nce Antalya&#8217;n\u0131n \u0131\u015f\u0131\u011f\u0131na ve dokusuna inanan gen\u00e7 sinemac\u0131lar olarak yola \u00e7\u0131kt\u0131k. \u0130stanbul&#8217;a gitmek yerine bu topraklarda kalmay\u0131 se\u00e7tik. Ev ya da araba de\u011fil, t\u00fcm yat\u0131r\u0131m\u0131m\u0131z\u0131 sinemaya ve Bat\u0131 Akdeniz&#8217;e yapt\u0131k. Antalya&#8217;y\u0131 yeni bir sinema merkezi yapmak i\u00e7in heyecanla \u00e7al\u0131\u015f\u0131yoruz.&#8221; dedi. Akta\u015f, Akdeniz \u00dcniversitesi ba\u015fta olmak \u00fczere festivalin yap\u0131lmas\u0131nda eme\u011fi ge\u00e7enlere te\u015fekk\u00fcr etti. 90 proje aras\u0131ndan 6 film \u00f6d\u00fcl ald\u0131 Festival kapsam\u0131nda d\u00fczenlenen proje yar\u0131\u015fmas\u0131na toplam 90 ba\u015fvuru al\u0131nd\u0131 ve bu ba\u015fvurular aras\u0131ndan 10 finalist proje belirlendi. Finalist projeler kapan\u0131\u015f ve \u00f6d\u00fcl t\u00f6reninde \u00f6d\u00fcllerini ald\u0131. Ya\u015fam boyu onur \u00f6d\u00fcl\u00fc Erdo\u011fan Engin&#8217;e verildi Festivalde Ya\u015fam Boyu Onur \u00d6d\u00fcl\u00fcn\u00fc \u00c7\u00f6p\u00e7\u00fcler Kral\u0131, Hababam S\u0131n\u0131f\u0131, Can\u0131m Karde\u015fim filmlerinin g\u00f6r\u00fcnt\u00fc y\u00f6netmeni Erdo\u011fan Engin, Festival Direkt\u00f6r\u00fc y\u00f6netmen Do\u011facan Akta\u015f&#8217;\u0131n elinden ald\u0131. Birincilik \u00f6d\u00fcl\u00fc Konyaalt\u0131 Belediye Ba\u015fkan\u0131 Cem Kotan taraf\u0131ndan Down filmiyle Yasin Da\u011fl\u0131&#8217;ya verildi. \u0130kincilik \u00f6d\u00fcl\u00fcn\u00fc Akdeniz \u00dcniversitesi Rekt\u00f6r Yard\u0131mc\u0131s\u0131 Prof. Dr. \u015e\u00fckr\u00fc \u00d6zen taraf\u0131ndan Domuzlar\u0131n Ard\u0131ndan filmiyle Ramazan Arslan&#8217;a verildi. \u00dc\u00e7\u00fcnc\u00fcl\u00fck \u00f6d\u00fcl\u00fc, Antalya Ticaret ve Sanayi Odas\u0131 Y\u00f6netim Kurulu \u00dcyesi Sayman Murat Toto\u015f taraf\u0131ndan Sonsuz &hellip;<\/p>","protected":false},"author":4,"featured_media":89309,"comment_status":"","ping_status":"open","sticky":false,"template":"","format":"standard","meta":{"_acf_changed":false,"footnotes":""},"categories":[26],"tags":[],"class_list":["post-89308","post","type-post","status-publish","format-standard","has-post-thumbnail","hentry","category-antalya"],"acf":[],"yoast_head":"<!-- This site is optimized with the Yoast SEO Premium plugin v26.6 (Yoast SEO v27.1.1) - https:\/\/yoast.com\/product\/yoast-seo-premium-wordpress\/ -->\n<title>Akdeniz Film Yap\u0131m Festivali sona erdi - Av. Deniz Can K\u0131z\u0131l<\/title>\n<meta name=\"robots\" content=\"index, follow, max-snippet:-1, max-image-preview:large, max-video-preview:-1\" \/>\n<link rel=\"canonical\" href=\"https:\/\/denizcankizil.tr\/en\/haberler\/antalya\/akdeniz-film-yapim-festivali-sona-erdi\/\" \/>\n<meta property=\"og:locale\" content=\"en_GB\" \/>\n<meta property=\"og:type\" content=\"article\" \/>\n<meta property=\"og:title\" content=\"Akdeniz Film Yap\u0131m Festivali sona erdi\" \/>\n<meta property=\"og:description\" content=\"Akdeniz \u00dcniversitesi \u0130leti\u015fim Fak\u00fcltesi&#8217;nde d\u00fczenlenen Akdeniz Film Yap\u0131m Festivali, d\u00f6rt g\u00fcn boyunca sinemaseverler, s\u00f6yle\u015filerden film g\u00f6sterimlerine, at\u00f6lyelerden e\u011fitimlere kadar dolu dolu bir programla bir araya geldi. &#8220;Bir grup gen\u00e7 olarak yola \u00e7\u0131kt\u0131k&#8221; A\u00e7\u0131l\u0131\u015f konu\u015fmas\u0131n\u0131 yapan Festival Direkt\u00f6r\u00fc Do\u011facan Akta\u015f, &#8220;10 y\u0131l \u00f6nce Antalya&#8217;n\u0131n \u0131\u015f\u0131\u011f\u0131na ve dokusuna inanan gen\u00e7 sinemac\u0131lar olarak yola \u00e7\u0131kt\u0131k. \u0130stanbul&#8217;a gitmek yerine bu topraklarda kalmay\u0131 se\u00e7tik. Ev ya da araba de\u011fil, t\u00fcm yat\u0131r\u0131m\u0131m\u0131z\u0131 sinemaya ve Bat\u0131 Akdeniz&#8217;e yapt\u0131k. Antalya&#8217;y\u0131 yeni bir sinema merkezi yapmak i\u00e7in heyecanla \u00e7al\u0131\u015f\u0131yoruz.&#8221; dedi. Akta\u015f, Akdeniz \u00dcniversitesi ba\u015fta olmak \u00fczere festivalin yap\u0131lmas\u0131nda eme\u011fi ge\u00e7enlere te\u015fekk\u00fcr etti. 90 proje aras\u0131ndan 6 film \u00f6d\u00fcl ald\u0131 Festival kapsam\u0131nda d\u00fczenlenen proje yar\u0131\u015fmas\u0131na toplam 90 ba\u015fvuru al\u0131nd\u0131 ve bu ba\u015fvurular aras\u0131ndan 10 finalist proje belirlendi. Finalist projeler kapan\u0131\u015f ve \u00f6d\u00fcl t\u00f6reninde \u00f6d\u00fcllerini ald\u0131. Ya\u015fam boyu onur \u00f6d\u00fcl\u00fc Erdo\u011fan Engin&#8217;e verildi Festivalde Ya\u015fam Boyu Onur \u00d6d\u00fcl\u00fcn\u00fc \u00c7\u00f6p\u00e7\u00fcler Kral\u0131, Hababam S\u0131n\u0131f\u0131, Can\u0131m Karde\u015fim filmlerinin g\u00f6r\u00fcnt\u00fc y\u00f6netmeni Erdo\u011fan Engin, Festival Direkt\u00f6r\u00fc y\u00f6netmen Do\u011facan Akta\u015f&#8217;\u0131n elinden ald\u0131. Birincilik \u00f6d\u00fcl\u00fc Konyaalt\u0131 Belediye Ba\u015fkan\u0131 Cem Kotan taraf\u0131ndan Down filmiyle Yasin Da\u011fl\u0131&#8217;ya verildi. \u0130kincilik \u00f6d\u00fcl\u00fcn\u00fc Akdeniz \u00dcniversitesi Rekt\u00f6r Yard\u0131mc\u0131s\u0131 Prof. Dr. \u015e\u00fckr\u00fc \u00d6zen taraf\u0131ndan Domuzlar\u0131n Ard\u0131ndan filmiyle Ramazan Arslan&#8217;a verildi. \u00dc\u00e7\u00fcnc\u00fcl\u00fck \u00f6d\u00fcl\u00fc, Antalya Ticaret ve Sanayi Odas\u0131 Y\u00f6netim Kurulu \u00dcyesi Sayman Murat Toto\u015f taraf\u0131ndan Sonsuz &hellip;\" \/>\n<meta property=\"og:url\" content=\"https:\/\/denizcankizil.tr\/en\/haberler\/antalya\/akdeniz-film-yapim-festivali-sona-erdi\/\" \/>\n<meta property=\"og:site_name\" content=\"Av. Deniz Can K\u0131z\u0131l\" \/>\n<meta property=\"article:published_time\" content=\"2025-05-17T07:41:14+00:00\" \/>\n<meta property=\"og:image\" content=\"https:\/\/denizcankizil.tr\/wp-content\/uploads\/2025\/05\/6386-01-odQOyJ.jpg\" \/>\n\t<meta property=\"og:image:width\" content=\"1280\" \/>\n\t<meta property=\"og:image:height\" content=\"720\" \/>\n\t<meta property=\"og:image:type\" content=\"image\/jpeg\" \/>\n<meta name=\"author\" content=\"Av. Deniz Can K\u0131z\u0131l\" \/>\n<meta name=\"twitter:card\" content=\"summary_large_image\" \/>\n<meta name=\"twitter:label1\" content=\"Written by\" \/>\n\t<meta name=\"twitter:data1\" content=\"Av. Deniz Can K\u0131z\u0131l\" \/>\n\t<meta name=\"twitter:label2\" content=\"Estimated reading time\" \/>\n\t<meta name=\"twitter:data2\" content=\"3 minutes\" \/>\n<script type=\"application\/ld+json\" class=\"yoast-schema-graph\">{\"@context\":\"https:\/\/schema.org\",\"@graph\":[{\"@type\":\"Article\",\"@id\":\"https:\/\/denizcankizil.tr\/en\/haberler\/antalya\/akdeniz-film-yapim-festivali-sona-erdi\/#article\",\"isPartOf\":{\"@id\":\"https:\/\/denizcankizil.tr\/en\/haberler\/antalya\/akdeniz-film-yapim-festivali-sona-erdi\/\"},\"author\":{\"name\":\"Av. Deniz Can K\u0131z\u0131l\",\"@id\":\"https:\/\/denizcankizil.tr\/de\/#\/schema\/person\/5dc1b22991bd7ac833867c10afc9b0ff\"},\"headline\":\"Akdeniz Film Yap\u0131m Festivali sona erdi\",\"datePublished\":\"2025-05-17T07:41:14+00:00\",\"mainEntityOfPage\":{\"@id\":\"https:\/\/denizcankizil.tr\/en\/haberler\/antalya\/akdeniz-film-yapim-festivali-sona-erdi\/\"},\"wordCount\":608,\"publisher\":{\"@id\":\"https:\/\/denizcankizil.tr\/de\/#organization\"},\"image\":{\"@id\":\"https:\/\/denizcankizil.tr\/en\/haberler\/antalya\/akdeniz-film-yapim-festivali-sona-erdi\/#primaryimage\"},\"thumbnailUrl\":\"https:\/\/denizcankizil.tr\/wp-content\/uploads\/2025\/05\/6386-01-odQOyJ.jpg\",\"articleSection\":[\"Antalya\"],\"inLanguage\":\"en-GB\"},{\"@type\":\"WebPage\",\"@id\":\"https:\/\/denizcankizil.tr\/en\/haberler\/antalya\/akdeniz-film-yapim-festivali-sona-erdi\/\",\"url\":\"https:\/\/denizcankizil.tr\/en\/haberler\/antalya\/akdeniz-film-yapim-festivali-sona-erdi\/\",\"name\":\"Akdeniz Film Yap\u0131m Festivali sona erdi - Av. Deniz Can K\u0131z\u0131l\",\"isPartOf\":{\"@id\":\"https:\/\/denizcankizil.tr\/de\/#website\"},\"primaryImageOfPage\":{\"@id\":\"https:\/\/denizcankizil.tr\/en\/haberler\/antalya\/akdeniz-film-yapim-festivali-sona-erdi\/#primaryimage\"},\"image\":{\"@id\":\"https:\/\/denizcankizil.tr\/en\/haberler\/antalya\/akdeniz-film-yapim-festivali-sona-erdi\/#primaryimage\"},\"thumbnailUrl\":\"https:\/\/denizcankizil.tr\/wp-content\/uploads\/2025\/05\/6386-01-odQOyJ.jpg\",\"datePublished\":\"2025-05-17T07:41:14+00:00\",\"breadcrumb\":{\"@id\":\"https:\/\/denizcankizil.tr\/en\/haberler\/antalya\/akdeniz-film-yapim-festivali-sona-erdi\/#breadcrumb\"},\"inLanguage\":\"en-GB\",\"potentialAction\":[{\"@type\":\"ReadAction\",\"target\":[\"https:\/\/denizcankizil.tr\/en\/haberler\/antalya\/akdeniz-film-yapim-festivali-sona-erdi\/\"]}]},{\"@type\":\"ImageObject\",\"inLanguage\":\"en-GB\",\"@id\":\"https:\/\/denizcankizil.tr\/en\/haberler\/antalya\/akdeniz-film-yapim-festivali-sona-erdi\/#primaryimage\",\"url\":\"https:\/\/denizcankizil.tr\/wp-content\/uploads\/2025\/05\/6386-01-odQOyJ.jpg\",\"contentUrl\":\"https:\/\/denizcankizil.tr\/wp-content\/uploads\/2025\/05\/6386-01-odQOyJ.jpg\",\"width\":1280,\"height\":720},{\"@type\":\"BreadcrumbList\",\"@id\":\"https:\/\/denizcankizil.tr\/en\/haberler\/antalya\/akdeniz-film-yapim-festivali-sona-erdi\/#breadcrumb\",\"itemListElement\":[{\"@type\":\"ListItem\",\"position\":1,\"name\":\"Home\",\"item\":\"https:\/\/denizcankizil.tr\/de\/\"},{\"@type\":\"ListItem\",\"position\":2,\"name\":\"Akdeniz Film Yap\u0131m Festivali sona erdi\"}]},{\"@type\":\"WebSite\",\"@id\":\"https:\/\/denizcankizil.tr\/de\/#website\",\"url\":\"https:\/\/denizcankizil.tr\/de\/\",\"name\":\"Av. Deniz Can K\u0131z\u0131l\",\"description\":\"Avukat Deniz Can K\u0131z\u0131l Antalya Barosu\",\"publisher\":{\"@id\":\"https:\/\/denizcankizil.tr\/de\/#organization\"},\"potentialAction\":[{\"@type\":\"SearchAction\",\"target\":{\"@type\":\"EntryPoint\",\"urlTemplate\":\"https:\/\/denizcankizil.tr\/de\/?s={search_term_string}\"},\"query-input\":{\"@type\":\"PropertyValueSpecification\",\"valueRequired\":true,\"valueName\":\"search_term_string\"}}],\"inLanguage\":\"en-GB\"},{\"@type\":\"Organization\",\"@id\":\"https:\/\/denizcankizil.tr\/de\/#organization\",\"name\":\"Av. Deniz Can K\u0131z\u0131l\",\"url\":\"https:\/\/denizcankizil.tr\/de\/\",\"logo\":{\"@type\":\"ImageObject\",\"inLanguage\":\"en-GB\",\"@id\":\"https:\/\/denizcankizil.tr\/de\/#\/schema\/logo\/image\/\",\"url\":\"https:\/\/denizcankizil.tr\/wp-content\/uploads\/2024\/10\/siyah-logo-svg.svg\",\"contentUrl\":\"https:\/\/denizcankizil.tr\/wp-content\/uploads\/2024\/10\/siyah-logo-svg.svg\",\"width\":1080,\"height\":1080,\"caption\":\"Av. Deniz Can K\u0131z\u0131l\"},\"image\":{\"@id\":\"https:\/\/denizcankizil.tr\/de\/#\/schema\/logo\/image\/\"}},{\"@type\":\"Person\",\"@id\":\"https:\/\/denizcankizil.tr\/de\/#\/schema\/person\/5dc1b22991bd7ac833867c10afc9b0ff\",\"name\":\"Av. Deniz Can K\u0131z\u0131l\",\"image\":{\"@type\":\"ImageObject\",\"inLanguage\":\"en-GB\",\"@id\":\"https:\/\/denizcankizil.tr\/de\/#\/schema\/person\/image\/\",\"url\":\"https:\/\/secure.gravatar.com\/avatar\/a0b128fb9855c79efc976d5640eedb31dc35ec297594d6016d2cf7c60e975bb6?s=96&d=mm&r=g\",\"contentUrl\":\"https:\/\/secure.gravatar.com\/avatar\/a0b128fb9855c79efc976d5640eedb31dc35ec297594d6016d2cf7c60e975bb6?s=96&d=mm&r=g\",\"caption\":\"Av. Deniz Can K\u0131z\u0131l\"},\"sameAs\":[\"http:\/\/www.denizcankizil.tr\"],\"url\":\"https:\/\/denizcankizil.tr\/en\/author\/denizcankizil\/\"}]}<\/script>\n<!-- \/ Yoast SEO Premium plugin. -->","yoast_head_json":{"title":"Akdeniz Film Yap\u0131m Festivali sona erdi - Av. Deniz Can K\u0131z\u0131l","robots":{"index":"index","follow":"follow","max-snippet":"max-snippet:-1","max-image-preview":"max-image-preview:large","max-video-preview":"max-video-preview:-1"},"canonical":"https:\/\/denizcankizil.tr\/en\/haberler\/antalya\/akdeniz-film-yapim-festivali-sona-erdi\/","og_locale":"en_GB","og_type":"article","og_title":"Akdeniz Film Yap\u0131m Festivali sona erdi","og_description":"Akdeniz \u00dcniversitesi \u0130leti\u015fim Fak\u00fcltesi&#8217;nde d\u00fczenlenen Akdeniz Film Yap\u0131m Festivali, d\u00f6rt g\u00fcn boyunca sinemaseverler, s\u00f6yle\u015filerden film g\u00f6sterimlerine, at\u00f6lyelerden e\u011fitimlere kadar dolu dolu bir programla bir araya geldi. &#8220;Bir grup gen\u00e7 olarak yola \u00e7\u0131kt\u0131k&#8221; A\u00e7\u0131l\u0131\u015f konu\u015fmas\u0131n\u0131 yapan Festival Direkt\u00f6r\u00fc Do\u011facan Akta\u015f, &#8220;10 y\u0131l \u00f6nce Antalya&#8217;n\u0131n \u0131\u015f\u0131\u011f\u0131na ve dokusuna inanan gen\u00e7 sinemac\u0131lar olarak yola \u00e7\u0131kt\u0131k. \u0130stanbul&#8217;a gitmek yerine bu topraklarda kalmay\u0131 se\u00e7tik. Ev ya da araba de\u011fil, t\u00fcm yat\u0131r\u0131m\u0131m\u0131z\u0131 sinemaya ve Bat\u0131 Akdeniz&#8217;e yapt\u0131k. Antalya&#8217;y\u0131 yeni bir sinema merkezi yapmak i\u00e7in heyecanla \u00e7al\u0131\u015f\u0131yoruz.&#8221; dedi. Akta\u015f, Akdeniz \u00dcniversitesi ba\u015fta olmak \u00fczere festivalin yap\u0131lmas\u0131nda eme\u011fi ge\u00e7enlere te\u015fekk\u00fcr etti. 90 proje aras\u0131ndan 6 film \u00f6d\u00fcl ald\u0131 Festival kapsam\u0131nda d\u00fczenlenen proje yar\u0131\u015fmas\u0131na toplam 90 ba\u015fvuru al\u0131nd\u0131 ve bu ba\u015fvurular aras\u0131ndan 10 finalist proje belirlendi. Finalist projeler kapan\u0131\u015f ve \u00f6d\u00fcl t\u00f6reninde \u00f6d\u00fcllerini ald\u0131. Ya\u015fam boyu onur \u00f6d\u00fcl\u00fc Erdo\u011fan Engin&#8217;e verildi Festivalde Ya\u015fam Boyu Onur \u00d6d\u00fcl\u00fcn\u00fc \u00c7\u00f6p\u00e7\u00fcler Kral\u0131, Hababam S\u0131n\u0131f\u0131, Can\u0131m Karde\u015fim filmlerinin g\u00f6r\u00fcnt\u00fc y\u00f6netmeni Erdo\u011fan Engin, Festival Direkt\u00f6r\u00fc y\u00f6netmen Do\u011facan Akta\u015f&#8217;\u0131n elinden ald\u0131. Birincilik \u00f6d\u00fcl\u00fc Konyaalt\u0131 Belediye Ba\u015fkan\u0131 Cem Kotan taraf\u0131ndan Down filmiyle Yasin Da\u011fl\u0131&#8217;ya verildi. \u0130kincilik \u00f6d\u00fcl\u00fcn\u00fc Akdeniz \u00dcniversitesi Rekt\u00f6r Yard\u0131mc\u0131s\u0131 Prof. Dr. \u015e\u00fckr\u00fc \u00d6zen taraf\u0131ndan Domuzlar\u0131n Ard\u0131ndan filmiyle Ramazan Arslan&#8217;a verildi. \u00dc\u00e7\u00fcnc\u00fcl\u00fck \u00f6d\u00fcl\u00fc, Antalya Ticaret ve Sanayi Odas\u0131 Y\u00f6netim Kurulu \u00dcyesi Sayman Murat Toto\u015f taraf\u0131ndan Sonsuz &hellip;","og_url":"https:\/\/denizcankizil.tr\/en\/haberler\/antalya\/akdeniz-film-yapim-festivali-sona-erdi\/","og_site_name":"Av. Deniz Can K\u0131z\u0131l","article_published_time":"2025-05-17T07:41:14+00:00","og_image":[{"width":1280,"height":720,"url":"https:\/\/denizcankizil.tr\/wp-content\/uploads\/2025\/05\/6386-01-odQOyJ.jpg","type":"image\/jpeg"}],"author":"Av. Deniz Can K\u0131z\u0131l","twitter_card":"summary_large_image","twitter_misc":{"Written by":"Av. Deniz Can K\u0131z\u0131l","Estimated reading time":"3 minutes"},"schema":{"@context":"https:\/\/schema.org","@graph":[{"@type":"Article","@id":"https:\/\/denizcankizil.tr\/en\/haberler\/antalya\/akdeniz-film-yapim-festivali-sona-erdi\/#article","isPartOf":{"@id":"https:\/\/denizcankizil.tr\/en\/haberler\/antalya\/akdeniz-film-yapim-festivali-sona-erdi\/"},"author":{"name":"Av. Deniz Can K\u0131z\u0131l","@id":"https:\/\/denizcankizil.tr\/de\/#\/schema\/person\/5dc1b22991bd7ac833867c10afc9b0ff"},"headline":"Akdeniz Film Yap\u0131m Festivali sona erdi","datePublished":"2025-05-17T07:41:14+00:00","mainEntityOfPage":{"@id":"https:\/\/denizcankizil.tr\/en\/haberler\/antalya\/akdeniz-film-yapim-festivali-sona-erdi\/"},"wordCount":608,"publisher":{"@id":"https:\/\/denizcankizil.tr\/de\/#organization"},"image":{"@id":"https:\/\/denizcankizil.tr\/en\/haberler\/antalya\/akdeniz-film-yapim-festivali-sona-erdi\/#primaryimage"},"thumbnailUrl":"https:\/\/denizcankizil.tr\/wp-content\/uploads\/2025\/05\/6386-01-odQOyJ.jpg","articleSection":["Antalya"],"inLanguage":"en-GB"},{"@type":"WebPage","@id":"https:\/\/denizcankizil.tr\/en\/haberler\/antalya\/akdeniz-film-yapim-festivali-sona-erdi\/","url":"https:\/\/denizcankizil.tr\/en\/haberler\/antalya\/akdeniz-film-yapim-festivali-sona-erdi\/","name":"Akdeniz Film Yap\u0131m Festivali sona erdi - Av. Deniz Can K\u0131z\u0131l","isPartOf":{"@id":"https:\/\/denizcankizil.tr\/de\/#website"},"primaryImageOfPage":{"@id":"https:\/\/denizcankizil.tr\/en\/haberler\/antalya\/akdeniz-film-yapim-festivali-sona-erdi\/#primaryimage"},"image":{"@id":"https:\/\/denizcankizil.tr\/en\/haberler\/antalya\/akdeniz-film-yapim-festivali-sona-erdi\/#primaryimage"},"thumbnailUrl":"https:\/\/denizcankizil.tr\/wp-content\/uploads\/2025\/05\/6386-01-odQOyJ.jpg","datePublished":"2025-05-17T07:41:14+00:00","breadcrumb":{"@id":"https:\/\/denizcankizil.tr\/en\/haberler\/antalya\/akdeniz-film-yapim-festivali-sona-erdi\/#breadcrumb"},"inLanguage":"en-GB","potentialAction":[{"@type":"ReadAction","target":["https:\/\/denizcankizil.tr\/en\/haberler\/antalya\/akdeniz-film-yapim-festivali-sona-erdi\/"]}]},{"@type":"ImageObject","inLanguage":"en-GB","@id":"https:\/\/denizcankizil.tr\/en\/haberler\/antalya\/akdeniz-film-yapim-festivali-sona-erdi\/#primaryimage","url":"https:\/\/denizcankizil.tr\/wp-content\/uploads\/2025\/05\/6386-01-odQOyJ.jpg","contentUrl":"https:\/\/denizcankizil.tr\/wp-content\/uploads\/2025\/05\/6386-01-odQOyJ.jpg","width":1280,"height":720},{"@type":"BreadcrumbList","@id":"https:\/\/denizcankizil.tr\/en\/haberler\/antalya\/akdeniz-film-yapim-festivali-sona-erdi\/#breadcrumb","itemListElement":[{"@type":"ListItem","position":1,"name":"Home","item":"https:\/\/denizcankizil.tr\/de\/"},{"@type":"ListItem","position":2,"name":"Akdeniz Film Yap\u0131m Festivali sona erdi"}]},{"@type":"WebSite","@id":"https:\/\/denizcankizil.tr\/de\/#website","url":"https:\/\/denizcankizil.tr\/de\/","name":"Av. Deniz Can K\u0131z\u0131l","description":"Avukat Deniz Can K\u0131z\u0131l Antalya Barosu","publisher":{"@id":"https:\/\/denizcankizil.tr\/de\/#organization"},"potentialAction":[{"@type":"SearchAction","target":{"@type":"EntryPoint","urlTemplate":"https:\/\/denizcankizil.tr\/de\/?s={search_term_string}"},"query-input":{"@type":"PropertyValueSpecification","valueRequired":true,"valueName":"search_term_string"}}],"inLanguage":"en-GB"},{"@type":"Organization","@id":"https:\/\/denizcankizil.tr\/de\/#organization","name":"Av. Deniz Can K\u0131z\u0131l","url":"https:\/\/denizcankizil.tr\/de\/","logo":{"@type":"ImageObject","inLanguage":"en-GB","@id":"https:\/\/denizcankizil.tr\/de\/#\/schema\/logo\/image\/","url":"https:\/\/denizcankizil.tr\/wp-content\/uploads\/2024\/10\/siyah-logo-svg.svg","contentUrl":"https:\/\/denizcankizil.tr\/wp-content\/uploads\/2024\/10\/siyah-logo-svg.svg","width":1080,"height":1080,"caption":"Av. Deniz Can K\u0131z\u0131l"},"image":{"@id":"https:\/\/denizcankizil.tr\/de\/#\/schema\/logo\/image\/"}},{"@type":"Person","@id":"https:\/\/denizcankizil.tr\/de\/#\/schema\/person\/5dc1b22991bd7ac833867c10afc9b0ff","name":"Av. Deniz Can K\u0131z\u0131l","image":{"@type":"ImageObject","inLanguage":"en-GB","@id":"https:\/\/denizcankizil.tr\/de\/#\/schema\/person\/image\/","url":"https:\/\/secure.gravatar.com\/avatar\/a0b128fb9855c79efc976d5640eedb31dc35ec297594d6016d2cf7c60e975bb6?s=96&d=mm&r=g","contentUrl":"https:\/\/secure.gravatar.com\/avatar\/a0b128fb9855c79efc976d5640eedb31dc35ec297594d6016d2cf7c60e975bb6?s=96&d=mm&r=g","caption":"Av. Deniz Can K\u0131z\u0131l"},"sameAs":["http:\/\/www.denizcankizil.tr"],"url":"https:\/\/denizcankizil.tr\/en\/author\/denizcankizil\/"}]}},"_links":{"self":[{"href":"https:\/\/denizcankizil.tr\/en\/wp-json\/wp\/v2\/posts\/89308","targetHints":{"allow":["GET"]}}],"collection":[{"href":"https:\/\/denizcankizil.tr\/en\/wp-json\/wp\/v2\/posts"}],"about":[{"href":"https:\/\/denizcankizil.tr\/en\/wp-json\/wp\/v2\/types\/post"}],"author":[{"embeddable":true,"href":"https:\/\/denizcankizil.tr\/en\/wp-json\/wp\/v2\/users\/4"}],"replies":[{"embeddable":true,"href":"https:\/\/denizcankizil.tr\/en\/wp-json\/wp\/v2\/comments?post=89308"}],"version-history":[{"count":0,"href":"https:\/\/denizcankizil.tr\/en\/wp-json\/wp\/v2\/posts\/89308\/revisions"}],"wp:featuredmedia":[{"embeddable":true,"href":"https:\/\/denizcankizil.tr\/en\/wp-json\/wp\/v2\/media\/89309"}],"wp:attachment":[{"href":"https:\/\/denizcankizil.tr\/en\/wp-json\/wp\/v2\/media?parent=89308"}],"wp:term":[{"taxonomy":"category","embeddable":true,"href":"https:\/\/denizcankizil.tr\/en\/wp-json\/wp\/v2\/categories?post=89308"},{"taxonomy":"post_tag","embeddable":true,"href":"https:\/\/denizcankizil.tr\/en\/wp-json\/wp\/v2\/tags?post=89308"}],"curies":[{"name":"wp","href":"https:\/\/api.w.org\/{rel}","templated":true}]}}