{"id":88469,"date":"2025-05-16T14:42:28","date_gmt":"2025-05-16T11:42:28","guid":{"rendered":"https:\/\/denizcankizil.tr\/uncategorized-tr\/osmanlidan-gunumuze\/"},"modified":"2025-05-16T14:42:28","modified_gmt":"2025-05-16T11:42:28","slug":"osmanlidan-gunumuze","status":"publish","type":"post","link":"https:\/\/denizcankizil.tr\/en\/haberler\/gundem\/osmanlidan-gunumuze\/","title":{"rendered":"Osmanl\u0131\u2019dan G\u00fcn\u00fcm\u00fcze\u2026"},"content":{"rendered":"<p>Bu kimlik, sadece g\u00f6rsel bir peyzaj de\u011fil, ayn\u0131 zamanda toplumsal yap\u0131n\u0131n, ekonominin ve ya\u015fam tarz\u0131n\u0131n da temelini olu\u015fturuyordu. Osmanl\u0131 tapu tahrir defterleri ve arazi da\u011f\u0131l\u0131m\u0131na dair belgeler b\u00f6lgenin tarih boyunca nas\u0131l bir tar\u0131m merkezi oldu\u011funu ortaya koymaktad\u0131r. Ancak bu k\u00f6kl\u00fc gelenek g\u00fcn\u00fcm\u00fczde sanayile\u015fme, plans\u0131z kentsel yay\u0131lma ve iklim de\u011fi\u015fikli\u011fi gibi sebeplerle geri plana itilmi\u015ftir.<\/p>\n<p>Osmanl\u0131 Kay\u0131tlar\u0131nda \u0130skenderun\u2019un Tar\u0131msal Silueti<\/p>\n<p>16. y\u00fczy\u0131l Osmanl\u0131 tapu tahrir defterlerinde \u0130skenderun kazas\u0131 zeytin ve narenciye yeti\u015ftiricili\u011fiyle \u00f6ne \u00e7\u0131kan bir alan olarak tan\u0131mlan\u0131r. Ba\u015fbakanl\u0131k Osmanl\u0131 Ar\u015fivi&#8217;nde yer alan 1536 tarihli Tahrir Defteri&#8217;nde \u0130skenderun ve civar k\u00f6ylerinde yer alan &#8220;zeytunluk&#8221; ve &#8220;nar bah\u00e7esi&#8221; kay\u0131tlar\u0131 bu bitkilerin ekonomik ve toplumsal hayattaki yerini a\u00e7\u0131k\u00e7a ortaya koyar. \u00d6zellikle Belen, Arsuz ve D\u00f6rtyol gibi b\u00f6lgelere yay\u0131lan zeytinlikler sadece ya\u011fl\u0131k \u00fcr\u00fcn olarak de\u011fil, ayn\u0131 zamanda takas de\u011feri y\u00fcksek bir meta olarak da kullan\u0131l\u0131rd\u0131.<\/p>\n<p>Narenciye ise 18. ve 19. y\u00fczy\u0131llarda b\u00f6lgede yayg\u0131nla\u015fan bir \u00fcr\u00fcn grubu haline gelmi\u015ftir. Osmanl\u0131 ar\u015fiv belgelerinde &#8220;limunluk&#8221; ve &#8220;turun\u00e7luk&#8221; olarak adland\u0131r\u0131lan araziler genellikle vak\u0131flara gelir getiren alanlar olarak tahsis edilmi\u015f, bu da narenciyenin \u00f6nemli bir ekonomik kaynak haline geldi\u011fini g\u00f6stermektedir. Bu arazilerde sulama d\u00fczenekleri, teraslama teknikleri ve ortak i\u015fletme modelleri de kay\u0131tlara ge\u00e7mi\u015ftir.<\/p>\n<p>Tar\u0131m\u0131n Sosyal ve Ekonomik Yans\u0131malar\u0131<\/p>\n<p>Zeytin ve narenciye tar\u0131m\u0131 sadece ekonomik anlamda de\u011fil ayn\u0131 zamanda sosyal dokunun \u015fekillenmesinde de belirleyici olmu\u015ftur. K\u00f6yl\u00fcler aras\u0131ndaki ortak emek, imece usul\u00fc, hasat bayramlar\u0131 ve \u00fcr\u00fcn takas\u0131 gibi uygulamalar bir yandan toplumsal dayan\u0131\u015fmay\u0131 g\u00fc\u00e7lendirirken, di\u011fer yandan bu \u00fcr\u00fcnlerin b\u00f6lgesel kimlik i\u00e7in ne kadar merkezi oldu\u011funa i\u015faret eder. Tapu defterlerinde yer alan &#8220;m\u00fc\u015fterek tasarruf&#8221; (ortak m\u00fclkiyet) yap\u0131lar\u0131 da bu sosyal ili\u015fkilerin hukuk\u00ee zeminini olu\u015fturmu\u015ftur.<\/p>\n<p>Bug\u00fcn: Sanayiye Kurban Edilen Topraklar<\/p>\n<p>G\u00fcn\u00fcm\u00fczde \u0130skenderun, demir-\u00e7elik sanayisi, liman ve lojistik faaliyetleriyle \u00f6ne \u00e7\u0131kan bir merkez haline gelmi\u015ftir. Ancak bu geli\u015fme b\u00fcy\u00fck oranda b\u00f6lgenin tar\u0131msal alanlar\u0131n\u0131n tahribat\u0131 pahas\u0131na olmu\u015ftur. Son 50 y\u0131lda bir\u00e7ok zeytinlik sanayi parsellerine d\u00f6n\u00fc\u015ft\u00fcr\u00fclm\u00fc\u015f; narenciye bah\u00e7eleri ise ya imara a\u00e7\u0131lm\u0131\u015f ya da sulama yetersizli\u011fi nedeniyle terk edilmi\u015ftir.<\/p>\n<p>Tar\u0131mla ge\u00e7imini sa\u011flayan k\u00f6yl\u00fcler, ya sanayi i\u015f\u00e7isi haline gelmi\u015f ya da g\u00f6\u00e7 etmek zorunda kalm\u0131\u015ft\u0131r. Bu durum b\u00f6lgenin hem sosyal yap\u0131s\u0131n\u0131 hem de ekolojik dengesini sarsm\u0131\u015ft\u0131r. Tar\u0131msal \u00fcretimin azalmas\u0131 g\u0131da g\u00fcvenli\u011fini tehdit etmekte; \u00f6zellikle iklim de\u011fi\u015fikli\u011finin etkileriyle birlikte gelen d\u00f6nemsel kurakl\u0131klar, \u00e7ift\u00e7iyi daha da zor duruma sokmaktad\u0131r.<\/p>\n<p>\u00d6neriler<\/p>\n<p>\u0130skenderun&#8217;un tar\u0131msal miras\u0131 yaln\u0131zca ge\u00e7mi\u015fin hat\u0131ras\u0131 olarak de\u011fil, ayn\u0131 zamanda gelece\u011fe dair s\u00fcrd\u00fcr\u00fclebilir kalk\u0131nma modellerinin in\u015fa edilebilece\u011fi sa\u011flam bir temel olarak de\u011ferlendirilmelidir. Osmanl\u0131 ar\u015fivlerinde a\u00e7\u0131k\u00e7a g\u00f6r\u00fclen zeytinlik ve narenciye alanlar\u0131n\u0131n sistemli da\u011f\u0131l\u0131m\u0131 ge\u00e7mi\u015fte bu b\u00f6lgede tar\u0131m\u0131n bilin\u00e7li ve planl\u0131 bir \u015fekilde yap\u0131ld\u0131\u011f\u0131n\u0131 g\u00f6stermektedir. G\u00fcn\u00fcm\u00fczde ya\u015fanan tar\u0131msal \u00e7\u00f6k\u00fc\u015fe kar\u015f\u0131, bu tarihsel birikim modern politika \u00fcretiminde referans al\u0131nmal\u0131d\u0131r.<\/p>\n<p>Bu ba\u011flamda \u00f6nerilebilecek baz\u0131 somut ve uygulanabilir ad\u0131mlar \u015funlard\u0131r:<\/p>\n<p>Koruma Ama\u00e7l\u0131 Tar\u0131m Haritalar\u0131 Haz\u0131rlanmal\u0131: Osmanl\u0131 tahrir defterlerindeki tarihi tar\u0131m b\u00f6lgeleri modern haritalarla e\u015fle\u015ftirilmeli ve bu b\u00f6lgeler \u201ctar\u0131msal miras alanlar\u0131\u201d olarak ilan edilerek imara veya sanayiye a\u00e7\u0131lmas\u0131 s\u0131n\u0131rland\u0131r\u0131lmal\u0131d\u0131r.<\/p>\n<p>Zeytinlik ve Narenciye Bah\u00e7eleri \u0130\u00e7in Te\u015fvik Programlar\u0131 Olu\u015fturulmal\u0131: \u0130skenderun ve \u00e7evresindeki k\u00f6yl\u00fclere y\u00f6nelik \u00f6zel destek paketleri geli\u015ftirilerek \u00fcretim s\u00fcrecine yeniden kat\u0131l\u0131mlar\u0131 sa\u011flanmal\u0131, geleneksel \u00fcretim tekniklerine dayal\u0131 organik tar\u0131m desteklenmelidir.<\/p>\n<p>Kooperatifle\u015fme Yayg\u0131nla\u015ft\u0131r\u0131lmal\u0131: K\u00fc\u00e7\u00fck \u00f6l\u00e7ekli \u00e7ift\u00e7ilerin bir araya gelerek olu\u015fturacaklar\u0131 \u00fcretim kooperatifleri hem ekonomik dayan\u0131\u015fmay\u0131 art\u0131racak hem de pazarlama s\u00fcre\u00e7lerinde rekabet g\u00fc\u00e7lerini y\u00fckseltecektir. Tarihte oldu\u011fu gibi m\u00fc\u015fterek tasarruf sistemlerine benzer yap\u0131lar kurulmal\u0131d\u0131r.<\/p>\n<p>Tar\u0131m-Sanayi Dengesi Yeniden Kurulmal\u0131: Sanayi yat\u0131r\u0131mlar\u0131n\u0131n \u00e7evresel etkileri dikkate al\u0131nmal\u0131, zeytinlik ve narenciye alanlar\u0131na yak\u0131n b\u00f6lgelerde yeni sanayi parselasyonu yasaklanmal\u0131; mevcut tesisler ise do\u011faya duyarl\u0131 \u00fcretim bi\u00e7imlerine zorlanmal\u0131d\u0131r.<\/p>\n<p>Zeytinliklerin Yok Edilmesi Engellenmeli: Mara\u015f depremlerinin ard\u0131ndan \u00e7\u0131kar\u0131lan baz\u0131 ola\u011fan\u00fcst\u00fc hal yasalar\u0131 ve imar d\u00fczenlemeleri, felaket bahanesiyle \u00f6zellikle zeytinlik alanlar\u0131n\u0131n yap\u0131la\u015fmaya a\u00e7\u0131lmas\u0131n\u0131n \u00f6n\u00fcn\u00fc a\u00e7m\u0131\u015ft\u0131r. Bu d\u00fczenlemeler k\u0131sa vadeli ekonomik \u00e7\u0131karlar u\u011fruna hem do\u011fan\u0131n hem de ge\u00e7mi\u015ften gelen tar\u0131msal miras\u0131n yok edilmesine kap\u0131 aralamaktad\u0131r. Zeytin a\u011fa\u00e7lar\u0131 sadece birer tar\u0131m \u00fcr\u00fcn\u00fc de\u011fil; ayn\u0131 zamanda binlerce y\u0131ll\u0131k bir k\u00fclt\u00fcrel belle\u011fin ta\u015f\u0131y\u0131c\u0131s\u0131d\u0131r. Bu y\u00fczden afet sonras\u0131 yeniden in\u015fa s\u00fcre\u00e7lerinde zeytinliklerin ranta kurban edilmesine kesinlikle izin verilmemelidir. Bu t\u00fcr yasal bo\u015fluklar ve istisnalar derhal kald\u0131r\u0131lmal\u0131, zeytinlikler anayasal g\u00fcvence alt\u0131na al\u0131nmal\u0131d\u0131r.<\/p>\n<p>\u0130skenderun\u2019un tarihsel tar\u0131msal dokusunu korumak, yaln\u0131zca ge\u00e7mi\u015fin bir hat\u0131ras\u0131n\u0131 muhafaza etmek de\u011fil; ayn\u0131 zamanda b\u00f6lgenin g\u0131da egemenli\u011fi, k\u0131rsal istihdam\u0131 ve \u00e7evresel s\u00fcrd\u00fcr\u00fclebilirli\u011fi i\u00e7in ya\u015famsal bir ad\u0131md\u0131r. Zeytinliklerin ve narenciye bah\u00e7elerinin korunmas\u0131, kentle\u015fme bask\u0131s\u0131 ve end\u00fcstriyel \u00e7\u0131karlar kar\u015f\u0131s\u0131nda bir direni\u015f hatt\u0131 olu\u015fturmal\u0131; yerel y\u00f6netimler, meslek odalar\u0131 ve sivil toplum kurulu\u015flar\u0131 bu konuda aktif rol \u00fcstlenmelidir. \u0130mar ve afet bahanesiyle yap\u0131lan do\u011fa tahribat\u0131na kar\u015f\u0131 kamuoyunun bilgilendirilmesi ve hukuki m\u00fccadele yollar\u0131n\u0131n g\u00fc\u00e7lendirilmesi gerekmektedir. Bu topraklar, atalar\u0131m\u0131zdan bize miras de\u011fil; torunlar\u0131m\u0131zdan \u00f6d\u00fcn\u00e7 al\u0131nm\u0131\u015f bir emanettir. Bu emanetin hakk\u0131n\u0131 vermek hem ahlaki bir g\u00f6rev hem de gelecek nesillere kar\u015f\u0131 bir bor\u00e7tur.<\/p>\n<p>\u0130skenderun\u2019un tarihsel tar\u0131msal dokusunu korumak ve yeniden canland\u0131rmak, sadece nostaljik bir \u00e7aba de\u011fil; ayn\u0131 zamanda b\u00f6lgenin g\u0131da g\u00fcvenli\u011fi, ekolojik dengesi ve sosyal yap\u0131s\u0131 i\u00e7in zorunlu bir yat\u0131r\u0131md\u0131r. Bu topraklar ge\u00e7mi\u015fte oldu\u011fu gibi gelecekte de insan\u0131n\u0131 beslemeye devam edebilir\u2014yeter ki onu yeniden anlamay\u0131 ve ona yeniden de\u011fer vermeyi ba\u015farabilelim. <\/p>\n<p>Kaynak\u00e7a:<\/p>\n<p> Ba\u015fbakanl\u0131k Osmanl\u0131 Ar\u015fivi, Tahrir Defterleri, TD. 385, 1536.<br \/>\n Y\u0131ld\u0131z, Hakan. (2014). Osmanl\u0131 Tar\u0131m Tarihi \u00c7al\u0131\u015fmalar\u0131 I\u015f\u0131\u011f\u0131nda Zeytin ve Narenciye Tar\u0131m\u0131. Ankara \u00dcniversitesi Yay\u0131nlar\u0131.<br \/>\n T.C. Tar\u0131m ve Orman Bakanl\u0131\u011f\u0131 (2022). Hatay Tar\u0131m Raporu.<\/p>\n<p>\u200b\u0130skenderun\u2019da Zeytin, Narenciye ve Tahrifat!<br \/>\nAkdeniz ikliminin bereketli topraklar\u0131na sahip olan \u0130skenderun y\u00fczy\u0131llar boyunca zeytinlikleri, narenciye bah\u00e7eleri ve \u00e7al\u0131\u015fkan k\u00f6yl\u00fcs\u00fcyle tar\u0131msal bir kimli\u011fe sahipti.\u00a0<\/p>\n<p>\u200bHaberin Al\u0131nt\u0131land\u0131\u011f\u0131 Kaynak: www.iskenderun.org<\/p>","protected":false},"excerpt":{"rendered":"<p>Bu kimlik, sadece g\u00f6rsel bir peyzaj de\u011fil, ayn\u0131 zamanda toplumsal yap\u0131n\u0131n, ekonominin ve ya\u015fam tarz\u0131n\u0131n da temelini olu\u015fturuyordu. Osmanl\u0131 tapu tahrir defterleri ve arazi da\u011f\u0131l\u0131m\u0131na dair belgeler b\u00f6lgenin tarih boyunca nas\u0131l bir tar\u0131m merkezi oldu\u011funu ortaya koymaktad\u0131r. Ancak bu k\u00f6kl\u00fc gelenek g\u00fcn\u00fcm\u00fczde sanayile\u015fme, plans\u0131z kentsel yay\u0131lma ve iklim de\u011fi\u015fikli\u011fi gibi sebeplerle geri plana itilmi\u015ftir. Osmanl\u0131 Kay\u0131tlar\u0131nda \u0130skenderun\u2019un Tar\u0131msal Silueti 16. y\u00fczy\u0131l Osmanl\u0131 tapu tahrir defterlerinde \u0130skenderun kazas\u0131 zeytin ve narenciye yeti\u015ftiricili\u011fiyle \u00f6ne \u00e7\u0131kan bir alan olarak tan\u0131mlan\u0131r. Ba\u015fbakanl\u0131k Osmanl\u0131 Ar\u015fivi&#8217;nde yer alan 1536 tarihli Tahrir Defteri&#8217;nde \u0130skenderun ve civar k\u00f6ylerinde yer alan &#8220;zeytunluk&#8221; ve &#8220;nar bah\u00e7esi&#8221; kay\u0131tlar\u0131 bu bitkilerin ekonomik ve toplumsal hayattaki yerini a\u00e7\u0131k\u00e7a ortaya koyar. \u00d6zellikle Belen, Arsuz ve D\u00f6rtyol gibi b\u00f6lgelere yay\u0131lan zeytinlikler sadece ya\u011fl\u0131k \u00fcr\u00fcn olarak de\u011fil, ayn\u0131 zamanda takas de\u011feri y\u00fcksek bir meta olarak da kullan\u0131l\u0131rd\u0131. Narenciye ise 18. ve 19. y\u00fczy\u0131llarda b\u00f6lgede yayg\u0131nla\u015fan bir \u00fcr\u00fcn grubu haline gelmi\u015ftir. Osmanl\u0131 ar\u015fiv belgelerinde &#8220;limunluk&#8221; ve &#8220;turun\u00e7luk&#8221; olarak adland\u0131r\u0131lan araziler genellikle vak\u0131flara gelir getiren alanlar olarak tahsis edilmi\u015f, bu da narenciyenin \u00f6nemli bir ekonomik kaynak haline geldi\u011fini g\u00f6stermektedir. Bu arazilerde sulama d\u00fczenekleri, teraslama teknikleri ve ortak i\u015fletme modelleri de kay\u0131tlara ge\u00e7mi\u015ftir. Tar\u0131m\u0131n Sosyal ve Ekonomik Yans\u0131malar\u0131 Zeytin ve narenciye tar\u0131m\u0131 sadece ekonomik anlamda de\u011fil ayn\u0131 zamanda sosyal &hellip;<\/p>","protected":false},"author":1,"featured_media":0,"comment_status":"","ping_status":"open","sticky":false,"template":"","format":"standard","meta":{"_acf_changed":false,"footnotes":""},"categories":[24],"tags":[],"class_list":["post-88469","post","type-post","status-publish","format-standard","has-post-thumbnail","hentry","category-gundem"],"acf":[],"yoast_head":"<!-- This site is optimized with the Yoast SEO Premium plugin v26.6 (Yoast SEO v27.1.1) - https:\/\/yoast.com\/product\/yoast-seo-premium-wordpress\/ -->\n<title>Osmanl\u0131\u2019dan G\u00fcn\u00fcm\u00fcze\u2026 - Av. Deniz Can K\u0131z\u0131l<\/title>\n<meta name=\"robots\" content=\"index, follow, max-snippet:-1, max-image-preview:large, max-video-preview:-1\" \/>\n<link rel=\"canonical\" href=\"https:\/\/denizcankizil.tr\/en\/haberler\/gundem\/osmanlidan-gunumuze\/\" \/>\n<meta property=\"og:locale\" content=\"en_GB\" \/>\n<meta property=\"og:type\" content=\"article\" \/>\n<meta property=\"og:title\" content=\"Osmanl\u0131\u2019dan G\u00fcn\u00fcm\u00fcze\u2026\" \/>\n<meta property=\"og:description\" content=\"Bu kimlik, sadece g\u00f6rsel bir peyzaj de\u011fil, ayn\u0131 zamanda toplumsal yap\u0131n\u0131n, ekonominin ve ya\u015fam tarz\u0131n\u0131n da temelini olu\u015fturuyordu. Osmanl\u0131 tapu tahrir defterleri ve arazi da\u011f\u0131l\u0131m\u0131na dair belgeler b\u00f6lgenin tarih boyunca nas\u0131l bir tar\u0131m merkezi oldu\u011funu ortaya koymaktad\u0131r. Ancak bu k\u00f6kl\u00fc gelenek g\u00fcn\u00fcm\u00fczde sanayile\u015fme, plans\u0131z kentsel yay\u0131lma ve iklim de\u011fi\u015fikli\u011fi gibi sebeplerle geri plana itilmi\u015ftir. Osmanl\u0131 Kay\u0131tlar\u0131nda \u0130skenderun\u2019un Tar\u0131msal Silueti 16. y\u00fczy\u0131l Osmanl\u0131 tapu tahrir defterlerinde \u0130skenderun kazas\u0131 zeytin ve narenciye yeti\u015ftiricili\u011fiyle \u00f6ne \u00e7\u0131kan bir alan olarak tan\u0131mlan\u0131r. Ba\u015fbakanl\u0131k Osmanl\u0131 Ar\u015fivi&#8217;nde yer alan 1536 tarihli Tahrir Defteri&#8217;nde \u0130skenderun ve civar k\u00f6ylerinde yer alan &#8220;zeytunluk&#8221; ve &#8220;nar bah\u00e7esi&#8221; kay\u0131tlar\u0131 bu bitkilerin ekonomik ve toplumsal hayattaki yerini a\u00e7\u0131k\u00e7a ortaya koyar. \u00d6zellikle Belen, Arsuz ve D\u00f6rtyol gibi b\u00f6lgelere yay\u0131lan zeytinlikler sadece ya\u011fl\u0131k \u00fcr\u00fcn olarak de\u011fil, ayn\u0131 zamanda takas de\u011feri y\u00fcksek bir meta olarak da kullan\u0131l\u0131rd\u0131. Narenciye ise 18. ve 19. y\u00fczy\u0131llarda b\u00f6lgede yayg\u0131nla\u015fan bir \u00fcr\u00fcn grubu haline gelmi\u015ftir. Osmanl\u0131 ar\u015fiv belgelerinde &#8220;limunluk&#8221; ve &#8220;turun\u00e7luk&#8221; olarak adland\u0131r\u0131lan araziler genellikle vak\u0131flara gelir getiren alanlar olarak tahsis edilmi\u015f, bu da narenciyenin \u00f6nemli bir ekonomik kaynak haline geldi\u011fini g\u00f6stermektedir. Bu arazilerde sulama d\u00fczenekleri, teraslama teknikleri ve ortak i\u015fletme modelleri de kay\u0131tlara ge\u00e7mi\u015ftir. Tar\u0131m\u0131n Sosyal ve Ekonomik Yans\u0131malar\u0131 Zeytin ve narenciye tar\u0131m\u0131 sadece ekonomik anlamda de\u011fil ayn\u0131 zamanda sosyal &hellip;\" \/>\n<meta property=\"og:url\" content=\"https:\/\/denizcankizil.tr\/en\/haberler\/gundem\/osmanlidan-gunumuze\/\" \/>\n<meta property=\"og:site_name\" content=\"Av. Deniz Can K\u0131z\u0131l\" \/>\n<meta property=\"article:published_time\" content=\"2025-05-16T11:42:28+00:00\" \/>\n<meta name=\"author\" content=\"admin\" \/>\n<meta name=\"twitter:card\" content=\"summary_large_image\" \/>\n<meta name=\"twitter:label1\" content=\"Written by\" \/>\n\t<meta name=\"twitter:data1\" content=\"admin\" \/>\n\t<meta name=\"twitter:label2\" content=\"Estimated reading time\" \/>\n\t<meta name=\"twitter:data2\" content=\"6 minutes\" \/>\n<script type=\"application\/ld+json\" class=\"yoast-schema-graph\">{\"@context\":\"https:\/\/schema.org\",\"@graph\":[{\"@type\":\"Article\",\"@id\":\"https:\/\/denizcankizil.tr\/en\/haberler\/gundem\/osmanlidan-gunumuze\/#article\",\"isPartOf\":{\"@id\":\"https:\/\/denizcankizil.tr\/en\/haberler\/gundem\/osmanlidan-gunumuze\/\"},\"author\":{\"name\":\"admin\",\"@id\":\"https:\/\/denizcankizil.tr\/de\/#\/schema\/person\/be3c05fe6a12686905512445d8185489\"},\"headline\":\"Osmanl\u0131\u2019dan G\u00fcn\u00fcm\u00fcze\u2026\",\"datePublished\":\"2025-05-16T11:42:28+00:00\",\"mainEntityOfPage\":{\"@id\":\"https:\/\/denizcankizil.tr\/en\/haberler\/gundem\/osmanlidan-gunumuze\/\"},\"wordCount\":1225,\"publisher\":{\"@id\":\"https:\/\/denizcankizil.tr\/de\/#organization\"},\"articleSection\":[\"G\u00fcndem\"],\"inLanguage\":\"en-GB\"},{\"@type\":\"WebPage\",\"@id\":\"https:\/\/denizcankizil.tr\/en\/haberler\/gundem\/osmanlidan-gunumuze\/\",\"url\":\"https:\/\/denizcankizil.tr\/en\/haberler\/gundem\/osmanlidan-gunumuze\/\",\"name\":\"Osmanl\u0131\u2019dan G\u00fcn\u00fcm\u00fcze\u2026 - Av. Deniz Can K\u0131z\u0131l\",\"isPartOf\":{\"@id\":\"https:\/\/denizcankizil.tr\/de\/#website\"},\"datePublished\":\"2025-05-16T11:42:28+00:00\",\"breadcrumb\":{\"@id\":\"https:\/\/denizcankizil.tr\/en\/haberler\/gundem\/osmanlidan-gunumuze\/#breadcrumb\"},\"inLanguage\":\"en-GB\",\"potentialAction\":[{\"@type\":\"ReadAction\",\"target\":[\"https:\/\/denizcankizil.tr\/en\/haberler\/gundem\/osmanlidan-gunumuze\/\"]}]},{\"@type\":\"BreadcrumbList\",\"@id\":\"https:\/\/denizcankizil.tr\/en\/haberler\/gundem\/osmanlidan-gunumuze\/#breadcrumb\",\"itemListElement\":[{\"@type\":\"ListItem\",\"position\":1,\"name\":\"Home\",\"item\":\"https:\/\/denizcankizil.tr\/de\/\"},{\"@type\":\"ListItem\",\"position\":2,\"name\":\"Osmanl\u0131\u2019dan G\u00fcn\u00fcm\u00fcze\u2026\"}]},{\"@type\":\"WebSite\",\"@id\":\"https:\/\/denizcankizil.tr\/de\/#website\",\"url\":\"https:\/\/denizcankizil.tr\/de\/\",\"name\":\"Av. Deniz Can K\u0131z\u0131l\",\"description\":\"Avukat Deniz Can K\u0131z\u0131l Antalya Barosu\",\"publisher\":{\"@id\":\"https:\/\/denizcankizil.tr\/de\/#organization\"},\"potentialAction\":[{\"@type\":\"SearchAction\",\"target\":{\"@type\":\"EntryPoint\",\"urlTemplate\":\"https:\/\/denizcankizil.tr\/de\/?s={search_term_string}\"},\"query-input\":{\"@type\":\"PropertyValueSpecification\",\"valueRequired\":true,\"valueName\":\"search_term_string\"}}],\"inLanguage\":\"en-GB\"},{\"@type\":\"Organization\",\"@id\":\"https:\/\/denizcankizil.tr\/de\/#organization\",\"name\":\"Av. Deniz Can K\u0131z\u0131l\",\"url\":\"https:\/\/denizcankizil.tr\/de\/\",\"logo\":{\"@type\":\"ImageObject\",\"inLanguage\":\"en-GB\",\"@id\":\"https:\/\/denizcankizil.tr\/de\/#\/schema\/logo\/image\/\",\"url\":\"https:\/\/denizcankizil.tr\/wp-content\/uploads\/2024\/10\/siyah-logo-svg.svg\",\"contentUrl\":\"https:\/\/denizcankizil.tr\/wp-content\/uploads\/2024\/10\/siyah-logo-svg.svg\",\"width\":1080,\"height\":1080,\"caption\":\"Av. Deniz Can K\u0131z\u0131l\"},\"image\":{\"@id\":\"https:\/\/denizcankizil.tr\/de\/#\/schema\/logo\/image\/\"}},{\"@type\":\"Person\",\"@id\":\"https:\/\/denizcankizil.tr\/de\/#\/schema\/person\/be3c05fe6a12686905512445d8185489\",\"name\":\"admin\",\"image\":{\"@type\":\"ImageObject\",\"inLanguage\":\"en-GB\",\"@id\":\"https:\/\/denizcankizil.tr\/de\/#\/schema\/person\/image\/\",\"url\":\"https:\/\/secure.gravatar.com\/avatar\/c1fce94c830dc79107e174f890d7210541c4a63e8e5d816341794a2151c9d58c?s=96&d=mm&r=g\",\"contentUrl\":\"https:\/\/secure.gravatar.com\/avatar\/c1fce94c830dc79107e174f890d7210541c4a63e8e5d816341794a2151c9d58c?s=96&d=mm&r=g\",\"caption\":\"admin\"},\"sameAs\":[\"http:\/\/denizcankizil.tr\"],\"url\":\"https:\/\/www.iskenderun.org\/osmanlidan-gunumuze\"}]}<\/script>\n<!-- \/ Yoast SEO Premium plugin. -->","yoast_head_json":{"title":"Osmanl\u0131\u2019dan G\u00fcn\u00fcm\u00fcze\u2026 - Av. Deniz Can K\u0131z\u0131l","robots":{"index":"index","follow":"follow","max-snippet":"max-snippet:-1","max-image-preview":"max-image-preview:large","max-video-preview":"max-video-preview:-1"},"canonical":"https:\/\/denizcankizil.tr\/en\/haberler\/gundem\/osmanlidan-gunumuze\/","og_locale":"en_GB","og_type":"article","og_title":"Osmanl\u0131\u2019dan G\u00fcn\u00fcm\u00fcze\u2026","og_description":"Bu kimlik, sadece g\u00f6rsel bir peyzaj de\u011fil, ayn\u0131 zamanda toplumsal yap\u0131n\u0131n, ekonominin ve ya\u015fam tarz\u0131n\u0131n da temelini olu\u015fturuyordu. Osmanl\u0131 tapu tahrir defterleri ve arazi da\u011f\u0131l\u0131m\u0131na dair belgeler b\u00f6lgenin tarih boyunca nas\u0131l bir tar\u0131m merkezi oldu\u011funu ortaya koymaktad\u0131r. Ancak bu k\u00f6kl\u00fc gelenek g\u00fcn\u00fcm\u00fczde sanayile\u015fme, plans\u0131z kentsel yay\u0131lma ve iklim de\u011fi\u015fikli\u011fi gibi sebeplerle geri plana itilmi\u015ftir. Osmanl\u0131 Kay\u0131tlar\u0131nda \u0130skenderun\u2019un Tar\u0131msal Silueti 16. y\u00fczy\u0131l Osmanl\u0131 tapu tahrir defterlerinde \u0130skenderun kazas\u0131 zeytin ve narenciye yeti\u015ftiricili\u011fiyle \u00f6ne \u00e7\u0131kan bir alan olarak tan\u0131mlan\u0131r. Ba\u015fbakanl\u0131k Osmanl\u0131 Ar\u015fivi&#8217;nde yer alan 1536 tarihli Tahrir Defteri&#8217;nde \u0130skenderun ve civar k\u00f6ylerinde yer alan &#8220;zeytunluk&#8221; ve &#8220;nar bah\u00e7esi&#8221; kay\u0131tlar\u0131 bu bitkilerin ekonomik ve toplumsal hayattaki yerini a\u00e7\u0131k\u00e7a ortaya koyar. \u00d6zellikle Belen, Arsuz ve D\u00f6rtyol gibi b\u00f6lgelere yay\u0131lan zeytinlikler sadece ya\u011fl\u0131k \u00fcr\u00fcn olarak de\u011fil, ayn\u0131 zamanda takas de\u011feri y\u00fcksek bir meta olarak da kullan\u0131l\u0131rd\u0131. Narenciye ise 18. ve 19. y\u00fczy\u0131llarda b\u00f6lgede yayg\u0131nla\u015fan bir \u00fcr\u00fcn grubu haline gelmi\u015ftir. Osmanl\u0131 ar\u015fiv belgelerinde &#8220;limunluk&#8221; ve &#8220;turun\u00e7luk&#8221; olarak adland\u0131r\u0131lan araziler genellikle vak\u0131flara gelir getiren alanlar olarak tahsis edilmi\u015f, bu da narenciyenin \u00f6nemli bir ekonomik kaynak haline geldi\u011fini g\u00f6stermektedir. Bu arazilerde sulama d\u00fczenekleri, teraslama teknikleri ve ortak i\u015fletme modelleri de kay\u0131tlara ge\u00e7mi\u015ftir. Tar\u0131m\u0131n Sosyal ve Ekonomik Yans\u0131malar\u0131 Zeytin ve narenciye tar\u0131m\u0131 sadece ekonomik anlamda de\u011fil ayn\u0131 zamanda sosyal &hellip;","og_url":"https:\/\/denizcankizil.tr\/en\/haberler\/gundem\/osmanlidan-gunumuze\/","og_site_name":"Av. Deniz Can K\u0131z\u0131l","article_published_time":"2025-05-16T11:42:28+00:00","author":"admin","twitter_card":"summary_large_image","twitter_misc":{"Written by":"admin","Estimated reading time":"6 minutes"},"schema":{"@context":"https:\/\/schema.org","@graph":[{"@type":"Article","@id":"https:\/\/denizcankizil.tr\/en\/haberler\/gundem\/osmanlidan-gunumuze\/#article","isPartOf":{"@id":"https:\/\/denizcankizil.tr\/en\/haberler\/gundem\/osmanlidan-gunumuze\/"},"author":{"name":"admin","@id":"https:\/\/denizcankizil.tr\/de\/#\/schema\/person\/be3c05fe6a12686905512445d8185489"},"headline":"Osmanl\u0131\u2019dan G\u00fcn\u00fcm\u00fcze\u2026","datePublished":"2025-05-16T11:42:28+00:00","mainEntityOfPage":{"@id":"https:\/\/denizcankizil.tr\/en\/haberler\/gundem\/osmanlidan-gunumuze\/"},"wordCount":1225,"publisher":{"@id":"https:\/\/denizcankizil.tr\/de\/#organization"},"articleSection":["G\u00fcndem"],"inLanguage":"en-GB"},{"@type":"WebPage","@id":"https:\/\/denizcankizil.tr\/en\/haberler\/gundem\/osmanlidan-gunumuze\/","url":"https:\/\/denizcankizil.tr\/en\/haberler\/gundem\/osmanlidan-gunumuze\/","name":"Osmanl\u0131\u2019dan G\u00fcn\u00fcm\u00fcze\u2026 - Av. Deniz Can K\u0131z\u0131l","isPartOf":{"@id":"https:\/\/denizcankizil.tr\/de\/#website"},"datePublished":"2025-05-16T11:42:28+00:00","breadcrumb":{"@id":"https:\/\/denizcankizil.tr\/en\/haberler\/gundem\/osmanlidan-gunumuze\/#breadcrumb"},"inLanguage":"en-GB","potentialAction":[{"@type":"ReadAction","target":["https:\/\/denizcankizil.tr\/en\/haberler\/gundem\/osmanlidan-gunumuze\/"]}]},{"@type":"BreadcrumbList","@id":"https:\/\/denizcankizil.tr\/en\/haberler\/gundem\/osmanlidan-gunumuze\/#breadcrumb","itemListElement":[{"@type":"ListItem","position":1,"name":"Home","item":"https:\/\/denizcankizil.tr\/de\/"},{"@type":"ListItem","position":2,"name":"Osmanl\u0131\u2019dan G\u00fcn\u00fcm\u00fcze\u2026"}]},{"@type":"WebSite","@id":"https:\/\/denizcankizil.tr\/de\/#website","url":"https:\/\/denizcankizil.tr\/de\/","name":"Av. Deniz Can K\u0131z\u0131l","description":"Avukat Deniz Can K\u0131z\u0131l Antalya Barosu","publisher":{"@id":"https:\/\/denizcankizil.tr\/de\/#organization"},"potentialAction":[{"@type":"SearchAction","target":{"@type":"EntryPoint","urlTemplate":"https:\/\/denizcankizil.tr\/de\/?s={search_term_string}"},"query-input":{"@type":"PropertyValueSpecification","valueRequired":true,"valueName":"search_term_string"}}],"inLanguage":"en-GB"},{"@type":"Organization","@id":"https:\/\/denizcankizil.tr\/de\/#organization","name":"Av. Deniz Can K\u0131z\u0131l","url":"https:\/\/denizcankizil.tr\/de\/","logo":{"@type":"ImageObject","inLanguage":"en-GB","@id":"https:\/\/denizcankizil.tr\/de\/#\/schema\/logo\/image\/","url":"https:\/\/denizcankizil.tr\/wp-content\/uploads\/2024\/10\/siyah-logo-svg.svg","contentUrl":"https:\/\/denizcankizil.tr\/wp-content\/uploads\/2024\/10\/siyah-logo-svg.svg","width":1080,"height":1080,"caption":"Av. Deniz Can K\u0131z\u0131l"},"image":{"@id":"https:\/\/denizcankizil.tr\/de\/#\/schema\/logo\/image\/"}},{"@type":"Person","@id":"https:\/\/denizcankizil.tr\/de\/#\/schema\/person\/be3c05fe6a12686905512445d8185489","name":"admin","image":{"@type":"ImageObject","inLanguage":"en-GB","@id":"https:\/\/denizcankizil.tr\/de\/#\/schema\/person\/image\/","url":"https:\/\/secure.gravatar.com\/avatar\/c1fce94c830dc79107e174f890d7210541c4a63e8e5d816341794a2151c9d58c?s=96&d=mm&r=g","contentUrl":"https:\/\/secure.gravatar.com\/avatar\/c1fce94c830dc79107e174f890d7210541c4a63e8e5d816341794a2151c9d58c?s=96&d=mm&r=g","caption":"admin"},"sameAs":["http:\/\/denizcankizil.tr"],"url":"https:\/\/www.iskenderun.org\/osmanlidan-gunumuze"}]}},"_links":{"self":[{"href":"https:\/\/denizcankizil.tr\/en\/wp-json\/wp\/v2\/posts\/88469","targetHints":{"allow":["GET"]}}],"collection":[{"href":"https:\/\/denizcankizil.tr\/en\/wp-json\/wp\/v2\/posts"}],"about":[{"href":"https:\/\/denizcankizil.tr\/en\/wp-json\/wp\/v2\/types\/post"}],"author":[{"embeddable":true,"href":"https:\/\/denizcankizil.tr\/en\/wp-json\/wp\/v2\/users\/1"}],"replies":[{"embeddable":true,"href":"https:\/\/denizcankizil.tr\/en\/wp-json\/wp\/v2\/comments?post=88469"}],"version-history":[{"count":0,"href":"https:\/\/denizcankizil.tr\/en\/wp-json\/wp\/v2\/posts\/88469\/revisions"}],"wp:attachment":[{"href":"https:\/\/denizcankizil.tr\/en\/wp-json\/wp\/v2\/media?parent=88469"}],"wp:term":[{"taxonomy":"category","embeddable":true,"href":"https:\/\/denizcankizil.tr\/en\/wp-json\/wp\/v2\/categories?post=88469"},{"taxonomy":"post_tag","embeddable":true,"href":"https:\/\/denizcankizil.tr\/en\/wp-json\/wp\/v2\/tags?post=88469"}],"curies":[{"name":"wp","href":"https:\/\/api.w.org\/{rel}","templated":true}]}}