{"id":87691,"date":"2025-05-15T22:41:16","date_gmt":"2025-05-15T19:41:16","guid":{"rendered":"https:\/\/denizcankizil.tr\/uncategorized-tr\/konyada-yasanan-depremin-ardindan-konusan-naci-gorur-bunu-yonetimlerden-talep-edin\/"},"modified":"2025-05-15T22:41:16","modified_gmt":"2025-05-15T19:41:16","slug":"konyada-yasanan-depremin-ardindan-konusan-naci-gorur-bunu-yonetimlerden-talep-edin","status":"publish","type":"post","link":"https:\/\/denizcankizil.tr\/en\/haberler\/gundem\/konyada-yasanan-depremin-ardindan-konusan-naci-gorur-bunu-yonetimlerden-talep-edin\/","title":{"rendered":"Konya\u2019da ya\u015fanan depremin ard\u0131ndan konu\u015fan Naci G\u00f6r\u00fcr: \u201cBunu y\u00f6netimlerden talep edin\u201d"},"content":{"rendered":"<p>Konya\u2019n\u0131n Kulu il\u00e7esinde bug\u00fcn meydana gelen 5.2 b\u00fcy\u00fckl\u00fc\u011f\u00fcndeki deprem, Ankara ba\u015fta olmak \u00fczere \u00e7evredeki bir\u00e7ok ilde hissedildi. Depremin ard\u0131ndan Yer bilimci Prof. Naci Dr. G\u00f6r\u00fcr, ya\u015fanabilecek olas\u0131 tehlikelere kar\u015f\u0131 bir kez daha vatanda\u015flara \u00e7a\u011fr\u0131 yapt\u0131.<\/p>\n<p>\u201cS\u0130Z E\u015eE\u011e\u0130N\u0130Z\u0130 SA\u011eLAM KAZI\u011eA BA\u011eLAYIN\u201d<\/p>\n<p>X hesab\u0131ndan a\u00e7\u0131klama yapan G\u00f6r\u00fcr, depremi konu\u015fmak yerine \u00f6nlemler al\u0131nmas\u0131 gerekti\u011fine vurgu yaparak, &#8220;Bug\u00fcn Konya\u2019da olan depremin g\u00f6sterdi\u011fi gibi \u00fclkemizin her taraf\u0131 az veya \u00e7ok tehlikeli deprem b\u00f6lgelerinden ibarettir. Art\u0131k faylar\u0131 tart\u0131\u015faca\u011f\u0131m\u0131za, deprem olacak m\u0131 olmayacak m\u0131 diye dertlenece\u011fimize, deprem ne zaman, nerede olacak diye kendimizi heder edece\u011fimize, bu tabir i\u00e7in beni affediniz, Anadolu deyimi ile \u2018Siz e\u015fe\u011finizi sa\u011flam kaz\u0131\u011fa ba\u011flayanda\u2019 Allah Kerimdir\u201d dedi.<\/p>\n<p>\u201cY\u00d6NET\u0130C\u0130LERDEN BUNU TALEP ED\u0130N \u201c<\/p>\n<p>Depremin bir beka meselesi oldu\u011funa dikkat \u00e7eken G\u00f6r\u00fcr, \u201cOturdu\u011funuz yerle\u015fim alan\u0131n\u0131n DEPREM D\u0130REN\u00c7L\u0130 OLMASINI SA\u011eLAYIN, BUNU Y\u00d6NET\u0130MLERDEN TALEP ED\u0130N. Bunun BEKA meselesi oldu\u011funun, \u00fclkemizin gelece\u011fi i\u00e7in hayat memat meselesi oldu\u011funu unutmay\u0131n. M\u00fclk\u00fcn sahibi sizsiniz. G\u00f6zetim ve denetim sorumlulu\u011fu sizde. Y\u00f6netimlerle el ele bu sorunu \u00e7\u00f6zelim. Her b\u00fcy\u00fck depremde binlerce insan\u0131 kurban veremeyiz. \u0130NSANIMIZ \u00d6LMES\u0130N. Sevgiyle&#8221; ifadelerini kulland\u0131.<\/p>\n<p>\u200bKonya\u2019n\u0131n Kulu il\u00e7esinde bug\u00fcn meydana gelen 5.2 \u015fiddetindeki depremin ard\u0131ndan a\u00e7\u0131klamalarda bulunan Yer bilimci Prof. Dr. Naci G\u00f6r\u00fcr, depremin bir beka sorunu oldu\u011funu belirtip, vatanda\u015flar\u0131n oturdu\u011fu yerlerin depreme diren\u00e7li olmas\u0131n\u0131 y\u00f6netimlerden talep etmesi i\u00e7in \u00e7a\u011fr\u0131 da bulundu.\u00a0<\/p>\n<p>\u200bHaberin Al\u0131nt\u0131land\u0131\u011f\u0131 Kaynak: www.antalyakorfez.com<\/p>","protected":false},"excerpt":{"rendered":"<p>Konya\u2019n\u0131n Kulu il\u00e7esinde bug\u00fcn meydana gelen 5.2 b\u00fcy\u00fckl\u00fc\u011f\u00fcndeki deprem, Ankara ba\u015fta olmak \u00fczere \u00e7evredeki bir\u00e7ok ilde hissedildi. Depremin ard\u0131ndan Yer bilimci Prof. Naci Dr. G\u00f6r\u00fcr, ya\u015fanabilecek olas\u0131 tehlikelere kar\u015f\u0131 bir kez daha vatanda\u015flara \u00e7a\u011fr\u0131 yapt\u0131. \u201cS\u0130Z E\u015eE\u011e\u0130N\u0130Z\u0130 SA\u011eLAM KAZI\u011eA BA\u011eLAYIN\u201d X hesab\u0131ndan a\u00e7\u0131klama yapan G\u00f6r\u00fcr, depremi konu\u015fmak yerine \u00f6nlemler al\u0131nmas\u0131 gerekti\u011fine vurgu yaparak, &#8220;Bug\u00fcn Konya\u2019da olan depremin g\u00f6sterdi\u011fi gibi \u00fclkemizin her taraf\u0131 az veya \u00e7ok tehlikeli deprem b\u00f6lgelerinden ibarettir. Art\u0131k faylar\u0131 tart\u0131\u015faca\u011f\u0131m\u0131za, deprem olacak m\u0131 olmayacak m\u0131 diye dertlenece\u011fimize, deprem ne zaman, nerede olacak diye kendimizi heder edece\u011fimize, bu tabir i\u00e7in beni affediniz, Anadolu deyimi ile \u2018Siz e\u015fe\u011finizi sa\u011flam kaz\u0131\u011fa ba\u011flayanda\u2019 Allah Kerimdir\u201d dedi. \u201cY\u00d6NET\u0130C\u0130LERDEN BUNU TALEP ED\u0130N \u201c Depremin bir beka meselesi oldu\u011funa dikkat \u00e7eken G\u00f6r\u00fcr, \u201cOturdu\u011funuz yerle\u015fim alan\u0131n\u0131n DEPREM D\u0130REN\u00c7L\u0130 OLMASINI SA\u011eLAYIN, BUNU Y\u00d6NET\u0130MLERDEN TALEP ED\u0130N. Bunun BEKA meselesi oldu\u011funun, \u00fclkemizin gelece\u011fi i\u00e7in hayat memat meselesi oldu\u011funu unutmay\u0131n. M\u00fclk\u00fcn sahibi sizsiniz. G\u00f6zetim ve denetim sorumlulu\u011fu sizde. Y\u00f6netimlerle el ele bu sorunu \u00e7\u00f6zelim. Her b\u00fcy\u00fck depremde binlerce insan\u0131 kurban veremeyiz. \u0130NSANIMIZ \u00d6LMES\u0130N. Sevgiyle&#8221; ifadelerini kulland\u0131. \u200bKonya\u2019n\u0131n Kulu il\u00e7esinde bug\u00fcn meydana gelen 5.2 \u015fiddetindeki depremin ard\u0131ndan a\u00e7\u0131klamalarda bulunan Yer bilimci Prof. Dr. Naci G\u00f6r\u00fcr, depremin bir beka sorunu oldu\u011funu belirtip, vatanda\u015flar\u0131n oturdu\u011fu yerlerin depreme diren\u00e7li olmas\u0131n\u0131 y\u00f6netimlerden talep etmesi i\u00e7in &hellip;<\/p>","protected":false},"author":5,"featured_media":0,"comment_status":"","ping_status":"open","sticky":false,"template":"","format":"standard","meta":{"_acf_changed":false,"footnotes":""},"categories":[24],"tags":[],"class_list":["post-87691","post","type-post","status-publish","format-standard","has-post-thumbnail","hentry","category-gundem"],"acf":[],"yoast_head":"<!-- This site is optimized with the Yoast SEO Premium plugin v26.6 (Yoast SEO v27.1.1) - https:\/\/yoast.com\/product\/yoast-seo-premium-wordpress\/ -->\n<title>Konya\u2019da ya\u015fanan depremin ard\u0131ndan konu\u015fan Naci G\u00f6r\u00fcr: \u201cBunu y\u00f6netimlerden talep edin\u201d - Av. Deniz Can K\u0131z\u0131l<\/title>\n<meta name=\"robots\" content=\"index, follow, max-snippet:-1, max-image-preview:large, max-video-preview:-1\" \/>\n<link rel=\"canonical\" href=\"https:\/\/denizcankizil.tr\/en\/haberler\/gundem\/konyada-yasanan-depremin-ardindan-konusan-naci-gorur-bunu-yonetimlerden-talep-edin\/\" \/>\n<meta property=\"og:locale\" content=\"en_GB\" \/>\n<meta property=\"og:type\" content=\"article\" \/>\n<meta property=\"og:title\" content=\"Konya\u2019da ya\u015fanan depremin ard\u0131ndan konu\u015fan Naci G\u00f6r\u00fcr: \u201cBunu y\u00f6netimlerden talep edin\u201d\" \/>\n<meta property=\"og:description\" content=\"Konya\u2019n\u0131n Kulu il\u00e7esinde bug\u00fcn meydana gelen 5.2 b\u00fcy\u00fckl\u00fc\u011f\u00fcndeki deprem, Ankara ba\u015fta olmak \u00fczere \u00e7evredeki bir\u00e7ok ilde hissedildi. Depremin ard\u0131ndan Yer bilimci Prof. Naci Dr. G\u00f6r\u00fcr, ya\u015fanabilecek olas\u0131 tehlikelere kar\u015f\u0131 bir kez daha vatanda\u015flara \u00e7a\u011fr\u0131 yapt\u0131. \u201cS\u0130Z E\u015eE\u011e\u0130N\u0130Z\u0130 SA\u011eLAM KAZI\u011eA BA\u011eLAYIN\u201d X hesab\u0131ndan a\u00e7\u0131klama yapan G\u00f6r\u00fcr, depremi konu\u015fmak yerine \u00f6nlemler al\u0131nmas\u0131 gerekti\u011fine vurgu yaparak, &#8220;Bug\u00fcn Konya\u2019da olan depremin g\u00f6sterdi\u011fi gibi \u00fclkemizin her taraf\u0131 az veya \u00e7ok tehlikeli deprem b\u00f6lgelerinden ibarettir. Art\u0131k faylar\u0131 tart\u0131\u015faca\u011f\u0131m\u0131za, deprem olacak m\u0131 olmayacak m\u0131 diye dertlenece\u011fimize, deprem ne zaman, nerede olacak diye kendimizi heder edece\u011fimize, bu tabir i\u00e7in beni affediniz, Anadolu deyimi ile \u2018Siz e\u015fe\u011finizi sa\u011flam kaz\u0131\u011fa ba\u011flayanda\u2019 Allah Kerimdir\u201d dedi. \u201cY\u00d6NET\u0130C\u0130LERDEN BUNU TALEP ED\u0130N \u201c Depremin bir beka meselesi oldu\u011funa dikkat \u00e7eken G\u00f6r\u00fcr, \u201cOturdu\u011funuz yerle\u015fim alan\u0131n\u0131n DEPREM D\u0130REN\u00c7L\u0130 OLMASINI SA\u011eLAYIN, BUNU Y\u00d6NET\u0130MLERDEN TALEP ED\u0130N. Bunun BEKA meselesi oldu\u011funun, \u00fclkemizin gelece\u011fi i\u00e7in hayat memat meselesi oldu\u011funu unutmay\u0131n. M\u00fclk\u00fcn sahibi sizsiniz. G\u00f6zetim ve denetim sorumlulu\u011fu sizde. Y\u00f6netimlerle el ele bu sorunu \u00e7\u00f6zelim. Her b\u00fcy\u00fck depremde binlerce insan\u0131 kurban veremeyiz. \u0130NSANIMIZ \u00d6LMES\u0130N. Sevgiyle&#8221; ifadelerini kulland\u0131. \u200bKonya\u2019n\u0131n Kulu il\u00e7esinde bug\u00fcn meydana gelen 5.2 \u015fiddetindeki depremin ard\u0131ndan a\u00e7\u0131klamalarda bulunan Yer bilimci Prof. Dr. Naci G\u00f6r\u00fcr, depremin bir beka sorunu oldu\u011funu belirtip, vatanda\u015flar\u0131n oturdu\u011fu yerlerin depreme diren\u00e7li olmas\u0131n\u0131 y\u00f6netimlerden talep etmesi i\u00e7in &hellip;\" \/>\n<meta property=\"og:url\" content=\"https:\/\/denizcankizil.tr\/en\/haberler\/gundem\/konyada-yasanan-depremin-ardindan-konusan-naci-gorur-bunu-yonetimlerden-talep-edin\/\" \/>\n<meta property=\"og:site_name\" content=\"Av. Deniz Can K\u0131z\u0131l\" \/>\n<meta property=\"article:published_time\" content=\"2025-05-15T19:41:16+00:00\" \/>\n<meta name=\"author\" content=\"Antalya K\u00f6rfez\" \/>\n<meta name=\"twitter:card\" content=\"summary_large_image\" \/>\n<meta name=\"twitter:label1\" content=\"Written by\" \/>\n\t<meta name=\"twitter:data1\" content=\"Antalya K\u00f6rfez\" \/>\n\t<meta name=\"twitter:label2\" content=\"Estimated reading time\" \/>\n\t<meta name=\"twitter:data2\" content=\"2 minutes\" \/>\n<script type=\"application\/ld+json\" class=\"yoast-schema-graph\">{\"@context\":\"https:\/\/schema.org\",\"@graph\":[{\"@type\":\"Article\",\"@id\":\"https:\/\/denizcankizil.tr\/en\/haberler\/gundem\/konyada-yasanan-depremin-ardindan-konusan-naci-gorur-bunu-yonetimlerden-talep-edin\/#article\",\"isPartOf\":{\"@id\":\"https:\/\/denizcankizil.tr\/en\/haberler\/gundem\/konyada-yasanan-depremin-ardindan-konusan-naci-gorur-bunu-yonetimlerden-talep-edin\/\"},\"author\":{\"name\":\"Antalya K\u00f6rfez\",\"@id\":\"https:\/\/denizcankizil.tr\/de\/#\/schema\/person\/e1eb71bb4dd684d46563f0af307e1234\"},\"headline\":\"Konya\u2019da ya\u015fanan depremin ard\u0131ndan konu\u015fan Naci G\u00f6r\u00fcr: \u201cBunu y\u00f6netimlerden talep edin\u201d\",\"datePublished\":\"2025-05-15T19:41:16+00:00\",\"mainEntityOfPage\":{\"@id\":\"https:\/\/denizcankizil.tr\/en\/haberler\/gundem\/konyada-yasanan-depremin-ardindan-konusan-naci-gorur-bunu-yonetimlerden-talep-edin\/\"},\"wordCount\":319,\"publisher\":{\"@id\":\"https:\/\/denizcankizil.tr\/de\/#organization\"},\"articleSection\":[\"G\u00fcndem\"],\"inLanguage\":\"en-GB\"},{\"@type\":\"WebPage\",\"@id\":\"https:\/\/denizcankizil.tr\/en\/haberler\/gundem\/konyada-yasanan-depremin-ardindan-konusan-naci-gorur-bunu-yonetimlerden-talep-edin\/\",\"url\":\"https:\/\/denizcankizil.tr\/en\/haberler\/gundem\/konyada-yasanan-depremin-ardindan-konusan-naci-gorur-bunu-yonetimlerden-talep-edin\/\",\"name\":\"Konya\u2019da ya\u015fanan depremin ard\u0131ndan konu\u015fan Naci G\u00f6r\u00fcr: \u201cBunu y\u00f6netimlerden talep edin\u201d - Av. Deniz Can K\u0131z\u0131l\",\"isPartOf\":{\"@id\":\"https:\/\/denizcankizil.tr\/de\/#website\"},\"datePublished\":\"2025-05-15T19:41:16+00:00\",\"breadcrumb\":{\"@id\":\"https:\/\/denizcankizil.tr\/en\/haberler\/gundem\/konyada-yasanan-depremin-ardindan-konusan-naci-gorur-bunu-yonetimlerden-talep-edin\/#breadcrumb\"},\"inLanguage\":\"en-GB\",\"potentialAction\":[{\"@type\":\"ReadAction\",\"target\":[\"https:\/\/denizcankizil.tr\/en\/haberler\/gundem\/konyada-yasanan-depremin-ardindan-konusan-naci-gorur-bunu-yonetimlerden-talep-edin\/\"]}]},{\"@type\":\"BreadcrumbList\",\"@id\":\"https:\/\/denizcankizil.tr\/en\/haberler\/gundem\/konyada-yasanan-depremin-ardindan-konusan-naci-gorur-bunu-yonetimlerden-talep-edin\/#breadcrumb\",\"itemListElement\":[{\"@type\":\"ListItem\",\"position\":1,\"name\":\"Home\",\"item\":\"https:\/\/denizcankizil.tr\/de\/\"},{\"@type\":\"ListItem\",\"position\":2,\"name\":\"Konya\u2019da ya\u015fanan depremin ard\u0131ndan konu\u015fan Naci G\u00f6r\u00fcr: \u201cBunu y\u00f6netimlerden talep edin\u201d\"}]},{\"@type\":\"WebSite\",\"@id\":\"https:\/\/denizcankizil.tr\/de\/#website\",\"url\":\"https:\/\/denizcankizil.tr\/de\/\",\"name\":\"Av. Deniz Can K\u0131z\u0131l\",\"description\":\"Avukat Deniz Can K\u0131z\u0131l Antalya Barosu\",\"publisher\":{\"@id\":\"https:\/\/denizcankizil.tr\/de\/#organization\"},\"potentialAction\":[{\"@type\":\"SearchAction\",\"target\":{\"@type\":\"EntryPoint\",\"urlTemplate\":\"https:\/\/denizcankizil.tr\/de\/?s={search_term_string}\"},\"query-input\":{\"@type\":\"PropertyValueSpecification\",\"valueRequired\":true,\"valueName\":\"search_term_string\"}}],\"inLanguage\":\"en-GB\"},{\"@type\":\"Organization\",\"@id\":\"https:\/\/denizcankizil.tr\/de\/#organization\",\"name\":\"Av. Deniz Can K\u0131z\u0131l\",\"url\":\"https:\/\/denizcankizil.tr\/de\/\",\"logo\":{\"@type\":\"ImageObject\",\"inLanguage\":\"en-GB\",\"@id\":\"https:\/\/denizcankizil.tr\/de\/#\/schema\/logo\/image\/\",\"url\":\"https:\/\/denizcankizil.tr\/wp-content\/uploads\/2024\/10\/siyah-logo-svg.svg\",\"contentUrl\":\"https:\/\/denizcankizil.tr\/wp-content\/uploads\/2024\/10\/siyah-logo-svg.svg\",\"width\":1080,\"height\":1080,\"caption\":\"Av. Deniz Can K\u0131z\u0131l\"},\"image\":{\"@id\":\"https:\/\/denizcankizil.tr\/de\/#\/schema\/logo\/image\/\"}},{\"@type\":\"Person\",\"@id\":\"https:\/\/denizcankizil.tr\/de\/#\/schema\/person\/e1eb71bb4dd684d46563f0af307e1234\",\"name\":\"Antalya K\u00f6rfez\",\"image\":{\"@type\":\"ImageObject\",\"inLanguage\":\"en-GB\",\"@id\":\"https:\/\/denizcankizil.tr\/de\/#\/schema\/person\/image\/\",\"url\":\"https:\/\/secure.gravatar.com\/avatar\/42b01982558a48a0b501fdcab6a408d3717ea5919095ee2e67b0e521799c5905?s=96&d=mm&r=g\",\"contentUrl\":\"https:\/\/secure.gravatar.com\/avatar\/42b01982558a48a0b501fdcab6a408d3717ea5919095ee2e67b0e521799c5905?s=96&d=mm&r=g\",\"caption\":\"Antalya K\u00f6rfez\"},\"sameAs\":[\"http:\/\/www.antalyakorfez.com\"],\"url\":\"https:\/\/www.antalyakorfez.com\/konyada-yasanan-depremin-ardindan-konusan-naci-gorur-bunu-yonetimlerden-talep-edin\"}]}<\/script>\n<!-- \/ Yoast SEO Premium plugin. -->","yoast_head_json":{"title":"Konya\u2019da ya\u015fanan depremin ard\u0131ndan konu\u015fan Naci G\u00f6r\u00fcr: \u201cBunu y\u00f6netimlerden talep edin\u201d - Av. Deniz Can K\u0131z\u0131l","robots":{"index":"index","follow":"follow","max-snippet":"max-snippet:-1","max-image-preview":"max-image-preview:large","max-video-preview":"max-video-preview:-1"},"canonical":"https:\/\/denizcankizil.tr\/en\/haberler\/gundem\/konyada-yasanan-depremin-ardindan-konusan-naci-gorur-bunu-yonetimlerden-talep-edin\/","og_locale":"en_GB","og_type":"article","og_title":"Konya\u2019da ya\u015fanan depremin ard\u0131ndan konu\u015fan Naci G\u00f6r\u00fcr: \u201cBunu y\u00f6netimlerden talep edin\u201d","og_description":"Konya\u2019n\u0131n Kulu il\u00e7esinde bug\u00fcn meydana gelen 5.2 b\u00fcy\u00fckl\u00fc\u011f\u00fcndeki deprem, Ankara ba\u015fta olmak \u00fczere \u00e7evredeki bir\u00e7ok ilde hissedildi. Depremin ard\u0131ndan Yer bilimci Prof. Naci Dr. G\u00f6r\u00fcr, ya\u015fanabilecek olas\u0131 tehlikelere kar\u015f\u0131 bir kez daha vatanda\u015flara \u00e7a\u011fr\u0131 yapt\u0131. \u201cS\u0130Z E\u015eE\u011e\u0130N\u0130Z\u0130 SA\u011eLAM KAZI\u011eA BA\u011eLAYIN\u201d X hesab\u0131ndan a\u00e7\u0131klama yapan G\u00f6r\u00fcr, depremi konu\u015fmak yerine \u00f6nlemler al\u0131nmas\u0131 gerekti\u011fine vurgu yaparak, &#8220;Bug\u00fcn Konya\u2019da olan depremin g\u00f6sterdi\u011fi gibi \u00fclkemizin her taraf\u0131 az veya \u00e7ok tehlikeli deprem b\u00f6lgelerinden ibarettir. Art\u0131k faylar\u0131 tart\u0131\u015faca\u011f\u0131m\u0131za, deprem olacak m\u0131 olmayacak m\u0131 diye dertlenece\u011fimize, deprem ne zaman, nerede olacak diye kendimizi heder edece\u011fimize, bu tabir i\u00e7in beni affediniz, Anadolu deyimi ile \u2018Siz e\u015fe\u011finizi sa\u011flam kaz\u0131\u011fa ba\u011flayanda\u2019 Allah Kerimdir\u201d dedi. \u201cY\u00d6NET\u0130C\u0130LERDEN BUNU TALEP ED\u0130N \u201c Depremin bir beka meselesi oldu\u011funa dikkat \u00e7eken G\u00f6r\u00fcr, \u201cOturdu\u011funuz yerle\u015fim alan\u0131n\u0131n DEPREM D\u0130REN\u00c7L\u0130 OLMASINI SA\u011eLAYIN, BUNU Y\u00d6NET\u0130MLERDEN TALEP ED\u0130N. Bunun BEKA meselesi oldu\u011funun, \u00fclkemizin gelece\u011fi i\u00e7in hayat memat meselesi oldu\u011funu unutmay\u0131n. M\u00fclk\u00fcn sahibi sizsiniz. G\u00f6zetim ve denetim sorumlulu\u011fu sizde. Y\u00f6netimlerle el ele bu sorunu \u00e7\u00f6zelim. Her b\u00fcy\u00fck depremde binlerce insan\u0131 kurban veremeyiz. \u0130NSANIMIZ \u00d6LMES\u0130N. Sevgiyle&#8221; ifadelerini kulland\u0131. \u200bKonya\u2019n\u0131n Kulu il\u00e7esinde bug\u00fcn meydana gelen 5.2 \u015fiddetindeki depremin ard\u0131ndan a\u00e7\u0131klamalarda bulunan Yer bilimci Prof. Dr. Naci G\u00f6r\u00fcr, depremin bir beka sorunu oldu\u011funu belirtip, vatanda\u015flar\u0131n oturdu\u011fu yerlerin depreme diren\u00e7li olmas\u0131n\u0131 y\u00f6netimlerden talep etmesi i\u00e7in &hellip;","og_url":"https:\/\/denizcankizil.tr\/en\/haberler\/gundem\/konyada-yasanan-depremin-ardindan-konusan-naci-gorur-bunu-yonetimlerden-talep-edin\/","og_site_name":"Av. Deniz Can K\u0131z\u0131l","article_published_time":"2025-05-15T19:41:16+00:00","author":"Antalya K\u00f6rfez","twitter_card":"summary_large_image","twitter_misc":{"Written by":"Antalya K\u00f6rfez","Estimated reading time":"2 minutes"},"schema":{"@context":"https:\/\/schema.org","@graph":[{"@type":"Article","@id":"https:\/\/denizcankizil.tr\/en\/haberler\/gundem\/konyada-yasanan-depremin-ardindan-konusan-naci-gorur-bunu-yonetimlerden-talep-edin\/#article","isPartOf":{"@id":"https:\/\/denizcankizil.tr\/en\/haberler\/gundem\/konyada-yasanan-depremin-ardindan-konusan-naci-gorur-bunu-yonetimlerden-talep-edin\/"},"author":{"name":"Antalya K\u00f6rfez","@id":"https:\/\/denizcankizil.tr\/de\/#\/schema\/person\/e1eb71bb4dd684d46563f0af307e1234"},"headline":"Konya\u2019da ya\u015fanan depremin ard\u0131ndan konu\u015fan Naci G\u00f6r\u00fcr: \u201cBunu y\u00f6netimlerden talep edin\u201d","datePublished":"2025-05-15T19:41:16+00:00","mainEntityOfPage":{"@id":"https:\/\/denizcankizil.tr\/en\/haberler\/gundem\/konyada-yasanan-depremin-ardindan-konusan-naci-gorur-bunu-yonetimlerden-talep-edin\/"},"wordCount":319,"publisher":{"@id":"https:\/\/denizcankizil.tr\/de\/#organization"},"articleSection":["G\u00fcndem"],"inLanguage":"en-GB"},{"@type":"WebPage","@id":"https:\/\/denizcankizil.tr\/en\/haberler\/gundem\/konyada-yasanan-depremin-ardindan-konusan-naci-gorur-bunu-yonetimlerden-talep-edin\/","url":"https:\/\/denizcankizil.tr\/en\/haberler\/gundem\/konyada-yasanan-depremin-ardindan-konusan-naci-gorur-bunu-yonetimlerden-talep-edin\/","name":"Konya\u2019da ya\u015fanan depremin ard\u0131ndan konu\u015fan Naci G\u00f6r\u00fcr: \u201cBunu y\u00f6netimlerden talep edin\u201d - Av. Deniz Can K\u0131z\u0131l","isPartOf":{"@id":"https:\/\/denizcankizil.tr\/de\/#website"},"datePublished":"2025-05-15T19:41:16+00:00","breadcrumb":{"@id":"https:\/\/denizcankizil.tr\/en\/haberler\/gundem\/konyada-yasanan-depremin-ardindan-konusan-naci-gorur-bunu-yonetimlerden-talep-edin\/#breadcrumb"},"inLanguage":"en-GB","potentialAction":[{"@type":"ReadAction","target":["https:\/\/denizcankizil.tr\/en\/haberler\/gundem\/konyada-yasanan-depremin-ardindan-konusan-naci-gorur-bunu-yonetimlerden-talep-edin\/"]}]},{"@type":"BreadcrumbList","@id":"https:\/\/denizcankizil.tr\/en\/haberler\/gundem\/konyada-yasanan-depremin-ardindan-konusan-naci-gorur-bunu-yonetimlerden-talep-edin\/#breadcrumb","itemListElement":[{"@type":"ListItem","position":1,"name":"Home","item":"https:\/\/denizcankizil.tr\/de\/"},{"@type":"ListItem","position":2,"name":"Konya\u2019da ya\u015fanan depremin ard\u0131ndan konu\u015fan Naci G\u00f6r\u00fcr: \u201cBunu y\u00f6netimlerden talep edin\u201d"}]},{"@type":"WebSite","@id":"https:\/\/denizcankizil.tr\/de\/#website","url":"https:\/\/denizcankizil.tr\/de\/","name":"Av. Deniz Can K\u0131z\u0131l","description":"Avukat Deniz Can K\u0131z\u0131l Antalya Barosu","publisher":{"@id":"https:\/\/denizcankizil.tr\/de\/#organization"},"potentialAction":[{"@type":"SearchAction","target":{"@type":"EntryPoint","urlTemplate":"https:\/\/denizcankizil.tr\/de\/?s={search_term_string}"},"query-input":{"@type":"PropertyValueSpecification","valueRequired":true,"valueName":"search_term_string"}}],"inLanguage":"en-GB"},{"@type":"Organization","@id":"https:\/\/denizcankizil.tr\/de\/#organization","name":"Av. Deniz Can K\u0131z\u0131l","url":"https:\/\/denizcankizil.tr\/de\/","logo":{"@type":"ImageObject","inLanguage":"en-GB","@id":"https:\/\/denizcankizil.tr\/de\/#\/schema\/logo\/image\/","url":"https:\/\/denizcankizil.tr\/wp-content\/uploads\/2024\/10\/siyah-logo-svg.svg","contentUrl":"https:\/\/denizcankizil.tr\/wp-content\/uploads\/2024\/10\/siyah-logo-svg.svg","width":1080,"height":1080,"caption":"Av. Deniz Can K\u0131z\u0131l"},"image":{"@id":"https:\/\/denizcankizil.tr\/de\/#\/schema\/logo\/image\/"}},{"@type":"Person","@id":"https:\/\/denizcankizil.tr\/de\/#\/schema\/person\/e1eb71bb4dd684d46563f0af307e1234","name":"Antalya K\u00f6rfez","image":{"@type":"ImageObject","inLanguage":"en-GB","@id":"https:\/\/denizcankizil.tr\/de\/#\/schema\/person\/image\/","url":"https:\/\/secure.gravatar.com\/avatar\/42b01982558a48a0b501fdcab6a408d3717ea5919095ee2e67b0e521799c5905?s=96&d=mm&r=g","contentUrl":"https:\/\/secure.gravatar.com\/avatar\/42b01982558a48a0b501fdcab6a408d3717ea5919095ee2e67b0e521799c5905?s=96&d=mm&r=g","caption":"Antalya K\u00f6rfez"},"sameAs":["http:\/\/www.antalyakorfez.com"],"url":"https:\/\/www.antalyakorfez.com\/konyada-yasanan-depremin-ardindan-konusan-naci-gorur-bunu-yonetimlerden-talep-edin"}]}},"_links":{"self":[{"href":"https:\/\/denizcankizil.tr\/en\/wp-json\/wp\/v2\/posts\/87691","targetHints":{"allow":["GET"]}}],"collection":[{"href":"https:\/\/denizcankizil.tr\/en\/wp-json\/wp\/v2\/posts"}],"about":[{"href":"https:\/\/denizcankizil.tr\/en\/wp-json\/wp\/v2\/types\/post"}],"author":[{"embeddable":true,"href":"https:\/\/denizcankizil.tr\/en\/wp-json\/wp\/v2\/users\/5"}],"replies":[{"embeddable":true,"href":"https:\/\/denizcankizil.tr\/en\/wp-json\/wp\/v2\/comments?post=87691"}],"version-history":[{"count":0,"href":"https:\/\/denizcankizil.tr\/en\/wp-json\/wp\/v2\/posts\/87691\/revisions"}],"wp:attachment":[{"href":"https:\/\/denizcankizil.tr\/en\/wp-json\/wp\/v2\/media?parent=87691"}],"wp:term":[{"taxonomy":"category","embeddable":true,"href":"https:\/\/denizcankizil.tr\/en\/wp-json\/wp\/v2\/categories?post=87691"},{"taxonomy":"post_tag","embeddable":true,"href":"https:\/\/denizcankizil.tr\/en\/wp-json\/wp\/v2\/tags?post=87691"}],"curies":[{"name":"wp","href":"https:\/\/api.w.org\/{rel}","templated":true}]}}