{"id":87329,"date":"2025-05-15T13:42:41","date_gmt":"2025-05-15T10:42:41","guid":{"rendered":"https:\/\/denizcankizil.tr\/uncategorized-tr\/deprem-bolgesindeki-esnafa-sgkdan-mujde\/"},"modified":"2025-05-15T13:42:41","modified_gmt":"2025-05-15T10:42:41","slug":"deprem-bolgesindeki-esnafa-sgkdan-mujde","status":"publish","type":"post","link":"https:\/\/denizcankizil.tr\/en\/haberler\/gundem\/deprem-bolgesindeki-esnafa-sgkdan-mujde\/","title":{"rendered":"Deprem B\u00f6lgesindeki Esnafa SGK\u2019dan m\u00fcjde!"},"content":{"rendered":"<p>Hatay Sosyal G\u00fcvenlik \u0130l M\u00fcd\u00fcr\u00fc Hamit Bal, \u0130l M\u00fcd\u00fcr Yard\u0131mc\u0131s\u0131 Hatice A\u00e7\u0131kg\u00f6z ve \u0130skenderun Sosyal G\u00fcvenlik Merkez M\u00fcd\u00fcresi Remziye Evren&#8217;e, HESOB Ba\u015fkan verili Erol Ak\u0131n ile Esnaf Oda Ba\u015fkanlar\u0131yla birlikte bir araya geldi.<\/p>\n<p>Ziyaret s\u0131ras\u0131nda Esnaf Oda Ba\u015fkanlar, konuk ettikleri Hatay Sosyal G\u00fcvenlik \u0130l M\u00fcd\u00fcr\u00fc Hamit Bal\u2019a b\u00f6lge esnaf\u0131n\u0131 do\u011fru ve zaman\u0131nda bilgilendirme sa\u011flad\u0131klar\u0131 i\u00e7in te\u015fekk\u00fcr edildi.<\/p>\n<p>24 AYA KADAR TAKS\u0130TLEND\u0130RME \u0130MK\u00c2NI<\/p>\n<p>Yap\u0131lan bilgilendirmelerde \u015funlar kaydedildi: \u201c2023 y\u0131l\u0131 Ocak ay\u0131 ile 2024 y\u0131l\u0131 Ekim ay\u0131 aras\u0131nda deprem nedeniyle ertelenen ve art\u0131k s\u00fcresi sona eren Ba\u011fkur ve sigorta prim bor\u00e7lar\u0131, 02 Haziran 2025 tarihine kadar pe\u015fin olarak \u00f6denebilece\u011fi gibi, 6183 Say\u0131l\u0131 Kanun\u2019un 48. maddesi uyar\u0131nca gecikme zamm\u0131 uygulanmadan, en fazla 24 aya kadar taksitlendirilebilecek.\u201d<\/p>\n<p>50 B\u0130N TL \u00dcZER\u0130 BOR\u00c7LARDA TEM\u0130NAT \u015eARTI<\/p>\n<p>Bor\u00e7 t\u00fcr\u00fc g\u00f6zetilmeksizin, toplamda 50.000 TL\u2019yi a\u015fan prim bor\u00e7lar\u0131nda, a\u015fan k\u0131sm\u0131n en az yar\u0131s\u0131 kadar teminat g\u00f6sterilmesi gerekiyor. Ayr\u0131ca, taksitlendirme yap\u0131labilmesi i\u00e7in ilk taksitin mutlaka \u00f6denmesi \u015fart.<\/p>\n<p>BA\u015eVURU S\u00dcRES\u0130 KISITLI, YO\u011eUNLUK BEKLEN\u0130YOR<\/p>\n<p>Yetkililer, hak kayb\u0131 ya\u015fanmamas\u0131 i\u00e7in i\u015fveren ve esnaflar\u0131n son tarih olan 02 Haziran 2025\u2019ten \u00f6nce ba\u011fl\u0131 bulunduklar\u0131 SGK Merkez M\u00fcd\u00fcrl\u00fcklerine bizzat ba\u015fvurmalar\u0131 gerekti\u011fini vurgulad\u0131. S\u00fcre azl\u0131\u011f\u0131 nedeniyle ya\u015fanabilecek yo\u011funlu\u011fa kar\u015f\u0131 vatanda\u015flar\u0131n ba\u015fvurular\u0131n\u0131 son g\u00fcne b\u0131rakmamalar\u0131 \u00f6nerildi.<\/p>\n<p>\u200bKahramanmara\u015f merkezli depremler nedeniyle m\u00fccbir sebep kapsam\u0131na al\u0131nan i\u015fletmelere sa\u011flanan prim ertelemesi s\u00fcresinin sona ermesiyle birlikte, Sosyal G\u00fcvenlik Kurumu (SGK) taraf\u0131ndan yeni tecil ve taksitlendirme imk\u00e2n\u0131 getirildi\u011fi duruydu.\u00a0<\/p>\n<p>\u200bHaberin Al\u0131nt\u0131land\u0131\u011f\u0131 Kaynak: www.iskenderun.org<\/p>","protected":false},"excerpt":{"rendered":"<p>Hatay Sosyal G\u00fcvenlik \u0130l M\u00fcd\u00fcr\u00fc Hamit Bal, \u0130l M\u00fcd\u00fcr Yard\u0131mc\u0131s\u0131 Hatice A\u00e7\u0131kg\u00f6z ve \u0130skenderun Sosyal G\u00fcvenlik Merkez M\u00fcd\u00fcresi Remziye Evren&#8217;e, HESOB Ba\u015fkan verili Erol Ak\u0131n ile Esnaf Oda Ba\u015fkanlar\u0131yla birlikte bir araya geldi. Ziyaret s\u0131ras\u0131nda Esnaf Oda Ba\u015fkanlar, konuk ettikleri Hatay Sosyal G\u00fcvenlik \u0130l M\u00fcd\u00fcr\u00fc Hamit Bal\u2019a b\u00f6lge esnaf\u0131n\u0131 do\u011fru ve zaman\u0131nda bilgilendirme sa\u011flad\u0131klar\u0131 i\u00e7in te\u015fekk\u00fcr edildi. 24 AYA KADAR TAKS\u0130TLEND\u0130RME \u0130MK\u00c2NI Yap\u0131lan bilgilendirmelerde \u015funlar kaydedildi: \u201c2023 y\u0131l\u0131 Ocak ay\u0131 ile 2024 y\u0131l\u0131 Ekim ay\u0131 aras\u0131nda deprem nedeniyle ertelenen ve art\u0131k s\u00fcresi sona eren Ba\u011fkur ve sigorta prim bor\u00e7lar\u0131, 02 Haziran 2025 tarihine kadar pe\u015fin olarak \u00f6denebilece\u011fi gibi, 6183 Say\u0131l\u0131 Kanun\u2019un 48. maddesi uyar\u0131nca gecikme zamm\u0131 uygulanmadan, en fazla 24 aya kadar taksitlendirilebilecek.\u201d 50 B\u0130N TL \u00dcZER\u0130 BOR\u00c7LARDA TEM\u0130NAT \u015eARTI Bor\u00e7 t\u00fcr\u00fc g\u00f6zetilmeksizin, toplamda 50.000 TL\u2019yi a\u015fan prim bor\u00e7lar\u0131nda, a\u015fan k\u0131sm\u0131n en az yar\u0131s\u0131 kadar teminat g\u00f6sterilmesi gerekiyor. Ayr\u0131ca, taksitlendirme yap\u0131labilmesi i\u00e7in ilk taksitin mutlaka \u00f6denmesi \u015fart. BA\u015eVURU S\u00dcRES\u0130 KISITLI, YO\u011eUNLUK BEKLEN\u0130YOR Yetkililer, hak kayb\u0131 ya\u015fanmamas\u0131 i\u00e7in i\u015fveren ve esnaflar\u0131n son tarih olan 02 Haziran 2025\u2019ten \u00f6nce ba\u011fl\u0131 bulunduklar\u0131 SGK Merkez M\u00fcd\u00fcrl\u00fcklerine bizzat ba\u015fvurmalar\u0131 gerekti\u011fini vurgulad\u0131. S\u00fcre azl\u0131\u011f\u0131 nedeniyle ya\u015fanabilecek yo\u011funlu\u011fa kar\u015f\u0131 vatanda\u015flar\u0131n ba\u015fvurular\u0131n\u0131 son g\u00fcne b\u0131rakmamalar\u0131 \u00f6nerildi. \u200bKahramanmara\u015f merkezli depremler nedeniyle m\u00fccbir sebep kapsam\u0131na al\u0131nan i\u015fletmelere sa\u011flanan prim ertelemesi &hellip;<\/p>","protected":false},"author":1,"featured_media":0,"comment_status":"","ping_status":"open","sticky":false,"template":"","format":"standard","meta":{"_acf_changed":false,"footnotes":""},"categories":[24],"tags":[],"class_list":["post-87329","post","type-post","status-publish","format-standard","has-post-thumbnail","hentry","category-gundem"],"acf":[],"yoast_head":"<!-- This site is optimized with the Yoast SEO Premium plugin v26.6 (Yoast SEO v27.1.1) - https:\/\/yoast.com\/product\/yoast-seo-premium-wordpress\/ -->\n<title>Deprem B\u00f6lgesindeki Esnafa SGK\u2019dan m\u00fcjde! - Av. Deniz Can K\u0131z\u0131l<\/title>\n<meta name=\"robots\" content=\"index, follow, max-snippet:-1, max-image-preview:large, max-video-preview:-1\" \/>\n<link rel=\"canonical\" href=\"https:\/\/denizcankizil.tr\/en\/haberler\/gundem\/deprem-bolgesindeki-esnafa-sgkdan-mujde\/\" \/>\n<meta property=\"og:locale\" content=\"en_GB\" \/>\n<meta property=\"og:type\" content=\"article\" \/>\n<meta property=\"og:title\" content=\"Deprem B\u00f6lgesindeki Esnafa SGK\u2019dan m\u00fcjde!\" \/>\n<meta property=\"og:description\" content=\"Hatay Sosyal G\u00fcvenlik \u0130l M\u00fcd\u00fcr\u00fc Hamit Bal, \u0130l M\u00fcd\u00fcr Yard\u0131mc\u0131s\u0131 Hatice A\u00e7\u0131kg\u00f6z ve \u0130skenderun Sosyal G\u00fcvenlik Merkez M\u00fcd\u00fcresi Remziye Evren&#8217;e, HESOB Ba\u015fkan verili Erol Ak\u0131n ile Esnaf Oda Ba\u015fkanlar\u0131yla birlikte bir araya geldi. Ziyaret s\u0131ras\u0131nda Esnaf Oda Ba\u015fkanlar, konuk ettikleri Hatay Sosyal G\u00fcvenlik \u0130l M\u00fcd\u00fcr\u00fc Hamit Bal\u2019a b\u00f6lge esnaf\u0131n\u0131 do\u011fru ve zaman\u0131nda bilgilendirme sa\u011flad\u0131klar\u0131 i\u00e7in te\u015fekk\u00fcr edildi. 24 AYA KADAR TAKS\u0130TLEND\u0130RME \u0130MK\u00c2NI Yap\u0131lan bilgilendirmelerde \u015funlar kaydedildi: \u201c2023 y\u0131l\u0131 Ocak ay\u0131 ile 2024 y\u0131l\u0131 Ekim ay\u0131 aras\u0131nda deprem nedeniyle ertelenen ve art\u0131k s\u00fcresi sona eren Ba\u011fkur ve sigorta prim bor\u00e7lar\u0131, 02 Haziran 2025 tarihine kadar pe\u015fin olarak \u00f6denebilece\u011fi gibi, 6183 Say\u0131l\u0131 Kanun\u2019un 48. maddesi uyar\u0131nca gecikme zamm\u0131 uygulanmadan, en fazla 24 aya kadar taksitlendirilebilecek.\u201d 50 B\u0130N TL \u00dcZER\u0130 BOR\u00c7LARDA TEM\u0130NAT \u015eARTI Bor\u00e7 t\u00fcr\u00fc g\u00f6zetilmeksizin, toplamda 50.000 TL\u2019yi a\u015fan prim bor\u00e7lar\u0131nda, a\u015fan k\u0131sm\u0131n en az yar\u0131s\u0131 kadar teminat g\u00f6sterilmesi gerekiyor. Ayr\u0131ca, taksitlendirme yap\u0131labilmesi i\u00e7in ilk taksitin mutlaka \u00f6denmesi \u015fart. BA\u015eVURU S\u00dcRES\u0130 KISITLI, YO\u011eUNLUK BEKLEN\u0130YOR Yetkililer, hak kayb\u0131 ya\u015fanmamas\u0131 i\u00e7in i\u015fveren ve esnaflar\u0131n son tarih olan 02 Haziran 2025\u2019ten \u00f6nce ba\u011fl\u0131 bulunduklar\u0131 SGK Merkez M\u00fcd\u00fcrl\u00fcklerine bizzat ba\u015fvurmalar\u0131 gerekti\u011fini vurgulad\u0131. S\u00fcre azl\u0131\u011f\u0131 nedeniyle ya\u015fanabilecek yo\u011funlu\u011fa kar\u015f\u0131 vatanda\u015flar\u0131n ba\u015fvurular\u0131n\u0131 son g\u00fcne b\u0131rakmamalar\u0131 \u00f6nerildi. \u200bKahramanmara\u015f merkezli depremler nedeniyle m\u00fccbir sebep kapsam\u0131na al\u0131nan i\u015fletmelere sa\u011flanan prim ertelemesi &hellip;\" \/>\n<meta property=\"og:url\" content=\"https:\/\/denizcankizil.tr\/en\/haberler\/gundem\/deprem-bolgesindeki-esnafa-sgkdan-mujde\/\" \/>\n<meta property=\"og:site_name\" content=\"Av. Deniz Can K\u0131z\u0131l\" \/>\n<meta property=\"article:published_time\" content=\"2025-05-15T10:42:41+00:00\" \/>\n<meta name=\"author\" content=\"admin\" \/>\n<meta name=\"twitter:card\" content=\"summary_large_image\" \/>\n<meta name=\"twitter:label1\" content=\"Written by\" \/>\n\t<meta name=\"twitter:data1\" content=\"admin\" \/>\n\t<meta name=\"twitter:label2\" content=\"Estimated reading time\" \/>\n\t<meta name=\"twitter:data2\" content=\"2 minutes\" \/>\n<script type=\"application\/ld+json\" class=\"yoast-schema-graph\">{\"@context\":\"https:\/\/schema.org\",\"@graph\":[{\"@type\":\"Article\",\"@id\":\"https:\/\/denizcankizil.tr\/de\/haberler\/gundem\/deprem-bolgesindeki-esnafa-sgkdan-mujde\/#article\",\"isPartOf\":{\"@id\":\"https:\/\/denizcankizil.tr\/de\/haberler\/gundem\/deprem-bolgesindeki-esnafa-sgkdan-mujde\/\"},\"author\":{\"name\":\"admin\",\"@id\":\"https:\/\/denizcankizil.tr\/de\/#\/schema\/person\/be3c05fe6a12686905512445d8185489\"},\"headline\":\"Deprem B\u00f6lgesindeki Esnafa SGK\u2019dan m\u00fcjde!\",\"datePublished\":\"2025-05-15T10:42:41+00:00\",\"mainEntityOfPage\":{\"@id\":\"https:\/\/denizcankizil.tr\/de\/haberler\/gundem\/deprem-bolgesindeki-esnafa-sgkdan-mujde\/\"},\"wordCount\":321,\"publisher\":{\"@id\":\"https:\/\/denizcankizil.tr\/de\/#organization\"},\"articleSection\":[\"G\u00fcndem\"],\"inLanguage\":\"en-GB\"},{\"@type\":\"WebPage\",\"@id\":\"https:\/\/denizcankizil.tr\/de\/haberler\/gundem\/deprem-bolgesindeki-esnafa-sgkdan-mujde\/\",\"url\":\"https:\/\/denizcankizil.tr\/de\/haberler\/gundem\/deprem-bolgesindeki-esnafa-sgkdan-mujde\/\",\"name\":\"Deprem B\u00f6lgesindeki Esnafa SGK\u2019dan m\u00fcjde! - Av. Deniz Can K\u0131z\u0131l\",\"isPartOf\":{\"@id\":\"https:\/\/denizcankizil.tr\/de\/#website\"},\"datePublished\":\"2025-05-15T10:42:41+00:00\",\"breadcrumb\":{\"@id\":\"https:\/\/denizcankizil.tr\/de\/haberler\/gundem\/deprem-bolgesindeki-esnafa-sgkdan-mujde\/#breadcrumb\"},\"inLanguage\":\"en-GB\",\"potentialAction\":[{\"@type\":\"ReadAction\",\"target\":[\"https:\/\/denizcankizil.tr\/de\/haberler\/gundem\/deprem-bolgesindeki-esnafa-sgkdan-mujde\/\"]}]},{\"@type\":\"BreadcrumbList\",\"@id\":\"https:\/\/denizcankizil.tr\/de\/haberler\/gundem\/deprem-bolgesindeki-esnafa-sgkdan-mujde\/#breadcrumb\",\"itemListElement\":[{\"@type\":\"ListItem\",\"position\":1,\"name\":\"Home\",\"item\":\"https:\/\/denizcankizil.tr\/de\/\"},{\"@type\":\"ListItem\",\"position\":2,\"name\":\"Deprem B\u00f6lgesindeki Esnafa SGK\u2019dan m\u00fcjde!\"}]},{\"@type\":\"WebSite\",\"@id\":\"https:\/\/denizcankizil.tr\/de\/#website\",\"url\":\"https:\/\/denizcankizil.tr\/de\/\",\"name\":\"Av. Deniz Can K\u0131z\u0131l\",\"description\":\"Avukat Deniz Can K\u0131z\u0131l Antalya Barosu\",\"publisher\":{\"@id\":\"https:\/\/denizcankizil.tr\/de\/#organization\"},\"potentialAction\":[{\"@type\":\"SearchAction\",\"target\":{\"@type\":\"EntryPoint\",\"urlTemplate\":\"https:\/\/denizcankizil.tr\/de\/?s={search_term_string}\"},\"query-input\":{\"@type\":\"PropertyValueSpecification\",\"valueRequired\":true,\"valueName\":\"search_term_string\"}}],\"inLanguage\":\"en-GB\"},{\"@type\":\"Organization\",\"@id\":\"https:\/\/denizcankizil.tr\/de\/#organization\",\"name\":\"Av. Deniz Can K\u0131z\u0131l\",\"url\":\"https:\/\/denizcankizil.tr\/de\/\",\"logo\":{\"@type\":\"ImageObject\",\"inLanguage\":\"en-GB\",\"@id\":\"https:\/\/denizcankizil.tr\/de\/#\/schema\/logo\/image\/\",\"url\":\"https:\/\/denizcankizil.tr\/wp-content\/uploads\/2024\/10\/siyah-logo-svg.svg\",\"contentUrl\":\"https:\/\/denizcankizil.tr\/wp-content\/uploads\/2024\/10\/siyah-logo-svg.svg\",\"width\":1080,\"height\":1080,\"caption\":\"Av. Deniz Can K\u0131z\u0131l\"},\"image\":{\"@id\":\"https:\/\/denizcankizil.tr\/de\/#\/schema\/logo\/image\/\"}},{\"@type\":\"Person\",\"@id\":\"https:\/\/denizcankizil.tr\/de\/#\/schema\/person\/be3c05fe6a12686905512445d8185489\",\"name\":\"admin\",\"image\":{\"@type\":\"ImageObject\",\"inLanguage\":\"en-GB\",\"@id\":\"https:\/\/denizcankizil.tr\/de\/#\/schema\/person\/image\/\",\"url\":\"https:\/\/secure.gravatar.com\/avatar\/c1fce94c830dc79107e174f890d7210541c4a63e8e5d816341794a2151c9d58c?s=96&d=mm&r=g\",\"contentUrl\":\"https:\/\/secure.gravatar.com\/avatar\/c1fce94c830dc79107e174f890d7210541c4a63e8e5d816341794a2151c9d58c?s=96&d=mm&r=g\",\"caption\":\"admin\"},\"sameAs\":[\"http:\/\/denizcankizil.tr\"],\"url\":\"https:\/\/www.iskenderun.org\/deprem-bolgesindeki-esnafa-sgkdan-mujde\"}]}<\/script>\n<!-- \/ Yoast SEO Premium plugin. -->","yoast_head_json":{"title":"Deprem B\u00f6lgesindeki Esnafa SGK\u2019dan m\u00fcjde! - Av. Deniz Can K\u0131z\u0131l","robots":{"index":"index","follow":"follow","max-snippet":"max-snippet:-1","max-image-preview":"max-image-preview:large","max-video-preview":"max-video-preview:-1"},"canonical":"https:\/\/denizcankizil.tr\/en\/haberler\/gundem\/deprem-bolgesindeki-esnafa-sgkdan-mujde\/","og_locale":"en_GB","og_type":"article","og_title":"Deprem B\u00f6lgesindeki Esnafa SGK\u2019dan m\u00fcjde!","og_description":"Hatay Sosyal G\u00fcvenlik \u0130l M\u00fcd\u00fcr\u00fc Hamit Bal, \u0130l M\u00fcd\u00fcr Yard\u0131mc\u0131s\u0131 Hatice A\u00e7\u0131kg\u00f6z ve \u0130skenderun Sosyal G\u00fcvenlik Merkez M\u00fcd\u00fcresi Remziye Evren&#8217;e, HESOB Ba\u015fkan verili Erol Ak\u0131n ile Esnaf Oda Ba\u015fkanlar\u0131yla birlikte bir araya geldi. Ziyaret s\u0131ras\u0131nda Esnaf Oda Ba\u015fkanlar, konuk ettikleri Hatay Sosyal G\u00fcvenlik \u0130l M\u00fcd\u00fcr\u00fc Hamit Bal\u2019a b\u00f6lge esnaf\u0131n\u0131 do\u011fru ve zaman\u0131nda bilgilendirme sa\u011flad\u0131klar\u0131 i\u00e7in te\u015fekk\u00fcr edildi. 24 AYA KADAR TAKS\u0130TLEND\u0130RME \u0130MK\u00c2NI Yap\u0131lan bilgilendirmelerde \u015funlar kaydedildi: \u201c2023 y\u0131l\u0131 Ocak ay\u0131 ile 2024 y\u0131l\u0131 Ekim ay\u0131 aras\u0131nda deprem nedeniyle ertelenen ve art\u0131k s\u00fcresi sona eren Ba\u011fkur ve sigorta prim bor\u00e7lar\u0131, 02 Haziran 2025 tarihine kadar pe\u015fin olarak \u00f6denebilece\u011fi gibi, 6183 Say\u0131l\u0131 Kanun\u2019un 48. maddesi uyar\u0131nca gecikme zamm\u0131 uygulanmadan, en fazla 24 aya kadar taksitlendirilebilecek.\u201d 50 B\u0130N TL \u00dcZER\u0130 BOR\u00c7LARDA TEM\u0130NAT \u015eARTI Bor\u00e7 t\u00fcr\u00fc g\u00f6zetilmeksizin, toplamda 50.000 TL\u2019yi a\u015fan prim bor\u00e7lar\u0131nda, a\u015fan k\u0131sm\u0131n en az yar\u0131s\u0131 kadar teminat g\u00f6sterilmesi gerekiyor. Ayr\u0131ca, taksitlendirme yap\u0131labilmesi i\u00e7in ilk taksitin mutlaka \u00f6denmesi \u015fart. BA\u015eVURU S\u00dcRES\u0130 KISITLI, YO\u011eUNLUK BEKLEN\u0130YOR Yetkililer, hak kayb\u0131 ya\u015fanmamas\u0131 i\u00e7in i\u015fveren ve esnaflar\u0131n son tarih olan 02 Haziran 2025\u2019ten \u00f6nce ba\u011fl\u0131 bulunduklar\u0131 SGK Merkez M\u00fcd\u00fcrl\u00fcklerine bizzat ba\u015fvurmalar\u0131 gerekti\u011fini vurgulad\u0131. S\u00fcre azl\u0131\u011f\u0131 nedeniyle ya\u015fanabilecek yo\u011funlu\u011fa kar\u015f\u0131 vatanda\u015flar\u0131n ba\u015fvurular\u0131n\u0131 son g\u00fcne b\u0131rakmamalar\u0131 \u00f6nerildi. \u200bKahramanmara\u015f merkezli depremler nedeniyle m\u00fccbir sebep kapsam\u0131na al\u0131nan i\u015fletmelere sa\u011flanan prim ertelemesi &hellip;","og_url":"https:\/\/denizcankizil.tr\/en\/haberler\/gundem\/deprem-bolgesindeki-esnafa-sgkdan-mujde\/","og_site_name":"Av. Deniz Can K\u0131z\u0131l","article_published_time":"2025-05-15T10:42:41+00:00","author":"admin","twitter_card":"summary_large_image","twitter_misc":{"Written by":"admin","Estimated reading time":"2 minutes"},"schema":{"@context":"https:\/\/schema.org","@graph":[{"@type":"Article","@id":"https:\/\/denizcankizil.tr\/de\/haberler\/gundem\/deprem-bolgesindeki-esnafa-sgkdan-mujde\/#article","isPartOf":{"@id":"https:\/\/denizcankizil.tr\/de\/haberler\/gundem\/deprem-bolgesindeki-esnafa-sgkdan-mujde\/"},"author":{"name":"admin","@id":"https:\/\/denizcankizil.tr\/de\/#\/schema\/person\/be3c05fe6a12686905512445d8185489"},"headline":"Deprem B\u00f6lgesindeki Esnafa SGK\u2019dan m\u00fcjde!","datePublished":"2025-05-15T10:42:41+00:00","mainEntityOfPage":{"@id":"https:\/\/denizcankizil.tr\/de\/haberler\/gundem\/deprem-bolgesindeki-esnafa-sgkdan-mujde\/"},"wordCount":321,"publisher":{"@id":"https:\/\/denizcankizil.tr\/de\/#organization"},"articleSection":["G\u00fcndem"],"inLanguage":"en-GB"},{"@type":"WebPage","@id":"https:\/\/denizcankizil.tr\/de\/haberler\/gundem\/deprem-bolgesindeki-esnafa-sgkdan-mujde\/","url":"https:\/\/denizcankizil.tr\/de\/haberler\/gundem\/deprem-bolgesindeki-esnafa-sgkdan-mujde\/","name":"Deprem B\u00f6lgesindeki Esnafa SGK\u2019dan m\u00fcjde! - Av. Deniz Can K\u0131z\u0131l","isPartOf":{"@id":"https:\/\/denizcankizil.tr\/de\/#website"},"datePublished":"2025-05-15T10:42:41+00:00","breadcrumb":{"@id":"https:\/\/denizcankizil.tr\/de\/haberler\/gundem\/deprem-bolgesindeki-esnafa-sgkdan-mujde\/#breadcrumb"},"inLanguage":"en-GB","potentialAction":[{"@type":"ReadAction","target":["https:\/\/denizcankizil.tr\/de\/haberler\/gundem\/deprem-bolgesindeki-esnafa-sgkdan-mujde\/"]}]},{"@type":"BreadcrumbList","@id":"https:\/\/denizcankizil.tr\/de\/haberler\/gundem\/deprem-bolgesindeki-esnafa-sgkdan-mujde\/#breadcrumb","itemListElement":[{"@type":"ListItem","position":1,"name":"Home","item":"https:\/\/denizcankizil.tr\/de\/"},{"@type":"ListItem","position":2,"name":"Deprem B\u00f6lgesindeki Esnafa SGK\u2019dan m\u00fcjde!"}]},{"@type":"WebSite","@id":"https:\/\/denizcankizil.tr\/de\/#website","url":"https:\/\/denizcankizil.tr\/de\/","name":"Av. Deniz Can K\u0131z\u0131l","description":"Avukat Deniz Can K\u0131z\u0131l Antalya Barosu","publisher":{"@id":"https:\/\/denizcankizil.tr\/de\/#organization"},"potentialAction":[{"@type":"SearchAction","target":{"@type":"EntryPoint","urlTemplate":"https:\/\/denizcankizil.tr\/de\/?s={search_term_string}"},"query-input":{"@type":"PropertyValueSpecification","valueRequired":true,"valueName":"search_term_string"}}],"inLanguage":"en-GB"},{"@type":"Organization","@id":"https:\/\/denizcankizil.tr\/de\/#organization","name":"Av. Deniz Can K\u0131z\u0131l","url":"https:\/\/denizcankizil.tr\/de\/","logo":{"@type":"ImageObject","inLanguage":"en-GB","@id":"https:\/\/denizcankizil.tr\/de\/#\/schema\/logo\/image\/","url":"https:\/\/denizcankizil.tr\/wp-content\/uploads\/2024\/10\/siyah-logo-svg.svg","contentUrl":"https:\/\/denizcankizil.tr\/wp-content\/uploads\/2024\/10\/siyah-logo-svg.svg","width":1080,"height":1080,"caption":"Av. Deniz Can K\u0131z\u0131l"},"image":{"@id":"https:\/\/denizcankizil.tr\/de\/#\/schema\/logo\/image\/"}},{"@type":"Person","@id":"https:\/\/denizcankizil.tr\/de\/#\/schema\/person\/be3c05fe6a12686905512445d8185489","name":"admin","image":{"@type":"ImageObject","inLanguage":"en-GB","@id":"https:\/\/denizcankizil.tr\/de\/#\/schema\/person\/image\/","url":"https:\/\/secure.gravatar.com\/avatar\/c1fce94c830dc79107e174f890d7210541c4a63e8e5d816341794a2151c9d58c?s=96&d=mm&r=g","contentUrl":"https:\/\/secure.gravatar.com\/avatar\/c1fce94c830dc79107e174f890d7210541c4a63e8e5d816341794a2151c9d58c?s=96&d=mm&r=g","caption":"admin"},"sameAs":["http:\/\/denizcankizil.tr"],"url":"https:\/\/www.iskenderun.org\/deprem-bolgesindeki-esnafa-sgkdan-mujde"}]}},"_links":{"self":[{"href":"https:\/\/denizcankizil.tr\/en\/wp-json\/wp\/v2\/posts\/87329","targetHints":{"allow":["GET"]}}],"collection":[{"href":"https:\/\/denizcankizil.tr\/en\/wp-json\/wp\/v2\/posts"}],"about":[{"href":"https:\/\/denizcankizil.tr\/en\/wp-json\/wp\/v2\/types\/post"}],"author":[{"embeddable":true,"href":"https:\/\/denizcankizil.tr\/en\/wp-json\/wp\/v2\/users\/1"}],"replies":[{"embeddable":true,"href":"https:\/\/denizcankizil.tr\/en\/wp-json\/wp\/v2\/comments?post=87329"}],"version-history":[{"count":0,"href":"https:\/\/denizcankizil.tr\/en\/wp-json\/wp\/v2\/posts\/87329\/revisions"}],"wp:attachment":[{"href":"https:\/\/denizcankizil.tr\/en\/wp-json\/wp\/v2\/media?parent=87329"}],"wp:term":[{"taxonomy":"category","embeddable":true,"href":"https:\/\/denizcankizil.tr\/en\/wp-json\/wp\/v2\/categories?post=87329"},{"taxonomy":"post_tag","embeddable":true,"href":"https:\/\/denizcankizil.tr\/en\/wp-json\/wp\/v2\/tags?post=87329"}],"curies":[{"name":"wp","href":"https:\/\/api.w.org\/{rel}","templated":true}]}}