{"id":86575,"date":"2025-05-14T20:41:14","date_gmt":"2025-05-14T17:41:14","guid":{"rendered":"https:\/\/denizcankizil.tr\/uncategorized-tr\/antalya-kadin-dostu-kent-olabilecek-mi\/"},"modified":"2025-05-14T20:41:14","modified_gmt":"2025-05-14T17:41:14","slug":"antalya-kadin-dostu-kent-olabilecek-mi","status":"publish","type":"post","link":"https:\/\/denizcankizil.tr\/en\/haberler\/gundem\/antalya-kadin-dostu-kent-olabilecek-mi\/","title":{"rendered":"Antalya kad\u0131n dostu kent olabilecek mi?"},"content":{"rendered":"<p>Antalya B\u00fcy\u00fck\u015fehir Belediyesi kad\u0131n dostu kent olmak i\u00e7in protokol imzalamaya haz\u0131rlan\u0131yor. D\u0131\u015f \u0130li\u015fkiler Dairesi Ba\u015fkanl\u0131\u011f\u0131\u2019nca haz\u0131rlanan ve 12 May\u0131s 2025 tarihinde yap\u0131lan B\u00fcy\u00fck\u015fehir Meclisi oturumunun g\u00fcndeminde yer alan teklif, T\u00fcrkiye Belediyeler Birli\u011fi (TBB) ile Antalya B\u00fcy\u00fck\u015fehir Belediyesi aras\u0131nda imzalanacak protokol\u00fc i\u00e7eriyor.<\/p>\n<p>CUMA G\u00dcN\u00dc B\u00dcY\u00dcK\u015eEH\u0130R MECL\u0130S\u0130NDE OYLANMASI BEKLEN\u0130YOR<\/p>\n<p>Pazartesi g\u00fcn\u00fc yap\u0131lan Meclis oturumunda ilgili komisyonlara havale edilen g\u00fcndem maddeleri aras\u0131nda yer alan 83 numaral\u0131 teklifin 16 May\u0131s Cuma g\u00fcn\u00fc yap\u0131lacak devam oturumunda oylamaya sunulmas\u0131 bekleniyor. T\u00fcrkiye Belediyeler Birli\u011fi ile Birle\u015fmi\u015f Milletler N\u00fcfus Fonu (UNFPA) i\u015fbirli\u011fi ile haz\u0131rlanan ve 25 pilot ilde uygulanmas\u0131 planlanan \u2018Kad\u0131n Dostu Kentler III Program\u0131\u2019 kapsam\u0131nda \u2018pilot belediye\u2019 olmak isteyen Antalya B\u00fcy\u00fck\u015fehir Belediyesi ad\u0131na protokol\u00fc imzalamas\u0131 i\u00e7in Ba\u015fkan B\u00f6cek\u2019e yetki verilmesi isteniyor.<\/p>\n<p>\u0130K\u0130 YIL S\u00dcRES\u0130 OLAN PROTOKOL AB TARAFINDAN FONLANACAK<\/p>\n<p>Avrupa Birli\u011fi Mali Yard\u0131m Arac\u0131 (\u0130PA3) taraf\u0131ndan fonlanaca\u011f\u0131 belirtilen ve 30 Kas\u0131m 2027 tarihine kadar ge\u00e7erli olaca\u011f\u0131 kaydedilen protokol kapsam\u0131nda Antalya B\u00fcy\u00fck\u015fehir Belediyesi\u2019nin yerine getirmeyi taahh\u00fct edece\u011fi sorumluluklar \u015f\u00f6yle s\u0131ralan\u0131yor: \u201cKad\u0131n Dostu Kent (KDK) ilkesini benimseyerek, Yerel E\u015fitlik Mekanizmas\u0131n\u0131 (YEM) a\u015fa\u011f\u0131daki unsurlarla kurmak; Belediye b\u00fcnyesinde yerel e\u015fitlik birimi (YEB) olu\u015fturmak, belediye meclisinde Yerel E\u015fitlik Komisyonu kurmak, yerel payda\u015flar\u0131n kat\u0131l\u0131m\u0131yla Yerel E\u015fitlik Konseyi olu\u015fturmak, yerel e\u015fitlik konseyi arac\u0131l\u0131\u011f\u0131yla yerel e\u015fitlik eylem plan\u0131n\u0131 (YEEP) haz\u0131rlamak, uygulamak ve izlemek. Belediye personelinin KDK-III program\u0131 kapsam\u0131nda d\u00fczenlenecek e\u011fitim, toplant\u0131 ve \u00e7al\u0131\u015ftaylara kat\u0131l\u0131m\u0131n\u0131 sa\u011flamak, YEEP\u2019in uygulanmas\u0131nda KDK alan\u0131nda faaliyet g\u00f6steren sivil toplum kurulu\u015flar\u0131 ile i\u015fbirli\u011fi ve etkile\u015fim ger\u00e7ekle\u015ftirmek, KDK-III program\u0131 kapsam\u0131nda ilgili olan bilgi ve verileri ilgili ulusal kanunlar ve mevzuatlar \u00e7er\u00e7evesinde payla\u015fmak, KDK yakla\u015f\u0131m\u0131 kapsam\u0131nda di\u011fer belediyelerle deneyim payla\u015f\u0131m\u0131nda bulunmak ve iyi uygulamalar\u0131n yayg\u0131nla\u015ft\u0131r\u0131lmas\u0131na katk\u0131 sunmak.\u201d<\/p>\n<p>KADIN, \u00c7EVRE, \u0130KL\u0130M, DEPREM: T\u00dcRK\u0130YE RAPOR \u00c7\u00d6PL\u00dc\u011e\u00dcNE D\u00d6ND\u00dc<\/p>\n<p>T\u00fcrkiye\u2019de ulusal yasal mevzuat ve uluslararas\u0131 s\u00f6zle\u015fmeler kapsam\u0131nda kamu kurum ve kurulu\u015flar\u0131 taraf\u0131ndan haz\u0131rlanan eylem plan\u0131, rapor ve hayata ge\u00e7irilen projeler ile bu konuda imzalanan protokoller bir\u00e7ok alanda sorunlar\u0131n \u00e7\u00f6z\u00fcms\u00fcz kald\u0131\u011f\u0131n\u0131 ortaya koyuyor. Bu konular\u0131n ba\u015f\u0131nda \u00e7evre, kad\u0131n ve insan haklar\u0131 gibi ba\u015fl\u0131klar yer al\u0131yor. Deprem, sel ve iklim krizi de benzer \u015fekilde \u2018raporlanarak\u2019 ge\u00e7i\u015ftirilen ba\u015fl\u0131klar aras\u0131nda. T\u00fcrkiye\u2019de do\u011fa ve \u00e7evre \u00fczerinde b\u00fcy\u00fck y\u0131k\u0131mlara neden olan madencilik \u015firketlerine \u00c7evre, \u015eehircilik ve \u0130klim De\u011fi\u015fikli\u011fi Bakanl\u0131\u011f\u0131 taraf\u0131ndan \u2018S\u0131f\u0131r At\u0131k\u2019 belgesi verilirken, ayn\u0131 \u015fekilde kad\u0131na y\u00f6nelik \u015fiddet ve mobbing iddialar\u0131yla g\u00fcndeme gelen kamu kurulu\u015flar\u0131 da bunu azaltacak denetim mekanizmalar\u0131 olu\u015fturmak yerine imzalanan protokollerle ele\u015ftirilerin \u00f6n\u00fcne ge\u00e7me yolunu se\u00e7iyor. Bu kapsamda T\u00fcrkiye tam bir protokol ve rapor \u00e7\u00f6pl\u00fc\u011f\u00fcne d\u00f6n\u00fc\u015fm\u00fc\u015f duruma gelirken, can kay\u0131plar\u0131 ya\u015fand\u0131ktan sonra deprem ve sel raporu, taciz ve cinayetler i\u015flendikten sonra kad\u0131na y\u00f6nelik protokollerin hat\u0131rlat\u0131lmas\u0131 ya\u015fanan \u00e7eli\u015fkiyi g\u00f6zler \u00f6n\u00fcne seriyor.<\/p>\n<p>ANTALYA B\u00dcY\u00dcK\u015eEH\u0130R, KADIN DOSTU BELED\u0130YE OLAB\u0130LECEK M\u0130?<\/p>\n<p>Kad\u0131na y\u00f6nelik \u015fiddet ve tacizin \u00f6nlenmesi konusunda T\u00fcrkiye Kad\u0131n Dernekleri Federasyonu ile 2023 y\u0131l\u0131nda bir protokol imzalayan Antalya B\u00fcy\u00fck\u015fehir Belediyesi\u2019nin son g\u00fcnlerde g\u00fcndemde olan ve erkek bir kurum personelinin ad\u0131n\u0131n kar\u0131\u015ft\u0131\u011f\u0131 taciz ve \u015fiddet iddialar\u0131yla ilgili uzun s\u00fcre i\u00e7 denetim mekanizmas\u0131n\u0131 i\u015fletmemesi ele\u015ftiri konusu oldu. Antalya Kad\u0131n Platformu\u2019nun 12 May\u0131s\u2019ta yapt\u0131\u011f\u0131 a\u00e7\u0131klamada, 11 Mart 2024 tarihinde hakk\u0131nda uzakla\u015ft\u0131rma karar\u0131 verilen O.\u015e.K adl\u0131 B\u00fcy\u00fck\u015fehir Belediyesi personeli hakk\u0131nda yakla\u015f\u0131k bir y\u0131l boyunca i\u015flem yap\u0131lmad\u0131\u011f\u0131na dikkat \u00e7ekilmi\u015fti. B\u00fcy\u00fck\u015fehir Belediyesi yetkilileri ise iddialar\u0131n oda\u011f\u0131ndaki personel hakk\u0131nda bas\u0131na yans\u0131yan haberlerin ard\u0131ndan 18 Mart 2025 tarihinde tefti\u015f soru\u015fturmas\u0131 ba\u015flat\u0131ld\u0131\u011f\u0131n\u0131 belirtmi\u015flerdi. Ula\u015f\u0131m Daire Ba\u015fkanl\u0131\u011f\u0131 b\u00fcnyesinde g\u00f6rev yapt\u0131\u011f\u0131 belirtilen personelle ilgili soru\u015fturman\u0131n, ilgili protokole g\u00f6re 18 Haziran 2025 tarihine kadar tamamlanmas\u0131 gerekiyor. B\u00fcy\u00fck\u015fehir y\u00f6netiminin bu konuda ataca\u011f\u0131 ad\u0131mlar ve izleyece\u011fi tutumun, Kad\u0131n Dostu Kent program\u0131 kapsam\u0131nda pilot belediye olup olamayaca\u011f\u0131 y\u00f6n\u00fcnde bir g\u00f6sterge olmas\u0131 bekleniyor.<\/p>\n<p>\u200bAntalya B\u00fcy\u00fck\u015fehir Belediyesi\u2019nde g\u00f6revli bir erkek personelin ad\u0131n\u0131n kar\u0131\u015ft\u0131\u011f\u0131 3 kad\u0131na y\u00f6nelik c*nsel s*ld\u0131r\u0131, t*ciz ve \u015f*ddet iddialar\u0131 g\u00fcndemdeyken, kurumdan kad\u0131n dostu kent a\u00e7\u0131l\u0131m\u0131 geldi. Antalya B\u00fcy\u00fck\u015fehir Belediyesi ile T\u00fcrkiye Belediyeler Birli\u011fi (TBB) aras\u0131nda imzalanmas\u0131 planlanan \u2018Kad\u0131n Dostu Kentler III Program\u0131\u2019 kapsam\u0131nda protokol imzalanmas\u0131n\u0131 i\u00e7eren teklif, B\u00fcy\u00fck\u015fehir Meclisine sunuldu.\u00a0<\/p>\n<p>\u200bHaberin Al\u0131nt\u0131land\u0131\u011f\u0131 Kaynak: www.antalyakorfez.com<\/p>","protected":false},"excerpt":{"rendered":"<p>Antalya B\u00fcy\u00fck\u015fehir Belediyesi kad\u0131n dostu kent olmak i\u00e7in protokol imzalamaya haz\u0131rlan\u0131yor. D\u0131\u015f \u0130li\u015fkiler Dairesi Ba\u015fkanl\u0131\u011f\u0131\u2019nca haz\u0131rlanan ve 12 May\u0131s 2025 tarihinde yap\u0131lan B\u00fcy\u00fck\u015fehir Meclisi oturumunun g\u00fcndeminde yer alan teklif, T\u00fcrkiye Belediyeler Birli\u011fi (TBB) ile Antalya B\u00fcy\u00fck\u015fehir Belediyesi aras\u0131nda imzalanacak protokol\u00fc i\u00e7eriyor. CUMA G\u00dcN\u00dc B\u00dcY\u00dcK\u015eEH\u0130R MECL\u0130S\u0130NDE OYLANMASI BEKLEN\u0130YOR Pazartesi g\u00fcn\u00fc yap\u0131lan Meclis oturumunda ilgili komisyonlara havale edilen g\u00fcndem maddeleri aras\u0131nda yer alan 83 numaral\u0131 teklifin 16 May\u0131s Cuma g\u00fcn\u00fc yap\u0131lacak devam oturumunda oylamaya sunulmas\u0131 bekleniyor. T\u00fcrkiye Belediyeler Birli\u011fi ile Birle\u015fmi\u015f Milletler N\u00fcfus Fonu (UNFPA) i\u015fbirli\u011fi ile haz\u0131rlanan ve 25 pilot ilde uygulanmas\u0131 planlanan \u2018Kad\u0131n Dostu Kentler III Program\u0131\u2019 kapsam\u0131nda \u2018pilot belediye\u2019 olmak isteyen Antalya B\u00fcy\u00fck\u015fehir Belediyesi ad\u0131na protokol\u00fc imzalamas\u0131 i\u00e7in Ba\u015fkan B\u00f6cek\u2019e yetki verilmesi isteniyor. \u0130K\u0130 YIL S\u00dcRES\u0130 OLAN PROTOKOL AB TARAFINDAN FONLANACAK Avrupa Birli\u011fi Mali Yard\u0131m Arac\u0131 (\u0130PA3) taraf\u0131ndan fonlanaca\u011f\u0131 belirtilen ve 30 Kas\u0131m 2027 tarihine kadar ge\u00e7erli olaca\u011f\u0131 kaydedilen protokol kapsam\u0131nda Antalya B\u00fcy\u00fck\u015fehir Belediyesi\u2019nin yerine getirmeyi taahh\u00fct edece\u011fi sorumluluklar \u015f\u00f6yle s\u0131ralan\u0131yor: \u201cKad\u0131n Dostu Kent (KDK) ilkesini benimseyerek, Yerel E\u015fitlik Mekanizmas\u0131n\u0131 (YEM) a\u015fa\u011f\u0131daki unsurlarla kurmak; Belediye b\u00fcnyesinde yerel e\u015fitlik birimi (YEB) olu\u015fturmak, belediye meclisinde Yerel E\u015fitlik Komisyonu kurmak, yerel payda\u015flar\u0131n kat\u0131l\u0131m\u0131yla Yerel E\u015fitlik Konseyi olu\u015fturmak, yerel e\u015fitlik konseyi arac\u0131l\u0131\u011f\u0131yla yerel e\u015fitlik eylem plan\u0131n\u0131 (YEEP) haz\u0131rlamak, uygulamak ve izlemek. Belediye personelinin &hellip;<\/p>","protected":false},"author":5,"featured_media":0,"comment_status":"","ping_status":"open","sticky":false,"template":"","format":"standard","meta":{"_acf_changed":false,"footnotes":""},"categories":[24],"tags":[],"class_list":["post-86575","post","type-post","status-publish","format-standard","has-post-thumbnail","hentry","category-gundem"],"acf":[],"yoast_head":"<!-- This site is optimized with the Yoast SEO Premium plugin v26.6 (Yoast SEO v27.1.1) - https:\/\/yoast.com\/product\/yoast-seo-premium-wordpress\/ -->\n<title>Antalya kad\u0131n dostu kent olabilecek mi? - Av. Deniz Can K\u0131z\u0131l<\/title>\n<meta name=\"robots\" content=\"index, follow, max-snippet:-1, max-image-preview:large, max-video-preview:-1\" \/>\n<link rel=\"canonical\" href=\"https:\/\/denizcankizil.tr\/en\/haberler\/gundem\/antalya-kadin-dostu-kent-olabilecek-mi\/\" \/>\n<meta property=\"og:locale\" content=\"en_GB\" \/>\n<meta property=\"og:type\" content=\"article\" \/>\n<meta property=\"og:title\" content=\"Antalya kad\u0131n dostu kent olabilecek mi?\" \/>\n<meta property=\"og:description\" content=\"Antalya B\u00fcy\u00fck\u015fehir Belediyesi kad\u0131n dostu kent olmak i\u00e7in protokol imzalamaya haz\u0131rlan\u0131yor. D\u0131\u015f \u0130li\u015fkiler Dairesi Ba\u015fkanl\u0131\u011f\u0131\u2019nca haz\u0131rlanan ve 12 May\u0131s 2025 tarihinde yap\u0131lan B\u00fcy\u00fck\u015fehir Meclisi oturumunun g\u00fcndeminde yer alan teklif, T\u00fcrkiye Belediyeler Birli\u011fi (TBB) ile Antalya B\u00fcy\u00fck\u015fehir Belediyesi aras\u0131nda imzalanacak protokol\u00fc i\u00e7eriyor. CUMA G\u00dcN\u00dc B\u00dcY\u00dcK\u015eEH\u0130R MECL\u0130S\u0130NDE OYLANMASI BEKLEN\u0130YOR Pazartesi g\u00fcn\u00fc yap\u0131lan Meclis oturumunda ilgili komisyonlara havale edilen g\u00fcndem maddeleri aras\u0131nda yer alan 83 numaral\u0131 teklifin 16 May\u0131s Cuma g\u00fcn\u00fc yap\u0131lacak devam oturumunda oylamaya sunulmas\u0131 bekleniyor. T\u00fcrkiye Belediyeler Birli\u011fi ile Birle\u015fmi\u015f Milletler N\u00fcfus Fonu (UNFPA) i\u015fbirli\u011fi ile haz\u0131rlanan ve 25 pilot ilde uygulanmas\u0131 planlanan \u2018Kad\u0131n Dostu Kentler III Program\u0131\u2019 kapsam\u0131nda \u2018pilot belediye\u2019 olmak isteyen Antalya B\u00fcy\u00fck\u015fehir Belediyesi ad\u0131na protokol\u00fc imzalamas\u0131 i\u00e7in Ba\u015fkan B\u00f6cek\u2019e yetki verilmesi isteniyor. \u0130K\u0130 YIL S\u00dcRES\u0130 OLAN PROTOKOL AB TARAFINDAN FONLANACAK Avrupa Birli\u011fi Mali Yard\u0131m Arac\u0131 (\u0130PA3) taraf\u0131ndan fonlanaca\u011f\u0131 belirtilen ve 30 Kas\u0131m 2027 tarihine kadar ge\u00e7erli olaca\u011f\u0131 kaydedilen protokol kapsam\u0131nda Antalya B\u00fcy\u00fck\u015fehir Belediyesi\u2019nin yerine getirmeyi taahh\u00fct edece\u011fi sorumluluklar \u015f\u00f6yle s\u0131ralan\u0131yor: \u201cKad\u0131n Dostu Kent (KDK) ilkesini benimseyerek, Yerel E\u015fitlik Mekanizmas\u0131n\u0131 (YEM) a\u015fa\u011f\u0131daki unsurlarla kurmak; Belediye b\u00fcnyesinde yerel e\u015fitlik birimi (YEB) olu\u015fturmak, belediye meclisinde Yerel E\u015fitlik Komisyonu kurmak, yerel payda\u015flar\u0131n kat\u0131l\u0131m\u0131yla Yerel E\u015fitlik Konseyi olu\u015fturmak, yerel e\u015fitlik konseyi arac\u0131l\u0131\u011f\u0131yla yerel e\u015fitlik eylem plan\u0131n\u0131 (YEEP) haz\u0131rlamak, uygulamak ve izlemek. Belediye personelinin &hellip;\" \/>\n<meta property=\"og:url\" content=\"https:\/\/denizcankizil.tr\/en\/haberler\/gundem\/antalya-kadin-dostu-kent-olabilecek-mi\/\" \/>\n<meta property=\"og:site_name\" content=\"Av. Deniz Can K\u0131z\u0131l\" \/>\n<meta property=\"article:published_time\" content=\"2025-05-14T17:41:14+00:00\" \/>\n<meta name=\"author\" content=\"Antalya K\u00f6rfez\" \/>\n<meta name=\"twitter:card\" content=\"summary_large_image\" \/>\n<meta name=\"twitter:label1\" content=\"Written by\" \/>\n\t<meta name=\"twitter:data1\" content=\"Antalya K\u00f6rfez\" \/>\n\t<meta name=\"twitter:label2\" content=\"Estimated reading time\" \/>\n\t<meta name=\"twitter:data2\" content=\"4 minutes\" \/>\n<script type=\"application\/ld+json\" class=\"yoast-schema-graph\">{\"@context\":\"https:\/\/schema.org\",\"@graph\":[{\"@type\":\"Article\",\"@id\":\"https:\/\/denizcankizil.tr\/en\/haberler\/gundem\/antalya-kadin-dostu-kent-olabilecek-mi\/#article\",\"isPartOf\":{\"@id\":\"https:\/\/denizcankizil.tr\/en\/haberler\/gundem\/antalya-kadin-dostu-kent-olabilecek-mi\/\"},\"author\":{\"name\":\"Antalya K\u00f6rfez\",\"@id\":\"https:\/\/denizcankizil.tr\/#\/schema\/person\/e1eb71bb4dd684d46563f0af307e1234\"},\"headline\":\"Antalya kad\u0131n dostu kent olabilecek mi?\",\"datePublished\":\"2025-05-14T17:41:14+00:00\",\"mainEntityOfPage\":{\"@id\":\"https:\/\/denizcankizil.tr\/en\/haberler\/gundem\/antalya-kadin-dostu-kent-olabilecek-mi\/\"},\"wordCount\":895,\"publisher\":{\"@id\":\"https:\/\/denizcankizil.tr\/#organization\"},\"articleSection\":[\"G\u00fcndem\"],\"inLanguage\":\"en-GB\"},{\"@type\":\"WebPage\",\"@id\":\"https:\/\/denizcankizil.tr\/en\/haberler\/gundem\/antalya-kadin-dostu-kent-olabilecek-mi\/\",\"url\":\"https:\/\/denizcankizil.tr\/en\/haberler\/gundem\/antalya-kadin-dostu-kent-olabilecek-mi\/\",\"name\":\"Antalya kad\u0131n dostu kent olabilecek mi? - Av. Deniz Can K\u0131z\u0131l\",\"isPartOf\":{\"@id\":\"https:\/\/denizcankizil.tr\/#website\"},\"datePublished\":\"2025-05-14T17:41:14+00:00\",\"breadcrumb\":{\"@id\":\"https:\/\/denizcankizil.tr\/en\/haberler\/gundem\/antalya-kadin-dostu-kent-olabilecek-mi\/#breadcrumb\"},\"inLanguage\":\"en-GB\",\"potentialAction\":[{\"@type\":\"ReadAction\",\"target\":[\"https:\/\/denizcankizil.tr\/en\/haberler\/gundem\/antalya-kadin-dostu-kent-olabilecek-mi\/\"]}]},{\"@type\":\"BreadcrumbList\",\"@id\":\"https:\/\/denizcankizil.tr\/en\/haberler\/gundem\/antalya-kadin-dostu-kent-olabilecek-mi\/#breadcrumb\",\"itemListElement\":[{\"@type\":\"ListItem\",\"position\":1,\"name\":\"Home\",\"item\":\"https:\/\/denizcankizil.tr\/de\/\"},{\"@type\":\"ListItem\",\"position\":2,\"name\":\"Antalya kad\u0131n dostu kent olabilecek mi?\"}]},{\"@type\":\"WebSite\",\"@id\":\"https:\/\/denizcankizil.tr\/#website\",\"url\":\"https:\/\/denizcankizil.tr\/\",\"name\":\"Av. Deniz Can K\u0131z\u0131l\",\"description\":\"Avukat Deniz Can K\u0131z\u0131l Antalya Barosu\",\"publisher\":{\"@id\":\"https:\/\/denizcankizil.tr\/#organization\"},\"potentialAction\":[{\"@type\":\"SearchAction\",\"target\":{\"@type\":\"EntryPoint\",\"urlTemplate\":\"https:\/\/denizcankizil.tr\/?s={search_term_string}\"},\"query-input\":{\"@type\":\"PropertyValueSpecification\",\"valueRequired\":true,\"valueName\":\"search_term_string\"}}],\"inLanguage\":\"en-GB\"},{\"@type\":\"Organization\",\"@id\":\"https:\/\/denizcankizil.tr\/#organization\",\"name\":\"Av. Deniz Can K\u0131z\u0131l\",\"url\":\"https:\/\/denizcankizil.tr\/\",\"logo\":{\"@type\":\"ImageObject\",\"inLanguage\":\"en-GB\",\"@id\":\"https:\/\/denizcankizil.tr\/#\/schema\/logo\/image\/\",\"url\":\"https:\/\/denizcankizil.tr\/wp-content\/uploads\/2024\/10\/siyah-logo-svg.svg\",\"contentUrl\":\"https:\/\/denizcankizil.tr\/wp-content\/uploads\/2024\/10\/siyah-logo-svg.svg\",\"width\":1080,\"height\":1080,\"caption\":\"Av. Deniz Can K\u0131z\u0131l\"},\"image\":{\"@id\":\"https:\/\/denizcankizil.tr\/#\/schema\/logo\/image\/\"}},{\"@type\":\"Person\",\"@id\":\"https:\/\/denizcankizil.tr\/#\/schema\/person\/e1eb71bb4dd684d46563f0af307e1234\",\"name\":\"Antalya K\u00f6rfez\",\"image\":{\"@type\":\"ImageObject\",\"inLanguage\":\"en-GB\",\"@id\":\"https:\/\/denizcankizil.tr\/#\/schema\/person\/image\/\",\"url\":\"https:\/\/secure.gravatar.com\/avatar\/42b01982558a48a0b501fdcab6a408d3717ea5919095ee2e67b0e521799c5905?s=96&d=mm&r=g\",\"contentUrl\":\"https:\/\/secure.gravatar.com\/avatar\/42b01982558a48a0b501fdcab6a408d3717ea5919095ee2e67b0e521799c5905?s=96&d=mm&r=g\",\"caption\":\"Antalya K\u00f6rfez\"},\"sameAs\":[\"http:\/\/www.antalyakorfez.com\"],\"url\":\"https:\/\/www.antalyakorfez.com\/antalya-kadin-dostu-kent-olabilecek-mi\"}]}<\/script>\n<!-- \/ Yoast SEO Premium plugin. -->","yoast_head_json":{"title":"Antalya kad\u0131n dostu kent olabilecek mi? - Av. Deniz Can K\u0131z\u0131l","robots":{"index":"index","follow":"follow","max-snippet":"max-snippet:-1","max-image-preview":"max-image-preview:large","max-video-preview":"max-video-preview:-1"},"canonical":"https:\/\/denizcankizil.tr\/en\/haberler\/gundem\/antalya-kadin-dostu-kent-olabilecek-mi\/","og_locale":"en_GB","og_type":"article","og_title":"Antalya kad\u0131n dostu kent olabilecek mi?","og_description":"Antalya B\u00fcy\u00fck\u015fehir Belediyesi kad\u0131n dostu kent olmak i\u00e7in protokol imzalamaya haz\u0131rlan\u0131yor. D\u0131\u015f \u0130li\u015fkiler Dairesi Ba\u015fkanl\u0131\u011f\u0131\u2019nca haz\u0131rlanan ve 12 May\u0131s 2025 tarihinde yap\u0131lan B\u00fcy\u00fck\u015fehir Meclisi oturumunun g\u00fcndeminde yer alan teklif, T\u00fcrkiye Belediyeler Birli\u011fi (TBB) ile Antalya B\u00fcy\u00fck\u015fehir Belediyesi aras\u0131nda imzalanacak protokol\u00fc i\u00e7eriyor. CUMA G\u00dcN\u00dc B\u00dcY\u00dcK\u015eEH\u0130R MECL\u0130S\u0130NDE OYLANMASI BEKLEN\u0130YOR Pazartesi g\u00fcn\u00fc yap\u0131lan Meclis oturumunda ilgili komisyonlara havale edilen g\u00fcndem maddeleri aras\u0131nda yer alan 83 numaral\u0131 teklifin 16 May\u0131s Cuma g\u00fcn\u00fc yap\u0131lacak devam oturumunda oylamaya sunulmas\u0131 bekleniyor. T\u00fcrkiye Belediyeler Birli\u011fi ile Birle\u015fmi\u015f Milletler N\u00fcfus Fonu (UNFPA) i\u015fbirli\u011fi ile haz\u0131rlanan ve 25 pilot ilde uygulanmas\u0131 planlanan \u2018Kad\u0131n Dostu Kentler III Program\u0131\u2019 kapsam\u0131nda \u2018pilot belediye\u2019 olmak isteyen Antalya B\u00fcy\u00fck\u015fehir Belediyesi ad\u0131na protokol\u00fc imzalamas\u0131 i\u00e7in Ba\u015fkan B\u00f6cek\u2019e yetki verilmesi isteniyor. \u0130K\u0130 YIL S\u00dcRES\u0130 OLAN PROTOKOL AB TARAFINDAN FONLANACAK Avrupa Birli\u011fi Mali Yard\u0131m Arac\u0131 (\u0130PA3) taraf\u0131ndan fonlanaca\u011f\u0131 belirtilen ve 30 Kas\u0131m 2027 tarihine kadar ge\u00e7erli olaca\u011f\u0131 kaydedilen protokol kapsam\u0131nda Antalya B\u00fcy\u00fck\u015fehir Belediyesi\u2019nin yerine getirmeyi taahh\u00fct edece\u011fi sorumluluklar \u015f\u00f6yle s\u0131ralan\u0131yor: \u201cKad\u0131n Dostu Kent (KDK) ilkesini benimseyerek, Yerel E\u015fitlik Mekanizmas\u0131n\u0131 (YEM) a\u015fa\u011f\u0131daki unsurlarla kurmak; Belediye b\u00fcnyesinde yerel e\u015fitlik birimi (YEB) olu\u015fturmak, belediye meclisinde Yerel E\u015fitlik Komisyonu kurmak, yerel payda\u015flar\u0131n kat\u0131l\u0131m\u0131yla Yerel E\u015fitlik Konseyi olu\u015fturmak, yerel e\u015fitlik konseyi arac\u0131l\u0131\u011f\u0131yla yerel e\u015fitlik eylem plan\u0131n\u0131 (YEEP) haz\u0131rlamak, uygulamak ve izlemek. Belediye personelinin &hellip;","og_url":"https:\/\/denizcankizil.tr\/en\/haberler\/gundem\/antalya-kadin-dostu-kent-olabilecek-mi\/","og_site_name":"Av. Deniz Can K\u0131z\u0131l","article_published_time":"2025-05-14T17:41:14+00:00","author":"Antalya K\u00f6rfez","twitter_card":"summary_large_image","twitter_misc":{"Written by":"Antalya K\u00f6rfez","Estimated reading time":"4 minutes"},"schema":{"@context":"https:\/\/schema.org","@graph":[{"@type":"Article","@id":"https:\/\/denizcankizil.tr\/en\/haberler\/gundem\/antalya-kadin-dostu-kent-olabilecek-mi\/#article","isPartOf":{"@id":"https:\/\/denizcankizil.tr\/en\/haberler\/gundem\/antalya-kadin-dostu-kent-olabilecek-mi\/"},"author":{"name":"Antalya K\u00f6rfez","@id":"https:\/\/denizcankizil.tr\/#\/schema\/person\/e1eb71bb4dd684d46563f0af307e1234"},"headline":"Antalya kad\u0131n dostu kent olabilecek mi?","datePublished":"2025-05-14T17:41:14+00:00","mainEntityOfPage":{"@id":"https:\/\/denizcankizil.tr\/en\/haberler\/gundem\/antalya-kadin-dostu-kent-olabilecek-mi\/"},"wordCount":895,"publisher":{"@id":"https:\/\/denizcankizil.tr\/#organization"},"articleSection":["G\u00fcndem"],"inLanguage":"en-GB"},{"@type":"WebPage","@id":"https:\/\/denizcankizil.tr\/en\/haberler\/gundem\/antalya-kadin-dostu-kent-olabilecek-mi\/","url":"https:\/\/denizcankizil.tr\/en\/haberler\/gundem\/antalya-kadin-dostu-kent-olabilecek-mi\/","name":"Antalya kad\u0131n dostu kent olabilecek mi? - Av. Deniz Can K\u0131z\u0131l","isPartOf":{"@id":"https:\/\/denizcankizil.tr\/#website"},"datePublished":"2025-05-14T17:41:14+00:00","breadcrumb":{"@id":"https:\/\/denizcankizil.tr\/en\/haberler\/gundem\/antalya-kadin-dostu-kent-olabilecek-mi\/#breadcrumb"},"inLanguage":"en-GB","potentialAction":[{"@type":"ReadAction","target":["https:\/\/denizcankizil.tr\/en\/haberler\/gundem\/antalya-kadin-dostu-kent-olabilecek-mi\/"]}]},{"@type":"BreadcrumbList","@id":"https:\/\/denizcankizil.tr\/en\/haberler\/gundem\/antalya-kadin-dostu-kent-olabilecek-mi\/#breadcrumb","itemListElement":[{"@type":"ListItem","position":1,"name":"Home","item":"https:\/\/denizcankizil.tr\/de\/"},{"@type":"ListItem","position":2,"name":"Antalya kad\u0131n dostu kent olabilecek mi?"}]},{"@type":"WebSite","@id":"https:\/\/denizcankizil.tr\/#website","url":"https:\/\/denizcankizil.tr\/","name":"Av. Deniz Can K\u0131z\u0131l","description":"Avukat Deniz Can K\u0131z\u0131l Antalya Barosu","publisher":{"@id":"https:\/\/denizcankizil.tr\/#organization"},"potentialAction":[{"@type":"SearchAction","target":{"@type":"EntryPoint","urlTemplate":"https:\/\/denizcankizil.tr\/?s={search_term_string}"},"query-input":{"@type":"PropertyValueSpecification","valueRequired":true,"valueName":"search_term_string"}}],"inLanguage":"en-GB"},{"@type":"Organization","@id":"https:\/\/denizcankizil.tr\/#organization","name":"Av. Deniz Can K\u0131z\u0131l","url":"https:\/\/denizcankizil.tr\/","logo":{"@type":"ImageObject","inLanguage":"en-GB","@id":"https:\/\/denizcankizil.tr\/#\/schema\/logo\/image\/","url":"https:\/\/denizcankizil.tr\/wp-content\/uploads\/2024\/10\/siyah-logo-svg.svg","contentUrl":"https:\/\/denizcankizil.tr\/wp-content\/uploads\/2024\/10\/siyah-logo-svg.svg","width":1080,"height":1080,"caption":"Av. Deniz Can K\u0131z\u0131l"},"image":{"@id":"https:\/\/denizcankizil.tr\/#\/schema\/logo\/image\/"}},{"@type":"Person","@id":"https:\/\/denizcankizil.tr\/#\/schema\/person\/e1eb71bb4dd684d46563f0af307e1234","name":"Antalya K\u00f6rfez","image":{"@type":"ImageObject","inLanguage":"en-GB","@id":"https:\/\/denizcankizil.tr\/#\/schema\/person\/image\/","url":"https:\/\/secure.gravatar.com\/avatar\/42b01982558a48a0b501fdcab6a408d3717ea5919095ee2e67b0e521799c5905?s=96&d=mm&r=g","contentUrl":"https:\/\/secure.gravatar.com\/avatar\/42b01982558a48a0b501fdcab6a408d3717ea5919095ee2e67b0e521799c5905?s=96&d=mm&r=g","caption":"Antalya K\u00f6rfez"},"sameAs":["http:\/\/www.antalyakorfez.com"],"url":"https:\/\/www.antalyakorfez.com\/antalya-kadin-dostu-kent-olabilecek-mi"}]}},"_links":{"self":[{"href":"https:\/\/denizcankizil.tr\/en\/wp-json\/wp\/v2\/posts\/86575","targetHints":{"allow":["GET"]}}],"collection":[{"href":"https:\/\/denizcankizil.tr\/en\/wp-json\/wp\/v2\/posts"}],"about":[{"href":"https:\/\/denizcankizil.tr\/en\/wp-json\/wp\/v2\/types\/post"}],"author":[{"embeddable":true,"href":"https:\/\/denizcankizil.tr\/en\/wp-json\/wp\/v2\/users\/5"}],"replies":[{"embeddable":true,"href":"https:\/\/denizcankizil.tr\/en\/wp-json\/wp\/v2\/comments?post=86575"}],"version-history":[{"count":0,"href":"https:\/\/denizcankizil.tr\/en\/wp-json\/wp\/v2\/posts\/86575\/revisions"}],"wp:attachment":[{"href":"https:\/\/denizcankizil.tr\/en\/wp-json\/wp\/v2\/media?parent=86575"}],"wp:term":[{"taxonomy":"category","embeddable":true,"href":"https:\/\/denizcankizil.tr\/en\/wp-json\/wp\/v2\/categories?post=86575"},{"taxonomy":"post_tag","embeddable":true,"href":"https:\/\/denizcankizil.tr\/en\/wp-json\/wp\/v2\/tags?post=86575"}],"curies":[{"name":"wp","href":"https:\/\/api.w.org\/{rel}","templated":true}]}}