{"id":86394,"date":"2025-05-14T16:42:04","date_gmt":"2025-05-14T13:42:04","guid":{"rendered":"https:\/\/denizcankizil.tr\/uncategorized-tr\/antalyada-tramvaylara-ilgi-artti\/"},"modified":"2025-05-14T16:42:04","modified_gmt":"2025-05-14T13:42:04","slug":"antalyada-tramvaylara-ilgi-artti","status":"publish","type":"post","link":"https:\/\/denizcankizil.tr\/en\/haberler\/gundem\/antalyada-tramvaylara-ilgi-artti\/","title":{"rendered":"Antalya\u2019da tramvaylara ilgi artt\u0131"},"content":{"rendered":"<p>Antalya B\u00fcy\u00fck\u015fehir Belediyesi, 2025 y\u0131l\u0131n\u0131n Nisan ay\u0131na ait toplu ta\u015f\u0131ma ve yolcu say\u0131lar\u0131n\u0131 a\u00e7\u0131klad\u0131. A\u00e7\u0131klanan verilere g\u00f6re 2025 Nisan ay\u0131nda otob\u00fcslere 6 milyon 581 bin 184 bini\u015f ger\u00e7ekle\u015fti. Antray\u2019a ise 2 milyon 533 bin 31 ki\u015fi, Nostalji Tramvay\u0131\u2019na ise 108 bin 978 bini\u015f ger\u00e7ekle\u015fti\u011fi a\u00e7\u0131kland\u0131.<\/p>\n<p>\u015eUBAT AYINDAK\u0130 SAYILAR <\/p>\n<p>2025 y\u0131l\u0131n\u0131n \u015eubat ay\u0131ndaki say\u0131lar baz al\u0131nd\u0131\u011f\u0131nda ise toplu ula\u015f\u0131ma ra\u011fbettin art\u0131\u011f\u0131 g\u00f6zlemlendi. 2025 y\u0131l\u0131n\u0131n \u015fubat ay\u0131nda otob\u00fcslere yap\u0131lan bini\u015f say\u0131s\u0131, 6 milyon 185 bin 877 olarak a\u00e7\u0131klan\u0131rken, Antray i\u00e7in bu say\u0131s\u0131 2 milyon 300 bin 180, Nostalji Travmay\u0131 i\u00e7inse bu say\u0131 85 bin 547 olarak belirlendi.<\/p>\n<p>TOPLU ULA\u015eIMA \u0130LG\u0130 ARTTI <\/p>\n<p>Otob\u00fcs kullan\u0131m\u0131 son 3 ay i\u00e7erisinde 60 bin bini\u015f artarken, Antray i\u00e7inse bu say\u0131 88 bin bini\u015f olarak hesapland\u0131. \u015eubat ay\u0131n 85 milyon bini\u015f yap\u0131lan Nostalji Tramvay\u0131\u2019na Nisan ay\u0131nda bini\u015f say\u0131s\u0131n\u0131n 16 bin artt\u0131\u011f\u0131 ve 101 bine y\u00fckseldi\u011fi tespit edildi. Yaz sezonun gelmesi ve turistlerin Antalya\u2019ya gelmesiyle birlikte bu say\u0131lar\u0131n artt\u0131\u011f\u0131 d\u00fc\u015f\u00fcn\u00fcl\u00fcyor.<\/p>\n<p>\u200bAntalya B\u00fcy\u00fck\u015fehir Belediyesi, 2025 y\u0131l\u0131n\u0131n Nisan ay\u0131na ait toplu ta\u015f\u0131ma ve yolcu say\u0131lar\u0131n\u0131 a\u00e7\u0131klad\u0131. A\u00e7\u0131klanan rakamalar g\u00f6re son 3 ayda Antray\u2019a bini\u015flerde 88 binlik bir art\u0131\u015f ya\u015fan\u0131rken, Nostalji Tramvay\u0131\u2019nda ise bu say\u0131n\u0131n 16 bin oldu\u011fu g\u00f6zlemlendi.\u00a0<\/p>\n<p>\u200bHaberin Al\u0131nt\u0131land\u0131\u011f\u0131 Kaynak: www.antalyakorfez.com<\/p>","protected":false},"excerpt":{"rendered":"<p>Antalya B\u00fcy\u00fck\u015fehir Belediyesi, 2025 y\u0131l\u0131n\u0131n Nisan ay\u0131na ait toplu ta\u015f\u0131ma ve yolcu say\u0131lar\u0131n\u0131 a\u00e7\u0131klad\u0131. A\u00e7\u0131klanan verilere g\u00f6re 2025 Nisan ay\u0131nda otob\u00fcslere 6 milyon 581 bin 184 bini\u015f ger\u00e7ekle\u015fti. Antray\u2019a ise 2 milyon 533 bin 31 ki\u015fi, Nostalji Tramvay\u0131\u2019na ise 108 bin 978 bini\u015f ger\u00e7ekle\u015fti\u011fi a\u00e7\u0131kland\u0131. \u015eUBAT AYINDAK\u0130 SAYILAR 2025 y\u0131l\u0131n\u0131n \u015eubat ay\u0131ndaki say\u0131lar baz al\u0131nd\u0131\u011f\u0131nda ise toplu ula\u015f\u0131ma ra\u011fbettin art\u0131\u011f\u0131 g\u00f6zlemlendi. 2025 y\u0131l\u0131n\u0131n \u015fubat ay\u0131nda otob\u00fcslere yap\u0131lan bini\u015f say\u0131s\u0131, 6 milyon 185 bin 877 olarak a\u00e7\u0131klan\u0131rken, Antray i\u00e7in bu say\u0131s\u0131 2 milyon 300 bin 180, Nostalji Travmay\u0131 i\u00e7inse bu say\u0131 85 bin 547 olarak belirlendi. TOPLU ULA\u015eIMA \u0130LG\u0130 ARTTI Otob\u00fcs kullan\u0131m\u0131 son 3 ay i\u00e7erisinde 60 bin bini\u015f artarken, Antray i\u00e7inse bu say\u0131 88 bin bini\u015f olarak hesapland\u0131. \u015eubat ay\u0131n 85 milyon bini\u015f yap\u0131lan Nostalji Tramvay\u0131\u2019na Nisan ay\u0131nda bini\u015f say\u0131s\u0131n\u0131n 16 bin artt\u0131\u011f\u0131 ve 101 bine y\u00fckseldi\u011fi tespit edildi. Yaz sezonun gelmesi ve turistlerin Antalya\u2019ya gelmesiyle birlikte bu say\u0131lar\u0131n artt\u0131\u011f\u0131 d\u00fc\u015f\u00fcn\u00fcl\u00fcyor. \u200bAntalya B\u00fcy\u00fck\u015fehir Belediyesi, 2025 y\u0131l\u0131n\u0131n Nisan ay\u0131na ait toplu ta\u015f\u0131ma ve yolcu say\u0131lar\u0131n\u0131 a\u00e7\u0131klad\u0131. A\u00e7\u0131klanan rakamalar g\u00f6re son 3 ayda Antray\u2019a bini\u015flerde 88 binlik bir art\u0131\u015f ya\u015fan\u0131rken, Nostalji Tramvay\u0131\u2019nda ise bu say\u0131n\u0131n 16 bin oldu\u011fu g\u00f6zlemlendi.\u00a0 \u200bHaberin Al\u0131nt\u0131land\u0131\u011f\u0131 Kaynak: www.antalyakorfez.com<\/p>","protected":false},"author":5,"featured_media":0,"comment_status":"","ping_status":"open","sticky":false,"template":"","format":"standard","meta":{"_acf_changed":false,"footnotes":""},"categories":[24],"tags":[],"class_list":["post-86394","post","type-post","status-publish","format-standard","has-post-thumbnail","hentry","category-gundem"],"acf":[],"yoast_head":"<!-- This site is optimized with the Yoast SEO Premium plugin v26.6 (Yoast SEO v27.1.1) - https:\/\/yoast.com\/product\/yoast-seo-premium-wordpress\/ -->\n<title>Antalya\u2019da tramvaylara ilgi artt\u0131 - Av. Deniz Can K\u0131z\u0131l<\/title>\n<meta name=\"robots\" content=\"index, follow, max-snippet:-1, max-image-preview:large, max-video-preview:-1\" \/>\n<link rel=\"canonical\" href=\"https:\/\/denizcankizil.tr\/en\/haberler\/gundem\/antalyada-tramvaylara-ilgi-artti\/\" \/>\n<meta property=\"og:locale\" content=\"en_GB\" \/>\n<meta property=\"og:type\" content=\"article\" \/>\n<meta property=\"og:title\" content=\"Antalya\u2019da tramvaylara ilgi artt\u0131\" \/>\n<meta property=\"og:description\" content=\"Antalya B\u00fcy\u00fck\u015fehir Belediyesi, 2025 y\u0131l\u0131n\u0131n Nisan ay\u0131na ait toplu ta\u015f\u0131ma ve yolcu say\u0131lar\u0131n\u0131 a\u00e7\u0131klad\u0131. A\u00e7\u0131klanan verilere g\u00f6re 2025 Nisan ay\u0131nda otob\u00fcslere 6 milyon 581 bin 184 bini\u015f ger\u00e7ekle\u015fti. Antray\u2019a ise 2 milyon 533 bin 31 ki\u015fi, Nostalji Tramvay\u0131\u2019na ise 108 bin 978 bini\u015f ger\u00e7ekle\u015fti\u011fi a\u00e7\u0131kland\u0131. \u015eUBAT AYINDAK\u0130 SAYILAR 2025 y\u0131l\u0131n\u0131n \u015eubat ay\u0131ndaki say\u0131lar baz al\u0131nd\u0131\u011f\u0131nda ise toplu ula\u015f\u0131ma ra\u011fbettin art\u0131\u011f\u0131 g\u00f6zlemlendi. 2025 y\u0131l\u0131n\u0131n \u015fubat ay\u0131nda otob\u00fcslere yap\u0131lan bini\u015f say\u0131s\u0131, 6 milyon 185 bin 877 olarak a\u00e7\u0131klan\u0131rken, Antray i\u00e7in bu say\u0131s\u0131 2 milyon 300 bin 180, Nostalji Travmay\u0131 i\u00e7inse bu say\u0131 85 bin 547 olarak belirlendi. TOPLU ULA\u015eIMA \u0130LG\u0130 ARTTI Otob\u00fcs kullan\u0131m\u0131 son 3 ay i\u00e7erisinde 60 bin bini\u015f artarken, Antray i\u00e7inse bu say\u0131 88 bin bini\u015f olarak hesapland\u0131. \u015eubat ay\u0131n 85 milyon bini\u015f yap\u0131lan Nostalji Tramvay\u0131\u2019na Nisan ay\u0131nda bini\u015f say\u0131s\u0131n\u0131n 16 bin artt\u0131\u011f\u0131 ve 101 bine y\u00fckseldi\u011fi tespit edildi. Yaz sezonun gelmesi ve turistlerin Antalya\u2019ya gelmesiyle birlikte bu say\u0131lar\u0131n artt\u0131\u011f\u0131 d\u00fc\u015f\u00fcn\u00fcl\u00fcyor. \u200bAntalya B\u00fcy\u00fck\u015fehir Belediyesi, 2025 y\u0131l\u0131n\u0131n Nisan ay\u0131na ait toplu ta\u015f\u0131ma ve yolcu say\u0131lar\u0131n\u0131 a\u00e7\u0131klad\u0131. A\u00e7\u0131klanan rakamalar g\u00f6re son 3 ayda Antray\u2019a bini\u015flerde 88 binlik bir art\u0131\u015f ya\u015fan\u0131rken, Nostalji Tramvay\u0131\u2019nda ise bu say\u0131n\u0131n 16 bin oldu\u011fu g\u00f6zlemlendi.\u00a0 \u200bHaberin Al\u0131nt\u0131land\u0131\u011f\u0131 Kaynak: www.antalyakorfez.com\" \/>\n<meta property=\"og:url\" content=\"https:\/\/denizcankizil.tr\/en\/haberler\/gundem\/antalyada-tramvaylara-ilgi-artti\/\" \/>\n<meta property=\"og:site_name\" content=\"Av. Deniz Can K\u0131z\u0131l\" \/>\n<meta property=\"article:published_time\" content=\"2025-05-14T13:42:04+00:00\" \/>\n<meta name=\"author\" content=\"Antalya K\u00f6rfez\" \/>\n<meta name=\"twitter:card\" content=\"summary_large_image\" \/>\n<meta name=\"twitter:label1\" content=\"Written by\" \/>\n\t<meta name=\"twitter:data1\" content=\"Antalya K\u00f6rfez\" \/>\n\t<meta name=\"twitter:label2\" content=\"Estimated reading time\" \/>\n\t<meta name=\"twitter:data2\" content=\"1 minute\" \/>\n<script type=\"application\/ld+json\" class=\"yoast-schema-graph\">{\"@context\":\"https:\/\/schema.org\",\"@graph\":[{\"@type\":\"Article\",\"@id\":\"https:\/\/denizcankizil.tr\/en\/haberler\/gundem\/antalyada-tramvaylara-ilgi-artti\/#article\",\"isPartOf\":{\"@id\":\"https:\/\/denizcankizil.tr\/en\/haberler\/gundem\/antalyada-tramvaylara-ilgi-artti\/\"},\"author\":{\"name\":\"Antalya K\u00f6rfez\",\"@id\":\"https:\/\/denizcankizil.tr\/#\/schema\/person\/e1eb71bb4dd684d46563f0af307e1234\"},\"headline\":\"Antalya\u2019da tramvaylara ilgi artt\u0131\",\"datePublished\":\"2025-05-14T13:42:04+00:00\",\"mainEntityOfPage\":{\"@id\":\"https:\/\/denizcankizil.tr\/en\/haberler\/gundem\/antalyada-tramvaylara-ilgi-artti\/\"},\"wordCount\":258,\"publisher\":{\"@id\":\"https:\/\/denizcankizil.tr\/#organization\"},\"articleSection\":[\"G\u00fcndem\"],\"inLanguage\":\"en-GB\"},{\"@type\":\"WebPage\",\"@id\":\"https:\/\/denizcankizil.tr\/en\/haberler\/gundem\/antalyada-tramvaylara-ilgi-artti\/\",\"url\":\"https:\/\/denizcankizil.tr\/en\/haberler\/gundem\/antalyada-tramvaylara-ilgi-artti\/\",\"name\":\"Antalya\u2019da tramvaylara ilgi artt\u0131 - Av. Deniz Can K\u0131z\u0131l\",\"isPartOf\":{\"@id\":\"https:\/\/denizcankizil.tr\/#website\"},\"datePublished\":\"2025-05-14T13:42:04+00:00\",\"breadcrumb\":{\"@id\":\"https:\/\/denizcankizil.tr\/en\/haberler\/gundem\/antalyada-tramvaylara-ilgi-artti\/#breadcrumb\"},\"inLanguage\":\"en-GB\",\"potentialAction\":[{\"@type\":\"ReadAction\",\"target\":[\"https:\/\/denizcankizil.tr\/en\/haberler\/gundem\/antalyada-tramvaylara-ilgi-artti\/\"]}]},{\"@type\":\"BreadcrumbList\",\"@id\":\"https:\/\/denizcankizil.tr\/en\/haberler\/gundem\/antalyada-tramvaylara-ilgi-artti\/#breadcrumb\",\"itemListElement\":[{\"@type\":\"ListItem\",\"position\":1,\"name\":\"Home\",\"item\":\"https:\/\/denizcankizil.tr\/de\/\"},{\"@type\":\"ListItem\",\"position\":2,\"name\":\"Antalya\u2019da tramvaylara ilgi artt\u0131\"}]},{\"@type\":\"WebSite\",\"@id\":\"https:\/\/denizcankizil.tr\/#website\",\"url\":\"https:\/\/denizcankizil.tr\/\",\"name\":\"Av. Deniz Can K\u0131z\u0131l\",\"description\":\"Avukat Deniz Can K\u0131z\u0131l Antalya Barosu\",\"publisher\":{\"@id\":\"https:\/\/denizcankizil.tr\/#organization\"},\"potentialAction\":[{\"@type\":\"SearchAction\",\"target\":{\"@type\":\"EntryPoint\",\"urlTemplate\":\"https:\/\/denizcankizil.tr\/?s={search_term_string}\"},\"query-input\":{\"@type\":\"PropertyValueSpecification\",\"valueRequired\":true,\"valueName\":\"search_term_string\"}}],\"inLanguage\":\"en-GB\"},{\"@type\":\"Organization\",\"@id\":\"https:\/\/denizcankizil.tr\/#organization\",\"name\":\"Av. Deniz Can K\u0131z\u0131l\",\"url\":\"https:\/\/denizcankizil.tr\/\",\"logo\":{\"@type\":\"ImageObject\",\"inLanguage\":\"en-GB\",\"@id\":\"https:\/\/denizcankizil.tr\/#\/schema\/logo\/image\/\",\"url\":\"https:\/\/denizcankizil.tr\/wp-content\/uploads\/2024\/10\/siyah-logo-svg.svg\",\"contentUrl\":\"https:\/\/denizcankizil.tr\/wp-content\/uploads\/2024\/10\/siyah-logo-svg.svg\",\"width\":1080,\"height\":1080,\"caption\":\"Av. Deniz Can K\u0131z\u0131l\"},\"image\":{\"@id\":\"https:\/\/denizcankizil.tr\/#\/schema\/logo\/image\/\"}},{\"@type\":\"Person\",\"@id\":\"https:\/\/denizcankizil.tr\/#\/schema\/person\/e1eb71bb4dd684d46563f0af307e1234\",\"name\":\"Antalya K\u00f6rfez\",\"image\":{\"@type\":\"ImageObject\",\"inLanguage\":\"en-GB\",\"@id\":\"https:\/\/denizcankizil.tr\/#\/schema\/person\/image\/\",\"url\":\"https:\/\/secure.gravatar.com\/avatar\/42b01982558a48a0b501fdcab6a408d3717ea5919095ee2e67b0e521799c5905?s=96&d=mm&r=g\",\"contentUrl\":\"https:\/\/secure.gravatar.com\/avatar\/42b01982558a48a0b501fdcab6a408d3717ea5919095ee2e67b0e521799c5905?s=96&d=mm&r=g\",\"caption\":\"Antalya K\u00f6rfez\"},\"sameAs\":[\"http:\/\/www.antalyakorfez.com\"],\"url\":\"https:\/\/www.antalyakorfez.com\/antalyada-tramvaylara-ilgi-artti\"}]}<\/script>\n<!-- \/ Yoast SEO Premium plugin. -->","yoast_head_json":{"title":"Antalya\u2019da tramvaylara ilgi artt\u0131 - Av. Deniz Can K\u0131z\u0131l","robots":{"index":"index","follow":"follow","max-snippet":"max-snippet:-1","max-image-preview":"max-image-preview:large","max-video-preview":"max-video-preview:-1"},"canonical":"https:\/\/denizcankizil.tr\/en\/haberler\/gundem\/antalyada-tramvaylara-ilgi-artti\/","og_locale":"en_GB","og_type":"article","og_title":"Antalya\u2019da tramvaylara ilgi artt\u0131","og_description":"Antalya B\u00fcy\u00fck\u015fehir Belediyesi, 2025 y\u0131l\u0131n\u0131n Nisan ay\u0131na ait toplu ta\u015f\u0131ma ve yolcu say\u0131lar\u0131n\u0131 a\u00e7\u0131klad\u0131. A\u00e7\u0131klanan verilere g\u00f6re 2025 Nisan ay\u0131nda otob\u00fcslere 6 milyon 581 bin 184 bini\u015f ger\u00e7ekle\u015fti. Antray\u2019a ise 2 milyon 533 bin 31 ki\u015fi, Nostalji Tramvay\u0131\u2019na ise 108 bin 978 bini\u015f ger\u00e7ekle\u015fti\u011fi a\u00e7\u0131kland\u0131. \u015eUBAT AYINDAK\u0130 SAYILAR 2025 y\u0131l\u0131n\u0131n \u015eubat ay\u0131ndaki say\u0131lar baz al\u0131nd\u0131\u011f\u0131nda ise toplu ula\u015f\u0131ma ra\u011fbettin art\u0131\u011f\u0131 g\u00f6zlemlendi. 2025 y\u0131l\u0131n\u0131n \u015fubat ay\u0131nda otob\u00fcslere yap\u0131lan bini\u015f say\u0131s\u0131, 6 milyon 185 bin 877 olarak a\u00e7\u0131klan\u0131rken, Antray i\u00e7in bu say\u0131s\u0131 2 milyon 300 bin 180, Nostalji Travmay\u0131 i\u00e7inse bu say\u0131 85 bin 547 olarak belirlendi. TOPLU ULA\u015eIMA \u0130LG\u0130 ARTTI Otob\u00fcs kullan\u0131m\u0131 son 3 ay i\u00e7erisinde 60 bin bini\u015f artarken, Antray i\u00e7inse bu say\u0131 88 bin bini\u015f olarak hesapland\u0131. \u015eubat ay\u0131n 85 milyon bini\u015f yap\u0131lan Nostalji Tramvay\u0131\u2019na Nisan ay\u0131nda bini\u015f say\u0131s\u0131n\u0131n 16 bin artt\u0131\u011f\u0131 ve 101 bine y\u00fckseldi\u011fi tespit edildi. Yaz sezonun gelmesi ve turistlerin Antalya\u2019ya gelmesiyle birlikte bu say\u0131lar\u0131n artt\u0131\u011f\u0131 d\u00fc\u015f\u00fcn\u00fcl\u00fcyor. \u200bAntalya B\u00fcy\u00fck\u015fehir Belediyesi, 2025 y\u0131l\u0131n\u0131n Nisan ay\u0131na ait toplu ta\u015f\u0131ma ve yolcu say\u0131lar\u0131n\u0131 a\u00e7\u0131klad\u0131. A\u00e7\u0131klanan rakamalar g\u00f6re son 3 ayda Antray\u2019a bini\u015flerde 88 binlik bir art\u0131\u015f ya\u015fan\u0131rken, Nostalji Tramvay\u0131\u2019nda ise bu say\u0131n\u0131n 16 bin oldu\u011fu g\u00f6zlemlendi.\u00a0 \u200bHaberin Al\u0131nt\u0131land\u0131\u011f\u0131 Kaynak: www.antalyakorfez.com","og_url":"https:\/\/denizcankizil.tr\/en\/haberler\/gundem\/antalyada-tramvaylara-ilgi-artti\/","og_site_name":"Av. Deniz Can K\u0131z\u0131l","article_published_time":"2025-05-14T13:42:04+00:00","author":"Antalya K\u00f6rfez","twitter_card":"summary_large_image","twitter_misc":{"Written by":"Antalya K\u00f6rfez","Estimated reading time":"1 minute"},"schema":{"@context":"https:\/\/schema.org","@graph":[{"@type":"Article","@id":"https:\/\/denizcankizil.tr\/en\/haberler\/gundem\/antalyada-tramvaylara-ilgi-artti\/#article","isPartOf":{"@id":"https:\/\/denizcankizil.tr\/en\/haberler\/gundem\/antalyada-tramvaylara-ilgi-artti\/"},"author":{"name":"Antalya K\u00f6rfez","@id":"https:\/\/denizcankizil.tr\/#\/schema\/person\/e1eb71bb4dd684d46563f0af307e1234"},"headline":"Antalya\u2019da tramvaylara ilgi artt\u0131","datePublished":"2025-05-14T13:42:04+00:00","mainEntityOfPage":{"@id":"https:\/\/denizcankizil.tr\/en\/haberler\/gundem\/antalyada-tramvaylara-ilgi-artti\/"},"wordCount":258,"publisher":{"@id":"https:\/\/denizcankizil.tr\/#organization"},"articleSection":["G\u00fcndem"],"inLanguage":"en-GB"},{"@type":"WebPage","@id":"https:\/\/denizcankizil.tr\/en\/haberler\/gundem\/antalyada-tramvaylara-ilgi-artti\/","url":"https:\/\/denizcankizil.tr\/en\/haberler\/gundem\/antalyada-tramvaylara-ilgi-artti\/","name":"Antalya\u2019da tramvaylara ilgi artt\u0131 - Av. Deniz Can K\u0131z\u0131l","isPartOf":{"@id":"https:\/\/denizcankizil.tr\/#website"},"datePublished":"2025-05-14T13:42:04+00:00","breadcrumb":{"@id":"https:\/\/denizcankizil.tr\/en\/haberler\/gundem\/antalyada-tramvaylara-ilgi-artti\/#breadcrumb"},"inLanguage":"en-GB","potentialAction":[{"@type":"ReadAction","target":["https:\/\/denizcankizil.tr\/en\/haberler\/gundem\/antalyada-tramvaylara-ilgi-artti\/"]}]},{"@type":"BreadcrumbList","@id":"https:\/\/denizcankizil.tr\/en\/haberler\/gundem\/antalyada-tramvaylara-ilgi-artti\/#breadcrumb","itemListElement":[{"@type":"ListItem","position":1,"name":"Home","item":"https:\/\/denizcankizil.tr\/de\/"},{"@type":"ListItem","position":2,"name":"Antalya\u2019da tramvaylara ilgi artt\u0131"}]},{"@type":"WebSite","@id":"https:\/\/denizcankizil.tr\/#website","url":"https:\/\/denizcankizil.tr\/","name":"Av. Deniz Can K\u0131z\u0131l","description":"Avukat Deniz Can K\u0131z\u0131l Antalya Barosu","publisher":{"@id":"https:\/\/denizcankizil.tr\/#organization"},"potentialAction":[{"@type":"SearchAction","target":{"@type":"EntryPoint","urlTemplate":"https:\/\/denizcankizil.tr\/?s={search_term_string}"},"query-input":{"@type":"PropertyValueSpecification","valueRequired":true,"valueName":"search_term_string"}}],"inLanguage":"en-GB"},{"@type":"Organization","@id":"https:\/\/denizcankizil.tr\/#organization","name":"Av. Deniz Can K\u0131z\u0131l","url":"https:\/\/denizcankizil.tr\/","logo":{"@type":"ImageObject","inLanguage":"en-GB","@id":"https:\/\/denizcankizil.tr\/#\/schema\/logo\/image\/","url":"https:\/\/denizcankizil.tr\/wp-content\/uploads\/2024\/10\/siyah-logo-svg.svg","contentUrl":"https:\/\/denizcankizil.tr\/wp-content\/uploads\/2024\/10\/siyah-logo-svg.svg","width":1080,"height":1080,"caption":"Av. Deniz Can K\u0131z\u0131l"},"image":{"@id":"https:\/\/denizcankizil.tr\/#\/schema\/logo\/image\/"}},{"@type":"Person","@id":"https:\/\/denizcankizil.tr\/#\/schema\/person\/e1eb71bb4dd684d46563f0af307e1234","name":"Antalya K\u00f6rfez","image":{"@type":"ImageObject","inLanguage":"en-GB","@id":"https:\/\/denizcankizil.tr\/#\/schema\/person\/image\/","url":"https:\/\/secure.gravatar.com\/avatar\/42b01982558a48a0b501fdcab6a408d3717ea5919095ee2e67b0e521799c5905?s=96&d=mm&r=g","contentUrl":"https:\/\/secure.gravatar.com\/avatar\/42b01982558a48a0b501fdcab6a408d3717ea5919095ee2e67b0e521799c5905?s=96&d=mm&r=g","caption":"Antalya K\u00f6rfez"},"sameAs":["http:\/\/www.antalyakorfez.com"],"url":"https:\/\/www.antalyakorfez.com\/antalyada-tramvaylara-ilgi-artti"}]}},"_links":{"self":[{"href":"https:\/\/denizcankizil.tr\/en\/wp-json\/wp\/v2\/posts\/86394","targetHints":{"allow":["GET"]}}],"collection":[{"href":"https:\/\/denizcankizil.tr\/en\/wp-json\/wp\/v2\/posts"}],"about":[{"href":"https:\/\/denizcankizil.tr\/en\/wp-json\/wp\/v2\/types\/post"}],"author":[{"embeddable":true,"href":"https:\/\/denizcankizil.tr\/en\/wp-json\/wp\/v2\/users\/5"}],"replies":[{"embeddable":true,"href":"https:\/\/denizcankizil.tr\/en\/wp-json\/wp\/v2\/comments?post=86394"}],"version-history":[{"count":0,"href":"https:\/\/denizcankizil.tr\/en\/wp-json\/wp\/v2\/posts\/86394\/revisions"}],"wp:attachment":[{"href":"https:\/\/denizcankizil.tr\/en\/wp-json\/wp\/v2\/media?parent=86394"}],"wp:term":[{"taxonomy":"category","embeddable":true,"href":"https:\/\/denizcankizil.tr\/en\/wp-json\/wp\/v2\/categories?post=86394"},{"taxonomy":"post_tag","embeddable":true,"href":"https:\/\/denizcankizil.tr\/en\/wp-json\/wp\/v2\/tags?post=86394"}],"curies":[{"name":"wp","href":"https:\/\/api.w.org\/{rel}","templated":true}]}}