{"id":86158,"date":"2025-05-14T11:41:52","date_gmt":"2025-05-14T08:41:52","guid":{"rendered":"https:\/\/denizcankizil.tr\/uncategorized-tr\/bakan-kurumdan-muglada-yasanan-6-siddetindeki-depreme-iliskin-aciklama\/"},"modified":"2025-05-14T11:41:52","modified_gmt":"2025-05-14T08:41:52","slug":"bakan-kurumdan-muglada-yasanan-6-siddetindeki-depreme-iliskin-aciklama","status":"publish","type":"post","link":"https:\/\/denizcankizil.tr\/en\/haberler\/gundem\/bakan-kurumdan-muglada-yasanan-6-siddetindeki-depreme-iliskin-aciklama\/","title":{"rendered":"Bakan Kurum\u2019dan Mu\u011fla\u2019da ya\u015fanan 6 \u015fiddetindeki depreme ili\u015fkin a\u00e7\u0131klama"},"content":{"rendered":"<p>Afet ve Acil Durum Y\u00f6netimi Ba\u015fkanl\u0131\u011f\u0131n\u0131n (AFAD) internet sitesinde yer alan bilgiye g\u00f6re, merkez \u00fcss\u00fc Akdeniz olan 6,0 b\u00fcy\u00fckl\u00fc\u011f\u00fcnde sars\u0131nt\u0131 kaydedildi. Mu\u011fla&#8217;n\u0131n Dat\u00e7a il\u00e7esine 155,06 kilometre uzakl\u0131ktaki depremin yerin 20,41 kilometre derinlikte meydana geldi\u011fi belirlendi. Antalya\u2019da da hissedilen deprem korkuya neden oldu.<\/p>\n<p>ANTALYA\u2019DA H\u0130SSED\u0130LD\u0130\u2026<\/p>\n<p>Antalya\u2019da da hissedilen depremin ard\u0131ndan a\u00e7\u0131klamalarda bulunan \u00c7evre, \u015eehircilik ve \u0130klim De\u011fi\u015fikli\u011fi Bakan\u0131 Murat Kurum, Akdeniz&#8217;de meydana gelen 6 b\u00fcy\u00fckl\u00fc\u011f\u00fcndeki depremin herhangi bir hasara neden olmad\u0131\u011f\u0131n\u0131 belirterek, saha \u00e7al\u0131\u015fmalar\u0131n\u0131n s\u00fcrd\u00fc\u011f\u00fcn\u00fc bildirdi. Kurum a\u00e7\u0131klamalar\u0131nda, \u201cDat\u00e7a il\u00e7esi, Akdeniz a\u00e7\u0131klar\u0131nda 6 b\u00fcy\u00fckl\u00fc\u011f\u00fcnde meydana gelen depremi hisseden t\u00fcm vatanda\u015flar\u0131m\u0131za ge\u00e7mi\u015f olsun. Ekiplerimizin yapt\u0131\u011f\u0131 ara\u015ft\u0131rmada ilk belirlemelere g\u00f6re depremin herhangi bir hasara neden olmad\u0131\u011f\u0131 tespit edilmi\u015ftir. Saha \u00e7al\u0131\u015fmalar\u0131m\u0131z devam ediyor. Allah \u00fclkemizi ve milletimizi t\u00fcm afetlerden korusun\u201d dedi.<\/p>\n<p>KUMLUCA D\u00dcN YA\u015eANAN DEPREM KORKUTMU\u015eTU<\/p>\n<p>D\u00fcn, AFAD&#8217;\u0131n verilerine g\u00f6re saat 07:49&#8217;da merkez \u00fcss\u00fc Antalya&#8217;n\u0131n Kumluca il\u00e7esi olan bir deprem meydana gelmi\u015fti. Depremin b\u00fcy\u00fckl\u00fc\u011f\u00fc 3,8 olarak \u00f6l\u00e7\u00fcld\u00fc. AFAD, Antalya&#8217;n\u0131n Kumluca il\u00e7esinde 3,8 b\u00fcy\u00fckl\u00fc\u011f\u00fcnde bir deprem meydana geldi\u011fini duyurdu. Depremin derinli\u011fi 29,02 kilometre olarak a\u00e7\u0131kland\u0131. B\u00f6lgede b\u00fcy\u00fck korkuya yol a\u00e7an depremin ard\u0131ndan bug\u00fcn ya\u015fanan deprem yine korkuya neden oldu.<\/p>\n<p>NAC\u0130 G\u00d6R\u00dcR A\u00c7IKLAMA YAPTI<\/p>\n<p>Yer Bilimci Prof. Dr. Naci G\u00f6r\u00fcr, Akdeniz\u2019de ya\u015fanan depremin ard\u0131ndan sosyal medya hesab\u0131ndan a\u00e7\u0131klamalarda bulundu. G\u00f6r\u00fcr, \u201cAkdeniz\u2019de ve Girit Adas\u0131n\u0131n do\u011fusunda Kasos ve Karpatos Adalar\u0131 civar\u0131nda d\u00fcn gece 6,0 deprem oldu. Deprem Girit-K\u0131br\u0131s Dalma-Batma Zonunda ve dalan levha \u00fczerinde (80 km), sevgiyle\u201d dedi.<\/p>\n<p>\u200bMu\u011fla&#8217;n\u0131n Dat\u00e7a a\u00e7\u0131klar\u0131nda saat 01.51&#8217;de 6 b\u00fcy\u00fckl\u00fc\u011f\u00fcnde deprem oldu. Deprem Antalya ba\u015fta olmak \u00fczere \u00e7ok say\u0131da ilde hissedildi. \u00c7evre, \u015eehircilik ve \u0130klim De\u011fi\u015fikli\u011fi Bakan\u0131 Murat Kurum, depreme ili\u015fkin a\u00e7\u0131klama yapt\u0131\u00a0<\/p>\n<p>\u200bHaberin Al\u0131nt\u0131land\u0131\u011f\u0131 Kaynak: www.antalyakorfez.com<\/p>","protected":false},"excerpt":{"rendered":"<p>Afet ve Acil Durum Y\u00f6netimi Ba\u015fkanl\u0131\u011f\u0131n\u0131n (AFAD) internet sitesinde yer alan bilgiye g\u00f6re, merkez \u00fcss\u00fc Akdeniz olan 6,0 b\u00fcy\u00fckl\u00fc\u011f\u00fcnde sars\u0131nt\u0131 kaydedildi. Mu\u011fla&#8217;n\u0131n Dat\u00e7a il\u00e7esine 155,06 kilometre uzakl\u0131ktaki depremin yerin 20,41 kilometre derinlikte meydana geldi\u011fi belirlendi. Antalya\u2019da da hissedilen deprem korkuya neden oldu. ANTALYA\u2019DA H\u0130SSED\u0130LD\u0130\u2026 Antalya\u2019da da hissedilen depremin ard\u0131ndan a\u00e7\u0131klamalarda bulunan \u00c7evre, \u015eehircilik ve \u0130klim De\u011fi\u015fikli\u011fi Bakan\u0131 Murat Kurum, Akdeniz&#8217;de meydana gelen 6 b\u00fcy\u00fckl\u00fc\u011f\u00fcndeki depremin herhangi bir hasara neden olmad\u0131\u011f\u0131n\u0131 belirterek, saha \u00e7al\u0131\u015fmalar\u0131n\u0131n s\u00fcrd\u00fc\u011f\u00fcn\u00fc bildirdi. Kurum a\u00e7\u0131klamalar\u0131nda, \u201cDat\u00e7a il\u00e7esi, Akdeniz a\u00e7\u0131klar\u0131nda 6 b\u00fcy\u00fckl\u00fc\u011f\u00fcnde meydana gelen depremi hisseden t\u00fcm vatanda\u015flar\u0131m\u0131za ge\u00e7mi\u015f olsun. Ekiplerimizin yapt\u0131\u011f\u0131 ara\u015ft\u0131rmada ilk belirlemelere g\u00f6re depremin herhangi bir hasara neden olmad\u0131\u011f\u0131 tespit edilmi\u015ftir. Saha \u00e7al\u0131\u015fmalar\u0131m\u0131z devam ediyor. Allah \u00fclkemizi ve milletimizi t\u00fcm afetlerden korusun\u201d dedi. KUMLUCA D\u00dcN YA\u015eANAN DEPREM KORKUTMU\u015eTU D\u00fcn, AFAD&#8217;\u0131n verilerine g\u00f6re saat 07:49&#8217;da merkez \u00fcss\u00fc Antalya&#8217;n\u0131n Kumluca il\u00e7esi olan bir deprem meydana gelmi\u015fti. Depremin b\u00fcy\u00fckl\u00fc\u011f\u00fc 3,8 olarak \u00f6l\u00e7\u00fcld\u00fc. AFAD, Antalya&#8217;n\u0131n Kumluca il\u00e7esinde 3,8 b\u00fcy\u00fckl\u00fc\u011f\u00fcnde bir deprem meydana geldi\u011fini duyurdu. Depremin derinli\u011fi 29,02 kilometre olarak a\u00e7\u0131kland\u0131. B\u00f6lgede b\u00fcy\u00fck korkuya yol a\u00e7an depremin ard\u0131ndan bug\u00fcn ya\u015fanan deprem yine korkuya neden oldu. NAC\u0130 G\u00d6R\u00dcR A\u00c7IKLAMA YAPTI Yer Bilimci Prof. Dr. Naci G\u00f6r\u00fcr, Akdeniz\u2019de ya\u015fanan depremin ard\u0131ndan sosyal medya hesab\u0131ndan a\u00e7\u0131klamalarda bulundu. G\u00f6r\u00fcr, \u201cAkdeniz\u2019de ve Girit Adas\u0131n\u0131n do\u011fusunda Kasos &hellip;<\/p>","protected":false},"author":5,"featured_media":0,"comment_status":"","ping_status":"open","sticky":false,"template":"","format":"standard","meta":{"_acf_changed":false,"footnotes":""},"categories":[24],"tags":[],"class_list":["post-86158","post","type-post","status-publish","format-standard","has-post-thumbnail","hentry","category-gundem"],"acf":[],"yoast_head":"<!-- This site is optimized with the Yoast SEO Premium plugin v26.6 (Yoast SEO v27.1.1) - https:\/\/yoast.com\/product\/yoast-seo-premium-wordpress\/ -->\n<title>Bakan Kurum\u2019dan Mu\u011fla\u2019da ya\u015fanan 6 \u015fiddetindeki depreme ili\u015fkin a\u00e7\u0131klama - Av. Deniz Can K\u0131z\u0131l<\/title>\n<meta name=\"robots\" content=\"index, follow, max-snippet:-1, max-image-preview:large, max-video-preview:-1\" \/>\n<link rel=\"canonical\" href=\"https:\/\/denizcankizil.tr\/en\/haberler\/gundem\/bakan-kurumdan-muglada-yasanan-6-siddetindeki-depreme-iliskin-aciklama\/\" \/>\n<meta property=\"og:locale\" content=\"en_GB\" \/>\n<meta property=\"og:type\" content=\"article\" \/>\n<meta property=\"og:title\" content=\"Bakan Kurum\u2019dan Mu\u011fla\u2019da ya\u015fanan 6 \u015fiddetindeki depreme ili\u015fkin a\u00e7\u0131klama\" \/>\n<meta property=\"og:description\" content=\"Afet ve Acil Durum Y\u00f6netimi Ba\u015fkanl\u0131\u011f\u0131n\u0131n (AFAD) internet sitesinde yer alan bilgiye g\u00f6re, merkez \u00fcss\u00fc Akdeniz olan 6,0 b\u00fcy\u00fckl\u00fc\u011f\u00fcnde sars\u0131nt\u0131 kaydedildi. Mu\u011fla&#8217;n\u0131n Dat\u00e7a il\u00e7esine 155,06 kilometre uzakl\u0131ktaki depremin yerin 20,41 kilometre derinlikte meydana geldi\u011fi belirlendi. Antalya\u2019da da hissedilen deprem korkuya neden oldu. ANTALYA\u2019DA H\u0130SSED\u0130LD\u0130\u2026 Antalya\u2019da da hissedilen depremin ard\u0131ndan a\u00e7\u0131klamalarda bulunan \u00c7evre, \u015eehircilik ve \u0130klim De\u011fi\u015fikli\u011fi Bakan\u0131 Murat Kurum, Akdeniz&#8217;de meydana gelen 6 b\u00fcy\u00fckl\u00fc\u011f\u00fcndeki depremin herhangi bir hasara neden olmad\u0131\u011f\u0131n\u0131 belirterek, saha \u00e7al\u0131\u015fmalar\u0131n\u0131n s\u00fcrd\u00fc\u011f\u00fcn\u00fc bildirdi. Kurum a\u00e7\u0131klamalar\u0131nda, \u201cDat\u00e7a il\u00e7esi, Akdeniz a\u00e7\u0131klar\u0131nda 6 b\u00fcy\u00fckl\u00fc\u011f\u00fcnde meydana gelen depremi hisseden t\u00fcm vatanda\u015flar\u0131m\u0131za ge\u00e7mi\u015f olsun. Ekiplerimizin yapt\u0131\u011f\u0131 ara\u015ft\u0131rmada ilk belirlemelere g\u00f6re depremin herhangi bir hasara neden olmad\u0131\u011f\u0131 tespit edilmi\u015ftir. Saha \u00e7al\u0131\u015fmalar\u0131m\u0131z devam ediyor. Allah \u00fclkemizi ve milletimizi t\u00fcm afetlerden korusun\u201d dedi. KUMLUCA D\u00dcN YA\u015eANAN DEPREM KORKUTMU\u015eTU D\u00fcn, AFAD&#8217;\u0131n verilerine g\u00f6re saat 07:49&#8217;da merkez \u00fcss\u00fc Antalya&#8217;n\u0131n Kumluca il\u00e7esi olan bir deprem meydana gelmi\u015fti. Depremin b\u00fcy\u00fckl\u00fc\u011f\u00fc 3,8 olarak \u00f6l\u00e7\u00fcld\u00fc. AFAD, Antalya&#8217;n\u0131n Kumluca il\u00e7esinde 3,8 b\u00fcy\u00fckl\u00fc\u011f\u00fcnde bir deprem meydana geldi\u011fini duyurdu. Depremin derinli\u011fi 29,02 kilometre olarak a\u00e7\u0131kland\u0131. B\u00f6lgede b\u00fcy\u00fck korkuya yol a\u00e7an depremin ard\u0131ndan bug\u00fcn ya\u015fanan deprem yine korkuya neden oldu. NAC\u0130 G\u00d6R\u00dcR A\u00c7IKLAMA YAPTI Yer Bilimci Prof. Dr. Naci G\u00f6r\u00fcr, Akdeniz\u2019de ya\u015fanan depremin ard\u0131ndan sosyal medya hesab\u0131ndan a\u00e7\u0131klamalarda bulundu. G\u00f6r\u00fcr, \u201cAkdeniz\u2019de ve Girit Adas\u0131n\u0131n do\u011fusunda Kasos &hellip;\" \/>\n<meta property=\"og:url\" content=\"https:\/\/denizcankizil.tr\/en\/haberler\/gundem\/bakan-kurumdan-muglada-yasanan-6-siddetindeki-depreme-iliskin-aciklama\/\" \/>\n<meta property=\"og:site_name\" content=\"Av. Deniz Can K\u0131z\u0131l\" \/>\n<meta property=\"article:published_time\" content=\"2025-05-14T08:41:52+00:00\" \/>\n<meta name=\"author\" content=\"Antalya K\u00f6rfez\" \/>\n<meta name=\"twitter:card\" content=\"summary_large_image\" \/>\n<meta name=\"twitter:label1\" content=\"Written by\" \/>\n\t<meta name=\"twitter:data1\" content=\"Antalya K\u00f6rfez\" \/>\n\t<meta name=\"twitter:label2\" content=\"Estimated reading time\" \/>\n\t<meta name=\"twitter:data2\" content=\"2 minutes\" \/>\n<script type=\"application\/ld+json\" class=\"yoast-schema-graph\">{\"@context\":\"https:\/\/schema.org\",\"@graph\":[{\"@type\":\"Article\",\"@id\":\"https:\/\/denizcankizil.tr\/en\/haberler\/gundem\/bakan-kurumdan-muglada-yasanan-6-siddetindeki-depreme-iliskin-aciklama\/#article\",\"isPartOf\":{\"@id\":\"https:\/\/denizcankizil.tr\/en\/haberler\/gundem\/bakan-kurumdan-muglada-yasanan-6-siddetindeki-depreme-iliskin-aciklama\/\"},\"author\":{\"name\":\"Antalya K\u00f6rfez\",\"@id\":\"https:\/\/denizcankizil.tr\/#\/schema\/person\/e1eb71bb4dd684d46563f0af307e1234\"},\"headline\":\"Bakan Kurum\u2019dan Mu\u011fla\u2019da ya\u015fanan 6 \u015fiddetindeki depreme ili\u015fkin a\u00e7\u0131klama\",\"datePublished\":\"2025-05-14T08:41:52+00:00\",\"mainEntityOfPage\":{\"@id\":\"https:\/\/denizcankizil.tr\/en\/haberler\/gundem\/bakan-kurumdan-muglada-yasanan-6-siddetindeki-depreme-iliskin-aciklama\/\"},\"wordCount\":385,\"publisher\":{\"@id\":\"https:\/\/denizcankizil.tr\/#organization\"},\"articleSection\":[\"G\u00fcndem\"],\"inLanguage\":\"en-GB\"},{\"@type\":\"WebPage\",\"@id\":\"https:\/\/denizcankizil.tr\/en\/haberler\/gundem\/bakan-kurumdan-muglada-yasanan-6-siddetindeki-depreme-iliskin-aciklama\/\",\"url\":\"https:\/\/denizcankizil.tr\/en\/haberler\/gundem\/bakan-kurumdan-muglada-yasanan-6-siddetindeki-depreme-iliskin-aciklama\/\",\"name\":\"Bakan Kurum\u2019dan Mu\u011fla\u2019da ya\u015fanan 6 \u015fiddetindeki depreme ili\u015fkin a\u00e7\u0131klama - Av. Deniz Can K\u0131z\u0131l\",\"isPartOf\":{\"@id\":\"https:\/\/denizcankizil.tr\/#website\"},\"datePublished\":\"2025-05-14T08:41:52+00:00\",\"breadcrumb\":{\"@id\":\"https:\/\/denizcankizil.tr\/en\/haberler\/gundem\/bakan-kurumdan-muglada-yasanan-6-siddetindeki-depreme-iliskin-aciklama\/#breadcrumb\"},\"inLanguage\":\"en-GB\",\"potentialAction\":[{\"@type\":\"ReadAction\",\"target\":[\"https:\/\/denizcankizil.tr\/en\/haberler\/gundem\/bakan-kurumdan-muglada-yasanan-6-siddetindeki-depreme-iliskin-aciklama\/\"]}]},{\"@type\":\"BreadcrumbList\",\"@id\":\"https:\/\/denizcankizil.tr\/en\/haberler\/gundem\/bakan-kurumdan-muglada-yasanan-6-siddetindeki-depreme-iliskin-aciklama\/#breadcrumb\",\"itemListElement\":[{\"@type\":\"ListItem\",\"position\":1,\"name\":\"Home\",\"item\":\"https:\/\/denizcankizil.tr\/de\/\"},{\"@type\":\"ListItem\",\"position\":2,\"name\":\"Bakan Kurum\u2019dan Mu\u011fla\u2019da ya\u015fanan 6 \u015fiddetindeki depreme ili\u015fkin a\u00e7\u0131klama\"}]},{\"@type\":\"WebSite\",\"@id\":\"https:\/\/denizcankizil.tr\/#website\",\"url\":\"https:\/\/denizcankizil.tr\/\",\"name\":\"Av. Deniz Can K\u0131z\u0131l\",\"description\":\"Avukat Deniz Can K\u0131z\u0131l Antalya Barosu\",\"publisher\":{\"@id\":\"https:\/\/denizcankizil.tr\/#organization\"},\"potentialAction\":[{\"@type\":\"SearchAction\",\"target\":{\"@type\":\"EntryPoint\",\"urlTemplate\":\"https:\/\/denizcankizil.tr\/?s={search_term_string}\"},\"query-input\":{\"@type\":\"PropertyValueSpecification\",\"valueRequired\":true,\"valueName\":\"search_term_string\"}}],\"inLanguage\":\"en-GB\"},{\"@type\":\"Organization\",\"@id\":\"https:\/\/denizcankizil.tr\/#organization\",\"name\":\"Av. Deniz Can K\u0131z\u0131l\",\"url\":\"https:\/\/denizcankizil.tr\/\",\"logo\":{\"@type\":\"ImageObject\",\"inLanguage\":\"en-GB\",\"@id\":\"https:\/\/denizcankizil.tr\/#\/schema\/logo\/image\/\",\"url\":\"https:\/\/denizcankizil.tr\/wp-content\/uploads\/2024\/10\/siyah-logo-svg.svg\",\"contentUrl\":\"https:\/\/denizcankizil.tr\/wp-content\/uploads\/2024\/10\/siyah-logo-svg.svg\",\"width\":1080,\"height\":1080,\"caption\":\"Av. Deniz Can K\u0131z\u0131l\"},\"image\":{\"@id\":\"https:\/\/denizcankizil.tr\/#\/schema\/logo\/image\/\"}},{\"@type\":\"Person\",\"@id\":\"https:\/\/denizcankizil.tr\/#\/schema\/person\/e1eb71bb4dd684d46563f0af307e1234\",\"name\":\"Antalya K\u00f6rfez\",\"image\":{\"@type\":\"ImageObject\",\"inLanguage\":\"en-GB\",\"@id\":\"https:\/\/denizcankizil.tr\/#\/schema\/person\/image\/\",\"url\":\"https:\/\/secure.gravatar.com\/avatar\/42b01982558a48a0b501fdcab6a408d3717ea5919095ee2e67b0e521799c5905?s=96&d=mm&r=g\",\"contentUrl\":\"https:\/\/secure.gravatar.com\/avatar\/42b01982558a48a0b501fdcab6a408d3717ea5919095ee2e67b0e521799c5905?s=96&d=mm&r=g\",\"caption\":\"Antalya K\u00f6rfez\"},\"sameAs\":[\"http:\/\/www.antalyakorfez.com\"],\"url\":\"https:\/\/www.antalyakorfez.com\/bakan-kurumdan-muglada-yasanan-6-siddetindeki-depreme-iliskin-aciklama\"}]}<\/script>\n<!-- \/ Yoast SEO Premium plugin. -->","yoast_head_json":{"title":"Bakan Kurum\u2019dan Mu\u011fla\u2019da ya\u015fanan 6 \u015fiddetindeki depreme ili\u015fkin a\u00e7\u0131klama - Av. Deniz Can K\u0131z\u0131l","robots":{"index":"index","follow":"follow","max-snippet":"max-snippet:-1","max-image-preview":"max-image-preview:large","max-video-preview":"max-video-preview:-1"},"canonical":"https:\/\/denizcankizil.tr\/en\/haberler\/gundem\/bakan-kurumdan-muglada-yasanan-6-siddetindeki-depreme-iliskin-aciklama\/","og_locale":"en_GB","og_type":"article","og_title":"Bakan Kurum\u2019dan Mu\u011fla\u2019da ya\u015fanan 6 \u015fiddetindeki depreme ili\u015fkin a\u00e7\u0131klama","og_description":"Afet ve Acil Durum Y\u00f6netimi Ba\u015fkanl\u0131\u011f\u0131n\u0131n (AFAD) internet sitesinde yer alan bilgiye g\u00f6re, merkez \u00fcss\u00fc Akdeniz olan 6,0 b\u00fcy\u00fckl\u00fc\u011f\u00fcnde sars\u0131nt\u0131 kaydedildi. Mu\u011fla&#8217;n\u0131n Dat\u00e7a il\u00e7esine 155,06 kilometre uzakl\u0131ktaki depremin yerin 20,41 kilometre derinlikte meydana geldi\u011fi belirlendi. Antalya\u2019da da hissedilen deprem korkuya neden oldu. ANTALYA\u2019DA H\u0130SSED\u0130LD\u0130\u2026 Antalya\u2019da da hissedilen depremin ard\u0131ndan a\u00e7\u0131klamalarda bulunan \u00c7evre, \u015eehircilik ve \u0130klim De\u011fi\u015fikli\u011fi Bakan\u0131 Murat Kurum, Akdeniz&#8217;de meydana gelen 6 b\u00fcy\u00fckl\u00fc\u011f\u00fcndeki depremin herhangi bir hasara neden olmad\u0131\u011f\u0131n\u0131 belirterek, saha \u00e7al\u0131\u015fmalar\u0131n\u0131n s\u00fcrd\u00fc\u011f\u00fcn\u00fc bildirdi. Kurum a\u00e7\u0131klamalar\u0131nda, \u201cDat\u00e7a il\u00e7esi, Akdeniz a\u00e7\u0131klar\u0131nda 6 b\u00fcy\u00fckl\u00fc\u011f\u00fcnde meydana gelen depremi hisseden t\u00fcm vatanda\u015flar\u0131m\u0131za ge\u00e7mi\u015f olsun. Ekiplerimizin yapt\u0131\u011f\u0131 ara\u015ft\u0131rmada ilk belirlemelere g\u00f6re depremin herhangi bir hasara neden olmad\u0131\u011f\u0131 tespit edilmi\u015ftir. Saha \u00e7al\u0131\u015fmalar\u0131m\u0131z devam ediyor. Allah \u00fclkemizi ve milletimizi t\u00fcm afetlerden korusun\u201d dedi. KUMLUCA D\u00dcN YA\u015eANAN DEPREM KORKUTMU\u015eTU D\u00fcn, AFAD&#8217;\u0131n verilerine g\u00f6re saat 07:49&#8217;da merkez \u00fcss\u00fc Antalya&#8217;n\u0131n Kumluca il\u00e7esi olan bir deprem meydana gelmi\u015fti. Depremin b\u00fcy\u00fckl\u00fc\u011f\u00fc 3,8 olarak \u00f6l\u00e7\u00fcld\u00fc. AFAD, Antalya&#8217;n\u0131n Kumluca il\u00e7esinde 3,8 b\u00fcy\u00fckl\u00fc\u011f\u00fcnde bir deprem meydana geldi\u011fini duyurdu. Depremin derinli\u011fi 29,02 kilometre olarak a\u00e7\u0131kland\u0131. B\u00f6lgede b\u00fcy\u00fck korkuya yol a\u00e7an depremin ard\u0131ndan bug\u00fcn ya\u015fanan deprem yine korkuya neden oldu. NAC\u0130 G\u00d6R\u00dcR A\u00c7IKLAMA YAPTI Yer Bilimci Prof. Dr. Naci G\u00f6r\u00fcr, Akdeniz\u2019de ya\u015fanan depremin ard\u0131ndan sosyal medya hesab\u0131ndan a\u00e7\u0131klamalarda bulundu. G\u00f6r\u00fcr, \u201cAkdeniz\u2019de ve Girit Adas\u0131n\u0131n do\u011fusunda Kasos &hellip;","og_url":"https:\/\/denizcankizil.tr\/en\/haberler\/gundem\/bakan-kurumdan-muglada-yasanan-6-siddetindeki-depreme-iliskin-aciklama\/","og_site_name":"Av. Deniz Can K\u0131z\u0131l","article_published_time":"2025-05-14T08:41:52+00:00","author":"Antalya K\u00f6rfez","twitter_card":"summary_large_image","twitter_misc":{"Written by":"Antalya K\u00f6rfez","Estimated reading time":"2 minutes"},"schema":{"@context":"https:\/\/schema.org","@graph":[{"@type":"Article","@id":"https:\/\/denizcankizil.tr\/en\/haberler\/gundem\/bakan-kurumdan-muglada-yasanan-6-siddetindeki-depreme-iliskin-aciklama\/#article","isPartOf":{"@id":"https:\/\/denizcankizil.tr\/en\/haberler\/gundem\/bakan-kurumdan-muglada-yasanan-6-siddetindeki-depreme-iliskin-aciklama\/"},"author":{"name":"Antalya K\u00f6rfez","@id":"https:\/\/denizcankizil.tr\/#\/schema\/person\/e1eb71bb4dd684d46563f0af307e1234"},"headline":"Bakan Kurum\u2019dan Mu\u011fla\u2019da ya\u015fanan 6 \u015fiddetindeki depreme ili\u015fkin a\u00e7\u0131klama","datePublished":"2025-05-14T08:41:52+00:00","mainEntityOfPage":{"@id":"https:\/\/denizcankizil.tr\/en\/haberler\/gundem\/bakan-kurumdan-muglada-yasanan-6-siddetindeki-depreme-iliskin-aciklama\/"},"wordCount":385,"publisher":{"@id":"https:\/\/denizcankizil.tr\/#organization"},"articleSection":["G\u00fcndem"],"inLanguage":"en-GB"},{"@type":"WebPage","@id":"https:\/\/denizcankizil.tr\/en\/haberler\/gundem\/bakan-kurumdan-muglada-yasanan-6-siddetindeki-depreme-iliskin-aciklama\/","url":"https:\/\/denizcankizil.tr\/en\/haberler\/gundem\/bakan-kurumdan-muglada-yasanan-6-siddetindeki-depreme-iliskin-aciklama\/","name":"Bakan Kurum\u2019dan Mu\u011fla\u2019da ya\u015fanan 6 \u015fiddetindeki depreme ili\u015fkin a\u00e7\u0131klama - Av. Deniz Can K\u0131z\u0131l","isPartOf":{"@id":"https:\/\/denizcankizil.tr\/#website"},"datePublished":"2025-05-14T08:41:52+00:00","breadcrumb":{"@id":"https:\/\/denizcankizil.tr\/en\/haberler\/gundem\/bakan-kurumdan-muglada-yasanan-6-siddetindeki-depreme-iliskin-aciklama\/#breadcrumb"},"inLanguage":"en-GB","potentialAction":[{"@type":"ReadAction","target":["https:\/\/denizcankizil.tr\/en\/haberler\/gundem\/bakan-kurumdan-muglada-yasanan-6-siddetindeki-depreme-iliskin-aciklama\/"]}]},{"@type":"BreadcrumbList","@id":"https:\/\/denizcankizil.tr\/en\/haberler\/gundem\/bakan-kurumdan-muglada-yasanan-6-siddetindeki-depreme-iliskin-aciklama\/#breadcrumb","itemListElement":[{"@type":"ListItem","position":1,"name":"Home","item":"https:\/\/denizcankizil.tr\/de\/"},{"@type":"ListItem","position":2,"name":"Bakan Kurum\u2019dan Mu\u011fla\u2019da ya\u015fanan 6 \u015fiddetindeki depreme ili\u015fkin a\u00e7\u0131klama"}]},{"@type":"WebSite","@id":"https:\/\/denizcankizil.tr\/#website","url":"https:\/\/denizcankizil.tr\/","name":"Av. Deniz Can K\u0131z\u0131l","description":"Avukat Deniz Can K\u0131z\u0131l Antalya Barosu","publisher":{"@id":"https:\/\/denizcankizil.tr\/#organization"},"potentialAction":[{"@type":"SearchAction","target":{"@type":"EntryPoint","urlTemplate":"https:\/\/denizcankizil.tr\/?s={search_term_string}"},"query-input":{"@type":"PropertyValueSpecification","valueRequired":true,"valueName":"search_term_string"}}],"inLanguage":"en-GB"},{"@type":"Organization","@id":"https:\/\/denizcankizil.tr\/#organization","name":"Av. Deniz Can K\u0131z\u0131l","url":"https:\/\/denizcankizil.tr\/","logo":{"@type":"ImageObject","inLanguage":"en-GB","@id":"https:\/\/denizcankizil.tr\/#\/schema\/logo\/image\/","url":"https:\/\/denizcankizil.tr\/wp-content\/uploads\/2024\/10\/siyah-logo-svg.svg","contentUrl":"https:\/\/denizcankizil.tr\/wp-content\/uploads\/2024\/10\/siyah-logo-svg.svg","width":1080,"height":1080,"caption":"Av. Deniz Can K\u0131z\u0131l"},"image":{"@id":"https:\/\/denizcankizil.tr\/#\/schema\/logo\/image\/"}},{"@type":"Person","@id":"https:\/\/denizcankizil.tr\/#\/schema\/person\/e1eb71bb4dd684d46563f0af307e1234","name":"Antalya K\u00f6rfez","image":{"@type":"ImageObject","inLanguage":"en-GB","@id":"https:\/\/denizcankizil.tr\/#\/schema\/person\/image\/","url":"https:\/\/secure.gravatar.com\/avatar\/42b01982558a48a0b501fdcab6a408d3717ea5919095ee2e67b0e521799c5905?s=96&d=mm&r=g","contentUrl":"https:\/\/secure.gravatar.com\/avatar\/42b01982558a48a0b501fdcab6a408d3717ea5919095ee2e67b0e521799c5905?s=96&d=mm&r=g","caption":"Antalya K\u00f6rfez"},"sameAs":["http:\/\/www.antalyakorfez.com"],"url":"https:\/\/www.antalyakorfez.com\/bakan-kurumdan-muglada-yasanan-6-siddetindeki-depreme-iliskin-aciklama"}]}},"_links":{"self":[{"href":"https:\/\/denizcankizil.tr\/en\/wp-json\/wp\/v2\/posts\/86158","targetHints":{"allow":["GET"]}}],"collection":[{"href":"https:\/\/denizcankizil.tr\/en\/wp-json\/wp\/v2\/posts"}],"about":[{"href":"https:\/\/denizcankizil.tr\/en\/wp-json\/wp\/v2\/types\/post"}],"author":[{"embeddable":true,"href":"https:\/\/denizcankizil.tr\/en\/wp-json\/wp\/v2\/users\/5"}],"replies":[{"embeddable":true,"href":"https:\/\/denizcankizil.tr\/en\/wp-json\/wp\/v2\/comments?post=86158"}],"version-history":[{"count":0,"href":"https:\/\/denizcankizil.tr\/en\/wp-json\/wp\/v2\/posts\/86158\/revisions"}],"wp:attachment":[{"href":"https:\/\/denizcankizil.tr\/en\/wp-json\/wp\/v2\/media?parent=86158"}],"wp:term":[{"taxonomy":"category","embeddable":true,"href":"https:\/\/denizcankizil.tr\/en\/wp-json\/wp\/v2\/categories?post=86158"},{"taxonomy":"post_tag","embeddable":true,"href":"https:\/\/denizcankizil.tr\/en\/wp-json\/wp\/v2\/tags?post=86158"}],"curies":[{"name":"wp","href":"https:\/\/api.w.org\/{rel}","templated":true}]}}