{"id":86103,"date":"2025-05-14T09:42:20","date_gmt":"2025-05-14T06:42:20","guid":{"rendered":"https:\/\/denizcankizil.tr\/uncategorized-tr\/maskinin-2025-yili-1-olagan-kongresi-gerceklestirildi\/"},"modified":"2025-05-14T09:42:20","modified_gmt":"2025-05-14T06:42:20","slug":"maskinin-2025-yili-1-olagan-kongresi-gerceklestirildi","status":"publish","type":"post","link":"https:\/\/denizcankizil.tr\/en\/haberler\/gundem\/maskinin-2025-yili-1-olagan-kongresi-gerceklestirildi\/","title":{"rendered":"MASK\u0130\u2019nin 2025 Y\u0131l\u0131 1. Ola\u011fan Kongresi ger\u00e7ekle\u015ftirildi"},"content":{"rendered":"<p>Manisa Su ve Kanalizasyon \u0130daresi (MASK\u0130)\u00a0Genel M\u00fcd\u00fcrl\u00fc\u011f\u00fc 2025 y\u0131l\u0131 1. Ola\u011fan Genel Kurulu ger\u00e7ekle\u015ftirildi.<\/p>\n<p>\u200bManisa Su ve Kanalizasyon \u0130daresi (MASK\u0130)\u00a0Genel M\u00fcd\u00fcrl\u00fc\u011f\u00fc 2025 y\u0131l\u0131 1. Ola\u011fan Genel Kurulu ger\u00e7ekle\u015ftirildi.\u00a0<\/p>\n<p>\u200bHaberin Al\u0131nt\u0131land\u0131\u011f\u0131 Kaynak: www.iskenderun.org<\/p>","protected":false},"excerpt":{"rendered":"<p>Manisa Su ve Kanalizasyon \u0130daresi (MASK\u0130)\u00a0Genel M\u00fcd\u00fcrl\u00fc\u011f\u00fc 2025 y\u0131l\u0131 1. Ola\u011fan Genel Kurulu ger\u00e7ekle\u015ftirildi. \u200bManisa Su ve Kanalizasyon \u0130daresi (MASK\u0130)\u00a0Genel M\u00fcd\u00fcrl\u00fc\u011f\u00fc 2025 y\u0131l\u0131 1. Ola\u011fan Genel Kurulu ger\u00e7ekle\u015ftirildi.\u00a0 \u200bHaberin Al\u0131nt\u0131land\u0131\u011f\u0131 Kaynak: www.iskenderun.org<\/p>","protected":false},"author":1,"featured_media":0,"comment_status":"","ping_status":"open","sticky":false,"template":"","format":"standard","meta":{"_acf_changed":false,"footnotes":""},"categories":[24],"tags":[],"class_list":["post-86103","post","type-post","status-publish","format-standard","has-post-thumbnail","hentry","category-gundem"],"acf":[],"yoast_head":"<!-- This site is optimized with the Yoast SEO Premium plugin v26.6 (Yoast SEO v27.1.1) - https:\/\/yoast.com\/product\/yoast-seo-premium-wordpress\/ -->\n<title>MASK\u0130\u2019nin 2025 Y\u0131l\u0131 1. Ola\u011fan Kongresi ger\u00e7ekle\u015ftirildi - Av. Deniz Can K\u0131z\u0131l<\/title>\n<meta name=\"robots\" content=\"index, follow, max-snippet:-1, max-image-preview:large, max-video-preview:-1\" \/>\n<link rel=\"canonical\" href=\"https:\/\/denizcankizil.tr\/en\/haberler\/gundem\/maskinin-2025-yili-1-olagan-kongresi-gerceklestirildi\/\" \/>\n<meta property=\"og:locale\" content=\"en_GB\" \/>\n<meta property=\"og:type\" content=\"article\" \/>\n<meta property=\"og:title\" content=\"MASK\u0130\u2019nin 2025 Y\u0131l\u0131 1. Ola\u011fan Kongresi ger\u00e7ekle\u015ftirildi\" \/>\n<meta property=\"og:description\" content=\"Manisa Su ve Kanalizasyon \u0130daresi (MASK\u0130)\u00a0Genel M\u00fcd\u00fcrl\u00fc\u011f\u00fc 2025 y\u0131l\u0131 1. Ola\u011fan Genel Kurulu ger\u00e7ekle\u015ftirildi. \u200bManisa Su ve Kanalizasyon \u0130daresi (MASK\u0130)\u00a0Genel M\u00fcd\u00fcrl\u00fc\u011f\u00fc 2025 y\u0131l\u0131 1. Ola\u011fan Genel Kurulu ger\u00e7ekle\u015ftirildi.\u00a0 \u200bHaberin Al\u0131nt\u0131land\u0131\u011f\u0131 Kaynak: www.iskenderun.org\" \/>\n<meta property=\"og:url\" content=\"https:\/\/denizcankizil.tr\/en\/haberler\/gundem\/maskinin-2025-yili-1-olagan-kongresi-gerceklestirildi\/\" \/>\n<meta property=\"og:site_name\" content=\"Av. Deniz Can K\u0131z\u0131l\" \/>\n<meta property=\"article:published_time\" content=\"2025-05-14T06:42:20+00:00\" \/>\n<meta name=\"author\" content=\"admin\" \/>\n<meta name=\"twitter:card\" content=\"summary_large_image\" \/>\n<meta name=\"twitter:label1\" content=\"Written by\" \/>\n\t<meta name=\"twitter:data1\" content=\"admin\" \/>\n<script type=\"application\/ld+json\" class=\"yoast-schema-graph\">{\"@context\":\"https:\/\/schema.org\",\"@graph\":[{\"@type\":\"Article\",\"@id\":\"https:\/\/denizcankizil.tr\/en\/haberler\/gundem\/maskinin-2025-yili-1-olagan-kongresi-gerceklestirildi\/#article\",\"isPartOf\":{\"@id\":\"https:\/\/denizcankizil.tr\/en\/haberler\/gundem\/maskinin-2025-yili-1-olagan-kongresi-gerceklestirildi\/\"},\"author\":{\"name\":\"admin\",\"@id\":\"https:\/\/denizcankizil.tr\/#\/schema\/person\/be3c05fe6a12686905512445d8185489\"},\"headline\":\"MASK\u0130\u2019nin 2025 Y\u0131l\u0131 1. Ola\u011fan Kongresi ger\u00e7ekle\u015ftirildi\",\"datePublished\":\"2025-05-14T06:42:20+00:00\",\"mainEntityOfPage\":{\"@id\":\"https:\/\/denizcankizil.tr\/en\/haberler\/gundem\/maskinin-2025-yili-1-olagan-kongresi-gerceklestirildi\/\"},\"wordCount\":56,\"publisher\":{\"@id\":\"https:\/\/denizcankizil.tr\/#organization\"},\"articleSection\":[\"G\u00fcndem\"],\"inLanguage\":\"en-GB\"},{\"@type\":\"WebPage\",\"@id\":\"https:\/\/denizcankizil.tr\/en\/haberler\/gundem\/maskinin-2025-yili-1-olagan-kongresi-gerceklestirildi\/\",\"url\":\"https:\/\/denizcankizil.tr\/en\/haberler\/gundem\/maskinin-2025-yili-1-olagan-kongresi-gerceklestirildi\/\",\"name\":\"MASK\u0130\u2019nin 2025 Y\u0131l\u0131 1. Ola\u011fan Kongresi ger\u00e7ekle\u015ftirildi - Av. Deniz Can K\u0131z\u0131l\",\"isPartOf\":{\"@id\":\"https:\/\/denizcankizil.tr\/#website\"},\"datePublished\":\"2025-05-14T06:42:20+00:00\",\"breadcrumb\":{\"@id\":\"https:\/\/denizcankizil.tr\/en\/haberler\/gundem\/maskinin-2025-yili-1-olagan-kongresi-gerceklestirildi\/#breadcrumb\"},\"inLanguage\":\"en-GB\",\"potentialAction\":[{\"@type\":\"ReadAction\",\"target\":[\"https:\/\/denizcankizil.tr\/en\/haberler\/gundem\/maskinin-2025-yili-1-olagan-kongresi-gerceklestirildi\/\"]}]},{\"@type\":\"BreadcrumbList\",\"@id\":\"https:\/\/denizcankizil.tr\/en\/haberler\/gundem\/maskinin-2025-yili-1-olagan-kongresi-gerceklestirildi\/#breadcrumb\",\"itemListElement\":[{\"@type\":\"ListItem\",\"position\":1,\"name\":\"Home\",\"item\":\"https:\/\/denizcankizil.tr\/de\/\"},{\"@type\":\"ListItem\",\"position\":2,\"name\":\"MASK\u0130\u2019nin 2025 Y\u0131l\u0131 1. Ola\u011fan Kongresi ger\u00e7ekle\u015ftirildi\"}]},{\"@type\":\"WebSite\",\"@id\":\"https:\/\/denizcankizil.tr\/#website\",\"url\":\"https:\/\/denizcankizil.tr\/\",\"name\":\"Av. Deniz Can K\u0131z\u0131l\",\"description\":\"Avukat Deniz Can K\u0131z\u0131l Antalya Barosu\",\"publisher\":{\"@id\":\"https:\/\/denizcankizil.tr\/#organization\"},\"potentialAction\":[{\"@type\":\"SearchAction\",\"target\":{\"@type\":\"EntryPoint\",\"urlTemplate\":\"https:\/\/denizcankizil.tr\/?s={search_term_string}\"},\"query-input\":{\"@type\":\"PropertyValueSpecification\",\"valueRequired\":true,\"valueName\":\"search_term_string\"}}],\"inLanguage\":\"en-GB\"},{\"@type\":\"Organization\",\"@id\":\"https:\/\/denizcankizil.tr\/#organization\",\"name\":\"Av. Deniz Can K\u0131z\u0131l\",\"url\":\"https:\/\/denizcankizil.tr\/\",\"logo\":{\"@type\":\"ImageObject\",\"inLanguage\":\"en-GB\",\"@id\":\"https:\/\/denizcankizil.tr\/#\/schema\/logo\/image\/\",\"url\":\"https:\/\/denizcankizil.tr\/wp-content\/uploads\/2024\/10\/siyah-logo-svg.svg\",\"contentUrl\":\"https:\/\/denizcankizil.tr\/wp-content\/uploads\/2024\/10\/siyah-logo-svg.svg\",\"width\":1080,\"height\":1080,\"caption\":\"Av. Deniz Can K\u0131z\u0131l\"},\"image\":{\"@id\":\"https:\/\/denizcankizil.tr\/#\/schema\/logo\/image\/\"}},{\"@type\":\"Person\",\"@id\":\"https:\/\/denizcankizil.tr\/#\/schema\/person\/be3c05fe6a12686905512445d8185489\",\"name\":\"admin\",\"image\":{\"@type\":\"ImageObject\",\"inLanguage\":\"en-GB\",\"@id\":\"https:\/\/denizcankizil.tr\/#\/schema\/person\/image\/\",\"url\":\"https:\/\/secure.gravatar.com\/avatar\/c1fce94c830dc79107e174f890d7210541c4a63e8e5d816341794a2151c9d58c?s=96&d=mm&r=g\",\"contentUrl\":\"https:\/\/secure.gravatar.com\/avatar\/c1fce94c830dc79107e174f890d7210541c4a63e8e5d816341794a2151c9d58c?s=96&d=mm&r=g\",\"caption\":\"admin\"},\"sameAs\":[\"http:\/\/denizcankizil.tr\"],\"url\":\"https:\/\/www.iskenderun.org\/maskinin-2025-yili-1-olagan-kongresi-gerceklestirildi\"}]}<\/script>\n<!-- \/ Yoast SEO Premium plugin. -->","yoast_head_json":{"title":"MASK\u0130\u2019nin 2025 Y\u0131l\u0131 1. Ola\u011fan Kongresi ger\u00e7ekle\u015ftirildi - Av. Deniz Can K\u0131z\u0131l","robots":{"index":"index","follow":"follow","max-snippet":"max-snippet:-1","max-image-preview":"max-image-preview:large","max-video-preview":"max-video-preview:-1"},"canonical":"https:\/\/denizcankizil.tr\/en\/haberler\/gundem\/maskinin-2025-yili-1-olagan-kongresi-gerceklestirildi\/","og_locale":"en_GB","og_type":"article","og_title":"MASK\u0130\u2019nin 2025 Y\u0131l\u0131 1. Ola\u011fan Kongresi ger\u00e7ekle\u015ftirildi","og_description":"Manisa Su ve Kanalizasyon \u0130daresi (MASK\u0130)\u00a0Genel M\u00fcd\u00fcrl\u00fc\u011f\u00fc 2025 y\u0131l\u0131 1. Ola\u011fan Genel Kurulu ger\u00e7ekle\u015ftirildi. \u200bManisa Su ve Kanalizasyon \u0130daresi (MASK\u0130)\u00a0Genel M\u00fcd\u00fcrl\u00fc\u011f\u00fc 2025 y\u0131l\u0131 1. Ola\u011fan Genel Kurulu ger\u00e7ekle\u015ftirildi.\u00a0 \u200bHaberin Al\u0131nt\u0131land\u0131\u011f\u0131 Kaynak: www.iskenderun.org","og_url":"https:\/\/denizcankizil.tr\/en\/haberler\/gundem\/maskinin-2025-yili-1-olagan-kongresi-gerceklestirildi\/","og_site_name":"Av. Deniz Can K\u0131z\u0131l","article_published_time":"2025-05-14T06:42:20+00:00","author":"admin","twitter_card":"summary_large_image","twitter_misc":{"Written by":"admin"},"schema":{"@context":"https:\/\/schema.org","@graph":[{"@type":"Article","@id":"https:\/\/denizcankizil.tr\/en\/haberler\/gundem\/maskinin-2025-yili-1-olagan-kongresi-gerceklestirildi\/#article","isPartOf":{"@id":"https:\/\/denizcankizil.tr\/en\/haberler\/gundem\/maskinin-2025-yili-1-olagan-kongresi-gerceklestirildi\/"},"author":{"name":"admin","@id":"https:\/\/denizcankizil.tr\/#\/schema\/person\/be3c05fe6a12686905512445d8185489"},"headline":"MASK\u0130\u2019nin 2025 Y\u0131l\u0131 1. Ola\u011fan Kongresi ger\u00e7ekle\u015ftirildi","datePublished":"2025-05-14T06:42:20+00:00","mainEntityOfPage":{"@id":"https:\/\/denizcankizil.tr\/en\/haberler\/gundem\/maskinin-2025-yili-1-olagan-kongresi-gerceklestirildi\/"},"wordCount":56,"publisher":{"@id":"https:\/\/denizcankizil.tr\/#organization"},"articleSection":["G\u00fcndem"],"inLanguage":"en-GB"},{"@type":"WebPage","@id":"https:\/\/denizcankizil.tr\/en\/haberler\/gundem\/maskinin-2025-yili-1-olagan-kongresi-gerceklestirildi\/","url":"https:\/\/denizcankizil.tr\/en\/haberler\/gundem\/maskinin-2025-yili-1-olagan-kongresi-gerceklestirildi\/","name":"MASK\u0130\u2019nin 2025 Y\u0131l\u0131 1. Ola\u011fan Kongresi ger\u00e7ekle\u015ftirildi - Av. Deniz Can K\u0131z\u0131l","isPartOf":{"@id":"https:\/\/denizcankizil.tr\/#website"},"datePublished":"2025-05-14T06:42:20+00:00","breadcrumb":{"@id":"https:\/\/denizcankizil.tr\/en\/haberler\/gundem\/maskinin-2025-yili-1-olagan-kongresi-gerceklestirildi\/#breadcrumb"},"inLanguage":"en-GB","potentialAction":[{"@type":"ReadAction","target":["https:\/\/denizcankizil.tr\/en\/haberler\/gundem\/maskinin-2025-yili-1-olagan-kongresi-gerceklestirildi\/"]}]},{"@type":"BreadcrumbList","@id":"https:\/\/denizcankizil.tr\/en\/haberler\/gundem\/maskinin-2025-yili-1-olagan-kongresi-gerceklestirildi\/#breadcrumb","itemListElement":[{"@type":"ListItem","position":1,"name":"Home","item":"https:\/\/denizcankizil.tr\/de\/"},{"@type":"ListItem","position":2,"name":"MASK\u0130\u2019nin 2025 Y\u0131l\u0131 1. Ola\u011fan Kongresi ger\u00e7ekle\u015ftirildi"}]},{"@type":"WebSite","@id":"https:\/\/denizcankizil.tr\/#website","url":"https:\/\/denizcankizil.tr\/","name":"Av. Deniz Can K\u0131z\u0131l","description":"Avukat Deniz Can K\u0131z\u0131l Antalya Barosu","publisher":{"@id":"https:\/\/denizcankizil.tr\/#organization"},"potentialAction":[{"@type":"SearchAction","target":{"@type":"EntryPoint","urlTemplate":"https:\/\/denizcankizil.tr\/?s={search_term_string}"},"query-input":{"@type":"PropertyValueSpecification","valueRequired":true,"valueName":"search_term_string"}}],"inLanguage":"en-GB"},{"@type":"Organization","@id":"https:\/\/denizcankizil.tr\/#organization","name":"Av. Deniz Can K\u0131z\u0131l","url":"https:\/\/denizcankizil.tr\/","logo":{"@type":"ImageObject","inLanguage":"en-GB","@id":"https:\/\/denizcankizil.tr\/#\/schema\/logo\/image\/","url":"https:\/\/denizcankizil.tr\/wp-content\/uploads\/2024\/10\/siyah-logo-svg.svg","contentUrl":"https:\/\/denizcankizil.tr\/wp-content\/uploads\/2024\/10\/siyah-logo-svg.svg","width":1080,"height":1080,"caption":"Av. Deniz Can K\u0131z\u0131l"},"image":{"@id":"https:\/\/denizcankizil.tr\/#\/schema\/logo\/image\/"}},{"@type":"Person","@id":"https:\/\/denizcankizil.tr\/#\/schema\/person\/be3c05fe6a12686905512445d8185489","name":"admin","image":{"@type":"ImageObject","inLanguage":"en-GB","@id":"https:\/\/denizcankizil.tr\/#\/schema\/person\/image\/","url":"https:\/\/secure.gravatar.com\/avatar\/c1fce94c830dc79107e174f890d7210541c4a63e8e5d816341794a2151c9d58c?s=96&d=mm&r=g","contentUrl":"https:\/\/secure.gravatar.com\/avatar\/c1fce94c830dc79107e174f890d7210541c4a63e8e5d816341794a2151c9d58c?s=96&d=mm&r=g","caption":"admin"},"sameAs":["http:\/\/denizcankizil.tr"],"url":"https:\/\/www.iskenderun.org\/maskinin-2025-yili-1-olagan-kongresi-gerceklestirildi"}]}},"_links":{"self":[{"href":"https:\/\/denizcankizil.tr\/en\/wp-json\/wp\/v2\/posts\/86103","targetHints":{"allow":["GET"]}}],"collection":[{"href":"https:\/\/denizcankizil.tr\/en\/wp-json\/wp\/v2\/posts"}],"about":[{"href":"https:\/\/denizcankizil.tr\/en\/wp-json\/wp\/v2\/types\/post"}],"author":[{"embeddable":true,"href":"https:\/\/denizcankizil.tr\/en\/wp-json\/wp\/v2\/users\/1"}],"replies":[{"embeddable":true,"href":"https:\/\/denizcankizil.tr\/en\/wp-json\/wp\/v2\/comments?post=86103"}],"version-history":[{"count":0,"href":"https:\/\/denizcankizil.tr\/en\/wp-json\/wp\/v2\/posts\/86103\/revisions"}],"wp:attachment":[{"href":"https:\/\/denizcankizil.tr\/en\/wp-json\/wp\/v2\/media?parent=86103"}],"wp:term":[{"taxonomy":"category","embeddable":true,"href":"https:\/\/denizcankizil.tr\/en\/wp-json\/wp\/v2\/categories?post=86103"},{"taxonomy":"post_tag","embeddable":true,"href":"https:\/\/denizcankizil.tr\/en\/wp-json\/wp\/v2\/tags?post=86103"}],"curies":[{"name":"wp","href":"https:\/\/api.w.org\/{rel}","templated":true}]}}