{"id":84910,"date":"2025-05-13T08:41:20","date_gmt":"2025-05-13T05:41:20","guid":{"rendered":"https:\/\/denizcankizil.tr\/uncategorized-tr\/chpli-belediyede-tciz-iddialari-kadinlari-isyan-ettirdi\/"},"modified":"2025-05-13T08:41:20","modified_gmt":"2025-05-13T05:41:20","slug":"chpli-belediyede-tciz-iddialari-kadinlari-isyan-ettirdi","status":"publish","type":"post","link":"https:\/\/denizcankizil.tr\/en\/haberler\/gundem\/chpli-belediyede-tciz-iddialari-kadinlari-isyan-ettirdi\/","title":{"rendered":"CHP\u2019li belediyede t*ciz iddialar\u0131 kad\u0131nlar\u0131 isyan ettirdi!"},"content":{"rendered":"<p>Antalya B\u00fcy\u00fck\u015fehir Belediyesi b\u00fcnyesinde 2017 y\u0131l\u0131nda kurulan Gen\u00e7lik Meclisi, gen\u00e7lerin y\u00f6netime kat\u0131lmas\u0131n\u0131 ama\u00e7l\u0131yordu. Temmuz 2016\u2019da y\u00f6netmelik \u00e7\u0131kar\u0131ld\u0131, ard\u0131ndan AKP\u2019li Menderes T\u00fcrel\u2019in B\u00fcy\u00fck\u015fehir Belediye Ba\u015fkan\u0131 oldu\u011fu d\u00f6nemde al\u0131nan 10 \u015eubat 2017 tarihli Meclis Karar\u0131\u2019na g\u00f6re, ya\u015flar\u0131 15 ile 28 aras\u0131nda de\u011fi\u015fen 103 gen\u00e7, Gen\u00e7lik Meclisi \u00dcyesi olarak kabul edildi. Bu oylamada, CHP\u2019nin 9 \u2018\u00e7ekimser\u2019 oyu bulunurken, d\u00fczenleme oy\u00e7oklu\u011fu ile kabul edildi.<\/p>\n<p>2021\u2019DE Y\u00d6NETMEL\u0130K DE DA\u0130RE BA\u015eKANLI\u011eI DA DE\u011e\u0130\u015eT\u0130<\/p>\n<p>B\u00fcy\u00fck\u015fehir Belediye Meclisi\u2019ndeki \u00fcye say\u0131s\u0131 kadar (107) \u00fcyesi bulunan ve 3 y\u0131ll\u0131\u011f\u0131na se\u00e7ilen Gen\u00e7lik Meclisi, b\u00fcnyesinde olu\u015fturulan farkl\u0131 \u00e7al\u0131\u015fma gruplar\u0131yla K\u00fclt\u00fcr ve Sosyal \u0130\u015fler Dairesi Ba\u015fkanl\u0131\u011f\u0131 b\u00fcnyesinde faaliyetine ba\u015flad\u0131. Ancak zamanla meclisin \u00e7al\u0131\u015fmalar\u0131 s\u00f6n\u00fcmlendi. 2019\u2019daki yerel se\u00e7imlerin ard\u0131ndan ba\u015fkanl\u0131k koltu\u011funa oturan CHP\u2019li Muhittin B\u00f6cek\u2019in g\u00f6reve gelmesinden bir s\u00fcre sonra Gen\u00e7lik Meclisi yeniden canland\u0131r\u0131lmaya ba\u015fland\u0131. \u00d6nce, Eyl\u00fcl 2021\u2019de y\u00f6netmelik de\u011fi\u015fikli\u011fine gidildi ve daha \u00f6nce K\u00fclt\u00fcr ve Sosyal \u0130\u015fler Dairesi Ba\u015fkanl\u0131\u011f\u0131\u2019na ba\u011fl\u0131 olarak faaliyetlerini y\u00fcr\u00fcten Gen\u00e7lik Meclisi Gen\u00e7lik ve Spor Hizmetleri Dairesi\u2019ne ba\u011fland\u0131. Y\u00f6netmelikte yap\u0131lan de\u011fi\u015fiklikle, Gen\u00e7lik Meclisi\u2019nin se\u00e7im s\u00fcreci 3 y\u0131ldan 1 y\u0131la d\u00fc\u015f\u00fcr\u00fcl\u00fcrken, \u2018g\u00f6n\u00fcll\u00fc \u00fcyelik\u2019 kontenjan\u0131 da kald\u0131r\u0131ld\u0131.<\/p>\n<p>MECL\u0130S BA\u015eKANI TAC\u0130Z VE \u015e\u0130DDET \u0130DD\u0130ALARIYLA G\u00dcNDEME GELD\u0130<\/p>\n<p>Yeni y\u00f6netmelik \u00e7er\u00e7evesinde Ekim 2021\u2019de Gen\u00e7lik Meclisi\u2019nin yeni yap\u0131s\u0131 olu\u015fturularak karara ba\u011fland\u0131. Antalya B\u00fcy\u00fck\u015fehir Belediyesi Gen\u00e7lik Meclisi\u2019nin ba\u015fkanl\u0131\u011f\u0131na ise daha \u00f6nce CHP Konyaalt\u0131 \u0130l\u00e7e Ba\u015fkanl\u0131\u011f\u0131 b\u00fcnyesindeki gen\u00e7lik yap\u0131lanmas\u0131 i\u00e7inde siyasi faaliyetler y\u00fcr\u00fctt\u00fc\u011f\u00fc \u00f6ne s\u00fcr\u00fclen O.\u015e.K getirildi. Ekim 2022\u2019de yeniden Gen\u00e7lik Meclisi Ba\u015fkan\u0131 se\u00e7ilen O.\u015e.K\u2019nin ad\u0131 bu g\u00f6revini s\u00fcrd\u00fcrd\u00fc\u011f\u00fc d\u00f6nem i\u00e7erisinde meclis \u00fcyesi gen\u00e7 kad\u0131nlar\u0131n da aralar\u0131nda bulundu\u011fu isimlere y\u00f6nelik taciz ve \u015fiddet iddialar\u0131yla g\u00fcndeme geldi.<\/p>\n<p>ANTALYA KADIN PLATFORMU BASIN A\u00c7IKLAMASI YAPTI<\/p>\n<p>Ge\u00e7ti\u011fimiz Mart ay\u0131nda bas\u0131na da yans\u0131yan haberlere g\u00f6re, O.\u015e.K\u2019nin 3 kad\u0131na y\u00f6nelik cinsel istismar, taciz ve \u015fiddet uygulad\u0131\u011f\u0131 iddialar\u0131yla ilgili yap\u0131lan \u015fik\u00e2yetler \u00fczerine adli s\u00fcre\u00e7 ba\u015flat\u0131ld\u0131. Ma\u011fdurlar\u0131n ve ailelerinin talebi \u00fczerine konuya m\u00fcdahil olan Antalya Kad\u0131n Platformu, konuyla ilgili yap\u0131lan g\u00f6r\u00fc\u015fmelerin ard\u0131ndan bir bas\u0131n toplant\u0131s\u0131 d\u00fczenleyerek ya\u015fanan s\u00fcreci bas\u0131n mensuplar\u0131yla payla\u015ft\u0131. Antalya Kad\u0131n Platformu\u2019ndan Elif Bilenta\u015f\u2019\u0131n okudu\u011fu bas\u0131n a\u00e7\u0131klamas\u0131nda, kad\u0131na y\u00f6nelik \u015fiddetin erkek egemen kapitalist sistemin \u00fcr\u00fcn\u00fc oldu\u011fu vurguland\u0131.<\/p>\n<p>3 KADINLA \u0130LG\u0130L\u0130 TAC\u0130Z VE \u0130ST\u0130SMAR \u0130DD\u0130ALARI G\u00dcNDEMDE<\/p>\n<p>Taciz iddialar\u0131n\u0131n oda\u011f\u0131ndaki Antalya B\u00fcy\u00fck\u015fehir Belediyesi eski Gen\u00e7lik Meclisi Ba\u015fkan\u0131 O.\u015e.K\u2019nin, 2018 y\u0131l\u0131nda CHP b\u00fcnyesinde olu\u015fturulan \u2018Bizim \u00c7ocuklar\u2019 grubu \u00e7at\u0131s\u0131nda faaliyet y\u00fcr\u00fctt\u00fc\u011f\u00fc vurgulanan a\u00e7\u0131klamada, \u015fu iddialara yer verildi: \u201cBug\u00fcn burada toplanmam\u0131z\u0131n nedeni, \u015fu anda CHP\u2019li Antalya B\u00fcy\u00fck\u015fehir Belediyesi\u2019nde Bas\u0131n Yay\u0131n biriminde memur olarak \u00e7al\u0131\u015fan, CHP Eski Gen\u00e7lik Meclisi Ba\u015fkan\u0131 O.\u015e.K\u2019n\u0131n, 3 k\u0131z karde\u015fimize cinsel istismar, taciz ve \u015fiddet uygulad\u0131\u011f\u0131 ile ilgili yarg\u0131ya intikal eden kad\u0131na \u015fiddet kapsam\u0131nda a\u00e7\u0131lan dava dosyalar\u0131d\u0131r. CHP \u00fcyesi oldu\u011fu ve faaliyet y\u00fcr\u00fctt\u00fc\u011f\u00fc 2018 y\u0131l\u0131nda Bizim \u00c7ocuklar olu\u015fumu ve sonras\u0131nda terfi etti\u011fi Gen\u00e7lik Meclisi Ba\u015fkanl\u0131\u011f\u0131 d\u00f6neminde siyasi kimli\u011fini ve partideki stat\u00fcs\u00fcn\u00fc kullanarak i\u00e7lerinde 17 ile 23 ya\u015f aral\u0131\u011f\u0131nda de\u011fi\u015fen gen\u00e7 k\u0131z karde\u015flerimize cinsel istismar, taciz ve \u015fiddet uygulad\u0131\u011f\u0131 y\u00f6n\u00fcndeki bas\u0131na yans\u0131yan haberler ve ma\u011fdurlar\u0131n bizlere ba\u015fvuru yapmas\u0131 \u00fczerine ba\u015flatt\u0131\u011f\u0131m\u0131z y\u00fcr\u00fctme kapsam\u0131nda geli\u015fen durum sonucu bu bas\u0131n toplant\u0131s\u0131n\u0131 yapma karar\u0131 ald\u0131k.\u201d<\/p>\n<p>\u2018GEN\u00c7L\u0130\u011e\u0130NE VER\u0130N S\u00d6YLEM\u0130YLE AKLAMA YOLUNA G\u0130D\u0130LD\u0130\u2019 \u0130DD\u0130ASI<\/p>\n<p>O.\u015e.K\u2019n\u0131n, \u2018Bizim \u00c7ocuklar\u2019 olu\u015fumu kuruldu\u011fu d\u00f6nemden itibaren sistematik olarak gen\u00e7 kad\u0131nlara y\u00f6nelik taciz, \u015fiddet ve tehdit olaylar\u0131na ad\u0131n\u0131n kar\u0131\u015ft\u0131\u011f\u0131 y\u00f6n\u00fcnde iddialar\u0131n zaman zaman g\u00fcndeme geldi\u011fi \u00f6ne s\u00fcr\u00fclen a\u00e7\u0131klamada, \u201cCHP y\u00f6netimi, AKP benzeri bir tutum ve tav\u0131r ile ma\u011fdur olan k\u0131z karde\u015flerimizi korumak ve onlar\u0131n haklar\u0131n\u0131 savunmak yerine, faili koruma ve aklama yoluna gitmi\u015f, gelen \u015fik\u00e2yetleri, \u2018psikolojisi bozuk\u2019, \u2018gen\u00e7li\u011fine verin\u2019 gibi s\u00f6ylemlerle ge\u00e7i\u015ftirmi\u015f, olaylar\u0131 s\u00fcmenalt\u0131 yapm\u0131\u015ft\u0131r. O.\u015e.K., y\u00f6netimin bu tutumundan cesaretlenmi\u015f, sistematik olarak bu davran\u0131\u015flar\u0131n\u0131 sergilemeye devam etmi\u015f, k\u0131z karde\u015flerimiz \u00fczerinde ya\u015famlar\u0131n\u0131 olumsuz etkileyecek travmalara sebep olmu\u015ftur. \u015eik\u00e2yet\u00e7i olan 3 k\u0131z karde\u015fimizin ailelerinin s\u00fcreci takip etmemiz ve destek olmam\u0131z i\u00e7in Antalya Kad\u0131n Platformu\u2019na yapt\u0131\u011f\u0131 ba\u015fvuru \u00fczerine biz de platform olarak s\u00fcrecin takip\u00e7isi olmaya ba\u015flad\u0131k\u201d denildi.<\/p>\n<p>\u0130DD\u0130ALARLA \u0130LG\u0130L\u0130 H\u0130\u00c7 B\u0130R YAPTIRIM UYGULANMADI<\/p>\n<p>Ya\u015fand\u0131\u011f\u0131 \u00f6ne s\u00fcr\u00fclen ve yarg\u0131ya yans\u0131yan olaylarla ilgili olarak bir ad\u0131m at\u0131l\u0131p at\u0131lmad\u0131\u011f\u0131 konusunu g\u00f6r\u00fc\u015fmek \u00fczere CHP Antalya \u0130l Kad\u0131n Kollar\u0131 Ba\u015fkanl\u0131\u011f\u0131 ile bir g\u00f6r\u00fc\u015fme yap\u0131ld\u0131\u011f\u0131na de\u011finilen Antalya Kad\u0131n Platformu\u2019nun a\u00e7\u0131klamas\u0131nda, \u015fu ifadelere yer verildi: \u201cBu g\u00f6r\u00fc\u015fmede O.\u015e.K ile ilgili a\u00e7\u0131lan savc\u0131l\u0131k dosyalar\u0131n\u0131n oldu\u011funu, belediye b\u00fcnyesinde \u00e7al\u0131\u015fm\u0131\u015f olmas\u0131n\u0131n, siyasi parti faaliyetlerine kat\u0131lmas\u0131n\u0131n ve protokolde \u00f6n saflarda yer verilmesinin de bulundu\u011fu kamusal alanda tehdit unsuru olu\u015fturdu\u011funu, yasal s\u00fcre\u00e7 tamamlanana kadar g\u00f6revinden uzakla\u015ft\u0131r\u0131lmas\u0131 ve bunun kamuoyuna deklare edilmesi talebi ile s\u00fcreci takip edece\u011fimizi belirttik. Geldi\u011fimiz noktada taraf\u0131m\u0131za buna dair d\u00f6n\u00fc\u015f yap\u0131lmad\u0131. O.\u015e.K hakk\u0131nda hi\u00e7bir yapt\u0131r\u0131m uygulanmad\u0131\u011f\u0131 gibi failin belediye b\u00fcnyesinde hali haz\u0131rda \u00e7al\u0131\u015fmaya devam etti\u011fini de \u00f6\u011frenmi\u015f bulunmaktay\u0131z.\u201d<\/p>\n<p>\u2018BELED\u0130YE \u0130MZALADI\u011eI PROTOKOL\u00dc UYGULAMADI\u2019<\/p>\n<p>Antalya B\u00fcy\u00fck\u015fehir Belediyesi\u2019nin kurum b\u00fcnyesinde kad\u0131na y\u00f6nelik \u015fiddet ve tacizi \u00f6nlemeye y\u00f6nelik imzalad\u0131\u011f\u0131 protokole dikkat \u00e7ekilen a\u00e7\u0131klamada, s\u00f6z konusu protokol kapsam\u0131ndaki politika belgesinin uygulanmad\u0131\u011f\u0131na i\u015faret edildi. Antalya Bu\u0308yu\u0308k\u015fehir Belediyesi Yerel E\u015fitlik Eylem Plan\u0131\u2019nda da kad\u0131na y\u00f6nelik \u015fiddet uygulayan belediye personeline cezai yapt\u0131r\u0131mlar uygulanmas\u0131 \u00f6ng\u00f6r\u00fcld\u00fc\u011f\u00fcne de\u011finilen a\u00e7\u0131klamada, ayn\u0131 zamanda etik kurul ile \u015fiddet ve tacizi \u00f6nlemeye y\u00f6nelik bir yap\u0131lanma bulunmad\u0131\u011f\u0131 vurguland\u0131.<\/p>\n<p>\u015e\u0130K\u00c2YET\u0130N ARDINDAN 3 AY \u0130\u00c7\u0130NDE SORU\u015eTURMA TAMAMLANMALIYDI<\/p>\n<p>S\u00f6z konusu taciz ve \u015fiddet iddialar\u0131yla ilgili olarak O.\u015e.K hakk\u0131nda 11 Mart 2024 tarihinde hakk\u0131nda uzakla\u015ft\u0131rma karar\u0131 verildi\u011fi belirtilen a\u00e7\u0131klamada, belediye yetkililerinin bu durumdan haberdar oldu\u011fu halde protokolde \u00f6ng\u00f6r\u00fclen tedbirleri uygulamakta ge\u00e7 kald\u0131\u011f\u0131 dile getirildi: \u201cE\u011fer politika belgesine uygun \u015fekilde i\u015fletilseydi, \u015fik\u00e2yetin kuruma ula\u015ft\u0131\u011f\u0131 andan itibaren hemen soru\u015fturma a\u00e7\u0131p 3 ay i\u00e7inde soru\u015fturmay\u0131 tamamlard\u0131, fakat anl\u0131yoruz ki \u015fik\u00e2yet idarecilerin bilgisine ula\u015ft\u0131ktan sonra bu konu tefti\u015fe aktar\u0131lmam\u0131\u015f veyahut aktar\u0131lm\u0131\u015f olsa da yapt\u0131r\u0131ms\u0131z b\u0131rak\u0131ld\u0131\u011f\u0131 a\u00e7\u0131kt\u0131r.\u201d<\/p>\n<p>\u2018\u0130DAREC\u0130LER\u0130N \u0130DD\u0130ALARDAN B\u0130R YILDIR HABER\u0130 VARDI\u2019<\/p>\n<p>B\u00fcy\u00fck\u015fehir Belediyesi\u2019nin imzalad\u0131\u011f\u0131 \u2018Politika Belgesi\u2019nin, \u00e7al\u0131\u015fma ya\u015fam\u0131nda \u015fiddet ve taciz fiillerini, disiplin su\u00e7u olarak de\u011ferlendirmeyi, \u015fik\u00e2yetlerde \u015fiddet ve tacize u\u011frayan\u0131n beyan\u0131n\u0131 esas almay\u0131 gerekli k\u0131ld\u0131\u011f\u0131na dikkat \u00e7ekilen a\u00e7\u0131klamada, \u015f\u00f6yle denildi: \u201c\u015eiddet ve tacize u\u011frayan \u00e7al\u0131\u015fanlara y\u00f6nelik uygun ve kolayla\u015ft\u0131r\u0131c\u0131 \u00e7al\u0131\u015fma ko\u015fullar\u0131n\u0131 ve du\u0308zenini tesis etmeyi, \u015eiddet ve tacizin bir i\u015f sa\u011fl\u0131\u011f\u0131 ve gu\u0308venli\u011fi sorunu oldu\u011funu kabul ederek, ev i\u00e7i \u015fiddeti de g\u00f6zeten risk de\u011ferlendirmeleri yapmay\u0131, \u00f6nleme planlar\u0131 olu\u015fturmay\u0131 taahh\u00fct etmi\u015ftir. Bu haliyle bu \u015fik\u00e2yet konusunda idarecilerin bir y\u0131l \u00f6ncesinden haberi oldu\u011fu a\u00e7\u0131k olmakla birlikte, Antalya Kad\u0131n Platformu\u2019nun konu ile ilgili bir dizi g\u00f6r\u00fc\u015fmeler yapmas\u0131 sonucunda tefti\u015f kuruluna soru\u015fturma a\u00e7\u0131lmas\u0131 m\u00fcmk\u00fcn oluyor. Belediye ivedilikle kamuoyuna bu \u015fik\u00e2yet konusu ile ilgili hangi ad\u0131mlar\u0131 att\u0131\u011f\u0131n\u0131 ve ne gibi bir sonu\u00e7 ald\u0131\u011f\u0131n\u0131 a\u00e7\u0131klamakla y\u00fck\u00fcml\u00fcd\u00fcr.\u201d<\/p>\n<p>O.\u015e.K HAKKINDA B\u0130R D\u0130S\u0130PL\u0130N \u0130\u015eLEM\u0130 YAPILDI MI A\u00c7IKLANMALI<\/p>\n<p>\u015eik\u00e2yet kuruma ve idarecilere ula\u015ft\u0131ktan sonra iddialara konu personel (O.\u015e.K) hakk\u0131nda bir disiplin i\u015fleminin yap\u0131l\u0131p yap\u0131lmad\u0131\u011f\u0131 sorusuna yan\u0131t aranan a\u00e7\u0131klamada, \u015fu ifadelere yer verildi: \u201cDisiplin i\u015flemi sonucu bir ceza verildi mi? G\u00f6revden al\u0131nd\u0131 m\u0131? Gen\u00e7lik meclisinden \u00e7\u0131kar\u0131ld\u0131 m\u0131? Halen belediyede \u00e7al\u0131\u015f\u0131yor mu? Uzakla\u015ft\u0131r\u0131ld\u0131 m\u0131? \u0130\u015f akdi sonland\u0131r\u0131ld\u0131 m\u0131? Yap\u0131lan bir i\u015flem varsa bunlar tarih ve evraklar\u0131yla birlikte ma\u011fdur yak\u0131nlar\u0131 ba\u015fta olmak \u00fczere kamuoyuna a\u00e7\u0131klanmal\u0131 ve bilgilendirmeler yap\u0131lmal\u0131d\u0131r. Belediyede bu konuda sorumlulu\u011fu olan s\u0131ral\u0131 amirlerin her birinin konu ile ilgili tutumu ve i\u015flemleri bilinmelidir.\u201d<\/p>\n<p>\u2018SORUMLULAR HAKKINDA SORU\u015eTURMA A\u00c7ILDI MI?\u2019<\/p>\n<p>\u0130ddialara konu olaylar\u0131n, O.\u015e.K\u2019nin B\u00fcy\u00fck\u015fehir Belediyesi b\u00fcnyesindeki Gen\u00e7lik Meclisi Ba\u015fkanl\u0131\u011f\u0131 yapt\u0131\u011f\u0131 d\u00f6nemde ya\u015fand\u0131\u011f\u0131 \u00f6ne s\u00fcr\u00fclen a\u00e7\u0131klamada, \u201cBu nedenle meclisten sorumlu daire ba\u015fkanl\u0131\u011f\u0131 ve \u015fube m\u00fcd\u00fcrl\u00fc\u011f\u00fc de mevzuat kapsam\u0131nda bu olaydan sorumludur. O.\u015e.K\u2019nin ayn\u0131 zamanda belediye personeli yap\u0131ld\u0131\u011f\u0131 da iddia edilmektedir. Bu durumda halen g\u00f6revi devam ediyorsa ba\u011fl\u0131 oldu\u011fu ilgili daire ba\u015fkanl\u0131\u011f\u0131 ve s\u0131ral\u0131 amirleri ile personel daire ba\u015fkan\u0131, ba\u011fl\u0131 bulundu\u011fu genel sekreter yard\u0131mc\u0131s\u0131, genel sekreter ve nihai olarak belediye ba\u015fkan\u0131 da olayla ilgili s\u0131ral\u0131 olarak sorumludur. Sorumlulu\u011fu bulunan bu idareciler hakk\u0131nda g\u00f6revi ihmal soru\u015fturmas\u0131 a\u00e7\u0131lm\u0131\u015f m\u0131d\u0131r? E\u011fer i\u00e7lerinde O.\u015e.K\u2019yi koruyanlar varsa bu konuda g\u00f6revi k\u00f6t\u00fcye kullanma nedeniyle a\u00e7\u0131lan soru\u015fturma bulunmakta m\u0131d\u0131r?\u201d denildi.<\/p>\n<p>KADIN DERNEKLER\u0130 FEDERASYONU\u2019NA DA \u00c7A\u011eRI GELD\u0130<\/p>\n<p>Kad\u0131na y\u00f6nelik \u015fiddetin \u00f6nlenmesine y\u00f6nelik protokol\u00fcn taraf\u0131 olan Kad\u0131n Dernekleri Federasyonu yetkililerinin de iddialara konu olaylarla ilgili bir i\u015flem yap\u0131l\u0131p yap\u0131lmad\u0131\u011f\u0131n\u0131 a\u00e7\u0131klamas\u0131 gerekti\u011finin alt\u0131 \u00e7izilen bas\u0131n a\u00e7\u0131klamas\u0131nda, ayr\u0131ca \u015fu ifadelere yer verildi: \u201cS\u00f6z konusu olay ve iddialar yaln\u0131zca Kad\u0131na Y\u00f6nelik \u015eiddetin \u00d6nlenmesine Y\u00f6nelik Protokol\u00fcn kapsam\u0131nda de\u011fil ayn\u0131 zamanda 657 say\u0131l\u0131 kanun, ILO S\u00f6zle\u015fmesi ve T\u00fcrk Ceza Hukukunun kapsam\u0131na girdi\u011finden, iddialar\u0131n bu \u00e7er\u00e7evede de yarg\u0131 soru\u015fturmas\u0131na konu olmas\u0131 gereklidir.<\/p>\n<p>B\u00dcY\u00dcK\u015eEH\u0130RDEN KADIN DOSTU P\u0130LOT BELED\u0130YE OLMAK \u0130\u00c7\u0130N G\u0130R\u0130\u015e\u0130M<\/p>\n<p>B\u00fct\u00fcn bu ya\u015fananlar kar\u015f\u0131s\u0131nda sessiz kal\u0131n\u0131rken, Antalya B\u00fcy\u00fck\u015fehir Belediye&#8217;sinin T\u00fcrkiye Belediyeler Birli\u011fi (TBB) ile &#8216;Kad\u0131n Dostu Kentler III Program\u0131&#8217; kapsam\u0131nda pilot belediye olmak \u00fczere bir protokol imzalamas\u0131 g\u00fcndeme gelmi\u015ftir. Antalya B\u00fcy\u00fck\u015fehir Belediye Meclisi&#8217;nin May\u0131s ay\u0131 toplant\u0131s\u0131n\u0131n g\u00fcndemine al\u0131nan 83. numaral\u0131 teklif ile Meclis taraf\u0131ndan B\u00fcy\u00fck\u015fehir Belediye Ba\u015fkan\u0131 Say\u0131n Muhittin B\u00f6cek&#8217;e yetki verilmesi istenmektedir. Antalya B\u00fcy\u00fck\u015fehir Belediyesi&#8217;nin kad\u0131na y\u00f6nelik \u015fiddet, taciz ve mobingin \u00f6nlenmesi konusunda mevcutta ya\u015fanan olaylar kar\u015f\u0131s\u0131nda izledi\u011fi eylemsizlik tutumu, yap\u0131lan ve yap\u0131lacak protokolleri g\u00f6stermelik olmaktan \u00f6teye g\u00f6t\u00fcrmemektedir. Bundan sonraki s\u00fcre\u00e7te kad\u0131na y\u00f6nelik ihlalleri ve bu konuda idare taraf\u0131ndan at\u0131lacak ad\u0131mlar\u0131 yak\u0131ndan izleyerek sonu\u00e7lar\u0131n\u0131 kamuoyu ile payla\u015faca\u011f\u0131m\u0131z\u0131n da bilinmesini isteriz.<\/p>\n<p>\u2018\u00d6RG\u00dcTL\u00dc M\u00dcCADELEYLE BU D\u00dcZEN\u0130 YIKACA\u011eIZ\u2019<\/p>\n<p>Devletin, yarg\u0131n\u0131n ve kolluk kuvvetlerinin patriyarkal tutumu kad\u0131nlar\u0131 korumamakta, aksine yeniden ma\u011fdur etmektedir. Tecav\u00fcz\u00fc \u2018r\u0131zaya\u2019, \u015fiddeti \u2018aile i\u00e7i mesele\u2019ye indirgeyen anlay\u0131\u015flarla de\u011fil, kad\u0131nlar\u0131n \u00f6rg\u00fctl\u00fc m\u00fccadelesiyle bu d\u00fczeni y\u0131kaca\u011f\u0131z! Kad\u0131na y\u00f6nelik \u015fiddeti durdurmak i\u00e7in de\u011fil, onu \u00fcreten d\u00fczeni y\u0131kmak i\u00e7in buraday\u0131z!\u201d<\/p>\n<p>\u200bAntalya B\u00fcy\u00fck\u015fehir Belediyesi Gen\u00e7lik Meclisi Ba\u015fkanl\u0131\u011f\u0131 yapt\u0131\u011f\u0131 d\u00f6nemde 3 gen\u00e7 kad\u0131nla ilgili c*nsel i*tismar, t*ciz ve tehdit iddialar\u0131yla g\u00fcndeme gelen O.\u015e.K\u2019nin CHP y\u00f6netimi taraf\u0131ndan korundu\u011funu \u00f6ne s\u00fcren Antalya Kad\u0131n Platformu, bas\u0131n a\u00e7\u0131klamas\u0131 yapt\u0131.\u00a0<\/p>\n<p>\u200bHaberin Al\u0131nt\u0131land\u0131\u011f\u0131 Kaynak: www.antalyakorfez.com<\/p>","protected":false},"excerpt":{"rendered":"<p>Antalya B\u00fcy\u00fck\u015fehir Belediyesi b\u00fcnyesinde 2017 y\u0131l\u0131nda kurulan Gen\u00e7lik Meclisi, gen\u00e7lerin y\u00f6netime kat\u0131lmas\u0131n\u0131 ama\u00e7l\u0131yordu. Temmuz 2016\u2019da y\u00f6netmelik \u00e7\u0131kar\u0131ld\u0131, ard\u0131ndan AKP\u2019li Menderes T\u00fcrel\u2019in B\u00fcy\u00fck\u015fehir Belediye Ba\u015fkan\u0131 oldu\u011fu d\u00f6nemde al\u0131nan 10 \u015eubat 2017 tarihli Meclis Karar\u0131\u2019na g\u00f6re, ya\u015flar\u0131 15 ile 28 aras\u0131nda de\u011fi\u015fen 103 gen\u00e7, Gen\u00e7lik Meclisi \u00dcyesi olarak kabul edildi. Bu oylamada, CHP\u2019nin 9 \u2018\u00e7ekimser\u2019 oyu bulunurken, d\u00fczenleme oy\u00e7oklu\u011fu ile kabul edildi. 2021\u2019DE Y\u00d6NETMEL\u0130K DE DA\u0130RE BA\u015eKANLI\u011eI DA DE\u011e\u0130\u015eT\u0130 B\u00fcy\u00fck\u015fehir Belediye Meclisi\u2019ndeki \u00fcye say\u0131s\u0131 kadar (107) \u00fcyesi bulunan ve 3 y\u0131ll\u0131\u011f\u0131na se\u00e7ilen Gen\u00e7lik Meclisi, b\u00fcnyesinde olu\u015fturulan farkl\u0131 \u00e7al\u0131\u015fma gruplar\u0131yla K\u00fclt\u00fcr ve Sosyal \u0130\u015fler Dairesi Ba\u015fkanl\u0131\u011f\u0131 b\u00fcnyesinde faaliyetine ba\u015flad\u0131. Ancak zamanla meclisin \u00e7al\u0131\u015fmalar\u0131 s\u00f6n\u00fcmlendi. 2019\u2019daki yerel se\u00e7imlerin ard\u0131ndan ba\u015fkanl\u0131k koltu\u011funa oturan CHP\u2019li Muhittin B\u00f6cek\u2019in g\u00f6reve gelmesinden bir s\u00fcre sonra Gen\u00e7lik Meclisi yeniden canland\u0131r\u0131lmaya ba\u015fland\u0131. \u00d6nce, Eyl\u00fcl 2021\u2019de y\u00f6netmelik de\u011fi\u015fikli\u011fine gidildi ve daha \u00f6nce K\u00fclt\u00fcr ve Sosyal \u0130\u015fler Dairesi Ba\u015fkanl\u0131\u011f\u0131\u2019na ba\u011fl\u0131 olarak faaliyetlerini y\u00fcr\u00fcten Gen\u00e7lik Meclisi Gen\u00e7lik ve Spor Hizmetleri Dairesi\u2019ne ba\u011fland\u0131. Y\u00f6netmelikte yap\u0131lan de\u011fi\u015fiklikle, Gen\u00e7lik Meclisi\u2019nin se\u00e7im s\u00fcreci 3 y\u0131ldan 1 y\u0131la d\u00fc\u015f\u00fcr\u00fcl\u00fcrken, \u2018g\u00f6n\u00fcll\u00fc \u00fcyelik\u2019 kontenjan\u0131 da kald\u0131r\u0131ld\u0131. MECL\u0130S BA\u015eKANI TAC\u0130Z VE \u015e\u0130DDET \u0130DD\u0130ALARIYLA G\u00dcNDEME GELD\u0130 Yeni y\u00f6netmelik \u00e7er\u00e7evesinde Ekim 2021\u2019de Gen\u00e7lik Meclisi\u2019nin yeni yap\u0131s\u0131 olu\u015fturularak karara ba\u011fland\u0131. Antalya B\u00fcy\u00fck\u015fehir Belediyesi Gen\u00e7lik Meclisi\u2019nin ba\u015fkanl\u0131\u011f\u0131na ise daha \u00f6nce CHP Konyaalt\u0131 \u0130l\u00e7e Ba\u015fkanl\u0131\u011f\u0131 b\u00fcnyesindeki gen\u00e7lik &hellip;<\/p>","protected":false},"author":5,"featured_media":0,"comment_status":"","ping_status":"open","sticky":false,"template":"","format":"standard","meta":{"_acf_changed":false,"footnotes":""},"categories":[24],"tags":[],"class_list":["post-84910","post","type-post","status-publish","format-standard","has-post-thumbnail","hentry","category-gundem"],"acf":[],"yoast_head":"<!-- This site is optimized with the Yoast SEO Premium plugin v26.6 (Yoast SEO v27.1.1) - https:\/\/yoast.com\/product\/yoast-seo-premium-wordpress\/ -->\n<title>CHP\u2019li belediyede t*ciz iddialar\u0131 kad\u0131nlar\u0131 isyan ettirdi! - Av. Deniz Can K\u0131z\u0131l<\/title>\n<meta name=\"robots\" content=\"index, follow, max-snippet:-1, max-image-preview:large, max-video-preview:-1\" \/>\n<link rel=\"canonical\" href=\"https:\/\/denizcankizil.tr\/en\/haberler\/gundem\/chpli-belediyede-tciz-iddialari-kadinlari-isyan-ettirdi\/\" \/>\n<meta property=\"og:locale\" content=\"en_GB\" \/>\n<meta property=\"og:type\" content=\"article\" \/>\n<meta property=\"og:title\" content=\"CHP\u2019li belediyede t*ciz iddialar\u0131 kad\u0131nlar\u0131 isyan ettirdi!\" \/>\n<meta property=\"og:description\" content=\"Antalya B\u00fcy\u00fck\u015fehir Belediyesi b\u00fcnyesinde 2017 y\u0131l\u0131nda kurulan Gen\u00e7lik Meclisi, gen\u00e7lerin y\u00f6netime kat\u0131lmas\u0131n\u0131 ama\u00e7l\u0131yordu. Temmuz 2016\u2019da y\u00f6netmelik \u00e7\u0131kar\u0131ld\u0131, ard\u0131ndan AKP\u2019li Menderes T\u00fcrel\u2019in B\u00fcy\u00fck\u015fehir Belediye Ba\u015fkan\u0131 oldu\u011fu d\u00f6nemde al\u0131nan 10 \u015eubat 2017 tarihli Meclis Karar\u0131\u2019na g\u00f6re, ya\u015flar\u0131 15 ile 28 aras\u0131nda de\u011fi\u015fen 103 gen\u00e7, Gen\u00e7lik Meclisi \u00dcyesi olarak kabul edildi. Bu oylamada, CHP\u2019nin 9 \u2018\u00e7ekimser\u2019 oyu bulunurken, d\u00fczenleme oy\u00e7oklu\u011fu ile kabul edildi. 2021\u2019DE Y\u00d6NETMEL\u0130K DE DA\u0130RE BA\u015eKANLI\u011eI DA DE\u011e\u0130\u015eT\u0130 B\u00fcy\u00fck\u015fehir Belediye Meclisi\u2019ndeki \u00fcye say\u0131s\u0131 kadar (107) \u00fcyesi bulunan ve 3 y\u0131ll\u0131\u011f\u0131na se\u00e7ilen Gen\u00e7lik Meclisi, b\u00fcnyesinde olu\u015fturulan farkl\u0131 \u00e7al\u0131\u015fma gruplar\u0131yla K\u00fclt\u00fcr ve Sosyal \u0130\u015fler Dairesi Ba\u015fkanl\u0131\u011f\u0131 b\u00fcnyesinde faaliyetine ba\u015flad\u0131. Ancak zamanla meclisin \u00e7al\u0131\u015fmalar\u0131 s\u00f6n\u00fcmlendi. 2019\u2019daki yerel se\u00e7imlerin ard\u0131ndan ba\u015fkanl\u0131k koltu\u011funa oturan CHP\u2019li Muhittin B\u00f6cek\u2019in g\u00f6reve gelmesinden bir s\u00fcre sonra Gen\u00e7lik Meclisi yeniden canland\u0131r\u0131lmaya ba\u015fland\u0131. \u00d6nce, Eyl\u00fcl 2021\u2019de y\u00f6netmelik de\u011fi\u015fikli\u011fine gidildi ve daha \u00f6nce K\u00fclt\u00fcr ve Sosyal \u0130\u015fler Dairesi Ba\u015fkanl\u0131\u011f\u0131\u2019na ba\u011fl\u0131 olarak faaliyetlerini y\u00fcr\u00fcten Gen\u00e7lik Meclisi Gen\u00e7lik ve Spor Hizmetleri Dairesi\u2019ne ba\u011fland\u0131. Y\u00f6netmelikte yap\u0131lan de\u011fi\u015fiklikle, Gen\u00e7lik Meclisi\u2019nin se\u00e7im s\u00fcreci 3 y\u0131ldan 1 y\u0131la d\u00fc\u015f\u00fcr\u00fcl\u00fcrken, \u2018g\u00f6n\u00fcll\u00fc \u00fcyelik\u2019 kontenjan\u0131 da kald\u0131r\u0131ld\u0131. MECL\u0130S BA\u015eKANI TAC\u0130Z VE \u015e\u0130DDET \u0130DD\u0130ALARIYLA G\u00dcNDEME GELD\u0130 Yeni y\u00f6netmelik \u00e7er\u00e7evesinde Ekim 2021\u2019de Gen\u00e7lik Meclisi\u2019nin yeni yap\u0131s\u0131 olu\u015fturularak karara ba\u011fland\u0131. Antalya B\u00fcy\u00fck\u015fehir Belediyesi Gen\u00e7lik Meclisi\u2019nin ba\u015fkanl\u0131\u011f\u0131na ise daha \u00f6nce CHP Konyaalt\u0131 \u0130l\u00e7e Ba\u015fkanl\u0131\u011f\u0131 b\u00fcnyesindeki gen\u00e7lik &hellip;\" \/>\n<meta property=\"og:url\" content=\"https:\/\/denizcankizil.tr\/en\/haberler\/gundem\/chpli-belediyede-tciz-iddialari-kadinlari-isyan-ettirdi\/\" \/>\n<meta property=\"og:site_name\" content=\"Av. Deniz Can K\u0131z\u0131l\" \/>\n<meta property=\"article:published_time\" content=\"2025-05-13T05:41:20+00:00\" \/>\n<meta name=\"author\" content=\"Antalya K\u00f6rfez\" \/>\n<meta name=\"twitter:card\" content=\"summary_large_image\" \/>\n<meta name=\"twitter:label1\" content=\"Written by\" \/>\n\t<meta name=\"twitter:data1\" content=\"Antalya K\u00f6rfez\" \/>\n\t<meta name=\"twitter:label2\" content=\"Estimated reading time\" \/>\n\t<meta name=\"twitter:data2\" content=\"11 minutes\" \/>\n<script type=\"application\/ld+json\" class=\"yoast-schema-graph\">{\"@context\":\"https:\/\/schema.org\",\"@graph\":[{\"@type\":\"Article\",\"@id\":\"https:\/\/denizcankizil.tr\/en\/haberler\/gundem\/chpli-belediyede-tciz-iddialari-kadinlari-isyan-ettirdi\/#article\",\"isPartOf\":{\"@id\":\"https:\/\/denizcankizil.tr\/en\/haberler\/gundem\/chpli-belediyede-tciz-iddialari-kadinlari-isyan-ettirdi\/\"},\"author\":{\"name\":\"Antalya K\u00f6rfez\",\"@id\":\"https:\/\/denizcankizil.tr\/#\/schema\/person\/e1eb71bb4dd684d46563f0af307e1234\"},\"headline\":\"CHP\u2019li belediyede t*ciz iddialar\u0131 kad\u0131nlar\u0131 isyan ettirdi!\",\"datePublished\":\"2025-05-13T05:41:20+00:00\",\"mainEntityOfPage\":{\"@id\":\"https:\/\/denizcankizil.tr\/en\/haberler\/gundem\/chpli-belediyede-tciz-iddialari-kadinlari-isyan-ettirdi\/\"},\"wordCount\":2210,\"publisher\":{\"@id\":\"https:\/\/denizcankizil.tr\/#organization\"},\"articleSection\":[\"G\u00fcndem\"],\"inLanguage\":\"en-GB\"},{\"@type\":\"WebPage\",\"@id\":\"https:\/\/denizcankizil.tr\/en\/haberler\/gundem\/chpli-belediyede-tciz-iddialari-kadinlari-isyan-ettirdi\/\",\"url\":\"https:\/\/denizcankizil.tr\/en\/haberler\/gundem\/chpli-belediyede-tciz-iddialari-kadinlari-isyan-ettirdi\/\",\"name\":\"CHP\u2019li belediyede t*ciz iddialar\u0131 kad\u0131nlar\u0131 isyan ettirdi! - Av. Deniz Can K\u0131z\u0131l\",\"isPartOf\":{\"@id\":\"https:\/\/denizcankizil.tr\/#website\"},\"datePublished\":\"2025-05-13T05:41:20+00:00\",\"breadcrumb\":{\"@id\":\"https:\/\/denizcankizil.tr\/en\/haberler\/gundem\/chpli-belediyede-tciz-iddialari-kadinlari-isyan-ettirdi\/#breadcrumb\"},\"inLanguage\":\"en-GB\",\"potentialAction\":[{\"@type\":\"ReadAction\",\"target\":[\"https:\/\/denizcankizil.tr\/en\/haberler\/gundem\/chpli-belediyede-tciz-iddialari-kadinlari-isyan-ettirdi\/\"]}]},{\"@type\":\"BreadcrumbList\",\"@id\":\"https:\/\/denizcankizil.tr\/en\/haberler\/gundem\/chpli-belediyede-tciz-iddialari-kadinlari-isyan-ettirdi\/#breadcrumb\",\"itemListElement\":[{\"@type\":\"ListItem\",\"position\":1,\"name\":\"Home\",\"item\":\"https:\/\/denizcankizil.tr\/de\/\"},{\"@type\":\"ListItem\",\"position\":2,\"name\":\"CHP\u2019li belediyede t*ciz iddialar\u0131 kad\u0131nlar\u0131 isyan ettirdi!\"}]},{\"@type\":\"WebSite\",\"@id\":\"https:\/\/denizcankizil.tr\/#website\",\"url\":\"https:\/\/denizcankizil.tr\/\",\"name\":\"Av. Deniz Can K\u0131z\u0131l\",\"description\":\"Avukat Deniz Can K\u0131z\u0131l Antalya Barosu\",\"publisher\":{\"@id\":\"https:\/\/denizcankizil.tr\/#organization\"},\"potentialAction\":[{\"@type\":\"SearchAction\",\"target\":{\"@type\":\"EntryPoint\",\"urlTemplate\":\"https:\/\/denizcankizil.tr\/?s={search_term_string}\"},\"query-input\":{\"@type\":\"PropertyValueSpecification\",\"valueRequired\":true,\"valueName\":\"search_term_string\"}}],\"inLanguage\":\"en-GB\"},{\"@type\":\"Organization\",\"@id\":\"https:\/\/denizcankizil.tr\/#organization\",\"name\":\"Av. Deniz Can K\u0131z\u0131l\",\"url\":\"https:\/\/denizcankizil.tr\/\",\"logo\":{\"@type\":\"ImageObject\",\"inLanguage\":\"en-GB\",\"@id\":\"https:\/\/denizcankizil.tr\/#\/schema\/logo\/image\/\",\"url\":\"https:\/\/denizcankizil.tr\/wp-content\/uploads\/2024\/10\/siyah-logo-svg.svg\",\"contentUrl\":\"https:\/\/denizcankizil.tr\/wp-content\/uploads\/2024\/10\/siyah-logo-svg.svg\",\"width\":1080,\"height\":1080,\"caption\":\"Av. Deniz Can K\u0131z\u0131l\"},\"image\":{\"@id\":\"https:\/\/denizcankizil.tr\/#\/schema\/logo\/image\/\"}},{\"@type\":\"Person\",\"@id\":\"https:\/\/denizcankizil.tr\/#\/schema\/person\/e1eb71bb4dd684d46563f0af307e1234\",\"name\":\"Antalya K\u00f6rfez\",\"image\":{\"@type\":\"ImageObject\",\"inLanguage\":\"en-GB\",\"@id\":\"https:\/\/denizcankizil.tr\/#\/schema\/person\/image\/\",\"url\":\"https:\/\/secure.gravatar.com\/avatar\/42b01982558a48a0b501fdcab6a408d3717ea5919095ee2e67b0e521799c5905?s=96&d=mm&r=g\",\"contentUrl\":\"https:\/\/secure.gravatar.com\/avatar\/42b01982558a48a0b501fdcab6a408d3717ea5919095ee2e67b0e521799c5905?s=96&d=mm&r=g\",\"caption\":\"Antalya K\u00f6rfez\"},\"sameAs\":[\"http:\/\/www.antalyakorfez.com\"],\"url\":\"https:\/\/www.antalyakorfez.com\/chpli-belediyede-tciz-iddialari-kadinlari-isyan-ettirdi\"}]}<\/script>\n<!-- \/ Yoast SEO Premium plugin. -->","yoast_head_json":{"title":"CHP\u2019li belediyede t*ciz iddialar\u0131 kad\u0131nlar\u0131 isyan ettirdi! - Av. Deniz Can K\u0131z\u0131l","robots":{"index":"index","follow":"follow","max-snippet":"max-snippet:-1","max-image-preview":"max-image-preview:large","max-video-preview":"max-video-preview:-1"},"canonical":"https:\/\/denizcankizil.tr\/en\/haberler\/gundem\/chpli-belediyede-tciz-iddialari-kadinlari-isyan-ettirdi\/","og_locale":"en_GB","og_type":"article","og_title":"CHP\u2019li belediyede t*ciz iddialar\u0131 kad\u0131nlar\u0131 isyan ettirdi!","og_description":"Antalya B\u00fcy\u00fck\u015fehir Belediyesi b\u00fcnyesinde 2017 y\u0131l\u0131nda kurulan Gen\u00e7lik Meclisi, gen\u00e7lerin y\u00f6netime kat\u0131lmas\u0131n\u0131 ama\u00e7l\u0131yordu. Temmuz 2016\u2019da y\u00f6netmelik \u00e7\u0131kar\u0131ld\u0131, ard\u0131ndan AKP\u2019li Menderes T\u00fcrel\u2019in B\u00fcy\u00fck\u015fehir Belediye Ba\u015fkan\u0131 oldu\u011fu d\u00f6nemde al\u0131nan 10 \u015eubat 2017 tarihli Meclis Karar\u0131\u2019na g\u00f6re, ya\u015flar\u0131 15 ile 28 aras\u0131nda de\u011fi\u015fen 103 gen\u00e7, Gen\u00e7lik Meclisi \u00dcyesi olarak kabul edildi. Bu oylamada, CHP\u2019nin 9 \u2018\u00e7ekimser\u2019 oyu bulunurken, d\u00fczenleme oy\u00e7oklu\u011fu ile kabul edildi. 2021\u2019DE Y\u00d6NETMEL\u0130K DE DA\u0130RE BA\u015eKANLI\u011eI DA DE\u011e\u0130\u015eT\u0130 B\u00fcy\u00fck\u015fehir Belediye Meclisi\u2019ndeki \u00fcye say\u0131s\u0131 kadar (107) \u00fcyesi bulunan ve 3 y\u0131ll\u0131\u011f\u0131na se\u00e7ilen Gen\u00e7lik Meclisi, b\u00fcnyesinde olu\u015fturulan farkl\u0131 \u00e7al\u0131\u015fma gruplar\u0131yla K\u00fclt\u00fcr ve Sosyal \u0130\u015fler Dairesi Ba\u015fkanl\u0131\u011f\u0131 b\u00fcnyesinde faaliyetine ba\u015flad\u0131. Ancak zamanla meclisin \u00e7al\u0131\u015fmalar\u0131 s\u00f6n\u00fcmlendi. 2019\u2019daki yerel se\u00e7imlerin ard\u0131ndan ba\u015fkanl\u0131k koltu\u011funa oturan CHP\u2019li Muhittin B\u00f6cek\u2019in g\u00f6reve gelmesinden bir s\u00fcre sonra Gen\u00e7lik Meclisi yeniden canland\u0131r\u0131lmaya ba\u015fland\u0131. \u00d6nce, Eyl\u00fcl 2021\u2019de y\u00f6netmelik de\u011fi\u015fikli\u011fine gidildi ve daha \u00f6nce K\u00fclt\u00fcr ve Sosyal \u0130\u015fler Dairesi Ba\u015fkanl\u0131\u011f\u0131\u2019na ba\u011fl\u0131 olarak faaliyetlerini y\u00fcr\u00fcten Gen\u00e7lik Meclisi Gen\u00e7lik ve Spor Hizmetleri Dairesi\u2019ne ba\u011fland\u0131. Y\u00f6netmelikte yap\u0131lan de\u011fi\u015fiklikle, Gen\u00e7lik Meclisi\u2019nin se\u00e7im s\u00fcreci 3 y\u0131ldan 1 y\u0131la d\u00fc\u015f\u00fcr\u00fcl\u00fcrken, \u2018g\u00f6n\u00fcll\u00fc \u00fcyelik\u2019 kontenjan\u0131 da kald\u0131r\u0131ld\u0131. MECL\u0130S BA\u015eKANI TAC\u0130Z VE \u015e\u0130DDET \u0130DD\u0130ALARIYLA G\u00dcNDEME GELD\u0130 Yeni y\u00f6netmelik \u00e7er\u00e7evesinde Ekim 2021\u2019de Gen\u00e7lik Meclisi\u2019nin yeni yap\u0131s\u0131 olu\u015fturularak karara ba\u011fland\u0131. Antalya B\u00fcy\u00fck\u015fehir Belediyesi Gen\u00e7lik Meclisi\u2019nin ba\u015fkanl\u0131\u011f\u0131na ise daha \u00f6nce CHP Konyaalt\u0131 \u0130l\u00e7e Ba\u015fkanl\u0131\u011f\u0131 b\u00fcnyesindeki gen\u00e7lik &hellip;","og_url":"https:\/\/denizcankizil.tr\/en\/haberler\/gundem\/chpli-belediyede-tciz-iddialari-kadinlari-isyan-ettirdi\/","og_site_name":"Av. Deniz Can K\u0131z\u0131l","article_published_time":"2025-05-13T05:41:20+00:00","author":"Antalya K\u00f6rfez","twitter_card":"summary_large_image","twitter_misc":{"Written by":"Antalya K\u00f6rfez","Estimated reading time":"11 minutes"},"schema":{"@context":"https:\/\/schema.org","@graph":[{"@type":"Article","@id":"https:\/\/denizcankizil.tr\/en\/haberler\/gundem\/chpli-belediyede-tciz-iddialari-kadinlari-isyan-ettirdi\/#article","isPartOf":{"@id":"https:\/\/denizcankizil.tr\/en\/haberler\/gundem\/chpli-belediyede-tciz-iddialari-kadinlari-isyan-ettirdi\/"},"author":{"name":"Antalya K\u00f6rfez","@id":"https:\/\/denizcankizil.tr\/#\/schema\/person\/e1eb71bb4dd684d46563f0af307e1234"},"headline":"CHP\u2019li belediyede t*ciz iddialar\u0131 kad\u0131nlar\u0131 isyan ettirdi!","datePublished":"2025-05-13T05:41:20+00:00","mainEntityOfPage":{"@id":"https:\/\/denizcankizil.tr\/en\/haberler\/gundem\/chpli-belediyede-tciz-iddialari-kadinlari-isyan-ettirdi\/"},"wordCount":2210,"publisher":{"@id":"https:\/\/denizcankizil.tr\/#organization"},"articleSection":["G\u00fcndem"],"inLanguage":"en-GB"},{"@type":"WebPage","@id":"https:\/\/denizcankizil.tr\/en\/haberler\/gundem\/chpli-belediyede-tciz-iddialari-kadinlari-isyan-ettirdi\/","url":"https:\/\/denizcankizil.tr\/en\/haberler\/gundem\/chpli-belediyede-tciz-iddialari-kadinlari-isyan-ettirdi\/","name":"CHP\u2019li belediyede t*ciz iddialar\u0131 kad\u0131nlar\u0131 isyan ettirdi! - Av. Deniz Can K\u0131z\u0131l","isPartOf":{"@id":"https:\/\/denizcankizil.tr\/#website"},"datePublished":"2025-05-13T05:41:20+00:00","breadcrumb":{"@id":"https:\/\/denizcankizil.tr\/en\/haberler\/gundem\/chpli-belediyede-tciz-iddialari-kadinlari-isyan-ettirdi\/#breadcrumb"},"inLanguage":"en-GB","potentialAction":[{"@type":"ReadAction","target":["https:\/\/denizcankizil.tr\/en\/haberler\/gundem\/chpli-belediyede-tciz-iddialari-kadinlari-isyan-ettirdi\/"]}]},{"@type":"BreadcrumbList","@id":"https:\/\/denizcankizil.tr\/en\/haberler\/gundem\/chpli-belediyede-tciz-iddialari-kadinlari-isyan-ettirdi\/#breadcrumb","itemListElement":[{"@type":"ListItem","position":1,"name":"Home","item":"https:\/\/denizcankizil.tr\/de\/"},{"@type":"ListItem","position":2,"name":"CHP\u2019li belediyede t*ciz iddialar\u0131 kad\u0131nlar\u0131 isyan ettirdi!"}]},{"@type":"WebSite","@id":"https:\/\/denizcankizil.tr\/#website","url":"https:\/\/denizcankizil.tr\/","name":"Av. Deniz Can K\u0131z\u0131l","description":"Avukat Deniz Can K\u0131z\u0131l Antalya Barosu","publisher":{"@id":"https:\/\/denizcankizil.tr\/#organization"},"potentialAction":[{"@type":"SearchAction","target":{"@type":"EntryPoint","urlTemplate":"https:\/\/denizcankizil.tr\/?s={search_term_string}"},"query-input":{"@type":"PropertyValueSpecification","valueRequired":true,"valueName":"search_term_string"}}],"inLanguage":"en-GB"},{"@type":"Organization","@id":"https:\/\/denizcankizil.tr\/#organization","name":"Av. Deniz Can K\u0131z\u0131l","url":"https:\/\/denizcankizil.tr\/","logo":{"@type":"ImageObject","inLanguage":"en-GB","@id":"https:\/\/denizcankizil.tr\/#\/schema\/logo\/image\/","url":"https:\/\/denizcankizil.tr\/wp-content\/uploads\/2024\/10\/siyah-logo-svg.svg","contentUrl":"https:\/\/denizcankizil.tr\/wp-content\/uploads\/2024\/10\/siyah-logo-svg.svg","width":1080,"height":1080,"caption":"Av. Deniz Can K\u0131z\u0131l"},"image":{"@id":"https:\/\/denizcankizil.tr\/#\/schema\/logo\/image\/"}},{"@type":"Person","@id":"https:\/\/denizcankizil.tr\/#\/schema\/person\/e1eb71bb4dd684d46563f0af307e1234","name":"Antalya K\u00f6rfez","image":{"@type":"ImageObject","inLanguage":"en-GB","@id":"https:\/\/denizcankizil.tr\/#\/schema\/person\/image\/","url":"https:\/\/secure.gravatar.com\/avatar\/42b01982558a48a0b501fdcab6a408d3717ea5919095ee2e67b0e521799c5905?s=96&d=mm&r=g","contentUrl":"https:\/\/secure.gravatar.com\/avatar\/42b01982558a48a0b501fdcab6a408d3717ea5919095ee2e67b0e521799c5905?s=96&d=mm&r=g","caption":"Antalya K\u00f6rfez"},"sameAs":["http:\/\/www.antalyakorfez.com"],"url":"https:\/\/www.antalyakorfez.com\/chpli-belediyede-tciz-iddialari-kadinlari-isyan-ettirdi"}]}},"_links":{"self":[{"href":"https:\/\/denizcankizil.tr\/en\/wp-json\/wp\/v2\/posts\/84910","targetHints":{"allow":["GET"]}}],"collection":[{"href":"https:\/\/denizcankizil.tr\/en\/wp-json\/wp\/v2\/posts"}],"about":[{"href":"https:\/\/denizcankizil.tr\/en\/wp-json\/wp\/v2\/types\/post"}],"author":[{"embeddable":true,"href":"https:\/\/denizcankizil.tr\/en\/wp-json\/wp\/v2\/users\/5"}],"replies":[{"embeddable":true,"href":"https:\/\/denizcankizil.tr\/en\/wp-json\/wp\/v2\/comments?post=84910"}],"version-history":[{"count":0,"href":"https:\/\/denizcankizil.tr\/en\/wp-json\/wp\/v2\/posts\/84910\/revisions"}],"wp:attachment":[{"href":"https:\/\/denizcankizil.tr\/en\/wp-json\/wp\/v2\/media?parent=84910"}],"wp:term":[{"taxonomy":"category","embeddable":true,"href":"https:\/\/denizcankizil.tr\/en\/wp-json\/wp\/v2\/categories?post=84910"},{"taxonomy":"post_tag","embeddable":true,"href":"https:\/\/denizcankizil.tr\/en\/wp-json\/wp\/v2\/tags?post=84910"}],"curies":[{"name":"wp","href":"https:\/\/api.w.org\/{rel}","templated":true}]}}