{"id":84384,"date":"2025-05-12T19:41:37","date_gmt":"2025-05-12T16:41:37","guid":{"rendered":"https:\/\/denizcankizil.tr\/uncategorized-tr\/chpli-ari-da-falezlerindeki-kacak-tunel-tartismasina-katildi\/"},"modified":"2025-05-12T19:41:37","modified_gmt":"2025-05-12T16:41:37","slug":"chpli-ari-da-falezlerindeki-kacak-tunel-tartismasina-katildi","status":"publish","type":"post","link":"https:\/\/denizcankizil.tr\/en\/haberler\/gundem\/chpli-ari-da-falezlerindeki-kacak-tunel-tartismasina-katildi\/","title":{"rendered":"CHP\u2019li Ar\u0131 da falezlerindeki ka\u00e7ak t\u00fcnel tart\u0131\u015fmas\u0131na kat\u0131ld\u0131"},"content":{"rendered":"<p>Antalya\u2019n\u0131n Konyaalt\u0131 Sahili\u2019nden ba\u015flayan ve Lara Plaj\u0131\u2019na kadar uzanan falezlerin olu\u015fumu milyonlarca y\u0131l s\u00fcr\u00fcyor. B\u00f6ylesine de\u011ferli do\u011fal harikas\u0131 yap\u0131lar ise baz\u0131 i\u015fletmeler taraf\u0131ndan harap edilmesine tepkiler gelmeye devam ediyor. 2 otelin falezlerin alt\u0131n\u0131 oyarak plaja ula\u015fmak i\u00e7in t\u00fcnel a\u00e7mas\u0131 ve daha \u00f6nce falezlere yap\u0131lan asans\u00f6rler kentin hatta T\u00fcrkiye\u2019nin en \u00f6nemli g\u00fcndem maddeleri haline geldi. CHP Antalya Milletvekili Cavit Ar\u0131 ise son g\u00fcnlerde ya\u015fanan bu do\u011fa katliam\u0131na tepki g\u00f6sterdi.<\/p>\n<p>\u201c\u0130NSANLARIN CAN G\u00dcVENL\u0130\u011e\u0130N\u0130 TEHL\u0130KEYE ATIYOR\u201d<\/p>\n<p>CHP Antalya Milletvekili Cavit Ar\u0131, son g\u00fcnlerde g\u00fcndeme gelen, baz\u0131 otellerin falezlere izinsiz ya da denetimsiz bi\u00e7imde a\u00e7t\u0131\u011f\u0131 t\u00fcneller ve plajlara eri\u015fim sa\u011flamak amac\u0131yla in\u015fa edilen asans\u00f6rler hakk\u0131nda bir de\u011ferlendirme yapt\u0131. Falezlerin \u00fczerine yap\u0131lan asans\u00f6r ve t\u00fcnellerin vatanda\u015flar\u0131n can g\u00fcvenli\u011fini tehlikeye att\u0131\u011f\u0131na de\u011finen Ar\u0131, \u201cAntalya\u2019m\u0131z\u0131n do\u011fal ve k\u00fclt\u00fcrel miras\u0131n\u0131n en \u00f6nemli simgelerinden biri olan falezler milyonlarca y\u0131lda olu\u015fmu\u015f d\u00fcnyada ender g\u00f6r\u00fclen do\u011fa harikas\u0131d\u0131r. Son y\u0131llarda baz\u0131 oteller taraf\u0131ndan izinsiz veya denetimsiz \u015fekilde t\u00fcnel ve asans\u00f6rler in\u015fa edildi\u011fi g\u00f6r\u00fclmektedir. Bu m\u00fcdahaleler yaln\u0131zca \u00e7evresel tahribata yol a\u00e7makla kalmamakta, ayn\u0131 zamanda insanlar\u0131nda can g\u00fcvenli\u011fini tehlikeye atmaktad\u0131r. B\u00f6ylesi k\u0131r\u0131lgan ve riskli bir do\u011fal yap\u0131ya in\u015fa edilen t\u00fcnel ve asans\u00f6rlerin varl\u0131\u011f\u0131 yaln\u0131zca do\u011fal yap\u0131y\u0131 tahrip etmekle kalmamakta, ayn\u0131 zamanda insanlar\u0131nda can g\u00fcvenli\u011fini yok saymakt\u0131r\u201d dedi.<\/p>\n<p>&#8220;T\u00dcNELLER DO\u011eAL YA\u015eAMA ZARAR VER\u0130YOR&#8221; <\/p>\n<p>Falezlerde \u00e7ok say\u0131da deniz canl\u0131s\u0131 ve bitki t\u00fcr\u00fcne ev sahipli\u011fi yapt\u0131\u011f\u0131n\u0131 asans\u00f6r ve t\u00fcnel gibi yapay m\u00fcdahaleler sonucu bu ekosistemin zarar g\u00f6rd\u00fc\u011f\u00fcne dikkat \u00e7eken Ar\u0131, \u201cFalezlerin \u00e7evresi, \u00f6zellikle denizle birle\u015fti\u011fi alanlar, \u00e7ok hassas bir ekosistem bar\u0131nd\u0131r\u0131yor. Bu alanlar; deniz ku\u015flar\u0131, endemik bitki t\u00fcrleri ve bir\u00e7ok deniz canl\u0131s\u0131 i\u00e7in do\u011fal bir ya\u015fam alan\u0131. Ancak bu t\u00fcr alanlara yap\u0131lan yapay m\u00fcdahaleler (asans\u00f6r, t\u00fcnel) \u00e7evreyi ve ekolojik dengeyi tehdit ediliyor. Antalya\u2019m\u0131z\u0131n falezlerinin b\u00fcy\u00fck bir b\u00f6l\u00fcm\u00fc ise &#8216;Kesin Korunacak Hassas Alan&#8217; stat\u00fcs\u00fcnde. Bu nedenle her t\u00fcrl\u00fc m\u00fcdahalenin yasal, \u00e7evresel ve bilimsel \u00e7er\u00e7evede de\u011ferlendirilmesi b\u00fcy\u00fck \u00f6nem ta\u015f\u0131yor\u201d diye konu\u015ftu.<\/p>\n<p>\u200bAntalya Milletvekili Cavit Ar\u0131, 2 otelin plajlara ula\u015fmak i\u00e7in milyonlarca y\u0131ll\u0131k do\u011fa harikas\u0131 falezlerin alt\u0131n\u0131 oyarak, t\u00fcneller a\u00e7malar\u0131na tepki g\u00f6sterdi. Ar\u0131, a\u00e7\u0131lan bu t\u00fcnellerin o alandaki do\u011fal ya\u015fama zarar verdi\u011fini ve b\u00f6ylesine k\u0131r\u0131lgan, riskli yap\u0131lar\u0131n insanlar\u0131n can g\u00fcvenli\u011fi i\u00e7in tehlike olu\u015fturdu\u011funa dikkat \u00e7ekti.\u00a0<\/p>\n<p>\u200bHaberin Al\u0131nt\u0131land\u0131\u011f\u0131 Kaynak: www.antalyakorfez.com<\/p>","protected":false},"excerpt":{"rendered":"<p>Antalya\u2019n\u0131n Konyaalt\u0131 Sahili\u2019nden ba\u015flayan ve Lara Plaj\u0131\u2019na kadar uzanan falezlerin olu\u015fumu milyonlarca y\u0131l s\u00fcr\u00fcyor. B\u00f6ylesine de\u011ferli do\u011fal harikas\u0131 yap\u0131lar ise baz\u0131 i\u015fletmeler taraf\u0131ndan harap edilmesine tepkiler gelmeye devam ediyor. 2 otelin falezlerin alt\u0131n\u0131 oyarak plaja ula\u015fmak i\u00e7in t\u00fcnel a\u00e7mas\u0131 ve daha \u00f6nce falezlere yap\u0131lan asans\u00f6rler kentin hatta T\u00fcrkiye\u2019nin en \u00f6nemli g\u00fcndem maddeleri haline geldi. CHP Antalya Milletvekili Cavit Ar\u0131 ise son g\u00fcnlerde ya\u015fanan bu do\u011fa katliam\u0131na tepki g\u00f6sterdi. \u201c\u0130NSANLARIN CAN G\u00dcVENL\u0130\u011e\u0130N\u0130 TEHL\u0130KEYE ATIYOR\u201d CHP Antalya Milletvekili Cavit Ar\u0131, son g\u00fcnlerde g\u00fcndeme gelen, baz\u0131 otellerin falezlere izinsiz ya da denetimsiz bi\u00e7imde a\u00e7t\u0131\u011f\u0131 t\u00fcneller ve plajlara eri\u015fim sa\u011flamak amac\u0131yla in\u015fa edilen asans\u00f6rler hakk\u0131nda bir de\u011ferlendirme yapt\u0131. Falezlerin \u00fczerine yap\u0131lan asans\u00f6r ve t\u00fcnellerin vatanda\u015flar\u0131n can g\u00fcvenli\u011fini tehlikeye att\u0131\u011f\u0131na de\u011finen Ar\u0131, \u201cAntalya\u2019m\u0131z\u0131n do\u011fal ve k\u00fclt\u00fcrel miras\u0131n\u0131n en \u00f6nemli simgelerinden biri olan falezler milyonlarca y\u0131lda olu\u015fmu\u015f d\u00fcnyada ender g\u00f6r\u00fclen do\u011fa harikas\u0131d\u0131r. Son y\u0131llarda baz\u0131 oteller taraf\u0131ndan izinsiz veya denetimsiz \u015fekilde t\u00fcnel ve asans\u00f6rler in\u015fa edildi\u011fi g\u00f6r\u00fclmektedir. Bu m\u00fcdahaleler yaln\u0131zca \u00e7evresel tahribata yol a\u00e7makla kalmamakta, ayn\u0131 zamanda insanlar\u0131nda can g\u00fcvenli\u011fini tehlikeye atmaktad\u0131r. B\u00f6ylesi k\u0131r\u0131lgan ve riskli bir do\u011fal yap\u0131ya in\u015fa edilen t\u00fcnel ve asans\u00f6rlerin varl\u0131\u011f\u0131 yaln\u0131zca do\u011fal yap\u0131y\u0131 tahrip etmekle kalmamakta, ayn\u0131 zamanda insanlar\u0131nda can g\u00fcvenli\u011fini yok saymakt\u0131r\u201d dedi. &#8220;T\u00dcNELLER DO\u011eAL YA\u015eAMA ZARAR VER\u0130YOR&#8221; Falezlerde \u00e7ok &hellip;<\/p>","protected":false},"author":5,"featured_media":0,"comment_status":"","ping_status":"open","sticky":false,"template":"","format":"standard","meta":{"_acf_changed":false,"footnotes":""},"categories":[24],"tags":[],"class_list":["post-84384","post","type-post","status-publish","format-standard","has-post-thumbnail","hentry","category-gundem"],"acf":[],"yoast_head":"<!-- This site is optimized with the Yoast SEO Premium plugin v26.6 (Yoast SEO v27.1.1) - https:\/\/yoast.com\/product\/yoast-seo-premium-wordpress\/ -->\n<title>CHP\u2019li Ar\u0131 da falezlerindeki ka\u00e7ak t\u00fcnel tart\u0131\u015fmas\u0131na kat\u0131ld\u0131 - Av. Deniz Can K\u0131z\u0131l<\/title>\n<meta name=\"robots\" content=\"index, follow, max-snippet:-1, max-image-preview:large, max-video-preview:-1\" \/>\n<link rel=\"canonical\" href=\"https:\/\/denizcankizil.tr\/en\/haberler\/gundem\/chpli-ari-da-falezlerindeki-kacak-tunel-tartismasina-katildi\/\" \/>\n<meta property=\"og:locale\" content=\"en_GB\" \/>\n<meta property=\"og:type\" content=\"article\" \/>\n<meta property=\"og:title\" content=\"CHP\u2019li Ar\u0131 da falezlerindeki ka\u00e7ak t\u00fcnel tart\u0131\u015fmas\u0131na kat\u0131ld\u0131\" \/>\n<meta property=\"og:description\" content=\"Antalya\u2019n\u0131n Konyaalt\u0131 Sahili\u2019nden ba\u015flayan ve Lara Plaj\u0131\u2019na kadar uzanan falezlerin olu\u015fumu milyonlarca y\u0131l s\u00fcr\u00fcyor. B\u00f6ylesine de\u011ferli do\u011fal harikas\u0131 yap\u0131lar ise baz\u0131 i\u015fletmeler taraf\u0131ndan harap edilmesine tepkiler gelmeye devam ediyor. 2 otelin falezlerin alt\u0131n\u0131 oyarak plaja ula\u015fmak i\u00e7in t\u00fcnel a\u00e7mas\u0131 ve daha \u00f6nce falezlere yap\u0131lan asans\u00f6rler kentin hatta T\u00fcrkiye\u2019nin en \u00f6nemli g\u00fcndem maddeleri haline geldi. CHP Antalya Milletvekili Cavit Ar\u0131 ise son g\u00fcnlerde ya\u015fanan bu do\u011fa katliam\u0131na tepki g\u00f6sterdi. \u201c\u0130NSANLARIN CAN G\u00dcVENL\u0130\u011e\u0130N\u0130 TEHL\u0130KEYE ATIYOR\u201d CHP Antalya Milletvekili Cavit Ar\u0131, son g\u00fcnlerde g\u00fcndeme gelen, baz\u0131 otellerin falezlere izinsiz ya da denetimsiz bi\u00e7imde a\u00e7t\u0131\u011f\u0131 t\u00fcneller ve plajlara eri\u015fim sa\u011flamak amac\u0131yla in\u015fa edilen asans\u00f6rler hakk\u0131nda bir de\u011ferlendirme yapt\u0131. Falezlerin \u00fczerine yap\u0131lan asans\u00f6r ve t\u00fcnellerin vatanda\u015flar\u0131n can g\u00fcvenli\u011fini tehlikeye att\u0131\u011f\u0131na de\u011finen Ar\u0131, \u201cAntalya\u2019m\u0131z\u0131n do\u011fal ve k\u00fclt\u00fcrel miras\u0131n\u0131n en \u00f6nemli simgelerinden biri olan falezler milyonlarca y\u0131lda olu\u015fmu\u015f d\u00fcnyada ender g\u00f6r\u00fclen do\u011fa harikas\u0131d\u0131r. Son y\u0131llarda baz\u0131 oteller taraf\u0131ndan izinsiz veya denetimsiz \u015fekilde t\u00fcnel ve asans\u00f6rler in\u015fa edildi\u011fi g\u00f6r\u00fclmektedir. Bu m\u00fcdahaleler yaln\u0131zca \u00e7evresel tahribata yol a\u00e7makla kalmamakta, ayn\u0131 zamanda insanlar\u0131nda can g\u00fcvenli\u011fini tehlikeye atmaktad\u0131r. B\u00f6ylesi k\u0131r\u0131lgan ve riskli bir do\u011fal yap\u0131ya in\u015fa edilen t\u00fcnel ve asans\u00f6rlerin varl\u0131\u011f\u0131 yaln\u0131zca do\u011fal yap\u0131y\u0131 tahrip etmekle kalmamakta, ayn\u0131 zamanda insanlar\u0131nda can g\u00fcvenli\u011fini yok saymakt\u0131r\u201d dedi. &#8220;T\u00dcNELLER DO\u011eAL YA\u015eAMA ZARAR VER\u0130YOR&#8221; Falezlerde \u00e7ok &hellip;\" \/>\n<meta property=\"og:url\" content=\"https:\/\/denizcankizil.tr\/en\/haberler\/gundem\/chpli-ari-da-falezlerindeki-kacak-tunel-tartismasina-katildi\/\" \/>\n<meta property=\"og:site_name\" content=\"Av. Deniz Can K\u0131z\u0131l\" \/>\n<meta property=\"article:published_time\" content=\"2025-05-12T16:41:37+00:00\" \/>\n<meta name=\"author\" content=\"Antalya K\u00f6rfez\" \/>\n<meta name=\"twitter:card\" content=\"summary_large_image\" \/>\n<meta name=\"twitter:label1\" content=\"Written by\" \/>\n\t<meta name=\"twitter:data1\" content=\"Antalya K\u00f6rfez\" \/>\n\t<meta name=\"twitter:label2\" content=\"Estimated reading time\" \/>\n\t<meta name=\"twitter:data2\" content=\"3 minutes\" \/>\n<script type=\"application\/ld+json\" class=\"yoast-schema-graph\">{\"@context\":\"https:\/\/schema.org\",\"@graph\":[{\"@type\":\"Article\",\"@id\":\"https:\/\/denizcankizil.tr\/haberler\/gundem\/chpli-ari-da-falezlerindeki-kacak-tunel-tartismasina-katildi\/#article\",\"isPartOf\":{\"@id\":\"https:\/\/denizcankizil.tr\/haberler\/gundem\/chpli-ari-da-falezlerindeki-kacak-tunel-tartismasina-katildi\/\"},\"author\":{\"name\":\"Antalya K\u00f6rfez\",\"@id\":\"https:\/\/denizcankizil.tr\/de\/#\/schema\/person\/e1eb71bb4dd684d46563f0af307e1234\"},\"headline\":\"CHP\u2019li Ar\u0131 da falezlerindeki ka\u00e7ak t\u00fcnel tart\u0131\u015fmas\u0131na kat\u0131ld\u0131\",\"datePublished\":\"2025-05-12T16:41:37+00:00\",\"mainEntityOfPage\":{\"@id\":\"https:\/\/denizcankizil.tr\/haberler\/gundem\/chpli-ari-da-falezlerindeki-kacak-tunel-tartismasina-katildi\/\"},\"wordCount\":530,\"publisher\":{\"@id\":\"https:\/\/denizcankizil.tr\/de\/#organization\"},\"articleSection\":[\"G\u00fcndem\"],\"inLanguage\":\"en-GB\"},{\"@type\":\"WebPage\",\"@id\":\"https:\/\/denizcankizil.tr\/haberler\/gundem\/chpli-ari-da-falezlerindeki-kacak-tunel-tartismasina-katildi\/\",\"url\":\"https:\/\/denizcankizil.tr\/haberler\/gundem\/chpli-ari-da-falezlerindeki-kacak-tunel-tartismasina-katildi\/\",\"name\":\"CHP\u2019li Ar\u0131 da falezlerindeki ka\u00e7ak t\u00fcnel tart\u0131\u015fmas\u0131na kat\u0131ld\u0131 - Av. Deniz Can K\u0131z\u0131l\",\"isPartOf\":{\"@id\":\"https:\/\/denizcankizil.tr\/de\/#website\"},\"datePublished\":\"2025-05-12T16:41:37+00:00\",\"breadcrumb\":{\"@id\":\"https:\/\/denizcankizil.tr\/haberler\/gundem\/chpli-ari-da-falezlerindeki-kacak-tunel-tartismasina-katildi\/#breadcrumb\"},\"inLanguage\":\"en-GB\",\"potentialAction\":[{\"@type\":\"ReadAction\",\"target\":[\"https:\/\/denizcankizil.tr\/haberler\/gundem\/chpli-ari-da-falezlerindeki-kacak-tunel-tartismasina-katildi\/\"]}]},{\"@type\":\"BreadcrumbList\",\"@id\":\"https:\/\/denizcankizil.tr\/haberler\/gundem\/chpli-ari-da-falezlerindeki-kacak-tunel-tartismasina-katildi\/#breadcrumb\",\"itemListElement\":[{\"@type\":\"ListItem\",\"position\":1,\"name\":\"Home\",\"item\":\"https:\/\/denizcankizil.tr\/de\/\"},{\"@type\":\"ListItem\",\"position\":2,\"name\":\"CHP\u2019li Ar\u0131 da falezlerindeki ka\u00e7ak t\u00fcnel tart\u0131\u015fmas\u0131na kat\u0131ld\u0131\"}]},{\"@type\":\"WebSite\",\"@id\":\"https:\/\/denizcankizil.tr\/de\/#website\",\"url\":\"https:\/\/denizcankizil.tr\/de\/\",\"name\":\"Av. Deniz Can K\u0131z\u0131l\",\"description\":\"Avukat Deniz Can K\u0131z\u0131l Antalya Barosu\",\"publisher\":{\"@id\":\"https:\/\/denizcankizil.tr\/de\/#organization\"},\"potentialAction\":[{\"@type\":\"SearchAction\",\"target\":{\"@type\":\"EntryPoint\",\"urlTemplate\":\"https:\/\/denizcankizil.tr\/de\/?s={search_term_string}\"},\"query-input\":{\"@type\":\"PropertyValueSpecification\",\"valueRequired\":true,\"valueName\":\"search_term_string\"}}],\"inLanguage\":\"en-GB\"},{\"@type\":\"Organization\",\"@id\":\"https:\/\/denizcankizil.tr\/de\/#organization\",\"name\":\"Av. Deniz Can K\u0131z\u0131l\",\"url\":\"https:\/\/denizcankizil.tr\/de\/\",\"logo\":{\"@type\":\"ImageObject\",\"inLanguage\":\"en-GB\",\"@id\":\"https:\/\/denizcankizil.tr\/de\/#\/schema\/logo\/image\/\",\"url\":\"https:\/\/denizcankizil.tr\/wp-content\/uploads\/2024\/10\/siyah-logo-svg.svg\",\"contentUrl\":\"https:\/\/denizcankizil.tr\/wp-content\/uploads\/2024\/10\/siyah-logo-svg.svg\",\"width\":1080,\"height\":1080,\"caption\":\"Av. Deniz Can K\u0131z\u0131l\"},\"image\":{\"@id\":\"https:\/\/denizcankizil.tr\/de\/#\/schema\/logo\/image\/\"}},{\"@type\":\"Person\",\"@id\":\"https:\/\/denizcankizil.tr\/de\/#\/schema\/person\/e1eb71bb4dd684d46563f0af307e1234\",\"name\":\"Antalya K\u00f6rfez\",\"image\":{\"@type\":\"ImageObject\",\"inLanguage\":\"en-GB\",\"@id\":\"https:\/\/denizcankizil.tr\/de\/#\/schema\/person\/image\/\",\"url\":\"https:\/\/secure.gravatar.com\/avatar\/42b01982558a48a0b501fdcab6a408d3717ea5919095ee2e67b0e521799c5905?s=96&d=mm&r=g\",\"contentUrl\":\"https:\/\/secure.gravatar.com\/avatar\/42b01982558a48a0b501fdcab6a408d3717ea5919095ee2e67b0e521799c5905?s=96&d=mm&r=g\",\"caption\":\"Antalya K\u00f6rfez\"},\"sameAs\":[\"http:\/\/www.antalyakorfez.com\"],\"url\":\"https:\/\/www.antalyakorfez.com\/chpli-ari-da-falezlerindeki-kacak-tunel-tartismasina-katildi\"}]}<\/script>\n<!-- \/ Yoast SEO Premium plugin. -->","yoast_head_json":{"title":"CHP\u2019li Ar\u0131 da falezlerindeki ka\u00e7ak t\u00fcnel tart\u0131\u015fmas\u0131na kat\u0131ld\u0131 - Av. Deniz Can K\u0131z\u0131l","robots":{"index":"index","follow":"follow","max-snippet":"max-snippet:-1","max-image-preview":"max-image-preview:large","max-video-preview":"max-video-preview:-1"},"canonical":"https:\/\/denizcankizil.tr\/en\/haberler\/gundem\/chpli-ari-da-falezlerindeki-kacak-tunel-tartismasina-katildi\/","og_locale":"en_GB","og_type":"article","og_title":"CHP\u2019li Ar\u0131 da falezlerindeki ka\u00e7ak t\u00fcnel tart\u0131\u015fmas\u0131na kat\u0131ld\u0131","og_description":"Antalya\u2019n\u0131n Konyaalt\u0131 Sahili\u2019nden ba\u015flayan ve Lara Plaj\u0131\u2019na kadar uzanan falezlerin olu\u015fumu milyonlarca y\u0131l s\u00fcr\u00fcyor. B\u00f6ylesine de\u011ferli do\u011fal harikas\u0131 yap\u0131lar ise baz\u0131 i\u015fletmeler taraf\u0131ndan harap edilmesine tepkiler gelmeye devam ediyor. 2 otelin falezlerin alt\u0131n\u0131 oyarak plaja ula\u015fmak i\u00e7in t\u00fcnel a\u00e7mas\u0131 ve daha \u00f6nce falezlere yap\u0131lan asans\u00f6rler kentin hatta T\u00fcrkiye\u2019nin en \u00f6nemli g\u00fcndem maddeleri haline geldi. CHP Antalya Milletvekili Cavit Ar\u0131 ise son g\u00fcnlerde ya\u015fanan bu do\u011fa katliam\u0131na tepki g\u00f6sterdi. \u201c\u0130NSANLARIN CAN G\u00dcVENL\u0130\u011e\u0130N\u0130 TEHL\u0130KEYE ATIYOR\u201d CHP Antalya Milletvekili Cavit Ar\u0131, son g\u00fcnlerde g\u00fcndeme gelen, baz\u0131 otellerin falezlere izinsiz ya da denetimsiz bi\u00e7imde a\u00e7t\u0131\u011f\u0131 t\u00fcneller ve plajlara eri\u015fim sa\u011flamak amac\u0131yla in\u015fa edilen asans\u00f6rler hakk\u0131nda bir de\u011ferlendirme yapt\u0131. Falezlerin \u00fczerine yap\u0131lan asans\u00f6r ve t\u00fcnellerin vatanda\u015flar\u0131n can g\u00fcvenli\u011fini tehlikeye att\u0131\u011f\u0131na de\u011finen Ar\u0131, \u201cAntalya\u2019m\u0131z\u0131n do\u011fal ve k\u00fclt\u00fcrel miras\u0131n\u0131n en \u00f6nemli simgelerinden biri olan falezler milyonlarca y\u0131lda olu\u015fmu\u015f d\u00fcnyada ender g\u00f6r\u00fclen do\u011fa harikas\u0131d\u0131r. Son y\u0131llarda baz\u0131 oteller taraf\u0131ndan izinsiz veya denetimsiz \u015fekilde t\u00fcnel ve asans\u00f6rler in\u015fa edildi\u011fi g\u00f6r\u00fclmektedir. Bu m\u00fcdahaleler yaln\u0131zca \u00e7evresel tahribata yol a\u00e7makla kalmamakta, ayn\u0131 zamanda insanlar\u0131nda can g\u00fcvenli\u011fini tehlikeye atmaktad\u0131r. B\u00f6ylesi k\u0131r\u0131lgan ve riskli bir do\u011fal yap\u0131ya in\u015fa edilen t\u00fcnel ve asans\u00f6rlerin varl\u0131\u011f\u0131 yaln\u0131zca do\u011fal yap\u0131y\u0131 tahrip etmekle kalmamakta, ayn\u0131 zamanda insanlar\u0131nda can g\u00fcvenli\u011fini yok saymakt\u0131r\u201d dedi. &#8220;T\u00dcNELLER DO\u011eAL YA\u015eAMA ZARAR VER\u0130YOR&#8221; Falezlerde \u00e7ok &hellip;","og_url":"https:\/\/denizcankizil.tr\/en\/haberler\/gundem\/chpli-ari-da-falezlerindeki-kacak-tunel-tartismasina-katildi\/","og_site_name":"Av. Deniz Can K\u0131z\u0131l","article_published_time":"2025-05-12T16:41:37+00:00","author":"Antalya K\u00f6rfez","twitter_card":"summary_large_image","twitter_misc":{"Written by":"Antalya K\u00f6rfez","Estimated reading time":"3 minutes"},"schema":{"@context":"https:\/\/schema.org","@graph":[{"@type":"Article","@id":"https:\/\/denizcankizil.tr\/haberler\/gundem\/chpli-ari-da-falezlerindeki-kacak-tunel-tartismasina-katildi\/#article","isPartOf":{"@id":"https:\/\/denizcankizil.tr\/haberler\/gundem\/chpli-ari-da-falezlerindeki-kacak-tunel-tartismasina-katildi\/"},"author":{"name":"Antalya K\u00f6rfez","@id":"https:\/\/denizcankizil.tr\/de\/#\/schema\/person\/e1eb71bb4dd684d46563f0af307e1234"},"headline":"CHP\u2019li Ar\u0131 da falezlerindeki ka\u00e7ak t\u00fcnel tart\u0131\u015fmas\u0131na kat\u0131ld\u0131","datePublished":"2025-05-12T16:41:37+00:00","mainEntityOfPage":{"@id":"https:\/\/denizcankizil.tr\/haberler\/gundem\/chpli-ari-da-falezlerindeki-kacak-tunel-tartismasina-katildi\/"},"wordCount":530,"publisher":{"@id":"https:\/\/denizcankizil.tr\/de\/#organization"},"articleSection":["G\u00fcndem"],"inLanguage":"en-GB"},{"@type":"WebPage","@id":"https:\/\/denizcankizil.tr\/haberler\/gundem\/chpli-ari-da-falezlerindeki-kacak-tunel-tartismasina-katildi\/","url":"https:\/\/denizcankizil.tr\/haberler\/gundem\/chpli-ari-da-falezlerindeki-kacak-tunel-tartismasina-katildi\/","name":"CHP\u2019li Ar\u0131 da falezlerindeki ka\u00e7ak t\u00fcnel tart\u0131\u015fmas\u0131na kat\u0131ld\u0131 - Av. Deniz Can K\u0131z\u0131l","isPartOf":{"@id":"https:\/\/denizcankizil.tr\/de\/#website"},"datePublished":"2025-05-12T16:41:37+00:00","breadcrumb":{"@id":"https:\/\/denizcankizil.tr\/haberler\/gundem\/chpli-ari-da-falezlerindeki-kacak-tunel-tartismasina-katildi\/#breadcrumb"},"inLanguage":"en-GB","potentialAction":[{"@type":"ReadAction","target":["https:\/\/denizcankizil.tr\/haberler\/gundem\/chpli-ari-da-falezlerindeki-kacak-tunel-tartismasina-katildi\/"]}]},{"@type":"BreadcrumbList","@id":"https:\/\/denizcankizil.tr\/haberler\/gundem\/chpli-ari-da-falezlerindeki-kacak-tunel-tartismasina-katildi\/#breadcrumb","itemListElement":[{"@type":"ListItem","position":1,"name":"Home","item":"https:\/\/denizcankizil.tr\/de\/"},{"@type":"ListItem","position":2,"name":"CHP\u2019li Ar\u0131 da falezlerindeki ka\u00e7ak t\u00fcnel tart\u0131\u015fmas\u0131na kat\u0131ld\u0131"}]},{"@type":"WebSite","@id":"https:\/\/denizcankizil.tr\/de\/#website","url":"https:\/\/denizcankizil.tr\/de\/","name":"Av. Deniz Can K\u0131z\u0131l","description":"Avukat Deniz Can K\u0131z\u0131l Antalya Barosu","publisher":{"@id":"https:\/\/denizcankizil.tr\/de\/#organization"},"potentialAction":[{"@type":"SearchAction","target":{"@type":"EntryPoint","urlTemplate":"https:\/\/denizcankizil.tr\/de\/?s={search_term_string}"},"query-input":{"@type":"PropertyValueSpecification","valueRequired":true,"valueName":"search_term_string"}}],"inLanguage":"en-GB"},{"@type":"Organization","@id":"https:\/\/denizcankizil.tr\/de\/#organization","name":"Av. Deniz Can K\u0131z\u0131l","url":"https:\/\/denizcankizil.tr\/de\/","logo":{"@type":"ImageObject","inLanguage":"en-GB","@id":"https:\/\/denizcankizil.tr\/de\/#\/schema\/logo\/image\/","url":"https:\/\/denizcankizil.tr\/wp-content\/uploads\/2024\/10\/siyah-logo-svg.svg","contentUrl":"https:\/\/denizcankizil.tr\/wp-content\/uploads\/2024\/10\/siyah-logo-svg.svg","width":1080,"height":1080,"caption":"Av. Deniz Can K\u0131z\u0131l"},"image":{"@id":"https:\/\/denizcankizil.tr\/de\/#\/schema\/logo\/image\/"}},{"@type":"Person","@id":"https:\/\/denizcankizil.tr\/de\/#\/schema\/person\/e1eb71bb4dd684d46563f0af307e1234","name":"Antalya K\u00f6rfez","image":{"@type":"ImageObject","inLanguage":"en-GB","@id":"https:\/\/denizcankizil.tr\/de\/#\/schema\/person\/image\/","url":"https:\/\/secure.gravatar.com\/avatar\/42b01982558a48a0b501fdcab6a408d3717ea5919095ee2e67b0e521799c5905?s=96&d=mm&r=g","contentUrl":"https:\/\/secure.gravatar.com\/avatar\/42b01982558a48a0b501fdcab6a408d3717ea5919095ee2e67b0e521799c5905?s=96&d=mm&r=g","caption":"Antalya K\u00f6rfez"},"sameAs":["http:\/\/www.antalyakorfez.com"],"url":"https:\/\/www.antalyakorfez.com\/chpli-ari-da-falezlerindeki-kacak-tunel-tartismasina-katildi"}]}},"_links":{"self":[{"href":"https:\/\/denizcankizil.tr\/en\/wp-json\/wp\/v2\/posts\/84384","targetHints":{"allow":["GET"]}}],"collection":[{"href":"https:\/\/denizcankizil.tr\/en\/wp-json\/wp\/v2\/posts"}],"about":[{"href":"https:\/\/denizcankizil.tr\/en\/wp-json\/wp\/v2\/types\/post"}],"author":[{"embeddable":true,"href":"https:\/\/denizcankizil.tr\/en\/wp-json\/wp\/v2\/users\/5"}],"replies":[{"embeddable":true,"href":"https:\/\/denizcankizil.tr\/en\/wp-json\/wp\/v2\/comments?post=84384"}],"version-history":[{"count":0,"href":"https:\/\/denizcankizil.tr\/en\/wp-json\/wp\/v2\/posts\/84384\/revisions"}],"wp:attachment":[{"href":"https:\/\/denizcankizil.tr\/en\/wp-json\/wp\/v2\/media?parent=84384"}],"wp:term":[{"taxonomy":"category","embeddable":true,"href":"https:\/\/denizcankizil.tr\/en\/wp-json\/wp\/v2\/categories?post=84384"},{"taxonomy":"post_tag","embeddable":true,"href":"https:\/\/denizcankizil.tr\/en\/wp-json\/wp\/v2\/tags?post=84384"}],"curies":[{"name":"wp","href":"https:\/\/api.w.org\/{rel}","templated":true}]}}