{"id":84342,"date":"2025-05-12T18:41:29","date_gmt":"2025-05-12T15:41:29","guid":{"rendered":"https:\/\/denizcankizil.tr\/uncategorized-tr\/konukseverdeki-tartismali-avm-alani-konut-alanina-dondu\/"},"modified":"2025-05-12T18:41:29","modified_gmt":"2025-05-12T15:41:29","slug":"konukseverdeki-tartismali-avm-alani-konut-alanina-dondu","status":"publish","type":"post","link":"https:\/\/denizcankizil.tr\/en\/haberler\/gundem\/konukseverdeki-tartismali-avm-alani-konut-alanina-dondu\/","title":{"rendered":"Konuksever\u2019deki tart\u0131\u015fmal\u0131 AVM alan\u0131 \u2018Konut Alan\u0131\u2019na d\u00f6nd\u00fc"},"content":{"rendered":"<p>Antalya B\u00fcy\u00fck\u015fehir Belediyesi Meclis Salonu&#8217;nda d\u00fczenlenen B\u00fcy\u00fck\u015fehir Belediye Meclisi May\u0131s ay\u0131 toplant\u0131s\u0131, Ba\u015fkan Muhittin B\u00f6cek\u2019in Manisa\u2019da olmas\u0131 sebebiyle kat\u0131lamamas\u0131ndan dolay\u0131, Ba\u015fkanvekili Bayram Ali \u00c7eltik ba\u015fkanl\u0131\u011f\u0131ndan ger\u00e7ekle\u015fti. Parti grup s\u00f6zc\u00fclerinin g\u00fcndem d\u0131\u015f\u0131 konu\u015fmalar\u0131n\u0131n ard\u0131ndan 72 g\u00fcndem maddesi g\u00f6r\u00fc\u015f\u00fcld\u00fc. Muratpa\u015fa il\u00e7esi Konuksever Mahallesi\u2019ndeki \u00d6rnek F\u0131r\u0131n\u2019\u0131n yan\u0131nda yer alan ve ge\u00e7mi\u015fte AVM yap\u0131lmas\u0131 tart\u0131\u015fmalar\u0131na konu olan bo\u015f arazinin konut alan\u0131na \u00e7evrilmesine ili\u015fkin 60. ve 61. g\u00fcndem maddeleri, Milliyet\u00e7i Hareket Partisi (MHP) grubunun reddetmesine ra\u011fmen oy \u00e7oklu\u011fuyla kabul edildi.<\/p>\n<p>T\u0130CARET ALANI KONUTA D\u00d6N\u00dc\u015eT\u00dcR\u00dcLD\u00dc<\/p>\n<p>Mecliste 60. g\u00fcndem maddesi olarak g\u00f6r\u00fc\u015f\u00fclen \u00f6neride, Muratpa\u015fa il\u00e7esi Konuksever Mahallesi\u2019nde, \u00d6rnek F\u0131r\u0131n\u2019\u0131n yan\u0131nda yer alan ve ge\u00e7mi\u015fte AVM yap\u0131lmas\u0131 tart\u0131\u015fmalar\u0131na konu olan bo\u015f bir arazinin \u201cticaret alan\u0131\u201d stat\u00fcs\u00fcnden \u00e7\u0131kar\u0131larak \u201ckonut alan\u0131\u201dna d\u00f6n\u00fc\u015ft\u00fcr\u00fclmesi amac\u0131yla haz\u0131rlanan 1\/25000 \u00f6l\u00e7ekli naz\u0131m imar plan\u0131 de\u011fi\u015fikli\u011fi yer ald\u0131. Ask\u0131 s\u00fcreci i\u00e7inde gelen itirazlar do\u011frultusunda d\u00fczenlenen imar ve bay\u0131nd\u0131rl\u0131k komisyon raporu, MHP grubunun red oyuna ra\u011fmen oy \u00e7oklu\u011fuyla kabul edildi.<\/p>\n<p>Y\u00dcKSEK YO\u011eUNLUKLU YAPILA\u015eMAYA \u0130T\u0130RAZ GELD\u0130<\/p>\n<p>61. g\u00fcndem maddesinde ise yine ayn\u0131 arazinin, ticaret alan\u0131, park ve ye\u015fil alan ile ta\u015f\u0131t ve yaya yolu olarak planlanan yap\u0131s\u0131n\u0131n; y\u00fcksek yo\u011funluklu yerle\u015fim alan\u0131, \u00e7ocuk bah\u00e7esi ile ta\u015f\u0131t ve yaya yolu olarak yeniden d\u00fczenlenmesini i\u00e7eren 1\/5000 \u00f6l\u00e7ekli naz\u0131m imar plan\u0131 de\u011fi\u015fikli\u011fi ele al\u0131nd\u0131. Ask\u0131 s\u00fcresi i\u00e7inde gelen itirazlar do\u011frultusunda haz\u0131rlanan komisyon raporu da MHP oyunun kar\u015f\u0131 oyuna ra\u011fmen oy \u00e7oklu\u011fuyla kabul edildi.<\/p>\n<p>\u201cPLAN UYGUN DE\u011e\u0130L\u201d<\/p>\n<p>Milliyet\u00e7i Hareket Partisi Grup S\u00f6zc\u00fcs\u00fc Sel\u00e7uk Senirli, s\u00f6z konusu imar de\u011fi\u015fikliklerine kar\u015f\u0131 olduklar\u0131n\u0131 belirterek, komisyon raporuna kat\u0131lmad\u0131klar\u0131n\u0131 daha \u00f6nce alanla ilgili plan\u0131 g\u00f6rd\u00fcklerini ve bu plan\u0131nda uygun olmad\u0131\u011f\u0131n\u0131 s\u00f6yledi.<\/p>\n<p>\u200bAntalya B\u00fcy\u00fck\u015fehir Belediyesi Meclisi\u2019nde Muratpa\u015fa il\u00e7esi Konuksever Mahallesi\u2019ndeki \u00d6rnek F\u0131r\u0131n\u2019\u0131n yan\u0131nda yer alan ve ge\u00e7mi\u015fte AVM tart\u0131\u015fmalar\u0131na neden olan bo\u015f ticari alan, imar plan\u0131 de\u011fi\u015fikli\u011fi ile konut alan\u0131na d\u00f6n\u00fc\u015ft\u00fcr\u00fcld\u00fc. MHP grubunun red oyu verdi\u011fi konut plan\u0131 oy \u00e7oklu\u011fuyla kabul edildi.\u00a0<\/p>\n<p>\u200bHaberin Al\u0131nt\u0131land\u0131\u011f\u0131 Kaynak: www.antalyakorfez.com<\/p>","protected":false},"excerpt":{"rendered":"<p>Antalya B\u00fcy\u00fck\u015fehir Belediyesi Meclis Salonu&#8217;nda d\u00fczenlenen B\u00fcy\u00fck\u015fehir Belediye Meclisi May\u0131s ay\u0131 toplant\u0131s\u0131, Ba\u015fkan Muhittin B\u00f6cek\u2019in Manisa\u2019da olmas\u0131 sebebiyle kat\u0131lamamas\u0131ndan dolay\u0131, Ba\u015fkanvekili Bayram Ali \u00c7eltik ba\u015fkanl\u0131\u011f\u0131ndan ger\u00e7ekle\u015fti. Parti grup s\u00f6zc\u00fclerinin g\u00fcndem d\u0131\u015f\u0131 konu\u015fmalar\u0131n\u0131n ard\u0131ndan 72 g\u00fcndem maddesi g\u00f6r\u00fc\u015f\u00fcld\u00fc. Muratpa\u015fa il\u00e7esi Konuksever Mahallesi\u2019ndeki \u00d6rnek F\u0131r\u0131n\u2019\u0131n yan\u0131nda yer alan ve ge\u00e7mi\u015fte AVM yap\u0131lmas\u0131 tart\u0131\u015fmalar\u0131na konu olan bo\u015f arazinin konut alan\u0131na \u00e7evrilmesine ili\u015fkin 60. ve 61. g\u00fcndem maddeleri, Milliyet\u00e7i Hareket Partisi (MHP) grubunun reddetmesine ra\u011fmen oy \u00e7oklu\u011fuyla kabul edildi. T\u0130CARET ALANI KONUTA D\u00d6N\u00dc\u015eT\u00dcR\u00dcLD\u00dc Mecliste 60. g\u00fcndem maddesi olarak g\u00f6r\u00fc\u015f\u00fclen \u00f6neride, Muratpa\u015fa il\u00e7esi Konuksever Mahallesi\u2019nde, \u00d6rnek F\u0131r\u0131n\u2019\u0131n yan\u0131nda yer alan ve ge\u00e7mi\u015fte AVM yap\u0131lmas\u0131 tart\u0131\u015fmalar\u0131na konu olan bo\u015f bir arazinin \u201cticaret alan\u0131\u201d stat\u00fcs\u00fcnden \u00e7\u0131kar\u0131larak \u201ckonut alan\u0131\u201dna d\u00f6n\u00fc\u015ft\u00fcr\u00fclmesi amac\u0131yla haz\u0131rlanan 1\/25000 \u00f6l\u00e7ekli naz\u0131m imar plan\u0131 de\u011fi\u015fikli\u011fi yer ald\u0131. Ask\u0131 s\u00fcreci i\u00e7inde gelen itirazlar do\u011frultusunda d\u00fczenlenen imar ve bay\u0131nd\u0131rl\u0131k komisyon raporu, MHP grubunun red oyuna ra\u011fmen oy \u00e7oklu\u011fuyla kabul edildi. Y\u00dcKSEK YO\u011eUNLUKLU YAPILA\u015eMAYA \u0130T\u0130RAZ GELD\u0130 61. g\u00fcndem maddesinde ise yine ayn\u0131 arazinin, ticaret alan\u0131, park ve ye\u015fil alan ile ta\u015f\u0131t ve yaya yolu olarak planlanan yap\u0131s\u0131n\u0131n; y\u00fcksek yo\u011funluklu yerle\u015fim alan\u0131, \u00e7ocuk bah\u00e7esi ile ta\u015f\u0131t ve yaya yolu olarak yeniden d\u00fczenlenmesini i\u00e7eren 1\/5000 \u00f6l\u00e7ekli naz\u0131m imar plan\u0131 de\u011fi\u015fikli\u011fi ele al\u0131nd\u0131. Ask\u0131 s\u00fcresi i\u00e7inde gelen itirazlar do\u011frultusunda haz\u0131rlanan komisyon &hellip;<\/p>","protected":false},"author":5,"featured_media":0,"comment_status":"","ping_status":"open","sticky":false,"template":"","format":"standard","meta":{"_acf_changed":false,"footnotes":""},"categories":[24],"tags":[],"class_list":["post-84342","post","type-post","status-publish","format-standard","has-post-thumbnail","hentry","category-gundem"],"acf":[],"yoast_head":"<!-- This site is optimized with the Yoast SEO Premium plugin v26.6 (Yoast SEO v27.1.1) - https:\/\/yoast.com\/product\/yoast-seo-premium-wordpress\/ -->\n<title>Konuksever\u2019deki tart\u0131\u015fmal\u0131 AVM alan\u0131 \u2018Konut Alan\u0131\u2019na d\u00f6nd\u00fc - Av. Deniz Can K\u0131z\u0131l<\/title>\n<meta name=\"robots\" content=\"index, follow, max-snippet:-1, max-image-preview:large, max-video-preview:-1\" \/>\n<link rel=\"canonical\" href=\"https:\/\/denizcankizil.tr\/en\/haberler\/gundem\/konukseverdeki-tartismali-avm-alani-konut-alanina-dondu\/\" \/>\n<meta property=\"og:locale\" content=\"en_GB\" \/>\n<meta property=\"og:type\" content=\"article\" \/>\n<meta property=\"og:title\" content=\"Konuksever\u2019deki tart\u0131\u015fmal\u0131 AVM alan\u0131 \u2018Konut Alan\u0131\u2019na d\u00f6nd\u00fc\" \/>\n<meta property=\"og:description\" content=\"Antalya B\u00fcy\u00fck\u015fehir Belediyesi Meclis Salonu&#8217;nda d\u00fczenlenen B\u00fcy\u00fck\u015fehir Belediye Meclisi May\u0131s ay\u0131 toplant\u0131s\u0131, Ba\u015fkan Muhittin B\u00f6cek\u2019in Manisa\u2019da olmas\u0131 sebebiyle kat\u0131lamamas\u0131ndan dolay\u0131, Ba\u015fkanvekili Bayram Ali \u00c7eltik ba\u015fkanl\u0131\u011f\u0131ndan ger\u00e7ekle\u015fti. Parti grup s\u00f6zc\u00fclerinin g\u00fcndem d\u0131\u015f\u0131 konu\u015fmalar\u0131n\u0131n ard\u0131ndan 72 g\u00fcndem maddesi g\u00f6r\u00fc\u015f\u00fcld\u00fc. Muratpa\u015fa il\u00e7esi Konuksever Mahallesi\u2019ndeki \u00d6rnek F\u0131r\u0131n\u2019\u0131n yan\u0131nda yer alan ve ge\u00e7mi\u015fte AVM yap\u0131lmas\u0131 tart\u0131\u015fmalar\u0131na konu olan bo\u015f arazinin konut alan\u0131na \u00e7evrilmesine ili\u015fkin 60. ve 61. g\u00fcndem maddeleri, Milliyet\u00e7i Hareket Partisi (MHP) grubunun reddetmesine ra\u011fmen oy \u00e7oklu\u011fuyla kabul edildi. T\u0130CARET ALANI KONUTA D\u00d6N\u00dc\u015eT\u00dcR\u00dcLD\u00dc Mecliste 60. g\u00fcndem maddesi olarak g\u00f6r\u00fc\u015f\u00fclen \u00f6neride, Muratpa\u015fa il\u00e7esi Konuksever Mahallesi\u2019nde, \u00d6rnek F\u0131r\u0131n\u2019\u0131n yan\u0131nda yer alan ve ge\u00e7mi\u015fte AVM yap\u0131lmas\u0131 tart\u0131\u015fmalar\u0131na konu olan bo\u015f bir arazinin \u201cticaret alan\u0131\u201d stat\u00fcs\u00fcnden \u00e7\u0131kar\u0131larak \u201ckonut alan\u0131\u201dna d\u00f6n\u00fc\u015ft\u00fcr\u00fclmesi amac\u0131yla haz\u0131rlanan 1\/25000 \u00f6l\u00e7ekli naz\u0131m imar plan\u0131 de\u011fi\u015fikli\u011fi yer ald\u0131. Ask\u0131 s\u00fcreci i\u00e7inde gelen itirazlar do\u011frultusunda d\u00fczenlenen imar ve bay\u0131nd\u0131rl\u0131k komisyon raporu, MHP grubunun red oyuna ra\u011fmen oy \u00e7oklu\u011fuyla kabul edildi. Y\u00dcKSEK YO\u011eUNLUKLU YAPILA\u015eMAYA \u0130T\u0130RAZ GELD\u0130 61. g\u00fcndem maddesinde ise yine ayn\u0131 arazinin, ticaret alan\u0131, park ve ye\u015fil alan ile ta\u015f\u0131t ve yaya yolu olarak planlanan yap\u0131s\u0131n\u0131n; y\u00fcksek yo\u011funluklu yerle\u015fim alan\u0131, \u00e7ocuk bah\u00e7esi ile ta\u015f\u0131t ve yaya yolu olarak yeniden d\u00fczenlenmesini i\u00e7eren 1\/5000 \u00f6l\u00e7ekli naz\u0131m imar plan\u0131 de\u011fi\u015fikli\u011fi ele al\u0131nd\u0131. Ask\u0131 s\u00fcresi i\u00e7inde gelen itirazlar do\u011frultusunda haz\u0131rlanan komisyon &hellip;\" \/>\n<meta property=\"og:url\" content=\"https:\/\/denizcankizil.tr\/en\/haberler\/gundem\/konukseverdeki-tartismali-avm-alani-konut-alanina-dondu\/\" \/>\n<meta property=\"og:site_name\" content=\"Av. Deniz Can K\u0131z\u0131l\" \/>\n<meta property=\"article:published_time\" content=\"2025-05-12T15:41:29+00:00\" \/>\n<meta name=\"author\" content=\"Antalya K\u00f6rfez\" \/>\n<meta name=\"twitter:card\" content=\"summary_large_image\" \/>\n<meta name=\"twitter:label1\" content=\"Written by\" \/>\n\t<meta name=\"twitter:data1\" content=\"Antalya K\u00f6rfez\" \/>\n\t<meta name=\"twitter:label2\" content=\"Estimated reading time\" \/>\n\t<meta name=\"twitter:data2\" content=\"2 minutes\" \/>\n<script type=\"application\/ld+json\" class=\"yoast-schema-graph\">{\"@context\":\"https:\/\/schema.org\",\"@graph\":[{\"@type\":\"Article\",\"@id\":\"https:\/\/denizcankizil.tr\/en\/haberler\/gundem\/konukseverdeki-tartismali-avm-alani-konut-alanina-dondu\/#article\",\"isPartOf\":{\"@id\":\"https:\/\/denizcankizil.tr\/en\/haberler\/gundem\/konukseverdeki-tartismali-avm-alani-konut-alanina-dondu\/\"},\"author\":{\"name\":\"Antalya K\u00f6rfez\",\"@id\":\"https:\/\/denizcankizil.tr\/de\/#\/schema\/person\/e1eb71bb4dd684d46563f0af307e1234\"},\"headline\":\"Konuksever\u2019deki tart\u0131\u015fmal\u0131 AVM alan\u0131 \u2018Konut Alan\u0131\u2019na d\u00f6nd\u00fc\",\"datePublished\":\"2025-05-12T15:41:29+00:00\",\"mainEntityOfPage\":{\"@id\":\"https:\/\/denizcankizil.tr\/en\/haberler\/gundem\/konukseverdeki-tartismali-avm-alani-konut-alanina-dondu\/\"},\"wordCount\":459,\"publisher\":{\"@id\":\"https:\/\/denizcankizil.tr\/de\/#organization\"},\"articleSection\":[\"G\u00fcndem\"],\"inLanguage\":\"en-GB\"},{\"@type\":\"WebPage\",\"@id\":\"https:\/\/denizcankizil.tr\/en\/haberler\/gundem\/konukseverdeki-tartismali-avm-alani-konut-alanina-dondu\/\",\"url\":\"https:\/\/denizcankizil.tr\/en\/haberler\/gundem\/konukseverdeki-tartismali-avm-alani-konut-alanina-dondu\/\",\"name\":\"Konuksever\u2019deki tart\u0131\u015fmal\u0131 AVM alan\u0131 \u2018Konut Alan\u0131\u2019na d\u00f6nd\u00fc - Av. Deniz Can K\u0131z\u0131l\",\"isPartOf\":{\"@id\":\"https:\/\/denizcankizil.tr\/de\/#website\"},\"datePublished\":\"2025-05-12T15:41:29+00:00\",\"breadcrumb\":{\"@id\":\"https:\/\/denizcankizil.tr\/en\/haberler\/gundem\/konukseverdeki-tartismali-avm-alani-konut-alanina-dondu\/#breadcrumb\"},\"inLanguage\":\"en-GB\",\"potentialAction\":[{\"@type\":\"ReadAction\",\"target\":[\"https:\/\/denizcankizil.tr\/en\/haberler\/gundem\/konukseverdeki-tartismali-avm-alani-konut-alanina-dondu\/\"]}]},{\"@type\":\"BreadcrumbList\",\"@id\":\"https:\/\/denizcankizil.tr\/en\/haberler\/gundem\/konukseverdeki-tartismali-avm-alani-konut-alanina-dondu\/#breadcrumb\",\"itemListElement\":[{\"@type\":\"ListItem\",\"position\":1,\"name\":\"Home\",\"item\":\"https:\/\/denizcankizil.tr\/de\/\"},{\"@type\":\"ListItem\",\"position\":2,\"name\":\"Konuksever\u2019deki tart\u0131\u015fmal\u0131 AVM alan\u0131 \u2018Konut Alan\u0131\u2019na d\u00f6nd\u00fc\"}]},{\"@type\":\"WebSite\",\"@id\":\"https:\/\/denizcankizil.tr\/de\/#website\",\"url\":\"https:\/\/denizcankizil.tr\/de\/\",\"name\":\"Av. Deniz Can K\u0131z\u0131l\",\"description\":\"Avukat Deniz Can K\u0131z\u0131l Antalya Barosu\",\"publisher\":{\"@id\":\"https:\/\/denizcankizil.tr\/de\/#organization\"},\"potentialAction\":[{\"@type\":\"SearchAction\",\"target\":{\"@type\":\"EntryPoint\",\"urlTemplate\":\"https:\/\/denizcankizil.tr\/de\/?s={search_term_string}\"},\"query-input\":{\"@type\":\"PropertyValueSpecification\",\"valueRequired\":true,\"valueName\":\"search_term_string\"}}],\"inLanguage\":\"en-GB\"},{\"@type\":\"Organization\",\"@id\":\"https:\/\/denizcankizil.tr\/de\/#organization\",\"name\":\"Av. Deniz Can K\u0131z\u0131l\",\"url\":\"https:\/\/denizcankizil.tr\/de\/\",\"logo\":{\"@type\":\"ImageObject\",\"inLanguage\":\"en-GB\",\"@id\":\"https:\/\/denizcankizil.tr\/de\/#\/schema\/logo\/image\/\",\"url\":\"https:\/\/denizcankizil.tr\/wp-content\/uploads\/2024\/10\/siyah-logo-svg.svg\",\"contentUrl\":\"https:\/\/denizcankizil.tr\/wp-content\/uploads\/2024\/10\/siyah-logo-svg.svg\",\"width\":1080,\"height\":1080,\"caption\":\"Av. Deniz Can K\u0131z\u0131l\"},\"image\":{\"@id\":\"https:\/\/denizcankizil.tr\/de\/#\/schema\/logo\/image\/\"}},{\"@type\":\"Person\",\"@id\":\"https:\/\/denizcankizil.tr\/de\/#\/schema\/person\/e1eb71bb4dd684d46563f0af307e1234\",\"name\":\"Antalya K\u00f6rfez\",\"image\":{\"@type\":\"ImageObject\",\"inLanguage\":\"en-GB\",\"@id\":\"https:\/\/denizcankizil.tr\/de\/#\/schema\/person\/image\/\",\"url\":\"https:\/\/secure.gravatar.com\/avatar\/42b01982558a48a0b501fdcab6a408d3717ea5919095ee2e67b0e521799c5905?s=96&d=mm&r=g\",\"contentUrl\":\"https:\/\/secure.gravatar.com\/avatar\/42b01982558a48a0b501fdcab6a408d3717ea5919095ee2e67b0e521799c5905?s=96&d=mm&r=g\",\"caption\":\"Antalya K\u00f6rfez\"},\"sameAs\":[\"http:\/\/www.antalyakorfez.com\"],\"url\":\"https:\/\/www.antalyakorfez.com\/konukseverdeki-tartismali-avm-alani-konut-alanina-dondu\"}]}<\/script>\n<!-- \/ Yoast SEO Premium plugin. -->","yoast_head_json":{"title":"Konuksever\u2019deki tart\u0131\u015fmal\u0131 AVM alan\u0131 \u2018Konut Alan\u0131\u2019na d\u00f6nd\u00fc - Av. Deniz Can K\u0131z\u0131l","robots":{"index":"index","follow":"follow","max-snippet":"max-snippet:-1","max-image-preview":"max-image-preview:large","max-video-preview":"max-video-preview:-1"},"canonical":"https:\/\/denizcankizil.tr\/en\/haberler\/gundem\/konukseverdeki-tartismali-avm-alani-konut-alanina-dondu\/","og_locale":"en_GB","og_type":"article","og_title":"Konuksever\u2019deki tart\u0131\u015fmal\u0131 AVM alan\u0131 \u2018Konut Alan\u0131\u2019na d\u00f6nd\u00fc","og_description":"Antalya B\u00fcy\u00fck\u015fehir Belediyesi Meclis Salonu&#8217;nda d\u00fczenlenen B\u00fcy\u00fck\u015fehir Belediye Meclisi May\u0131s ay\u0131 toplant\u0131s\u0131, Ba\u015fkan Muhittin B\u00f6cek\u2019in Manisa\u2019da olmas\u0131 sebebiyle kat\u0131lamamas\u0131ndan dolay\u0131, Ba\u015fkanvekili Bayram Ali \u00c7eltik ba\u015fkanl\u0131\u011f\u0131ndan ger\u00e7ekle\u015fti. Parti grup s\u00f6zc\u00fclerinin g\u00fcndem d\u0131\u015f\u0131 konu\u015fmalar\u0131n\u0131n ard\u0131ndan 72 g\u00fcndem maddesi g\u00f6r\u00fc\u015f\u00fcld\u00fc. Muratpa\u015fa il\u00e7esi Konuksever Mahallesi\u2019ndeki \u00d6rnek F\u0131r\u0131n\u2019\u0131n yan\u0131nda yer alan ve ge\u00e7mi\u015fte AVM yap\u0131lmas\u0131 tart\u0131\u015fmalar\u0131na konu olan bo\u015f arazinin konut alan\u0131na \u00e7evrilmesine ili\u015fkin 60. ve 61. g\u00fcndem maddeleri, Milliyet\u00e7i Hareket Partisi (MHP) grubunun reddetmesine ra\u011fmen oy \u00e7oklu\u011fuyla kabul edildi. T\u0130CARET ALANI KONUTA D\u00d6N\u00dc\u015eT\u00dcR\u00dcLD\u00dc Mecliste 60. g\u00fcndem maddesi olarak g\u00f6r\u00fc\u015f\u00fclen \u00f6neride, Muratpa\u015fa il\u00e7esi Konuksever Mahallesi\u2019nde, \u00d6rnek F\u0131r\u0131n\u2019\u0131n yan\u0131nda yer alan ve ge\u00e7mi\u015fte AVM yap\u0131lmas\u0131 tart\u0131\u015fmalar\u0131na konu olan bo\u015f bir arazinin \u201cticaret alan\u0131\u201d stat\u00fcs\u00fcnden \u00e7\u0131kar\u0131larak \u201ckonut alan\u0131\u201dna d\u00f6n\u00fc\u015ft\u00fcr\u00fclmesi amac\u0131yla haz\u0131rlanan 1\/25000 \u00f6l\u00e7ekli naz\u0131m imar plan\u0131 de\u011fi\u015fikli\u011fi yer ald\u0131. Ask\u0131 s\u00fcreci i\u00e7inde gelen itirazlar do\u011frultusunda d\u00fczenlenen imar ve bay\u0131nd\u0131rl\u0131k komisyon raporu, MHP grubunun red oyuna ra\u011fmen oy \u00e7oklu\u011fuyla kabul edildi. Y\u00dcKSEK YO\u011eUNLUKLU YAPILA\u015eMAYA \u0130T\u0130RAZ GELD\u0130 61. g\u00fcndem maddesinde ise yine ayn\u0131 arazinin, ticaret alan\u0131, park ve ye\u015fil alan ile ta\u015f\u0131t ve yaya yolu olarak planlanan yap\u0131s\u0131n\u0131n; y\u00fcksek yo\u011funluklu yerle\u015fim alan\u0131, \u00e7ocuk bah\u00e7esi ile ta\u015f\u0131t ve yaya yolu olarak yeniden d\u00fczenlenmesini i\u00e7eren 1\/5000 \u00f6l\u00e7ekli naz\u0131m imar plan\u0131 de\u011fi\u015fikli\u011fi ele al\u0131nd\u0131. Ask\u0131 s\u00fcresi i\u00e7inde gelen itirazlar do\u011frultusunda haz\u0131rlanan komisyon &hellip;","og_url":"https:\/\/denizcankizil.tr\/en\/haberler\/gundem\/konukseverdeki-tartismali-avm-alani-konut-alanina-dondu\/","og_site_name":"Av. Deniz Can K\u0131z\u0131l","article_published_time":"2025-05-12T15:41:29+00:00","author":"Antalya K\u00f6rfez","twitter_card":"summary_large_image","twitter_misc":{"Written by":"Antalya K\u00f6rfez","Estimated reading time":"2 minutes"},"schema":{"@context":"https:\/\/schema.org","@graph":[{"@type":"Article","@id":"https:\/\/denizcankizil.tr\/en\/haberler\/gundem\/konukseverdeki-tartismali-avm-alani-konut-alanina-dondu\/#article","isPartOf":{"@id":"https:\/\/denizcankizil.tr\/en\/haberler\/gundem\/konukseverdeki-tartismali-avm-alani-konut-alanina-dondu\/"},"author":{"name":"Antalya K\u00f6rfez","@id":"https:\/\/denizcankizil.tr\/de\/#\/schema\/person\/e1eb71bb4dd684d46563f0af307e1234"},"headline":"Konuksever\u2019deki tart\u0131\u015fmal\u0131 AVM alan\u0131 \u2018Konut Alan\u0131\u2019na d\u00f6nd\u00fc","datePublished":"2025-05-12T15:41:29+00:00","mainEntityOfPage":{"@id":"https:\/\/denizcankizil.tr\/en\/haberler\/gundem\/konukseverdeki-tartismali-avm-alani-konut-alanina-dondu\/"},"wordCount":459,"publisher":{"@id":"https:\/\/denizcankizil.tr\/de\/#organization"},"articleSection":["G\u00fcndem"],"inLanguage":"en-GB"},{"@type":"WebPage","@id":"https:\/\/denizcankizil.tr\/en\/haberler\/gundem\/konukseverdeki-tartismali-avm-alani-konut-alanina-dondu\/","url":"https:\/\/denizcankizil.tr\/en\/haberler\/gundem\/konukseverdeki-tartismali-avm-alani-konut-alanina-dondu\/","name":"Konuksever\u2019deki tart\u0131\u015fmal\u0131 AVM alan\u0131 \u2018Konut Alan\u0131\u2019na d\u00f6nd\u00fc - Av. Deniz Can K\u0131z\u0131l","isPartOf":{"@id":"https:\/\/denizcankizil.tr\/de\/#website"},"datePublished":"2025-05-12T15:41:29+00:00","breadcrumb":{"@id":"https:\/\/denizcankizil.tr\/en\/haberler\/gundem\/konukseverdeki-tartismali-avm-alani-konut-alanina-dondu\/#breadcrumb"},"inLanguage":"en-GB","potentialAction":[{"@type":"ReadAction","target":["https:\/\/denizcankizil.tr\/en\/haberler\/gundem\/konukseverdeki-tartismali-avm-alani-konut-alanina-dondu\/"]}]},{"@type":"BreadcrumbList","@id":"https:\/\/denizcankizil.tr\/en\/haberler\/gundem\/konukseverdeki-tartismali-avm-alani-konut-alanina-dondu\/#breadcrumb","itemListElement":[{"@type":"ListItem","position":1,"name":"Home","item":"https:\/\/denizcankizil.tr\/de\/"},{"@type":"ListItem","position":2,"name":"Konuksever\u2019deki tart\u0131\u015fmal\u0131 AVM alan\u0131 \u2018Konut Alan\u0131\u2019na d\u00f6nd\u00fc"}]},{"@type":"WebSite","@id":"https:\/\/denizcankizil.tr\/de\/#website","url":"https:\/\/denizcankizil.tr\/de\/","name":"Av. Deniz Can K\u0131z\u0131l","description":"Avukat Deniz Can K\u0131z\u0131l Antalya Barosu","publisher":{"@id":"https:\/\/denizcankizil.tr\/de\/#organization"},"potentialAction":[{"@type":"SearchAction","target":{"@type":"EntryPoint","urlTemplate":"https:\/\/denizcankizil.tr\/de\/?s={search_term_string}"},"query-input":{"@type":"PropertyValueSpecification","valueRequired":true,"valueName":"search_term_string"}}],"inLanguage":"en-GB"},{"@type":"Organization","@id":"https:\/\/denizcankizil.tr\/de\/#organization","name":"Av. Deniz Can K\u0131z\u0131l","url":"https:\/\/denizcankizil.tr\/de\/","logo":{"@type":"ImageObject","inLanguage":"en-GB","@id":"https:\/\/denizcankizil.tr\/de\/#\/schema\/logo\/image\/","url":"https:\/\/denizcankizil.tr\/wp-content\/uploads\/2024\/10\/siyah-logo-svg.svg","contentUrl":"https:\/\/denizcankizil.tr\/wp-content\/uploads\/2024\/10\/siyah-logo-svg.svg","width":1080,"height":1080,"caption":"Av. Deniz Can K\u0131z\u0131l"},"image":{"@id":"https:\/\/denizcankizil.tr\/de\/#\/schema\/logo\/image\/"}},{"@type":"Person","@id":"https:\/\/denizcankizil.tr\/de\/#\/schema\/person\/e1eb71bb4dd684d46563f0af307e1234","name":"Antalya K\u00f6rfez","image":{"@type":"ImageObject","inLanguage":"en-GB","@id":"https:\/\/denizcankizil.tr\/de\/#\/schema\/person\/image\/","url":"https:\/\/secure.gravatar.com\/avatar\/42b01982558a48a0b501fdcab6a408d3717ea5919095ee2e67b0e521799c5905?s=96&d=mm&r=g","contentUrl":"https:\/\/secure.gravatar.com\/avatar\/42b01982558a48a0b501fdcab6a408d3717ea5919095ee2e67b0e521799c5905?s=96&d=mm&r=g","caption":"Antalya K\u00f6rfez"},"sameAs":["http:\/\/www.antalyakorfez.com"],"url":"https:\/\/www.antalyakorfez.com\/konukseverdeki-tartismali-avm-alani-konut-alanina-dondu"}]}},"_links":{"self":[{"href":"https:\/\/denizcankizil.tr\/en\/wp-json\/wp\/v2\/posts\/84342","targetHints":{"allow":["GET"]}}],"collection":[{"href":"https:\/\/denizcankizil.tr\/en\/wp-json\/wp\/v2\/posts"}],"about":[{"href":"https:\/\/denizcankizil.tr\/en\/wp-json\/wp\/v2\/types\/post"}],"author":[{"embeddable":true,"href":"https:\/\/denizcankizil.tr\/en\/wp-json\/wp\/v2\/users\/5"}],"replies":[{"embeddable":true,"href":"https:\/\/denizcankizil.tr\/en\/wp-json\/wp\/v2\/comments?post=84342"}],"version-history":[{"count":0,"href":"https:\/\/denizcankizil.tr\/en\/wp-json\/wp\/v2\/posts\/84342\/revisions"}],"wp:attachment":[{"href":"https:\/\/denizcankizil.tr\/en\/wp-json\/wp\/v2\/media?parent=84342"}],"wp:term":[{"taxonomy":"category","embeddable":true,"href":"https:\/\/denizcankizil.tr\/en\/wp-json\/wp\/v2\/categories?post=84342"},{"taxonomy":"post_tag","embeddable":true,"href":"https:\/\/denizcankizil.tr\/en\/wp-json\/wp\/v2\/tags?post=84342"}],"curies":[{"name":"wp","href":"https:\/\/api.w.org\/{rel}","templated":true}]}}