{"id":84152,"date":"2025-05-12T13:42:04","date_gmt":"2025-05-12T10:42:04","guid":{"rendered":"https:\/\/denizcankizil.tr\/uncategorized-tr\/kayhan-hemsireler-gununu-kutladi\/"},"modified":"2025-05-12T13:42:04","modified_gmt":"2025-05-12T10:42:04","slug":"kayhan-hemsireler-gununu-kutladi","status":"publish","type":"post","link":"https:\/\/denizcankizil.tr\/en\/haberler\/gundem\/kayhan-hemsireler-gununu-kutladi\/","title":{"rendered":"Kayhan Hem\u015fireler G\u00fcn\u00fcn\u00fc Kutlad\u0131"},"content":{"rendered":"<p>Hem\u015firelerin sadece sa\u011fl\u0131k hizmeti sunmakla kalmad\u0131\u011f\u0131n\u0131, ayn\u0131 zamanda hastalara kimi zaman bir anne, bir abla, bir karde\u015f gibi yakla\u015ft\u0131\u011f\u0131n\u0131 belirten Kayhan, &#8220;Hem\u015firelik; yoklu\u011funda hasretle aranan, varl\u0131\u011f\u0131nda ise \u00e7o\u011fu zaman yok say\u0131lan mesleklerden biridir. Ne kadar kutsal oldu\u011funu, ancak ona ger\u00e7ekten muhta\u00e7 olanlar anlayabiliyor. Yetkililerin de bu kutsall\u0131\u011f\u0131 ayn\u0131 \u015fekilde anlamas\u0131n\u0131 bekliyoruz&#8221; ifadelerini kulland\u0131.<\/p>\n<p>T\u00fcm hem\u015firelerin g\u00fcn\u00fcn\u00fc kutlayan Kayhan, s\u00f6zlerini &#8220;\u0130yi ki vars\u0131n\u0131z, Hem\u015fireler G\u00fcn\u00fc\u2019n\u00fcz kutlu olsun&#8221; diyerek tamamlad\u0131.<\/p>\n<p>\u200bT\u00fcrk Sa\u011fl\u0131k-Sen Hatay \u015eube Ba\u015fkan\u0131 Mehmet Kayhan, 12 May\u0131s Hem\u015fireler G\u00fcn\u00fc dolay\u0131s\u0131yla bir kutlama mesaj\u0131 yay\u0131mlad\u0131. Kayhan, mesaj\u0131nda hem\u015firelik mesle\u011finin sa\u011fl\u0131k hizmetlerinin en \u00f6nemli yap\u0131 ta\u015flar\u0131ndan biri oldu\u011funu vurgulad\u0131.\u00a0<\/p>\n<p>\u200bHaberin Al\u0131nt\u0131land\u0131\u011f\u0131 Kaynak: www.iskenderun.org<\/p>","protected":false},"excerpt":{"rendered":"<p>Hem\u015firelerin sadece sa\u011fl\u0131k hizmeti sunmakla kalmad\u0131\u011f\u0131n\u0131, ayn\u0131 zamanda hastalara kimi zaman bir anne, bir abla, bir karde\u015f gibi yakla\u015ft\u0131\u011f\u0131n\u0131 belirten Kayhan, &#8220;Hem\u015firelik; yoklu\u011funda hasretle aranan, varl\u0131\u011f\u0131nda ise \u00e7o\u011fu zaman yok say\u0131lan mesleklerden biridir. Ne kadar kutsal oldu\u011funu, ancak ona ger\u00e7ekten muhta\u00e7 olanlar anlayabiliyor. Yetkililerin de bu kutsall\u0131\u011f\u0131 ayn\u0131 \u015fekilde anlamas\u0131n\u0131 bekliyoruz&#8221; ifadelerini kulland\u0131. T\u00fcm hem\u015firelerin g\u00fcn\u00fcn\u00fc kutlayan Kayhan, s\u00f6zlerini &#8220;\u0130yi ki vars\u0131n\u0131z, Hem\u015fireler G\u00fcn\u00fc\u2019n\u00fcz kutlu olsun&#8221; diyerek tamamlad\u0131. \u200bT\u00fcrk Sa\u011fl\u0131k-Sen Hatay \u015eube Ba\u015fkan\u0131 Mehmet Kayhan, 12 May\u0131s Hem\u015fireler G\u00fcn\u00fc dolay\u0131s\u0131yla bir kutlama mesaj\u0131 yay\u0131mlad\u0131. Kayhan, mesaj\u0131nda hem\u015firelik mesle\u011finin sa\u011fl\u0131k hizmetlerinin en \u00f6nemli yap\u0131 ta\u015flar\u0131ndan biri oldu\u011funu vurgulad\u0131.\u00a0 \u200bHaberin Al\u0131nt\u0131land\u0131\u011f\u0131 Kaynak: www.iskenderun.org<\/p>","protected":false},"author":1,"featured_media":0,"comment_status":"","ping_status":"open","sticky":false,"template":"","format":"standard","meta":{"_acf_changed":false,"footnotes":""},"categories":[24],"tags":[],"class_list":["post-84152","post","type-post","status-publish","format-standard","has-post-thumbnail","hentry","category-gundem"],"acf":[],"yoast_head":"<!-- This site is optimized with the Yoast SEO Premium plugin v26.6 (Yoast SEO v27.1.1) - https:\/\/yoast.com\/product\/yoast-seo-premium-wordpress\/ -->\n<title>Kayhan Hem\u015fireler G\u00fcn\u00fcn\u00fc Kutlad\u0131 - Av. Deniz Can K\u0131z\u0131l<\/title>\n<meta name=\"robots\" content=\"index, follow, max-snippet:-1, max-image-preview:large, max-video-preview:-1\" \/>\n<link rel=\"canonical\" href=\"https:\/\/denizcankizil.tr\/en\/haberler\/gundem\/kayhan-hemsireler-gununu-kutladi\/\" \/>\n<meta property=\"og:locale\" content=\"en_GB\" \/>\n<meta property=\"og:type\" content=\"article\" \/>\n<meta property=\"og:title\" content=\"Kayhan Hem\u015fireler G\u00fcn\u00fcn\u00fc Kutlad\u0131\" \/>\n<meta property=\"og:description\" content=\"Hem\u015firelerin sadece sa\u011fl\u0131k hizmeti sunmakla kalmad\u0131\u011f\u0131n\u0131, ayn\u0131 zamanda hastalara kimi zaman bir anne, bir abla, bir karde\u015f gibi yakla\u015ft\u0131\u011f\u0131n\u0131 belirten Kayhan, &#8220;Hem\u015firelik; yoklu\u011funda hasretle aranan, varl\u0131\u011f\u0131nda ise \u00e7o\u011fu zaman yok say\u0131lan mesleklerden biridir. Ne kadar kutsal oldu\u011funu, ancak ona ger\u00e7ekten muhta\u00e7 olanlar anlayabiliyor. Yetkililerin de bu kutsall\u0131\u011f\u0131 ayn\u0131 \u015fekilde anlamas\u0131n\u0131 bekliyoruz&#8221; ifadelerini kulland\u0131. T\u00fcm hem\u015firelerin g\u00fcn\u00fcn\u00fc kutlayan Kayhan, s\u00f6zlerini &#8220;\u0130yi ki vars\u0131n\u0131z, Hem\u015fireler G\u00fcn\u00fc\u2019n\u00fcz kutlu olsun&#8221; diyerek tamamlad\u0131. \u200bT\u00fcrk Sa\u011fl\u0131k-Sen Hatay \u015eube Ba\u015fkan\u0131 Mehmet Kayhan, 12 May\u0131s Hem\u015fireler G\u00fcn\u00fc dolay\u0131s\u0131yla bir kutlama mesaj\u0131 yay\u0131mlad\u0131. Kayhan, mesaj\u0131nda hem\u015firelik mesle\u011finin sa\u011fl\u0131k hizmetlerinin en \u00f6nemli yap\u0131 ta\u015flar\u0131ndan biri oldu\u011funu vurgulad\u0131.\u00a0 \u200bHaberin Al\u0131nt\u0131land\u0131\u011f\u0131 Kaynak: www.iskenderun.org\" \/>\n<meta property=\"og:url\" content=\"https:\/\/denizcankizil.tr\/en\/haberler\/gundem\/kayhan-hemsireler-gununu-kutladi\/\" \/>\n<meta property=\"og:site_name\" content=\"Av. Deniz Can K\u0131z\u0131l\" \/>\n<meta property=\"article:published_time\" content=\"2025-05-12T10:42:04+00:00\" \/>\n<meta name=\"author\" content=\"admin\" \/>\n<meta name=\"twitter:card\" content=\"summary_large_image\" \/>\n<meta name=\"twitter:label1\" content=\"Written by\" \/>\n\t<meta name=\"twitter:data1\" content=\"admin\" \/>\n\t<meta name=\"twitter:label2\" content=\"Estimated reading time\" \/>\n\t<meta name=\"twitter:data2\" content=\"1 minute\" \/>\n<script type=\"application\/ld+json\" class=\"yoast-schema-graph\">{\"@context\":\"https:\/\/schema.org\",\"@graph\":[{\"@type\":\"Article\",\"@id\":\"https:\/\/denizcankizil.tr\/ru\/haberler\/gundem\/kayhan-hemsireler-gununu-kutladi\/#article\",\"isPartOf\":{\"@id\":\"https:\/\/denizcankizil.tr\/ru\/haberler\/gundem\/kayhan-hemsireler-gununu-kutladi\/\"},\"author\":{\"name\":\"admin\",\"@id\":\"https:\/\/denizcankizil.tr\/#\/schema\/person\/be3c05fe6a12686905512445d8185489\"},\"headline\":\"Kayhan Hem\u015fireler G\u00fcn\u00fcn\u00fc Kutlad\u0131\",\"datePublished\":\"2025-05-12T10:42:04+00:00\",\"mainEntityOfPage\":{\"@id\":\"https:\/\/denizcankizil.tr\/ru\/haberler\/gundem\/kayhan-hemsireler-gununu-kutladi\/\"},\"wordCount\":154,\"publisher\":{\"@id\":\"https:\/\/denizcankizil.tr\/#organization\"},\"articleSection\":[\"G\u00fcndem\"],\"inLanguage\":\"en-GB\"},{\"@type\":\"WebPage\",\"@id\":\"https:\/\/denizcankizil.tr\/ru\/haberler\/gundem\/kayhan-hemsireler-gununu-kutladi\/\",\"url\":\"https:\/\/denizcankizil.tr\/ru\/haberler\/gundem\/kayhan-hemsireler-gununu-kutladi\/\",\"name\":\"Kayhan Hem\u015fireler G\u00fcn\u00fcn\u00fc Kutlad\u0131 - Av. Deniz Can K\u0131z\u0131l\",\"isPartOf\":{\"@id\":\"https:\/\/denizcankizil.tr\/#website\"},\"datePublished\":\"2025-05-12T10:42:04+00:00\",\"breadcrumb\":{\"@id\":\"https:\/\/denizcankizil.tr\/ru\/haberler\/gundem\/kayhan-hemsireler-gununu-kutladi\/#breadcrumb\"},\"inLanguage\":\"en-GB\",\"potentialAction\":[{\"@type\":\"ReadAction\",\"target\":[\"https:\/\/denizcankizil.tr\/ru\/haberler\/gundem\/kayhan-hemsireler-gununu-kutladi\/\"]}]},{\"@type\":\"BreadcrumbList\",\"@id\":\"https:\/\/denizcankizil.tr\/ru\/haberler\/gundem\/kayhan-hemsireler-gununu-kutladi\/#breadcrumb\",\"itemListElement\":[{\"@type\":\"ListItem\",\"position\":1,\"name\":\"Home\",\"item\":\"https:\/\/denizcankizil.tr\/de\/\"},{\"@type\":\"ListItem\",\"position\":2,\"name\":\"Kayhan Hem\u015fireler G\u00fcn\u00fcn\u00fc Kutlad\u0131\"}]},{\"@type\":\"WebSite\",\"@id\":\"https:\/\/denizcankizil.tr\/#website\",\"url\":\"https:\/\/denizcankizil.tr\/\",\"name\":\"Av. Deniz Can K\u0131z\u0131l\",\"description\":\"Avukat Deniz Can K\u0131z\u0131l Antalya Barosu\",\"publisher\":{\"@id\":\"https:\/\/denizcankizil.tr\/#organization\"},\"potentialAction\":[{\"@type\":\"SearchAction\",\"target\":{\"@type\":\"EntryPoint\",\"urlTemplate\":\"https:\/\/denizcankizil.tr\/?s={search_term_string}\"},\"query-input\":{\"@type\":\"PropertyValueSpecification\",\"valueRequired\":true,\"valueName\":\"search_term_string\"}}],\"inLanguage\":\"en-GB\"},{\"@type\":\"Organization\",\"@id\":\"https:\/\/denizcankizil.tr\/#organization\",\"name\":\"Av. Deniz Can K\u0131z\u0131l\",\"url\":\"https:\/\/denizcankizil.tr\/\",\"logo\":{\"@type\":\"ImageObject\",\"inLanguage\":\"en-GB\",\"@id\":\"https:\/\/denizcankizil.tr\/#\/schema\/logo\/image\/\",\"url\":\"https:\/\/denizcankizil.tr\/wp-content\/uploads\/2024\/10\/siyah-logo-svg.svg\",\"contentUrl\":\"https:\/\/denizcankizil.tr\/wp-content\/uploads\/2024\/10\/siyah-logo-svg.svg\",\"width\":1080,\"height\":1080,\"caption\":\"Av. Deniz Can K\u0131z\u0131l\"},\"image\":{\"@id\":\"https:\/\/denizcankizil.tr\/#\/schema\/logo\/image\/\"}},{\"@type\":\"Person\",\"@id\":\"https:\/\/denizcankizil.tr\/#\/schema\/person\/be3c05fe6a12686905512445d8185489\",\"name\":\"admin\",\"image\":{\"@type\":\"ImageObject\",\"inLanguage\":\"en-GB\",\"@id\":\"https:\/\/denizcankizil.tr\/#\/schema\/person\/image\/\",\"url\":\"https:\/\/secure.gravatar.com\/avatar\/c1fce94c830dc79107e174f890d7210541c4a63e8e5d816341794a2151c9d58c?s=96&d=mm&r=g\",\"contentUrl\":\"https:\/\/secure.gravatar.com\/avatar\/c1fce94c830dc79107e174f890d7210541c4a63e8e5d816341794a2151c9d58c?s=96&d=mm&r=g\",\"caption\":\"admin\"},\"sameAs\":[\"http:\/\/denizcankizil.tr\"],\"url\":\"https:\/\/www.iskenderun.org\/kayhan-hemsireler-gununu-kutladi\"}]}<\/script>\n<!-- \/ Yoast SEO Premium plugin. -->","yoast_head_json":{"title":"Kayhan Hem\u015fireler G\u00fcn\u00fcn\u00fc Kutlad\u0131 - Av. Deniz Can K\u0131z\u0131l","robots":{"index":"index","follow":"follow","max-snippet":"max-snippet:-1","max-image-preview":"max-image-preview:large","max-video-preview":"max-video-preview:-1"},"canonical":"https:\/\/denizcankizil.tr\/en\/haberler\/gundem\/kayhan-hemsireler-gununu-kutladi\/","og_locale":"en_GB","og_type":"article","og_title":"Kayhan Hem\u015fireler G\u00fcn\u00fcn\u00fc Kutlad\u0131","og_description":"Hem\u015firelerin sadece sa\u011fl\u0131k hizmeti sunmakla kalmad\u0131\u011f\u0131n\u0131, ayn\u0131 zamanda hastalara kimi zaman bir anne, bir abla, bir karde\u015f gibi yakla\u015ft\u0131\u011f\u0131n\u0131 belirten Kayhan, &#8220;Hem\u015firelik; yoklu\u011funda hasretle aranan, varl\u0131\u011f\u0131nda ise \u00e7o\u011fu zaman yok say\u0131lan mesleklerden biridir. Ne kadar kutsal oldu\u011funu, ancak ona ger\u00e7ekten muhta\u00e7 olanlar anlayabiliyor. Yetkililerin de bu kutsall\u0131\u011f\u0131 ayn\u0131 \u015fekilde anlamas\u0131n\u0131 bekliyoruz&#8221; ifadelerini kulland\u0131. T\u00fcm hem\u015firelerin g\u00fcn\u00fcn\u00fc kutlayan Kayhan, s\u00f6zlerini &#8220;\u0130yi ki vars\u0131n\u0131z, Hem\u015fireler G\u00fcn\u00fc\u2019n\u00fcz kutlu olsun&#8221; diyerek tamamlad\u0131. \u200bT\u00fcrk Sa\u011fl\u0131k-Sen Hatay \u015eube Ba\u015fkan\u0131 Mehmet Kayhan, 12 May\u0131s Hem\u015fireler G\u00fcn\u00fc dolay\u0131s\u0131yla bir kutlama mesaj\u0131 yay\u0131mlad\u0131. Kayhan, mesaj\u0131nda hem\u015firelik mesle\u011finin sa\u011fl\u0131k hizmetlerinin en \u00f6nemli yap\u0131 ta\u015flar\u0131ndan biri oldu\u011funu vurgulad\u0131.\u00a0 \u200bHaberin Al\u0131nt\u0131land\u0131\u011f\u0131 Kaynak: www.iskenderun.org","og_url":"https:\/\/denizcankizil.tr\/en\/haberler\/gundem\/kayhan-hemsireler-gununu-kutladi\/","og_site_name":"Av. Deniz Can K\u0131z\u0131l","article_published_time":"2025-05-12T10:42:04+00:00","author":"admin","twitter_card":"summary_large_image","twitter_misc":{"Written by":"admin","Estimated reading time":"1 minute"},"schema":{"@context":"https:\/\/schema.org","@graph":[{"@type":"Article","@id":"https:\/\/denizcankizil.tr\/ru\/haberler\/gundem\/kayhan-hemsireler-gununu-kutladi\/#article","isPartOf":{"@id":"https:\/\/denizcankizil.tr\/ru\/haberler\/gundem\/kayhan-hemsireler-gununu-kutladi\/"},"author":{"name":"admin","@id":"https:\/\/denizcankizil.tr\/#\/schema\/person\/be3c05fe6a12686905512445d8185489"},"headline":"Kayhan Hem\u015fireler G\u00fcn\u00fcn\u00fc Kutlad\u0131","datePublished":"2025-05-12T10:42:04+00:00","mainEntityOfPage":{"@id":"https:\/\/denizcankizil.tr\/ru\/haberler\/gundem\/kayhan-hemsireler-gununu-kutladi\/"},"wordCount":154,"publisher":{"@id":"https:\/\/denizcankizil.tr\/#organization"},"articleSection":["G\u00fcndem"],"inLanguage":"en-GB"},{"@type":"WebPage","@id":"https:\/\/denizcankizil.tr\/ru\/haberler\/gundem\/kayhan-hemsireler-gununu-kutladi\/","url":"https:\/\/denizcankizil.tr\/ru\/haberler\/gundem\/kayhan-hemsireler-gununu-kutladi\/","name":"Kayhan Hem\u015fireler G\u00fcn\u00fcn\u00fc Kutlad\u0131 - Av. Deniz Can K\u0131z\u0131l","isPartOf":{"@id":"https:\/\/denizcankizil.tr\/#website"},"datePublished":"2025-05-12T10:42:04+00:00","breadcrumb":{"@id":"https:\/\/denizcankizil.tr\/ru\/haberler\/gundem\/kayhan-hemsireler-gununu-kutladi\/#breadcrumb"},"inLanguage":"en-GB","potentialAction":[{"@type":"ReadAction","target":["https:\/\/denizcankizil.tr\/ru\/haberler\/gundem\/kayhan-hemsireler-gununu-kutladi\/"]}]},{"@type":"BreadcrumbList","@id":"https:\/\/denizcankizil.tr\/ru\/haberler\/gundem\/kayhan-hemsireler-gununu-kutladi\/#breadcrumb","itemListElement":[{"@type":"ListItem","position":1,"name":"Home","item":"https:\/\/denizcankizil.tr\/de\/"},{"@type":"ListItem","position":2,"name":"Kayhan Hem\u015fireler G\u00fcn\u00fcn\u00fc Kutlad\u0131"}]},{"@type":"WebSite","@id":"https:\/\/denizcankizil.tr\/#website","url":"https:\/\/denizcankizil.tr\/","name":"Av. Deniz Can K\u0131z\u0131l","description":"Avukat Deniz Can K\u0131z\u0131l Antalya Barosu","publisher":{"@id":"https:\/\/denizcankizil.tr\/#organization"},"potentialAction":[{"@type":"SearchAction","target":{"@type":"EntryPoint","urlTemplate":"https:\/\/denizcankizil.tr\/?s={search_term_string}"},"query-input":{"@type":"PropertyValueSpecification","valueRequired":true,"valueName":"search_term_string"}}],"inLanguage":"en-GB"},{"@type":"Organization","@id":"https:\/\/denizcankizil.tr\/#organization","name":"Av. Deniz Can K\u0131z\u0131l","url":"https:\/\/denizcankizil.tr\/","logo":{"@type":"ImageObject","inLanguage":"en-GB","@id":"https:\/\/denizcankizil.tr\/#\/schema\/logo\/image\/","url":"https:\/\/denizcankizil.tr\/wp-content\/uploads\/2024\/10\/siyah-logo-svg.svg","contentUrl":"https:\/\/denizcankizil.tr\/wp-content\/uploads\/2024\/10\/siyah-logo-svg.svg","width":1080,"height":1080,"caption":"Av. Deniz Can K\u0131z\u0131l"},"image":{"@id":"https:\/\/denizcankizil.tr\/#\/schema\/logo\/image\/"}},{"@type":"Person","@id":"https:\/\/denizcankizil.tr\/#\/schema\/person\/be3c05fe6a12686905512445d8185489","name":"admin","image":{"@type":"ImageObject","inLanguage":"en-GB","@id":"https:\/\/denizcankizil.tr\/#\/schema\/person\/image\/","url":"https:\/\/secure.gravatar.com\/avatar\/c1fce94c830dc79107e174f890d7210541c4a63e8e5d816341794a2151c9d58c?s=96&d=mm&r=g","contentUrl":"https:\/\/secure.gravatar.com\/avatar\/c1fce94c830dc79107e174f890d7210541c4a63e8e5d816341794a2151c9d58c?s=96&d=mm&r=g","caption":"admin"},"sameAs":["http:\/\/denizcankizil.tr"],"url":"https:\/\/www.iskenderun.org\/kayhan-hemsireler-gununu-kutladi"}]}},"_links":{"self":[{"href":"https:\/\/denizcankizil.tr\/en\/wp-json\/wp\/v2\/posts\/84152","targetHints":{"allow":["GET"]}}],"collection":[{"href":"https:\/\/denizcankizil.tr\/en\/wp-json\/wp\/v2\/posts"}],"about":[{"href":"https:\/\/denizcankizil.tr\/en\/wp-json\/wp\/v2\/types\/post"}],"author":[{"embeddable":true,"href":"https:\/\/denizcankizil.tr\/en\/wp-json\/wp\/v2\/users\/1"}],"replies":[{"embeddable":true,"href":"https:\/\/denizcankizil.tr\/en\/wp-json\/wp\/v2\/comments?post=84152"}],"version-history":[{"count":0,"href":"https:\/\/denizcankizil.tr\/en\/wp-json\/wp\/v2\/posts\/84152\/revisions"}],"wp:attachment":[{"href":"https:\/\/denizcankizil.tr\/en\/wp-json\/wp\/v2\/media?parent=84152"}],"wp:term":[{"taxonomy":"category","embeddable":true,"href":"https:\/\/denizcankizil.tr\/en\/wp-json\/wp\/v2\/categories?post=84152"},{"taxonomy":"post_tag","embeddable":true,"href":"https:\/\/denizcankizil.tr\/en\/wp-json\/wp\/v2\/tags?post=84152"}],"curies":[{"name":"wp","href":"https:\/\/api.w.org\/{rel}","templated":true}]}}