{"id":84030,"date":"2025-05-12T10:42:12","date_gmt":"2025-05-12T07:42:12","guid":{"rendered":"https:\/\/denizcankizil.tr\/uncategorized-tr\/rektor-prof-dr-budak-ege-universitesi-olarak-engelleri-asiyoruz\/"},"modified":"2025-05-12T10:42:12","modified_gmt":"2025-05-12T07:42:12","slug":"rektor-prof-dr-budak-ege-universitesi-olarak-engelleri-asiyoruz","status":"publish","type":"post","link":"https:\/\/denizcankizil.tr\/en\/haberler\/gundem\/rektor-prof-dr-budak-ege-universitesi-olarak-engelleri-asiyoruz\/","title":{"rendered":"Rekt\u00f6r Prof. Dr. Budak, \u201cEge \u00dcniversitesi olarak \u2018Engelleri\u2019 a\u015f\u0131yoruz\u201d"},"content":{"rendered":"<p>Her y\u0131l 10 May\u0131s ile 16 May\u0131s tarihleri aras\u0131 Birle\u015fmi\u015f Milletlere \u00fcye \u00fclkeler taraf\u0131ndan\u00a0Engelliler Haftas\u0131 olarak \u00e7e\u015fitli fark\u0131ndal\u0131k etkinlikleri ile kutlan\u0131yor.<\/p>\n<p>\u200bHer y\u0131l 10 May\u0131s ile 16 May\u0131s tarihleri aras\u0131 Birle\u015fmi\u015f Milletlere \u00fcye \u00fclkeler taraf\u0131ndan\u00a0Engelliler Haftas\u0131 olarak \u00e7e\u015fitli fark\u0131ndal\u0131k etkinlikleri ile kutlan\u0131yor.\u00a0<\/p>\n<p>\u200bHaberin Al\u0131nt\u0131land\u0131\u011f\u0131 Kaynak: www.iskenderun.org<\/p>","protected":false},"excerpt":{"rendered":"<p>Her y\u0131l 10 May\u0131s ile 16 May\u0131s tarihleri aras\u0131 Birle\u015fmi\u015f Milletlere \u00fcye \u00fclkeler taraf\u0131ndan\u00a0Engelliler Haftas\u0131 olarak \u00e7e\u015fitli fark\u0131ndal\u0131k etkinlikleri ile kutlan\u0131yor. \u200bHer y\u0131l 10 May\u0131s ile 16 May\u0131s tarihleri aras\u0131 Birle\u015fmi\u015f Milletlere \u00fcye \u00fclkeler taraf\u0131ndan\u00a0Engelliler Haftas\u0131 olarak \u00e7e\u015fitli fark\u0131ndal\u0131k etkinlikleri ile kutlan\u0131yor.\u00a0 \u200bHaberin Al\u0131nt\u0131land\u0131\u011f\u0131 Kaynak: www.iskenderun.org<\/p>","protected":false},"author":1,"featured_media":0,"comment_status":"","ping_status":"open","sticky":false,"template":"","format":"standard","meta":{"_acf_changed":false,"footnotes":""},"categories":[24],"tags":[],"class_list":["post-84030","post","type-post","status-publish","format-standard","has-post-thumbnail","hentry","category-gundem"],"acf":[],"yoast_head":"<!-- This site is optimized with the Yoast SEO Premium plugin v26.6 (Yoast SEO v27.1.1) - https:\/\/yoast.com\/product\/yoast-seo-premium-wordpress\/ -->\n<title>Rekt\u00f6r Prof. Dr. Budak, \u201cEge \u00dcniversitesi olarak \u2018Engelleri\u2019 a\u015f\u0131yoruz\u201d - Av. Deniz Can K\u0131z\u0131l<\/title>\n<meta name=\"robots\" content=\"index, follow, max-snippet:-1, max-image-preview:large, max-video-preview:-1\" \/>\n<link rel=\"canonical\" href=\"https:\/\/denizcankizil.tr\/en\/haberler\/gundem\/rektor-prof-dr-budak-ege-universitesi-olarak-engelleri-asiyoruz\/\" \/>\n<meta property=\"og:locale\" content=\"en_GB\" \/>\n<meta property=\"og:type\" content=\"article\" \/>\n<meta property=\"og:title\" content=\"Rekt\u00f6r Prof. Dr. Budak, \u201cEge \u00dcniversitesi olarak \u2018Engelleri\u2019 a\u015f\u0131yoruz\u201d\" \/>\n<meta property=\"og:description\" content=\"Her y\u0131l 10 May\u0131s ile 16 May\u0131s tarihleri aras\u0131 Birle\u015fmi\u015f Milletlere \u00fcye \u00fclkeler taraf\u0131ndan\u00a0Engelliler Haftas\u0131 olarak \u00e7e\u015fitli fark\u0131ndal\u0131k etkinlikleri ile kutlan\u0131yor. \u200bHer y\u0131l 10 May\u0131s ile 16 May\u0131s tarihleri aras\u0131 Birle\u015fmi\u015f Milletlere \u00fcye \u00fclkeler taraf\u0131ndan\u00a0Engelliler Haftas\u0131 olarak \u00e7e\u015fitli fark\u0131ndal\u0131k etkinlikleri ile kutlan\u0131yor.\u00a0 \u200bHaberin Al\u0131nt\u0131land\u0131\u011f\u0131 Kaynak: www.iskenderun.org\" \/>\n<meta property=\"og:url\" content=\"https:\/\/denizcankizil.tr\/en\/haberler\/gundem\/rektor-prof-dr-budak-ege-universitesi-olarak-engelleri-asiyoruz\/\" \/>\n<meta property=\"og:site_name\" content=\"Av. Deniz Can K\u0131z\u0131l\" \/>\n<meta property=\"article:published_time\" content=\"2025-05-12T07:42:12+00:00\" \/>\n<meta name=\"author\" content=\"admin\" \/>\n<meta name=\"twitter:card\" content=\"summary_large_image\" \/>\n<meta name=\"twitter:label1\" content=\"Written by\" \/>\n\t<meta name=\"twitter:data1\" content=\"admin\" \/>\n<script type=\"application\/ld+json\" class=\"yoast-schema-graph\">{\"@context\":\"https:\/\/schema.org\",\"@graph\":[{\"@type\":\"Article\",\"@id\":\"https:\/\/denizcankizil.tr\/en\/haberler\/gundem\/rektor-prof-dr-budak-ege-universitesi-olarak-engelleri-asiyoruz\/#article\",\"isPartOf\":{\"@id\":\"https:\/\/denizcankizil.tr\/en\/haberler\/gundem\/rektor-prof-dr-budak-ege-universitesi-olarak-engelleri-asiyoruz\/\"},\"author\":{\"name\":\"admin\",\"@id\":\"https:\/\/denizcankizil.tr\/#\/schema\/person\/be3c05fe6a12686905512445d8185489\"},\"headline\":\"Rekt\u00f6r Prof. Dr. Budak, \u201cEge \u00dcniversitesi olarak \u2018Engelleri\u2019 a\u015f\u0131yoruz\u201d\",\"datePublished\":\"2025-05-12T07:42:12+00:00\",\"mainEntityOfPage\":{\"@id\":\"https:\/\/denizcankizil.tr\/en\/haberler\/gundem\/rektor-prof-dr-budak-ege-universitesi-olarak-engelleri-asiyoruz\/\"},\"wordCount\":77,\"publisher\":{\"@id\":\"https:\/\/denizcankizil.tr\/#organization\"},\"articleSection\":[\"G\u00fcndem\"],\"inLanguage\":\"en-GB\"},{\"@type\":\"WebPage\",\"@id\":\"https:\/\/denizcankizil.tr\/en\/haberler\/gundem\/rektor-prof-dr-budak-ege-universitesi-olarak-engelleri-asiyoruz\/\",\"url\":\"https:\/\/denizcankizil.tr\/en\/haberler\/gundem\/rektor-prof-dr-budak-ege-universitesi-olarak-engelleri-asiyoruz\/\",\"name\":\"Rekt\u00f6r Prof. Dr. Budak, \u201cEge \u00dcniversitesi olarak \u2018Engelleri\u2019 a\u015f\u0131yoruz\u201d - Av. Deniz Can K\u0131z\u0131l\",\"isPartOf\":{\"@id\":\"https:\/\/denizcankizil.tr\/#website\"},\"datePublished\":\"2025-05-12T07:42:12+00:00\",\"breadcrumb\":{\"@id\":\"https:\/\/denizcankizil.tr\/en\/haberler\/gundem\/rektor-prof-dr-budak-ege-universitesi-olarak-engelleri-asiyoruz\/#breadcrumb\"},\"inLanguage\":\"en-GB\",\"potentialAction\":[{\"@type\":\"ReadAction\",\"target\":[\"https:\/\/denizcankizil.tr\/en\/haberler\/gundem\/rektor-prof-dr-budak-ege-universitesi-olarak-engelleri-asiyoruz\/\"]}]},{\"@type\":\"BreadcrumbList\",\"@id\":\"https:\/\/denizcankizil.tr\/en\/haberler\/gundem\/rektor-prof-dr-budak-ege-universitesi-olarak-engelleri-asiyoruz\/#breadcrumb\",\"itemListElement\":[{\"@type\":\"ListItem\",\"position\":1,\"name\":\"Home\",\"item\":\"https:\/\/denizcankizil.tr\/de\/\"},{\"@type\":\"ListItem\",\"position\":2,\"name\":\"Rekt\u00f6r Prof. Dr. Budak, \u201cEge \u00dcniversitesi olarak \u2018Engelleri\u2019 a\u015f\u0131yoruz\u201d\"}]},{\"@type\":\"WebSite\",\"@id\":\"https:\/\/denizcankizil.tr\/#website\",\"url\":\"https:\/\/denizcankizil.tr\/\",\"name\":\"Av. Deniz Can K\u0131z\u0131l\",\"description\":\"Avukat Deniz Can K\u0131z\u0131l Antalya Barosu\",\"publisher\":{\"@id\":\"https:\/\/denizcankizil.tr\/#organization\"},\"potentialAction\":[{\"@type\":\"SearchAction\",\"target\":{\"@type\":\"EntryPoint\",\"urlTemplate\":\"https:\/\/denizcankizil.tr\/?s={search_term_string}\"},\"query-input\":{\"@type\":\"PropertyValueSpecification\",\"valueRequired\":true,\"valueName\":\"search_term_string\"}}],\"inLanguage\":\"en-GB\"},{\"@type\":\"Organization\",\"@id\":\"https:\/\/denizcankizil.tr\/#organization\",\"name\":\"Av. Deniz Can K\u0131z\u0131l\",\"url\":\"https:\/\/denizcankizil.tr\/\",\"logo\":{\"@type\":\"ImageObject\",\"inLanguage\":\"en-GB\",\"@id\":\"https:\/\/denizcankizil.tr\/#\/schema\/logo\/image\/\",\"url\":\"https:\/\/denizcankizil.tr\/wp-content\/uploads\/2024\/10\/siyah-logo-svg.svg\",\"contentUrl\":\"https:\/\/denizcankizil.tr\/wp-content\/uploads\/2024\/10\/siyah-logo-svg.svg\",\"width\":1080,\"height\":1080,\"caption\":\"Av. Deniz Can K\u0131z\u0131l\"},\"image\":{\"@id\":\"https:\/\/denizcankizil.tr\/#\/schema\/logo\/image\/\"}},{\"@type\":\"Person\",\"@id\":\"https:\/\/denizcankizil.tr\/#\/schema\/person\/be3c05fe6a12686905512445d8185489\",\"name\":\"admin\",\"image\":{\"@type\":\"ImageObject\",\"inLanguage\":\"en-GB\",\"@id\":\"https:\/\/denizcankizil.tr\/#\/schema\/person\/image\/\",\"url\":\"https:\/\/secure.gravatar.com\/avatar\/c1fce94c830dc79107e174f890d7210541c4a63e8e5d816341794a2151c9d58c?s=96&d=mm&r=g\",\"contentUrl\":\"https:\/\/secure.gravatar.com\/avatar\/c1fce94c830dc79107e174f890d7210541c4a63e8e5d816341794a2151c9d58c?s=96&d=mm&r=g\",\"caption\":\"admin\"},\"sameAs\":[\"http:\/\/denizcankizil.tr\"],\"url\":\"https:\/\/www.iskenderun.org\/rektor-prof-dr-budak-ege-universitesi-olarak-engelleri-asiyoruz\"}]}<\/script>\n<!-- \/ Yoast SEO Premium plugin. -->","yoast_head_json":{"title":"Rekt\u00f6r Prof. Dr. Budak, \u201cEge \u00dcniversitesi olarak \u2018Engelleri\u2019 a\u015f\u0131yoruz\u201d - Av. Deniz Can K\u0131z\u0131l","robots":{"index":"index","follow":"follow","max-snippet":"max-snippet:-1","max-image-preview":"max-image-preview:large","max-video-preview":"max-video-preview:-1"},"canonical":"https:\/\/denizcankizil.tr\/en\/haberler\/gundem\/rektor-prof-dr-budak-ege-universitesi-olarak-engelleri-asiyoruz\/","og_locale":"en_GB","og_type":"article","og_title":"Rekt\u00f6r Prof. Dr. Budak, \u201cEge \u00dcniversitesi olarak \u2018Engelleri\u2019 a\u015f\u0131yoruz\u201d","og_description":"Her y\u0131l 10 May\u0131s ile 16 May\u0131s tarihleri aras\u0131 Birle\u015fmi\u015f Milletlere \u00fcye \u00fclkeler taraf\u0131ndan\u00a0Engelliler Haftas\u0131 olarak \u00e7e\u015fitli fark\u0131ndal\u0131k etkinlikleri ile kutlan\u0131yor. \u200bHer y\u0131l 10 May\u0131s ile 16 May\u0131s tarihleri aras\u0131 Birle\u015fmi\u015f Milletlere \u00fcye \u00fclkeler taraf\u0131ndan\u00a0Engelliler Haftas\u0131 olarak \u00e7e\u015fitli fark\u0131ndal\u0131k etkinlikleri ile kutlan\u0131yor.\u00a0 \u200bHaberin Al\u0131nt\u0131land\u0131\u011f\u0131 Kaynak: www.iskenderun.org","og_url":"https:\/\/denizcankizil.tr\/en\/haberler\/gundem\/rektor-prof-dr-budak-ege-universitesi-olarak-engelleri-asiyoruz\/","og_site_name":"Av. Deniz Can K\u0131z\u0131l","article_published_time":"2025-05-12T07:42:12+00:00","author":"admin","twitter_card":"summary_large_image","twitter_misc":{"Written by":"admin"},"schema":{"@context":"https:\/\/schema.org","@graph":[{"@type":"Article","@id":"https:\/\/denizcankizil.tr\/en\/haberler\/gundem\/rektor-prof-dr-budak-ege-universitesi-olarak-engelleri-asiyoruz\/#article","isPartOf":{"@id":"https:\/\/denizcankizil.tr\/en\/haberler\/gundem\/rektor-prof-dr-budak-ege-universitesi-olarak-engelleri-asiyoruz\/"},"author":{"name":"admin","@id":"https:\/\/denizcankizil.tr\/#\/schema\/person\/be3c05fe6a12686905512445d8185489"},"headline":"Rekt\u00f6r Prof. Dr. Budak, \u201cEge \u00dcniversitesi olarak \u2018Engelleri\u2019 a\u015f\u0131yoruz\u201d","datePublished":"2025-05-12T07:42:12+00:00","mainEntityOfPage":{"@id":"https:\/\/denizcankizil.tr\/en\/haberler\/gundem\/rektor-prof-dr-budak-ege-universitesi-olarak-engelleri-asiyoruz\/"},"wordCount":77,"publisher":{"@id":"https:\/\/denizcankizil.tr\/#organization"},"articleSection":["G\u00fcndem"],"inLanguage":"en-GB"},{"@type":"WebPage","@id":"https:\/\/denizcankizil.tr\/en\/haberler\/gundem\/rektor-prof-dr-budak-ege-universitesi-olarak-engelleri-asiyoruz\/","url":"https:\/\/denizcankizil.tr\/en\/haberler\/gundem\/rektor-prof-dr-budak-ege-universitesi-olarak-engelleri-asiyoruz\/","name":"Rekt\u00f6r Prof. Dr. Budak, \u201cEge \u00dcniversitesi olarak \u2018Engelleri\u2019 a\u015f\u0131yoruz\u201d - Av. Deniz Can K\u0131z\u0131l","isPartOf":{"@id":"https:\/\/denizcankizil.tr\/#website"},"datePublished":"2025-05-12T07:42:12+00:00","breadcrumb":{"@id":"https:\/\/denizcankizil.tr\/en\/haberler\/gundem\/rektor-prof-dr-budak-ege-universitesi-olarak-engelleri-asiyoruz\/#breadcrumb"},"inLanguage":"en-GB","potentialAction":[{"@type":"ReadAction","target":["https:\/\/denizcankizil.tr\/en\/haberler\/gundem\/rektor-prof-dr-budak-ege-universitesi-olarak-engelleri-asiyoruz\/"]}]},{"@type":"BreadcrumbList","@id":"https:\/\/denizcankizil.tr\/en\/haberler\/gundem\/rektor-prof-dr-budak-ege-universitesi-olarak-engelleri-asiyoruz\/#breadcrumb","itemListElement":[{"@type":"ListItem","position":1,"name":"Home","item":"https:\/\/denizcankizil.tr\/de\/"},{"@type":"ListItem","position":2,"name":"Rekt\u00f6r Prof. Dr. Budak, \u201cEge \u00dcniversitesi olarak \u2018Engelleri\u2019 a\u015f\u0131yoruz\u201d"}]},{"@type":"WebSite","@id":"https:\/\/denizcankizil.tr\/#website","url":"https:\/\/denizcankizil.tr\/","name":"Av. Deniz Can K\u0131z\u0131l","description":"Avukat Deniz Can K\u0131z\u0131l Antalya Barosu","publisher":{"@id":"https:\/\/denizcankizil.tr\/#organization"},"potentialAction":[{"@type":"SearchAction","target":{"@type":"EntryPoint","urlTemplate":"https:\/\/denizcankizil.tr\/?s={search_term_string}"},"query-input":{"@type":"PropertyValueSpecification","valueRequired":true,"valueName":"search_term_string"}}],"inLanguage":"en-GB"},{"@type":"Organization","@id":"https:\/\/denizcankizil.tr\/#organization","name":"Av. Deniz Can K\u0131z\u0131l","url":"https:\/\/denizcankizil.tr\/","logo":{"@type":"ImageObject","inLanguage":"en-GB","@id":"https:\/\/denizcankizil.tr\/#\/schema\/logo\/image\/","url":"https:\/\/denizcankizil.tr\/wp-content\/uploads\/2024\/10\/siyah-logo-svg.svg","contentUrl":"https:\/\/denizcankizil.tr\/wp-content\/uploads\/2024\/10\/siyah-logo-svg.svg","width":1080,"height":1080,"caption":"Av. Deniz Can K\u0131z\u0131l"},"image":{"@id":"https:\/\/denizcankizil.tr\/#\/schema\/logo\/image\/"}},{"@type":"Person","@id":"https:\/\/denizcankizil.tr\/#\/schema\/person\/be3c05fe6a12686905512445d8185489","name":"admin","image":{"@type":"ImageObject","inLanguage":"en-GB","@id":"https:\/\/denizcankizil.tr\/#\/schema\/person\/image\/","url":"https:\/\/secure.gravatar.com\/avatar\/c1fce94c830dc79107e174f890d7210541c4a63e8e5d816341794a2151c9d58c?s=96&d=mm&r=g","contentUrl":"https:\/\/secure.gravatar.com\/avatar\/c1fce94c830dc79107e174f890d7210541c4a63e8e5d816341794a2151c9d58c?s=96&d=mm&r=g","caption":"admin"},"sameAs":["http:\/\/denizcankizil.tr"],"url":"https:\/\/www.iskenderun.org\/rektor-prof-dr-budak-ege-universitesi-olarak-engelleri-asiyoruz"}]}},"_links":{"self":[{"href":"https:\/\/denizcankizil.tr\/en\/wp-json\/wp\/v2\/posts\/84030","targetHints":{"allow":["GET"]}}],"collection":[{"href":"https:\/\/denizcankizil.tr\/en\/wp-json\/wp\/v2\/posts"}],"about":[{"href":"https:\/\/denizcankizil.tr\/en\/wp-json\/wp\/v2\/types\/post"}],"author":[{"embeddable":true,"href":"https:\/\/denizcankizil.tr\/en\/wp-json\/wp\/v2\/users\/1"}],"replies":[{"embeddable":true,"href":"https:\/\/denizcankizil.tr\/en\/wp-json\/wp\/v2\/comments?post=84030"}],"version-history":[{"count":0,"href":"https:\/\/denizcankizil.tr\/en\/wp-json\/wp\/v2\/posts\/84030\/revisions"}],"wp:attachment":[{"href":"https:\/\/denizcankizil.tr\/en\/wp-json\/wp\/v2\/media?parent=84030"}],"wp:term":[{"taxonomy":"category","embeddable":true,"href":"https:\/\/denizcankizil.tr\/en\/wp-json\/wp\/v2\/categories?post=84030"},{"taxonomy":"post_tag","embeddable":true,"href":"https:\/\/denizcankizil.tr\/en\/wp-json\/wp\/v2\/tags?post=84030"}],"curies":[{"name":"wp","href":"https:\/\/api.w.org\/{rel}","templated":true}]}}