{"id":83274,"date":"2025-05-11T15:40:01","date_gmt":"2025-05-11T12:40:01","guid":{"rendered":"https:\/\/denizcankizil.tr\/uncategorized-tr\/aziz-turk-milleti-adina-ifadesinin-karar-basligi-olarak-kullanimi\/"},"modified":"2025-05-11T15:40:01","modified_gmt":"2025-05-11T12:40:01","slug":"aziz-turk-milleti-adina-ifadesinin-karar-basligi-olarak-kullanimi","status":"publish","type":"post","link":"https:\/\/denizcankizil.tr\/en\/koseyazilari\/degerlendirme\/aziz-turk-milleti-adina-ifadesinin-karar-basligi-olarak-kullanimi\/","title":{"rendered":"Aziz T\u00fcrk Milleti Ad\u0131na\u2019 \u0130fadesinin Karar Ba\u015fl\u0131\u011f\u0131 Olarak Kullan\u0131m\u0131"},"content":{"rendered":"<p> <strong>&#8220;Aziz T\u00fcrk Milleti Ad\u0131na&#8221; \u0130fadesinin Karar Ba\u015fl\u0131\u011f\u0131 Olarak Kullan\u0131m\u0131: Bir \u0130nceleme<\/strong><\/p>\n<p>T\u00fcrk hukuk sisteminin temel ta\u015flar\u0131ndan biri, <a href=\"https:\/\/denizcankizil.tr\/en\/alanlar\/rekabet-hukuku\/\" title=\"Competition and Free Market Law\">yarg\u0131 kararlar\u0131n\u0131n<\/a> hukuki ve\u2062 toplumsal anlamda ta\u015f\u0131d\u0131\u011f\u0131 \u00f6nemi \u2063yans\u0131tan dil ve \u00fcsluptur. Bu ba\u011flamda,\u2064 &#8220;Aziz T\u00fcrk Milleti \u2063Ad\u0131na&#8221; ifadesinin\u200c karar ba\u015fl\u0131\u011f\u0131\u200b olarak kullan\u0131m\u0131, hem hukukun \u2064\u00fcst\u00fcnl\u00fc\u011f\u00fc ilkesinin bir yans\u0131mas\u0131 hem de milli iradenin temsilinin bir g\u00f6stergesi olarak dikkat \u00e7ekmektedir. Anayasa&#8217;n\u0131n 2. maddesinde belirtilen demokratik, laik ve sosyal bir hukuk devleti olma niteli\u011fi, yarg\u0131 \u2064kararlar\u0131n\u0131n bu t\u00fcr ifadelerle g\u00fc\u00e7lendirilmesini gerektirmektedir. \u2062Bu \u200d\u00e7al\u0131\u015fma,&#8221;Aziz T\u00fcrk Milleti \u200cAd\u0131na&#8221; ifadesinin yarg\u0131 kararlar\u0131ndaki yerini,anlam\u0131n\u0131\u200b ve hukuki ba\u011flam\u0131n\u0131 inceleyerek,T\u00fcrk\u2062 hukuk \u200csisteminin milli de\u011ferlerle \u200cnas\u0131l b\u00fct\u00fcnle\u015fti\u011fini ortaya koymay\u0131 ama\u00e7lamaktad\u0131r. Bu \u200cba\u011flamda, ifade ile\u2063 ilgili Yarg\u0131tay\u200c i\u00e7tihatlar\u0131 ve uygulamalar\u0131 da ele al\u0131narak, hukukun toplumsal alg\u0131 \u00fczerindeki etkisi \u2062de\u011ferlendirilecektir.<br \/><img decoding=\"async\" class=\"kimage_class lazyload\" data-src=\"https:\/\/denizcankizil.tr\/wp-content\/uploads\/2024\/10\/bJieI-253D.jpg\" alt=\"Aziz T\u00fcrk Milleti \u200cAd\u0131na \u0130fadesinin Anlam\u0131 ve\u200b \u00d6nemi\" src=\"data:image\/svg+xml;base64,PHN2ZyB3aWR0aD0iMSIgaGVpZ2h0PSIxIiB4bWxucz0iaHR0cDovL3d3dy53My5vcmcvMjAwMC9zdmciPjwvc3ZnPg==\"><\/p>\n<h2 id=\"aziz-turk-milleti-adina-ifadesinin-anlami-ve-onemi\">Aziz T\u00fcrk Milleti Ad\u0131na \u0130fadesinin Anlam\u0131 ve \u00d6nemi<\/h2>\n<p><strong>\u201cAziz T\u00fcrk Milleti Ad\u0131na\u201d ifadesi, T\u00fcrk hukuk sisteminde \u200d\u00f6nemli bir yere\u200b sahiptir. Bu ifade, mahkeme kararlar\u0131n\u0131n ve \u200cyarg\u0131 s\u00fcre\u00e7lerinin temelini olu\u015fturan ulusal \u2064egemenli\u011fi ve millet iradesini simgeler. Mahkemelerin, T\u00fcrk\u2064 milletinin \u2062ad\u0131na verdikleri kararlar, sadece bireysel davalar de\u011fil, ayn\u0131 zamanda toplumsal adaletin \u200dsa\u011flanmas\u0131 \u2063a\u00e7\u0131s\u0131ndan da b\u00fcy\u00fck bir anlam ta\u015f\u0131r.<\/strong><\/p>\n<p><strong>Bu ifadenin \u200ckullan\u0131m\u0131, <a href=\"https:\/\/denizcankizil.tr\/en\/hukukihaber\/aymnin-2021-54151-basvuru-numarali-karari\/\" title=\"AYM&#039;nin 2021\/54151 ba\u015fvuru numaral\u0131 karar\u0131\">yarg\u0131 organlar\u0131n\u0131n<\/a> ba\u011f\u0131ms\u0131zl\u0131\u011f\u0131n\u0131 ve tarafs\u0131zl\u0131\u011f\u0131n\u0131 peki\u015ftirir.\u201cAziz T\u00fcrk Milleti Ad\u0131na\u201d denilerek\u200b verilen\u200c kararlar, yarg\u0131n\u0131n milletin iradesine\u200b dayand\u0131\u011f\u0131n\u0131 vurgular. Bu durum, hukukun \u00fcst\u00fcnl\u00fc\u011f\u00fc\u2064 ilkesinin bir \u200dyans\u0131mas\u0131 olarak de\u011ferlendirilebilir. Ayr\u0131ca, bu ifade, mahkemelerin kararlar\u0131n\u0131n sadece hukuki de\u011fil, ayn\u0131 zamanda toplumsal bir \u200dsorumluluk ta\u015f\u0131d\u0131\u011f\u0131n\u0131 da g\u00f6sterir.<\/strong><\/p>\n<p><strong>Bu ba\u011flamda, \u201cAziz T\u00fcrk \u200dMilleti Ad\u0131na\u201d ifadesinin karar ba\u015fl\u0131klar\u0131nda yer almas\u0131, yarg\u0131 s\u00fcre\u00e7lerinin me\u015fruiyetini art\u0131r\u0131r. Mahkemeler, verdikleri kararlarla sadece hukuki bir i\u015flev yerine getirmekle kalmaz, ayn\u0131 zamanda T\u00fcrk milletinin de\u011ferlerine ve k\u00fclt\u00fcrel miras\u0131na da sahip \u00e7\u0131kar.Bu durum, yarg\u0131n\u0131n toplum\u2063 nezdindeki g\u00fcvenilirli\u011fini \u200cve sayg\u0131nl\u0131\u011f\u0131n\u0131 art\u0131ran\u2064 bir unsurdur.<\/strong><\/p>\n<p><strong>Sonu\u00e7 \u2062olarak, \u201cAziz T\u00fcrk Milleti Ad\u0131na\u201d ifadesi, T\u00fcrk hukuk sisteminin temel ta\u015flar\u0131ndan biri olarak kabul edilmektedir. Bu ifade, yarg\u0131n\u0131n milletin iradesine dayand\u0131\u011f\u0131n\u0131 ve \u200dtoplumsal adaletin sa\u011flanmas\u0131nda \u00f6nemli bir\u2062 rol \u2062oynad\u0131\u011f\u0131n\u0131 g\u00f6stermektedir. \u2064Bu nedenle, mahkeme kararlar\u0131nda bu\u200b ifadenin kullan\u0131m\u0131,\u200c hem hukuki hem de toplumsal\u200d a\u00e7\u0131dan b\u00fcy\u00fck bir \u00f6neme sahiptir.<\/strong><\/p>\n<h2 id=\"karar-basliklarinda-kullaniminin-tarihsel-gelisimi\">Karar Ba\u015fl\u0131klar\u0131nda Kullan\u0131m\u0131n\u0131n Tarihsel \u2063Geli\u015fimi<\/h2>\n<p>Karar ba\u015fl\u0131klar\u0131nda kullan\u0131lan ifadelerin tarihsel geli\u015fimi,hukukun\u2062 evrimi a\u00e7\u0131s\u0131ndan \u00f6nemli \u2062bir yer tutmaktad\u0131r. \u00d6zellikle, &#8220;Aziz T\u00fcrk \u200cMilleti Ad\u0131na&#8221; ifadesinin karar ba\u015fl\u0131klar\u0131nda \u2063yer \u200dalmas\u0131,\u2064 T\u00fcrk yarg\u0131 sisteminin\u2063 milli kimli\u011fini \u200bve ba\u011f\u0131ms\u0131zl\u0131\u011f\u0131n\u0131 vurgulayan \u2062bir unsur olarak \u00f6ne \u00e7\u0131kmaktad\u0131r. Bu ifade, yarg\u0131 kararlar\u0131n\u0131n sadece hukuki de\u011fil, ayn\u0131 \u200dzamanda toplumsal bir\u200d anlam\u2064 ta\u015f\u0131d\u0131\u011f\u0131n\u0131 da g\u00f6stermektedir.<\/p>\n<p>Bu ba\u011flamda, karar ba\u015fl\u0131klar\u0131nda kullan\u0131lan ifadelerin zaman i\u00e7indeki de\u011fi\u015fimi, a\u015fa\u011f\u0131daki unsurlarla a\u00e7\u0131klanabilir:<\/p>\n<ul>\n<li><strong>Hukuki Gelene\u011fin\u200d Etkisi:<\/strong> T\u00fcrk hukuk sisteminin k\u00f6kleri, Osmanl\u0131\u2063 \u0130mparatorlu\u011fu d\u00f6nemine kadar uzanmaktad\u0131r. Bu d\u00f6nemde de benzer ifadelerin kullan\u0131ld\u0131\u011f\u0131 g\u00f6r\u00fclmektedir.<\/li>\n<li><strong>milliyet\u00e7ilik ak\u0131mlar\u0131:<\/strong> Cumhuriyetin ilan\u0131yla\u200b birlikte, milli \u2064kimli\u011fin \u00f6n plana \u00e7\u0131kmas\u0131, yarg\u0131 kararlar\u0131nda \u2062da bu t\u00fcr\u2064 ifadelerin kullan\u0131lmas\u0131na zemin haz\u0131rlam\u0131\u015ft\u0131r.<\/li>\n<li><strong>Yarg\u0131 Ba\u011f\u0131ms\u0131zl\u0131\u011f\u0131:<\/strong> &#8220;Aziz T\u00fcrk Milleti Ad\u0131na&#8221; ifadesi, yarg\u0131n\u0131n ba\u011f\u0131ms\u0131zl\u0131\u011f\u0131n\u0131 ve tarafs\u0131zl\u0131\u011f\u0131n\u0131 peki\u015ftiren bir unsur \u200bolarak kabul edilmektedir.<\/li>\n<\/ul>\n<p>Sonu\u00e7 olarak, &#8220;Aziz T\u00fcrk Milleti\u200c Ad\u0131na&#8221;\u2064 ifadesinin karar\u200c ba\u015fl\u0131klar\u0131nda \u200dkullan\u0131m\u0131, T\u00fcrk hukuk sisteminin tarihsel \u2063ve k\u00fclt\u00fcrel ba\u011flamda \u00f6nemli bir yeri oldu\u011funu g\u00f6stermektedir. Bu ifade, yarg\u0131 kararlar\u0131n\u0131n sadece hukuki bir metin olman\u0131n \u00f6tesinde, \u200btoplumsal bir sorumluluk ta\u015f\u0131d\u0131\u011f\u0131n\u0131 da ortaya koymaktad\u0131r.<\/p>\n<p><img decoding=\"async\" class=\"kimage_class lazyload\" data-src=\"https:\/\/denizcankizil.tr\/wp-content\/uploads\/2024\/10\/3637-types-of-cases-handled-by-real-estate-attorneys-in-antalya.jpg\" alt=\"Hukuki \u2063Ba\u011flamda\u200b 'Aziz T\u00fcrk\u2064 Milleti\u200d Ad\u0131na' \u0130fadesinin Yeri\" src=\"data:image\/svg+xml;base64,PHN2ZyB3aWR0aD0iMSIgaGVpZ2h0PSIxIiB4bWxucz0iaHR0cDovL3d3dy53My5vcmcvMjAwMC9zdmciPjwvc3ZnPg==\"><\/p>\n<h2 id=\"hukuki-baglamda-aziz-turk-milleti-adina-ifadesinin-yeri\">Hukuki Ba\u011flamda &#8216;Aziz \u2064T\u00fcrk Milleti Ad\u0131na&#8217; \u0130fadesinin \u200cYeri<\/h2>\n<p>Hukuki metinlerde &#8220;Aziz T\u00fcrk Milleti \u2064Ad\u0131na&#8221; ifadesinin kullan\u0131m\u0131, T\u00fcrkiye Cumhuriyeti&#8217;nin temel de\u011ferleri ve hukukun \u00fcst\u00fcnl\u00fc\u011f\u00fc a\u00e7\u0131s\u0131ndan b\u00fcy\u00fck\u2062 bir \u00f6neme sahiptir. Bu ifade, yarg\u0131 kararlar\u0131n\u0131n ve resmi belgelerin ba\u015f\u0131nda yer alarak, adaletin millet ad\u0131na tesis edildi\u011fini vurgular. Bu ba\u011flamda, a\u015fa\u011f\u0131daki\u200c hususlar\u200d dikkate al\u0131nmal\u0131d\u0131r:<\/p>\n<ul>\n<li><strong>Milletin Temsili:<\/strong> \u2063 &#8220;Aziz T\u00fcrk Milleti ad\u0131na&#8221; ifadesi, yarg\u0131 organlar\u0131n\u0131n milletin iradesini temsil etti\u011fini g\u00f6sterir.Bu durum, yarg\u0131n\u0131n \u200bba\u011f\u0131ms\u0131zl\u0131\u011f\u0131 ve tarafs\u0131zl\u0131\u011f\u0131 a\u00e7\u0131s\u0131ndan \u2064kritik bir \u2064unsurdur.<\/li>\n<li><strong>Hukukun \u00dcst\u00fcnl\u00fc\u011f\u00fc:<\/strong> Bu ifade, <a href=\"https:\/\/denizcankizil.tr\/en\/koseyazilari\/degerlendirme\/turk-ceza-kanununa-gore-sucta-ve-cezada-kanunilik-ilkesi-adalet-ve-kanun-onunde-esitlik-ilkesi-nedir-avrupa-insan-haklari-sozlesmesi-ve-anasayadaki-karsiligi-nedir\/\" title=\"According to the Turkish Penal Code; What are the principles of legality in crime and punishment, the principle of equality before justice and the law? What is its equivalent in the European Convention on Human Rights and the Constitution?\">hukukun \u00fcst\u00fcnl\u00fc\u011f\u00fc ilkesinin bir yans\u0131mas\u0131 olarak<\/a>, her t\u00fcrl\u00fc yarg\u0131 karar\u0131n\u0131n milletin menfaatine uygun olarak verildi\u011fini belirtir.<\/li>\n<li><strong>Ulusal Birlik ve Beraberlik:<\/strong> &#8220;Aziz T\u00fcrk \u200cMilleti\u2062 Ad\u0131na&#8221; ifadesi,ulusal birli\u011fi peki\u015ftirir ve\u200c toplumsal dayan\u0131\u015fmay\u0131 g\u00fc\u00e7lendirir. Yarg\u0131 kararlar\u0131n\u0131n bu ifade ile ba\u015flamas\u0131, toplumda adalet duygusunu\u2064 art\u0131r\u0131r.<\/li>\n<\/ul>\n<p>Sonu\u00e7 olarak, &#8220;aziz T\u00fcrk Milleti Ad\u0131na&#8221; ifadesinin hukuki metinlerdeki yeri, sadece\u2064 bir gelenek de\u011fil, ayn\u0131 zamanda\u2064 hukukun ve adaletin temel ta\u015flar\u0131ndan biridir. Bu ifade, yarg\u0131 kararlar\u0131n\u0131n me\u015fruiyetini art\u0131rarak, toplumda\u200d g\u00fcven tesis eder ve hukukun i\u015fleyi\u015fine \u200ckatk\u0131da \u200dbulunur.<\/p>\n<p><img decoding=\"async\" class=\"kimage_class lazyload\" data-src=\"https:\/\/denizcankizil.tr\/wp-content\/uploads\/2024\/10\/3982-antalyadaki-fikri-ve-sinai-haklar-avukatlarinin-yetki-alanlari.jpg\" alt=\"Yarg\u0131tay \u0130\u00e7tihatlar\u0131nda \u0130fadenin Uygulama \u00d6rnekleri\" src=\"data:image\/svg+xml;base64,PHN2ZyB3aWR0aD0iMSIgaGVpZ2h0PSIxIiB4bWxucz0iaHR0cDovL3d3dy53My5vcmcvMjAwMC9zdmciPjwvc3ZnPg==\"><\/p>\n<h2 id=\"yargitay-ictihatlarinda-ifadenin-uygulama-ornekleri\">Yarg\u0131tay \u0130\u00e7tihatlar\u0131nda \u0130fadenin Uygulama\u200d \u00d6rnekleri<\/h2>\n<p><strong>Yarg\u0131tay i\u00e7tihatlar\u0131nda, \u201cAziz T\u00fcrk Milleti Ad\u0131na\u201d ifadesinin karar ba\u015fl\u0131\u011f\u0131 olarak kullan\u0131m\u0131, hukukun \u00fcst\u00fcnl\u00fc\u011f\u00fc ve adaletin sa\u011flanmas\u0131 a\u00e7\u0131s\u0131ndan \u00f6nemli bir yer tutmaktad\u0131r.<\/strong> \u2064 Bu\u2064 ifade,T\u00fcrk yarg\u0131 sisteminin temelini olu\u015fturan milli\u2064 irade ve egemenlik anlay\u0131\u015f\u0131n\u0131 yans\u0131tmaktad\u0131r. Yarg\u0131tay, bu ifadeyi kullanarak,\u200d verdi\u011fi kararlar\u0131n yaln\u0131zca hukuki\u200d de\u011fil, ayn\u0131 zamanda toplumsal bir sorumluluk ta\u015f\u0131d\u0131\u011f\u0131n\u0131 da vurgulamaktad\u0131r.<\/p>\n<p><strong>Bu ba\u011flamda, Yarg\u0131tay i\u00e7tihatlar\u0131nda \u2064\u201caziz T\u00fcrk Milleti Ad\u0131na\u201d ifadesinin kullan\u0131ld\u0131\u011f\u0131 baz\u0131\u200b \u00f6rnekler \u015funlard\u0131r:<\/strong><\/p>\n<ul>\n<li>Kararlar\u0131n, T\u00fcrk milletinin \u200cde\u011ferlerine ve hukuk sistemine uygun olarak verildi\u011fini\u200d belirtmek.<\/li>\n<li>Yarg\u0131 kararlar\u0131n\u0131n, toplumsal adaletin sa\u011flanmas\u0131nda bir ara\u00e7 \u200boldu\u011funu ifade etmek.<\/li>\n<li>Hukukun, milletin \u2064iradesini \u200btemsil etti\u011fini ve bu \u200diradenin korunmas\u0131 gerekti\u011fini vurgulamak.<\/li>\n<\/ul>\n<p><strong>Sonu\u00e7 olarak, Yarg\u0131tay\u2019\u0131n\u2064 karar ba\u015fl\u0131klar\u0131nda \u201cAziz T\u00fcrk Milleti Ad\u0131na\u201d ifadesinin yer almas\u0131, yarg\u0131 organlar\u0131n\u0131n ba\u011f\u0131ms\u0131zl\u0131\u011f\u0131n\u0131 ve tarafs\u0131zl\u0131\u011f\u0131n\u0131\u200b peki\u015ftirmekte, ayn\u0131 zamanda T\u00fcrk milletinin hukuk anlay\u0131\u015f\u0131n\u0131 y\u00fcceltmektedir.<\/strong> Bu \u200ddurum, yarg\u0131 kararlar\u0131n\u0131n toplumda\u200c nas\u0131l alg\u0131land\u0131\u011f\u0131n\u0131 ve hukukun nas\u0131l uygulanmas\u0131 gerekti\u011fini de g\u00f6stermektedir.<\/p>\n<p><img decoding=\"async\" class=\"kimage_class lazyload\" data-src=\"https:\/\/denizcankizil.tr\/wp-content\/uploads\/2024\/10\/3984-antalyada-sigorta-hukuku-avukatinin-gorev-alanlari.jpg\" alt=\"Toplumsal Alg\u0131 ve Hukuk \u00dczerindeki Etkileri\" src=\"data:image\/svg+xml;base64,PHN2ZyB3aWR0aD0iMSIgaGVpZ2h0PSIxIiB4bWxucz0iaHR0cDovL3d3dy53My5vcmcvMjAwMC9zdmciPjwvc3ZnPg==\"><\/p>\n<h2 id=\"toplumsal-algi-ve-hukuk-uzerindeki-etkileri\">Toplumsal\u200d Alg\u0131 ve Hukuk \u00dczerindeki Etkileri<\/h2>\n<p>Toplumsal alg\u0131, hukukun uygulanmas\u0131 ve yorumlanmas\u0131 \u00fczerinde \u2062\u00f6nemli bir etkiye sahiptir. \u00d6zellikle, mahkeme \u200dkararlar\u0131nda kullan\u0131lan ifadeler, toplumda belirli bir alg\u0131 olu\u015fturabilir. Bu ba\u011flamda,&#8221;Aziz T\u00fcrk milleti Ad\u0131na&#8221; ifadesinin karar ba\u015fl\u0131\u011f\u0131 olarak kullan\u0131lmas\u0131,hukukun toplumsal\u200d kabul\u00fc ve g\u00fcvenilirli\u011fi a\u00e7\u0131s\u0131ndan dikkate de\u011fer bir konudur.<\/p>\n<p>Bu\u200c ifade, mahkeme \u200dkararlar\u0131n\u0131n \u2063sadece hukuki bir\u200b metin\u2062 olmad\u0131\u011f\u0131n\u0131,\u2063 ayn\u0131 zamanda toplumsal bir mesaj\u200c ta\u015f\u0131d\u0131\u011f\u0131n\u0131 g\u00f6stermektedir. A\u015fa\u011f\u0131daki noktalar, bu \u2064durumun toplumsal alg\u0131 \u00fczerindeki etkilerini\u200d \u00f6zetlemektedir:<\/p>\n<ul>\n<li><strong>Hukukun Me\u015fruiyeti:<\/strong> &#8220;Aziz T\u00fcrk\u200d Milleti Ad\u0131na&#8221;\u200b ifadesi, \u2063hukukun \u2064toplum taraf\u0131ndan benimsenmesini ve me\u015fruiyetini \u2064art\u0131rabilir.<\/li>\n<li><strong>toplumsal Birlik:<\/strong> Bu t\u00fcr\u200d ifadeler, toplumda birlik ve beraberlik duygusunu \u200bpeki\u015ftirebilir.<\/li>\n<li><strong>Adaletin Temsili:<\/strong> \u2064Mahkeme kararlar\u0131n\u0131n\u200d bu \u015fekilde ifade edilmesi, adaletin toplum i\u00e7in ne denli \u00f6nemli oldu\u011funu vurgular.<\/li>\n<\/ul>\n<p>sonu\u00e7 olarak, toplumsal alg\u0131 ve hukuk\u200b aras\u0131ndaki ili\u015fki, hukukun uygulanabilirli\u011fi ve \u2064toplumda adalet anlay\u0131\u015f\u0131n\u0131n g\u00fc\u00e7lenmesi a\u00e7\u0131s\u0131ndan kritik bir \u00f6neme sahiptir.\u2064 &#8220;Aziz T\u00fcrk Milleti Ad\u0131na&#8221; ifadesinin kullan\u0131m\u0131, bu ba\u011flamda \u00f6nemli bir rol oynamaktad\u0131r.<\/p>\n<p><img decoding=\"async\" class=\"kimage_class lazyload\" data-src=\"https:\/\/denizcankizil.tr\/wp-content\/uploads\/2024\/10\/YhAY-253D.jpg\" alt=\"Sonu\u00e7 ve Gelecek\u200c Perspektifleri\" src=\"data:image\/svg+xml;base64,PHN2ZyB3aWR0aD0iMSIgaGVpZ2h0PSIxIiB4bWxucz0iaHR0cDovL3d3dy53My5vcmcvMjAwMC9zdmciPjwvc3ZnPg==\"><\/p>\n<h2 id=\"sonuc-ve-gelecek-perspektifleri\">Sonu\u00e7 \u2064ve Gelecek Perspektifleri<\/h2>\n<section>\n<p>\u201cAziz \u2063T\u00fcrk \u2064Milleti Ad\u0131na\u201d ifadesinin karar ba\u015fl\u0131\u011f\u0131 olarak kullan\u0131m\u0131,T\u00fcrk hukuk sisteminin temel ilkeleriyle\u200c uyumlu bir \u200d\u015fekilde,yarg\u0131n\u0131n ba\u011f\u0131ms\u0131zl\u0131\u011f\u0131 ve tarafs\u0131zl\u0131\u011f\u0131 a\u00e7\u0131s\u0131ndan \u00f6nemli bir yere sahiptir. Bu ifade, mahkeme kararlar\u0131n\u0131n\u200c sadece\u2062 hukuki bir metin olmad\u0131\u011f\u0131n\u0131, ayn\u0131 zamanda toplumsal bir sorumlulu\u011fu da ta\u015f\u0131d\u0131\u011f\u0131n\u0131 g\u00f6stermektedir.Bu ba\u011flamda, a\u015fa\u011f\u0131daki\u2063 hususlar dikkate al\u0131nmal\u0131d\u0131r:<\/p>\n<ul>\n<li><strong>Hukukun\u200c \u00dcst\u00fcnl\u00fc\u011f\u00fc:<\/strong> \u2063 Mahkemelerin kararlar\u0131, <a href=\"https:\/\/denizcankizil.tr\/en\/hukukihaber\/tbb-sigortacilikta-tahkime-iliskin-yonetmelikteki-bazi-degisikliklerin-iptali-icin-danistaya-basvurdu\/\" title=\"TBB, S\u0130GORTACILIKTA TAHK\u0130ME \u0130L\u0130\u015eK\u0130N Y\u00d6NETMEL\u0130KTEK\u0130 BAZI DE\u011e\u0130\u015e\u0130KL\u0130KLER\u0130N \u0130PTAL\u0130 \u0130\u00c7\u0130N DANI\u015eTAY&#039;A BA\u015eVURDU\">hukukun \u00fcst\u00fcnl\u00fc\u011f\u00fc<\/a>n\u00fc peki\u015ftirmekte ve \u200dtoplumsal adaletin sa\u011flanmas\u0131na katk\u0131da bulunmaktad\u0131r.<\/li>\n<li><strong>Toplumsal Bilin\u00e7:<\/strong> \u201cAziz T\u00fcrk Milleti Ad\u0131na\u201d ifadesi, yarg\u0131n\u0131n \u200btoplum\u200c \u00fczerindeki etkisini art\u0131rmakta ve vatanda\u015flar\u0131n\u200d hukuka\u200c olan g\u00fcvenini peki\u015ftirmektedir.<\/li>\n<li><strong>Gelecek Perspektifleri:<\/strong> Bu ifadenin kullan\u0131m\u0131, gelecekteki yarg\u0131 s\u00fcre\u00e7lerinde de benzer bir \u200danlay\u0131\u015f\u0131n devam etmesine olanak tan\u0131yacakt\u0131r.<\/li>\n<\/ul>\n<p>Sonu\u00e7 olarak, \u2064\u201cAziz T\u00fcrk milleti \u200cAd\u0131na\u201d ifadesinin karar ba\u015fl\u0131\u011f\u0131 olarak kullan\u0131lmas\u0131, T\u00fcrk hukuk sisteminin\u2062 temel de\u011ferlerini yans\u0131tan bir uygulama olarak de\u011ferlendirilmektedir.Gelecekte, bu ifadenin daha geni\u015f bir \u00e7er\u00e7evede \u2064ele al\u0131nmas\u0131 ve yarg\u0131 s\u00fcre\u00e7lerinde daha fazla yer bulmas\u0131, hukukun geli\u015fimi a\u00e7\u0131s\u0131ndan \u00f6nemli bir ad\u0131m olacakt\u0131r.<\/p>\n<\/section>\n<p>Sonu\u00e7 olarak, &#8220;Aziz T\u00fcrk Milleti ad\u0131na&#8221; ifadesinin karar ba\u015fl\u0131\u011f\u0131 \u200colarak \u200bkullan\u0131m\u0131, T\u00fcrk hukuk sisteminin temel\u200d de\u011ferlerini ve milletin egemenli\u011fini yans\u0131tan \u00f6nemli bir unsurdur. \u200cBu ifade, yarg\u0131 kararlar\u0131n\u0131n sadece hukuki birer metin olman\u0131n \u00f6tesinde, toplumsal bir kimlik ve aidiyet duygusu\u2062 ta\u015f\u0131d\u0131\u011f\u0131n\u0131 g\u00f6stermektedir. Yarg\u0131 organlar\u0131n\u0131n, bu ifadeyi kullanarak T\u00fcrk milletinin iradesine ve de\u011ferlerine at\u0131fta\u200d bulunmas\u0131, hukukun \u00fcst\u00fcnl\u00fc\u011f\u00fc ilkesinin peki\u015fmesine katk\u0131 sa\u011flamaktad\u0131r. Dolay\u0131s\u0131yla, bu ifadenin karar ba\u015fl\u0131klar\u0131nda\u2063 yer almas\u0131,\u200c hem hukuki \u2064hem de toplumsal a\u00e7\u0131dan\u2064 b\u00fcy\u00fck bir anlam ta\u015f\u0131maktad\u0131r. Gelecekte, bu\u200c t\u00fcr ifadelerin kullan\u0131m\u0131n\u0131n daha da yayg\u0131nla\u015fmas\u0131, T\u00fcrk hukuk sisteminin demokratik ve \u2063kat\u0131l\u0131mc\u0131 \u200bbir \u200cyap\u0131ya sahip olmas\u0131na katk\u0131da bulunacakt\u0131r. Bu ba\u011flamda, &#8220;Aziz T\u00fcrk Milleti Ad\u0131na&#8221; ifadesinin \u00f6nemi, yaln\u0131zca bir gelenek de\u011fil, ayn\u0131 zamanda hukukun \u200dve adaletin\u200b temellerini olu\u015fturan bir de\u011fer olarak kar\u015f\u0131m\u0131za \u00e7\u0131kmaktad\u0131r. <\/p>","protected":false},"excerpt":{"rendered":"<p>&#8220;Aziz T\u00fcrk Milleti Ad\u0131na&#8221; ifadesinin karar ba\u015fl\u0131\u011f\u0131 olarak kullan\u0131m\u0131, T\u00fcrk yarg\u0131 sisteminin temel ilkelerinden biri olan halk iradesine vurgu yapmaktad\u0131r. Bu ifade, mahkeme kararlar\u0131n\u0131n toplumsal me\u015fruiyetini peki\u015ftirirken, adaletin sa\u011flanmas\u0131nda \u00f6nemli bir sembol haline gelmi\u015ftir.<\/p>","protected":false},"author":4,"featured_media":0,"comment_status":"open","ping_status":"open","sticky":false,"template":"","format":"standard","meta":{"_acf_changed":false,"footnotes":""},"categories":[22],"tags":[],"class_list":["post-83274","post","type-post","status-publish","format-standard","hentry","category-degerlendirme"],"acf":[],"yoast_head":"<!-- This site is optimized with the Yoast SEO Premium plugin v26.6 (Yoast SEO v27.1.1) - https:\/\/yoast.com\/product\/yoast-seo-premium-wordpress\/ -->\n<title>Aziz T\u00fcrk Milleti Ad\u0131na\u2019 \u0130fadesinin Karar Ba\u015fl\u0131\u011f\u0131 Olarak Kullan\u0131m\u0131 - Av. Deniz Can K\u0131z\u0131l<\/title>\n<meta name=\"robots\" content=\"index, follow, max-snippet:-1, max-image-preview:large, max-video-preview:-1\" \/>\n<link rel=\"canonical\" href=\"https:\/\/denizcankizil.tr\/en\/koseyazilari\/degerlendirme\/aziz-turk-milleti-adina-ifadesinin-karar-basligi-olarak-kullanimi\/\" \/>\n<meta property=\"og:locale\" content=\"en_GB\" \/>\n<meta property=\"og:type\" content=\"article\" \/>\n<meta property=\"og:title\" content=\"Aziz T\u00fcrk Milleti Ad\u0131na\u2019 \u0130fadesinin Karar Ba\u015fl\u0131\u011f\u0131 Olarak Kullan\u0131m\u0131\" \/>\n<meta property=\"og:description\" content=\"&quot;Aziz T\u00fcrk Milleti Ad\u0131na&quot; ifadesinin karar ba\u015fl\u0131\u011f\u0131 olarak kullan\u0131m\u0131, T\u00fcrk yarg\u0131 sisteminin temel ilkelerinden biri olan halk iradesine vurgu yapmaktad\u0131r. Bu ifade, mahkeme kararlar\u0131n\u0131n toplumsal me\u015fruiyetini peki\u015ftirirken, adaletin sa\u011flanmas\u0131nda \u00f6nemli bir sembol haline gelmi\u015ftir.\" \/>\n<meta property=\"og:url\" content=\"https:\/\/denizcankizil.tr\/en\/koseyazilari\/degerlendirme\/aziz-turk-milleti-adina-ifadesinin-karar-basligi-olarak-kullanimi\/\" \/>\n<meta property=\"og:site_name\" content=\"Av. Deniz Can K\u0131z\u0131l\" \/>\n<meta property=\"article:published_time\" content=\"2025-05-11T12:40:01+00:00\" \/>\n<meta property=\"og:image\" content=\"https:\/\/denizcankizil.tr\/wp-content\/uploads\/2024\/10\/bJieI-253D.jpg\" \/>\n<meta name=\"author\" content=\"Av. Deniz Can K\u0131z\u0131l\" \/>\n<meta name=\"twitter:card\" content=\"summary_large_image\" \/>\n<meta name=\"twitter:label1\" content=\"Written by\" \/>\n\t<meta name=\"twitter:data1\" content=\"Av. Deniz Can K\u0131z\u0131l\" \/>\n\t<meta name=\"twitter:label2\" content=\"Estimated reading time\" \/>\n\t<meta name=\"twitter:data2\" content=\"9 minutes\" \/>\n<script type=\"application\/ld+json\" class=\"yoast-schema-graph\">{\"@context\":\"https:\/\/schema.org\",\"@graph\":[{\"@type\":\"Article\",\"@id\":\"https:\/\/denizcankizil.tr\/ru\/koseyazilari\/degerlendirme\/aziz-turk-milleti-adina-ifadesinin-karar-basligi-olarak-kullanimi\/#article\",\"isPartOf\":{\"@id\":\"https:\/\/denizcankizil.tr\/ru\/koseyazilari\/degerlendirme\/aziz-turk-milleti-adina-ifadesinin-karar-basligi-olarak-kullanimi\/\"},\"author\":{\"name\":\"Av. Deniz Can K\u0131z\u0131l\",\"@id\":\"https:\/\/denizcankizil.tr\/#\/schema\/person\/5dc1b22991bd7ac833867c10afc9b0ff\"},\"headline\":\"Aziz T\u00fcrk Milleti Ad\u0131na\u2019 \u0130fadesinin Karar Ba\u015fl\u0131\u011f\u0131 Olarak Kullan\u0131m\u0131\",\"datePublished\":\"2025-05-11T12:40:01+00:00\",\"mainEntityOfPage\":{\"@id\":\"https:\/\/denizcankizil.tr\/ru\/koseyazilari\/degerlendirme\/aziz-turk-milleti-adina-ifadesinin-karar-basligi-olarak-kullanimi\/\"},\"wordCount\":1731,\"commentCount\":0,\"publisher\":{\"@id\":\"https:\/\/denizcankizil.tr\/#organization\"},\"image\":{\"@id\":\"https:\/\/denizcankizil.tr\/ru\/koseyazilari\/degerlendirme\/aziz-turk-milleti-adina-ifadesinin-karar-basligi-olarak-kullanimi\/#primaryimage\"},\"thumbnailUrl\":\"https:\/\/denizcankizil.tr\/wp-content\/uploads\/2024\/10\/bJieI-253D.jpg\",\"articleSection\":[\"De\u011ferlendirme\"],\"inLanguage\":\"en-GB\",\"potentialAction\":[{\"@type\":\"CommentAction\",\"name\":\"Comment\",\"target\":[\"https:\/\/denizcankizil.tr\/ru\/koseyazilari\/degerlendirme\/aziz-turk-milleti-adina-ifadesinin-karar-basligi-olarak-kullanimi\/#respond\"]}]},{\"@type\":\"WebPage\",\"@id\":\"https:\/\/denizcankizil.tr\/ru\/koseyazilari\/degerlendirme\/aziz-turk-milleti-adina-ifadesinin-karar-basligi-olarak-kullanimi\/\",\"url\":\"https:\/\/denizcankizil.tr\/ru\/koseyazilari\/degerlendirme\/aziz-turk-milleti-adina-ifadesinin-karar-basligi-olarak-kullanimi\/\",\"name\":\"Aziz T\u00fcrk Milleti Ad\u0131na\u2019 \u0130fadesinin Karar Ba\u015fl\u0131\u011f\u0131 Olarak Kullan\u0131m\u0131 - Av. Deniz Can K\u0131z\u0131l\",\"isPartOf\":{\"@id\":\"https:\/\/denizcankizil.tr\/#website\"},\"primaryImageOfPage\":{\"@id\":\"https:\/\/denizcankizil.tr\/ru\/koseyazilari\/degerlendirme\/aziz-turk-milleti-adina-ifadesinin-karar-basligi-olarak-kullanimi\/#primaryimage\"},\"image\":{\"@id\":\"https:\/\/denizcankizil.tr\/ru\/koseyazilari\/degerlendirme\/aziz-turk-milleti-adina-ifadesinin-karar-basligi-olarak-kullanimi\/#primaryimage\"},\"thumbnailUrl\":\"https:\/\/denizcankizil.tr\/wp-content\/uploads\/2024\/10\/bJieI-253D.jpg\",\"datePublished\":\"2025-05-11T12:40:01+00:00\",\"breadcrumb\":{\"@id\":\"https:\/\/denizcankizil.tr\/ru\/koseyazilari\/degerlendirme\/aziz-turk-milleti-adina-ifadesinin-karar-basligi-olarak-kullanimi\/#breadcrumb\"},\"inLanguage\":\"en-GB\",\"potentialAction\":[{\"@type\":\"ReadAction\",\"target\":[\"https:\/\/denizcankizil.tr\/ru\/koseyazilari\/degerlendirme\/aziz-turk-milleti-adina-ifadesinin-karar-basligi-olarak-kullanimi\/\"]}]},{\"@type\":\"ImageObject\",\"inLanguage\":\"en-GB\",\"@id\":\"https:\/\/denizcankizil.tr\/ru\/koseyazilari\/degerlendirme\/aziz-turk-milleti-adina-ifadesinin-karar-basligi-olarak-kullanimi\/#primaryimage\",\"url\":\"https:\/\/denizcankizil.tr\/wp-content\/uploads\/2024\/10\/bJieI-253D.jpg\",\"contentUrl\":\"https:\/\/denizcankizil.tr\/wp-content\/uploads\/2024\/10\/bJieI-253D.jpg\"},{\"@type\":\"BreadcrumbList\",\"@id\":\"https:\/\/denizcankizil.tr\/ru\/koseyazilari\/degerlendirme\/aziz-turk-milleti-adina-ifadesinin-karar-basligi-olarak-kullanimi\/#breadcrumb\",\"itemListElement\":[{\"@type\":\"ListItem\",\"position\":1,\"name\":\"Home\",\"item\":\"https:\/\/denizcankizil.tr\/de\/\"},{\"@type\":\"ListItem\",\"position\":2,\"name\":\"Aziz T\u00fcrk Milleti Ad\u0131na\u2019 \u0130fadesinin Karar Ba\u015fl\u0131\u011f\u0131 Olarak Kullan\u0131m\u0131\"}]},{\"@type\":\"WebSite\",\"@id\":\"https:\/\/denizcankizil.tr\/#website\",\"url\":\"https:\/\/denizcankizil.tr\/\",\"name\":\"Av. Deniz Can K\u0131z\u0131l\",\"description\":\"Avukat Deniz Can K\u0131z\u0131l Antalya Barosu\",\"publisher\":{\"@id\":\"https:\/\/denizcankizil.tr\/#organization\"},\"potentialAction\":[{\"@type\":\"SearchAction\",\"target\":{\"@type\":\"EntryPoint\",\"urlTemplate\":\"https:\/\/denizcankizil.tr\/?s={search_term_string}\"},\"query-input\":{\"@type\":\"PropertyValueSpecification\",\"valueRequired\":true,\"valueName\":\"search_term_string\"}}],\"inLanguage\":\"en-GB\"},{\"@type\":\"Organization\",\"@id\":\"https:\/\/denizcankizil.tr\/#organization\",\"name\":\"Av. Deniz Can K\u0131z\u0131l\",\"url\":\"https:\/\/denizcankizil.tr\/\",\"logo\":{\"@type\":\"ImageObject\",\"inLanguage\":\"en-GB\",\"@id\":\"https:\/\/denizcankizil.tr\/#\/schema\/logo\/image\/\",\"url\":\"https:\/\/denizcankizil.tr\/wp-content\/uploads\/2024\/10\/siyah-logo-svg.svg\",\"contentUrl\":\"https:\/\/denizcankizil.tr\/wp-content\/uploads\/2024\/10\/siyah-logo-svg.svg\",\"width\":1080,\"height\":1080,\"caption\":\"Av. Deniz Can K\u0131z\u0131l\"},\"image\":{\"@id\":\"https:\/\/denizcankizil.tr\/#\/schema\/logo\/image\/\"}},{\"@type\":\"Person\",\"@id\":\"https:\/\/denizcankizil.tr\/#\/schema\/person\/5dc1b22991bd7ac833867c10afc9b0ff\",\"name\":\"Av. Deniz Can K\u0131z\u0131l\",\"image\":{\"@type\":\"ImageObject\",\"inLanguage\":\"en-GB\",\"@id\":\"https:\/\/denizcankizil.tr\/#\/schema\/person\/image\/\",\"url\":\"https:\/\/secure.gravatar.com\/avatar\/a0b128fb9855c79efc976d5640eedb31dc35ec297594d6016d2cf7c60e975bb6?s=96&d=mm&r=g\",\"contentUrl\":\"https:\/\/secure.gravatar.com\/avatar\/a0b128fb9855c79efc976d5640eedb31dc35ec297594d6016d2cf7c60e975bb6?s=96&d=mm&r=g\",\"caption\":\"Av. Deniz Can K\u0131z\u0131l\"},\"sameAs\":[\"http:\/\/www.denizcankizil.tr\"],\"url\":\"https:\/\/denizcankizil.tr\/en\/author\/denizcankizil\/\"}]}<\/script>\n<!-- \/ Yoast SEO Premium plugin. -->","yoast_head_json":{"title":"Aziz T\u00fcrk Milleti Ad\u0131na\u2019 \u0130fadesinin Karar Ba\u015fl\u0131\u011f\u0131 Olarak Kullan\u0131m\u0131 - Av. Deniz Can K\u0131z\u0131l","robots":{"index":"index","follow":"follow","max-snippet":"max-snippet:-1","max-image-preview":"max-image-preview:large","max-video-preview":"max-video-preview:-1"},"canonical":"https:\/\/denizcankizil.tr\/en\/koseyazilari\/degerlendirme\/aziz-turk-milleti-adina-ifadesinin-karar-basligi-olarak-kullanimi\/","og_locale":"en_GB","og_type":"article","og_title":"Aziz T\u00fcrk Milleti Ad\u0131na\u2019 \u0130fadesinin Karar Ba\u015fl\u0131\u011f\u0131 Olarak Kullan\u0131m\u0131","og_description":"\"Aziz T\u00fcrk Milleti Ad\u0131na\" ifadesinin karar ba\u015fl\u0131\u011f\u0131 olarak kullan\u0131m\u0131, T\u00fcrk yarg\u0131 sisteminin temel ilkelerinden biri olan halk iradesine vurgu yapmaktad\u0131r. Bu ifade, mahkeme kararlar\u0131n\u0131n toplumsal me\u015fruiyetini peki\u015ftirirken, adaletin sa\u011flanmas\u0131nda \u00f6nemli bir sembol haline gelmi\u015ftir.","og_url":"https:\/\/denizcankizil.tr\/en\/koseyazilari\/degerlendirme\/aziz-turk-milleti-adina-ifadesinin-karar-basligi-olarak-kullanimi\/","og_site_name":"Av. Deniz Can K\u0131z\u0131l","article_published_time":"2025-05-11T12:40:01+00:00","og_image":[{"url":"https:\/\/denizcankizil.tr\/wp-content\/uploads\/2024\/10\/bJieI-253D.jpg","type":"","width":"","height":""}],"author":"Av. Deniz Can K\u0131z\u0131l","twitter_card":"summary_large_image","twitter_misc":{"Written by":"Av. Deniz Can K\u0131z\u0131l","Estimated reading time":"9 minutes"},"schema":{"@context":"https:\/\/schema.org","@graph":[{"@type":"Article","@id":"https:\/\/denizcankizil.tr\/ru\/koseyazilari\/degerlendirme\/aziz-turk-milleti-adina-ifadesinin-karar-basligi-olarak-kullanimi\/#article","isPartOf":{"@id":"https:\/\/denizcankizil.tr\/ru\/koseyazilari\/degerlendirme\/aziz-turk-milleti-adina-ifadesinin-karar-basligi-olarak-kullanimi\/"},"author":{"name":"Av. Deniz Can K\u0131z\u0131l","@id":"https:\/\/denizcankizil.tr\/#\/schema\/person\/5dc1b22991bd7ac833867c10afc9b0ff"},"headline":"Aziz T\u00fcrk Milleti Ad\u0131na\u2019 \u0130fadesinin Karar Ba\u015fl\u0131\u011f\u0131 Olarak Kullan\u0131m\u0131","datePublished":"2025-05-11T12:40:01+00:00","mainEntityOfPage":{"@id":"https:\/\/denizcankizil.tr\/ru\/koseyazilari\/degerlendirme\/aziz-turk-milleti-adina-ifadesinin-karar-basligi-olarak-kullanimi\/"},"wordCount":1731,"commentCount":0,"publisher":{"@id":"https:\/\/denizcankizil.tr\/#organization"},"image":{"@id":"https:\/\/denizcankizil.tr\/ru\/koseyazilari\/degerlendirme\/aziz-turk-milleti-adina-ifadesinin-karar-basligi-olarak-kullanimi\/#primaryimage"},"thumbnailUrl":"https:\/\/denizcankizil.tr\/wp-content\/uploads\/2024\/10\/bJieI-253D.jpg","articleSection":["De\u011ferlendirme"],"inLanguage":"en-GB","potentialAction":[{"@type":"CommentAction","name":"Comment","target":["https:\/\/denizcankizil.tr\/ru\/koseyazilari\/degerlendirme\/aziz-turk-milleti-adina-ifadesinin-karar-basligi-olarak-kullanimi\/#respond"]}]},{"@type":"WebPage","@id":"https:\/\/denizcankizil.tr\/ru\/koseyazilari\/degerlendirme\/aziz-turk-milleti-adina-ifadesinin-karar-basligi-olarak-kullanimi\/","url":"https:\/\/denizcankizil.tr\/ru\/koseyazilari\/degerlendirme\/aziz-turk-milleti-adina-ifadesinin-karar-basligi-olarak-kullanimi\/","name":"Aziz T\u00fcrk Milleti Ad\u0131na\u2019 \u0130fadesinin Karar Ba\u015fl\u0131\u011f\u0131 Olarak Kullan\u0131m\u0131 - Av. Deniz Can K\u0131z\u0131l","isPartOf":{"@id":"https:\/\/denizcankizil.tr\/#website"},"primaryImageOfPage":{"@id":"https:\/\/denizcankizil.tr\/ru\/koseyazilari\/degerlendirme\/aziz-turk-milleti-adina-ifadesinin-karar-basligi-olarak-kullanimi\/#primaryimage"},"image":{"@id":"https:\/\/denizcankizil.tr\/ru\/koseyazilari\/degerlendirme\/aziz-turk-milleti-adina-ifadesinin-karar-basligi-olarak-kullanimi\/#primaryimage"},"thumbnailUrl":"https:\/\/denizcankizil.tr\/wp-content\/uploads\/2024\/10\/bJieI-253D.jpg","datePublished":"2025-05-11T12:40:01+00:00","breadcrumb":{"@id":"https:\/\/denizcankizil.tr\/ru\/koseyazilari\/degerlendirme\/aziz-turk-milleti-adina-ifadesinin-karar-basligi-olarak-kullanimi\/#breadcrumb"},"inLanguage":"en-GB","potentialAction":[{"@type":"ReadAction","target":["https:\/\/denizcankizil.tr\/ru\/koseyazilari\/degerlendirme\/aziz-turk-milleti-adina-ifadesinin-karar-basligi-olarak-kullanimi\/"]}]},{"@type":"ImageObject","inLanguage":"en-GB","@id":"https:\/\/denizcankizil.tr\/ru\/koseyazilari\/degerlendirme\/aziz-turk-milleti-adina-ifadesinin-karar-basligi-olarak-kullanimi\/#primaryimage","url":"https:\/\/denizcankizil.tr\/wp-content\/uploads\/2024\/10\/bJieI-253D.jpg","contentUrl":"https:\/\/denizcankizil.tr\/wp-content\/uploads\/2024\/10\/bJieI-253D.jpg"},{"@type":"BreadcrumbList","@id":"https:\/\/denizcankizil.tr\/ru\/koseyazilari\/degerlendirme\/aziz-turk-milleti-adina-ifadesinin-karar-basligi-olarak-kullanimi\/#breadcrumb","itemListElement":[{"@type":"ListItem","position":1,"name":"Home","item":"https:\/\/denizcankizil.tr\/de\/"},{"@type":"ListItem","position":2,"name":"Aziz T\u00fcrk Milleti Ad\u0131na\u2019 \u0130fadesinin Karar Ba\u015fl\u0131\u011f\u0131 Olarak Kullan\u0131m\u0131"}]},{"@type":"WebSite","@id":"https:\/\/denizcankizil.tr\/#website","url":"https:\/\/denizcankizil.tr\/","name":"Av. Deniz Can K\u0131z\u0131l","description":"Avukat Deniz Can K\u0131z\u0131l Antalya Barosu","publisher":{"@id":"https:\/\/denizcankizil.tr\/#organization"},"potentialAction":[{"@type":"SearchAction","target":{"@type":"EntryPoint","urlTemplate":"https:\/\/denizcankizil.tr\/?s={search_term_string}"},"query-input":{"@type":"PropertyValueSpecification","valueRequired":true,"valueName":"search_term_string"}}],"inLanguage":"en-GB"},{"@type":"Organization","@id":"https:\/\/denizcankizil.tr\/#organization","name":"Av. Deniz Can K\u0131z\u0131l","url":"https:\/\/denizcankizil.tr\/","logo":{"@type":"ImageObject","inLanguage":"en-GB","@id":"https:\/\/denizcankizil.tr\/#\/schema\/logo\/image\/","url":"https:\/\/denizcankizil.tr\/wp-content\/uploads\/2024\/10\/siyah-logo-svg.svg","contentUrl":"https:\/\/denizcankizil.tr\/wp-content\/uploads\/2024\/10\/siyah-logo-svg.svg","width":1080,"height":1080,"caption":"Av. Deniz Can K\u0131z\u0131l"},"image":{"@id":"https:\/\/denizcankizil.tr\/#\/schema\/logo\/image\/"}},{"@type":"Person","@id":"https:\/\/denizcankizil.tr\/#\/schema\/person\/5dc1b22991bd7ac833867c10afc9b0ff","name":"Av. Deniz Can K\u0131z\u0131l","image":{"@type":"ImageObject","inLanguage":"en-GB","@id":"https:\/\/denizcankizil.tr\/#\/schema\/person\/image\/","url":"https:\/\/secure.gravatar.com\/avatar\/a0b128fb9855c79efc976d5640eedb31dc35ec297594d6016d2cf7c60e975bb6?s=96&d=mm&r=g","contentUrl":"https:\/\/secure.gravatar.com\/avatar\/a0b128fb9855c79efc976d5640eedb31dc35ec297594d6016d2cf7c60e975bb6?s=96&d=mm&r=g","caption":"Av. Deniz Can K\u0131z\u0131l"},"sameAs":["http:\/\/www.denizcankizil.tr"],"url":"https:\/\/denizcankizil.tr\/en\/author\/denizcankizil\/"}]}},"_links":{"self":[{"href":"https:\/\/denizcankizil.tr\/en\/wp-json\/wp\/v2\/posts\/83274","targetHints":{"allow":["GET"]}}],"collection":[{"href":"https:\/\/denizcankizil.tr\/en\/wp-json\/wp\/v2\/posts"}],"about":[{"href":"https:\/\/denizcankizil.tr\/en\/wp-json\/wp\/v2\/types\/post"}],"author":[{"embeddable":true,"href":"https:\/\/denizcankizil.tr\/en\/wp-json\/wp\/v2\/users\/4"}],"replies":[{"embeddable":true,"href":"https:\/\/denizcankizil.tr\/en\/wp-json\/wp\/v2\/comments?post=83274"}],"version-history":[{"count":0,"href":"https:\/\/denizcankizil.tr\/en\/wp-json\/wp\/v2\/posts\/83274\/revisions"}],"wp:attachment":[{"href":"https:\/\/denizcankizil.tr\/en\/wp-json\/wp\/v2\/media?parent=83274"}],"wp:term":[{"taxonomy":"category","embeddable":true,"href":"https:\/\/denizcankizil.tr\/en\/wp-json\/wp\/v2\/categories?post=83274"},{"taxonomy":"post_tag","embeddable":true,"href":"https:\/\/denizcankizil.tr\/en\/wp-json\/wp\/v2\/tags?post=83274"}],"curies":[{"name":"wp","href":"https:\/\/api.w.org\/{rel}","templated":true}]}}