{"id":81129,"date":"2025-05-09T14:41:40","date_gmt":"2025-05-09T11:41:40","guid":{"rendered":"https:\/\/denizcankizil.tr\/uncategorized-tr\/annesiz-misafirlere-anneler-gunu-kutlamasi\/"},"modified":"2025-05-09T14:41:40","modified_gmt":"2025-05-09T11:41:40","slug":"annesiz-misafirlere-anneler-gunu-kutlamasi","status":"publish","type":"post","link":"https:\/\/denizcankizil.tr\/en\/haberler\/antalya\/annesiz-misafirlere-anneler-gunu-kutlamasi\/","title":{"rendered":"Annesiz misafirlere Anneler G\u00fcn\u00fc kutlamas\u0131"},"content":{"rendered":"<p>Antalya B\u00fcy\u00fck\u015fehir Belediyesi Do\u011fal Ya\u015fam Park\u0131&#8217;nda Anneler G\u00fcn\u00fc nedeniyle farkl\u0131 bir etkinli\u011fe imza at\u0131ld\u0131. Antalya&#8217;da \u00e7e\u015fitli liselerde \u00f6\u011frenim g\u00f6ren lise \u00f6\u011frencilerinin de kat\u0131l\u0131m\u0131 ile Do\u011fal Ya\u015fam Park\u0131&#8217;nda yeni do\u011fum yapm\u0131\u015f, annesi olmayan ve annesinin bakmay\u0131 reddetti\u011fi hayvanlarla Anneler G\u00fcn\u00fc kutlamas\u0131 yap\u0131ld\u0131. \u00d6\u011frencilere hayvan ve do\u011fa sevgisinin a\u015f\u0131lanmas\u0131n\u0131n hedeflendi\u011fi etkinlikte, \u00e7ocuklara da hayvanlar hakk\u0131nda bilgilendirme yap\u0131larak temas etmeleri sa\u011fland\u0131. Etkinli\u011fin as\u0131l amac\u0131n\u0131n \u00f6\u011frencilere hayvan sevgisi a\u015f\u0131lamak oldu\u011funu s\u00f6yleyen Antalya B\u00fcy\u00fck\u015fehir Belediyesi Do\u011fal Ya\u015fam Park\u0131 \u015eube M\u00fcd\u00fcr\u00fc Dr. Ayg\u00fcl Arsun, &#8220;Personelimizle ve e\u011fitime gelen lise \u00e7a\u011f\u0131ndaki \u00e7ocuklar\u0131m\u0131zla Anneler G\u00fcn\u00fc etkinli\u011fi i\u00e7in birlikteyiz. Bu etkinli\u011fin esas amac\u0131 \u00e7ocuklar\u0131m\u0131za do\u011fa sevgisi ve hayvan sevgisini a\u015f\u0131lamak&#8221; dedi.<\/p>\n<p>&#8220;G\u00fcnlerce evlerinde bakt\u0131lar&#8221;<br \/>\nDo\u011fa Ya\u015fam Park\u0131&#8217;nda ya\u015fayan hayvanlar\u0131n bazen \u00f6ks\u00fcz kalabildi\u011fini, anne bak\u0131m\u0131na ihtiya\u00e7 duyabildi\u011fini s\u00f6yleyen Arsun, &#8220;Burada ya\u015fayan hayvanlar\u0131n yan\u0131 s\u0131ra, do\u011fadan gelen annesiz kalm\u0131\u015f hayvanlar olabiliyor. B\u00fct\u00fcn bu hayvanlar\u0131n bak\u0131m\u0131, beslemesi, tekrar do\u011faya adaptasyonu personelimiz taraf\u0131ndan yap\u0131l\u0131yor. Anne denince kad\u0131n olarak alg\u0131lamak do\u011fru olmayabilir. Y\u00fcre\u011finde anne sevgisi ta\u015f\u0131yan, duyarl\u0131l\u0131\u011f\u0131 olan personelimiz, anne \u015fefkatiyle, g\u00fcvenle, titizlikle bu yavrular\u0131m\u0131z\u0131 besliyor b\u00fcy\u00fct\u00fcyor. Otogarda yakalanan \u00e7ok k\u00fc\u00e7\u00fck bir sincab\u0131m\u0131z vard\u0131. G\u00fcnlerce arkada\u015flar\u0131m\u0131z evlerine g\u00f6t\u00fcr\u00fcp bakt\u0131lar. \u015eimdi al\u0131\u015ft\u0131 art\u0131k kendi ba\u015f\u0131n\u0131n \u00e7aresine bakabilecek durumda&#8221; ifadelerini kulland\u0131.<\/p>\n<p>&#8220;Anne \u015fefkati ile bak\u0131mlar\u0131 yap\u0131l\u0131yor&#8221;<br \/>\nAnnesinin bak\u0131m\u0131n\u0131 reddetti\u011fi ve annesi bulunmayan hayvanlar\u0131n Ya\u015fam Park\u0131&#8217;ndaki g\u00f6revli veterinerler taraf\u0131ndan anne \u015fefkati ile bak\u0131mlar\u0131n\u0131n yap\u0131ld\u0131\u011f\u0131n\u0131n alt\u0131n\u0131 \u00e7izen Arsun, &#8220;Rakunumuz vard\u0131 annesi bak\u0131m\u0131 reddetti. Bu hayvan\u0131m\u0131z da veteriner hekim arkada\u015f\u0131m\u0131z her g\u00fcn evine g\u00f6t\u00fcr\u00fcp beslemeye al\u0131\u015ft\u0131rd\u0131. Bize emanet edilen gerek do\u011fadan gelen, gerekse korunmam\u0131z alt\u0131nda b\u00fct\u00fcn yabani ve evcil hayvanlar titizlikte bak\u0131l\u0131yor. Fark\u0131ndal\u0131k a\u00e7\u0131s\u0131ndan da e\u011fitimlerde bunlar\u0131n hepsi \u00e7ocuklar\u0131m\u0131za anlat\u0131l\u0131yor. Etkinlikte, b\u00fcy\u00fctt\u00fc\u011f\u00fcm\u00fcz M\u0131s\u0131r y\u0131lan\u0131, at\u0131m\u0131z \u015eeker ve annesi var, rakun var, sincap Alex var, do\u011fadan gelen tilki var&#8221; \u015feklinde konu\u015ftu.<\/p>\n<p>Kaynak: www.kanalv.com.tr Haber Sitesinden Al\u0131nm\u0131\u015ft\u0131r.<\/p>","protected":false},"excerpt":{"rendered":"<p>Antalya B\u00fcy\u00fck\u015fehir Belediyesi Do\u011fal Ya\u015fam Park\u0131&#8217;nda Anneler G\u00fcn\u00fc nedeniyle farkl\u0131 bir etkinli\u011fe imza at\u0131ld\u0131. Antalya&#8217;da \u00e7e\u015fitli liselerde \u00f6\u011frenim g\u00f6ren lise \u00f6\u011frencilerinin de kat\u0131l\u0131m\u0131 ile Do\u011fal Ya\u015fam Park\u0131&#8217;nda yeni do\u011fum yapm\u0131\u015f, annesi olmayan ve annesinin bakmay\u0131 reddetti\u011fi hayvanlarla Anneler G\u00fcn\u00fc kutlamas\u0131 yap\u0131ld\u0131. \u00d6\u011frencilere hayvan ve do\u011fa sevgisinin a\u015f\u0131lanmas\u0131n\u0131n hedeflendi\u011fi etkinlikte, \u00e7ocuklara da hayvanlar hakk\u0131nda bilgilendirme yap\u0131larak temas etmeleri sa\u011fland\u0131. Etkinli\u011fin as\u0131l amac\u0131n\u0131n \u00f6\u011frencilere hayvan sevgisi a\u015f\u0131lamak oldu\u011funu s\u00f6yleyen Antalya B\u00fcy\u00fck\u015fehir Belediyesi Do\u011fal Ya\u015fam Park\u0131 \u015eube M\u00fcd\u00fcr\u00fc Dr. Ayg\u00fcl Arsun, &#8220;Personelimizle ve e\u011fitime gelen lise \u00e7a\u011f\u0131ndaki \u00e7ocuklar\u0131m\u0131zla Anneler G\u00fcn\u00fc etkinli\u011fi i\u00e7in birlikteyiz. Bu etkinli\u011fin esas amac\u0131 \u00e7ocuklar\u0131m\u0131za do\u011fa sevgisi ve hayvan sevgisini a\u015f\u0131lamak&#8221; dedi. &#8220;G\u00fcnlerce evlerinde bakt\u0131lar&#8221; Do\u011fa Ya\u015fam Park\u0131&#8217;nda ya\u015fayan hayvanlar\u0131n bazen \u00f6ks\u00fcz kalabildi\u011fini, anne bak\u0131m\u0131na ihtiya\u00e7 duyabildi\u011fini s\u00f6yleyen Arsun, &#8220;Burada ya\u015fayan hayvanlar\u0131n yan\u0131 s\u0131ra, do\u011fadan gelen annesiz kalm\u0131\u015f hayvanlar olabiliyor. B\u00fct\u00fcn bu hayvanlar\u0131n bak\u0131m\u0131, beslemesi, tekrar do\u011faya adaptasyonu personelimiz taraf\u0131ndan yap\u0131l\u0131yor. Anne denince kad\u0131n olarak alg\u0131lamak do\u011fru olmayabilir. Y\u00fcre\u011finde anne sevgisi ta\u015f\u0131yan, duyarl\u0131l\u0131\u011f\u0131 olan personelimiz, anne \u015fefkatiyle, g\u00fcvenle, titizlikle bu yavrular\u0131m\u0131z\u0131 besliyor b\u00fcy\u00fct\u00fcyor. Otogarda yakalanan \u00e7ok k\u00fc\u00e7\u00fck bir sincab\u0131m\u0131z vard\u0131. G\u00fcnlerce arkada\u015flar\u0131m\u0131z evlerine g\u00f6t\u00fcr\u00fcp bakt\u0131lar. \u015eimdi al\u0131\u015ft\u0131 art\u0131k kendi ba\u015f\u0131n\u0131n \u00e7aresine bakabilecek durumda&#8221; ifadelerini kulland\u0131. &#8220;Anne \u015fefkati ile bak\u0131mlar\u0131 yap\u0131l\u0131yor&#8221; Annesinin bak\u0131m\u0131n\u0131 reddetti\u011fi ve annesi bulunmayan hayvanlar\u0131n Ya\u015fam Park\u0131&#8217;ndaki g\u00f6revli &hellip;<\/p>","protected":false},"author":4,"featured_media":81130,"comment_status":"","ping_status":"open","sticky":false,"template":"","format":"standard","meta":{"_acf_changed":false,"footnotes":""},"categories":[26],"tags":[],"class_list":["post-81129","post","type-post","status-publish","format-standard","has-post-thumbnail","hentry","category-antalya"],"acf":[],"yoast_head":"<!-- This site is optimized with the Yoast SEO Premium plugin v26.6 (Yoast SEO v27.1.1) - https:\/\/yoast.com\/product\/yoast-seo-premium-wordpress\/ -->\n<title>Annesiz misafirlere Anneler G\u00fcn\u00fc kutlamas\u0131 - Av. Deniz Can K\u0131z\u0131l<\/title>\n<meta name=\"robots\" content=\"index, follow, max-snippet:-1, max-image-preview:large, max-video-preview:-1\" \/>\n<link rel=\"canonical\" href=\"https:\/\/denizcankizil.tr\/en\/haberler\/antalya\/annesiz-misafirlere-anneler-gunu-kutlamasi\/\" \/>\n<meta property=\"og:locale\" content=\"en_GB\" \/>\n<meta property=\"og:type\" content=\"article\" \/>\n<meta property=\"og:title\" content=\"Annesiz misafirlere Anneler G\u00fcn\u00fc kutlamas\u0131\" \/>\n<meta property=\"og:description\" content=\"Antalya B\u00fcy\u00fck\u015fehir Belediyesi Do\u011fal Ya\u015fam Park\u0131&#8217;nda Anneler G\u00fcn\u00fc nedeniyle farkl\u0131 bir etkinli\u011fe imza at\u0131ld\u0131. Antalya&#8217;da \u00e7e\u015fitli liselerde \u00f6\u011frenim g\u00f6ren lise \u00f6\u011frencilerinin de kat\u0131l\u0131m\u0131 ile Do\u011fal Ya\u015fam Park\u0131&#8217;nda yeni do\u011fum yapm\u0131\u015f, annesi olmayan ve annesinin bakmay\u0131 reddetti\u011fi hayvanlarla Anneler G\u00fcn\u00fc kutlamas\u0131 yap\u0131ld\u0131. \u00d6\u011frencilere hayvan ve do\u011fa sevgisinin a\u015f\u0131lanmas\u0131n\u0131n hedeflendi\u011fi etkinlikte, \u00e7ocuklara da hayvanlar hakk\u0131nda bilgilendirme yap\u0131larak temas etmeleri sa\u011fland\u0131. Etkinli\u011fin as\u0131l amac\u0131n\u0131n \u00f6\u011frencilere hayvan sevgisi a\u015f\u0131lamak oldu\u011funu s\u00f6yleyen Antalya B\u00fcy\u00fck\u015fehir Belediyesi Do\u011fal Ya\u015fam Park\u0131 \u015eube M\u00fcd\u00fcr\u00fc Dr. Ayg\u00fcl Arsun, &#8220;Personelimizle ve e\u011fitime gelen lise \u00e7a\u011f\u0131ndaki \u00e7ocuklar\u0131m\u0131zla Anneler G\u00fcn\u00fc etkinli\u011fi i\u00e7in birlikteyiz. Bu etkinli\u011fin esas amac\u0131 \u00e7ocuklar\u0131m\u0131za do\u011fa sevgisi ve hayvan sevgisini a\u015f\u0131lamak&#8221; dedi. &#8220;G\u00fcnlerce evlerinde bakt\u0131lar&#8221; Do\u011fa Ya\u015fam Park\u0131&#8217;nda ya\u015fayan hayvanlar\u0131n bazen \u00f6ks\u00fcz kalabildi\u011fini, anne bak\u0131m\u0131na ihtiya\u00e7 duyabildi\u011fini s\u00f6yleyen Arsun, &#8220;Burada ya\u015fayan hayvanlar\u0131n yan\u0131 s\u0131ra, do\u011fadan gelen annesiz kalm\u0131\u015f hayvanlar olabiliyor. B\u00fct\u00fcn bu hayvanlar\u0131n bak\u0131m\u0131, beslemesi, tekrar do\u011faya adaptasyonu personelimiz taraf\u0131ndan yap\u0131l\u0131yor. Anne denince kad\u0131n olarak alg\u0131lamak do\u011fru olmayabilir. Y\u00fcre\u011finde anne sevgisi ta\u015f\u0131yan, duyarl\u0131l\u0131\u011f\u0131 olan personelimiz, anne \u015fefkatiyle, g\u00fcvenle, titizlikle bu yavrular\u0131m\u0131z\u0131 besliyor b\u00fcy\u00fct\u00fcyor. Otogarda yakalanan \u00e7ok k\u00fc\u00e7\u00fck bir sincab\u0131m\u0131z vard\u0131. G\u00fcnlerce arkada\u015flar\u0131m\u0131z evlerine g\u00f6t\u00fcr\u00fcp bakt\u0131lar. \u015eimdi al\u0131\u015ft\u0131 art\u0131k kendi ba\u015f\u0131n\u0131n \u00e7aresine bakabilecek durumda&#8221; ifadelerini kulland\u0131. &#8220;Anne \u015fefkati ile bak\u0131mlar\u0131 yap\u0131l\u0131yor&#8221; Annesinin bak\u0131m\u0131n\u0131 reddetti\u011fi ve annesi bulunmayan hayvanlar\u0131n Ya\u015fam Park\u0131&#8217;ndaki g\u00f6revli &hellip;\" \/>\n<meta property=\"og:url\" content=\"https:\/\/denizcankizil.tr\/en\/haberler\/antalya\/annesiz-misafirlere-anneler-gunu-kutlamasi\/\" \/>\n<meta property=\"og:site_name\" content=\"Av. Deniz Can K\u0131z\u0131l\" \/>\n<meta property=\"article:published_time\" content=\"2025-05-09T11:41:40+00:00\" \/>\n<meta property=\"og:image\" content=\"https:\/\/denizcankizil.tr\/wp-content\/uploads\/2025\/05\/6258-01-QYflV5.jpg\" \/>\n\t<meta property=\"og:image:width\" content=\"1280\" \/>\n\t<meta property=\"og:image:height\" content=\"720\" \/>\n\t<meta property=\"og:image:type\" content=\"image\/jpeg\" \/>\n<meta name=\"author\" content=\"Av. Deniz Can K\u0131z\u0131l\" \/>\n<meta name=\"twitter:card\" content=\"summary_large_image\" \/>\n<meta name=\"twitter:label1\" content=\"Written by\" \/>\n\t<meta name=\"twitter:data1\" content=\"Av. Deniz Can K\u0131z\u0131l\" \/>\n\t<meta name=\"twitter:label2\" content=\"Estimated reading time\" \/>\n\t<meta name=\"twitter:data2\" content=\"2 minutes\" \/>\n<script type=\"application\/ld+json\" class=\"yoast-schema-graph\">{\"@context\":\"https:\/\/schema.org\",\"@graph\":[{\"@type\":\"Article\",\"@id\":\"https:\/\/denizcankizil.tr\/ru\/haberler\/antalya\/annesiz-misafirlere-anneler-gunu-kutlamasi\/#article\",\"isPartOf\":{\"@id\":\"https:\/\/denizcankizil.tr\/ru\/haberler\/antalya\/annesiz-misafirlere-anneler-gunu-kutlamasi\/\"},\"author\":{\"name\":\"Av. Deniz Can K\u0131z\u0131l\",\"@id\":\"https:\/\/denizcankizil.tr\/de\/#\/schema\/person\/5dc1b22991bd7ac833867c10afc9b0ff\"},\"headline\":\"Annesiz misafirlere Anneler G\u00fcn\u00fc kutlamas\u0131\",\"datePublished\":\"2025-05-09T11:41:40+00:00\",\"mainEntityOfPage\":{\"@id\":\"https:\/\/denizcankizil.tr\/ru\/haberler\/antalya\/annesiz-misafirlere-anneler-gunu-kutlamasi\/\"},\"wordCount\":454,\"publisher\":{\"@id\":\"https:\/\/denizcankizil.tr\/de\/#organization\"},\"image\":{\"@id\":\"https:\/\/denizcankizil.tr\/ru\/haberler\/antalya\/annesiz-misafirlere-anneler-gunu-kutlamasi\/#primaryimage\"},\"thumbnailUrl\":\"https:\/\/denizcankizil.tr\/wp-content\/uploads\/2025\/05\/6258-01-QYflV5.jpg\",\"articleSection\":[\"Antalya\"],\"inLanguage\":\"en-GB\"},{\"@type\":\"WebPage\",\"@id\":\"https:\/\/denizcankizil.tr\/ru\/haberler\/antalya\/annesiz-misafirlere-anneler-gunu-kutlamasi\/\",\"url\":\"https:\/\/denizcankizil.tr\/ru\/haberler\/antalya\/annesiz-misafirlere-anneler-gunu-kutlamasi\/\",\"name\":\"Annesiz misafirlere Anneler G\u00fcn\u00fc kutlamas\u0131 - Av. Deniz Can K\u0131z\u0131l\",\"isPartOf\":{\"@id\":\"https:\/\/denizcankizil.tr\/de\/#website\"},\"primaryImageOfPage\":{\"@id\":\"https:\/\/denizcankizil.tr\/ru\/haberler\/antalya\/annesiz-misafirlere-anneler-gunu-kutlamasi\/#primaryimage\"},\"image\":{\"@id\":\"https:\/\/denizcankizil.tr\/ru\/haberler\/antalya\/annesiz-misafirlere-anneler-gunu-kutlamasi\/#primaryimage\"},\"thumbnailUrl\":\"https:\/\/denizcankizil.tr\/wp-content\/uploads\/2025\/05\/6258-01-QYflV5.jpg\",\"datePublished\":\"2025-05-09T11:41:40+00:00\",\"breadcrumb\":{\"@id\":\"https:\/\/denizcankizil.tr\/ru\/haberler\/antalya\/annesiz-misafirlere-anneler-gunu-kutlamasi\/#breadcrumb\"},\"inLanguage\":\"en-GB\",\"potentialAction\":[{\"@type\":\"ReadAction\",\"target\":[\"https:\/\/denizcankizil.tr\/ru\/haberler\/antalya\/annesiz-misafirlere-anneler-gunu-kutlamasi\/\"]}]},{\"@type\":\"ImageObject\",\"inLanguage\":\"en-GB\",\"@id\":\"https:\/\/denizcankizil.tr\/ru\/haberler\/antalya\/annesiz-misafirlere-anneler-gunu-kutlamasi\/#primaryimage\",\"url\":\"https:\/\/denizcankizil.tr\/wp-content\/uploads\/2025\/05\/6258-01-QYflV5.jpg\",\"contentUrl\":\"https:\/\/denizcankizil.tr\/wp-content\/uploads\/2025\/05\/6258-01-QYflV5.jpg\",\"width\":1280,\"height\":720},{\"@type\":\"BreadcrumbList\",\"@id\":\"https:\/\/denizcankizil.tr\/ru\/haberler\/antalya\/annesiz-misafirlere-anneler-gunu-kutlamasi\/#breadcrumb\",\"itemListElement\":[{\"@type\":\"ListItem\",\"position\":1,\"name\":\"Home\",\"item\":\"https:\/\/denizcankizil.tr\/de\/\"},{\"@type\":\"ListItem\",\"position\":2,\"name\":\"Annesiz misafirlere Anneler G\u00fcn\u00fc kutlamas\u0131\"}]},{\"@type\":\"WebSite\",\"@id\":\"https:\/\/denizcankizil.tr\/de\/#website\",\"url\":\"https:\/\/denizcankizil.tr\/de\/\",\"name\":\"Av. Deniz Can K\u0131z\u0131l\",\"description\":\"Avukat Deniz Can K\u0131z\u0131l Antalya Barosu\",\"publisher\":{\"@id\":\"https:\/\/denizcankizil.tr\/de\/#organization\"},\"potentialAction\":[{\"@type\":\"SearchAction\",\"target\":{\"@type\":\"EntryPoint\",\"urlTemplate\":\"https:\/\/denizcankizil.tr\/de\/?s={search_term_string}\"},\"query-input\":{\"@type\":\"PropertyValueSpecification\",\"valueRequired\":true,\"valueName\":\"search_term_string\"}}],\"inLanguage\":\"en-GB\"},{\"@type\":\"Organization\",\"@id\":\"https:\/\/denizcankizil.tr\/de\/#organization\",\"name\":\"Av. Deniz Can K\u0131z\u0131l\",\"url\":\"https:\/\/denizcankizil.tr\/de\/\",\"logo\":{\"@type\":\"ImageObject\",\"inLanguage\":\"en-GB\",\"@id\":\"https:\/\/denizcankizil.tr\/de\/#\/schema\/logo\/image\/\",\"url\":\"https:\/\/denizcankizil.tr\/wp-content\/uploads\/2024\/10\/siyah-logo-svg.svg\",\"contentUrl\":\"https:\/\/denizcankizil.tr\/wp-content\/uploads\/2024\/10\/siyah-logo-svg.svg\",\"width\":1080,\"height\":1080,\"caption\":\"Av. Deniz Can K\u0131z\u0131l\"},\"image\":{\"@id\":\"https:\/\/denizcankizil.tr\/de\/#\/schema\/logo\/image\/\"}},{\"@type\":\"Person\",\"@id\":\"https:\/\/denizcankizil.tr\/de\/#\/schema\/person\/5dc1b22991bd7ac833867c10afc9b0ff\",\"name\":\"Av. Deniz Can K\u0131z\u0131l\",\"image\":{\"@type\":\"ImageObject\",\"inLanguage\":\"en-GB\",\"@id\":\"https:\/\/denizcankizil.tr\/de\/#\/schema\/person\/image\/\",\"url\":\"https:\/\/secure.gravatar.com\/avatar\/a0b128fb9855c79efc976d5640eedb31dc35ec297594d6016d2cf7c60e975bb6?s=96&d=mm&r=g\",\"contentUrl\":\"https:\/\/secure.gravatar.com\/avatar\/a0b128fb9855c79efc976d5640eedb31dc35ec297594d6016d2cf7c60e975bb6?s=96&d=mm&r=g\",\"caption\":\"Av. Deniz Can K\u0131z\u0131l\"},\"sameAs\":[\"http:\/\/www.denizcankizil.tr\"],\"url\":\"https:\/\/denizcankizil.tr\/en\/author\/denizcankizil\/\"}]}<\/script>\n<!-- \/ Yoast SEO Premium plugin. -->","yoast_head_json":{"title":"Annesiz misafirlere Anneler G\u00fcn\u00fc kutlamas\u0131 - Av. Deniz Can K\u0131z\u0131l","robots":{"index":"index","follow":"follow","max-snippet":"max-snippet:-1","max-image-preview":"max-image-preview:large","max-video-preview":"max-video-preview:-1"},"canonical":"https:\/\/denizcankizil.tr\/en\/haberler\/antalya\/annesiz-misafirlere-anneler-gunu-kutlamasi\/","og_locale":"en_GB","og_type":"article","og_title":"Annesiz misafirlere Anneler G\u00fcn\u00fc kutlamas\u0131","og_description":"Antalya B\u00fcy\u00fck\u015fehir Belediyesi Do\u011fal Ya\u015fam Park\u0131&#8217;nda Anneler G\u00fcn\u00fc nedeniyle farkl\u0131 bir etkinli\u011fe imza at\u0131ld\u0131. Antalya&#8217;da \u00e7e\u015fitli liselerde \u00f6\u011frenim g\u00f6ren lise \u00f6\u011frencilerinin de kat\u0131l\u0131m\u0131 ile Do\u011fal Ya\u015fam Park\u0131&#8217;nda yeni do\u011fum yapm\u0131\u015f, annesi olmayan ve annesinin bakmay\u0131 reddetti\u011fi hayvanlarla Anneler G\u00fcn\u00fc kutlamas\u0131 yap\u0131ld\u0131. \u00d6\u011frencilere hayvan ve do\u011fa sevgisinin a\u015f\u0131lanmas\u0131n\u0131n hedeflendi\u011fi etkinlikte, \u00e7ocuklara da hayvanlar hakk\u0131nda bilgilendirme yap\u0131larak temas etmeleri sa\u011fland\u0131. Etkinli\u011fin as\u0131l amac\u0131n\u0131n \u00f6\u011frencilere hayvan sevgisi a\u015f\u0131lamak oldu\u011funu s\u00f6yleyen Antalya B\u00fcy\u00fck\u015fehir Belediyesi Do\u011fal Ya\u015fam Park\u0131 \u015eube M\u00fcd\u00fcr\u00fc Dr. Ayg\u00fcl Arsun, &#8220;Personelimizle ve e\u011fitime gelen lise \u00e7a\u011f\u0131ndaki \u00e7ocuklar\u0131m\u0131zla Anneler G\u00fcn\u00fc etkinli\u011fi i\u00e7in birlikteyiz. Bu etkinli\u011fin esas amac\u0131 \u00e7ocuklar\u0131m\u0131za do\u011fa sevgisi ve hayvan sevgisini a\u015f\u0131lamak&#8221; dedi. &#8220;G\u00fcnlerce evlerinde bakt\u0131lar&#8221; Do\u011fa Ya\u015fam Park\u0131&#8217;nda ya\u015fayan hayvanlar\u0131n bazen \u00f6ks\u00fcz kalabildi\u011fini, anne bak\u0131m\u0131na ihtiya\u00e7 duyabildi\u011fini s\u00f6yleyen Arsun, &#8220;Burada ya\u015fayan hayvanlar\u0131n yan\u0131 s\u0131ra, do\u011fadan gelen annesiz kalm\u0131\u015f hayvanlar olabiliyor. B\u00fct\u00fcn bu hayvanlar\u0131n bak\u0131m\u0131, beslemesi, tekrar do\u011faya adaptasyonu personelimiz taraf\u0131ndan yap\u0131l\u0131yor. Anne denince kad\u0131n olarak alg\u0131lamak do\u011fru olmayabilir. Y\u00fcre\u011finde anne sevgisi ta\u015f\u0131yan, duyarl\u0131l\u0131\u011f\u0131 olan personelimiz, anne \u015fefkatiyle, g\u00fcvenle, titizlikle bu yavrular\u0131m\u0131z\u0131 besliyor b\u00fcy\u00fct\u00fcyor. Otogarda yakalanan \u00e7ok k\u00fc\u00e7\u00fck bir sincab\u0131m\u0131z vard\u0131. G\u00fcnlerce arkada\u015flar\u0131m\u0131z evlerine g\u00f6t\u00fcr\u00fcp bakt\u0131lar. \u015eimdi al\u0131\u015ft\u0131 art\u0131k kendi ba\u015f\u0131n\u0131n \u00e7aresine bakabilecek durumda&#8221; ifadelerini kulland\u0131. &#8220;Anne \u015fefkati ile bak\u0131mlar\u0131 yap\u0131l\u0131yor&#8221; Annesinin bak\u0131m\u0131n\u0131 reddetti\u011fi ve annesi bulunmayan hayvanlar\u0131n Ya\u015fam Park\u0131&#8217;ndaki g\u00f6revli &hellip;","og_url":"https:\/\/denizcankizil.tr\/en\/haberler\/antalya\/annesiz-misafirlere-anneler-gunu-kutlamasi\/","og_site_name":"Av. Deniz Can K\u0131z\u0131l","article_published_time":"2025-05-09T11:41:40+00:00","og_image":[{"width":1280,"height":720,"url":"https:\/\/denizcankizil.tr\/wp-content\/uploads\/2025\/05\/6258-01-QYflV5.jpg","type":"image\/jpeg"}],"author":"Av. Deniz Can K\u0131z\u0131l","twitter_card":"summary_large_image","twitter_misc":{"Written by":"Av. Deniz Can K\u0131z\u0131l","Estimated reading time":"2 minutes"},"schema":{"@context":"https:\/\/schema.org","@graph":[{"@type":"Article","@id":"https:\/\/denizcankizil.tr\/ru\/haberler\/antalya\/annesiz-misafirlere-anneler-gunu-kutlamasi\/#article","isPartOf":{"@id":"https:\/\/denizcankizil.tr\/ru\/haberler\/antalya\/annesiz-misafirlere-anneler-gunu-kutlamasi\/"},"author":{"name":"Av. Deniz Can K\u0131z\u0131l","@id":"https:\/\/denizcankizil.tr\/de\/#\/schema\/person\/5dc1b22991bd7ac833867c10afc9b0ff"},"headline":"Annesiz misafirlere Anneler G\u00fcn\u00fc kutlamas\u0131","datePublished":"2025-05-09T11:41:40+00:00","mainEntityOfPage":{"@id":"https:\/\/denizcankizil.tr\/ru\/haberler\/antalya\/annesiz-misafirlere-anneler-gunu-kutlamasi\/"},"wordCount":454,"publisher":{"@id":"https:\/\/denizcankizil.tr\/de\/#organization"},"image":{"@id":"https:\/\/denizcankizil.tr\/ru\/haberler\/antalya\/annesiz-misafirlere-anneler-gunu-kutlamasi\/#primaryimage"},"thumbnailUrl":"https:\/\/denizcankizil.tr\/wp-content\/uploads\/2025\/05\/6258-01-QYflV5.jpg","articleSection":["Antalya"],"inLanguage":"en-GB"},{"@type":"WebPage","@id":"https:\/\/denizcankizil.tr\/ru\/haberler\/antalya\/annesiz-misafirlere-anneler-gunu-kutlamasi\/","url":"https:\/\/denizcankizil.tr\/ru\/haberler\/antalya\/annesiz-misafirlere-anneler-gunu-kutlamasi\/","name":"Annesiz misafirlere Anneler G\u00fcn\u00fc kutlamas\u0131 - Av. Deniz Can K\u0131z\u0131l","isPartOf":{"@id":"https:\/\/denizcankizil.tr\/de\/#website"},"primaryImageOfPage":{"@id":"https:\/\/denizcankizil.tr\/ru\/haberler\/antalya\/annesiz-misafirlere-anneler-gunu-kutlamasi\/#primaryimage"},"image":{"@id":"https:\/\/denizcankizil.tr\/ru\/haberler\/antalya\/annesiz-misafirlere-anneler-gunu-kutlamasi\/#primaryimage"},"thumbnailUrl":"https:\/\/denizcankizil.tr\/wp-content\/uploads\/2025\/05\/6258-01-QYflV5.jpg","datePublished":"2025-05-09T11:41:40+00:00","breadcrumb":{"@id":"https:\/\/denizcankizil.tr\/ru\/haberler\/antalya\/annesiz-misafirlere-anneler-gunu-kutlamasi\/#breadcrumb"},"inLanguage":"en-GB","potentialAction":[{"@type":"ReadAction","target":["https:\/\/denizcankizil.tr\/ru\/haberler\/antalya\/annesiz-misafirlere-anneler-gunu-kutlamasi\/"]}]},{"@type":"ImageObject","inLanguage":"en-GB","@id":"https:\/\/denizcankizil.tr\/ru\/haberler\/antalya\/annesiz-misafirlere-anneler-gunu-kutlamasi\/#primaryimage","url":"https:\/\/denizcankizil.tr\/wp-content\/uploads\/2025\/05\/6258-01-QYflV5.jpg","contentUrl":"https:\/\/denizcankizil.tr\/wp-content\/uploads\/2025\/05\/6258-01-QYflV5.jpg","width":1280,"height":720},{"@type":"BreadcrumbList","@id":"https:\/\/denizcankizil.tr\/ru\/haberler\/antalya\/annesiz-misafirlere-anneler-gunu-kutlamasi\/#breadcrumb","itemListElement":[{"@type":"ListItem","position":1,"name":"Home","item":"https:\/\/denizcankizil.tr\/de\/"},{"@type":"ListItem","position":2,"name":"Annesiz misafirlere Anneler G\u00fcn\u00fc kutlamas\u0131"}]},{"@type":"WebSite","@id":"https:\/\/denizcankizil.tr\/de\/#website","url":"https:\/\/denizcankizil.tr\/de\/","name":"Av. Deniz Can K\u0131z\u0131l","description":"Avukat Deniz Can K\u0131z\u0131l Antalya Barosu","publisher":{"@id":"https:\/\/denizcankizil.tr\/de\/#organization"},"potentialAction":[{"@type":"SearchAction","target":{"@type":"EntryPoint","urlTemplate":"https:\/\/denizcankizil.tr\/de\/?s={search_term_string}"},"query-input":{"@type":"PropertyValueSpecification","valueRequired":true,"valueName":"search_term_string"}}],"inLanguage":"en-GB"},{"@type":"Organization","@id":"https:\/\/denizcankizil.tr\/de\/#organization","name":"Av. Deniz Can K\u0131z\u0131l","url":"https:\/\/denizcankizil.tr\/de\/","logo":{"@type":"ImageObject","inLanguage":"en-GB","@id":"https:\/\/denizcankizil.tr\/de\/#\/schema\/logo\/image\/","url":"https:\/\/denizcankizil.tr\/wp-content\/uploads\/2024\/10\/siyah-logo-svg.svg","contentUrl":"https:\/\/denizcankizil.tr\/wp-content\/uploads\/2024\/10\/siyah-logo-svg.svg","width":1080,"height":1080,"caption":"Av. Deniz Can K\u0131z\u0131l"},"image":{"@id":"https:\/\/denizcankizil.tr\/de\/#\/schema\/logo\/image\/"}},{"@type":"Person","@id":"https:\/\/denizcankizil.tr\/de\/#\/schema\/person\/5dc1b22991bd7ac833867c10afc9b0ff","name":"Av. Deniz Can K\u0131z\u0131l","image":{"@type":"ImageObject","inLanguage":"en-GB","@id":"https:\/\/denizcankizil.tr\/de\/#\/schema\/person\/image\/","url":"https:\/\/secure.gravatar.com\/avatar\/a0b128fb9855c79efc976d5640eedb31dc35ec297594d6016d2cf7c60e975bb6?s=96&d=mm&r=g","contentUrl":"https:\/\/secure.gravatar.com\/avatar\/a0b128fb9855c79efc976d5640eedb31dc35ec297594d6016d2cf7c60e975bb6?s=96&d=mm&r=g","caption":"Av. Deniz Can K\u0131z\u0131l"},"sameAs":["http:\/\/www.denizcankizil.tr"],"url":"https:\/\/denizcankizil.tr\/en\/author\/denizcankizil\/"}]}},"_links":{"self":[{"href":"https:\/\/denizcankizil.tr\/en\/wp-json\/wp\/v2\/posts\/81129","targetHints":{"allow":["GET"]}}],"collection":[{"href":"https:\/\/denizcankizil.tr\/en\/wp-json\/wp\/v2\/posts"}],"about":[{"href":"https:\/\/denizcankizil.tr\/en\/wp-json\/wp\/v2\/types\/post"}],"author":[{"embeddable":true,"href":"https:\/\/denizcankizil.tr\/en\/wp-json\/wp\/v2\/users\/4"}],"replies":[{"embeddable":true,"href":"https:\/\/denizcankizil.tr\/en\/wp-json\/wp\/v2\/comments?post=81129"}],"version-history":[{"count":0,"href":"https:\/\/denizcankizil.tr\/en\/wp-json\/wp\/v2\/posts\/81129\/revisions"}],"wp:featuredmedia":[{"embeddable":true,"href":"https:\/\/denizcankizil.tr\/en\/wp-json\/wp\/v2\/media\/81130"}],"wp:attachment":[{"href":"https:\/\/denizcankizil.tr\/en\/wp-json\/wp\/v2\/media?parent=81129"}],"wp:term":[{"taxonomy":"category","embeddable":true,"href":"https:\/\/denizcankizil.tr\/en\/wp-json\/wp\/v2\/categories?post=81129"},{"taxonomy":"post_tag","embeddable":true,"href":"https:\/\/denizcankizil.tr\/en\/wp-json\/wp\/v2\/tags?post=81129"}],"curies":[{"name":"wp","href":"https:\/\/api.w.org\/{rel}","templated":true}]}}