{"id":80917,"date":"2025-05-09T09:43:10","date_gmt":"2025-05-09T06:43:10","guid":{"rendered":"https:\/\/denizcankizil.tr\/uncategorized-tr\/yurtta-bugun-parcali-ve-bulutlu-hava-hakim\/"},"modified":"2025-05-09T09:43:10","modified_gmt":"2025-05-09T06:43:10","slug":"yurtta-bugun-parcali-ve-bulutlu-hava-hakim","status":"publish","type":"post","link":"https:\/\/denizcankizil.tr\/en\/haberler\/gundem\/yurtta-bugun-parcali-ve-bulutlu-hava-hakim\/","title":{"rendered":"Yurtta bug\u00fcn par\u00e7al\u0131 ve bulutlu hava h\u00e2kim!"},"content":{"rendered":"<p>Meteoroloji&#8217;nin tahminlerine g\u00f6re, T\u00fcrkiye genelinde par\u00e7al\u0131 ve \u00e7ok bulutlu hava, baz\u0131 b\u00f6lgelerde yerel sa\u011fanak ve g\u00f6k g\u00fcr\u00fclt\u00fcl\u00fc ya\u011f\u0131\u015f bekleniyor. Hava s\u0131cakl\u0131klar\u0131 mevsim normallerinin \u00fcst\u00fcnde, r\u00fczgar g\u00fcneyden hafif, ya\u011f\u0131\u015f an\u0131nda kuvvetli olabilir.ANKARA (\u0130GFA) &#8211; Meteoroloji Genel M\u00fcd\u00fcrl\u00fc\u011f\u00fc, 9 May\u0131s Cuma g\u00fcn\u00fcne ili\u015fkin hava tahmin raporunu yay\u0131mlad\u0131.<\/p>\n<p>Buna g\u00f6re T\u00fcrkiye genelinin par\u00e7al\u0131, yer yer \u00e7ok bulutlu, Marmara&#8217;n\u0131n g\u00fcneydo\u011fu, Trakya&#8217;n\u0131n bat\u0131 kesimleri, Ege&#8217;nin do\u011fusu, Bat\u0131 Akdeniz\u2019in i\u00e7 kesimleri, Do\u011fu Akdeniz&#8217;in Toroslar kesimi, \u0130\u00e7 Anadolu&#8217;nun kuzeybat\u0131s\u0131, Bat\u0131 Karadeniz&#8217;in i\u00e7 kesimleri, Orta Karadeniz k\u0131y\u0131lar\u0131 ve Do\u011fu Anadolu&#8217;nun do\u011fusu ile G\u00fcm\u00fc\u015fhane ve Kayseri \u00e7evrelerinin yerel sa\u011fanak ve g\u00f6k g\u00fcr\u00fclt\u00fcl\u00fc sa\u011fanak ya\u011f\u0131\u015fl\u0131 ge\u00e7ece\u011fi tahmin ediliyor.<\/p>\n<p>Hava s\u0131cakl\u0131\u011f\u0131n\u0131n, yurt genelinde mevsim normallerinin \u00fczerinde seyretmeye devam edece\u011fi tahmin edilirken, r\u00fczgar\u0131n ise genellikle g\u00fcney y\u00f6nlerden hafif, ara s\u0131ra orta kuvvette, ya\u011f\u0131\u015f alan yerlerde ya\u011f\u0131\u015f an\u0131nda yer yer kuvvetli esmesi bekleniyor.<\/p>\n<p>\u200bMeteoroloji&#8217;nin tahminlerine g\u00f6re, T\u00fcrkiye genelinde par\u00e7al\u0131 ve \u00e7ok bulutlu hava, baz\u0131 b\u00f6lgelerde yerel sa\u011fanak ve g\u00f6k g\u00fcr\u00fclt\u00fcl\u00fc ya\u011f\u0131\u015f bekleniyor. Hava s\u0131cakl\u0131klar\u0131 mevsim normallerinin \u00fcst\u00fcnde, r\u00fczgar g\u00fcneyden hafif, ya\u011f\u0131\u015f an\u0131nda kuvvetli olabilir.ANKARA (\u0130GFA) &#8211; Meteoroloji Genel M\u00fcd\u00fcrl\u00fc\u011f\u00fc, 9 May\u0131s Cuma g\u00fcn\u00fcne ili\u015fkin hava tahmin raporunu yay\u0131mlad\u0131.<\/p>\n<p>Buna g\u00f6re T\u00fcrkiye genelinin par\u00e7al\u0131, yer yer \u00e7ok bulutlu, Marmara&#8217;n\u0131n g\u00fcneydo\u011fu, Trakya&#8217;n\u0131n bat\u0131 kesimleri, Ege&#8217;nin do\u011fusu, Bat\u0131 Akdeniz\u2019in i\u00e7 kesimleri, Do\u011fu Akdeniz&#8217;in Toroslar kesimi, \u0130\u00e7 Anadolu&#8217;nun kuzeybat\u0131s\u0131, Bat\u0131 Karadeniz&#8217;in i\u00e7 kesimleri, Orta Karadeniz k\u0131y\u0131lar\u0131 ve Do\u011fu Anadolu&#8217;nun do\u011fusu ile G\u00fcm\u00fc\u015fhane ve Kayseri \u00e7evrelerinin yerel sa\u011fanak ve g\u00f6k g\u00fcr\u00fclt\u00fcl\u00fc sa\u011fanak ya\u011f\u0131\u015fl\u0131 ge\u00e7ece\u011fi tahmin ediliyor.<\/p>\n<p>Hava s\u0131cakl\u0131\u011f\u0131n\u0131n, yurt genelinde mevsim normallerinin \u00fczerinde seyretmeye devam edece\u011fi tahmin edilirken, r\u00fczgar\u0131n ise genellikle g\u00fcney y\u00f6nlerden hafif, ara s\u0131ra orta kuvvette, ya\u011f\u0131\u015f alan yerlerde ya\u011f\u0131\u015f an\u0131nda yer yer kuvvetli esmesi bekleniyor.\u00a0<\/p>\n<p>\u200bHaberin Al\u0131nt\u0131land\u0131\u011f\u0131 Kaynak: www.iskenderun.org<\/p>","protected":false},"excerpt":{"rendered":"<p>Meteoroloji&#8217;nin tahminlerine g\u00f6re, T\u00fcrkiye genelinde par\u00e7al\u0131 ve \u00e7ok bulutlu hava, baz\u0131 b\u00f6lgelerde yerel sa\u011fanak ve g\u00f6k g\u00fcr\u00fclt\u00fcl\u00fc ya\u011f\u0131\u015f bekleniyor. Hava s\u0131cakl\u0131klar\u0131 mevsim normallerinin \u00fcst\u00fcnde, r\u00fczgar g\u00fcneyden hafif, ya\u011f\u0131\u015f an\u0131nda kuvvetli olabilir.ANKARA (\u0130GFA) &#8211; Meteoroloji Genel M\u00fcd\u00fcrl\u00fc\u011f\u00fc, 9 May\u0131s Cuma g\u00fcn\u00fcne ili\u015fkin hava tahmin raporunu yay\u0131mlad\u0131. Buna g\u00f6re T\u00fcrkiye genelinin par\u00e7al\u0131, yer yer \u00e7ok bulutlu, Marmara&#8217;n\u0131n g\u00fcneydo\u011fu, Trakya&#8217;n\u0131n bat\u0131 kesimleri, Ege&#8217;nin do\u011fusu, Bat\u0131 Akdeniz\u2019in i\u00e7 kesimleri, Do\u011fu Akdeniz&#8217;in Toroslar kesimi, \u0130\u00e7 Anadolu&#8217;nun kuzeybat\u0131s\u0131, Bat\u0131 Karadeniz&#8217;in i\u00e7 kesimleri, Orta Karadeniz k\u0131y\u0131lar\u0131 ve Do\u011fu Anadolu&#8217;nun do\u011fusu ile G\u00fcm\u00fc\u015fhane ve Kayseri \u00e7evrelerinin yerel sa\u011fanak ve g\u00f6k g\u00fcr\u00fclt\u00fcl\u00fc sa\u011fanak ya\u011f\u0131\u015fl\u0131 ge\u00e7ece\u011fi tahmin ediliyor. Hava s\u0131cakl\u0131\u011f\u0131n\u0131n, yurt genelinde mevsim normallerinin \u00fczerinde seyretmeye devam edece\u011fi tahmin edilirken, r\u00fczgar\u0131n ise genellikle g\u00fcney y\u00f6nlerden hafif, ara s\u0131ra orta kuvvette, ya\u011f\u0131\u015f alan yerlerde ya\u011f\u0131\u015f an\u0131nda yer yer kuvvetli esmesi bekleniyor. \u200bMeteoroloji&#8217;nin tahminlerine g\u00f6re, T\u00fcrkiye genelinde par\u00e7al\u0131 ve \u00e7ok bulutlu hava, baz\u0131 b\u00f6lgelerde yerel sa\u011fanak ve g\u00f6k g\u00fcr\u00fclt\u00fcl\u00fc ya\u011f\u0131\u015f bekleniyor. Hava s\u0131cakl\u0131klar\u0131 mevsim normallerinin \u00fcst\u00fcnde, r\u00fczgar g\u00fcneyden hafif, ya\u011f\u0131\u015f an\u0131nda kuvvetli olabilir.ANKARA (\u0130GFA) &#8211; Meteoroloji Genel M\u00fcd\u00fcrl\u00fc\u011f\u00fc, 9 May\u0131s Cuma g\u00fcn\u00fcne ili\u015fkin hava tahmin raporunu yay\u0131mlad\u0131. Buna g\u00f6re T\u00fcrkiye genelinin par\u00e7al\u0131, yer yer \u00e7ok bulutlu, Marmara&#8217;n\u0131n g\u00fcneydo\u011fu, Trakya&#8217;n\u0131n bat\u0131 kesimleri, Ege&#8217;nin do\u011fusu, Bat\u0131 Akdeniz\u2019in i\u00e7 kesimleri, Do\u011fu Akdeniz&#8217;in Toroslar kesimi, \u0130\u00e7 &hellip;<\/p>","protected":false},"author":1,"featured_media":0,"comment_status":"","ping_status":"open","sticky":false,"template":"","format":"standard","meta":{"_acf_changed":false,"footnotes":""},"categories":[24],"tags":[],"class_list":["post-80917","post","type-post","status-publish","format-standard","has-post-thumbnail","hentry","category-gundem"],"acf":[],"yoast_head":"<!-- This site is optimized with the Yoast SEO Premium plugin v26.6 (Yoast SEO v27.1.1) - https:\/\/yoast.com\/product\/yoast-seo-premium-wordpress\/ -->\n<title>Yurtta bug\u00fcn par\u00e7al\u0131 ve bulutlu hava h\u00e2kim! - Av. Deniz Can K\u0131z\u0131l<\/title>\n<meta name=\"robots\" content=\"index, follow, max-snippet:-1, max-image-preview:large, max-video-preview:-1\" \/>\n<link rel=\"canonical\" href=\"https:\/\/denizcankizil.tr\/en\/haberler\/gundem\/yurtta-bugun-parcali-ve-bulutlu-hava-hakim\/\" \/>\n<meta property=\"og:locale\" content=\"en_GB\" \/>\n<meta property=\"og:type\" content=\"article\" \/>\n<meta property=\"og:title\" content=\"Yurtta bug\u00fcn par\u00e7al\u0131 ve bulutlu hava h\u00e2kim!\" \/>\n<meta property=\"og:description\" content=\"Meteoroloji&#8217;nin tahminlerine g\u00f6re, T\u00fcrkiye genelinde par\u00e7al\u0131 ve \u00e7ok bulutlu hava, baz\u0131 b\u00f6lgelerde yerel sa\u011fanak ve g\u00f6k g\u00fcr\u00fclt\u00fcl\u00fc ya\u011f\u0131\u015f bekleniyor. Hava s\u0131cakl\u0131klar\u0131 mevsim normallerinin \u00fcst\u00fcnde, r\u00fczgar g\u00fcneyden hafif, ya\u011f\u0131\u015f an\u0131nda kuvvetli olabilir.ANKARA (\u0130GFA) &#8211; Meteoroloji Genel M\u00fcd\u00fcrl\u00fc\u011f\u00fc, 9 May\u0131s Cuma g\u00fcn\u00fcne ili\u015fkin hava tahmin raporunu yay\u0131mlad\u0131. Buna g\u00f6re T\u00fcrkiye genelinin par\u00e7al\u0131, yer yer \u00e7ok bulutlu, Marmara&#8217;n\u0131n g\u00fcneydo\u011fu, Trakya&#8217;n\u0131n bat\u0131 kesimleri, Ege&#8217;nin do\u011fusu, Bat\u0131 Akdeniz\u2019in i\u00e7 kesimleri, Do\u011fu Akdeniz&#8217;in Toroslar kesimi, \u0130\u00e7 Anadolu&#8217;nun kuzeybat\u0131s\u0131, Bat\u0131 Karadeniz&#8217;in i\u00e7 kesimleri, Orta Karadeniz k\u0131y\u0131lar\u0131 ve Do\u011fu Anadolu&#8217;nun do\u011fusu ile G\u00fcm\u00fc\u015fhane ve Kayseri \u00e7evrelerinin yerel sa\u011fanak ve g\u00f6k g\u00fcr\u00fclt\u00fcl\u00fc sa\u011fanak ya\u011f\u0131\u015fl\u0131 ge\u00e7ece\u011fi tahmin ediliyor. Hava s\u0131cakl\u0131\u011f\u0131n\u0131n, yurt genelinde mevsim normallerinin \u00fczerinde seyretmeye devam edece\u011fi tahmin edilirken, r\u00fczgar\u0131n ise genellikle g\u00fcney y\u00f6nlerden hafif, ara s\u0131ra orta kuvvette, ya\u011f\u0131\u015f alan yerlerde ya\u011f\u0131\u015f an\u0131nda yer yer kuvvetli esmesi bekleniyor. \u200bMeteoroloji&#8217;nin tahminlerine g\u00f6re, T\u00fcrkiye genelinde par\u00e7al\u0131 ve \u00e7ok bulutlu hava, baz\u0131 b\u00f6lgelerde yerel sa\u011fanak ve g\u00f6k g\u00fcr\u00fclt\u00fcl\u00fc ya\u011f\u0131\u015f bekleniyor. Hava s\u0131cakl\u0131klar\u0131 mevsim normallerinin \u00fcst\u00fcnde, r\u00fczgar g\u00fcneyden hafif, ya\u011f\u0131\u015f an\u0131nda kuvvetli olabilir.ANKARA (\u0130GFA) &#8211; Meteoroloji Genel M\u00fcd\u00fcrl\u00fc\u011f\u00fc, 9 May\u0131s Cuma g\u00fcn\u00fcne ili\u015fkin hava tahmin raporunu yay\u0131mlad\u0131. Buna g\u00f6re T\u00fcrkiye genelinin par\u00e7al\u0131, yer yer \u00e7ok bulutlu, Marmara&#8217;n\u0131n g\u00fcneydo\u011fu, Trakya&#8217;n\u0131n bat\u0131 kesimleri, Ege&#8217;nin do\u011fusu, Bat\u0131 Akdeniz\u2019in i\u00e7 kesimleri, Do\u011fu Akdeniz&#8217;in Toroslar kesimi, \u0130\u00e7 &hellip;\" \/>\n<meta property=\"og:url\" content=\"https:\/\/denizcankizil.tr\/en\/haberler\/gundem\/yurtta-bugun-parcali-ve-bulutlu-hava-hakim\/\" \/>\n<meta property=\"og:site_name\" content=\"Av. Deniz Can K\u0131z\u0131l\" \/>\n<meta property=\"article:published_time\" content=\"2025-05-09T06:43:10+00:00\" \/>\n<meta name=\"author\" content=\"admin\" \/>\n<meta name=\"twitter:card\" content=\"summary_large_image\" \/>\n<meta name=\"twitter:label1\" content=\"Written by\" \/>\n\t<meta name=\"twitter:data1\" content=\"admin\" \/>\n\t<meta name=\"twitter:label2\" content=\"Estimated reading time\" \/>\n\t<meta name=\"twitter:data2\" content=\"2 minutes\" \/>\n<script type=\"application\/ld+json\" class=\"yoast-schema-graph\">{\"@context\":\"https:\/\/schema.org\",\"@graph\":[{\"@type\":\"Article\",\"@id\":\"https:\/\/denizcankizil.tr\/en\/haberler\/gundem\/yurtta-bugun-parcali-ve-bulutlu-hava-hakim\/#article\",\"isPartOf\":{\"@id\":\"https:\/\/denizcankizil.tr\/en\/haberler\/gundem\/yurtta-bugun-parcali-ve-bulutlu-hava-hakim\/\"},\"author\":{\"name\":\"admin\",\"@id\":\"https:\/\/denizcankizil.tr\/#\/schema\/person\/be3c05fe6a12686905512445d8185489\"},\"headline\":\"Yurtta bug\u00fcn par\u00e7al\u0131 ve bulutlu hava h\u00e2kim!\",\"datePublished\":\"2025-05-09T06:43:10+00:00\",\"mainEntityOfPage\":{\"@id\":\"https:\/\/denizcankizil.tr\/en\/haberler\/gundem\/yurtta-bugun-parcali-ve-bulutlu-hava-hakim\/\"},\"wordCount\":408,\"publisher\":{\"@id\":\"https:\/\/denizcankizil.tr\/#organization\"},\"articleSection\":[\"G\u00fcndem\"],\"inLanguage\":\"en-GB\"},{\"@type\":\"WebPage\",\"@id\":\"https:\/\/denizcankizil.tr\/en\/haberler\/gundem\/yurtta-bugun-parcali-ve-bulutlu-hava-hakim\/\",\"url\":\"https:\/\/denizcankizil.tr\/en\/haberler\/gundem\/yurtta-bugun-parcali-ve-bulutlu-hava-hakim\/\",\"name\":\"Yurtta bug\u00fcn par\u00e7al\u0131 ve bulutlu hava h\u00e2kim! - Av. Deniz Can K\u0131z\u0131l\",\"isPartOf\":{\"@id\":\"https:\/\/denizcankizil.tr\/#website\"},\"datePublished\":\"2025-05-09T06:43:10+00:00\",\"breadcrumb\":{\"@id\":\"https:\/\/denizcankizil.tr\/en\/haberler\/gundem\/yurtta-bugun-parcali-ve-bulutlu-hava-hakim\/#breadcrumb\"},\"inLanguage\":\"en-GB\",\"potentialAction\":[{\"@type\":\"ReadAction\",\"target\":[\"https:\/\/denizcankizil.tr\/en\/haberler\/gundem\/yurtta-bugun-parcali-ve-bulutlu-hava-hakim\/\"]}]},{\"@type\":\"BreadcrumbList\",\"@id\":\"https:\/\/denizcankizil.tr\/en\/haberler\/gundem\/yurtta-bugun-parcali-ve-bulutlu-hava-hakim\/#breadcrumb\",\"itemListElement\":[{\"@type\":\"ListItem\",\"position\":1,\"name\":\"Home\",\"item\":\"https:\/\/denizcankizil.tr\/de\/\"},{\"@type\":\"ListItem\",\"position\":2,\"name\":\"Yurtta bug\u00fcn par\u00e7al\u0131 ve bulutlu hava h\u00e2kim!\"}]},{\"@type\":\"WebSite\",\"@id\":\"https:\/\/denizcankizil.tr\/#website\",\"url\":\"https:\/\/denizcankizil.tr\/\",\"name\":\"Av. Deniz Can K\u0131z\u0131l\",\"description\":\"Avukat Deniz Can K\u0131z\u0131l Antalya Barosu\",\"publisher\":{\"@id\":\"https:\/\/denizcankizil.tr\/#organization\"},\"potentialAction\":[{\"@type\":\"SearchAction\",\"target\":{\"@type\":\"EntryPoint\",\"urlTemplate\":\"https:\/\/denizcankizil.tr\/?s={search_term_string}\"},\"query-input\":{\"@type\":\"PropertyValueSpecification\",\"valueRequired\":true,\"valueName\":\"search_term_string\"}}],\"inLanguage\":\"en-GB\"},{\"@type\":\"Organization\",\"@id\":\"https:\/\/denizcankizil.tr\/#organization\",\"name\":\"Av. Deniz Can K\u0131z\u0131l\",\"url\":\"https:\/\/denizcankizil.tr\/\",\"logo\":{\"@type\":\"ImageObject\",\"inLanguage\":\"en-GB\",\"@id\":\"https:\/\/denizcankizil.tr\/#\/schema\/logo\/image\/\",\"url\":\"https:\/\/denizcankizil.tr\/wp-content\/uploads\/2024\/10\/siyah-logo-svg.svg\",\"contentUrl\":\"https:\/\/denizcankizil.tr\/wp-content\/uploads\/2024\/10\/siyah-logo-svg.svg\",\"width\":1080,\"height\":1080,\"caption\":\"Av. Deniz Can K\u0131z\u0131l\"},\"image\":{\"@id\":\"https:\/\/denizcankizil.tr\/#\/schema\/logo\/image\/\"}},{\"@type\":\"Person\",\"@id\":\"https:\/\/denizcankizil.tr\/#\/schema\/person\/be3c05fe6a12686905512445d8185489\",\"name\":\"admin\",\"image\":{\"@type\":\"ImageObject\",\"inLanguage\":\"en-GB\",\"@id\":\"https:\/\/denizcankizil.tr\/#\/schema\/person\/image\/\",\"url\":\"https:\/\/secure.gravatar.com\/avatar\/c1fce94c830dc79107e174f890d7210541c4a63e8e5d816341794a2151c9d58c?s=96&d=mm&r=g\",\"contentUrl\":\"https:\/\/secure.gravatar.com\/avatar\/c1fce94c830dc79107e174f890d7210541c4a63e8e5d816341794a2151c9d58c?s=96&d=mm&r=g\",\"caption\":\"admin\"},\"sameAs\":[\"http:\/\/denizcankizil.tr\"],\"url\":\"https:\/\/www.iskenderun.org\/yurtta-bugun-parcali-ve-bulutlu-hava-hakim\"}]}<\/script>\n<!-- \/ Yoast SEO Premium plugin. -->","yoast_head_json":{"title":"Yurtta bug\u00fcn par\u00e7al\u0131 ve bulutlu hava h\u00e2kim! - Av. Deniz Can K\u0131z\u0131l","robots":{"index":"index","follow":"follow","max-snippet":"max-snippet:-1","max-image-preview":"max-image-preview:large","max-video-preview":"max-video-preview:-1"},"canonical":"https:\/\/denizcankizil.tr\/en\/haberler\/gundem\/yurtta-bugun-parcali-ve-bulutlu-hava-hakim\/","og_locale":"en_GB","og_type":"article","og_title":"Yurtta bug\u00fcn par\u00e7al\u0131 ve bulutlu hava h\u00e2kim!","og_description":"Meteoroloji&#8217;nin tahminlerine g\u00f6re, T\u00fcrkiye genelinde par\u00e7al\u0131 ve \u00e7ok bulutlu hava, baz\u0131 b\u00f6lgelerde yerel sa\u011fanak ve g\u00f6k g\u00fcr\u00fclt\u00fcl\u00fc ya\u011f\u0131\u015f bekleniyor. Hava s\u0131cakl\u0131klar\u0131 mevsim normallerinin \u00fcst\u00fcnde, r\u00fczgar g\u00fcneyden hafif, ya\u011f\u0131\u015f an\u0131nda kuvvetli olabilir.ANKARA (\u0130GFA) &#8211; Meteoroloji Genel M\u00fcd\u00fcrl\u00fc\u011f\u00fc, 9 May\u0131s Cuma g\u00fcn\u00fcne ili\u015fkin hava tahmin raporunu yay\u0131mlad\u0131. Buna g\u00f6re T\u00fcrkiye genelinin par\u00e7al\u0131, yer yer \u00e7ok bulutlu, Marmara&#8217;n\u0131n g\u00fcneydo\u011fu, Trakya&#8217;n\u0131n bat\u0131 kesimleri, Ege&#8217;nin do\u011fusu, Bat\u0131 Akdeniz\u2019in i\u00e7 kesimleri, Do\u011fu Akdeniz&#8217;in Toroslar kesimi, \u0130\u00e7 Anadolu&#8217;nun kuzeybat\u0131s\u0131, Bat\u0131 Karadeniz&#8217;in i\u00e7 kesimleri, Orta Karadeniz k\u0131y\u0131lar\u0131 ve Do\u011fu Anadolu&#8217;nun do\u011fusu ile G\u00fcm\u00fc\u015fhane ve Kayseri \u00e7evrelerinin yerel sa\u011fanak ve g\u00f6k g\u00fcr\u00fclt\u00fcl\u00fc sa\u011fanak ya\u011f\u0131\u015fl\u0131 ge\u00e7ece\u011fi tahmin ediliyor. Hava s\u0131cakl\u0131\u011f\u0131n\u0131n, yurt genelinde mevsim normallerinin \u00fczerinde seyretmeye devam edece\u011fi tahmin edilirken, r\u00fczgar\u0131n ise genellikle g\u00fcney y\u00f6nlerden hafif, ara s\u0131ra orta kuvvette, ya\u011f\u0131\u015f alan yerlerde ya\u011f\u0131\u015f an\u0131nda yer yer kuvvetli esmesi bekleniyor. \u200bMeteoroloji&#8217;nin tahminlerine g\u00f6re, T\u00fcrkiye genelinde par\u00e7al\u0131 ve \u00e7ok bulutlu hava, baz\u0131 b\u00f6lgelerde yerel sa\u011fanak ve g\u00f6k g\u00fcr\u00fclt\u00fcl\u00fc ya\u011f\u0131\u015f bekleniyor. Hava s\u0131cakl\u0131klar\u0131 mevsim normallerinin \u00fcst\u00fcnde, r\u00fczgar g\u00fcneyden hafif, ya\u011f\u0131\u015f an\u0131nda kuvvetli olabilir.ANKARA (\u0130GFA) &#8211; Meteoroloji Genel M\u00fcd\u00fcrl\u00fc\u011f\u00fc, 9 May\u0131s Cuma g\u00fcn\u00fcne ili\u015fkin hava tahmin raporunu yay\u0131mlad\u0131. Buna g\u00f6re T\u00fcrkiye genelinin par\u00e7al\u0131, yer yer \u00e7ok bulutlu, Marmara&#8217;n\u0131n g\u00fcneydo\u011fu, Trakya&#8217;n\u0131n bat\u0131 kesimleri, Ege&#8217;nin do\u011fusu, Bat\u0131 Akdeniz\u2019in i\u00e7 kesimleri, Do\u011fu Akdeniz&#8217;in Toroslar kesimi, \u0130\u00e7 &hellip;","og_url":"https:\/\/denizcankizil.tr\/en\/haberler\/gundem\/yurtta-bugun-parcali-ve-bulutlu-hava-hakim\/","og_site_name":"Av. Deniz Can K\u0131z\u0131l","article_published_time":"2025-05-09T06:43:10+00:00","author":"admin","twitter_card":"summary_large_image","twitter_misc":{"Written by":"admin","Estimated reading time":"2 minutes"},"schema":{"@context":"https:\/\/schema.org","@graph":[{"@type":"Article","@id":"https:\/\/denizcankizil.tr\/en\/haberler\/gundem\/yurtta-bugun-parcali-ve-bulutlu-hava-hakim\/#article","isPartOf":{"@id":"https:\/\/denizcankizil.tr\/en\/haberler\/gundem\/yurtta-bugun-parcali-ve-bulutlu-hava-hakim\/"},"author":{"name":"admin","@id":"https:\/\/denizcankizil.tr\/#\/schema\/person\/be3c05fe6a12686905512445d8185489"},"headline":"Yurtta bug\u00fcn par\u00e7al\u0131 ve bulutlu hava h\u00e2kim!","datePublished":"2025-05-09T06:43:10+00:00","mainEntityOfPage":{"@id":"https:\/\/denizcankizil.tr\/en\/haberler\/gundem\/yurtta-bugun-parcali-ve-bulutlu-hava-hakim\/"},"wordCount":408,"publisher":{"@id":"https:\/\/denizcankizil.tr\/#organization"},"articleSection":["G\u00fcndem"],"inLanguage":"en-GB"},{"@type":"WebPage","@id":"https:\/\/denizcankizil.tr\/en\/haberler\/gundem\/yurtta-bugun-parcali-ve-bulutlu-hava-hakim\/","url":"https:\/\/denizcankizil.tr\/en\/haberler\/gundem\/yurtta-bugun-parcali-ve-bulutlu-hava-hakim\/","name":"Yurtta bug\u00fcn par\u00e7al\u0131 ve bulutlu hava h\u00e2kim! - Av. Deniz Can K\u0131z\u0131l","isPartOf":{"@id":"https:\/\/denizcankizil.tr\/#website"},"datePublished":"2025-05-09T06:43:10+00:00","breadcrumb":{"@id":"https:\/\/denizcankizil.tr\/en\/haberler\/gundem\/yurtta-bugun-parcali-ve-bulutlu-hava-hakim\/#breadcrumb"},"inLanguage":"en-GB","potentialAction":[{"@type":"ReadAction","target":["https:\/\/denizcankizil.tr\/en\/haberler\/gundem\/yurtta-bugun-parcali-ve-bulutlu-hava-hakim\/"]}]},{"@type":"BreadcrumbList","@id":"https:\/\/denizcankizil.tr\/en\/haberler\/gundem\/yurtta-bugun-parcali-ve-bulutlu-hava-hakim\/#breadcrumb","itemListElement":[{"@type":"ListItem","position":1,"name":"Home","item":"https:\/\/denizcankizil.tr\/de\/"},{"@type":"ListItem","position":2,"name":"Yurtta bug\u00fcn par\u00e7al\u0131 ve bulutlu hava h\u00e2kim!"}]},{"@type":"WebSite","@id":"https:\/\/denizcankizil.tr\/#website","url":"https:\/\/denizcankizil.tr\/","name":"Av. Deniz Can K\u0131z\u0131l","description":"Avukat Deniz Can K\u0131z\u0131l Antalya Barosu","publisher":{"@id":"https:\/\/denizcankizil.tr\/#organization"},"potentialAction":[{"@type":"SearchAction","target":{"@type":"EntryPoint","urlTemplate":"https:\/\/denizcankizil.tr\/?s={search_term_string}"},"query-input":{"@type":"PropertyValueSpecification","valueRequired":true,"valueName":"search_term_string"}}],"inLanguage":"en-GB"},{"@type":"Organization","@id":"https:\/\/denizcankizil.tr\/#organization","name":"Av. Deniz Can K\u0131z\u0131l","url":"https:\/\/denizcankizil.tr\/","logo":{"@type":"ImageObject","inLanguage":"en-GB","@id":"https:\/\/denizcankizil.tr\/#\/schema\/logo\/image\/","url":"https:\/\/denizcankizil.tr\/wp-content\/uploads\/2024\/10\/siyah-logo-svg.svg","contentUrl":"https:\/\/denizcankizil.tr\/wp-content\/uploads\/2024\/10\/siyah-logo-svg.svg","width":1080,"height":1080,"caption":"Av. Deniz Can K\u0131z\u0131l"},"image":{"@id":"https:\/\/denizcankizil.tr\/#\/schema\/logo\/image\/"}},{"@type":"Person","@id":"https:\/\/denizcankizil.tr\/#\/schema\/person\/be3c05fe6a12686905512445d8185489","name":"admin","image":{"@type":"ImageObject","inLanguage":"en-GB","@id":"https:\/\/denizcankizil.tr\/#\/schema\/person\/image\/","url":"https:\/\/secure.gravatar.com\/avatar\/c1fce94c830dc79107e174f890d7210541c4a63e8e5d816341794a2151c9d58c?s=96&d=mm&r=g","contentUrl":"https:\/\/secure.gravatar.com\/avatar\/c1fce94c830dc79107e174f890d7210541c4a63e8e5d816341794a2151c9d58c?s=96&d=mm&r=g","caption":"admin"},"sameAs":["http:\/\/denizcankizil.tr"],"url":"https:\/\/www.iskenderun.org\/yurtta-bugun-parcali-ve-bulutlu-hava-hakim"}]}},"_links":{"self":[{"href":"https:\/\/denizcankizil.tr\/en\/wp-json\/wp\/v2\/posts\/80917","targetHints":{"allow":["GET"]}}],"collection":[{"href":"https:\/\/denizcankizil.tr\/en\/wp-json\/wp\/v2\/posts"}],"about":[{"href":"https:\/\/denizcankizil.tr\/en\/wp-json\/wp\/v2\/types\/post"}],"author":[{"embeddable":true,"href":"https:\/\/denizcankizil.tr\/en\/wp-json\/wp\/v2\/users\/1"}],"replies":[{"embeddable":true,"href":"https:\/\/denizcankizil.tr\/en\/wp-json\/wp\/v2\/comments?post=80917"}],"version-history":[{"count":0,"href":"https:\/\/denizcankizil.tr\/en\/wp-json\/wp\/v2\/posts\/80917\/revisions"}],"wp:attachment":[{"href":"https:\/\/denizcankizil.tr\/en\/wp-json\/wp\/v2\/media?parent=80917"}],"wp:term":[{"taxonomy":"category","embeddable":true,"href":"https:\/\/denizcankizil.tr\/en\/wp-json\/wp\/v2\/categories?post=80917"},{"taxonomy":"post_tag","embeddable":true,"href":"https:\/\/denizcankizil.tr\/en\/wp-json\/wp\/v2\/tags?post=80917"}],"curies":[{"name":"wp","href":"https:\/\/api.w.org\/{rel}","templated":true}]}}