{"id":80916,"date":"2025-05-09T09:43:09","date_gmt":"2025-05-09T06:43:09","guid":{"rendered":"https:\/\/denizcankizil.tr\/uncategorized-tr\/duzcede-intihar-girisiminde-bulunan-genc-kurtarildi\/"},"modified":"2025-05-09T09:43:09","modified_gmt":"2025-05-09T06:43:09","slug":"duzcede-intihar-girisiminde-bulunan-genc-kurtarildi","status":"publish","type":"post","link":"https:\/\/denizcankizil.tr\/en\/haberler\/gundem\/duzcede-intihar-girisiminde-bulunan-genc-kurtarildi\/","title":{"rendered":"D\u00fczce&#8217;de intihar giri\u015fiminde bulunan gen\u00e7 kurtar\u0131ld\u0131"},"content":{"rendered":"<p>D\u00fczce&#8217;de k\u0131z arkada\u015f\u0131yla sorun ya\u015fayan Murat Can T. intihar giri\u015fiminde bulundu. Polis, sa\u011fl\u0131k ve itfaiye ekipleri m\u00fcdahale ederken ikna edilerek giri\u015fimden vazge\u00e7irilen gen\u00e7, hastaneye kald\u0131r\u0131ld\u0131.Sefer DEM\u0130R \/ D\u00dcZCE (\u0130GFA) &#8211; Al\u0131nan bilgiye g\u00f6re D\u00fczce&#8217;de k\u0131z arkada\u015f\u0131yla sorun ya\u015fayan gen\u00e7 intihar giri\u015fiminde bulundu Murat Can T. Kervan k\u00f6pr\u00fcs\u00fc \u00fczerinde intihar giri\u015fiminde bulundu.<br \/>\n\u0130hbar \u00fczerine b\u00f6lgeye sa\u011fl\u0131k, polis ve itfaiye ekipleri sevk edildi.<br \/>\nOlay yerinde geni\u015f g\u00fcvenlik \u00f6nlemleri al\u0131nd\u0131 ve her ihtimale kar\u015f\u0131 yere haval\u0131 yast\u0131k serildi.<\/p>\n<p>\u0130kna \u00e7abalar\u0131 sonucunda Murat Can T. \u0130ntihar giri\u015fiminden vazge\u00e7irildi.<br \/>\nAmbulansta ilk m\u00fcdahalesi yap\u0131lan Murat Can T. Kontrol ama\u00e7l\u0131 hastaneye kald\u0131r\u0131ld\u0131.<br \/>\nOlayla ilgili tahkikat ba\u015flat\u0131ld\u0131.<\/p>\n<p>\u200bD\u00fczce&#8217;de k\u0131z arkada\u015f\u0131yla sorun ya\u015fayan Murat Can T. intihar giri\u015fiminde bulundu. Polis, sa\u011fl\u0131k ve itfaiye ekipleri m\u00fcdahale ederken ikna edilerek giri\u015fimden vazge\u00e7irilen gen\u00e7, hastaneye kald\u0131r\u0131ld\u0131.Sefer DEM\u0130R \/ D\u00dcZCE (\u0130GFA) &#8211; Al\u0131nan bilgiye g\u00f6re D\u00fczce&#8217;de k\u0131z arkada\u015f\u0131yla sorun ya\u015fayan gen\u00e7 intihar giri\u015fiminde bulundu Murat Can T. Kervan k\u00f6pr\u00fcs\u00fc \u00fczerinde intihar giri\u015fiminde bulundu.<br \/>\n\u0130hbar \u00fczerine b\u00f6lgeye sa\u011fl\u0131k, polis ve itfaiye ekipleri sevk edildi.<br \/>\nOlay yerinde geni\u015f g\u00fcvenlik \u00f6nlemleri al\u0131nd\u0131 ve her ihtimale kar\u015f\u0131 yere haval\u0131 yast\u0131k serildi.<\/p>\n<p>\u0130kna \u00e7abalar\u0131 sonucunda Murat Can T. \u0130ntihar giri\u015fiminden vazge\u00e7irildi.<br \/>\nAmbulansta ilk m\u00fcdahalesi yap\u0131lan Murat Can T. Kontrol ama\u00e7l\u0131 hastaneye kald\u0131r\u0131ld\u0131.<br \/>\nOlayla ilgili tahkikat ba\u015flat\u0131ld\u0131.\u00a0<\/p>\n<p>\u200bHaberin Al\u0131nt\u0131land\u0131\u011f\u0131 Kaynak: www.iskenderun.org<\/p>","protected":false},"excerpt":{"rendered":"<p>D\u00fczce&#8217;de k\u0131z arkada\u015f\u0131yla sorun ya\u015fayan Murat Can T. intihar giri\u015fiminde bulundu. Polis, sa\u011fl\u0131k ve itfaiye ekipleri m\u00fcdahale ederken ikna edilerek giri\u015fimden vazge\u00e7irilen gen\u00e7, hastaneye kald\u0131r\u0131ld\u0131.Sefer DEM\u0130R \/ D\u00dcZCE (\u0130GFA) &#8211; Al\u0131nan bilgiye g\u00f6re D\u00fczce&#8217;de k\u0131z arkada\u015f\u0131yla sorun ya\u015fayan gen\u00e7 intihar giri\u015fiminde bulundu Murat Can T. Kervan k\u00f6pr\u00fcs\u00fc \u00fczerinde intihar giri\u015fiminde bulundu. \u0130hbar \u00fczerine b\u00f6lgeye sa\u011fl\u0131k, polis ve itfaiye ekipleri sevk edildi. Olay yerinde geni\u015f g\u00fcvenlik \u00f6nlemleri al\u0131nd\u0131 ve her ihtimale kar\u015f\u0131 yere haval\u0131 yast\u0131k serildi. \u0130kna \u00e7abalar\u0131 sonucunda Murat Can T. \u0130ntihar giri\u015fiminden vazge\u00e7irildi. Ambulansta ilk m\u00fcdahalesi yap\u0131lan Murat Can T. Kontrol ama\u00e7l\u0131 hastaneye kald\u0131r\u0131ld\u0131. Olayla ilgili tahkikat ba\u015flat\u0131ld\u0131. \u200bD\u00fczce&#8217;de k\u0131z arkada\u015f\u0131yla sorun ya\u015fayan Murat Can T. intihar giri\u015fiminde bulundu. Polis, sa\u011fl\u0131k ve itfaiye ekipleri m\u00fcdahale ederken ikna edilerek giri\u015fimden vazge\u00e7irilen gen\u00e7, hastaneye kald\u0131r\u0131ld\u0131.Sefer DEM\u0130R \/ D\u00dcZCE (\u0130GFA) &#8211; Al\u0131nan bilgiye g\u00f6re D\u00fczce&#8217;de k\u0131z arkada\u015f\u0131yla sorun ya\u015fayan gen\u00e7 intihar giri\u015fiminde bulundu Murat Can T. Kervan k\u00f6pr\u00fcs\u00fc \u00fczerinde intihar giri\u015fiminde bulundu. \u0130hbar \u00fczerine b\u00f6lgeye sa\u011fl\u0131k, polis ve itfaiye ekipleri sevk edildi. Olay yerinde geni\u015f g\u00fcvenlik \u00f6nlemleri al\u0131nd\u0131 ve her ihtimale kar\u015f\u0131 yere haval\u0131 yast\u0131k serildi. \u0130kna \u00e7abalar\u0131 sonucunda Murat Can T. \u0130ntihar giri\u015fiminden vazge\u00e7irildi. Ambulansta ilk m\u00fcdahalesi yap\u0131lan Murat Can T. Kontrol ama\u00e7l\u0131 hastaneye kald\u0131r\u0131ld\u0131. Olayla ilgili tahkikat ba\u015flat\u0131ld\u0131.\u00a0 \u200bHaberin Al\u0131nt\u0131land\u0131\u011f\u0131 &hellip;<\/p>","protected":false},"author":1,"featured_media":0,"comment_status":"","ping_status":"open","sticky":false,"template":"","format":"standard","meta":{"_acf_changed":false,"footnotes":""},"categories":[24],"tags":[],"class_list":["post-80916","post","type-post","status-publish","format-standard","has-post-thumbnail","hentry","category-gundem"],"acf":[],"yoast_head":"<!-- This site is optimized with the Yoast SEO Premium plugin v26.6 (Yoast SEO v27.1.1) - https:\/\/yoast.com\/product\/yoast-seo-premium-wordpress\/ -->\n<title>D\u00fczce&#039;de intihar giri\u015fiminde bulunan gen\u00e7 kurtar\u0131ld\u0131 - Av. Deniz Can K\u0131z\u0131l<\/title>\n<meta name=\"robots\" content=\"index, follow, max-snippet:-1, max-image-preview:large, max-video-preview:-1\" \/>\n<link rel=\"canonical\" href=\"https:\/\/denizcankizil.tr\/en\/haberler\/gundem\/duzcede-intihar-girisiminde-bulunan-genc-kurtarildi\/\" \/>\n<meta property=\"og:locale\" content=\"en_GB\" \/>\n<meta property=\"og:type\" content=\"article\" \/>\n<meta property=\"og:title\" content=\"D\u00fczce&#039;de intihar giri\u015fiminde bulunan gen\u00e7 kurtar\u0131ld\u0131\" \/>\n<meta property=\"og:description\" content=\"D\u00fczce&#8217;de k\u0131z arkada\u015f\u0131yla sorun ya\u015fayan Murat Can T. intihar giri\u015fiminde bulundu. Polis, sa\u011fl\u0131k ve itfaiye ekipleri m\u00fcdahale ederken ikna edilerek giri\u015fimden vazge\u00e7irilen gen\u00e7, hastaneye kald\u0131r\u0131ld\u0131.Sefer DEM\u0130R \/ D\u00dcZCE (\u0130GFA) &#8211; Al\u0131nan bilgiye g\u00f6re D\u00fczce&#8217;de k\u0131z arkada\u015f\u0131yla sorun ya\u015fayan gen\u00e7 intihar giri\u015fiminde bulundu Murat Can T. Kervan k\u00f6pr\u00fcs\u00fc \u00fczerinde intihar giri\u015fiminde bulundu. \u0130hbar \u00fczerine b\u00f6lgeye sa\u011fl\u0131k, polis ve itfaiye ekipleri sevk edildi. Olay yerinde geni\u015f g\u00fcvenlik \u00f6nlemleri al\u0131nd\u0131 ve her ihtimale kar\u015f\u0131 yere haval\u0131 yast\u0131k serildi. \u0130kna \u00e7abalar\u0131 sonucunda Murat Can T. \u0130ntihar giri\u015fiminden vazge\u00e7irildi. Ambulansta ilk m\u00fcdahalesi yap\u0131lan Murat Can T. Kontrol ama\u00e7l\u0131 hastaneye kald\u0131r\u0131ld\u0131. Olayla ilgili tahkikat ba\u015flat\u0131ld\u0131. \u200bD\u00fczce&#8217;de k\u0131z arkada\u015f\u0131yla sorun ya\u015fayan Murat Can T. intihar giri\u015fiminde bulundu. Polis, sa\u011fl\u0131k ve itfaiye ekipleri m\u00fcdahale ederken ikna edilerek giri\u015fimden vazge\u00e7irilen gen\u00e7, hastaneye kald\u0131r\u0131ld\u0131.Sefer DEM\u0130R \/ D\u00dcZCE (\u0130GFA) &#8211; Al\u0131nan bilgiye g\u00f6re D\u00fczce&#8217;de k\u0131z arkada\u015f\u0131yla sorun ya\u015fayan gen\u00e7 intihar giri\u015fiminde bulundu Murat Can T. Kervan k\u00f6pr\u00fcs\u00fc \u00fczerinde intihar giri\u015fiminde bulundu. \u0130hbar \u00fczerine b\u00f6lgeye sa\u011fl\u0131k, polis ve itfaiye ekipleri sevk edildi. Olay yerinde geni\u015f g\u00fcvenlik \u00f6nlemleri al\u0131nd\u0131 ve her ihtimale kar\u015f\u0131 yere haval\u0131 yast\u0131k serildi. \u0130kna \u00e7abalar\u0131 sonucunda Murat Can T. \u0130ntihar giri\u015fiminden vazge\u00e7irildi. Ambulansta ilk m\u00fcdahalesi yap\u0131lan Murat Can T. Kontrol ama\u00e7l\u0131 hastaneye kald\u0131r\u0131ld\u0131. Olayla ilgili tahkikat ba\u015flat\u0131ld\u0131.\u00a0 \u200bHaberin Al\u0131nt\u0131land\u0131\u011f\u0131 &hellip;\" \/>\n<meta property=\"og:url\" content=\"https:\/\/denizcankizil.tr\/en\/haberler\/gundem\/duzcede-intihar-girisiminde-bulunan-genc-kurtarildi\/\" \/>\n<meta property=\"og:site_name\" content=\"Av. Deniz Can K\u0131z\u0131l\" \/>\n<meta property=\"article:published_time\" content=\"2025-05-09T06:43:09+00:00\" \/>\n<meta name=\"author\" content=\"admin\" \/>\n<meta name=\"twitter:card\" content=\"summary_large_image\" \/>\n<meta name=\"twitter:label1\" content=\"Written by\" \/>\n\t<meta name=\"twitter:data1\" content=\"admin\" \/>\n\t<meta name=\"twitter:label2\" content=\"Estimated reading time\" \/>\n\t<meta name=\"twitter:data2\" content=\"1 minute\" \/>\n<script type=\"application\/ld+json\" class=\"yoast-schema-graph\">{\"@context\":\"https:\/\/schema.org\",\"@graph\":[{\"@type\":\"Article\",\"@id\":\"https:\/\/denizcankizil.tr\/ru\/haberler\/gundem\/duzcede-intihar-girisiminde-bulunan-genc-kurtarildi\/#article\",\"isPartOf\":{\"@id\":\"https:\/\/denizcankizil.tr\/ru\/haberler\/gundem\/duzcede-intihar-girisiminde-bulunan-genc-kurtarildi\/\"},\"author\":{\"name\":\"admin\",\"@id\":\"https:\/\/denizcankizil.tr\/de\/#\/schema\/person\/be3c05fe6a12686905512445d8185489\"},\"headline\":\"D\u00fczce&#8217;de intihar giri\u015fiminde bulunan gen\u00e7 kurtar\u0131ld\u0131\",\"datePublished\":\"2025-05-09T06:43:09+00:00\",\"mainEntityOfPage\":{\"@id\":\"https:\/\/denizcankizil.tr\/ru\/haberler\/gundem\/duzcede-intihar-girisiminde-bulunan-genc-kurtarildi\/\"},\"wordCount\":298,\"publisher\":{\"@id\":\"https:\/\/denizcankizil.tr\/de\/#organization\"},\"articleSection\":[\"G\u00fcndem\"],\"inLanguage\":\"en-GB\"},{\"@type\":\"WebPage\",\"@id\":\"https:\/\/denizcankizil.tr\/ru\/haberler\/gundem\/duzcede-intihar-girisiminde-bulunan-genc-kurtarildi\/\",\"url\":\"https:\/\/denizcankizil.tr\/ru\/haberler\/gundem\/duzcede-intihar-girisiminde-bulunan-genc-kurtarildi\/\",\"name\":\"D\u00fczce'de intihar giri\u015fiminde bulunan gen\u00e7 kurtar\u0131ld\u0131 - Av. Deniz Can K\u0131z\u0131l\",\"isPartOf\":{\"@id\":\"https:\/\/denizcankizil.tr\/de\/#website\"},\"datePublished\":\"2025-05-09T06:43:09+00:00\",\"breadcrumb\":{\"@id\":\"https:\/\/denizcankizil.tr\/ru\/haberler\/gundem\/duzcede-intihar-girisiminde-bulunan-genc-kurtarildi\/#breadcrumb\"},\"inLanguage\":\"en-GB\",\"potentialAction\":[{\"@type\":\"ReadAction\",\"target\":[\"https:\/\/denizcankizil.tr\/ru\/haberler\/gundem\/duzcede-intihar-girisiminde-bulunan-genc-kurtarildi\/\"]}]},{\"@type\":\"BreadcrumbList\",\"@id\":\"https:\/\/denizcankizil.tr\/ru\/haberler\/gundem\/duzcede-intihar-girisiminde-bulunan-genc-kurtarildi\/#breadcrumb\",\"itemListElement\":[{\"@type\":\"ListItem\",\"position\":1,\"name\":\"Home\",\"item\":\"https:\/\/denizcankizil.tr\/de\/\"},{\"@type\":\"ListItem\",\"position\":2,\"name\":\"D\u00fczce&#8217;de intihar giri\u015fiminde bulunan gen\u00e7 kurtar\u0131ld\u0131\"}]},{\"@type\":\"WebSite\",\"@id\":\"https:\/\/denizcankizil.tr\/de\/#website\",\"url\":\"https:\/\/denizcankizil.tr\/de\/\",\"name\":\"Av. Deniz Can K\u0131z\u0131l\",\"description\":\"Avukat Deniz Can K\u0131z\u0131l Antalya Barosu\",\"publisher\":{\"@id\":\"https:\/\/denizcankizil.tr\/de\/#organization\"},\"potentialAction\":[{\"@type\":\"SearchAction\",\"target\":{\"@type\":\"EntryPoint\",\"urlTemplate\":\"https:\/\/denizcankizil.tr\/de\/?s={search_term_string}\"},\"query-input\":{\"@type\":\"PropertyValueSpecification\",\"valueRequired\":true,\"valueName\":\"search_term_string\"}}],\"inLanguage\":\"en-GB\"},{\"@type\":\"Organization\",\"@id\":\"https:\/\/denizcankizil.tr\/de\/#organization\",\"name\":\"Av. Deniz Can K\u0131z\u0131l\",\"url\":\"https:\/\/denizcankizil.tr\/de\/\",\"logo\":{\"@type\":\"ImageObject\",\"inLanguage\":\"en-GB\",\"@id\":\"https:\/\/denizcankizil.tr\/de\/#\/schema\/logo\/image\/\",\"url\":\"https:\/\/denizcankizil.tr\/wp-content\/uploads\/2024\/10\/siyah-logo-svg.svg\",\"contentUrl\":\"https:\/\/denizcankizil.tr\/wp-content\/uploads\/2024\/10\/siyah-logo-svg.svg\",\"width\":1080,\"height\":1080,\"caption\":\"Av. Deniz Can K\u0131z\u0131l\"},\"image\":{\"@id\":\"https:\/\/denizcankizil.tr\/de\/#\/schema\/logo\/image\/\"}},{\"@type\":\"Person\",\"@id\":\"https:\/\/denizcankizil.tr\/de\/#\/schema\/person\/be3c05fe6a12686905512445d8185489\",\"name\":\"admin\",\"image\":{\"@type\":\"ImageObject\",\"inLanguage\":\"en-GB\",\"@id\":\"https:\/\/denizcankizil.tr\/de\/#\/schema\/person\/image\/\",\"url\":\"https:\/\/secure.gravatar.com\/avatar\/c1fce94c830dc79107e174f890d7210541c4a63e8e5d816341794a2151c9d58c?s=96&d=mm&r=g\",\"contentUrl\":\"https:\/\/secure.gravatar.com\/avatar\/c1fce94c830dc79107e174f890d7210541c4a63e8e5d816341794a2151c9d58c?s=96&d=mm&r=g\",\"caption\":\"admin\"},\"sameAs\":[\"http:\/\/denizcankizil.tr\"],\"url\":\"https:\/\/www.iskenderun.org\/duzcede-intihar-girisiminde-bulunan-genc-kurtarildi\"}]}<\/script>\n<!-- \/ Yoast SEO Premium plugin. -->","yoast_head_json":{"title":"D\u00fczce'de intihar giri\u015fiminde bulunan gen\u00e7 kurtar\u0131ld\u0131 - Av. Deniz Can K\u0131z\u0131l","robots":{"index":"index","follow":"follow","max-snippet":"max-snippet:-1","max-image-preview":"max-image-preview:large","max-video-preview":"max-video-preview:-1"},"canonical":"https:\/\/denizcankizil.tr\/en\/haberler\/gundem\/duzcede-intihar-girisiminde-bulunan-genc-kurtarildi\/","og_locale":"en_GB","og_type":"article","og_title":"D\u00fczce'de intihar giri\u015fiminde bulunan gen\u00e7 kurtar\u0131ld\u0131","og_description":"D\u00fczce&#8217;de k\u0131z arkada\u015f\u0131yla sorun ya\u015fayan Murat Can T. intihar giri\u015fiminde bulundu. Polis, sa\u011fl\u0131k ve itfaiye ekipleri m\u00fcdahale ederken ikna edilerek giri\u015fimden vazge\u00e7irilen gen\u00e7, hastaneye kald\u0131r\u0131ld\u0131.Sefer DEM\u0130R \/ D\u00dcZCE (\u0130GFA) &#8211; Al\u0131nan bilgiye g\u00f6re D\u00fczce&#8217;de k\u0131z arkada\u015f\u0131yla sorun ya\u015fayan gen\u00e7 intihar giri\u015fiminde bulundu Murat Can T. Kervan k\u00f6pr\u00fcs\u00fc \u00fczerinde intihar giri\u015fiminde bulundu. \u0130hbar \u00fczerine b\u00f6lgeye sa\u011fl\u0131k, polis ve itfaiye ekipleri sevk edildi. Olay yerinde geni\u015f g\u00fcvenlik \u00f6nlemleri al\u0131nd\u0131 ve her ihtimale kar\u015f\u0131 yere haval\u0131 yast\u0131k serildi. \u0130kna \u00e7abalar\u0131 sonucunda Murat Can T. \u0130ntihar giri\u015fiminden vazge\u00e7irildi. Ambulansta ilk m\u00fcdahalesi yap\u0131lan Murat Can T. Kontrol ama\u00e7l\u0131 hastaneye kald\u0131r\u0131ld\u0131. Olayla ilgili tahkikat ba\u015flat\u0131ld\u0131. \u200bD\u00fczce&#8217;de k\u0131z arkada\u015f\u0131yla sorun ya\u015fayan Murat Can T. intihar giri\u015fiminde bulundu. Polis, sa\u011fl\u0131k ve itfaiye ekipleri m\u00fcdahale ederken ikna edilerek giri\u015fimden vazge\u00e7irilen gen\u00e7, hastaneye kald\u0131r\u0131ld\u0131.Sefer DEM\u0130R \/ D\u00dcZCE (\u0130GFA) &#8211; Al\u0131nan bilgiye g\u00f6re D\u00fczce&#8217;de k\u0131z arkada\u015f\u0131yla sorun ya\u015fayan gen\u00e7 intihar giri\u015fiminde bulundu Murat Can T. Kervan k\u00f6pr\u00fcs\u00fc \u00fczerinde intihar giri\u015fiminde bulundu. \u0130hbar \u00fczerine b\u00f6lgeye sa\u011fl\u0131k, polis ve itfaiye ekipleri sevk edildi. Olay yerinde geni\u015f g\u00fcvenlik \u00f6nlemleri al\u0131nd\u0131 ve her ihtimale kar\u015f\u0131 yere haval\u0131 yast\u0131k serildi. \u0130kna \u00e7abalar\u0131 sonucunda Murat Can T. \u0130ntihar giri\u015fiminden vazge\u00e7irildi. Ambulansta ilk m\u00fcdahalesi yap\u0131lan Murat Can T. Kontrol ama\u00e7l\u0131 hastaneye kald\u0131r\u0131ld\u0131. Olayla ilgili tahkikat ba\u015flat\u0131ld\u0131.\u00a0 \u200bHaberin Al\u0131nt\u0131land\u0131\u011f\u0131 &hellip;","og_url":"https:\/\/denizcankizil.tr\/en\/haberler\/gundem\/duzcede-intihar-girisiminde-bulunan-genc-kurtarildi\/","og_site_name":"Av. Deniz Can K\u0131z\u0131l","article_published_time":"2025-05-09T06:43:09+00:00","author":"admin","twitter_card":"summary_large_image","twitter_misc":{"Written by":"admin","Estimated reading time":"1 minute"},"schema":{"@context":"https:\/\/schema.org","@graph":[{"@type":"Article","@id":"https:\/\/denizcankizil.tr\/ru\/haberler\/gundem\/duzcede-intihar-girisiminde-bulunan-genc-kurtarildi\/#article","isPartOf":{"@id":"https:\/\/denizcankizil.tr\/ru\/haberler\/gundem\/duzcede-intihar-girisiminde-bulunan-genc-kurtarildi\/"},"author":{"name":"admin","@id":"https:\/\/denizcankizil.tr\/de\/#\/schema\/person\/be3c05fe6a12686905512445d8185489"},"headline":"D\u00fczce&#8217;de intihar giri\u015fiminde bulunan gen\u00e7 kurtar\u0131ld\u0131","datePublished":"2025-05-09T06:43:09+00:00","mainEntityOfPage":{"@id":"https:\/\/denizcankizil.tr\/ru\/haberler\/gundem\/duzcede-intihar-girisiminde-bulunan-genc-kurtarildi\/"},"wordCount":298,"publisher":{"@id":"https:\/\/denizcankizil.tr\/de\/#organization"},"articleSection":["G\u00fcndem"],"inLanguage":"en-GB"},{"@type":"WebPage","@id":"https:\/\/denizcankizil.tr\/ru\/haberler\/gundem\/duzcede-intihar-girisiminde-bulunan-genc-kurtarildi\/","url":"https:\/\/denizcankizil.tr\/ru\/haberler\/gundem\/duzcede-intihar-girisiminde-bulunan-genc-kurtarildi\/","name":"D\u00fczce'de intihar giri\u015fiminde bulunan gen\u00e7 kurtar\u0131ld\u0131 - Av. Deniz Can K\u0131z\u0131l","isPartOf":{"@id":"https:\/\/denizcankizil.tr\/de\/#website"},"datePublished":"2025-05-09T06:43:09+00:00","breadcrumb":{"@id":"https:\/\/denizcankizil.tr\/ru\/haberler\/gundem\/duzcede-intihar-girisiminde-bulunan-genc-kurtarildi\/#breadcrumb"},"inLanguage":"en-GB","potentialAction":[{"@type":"ReadAction","target":["https:\/\/denizcankizil.tr\/ru\/haberler\/gundem\/duzcede-intihar-girisiminde-bulunan-genc-kurtarildi\/"]}]},{"@type":"BreadcrumbList","@id":"https:\/\/denizcankizil.tr\/ru\/haberler\/gundem\/duzcede-intihar-girisiminde-bulunan-genc-kurtarildi\/#breadcrumb","itemListElement":[{"@type":"ListItem","position":1,"name":"Home","item":"https:\/\/denizcankizil.tr\/de\/"},{"@type":"ListItem","position":2,"name":"D\u00fczce&#8217;de intihar giri\u015fiminde bulunan gen\u00e7 kurtar\u0131ld\u0131"}]},{"@type":"WebSite","@id":"https:\/\/denizcankizil.tr\/de\/#website","url":"https:\/\/denizcankizil.tr\/de\/","name":"Av. Deniz Can K\u0131z\u0131l","description":"Avukat Deniz Can K\u0131z\u0131l Antalya Barosu","publisher":{"@id":"https:\/\/denizcankizil.tr\/de\/#organization"},"potentialAction":[{"@type":"SearchAction","target":{"@type":"EntryPoint","urlTemplate":"https:\/\/denizcankizil.tr\/de\/?s={search_term_string}"},"query-input":{"@type":"PropertyValueSpecification","valueRequired":true,"valueName":"search_term_string"}}],"inLanguage":"en-GB"},{"@type":"Organization","@id":"https:\/\/denizcankizil.tr\/de\/#organization","name":"Av. Deniz Can K\u0131z\u0131l","url":"https:\/\/denizcankizil.tr\/de\/","logo":{"@type":"ImageObject","inLanguage":"en-GB","@id":"https:\/\/denizcankizil.tr\/de\/#\/schema\/logo\/image\/","url":"https:\/\/denizcankizil.tr\/wp-content\/uploads\/2024\/10\/siyah-logo-svg.svg","contentUrl":"https:\/\/denizcankizil.tr\/wp-content\/uploads\/2024\/10\/siyah-logo-svg.svg","width":1080,"height":1080,"caption":"Av. Deniz Can K\u0131z\u0131l"},"image":{"@id":"https:\/\/denizcankizil.tr\/de\/#\/schema\/logo\/image\/"}},{"@type":"Person","@id":"https:\/\/denizcankizil.tr\/de\/#\/schema\/person\/be3c05fe6a12686905512445d8185489","name":"admin","image":{"@type":"ImageObject","inLanguage":"en-GB","@id":"https:\/\/denizcankizil.tr\/de\/#\/schema\/person\/image\/","url":"https:\/\/secure.gravatar.com\/avatar\/c1fce94c830dc79107e174f890d7210541c4a63e8e5d816341794a2151c9d58c?s=96&d=mm&r=g","contentUrl":"https:\/\/secure.gravatar.com\/avatar\/c1fce94c830dc79107e174f890d7210541c4a63e8e5d816341794a2151c9d58c?s=96&d=mm&r=g","caption":"admin"},"sameAs":["http:\/\/denizcankizil.tr"],"url":"https:\/\/www.iskenderun.org\/duzcede-intihar-girisiminde-bulunan-genc-kurtarildi"}]}},"_links":{"self":[{"href":"https:\/\/denizcankizil.tr\/en\/wp-json\/wp\/v2\/posts\/80916","targetHints":{"allow":["GET"]}}],"collection":[{"href":"https:\/\/denizcankizil.tr\/en\/wp-json\/wp\/v2\/posts"}],"about":[{"href":"https:\/\/denizcankizil.tr\/en\/wp-json\/wp\/v2\/types\/post"}],"author":[{"embeddable":true,"href":"https:\/\/denizcankizil.tr\/en\/wp-json\/wp\/v2\/users\/1"}],"replies":[{"embeddable":true,"href":"https:\/\/denizcankizil.tr\/en\/wp-json\/wp\/v2\/comments?post=80916"}],"version-history":[{"count":0,"href":"https:\/\/denizcankizil.tr\/en\/wp-json\/wp\/v2\/posts\/80916\/revisions"}],"wp:attachment":[{"href":"https:\/\/denizcankizil.tr\/en\/wp-json\/wp\/v2\/media?parent=80916"}],"wp:term":[{"taxonomy":"category","embeddable":true,"href":"https:\/\/denizcankizil.tr\/en\/wp-json\/wp\/v2\/categories?post=80916"},{"taxonomy":"post_tag","embeddable":true,"href":"https:\/\/denizcankizil.tr\/en\/wp-json\/wp\/v2\/tags?post=80916"}],"curies":[{"name":"wp","href":"https:\/\/api.w.org\/{rel}","templated":true}]}}