{"id":80389,"date":"2025-05-08T22:41:29","date_gmt":"2025-05-08T19:41:29","guid":{"rendered":"https:\/\/denizcankizil.tr\/uncategorized-tr\/aksu-devlet-hastanesi-insaatinda-sona-yaklasildi-acilis-ne-zaman\/"},"modified":"2025-05-08T22:41:29","modified_gmt":"2025-05-08T19:41:29","slug":"aksu-devlet-hastanesi-insaatinda-sona-yaklasildi-acilis-ne-zaman","status":"publish","type":"post","link":"https:\/\/denizcankizil.tr\/en\/haberler\/gundem\/aksu-devlet-hastanesi-insaatinda-sona-yaklasildi-acilis-ne-zaman\/","title":{"rendered":"Aksu Devlet Hastanesi in\u015faat\u0131nda sona yakla\u015f\u0131ld\u0131! A\u00e7\u0131l\u0131\u015f  ne zaman?"},"content":{"rendered":"<p>AK Parti Antalya \u0130l Ba\u015fkan\u0131 Ali \u00c7etin, Aksu Devlet Hastanesi&#8217;nde incelemelerde bulundu. \u00c7etin, 60 d\u00f6n\u00fcm arazi \u00fczerine in\u015fa edilen hastanenin, 300 yatak kapasitesine sahip olaca\u011f\u0131n\u0131 belirtti. \u0130n\u015faat\u0131n y\u00fczde 75-80 oran\u0131nda tamamland\u0131\u011f\u0131n\u0131 belirten \u00c7etin, hastanenin modern yap\u0131s\u0131yla Antalya&#8217;n\u0131n sa\u011fl\u0131k altyap\u0131s\u0131na b\u00fcy\u00fck bir katk\u0131 sa\u011flayaca\u011f\u0131n\u0131 vurgulad\u0131.<\/p>\n<p>84 B\u0130N METREKAREL\u0130K B\u0130R ALANDA <\/p>\n<p>Aksu Devlet Hastanesi, 84 bin metrekarelik bir in\u015faat alan\u0131na sahip olmas\u0131yla \u00f6ne \u00e7\u0131k\u0131yor. Hastane, sadece geni\u015fli\u011fiyle de\u011fil, ayn\u0131 zamanda sundu\u011fu sa\u011fl\u0131k hizmeti potansiyeliyle dikkat \u00e7ekiyor. \u00c7etin, hastanenin yap\u0131m\u0131n\u0131n h\u0131zla devam etti\u011fini ve b\u00f6lgedeki sa\u011fl\u0131k ihtiya\u00e7lar\u0131n\u0131 kar\u015f\u0131lamak ad\u0131na \u00f6nemli bir ad\u0131m oldu\u011funu ifade etti.<\/p>\n<p>DEPREM G\u00dcVENL\u0130\u011e\u0130 \u00d6N PLANDA<\/p>\n<p>Hastanenin dikkat \u00e7eken \u00f6zelliklerinden biri ise sismik deprem izolat\u00f6rleriyle donat\u0131lmas\u0131 oldu. Hastanenin her bir kolonunun alt\u0131na yerle\u015ftirilen sismik izolat\u00f6rlerle, olas\u0131 bir depremde g\u00fcvenli\u011fin \u00f6n planda tutuldu\u011funu s\u00f6yleyen \u00c7etin, &#8220;Bu hastane, hem yap\u0131sal hem de i\u015flevsel anlamda Antalya&#8217;n\u0131n sa\u011fl\u0131k altyap\u0131s\u0131na katk\u0131 sa\u011flayacak. Sismik izolat\u00f6rler sayesinde, binam\u0131z deprem gibi do\u011fal afetlere kar\u015f\u0131 dayan\u0131kl\u0131 olacak&#8221; \u015feklinde a\u00e7\u0131klama yapt\u0131.<\/p>\n<p>\u200bAntalya\u2019n\u0131n Aksu il\u00e7esinde 300 yatak kapasiteli Aksu Devlet Hastanesi in\u015faat\u0131nda sona yakla\u015f\u0131ld\u0131. \u0130n\u015faat\u0131 inceleyen AK Parti Antalya \u0130l Ba\u015fkan\u0131 Ali \u00c7etin, in\u015faat\u0131n y\u00fczde 75-80 oran\u0131nda tamamland\u0131\u011f\u0131n\u0131 a\u00e7\u0131klad\u0131. Hastane hizmete girdi\u011finde Antalya\u2019n\u0131n do\u011fu b\u00f6lgesinde \u00f6nemli bir eksiklik giderilmi\u015f olacak.\u00a0<\/p>\n<p>\u200bHaberin Al\u0131nt\u0131land\u0131\u011f\u0131 Kaynak: www.antalyakorfez.com<\/p>","protected":false},"excerpt":{"rendered":"<p>AK Parti Antalya \u0130l Ba\u015fkan\u0131 Ali \u00c7etin, Aksu Devlet Hastanesi&#8217;nde incelemelerde bulundu. \u00c7etin, 60 d\u00f6n\u00fcm arazi \u00fczerine in\u015fa edilen hastanenin, 300 yatak kapasitesine sahip olaca\u011f\u0131n\u0131 belirtti. \u0130n\u015faat\u0131n y\u00fczde 75-80 oran\u0131nda tamamland\u0131\u011f\u0131n\u0131 belirten \u00c7etin, hastanenin modern yap\u0131s\u0131yla Antalya&#8217;n\u0131n sa\u011fl\u0131k altyap\u0131s\u0131na b\u00fcy\u00fck bir katk\u0131 sa\u011flayaca\u011f\u0131n\u0131 vurgulad\u0131. 84 B\u0130N METREKAREL\u0130K B\u0130R ALANDA Aksu Devlet Hastanesi, 84 bin metrekarelik bir in\u015faat alan\u0131na sahip olmas\u0131yla \u00f6ne \u00e7\u0131k\u0131yor. Hastane, sadece geni\u015fli\u011fiyle de\u011fil, ayn\u0131 zamanda sundu\u011fu sa\u011fl\u0131k hizmeti potansiyeliyle dikkat \u00e7ekiyor. \u00c7etin, hastanenin yap\u0131m\u0131n\u0131n h\u0131zla devam etti\u011fini ve b\u00f6lgedeki sa\u011fl\u0131k ihtiya\u00e7lar\u0131n\u0131 kar\u015f\u0131lamak ad\u0131na \u00f6nemli bir ad\u0131m oldu\u011funu ifade etti. DEPREM G\u00dcVENL\u0130\u011e\u0130 \u00d6N PLANDA Hastanenin dikkat \u00e7eken \u00f6zelliklerinden biri ise sismik deprem izolat\u00f6rleriyle donat\u0131lmas\u0131 oldu. Hastanenin her bir kolonunun alt\u0131na yerle\u015ftirilen sismik izolat\u00f6rlerle, olas\u0131 bir depremde g\u00fcvenli\u011fin \u00f6n planda tutuldu\u011funu s\u00f6yleyen \u00c7etin, &#8220;Bu hastane, hem yap\u0131sal hem de i\u015flevsel anlamda Antalya&#8217;n\u0131n sa\u011fl\u0131k altyap\u0131s\u0131na katk\u0131 sa\u011flayacak. Sismik izolat\u00f6rler sayesinde, binam\u0131z deprem gibi do\u011fal afetlere kar\u015f\u0131 dayan\u0131kl\u0131 olacak&#8221; \u015feklinde a\u00e7\u0131klama yapt\u0131. \u200bAntalya\u2019n\u0131n Aksu il\u00e7esinde 300 yatak kapasiteli Aksu Devlet Hastanesi in\u015faat\u0131nda sona yakla\u015f\u0131ld\u0131. \u0130n\u015faat\u0131 inceleyen AK Parti Antalya \u0130l Ba\u015fkan\u0131 Ali \u00c7etin, in\u015faat\u0131n y\u00fczde 75-80 oran\u0131nda tamamland\u0131\u011f\u0131n\u0131 a\u00e7\u0131klad\u0131. Hastane hizmete girdi\u011finde Antalya\u2019n\u0131n do\u011fu b\u00f6lgesinde \u00f6nemli bir eksiklik giderilmi\u015f olacak.\u00a0 \u200bHaberin Al\u0131nt\u0131land\u0131\u011f\u0131 Kaynak: www.antalyakorfez.com<\/p>","protected":false},"author":5,"featured_media":0,"comment_status":"","ping_status":"open","sticky":false,"template":"","format":"standard","meta":{"_acf_changed":false,"footnotes":""},"categories":[24],"tags":[],"class_list":["post-80389","post","type-post","status-publish","format-standard","has-post-thumbnail","hentry","category-gundem"],"acf":[],"yoast_head":"<!-- This site is optimized with the Yoast SEO Premium plugin v26.6 (Yoast SEO v27.1.1) - https:\/\/yoast.com\/product\/yoast-seo-premium-wordpress\/ -->\n<title>Aksu Devlet Hastanesi in\u015faat\u0131nda sona yakla\u015f\u0131ld\u0131! A\u00e7\u0131l\u0131\u015f ne zaman? - Av. Deniz Can K\u0131z\u0131l<\/title>\n<meta name=\"robots\" content=\"index, follow, max-snippet:-1, max-image-preview:large, max-video-preview:-1\" \/>\n<link rel=\"canonical\" href=\"https:\/\/denizcankizil.tr\/en\/haberler\/gundem\/aksu-devlet-hastanesi-insaatinda-sona-yaklasildi-acilis-ne-zaman\/\" \/>\n<meta property=\"og:locale\" content=\"en_GB\" \/>\n<meta property=\"og:type\" content=\"article\" \/>\n<meta property=\"og:title\" content=\"Aksu Devlet Hastanesi in\u015faat\u0131nda sona yakla\u015f\u0131ld\u0131! A\u00e7\u0131l\u0131\u015f ne zaman?\" \/>\n<meta property=\"og:description\" content=\"AK Parti Antalya \u0130l Ba\u015fkan\u0131 Ali \u00c7etin, Aksu Devlet Hastanesi&#8217;nde incelemelerde bulundu. \u00c7etin, 60 d\u00f6n\u00fcm arazi \u00fczerine in\u015fa edilen hastanenin, 300 yatak kapasitesine sahip olaca\u011f\u0131n\u0131 belirtti. \u0130n\u015faat\u0131n y\u00fczde 75-80 oran\u0131nda tamamland\u0131\u011f\u0131n\u0131 belirten \u00c7etin, hastanenin modern yap\u0131s\u0131yla Antalya&#8217;n\u0131n sa\u011fl\u0131k altyap\u0131s\u0131na b\u00fcy\u00fck bir katk\u0131 sa\u011flayaca\u011f\u0131n\u0131 vurgulad\u0131. 84 B\u0130N METREKAREL\u0130K B\u0130R ALANDA Aksu Devlet Hastanesi, 84 bin metrekarelik bir in\u015faat alan\u0131na sahip olmas\u0131yla \u00f6ne \u00e7\u0131k\u0131yor. Hastane, sadece geni\u015fli\u011fiyle de\u011fil, ayn\u0131 zamanda sundu\u011fu sa\u011fl\u0131k hizmeti potansiyeliyle dikkat \u00e7ekiyor. \u00c7etin, hastanenin yap\u0131m\u0131n\u0131n h\u0131zla devam etti\u011fini ve b\u00f6lgedeki sa\u011fl\u0131k ihtiya\u00e7lar\u0131n\u0131 kar\u015f\u0131lamak ad\u0131na \u00f6nemli bir ad\u0131m oldu\u011funu ifade etti. DEPREM G\u00dcVENL\u0130\u011e\u0130 \u00d6N PLANDA Hastanenin dikkat \u00e7eken \u00f6zelliklerinden biri ise sismik deprem izolat\u00f6rleriyle donat\u0131lmas\u0131 oldu. Hastanenin her bir kolonunun alt\u0131na yerle\u015ftirilen sismik izolat\u00f6rlerle, olas\u0131 bir depremde g\u00fcvenli\u011fin \u00f6n planda tutuldu\u011funu s\u00f6yleyen \u00c7etin, &#8220;Bu hastane, hem yap\u0131sal hem de i\u015flevsel anlamda Antalya&#8217;n\u0131n sa\u011fl\u0131k altyap\u0131s\u0131na katk\u0131 sa\u011flayacak. Sismik izolat\u00f6rler sayesinde, binam\u0131z deprem gibi do\u011fal afetlere kar\u015f\u0131 dayan\u0131kl\u0131 olacak&#8221; \u015feklinde a\u00e7\u0131klama yapt\u0131. \u200bAntalya\u2019n\u0131n Aksu il\u00e7esinde 300 yatak kapasiteli Aksu Devlet Hastanesi in\u015faat\u0131nda sona yakla\u015f\u0131ld\u0131. \u0130n\u015faat\u0131 inceleyen AK Parti Antalya \u0130l Ba\u015fkan\u0131 Ali \u00c7etin, in\u015faat\u0131n y\u00fczde 75-80 oran\u0131nda tamamland\u0131\u011f\u0131n\u0131 a\u00e7\u0131klad\u0131. Hastane hizmete girdi\u011finde Antalya\u2019n\u0131n do\u011fu b\u00f6lgesinde \u00f6nemli bir eksiklik giderilmi\u015f olacak.\u00a0 \u200bHaberin Al\u0131nt\u0131land\u0131\u011f\u0131 Kaynak: www.antalyakorfez.com\" \/>\n<meta property=\"og:url\" content=\"https:\/\/denizcankizil.tr\/en\/haberler\/gundem\/aksu-devlet-hastanesi-insaatinda-sona-yaklasildi-acilis-ne-zaman\/\" \/>\n<meta property=\"og:site_name\" content=\"Av. Deniz Can K\u0131z\u0131l\" \/>\n<meta property=\"article:published_time\" content=\"2025-05-08T19:41:29+00:00\" \/>\n<meta name=\"author\" content=\"Antalya K\u00f6rfez\" \/>\n<meta name=\"twitter:card\" content=\"summary_large_image\" \/>\n<meta name=\"twitter:label1\" content=\"Written by\" \/>\n\t<meta name=\"twitter:data1\" content=\"Antalya K\u00f6rfez\" \/>\n\t<meta name=\"twitter:label2\" content=\"Estimated reading time\" \/>\n\t<meta name=\"twitter:data2\" content=\"1 minute\" \/>\n<script type=\"application\/ld+json\" class=\"yoast-schema-graph\">{\"@context\":\"https:\/\/schema.org\",\"@graph\":[{\"@type\":\"Article\",\"@id\":\"https:\/\/denizcankizil.tr\/en\/haberler\/gundem\/aksu-devlet-hastanesi-insaatinda-sona-yaklasildi-acilis-ne-zaman\/#article\",\"isPartOf\":{\"@id\":\"https:\/\/denizcankizil.tr\/en\/haberler\/gundem\/aksu-devlet-hastanesi-insaatinda-sona-yaklasildi-acilis-ne-zaman\/\"},\"author\":{\"name\":\"Antalya K\u00f6rfez\",\"@id\":\"https:\/\/denizcankizil.tr\/#\/schema\/person\/e1eb71bb4dd684d46563f0af307e1234\"},\"headline\":\"Aksu Devlet Hastanesi in\u015faat\u0131nda sona yakla\u015f\u0131ld\u0131! A\u00e7\u0131l\u0131\u015f ne zaman?\",\"datePublished\":\"2025-05-08T19:41:29+00:00\",\"mainEntityOfPage\":{\"@id\":\"https:\/\/denizcankizil.tr\/en\/haberler\/gundem\/aksu-devlet-hastanesi-insaatinda-sona-yaklasildi-acilis-ne-zaman\/\"},\"wordCount\":298,\"publisher\":{\"@id\":\"https:\/\/denizcankizil.tr\/#organization\"},\"articleSection\":[\"G\u00fcndem\"],\"inLanguage\":\"en-GB\"},{\"@type\":\"WebPage\",\"@id\":\"https:\/\/denizcankizil.tr\/en\/haberler\/gundem\/aksu-devlet-hastanesi-insaatinda-sona-yaklasildi-acilis-ne-zaman\/\",\"url\":\"https:\/\/denizcankizil.tr\/en\/haberler\/gundem\/aksu-devlet-hastanesi-insaatinda-sona-yaklasildi-acilis-ne-zaman\/\",\"name\":\"Aksu Devlet Hastanesi in\u015faat\u0131nda sona yakla\u015f\u0131ld\u0131! A\u00e7\u0131l\u0131\u015f ne zaman? - Av. Deniz Can K\u0131z\u0131l\",\"isPartOf\":{\"@id\":\"https:\/\/denizcankizil.tr\/#website\"},\"datePublished\":\"2025-05-08T19:41:29+00:00\",\"breadcrumb\":{\"@id\":\"https:\/\/denizcankizil.tr\/en\/haberler\/gundem\/aksu-devlet-hastanesi-insaatinda-sona-yaklasildi-acilis-ne-zaman\/#breadcrumb\"},\"inLanguage\":\"en-GB\",\"potentialAction\":[{\"@type\":\"ReadAction\",\"target\":[\"https:\/\/denizcankizil.tr\/en\/haberler\/gundem\/aksu-devlet-hastanesi-insaatinda-sona-yaklasildi-acilis-ne-zaman\/\"]}]},{\"@type\":\"BreadcrumbList\",\"@id\":\"https:\/\/denizcankizil.tr\/en\/haberler\/gundem\/aksu-devlet-hastanesi-insaatinda-sona-yaklasildi-acilis-ne-zaman\/#breadcrumb\",\"itemListElement\":[{\"@type\":\"ListItem\",\"position\":1,\"name\":\"Home\",\"item\":\"https:\/\/denizcankizil.tr\/de\/\"},{\"@type\":\"ListItem\",\"position\":2,\"name\":\"Aksu Devlet Hastanesi in\u015faat\u0131nda sona yakla\u015f\u0131ld\u0131! A\u00e7\u0131l\u0131\u015f ne zaman?\"}]},{\"@type\":\"WebSite\",\"@id\":\"https:\/\/denizcankizil.tr\/#website\",\"url\":\"https:\/\/denizcankizil.tr\/\",\"name\":\"Av. Deniz Can K\u0131z\u0131l\",\"description\":\"Avukat Deniz Can K\u0131z\u0131l Antalya Barosu\",\"publisher\":{\"@id\":\"https:\/\/denizcankizil.tr\/#organization\"},\"potentialAction\":[{\"@type\":\"SearchAction\",\"target\":{\"@type\":\"EntryPoint\",\"urlTemplate\":\"https:\/\/denizcankizil.tr\/?s={search_term_string}\"},\"query-input\":{\"@type\":\"PropertyValueSpecification\",\"valueRequired\":true,\"valueName\":\"search_term_string\"}}],\"inLanguage\":\"en-GB\"},{\"@type\":\"Organization\",\"@id\":\"https:\/\/denizcankizil.tr\/#organization\",\"name\":\"Av. Deniz Can K\u0131z\u0131l\",\"url\":\"https:\/\/denizcankizil.tr\/\",\"logo\":{\"@type\":\"ImageObject\",\"inLanguage\":\"en-GB\",\"@id\":\"https:\/\/denizcankizil.tr\/#\/schema\/logo\/image\/\",\"url\":\"https:\/\/denizcankizil.tr\/wp-content\/uploads\/2024\/10\/siyah-logo-svg.svg\",\"contentUrl\":\"https:\/\/denizcankizil.tr\/wp-content\/uploads\/2024\/10\/siyah-logo-svg.svg\",\"width\":1080,\"height\":1080,\"caption\":\"Av. Deniz Can K\u0131z\u0131l\"},\"image\":{\"@id\":\"https:\/\/denizcankizil.tr\/#\/schema\/logo\/image\/\"}},{\"@type\":\"Person\",\"@id\":\"https:\/\/denizcankizil.tr\/#\/schema\/person\/e1eb71bb4dd684d46563f0af307e1234\",\"name\":\"Antalya K\u00f6rfez\",\"image\":{\"@type\":\"ImageObject\",\"inLanguage\":\"en-GB\",\"@id\":\"https:\/\/denizcankizil.tr\/#\/schema\/person\/image\/\",\"url\":\"https:\/\/secure.gravatar.com\/avatar\/42b01982558a48a0b501fdcab6a408d3717ea5919095ee2e67b0e521799c5905?s=96&d=mm&r=g\",\"contentUrl\":\"https:\/\/secure.gravatar.com\/avatar\/42b01982558a48a0b501fdcab6a408d3717ea5919095ee2e67b0e521799c5905?s=96&d=mm&r=g\",\"caption\":\"Antalya K\u00f6rfez\"},\"sameAs\":[\"http:\/\/www.antalyakorfez.com\"],\"url\":\"https:\/\/www.antalyakorfez.com\/aksu-devlet-hastanesi-insaatinda-sona-yaklasildi-acilis-ne-zaman\"}]}<\/script>\n<!-- \/ Yoast SEO Premium plugin. -->","yoast_head_json":{"title":"Aksu Devlet Hastanesi in\u015faat\u0131nda sona yakla\u015f\u0131ld\u0131! A\u00e7\u0131l\u0131\u015f ne zaman? - Av. Deniz Can K\u0131z\u0131l","robots":{"index":"index","follow":"follow","max-snippet":"max-snippet:-1","max-image-preview":"max-image-preview:large","max-video-preview":"max-video-preview:-1"},"canonical":"https:\/\/denizcankizil.tr\/en\/haberler\/gundem\/aksu-devlet-hastanesi-insaatinda-sona-yaklasildi-acilis-ne-zaman\/","og_locale":"en_GB","og_type":"article","og_title":"Aksu Devlet Hastanesi in\u015faat\u0131nda sona yakla\u015f\u0131ld\u0131! A\u00e7\u0131l\u0131\u015f ne zaman?","og_description":"AK Parti Antalya \u0130l Ba\u015fkan\u0131 Ali \u00c7etin, Aksu Devlet Hastanesi&#8217;nde incelemelerde bulundu. \u00c7etin, 60 d\u00f6n\u00fcm arazi \u00fczerine in\u015fa edilen hastanenin, 300 yatak kapasitesine sahip olaca\u011f\u0131n\u0131 belirtti. \u0130n\u015faat\u0131n y\u00fczde 75-80 oran\u0131nda tamamland\u0131\u011f\u0131n\u0131 belirten \u00c7etin, hastanenin modern yap\u0131s\u0131yla Antalya&#8217;n\u0131n sa\u011fl\u0131k altyap\u0131s\u0131na b\u00fcy\u00fck bir katk\u0131 sa\u011flayaca\u011f\u0131n\u0131 vurgulad\u0131. 84 B\u0130N METREKAREL\u0130K B\u0130R ALANDA Aksu Devlet Hastanesi, 84 bin metrekarelik bir in\u015faat alan\u0131na sahip olmas\u0131yla \u00f6ne \u00e7\u0131k\u0131yor. Hastane, sadece geni\u015fli\u011fiyle de\u011fil, ayn\u0131 zamanda sundu\u011fu sa\u011fl\u0131k hizmeti potansiyeliyle dikkat \u00e7ekiyor. \u00c7etin, hastanenin yap\u0131m\u0131n\u0131n h\u0131zla devam etti\u011fini ve b\u00f6lgedeki sa\u011fl\u0131k ihtiya\u00e7lar\u0131n\u0131 kar\u015f\u0131lamak ad\u0131na \u00f6nemli bir ad\u0131m oldu\u011funu ifade etti. DEPREM G\u00dcVENL\u0130\u011e\u0130 \u00d6N PLANDA Hastanenin dikkat \u00e7eken \u00f6zelliklerinden biri ise sismik deprem izolat\u00f6rleriyle donat\u0131lmas\u0131 oldu. Hastanenin her bir kolonunun alt\u0131na yerle\u015ftirilen sismik izolat\u00f6rlerle, olas\u0131 bir depremde g\u00fcvenli\u011fin \u00f6n planda tutuldu\u011funu s\u00f6yleyen \u00c7etin, &#8220;Bu hastane, hem yap\u0131sal hem de i\u015flevsel anlamda Antalya&#8217;n\u0131n sa\u011fl\u0131k altyap\u0131s\u0131na katk\u0131 sa\u011flayacak. Sismik izolat\u00f6rler sayesinde, binam\u0131z deprem gibi do\u011fal afetlere kar\u015f\u0131 dayan\u0131kl\u0131 olacak&#8221; \u015feklinde a\u00e7\u0131klama yapt\u0131. \u200bAntalya\u2019n\u0131n Aksu il\u00e7esinde 300 yatak kapasiteli Aksu Devlet Hastanesi in\u015faat\u0131nda sona yakla\u015f\u0131ld\u0131. \u0130n\u015faat\u0131 inceleyen AK Parti Antalya \u0130l Ba\u015fkan\u0131 Ali \u00c7etin, in\u015faat\u0131n y\u00fczde 75-80 oran\u0131nda tamamland\u0131\u011f\u0131n\u0131 a\u00e7\u0131klad\u0131. Hastane hizmete girdi\u011finde Antalya\u2019n\u0131n do\u011fu b\u00f6lgesinde \u00f6nemli bir eksiklik giderilmi\u015f olacak.\u00a0 \u200bHaberin Al\u0131nt\u0131land\u0131\u011f\u0131 Kaynak: www.antalyakorfez.com","og_url":"https:\/\/denizcankizil.tr\/en\/haberler\/gundem\/aksu-devlet-hastanesi-insaatinda-sona-yaklasildi-acilis-ne-zaman\/","og_site_name":"Av. Deniz Can K\u0131z\u0131l","article_published_time":"2025-05-08T19:41:29+00:00","author":"Antalya K\u00f6rfez","twitter_card":"summary_large_image","twitter_misc":{"Written by":"Antalya K\u00f6rfez","Estimated reading time":"1 minute"},"schema":{"@context":"https:\/\/schema.org","@graph":[{"@type":"Article","@id":"https:\/\/denizcankizil.tr\/en\/haberler\/gundem\/aksu-devlet-hastanesi-insaatinda-sona-yaklasildi-acilis-ne-zaman\/#article","isPartOf":{"@id":"https:\/\/denizcankizil.tr\/en\/haberler\/gundem\/aksu-devlet-hastanesi-insaatinda-sona-yaklasildi-acilis-ne-zaman\/"},"author":{"name":"Antalya K\u00f6rfez","@id":"https:\/\/denizcankizil.tr\/#\/schema\/person\/e1eb71bb4dd684d46563f0af307e1234"},"headline":"Aksu Devlet Hastanesi in\u015faat\u0131nda sona yakla\u015f\u0131ld\u0131! A\u00e7\u0131l\u0131\u015f ne zaman?","datePublished":"2025-05-08T19:41:29+00:00","mainEntityOfPage":{"@id":"https:\/\/denizcankizil.tr\/en\/haberler\/gundem\/aksu-devlet-hastanesi-insaatinda-sona-yaklasildi-acilis-ne-zaman\/"},"wordCount":298,"publisher":{"@id":"https:\/\/denizcankizil.tr\/#organization"},"articleSection":["G\u00fcndem"],"inLanguage":"en-GB"},{"@type":"WebPage","@id":"https:\/\/denizcankizil.tr\/en\/haberler\/gundem\/aksu-devlet-hastanesi-insaatinda-sona-yaklasildi-acilis-ne-zaman\/","url":"https:\/\/denizcankizil.tr\/en\/haberler\/gundem\/aksu-devlet-hastanesi-insaatinda-sona-yaklasildi-acilis-ne-zaman\/","name":"Aksu Devlet Hastanesi in\u015faat\u0131nda sona yakla\u015f\u0131ld\u0131! A\u00e7\u0131l\u0131\u015f ne zaman? - Av. Deniz Can K\u0131z\u0131l","isPartOf":{"@id":"https:\/\/denizcankizil.tr\/#website"},"datePublished":"2025-05-08T19:41:29+00:00","breadcrumb":{"@id":"https:\/\/denizcankizil.tr\/en\/haberler\/gundem\/aksu-devlet-hastanesi-insaatinda-sona-yaklasildi-acilis-ne-zaman\/#breadcrumb"},"inLanguage":"en-GB","potentialAction":[{"@type":"ReadAction","target":["https:\/\/denizcankizil.tr\/en\/haberler\/gundem\/aksu-devlet-hastanesi-insaatinda-sona-yaklasildi-acilis-ne-zaman\/"]}]},{"@type":"BreadcrumbList","@id":"https:\/\/denizcankizil.tr\/en\/haberler\/gundem\/aksu-devlet-hastanesi-insaatinda-sona-yaklasildi-acilis-ne-zaman\/#breadcrumb","itemListElement":[{"@type":"ListItem","position":1,"name":"Home","item":"https:\/\/denizcankizil.tr\/de\/"},{"@type":"ListItem","position":2,"name":"Aksu Devlet Hastanesi in\u015faat\u0131nda sona yakla\u015f\u0131ld\u0131! A\u00e7\u0131l\u0131\u015f ne zaman?"}]},{"@type":"WebSite","@id":"https:\/\/denizcankizil.tr\/#website","url":"https:\/\/denizcankizil.tr\/","name":"Av. Deniz Can K\u0131z\u0131l","description":"Avukat Deniz Can K\u0131z\u0131l Antalya Barosu","publisher":{"@id":"https:\/\/denizcankizil.tr\/#organization"},"potentialAction":[{"@type":"SearchAction","target":{"@type":"EntryPoint","urlTemplate":"https:\/\/denizcankizil.tr\/?s={search_term_string}"},"query-input":{"@type":"PropertyValueSpecification","valueRequired":true,"valueName":"search_term_string"}}],"inLanguage":"en-GB"},{"@type":"Organization","@id":"https:\/\/denizcankizil.tr\/#organization","name":"Av. Deniz Can K\u0131z\u0131l","url":"https:\/\/denizcankizil.tr\/","logo":{"@type":"ImageObject","inLanguage":"en-GB","@id":"https:\/\/denizcankizil.tr\/#\/schema\/logo\/image\/","url":"https:\/\/denizcankizil.tr\/wp-content\/uploads\/2024\/10\/siyah-logo-svg.svg","contentUrl":"https:\/\/denizcankizil.tr\/wp-content\/uploads\/2024\/10\/siyah-logo-svg.svg","width":1080,"height":1080,"caption":"Av. Deniz Can K\u0131z\u0131l"},"image":{"@id":"https:\/\/denizcankizil.tr\/#\/schema\/logo\/image\/"}},{"@type":"Person","@id":"https:\/\/denizcankizil.tr\/#\/schema\/person\/e1eb71bb4dd684d46563f0af307e1234","name":"Antalya K\u00f6rfez","image":{"@type":"ImageObject","inLanguage":"en-GB","@id":"https:\/\/denizcankizil.tr\/#\/schema\/person\/image\/","url":"https:\/\/secure.gravatar.com\/avatar\/42b01982558a48a0b501fdcab6a408d3717ea5919095ee2e67b0e521799c5905?s=96&d=mm&r=g","contentUrl":"https:\/\/secure.gravatar.com\/avatar\/42b01982558a48a0b501fdcab6a408d3717ea5919095ee2e67b0e521799c5905?s=96&d=mm&r=g","caption":"Antalya K\u00f6rfez"},"sameAs":["http:\/\/www.antalyakorfez.com"],"url":"https:\/\/www.antalyakorfez.com\/aksu-devlet-hastanesi-insaatinda-sona-yaklasildi-acilis-ne-zaman"}]}},"_links":{"self":[{"href":"https:\/\/denizcankizil.tr\/en\/wp-json\/wp\/v2\/posts\/80389","targetHints":{"allow":["GET"]}}],"collection":[{"href":"https:\/\/denizcankizil.tr\/en\/wp-json\/wp\/v2\/posts"}],"about":[{"href":"https:\/\/denizcankizil.tr\/en\/wp-json\/wp\/v2\/types\/post"}],"author":[{"embeddable":true,"href":"https:\/\/denizcankizil.tr\/en\/wp-json\/wp\/v2\/users\/5"}],"replies":[{"embeddable":true,"href":"https:\/\/denizcankizil.tr\/en\/wp-json\/wp\/v2\/comments?post=80389"}],"version-history":[{"count":0,"href":"https:\/\/denizcankizil.tr\/en\/wp-json\/wp\/v2\/posts\/80389\/revisions"}],"wp:attachment":[{"href":"https:\/\/denizcankizil.tr\/en\/wp-json\/wp\/v2\/media?parent=80389"}],"wp:term":[{"taxonomy":"category","embeddable":true,"href":"https:\/\/denizcankizil.tr\/en\/wp-json\/wp\/v2\/categories?post=80389"},{"taxonomy":"post_tag","embeddable":true,"href":"https:\/\/denizcankizil.tr\/en\/wp-json\/wp\/v2\/tags?post=80389"}],"curies":[{"name":"wp","href":"https:\/\/api.w.org\/{rel}","templated":true}]}}