{"id":80168,"date":"2025-05-08T17:41:36","date_gmt":"2025-05-08T14:41:36","guid":{"rendered":"https:\/\/denizcankizil.tr\/uncategorized-tr\/antalyada-falezlerdeki-tuneller-goruntulendi-yerin-altindan-girip-denizden-cikiliyor\/"},"modified":"2025-05-08T17:41:36","modified_gmt":"2025-05-08T14:41:36","slug":"antalyada-falezlerdeki-tuneller-goruntulendi-yerin-altindan-girip-denizden-cikiliyor","status":"publish","type":"post","link":"https:\/\/denizcankizil.tr\/en\/haberler\/gundem\/antalyada-falezlerdeki-tuneller-goruntulendi-yerin-altindan-girip-denizden-cikiliyor\/","title":{"rendered":"Antalya\u2019da falezlerdeki t\u00fcneller g\u00f6r\u00fcnt\u00fclendi: Yerin alt\u0131ndan girip denizden \u00e7\u0131k\u0131l\u0131yor"},"content":{"rendered":"<p>Akdeniz \u00dcniversitesi M\u00fchendislik Fak\u00fcltesi \u0130n\u015faat M\u00fchendisli\u011fi B\u00f6l\u00fcm\u00fc \u00d6\u011fretim \u00dcyesi Prof. Dr. Nihat Dipova falezlerde iki i\u015fletmenin tatilcilerini denizle bulu\u015fturmak i\u00e7in t\u00fcnel yapt\u0131\u011f\u0131n\u0131 ileri s\u00fcrm\u00fc\u015ft\u00fc. Antalya\u2019da ilk defa K\u00f6rfez Gazetesinin g\u00fcndeme getirdi\u011fi olayda falezlerin alt\u0131nda bulunan t\u00fcneller yak\u0131ndan g\u00f6r\u00fcnt\u00fclendi. Ne zaman yap\u0131ld\u0131\u011f\u0131 belli olmayan t\u00fcnellerin kap\u0131s\u0131n\u0131n denize ve havuza a\u00e7\u0131ld\u0131\u011f\u0131 g\u00f6r\u00fcld\u00fc.<\/p>\n<p>D\u0130POVA G\u00dcNDEME TA\u015eIDI<\/p>\n<p>Antalya Kent Konseyi taraf\u0131ndan d\u00fczenlenen \u201c21. Y\u00fczy\u0131lda Antalya\u201d \u00e7al\u0131\u015ftay\u0131 kapsam\u0131nda d\u00fczenlenen \u201cKentsel Su Y\u00f6netimi ve S\u00fcrd\u00fcr\u00fclebilirlik\u201d ba\u015fl\u0131kl\u0131 oturum, Kent Konseyi toplant\u0131 salonunda yap\u0131ld\u0131. Falezlerin korunmas\u0131 konusu Prof. Dr. Nihat Dipova taraf\u0131ndan ele al\u0131nd\u0131.<\/p>\n<p>FALEZLERDE T\u00dcNEL A\u00c7ILDI<\/p>\n<p>Oturumda yapt\u0131\u011f\u0131 sunumda falezlerdeki do\u011fal s\u00fcreci ve ya\u015fanan m\u00fcdahaleleri anlatan Prof. Dr. Dipova, \u201cFalezlerin her yerinde ma\u011faralar var. Bunlardan biri Yarasa Ma\u011faras\u0131 olarak biliniyor. Bir d\u00f6nem buraya \u0131\u015f\u0131kland\u0131rma yap\u0131lm\u0131\u015ft\u0131, gelen tepkiler \u00fczerine geri ad\u0131m at\u0131ld\u0131. \u015eimdi ise falezlerin alt\u0131na t\u00fcneller a\u00e7\u0131ld\u0131\u011f\u0131n\u0131 g\u00f6r\u00fcyoruz. \u0130ki otelin falezlerin i\u00e7inden denize ula\u015fmak i\u00e7in t\u00fcnel yapt\u0131\u011f\u0131 bilgisi bizlere ula\u015ft\u0131\u201d demi\u015fti.<\/p>\n<p>K\u00d6RFEZ G\u00dcNDEME GET\u0130RD\u0130<\/p>\n<p>Antalya K\u00f6rfez Gazetesi bu iddialar\u0131n ard\u0131ndan t\u00fcnellerin pe\u015fine d\u00fc\u015ft\u00fc. Yap\u0131lan ara\u015ft\u0131rmada her iki otelinde zemin kat\u0131ndan denize t\u00fcnellerle ge\u00e7i\u015f yap\u0131ld\u0131\u011f\u0131 g\u00f6r\u00fcld\u00fc. Falezlerin alt\u0131n\u0131n adeta k\u00f6stebek gibi oyularak yap\u0131lan t\u00fcneller otellerin yurti\u00e7i ve yurt d\u0131\u015f\u0131 tan\u0131t\u0131m filmlerinde kullan\u0131ld\u0131.<\/p>\n<p>T\u00dcNEL\u0130N UCUNDA DEN\u0130Z VAR<\/p>\n<p>G\u00f6r\u00fcnt\u00fclerde otellerin zeminine inen turistlerin t\u00fcnelden \u00e7\u0131k\u0131\u015fta denizle ve havuzla kar\u015f\u0131la\u015ft\u0131\u011f\u0131 g\u00f6r\u00fcld\u00fc. T\u00fcnellerin i\u00e7erisinin ayd\u0131nlat\u0131ld\u0131\u011f\u0131 ve ge\u00e7i\u015f kolayl\u0131\u011f\u0131 sa\u011fland\u0131\u011f\u0131 kaydedildi. \u00dc\u00e7 ki\u015finin ayn\u0131 anda ge\u00e7ebilece\u011fi \u015fekilde tasarlanan t\u00fcneller falezlere y\u0131llar i\u00e7erisinde verilen zarar\u0131 bir kez daha g\u00f6zler \u00f6n\u00fcne serdi.<\/p>\n<p>\u200bAntalya\u2019da bug\u00fcn ilk kez K\u00f6rfez Gazetesi\u2019nin g\u00fcndeme getirdi\u011fi falezlerdeki t\u00fcneller g\u00f6r\u00fcnt\u00fclendi. Otellerin zemin kat\u0131ndan girilen t\u00fcnellerin kap\u0131s\u0131 denize ve havuza a\u00e7\u0131ld\u0131\u011f\u0131 g\u00f6r\u00fcld\u00fc.\u00a0<\/p>\n<p>\u200bHaberin Al\u0131nt\u0131land\u0131\u011f\u0131 Kaynak: www.antalyakorfez.com<\/p>","protected":false},"excerpt":{"rendered":"<p>Akdeniz \u00dcniversitesi M\u00fchendislik Fak\u00fcltesi \u0130n\u015faat M\u00fchendisli\u011fi B\u00f6l\u00fcm\u00fc \u00d6\u011fretim \u00dcyesi Prof. Dr. Nihat Dipova falezlerde iki i\u015fletmenin tatilcilerini denizle bulu\u015fturmak i\u00e7in t\u00fcnel yapt\u0131\u011f\u0131n\u0131 ileri s\u00fcrm\u00fc\u015ft\u00fc. Antalya\u2019da ilk defa K\u00f6rfez Gazetesinin g\u00fcndeme getirdi\u011fi olayda falezlerin alt\u0131nda bulunan t\u00fcneller yak\u0131ndan g\u00f6r\u00fcnt\u00fclendi. Ne zaman yap\u0131ld\u0131\u011f\u0131 belli olmayan t\u00fcnellerin kap\u0131s\u0131n\u0131n denize ve havuza a\u00e7\u0131ld\u0131\u011f\u0131 g\u00f6r\u00fcld\u00fc. D\u0130POVA G\u00dcNDEME TA\u015eIDI Antalya Kent Konseyi taraf\u0131ndan d\u00fczenlenen \u201c21. Y\u00fczy\u0131lda Antalya\u201d \u00e7al\u0131\u015ftay\u0131 kapsam\u0131nda d\u00fczenlenen \u201cKentsel Su Y\u00f6netimi ve S\u00fcrd\u00fcr\u00fclebilirlik\u201d ba\u015fl\u0131kl\u0131 oturum, Kent Konseyi toplant\u0131 salonunda yap\u0131ld\u0131. Falezlerin korunmas\u0131 konusu Prof. Dr. Nihat Dipova taraf\u0131ndan ele al\u0131nd\u0131. FALEZLERDE T\u00dcNEL A\u00c7ILDI Oturumda yapt\u0131\u011f\u0131 sunumda falezlerdeki do\u011fal s\u00fcreci ve ya\u015fanan m\u00fcdahaleleri anlatan Prof. Dr. Dipova, \u201cFalezlerin her yerinde ma\u011faralar var. Bunlardan biri Yarasa Ma\u011faras\u0131 olarak biliniyor. Bir d\u00f6nem buraya \u0131\u015f\u0131kland\u0131rma yap\u0131lm\u0131\u015ft\u0131, gelen tepkiler \u00fczerine geri ad\u0131m at\u0131ld\u0131. \u015eimdi ise falezlerin alt\u0131na t\u00fcneller a\u00e7\u0131ld\u0131\u011f\u0131n\u0131 g\u00f6r\u00fcyoruz. \u0130ki otelin falezlerin i\u00e7inden denize ula\u015fmak i\u00e7in t\u00fcnel yapt\u0131\u011f\u0131 bilgisi bizlere ula\u015ft\u0131\u201d demi\u015fti. K\u00d6RFEZ G\u00dcNDEME GET\u0130RD\u0130 Antalya K\u00f6rfez Gazetesi bu iddialar\u0131n ard\u0131ndan t\u00fcnellerin pe\u015fine d\u00fc\u015ft\u00fc. Yap\u0131lan ara\u015ft\u0131rmada her iki otelinde zemin kat\u0131ndan denize t\u00fcnellerle ge\u00e7i\u015f yap\u0131ld\u0131\u011f\u0131 g\u00f6r\u00fcld\u00fc. Falezlerin alt\u0131n\u0131n adeta k\u00f6stebek gibi oyularak yap\u0131lan t\u00fcneller otellerin yurti\u00e7i ve yurt d\u0131\u015f\u0131 tan\u0131t\u0131m filmlerinde kullan\u0131ld\u0131. T\u00dcNEL\u0130N UCUNDA DEN\u0130Z VAR G\u00f6r\u00fcnt\u00fclerde otellerin zeminine inen turistlerin t\u00fcnelden \u00e7\u0131k\u0131\u015fta denizle ve havuzla kar\u015f\u0131la\u015ft\u0131\u011f\u0131 g\u00f6r\u00fcld\u00fc. &hellip;<\/p>","protected":false},"author":5,"featured_media":0,"comment_status":"","ping_status":"open","sticky":false,"template":"","format":"standard","meta":{"_acf_changed":false,"footnotes":""},"categories":[24],"tags":[],"class_list":["post-80168","post","type-post","status-publish","format-standard","has-post-thumbnail","hentry","category-gundem"],"acf":[],"yoast_head":"<!-- This site is optimized with the Yoast SEO Premium plugin v26.6 (Yoast SEO v27.1.1) - https:\/\/yoast.com\/product\/yoast-seo-premium-wordpress\/ -->\n<title>Antalya\u2019da falezlerdeki t\u00fcneller g\u00f6r\u00fcnt\u00fclendi: Yerin alt\u0131ndan girip denizden \u00e7\u0131k\u0131l\u0131yor - Av. Deniz Can K\u0131z\u0131l<\/title>\n<meta name=\"robots\" content=\"index, follow, max-snippet:-1, max-image-preview:large, max-video-preview:-1\" \/>\n<link rel=\"canonical\" href=\"https:\/\/denizcankizil.tr\/en\/haberler\/gundem\/antalyada-falezlerdeki-tuneller-goruntulendi-yerin-altindan-girip-denizden-cikiliyor\/\" \/>\n<meta property=\"og:locale\" content=\"en_GB\" \/>\n<meta property=\"og:type\" content=\"article\" \/>\n<meta property=\"og:title\" content=\"Antalya\u2019da falezlerdeki t\u00fcneller g\u00f6r\u00fcnt\u00fclendi: Yerin alt\u0131ndan girip denizden \u00e7\u0131k\u0131l\u0131yor\" \/>\n<meta property=\"og:description\" content=\"Akdeniz \u00dcniversitesi M\u00fchendislik Fak\u00fcltesi \u0130n\u015faat M\u00fchendisli\u011fi B\u00f6l\u00fcm\u00fc \u00d6\u011fretim \u00dcyesi Prof. Dr. Nihat Dipova falezlerde iki i\u015fletmenin tatilcilerini denizle bulu\u015fturmak i\u00e7in t\u00fcnel yapt\u0131\u011f\u0131n\u0131 ileri s\u00fcrm\u00fc\u015ft\u00fc. Antalya\u2019da ilk defa K\u00f6rfez Gazetesinin g\u00fcndeme getirdi\u011fi olayda falezlerin alt\u0131nda bulunan t\u00fcneller yak\u0131ndan g\u00f6r\u00fcnt\u00fclendi. Ne zaman yap\u0131ld\u0131\u011f\u0131 belli olmayan t\u00fcnellerin kap\u0131s\u0131n\u0131n denize ve havuza a\u00e7\u0131ld\u0131\u011f\u0131 g\u00f6r\u00fcld\u00fc. D\u0130POVA G\u00dcNDEME TA\u015eIDI Antalya Kent Konseyi taraf\u0131ndan d\u00fczenlenen \u201c21. Y\u00fczy\u0131lda Antalya\u201d \u00e7al\u0131\u015ftay\u0131 kapsam\u0131nda d\u00fczenlenen \u201cKentsel Su Y\u00f6netimi ve S\u00fcrd\u00fcr\u00fclebilirlik\u201d ba\u015fl\u0131kl\u0131 oturum, Kent Konseyi toplant\u0131 salonunda yap\u0131ld\u0131. Falezlerin korunmas\u0131 konusu Prof. Dr. Nihat Dipova taraf\u0131ndan ele al\u0131nd\u0131. FALEZLERDE T\u00dcNEL A\u00c7ILDI Oturumda yapt\u0131\u011f\u0131 sunumda falezlerdeki do\u011fal s\u00fcreci ve ya\u015fanan m\u00fcdahaleleri anlatan Prof. Dr. Dipova, \u201cFalezlerin her yerinde ma\u011faralar var. Bunlardan biri Yarasa Ma\u011faras\u0131 olarak biliniyor. Bir d\u00f6nem buraya \u0131\u015f\u0131kland\u0131rma yap\u0131lm\u0131\u015ft\u0131, gelen tepkiler \u00fczerine geri ad\u0131m at\u0131ld\u0131. \u015eimdi ise falezlerin alt\u0131na t\u00fcneller a\u00e7\u0131ld\u0131\u011f\u0131n\u0131 g\u00f6r\u00fcyoruz. \u0130ki otelin falezlerin i\u00e7inden denize ula\u015fmak i\u00e7in t\u00fcnel yapt\u0131\u011f\u0131 bilgisi bizlere ula\u015ft\u0131\u201d demi\u015fti. K\u00d6RFEZ G\u00dcNDEME GET\u0130RD\u0130 Antalya K\u00f6rfez Gazetesi bu iddialar\u0131n ard\u0131ndan t\u00fcnellerin pe\u015fine d\u00fc\u015ft\u00fc. Yap\u0131lan ara\u015ft\u0131rmada her iki otelinde zemin kat\u0131ndan denize t\u00fcnellerle ge\u00e7i\u015f yap\u0131ld\u0131\u011f\u0131 g\u00f6r\u00fcld\u00fc. Falezlerin alt\u0131n\u0131n adeta k\u00f6stebek gibi oyularak yap\u0131lan t\u00fcneller otellerin yurti\u00e7i ve yurt d\u0131\u015f\u0131 tan\u0131t\u0131m filmlerinde kullan\u0131ld\u0131. T\u00dcNEL\u0130N UCUNDA DEN\u0130Z VAR G\u00f6r\u00fcnt\u00fclerde otellerin zeminine inen turistlerin t\u00fcnelden \u00e7\u0131k\u0131\u015fta denizle ve havuzla kar\u015f\u0131la\u015ft\u0131\u011f\u0131 g\u00f6r\u00fcld\u00fc. &hellip;\" \/>\n<meta property=\"og:url\" content=\"https:\/\/denizcankizil.tr\/en\/haberler\/gundem\/antalyada-falezlerdeki-tuneller-goruntulendi-yerin-altindan-girip-denizden-cikiliyor\/\" \/>\n<meta property=\"og:site_name\" content=\"Av. Deniz Can K\u0131z\u0131l\" \/>\n<meta property=\"article:published_time\" content=\"2025-05-08T14:41:36+00:00\" \/>\n<meta name=\"author\" content=\"Antalya K\u00f6rfez\" \/>\n<meta name=\"twitter:card\" content=\"summary_large_image\" \/>\n<meta name=\"twitter:label1\" content=\"Written by\" \/>\n\t<meta name=\"twitter:data1\" content=\"Antalya K\u00f6rfez\" \/>\n\t<meta name=\"twitter:label2\" content=\"Estimated reading time\" \/>\n\t<meta name=\"twitter:data2\" content=\"2 minutes\" \/>\n<script type=\"application\/ld+json\" class=\"yoast-schema-graph\">{\"@context\":\"https:\/\/schema.org\",\"@graph\":[{\"@type\":\"Article\",\"@id\":\"https:\/\/denizcankizil.tr\/ru\/haberler\/gundem\/antalyada-falezlerdeki-tuneller-goruntulendi-yerin-altindan-girip-denizden-cikiliyor\/#article\",\"isPartOf\":{\"@id\":\"https:\/\/denizcankizil.tr\/ru\/haberler\/gundem\/antalyada-falezlerdeki-tuneller-goruntulendi-yerin-altindan-girip-denizden-cikiliyor\/\"},\"author\":{\"name\":\"Antalya K\u00f6rfez\",\"@id\":\"https:\/\/denizcankizil.tr\/de\/#\/schema\/person\/e1eb71bb4dd684d46563f0af307e1234\"},\"headline\":\"Antalya\u2019da falezlerdeki t\u00fcneller g\u00f6r\u00fcnt\u00fclendi: Yerin alt\u0131ndan girip denizden \u00e7\u0131k\u0131l\u0131yor\",\"datePublished\":\"2025-05-08T14:41:36+00:00\",\"mainEntityOfPage\":{\"@id\":\"https:\/\/denizcankizil.tr\/ru\/haberler\/gundem\/antalyada-falezlerdeki-tuneller-goruntulendi-yerin-altindan-girip-denizden-cikiliyor\/\"},\"wordCount\":418,\"publisher\":{\"@id\":\"https:\/\/denizcankizil.tr\/de\/#organization\"},\"articleSection\":[\"G\u00fcndem\"],\"inLanguage\":\"en-GB\"},{\"@type\":\"WebPage\",\"@id\":\"https:\/\/denizcankizil.tr\/ru\/haberler\/gundem\/antalyada-falezlerdeki-tuneller-goruntulendi-yerin-altindan-girip-denizden-cikiliyor\/\",\"url\":\"https:\/\/denizcankizil.tr\/ru\/haberler\/gundem\/antalyada-falezlerdeki-tuneller-goruntulendi-yerin-altindan-girip-denizden-cikiliyor\/\",\"name\":\"Antalya\u2019da falezlerdeki t\u00fcneller g\u00f6r\u00fcnt\u00fclendi: Yerin alt\u0131ndan girip denizden \u00e7\u0131k\u0131l\u0131yor - Av. Deniz Can K\u0131z\u0131l\",\"isPartOf\":{\"@id\":\"https:\/\/denizcankizil.tr\/de\/#website\"},\"datePublished\":\"2025-05-08T14:41:36+00:00\",\"breadcrumb\":{\"@id\":\"https:\/\/denizcankizil.tr\/ru\/haberler\/gundem\/antalyada-falezlerdeki-tuneller-goruntulendi-yerin-altindan-girip-denizden-cikiliyor\/#breadcrumb\"},\"inLanguage\":\"en-GB\",\"potentialAction\":[{\"@type\":\"ReadAction\",\"target\":[\"https:\/\/denizcankizil.tr\/ru\/haberler\/gundem\/antalyada-falezlerdeki-tuneller-goruntulendi-yerin-altindan-girip-denizden-cikiliyor\/\"]}]},{\"@type\":\"BreadcrumbList\",\"@id\":\"https:\/\/denizcankizil.tr\/ru\/haberler\/gundem\/antalyada-falezlerdeki-tuneller-goruntulendi-yerin-altindan-girip-denizden-cikiliyor\/#breadcrumb\",\"itemListElement\":[{\"@type\":\"ListItem\",\"position\":1,\"name\":\"Home\",\"item\":\"https:\/\/denizcankizil.tr\/de\/\"},{\"@type\":\"ListItem\",\"position\":2,\"name\":\"Antalya\u2019da falezlerdeki t\u00fcneller g\u00f6r\u00fcnt\u00fclendi: Yerin alt\u0131ndan girip denizden \u00e7\u0131k\u0131l\u0131yor\"}]},{\"@type\":\"WebSite\",\"@id\":\"https:\/\/denizcankizil.tr\/de\/#website\",\"url\":\"https:\/\/denizcankizil.tr\/de\/\",\"name\":\"Av. Deniz Can K\u0131z\u0131l\",\"description\":\"Avukat Deniz Can K\u0131z\u0131l Antalya Barosu\",\"publisher\":{\"@id\":\"https:\/\/denizcankizil.tr\/de\/#organization\"},\"potentialAction\":[{\"@type\":\"SearchAction\",\"target\":{\"@type\":\"EntryPoint\",\"urlTemplate\":\"https:\/\/denizcankizil.tr\/de\/?s={search_term_string}\"},\"query-input\":{\"@type\":\"PropertyValueSpecification\",\"valueRequired\":true,\"valueName\":\"search_term_string\"}}],\"inLanguage\":\"en-GB\"},{\"@type\":\"Organization\",\"@id\":\"https:\/\/denizcankizil.tr\/de\/#organization\",\"name\":\"Av. Deniz Can K\u0131z\u0131l\",\"url\":\"https:\/\/denizcankizil.tr\/de\/\",\"logo\":{\"@type\":\"ImageObject\",\"inLanguage\":\"en-GB\",\"@id\":\"https:\/\/denizcankizil.tr\/de\/#\/schema\/logo\/image\/\",\"url\":\"https:\/\/denizcankizil.tr\/wp-content\/uploads\/2024\/10\/siyah-logo-svg.svg\",\"contentUrl\":\"https:\/\/denizcankizil.tr\/wp-content\/uploads\/2024\/10\/siyah-logo-svg.svg\",\"width\":1080,\"height\":1080,\"caption\":\"Av. Deniz Can K\u0131z\u0131l\"},\"image\":{\"@id\":\"https:\/\/denizcankizil.tr\/de\/#\/schema\/logo\/image\/\"}},{\"@type\":\"Person\",\"@id\":\"https:\/\/denizcankizil.tr\/de\/#\/schema\/person\/e1eb71bb4dd684d46563f0af307e1234\",\"name\":\"Antalya K\u00f6rfez\",\"image\":{\"@type\":\"ImageObject\",\"inLanguage\":\"en-GB\",\"@id\":\"https:\/\/denizcankizil.tr\/de\/#\/schema\/person\/image\/\",\"url\":\"https:\/\/secure.gravatar.com\/avatar\/42b01982558a48a0b501fdcab6a408d3717ea5919095ee2e67b0e521799c5905?s=96&d=mm&r=g\",\"contentUrl\":\"https:\/\/secure.gravatar.com\/avatar\/42b01982558a48a0b501fdcab6a408d3717ea5919095ee2e67b0e521799c5905?s=96&d=mm&r=g\",\"caption\":\"Antalya K\u00f6rfez\"},\"sameAs\":[\"http:\/\/www.antalyakorfez.com\"],\"url\":\"https:\/\/www.antalyakorfez.com\/antalyada-falezlerdeki-tuneller-goruntulendi-yerin-altindan-girip-denizden-cikiliyor\"}]}<\/script>\n<!-- \/ Yoast SEO Premium plugin. -->","yoast_head_json":{"title":"Antalya\u2019da falezlerdeki t\u00fcneller g\u00f6r\u00fcnt\u00fclendi: Yerin alt\u0131ndan girip denizden \u00e7\u0131k\u0131l\u0131yor - Av. Deniz Can K\u0131z\u0131l","robots":{"index":"index","follow":"follow","max-snippet":"max-snippet:-1","max-image-preview":"max-image-preview:large","max-video-preview":"max-video-preview:-1"},"canonical":"https:\/\/denizcankizil.tr\/en\/haberler\/gundem\/antalyada-falezlerdeki-tuneller-goruntulendi-yerin-altindan-girip-denizden-cikiliyor\/","og_locale":"en_GB","og_type":"article","og_title":"Antalya\u2019da falezlerdeki t\u00fcneller g\u00f6r\u00fcnt\u00fclendi: Yerin alt\u0131ndan girip denizden \u00e7\u0131k\u0131l\u0131yor","og_description":"Akdeniz \u00dcniversitesi M\u00fchendislik Fak\u00fcltesi \u0130n\u015faat M\u00fchendisli\u011fi B\u00f6l\u00fcm\u00fc \u00d6\u011fretim \u00dcyesi Prof. Dr. Nihat Dipova falezlerde iki i\u015fletmenin tatilcilerini denizle bulu\u015fturmak i\u00e7in t\u00fcnel yapt\u0131\u011f\u0131n\u0131 ileri s\u00fcrm\u00fc\u015ft\u00fc. Antalya\u2019da ilk defa K\u00f6rfez Gazetesinin g\u00fcndeme getirdi\u011fi olayda falezlerin alt\u0131nda bulunan t\u00fcneller yak\u0131ndan g\u00f6r\u00fcnt\u00fclendi. Ne zaman yap\u0131ld\u0131\u011f\u0131 belli olmayan t\u00fcnellerin kap\u0131s\u0131n\u0131n denize ve havuza a\u00e7\u0131ld\u0131\u011f\u0131 g\u00f6r\u00fcld\u00fc. D\u0130POVA G\u00dcNDEME TA\u015eIDI Antalya Kent Konseyi taraf\u0131ndan d\u00fczenlenen \u201c21. Y\u00fczy\u0131lda Antalya\u201d \u00e7al\u0131\u015ftay\u0131 kapsam\u0131nda d\u00fczenlenen \u201cKentsel Su Y\u00f6netimi ve S\u00fcrd\u00fcr\u00fclebilirlik\u201d ba\u015fl\u0131kl\u0131 oturum, Kent Konseyi toplant\u0131 salonunda yap\u0131ld\u0131. Falezlerin korunmas\u0131 konusu Prof. Dr. Nihat Dipova taraf\u0131ndan ele al\u0131nd\u0131. FALEZLERDE T\u00dcNEL A\u00c7ILDI Oturumda yapt\u0131\u011f\u0131 sunumda falezlerdeki do\u011fal s\u00fcreci ve ya\u015fanan m\u00fcdahaleleri anlatan Prof. Dr. Dipova, \u201cFalezlerin her yerinde ma\u011faralar var. Bunlardan biri Yarasa Ma\u011faras\u0131 olarak biliniyor. Bir d\u00f6nem buraya \u0131\u015f\u0131kland\u0131rma yap\u0131lm\u0131\u015ft\u0131, gelen tepkiler \u00fczerine geri ad\u0131m at\u0131ld\u0131. \u015eimdi ise falezlerin alt\u0131na t\u00fcneller a\u00e7\u0131ld\u0131\u011f\u0131n\u0131 g\u00f6r\u00fcyoruz. \u0130ki otelin falezlerin i\u00e7inden denize ula\u015fmak i\u00e7in t\u00fcnel yapt\u0131\u011f\u0131 bilgisi bizlere ula\u015ft\u0131\u201d demi\u015fti. K\u00d6RFEZ G\u00dcNDEME GET\u0130RD\u0130 Antalya K\u00f6rfez Gazetesi bu iddialar\u0131n ard\u0131ndan t\u00fcnellerin pe\u015fine d\u00fc\u015ft\u00fc. Yap\u0131lan ara\u015ft\u0131rmada her iki otelinde zemin kat\u0131ndan denize t\u00fcnellerle ge\u00e7i\u015f yap\u0131ld\u0131\u011f\u0131 g\u00f6r\u00fcld\u00fc. Falezlerin alt\u0131n\u0131n adeta k\u00f6stebek gibi oyularak yap\u0131lan t\u00fcneller otellerin yurti\u00e7i ve yurt d\u0131\u015f\u0131 tan\u0131t\u0131m filmlerinde kullan\u0131ld\u0131. T\u00dcNEL\u0130N UCUNDA DEN\u0130Z VAR G\u00f6r\u00fcnt\u00fclerde otellerin zeminine inen turistlerin t\u00fcnelden \u00e7\u0131k\u0131\u015fta denizle ve havuzla kar\u015f\u0131la\u015ft\u0131\u011f\u0131 g\u00f6r\u00fcld\u00fc. &hellip;","og_url":"https:\/\/denizcankizil.tr\/en\/haberler\/gundem\/antalyada-falezlerdeki-tuneller-goruntulendi-yerin-altindan-girip-denizden-cikiliyor\/","og_site_name":"Av. Deniz Can K\u0131z\u0131l","article_published_time":"2025-05-08T14:41:36+00:00","author":"Antalya K\u00f6rfez","twitter_card":"summary_large_image","twitter_misc":{"Written by":"Antalya K\u00f6rfez","Estimated reading time":"2 minutes"},"schema":{"@context":"https:\/\/schema.org","@graph":[{"@type":"Article","@id":"https:\/\/denizcankizil.tr\/ru\/haberler\/gundem\/antalyada-falezlerdeki-tuneller-goruntulendi-yerin-altindan-girip-denizden-cikiliyor\/#article","isPartOf":{"@id":"https:\/\/denizcankizil.tr\/ru\/haberler\/gundem\/antalyada-falezlerdeki-tuneller-goruntulendi-yerin-altindan-girip-denizden-cikiliyor\/"},"author":{"name":"Antalya K\u00f6rfez","@id":"https:\/\/denizcankizil.tr\/de\/#\/schema\/person\/e1eb71bb4dd684d46563f0af307e1234"},"headline":"Antalya\u2019da falezlerdeki t\u00fcneller g\u00f6r\u00fcnt\u00fclendi: Yerin alt\u0131ndan girip denizden \u00e7\u0131k\u0131l\u0131yor","datePublished":"2025-05-08T14:41:36+00:00","mainEntityOfPage":{"@id":"https:\/\/denizcankizil.tr\/ru\/haberler\/gundem\/antalyada-falezlerdeki-tuneller-goruntulendi-yerin-altindan-girip-denizden-cikiliyor\/"},"wordCount":418,"publisher":{"@id":"https:\/\/denizcankizil.tr\/de\/#organization"},"articleSection":["G\u00fcndem"],"inLanguage":"en-GB"},{"@type":"WebPage","@id":"https:\/\/denizcankizil.tr\/ru\/haberler\/gundem\/antalyada-falezlerdeki-tuneller-goruntulendi-yerin-altindan-girip-denizden-cikiliyor\/","url":"https:\/\/denizcankizil.tr\/ru\/haberler\/gundem\/antalyada-falezlerdeki-tuneller-goruntulendi-yerin-altindan-girip-denizden-cikiliyor\/","name":"Antalya\u2019da falezlerdeki t\u00fcneller g\u00f6r\u00fcnt\u00fclendi: Yerin alt\u0131ndan girip denizden \u00e7\u0131k\u0131l\u0131yor - Av. Deniz Can K\u0131z\u0131l","isPartOf":{"@id":"https:\/\/denizcankizil.tr\/de\/#website"},"datePublished":"2025-05-08T14:41:36+00:00","breadcrumb":{"@id":"https:\/\/denizcankizil.tr\/ru\/haberler\/gundem\/antalyada-falezlerdeki-tuneller-goruntulendi-yerin-altindan-girip-denizden-cikiliyor\/#breadcrumb"},"inLanguage":"en-GB","potentialAction":[{"@type":"ReadAction","target":["https:\/\/denizcankizil.tr\/ru\/haberler\/gundem\/antalyada-falezlerdeki-tuneller-goruntulendi-yerin-altindan-girip-denizden-cikiliyor\/"]}]},{"@type":"BreadcrumbList","@id":"https:\/\/denizcankizil.tr\/ru\/haberler\/gundem\/antalyada-falezlerdeki-tuneller-goruntulendi-yerin-altindan-girip-denizden-cikiliyor\/#breadcrumb","itemListElement":[{"@type":"ListItem","position":1,"name":"Home","item":"https:\/\/denizcankizil.tr\/de\/"},{"@type":"ListItem","position":2,"name":"Antalya\u2019da falezlerdeki t\u00fcneller g\u00f6r\u00fcnt\u00fclendi: Yerin alt\u0131ndan girip denizden \u00e7\u0131k\u0131l\u0131yor"}]},{"@type":"WebSite","@id":"https:\/\/denizcankizil.tr\/de\/#website","url":"https:\/\/denizcankizil.tr\/de\/","name":"Av. Deniz Can K\u0131z\u0131l","description":"Avukat Deniz Can K\u0131z\u0131l Antalya Barosu","publisher":{"@id":"https:\/\/denizcankizil.tr\/de\/#organization"},"potentialAction":[{"@type":"SearchAction","target":{"@type":"EntryPoint","urlTemplate":"https:\/\/denizcankizil.tr\/de\/?s={search_term_string}"},"query-input":{"@type":"PropertyValueSpecification","valueRequired":true,"valueName":"search_term_string"}}],"inLanguage":"en-GB"},{"@type":"Organization","@id":"https:\/\/denizcankizil.tr\/de\/#organization","name":"Av. Deniz Can K\u0131z\u0131l","url":"https:\/\/denizcankizil.tr\/de\/","logo":{"@type":"ImageObject","inLanguage":"en-GB","@id":"https:\/\/denizcankizil.tr\/de\/#\/schema\/logo\/image\/","url":"https:\/\/denizcankizil.tr\/wp-content\/uploads\/2024\/10\/siyah-logo-svg.svg","contentUrl":"https:\/\/denizcankizil.tr\/wp-content\/uploads\/2024\/10\/siyah-logo-svg.svg","width":1080,"height":1080,"caption":"Av. Deniz Can K\u0131z\u0131l"},"image":{"@id":"https:\/\/denizcankizil.tr\/de\/#\/schema\/logo\/image\/"}},{"@type":"Person","@id":"https:\/\/denizcankizil.tr\/de\/#\/schema\/person\/e1eb71bb4dd684d46563f0af307e1234","name":"Antalya K\u00f6rfez","image":{"@type":"ImageObject","inLanguage":"en-GB","@id":"https:\/\/denizcankizil.tr\/de\/#\/schema\/person\/image\/","url":"https:\/\/secure.gravatar.com\/avatar\/42b01982558a48a0b501fdcab6a408d3717ea5919095ee2e67b0e521799c5905?s=96&d=mm&r=g","contentUrl":"https:\/\/secure.gravatar.com\/avatar\/42b01982558a48a0b501fdcab6a408d3717ea5919095ee2e67b0e521799c5905?s=96&d=mm&r=g","caption":"Antalya K\u00f6rfez"},"sameAs":["http:\/\/www.antalyakorfez.com"],"url":"https:\/\/www.antalyakorfez.com\/antalyada-falezlerdeki-tuneller-goruntulendi-yerin-altindan-girip-denizden-cikiliyor"}]}},"_links":{"self":[{"href":"https:\/\/denizcankizil.tr\/en\/wp-json\/wp\/v2\/posts\/80168","targetHints":{"allow":["GET"]}}],"collection":[{"href":"https:\/\/denizcankizil.tr\/en\/wp-json\/wp\/v2\/posts"}],"about":[{"href":"https:\/\/denizcankizil.tr\/en\/wp-json\/wp\/v2\/types\/post"}],"author":[{"embeddable":true,"href":"https:\/\/denizcankizil.tr\/en\/wp-json\/wp\/v2\/users\/5"}],"replies":[{"embeddable":true,"href":"https:\/\/denizcankizil.tr\/en\/wp-json\/wp\/v2\/comments?post=80168"}],"version-history":[{"count":0,"href":"https:\/\/denizcankizil.tr\/en\/wp-json\/wp\/v2\/posts\/80168\/revisions"}],"wp:attachment":[{"href":"https:\/\/denizcankizil.tr\/en\/wp-json\/wp\/v2\/media?parent=80168"}],"wp:term":[{"taxonomy":"category","embeddable":true,"href":"https:\/\/denizcankizil.tr\/en\/wp-json\/wp\/v2\/categories?post=80168"},{"taxonomy":"post_tag","embeddable":true,"href":"https:\/\/denizcankizil.tr\/en\/wp-json\/wp\/v2\/tags?post=80168"}],"curies":[{"name":"wp","href":"https:\/\/api.w.org\/{rel}","templated":true}]}}