{"id":80020,"date":"2025-05-08T13:43:11","date_gmt":"2025-05-08T10:43:11","guid":{"rendered":"https:\/\/denizcankizil.tr\/uncategorized-tr\/bursa-osmangazide-kacak-yapilasmaya-gecit-yok\/"},"modified":"2025-05-08T13:43:11","modified_gmt":"2025-05-08T10:43:11","slug":"bursa-osmangazide-kacak-yapilasmaya-gecit-yok","status":"publish","type":"post","link":"https:\/\/denizcankizil.tr\/en\/haberler\/gundem\/bursa-osmangazide-kacak-yapilasmaya-gecit-yok\/","title":{"rendered":"Bursa Osmangazi\u2019de ka\u00e7ak yap\u0131la\u015fmaya ge\u00e7it yok"},"content":{"rendered":"<p>Bursa Osmangazi Belediyesi, Yunuseli Mahallesi\u2019nde yer alan bir binan\u0131n, onayl\u0131 projeye ayk\u0131r\u0131 in\u015fa edildi\u011fi belirlenen b\u00f6l\u00fcm\u00fcn\u00fc y\u0131kt\u0131.BURSA (\u0130GFA) &#8211;\u00a0\u0130mara ayk\u0131r\u0131 yap\u0131la\u015fman\u0131n \u00f6n\u00fcne ge\u00e7mek ad\u0131na y\u00fcr\u00fctt\u00fc\u011f\u00fc m\u00fccadeleyi kararl\u0131l\u0131kla s\u00fcrd\u00fcren Osmangazi Belediyesi, il\u00e7e genelinde ruhsats\u0131z oldu\u011fu tespit edilen ka\u00e7ak yap\u0131lar\u0131 tek tek y\u0131k\u0131yor.<\/p>\n<p>Belediye ekipleri son olarak Yunuseli Mahallesi\u2019nde yer alan bir binan\u0131n, onayl\u0131 projeye ayk\u0131r\u0131 in\u015fa edildi\u011fi belirlenen b\u00f6l\u00fcm\u00fcn\u00fc y\u0131kt\u0131. Ruhsats\u0131z oldu\u011fu belirlenip hakk\u0131nda y\u0131k\u0131m karar\u0131 al\u0131nan yap\u0131n\u0131n y\u0131k\u0131m\u0131 i\u00e7in sabah erken saatlerde b\u00f6lgeye giden Yap\u0131 Kontrol M\u00fcd\u00fcrl\u00fc\u011f\u00fc ekipleri, binan\u0131n ka\u00e7ak b\u00f6l\u00fcm\u00fcn\u00fcn y\u0131k\u0131m\u0131n\u0131 ger\u00e7ekle\u015ftirdi. \u0130\u015f makinesi ile ger\u00e7ekle\u015ftirilen y\u0131k\u0131mda herhangi bir olumsuzluk ya\u015fanmad\u0131.<\/p>\n<p>Belediye yetkilileri, vatanda\u015flar\u0131 ruhsats\u0131z ve ka\u00e7ak yap\u0131la\u015fmaya y\u00f6nelmemeleri hususunda uyar\u0131rken, ka\u00e7a\u011fa asla izin vermeyeceklerini vurgulad\u0131.<\/p>\n<p>\u200bBursa Osmangazi Belediyesi, Yunuseli Mahallesi\u2019nde yer alan bir binan\u0131n, onayl\u0131 projeye ayk\u0131r\u0131 in\u015fa edildi\u011fi belirlenen b\u00f6l\u00fcm\u00fcn\u00fc y\u0131kt\u0131.BURSA (\u0130GFA) &#8211;\u00a0\u0130mara ayk\u0131r\u0131 yap\u0131la\u015fman\u0131n \u00f6n\u00fcne ge\u00e7mek ad\u0131na y\u00fcr\u00fctt\u00fc\u011f\u00fc m\u00fccadeleyi kararl\u0131l\u0131kla s\u00fcrd\u00fcren Osmangazi Belediyesi, il\u00e7e genelinde ruhsats\u0131z oldu\u011fu tespit edilen ka\u00e7ak yap\u0131lar\u0131 tek tek y\u0131k\u0131yor.<\/p>\n<p>Belediye ekipleri son olarak Yunuseli Mahallesi\u2019nde yer alan bir binan\u0131n, onayl\u0131 projeye ayk\u0131r\u0131 in\u015fa edildi\u011fi belirlenen b\u00f6l\u00fcm\u00fcn\u00fc y\u0131kt\u0131. Ruhsats\u0131z oldu\u011fu belirlenip hakk\u0131nda y\u0131k\u0131m karar\u0131 al\u0131nan yap\u0131n\u0131n y\u0131k\u0131m\u0131 i\u00e7in sabah erken saatlerde b\u00f6lgeye giden Yap\u0131 Kontrol M\u00fcd\u00fcrl\u00fc\u011f\u00fc ekipleri, binan\u0131n ka\u00e7ak b\u00f6l\u00fcm\u00fcn\u00fcn y\u0131k\u0131m\u0131n\u0131 ger\u00e7ekle\u015ftirdi. \u0130\u015f makinesi ile ger\u00e7ekle\u015ftirilen y\u0131k\u0131mda herhangi bir olumsuzluk ya\u015fanmad\u0131.<\/p>\n<p>Belediye yetkilileri, vatanda\u015flar\u0131 ruhsats\u0131z ve ka\u00e7ak yap\u0131la\u015fmaya y\u00f6nelmemeleri hususunda uyar\u0131rken, ka\u00e7a\u011fa asla izin vermeyeceklerini vurgulad\u0131.\u00a0<\/p>\n<p>\u200bHaberin Al\u0131nt\u0131land\u0131\u011f\u0131 Kaynak: www.iskenderun.org<\/p>","protected":false},"excerpt":{"rendered":"<p>Bursa Osmangazi Belediyesi, Yunuseli Mahallesi\u2019nde yer alan bir binan\u0131n, onayl\u0131 projeye ayk\u0131r\u0131 in\u015fa edildi\u011fi belirlenen b\u00f6l\u00fcm\u00fcn\u00fc y\u0131kt\u0131.BURSA (\u0130GFA) &#8211;\u00a0\u0130mara ayk\u0131r\u0131 yap\u0131la\u015fman\u0131n \u00f6n\u00fcne ge\u00e7mek ad\u0131na y\u00fcr\u00fctt\u00fc\u011f\u00fc m\u00fccadeleyi kararl\u0131l\u0131kla s\u00fcrd\u00fcren Osmangazi Belediyesi, il\u00e7e genelinde ruhsats\u0131z oldu\u011fu tespit edilen ka\u00e7ak yap\u0131lar\u0131 tek tek y\u0131k\u0131yor. Belediye ekipleri son olarak Yunuseli Mahallesi\u2019nde yer alan bir binan\u0131n, onayl\u0131 projeye ayk\u0131r\u0131 in\u015fa edildi\u011fi belirlenen b\u00f6l\u00fcm\u00fcn\u00fc y\u0131kt\u0131. Ruhsats\u0131z oldu\u011fu belirlenip hakk\u0131nda y\u0131k\u0131m karar\u0131 al\u0131nan yap\u0131n\u0131n y\u0131k\u0131m\u0131 i\u00e7in sabah erken saatlerde b\u00f6lgeye giden Yap\u0131 Kontrol M\u00fcd\u00fcrl\u00fc\u011f\u00fc ekipleri, binan\u0131n ka\u00e7ak b\u00f6l\u00fcm\u00fcn\u00fcn y\u0131k\u0131m\u0131n\u0131 ger\u00e7ekle\u015ftirdi. \u0130\u015f makinesi ile ger\u00e7ekle\u015ftirilen y\u0131k\u0131mda herhangi bir olumsuzluk ya\u015fanmad\u0131. Belediye yetkilileri, vatanda\u015flar\u0131 ruhsats\u0131z ve ka\u00e7ak yap\u0131la\u015fmaya y\u00f6nelmemeleri hususunda uyar\u0131rken, ka\u00e7a\u011fa asla izin vermeyeceklerini vurgulad\u0131. \u200bBursa Osmangazi Belediyesi, Yunuseli Mahallesi\u2019nde yer alan bir binan\u0131n, onayl\u0131 projeye ayk\u0131r\u0131 in\u015fa edildi\u011fi belirlenen b\u00f6l\u00fcm\u00fcn\u00fc y\u0131kt\u0131.BURSA (\u0130GFA) &#8211;\u00a0\u0130mara ayk\u0131r\u0131 yap\u0131la\u015fman\u0131n \u00f6n\u00fcne ge\u00e7mek ad\u0131na y\u00fcr\u00fctt\u00fc\u011f\u00fc m\u00fccadeleyi kararl\u0131l\u0131kla s\u00fcrd\u00fcren Osmangazi Belediyesi, il\u00e7e genelinde ruhsats\u0131z oldu\u011fu tespit edilen ka\u00e7ak yap\u0131lar\u0131 tek tek y\u0131k\u0131yor. Belediye ekipleri son olarak Yunuseli Mahallesi\u2019nde yer alan bir binan\u0131n, onayl\u0131 projeye ayk\u0131r\u0131 in\u015fa edildi\u011fi belirlenen b\u00f6l\u00fcm\u00fcn\u00fc y\u0131kt\u0131. Ruhsats\u0131z oldu\u011fu belirlenip hakk\u0131nda y\u0131k\u0131m karar\u0131 al\u0131nan yap\u0131n\u0131n y\u0131k\u0131m\u0131 i\u00e7in sabah erken saatlerde b\u00f6lgeye giden Yap\u0131 Kontrol M\u00fcd\u00fcrl\u00fc\u011f\u00fc ekipleri, binan\u0131n ka\u00e7ak b\u00f6l\u00fcm\u00fcn\u00fcn y\u0131k\u0131m\u0131n\u0131 ger\u00e7ekle\u015ftirdi. \u0130\u015f makinesi ile ger\u00e7ekle\u015ftirilen y\u0131k\u0131mda herhangi bir olumsuzluk ya\u015fanmad\u0131. Belediye &hellip;<\/p>","protected":false},"author":1,"featured_media":0,"comment_status":"","ping_status":"open","sticky":false,"template":"","format":"standard","meta":{"_acf_changed":false,"footnotes":""},"categories":[24],"tags":[],"class_list":["post-80020","post","type-post","status-publish","format-standard","has-post-thumbnail","hentry","category-gundem"],"acf":[],"yoast_head":"<!-- This site is optimized with the Yoast SEO Premium plugin v26.6 (Yoast SEO v27.1.1) - https:\/\/yoast.com\/product\/yoast-seo-premium-wordpress\/ -->\n<title>Bursa Osmangazi\u2019de ka\u00e7ak yap\u0131la\u015fmaya ge\u00e7it yok - Av. Deniz Can K\u0131z\u0131l<\/title>\n<meta name=\"robots\" content=\"index, follow, max-snippet:-1, max-image-preview:large, max-video-preview:-1\" \/>\n<link rel=\"canonical\" href=\"https:\/\/denizcankizil.tr\/en\/haberler\/gundem\/bursa-osmangazide-kacak-yapilasmaya-gecit-yok\/\" \/>\n<meta property=\"og:locale\" content=\"en_GB\" \/>\n<meta property=\"og:type\" content=\"article\" \/>\n<meta property=\"og:title\" content=\"Bursa Osmangazi\u2019de ka\u00e7ak yap\u0131la\u015fmaya ge\u00e7it yok\" \/>\n<meta property=\"og:description\" content=\"Bursa Osmangazi Belediyesi, Yunuseli Mahallesi\u2019nde yer alan bir binan\u0131n, onayl\u0131 projeye ayk\u0131r\u0131 in\u015fa edildi\u011fi belirlenen b\u00f6l\u00fcm\u00fcn\u00fc y\u0131kt\u0131.BURSA (\u0130GFA) &#8211;\u00a0\u0130mara ayk\u0131r\u0131 yap\u0131la\u015fman\u0131n \u00f6n\u00fcne ge\u00e7mek ad\u0131na y\u00fcr\u00fctt\u00fc\u011f\u00fc m\u00fccadeleyi kararl\u0131l\u0131kla s\u00fcrd\u00fcren Osmangazi Belediyesi, il\u00e7e genelinde ruhsats\u0131z oldu\u011fu tespit edilen ka\u00e7ak yap\u0131lar\u0131 tek tek y\u0131k\u0131yor. Belediye ekipleri son olarak Yunuseli Mahallesi\u2019nde yer alan bir binan\u0131n, onayl\u0131 projeye ayk\u0131r\u0131 in\u015fa edildi\u011fi belirlenen b\u00f6l\u00fcm\u00fcn\u00fc y\u0131kt\u0131. Ruhsats\u0131z oldu\u011fu belirlenip hakk\u0131nda y\u0131k\u0131m karar\u0131 al\u0131nan yap\u0131n\u0131n y\u0131k\u0131m\u0131 i\u00e7in sabah erken saatlerde b\u00f6lgeye giden Yap\u0131 Kontrol M\u00fcd\u00fcrl\u00fc\u011f\u00fc ekipleri, binan\u0131n ka\u00e7ak b\u00f6l\u00fcm\u00fcn\u00fcn y\u0131k\u0131m\u0131n\u0131 ger\u00e7ekle\u015ftirdi. \u0130\u015f makinesi ile ger\u00e7ekle\u015ftirilen y\u0131k\u0131mda herhangi bir olumsuzluk ya\u015fanmad\u0131. Belediye yetkilileri, vatanda\u015flar\u0131 ruhsats\u0131z ve ka\u00e7ak yap\u0131la\u015fmaya y\u00f6nelmemeleri hususunda uyar\u0131rken, ka\u00e7a\u011fa asla izin vermeyeceklerini vurgulad\u0131. \u200bBursa Osmangazi Belediyesi, Yunuseli Mahallesi\u2019nde yer alan bir binan\u0131n, onayl\u0131 projeye ayk\u0131r\u0131 in\u015fa edildi\u011fi belirlenen b\u00f6l\u00fcm\u00fcn\u00fc y\u0131kt\u0131.BURSA (\u0130GFA) &#8211;\u00a0\u0130mara ayk\u0131r\u0131 yap\u0131la\u015fman\u0131n \u00f6n\u00fcne ge\u00e7mek ad\u0131na y\u00fcr\u00fctt\u00fc\u011f\u00fc m\u00fccadeleyi kararl\u0131l\u0131kla s\u00fcrd\u00fcren Osmangazi Belediyesi, il\u00e7e genelinde ruhsats\u0131z oldu\u011fu tespit edilen ka\u00e7ak yap\u0131lar\u0131 tek tek y\u0131k\u0131yor. Belediye ekipleri son olarak Yunuseli Mahallesi\u2019nde yer alan bir binan\u0131n, onayl\u0131 projeye ayk\u0131r\u0131 in\u015fa edildi\u011fi belirlenen b\u00f6l\u00fcm\u00fcn\u00fc y\u0131kt\u0131. Ruhsats\u0131z oldu\u011fu belirlenip hakk\u0131nda y\u0131k\u0131m karar\u0131 al\u0131nan yap\u0131n\u0131n y\u0131k\u0131m\u0131 i\u00e7in sabah erken saatlerde b\u00f6lgeye giden Yap\u0131 Kontrol M\u00fcd\u00fcrl\u00fc\u011f\u00fc ekipleri, binan\u0131n ka\u00e7ak b\u00f6l\u00fcm\u00fcn\u00fcn y\u0131k\u0131m\u0131n\u0131 ger\u00e7ekle\u015ftirdi. \u0130\u015f makinesi ile ger\u00e7ekle\u015ftirilen y\u0131k\u0131mda herhangi bir olumsuzluk ya\u015fanmad\u0131. Belediye &hellip;\" \/>\n<meta property=\"og:url\" content=\"https:\/\/denizcankizil.tr\/en\/haberler\/gundem\/bursa-osmangazide-kacak-yapilasmaya-gecit-yok\/\" \/>\n<meta property=\"og:site_name\" content=\"Av. Deniz Can K\u0131z\u0131l\" \/>\n<meta property=\"article:published_time\" content=\"2025-05-08T10:43:11+00:00\" \/>\n<meta name=\"author\" content=\"admin\" \/>\n<meta name=\"twitter:card\" content=\"summary_large_image\" \/>\n<meta name=\"twitter:label1\" content=\"Written by\" \/>\n\t<meta name=\"twitter:data1\" content=\"admin\" \/>\n\t<meta name=\"twitter:label2\" content=\"Estimated reading time\" \/>\n\t<meta name=\"twitter:data2\" content=\"2 minutes\" \/>\n<script type=\"application\/ld+json\" class=\"yoast-schema-graph\">{\"@context\":\"https:\/\/schema.org\",\"@graph\":[{\"@type\":\"Article\",\"@id\":\"https:\/\/denizcankizil.tr\/en\/haberler\/gundem\/bursa-osmangazide-kacak-yapilasmaya-gecit-yok\/#article\",\"isPartOf\":{\"@id\":\"https:\/\/denizcankizil.tr\/en\/haberler\/gundem\/bursa-osmangazide-kacak-yapilasmaya-gecit-yok\/\"},\"author\":{\"name\":\"admin\",\"@id\":\"https:\/\/denizcankizil.tr\/de\/#\/schema\/person\/be3c05fe6a12686905512445d8185489\"},\"headline\":\"Bursa Osmangazi\u2019de ka\u00e7ak yap\u0131la\u015fmaya ge\u00e7it yok\",\"datePublished\":\"2025-05-08T10:43:11+00:00\",\"mainEntityOfPage\":{\"@id\":\"https:\/\/denizcankizil.tr\/en\/haberler\/gundem\/bursa-osmangazide-kacak-yapilasmaya-gecit-yok\/\"},\"wordCount\":391,\"publisher\":{\"@id\":\"https:\/\/denizcankizil.tr\/de\/#organization\"},\"articleSection\":[\"G\u00fcndem\"],\"inLanguage\":\"en-GB\"},{\"@type\":\"WebPage\",\"@id\":\"https:\/\/denizcankizil.tr\/en\/haberler\/gundem\/bursa-osmangazide-kacak-yapilasmaya-gecit-yok\/\",\"url\":\"https:\/\/denizcankizil.tr\/en\/haberler\/gundem\/bursa-osmangazide-kacak-yapilasmaya-gecit-yok\/\",\"name\":\"Bursa Osmangazi\u2019de ka\u00e7ak yap\u0131la\u015fmaya ge\u00e7it yok - Av. Deniz Can K\u0131z\u0131l\",\"isPartOf\":{\"@id\":\"https:\/\/denizcankizil.tr\/de\/#website\"},\"datePublished\":\"2025-05-08T10:43:11+00:00\",\"breadcrumb\":{\"@id\":\"https:\/\/denizcankizil.tr\/en\/haberler\/gundem\/bursa-osmangazide-kacak-yapilasmaya-gecit-yok\/#breadcrumb\"},\"inLanguage\":\"en-GB\",\"potentialAction\":[{\"@type\":\"ReadAction\",\"target\":[\"https:\/\/denizcankizil.tr\/en\/haberler\/gundem\/bursa-osmangazide-kacak-yapilasmaya-gecit-yok\/\"]}]},{\"@type\":\"BreadcrumbList\",\"@id\":\"https:\/\/denizcankizil.tr\/en\/haberler\/gundem\/bursa-osmangazide-kacak-yapilasmaya-gecit-yok\/#breadcrumb\",\"itemListElement\":[{\"@type\":\"ListItem\",\"position\":1,\"name\":\"Home\",\"item\":\"https:\/\/denizcankizil.tr\/de\/\"},{\"@type\":\"ListItem\",\"position\":2,\"name\":\"Bursa Osmangazi\u2019de ka\u00e7ak yap\u0131la\u015fmaya ge\u00e7it yok\"}]},{\"@type\":\"WebSite\",\"@id\":\"https:\/\/denizcankizil.tr\/de\/#website\",\"url\":\"https:\/\/denizcankizil.tr\/de\/\",\"name\":\"Av. Deniz Can K\u0131z\u0131l\",\"description\":\"Avukat Deniz Can K\u0131z\u0131l Antalya Barosu\",\"publisher\":{\"@id\":\"https:\/\/denizcankizil.tr\/de\/#organization\"},\"potentialAction\":[{\"@type\":\"SearchAction\",\"target\":{\"@type\":\"EntryPoint\",\"urlTemplate\":\"https:\/\/denizcankizil.tr\/de\/?s={search_term_string}\"},\"query-input\":{\"@type\":\"PropertyValueSpecification\",\"valueRequired\":true,\"valueName\":\"search_term_string\"}}],\"inLanguage\":\"en-GB\"},{\"@type\":\"Organization\",\"@id\":\"https:\/\/denizcankizil.tr\/de\/#organization\",\"name\":\"Av. Deniz Can K\u0131z\u0131l\",\"url\":\"https:\/\/denizcankizil.tr\/de\/\",\"logo\":{\"@type\":\"ImageObject\",\"inLanguage\":\"en-GB\",\"@id\":\"https:\/\/denizcankizil.tr\/de\/#\/schema\/logo\/image\/\",\"url\":\"https:\/\/denizcankizil.tr\/wp-content\/uploads\/2024\/10\/siyah-logo-svg.svg\",\"contentUrl\":\"https:\/\/denizcankizil.tr\/wp-content\/uploads\/2024\/10\/siyah-logo-svg.svg\",\"width\":1080,\"height\":1080,\"caption\":\"Av. Deniz Can K\u0131z\u0131l\"},\"image\":{\"@id\":\"https:\/\/denizcankizil.tr\/de\/#\/schema\/logo\/image\/\"}},{\"@type\":\"Person\",\"@id\":\"https:\/\/denizcankizil.tr\/de\/#\/schema\/person\/be3c05fe6a12686905512445d8185489\",\"name\":\"admin\",\"image\":{\"@type\":\"ImageObject\",\"inLanguage\":\"en-GB\",\"@id\":\"https:\/\/denizcankizil.tr\/de\/#\/schema\/person\/image\/\",\"url\":\"https:\/\/secure.gravatar.com\/avatar\/c1fce94c830dc79107e174f890d7210541c4a63e8e5d816341794a2151c9d58c?s=96&d=mm&r=g\",\"contentUrl\":\"https:\/\/secure.gravatar.com\/avatar\/c1fce94c830dc79107e174f890d7210541c4a63e8e5d816341794a2151c9d58c?s=96&d=mm&r=g\",\"caption\":\"admin\"},\"sameAs\":[\"http:\/\/denizcankizil.tr\"],\"url\":\"https:\/\/www.iskenderun.org\/bursa-osmangazide-kacak-yapilasmaya-gecit-yok\"}]}<\/script>\n<!-- \/ Yoast SEO Premium plugin. -->","yoast_head_json":{"title":"Bursa Osmangazi\u2019de ka\u00e7ak yap\u0131la\u015fmaya ge\u00e7it yok - Av. Deniz Can K\u0131z\u0131l","robots":{"index":"index","follow":"follow","max-snippet":"max-snippet:-1","max-image-preview":"max-image-preview:large","max-video-preview":"max-video-preview:-1"},"canonical":"https:\/\/denizcankizil.tr\/en\/haberler\/gundem\/bursa-osmangazide-kacak-yapilasmaya-gecit-yok\/","og_locale":"en_GB","og_type":"article","og_title":"Bursa Osmangazi\u2019de ka\u00e7ak yap\u0131la\u015fmaya ge\u00e7it yok","og_description":"Bursa Osmangazi Belediyesi, Yunuseli Mahallesi\u2019nde yer alan bir binan\u0131n, onayl\u0131 projeye ayk\u0131r\u0131 in\u015fa edildi\u011fi belirlenen b\u00f6l\u00fcm\u00fcn\u00fc y\u0131kt\u0131.BURSA (\u0130GFA) &#8211;\u00a0\u0130mara ayk\u0131r\u0131 yap\u0131la\u015fman\u0131n \u00f6n\u00fcne ge\u00e7mek ad\u0131na y\u00fcr\u00fctt\u00fc\u011f\u00fc m\u00fccadeleyi kararl\u0131l\u0131kla s\u00fcrd\u00fcren Osmangazi Belediyesi, il\u00e7e genelinde ruhsats\u0131z oldu\u011fu tespit edilen ka\u00e7ak yap\u0131lar\u0131 tek tek y\u0131k\u0131yor. Belediye ekipleri son olarak Yunuseli Mahallesi\u2019nde yer alan bir binan\u0131n, onayl\u0131 projeye ayk\u0131r\u0131 in\u015fa edildi\u011fi belirlenen b\u00f6l\u00fcm\u00fcn\u00fc y\u0131kt\u0131. Ruhsats\u0131z oldu\u011fu belirlenip hakk\u0131nda y\u0131k\u0131m karar\u0131 al\u0131nan yap\u0131n\u0131n y\u0131k\u0131m\u0131 i\u00e7in sabah erken saatlerde b\u00f6lgeye giden Yap\u0131 Kontrol M\u00fcd\u00fcrl\u00fc\u011f\u00fc ekipleri, binan\u0131n ka\u00e7ak b\u00f6l\u00fcm\u00fcn\u00fcn y\u0131k\u0131m\u0131n\u0131 ger\u00e7ekle\u015ftirdi. \u0130\u015f makinesi ile ger\u00e7ekle\u015ftirilen y\u0131k\u0131mda herhangi bir olumsuzluk ya\u015fanmad\u0131. Belediye yetkilileri, vatanda\u015flar\u0131 ruhsats\u0131z ve ka\u00e7ak yap\u0131la\u015fmaya y\u00f6nelmemeleri hususunda uyar\u0131rken, ka\u00e7a\u011fa asla izin vermeyeceklerini vurgulad\u0131. \u200bBursa Osmangazi Belediyesi, Yunuseli Mahallesi\u2019nde yer alan bir binan\u0131n, onayl\u0131 projeye ayk\u0131r\u0131 in\u015fa edildi\u011fi belirlenen b\u00f6l\u00fcm\u00fcn\u00fc y\u0131kt\u0131.BURSA (\u0130GFA) &#8211;\u00a0\u0130mara ayk\u0131r\u0131 yap\u0131la\u015fman\u0131n \u00f6n\u00fcne ge\u00e7mek ad\u0131na y\u00fcr\u00fctt\u00fc\u011f\u00fc m\u00fccadeleyi kararl\u0131l\u0131kla s\u00fcrd\u00fcren Osmangazi Belediyesi, il\u00e7e genelinde ruhsats\u0131z oldu\u011fu tespit edilen ka\u00e7ak yap\u0131lar\u0131 tek tek y\u0131k\u0131yor. Belediye ekipleri son olarak Yunuseli Mahallesi\u2019nde yer alan bir binan\u0131n, onayl\u0131 projeye ayk\u0131r\u0131 in\u015fa edildi\u011fi belirlenen b\u00f6l\u00fcm\u00fcn\u00fc y\u0131kt\u0131. Ruhsats\u0131z oldu\u011fu belirlenip hakk\u0131nda y\u0131k\u0131m karar\u0131 al\u0131nan yap\u0131n\u0131n y\u0131k\u0131m\u0131 i\u00e7in sabah erken saatlerde b\u00f6lgeye giden Yap\u0131 Kontrol M\u00fcd\u00fcrl\u00fc\u011f\u00fc ekipleri, binan\u0131n ka\u00e7ak b\u00f6l\u00fcm\u00fcn\u00fcn y\u0131k\u0131m\u0131n\u0131 ger\u00e7ekle\u015ftirdi. \u0130\u015f makinesi ile ger\u00e7ekle\u015ftirilen y\u0131k\u0131mda herhangi bir olumsuzluk ya\u015fanmad\u0131. Belediye &hellip;","og_url":"https:\/\/denizcankizil.tr\/en\/haberler\/gundem\/bursa-osmangazide-kacak-yapilasmaya-gecit-yok\/","og_site_name":"Av. Deniz Can K\u0131z\u0131l","article_published_time":"2025-05-08T10:43:11+00:00","author":"admin","twitter_card":"summary_large_image","twitter_misc":{"Written by":"admin","Estimated reading time":"2 minutes"},"schema":{"@context":"https:\/\/schema.org","@graph":[{"@type":"Article","@id":"https:\/\/denizcankizil.tr\/en\/haberler\/gundem\/bursa-osmangazide-kacak-yapilasmaya-gecit-yok\/#article","isPartOf":{"@id":"https:\/\/denizcankizil.tr\/en\/haberler\/gundem\/bursa-osmangazide-kacak-yapilasmaya-gecit-yok\/"},"author":{"name":"admin","@id":"https:\/\/denizcankizil.tr\/de\/#\/schema\/person\/be3c05fe6a12686905512445d8185489"},"headline":"Bursa Osmangazi\u2019de ka\u00e7ak yap\u0131la\u015fmaya ge\u00e7it yok","datePublished":"2025-05-08T10:43:11+00:00","mainEntityOfPage":{"@id":"https:\/\/denizcankizil.tr\/en\/haberler\/gundem\/bursa-osmangazide-kacak-yapilasmaya-gecit-yok\/"},"wordCount":391,"publisher":{"@id":"https:\/\/denizcankizil.tr\/de\/#organization"},"articleSection":["G\u00fcndem"],"inLanguage":"en-GB"},{"@type":"WebPage","@id":"https:\/\/denizcankizil.tr\/en\/haberler\/gundem\/bursa-osmangazide-kacak-yapilasmaya-gecit-yok\/","url":"https:\/\/denizcankizil.tr\/en\/haberler\/gundem\/bursa-osmangazide-kacak-yapilasmaya-gecit-yok\/","name":"Bursa Osmangazi\u2019de ka\u00e7ak yap\u0131la\u015fmaya ge\u00e7it yok - Av. Deniz Can K\u0131z\u0131l","isPartOf":{"@id":"https:\/\/denizcankizil.tr\/de\/#website"},"datePublished":"2025-05-08T10:43:11+00:00","breadcrumb":{"@id":"https:\/\/denizcankizil.tr\/en\/haberler\/gundem\/bursa-osmangazide-kacak-yapilasmaya-gecit-yok\/#breadcrumb"},"inLanguage":"en-GB","potentialAction":[{"@type":"ReadAction","target":["https:\/\/denizcankizil.tr\/en\/haberler\/gundem\/bursa-osmangazide-kacak-yapilasmaya-gecit-yok\/"]}]},{"@type":"BreadcrumbList","@id":"https:\/\/denizcankizil.tr\/en\/haberler\/gundem\/bursa-osmangazide-kacak-yapilasmaya-gecit-yok\/#breadcrumb","itemListElement":[{"@type":"ListItem","position":1,"name":"Home","item":"https:\/\/denizcankizil.tr\/de\/"},{"@type":"ListItem","position":2,"name":"Bursa Osmangazi\u2019de ka\u00e7ak yap\u0131la\u015fmaya ge\u00e7it yok"}]},{"@type":"WebSite","@id":"https:\/\/denizcankizil.tr\/de\/#website","url":"https:\/\/denizcankizil.tr\/de\/","name":"Av. Deniz Can K\u0131z\u0131l","description":"Avukat Deniz Can K\u0131z\u0131l Antalya Barosu","publisher":{"@id":"https:\/\/denizcankizil.tr\/de\/#organization"},"potentialAction":[{"@type":"SearchAction","target":{"@type":"EntryPoint","urlTemplate":"https:\/\/denizcankizil.tr\/de\/?s={search_term_string}"},"query-input":{"@type":"PropertyValueSpecification","valueRequired":true,"valueName":"search_term_string"}}],"inLanguage":"en-GB"},{"@type":"Organization","@id":"https:\/\/denizcankizil.tr\/de\/#organization","name":"Av. Deniz Can K\u0131z\u0131l","url":"https:\/\/denizcankizil.tr\/de\/","logo":{"@type":"ImageObject","inLanguage":"en-GB","@id":"https:\/\/denizcankizil.tr\/de\/#\/schema\/logo\/image\/","url":"https:\/\/denizcankizil.tr\/wp-content\/uploads\/2024\/10\/siyah-logo-svg.svg","contentUrl":"https:\/\/denizcankizil.tr\/wp-content\/uploads\/2024\/10\/siyah-logo-svg.svg","width":1080,"height":1080,"caption":"Av. Deniz Can K\u0131z\u0131l"},"image":{"@id":"https:\/\/denizcankizil.tr\/de\/#\/schema\/logo\/image\/"}},{"@type":"Person","@id":"https:\/\/denizcankizil.tr\/de\/#\/schema\/person\/be3c05fe6a12686905512445d8185489","name":"admin","image":{"@type":"ImageObject","inLanguage":"en-GB","@id":"https:\/\/denizcankizil.tr\/de\/#\/schema\/person\/image\/","url":"https:\/\/secure.gravatar.com\/avatar\/c1fce94c830dc79107e174f890d7210541c4a63e8e5d816341794a2151c9d58c?s=96&d=mm&r=g","contentUrl":"https:\/\/secure.gravatar.com\/avatar\/c1fce94c830dc79107e174f890d7210541c4a63e8e5d816341794a2151c9d58c?s=96&d=mm&r=g","caption":"admin"},"sameAs":["http:\/\/denizcankizil.tr"],"url":"https:\/\/www.iskenderun.org\/bursa-osmangazide-kacak-yapilasmaya-gecit-yok"}]}},"_links":{"self":[{"href":"https:\/\/denizcankizil.tr\/en\/wp-json\/wp\/v2\/posts\/80020","targetHints":{"allow":["GET"]}}],"collection":[{"href":"https:\/\/denizcankizil.tr\/en\/wp-json\/wp\/v2\/posts"}],"about":[{"href":"https:\/\/denizcankizil.tr\/en\/wp-json\/wp\/v2\/types\/post"}],"author":[{"embeddable":true,"href":"https:\/\/denizcankizil.tr\/en\/wp-json\/wp\/v2\/users\/1"}],"replies":[{"embeddable":true,"href":"https:\/\/denizcankizil.tr\/en\/wp-json\/wp\/v2\/comments?post=80020"}],"version-history":[{"count":0,"href":"https:\/\/denizcankizil.tr\/en\/wp-json\/wp\/v2\/posts\/80020\/revisions"}],"wp:attachment":[{"href":"https:\/\/denizcankizil.tr\/en\/wp-json\/wp\/v2\/media?parent=80020"}],"wp:term":[{"taxonomy":"category","embeddable":true,"href":"https:\/\/denizcankizil.tr\/en\/wp-json\/wp\/v2\/categories?post=80020"},{"taxonomy":"post_tag","embeddable":true,"href":"https:\/\/denizcankizil.tr\/en\/wp-json\/wp\/v2\/tags?post=80020"}],"curies":[{"name":"wp","href":"https:\/\/api.w.org\/{rel}","templated":true}]}}