{"id":79971,"date":"2025-05-08T13:41:59","date_gmt":"2025-05-08T10:41:59","guid":{"rendered":"https:\/\/denizcankizil.tr\/uncategorized-tr\/antalyada-imamoglu-dalgasi-chpli-isimler-profil-fotograflarini-degistiriyor\/"},"modified":"2025-05-08T13:41:59","modified_gmt":"2025-05-08T10:41:59","slug":"antalyada-imamoglu-dalgasi-chpli-isimler-profil-fotograflarini-degistiriyor","status":"publish","type":"post","link":"https:\/\/denizcankizil.tr\/en\/haberler\/gundem\/antalyada-imamoglu-dalgasi-chpli-isimler-profil-fotograflarini-degistiriyor\/","title":{"rendered":"Antalya\u2019da \u0130mamo\u011flu dalgas\u0131! CHP\u2019li isimler profil foto\u011fraflar\u0131n\u0131 de\u011fi\u015ftiriyor"},"content":{"rendered":"<p>\u0130stanbul Cumhuriyet Ba\u015fsavc\u0131l\u0131\u011f\u0131, tutuklu olan \u0130stanbul B\u00fcy\u00fck\u015fehir Belediyesi (\u0130BB) Ba\u015fkan\u0131 ve CHP\u2019nin cumhurba\u015fkan\u0131 aday\u0131 Ekrem \u0130mamo\u011flu\u2019nun sosyal medya platformu X (eski ad\u0131yla Twitter) \u00fczerindeki resmi hesab\u0131na T\u00fcrkiye&#8217;den eri\u015fim engeli getirdi. Al\u0131nan bu karar\u0131n ard\u0131ndan pek \u00e7ok CHP\u2019li isim \u0130mamo\u011flu\u2019na destek olmak i\u00e7in X hesaplar\u0131ndaki profil foto\u011fraflar\u0131n\u0131 Ekrem \u0130mamo\u011flu ile de\u011fi\u015ftirmeye ba\u015flad\u0131.<\/p>\n<p>PROF\u0130L FOTO\u011eRAFLARI EKREM \u0130MAMO\u011eLU OLDU <\/p>\n<p>Ekrem \u0130mamo\u011flu\u2019nun hesab\u0131na eri\u015fim engelli getirilmesinin ard\u0131ndan CHP Grup Ba\u015fkanvekili ve Mersin Milletvekili Ali Mahir Ba\u015far\u0131r, X (eski ad\u0131yla Twitter) \u00fczerindeki profil foto\u011fraf\u0131n\u0131 de\u011fi\u015ftirdi. Ba\u015far\u0131r\u2019\u0131n ard\u0131ndan Ankara B\u00fcy\u00fck\u015fehir Belediye Ba\u015fkan\u0131 Mansur Yava\u015f da yan hesab\u0131 olan \u2018Mansur Yava\u015f 2025\u2019 adl\u0131 hesab\u0131n\u0131n profil foto\u011fraf\u0131n\u0131 Ekrem \u0130mamo\u011flu yapt\u0131.<\/p>\n<p>ANTALYA\u2019DAN DESTEK <\/p>\n<p>Mansur Yava\u015f ve Ali Mahir Ba\u015far\u0131r\u2019\u0131n ba\u015flatt\u0131\u011f\u0131 bu ak\u0131ma Antalya\u2019dan da destek geldi. CHP Antalya milletvekili Aykut Kaya, Mustafa Erdem, Aliye Co\u015far, CHP Antalya \u0130l Ba\u015fkan\u0131 Nail Kamac\u0131, X (eski ad\u0131yla Twitter) \u00fczerindeki profil foto\u011fraf\u0131n\u0131 Ekrem \u0130mamo\u011flu ile de\u011fi\u015ftirmeye ba\u015flad\u0131.<\/p>\n<p>NE OLMU\u015eTU?<\/p>\n<p>Ekrem \u0130mamo\u011flu, hakk\u0131nda y\u00fcr\u00fct\u00fclen bir soru\u015fturma kapsam\u0131nda tutuklanarak Silivri\u2019deki Marmara Kapal\u0131 Ceza ve \u0130nfaz Kurumu&#8217;na g\u00f6nderilmi\u015fti. 24 Nisan 2025\u2019te yap\u0131lan bir payla\u015f\u0131m\u0131n ard\u0131ndan ba\u015flat\u0131lan yeni soru\u015fturma kapsam\u0131nda, kamu d\u00fczenine zarar verebilece\u011fi gerek\u00e7esiyle sosyal medya hesab\u0131na eri\u015fim engeli getirilmesi karar\u0131 al\u0131nd\u0131. Eri\u015fim engelinin, \u0130mamo\u011flu\u2019nun tutuklulu\u011fu sona erene kadar \u201ctedbiren\u201d uygulanaca\u011f\u0131 bildirildi.<\/p>\n<p>\u200bTutuklu \u0130BB Ba\u015fkan\u0131 ve CHP\u2019nin cumhurba\u015fkan\u0131 aday\u0131 Ekrem \u0130mamo\u011flu\u2019nun \u0130stanbul Cumhuriyet Ba\u015fsavc\u0131l\u0131\u011f\u0131 taraf\u0131ndan sosyal medya platformu X (eski ad\u0131yla Twitter) eri\u015fim engeli getirilmesine Antalya\u2019dan tepkiler geldi. CHP\u2019nin pek \u00e7ok Antalyal\u0131 siyaset\u00e7isi sosyal medya hesab\u0131ndaki profil foto\u011fraf\u0131n\u0131 Ekrem \u0130mamo\u011flu ile de\u011fi\u015ftirdi.\u00a0<\/p>\n<p>\u200bHaberin Al\u0131nt\u0131land\u0131\u011f\u0131 Kaynak: www.antalyakorfez.com<\/p>","protected":false},"excerpt":{"rendered":"<p>\u0130stanbul Cumhuriyet Ba\u015fsavc\u0131l\u0131\u011f\u0131, tutuklu olan \u0130stanbul B\u00fcy\u00fck\u015fehir Belediyesi (\u0130BB) Ba\u015fkan\u0131 ve CHP\u2019nin cumhurba\u015fkan\u0131 aday\u0131 Ekrem \u0130mamo\u011flu\u2019nun sosyal medya platformu X (eski ad\u0131yla Twitter) \u00fczerindeki resmi hesab\u0131na T\u00fcrkiye&#8217;den eri\u015fim engeli getirdi. Al\u0131nan bu karar\u0131n ard\u0131ndan pek \u00e7ok CHP\u2019li isim \u0130mamo\u011flu\u2019na destek olmak i\u00e7in X hesaplar\u0131ndaki profil foto\u011fraflar\u0131n\u0131 Ekrem \u0130mamo\u011flu ile de\u011fi\u015ftirmeye ba\u015flad\u0131. PROF\u0130L FOTO\u011eRAFLARI EKREM \u0130MAMO\u011eLU OLDU Ekrem \u0130mamo\u011flu\u2019nun hesab\u0131na eri\u015fim engelli getirilmesinin ard\u0131ndan CHP Grup Ba\u015fkanvekili ve Mersin Milletvekili Ali Mahir Ba\u015far\u0131r, X (eski ad\u0131yla Twitter) \u00fczerindeki profil foto\u011fraf\u0131n\u0131 de\u011fi\u015ftirdi. Ba\u015far\u0131r\u2019\u0131n ard\u0131ndan Ankara B\u00fcy\u00fck\u015fehir Belediye Ba\u015fkan\u0131 Mansur Yava\u015f da yan hesab\u0131 olan \u2018Mansur Yava\u015f 2025\u2019 adl\u0131 hesab\u0131n\u0131n profil foto\u011fraf\u0131n\u0131 Ekrem \u0130mamo\u011flu yapt\u0131. ANTALYA\u2019DAN DESTEK Mansur Yava\u015f ve Ali Mahir Ba\u015far\u0131r\u2019\u0131n ba\u015flatt\u0131\u011f\u0131 bu ak\u0131ma Antalya\u2019dan da destek geldi. CHP Antalya milletvekili Aykut Kaya, Mustafa Erdem, Aliye Co\u015far, CHP Antalya \u0130l Ba\u015fkan\u0131 Nail Kamac\u0131, X (eski ad\u0131yla Twitter) \u00fczerindeki profil foto\u011fraf\u0131n\u0131 Ekrem \u0130mamo\u011flu ile de\u011fi\u015ftirmeye ba\u015flad\u0131. NE OLMU\u015eTU? Ekrem \u0130mamo\u011flu, hakk\u0131nda y\u00fcr\u00fct\u00fclen bir soru\u015fturma kapsam\u0131nda tutuklanarak Silivri\u2019deki Marmara Kapal\u0131 Ceza ve \u0130nfaz Kurumu&#8217;na g\u00f6nderilmi\u015fti. 24 Nisan 2025\u2019te yap\u0131lan bir payla\u015f\u0131m\u0131n ard\u0131ndan ba\u015flat\u0131lan yeni soru\u015fturma kapsam\u0131nda, kamu d\u00fczenine zarar verebilece\u011fi gerek\u00e7esiyle sosyal medya hesab\u0131na eri\u015fim engeli getirilmesi karar\u0131 al\u0131nd\u0131. Eri\u015fim engelinin, \u0130mamo\u011flu\u2019nun tutuklulu\u011fu sona erene kadar \u201ctedbiren\u201d uygulanaca\u011f\u0131 bildirildi. \u200bTutuklu \u0130BB Ba\u015fkan\u0131 ve &hellip;<\/p>","protected":false},"author":5,"featured_media":0,"comment_status":"","ping_status":"open","sticky":false,"template":"","format":"standard","meta":{"_acf_changed":false,"footnotes":""},"categories":[24],"tags":[],"class_list":["post-79971","post","type-post","status-publish","format-standard","has-post-thumbnail","hentry","category-gundem"],"acf":[],"yoast_head":"<!-- This site is optimized with the Yoast SEO Premium plugin v26.6 (Yoast SEO v27.1.1) - https:\/\/yoast.com\/product\/yoast-seo-premium-wordpress\/ -->\n<title>Antalya\u2019da \u0130mamo\u011flu dalgas\u0131! CHP\u2019li isimler profil foto\u011fraflar\u0131n\u0131 de\u011fi\u015ftiriyor - Av. Deniz Can K\u0131z\u0131l<\/title>\n<meta name=\"robots\" content=\"index, follow, max-snippet:-1, max-image-preview:large, max-video-preview:-1\" \/>\n<link rel=\"canonical\" href=\"https:\/\/denizcankizil.tr\/en\/haberler\/gundem\/antalyada-imamoglu-dalgasi-chpli-isimler-profil-fotograflarini-degistiriyor\/\" \/>\n<meta property=\"og:locale\" content=\"en_GB\" \/>\n<meta property=\"og:type\" content=\"article\" \/>\n<meta property=\"og:title\" content=\"Antalya\u2019da \u0130mamo\u011flu dalgas\u0131! CHP\u2019li isimler profil foto\u011fraflar\u0131n\u0131 de\u011fi\u015ftiriyor\" \/>\n<meta property=\"og:description\" content=\"\u0130stanbul Cumhuriyet Ba\u015fsavc\u0131l\u0131\u011f\u0131, tutuklu olan \u0130stanbul B\u00fcy\u00fck\u015fehir Belediyesi (\u0130BB) Ba\u015fkan\u0131 ve CHP\u2019nin cumhurba\u015fkan\u0131 aday\u0131 Ekrem \u0130mamo\u011flu\u2019nun sosyal medya platformu X (eski ad\u0131yla Twitter) \u00fczerindeki resmi hesab\u0131na T\u00fcrkiye&#8217;den eri\u015fim engeli getirdi. Al\u0131nan bu karar\u0131n ard\u0131ndan pek \u00e7ok CHP\u2019li isim \u0130mamo\u011flu\u2019na destek olmak i\u00e7in X hesaplar\u0131ndaki profil foto\u011fraflar\u0131n\u0131 Ekrem \u0130mamo\u011flu ile de\u011fi\u015ftirmeye ba\u015flad\u0131. PROF\u0130L FOTO\u011eRAFLARI EKREM \u0130MAMO\u011eLU OLDU Ekrem \u0130mamo\u011flu\u2019nun hesab\u0131na eri\u015fim engelli getirilmesinin ard\u0131ndan CHP Grup Ba\u015fkanvekili ve Mersin Milletvekili Ali Mahir Ba\u015far\u0131r, X (eski ad\u0131yla Twitter) \u00fczerindeki profil foto\u011fraf\u0131n\u0131 de\u011fi\u015ftirdi. Ba\u015far\u0131r\u2019\u0131n ard\u0131ndan Ankara B\u00fcy\u00fck\u015fehir Belediye Ba\u015fkan\u0131 Mansur Yava\u015f da yan hesab\u0131 olan \u2018Mansur Yava\u015f 2025\u2019 adl\u0131 hesab\u0131n\u0131n profil foto\u011fraf\u0131n\u0131 Ekrem \u0130mamo\u011flu yapt\u0131. ANTALYA\u2019DAN DESTEK Mansur Yava\u015f ve Ali Mahir Ba\u015far\u0131r\u2019\u0131n ba\u015flatt\u0131\u011f\u0131 bu ak\u0131ma Antalya\u2019dan da destek geldi. CHP Antalya milletvekili Aykut Kaya, Mustafa Erdem, Aliye Co\u015far, CHP Antalya \u0130l Ba\u015fkan\u0131 Nail Kamac\u0131, X (eski ad\u0131yla Twitter) \u00fczerindeki profil foto\u011fraf\u0131n\u0131 Ekrem \u0130mamo\u011flu ile de\u011fi\u015ftirmeye ba\u015flad\u0131. NE OLMU\u015eTU? Ekrem \u0130mamo\u011flu, hakk\u0131nda y\u00fcr\u00fct\u00fclen bir soru\u015fturma kapsam\u0131nda tutuklanarak Silivri\u2019deki Marmara Kapal\u0131 Ceza ve \u0130nfaz Kurumu&#8217;na g\u00f6nderilmi\u015fti. 24 Nisan 2025\u2019te yap\u0131lan bir payla\u015f\u0131m\u0131n ard\u0131ndan ba\u015flat\u0131lan yeni soru\u015fturma kapsam\u0131nda, kamu d\u00fczenine zarar verebilece\u011fi gerek\u00e7esiyle sosyal medya hesab\u0131na eri\u015fim engeli getirilmesi karar\u0131 al\u0131nd\u0131. Eri\u015fim engelinin, \u0130mamo\u011flu\u2019nun tutuklulu\u011fu sona erene kadar \u201ctedbiren\u201d uygulanaca\u011f\u0131 bildirildi. \u200bTutuklu \u0130BB Ba\u015fkan\u0131 ve &hellip;\" \/>\n<meta property=\"og:url\" content=\"https:\/\/denizcankizil.tr\/en\/haberler\/gundem\/antalyada-imamoglu-dalgasi-chpli-isimler-profil-fotograflarini-degistiriyor\/\" \/>\n<meta property=\"og:site_name\" content=\"Av. Deniz Can K\u0131z\u0131l\" \/>\n<meta property=\"article:published_time\" content=\"2025-05-08T10:41:59+00:00\" \/>\n<meta name=\"author\" content=\"Antalya K\u00f6rfez\" \/>\n<meta name=\"twitter:card\" content=\"summary_large_image\" \/>\n<meta name=\"twitter:label1\" content=\"Written by\" \/>\n\t<meta name=\"twitter:data1\" content=\"Antalya K\u00f6rfez\" \/>\n\t<meta name=\"twitter:label2\" content=\"Estimated reading time\" \/>\n\t<meta name=\"twitter:data2\" content=\"2 minutes\" \/>\n<script type=\"application\/ld+json\" class=\"yoast-schema-graph\">{\"@context\":\"https:\/\/schema.org\",\"@graph\":[{\"@type\":\"Article\",\"@id\":\"https:\/\/denizcankizil.tr\/en\/haberler\/gundem\/antalyada-imamoglu-dalgasi-chpli-isimler-profil-fotograflarini-degistiriyor\/#article\",\"isPartOf\":{\"@id\":\"https:\/\/denizcankizil.tr\/en\/haberler\/gundem\/antalyada-imamoglu-dalgasi-chpli-isimler-profil-fotograflarini-degistiriyor\/\"},\"author\":{\"name\":\"Antalya K\u00f6rfez\",\"@id\":\"https:\/\/denizcankizil.tr\/#\/schema\/person\/e1eb71bb4dd684d46563f0af307e1234\"},\"headline\":\"Antalya\u2019da \u0130mamo\u011flu dalgas\u0131! CHP\u2019li isimler profil foto\u011fraflar\u0131n\u0131 de\u011fi\u015ftiriyor\",\"datePublished\":\"2025-05-08T10:41:59+00:00\",\"mainEntityOfPage\":{\"@id\":\"https:\/\/denizcankizil.tr\/en\/haberler\/gundem\/antalyada-imamoglu-dalgasi-chpli-isimler-profil-fotograflarini-degistiriyor\/\"},\"wordCount\":380,\"publisher\":{\"@id\":\"https:\/\/denizcankizil.tr\/#organization\"},\"articleSection\":[\"G\u00fcndem\"],\"inLanguage\":\"en-GB\"},{\"@type\":\"WebPage\",\"@id\":\"https:\/\/denizcankizil.tr\/en\/haberler\/gundem\/antalyada-imamoglu-dalgasi-chpli-isimler-profil-fotograflarini-degistiriyor\/\",\"url\":\"https:\/\/denizcankizil.tr\/en\/haberler\/gundem\/antalyada-imamoglu-dalgasi-chpli-isimler-profil-fotograflarini-degistiriyor\/\",\"name\":\"Antalya\u2019da \u0130mamo\u011flu dalgas\u0131! CHP\u2019li isimler profil foto\u011fraflar\u0131n\u0131 de\u011fi\u015ftiriyor - Av. Deniz Can K\u0131z\u0131l\",\"isPartOf\":{\"@id\":\"https:\/\/denizcankizil.tr\/#website\"},\"datePublished\":\"2025-05-08T10:41:59+00:00\",\"breadcrumb\":{\"@id\":\"https:\/\/denizcankizil.tr\/en\/haberler\/gundem\/antalyada-imamoglu-dalgasi-chpli-isimler-profil-fotograflarini-degistiriyor\/#breadcrumb\"},\"inLanguage\":\"en-GB\",\"potentialAction\":[{\"@type\":\"ReadAction\",\"target\":[\"https:\/\/denizcankizil.tr\/en\/haberler\/gundem\/antalyada-imamoglu-dalgasi-chpli-isimler-profil-fotograflarini-degistiriyor\/\"]}]},{\"@type\":\"BreadcrumbList\",\"@id\":\"https:\/\/denizcankizil.tr\/en\/haberler\/gundem\/antalyada-imamoglu-dalgasi-chpli-isimler-profil-fotograflarini-degistiriyor\/#breadcrumb\",\"itemListElement\":[{\"@type\":\"ListItem\",\"position\":1,\"name\":\"Home\",\"item\":\"https:\/\/denizcankizil.tr\/de\/\"},{\"@type\":\"ListItem\",\"position\":2,\"name\":\"Antalya\u2019da \u0130mamo\u011flu dalgas\u0131! CHP\u2019li isimler profil foto\u011fraflar\u0131n\u0131 de\u011fi\u015ftiriyor\"}]},{\"@type\":\"WebSite\",\"@id\":\"https:\/\/denizcankizil.tr\/#website\",\"url\":\"https:\/\/denizcankizil.tr\/\",\"name\":\"Av. Deniz Can K\u0131z\u0131l\",\"description\":\"Avukat Deniz Can K\u0131z\u0131l Antalya Barosu\",\"publisher\":{\"@id\":\"https:\/\/denizcankizil.tr\/#organization\"},\"potentialAction\":[{\"@type\":\"SearchAction\",\"target\":{\"@type\":\"EntryPoint\",\"urlTemplate\":\"https:\/\/denizcankizil.tr\/?s={search_term_string}\"},\"query-input\":{\"@type\":\"PropertyValueSpecification\",\"valueRequired\":true,\"valueName\":\"search_term_string\"}}],\"inLanguage\":\"en-GB\"},{\"@type\":\"Organization\",\"@id\":\"https:\/\/denizcankizil.tr\/#organization\",\"name\":\"Av. Deniz Can K\u0131z\u0131l\",\"url\":\"https:\/\/denizcankizil.tr\/\",\"logo\":{\"@type\":\"ImageObject\",\"inLanguage\":\"en-GB\",\"@id\":\"https:\/\/denizcankizil.tr\/#\/schema\/logo\/image\/\",\"url\":\"https:\/\/denizcankizil.tr\/wp-content\/uploads\/2024\/10\/siyah-logo-svg.svg\",\"contentUrl\":\"https:\/\/denizcankizil.tr\/wp-content\/uploads\/2024\/10\/siyah-logo-svg.svg\",\"width\":1080,\"height\":1080,\"caption\":\"Av. Deniz Can K\u0131z\u0131l\"},\"image\":{\"@id\":\"https:\/\/denizcankizil.tr\/#\/schema\/logo\/image\/\"}},{\"@type\":\"Person\",\"@id\":\"https:\/\/denizcankizil.tr\/#\/schema\/person\/e1eb71bb4dd684d46563f0af307e1234\",\"name\":\"Antalya K\u00f6rfez\",\"image\":{\"@type\":\"ImageObject\",\"inLanguage\":\"en-GB\",\"@id\":\"https:\/\/denizcankizil.tr\/#\/schema\/person\/image\/\",\"url\":\"https:\/\/secure.gravatar.com\/avatar\/42b01982558a48a0b501fdcab6a408d3717ea5919095ee2e67b0e521799c5905?s=96&d=mm&r=g\",\"contentUrl\":\"https:\/\/secure.gravatar.com\/avatar\/42b01982558a48a0b501fdcab6a408d3717ea5919095ee2e67b0e521799c5905?s=96&d=mm&r=g\",\"caption\":\"Antalya K\u00f6rfez\"},\"sameAs\":[\"http:\/\/www.antalyakorfez.com\"],\"url\":\"https:\/\/www.antalyakorfez.com\/antalyada-imamoglu-dalgasi-chpli-isimler-profil-fotograflarini-degistiriyor\"}]}<\/script>\n<!-- \/ Yoast SEO Premium plugin. -->","yoast_head_json":{"title":"Antalya\u2019da \u0130mamo\u011flu dalgas\u0131! CHP\u2019li isimler profil foto\u011fraflar\u0131n\u0131 de\u011fi\u015ftiriyor - Av. Deniz Can K\u0131z\u0131l","robots":{"index":"index","follow":"follow","max-snippet":"max-snippet:-1","max-image-preview":"max-image-preview:large","max-video-preview":"max-video-preview:-1"},"canonical":"https:\/\/denizcankizil.tr\/en\/haberler\/gundem\/antalyada-imamoglu-dalgasi-chpli-isimler-profil-fotograflarini-degistiriyor\/","og_locale":"en_GB","og_type":"article","og_title":"Antalya\u2019da \u0130mamo\u011flu dalgas\u0131! CHP\u2019li isimler profil foto\u011fraflar\u0131n\u0131 de\u011fi\u015ftiriyor","og_description":"\u0130stanbul Cumhuriyet Ba\u015fsavc\u0131l\u0131\u011f\u0131, tutuklu olan \u0130stanbul B\u00fcy\u00fck\u015fehir Belediyesi (\u0130BB) Ba\u015fkan\u0131 ve CHP\u2019nin cumhurba\u015fkan\u0131 aday\u0131 Ekrem \u0130mamo\u011flu\u2019nun sosyal medya platformu X (eski ad\u0131yla Twitter) \u00fczerindeki resmi hesab\u0131na T\u00fcrkiye&#8217;den eri\u015fim engeli getirdi. Al\u0131nan bu karar\u0131n ard\u0131ndan pek \u00e7ok CHP\u2019li isim \u0130mamo\u011flu\u2019na destek olmak i\u00e7in X hesaplar\u0131ndaki profil foto\u011fraflar\u0131n\u0131 Ekrem \u0130mamo\u011flu ile de\u011fi\u015ftirmeye ba\u015flad\u0131. PROF\u0130L FOTO\u011eRAFLARI EKREM \u0130MAMO\u011eLU OLDU Ekrem \u0130mamo\u011flu\u2019nun hesab\u0131na eri\u015fim engelli getirilmesinin ard\u0131ndan CHP Grup Ba\u015fkanvekili ve Mersin Milletvekili Ali Mahir Ba\u015far\u0131r, X (eski ad\u0131yla Twitter) \u00fczerindeki profil foto\u011fraf\u0131n\u0131 de\u011fi\u015ftirdi. Ba\u015far\u0131r\u2019\u0131n ard\u0131ndan Ankara B\u00fcy\u00fck\u015fehir Belediye Ba\u015fkan\u0131 Mansur Yava\u015f da yan hesab\u0131 olan \u2018Mansur Yava\u015f 2025\u2019 adl\u0131 hesab\u0131n\u0131n profil foto\u011fraf\u0131n\u0131 Ekrem \u0130mamo\u011flu yapt\u0131. ANTALYA\u2019DAN DESTEK Mansur Yava\u015f ve Ali Mahir Ba\u015far\u0131r\u2019\u0131n ba\u015flatt\u0131\u011f\u0131 bu ak\u0131ma Antalya\u2019dan da destek geldi. CHP Antalya milletvekili Aykut Kaya, Mustafa Erdem, Aliye Co\u015far, CHP Antalya \u0130l Ba\u015fkan\u0131 Nail Kamac\u0131, X (eski ad\u0131yla Twitter) \u00fczerindeki profil foto\u011fraf\u0131n\u0131 Ekrem \u0130mamo\u011flu ile de\u011fi\u015ftirmeye ba\u015flad\u0131. NE OLMU\u015eTU? Ekrem \u0130mamo\u011flu, hakk\u0131nda y\u00fcr\u00fct\u00fclen bir soru\u015fturma kapsam\u0131nda tutuklanarak Silivri\u2019deki Marmara Kapal\u0131 Ceza ve \u0130nfaz Kurumu&#8217;na g\u00f6nderilmi\u015fti. 24 Nisan 2025\u2019te yap\u0131lan bir payla\u015f\u0131m\u0131n ard\u0131ndan ba\u015flat\u0131lan yeni soru\u015fturma kapsam\u0131nda, kamu d\u00fczenine zarar verebilece\u011fi gerek\u00e7esiyle sosyal medya hesab\u0131na eri\u015fim engeli getirilmesi karar\u0131 al\u0131nd\u0131. Eri\u015fim engelinin, \u0130mamo\u011flu\u2019nun tutuklulu\u011fu sona erene kadar \u201ctedbiren\u201d uygulanaca\u011f\u0131 bildirildi. \u200bTutuklu \u0130BB Ba\u015fkan\u0131 ve &hellip;","og_url":"https:\/\/denizcankizil.tr\/en\/haberler\/gundem\/antalyada-imamoglu-dalgasi-chpli-isimler-profil-fotograflarini-degistiriyor\/","og_site_name":"Av. Deniz Can K\u0131z\u0131l","article_published_time":"2025-05-08T10:41:59+00:00","author":"Antalya K\u00f6rfez","twitter_card":"summary_large_image","twitter_misc":{"Written by":"Antalya K\u00f6rfez","Estimated reading time":"2 minutes"},"schema":{"@context":"https:\/\/schema.org","@graph":[{"@type":"Article","@id":"https:\/\/denizcankizil.tr\/en\/haberler\/gundem\/antalyada-imamoglu-dalgasi-chpli-isimler-profil-fotograflarini-degistiriyor\/#article","isPartOf":{"@id":"https:\/\/denizcankizil.tr\/en\/haberler\/gundem\/antalyada-imamoglu-dalgasi-chpli-isimler-profil-fotograflarini-degistiriyor\/"},"author":{"name":"Antalya K\u00f6rfez","@id":"https:\/\/denizcankizil.tr\/#\/schema\/person\/e1eb71bb4dd684d46563f0af307e1234"},"headline":"Antalya\u2019da \u0130mamo\u011flu dalgas\u0131! CHP\u2019li isimler profil foto\u011fraflar\u0131n\u0131 de\u011fi\u015ftiriyor","datePublished":"2025-05-08T10:41:59+00:00","mainEntityOfPage":{"@id":"https:\/\/denizcankizil.tr\/en\/haberler\/gundem\/antalyada-imamoglu-dalgasi-chpli-isimler-profil-fotograflarini-degistiriyor\/"},"wordCount":380,"publisher":{"@id":"https:\/\/denizcankizil.tr\/#organization"},"articleSection":["G\u00fcndem"],"inLanguage":"en-GB"},{"@type":"WebPage","@id":"https:\/\/denizcankizil.tr\/en\/haberler\/gundem\/antalyada-imamoglu-dalgasi-chpli-isimler-profil-fotograflarini-degistiriyor\/","url":"https:\/\/denizcankizil.tr\/en\/haberler\/gundem\/antalyada-imamoglu-dalgasi-chpli-isimler-profil-fotograflarini-degistiriyor\/","name":"Antalya\u2019da \u0130mamo\u011flu dalgas\u0131! CHP\u2019li isimler profil foto\u011fraflar\u0131n\u0131 de\u011fi\u015ftiriyor - Av. Deniz Can K\u0131z\u0131l","isPartOf":{"@id":"https:\/\/denizcankizil.tr\/#website"},"datePublished":"2025-05-08T10:41:59+00:00","breadcrumb":{"@id":"https:\/\/denizcankizil.tr\/en\/haberler\/gundem\/antalyada-imamoglu-dalgasi-chpli-isimler-profil-fotograflarini-degistiriyor\/#breadcrumb"},"inLanguage":"en-GB","potentialAction":[{"@type":"ReadAction","target":["https:\/\/denizcankizil.tr\/en\/haberler\/gundem\/antalyada-imamoglu-dalgasi-chpli-isimler-profil-fotograflarini-degistiriyor\/"]}]},{"@type":"BreadcrumbList","@id":"https:\/\/denizcankizil.tr\/en\/haberler\/gundem\/antalyada-imamoglu-dalgasi-chpli-isimler-profil-fotograflarini-degistiriyor\/#breadcrumb","itemListElement":[{"@type":"ListItem","position":1,"name":"Home","item":"https:\/\/denizcankizil.tr\/de\/"},{"@type":"ListItem","position":2,"name":"Antalya\u2019da \u0130mamo\u011flu dalgas\u0131! CHP\u2019li isimler profil foto\u011fraflar\u0131n\u0131 de\u011fi\u015ftiriyor"}]},{"@type":"WebSite","@id":"https:\/\/denizcankizil.tr\/#website","url":"https:\/\/denizcankizil.tr\/","name":"Av. Deniz Can K\u0131z\u0131l","description":"Avukat Deniz Can K\u0131z\u0131l Antalya Barosu","publisher":{"@id":"https:\/\/denizcankizil.tr\/#organization"},"potentialAction":[{"@type":"SearchAction","target":{"@type":"EntryPoint","urlTemplate":"https:\/\/denizcankizil.tr\/?s={search_term_string}"},"query-input":{"@type":"PropertyValueSpecification","valueRequired":true,"valueName":"search_term_string"}}],"inLanguage":"en-GB"},{"@type":"Organization","@id":"https:\/\/denizcankizil.tr\/#organization","name":"Av. Deniz Can K\u0131z\u0131l","url":"https:\/\/denizcankizil.tr\/","logo":{"@type":"ImageObject","inLanguage":"en-GB","@id":"https:\/\/denizcankizil.tr\/#\/schema\/logo\/image\/","url":"https:\/\/denizcankizil.tr\/wp-content\/uploads\/2024\/10\/siyah-logo-svg.svg","contentUrl":"https:\/\/denizcankizil.tr\/wp-content\/uploads\/2024\/10\/siyah-logo-svg.svg","width":1080,"height":1080,"caption":"Av. Deniz Can K\u0131z\u0131l"},"image":{"@id":"https:\/\/denizcankizil.tr\/#\/schema\/logo\/image\/"}},{"@type":"Person","@id":"https:\/\/denizcankizil.tr\/#\/schema\/person\/e1eb71bb4dd684d46563f0af307e1234","name":"Antalya K\u00f6rfez","image":{"@type":"ImageObject","inLanguage":"en-GB","@id":"https:\/\/denizcankizil.tr\/#\/schema\/person\/image\/","url":"https:\/\/secure.gravatar.com\/avatar\/42b01982558a48a0b501fdcab6a408d3717ea5919095ee2e67b0e521799c5905?s=96&d=mm&r=g","contentUrl":"https:\/\/secure.gravatar.com\/avatar\/42b01982558a48a0b501fdcab6a408d3717ea5919095ee2e67b0e521799c5905?s=96&d=mm&r=g","caption":"Antalya K\u00f6rfez"},"sameAs":["http:\/\/www.antalyakorfez.com"],"url":"https:\/\/www.antalyakorfez.com\/antalyada-imamoglu-dalgasi-chpli-isimler-profil-fotograflarini-degistiriyor"}]}},"_links":{"self":[{"href":"https:\/\/denizcankizil.tr\/en\/wp-json\/wp\/v2\/posts\/79971","targetHints":{"allow":["GET"]}}],"collection":[{"href":"https:\/\/denizcankizil.tr\/en\/wp-json\/wp\/v2\/posts"}],"about":[{"href":"https:\/\/denizcankizil.tr\/en\/wp-json\/wp\/v2\/types\/post"}],"author":[{"embeddable":true,"href":"https:\/\/denizcankizil.tr\/en\/wp-json\/wp\/v2\/users\/5"}],"replies":[{"embeddable":true,"href":"https:\/\/denizcankizil.tr\/en\/wp-json\/wp\/v2\/comments?post=79971"}],"version-history":[{"count":0,"href":"https:\/\/denizcankizil.tr\/en\/wp-json\/wp\/v2\/posts\/79971\/revisions"}],"wp:attachment":[{"href":"https:\/\/denizcankizil.tr\/en\/wp-json\/wp\/v2\/media?parent=79971"}],"wp:term":[{"taxonomy":"category","embeddable":true,"href":"https:\/\/denizcankizil.tr\/en\/wp-json\/wp\/v2\/categories?post=79971"},{"taxonomy":"post_tag","embeddable":true,"href":"https:\/\/denizcankizil.tr\/en\/wp-json\/wp\/v2\/tags?post=79971"}],"curies":[{"name":"wp","href":"https:\/\/api.w.org\/{rel}","templated":true}]}}