{"id":79964,"date":"2025-05-08T13:41:28","date_gmt":"2025-05-08T10:41:28","guid":{"rendered":"https:\/\/denizcankizil.tr\/uncategorized-tr\/80-yasindaki-fahriye-nine-dolandiriciya-gecit-vermedi\/"},"modified":"2025-05-08T13:41:28","modified_gmt":"2025-05-08T10:41:28","slug":"80-yasindaki-fahriye-nine-dolandiriciya-gecit-vermedi","status":"publish","type":"post","link":"https:\/\/denizcankizil.tr\/en\/haberler\/antalya\/80-yasindaki-fahriye-nine-dolandiriciya-gecit-vermedi\/","title":{"rendered":"80 ya\u015f\u0131ndaki Fahriye nine doland\u0131r\u0131c\u0131ya ge\u00e7it vermedi"},"content":{"rendered":"<p>Antalya\u2019n\u0131n Muratpa\u015fa il\u00e7esinde ya\u015fayan 80 ya\u015f\u0131ndaki Fahriye Alfert, telefonla ba\u015flayan ve WhatsApp \u00fczerinden s\u00fcrd\u00fcr\u00fclen bir doland\u0131r\u0131c\u0131l\u0131k giri\u015fimine kar\u015f\u0131 kararl\u0131l\u0131kla direndi. Kendini polis olarak tan\u0131tan ve WhatsApp profiline Milli \u0130stihbarat Te\u015fkilat\u0131 (M\u0130T) amblemi yerle\u015ftirip &#8220;M.\u0130.T.&#8221; yazan \u015f\u00fcpheli, ya\u015fl\u0131 kad\u0131n\u0131 kimli\u011finin ele ge\u00e7irildi\u011fi yalan\u0131yla kand\u0131rmaya \u00e7al\u0131\u015ft\u0131.<\/p>\n<p>&#8220;Kimli\u011fin \u00fczerinden ba\u015fkalar\u0131 i\u015flem yapm\u0131\u015f&#8221;<br \/>\n\u015e\u00fcpheli \u015fah\u0131s, telefonla arad\u0131\u011f\u0131 Fahriye Alfert\u2019e &#8220;Kimli\u011fin \u00fczerinden ba\u015fkalar\u0131 i\u015flem yapm\u0131\u015f. Kimli\u011finle oynanm\u0131\u015f, insanlar senin ad\u0131nla otellere gitmi\u015f, para \u00e7ekmi\u015f&#8221; diyerek ya\u015fl\u0131 kad\u0131n\u0131 pani\u011fe s\u00fcr\u00fcklemeye \u00e7al\u0131\u015ft\u0131. Kimli\u011fine ait oldu\u011funu iddia etti\u011fi sahte bir belgeyi de WhatsApp \u00fczerinden g\u00f6nderen \u015fah\u0131s, bu yolla g\u00fcven kazanmaya \u00e7al\u0131\u015ft\u0131. Ancak Fahriye Alfert, g\u00f6nderilen foto\u011fraf\u0131n kendisine ait olmad\u0131\u011f\u0131n\u0131 fark ederek &#8220;Bu foto\u011fraf benim de\u011fil&#8221; diyerek tepki g\u00f6sterdi.<\/p>\n<p>&#8220;Senin o\u011flunu da g\u00f6t\u00fcr\u00fcrler&#8221;<br \/>\n\u0130leti\u015fim s\u00fcresince kendini polis olarak tan\u0131tan \u015fah\u0131s, &#8220;\u00c7ocuklar\u0131na bildirirsen, FET\u00d6&#8217;de 15 Temmuz&#8217;da nas\u0131l yapt\u0131lar, ka\u00e7 ki\u015fiyi g\u00f6t\u00fcrd\u00fcler. Senin o\u011flunu da g\u00f6t\u00fcr\u00fcrler&#8221; diyerek tehditlerini s\u00fcrd\u00fcrd\u00fc. Alfert\u2019in g\u00fcvenmemesi \u00fczerine bu kez &#8220;Sen devlet beyime hakaret ediyorsun. Bu s\u00f6zlerin y\u00fcz\u00fcnden 14 g\u00fcn i\u00e7eride yatars\u0131n. Seni kom\u015fular\u0131n\u0131n \u00f6n\u00fcnde al\u0131p g\u00f6t\u00fcr\u00fcrler, onlar da \u2018Bu kad\u0131n ne yapt\u0131?\u2019 derler&#8221; ifadeleriyle psikolojik bask\u0131 kurmaya \u00e7al\u0131\u015ft\u0131.<br \/>\nFahriye teyze ise, &#8220;Ben hakaret etmedim ki! Kimseyi kesmedim, \u00f6ld\u00fcrmedim. Kom\u015fular\u0131m beni tan\u0131r&#8221; \u015feklinde konu\u015farak, inanmad\u0131\u011f\u0131n\u0131 belli etmeye devam etti.<br \/>\nT\u00fcm bu bask\u0131lara ra\u011fmen doland\u0131r\u0131c\u0131n\u0131n s\u00f6zlerine inanmayan Alfert, kendisine s\u00fcrekli &#8220;Devlet memuruna nas\u0131l b\u00f6yle konu\u015fursun?&#8221; \u00e7\u0131k\u0131\u015f\u0131 yapmas\u0131 \u00fczerine numaray\u0131 tekrar aray\u0131p adeta hesap sorup nasihat etti. Alfert, &#8220;O\u011flum bak, sahtek\u00e2rl\u0131k yapma. Ben abdest alan bir kad\u0131n\u0131m. Allah seni kahru peri\u015fan eder&#8221; diye konu\u015ftu. Bu s\u00f6zlerin ard\u0131ndan \u015f\u00fcpheli bir s\u00fcre daha ikna etmeye \u00e7al\u0131\u015ft\u0131 ancak konu\u015fma sonu\u00e7suz kald\u0131.<\/p>\n<p>&#8220;Profes\u00f6rleri bile kand\u0131rm\u0131\u015flar, beni de kand\u0131racaklard\u0131&#8221;<br \/>\nYa\u015fad\u0131\u011f\u0131 olay \u00fczerine duygular\u0131n\u0131 payla\u015fan Fahriye Alfert, kendisine s\u00f6ylenenlerin ger\u00e7ek olamayacak kadar kurgulu oldu\u011funu fark etti\u011fini \u015fu \u015fekilde belirtti:<br \/>\n&#8220;Bir kad\u0131n \u2018Ne oldu\u011funu anlayamad\u0131m\u2019 demi\u015fti. Akl\u0131ma o geldi. Dedim ki bunlar insan\u0131 konu\u015fturup ikna ediyorlar. Profes\u00f6rleri bile kand\u0131rm\u0131\u015flar, beni de kand\u0131racaklard\u0131.&#8221;<br \/>\nAlfert, konu\u015fman\u0131n sonunda ya\u015fad\u0131klar\u0131n\u0131 kimseye anlatmamas\u0131 gerekti\u011fi y\u00f6n\u00fcnde telkinler ald\u0131\u011f\u0131n\u0131 ancak bunu kabullenmedi\u011fini vurgulayarak, konu\u015fmas\u0131n\u0131 \u015fu \u015fekilde sonland\u0131rd\u0131:<br \/>\n&#8220;Bana kimseyle payla\u015fma dedi. Ama ben payla\u015f\u0131r\u0131m. Ya\u015fl\u0131 bir kad\u0131n\u0131m, tabii ki s\u00f6yleyece\u011fim.&#8221;<\/p>\n<p>Kaynak: www.kanalv.com.tr Haber Sitesinden Al\u0131nm\u0131\u015ft\u0131r.<\/p>","protected":false},"excerpt":{"rendered":"<p>Antalya\u2019n\u0131n Muratpa\u015fa il\u00e7esinde ya\u015fayan 80 ya\u015f\u0131ndaki Fahriye Alfert, telefonla ba\u015flayan ve WhatsApp \u00fczerinden s\u00fcrd\u00fcr\u00fclen bir doland\u0131r\u0131c\u0131l\u0131k giri\u015fimine kar\u015f\u0131 kararl\u0131l\u0131kla direndi. Kendini polis olarak tan\u0131tan ve WhatsApp profiline Milli \u0130stihbarat Te\u015fkilat\u0131 (M\u0130T) amblemi yerle\u015ftirip &#8220;M.\u0130.T.&#8221; yazan \u015f\u00fcpheli, ya\u015fl\u0131 kad\u0131n\u0131 kimli\u011finin ele ge\u00e7irildi\u011fi yalan\u0131yla kand\u0131rmaya \u00e7al\u0131\u015ft\u0131. &#8220;Kimli\u011fin \u00fczerinden ba\u015fkalar\u0131 i\u015flem yapm\u0131\u015f&#8221; \u015e\u00fcpheli \u015fah\u0131s, telefonla arad\u0131\u011f\u0131 Fahriye Alfert\u2019e &#8220;Kimli\u011fin \u00fczerinden ba\u015fkalar\u0131 i\u015flem yapm\u0131\u015f. Kimli\u011finle oynanm\u0131\u015f, insanlar senin ad\u0131nla otellere gitmi\u015f, para \u00e7ekmi\u015f&#8221; diyerek ya\u015fl\u0131 kad\u0131n\u0131 pani\u011fe s\u00fcr\u00fcklemeye \u00e7al\u0131\u015ft\u0131. Kimli\u011fine ait oldu\u011funu iddia etti\u011fi sahte bir belgeyi de WhatsApp \u00fczerinden g\u00f6nderen \u015fah\u0131s, bu yolla g\u00fcven kazanmaya \u00e7al\u0131\u015ft\u0131. Ancak Fahriye Alfert, g\u00f6nderilen foto\u011fraf\u0131n kendisine ait olmad\u0131\u011f\u0131n\u0131 fark ederek &#8220;Bu foto\u011fraf benim de\u011fil&#8221; diyerek tepki g\u00f6sterdi. &#8220;Senin o\u011flunu da g\u00f6t\u00fcr\u00fcrler&#8221; \u0130leti\u015fim s\u00fcresince kendini polis olarak tan\u0131tan \u015fah\u0131s, &#8220;\u00c7ocuklar\u0131na bildirirsen, FET\u00d6&#8217;de 15 Temmuz&#8217;da nas\u0131l yapt\u0131lar, ka\u00e7 ki\u015fiyi g\u00f6t\u00fcrd\u00fcler. Senin o\u011flunu da g\u00f6t\u00fcr\u00fcrler&#8221; diyerek tehditlerini s\u00fcrd\u00fcrd\u00fc. Alfert\u2019in g\u00fcvenmemesi \u00fczerine bu kez &#8220;Sen devlet beyime hakaret ediyorsun. Bu s\u00f6zlerin y\u00fcz\u00fcnden 14 g\u00fcn i\u00e7eride yatars\u0131n. Seni kom\u015fular\u0131n\u0131n \u00f6n\u00fcnde al\u0131p g\u00f6t\u00fcr\u00fcrler, onlar da \u2018Bu kad\u0131n ne yapt\u0131?\u2019 derler&#8221; ifadeleriyle psikolojik bask\u0131 kurmaya \u00e7al\u0131\u015ft\u0131. Fahriye teyze ise, &#8220;Ben hakaret etmedim ki! Kimseyi kesmedim, \u00f6ld\u00fcrmedim. Kom\u015fular\u0131m beni tan\u0131r&#8221; \u015feklinde konu\u015farak, inanmad\u0131\u011f\u0131n\u0131 belli etmeye devam etti. T\u00fcm bu bask\u0131lara ra\u011fmen doland\u0131r\u0131c\u0131n\u0131n s\u00f6zlerine inanmayan Alfert, &hellip;<\/p>","protected":false},"author":4,"featured_media":79965,"comment_status":"","ping_status":"open","sticky":false,"template":"","format":"standard","meta":{"_acf_changed":false,"footnotes":""},"categories":[26],"tags":[],"class_list":["post-79964","post","type-post","status-publish","format-standard","has-post-thumbnail","hentry","category-antalya"],"acf":[],"yoast_head":"<!-- This site is optimized with the Yoast SEO Premium plugin v26.6 (Yoast SEO v27.1.1) - https:\/\/yoast.com\/product\/yoast-seo-premium-wordpress\/ -->\n<title>80 ya\u015f\u0131ndaki Fahriye nine doland\u0131r\u0131c\u0131ya ge\u00e7it vermedi - Av. Deniz Can K\u0131z\u0131l<\/title>\n<meta name=\"robots\" content=\"index, follow, max-snippet:-1, max-image-preview:large, max-video-preview:-1\" \/>\n<link rel=\"canonical\" href=\"https:\/\/denizcankizil.tr\/en\/haberler\/antalya\/80-yasindaki-fahriye-nine-dolandiriciya-gecit-vermedi\/\" \/>\n<meta property=\"og:locale\" content=\"en_GB\" \/>\n<meta property=\"og:type\" content=\"article\" \/>\n<meta property=\"og:title\" content=\"80 ya\u015f\u0131ndaki Fahriye nine doland\u0131r\u0131c\u0131ya ge\u00e7it vermedi\" \/>\n<meta property=\"og:description\" content=\"Antalya\u2019n\u0131n Muratpa\u015fa il\u00e7esinde ya\u015fayan 80 ya\u015f\u0131ndaki Fahriye Alfert, telefonla ba\u015flayan ve WhatsApp \u00fczerinden s\u00fcrd\u00fcr\u00fclen bir doland\u0131r\u0131c\u0131l\u0131k giri\u015fimine kar\u015f\u0131 kararl\u0131l\u0131kla direndi. Kendini polis olarak tan\u0131tan ve WhatsApp profiline Milli \u0130stihbarat Te\u015fkilat\u0131 (M\u0130T) amblemi yerle\u015ftirip &#8220;M.\u0130.T.&#8221; yazan \u015f\u00fcpheli, ya\u015fl\u0131 kad\u0131n\u0131 kimli\u011finin ele ge\u00e7irildi\u011fi yalan\u0131yla kand\u0131rmaya \u00e7al\u0131\u015ft\u0131. &#8220;Kimli\u011fin \u00fczerinden ba\u015fkalar\u0131 i\u015flem yapm\u0131\u015f&#8221; \u015e\u00fcpheli \u015fah\u0131s, telefonla arad\u0131\u011f\u0131 Fahriye Alfert\u2019e &#8220;Kimli\u011fin \u00fczerinden ba\u015fkalar\u0131 i\u015flem yapm\u0131\u015f. Kimli\u011finle oynanm\u0131\u015f, insanlar senin ad\u0131nla otellere gitmi\u015f, para \u00e7ekmi\u015f&#8221; diyerek ya\u015fl\u0131 kad\u0131n\u0131 pani\u011fe s\u00fcr\u00fcklemeye \u00e7al\u0131\u015ft\u0131. Kimli\u011fine ait oldu\u011funu iddia etti\u011fi sahte bir belgeyi de WhatsApp \u00fczerinden g\u00f6nderen \u015fah\u0131s, bu yolla g\u00fcven kazanmaya \u00e7al\u0131\u015ft\u0131. Ancak Fahriye Alfert, g\u00f6nderilen foto\u011fraf\u0131n kendisine ait olmad\u0131\u011f\u0131n\u0131 fark ederek &#8220;Bu foto\u011fraf benim de\u011fil&#8221; diyerek tepki g\u00f6sterdi. &#8220;Senin o\u011flunu da g\u00f6t\u00fcr\u00fcrler&#8221; \u0130leti\u015fim s\u00fcresince kendini polis olarak tan\u0131tan \u015fah\u0131s, &#8220;\u00c7ocuklar\u0131na bildirirsen, FET\u00d6&#8217;de 15 Temmuz&#8217;da nas\u0131l yapt\u0131lar, ka\u00e7 ki\u015fiyi g\u00f6t\u00fcrd\u00fcler. Senin o\u011flunu da g\u00f6t\u00fcr\u00fcrler&#8221; diyerek tehditlerini s\u00fcrd\u00fcrd\u00fc. Alfert\u2019in g\u00fcvenmemesi \u00fczerine bu kez &#8220;Sen devlet beyime hakaret ediyorsun. Bu s\u00f6zlerin y\u00fcz\u00fcnden 14 g\u00fcn i\u00e7eride yatars\u0131n. Seni kom\u015fular\u0131n\u0131n \u00f6n\u00fcnde al\u0131p g\u00f6t\u00fcr\u00fcrler, onlar da \u2018Bu kad\u0131n ne yapt\u0131?\u2019 derler&#8221; ifadeleriyle psikolojik bask\u0131 kurmaya \u00e7al\u0131\u015ft\u0131. Fahriye teyze ise, &#8220;Ben hakaret etmedim ki! Kimseyi kesmedim, \u00f6ld\u00fcrmedim. Kom\u015fular\u0131m beni tan\u0131r&#8221; \u015feklinde konu\u015farak, inanmad\u0131\u011f\u0131n\u0131 belli etmeye devam etti. T\u00fcm bu bask\u0131lara ra\u011fmen doland\u0131r\u0131c\u0131n\u0131n s\u00f6zlerine inanmayan Alfert, &hellip;\" \/>\n<meta property=\"og:url\" content=\"https:\/\/denizcankizil.tr\/en\/haberler\/antalya\/80-yasindaki-fahriye-nine-dolandiriciya-gecit-vermedi\/\" \/>\n<meta property=\"og:site_name\" content=\"Av. Deniz Can K\u0131z\u0131l\" \/>\n<meta property=\"article:published_time\" content=\"2025-05-08T10:41:28+00:00\" \/>\n<meta property=\"og:image\" content=\"https:\/\/denizcankizil.tr\/wp-content\/uploads\/2025\/05\/6233-01-Aqh95f.jpg\" \/>\n\t<meta property=\"og:image:width\" content=\"1280\" \/>\n\t<meta property=\"og:image:height\" content=\"720\" \/>\n\t<meta property=\"og:image:type\" content=\"image\/jpeg\" \/>\n<meta name=\"author\" content=\"Av. Deniz Can K\u0131z\u0131l\" \/>\n<meta name=\"twitter:card\" content=\"summary_large_image\" \/>\n<meta name=\"twitter:label1\" content=\"Written by\" \/>\n\t<meta name=\"twitter:data1\" content=\"Av. Deniz Can K\u0131z\u0131l\" \/>\n\t<meta name=\"twitter:label2\" content=\"Estimated reading time\" \/>\n\t<meta name=\"twitter:data2\" content=\"3 minutes\" \/>\n<script type=\"application\/ld+json\" class=\"yoast-schema-graph\">{\"@context\":\"https:\/\/schema.org\",\"@graph\":[{\"@type\":\"Article\",\"@id\":\"https:\/\/denizcankizil.tr\/en\/haberler\/antalya\/80-yasindaki-fahriye-nine-dolandiriciya-gecit-vermedi\/#article\",\"isPartOf\":{\"@id\":\"https:\/\/denizcankizil.tr\/en\/haberler\/antalya\/80-yasindaki-fahriye-nine-dolandiriciya-gecit-vermedi\/\"},\"author\":{\"name\":\"Av. Deniz Can K\u0131z\u0131l\",\"@id\":\"https:\/\/denizcankizil.tr\/#\/schema\/person\/5dc1b22991bd7ac833867c10afc9b0ff\"},\"headline\":\"80 ya\u015f\u0131ndaki Fahriye nine doland\u0131r\u0131c\u0131ya ge\u00e7it vermedi\",\"datePublished\":\"2025-05-08T10:41:28+00:00\",\"mainEntityOfPage\":{\"@id\":\"https:\/\/denizcankizil.tr\/en\/haberler\/antalya\/80-yasindaki-fahriye-nine-dolandiriciya-gecit-vermedi\/\"},\"wordCount\":521,\"publisher\":{\"@id\":\"https:\/\/denizcankizil.tr\/#organization\"},\"image\":{\"@id\":\"https:\/\/denizcankizil.tr\/en\/haberler\/antalya\/80-yasindaki-fahriye-nine-dolandiriciya-gecit-vermedi\/#primaryimage\"},\"thumbnailUrl\":\"https:\/\/denizcankizil.tr\/wp-content\/uploads\/2025\/05\/6233-01-Aqh95f.jpg\",\"articleSection\":[\"Antalya\"],\"inLanguage\":\"en-GB\"},{\"@type\":\"WebPage\",\"@id\":\"https:\/\/denizcankizil.tr\/en\/haberler\/antalya\/80-yasindaki-fahriye-nine-dolandiriciya-gecit-vermedi\/\",\"url\":\"https:\/\/denizcankizil.tr\/en\/haberler\/antalya\/80-yasindaki-fahriye-nine-dolandiriciya-gecit-vermedi\/\",\"name\":\"80 ya\u015f\u0131ndaki Fahriye nine doland\u0131r\u0131c\u0131ya ge\u00e7it vermedi - Av. Deniz Can K\u0131z\u0131l\",\"isPartOf\":{\"@id\":\"https:\/\/denizcankizil.tr\/#website\"},\"primaryImageOfPage\":{\"@id\":\"https:\/\/denizcankizil.tr\/en\/haberler\/antalya\/80-yasindaki-fahriye-nine-dolandiriciya-gecit-vermedi\/#primaryimage\"},\"image\":{\"@id\":\"https:\/\/denizcankizil.tr\/en\/haberler\/antalya\/80-yasindaki-fahriye-nine-dolandiriciya-gecit-vermedi\/#primaryimage\"},\"thumbnailUrl\":\"https:\/\/denizcankizil.tr\/wp-content\/uploads\/2025\/05\/6233-01-Aqh95f.jpg\",\"datePublished\":\"2025-05-08T10:41:28+00:00\",\"breadcrumb\":{\"@id\":\"https:\/\/denizcankizil.tr\/en\/haberler\/antalya\/80-yasindaki-fahriye-nine-dolandiriciya-gecit-vermedi\/#breadcrumb\"},\"inLanguage\":\"en-GB\",\"potentialAction\":[{\"@type\":\"ReadAction\",\"target\":[\"https:\/\/denizcankizil.tr\/en\/haberler\/antalya\/80-yasindaki-fahriye-nine-dolandiriciya-gecit-vermedi\/\"]}]},{\"@type\":\"ImageObject\",\"inLanguage\":\"en-GB\",\"@id\":\"https:\/\/denizcankizil.tr\/en\/haberler\/antalya\/80-yasindaki-fahriye-nine-dolandiriciya-gecit-vermedi\/#primaryimage\",\"url\":\"https:\/\/denizcankizil.tr\/wp-content\/uploads\/2025\/05\/6233-01-Aqh95f.jpg\",\"contentUrl\":\"https:\/\/denizcankizil.tr\/wp-content\/uploads\/2025\/05\/6233-01-Aqh95f.jpg\",\"width\":1280,\"height\":720},{\"@type\":\"BreadcrumbList\",\"@id\":\"https:\/\/denizcankizil.tr\/en\/haberler\/antalya\/80-yasindaki-fahriye-nine-dolandiriciya-gecit-vermedi\/#breadcrumb\",\"itemListElement\":[{\"@type\":\"ListItem\",\"position\":1,\"name\":\"Home\",\"item\":\"https:\/\/denizcankizil.tr\/de\/\"},{\"@type\":\"ListItem\",\"position\":2,\"name\":\"80 ya\u015f\u0131ndaki Fahriye nine doland\u0131r\u0131c\u0131ya ge\u00e7it vermedi\"}]},{\"@type\":\"WebSite\",\"@id\":\"https:\/\/denizcankizil.tr\/#website\",\"url\":\"https:\/\/denizcankizil.tr\/\",\"name\":\"Av. Deniz Can K\u0131z\u0131l\",\"description\":\"Avukat Deniz Can K\u0131z\u0131l Antalya Barosu\",\"publisher\":{\"@id\":\"https:\/\/denizcankizil.tr\/#organization\"},\"potentialAction\":[{\"@type\":\"SearchAction\",\"target\":{\"@type\":\"EntryPoint\",\"urlTemplate\":\"https:\/\/denizcankizil.tr\/?s={search_term_string}\"},\"query-input\":{\"@type\":\"PropertyValueSpecification\",\"valueRequired\":true,\"valueName\":\"search_term_string\"}}],\"inLanguage\":\"en-GB\"},{\"@type\":\"Organization\",\"@id\":\"https:\/\/denizcankizil.tr\/#organization\",\"name\":\"Av. Deniz Can K\u0131z\u0131l\",\"url\":\"https:\/\/denizcankizil.tr\/\",\"logo\":{\"@type\":\"ImageObject\",\"inLanguage\":\"en-GB\",\"@id\":\"https:\/\/denizcankizil.tr\/#\/schema\/logo\/image\/\",\"url\":\"https:\/\/denizcankizil.tr\/wp-content\/uploads\/2024\/10\/siyah-logo-svg.svg\",\"contentUrl\":\"https:\/\/denizcankizil.tr\/wp-content\/uploads\/2024\/10\/siyah-logo-svg.svg\",\"width\":1080,\"height\":1080,\"caption\":\"Av. Deniz Can K\u0131z\u0131l\"},\"image\":{\"@id\":\"https:\/\/denizcankizil.tr\/#\/schema\/logo\/image\/\"}},{\"@type\":\"Person\",\"@id\":\"https:\/\/denizcankizil.tr\/#\/schema\/person\/5dc1b22991bd7ac833867c10afc9b0ff\",\"name\":\"Av. Deniz Can K\u0131z\u0131l\",\"image\":{\"@type\":\"ImageObject\",\"inLanguage\":\"en-GB\",\"@id\":\"https:\/\/denizcankizil.tr\/#\/schema\/person\/image\/\",\"url\":\"https:\/\/secure.gravatar.com\/avatar\/a0b128fb9855c79efc976d5640eedb31dc35ec297594d6016d2cf7c60e975bb6?s=96&d=mm&r=g\",\"contentUrl\":\"https:\/\/secure.gravatar.com\/avatar\/a0b128fb9855c79efc976d5640eedb31dc35ec297594d6016d2cf7c60e975bb6?s=96&d=mm&r=g\",\"caption\":\"Av. Deniz Can K\u0131z\u0131l\"},\"sameAs\":[\"http:\/\/www.denizcankizil.tr\"],\"url\":\"https:\/\/denizcankizil.tr\/en\/author\/denizcankizil\/\"}]}<\/script>\n<!-- \/ Yoast SEO Premium plugin. -->","yoast_head_json":{"title":"80 ya\u015f\u0131ndaki Fahriye nine doland\u0131r\u0131c\u0131ya ge\u00e7it vermedi - Av. Deniz Can K\u0131z\u0131l","robots":{"index":"index","follow":"follow","max-snippet":"max-snippet:-1","max-image-preview":"max-image-preview:large","max-video-preview":"max-video-preview:-1"},"canonical":"https:\/\/denizcankizil.tr\/en\/haberler\/antalya\/80-yasindaki-fahriye-nine-dolandiriciya-gecit-vermedi\/","og_locale":"en_GB","og_type":"article","og_title":"80 ya\u015f\u0131ndaki Fahriye nine doland\u0131r\u0131c\u0131ya ge\u00e7it vermedi","og_description":"Antalya\u2019n\u0131n Muratpa\u015fa il\u00e7esinde ya\u015fayan 80 ya\u015f\u0131ndaki Fahriye Alfert, telefonla ba\u015flayan ve WhatsApp \u00fczerinden s\u00fcrd\u00fcr\u00fclen bir doland\u0131r\u0131c\u0131l\u0131k giri\u015fimine kar\u015f\u0131 kararl\u0131l\u0131kla direndi. Kendini polis olarak tan\u0131tan ve WhatsApp profiline Milli \u0130stihbarat Te\u015fkilat\u0131 (M\u0130T) amblemi yerle\u015ftirip &#8220;M.\u0130.T.&#8221; yazan \u015f\u00fcpheli, ya\u015fl\u0131 kad\u0131n\u0131 kimli\u011finin ele ge\u00e7irildi\u011fi yalan\u0131yla kand\u0131rmaya \u00e7al\u0131\u015ft\u0131. &#8220;Kimli\u011fin \u00fczerinden ba\u015fkalar\u0131 i\u015flem yapm\u0131\u015f&#8221; \u015e\u00fcpheli \u015fah\u0131s, telefonla arad\u0131\u011f\u0131 Fahriye Alfert\u2019e &#8220;Kimli\u011fin \u00fczerinden ba\u015fkalar\u0131 i\u015flem yapm\u0131\u015f. Kimli\u011finle oynanm\u0131\u015f, insanlar senin ad\u0131nla otellere gitmi\u015f, para \u00e7ekmi\u015f&#8221; diyerek ya\u015fl\u0131 kad\u0131n\u0131 pani\u011fe s\u00fcr\u00fcklemeye \u00e7al\u0131\u015ft\u0131. Kimli\u011fine ait oldu\u011funu iddia etti\u011fi sahte bir belgeyi de WhatsApp \u00fczerinden g\u00f6nderen \u015fah\u0131s, bu yolla g\u00fcven kazanmaya \u00e7al\u0131\u015ft\u0131. Ancak Fahriye Alfert, g\u00f6nderilen foto\u011fraf\u0131n kendisine ait olmad\u0131\u011f\u0131n\u0131 fark ederek &#8220;Bu foto\u011fraf benim de\u011fil&#8221; diyerek tepki g\u00f6sterdi. &#8220;Senin o\u011flunu da g\u00f6t\u00fcr\u00fcrler&#8221; \u0130leti\u015fim s\u00fcresince kendini polis olarak tan\u0131tan \u015fah\u0131s, &#8220;\u00c7ocuklar\u0131na bildirirsen, FET\u00d6&#8217;de 15 Temmuz&#8217;da nas\u0131l yapt\u0131lar, ka\u00e7 ki\u015fiyi g\u00f6t\u00fcrd\u00fcler. Senin o\u011flunu da g\u00f6t\u00fcr\u00fcrler&#8221; diyerek tehditlerini s\u00fcrd\u00fcrd\u00fc. Alfert\u2019in g\u00fcvenmemesi \u00fczerine bu kez &#8220;Sen devlet beyime hakaret ediyorsun. Bu s\u00f6zlerin y\u00fcz\u00fcnden 14 g\u00fcn i\u00e7eride yatars\u0131n. Seni kom\u015fular\u0131n\u0131n \u00f6n\u00fcnde al\u0131p g\u00f6t\u00fcr\u00fcrler, onlar da \u2018Bu kad\u0131n ne yapt\u0131?\u2019 derler&#8221; ifadeleriyle psikolojik bask\u0131 kurmaya \u00e7al\u0131\u015ft\u0131. Fahriye teyze ise, &#8220;Ben hakaret etmedim ki! Kimseyi kesmedim, \u00f6ld\u00fcrmedim. Kom\u015fular\u0131m beni tan\u0131r&#8221; \u015feklinde konu\u015farak, inanmad\u0131\u011f\u0131n\u0131 belli etmeye devam etti. T\u00fcm bu bask\u0131lara ra\u011fmen doland\u0131r\u0131c\u0131n\u0131n s\u00f6zlerine inanmayan Alfert, &hellip;","og_url":"https:\/\/denizcankizil.tr\/en\/haberler\/antalya\/80-yasindaki-fahriye-nine-dolandiriciya-gecit-vermedi\/","og_site_name":"Av. Deniz Can K\u0131z\u0131l","article_published_time":"2025-05-08T10:41:28+00:00","og_image":[{"width":1280,"height":720,"url":"https:\/\/denizcankizil.tr\/wp-content\/uploads\/2025\/05\/6233-01-Aqh95f.jpg","type":"image\/jpeg"}],"author":"Av. Deniz Can K\u0131z\u0131l","twitter_card":"summary_large_image","twitter_misc":{"Written by":"Av. Deniz Can K\u0131z\u0131l","Estimated reading time":"3 minutes"},"schema":{"@context":"https:\/\/schema.org","@graph":[{"@type":"Article","@id":"https:\/\/denizcankizil.tr\/en\/haberler\/antalya\/80-yasindaki-fahriye-nine-dolandiriciya-gecit-vermedi\/#article","isPartOf":{"@id":"https:\/\/denizcankizil.tr\/en\/haberler\/antalya\/80-yasindaki-fahriye-nine-dolandiriciya-gecit-vermedi\/"},"author":{"name":"Av. Deniz Can K\u0131z\u0131l","@id":"https:\/\/denizcankizil.tr\/#\/schema\/person\/5dc1b22991bd7ac833867c10afc9b0ff"},"headline":"80 ya\u015f\u0131ndaki Fahriye nine doland\u0131r\u0131c\u0131ya ge\u00e7it vermedi","datePublished":"2025-05-08T10:41:28+00:00","mainEntityOfPage":{"@id":"https:\/\/denizcankizil.tr\/en\/haberler\/antalya\/80-yasindaki-fahriye-nine-dolandiriciya-gecit-vermedi\/"},"wordCount":521,"publisher":{"@id":"https:\/\/denizcankizil.tr\/#organization"},"image":{"@id":"https:\/\/denizcankizil.tr\/en\/haberler\/antalya\/80-yasindaki-fahriye-nine-dolandiriciya-gecit-vermedi\/#primaryimage"},"thumbnailUrl":"https:\/\/denizcankizil.tr\/wp-content\/uploads\/2025\/05\/6233-01-Aqh95f.jpg","articleSection":["Antalya"],"inLanguage":"en-GB"},{"@type":"WebPage","@id":"https:\/\/denizcankizil.tr\/en\/haberler\/antalya\/80-yasindaki-fahriye-nine-dolandiriciya-gecit-vermedi\/","url":"https:\/\/denizcankizil.tr\/en\/haberler\/antalya\/80-yasindaki-fahriye-nine-dolandiriciya-gecit-vermedi\/","name":"80 ya\u015f\u0131ndaki Fahriye nine doland\u0131r\u0131c\u0131ya ge\u00e7it vermedi - Av. Deniz Can K\u0131z\u0131l","isPartOf":{"@id":"https:\/\/denizcankizil.tr\/#website"},"primaryImageOfPage":{"@id":"https:\/\/denizcankizil.tr\/en\/haberler\/antalya\/80-yasindaki-fahriye-nine-dolandiriciya-gecit-vermedi\/#primaryimage"},"image":{"@id":"https:\/\/denizcankizil.tr\/en\/haberler\/antalya\/80-yasindaki-fahriye-nine-dolandiriciya-gecit-vermedi\/#primaryimage"},"thumbnailUrl":"https:\/\/denizcankizil.tr\/wp-content\/uploads\/2025\/05\/6233-01-Aqh95f.jpg","datePublished":"2025-05-08T10:41:28+00:00","breadcrumb":{"@id":"https:\/\/denizcankizil.tr\/en\/haberler\/antalya\/80-yasindaki-fahriye-nine-dolandiriciya-gecit-vermedi\/#breadcrumb"},"inLanguage":"en-GB","potentialAction":[{"@type":"ReadAction","target":["https:\/\/denizcankizil.tr\/en\/haberler\/antalya\/80-yasindaki-fahriye-nine-dolandiriciya-gecit-vermedi\/"]}]},{"@type":"ImageObject","inLanguage":"en-GB","@id":"https:\/\/denizcankizil.tr\/en\/haberler\/antalya\/80-yasindaki-fahriye-nine-dolandiriciya-gecit-vermedi\/#primaryimage","url":"https:\/\/denizcankizil.tr\/wp-content\/uploads\/2025\/05\/6233-01-Aqh95f.jpg","contentUrl":"https:\/\/denizcankizil.tr\/wp-content\/uploads\/2025\/05\/6233-01-Aqh95f.jpg","width":1280,"height":720},{"@type":"BreadcrumbList","@id":"https:\/\/denizcankizil.tr\/en\/haberler\/antalya\/80-yasindaki-fahriye-nine-dolandiriciya-gecit-vermedi\/#breadcrumb","itemListElement":[{"@type":"ListItem","position":1,"name":"Home","item":"https:\/\/denizcankizil.tr\/de\/"},{"@type":"ListItem","position":2,"name":"80 ya\u015f\u0131ndaki Fahriye nine doland\u0131r\u0131c\u0131ya ge\u00e7it vermedi"}]},{"@type":"WebSite","@id":"https:\/\/denizcankizil.tr\/#website","url":"https:\/\/denizcankizil.tr\/","name":"Av. Deniz Can K\u0131z\u0131l","description":"Avukat Deniz Can K\u0131z\u0131l Antalya Barosu","publisher":{"@id":"https:\/\/denizcankizil.tr\/#organization"},"potentialAction":[{"@type":"SearchAction","target":{"@type":"EntryPoint","urlTemplate":"https:\/\/denizcankizil.tr\/?s={search_term_string}"},"query-input":{"@type":"PropertyValueSpecification","valueRequired":true,"valueName":"search_term_string"}}],"inLanguage":"en-GB"},{"@type":"Organization","@id":"https:\/\/denizcankizil.tr\/#organization","name":"Av. Deniz Can K\u0131z\u0131l","url":"https:\/\/denizcankizil.tr\/","logo":{"@type":"ImageObject","inLanguage":"en-GB","@id":"https:\/\/denizcankizil.tr\/#\/schema\/logo\/image\/","url":"https:\/\/denizcankizil.tr\/wp-content\/uploads\/2024\/10\/siyah-logo-svg.svg","contentUrl":"https:\/\/denizcankizil.tr\/wp-content\/uploads\/2024\/10\/siyah-logo-svg.svg","width":1080,"height":1080,"caption":"Av. Deniz Can K\u0131z\u0131l"},"image":{"@id":"https:\/\/denizcankizil.tr\/#\/schema\/logo\/image\/"}},{"@type":"Person","@id":"https:\/\/denizcankizil.tr\/#\/schema\/person\/5dc1b22991bd7ac833867c10afc9b0ff","name":"Av. Deniz Can K\u0131z\u0131l","image":{"@type":"ImageObject","inLanguage":"en-GB","@id":"https:\/\/denizcankizil.tr\/#\/schema\/person\/image\/","url":"https:\/\/secure.gravatar.com\/avatar\/a0b128fb9855c79efc976d5640eedb31dc35ec297594d6016d2cf7c60e975bb6?s=96&d=mm&r=g","contentUrl":"https:\/\/secure.gravatar.com\/avatar\/a0b128fb9855c79efc976d5640eedb31dc35ec297594d6016d2cf7c60e975bb6?s=96&d=mm&r=g","caption":"Av. Deniz Can K\u0131z\u0131l"},"sameAs":["http:\/\/www.denizcankizil.tr"],"url":"https:\/\/denizcankizil.tr\/en\/author\/denizcankizil\/"}]}},"_links":{"self":[{"href":"https:\/\/denizcankizil.tr\/en\/wp-json\/wp\/v2\/posts\/79964","targetHints":{"allow":["GET"]}}],"collection":[{"href":"https:\/\/denizcankizil.tr\/en\/wp-json\/wp\/v2\/posts"}],"about":[{"href":"https:\/\/denizcankizil.tr\/en\/wp-json\/wp\/v2\/types\/post"}],"author":[{"embeddable":true,"href":"https:\/\/denizcankizil.tr\/en\/wp-json\/wp\/v2\/users\/4"}],"replies":[{"embeddable":true,"href":"https:\/\/denizcankizil.tr\/en\/wp-json\/wp\/v2\/comments?post=79964"}],"version-history":[{"count":0,"href":"https:\/\/denizcankizil.tr\/en\/wp-json\/wp\/v2\/posts\/79964\/revisions"}],"wp:featuredmedia":[{"embeddable":true,"href":"https:\/\/denizcankizil.tr\/en\/wp-json\/wp\/v2\/media\/79965"}],"wp:attachment":[{"href":"https:\/\/denizcankizil.tr\/en\/wp-json\/wp\/v2\/media?parent=79964"}],"wp:term":[{"taxonomy":"category","embeddable":true,"href":"https:\/\/denizcankizil.tr\/en\/wp-json\/wp\/v2\/categories?post=79964"},{"taxonomy":"post_tag","embeddable":true,"href":"https:\/\/denizcankizil.tr\/en\/wp-json\/wp\/v2\/tags?post=79964"}],"curies":[{"name":"wp","href":"https:\/\/api.w.org\/{rel}","templated":true}]}}