{"id":79859,"date":"2025-05-08T11:42:19","date_gmt":"2025-05-08T08:42:19","guid":{"rendered":"https:\/\/denizcankizil.tr\/uncategorized-tr\/imamogluna-erisim-engeli-mansur-yavas-ayaga-kalkti-muhittin-bocekten-ses-yok\/"},"modified":"2025-05-08T11:42:19","modified_gmt":"2025-05-08T08:42:19","slug":"imamogluna-erisim-engeli-mansur-yavas-ayaga-kalkti-muhittin-bocekten-ses-yok","status":"publish","type":"post","link":"https:\/\/denizcankizil.tr\/en\/haberler\/gundem\/imamogluna-erisim-engeli-mansur-yavas-ayaga-kalkti-muhittin-bocekten-ses-yok\/","title":{"rendered":"\u0130mamo\u011flu&#8217;na eri\u015fim engeli! Mansur Yava\u015f aya\u011fa kalkt\u0131, Muhittin B\u00f6cek&#8217;ten ses yok!"},"content":{"rendered":"<p>Cumhuriyet Halk Partisi\u2019nin (CHP) Cumhurba\u015fkan\u0131 aday\u0131 Ekrem \u0130mamo\u011flu\u2019nun, tutuklu bulundu\u011fu Marmara (Silivri) Cezaevi\u2019nden halka sesini duyurdu\u011fu sosyal medya hesab\u0131na eri\u015fim engeli getirildi. Karar\u0131n ard\u0131ndan T\u00fcrkiye genelindeki \u00e7ok say\u0131da CHP\u2019li isim sabah\u0131n erken saatlerinden itibaren tepki g\u00f6sterdi. CHP milletvekilleri Aliye Co\u015far ve Cavit Ar\u0131 yasa\u011f\u0131 k\u0131nad\u0131, Aykut Kaya ise tepkisini X hesab\u0131n\u0131n profiline Ekrem \u0130mamo\u011flu foto\u011fraf\u0131 koyarak g\u00f6sterdi.<\/p>\n<p>\u0130LK TEPK\u0130 MANSUR YAVA\u015e&#8217;TAN <\/p>\n<p>\u0130mamo\u011flu&#8217;nun X hesab\u0131na saat 02.00 s\u0131ralar\u0131ndan getirilen eri\u015fim engeline kar\u015f\u0131 g\u00f6zler CHP&#8217;li b\u00fcy\u00fck\u015fehir belediye ba\u015fkanlar\u0131n\u0131n tavr\u0131na \u00e7evrildi. Ankara B\u00fcy\u00fck\u015fehir Belediye Ba\u015fkan\u0131 Mansur Yava\u015f, eri\u015fim engeline tepki g\u00f6stererek se\u00e7im kampanyas\u0131nda kulland\u0131\u011f\u0131 X hesab\u0131n\u0131 Ekrem \u0130mamo\u011flu&#8217;nun kullan\u0131m\u0131na a\u00e7t\u0131\u011f\u0131n\u0131 duyurdu. Mansur Yava\u015f, sabah erken saatlerde yay\u0131nlad\u0131\u011f\u0131 mesajda \u015fu ifadeleri kulland\u0131:<\/p>\n<p>&#8220;Ekrem \u0130mamo\u011flu\u2019nun resmi sosyal medya hesab\u0131na getirilen eri\u015fim engeli, sadece bir ki\u015fiye de\u011fil, milyonlar\u0131n sesine vurulmu\u015f bir sans\u00fcrd\u00fcr. Bu hukuksuzlu\u011fu en g\u00fc\u00e7l\u00fc \u015fekilde k\u0131n\u0131yoruz.<\/p>\n<p>Ancak bilinmelidir ki; adaletin susturulmak istendi\u011fi her yerde, biz daha g\u00fcr konu\u015faca\u011f\u0131z.<\/p>\n<p>Bu hesab\u0131m eri\u015fim engeli kalkana kadar Ekrem \u0130mamo\u011flu\u2019nun sesi olmaya devam edecek ve onun ad\u0131na kullan\u0131lacakt\u0131r.&#8221;<\/p>\n<p>ANTALYA B\u00dcY\u00dcK\u015eEH\u0130R BELED\u0130YE BA\u015eKANI B\u00d6CEK B\u0130LD\u0130\u011e\u0130N\u0130Z G\u0130B\u0130 <\/p>\n<p>T\u00fcrkiye&#8217;de CHP, il ba\u015fkanlar\u0131, milletvekilleri, belediye ba\u015fkanlar\u0131 ve genel merkez y\u00f6neticileri \u0130mamo\u011flu&#8217;nun X hesab\u0131na getirilen eri\u015fim engelini g\u00fcndemine ta\u015f\u0131rken, Antalya B\u00fcy\u00fck\u015fehir Belediye Ba\u015fkan\u0131 Muhittin B\u00f6cek, saat 08.40 s\u0131ralar\u0131nda FoodFestAntalya\u2019n\u0131n tan\u0131t\u0131m afi\u015fini payla\u015ft\u0131. B\u00f6cek&#8217;in \u0130mamo\u011flu&#8217;na eri\u015fim engeli getirilmesine dair herhangi bir de\u011ferlendirmede bulunmamas\u0131 dikkat \u00e7ekti.<\/p>\n<p>Muhittin B\u00f6cek, \u0130mamo\u011flu&#8217;nun sabah erken saatlerde g\u00f6zalt\u0131na al\u0131nd\u0131\u011f\u0131 19 Mart&#8217;ta da uzun s\u00fcre tepkisiz kalm\u0131\u015f, \u00f6\u011fleden sonra ancak sosyal medya hesab\u0131ndan yumu\u015fak bir a\u00e7\u0131klama yapm\u0131\u015ft\u0131.<\/p>\n<p>\u201cKORKAKSINIZ, SANDIK GELECEK S\u0130Z G\u0130DECEKS\u0130N\u0130Z\u201d <\/p>\n<p>Cumhuriyet Halk Partisi Antalya Milletvekili Aliye Co\u015far, Marmara (Silivri) Cezaevinde tutuklu bulunan CHP\u2019nin Cumhurba\u015fkan\u0131 aday\u0131 Ekrem \u0130mamo\u011flu\u2019nun sosyal medya hesab\u0131na eri\u015fim getirilmesine tepki g\u00f6sterdi. Aliye Co\u015far, sosyal medya hesab\u0131ndan yapt\u0131\u011f\u0131 payla\u015f\u0131mla eri\u015fim engeline ili\u015fkin \u015funlar\u0131 kaydetti:<\/p>\n<p>\u201cSaray rejimi yarg\u0131 kumpaslar\u0131yla Cumhurba\u015fkan\u0131 aday\u0131m\u0131z Ekrem \u0130mamo\u011flu\u2019nu Silivri\u2019de tutsak etti\u011fi yetmezmi\u015f gibi X hesab\u0131n\u0131 eri\u015fime engellemi\u015f. Korkuyorsunuz, korkun. Siz ne yaparsan\u0131z yap\u0131n milletin iradesinin \u00fcst\u00fcnde hi\u00e7bir g\u00fc\u00e7 yoktur. Sand\u0131k gelecek siz gideceksiniz.\u201d<\/p>\n<p>\u201cS\u0130Z SANS\u00dcRLE SUSTURMAYA \u00c7ALI\u015eTIK\u00c7A B\u0130Z B\u00dcY\u00dcYECE\u011e\u0130Z\u201d <\/p>\n<p>CHP Antalya Milletvekili Cavit Ar\u0131 ise, iktidara tepki g\u00f6stererek eri\u015fim engeline ili\u015fkin \u015fu ifadeleri kulland\u0131:<\/p>\n<p>\u201cD\u00fcn meydan karartmas\u0131, bug\u00fcn Ekrem \u0130mamo\u011fulu&#8217;nun sosyal medya hesab\u0131na eri\u015fim engeli! Korkunun ecele faydas\u0131 yok. Siz sans\u00fcrle susturmaya \u00e7al\u0131\u015ft\u0131k\u00e7a biz daha da b\u00fcy\u00fcyece\u011fiz.\u201d<\/p>\n<p>\u200bCHP\u2019nin tutuklu Cumhurba\u015fkan\u0131 aday\u0131 Ekrem \u0130mamo\u011flu\u2019nun X hesab\u0131na eri\u015fim engeli geldi, CHP aya\u011fa kalkt\u0131. Mansur Yava\u015f, se\u00e7im kampanyas\u0131nda kulland\u0131\u011f\u0131 sosyal medya hesab\u0131n\u0131 \u0130mamo\u011flu&#8217;nun kullan\u0131m\u0131na a\u00e7t\u0131. G\u00f6zlerin \u00e7evrildi\u011fi Antalya B\u00fcy\u00fck\u015fehir Belediye Ba\u015fkan\u0131 Muhittin B\u00f6cek ise tepki yerine sabah saatlerinde festival payla\u015f\u0131m\u0131 yapt\u0131.\u00a0<\/p>\n<p>\u200bHaberin Al\u0131nt\u0131land\u0131\u011f\u0131 Kaynak: www.antalyakorfez.com<\/p>","protected":false},"excerpt":{"rendered":"<p>Cumhuriyet Halk Partisi\u2019nin (CHP) Cumhurba\u015fkan\u0131 aday\u0131 Ekrem \u0130mamo\u011flu\u2019nun, tutuklu bulundu\u011fu Marmara (Silivri) Cezaevi\u2019nden halka sesini duyurdu\u011fu sosyal medya hesab\u0131na eri\u015fim engeli getirildi. Karar\u0131n ard\u0131ndan T\u00fcrkiye genelindeki \u00e7ok say\u0131da CHP\u2019li isim sabah\u0131n erken saatlerinden itibaren tepki g\u00f6sterdi. CHP milletvekilleri Aliye Co\u015far ve Cavit Ar\u0131 yasa\u011f\u0131 k\u0131nad\u0131, Aykut Kaya ise tepkisini X hesab\u0131n\u0131n profiline Ekrem \u0130mamo\u011flu foto\u011fraf\u0131 koyarak g\u00f6sterdi. \u0130LK TEPK\u0130 MANSUR YAVA\u015e&#8217;TAN \u0130mamo\u011flu&#8217;nun X hesab\u0131na saat 02.00 s\u0131ralar\u0131ndan getirilen eri\u015fim engeline kar\u015f\u0131 g\u00f6zler CHP&#8217;li b\u00fcy\u00fck\u015fehir belediye ba\u015fkanlar\u0131n\u0131n tavr\u0131na \u00e7evrildi. Ankara B\u00fcy\u00fck\u015fehir Belediye Ba\u015fkan\u0131 Mansur Yava\u015f, eri\u015fim engeline tepki g\u00f6stererek se\u00e7im kampanyas\u0131nda kulland\u0131\u011f\u0131 X hesab\u0131n\u0131 Ekrem \u0130mamo\u011flu&#8217;nun kullan\u0131m\u0131na a\u00e7t\u0131\u011f\u0131n\u0131 duyurdu. Mansur Yava\u015f, sabah erken saatlerde yay\u0131nlad\u0131\u011f\u0131 mesajda \u015fu ifadeleri kulland\u0131: &#8220;Ekrem \u0130mamo\u011flu\u2019nun resmi sosyal medya hesab\u0131na getirilen eri\u015fim engeli, sadece bir ki\u015fiye de\u011fil, milyonlar\u0131n sesine vurulmu\u015f bir sans\u00fcrd\u00fcr. Bu hukuksuzlu\u011fu en g\u00fc\u00e7l\u00fc \u015fekilde k\u0131n\u0131yoruz. Ancak bilinmelidir ki; adaletin susturulmak istendi\u011fi her yerde, biz daha g\u00fcr konu\u015faca\u011f\u0131z. Bu hesab\u0131m eri\u015fim engeli kalkana kadar Ekrem \u0130mamo\u011flu\u2019nun sesi olmaya devam edecek ve onun ad\u0131na kullan\u0131lacakt\u0131r.&#8221; ANTALYA B\u00dcY\u00dcK\u015eEH\u0130R BELED\u0130YE BA\u015eKANI B\u00d6CEK B\u0130LD\u0130\u011e\u0130N\u0130Z G\u0130B\u0130 T\u00fcrkiye&#8217;de CHP, il ba\u015fkanlar\u0131, milletvekilleri, belediye ba\u015fkanlar\u0131 ve genel merkez y\u00f6neticileri \u0130mamo\u011flu&#8217;nun X hesab\u0131na getirilen eri\u015fim engelini g\u00fcndemine ta\u015f\u0131rken, Antalya B\u00fcy\u00fck\u015fehir Belediye Ba\u015fkan\u0131 Muhittin B\u00f6cek, saat 08.40 s\u0131ralar\u0131nda FoodFestAntalya\u2019n\u0131n tan\u0131t\u0131m afi\u015fini payla\u015ft\u0131. B\u00f6cek&#8217;in &hellip;<\/p>","protected":false},"author":5,"featured_media":0,"comment_status":"","ping_status":"open","sticky":false,"template":"","format":"standard","meta":{"_acf_changed":false,"footnotes":""},"categories":[24],"tags":[],"class_list":["post-79859","post","type-post","status-publish","format-standard","has-post-thumbnail","hentry","category-gundem"],"acf":[],"yoast_head":"<!-- This site is optimized with the Yoast SEO Premium plugin v26.6 (Yoast SEO v27.1.1) - https:\/\/yoast.com\/product\/yoast-seo-premium-wordpress\/ -->\n<title>\u0130mamo\u011flu&#039;na eri\u015fim engeli! Mansur Yava\u015f aya\u011fa kalkt\u0131, Muhittin B\u00f6cek&#039;ten ses yok! - Av. Deniz Can K\u0131z\u0131l<\/title>\n<meta name=\"robots\" content=\"index, follow, max-snippet:-1, max-image-preview:large, max-video-preview:-1\" \/>\n<link rel=\"canonical\" href=\"https:\/\/denizcankizil.tr\/en\/haberler\/gundem\/imamogluna-erisim-engeli-mansur-yavas-ayaga-kalkti-muhittin-bocekten-ses-yok\/\" \/>\n<meta property=\"og:locale\" content=\"en_GB\" \/>\n<meta property=\"og:type\" content=\"article\" \/>\n<meta property=\"og:title\" content=\"\u0130mamo\u011flu&#039;na eri\u015fim engeli! Mansur Yava\u015f aya\u011fa kalkt\u0131, Muhittin B\u00f6cek&#039;ten ses yok!\" \/>\n<meta property=\"og:description\" content=\"Cumhuriyet Halk Partisi\u2019nin (CHP) Cumhurba\u015fkan\u0131 aday\u0131 Ekrem \u0130mamo\u011flu\u2019nun, tutuklu bulundu\u011fu Marmara (Silivri) Cezaevi\u2019nden halka sesini duyurdu\u011fu sosyal medya hesab\u0131na eri\u015fim engeli getirildi. Karar\u0131n ard\u0131ndan T\u00fcrkiye genelindeki \u00e7ok say\u0131da CHP\u2019li isim sabah\u0131n erken saatlerinden itibaren tepki g\u00f6sterdi. CHP milletvekilleri Aliye Co\u015far ve Cavit Ar\u0131 yasa\u011f\u0131 k\u0131nad\u0131, Aykut Kaya ise tepkisini X hesab\u0131n\u0131n profiline Ekrem \u0130mamo\u011flu foto\u011fraf\u0131 koyarak g\u00f6sterdi. \u0130LK TEPK\u0130 MANSUR YAVA\u015e&#8217;TAN \u0130mamo\u011flu&#8217;nun X hesab\u0131na saat 02.00 s\u0131ralar\u0131ndan getirilen eri\u015fim engeline kar\u015f\u0131 g\u00f6zler CHP&#8217;li b\u00fcy\u00fck\u015fehir belediye ba\u015fkanlar\u0131n\u0131n tavr\u0131na \u00e7evrildi. Ankara B\u00fcy\u00fck\u015fehir Belediye Ba\u015fkan\u0131 Mansur Yava\u015f, eri\u015fim engeline tepki g\u00f6stererek se\u00e7im kampanyas\u0131nda kulland\u0131\u011f\u0131 X hesab\u0131n\u0131 Ekrem \u0130mamo\u011flu&#8217;nun kullan\u0131m\u0131na a\u00e7t\u0131\u011f\u0131n\u0131 duyurdu. Mansur Yava\u015f, sabah erken saatlerde yay\u0131nlad\u0131\u011f\u0131 mesajda \u015fu ifadeleri kulland\u0131: &#8220;Ekrem \u0130mamo\u011flu\u2019nun resmi sosyal medya hesab\u0131na getirilen eri\u015fim engeli, sadece bir ki\u015fiye de\u011fil, milyonlar\u0131n sesine vurulmu\u015f bir sans\u00fcrd\u00fcr. Bu hukuksuzlu\u011fu en g\u00fc\u00e7l\u00fc \u015fekilde k\u0131n\u0131yoruz. Ancak bilinmelidir ki; adaletin susturulmak istendi\u011fi her yerde, biz daha g\u00fcr konu\u015faca\u011f\u0131z. Bu hesab\u0131m eri\u015fim engeli kalkana kadar Ekrem \u0130mamo\u011flu\u2019nun sesi olmaya devam edecek ve onun ad\u0131na kullan\u0131lacakt\u0131r.&#8221; ANTALYA B\u00dcY\u00dcK\u015eEH\u0130R BELED\u0130YE BA\u015eKANI B\u00d6CEK B\u0130LD\u0130\u011e\u0130N\u0130Z G\u0130B\u0130 T\u00fcrkiye&#8217;de CHP, il ba\u015fkanlar\u0131, milletvekilleri, belediye ba\u015fkanlar\u0131 ve genel merkez y\u00f6neticileri \u0130mamo\u011flu&#8217;nun X hesab\u0131na getirilen eri\u015fim engelini g\u00fcndemine ta\u015f\u0131rken, Antalya B\u00fcy\u00fck\u015fehir Belediye Ba\u015fkan\u0131 Muhittin B\u00f6cek, saat 08.40 s\u0131ralar\u0131nda FoodFestAntalya\u2019n\u0131n tan\u0131t\u0131m afi\u015fini payla\u015ft\u0131. B\u00f6cek&#8217;in &hellip;\" \/>\n<meta property=\"og:url\" content=\"https:\/\/denizcankizil.tr\/en\/haberler\/gundem\/imamogluna-erisim-engeli-mansur-yavas-ayaga-kalkti-muhittin-bocekten-ses-yok\/\" \/>\n<meta property=\"og:site_name\" content=\"Av. Deniz Can K\u0131z\u0131l\" \/>\n<meta property=\"article:published_time\" content=\"2025-05-08T08:42:19+00:00\" \/>\n<meta name=\"author\" content=\"Antalya K\u00f6rfez\" \/>\n<meta name=\"twitter:card\" content=\"summary_large_image\" \/>\n<meta name=\"twitter:label1\" content=\"Written by\" \/>\n\t<meta name=\"twitter:data1\" content=\"Antalya K\u00f6rfez\" \/>\n\t<meta name=\"twitter:label2\" content=\"Estimated reading time\" \/>\n\t<meta name=\"twitter:data2\" content=\"3 minutes\" \/>\n<script type=\"application\/ld+json\" class=\"yoast-schema-graph\">{\"@context\":\"https:\/\/schema.org\",\"@graph\":[{\"@type\":\"Article\",\"@id\":\"https:\/\/denizcankizil.tr\/en\/haberler\/gundem\/imamogluna-erisim-engeli-mansur-yavas-ayaga-kalkti-muhittin-bocekten-ses-yok\/#article\",\"isPartOf\":{\"@id\":\"https:\/\/denizcankizil.tr\/en\/haberler\/gundem\/imamogluna-erisim-engeli-mansur-yavas-ayaga-kalkti-muhittin-bocekten-ses-yok\/\"},\"author\":{\"name\":\"Antalya K\u00f6rfez\",\"@id\":\"https:\/\/denizcankizil.tr\/#\/schema\/person\/e1eb71bb4dd684d46563f0af307e1234\"},\"headline\":\"\u0130mamo\u011flu&#8217;na eri\u015fim engeli! Mansur Yava\u015f aya\u011fa kalkt\u0131, Muhittin B\u00f6cek&#8217;ten ses yok!\",\"datePublished\":\"2025-05-08T08:42:19+00:00\",\"mainEntityOfPage\":{\"@id\":\"https:\/\/denizcankizil.tr\/en\/haberler\/gundem\/imamogluna-erisim-engeli-mansur-yavas-ayaga-kalkti-muhittin-bocekten-ses-yok\/\"},\"wordCount\":628,\"publisher\":{\"@id\":\"https:\/\/denizcankizil.tr\/#organization\"},\"articleSection\":[\"G\u00fcndem\"],\"inLanguage\":\"en-GB\"},{\"@type\":\"WebPage\",\"@id\":\"https:\/\/denizcankizil.tr\/en\/haberler\/gundem\/imamogluna-erisim-engeli-mansur-yavas-ayaga-kalkti-muhittin-bocekten-ses-yok\/\",\"url\":\"https:\/\/denizcankizil.tr\/en\/haberler\/gundem\/imamogluna-erisim-engeli-mansur-yavas-ayaga-kalkti-muhittin-bocekten-ses-yok\/\",\"name\":\"\u0130mamo\u011flu'na eri\u015fim engeli! Mansur Yava\u015f aya\u011fa kalkt\u0131, Muhittin B\u00f6cek'ten ses yok! - Av. Deniz Can K\u0131z\u0131l\",\"isPartOf\":{\"@id\":\"https:\/\/denizcankizil.tr\/#website\"},\"datePublished\":\"2025-05-08T08:42:19+00:00\",\"breadcrumb\":{\"@id\":\"https:\/\/denizcankizil.tr\/en\/haberler\/gundem\/imamogluna-erisim-engeli-mansur-yavas-ayaga-kalkti-muhittin-bocekten-ses-yok\/#breadcrumb\"},\"inLanguage\":\"en-GB\",\"potentialAction\":[{\"@type\":\"ReadAction\",\"target\":[\"https:\/\/denizcankizil.tr\/en\/haberler\/gundem\/imamogluna-erisim-engeli-mansur-yavas-ayaga-kalkti-muhittin-bocekten-ses-yok\/\"]}]},{\"@type\":\"BreadcrumbList\",\"@id\":\"https:\/\/denizcankizil.tr\/en\/haberler\/gundem\/imamogluna-erisim-engeli-mansur-yavas-ayaga-kalkti-muhittin-bocekten-ses-yok\/#breadcrumb\",\"itemListElement\":[{\"@type\":\"ListItem\",\"position\":1,\"name\":\"Home\",\"item\":\"https:\/\/denizcankizil.tr\/de\/\"},{\"@type\":\"ListItem\",\"position\":2,\"name\":\"\u0130mamo\u011flu&#8217;na eri\u015fim engeli! Mansur Yava\u015f aya\u011fa kalkt\u0131, Muhittin B\u00f6cek&#8217;ten ses yok!\"}]},{\"@type\":\"WebSite\",\"@id\":\"https:\/\/denizcankizil.tr\/#website\",\"url\":\"https:\/\/denizcankizil.tr\/\",\"name\":\"Av. Deniz Can K\u0131z\u0131l\",\"description\":\"Avukat Deniz Can K\u0131z\u0131l Antalya Barosu\",\"publisher\":{\"@id\":\"https:\/\/denizcankizil.tr\/#organization\"},\"potentialAction\":[{\"@type\":\"SearchAction\",\"target\":{\"@type\":\"EntryPoint\",\"urlTemplate\":\"https:\/\/denizcankizil.tr\/?s={search_term_string}\"},\"query-input\":{\"@type\":\"PropertyValueSpecification\",\"valueRequired\":true,\"valueName\":\"search_term_string\"}}],\"inLanguage\":\"en-GB\"},{\"@type\":\"Organization\",\"@id\":\"https:\/\/denizcankizil.tr\/#organization\",\"name\":\"Av. Deniz Can K\u0131z\u0131l\",\"url\":\"https:\/\/denizcankizil.tr\/\",\"logo\":{\"@type\":\"ImageObject\",\"inLanguage\":\"en-GB\",\"@id\":\"https:\/\/denizcankizil.tr\/#\/schema\/logo\/image\/\",\"url\":\"https:\/\/denizcankizil.tr\/wp-content\/uploads\/2024\/10\/siyah-logo-svg.svg\",\"contentUrl\":\"https:\/\/denizcankizil.tr\/wp-content\/uploads\/2024\/10\/siyah-logo-svg.svg\",\"width\":1080,\"height\":1080,\"caption\":\"Av. Deniz Can K\u0131z\u0131l\"},\"image\":{\"@id\":\"https:\/\/denizcankizil.tr\/#\/schema\/logo\/image\/\"}},{\"@type\":\"Person\",\"@id\":\"https:\/\/denizcankizil.tr\/#\/schema\/person\/e1eb71bb4dd684d46563f0af307e1234\",\"name\":\"Antalya K\u00f6rfez\",\"image\":{\"@type\":\"ImageObject\",\"inLanguage\":\"en-GB\",\"@id\":\"https:\/\/denizcankizil.tr\/#\/schema\/person\/image\/\",\"url\":\"https:\/\/secure.gravatar.com\/avatar\/42b01982558a48a0b501fdcab6a408d3717ea5919095ee2e67b0e521799c5905?s=96&d=mm&r=g\",\"contentUrl\":\"https:\/\/secure.gravatar.com\/avatar\/42b01982558a48a0b501fdcab6a408d3717ea5919095ee2e67b0e521799c5905?s=96&d=mm&r=g\",\"caption\":\"Antalya K\u00f6rfez\"},\"sameAs\":[\"http:\/\/www.antalyakorfez.com\"],\"url\":\"https:\/\/www.antalyakorfez.com\/imamogluna-erisim-engeli-mansur-yavas-ayaga-kalkti-muhittin-bocekten-ses-yok\"}]}<\/script>\n<!-- \/ Yoast SEO Premium plugin. -->","yoast_head_json":{"title":"\u0130mamo\u011flu'na eri\u015fim engeli! Mansur Yava\u015f aya\u011fa kalkt\u0131, Muhittin B\u00f6cek'ten ses yok! - Av. Deniz Can K\u0131z\u0131l","robots":{"index":"index","follow":"follow","max-snippet":"max-snippet:-1","max-image-preview":"max-image-preview:large","max-video-preview":"max-video-preview:-1"},"canonical":"https:\/\/denizcankizil.tr\/en\/haberler\/gundem\/imamogluna-erisim-engeli-mansur-yavas-ayaga-kalkti-muhittin-bocekten-ses-yok\/","og_locale":"en_GB","og_type":"article","og_title":"\u0130mamo\u011flu'na eri\u015fim engeli! Mansur Yava\u015f aya\u011fa kalkt\u0131, Muhittin B\u00f6cek'ten ses yok!","og_description":"Cumhuriyet Halk Partisi\u2019nin (CHP) Cumhurba\u015fkan\u0131 aday\u0131 Ekrem \u0130mamo\u011flu\u2019nun, tutuklu bulundu\u011fu Marmara (Silivri) Cezaevi\u2019nden halka sesini duyurdu\u011fu sosyal medya hesab\u0131na eri\u015fim engeli getirildi. Karar\u0131n ard\u0131ndan T\u00fcrkiye genelindeki \u00e7ok say\u0131da CHP\u2019li isim sabah\u0131n erken saatlerinden itibaren tepki g\u00f6sterdi. CHP milletvekilleri Aliye Co\u015far ve Cavit Ar\u0131 yasa\u011f\u0131 k\u0131nad\u0131, Aykut Kaya ise tepkisini X hesab\u0131n\u0131n profiline Ekrem \u0130mamo\u011flu foto\u011fraf\u0131 koyarak g\u00f6sterdi. \u0130LK TEPK\u0130 MANSUR YAVA\u015e&#8217;TAN \u0130mamo\u011flu&#8217;nun X hesab\u0131na saat 02.00 s\u0131ralar\u0131ndan getirilen eri\u015fim engeline kar\u015f\u0131 g\u00f6zler CHP&#8217;li b\u00fcy\u00fck\u015fehir belediye ba\u015fkanlar\u0131n\u0131n tavr\u0131na \u00e7evrildi. Ankara B\u00fcy\u00fck\u015fehir Belediye Ba\u015fkan\u0131 Mansur Yava\u015f, eri\u015fim engeline tepki g\u00f6stererek se\u00e7im kampanyas\u0131nda kulland\u0131\u011f\u0131 X hesab\u0131n\u0131 Ekrem \u0130mamo\u011flu&#8217;nun kullan\u0131m\u0131na a\u00e7t\u0131\u011f\u0131n\u0131 duyurdu. Mansur Yava\u015f, sabah erken saatlerde yay\u0131nlad\u0131\u011f\u0131 mesajda \u015fu ifadeleri kulland\u0131: &#8220;Ekrem \u0130mamo\u011flu\u2019nun resmi sosyal medya hesab\u0131na getirilen eri\u015fim engeli, sadece bir ki\u015fiye de\u011fil, milyonlar\u0131n sesine vurulmu\u015f bir sans\u00fcrd\u00fcr. Bu hukuksuzlu\u011fu en g\u00fc\u00e7l\u00fc \u015fekilde k\u0131n\u0131yoruz. Ancak bilinmelidir ki; adaletin susturulmak istendi\u011fi her yerde, biz daha g\u00fcr konu\u015faca\u011f\u0131z. Bu hesab\u0131m eri\u015fim engeli kalkana kadar Ekrem \u0130mamo\u011flu\u2019nun sesi olmaya devam edecek ve onun ad\u0131na kullan\u0131lacakt\u0131r.&#8221; ANTALYA B\u00dcY\u00dcK\u015eEH\u0130R BELED\u0130YE BA\u015eKANI B\u00d6CEK B\u0130LD\u0130\u011e\u0130N\u0130Z G\u0130B\u0130 T\u00fcrkiye&#8217;de CHP, il ba\u015fkanlar\u0131, milletvekilleri, belediye ba\u015fkanlar\u0131 ve genel merkez y\u00f6neticileri \u0130mamo\u011flu&#8217;nun X hesab\u0131na getirilen eri\u015fim engelini g\u00fcndemine ta\u015f\u0131rken, Antalya B\u00fcy\u00fck\u015fehir Belediye Ba\u015fkan\u0131 Muhittin B\u00f6cek, saat 08.40 s\u0131ralar\u0131nda FoodFestAntalya\u2019n\u0131n tan\u0131t\u0131m afi\u015fini payla\u015ft\u0131. B\u00f6cek&#8217;in &hellip;","og_url":"https:\/\/denizcankizil.tr\/en\/haberler\/gundem\/imamogluna-erisim-engeli-mansur-yavas-ayaga-kalkti-muhittin-bocekten-ses-yok\/","og_site_name":"Av. Deniz Can K\u0131z\u0131l","article_published_time":"2025-05-08T08:42:19+00:00","author":"Antalya K\u00f6rfez","twitter_card":"summary_large_image","twitter_misc":{"Written by":"Antalya K\u00f6rfez","Estimated reading time":"3 minutes"},"schema":{"@context":"https:\/\/schema.org","@graph":[{"@type":"Article","@id":"https:\/\/denizcankizil.tr\/en\/haberler\/gundem\/imamogluna-erisim-engeli-mansur-yavas-ayaga-kalkti-muhittin-bocekten-ses-yok\/#article","isPartOf":{"@id":"https:\/\/denizcankizil.tr\/en\/haberler\/gundem\/imamogluna-erisim-engeli-mansur-yavas-ayaga-kalkti-muhittin-bocekten-ses-yok\/"},"author":{"name":"Antalya K\u00f6rfez","@id":"https:\/\/denizcankizil.tr\/#\/schema\/person\/e1eb71bb4dd684d46563f0af307e1234"},"headline":"\u0130mamo\u011flu&#8217;na eri\u015fim engeli! Mansur Yava\u015f aya\u011fa kalkt\u0131, Muhittin B\u00f6cek&#8217;ten ses yok!","datePublished":"2025-05-08T08:42:19+00:00","mainEntityOfPage":{"@id":"https:\/\/denizcankizil.tr\/en\/haberler\/gundem\/imamogluna-erisim-engeli-mansur-yavas-ayaga-kalkti-muhittin-bocekten-ses-yok\/"},"wordCount":628,"publisher":{"@id":"https:\/\/denizcankizil.tr\/#organization"},"articleSection":["G\u00fcndem"],"inLanguage":"en-GB"},{"@type":"WebPage","@id":"https:\/\/denizcankizil.tr\/en\/haberler\/gundem\/imamogluna-erisim-engeli-mansur-yavas-ayaga-kalkti-muhittin-bocekten-ses-yok\/","url":"https:\/\/denizcankizil.tr\/en\/haberler\/gundem\/imamogluna-erisim-engeli-mansur-yavas-ayaga-kalkti-muhittin-bocekten-ses-yok\/","name":"\u0130mamo\u011flu'na eri\u015fim engeli! Mansur Yava\u015f aya\u011fa kalkt\u0131, Muhittin B\u00f6cek'ten ses yok! - Av. Deniz Can K\u0131z\u0131l","isPartOf":{"@id":"https:\/\/denizcankizil.tr\/#website"},"datePublished":"2025-05-08T08:42:19+00:00","breadcrumb":{"@id":"https:\/\/denizcankizil.tr\/en\/haberler\/gundem\/imamogluna-erisim-engeli-mansur-yavas-ayaga-kalkti-muhittin-bocekten-ses-yok\/#breadcrumb"},"inLanguage":"en-GB","potentialAction":[{"@type":"ReadAction","target":["https:\/\/denizcankizil.tr\/en\/haberler\/gundem\/imamogluna-erisim-engeli-mansur-yavas-ayaga-kalkti-muhittin-bocekten-ses-yok\/"]}]},{"@type":"BreadcrumbList","@id":"https:\/\/denizcankizil.tr\/en\/haberler\/gundem\/imamogluna-erisim-engeli-mansur-yavas-ayaga-kalkti-muhittin-bocekten-ses-yok\/#breadcrumb","itemListElement":[{"@type":"ListItem","position":1,"name":"Home","item":"https:\/\/denizcankizil.tr\/de\/"},{"@type":"ListItem","position":2,"name":"\u0130mamo\u011flu&#8217;na eri\u015fim engeli! Mansur Yava\u015f aya\u011fa kalkt\u0131, Muhittin B\u00f6cek&#8217;ten ses yok!"}]},{"@type":"WebSite","@id":"https:\/\/denizcankizil.tr\/#website","url":"https:\/\/denizcankizil.tr\/","name":"Av. Deniz Can K\u0131z\u0131l","description":"Avukat Deniz Can K\u0131z\u0131l Antalya Barosu","publisher":{"@id":"https:\/\/denizcankizil.tr\/#organization"},"potentialAction":[{"@type":"SearchAction","target":{"@type":"EntryPoint","urlTemplate":"https:\/\/denizcankizil.tr\/?s={search_term_string}"},"query-input":{"@type":"PropertyValueSpecification","valueRequired":true,"valueName":"search_term_string"}}],"inLanguage":"en-GB"},{"@type":"Organization","@id":"https:\/\/denizcankizil.tr\/#organization","name":"Av. Deniz Can K\u0131z\u0131l","url":"https:\/\/denizcankizil.tr\/","logo":{"@type":"ImageObject","inLanguage":"en-GB","@id":"https:\/\/denizcankizil.tr\/#\/schema\/logo\/image\/","url":"https:\/\/denizcankizil.tr\/wp-content\/uploads\/2024\/10\/siyah-logo-svg.svg","contentUrl":"https:\/\/denizcankizil.tr\/wp-content\/uploads\/2024\/10\/siyah-logo-svg.svg","width":1080,"height":1080,"caption":"Av. Deniz Can K\u0131z\u0131l"},"image":{"@id":"https:\/\/denizcankizil.tr\/#\/schema\/logo\/image\/"}},{"@type":"Person","@id":"https:\/\/denizcankizil.tr\/#\/schema\/person\/e1eb71bb4dd684d46563f0af307e1234","name":"Antalya K\u00f6rfez","image":{"@type":"ImageObject","inLanguage":"en-GB","@id":"https:\/\/denizcankizil.tr\/#\/schema\/person\/image\/","url":"https:\/\/secure.gravatar.com\/avatar\/42b01982558a48a0b501fdcab6a408d3717ea5919095ee2e67b0e521799c5905?s=96&d=mm&r=g","contentUrl":"https:\/\/secure.gravatar.com\/avatar\/42b01982558a48a0b501fdcab6a408d3717ea5919095ee2e67b0e521799c5905?s=96&d=mm&r=g","caption":"Antalya K\u00f6rfez"},"sameAs":["http:\/\/www.antalyakorfez.com"],"url":"https:\/\/www.antalyakorfez.com\/imamogluna-erisim-engeli-mansur-yavas-ayaga-kalkti-muhittin-bocekten-ses-yok"}]}},"_links":{"self":[{"href":"https:\/\/denizcankizil.tr\/en\/wp-json\/wp\/v2\/posts\/79859","targetHints":{"allow":["GET"]}}],"collection":[{"href":"https:\/\/denizcankizil.tr\/en\/wp-json\/wp\/v2\/posts"}],"about":[{"href":"https:\/\/denizcankizil.tr\/en\/wp-json\/wp\/v2\/types\/post"}],"author":[{"embeddable":true,"href":"https:\/\/denizcankizil.tr\/en\/wp-json\/wp\/v2\/users\/5"}],"replies":[{"embeddable":true,"href":"https:\/\/denizcankizil.tr\/en\/wp-json\/wp\/v2\/comments?post=79859"}],"version-history":[{"count":0,"href":"https:\/\/denizcankizil.tr\/en\/wp-json\/wp\/v2\/posts\/79859\/revisions"}],"wp:attachment":[{"href":"https:\/\/denizcankizil.tr\/en\/wp-json\/wp\/v2\/media?parent=79859"}],"wp:term":[{"taxonomy":"category","embeddable":true,"href":"https:\/\/denizcankizil.tr\/en\/wp-json\/wp\/v2\/categories?post=79859"},{"taxonomy":"post_tag","embeddable":true,"href":"https:\/\/denizcankizil.tr\/en\/wp-json\/wp\/v2\/tags?post=79859"}],"curies":[{"name":"wp","href":"https:\/\/api.w.org\/{rel}","templated":true}]}}