{"id":79742,"date":"2025-05-08T09:42:38","date_gmt":"2025-05-08T06:42:38","guid":{"rendered":"https:\/\/denizcankizil.tr\/uncategorized-tr\/antalyanin-falezlerinde-vahim-iddia-iki-otel-denize-ulasmak-icin-tunel-mi-kazdi\/"},"modified":"2025-05-08T09:42:38","modified_gmt":"2025-05-08T06:42:38","slug":"antalyanin-falezlerinde-vahim-iddia-iki-otel-denize-ulasmak-icin-tunel-mi-kazdi","status":"publish","type":"post","link":"https:\/\/denizcankizil.tr\/en\/haberler\/gundem\/antalyanin-falezlerinde-vahim-iddia-iki-otel-denize-ulasmak-icin-tunel-mi-kazdi\/","title":{"rendered":"Antalya\u2019n\u0131n falezlerinde vahim iddia: \u0130ki otel denize ula\u015fmak i\u00e7in t\u00fcnel mi kazd\u0131?"},"content":{"rendered":"<p>Antalya&#8217;n\u0131n falezleri milyonlarca y\u0131l s\u00fcren do\u011fal s\u00fcre\u00e7lerin sonucunda \u015fekillendi. Deniz suyunun a\u015f\u0131nd\u0131r\u0131c\u0131 etkisi, erozyon ve k\u0131y\u0131 \u00e7izgisinin de\u011fi\u015fimi, bu e\u015fsiz olu\u015fumlar\u0131n ortaya \u00e7\u0131kmas\u0131n\u0131 sa\u011flad\u0131. Ka\u00e7ak yap\u0131la\u015fmalarla g\u00fcndemden d\u00fc\u015fmeyen Antalya\u2019n\u0131n do\u011fa harikas\u0131 falezleri bu kez de t\u00fcneller ile g\u00fcndeme geldi. Akdeniz \u00dcniversitesi M\u00fchendislik Fak\u00fcltesi \u0130n\u015faat M\u00fchendisli\u011fi B\u00f6l\u00fcm\u00fc \u00d6\u011fretim \u00dcyesi Prof. Dr. Nihat Dipova iki i\u015fletmenin tatilcilerini denizle bulu\u015fturmak falezlerin i\u00e7ine t\u00fcnel yapt\u0131\u011f\u0131n\u0131 ileri s\u00fcrd\u00fc.<\/p>\n<p>G\u00dcNDE FALEZLER\u0130N KORUNMASI<\/p>\n<p>Antalya Kent Konseyi taraf\u0131ndan d\u00fczenlenen \u201c21. Y\u00fczy\u0131lda Antalya\u201d \u00e7al\u0131\u015ftay\u0131 kapsam\u0131nda d\u00fczenlenen \u201cKentsel Su Y\u00f6netimi ve S\u00fcrd\u00fcr\u00fclebilirlik\u201d ba\u015fl\u0131kl\u0131 oturum, Kent Konseyi toplant\u0131 salonunda yap\u0131ld\u0131. Oturuma kamu kurumlar\u0131, meslek odalar\u0131 ve \u00fcniversitelerden bir\u00e7ok uzman kat\u0131ld\u0131. Oturumun ba\u015fkanl\u0131\u011f\u0131n\u0131 Makine M\u00fchendisleri Odas\u0131 Antalya \u015eube Ba\u015fkan\u0131 Prof. Dr. \u0130brahim Atmaca y\u00fcr\u00fct\u00fcrken, falezlerin korunmas\u0131 konusu Prof. Dr. Nihat Dipova taraf\u0131ndan ele al\u0131nd\u0131.<\/p>\n<p>YAPILA\u015eMA KES\u0130N OLARAK YASAK<\/p>\n<p>Antalya falezleri, sadece do\u011fal g\u00fczellikleriyle de\u011fil, ge\u00e7mi\u015ften bug\u00fcne ya\u015fanan i\u015fgallerle de s\u0131k s\u0131k g\u00fcndeme geliyor. \u00d6zellikle 1970\u2019li y\u0131llarda falezler \u00fczerine yap\u0131lan yap\u0131lar, daha sonra \u00e7\u0131kar\u0131lan imar aflar\u0131yla ruhsatland\u0131r\u0131ld\u0131. Prof. Dr. Nihat Dipova, \u201cO y\u0131llarda bu yap\u0131lar i\u00e7in sit alan\u0131 karar\u0131 yoktu, k\u0131y\u0131 kanunu da uygulanm\u0131yordu. Bug\u00fcn ise bu yap\u0131lar\u0131n bir k\u0131sm\u0131 h\u00e2l\u00e2 ayakta ve kullan\u0131l\u0131yor. Sonra telafi de edilmedi. K\u0131y\u0131 Kanunu\u2019na g\u00f6re falezlerde k\u0131y\u0131 kenar \u00e7izgisi, falezlerin tepesinden ge\u00e7iyor ve bu \u00e7izginin \u00f6n\u00fcnde ya da arkas\u0131nda yap\u0131la\u015fma kesin olarak yasak\u201d dedi.<\/p>\n<p>YEMEK YEN\u0130LEN YER\u0130N ALTI BO\u015e<\/p>\n<p>Falezlerin yap\u0131sal olarak hassas oldu\u011funa dikkat \u00e7eken Dipova, \u201cK\u0131\u015f aylar\u0131nda falezlerde dalgalar 40 metreye kadar \u00e7\u0131kabiliyor. Bu da zamanla erimelere ve \u00e7\u00f6k\u00fcnt\u00fclere neden oluyor. Alt\u0131 bo\u015f olan yerlere restoran yap\u0131lmas\u0131na izin veriliyor. \u00dczerinde insanlar yemek yiyor, ama alt\u0131 her an \u00e7\u00f6kebilir. Bu durum can g\u00fcvenli\u011fi a\u00e7\u0131s\u0131ndan b\u00fcy\u00fck bir risk olu\u015fturuyor\u201d diye konu\u015ftu.<\/p>\n<p>S\u0130T ALANI OLMAKTAN \u00c7IKARILDI<\/p>\n<p>Falezlerin tamam\u0131n\u0131n sit alan\u0131 olmad\u0131\u011f\u0131n\u0131, baz\u0131 b\u00f6lgelerde bu stat\u00fcn\u00fcn kald\u0131r\u0131ld\u0131\u011f\u0131n\u0131 s\u00f6yleyen Prof. Dr. Dipova, \u201cSon olarak varyant taraf\u0131nda bir karar al\u0131nd\u0131 ve oras\u0131 sit alan\u0131 olmaktan \u00e7\u0131kar\u0131ld\u0131. Ancak neden b\u00f6yle bir karar al\u0131nd\u0131\u011f\u0131 kamuoyuna a\u00e7\u0131klanmad\u0131. Bu b\u00f6lgenin do\u011fal yap\u0131s\u0131nda ne de\u011fi\u015fti de sit stat\u00fcs\u00fc kald\u0131r\u0131ld\u0131, anlam\u0131\u015f de\u011filiz\u201d ifadelerini kulland\u0131.<\/p>\n<p>B\u00dcY\u00dcK TEHL\u0130KE OLU\u015eTURUYOR<\/p>\n<p>Antalya K\u00f6rfez Gazetesi muhabiri Ertu\u011frul G\u00fcn&#8217;\u00fcn haberine g\u00f6re; falezlere yap\u0131lan asans\u00f6r projelerine de tepki g\u00f6steren Dipova, \u201cFalezlerdeki baz\u0131 asans\u00f6r yap\u0131lar\u0131 asl\u0131nda asans\u00f6r de\u011fil, do\u011frudan yap\u0131la\u015fmad\u0131r. Bu yap\u0131lar estetik de\u011fil, g\u00fcvenli de de\u011fil. \u00d6zellikle g\u00f6\u00e7me riski ta\u015f\u0131yan yerlerde bu tip yap\u0131lar b\u00fcy\u00fck tehlike yarat\u0131yor.\u201d dedi.<\/p>\n<p>\u015eEH\u0130R \u0130\u00c7\u0130N ISRAR ED\u0130YORUZ<\/p>\n<p>Antalya\u2019da falezlerin y\u0131llard\u0131r i\u015fgal edildi\u011fini, bu durumun sadece T\u00fcrkiye\u2019ye \u00f6zg\u00fc olmad\u0131\u011f\u0131n\u0131 s\u00f6yleyen Prof. Dr. Dipova, \u201cFalezler Avrupa \u00fclkelerinde de benzer tehditlerle kar\u015f\u0131 kar\u015f\u0131ya. Ancak biz falezlerin \u00fczerine \u015fehir kurmakta \u0131srar ediyoruz. Bu do\u011fal yap\u0131lar milyonlarca y\u0131l s\u00fcren s\u00fcre\u00e7lerin sonunda olu\u015ftu. Onlara dokunmamak, sayg\u0131 g\u00f6stermek zorunday\u0131z\u201d dedi.<\/p>\n<p>FALEZLERDE T\u00dcNEL A\u00c7ILDI<\/p>\n<p>Oturumda yapt\u0131\u011f\u0131 sunumda falezlerdeki do\u011fal s\u00fcreci ve ya\u015fanan m\u00fcdahaleleri anlatan Prof. Dr. Dipova, \u201cFalezlerin her yerinde ma\u011faralar var. Bunlardan biri Yarasa Ma\u011faras\u0131 olarak biliniyor. Bir d\u00f6nem buraya \u0131\u015f\u0131kland\u0131rma yap\u0131lm\u0131\u015ft\u0131, gelen tepkiler \u00fczerine geri ad\u0131m at\u0131ld\u0131. \u015eimdi ise falezlerin alt\u0131na t\u00fcneller a\u00e7\u0131ld\u0131\u011f\u0131n\u0131 g\u00f6r\u00fcyoruz. \u0130ki otelin falezlerin i\u00e7inden denize ula\u015fmak i\u00e7in t\u00fcnel yapt\u0131\u011f\u0131 bilgisi bizlere ula\u015ft\u0131. \u0130ki otel t\u00fcnel yap\u0131yor. Bunlar bir \u015fekilde yap\u0131l\u0131yor. Bu t\u00fcnel konusu bir tart\u0131\u015f\u0131lmas\u0131 gerekir\u201d dedi.<\/p>\n<p>ANTALYALILARA ANLATMAKTA ZORLANIYORUZ<\/p>\n<p>Falezlerin halka a\u00e7\u0131k alanlar oldu\u011funu, ancak do\u011faya zarar vermeden kullan\u0131lmas\u0131 gerekti\u011fini vurgulayan Prof. Dr. Dipova, \u201cFalezden inip denize girece\u011fim demek do\u011fru de\u011fil. E\u011fer falezlerde denize girmek istiyorsan\u0131z kanoya binin, denize a\u00e7\u0131l\u0131n. Ama falezin i\u00e7ine t\u00fcnel kazmak, asans\u00f6r yapmak kabul edilemez.\u201d dedi. Falezlerin korunmas\u0131 konusunda halk\u0131n bilin\u00e7lenmesi gerekti\u011fine de dikkat \u00e7eken Dipova, \u201cDo\u011fma b\u00fcy\u00fcme Antalyal\u0131 olanlara falezin de\u011ferini anlatmakta zorlan\u0131yoruz. Oysa bu alanlar sadece Antalya\u2019n\u0131n de\u011fil, t\u00fcm insanl\u0131\u011f\u0131n ortak miras\u0131\u201d ifadelerini kulland\u0131.<\/p>\n<p>\u200bAntalya\u2019n\u0131n simgesi haline gelen ve milyonlarca y\u0131lda olu\u015fan falezleri ka\u00e7ak yap\u0131la\u015fma tart\u0131\u015fmalar\u0131n\u0131n ard\u0131ndan bu kez de t\u00fcnel iddias\u0131yla g\u00fcndeme geldi. Prof. Dr. Nihat Dipova, iki otelin falezlerin alt\u0131na t\u00fcnel a\u00e7arak m\u00fc\u015fterilerini denize ula\u015ft\u0131rd\u0131\u011f\u0131n\u0131 ileri s\u00fcrd\u00fc.\u00a0<\/p>\n<p>\u200bHaberin Al\u0131nt\u0131land\u0131\u011f\u0131 Kaynak: www.antalyakorfez.com<\/p>","protected":false},"excerpt":{"rendered":"<p>Antalya&#8217;n\u0131n falezleri milyonlarca y\u0131l s\u00fcren do\u011fal s\u00fcre\u00e7lerin sonucunda \u015fekillendi. Deniz suyunun a\u015f\u0131nd\u0131r\u0131c\u0131 etkisi, erozyon ve k\u0131y\u0131 \u00e7izgisinin de\u011fi\u015fimi, bu e\u015fsiz olu\u015fumlar\u0131n ortaya \u00e7\u0131kmas\u0131n\u0131 sa\u011flad\u0131. Ka\u00e7ak yap\u0131la\u015fmalarla g\u00fcndemden d\u00fc\u015fmeyen Antalya\u2019n\u0131n do\u011fa harikas\u0131 falezleri bu kez de t\u00fcneller ile g\u00fcndeme geldi. Akdeniz \u00dcniversitesi M\u00fchendislik Fak\u00fcltesi \u0130n\u015faat M\u00fchendisli\u011fi B\u00f6l\u00fcm\u00fc \u00d6\u011fretim \u00dcyesi Prof. Dr. Nihat Dipova iki i\u015fletmenin tatilcilerini denizle bulu\u015fturmak falezlerin i\u00e7ine t\u00fcnel yapt\u0131\u011f\u0131n\u0131 ileri s\u00fcrd\u00fc. G\u00dcNDE FALEZLER\u0130N KORUNMASI Antalya Kent Konseyi taraf\u0131ndan d\u00fczenlenen \u201c21. Y\u00fczy\u0131lda Antalya\u201d \u00e7al\u0131\u015ftay\u0131 kapsam\u0131nda d\u00fczenlenen \u201cKentsel Su Y\u00f6netimi ve S\u00fcrd\u00fcr\u00fclebilirlik\u201d ba\u015fl\u0131kl\u0131 oturum, Kent Konseyi toplant\u0131 salonunda yap\u0131ld\u0131. Oturuma kamu kurumlar\u0131, meslek odalar\u0131 ve \u00fcniversitelerden bir\u00e7ok uzman kat\u0131ld\u0131. Oturumun ba\u015fkanl\u0131\u011f\u0131n\u0131 Makine M\u00fchendisleri Odas\u0131 Antalya \u015eube Ba\u015fkan\u0131 Prof. Dr. \u0130brahim Atmaca y\u00fcr\u00fct\u00fcrken, falezlerin korunmas\u0131 konusu Prof. Dr. Nihat Dipova taraf\u0131ndan ele al\u0131nd\u0131. YAPILA\u015eMA KES\u0130N OLARAK YASAK Antalya falezleri, sadece do\u011fal g\u00fczellikleriyle de\u011fil, ge\u00e7mi\u015ften bug\u00fcne ya\u015fanan i\u015fgallerle de s\u0131k s\u0131k g\u00fcndeme geliyor. \u00d6zellikle 1970\u2019li y\u0131llarda falezler \u00fczerine yap\u0131lan yap\u0131lar, daha sonra \u00e7\u0131kar\u0131lan imar aflar\u0131yla ruhsatland\u0131r\u0131ld\u0131. Prof. Dr. Nihat Dipova, \u201cO y\u0131llarda bu yap\u0131lar i\u00e7in sit alan\u0131 karar\u0131 yoktu, k\u0131y\u0131 kanunu da uygulanm\u0131yordu. Bug\u00fcn ise bu yap\u0131lar\u0131n bir k\u0131sm\u0131 h\u00e2l\u00e2 ayakta ve kullan\u0131l\u0131yor. Sonra telafi de edilmedi. K\u0131y\u0131 Kanunu\u2019na g\u00f6re falezlerde k\u0131y\u0131 kenar \u00e7izgisi, falezlerin tepesinden ge\u00e7iyor ve bu \u00e7izginin \u00f6n\u00fcnde ya &hellip;<\/p>","protected":false},"author":5,"featured_media":0,"comment_status":"","ping_status":"open","sticky":false,"template":"","format":"standard","meta":{"_acf_changed":false,"footnotes":""},"categories":[24],"tags":[],"class_list":["post-79742","post","type-post","status-publish","format-standard","has-post-thumbnail","hentry","category-gundem"],"acf":[],"yoast_head":"<!-- This site is optimized with the Yoast SEO Premium plugin v26.6 (Yoast SEO v27.1.1) - https:\/\/yoast.com\/product\/yoast-seo-premium-wordpress\/ -->\n<title>Antalya\u2019n\u0131n falezlerinde vahim iddia: \u0130ki otel denize ula\u015fmak i\u00e7in t\u00fcnel mi kazd\u0131? - Av. Deniz Can K\u0131z\u0131l<\/title>\n<meta name=\"robots\" content=\"index, follow, max-snippet:-1, max-image-preview:large, max-video-preview:-1\" \/>\n<link rel=\"canonical\" href=\"https:\/\/denizcankizil.tr\/en\/haberler\/gundem\/antalyanin-falezlerinde-vahim-iddia-iki-otel-denize-ulasmak-icin-tunel-mi-kazdi\/\" \/>\n<meta property=\"og:locale\" content=\"en_GB\" \/>\n<meta property=\"og:type\" content=\"article\" \/>\n<meta property=\"og:title\" content=\"Antalya\u2019n\u0131n falezlerinde vahim iddia: \u0130ki otel denize ula\u015fmak i\u00e7in t\u00fcnel mi kazd\u0131?\" \/>\n<meta property=\"og:description\" content=\"Antalya&#8217;n\u0131n falezleri milyonlarca y\u0131l s\u00fcren do\u011fal s\u00fcre\u00e7lerin sonucunda \u015fekillendi. Deniz suyunun a\u015f\u0131nd\u0131r\u0131c\u0131 etkisi, erozyon ve k\u0131y\u0131 \u00e7izgisinin de\u011fi\u015fimi, bu e\u015fsiz olu\u015fumlar\u0131n ortaya \u00e7\u0131kmas\u0131n\u0131 sa\u011flad\u0131. Ka\u00e7ak yap\u0131la\u015fmalarla g\u00fcndemden d\u00fc\u015fmeyen Antalya\u2019n\u0131n do\u011fa harikas\u0131 falezleri bu kez de t\u00fcneller ile g\u00fcndeme geldi. Akdeniz \u00dcniversitesi M\u00fchendislik Fak\u00fcltesi \u0130n\u015faat M\u00fchendisli\u011fi B\u00f6l\u00fcm\u00fc \u00d6\u011fretim \u00dcyesi Prof. Dr. Nihat Dipova iki i\u015fletmenin tatilcilerini denizle bulu\u015fturmak falezlerin i\u00e7ine t\u00fcnel yapt\u0131\u011f\u0131n\u0131 ileri s\u00fcrd\u00fc. G\u00dcNDE FALEZLER\u0130N KORUNMASI Antalya Kent Konseyi taraf\u0131ndan d\u00fczenlenen \u201c21. Y\u00fczy\u0131lda Antalya\u201d \u00e7al\u0131\u015ftay\u0131 kapsam\u0131nda d\u00fczenlenen \u201cKentsel Su Y\u00f6netimi ve S\u00fcrd\u00fcr\u00fclebilirlik\u201d ba\u015fl\u0131kl\u0131 oturum, Kent Konseyi toplant\u0131 salonunda yap\u0131ld\u0131. Oturuma kamu kurumlar\u0131, meslek odalar\u0131 ve \u00fcniversitelerden bir\u00e7ok uzman kat\u0131ld\u0131. Oturumun ba\u015fkanl\u0131\u011f\u0131n\u0131 Makine M\u00fchendisleri Odas\u0131 Antalya \u015eube Ba\u015fkan\u0131 Prof. Dr. \u0130brahim Atmaca y\u00fcr\u00fct\u00fcrken, falezlerin korunmas\u0131 konusu Prof. Dr. Nihat Dipova taraf\u0131ndan ele al\u0131nd\u0131. YAPILA\u015eMA KES\u0130N OLARAK YASAK Antalya falezleri, sadece do\u011fal g\u00fczellikleriyle de\u011fil, ge\u00e7mi\u015ften bug\u00fcne ya\u015fanan i\u015fgallerle de s\u0131k s\u0131k g\u00fcndeme geliyor. \u00d6zellikle 1970\u2019li y\u0131llarda falezler \u00fczerine yap\u0131lan yap\u0131lar, daha sonra \u00e7\u0131kar\u0131lan imar aflar\u0131yla ruhsatland\u0131r\u0131ld\u0131. Prof. Dr. Nihat Dipova, \u201cO y\u0131llarda bu yap\u0131lar i\u00e7in sit alan\u0131 karar\u0131 yoktu, k\u0131y\u0131 kanunu da uygulanm\u0131yordu. Bug\u00fcn ise bu yap\u0131lar\u0131n bir k\u0131sm\u0131 h\u00e2l\u00e2 ayakta ve kullan\u0131l\u0131yor. Sonra telafi de edilmedi. K\u0131y\u0131 Kanunu\u2019na g\u00f6re falezlerde k\u0131y\u0131 kenar \u00e7izgisi, falezlerin tepesinden ge\u00e7iyor ve bu \u00e7izginin \u00f6n\u00fcnde ya &hellip;\" \/>\n<meta property=\"og:url\" content=\"https:\/\/denizcankizil.tr\/en\/haberler\/gundem\/antalyanin-falezlerinde-vahim-iddia-iki-otel-denize-ulasmak-icin-tunel-mi-kazdi\/\" \/>\n<meta property=\"og:site_name\" content=\"Av. Deniz Can K\u0131z\u0131l\" \/>\n<meta property=\"article:published_time\" content=\"2025-05-08T06:42:38+00:00\" \/>\n<meta name=\"author\" content=\"Antalya K\u00f6rfez\" \/>\n<meta name=\"twitter:card\" content=\"summary_large_image\" \/>\n<meta name=\"twitter:label1\" content=\"Written by\" \/>\n\t<meta name=\"twitter:data1\" content=\"Antalya K\u00f6rfez\" \/>\n\t<meta name=\"twitter:label2\" content=\"Estimated reading time\" \/>\n\t<meta name=\"twitter:data2\" content=\"4 minutes\" \/>\n<script type=\"application\/ld+json\" class=\"yoast-schema-graph\">{\"@context\":\"https:\/\/schema.org\",\"@graph\":[{\"@type\":\"Article\",\"@id\":\"https:\/\/denizcankizil.tr\/en\/haberler\/gundem\/antalyanin-falezlerinde-vahim-iddia-iki-otel-denize-ulasmak-icin-tunel-mi-kazdi\/#article\",\"isPartOf\":{\"@id\":\"https:\/\/denizcankizil.tr\/en\/haberler\/gundem\/antalyanin-falezlerinde-vahim-iddia-iki-otel-denize-ulasmak-icin-tunel-mi-kazdi\/\"},\"author\":{\"name\":\"Antalya K\u00f6rfez\",\"@id\":\"https:\/\/denizcankizil.tr\/#\/schema\/person\/e1eb71bb4dd684d46563f0af307e1234\"},\"headline\":\"Antalya\u2019n\u0131n falezlerinde vahim iddia: \u0130ki otel denize ula\u015fmak i\u00e7in t\u00fcnel mi kazd\u0131?\",\"datePublished\":\"2025-05-08T06:42:38+00:00\",\"mainEntityOfPage\":{\"@id\":\"https:\/\/denizcankizil.tr\/en\/haberler\/gundem\/antalyanin-falezlerinde-vahim-iddia-iki-otel-denize-ulasmak-icin-tunel-mi-kazdi\/\"},\"wordCount\":904,\"publisher\":{\"@id\":\"https:\/\/denizcankizil.tr\/#organization\"},\"articleSection\":[\"G\u00fcndem\"],\"inLanguage\":\"en-GB\"},{\"@type\":\"WebPage\",\"@id\":\"https:\/\/denizcankizil.tr\/en\/haberler\/gundem\/antalyanin-falezlerinde-vahim-iddia-iki-otel-denize-ulasmak-icin-tunel-mi-kazdi\/\",\"url\":\"https:\/\/denizcankizil.tr\/en\/haberler\/gundem\/antalyanin-falezlerinde-vahim-iddia-iki-otel-denize-ulasmak-icin-tunel-mi-kazdi\/\",\"name\":\"Antalya\u2019n\u0131n falezlerinde vahim iddia: \u0130ki otel denize ula\u015fmak i\u00e7in t\u00fcnel mi kazd\u0131? - Av. Deniz Can K\u0131z\u0131l\",\"isPartOf\":{\"@id\":\"https:\/\/denizcankizil.tr\/#website\"},\"datePublished\":\"2025-05-08T06:42:38+00:00\",\"breadcrumb\":{\"@id\":\"https:\/\/denizcankizil.tr\/en\/haberler\/gundem\/antalyanin-falezlerinde-vahim-iddia-iki-otel-denize-ulasmak-icin-tunel-mi-kazdi\/#breadcrumb\"},\"inLanguage\":\"en-GB\",\"potentialAction\":[{\"@type\":\"ReadAction\",\"target\":[\"https:\/\/denizcankizil.tr\/en\/haberler\/gundem\/antalyanin-falezlerinde-vahim-iddia-iki-otel-denize-ulasmak-icin-tunel-mi-kazdi\/\"]}]},{\"@type\":\"BreadcrumbList\",\"@id\":\"https:\/\/denizcankizil.tr\/en\/haberler\/gundem\/antalyanin-falezlerinde-vahim-iddia-iki-otel-denize-ulasmak-icin-tunel-mi-kazdi\/#breadcrumb\",\"itemListElement\":[{\"@type\":\"ListItem\",\"position\":1,\"name\":\"Home\",\"item\":\"https:\/\/denizcankizil.tr\/de\/\"},{\"@type\":\"ListItem\",\"position\":2,\"name\":\"Antalya\u2019n\u0131n falezlerinde vahim iddia: \u0130ki otel denize ula\u015fmak i\u00e7in t\u00fcnel mi kazd\u0131?\"}]},{\"@type\":\"WebSite\",\"@id\":\"https:\/\/denizcankizil.tr\/#website\",\"url\":\"https:\/\/denizcankizil.tr\/\",\"name\":\"Av. Deniz Can K\u0131z\u0131l\",\"description\":\"Avukat Deniz Can K\u0131z\u0131l Antalya Barosu\",\"publisher\":{\"@id\":\"https:\/\/denizcankizil.tr\/#organization\"},\"potentialAction\":[{\"@type\":\"SearchAction\",\"target\":{\"@type\":\"EntryPoint\",\"urlTemplate\":\"https:\/\/denizcankizil.tr\/?s={search_term_string}\"},\"query-input\":{\"@type\":\"PropertyValueSpecification\",\"valueRequired\":true,\"valueName\":\"search_term_string\"}}],\"inLanguage\":\"en-GB\"},{\"@type\":\"Organization\",\"@id\":\"https:\/\/denizcankizil.tr\/#organization\",\"name\":\"Av. Deniz Can K\u0131z\u0131l\",\"url\":\"https:\/\/denizcankizil.tr\/\",\"logo\":{\"@type\":\"ImageObject\",\"inLanguage\":\"en-GB\",\"@id\":\"https:\/\/denizcankizil.tr\/#\/schema\/logo\/image\/\",\"url\":\"https:\/\/denizcankizil.tr\/wp-content\/uploads\/2024\/10\/siyah-logo-svg.svg\",\"contentUrl\":\"https:\/\/denizcankizil.tr\/wp-content\/uploads\/2024\/10\/siyah-logo-svg.svg\",\"width\":1080,\"height\":1080,\"caption\":\"Av. Deniz Can K\u0131z\u0131l\"},\"image\":{\"@id\":\"https:\/\/denizcankizil.tr\/#\/schema\/logo\/image\/\"}},{\"@type\":\"Person\",\"@id\":\"https:\/\/denizcankizil.tr\/#\/schema\/person\/e1eb71bb4dd684d46563f0af307e1234\",\"name\":\"Antalya K\u00f6rfez\",\"image\":{\"@type\":\"ImageObject\",\"inLanguage\":\"en-GB\",\"@id\":\"https:\/\/denizcankizil.tr\/#\/schema\/person\/image\/\",\"url\":\"https:\/\/secure.gravatar.com\/avatar\/42b01982558a48a0b501fdcab6a408d3717ea5919095ee2e67b0e521799c5905?s=96&d=mm&r=g\",\"contentUrl\":\"https:\/\/secure.gravatar.com\/avatar\/42b01982558a48a0b501fdcab6a408d3717ea5919095ee2e67b0e521799c5905?s=96&d=mm&r=g\",\"caption\":\"Antalya K\u00f6rfez\"},\"sameAs\":[\"http:\/\/www.antalyakorfez.com\"],\"url\":\"https:\/\/www.antalyakorfez.com\/antalyanin-falezlerinde-vahim-iddia-iki-otel-denize-ulasmak-icin-tunel-mi-kazdi\"}]}<\/script>\n<!-- \/ Yoast SEO Premium plugin. -->","yoast_head_json":{"title":"Antalya\u2019n\u0131n falezlerinde vahim iddia: \u0130ki otel denize ula\u015fmak i\u00e7in t\u00fcnel mi kazd\u0131? - Av. Deniz Can K\u0131z\u0131l","robots":{"index":"index","follow":"follow","max-snippet":"max-snippet:-1","max-image-preview":"max-image-preview:large","max-video-preview":"max-video-preview:-1"},"canonical":"https:\/\/denizcankizil.tr\/en\/haberler\/gundem\/antalyanin-falezlerinde-vahim-iddia-iki-otel-denize-ulasmak-icin-tunel-mi-kazdi\/","og_locale":"en_GB","og_type":"article","og_title":"Antalya\u2019n\u0131n falezlerinde vahim iddia: \u0130ki otel denize ula\u015fmak i\u00e7in t\u00fcnel mi kazd\u0131?","og_description":"Antalya&#8217;n\u0131n falezleri milyonlarca y\u0131l s\u00fcren do\u011fal s\u00fcre\u00e7lerin sonucunda \u015fekillendi. Deniz suyunun a\u015f\u0131nd\u0131r\u0131c\u0131 etkisi, erozyon ve k\u0131y\u0131 \u00e7izgisinin de\u011fi\u015fimi, bu e\u015fsiz olu\u015fumlar\u0131n ortaya \u00e7\u0131kmas\u0131n\u0131 sa\u011flad\u0131. Ka\u00e7ak yap\u0131la\u015fmalarla g\u00fcndemden d\u00fc\u015fmeyen Antalya\u2019n\u0131n do\u011fa harikas\u0131 falezleri bu kez de t\u00fcneller ile g\u00fcndeme geldi. Akdeniz \u00dcniversitesi M\u00fchendislik Fak\u00fcltesi \u0130n\u015faat M\u00fchendisli\u011fi B\u00f6l\u00fcm\u00fc \u00d6\u011fretim \u00dcyesi Prof. Dr. Nihat Dipova iki i\u015fletmenin tatilcilerini denizle bulu\u015fturmak falezlerin i\u00e7ine t\u00fcnel yapt\u0131\u011f\u0131n\u0131 ileri s\u00fcrd\u00fc. G\u00dcNDE FALEZLER\u0130N KORUNMASI Antalya Kent Konseyi taraf\u0131ndan d\u00fczenlenen \u201c21. Y\u00fczy\u0131lda Antalya\u201d \u00e7al\u0131\u015ftay\u0131 kapsam\u0131nda d\u00fczenlenen \u201cKentsel Su Y\u00f6netimi ve S\u00fcrd\u00fcr\u00fclebilirlik\u201d ba\u015fl\u0131kl\u0131 oturum, Kent Konseyi toplant\u0131 salonunda yap\u0131ld\u0131. Oturuma kamu kurumlar\u0131, meslek odalar\u0131 ve \u00fcniversitelerden bir\u00e7ok uzman kat\u0131ld\u0131. Oturumun ba\u015fkanl\u0131\u011f\u0131n\u0131 Makine M\u00fchendisleri Odas\u0131 Antalya \u015eube Ba\u015fkan\u0131 Prof. Dr. \u0130brahim Atmaca y\u00fcr\u00fct\u00fcrken, falezlerin korunmas\u0131 konusu Prof. Dr. Nihat Dipova taraf\u0131ndan ele al\u0131nd\u0131. YAPILA\u015eMA KES\u0130N OLARAK YASAK Antalya falezleri, sadece do\u011fal g\u00fczellikleriyle de\u011fil, ge\u00e7mi\u015ften bug\u00fcne ya\u015fanan i\u015fgallerle de s\u0131k s\u0131k g\u00fcndeme geliyor. \u00d6zellikle 1970\u2019li y\u0131llarda falezler \u00fczerine yap\u0131lan yap\u0131lar, daha sonra \u00e7\u0131kar\u0131lan imar aflar\u0131yla ruhsatland\u0131r\u0131ld\u0131. Prof. Dr. Nihat Dipova, \u201cO y\u0131llarda bu yap\u0131lar i\u00e7in sit alan\u0131 karar\u0131 yoktu, k\u0131y\u0131 kanunu da uygulanm\u0131yordu. Bug\u00fcn ise bu yap\u0131lar\u0131n bir k\u0131sm\u0131 h\u00e2l\u00e2 ayakta ve kullan\u0131l\u0131yor. Sonra telafi de edilmedi. K\u0131y\u0131 Kanunu\u2019na g\u00f6re falezlerde k\u0131y\u0131 kenar \u00e7izgisi, falezlerin tepesinden ge\u00e7iyor ve bu \u00e7izginin \u00f6n\u00fcnde ya &hellip;","og_url":"https:\/\/denizcankizil.tr\/en\/haberler\/gundem\/antalyanin-falezlerinde-vahim-iddia-iki-otel-denize-ulasmak-icin-tunel-mi-kazdi\/","og_site_name":"Av. Deniz Can K\u0131z\u0131l","article_published_time":"2025-05-08T06:42:38+00:00","author":"Antalya K\u00f6rfez","twitter_card":"summary_large_image","twitter_misc":{"Written by":"Antalya K\u00f6rfez","Estimated reading time":"4 minutes"},"schema":{"@context":"https:\/\/schema.org","@graph":[{"@type":"Article","@id":"https:\/\/denizcankizil.tr\/en\/haberler\/gundem\/antalyanin-falezlerinde-vahim-iddia-iki-otel-denize-ulasmak-icin-tunel-mi-kazdi\/#article","isPartOf":{"@id":"https:\/\/denizcankizil.tr\/en\/haberler\/gundem\/antalyanin-falezlerinde-vahim-iddia-iki-otel-denize-ulasmak-icin-tunel-mi-kazdi\/"},"author":{"name":"Antalya K\u00f6rfez","@id":"https:\/\/denizcankizil.tr\/#\/schema\/person\/e1eb71bb4dd684d46563f0af307e1234"},"headline":"Antalya\u2019n\u0131n falezlerinde vahim iddia: \u0130ki otel denize ula\u015fmak i\u00e7in t\u00fcnel mi kazd\u0131?","datePublished":"2025-05-08T06:42:38+00:00","mainEntityOfPage":{"@id":"https:\/\/denizcankizil.tr\/en\/haberler\/gundem\/antalyanin-falezlerinde-vahim-iddia-iki-otel-denize-ulasmak-icin-tunel-mi-kazdi\/"},"wordCount":904,"publisher":{"@id":"https:\/\/denizcankizil.tr\/#organization"},"articleSection":["G\u00fcndem"],"inLanguage":"en-GB"},{"@type":"WebPage","@id":"https:\/\/denizcankizil.tr\/en\/haberler\/gundem\/antalyanin-falezlerinde-vahim-iddia-iki-otel-denize-ulasmak-icin-tunel-mi-kazdi\/","url":"https:\/\/denizcankizil.tr\/en\/haberler\/gundem\/antalyanin-falezlerinde-vahim-iddia-iki-otel-denize-ulasmak-icin-tunel-mi-kazdi\/","name":"Antalya\u2019n\u0131n falezlerinde vahim iddia: \u0130ki otel denize ula\u015fmak i\u00e7in t\u00fcnel mi kazd\u0131? - Av. Deniz Can K\u0131z\u0131l","isPartOf":{"@id":"https:\/\/denizcankizil.tr\/#website"},"datePublished":"2025-05-08T06:42:38+00:00","breadcrumb":{"@id":"https:\/\/denizcankizil.tr\/en\/haberler\/gundem\/antalyanin-falezlerinde-vahim-iddia-iki-otel-denize-ulasmak-icin-tunel-mi-kazdi\/#breadcrumb"},"inLanguage":"en-GB","potentialAction":[{"@type":"ReadAction","target":["https:\/\/denizcankizil.tr\/en\/haberler\/gundem\/antalyanin-falezlerinde-vahim-iddia-iki-otel-denize-ulasmak-icin-tunel-mi-kazdi\/"]}]},{"@type":"BreadcrumbList","@id":"https:\/\/denizcankizil.tr\/en\/haberler\/gundem\/antalyanin-falezlerinde-vahim-iddia-iki-otel-denize-ulasmak-icin-tunel-mi-kazdi\/#breadcrumb","itemListElement":[{"@type":"ListItem","position":1,"name":"Home","item":"https:\/\/denizcankizil.tr\/de\/"},{"@type":"ListItem","position":2,"name":"Antalya\u2019n\u0131n falezlerinde vahim iddia: \u0130ki otel denize ula\u015fmak i\u00e7in t\u00fcnel mi kazd\u0131?"}]},{"@type":"WebSite","@id":"https:\/\/denizcankizil.tr\/#website","url":"https:\/\/denizcankizil.tr\/","name":"Av. Deniz Can K\u0131z\u0131l","description":"Avukat Deniz Can K\u0131z\u0131l Antalya Barosu","publisher":{"@id":"https:\/\/denizcankizil.tr\/#organization"},"potentialAction":[{"@type":"SearchAction","target":{"@type":"EntryPoint","urlTemplate":"https:\/\/denizcankizil.tr\/?s={search_term_string}"},"query-input":{"@type":"PropertyValueSpecification","valueRequired":true,"valueName":"search_term_string"}}],"inLanguage":"en-GB"},{"@type":"Organization","@id":"https:\/\/denizcankizil.tr\/#organization","name":"Av. Deniz Can K\u0131z\u0131l","url":"https:\/\/denizcankizil.tr\/","logo":{"@type":"ImageObject","inLanguage":"en-GB","@id":"https:\/\/denizcankizil.tr\/#\/schema\/logo\/image\/","url":"https:\/\/denizcankizil.tr\/wp-content\/uploads\/2024\/10\/siyah-logo-svg.svg","contentUrl":"https:\/\/denizcankizil.tr\/wp-content\/uploads\/2024\/10\/siyah-logo-svg.svg","width":1080,"height":1080,"caption":"Av. Deniz Can K\u0131z\u0131l"},"image":{"@id":"https:\/\/denizcankizil.tr\/#\/schema\/logo\/image\/"}},{"@type":"Person","@id":"https:\/\/denizcankizil.tr\/#\/schema\/person\/e1eb71bb4dd684d46563f0af307e1234","name":"Antalya K\u00f6rfez","image":{"@type":"ImageObject","inLanguage":"en-GB","@id":"https:\/\/denizcankizil.tr\/#\/schema\/person\/image\/","url":"https:\/\/secure.gravatar.com\/avatar\/42b01982558a48a0b501fdcab6a408d3717ea5919095ee2e67b0e521799c5905?s=96&d=mm&r=g","contentUrl":"https:\/\/secure.gravatar.com\/avatar\/42b01982558a48a0b501fdcab6a408d3717ea5919095ee2e67b0e521799c5905?s=96&d=mm&r=g","caption":"Antalya K\u00f6rfez"},"sameAs":["http:\/\/www.antalyakorfez.com"],"url":"https:\/\/www.antalyakorfez.com\/antalyanin-falezlerinde-vahim-iddia-iki-otel-denize-ulasmak-icin-tunel-mi-kazdi"}]}},"_links":{"self":[{"href":"https:\/\/denizcankizil.tr\/en\/wp-json\/wp\/v2\/posts\/79742","targetHints":{"allow":["GET"]}}],"collection":[{"href":"https:\/\/denizcankizil.tr\/en\/wp-json\/wp\/v2\/posts"}],"about":[{"href":"https:\/\/denizcankizil.tr\/en\/wp-json\/wp\/v2\/types\/post"}],"author":[{"embeddable":true,"href":"https:\/\/denizcankizil.tr\/en\/wp-json\/wp\/v2\/users\/5"}],"replies":[{"embeddable":true,"href":"https:\/\/denizcankizil.tr\/en\/wp-json\/wp\/v2\/comments?post=79742"}],"version-history":[{"count":0,"href":"https:\/\/denizcankizil.tr\/en\/wp-json\/wp\/v2\/posts\/79742\/revisions"}],"wp:attachment":[{"href":"https:\/\/denizcankizil.tr\/en\/wp-json\/wp\/v2\/media?parent=79742"}],"wp:term":[{"taxonomy":"category","embeddable":true,"href":"https:\/\/denizcankizil.tr\/en\/wp-json\/wp\/v2\/categories?post=79742"},{"taxonomy":"post_tag","embeddable":true,"href":"https:\/\/denizcankizil.tr\/en\/wp-json\/wp\/v2\/tags?post=79742"}],"curies":[{"name":"wp","href":"https:\/\/api.w.org\/{rel}","templated":true}]}}