{"id":79031,"date":"2025-05-07T16:41:29","date_gmt":"2025-05-07T13:41:29","guid":{"rendered":"https:\/\/denizcankizil.tr\/uncategorized-tr\/atso-baskani-hacisuleyman-yangin-yonetmeligi-krizinin-bilinmeyen-yuzunu-anlatti\/"},"modified":"2025-05-07T16:41:29","modified_gmt":"2025-05-07T13:41:29","slug":"atso-baskani-hacisuleyman-yangin-yonetmeligi-krizinin-bilinmeyen-yuzunu-anlatti","status":"publish","type":"post","link":"https:\/\/denizcankizil.tr\/en\/haberler\/gundem\/atso-baskani-hacisuleyman-yangin-yonetmeligi-krizinin-bilinmeyen-yuzunu-anlatti\/","title":{"rendered":"ATSO Ba\u015fkan\u0131 Hac\u0131s\u00fcleyman, yang\u0131n y\u00f6netmeli\u011fi krizinin bilinmeyen y\u00fcz\u00fcn\u00fc anlatt\u0131"},"content":{"rendered":"<p>Antalya Ticaret ve Sanayi Odas\u0131 (ATSO) Y\u00f6netim Kurulu Ba\u015fkan\u0131 Yusuf Hac\u0131s\u00fcleyman, \u201cBilimin I\u015f\u0131\u011f\u0131nda\u201d program\u0131nda \u00d6\u011fretim G\u00f6revlisi ve S\u00fcrd\u00fcr\u00fclebilirlik Uzman\u0131 I\u015f\u0131k Tun\u00e7el\u2019in sorular\u0131n\u0131 yan\u0131tlad\u0131. Dijital d\u00f6n\u00fc\u015f\u00fcmden turizme, tarihi yap\u0131lar\u0131n korunmas\u0131ndan sekt\u00f6rel sorunlara kadar pek \u00e7ok konuda dikkat \u00e7ekici a\u00e7\u0131klamalarda bulunan Hac\u0131s\u00fcleyman, \u00f6zellikle tescilli binalarda ya\u015fanan yang\u0131n y\u00f6netmeli\u011fi krizine dikkat \u00e7ekti.<\/p>\n<p>ANTALYA\u2019DA TEKNOLOJ\u0130 R\u00dcZG\u00c2RI EST\u0130<\/p>\n<p>Antalya\u2019da dijital d\u00f6n\u00fc\u015f\u00fcm ata\u011f\u0131n\u0131n sadece \u00fcretim sekt\u00f6r\u00fcne de\u011fil, hizmet alanlar\u0131na da yay\u0131ld\u0131\u011f\u0131n\u0131 belirten Hac\u0131s\u00fcleyman, ATSO\u2019ya kay\u0131tl\u0131 2200 teknoloji firmas\u0131n\u0131n bulundu\u011funu vurgulad\u0131. Ortaya konulan rakamlar\u0131n kendisini heyecanland\u0131rd\u0131\u011f\u0131n\u0131 dile getiren Hac\u0131s\u00fcleyman, \u201cBu rakam beni heyecanland\u0131r\u0131yor \u00e7\u00fcnk\u00fc bu \u015firketler enerji, su gibi kaynaklar\u0131 daha verimli kullanmak i\u00e7in \u00e7\u00f6z\u00fcmler geli\u015ftiriyorlar. Art\u0131k tar\u0131m, ticaret ve turizmin yan\u0131na teknolojiyi de d\u00f6rd\u00fcnc\u00fc ayak olarak koymal\u0131y\u0131z\u201d dedi.<\/p>\n<p>\u201cK\u00dc\u00c7\u00dcK JESTLER TEKNOLOJ\u0130YLE YER DE\u011e\u0130\u015eT\u0130REMEZ\u201d <\/p>\n<p>Turizmde otomasyon sistemlerinin hen\u00fcz istenilen seviyeye ula\u015famad\u0131\u011f\u0131n\u0131 ifade eden Hac\u0131s\u00fcleyman, buna ra\u011fmen yapay zek\u00e2n\u0131n pazarlama ve hedef kitle analizlerinde kullan\u0131lmaya ba\u015fland\u0131\u011f\u0131n\u0131 belirtti. \u2018Sosyal medyada hangi reklam ne zaman verilmeli?\u2019, \u2018Hangi hedef gruba ula\u015fmal\u0131?\u2019 gibi konularda yapay zek\u00e2dan faydaland\u0131klar\u0131n\u0131n bilgisini veren Hac\u0131s\u00fcleyman, \u201cAncak turizmin kalbinde h\u00e2l\u00e2 insan var. Bir otel sahibinin g\u00fcl\u00fcmsemesi, sabah kahvalt\u0131s\u0131nda yapt\u0131\u011f\u0131 k\u00fc\u00e7\u00fck jestler gibi \u015feyler hi\u00e7bir teknolojiyle yer de\u011fi\u015ftirilemez\u201d diye konu\u015ftu.<\/p>\n<p>TESC\u0130LL\u0130 YAPILARDA YANGIN Y\u00d6NETMEL\u0130\u011e\u0130 \u0130K\u0130LEM\u0130<\/p>\n<p>Kalei\u00e7i gibi tarihi alanlarda yer alan tescilli binalar\u0131n yang\u0131n g\u00fcvenli\u011fi konusunda ya\u015fad\u0131\u011f\u0131 ikilemi de g\u00fcndeme ta\u015f\u0131yan Hac\u0131s\u00fcleyman, koruma kurullar\u0131n\u0131n ve yang\u0131n y\u00f6netmeli\u011finin \u00e7eli\u015fen taleplerine dikkat \u00e7ekti. Taraflar aras\u0131nda orta noktay\u0131 temsil ettiklerini belirten Hac\u0131s\u00fcleyman, \u201cKoruma kurulu, \u2018Bu kap\u0131ya dokunamazs\u0131n\u2019, itfaiye \u2018De\u011fi\u015ftirmezsen risk var\u2019 diyor. Biz iki arada kald\u0131k. Can g\u00fcvenli\u011fini \u00f6nemsiyoruz ama tarihi de\u011ferlerimizi de korumak zorunday\u0131z\u201d ifadelerini kulland\u0131.<\/p>\n<p>KORUMA KURULU: KAPIYA DOKUNAMAZSIN<\/p>\n<p>Kalei\u00e7i gibi d\u00fcnya \u00e7ap\u0131nda \u00f6neme sahip tarihi alanlarda yer alan tescilli binalar\u0131n hem korunmas\u0131 hem de yang\u0131na kar\u015f\u0131 g\u00fcvenli hale getirilmesi gerekti\u011fini vurgulayan Hac\u0131s\u00fcleyman, &#8220;Kap\u0131lar yanmaz malzeme olmal\u0131 diyoruz ama di\u011fer yandan koruma kurulu bu kap\u0131ya dokunamazs\u0131n diyor. Ne yapaca\u011f\u0131z?&#8221; s\u00f6zleriyle ya\u015fanan ikilemi ortaya koydu.<\/p>\n<p>\u201cCAN G\u00dcVENL\u0130\u011e\u0130N\u0130 G\u00d6Z ARDI EDEMEY\u0130Z\u201d<\/p>\n<p>Koruma kurullar\u0131n\u0131n kararlar\u0131n\u0131n \u00f6ncelikli olmas\u0131 gerekti\u011fini ifade eden Hac\u0131s\u00fcleyman, &#8220;Bu yap\u0131lar ge\u00e7mi\u015fimizin hazineleri, bunlar\u0131 koruyarak gelece\u011fe aktarmal\u0131y\u0131z. Ancak insanlar\u0131n can g\u00fcvenli\u011fini de g\u00f6z ard\u0131 edemeyiz&#8221; diyerek yang\u0131n dedekt\u00f6rleri ve alarm sistemleri gibi teknolojik \u00f6nlemlerle \u00e7\u00f6z\u00fcm aray\u0131\u015f\u0131nda olduklar\u0131n\u0131 belirtti.<\/p>\n<p>\u201cTAR\u0130H\u0130M\u0130Z, \u0130T\u0130BARIMIZ ZARAR G\u00d6R\u00dcYOR\u201d<\/p>\n<p>Yang\u0131ndan korunma y\u00f6netmeli\u011fi ile koruma kurullar\u0131n\u0131n kararlar\u0131n\u0131n \u00e7eli\u015fmesi nedeniyle, k\u00fc\u00e7\u00fck aile i\u015fletmeleri ve pansiyonlar\u0131n ma\u011fduriyet ya\u015fad\u0131\u011f\u0131n\u0131 vurgulayan Hac\u0131s\u00fcleyman, &#8220;Sonu\u00e7ta olan k\u00fc\u00e7\u00fck otellerimize oluyor, hem tarihimiz hem itibar\u0131m\u0131z zarar g\u00f6r\u00fcyor&#8221; dedi.<\/p>\n<p>\u201cY\u00d6NETMEL\u0130KTE DE\u011e\u0130\u015e\u0130KL\u0130K YAPILAMLI\u201d<\/p>\n<p>\u00c7evre, \u015eehircilik ve \u0130klim De\u011fi\u015fikli\u011fi Bakanl\u0131\u011f\u0131 ile T\u00fcrkiye Odalar ve Borsalar Birli\u011fi (TOBB) Ba\u015fkan\u0131 R\u0131fat Hisarc\u0131kl\u0131o\u011flu\u2019nun bu konuda \u00e7al\u0131\u015fma y\u00fcr\u00fctt\u00fc\u011f\u00fcn\u00fc aktaran Hac\u0131s\u00fcleyman, y\u00f6netmelikte de\u011fi\u015fiklik yap\u0131lmas\u0131 gerekti\u011fini savundu. Hac\u0131s\u00fcleyman, ayr\u0131ca tarihi yap\u0131larda konaklayan turistlerin yang\u0131n \u00f6nlemleriyle ilgili bilgilendirilmesi gerekti\u011fini ifade ederek, enerji kimlik belgesi benzeri bir sertifikasyon sisteminin uygulanabilece\u011fini s\u00f6yledi.<\/p>\n<p>TUR\u0130ZMDE KAPAS\u0130TE SINIRINA DO\u011eRU<\/p>\n<p>Turizm sezonunun g\u00fc\u00e7l\u00fc ba\u015flad\u0131\u011f\u0131n\u0131 ve ge\u00e7en y\u0131l\u0131n ayn\u0131 d\u00f6nemine g\u00f6re denge sa\u011fland\u0131\u011f\u0131n\u0131 ifade eden Hac\u0131s\u00fcleyman, Antalya\u2019n\u0131n Paris ve Londra\u2019dan sonra d\u00fcnyada hava yoluyla en fazla turist alan \u00fc\u00e7\u00fcnc\u00fc \u015fehir oldu\u011funu belirtti.<\/p>\n<p>Ancak \u015fehrin altyap\u0131s\u0131n\u0131n, artan n\u00fcfus ve ziyaret\u00e7i y\u00fck\u00fcyle zorlanmaya ba\u015flad\u0131\u011f\u0131na dikkat \u00e7eken Hac\u0131s\u00fcleyman, \u201cK\u00f6pr\u00fclerimiz, trafik, at\u0131k su y\u00f6netimi, ar\u0131tma tesisleri art\u0131k s\u0131n\u0131rda. Kapasiteyi sadece yatak say\u0131s\u0131yla de\u011fil, \u015fehrin t\u00fcm sistemleriyle birlikte de\u011ferlendirmeliyiz\u201d dedi.<\/p>\n<p>YERL\u0130 TUR\u0130STE ZOR YIL<\/p>\n<p>Yerli turistin ekonomik sebeplerle bu y\u0131l turizmde daha az yer alaca\u011f\u0131n\u0131 \u00f6ng\u00f6ren Hac\u0131s\u00fcleyman, \u201cY\u00fcksek faiz, enflasyon derken insanlar tasarrufa y\u00f6neliyor. Tatil s\u00fcresi k\u0131sal\u0131yor, seyahat say\u0131s\u0131 azal\u0131yor. Ancak yabanc\u0131 turist a\u00e7\u0131s\u0131ndan olumlu bir y\u0131l bekliyoruz\u201d diye konu\u015ftu.<\/p>\n<p>\u201cDAHA G\u00dc\u00c7L\u00dc B\u0130R ANTALYA\u201d<\/p>\n<p>\u201c\u0130yi yerlere geliyoruz\u201d dedi\u011fi turizm sekt\u00f6r\u00fcnde sorunlar\u0131n a\u00e7\u0131k\u00e7a konu\u015fulmas\u0131 gerekti\u011fini alt\u0131n\u0131 \u00e7izen Yusuf Hac\u0131s\u00fcleyman, &#8220;Turizmde iyi yerlere geliyoruz ama sorunlar\u0131m\u0131z\u0131 da a\u00e7\u0131k\u00e7a konu\u015fmal\u0131y\u0131z. Koruma-kullanma dengesini, dijitalle\u015fmenin olanaklar\u0131n\u0131 ve insan dokunu\u015funun g\u00fcc\u00fcn\u00fc birlikte d\u00fc\u015f\u00fcnmeliyiz. Antalya\u2019n\u0131n zenginli\u011fi sadece deniz, kum, g\u00fcne\u015f de\u011fil; ayn\u0131 zamanda begonvilli sokaklar\u0131, k\u00fc\u00e7\u00fck otelleri ve samimi insanlar\u0131d\u0131r. Bu de\u011ferlere sahip \u00e7\u0131kmal\u0131y\u0131z&#8221; ifadelerini kulland\u0131. Ba\u015fkan Yusuf Hac\u0131s\u00fcleyman\u2019\u0131n Antalya\u2019n\u0131n turizm ve teknoloji alan\u0131ndaki yol haritas\u0131n\u0131 ortaya koyan a\u00e7\u0131klamalar\u0131, \u015fehrin gelece\u011fi i\u00e7in dikkatli planlama gereklili\u011fini de kamuoyuna hat\u0131rlatt\u0131.<\/p>\n<p>\u200bAntalya Ticaret ve Sanayi Odas\u0131 (ATSO) Y\u00f6netim Kurulu Ba\u015fkan\u0131 Yusuf Hac\u0131s\u00fcleyman, Kalei\u00e7i gibi tarihi alanlarda yer alan tescilli binalar\u0131n yang\u0131n g\u00fcvenli\u011fi konusunda ya\u015fad\u0131\u011f\u0131 ikilemi \u00a0g\u00fcndeme ta\u015f\u0131d\u0131. Koruma kurullar\u0131n\u0131n ve yang\u0131n y\u00f6netmeli\u011finin \u00e7eli\u015fen taleplerine dikkat \u00e7eken Hac\u0131s\u00fcleyman, \u201cKoruma kurulu, \u2018Bu kap\u0131ya dokunamazs\u0131n\u2019, itfaiye \u2018De\u011fi\u015ftirmezsen risk var\u2019 diyor. Biz iki arada kald\u0131k\u201d ifadelerini kulland\u0131.\u00a0<\/p>\n<p>\u200bHaberin Al\u0131nt\u0131land\u0131\u011f\u0131 Kaynak: www.antalyakorfez.com<\/p>","protected":false},"excerpt":{"rendered":"<p>Antalya Ticaret ve Sanayi Odas\u0131 (ATSO) Y\u00f6netim Kurulu Ba\u015fkan\u0131 Yusuf Hac\u0131s\u00fcleyman, \u201cBilimin I\u015f\u0131\u011f\u0131nda\u201d program\u0131nda \u00d6\u011fretim G\u00f6revlisi ve S\u00fcrd\u00fcr\u00fclebilirlik Uzman\u0131 I\u015f\u0131k Tun\u00e7el\u2019in sorular\u0131n\u0131 yan\u0131tlad\u0131. Dijital d\u00f6n\u00fc\u015f\u00fcmden turizme, tarihi yap\u0131lar\u0131n korunmas\u0131ndan sekt\u00f6rel sorunlara kadar pek \u00e7ok konuda dikkat \u00e7ekici a\u00e7\u0131klamalarda bulunan Hac\u0131s\u00fcleyman, \u00f6zellikle tescilli binalarda ya\u015fanan yang\u0131n y\u00f6netmeli\u011fi krizine dikkat \u00e7ekti. ANTALYA\u2019DA TEKNOLOJ\u0130 R\u00dcZG\u00c2RI EST\u0130 Antalya\u2019da dijital d\u00f6n\u00fc\u015f\u00fcm ata\u011f\u0131n\u0131n sadece \u00fcretim sekt\u00f6r\u00fcne de\u011fil, hizmet alanlar\u0131na da yay\u0131ld\u0131\u011f\u0131n\u0131 belirten Hac\u0131s\u00fcleyman, ATSO\u2019ya kay\u0131tl\u0131 2200 teknoloji firmas\u0131n\u0131n bulundu\u011funu vurgulad\u0131. Ortaya konulan rakamlar\u0131n kendisini heyecanland\u0131rd\u0131\u011f\u0131n\u0131 dile getiren Hac\u0131s\u00fcleyman, \u201cBu rakam beni heyecanland\u0131r\u0131yor \u00e7\u00fcnk\u00fc bu \u015firketler enerji, su gibi kaynaklar\u0131 daha verimli kullanmak i\u00e7in \u00e7\u00f6z\u00fcmler geli\u015ftiriyorlar. Art\u0131k tar\u0131m, ticaret ve turizmin yan\u0131na teknolojiyi de d\u00f6rd\u00fcnc\u00fc ayak olarak koymal\u0131y\u0131z\u201d dedi. \u201cK\u00dc\u00c7\u00dcK JESTLER TEKNOLOJ\u0130YLE YER DE\u011e\u0130\u015eT\u0130REMEZ\u201d Turizmde otomasyon sistemlerinin hen\u00fcz istenilen seviyeye ula\u015famad\u0131\u011f\u0131n\u0131 ifade eden Hac\u0131s\u00fcleyman, buna ra\u011fmen yapay zek\u00e2n\u0131n pazarlama ve hedef kitle analizlerinde kullan\u0131lmaya ba\u015fland\u0131\u011f\u0131n\u0131 belirtti. \u2018Sosyal medyada hangi reklam ne zaman verilmeli?\u2019, \u2018Hangi hedef gruba ula\u015fmal\u0131?\u2019 gibi konularda yapay zek\u00e2dan faydaland\u0131klar\u0131n\u0131n bilgisini veren Hac\u0131s\u00fcleyman, \u201cAncak turizmin kalbinde h\u00e2l\u00e2 insan var. Bir otel sahibinin g\u00fcl\u00fcmsemesi, sabah kahvalt\u0131s\u0131nda yapt\u0131\u011f\u0131 k\u00fc\u00e7\u00fck jestler gibi \u015feyler hi\u00e7bir teknolojiyle yer de\u011fi\u015ftirilemez\u201d diye konu\u015ftu. TESC\u0130LL\u0130 YAPILARDA YANGIN Y\u00d6NETMEL\u0130\u011e\u0130 \u0130K\u0130LEM\u0130 Kalei\u00e7i gibi tarihi alanlarda yer alan tescilli binalar\u0131n yang\u0131n g\u00fcvenli\u011fi konusunda ya\u015fad\u0131\u011f\u0131 ikilemi de &hellip;<\/p>","protected":false},"author":5,"featured_media":0,"comment_status":"","ping_status":"open","sticky":false,"template":"","format":"standard","meta":{"_acf_changed":false,"footnotes":""},"categories":[24],"tags":[],"class_list":["post-79031","post","type-post","status-publish","format-standard","has-post-thumbnail","hentry","category-gundem"],"acf":[],"yoast_head":"<!-- This site is optimized with the Yoast SEO Premium plugin v26.6 (Yoast SEO v27.1.1) - https:\/\/yoast.com\/product\/yoast-seo-premium-wordpress\/ -->\n<title>ATSO Ba\u015fkan\u0131 Hac\u0131s\u00fcleyman, yang\u0131n y\u00f6netmeli\u011fi krizinin bilinmeyen y\u00fcz\u00fcn\u00fc anlatt\u0131 - Av. Deniz Can K\u0131z\u0131l<\/title>\n<meta name=\"robots\" content=\"index, follow, max-snippet:-1, max-image-preview:large, max-video-preview:-1\" \/>\n<link rel=\"canonical\" href=\"https:\/\/denizcankizil.tr\/en\/haberler\/gundem\/atso-baskani-hacisuleyman-yangin-yonetmeligi-krizinin-bilinmeyen-yuzunu-anlatti\/\" \/>\n<meta property=\"og:locale\" content=\"en_GB\" \/>\n<meta property=\"og:type\" content=\"article\" \/>\n<meta property=\"og:title\" content=\"ATSO Ba\u015fkan\u0131 Hac\u0131s\u00fcleyman, yang\u0131n y\u00f6netmeli\u011fi krizinin bilinmeyen y\u00fcz\u00fcn\u00fc anlatt\u0131\" \/>\n<meta property=\"og:description\" content=\"Antalya Ticaret ve Sanayi Odas\u0131 (ATSO) Y\u00f6netim Kurulu Ba\u015fkan\u0131 Yusuf Hac\u0131s\u00fcleyman, \u201cBilimin I\u015f\u0131\u011f\u0131nda\u201d program\u0131nda \u00d6\u011fretim G\u00f6revlisi ve S\u00fcrd\u00fcr\u00fclebilirlik Uzman\u0131 I\u015f\u0131k Tun\u00e7el\u2019in sorular\u0131n\u0131 yan\u0131tlad\u0131. Dijital d\u00f6n\u00fc\u015f\u00fcmden turizme, tarihi yap\u0131lar\u0131n korunmas\u0131ndan sekt\u00f6rel sorunlara kadar pek \u00e7ok konuda dikkat \u00e7ekici a\u00e7\u0131klamalarda bulunan Hac\u0131s\u00fcleyman, \u00f6zellikle tescilli binalarda ya\u015fanan yang\u0131n y\u00f6netmeli\u011fi krizine dikkat \u00e7ekti. ANTALYA\u2019DA TEKNOLOJ\u0130 R\u00dcZG\u00c2RI EST\u0130 Antalya\u2019da dijital d\u00f6n\u00fc\u015f\u00fcm ata\u011f\u0131n\u0131n sadece \u00fcretim sekt\u00f6r\u00fcne de\u011fil, hizmet alanlar\u0131na da yay\u0131ld\u0131\u011f\u0131n\u0131 belirten Hac\u0131s\u00fcleyman, ATSO\u2019ya kay\u0131tl\u0131 2200 teknoloji firmas\u0131n\u0131n bulundu\u011funu vurgulad\u0131. Ortaya konulan rakamlar\u0131n kendisini heyecanland\u0131rd\u0131\u011f\u0131n\u0131 dile getiren Hac\u0131s\u00fcleyman, \u201cBu rakam beni heyecanland\u0131r\u0131yor \u00e7\u00fcnk\u00fc bu \u015firketler enerji, su gibi kaynaklar\u0131 daha verimli kullanmak i\u00e7in \u00e7\u00f6z\u00fcmler geli\u015ftiriyorlar. Art\u0131k tar\u0131m, ticaret ve turizmin yan\u0131na teknolojiyi de d\u00f6rd\u00fcnc\u00fc ayak olarak koymal\u0131y\u0131z\u201d dedi. \u201cK\u00dc\u00c7\u00dcK JESTLER TEKNOLOJ\u0130YLE YER DE\u011e\u0130\u015eT\u0130REMEZ\u201d Turizmde otomasyon sistemlerinin hen\u00fcz istenilen seviyeye ula\u015famad\u0131\u011f\u0131n\u0131 ifade eden Hac\u0131s\u00fcleyman, buna ra\u011fmen yapay zek\u00e2n\u0131n pazarlama ve hedef kitle analizlerinde kullan\u0131lmaya ba\u015fland\u0131\u011f\u0131n\u0131 belirtti. \u2018Sosyal medyada hangi reklam ne zaman verilmeli?\u2019, \u2018Hangi hedef gruba ula\u015fmal\u0131?\u2019 gibi konularda yapay zek\u00e2dan faydaland\u0131klar\u0131n\u0131n bilgisini veren Hac\u0131s\u00fcleyman, \u201cAncak turizmin kalbinde h\u00e2l\u00e2 insan var. Bir otel sahibinin g\u00fcl\u00fcmsemesi, sabah kahvalt\u0131s\u0131nda yapt\u0131\u011f\u0131 k\u00fc\u00e7\u00fck jestler gibi \u015feyler hi\u00e7bir teknolojiyle yer de\u011fi\u015ftirilemez\u201d diye konu\u015ftu. TESC\u0130LL\u0130 YAPILARDA YANGIN Y\u00d6NETMEL\u0130\u011e\u0130 \u0130K\u0130LEM\u0130 Kalei\u00e7i gibi tarihi alanlarda yer alan tescilli binalar\u0131n yang\u0131n g\u00fcvenli\u011fi konusunda ya\u015fad\u0131\u011f\u0131 ikilemi de &hellip;\" \/>\n<meta property=\"og:url\" content=\"https:\/\/denizcankizil.tr\/en\/haberler\/gundem\/atso-baskani-hacisuleyman-yangin-yonetmeligi-krizinin-bilinmeyen-yuzunu-anlatti\/\" \/>\n<meta property=\"og:site_name\" content=\"Av. Deniz Can K\u0131z\u0131l\" \/>\n<meta property=\"article:published_time\" content=\"2025-05-07T13:41:29+00:00\" \/>\n<meta name=\"author\" content=\"Antalya K\u00f6rfez\" \/>\n<meta name=\"twitter:card\" content=\"summary_large_image\" \/>\n<meta name=\"twitter:label1\" content=\"Written by\" \/>\n\t<meta name=\"twitter:data1\" content=\"Antalya K\u00f6rfez\" \/>\n\t<meta name=\"twitter:label2\" content=\"Estimated reading time\" \/>\n\t<meta name=\"twitter:data2\" content=\"5 minutes\" \/>\n<script type=\"application\/ld+json\" class=\"yoast-schema-graph\">{\"@context\":\"https:\/\/schema.org\",\"@graph\":[{\"@type\":\"Article\",\"@id\":\"https:\/\/denizcankizil.tr\/ru\/haberler\/gundem\/atso-baskani-hacisuleyman-yangin-yonetmeligi-krizinin-bilinmeyen-yuzunu-anlatti\/#article\",\"isPartOf\":{\"@id\":\"https:\/\/denizcankizil.tr\/ru\/haberler\/gundem\/atso-baskani-hacisuleyman-yangin-yonetmeligi-krizinin-bilinmeyen-yuzunu-anlatti\/\"},\"author\":{\"name\":\"Antalya K\u00f6rfez\",\"@id\":\"https:\/\/denizcankizil.tr\/#\/schema\/person\/e1eb71bb4dd684d46563f0af307e1234\"},\"headline\":\"ATSO Ba\u015fkan\u0131 Hac\u0131s\u00fcleyman, yang\u0131n y\u00f6netmeli\u011fi krizinin bilinmeyen y\u00fcz\u00fcn\u00fc anlatt\u0131\",\"datePublished\":\"2025-05-07T13:41:29+00:00\",\"mainEntityOfPage\":{\"@id\":\"https:\/\/denizcankizil.tr\/ru\/haberler\/gundem\/atso-baskani-hacisuleyman-yangin-yonetmeligi-krizinin-bilinmeyen-yuzunu-anlatti\/\"},\"wordCount\":1057,\"publisher\":{\"@id\":\"https:\/\/denizcankizil.tr\/#organization\"},\"articleSection\":[\"G\u00fcndem\"],\"inLanguage\":\"en-GB\"},{\"@type\":\"WebPage\",\"@id\":\"https:\/\/denizcankizil.tr\/ru\/haberler\/gundem\/atso-baskani-hacisuleyman-yangin-yonetmeligi-krizinin-bilinmeyen-yuzunu-anlatti\/\",\"url\":\"https:\/\/denizcankizil.tr\/ru\/haberler\/gundem\/atso-baskani-hacisuleyman-yangin-yonetmeligi-krizinin-bilinmeyen-yuzunu-anlatti\/\",\"name\":\"ATSO Ba\u015fkan\u0131 Hac\u0131s\u00fcleyman, yang\u0131n y\u00f6netmeli\u011fi krizinin bilinmeyen y\u00fcz\u00fcn\u00fc anlatt\u0131 - Av. Deniz Can K\u0131z\u0131l\",\"isPartOf\":{\"@id\":\"https:\/\/denizcankizil.tr\/#website\"},\"datePublished\":\"2025-05-07T13:41:29+00:00\",\"breadcrumb\":{\"@id\":\"https:\/\/denizcankizil.tr\/ru\/haberler\/gundem\/atso-baskani-hacisuleyman-yangin-yonetmeligi-krizinin-bilinmeyen-yuzunu-anlatti\/#breadcrumb\"},\"inLanguage\":\"en-GB\",\"potentialAction\":[{\"@type\":\"ReadAction\",\"target\":[\"https:\/\/denizcankizil.tr\/ru\/haberler\/gundem\/atso-baskani-hacisuleyman-yangin-yonetmeligi-krizinin-bilinmeyen-yuzunu-anlatti\/\"]}]},{\"@type\":\"BreadcrumbList\",\"@id\":\"https:\/\/denizcankizil.tr\/ru\/haberler\/gundem\/atso-baskani-hacisuleyman-yangin-yonetmeligi-krizinin-bilinmeyen-yuzunu-anlatti\/#breadcrumb\",\"itemListElement\":[{\"@type\":\"ListItem\",\"position\":1,\"name\":\"Home\",\"item\":\"https:\/\/denizcankizil.tr\/de\/\"},{\"@type\":\"ListItem\",\"position\":2,\"name\":\"ATSO Ba\u015fkan\u0131 Hac\u0131s\u00fcleyman, yang\u0131n y\u00f6netmeli\u011fi krizinin bilinmeyen y\u00fcz\u00fcn\u00fc anlatt\u0131\"}]},{\"@type\":\"WebSite\",\"@id\":\"https:\/\/denizcankizil.tr\/#website\",\"url\":\"https:\/\/denizcankizil.tr\/\",\"name\":\"Av. Deniz Can K\u0131z\u0131l\",\"description\":\"Avukat Deniz Can K\u0131z\u0131l Antalya Barosu\",\"publisher\":{\"@id\":\"https:\/\/denizcankizil.tr\/#organization\"},\"potentialAction\":[{\"@type\":\"SearchAction\",\"target\":{\"@type\":\"EntryPoint\",\"urlTemplate\":\"https:\/\/denizcankizil.tr\/?s={search_term_string}\"},\"query-input\":{\"@type\":\"PropertyValueSpecification\",\"valueRequired\":true,\"valueName\":\"search_term_string\"}}],\"inLanguage\":\"en-GB\"},{\"@type\":\"Organization\",\"@id\":\"https:\/\/denizcankizil.tr\/#organization\",\"name\":\"Av. Deniz Can K\u0131z\u0131l\",\"url\":\"https:\/\/denizcankizil.tr\/\",\"logo\":{\"@type\":\"ImageObject\",\"inLanguage\":\"en-GB\",\"@id\":\"https:\/\/denizcankizil.tr\/#\/schema\/logo\/image\/\",\"url\":\"https:\/\/denizcankizil.tr\/wp-content\/uploads\/2024\/10\/siyah-logo-svg.svg\",\"contentUrl\":\"https:\/\/denizcankizil.tr\/wp-content\/uploads\/2024\/10\/siyah-logo-svg.svg\",\"width\":1080,\"height\":1080,\"caption\":\"Av. Deniz Can K\u0131z\u0131l\"},\"image\":{\"@id\":\"https:\/\/denizcankizil.tr\/#\/schema\/logo\/image\/\"}},{\"@type\":\"Person\",\"@id\":\"https:\/\/denizcankizil.tr\/#\/schema\/person\/e1eb71bb4dd684d46563f0af307e1234\",\"name\":\"Antalya K\u00f6rfez\",\"image\":{\"@type\":\"ImageObject\",\"inLanguage\":\"en-GB\",\"@id\":\"https:\/\/denizcankizil.tr\/#\/schema\/person\/image\/\",\"url\":\"https:\/\/secure.gravatar.com\/avatar\/42b01982558a48a0b501fdcab6a408d3717ea5919095ee2e67b0e521799c5905?s=96&d=mm&r=g\",\"contentUrl\":\"https:\/\/secure.gravatar.com\/avatar\/42b01982558a48a0b501fdcab6a408d3717ea5919095ee2e67b0e521799c5905?s=96&d=mm&r=g\",\"caption\":\"Antalya K\u00f6rfez\"},\"sameAs\":[\"http:\/\/www.antalyakorfez.com\"],\"url\":\"https:\/\/www.antalyakorfez.com\/atso-baskani-hacisuleyman-yangin-yonetmeligi-krizinin-bilinmeyen-yuzunu-anlatti\"}]}<\/script>\n<!-- \/ Yoast SEO Premium plugin. -->","yoast_head_json":{"title":"ATSO Ba\u015fkan\u0131 Hac\u0131s\u00fcleyman, yang\u0131n y\u00f6netmeli\u011fi krizinin bilinmeyen y\u00fcz\u00fcn\u00fc anlatt\u0131 - Av. Deniz Can K\u0131z\u0131l","robots":{"index":"index","follow":"follow","max-snippet":"max-snippet:-1","max-image-preview":"max-image-preview:large","max-video-preview":"max-video-preview:-1"},"canonical":"https:\/\/denizcankizil.tr\/en\/haberler\/gundem\/atso-baskani-hacisuleyman-yangin-yonetmeligi-krizinin-bilinmeyen-yuzunu-anlatti\/","og_locale":"en_GB","og_type":"article","og_title":"ATSO Ba\u015fkan\u0131 Hac\u0131s\u00fcleyman, yang\u0131n y\u00f6netmeli\u011fi krizinin bilinmeyen y\u00fcz\u00fcn\u00fc anlatt\u0131","og_description":"Antalya Ticaret ve Sanayi Odas\u0131 (ATSO) Y\u00f6netim Kurulu Ba\u015fkan\u0131 Yusuf Hac\u0131s\u00fcleyman, \u201cBilimin I\u015f\u0131\u011f\u0131nda\u201d program\u0131nda \u00d6\u011fretim G\u00f6revlisi ve S\u00fcrd\u00fcr\u00fclebilirlik Uzman\u0131 I\u015f\u0131k Tun\u00e7el\u2019in sorular\u0131n\u0131 yan\u0131tlad\u0131. Dijital d\u00f6n\u00fc\u015f\u00fcmden turizme, tarihi yap\u0131lar\u0131n korunmas\u0131ndan sekt\u00f6rel sorunlara kadar pek \u00e7ok konuda dikkat \u00e7ekici a\u00e7\u0131klamalarda bulunan Hac\u0131s\u00fcleyman, \u00f6zellikle tescilli binalarda ya\u015fanan yang\u0131n y\u00f6netmeli\u011fi krizine dikkat \u00e7ekti. ANTALYA\u2019DA TEKNOLOJ\u0130 R\u00dcZG\u00c2RI EST\u0130 Antalya\u2019da dijital d\u00f6n\u00fc\u015f\u00fcm ata\u011f\u0131n\u0131n sadece \u00fcretim sekt\u00f6r\u00fcne de\u011fil, hizmet alanlar\u0131na da yay\u0131ld\u0131\u011f\u0131n\u0131 belirten Hac\u0131s\u00fcleyman, ATSO\u2019ya kay\u0131tl\u0131 2200 teknoloji firmas\u0131n\u0131n bulundu\u011funu vurgulad\u0131. Ortaya konulan rakamlar\u0131n kendisini heyecanland\u0131rd\u0131\u011f\u0131n\u0131 dile getiren Hac\u0131s\u00fcleyman, \u201cBu rakam beni heyecanland\u0131r\u0131yor \u00e7\u00fcnk\u00fc bu \u015firketler enerji, su gibi kaynaklar\u0131 daha verimli kullanmak i\u00e7in \u00e7\u00f6z\u00fcmler geli\u015ftiriyorlar. Art\u0131k tar\u0131m, ticaret ve turizmin yan\u0131na teknolojiyi de d\u00f6rd\u00fcnc\u00fc ayak olarak koymal\u0131y\u0131z\u201d dedi. \u201cK\u00dc\u00c7\u00dcK JESTLER TEKNOLOJ\u0130YLE YER DE\u011e\u0130\u015eT\u0130REMEZ\u201d Turizmde otomasyon sistemlerinin hen\u00fcz istenilen seviyeye ula\u015famad\u0131\u011f\u0131n\u0131 ifade eden Hac\u0131s\u00fcleyman, buna ra\u011fmen yapay zek\u00e2n\u0131n pazarlama ve hedef kitle analizlerinde kullan\u0131lmaya ba\u015fland\u0131\u011f\u0131n\u0131 belirtti. \u2018Sosyal medyada hangi reklam ne zaman verilmeli?\u2019, \u2018Hangi hedef gruba ula\u015fmal\u0131?\u2019 gibi konularda yapay zek\u00e2dan faydaland\u0131klar\u0131n\u0131n bilgisini veren Hac\u0131s\u00fcleyman, \u201cAncak turizmin kalbinde h\u00e2l\u00e2 insan var. Bir otel sahibinin g\u00fcl\u00fcmsemesi, sabah kahvalt\u0131s\u0131nda yapt\u0131\u011f\u0131 k\u00fc\u00e7\u00fck jestler gibi \u015feyler hi\u00e7bir teknolojiyle yer de\u011fi\u015ftirilemez\u201d diye konu\u015ftu. TESC\u0130LL\u0130 YAPILARDA YANGIN Y\u00d6NETMEL\u0130\u011e\u0130 \u0130K\u0130LEM\u0130 Kalei\u00e7i gibi tarihi alanlarda yer alan tescilli binalar\u0131n yang\u0131n g\u00fcvenli\u011fi konusunda ya\u015fad\u0131\u011f\u0131 ikilemi de &hellip;","og_url":"https:\/\/denizcankizil.tr\/en\/haberler\/gundem\/atso-baskani-hacisuleyman-yangin-yonetmeligi-krizinin-bilinmeyen-yuzunu-anlatti\/","og_site_name":"Av. Deniz Can K\u0131z\u0131l","article_published_time":"2025-05-07T13:41:29+00:00","author":"Antalya K\u00f6rfez","twitter_card":"summary_large_image","twitter_misc":{"Written by":"Antalya K\u00f6rfez","Estimated reading time":"5 minutes"},"schema":{"@context":"https:\/\/schema.org","@graph":[{"@type":"Article","@id":"https:\/\/denizcankizil.tr\/ru\/haberler\/gundem\/atso-baskani-hacisuleyman-yangin-yonetmeligi-krizinin-bilinmeyen-yuzunu-anlatti\/#article","isPartOf":{"@id":"https:\/\/denizcankizil.tr\/ru\/haberler\/gundem\/atso-baskani-hacisuleyman-yangin-yonetmeligi-krizinin-bilinmeyen-yuzunu-anlatti\/"},"author":{"name":"Antalya K\u00f6rfez","@id":"https:\/\/denizcankizil.tr\/#\/schema\/person\/e1eb71bb4dd684d46563f0af307e1234"},"headline":"ATSO Ba\u015fkan\u0131 Hac\u0131s\u00fcleyman, yang\u0131n y\u00f6netmeli\u011fi krizinin bilinmeyen y\u00fcz\u00fcn\u00fc anlatt\u0131","datePublished":"2025-05-07T13:41:29+00:00","mainEntityOfPage":{"@id":"https:\/\/denizcankizil.tr\/ru\/haberler\/gundem\/atso-baskani-hacisuleyman-yangin-yonetmeligi-krizinin-bilinmeyen-yuzunu-anlatti\/"},"wordCount":1057,"publisher":{"@id":"https:\/\/denizcankizil.tr\/#organization"},"articleSection":["G\u00fcndem"],"inLanguage":"en-GB"},{"@type":"WebPage","@id":"https:\/\/denizcankizil.tr\/ru\/haberler\/gundem\/atso-baskani-hacisuleyman-yangin-yonetmeligi-krizinin-bilinmeyen-yuzunu-anlatti\/","url":"https:\/\/denizcankizil.tr\/ru\/haberler\/gundem\/atso-baskani-hacisuleyman-yangin-yonetmeligi-krizinin-bilinmeyen-yuzunu-anlatti\/","name":"ATSO Ba\u015fkan\u0131 Hac\u0131s\u00fcleyman, yang\u0131n y\u00f6netmeli\u011fi krizinin bilinmeyen y\u00fcz\u00fcn\u00fc anlatt\u0131 - Av. Deniz Can K\u0131z\u0131l","isPartOf":{"@id":"https:\/\/denizcankizil.tr\/#website"},"datePublished":"2025-05-07T13:41:29+00:00","breadcrumb":{"@id":"https:\/\/denizcankizil.tr\/ru\/haberler\/gundem\/atso-baskani-hacisuleyman-yangin-yonetmeligi-krizinin-bilinmeyen-yuzunu-anlatti\/#breadcrumb"},"inLanguage":"en-GB","potentialAction":[{"@type":"ReadAction","target":["https:\/\/denizcankizil.tr\/ru\/haberler\/gundem\/atso-baskani-hacisuleyman-yangin-yonetmeligi-krizinin-bilinmeyen-yuzunu-anlatti\/"]}]},{"@type":"BreadcrumbList","@id":"https:\/\/denizcankizil.tr\/ru\/haberler\/gundem\/atso-baskani-hacisuleyman-yangin-yonetmeligi-krizinin-bilinmeyen-yuzunu-anlatti\/#breadcrumb","itemListElement":[{"@type":"ListItem","position":1,"name":"Home","item":"https:\/\/denizcankizil.tr\/de\/"},{"@type":"ListItem","position":2,"name":"ATSO Ba\u015fkan\u0131 Hac\u0131s\u00fcleyman, yang\u0131n y\u00f6netmeli\u011fi krizinin bilinmeyen y\u00fcz\u00fcn\u00fc anlatt\u0131"}]},{"@type":"WebSite","@id":"https:\/\/denizcankizil.tr\/#website","url":"https:\/\/denizcankizil.tr\/","name":"Av. Deniz Can K\u0131z\u0131l","description":"Avukat Deniz Can K\u0131z\u0131l Antalya Barosu","publisher":{"@id":"https:\/\/denizcankizil.tr\/#organization"},"potentialAction":[{"@type":"SearchAction","target":{"@type":"EntryPoint","urlTemplate":"https:\/\/denizcankizil.tr\/?s={search_term_string}"},"query-input":{"@type":"PropertyValueSpecification","valueRequired":true,"valueName":"search_term_string"}}],"inLanguage":"en-GB"},{"@type":"Organization","@id":"https:\/\/denizcankizil.tr\/#organization","name":"Av. Deniz Can K\u0131z\u0131l","url":"https:\/\/denizcankizil.tr\/","logo":{"@type":"ImageObject","inLanguage":"en-GB","@id":"https:\/\/denizcankizil.tr\/#\/schema\/logo\/image\/","url":"https:\/\/denizcankizil.tr\/wp-content\/uploads\/2024\/10\/siyah-logo-svg.svg","contentUrl":"https:\/\/denizcankizil.tr\/wp-content\/uploads\/2024\/10\/siyah-logo-svg.svg","width":1080,"height":1080,"caption":"Av. Deniz Can K\u0131z\u0131l"},"image":{"@id":"https:\/\/denizcankizil.tr\/#\/schema\/logo\/image\/"}},{"@type":"Person","@id":"https:\/\/denizcankizil.tr\/#\/schema\/person\/e1eb71bb4dd684d46563f0af307e1234","name":"Antalya K\u00f6rfez","image":{"@type":"ImageObject","inLanguage":"en-GB","@id":"https:\/\/denizcankizil.tr\/#\/schema\/person\/image\/","url":"https:\/\/secure.gravatar.com\/avatar\/42b01982558a48a0b501fdcab6a408d3717ea5919095ee2e67b0e521799c5905?s=96&d=mm&r=g","contentUrl":"https:\/\/secure.gravatar.com\/avatar\/42b01982558a48a0b501fdcab6a408d3717ea5919095ee2e67b0e521799c5905?s=96&d=mm&r=g","caption":"Antalya K\u00f6rfez"},"sameAs":["http:\/\/www.antalyakorfez.com"],"url":"https:\/\/www.antalyakorfez.com\/atso-baskani-hacisuleyman-yangin-yonetmeligi-krizinin-bilinmeyen-yuzunu-anlatti"}]}},"_links":{"self":[{"href":"https:\/\/denizcankizil.tr\/en\/wp-json\/wp\/v2\/posts\/79031","targetHints":{"allow":["GET"]}}],"collection":[{"href":"https:\/\/denizcankizil.tr\/en\/wp-json\/wp\/v2\/posts"}],"about":[{"href":"https:\/\/denizcankizil.tr\/en\/wp-json\/wp\/v2\/types\/post"}],"author":[{"embeddable":true,"href":"https:\/\/denizcankizil.tr\/en\/wp-json\/wp\/v2\/users\/5"}],"replies":[{"embeddable":true,"href":"https:\/\/denizcankizil.tr\/en\/wp-json\/wp\/v2\/comments?post=79031"}],"version-history":[{"count":0,"href":"https:\/\/denizcankizil.tr\/en\/wp-json\/wp\/v2\/posts\/79031\/revisions"}],"wp:attachment":[{"href":"https:\/\/denizcankizil.tr\/en\/wp-json\/wp\/v2\/media?parent=79031"}],"wp:term":[{"taxonomy":"category","embeddable":true,"href":"https:\/\/denizcankizil.tr\/en\/wp-json\/wp\/v2\/categories?post=79031"},{"taxonomy":"post_tag","embeddable":true,"href":"https:\/\/denizcankizil.tr\/en\/wp-json\/wp\/v2\/tags?post=79031"}],"curies":[{"name":"wp","href":"https:\/\/api.w.org\/{rel}","templated":true}]}}