{"id":78284,"date":"2025-05-06T22:41:22","date_gmt":"2025-05-06T19:41:22","guid":{"rendered":"https:\/\/denizcankizil.tr\/uncategorized-tr\/istanbul-emniyet-mudurlugunden-imamogluna-suikast-aciklamasi\/"},"modified":"2025-05-06T22:41:22","modified_gmt":"2025-05-06T19:41:22","slug":"istanbul-emniyet-mudurlugunden-imamogluna-suikast-aciklamasi","status":"publish","type":"post","link":"https:\/\/denizcankizil.tr\/en\/haberler\/gundem\/istanbul-emniyet-mudurlugunden-imamogluna-suikast-aciklamasi\/","title":{"rendered":"\u0130stanbul Emniyet M\u00fcd\u00fcrl\u00fc\u011f\u00fc&#8217;nden &#8216;\u0130mamo\u011flu&#8217;na suikast&#8217; a\u00e7\u0131klamas\u0131!"},"content":{"rendered":"<p>CHP Genel Ba\u015fkan\u0131 \u00d6zg\u00fcr \u00d6zel, sald\u0131r\u0131ya u\u011framas\u0131 hakk\u0131nda TBMM Grup Toplant\u0131s\u0131\u2019nda a\u00e7\u0131klama yapt\u0131. \u00d6zel, sald\u0131rgan\u0131n ocak ay\u0131nda &#8216;ko\u011fu\u015fta birlikte yatt\u0131\u011f\u0131m arkada\u015flara talimat verildi, \u0130mamo\u011flu&#8217;na suikast yap\u0131lacak&#8217; dedi\u011fini aktard\u0131. A\u00e7\u0131klaman\u0131n ard\u0131ndan \u0130stanbul \u0130l Emniyet M\u00fcd\u00fcrl\u00fc\u011f\u00fc yaz\u0131l\u0131 a\u00e7\u0131klama yapt\u0131.<\/p>\n<p>\u201c\u0130MAMO\u011eLU\u2019NA SU\u0130KAST EMR\u0130 ALDILAR, B\u0130LG\u0130N\u0130Z OLSUN\u201d<\/p>\n<p>Cumhuriyet Halk Partisi (CHP) Genel Ba\u015fkan\u0131 \u00d6zg\u00fcr \u00d6zel, partisinin TBMM Grup Toplant\u0131s\u0131&#8217;nda &#8220;I\u015f\u0131k h\u0131z\u0131yla tutuklanm\u0131\u015f. Bu soru sorulmad\u0131ysa geri \u00e7a\u011f\u0131rs\u0131nlar! Bu y\u0131l\u0131n ocak ay\u0131nda evlat katili sald\u0131rgan \u0130BB&#8217;ye gelmi\u015f, &#8216;Ko\u011fu\u015f arkada\u015flar\u0131mla irtibat\u0131m devam ediyor, talimat verildi; \u0130mamo\u011flu&#8217;na suikast d\u00fczenlenecek&#8217; demi\u015f. Bak\u0131n nas\u0131l bir ko\u011fu\u015fta yatm\u0131\u015f, bu irtibatta oldu\u011fu arkada\u015flar\u0131 kimmi\u015f? Bizimkiler polisi \u00e7a\u011fr\u0131p vermi\u015fler bunu dinleyin diye? Sara\u00e7hane&#8217;ye gelecek, kap\u0131y\u0131 \u00e7alacak, &#8216;ben iki evlad\u0131n katili, 4 y\u0131l \u00f6nce \u00e7\u0131kt\u0131m i\u00e7eriden, ko\u011fu\u015f arkada\u015flar\u0131mla irtibat\u0131m devam ediyor. \u0130mamo\u011flu&#8217;na suikast emri ald\u0131lar, bilginiz olsun&#8217; diyecek&#8221; ifadelerini kullanm\u0131\u015ft\u0131.<\/p>\n<p>KONUYA \u0130L\u0130\u015eK\u0130N \u0130NCELEME BA\u015eLATILDI <\/p>\n<p>\u0130stanbul Emniyet M\u00fcd\u00fcrl\u00fc\u011f\u00fc s\u00f6z konusu durum hakk\u0131nda bir a\u00e7\u0131klama yapt\u0131. Yap\u0131lan a\u00e7\u0131klamada &#8220;06.05.2025 tarihinde bir siyasi parti liderinin, cezaevinde bulunan belediye ba\u015fkan\u0131na suikast d\u00fczenlenece\u011fine y\u00f6nelik, Ocak ay\u0131nda ihbar yap\u0131ld\u0131\u011f\u0131na dair iddialar\u0131 ile ilgili olarak; \u0130stanbul Emniyet M\u00fcd\u00fcrl\u00fc\u011f\u00fc&#8217;nce, s\u00f6z konusu iddialar ile ilgili ge\u00e7mi\u015fe y\u00f6nelik inceleme ba\u015flat\u0131lm\u0131\u015ft\u0131r.<\/p>\n<p>Yap\u0131lan incelemede, ihbar\u0131n 2024 y\u0131l\u0131 Aral\u0131k ay\u0131nda yap\u0131ld\u0131\u011f\u0131, ihbar\u0131n de\u011ferlendirilme ve i\u015flem s\u00fcre\u00e7leri i\u00e7in Fatih \u0130l\u00e7e Emniyet M\u00fcd\u00fcrl\u00fc\u011f\u00fc G\u00fcvenlik B\u00fcro ekiplerinin g\u00f6revlendirildi\u011fi tespit edilmi\u015ftir.<\/p>\n<p>G\u00fcvenlik B\u00fcro Amirli\u011fince yap\u0131lan \u00e7al\u0131\u015fmada, ihbarc\u0131 aranarak belediye binas\u0131na \u00e7a\u011fr\u0131lm\u0131\u015f, \u00f6n incelemede \u015fahs\u0131n 2004 y\u0131l\u0131nda Kasten \u00d6ld\u00fcrme su\u00e7undan M\u00fcebbet hapis cezas\u0131 alan ve 2020 y\u0131l\u0131nda \u015fartl\u0131 tahliye ile serbest b\u0131rak\u0131lan Sel\u00e7uk TENG\u0130O\u011eLU isimli \u015fah\u0131s oldu\u011fu anla\u015f\u0131lm\u0131\u015f, \u00f6zel g\u00fcvenlik personelleri e\u015fli\u011finde \u015fah\u0131s ile yap\u0131lan g\u00f6r\u00fc\u015fmede; ad\u0131 ge\u00e7en belediye ba\u015fkan\u0131n\u0131 sevdi\u011fini, belediyeden yard\u0131mlar ald\u0131\u011f\u0131n\u0131, ba\u015fkan\u0131n DEM parti ile i\u00e7 i\u00e7e olmas\u0131ndan dolay\u0131 rahats\u0131zl\u0131k duyan milliyet\u00e7i kesimler taraf\u0131ndan kendisine zarar verebileceklerini d\u00fc\u015f\u00fcnd\u00fc\u011f\u00fcn\u00fc, cezaevinde kald\u0131\u011f\u0131 s\u00fcrede bu gibi konular\u0131n ko\u011fu\u015fta konu\u015fuldu\u011funu, tamamen kendi hislerinden dolay\u0131 bu \u015fekilde bir ihbarda bulundu\u011funu, herhangi bir bilgiye dayal\u0131 olmad\u0131\u011f\u0131n\u0131 ve yaz\u0131l\u0131 olarak ifade vermek istemedi\u011fini beyan etmi\u015ftir.<\/p>\n<p>Ayr\u0131ca belediye yetkilileri ile yap\u0131lan g\u00f6r\u00fc\u015fmede, herhangi bir yasal m\u00fcracaatlar\u0131n\u0131n olmayaca\u011f\u0131n\u0131, kendi sorumlular\u0131n\u0131n Sel\u00e7uk TENG\u0130O\u011eLU isimli \u015fah\u0131sla g\u00f6r\u00fc\u015fme yapaca\u011f\u0131n\u0131 bildirmi\u015flerdir.<\/p>\n<p>EGM S\u00f6z konusu ihbar, usul\u00fcne uygun \u015fekilde de\u011ferlendirilmi\u015f, ihbar\u0131n somut delilere dayanmad\u0131\u011f\u0131, yaln\u0131zca ki\u015fisel kanaatlere dayal\u0131 bir bildirim oldu\u011fu, bahse konu durumun 5 y\u0131l \u00f6nceki hapiste kald\u0131\u011f\u0131 d\u00f6nemle ilgili oldu\u011fu anla\u015f\u0131lm\u0131\u015f, ilgili s\u00fcre\u00e7 tamamen yasal mevzuat \u00e7er\u00e7evesinde ihbar\u0131n i\u00e7eri\u011fiyle s\u0131n\u0131rl\u0131 kalmak kayd\u0131yla sonu\u00e7land\u0131r\u0131lm\u0131\u015ft\u0131r. Kamuoyunun bilgisine sunulur&#8221; ifadeleri kullan\u0131ld\u0131.<\/p>\n<p>\u200bCHP Genel Ba\u015fkan\u0131 \u00d6zg\u00fcr \u00d6zel, S\u0131rr\u0131 S\u00fcreyya \u00d6nder\u2019e veda program\u0131 \u00e7\u0131k\u0131\u015f\u0131 Sel\u00e7uk Tengio\u011flu\u2019nun sald\u0131r\u0131s\u0131na u\u011fram\u0131\u015ft\u0131. \u00d6zel, TBMM\u2019de partisinin grup toplant\u0131s\u0131nda, sald\u0131rgan Tengio\u011flu\u2019nun daha \u00f6nce de \u0130BB binas\u0131na giderek, \u201cKo\u011fu\u015f arkada\u015flar\u0131mla irtibat\u0131m devam ediyor, talimat verildi; \u0130mamo\u011flu&#8217;na suikast d\u00fczenlenecek\u201d s\u00f6zlerini g\u00fcndeme ta\u015f\u0131m\u0131\u015ft\u0131. \u0130ddialara ili\u015fkin \u0130stanbul \u0130l Emniyet M\u00fcd\u00fcrl\u00fc\u011f\u00fc a\u00e7\u0131klama yapt\u0131.\u00a0<\/p>\n<p>\u200bHaberin Al\u0131nt\u0131land\u0131\u011f\u0131 Kaynak: www.antalyakorfez.com<\/p>","protected":false},"excerpt":{"rendered":"<p>CHP Genel Ba\u015fkan\u0131 \u00d6zg\u00fcr \u00d6zel, sald\u0131r\u0131ya u\u011framas\u0131 hakk\u0131nda TBMM Grup Toplant\u0131s\u0131\u2019nda a\u00e7\u0131klama yapt\u0131. \u00d6zel, sald\u0131rgan\u0131n ocak ay\u0131nda &#8216;ko\u011fu\u015fta birlikte yatt\u0131\u011f\u0131m arkada\u015flara talimat verildi, \u0130mamo\u011flu&#8217;na suikast yap\u0131lacak&#8217; dedi\u011fini aktard\u0131. A\u00e7\u0131klaman\u0131n ard\u0131ndan \u0130stanbul \u0130l Emniyet M\u00fcd\u00fcrl\u00fc\u011f\u00fc yaz\u0131l\u0131 a\u00e7\u0131klama yapt\u0131. \u201c\u0130MAMO\u011eLU\u2019NA SU\u0130KAST EMR\u0130 ALDILAR, B\u0130LG\u0130N\u0130Z OLSUN\u201d Cumhuriyet Halk Partisi (CHP) Genel Ba\u015fkan\u0131 \u00d6zg\u00fcr \u00d6zel, partisinin TBMM Grup Toplant\u0131s\u0131&#8217;nda &#8220;I\u015f\u0131k h\u0131z\u0131yla tutuklanm\u0131\u015f. Bu soru sorulmad\u0131ysa geri \u00e7a\u011f\u0131rs\u0131nlar! Bu y\u0131l\u0131n ocak ay\u0131nda evlat katili sald\u0131rgan \u0130BB&#8217;ye gelmi\u015f, &#8216;Ko\u011fu\u015f arkada\u015flar\u0131mla irtibat\u0131m devam ediyor, talimat verildi; \u0130mamo\u011flu&#8217;na suikast d\u00fczenlenecek&#8217; demi\u015f. Bak\u0131n nas\u0131l bir ko\u011fu\u015fta yatm\u0131\u015f, bu irtibatta oldu\u011fu arkada\u015flar\u0131 kimmi\u015f? Bizimkiler polisi \u00e7a\u011fr\u0131p vermi\u015fler bunu dinleyin diye? Sara\u00e7hane&#8217;ye gelecek, kap\u0131y\u0131 \u00e7alacak, &#8216;ben iki evlad\u0131n katili, 4 y\u0131l \u00f6nce \u00e7\u0131kt\u0131m i\u00e7eriden, ko\u011fu\u015f arkada\u015flar\u0131mla irtibat\u0131m devam ediyor. \u0130mamo\u011flu&#8217;na suikast emri ald\u0131lar, bilginiz olsun&#8217; diyecek&#8221; ifadelerini kullanm\u0131\u015ft\u0131. KONUYA \u0130L\u0130\u015eK\u0130N \u0130NCELEME BA\u015eLATILDI \u0130stanbul Emniyet M\u00fcd\u00fcrl\u00fc\u011f\u00fc s\u00f6z konusu durum hakk\u0131nda bir a\u00e7\u0131klama yapt\u0131. Yap\u0131lan a\u00e7\u0131klamada &#8220;06.05.2025 tarihinde bir siyasi parti liderinin, cezaevinde bulunan belediye ba\u015fkan\u0131na suikast d\u00fczenlenece\u011fine y\u00f6nelik, Ocak ay\u0131nda ihbar yap\u0131ld\u0131\u011f\u0131na dair iddialar\u0131 ile ilgili olarak; \u0130stanbul Emniyet M\u00fcd\u00fcrl\u00fc\u011f\u00fc&#8217;nce, s\u00f6z konusu iddialar ile ilgili ge\u00e7mi\u015fe y\u00f6nelik inceleme ba\u015flat\u0131lm\u0131\u015ft\u0131r. Yap\u0131lan incelemede, ihbar\u0131n 2024 y\u0131l\u0131 Aral\u0131k ay\u0131nda yap\u0131ld\u0131\u011f\u0131, ihbar\u0131n de\u011ferlendirilme ve i\u015flem s\u00fcre\u00e7leri i\u00e7in Fatih \u0130l\u00e7e Emniyet M\u00fcd\u00fcrl\u00fc\u011f\u00fc G\u00fcvenlik B\u00fcro ekiplerinin g\u00f6revlendirildi\u011fi tespit &hellip;<\/p>","protected":false},"author":5,"featured_media":0,"comment_status":"","ping_status":"open","sticky":false,"template":"","format":"standard","meta":{"_acf_changed":false,"footnotes":""},"categories":[24],"tags":[],"class_list":["post-78284","post","type-post","status-publish","format-standard","has-post-thumbnail","hentry","category-gundem"],"acf":[],"yoast_head":"<!-- This site is optimized with the Yoast SEO Premium plugin v26.6 (Yoast SEO v27.1.1) - https:\/\/yoast.com\/product\/yoast-seo-premium-wordpress\/ -->\n<title>\u0130stanbul Emniyet M\u00fcd\u00fcrl\u00fc\u011f\u00fc&#039;nden &#039;\u0130mamo\u011flu&#039;na suikast&#039; a\u00e7\u0131klamas\u0131! - Av. Deniz Can K\u0131z\u0131l<\/title>\n<meta name=\"robots\" content=\"index, follow, max-snippet:-1, max-image-preview:large, max-video-preview:-1\" \/>\n<link rel=\"canonical\" href=\"https:\/\/denizcankizil.tr\/en\/haberler\/gundem\/istanbul-emniyet-mudurlugunden-imamogluna-suikast-aciklamasi\/\" \/>\n<meta property=\"og:locale\" content=\"en_GB\" \/>\n<meta property=\"og:type\" content=\"article\" \/>\n<meta property=\"og:title\" content=\"\u0130stanbul Emniyet M\u00fcd\u00fcrl\u00fc\u011f\u00fc&#039;nden &#039;\u0130mamo\u011flu&#039;na suikast&#039; a\u00e7\u0131klamas\u0131!\" \/>\n<meta property=\"og:description\" content=\"CHP Genel Ba\u015fkan\u0131 \u00d6zg\u00fcr \u00d6zel, sald\u0131r\u0131ya u\u011framas\u0131 hakk\u0131nda TBMM Grup Toplant\u0131s\u0131\u2019nda a\u00e7\u0131klama yapt\u0131. \u00d6zel, sald\u0131rgan\u0131n ocak ay\u0131nda &#8216;ko\u011fu\u015fta birlikte yatt\u0131\u011f\u0131m arkada\u015flara talimat verildi, \u0130mamo\u011flu&#8217;na suikast yap\u0131lacak&#8217; dedi\u011fini aktard\u0131. A\u00e7\u0131klaman\u0131n ard\u0131ndan \u0130stanbul \u0130l Emniyet M\u00fcd\u00fcrl\u00fc\u011f\u00fc yaz\u0131l\u0131 a\u00e7\u0131klama yapt\u0131. \u201c\u0130MAMO\u011eLU\u2019NA SU\u0130KAST EMR\u0130 ALDILAR, B\u0130LG\u0130N\u0130Z OLSUN\u201d Cumhuriyet Halk Partisi (CHP) Genel Ba\u015fkan\u0131 \u00d6zg\u00fcr \u00d6zel, partisinin TBMM Grup Toplant\u0131s\u0131&#8217;nda &#8220;I\u015f\u0131k h\u0131z\u0131yla tutuklanm\u0131\u015f. Bu soru sorulmad\u0131ysa geri \u00e7a\u011f\u0131rs\u0131nlar! Bu y\u0131l\u0131n ocak ay\u0131nda evlat katili sald\u0131rgan \u0130BB&#8217;ye gelmi\u015f, &#8216;Ko\u011fu\u015f arkada\u015flar\u0131mla irtibat\u0131m devam ediyor, talimat verildi; \u0130mamo\u011flu&#8217;na suikast d\u00fczenlenecek&#8217; demi\u015f. Bak\u0131n nas\u0131l bir ko\u011fu\u015fta yatm\u0131\u015f, bu irtibatta oldu\u011fu arkada\u015flar\u0131 kimmi\u015f? Bizimkiler polisi \u00e7a\u011fr\u0131p vermi\u015fler bunu dinleyin diye? Sara\u00e7hane&#8217;ye gelecek, kap\u0131y\u0131 \u00e7alacak, &#8216;ben iki evlad\u0131n katili, 4 y\u0131l \u00f6nce \u00e7\u0131kt\u0131m i\u00e7eriden, ko\u011fu\u015f arkada\u015flar\u0131mla irtibat\u0131m devam ediyor. \u0130mamo\u011flu&#8217;na suikast emri ald\u0131lar, bilginiz olsun&#8217; diyecek&#8221; ifadelerini kullanm\u0131\u015ft\u0131. KONUYA \u0130L\u0130\u015eK\u0130N \u0130NCELEME BA\u015eLATILDI \u0130stanbul Emniyet M\u00fcd\u00fcrl\u00fc\u011f\u00fc s\u00f6z konusu durum hakk\u0131nda bir a\u00e7\u0131klama yapt\u0131. Yap\u0131lan a\u00e7\u0131klamada &#8220;06.05.2025 tarihinde bir siyasi parti liderinin, cezaevinde bulunan belediye ba\u015fkan\u0131na suikast d\u00fczenlenece\u011fine y\u00f6nelik, Ocak ay\u0131nda ihbar yap\u0131ld\u0131\u011f\u0131na dair iddialar\u0131 ile ilgili olarak; \u0130stanbul Emniyet M\u00fcd\u00fcrl\u00fc\u011f\u00fc&#8217;nce, s\u00f6z konusu iddialar ile ilgili ge\u00e7mi\u015fe y\u00f6nelik inceleme ba\u015flat\u0131lm\u0131\u015ft\u0131r. Yap\u0131lan incelemede, ihbar\u0131n 2024 y\u0131l\u0131 Aral\u0131k ay\u0131nda yap\u0131ld\u0131\u011f\u0131, ihbar\u0131n de\u011ferlendirilme ve i\u015flem s\u00fcre\u00e7leri i\u00e7in Fatih \u0130l\u00e7e Emniyet M\u00fcd\u00fcrl\u00fc\u011f\u00fc G\u00fcvenlik B\u00fcro ekiplerinin g\u00f6revlendirildi\u011fi tespit &hellip;\" \/>\n<meta property=\"og:url\" content=\"https:\/\/denizcankizil.tr\/en\/haberler\/gundem\/istanbul-emniyet-mudurlugunden-imamogluna-suikast-aciklamasi\/\" \/>\n<meta property=\"og:site_name\" content=\"Av. Deniz Can K\u0131z\u0131l\" \/>\n<meta property=\"article:published_time\" content=\"2025-05-06T19:41:22+00:00\" \/>\n<meta name=\"author\" content=\"Antalya K\u00f6rfez\" \/>\n<meta name=\"twitter:card\" content=\"summary_large_image\" \/>\n<meta name=\"twitter:label1\" content=\"Written by\" \/>\n\t<meta name=\"twitter:data1\" content=\"Antalya K\u00f6rfez\" \/>\n\t<meta name=\"twitter:label2\" content=\"Estimated reading time\" \/>\n\t<meta name=\"twitter:data2\" content=\"3 minutes\" \/>\n<script type=\"application\/ld+json\" class=\"yoast-schema-graph\">{\"@context\":\"https:\/\/schema.org\",\"@graph\":[{\"@type\":\"Article\",\"@id\":\"https:\/\/denizcankizil.tr\/ru\/haberler\/gundem\/istanbul-emniyet-mudurlugunden-imamogluna-suikast-aciklamasi\/#article\",\"isPartOf\":{\"@id\":\"https:\/\/denizcankizil.tr\/ru\/haberler\/gundem\/istanbul-emniyet-mudurlugunden-imamogluna-suikast-aciklamasi\/\"},\"author\":{\"name\":\"Antalya K\u00f6rfez\",\"@id\":\"https:\/\/denizcankizil.tr\/de\/#\/schema\/person\/e1eb71bb4dd684d46563f0af307e1234\"},\"headline\":\"\u0130stanbul Emniyet M\u00fcd\u00fcrl\u00fc\u011f\u00fc&#8217;nden &#8216;\u0130mamo\u011flu&#8217;na suikast&#8217; a\u00e7\u0131klamas\u0131!\",\"datePublished\":\"2025-05-06T19:41:22+00:00\",\"mainEntityOfPage\":{\"@id\":\"https:\/\/denizcankizil.tr\/ru\/haberler\/gundem\/istanbul-emniyet-mudurlugunden-imamogluna-suikast-aciklamasi\/\"},\"wordCount\":695,\"publisher\":{\"@id\":\"https:\/\/denizcankizil.tr\/de\/#organization\"},\"articleSection\":[\"G\u00fcndem\"],\"inLanguage\":\"en-GB\"},{\"@type\":\"WebPage\",\"@id\":\"https:\/\/denizcankizil.tr\/ru\/haberler\/gundem\/istanbul-emniyet-mudurlugunden-imamogluna-suikast-aciklamasi\/\",\"url\":\"https:\/\/denizcankizil.tr\/ru\/haberler\/gundem\/istanbul-emniyet-mudurlugunden-imamogluna-suikast-aciklamasi\/\",\"name\":\"\u0130stanbul Emniyet M\u00fcd\u00fcrl\u00fc\u011f\u00fc'nden '\u0130mamo\u011flu'na suikast' a\u00e7\u0131klamas\u0131! - Av. Deniz Can K\u0131z\u0131l\",\"isPartOf\":{\"@id\":\"https:\/\/denizcankizil.tr\/de\/#website\"},\"datePublished\":\"2025-05-06T19:41:22+00:00\",\"breadcrumb\":{\"@id\":\"https:\/\/denizcankizil.tr\/ru\/haberler\/gundem\/istanbul-emniyet-mudurlugunden-imamogluna-suikast-aciklamasi\/#breadcrumb\"},\"inLanguage\":\"en-GB\",\"potentialAction\":[{\"@type\":\"ReadAction\",\"target\":[\"https:\/\/denizcankizil.tr\/ru\/haberler\/gundem\/istanbul-emniyet-mudurlugunden-imamogluna-suikast-aciklamasi\/\"]}]},{\"@type\":\"BreadcrumbList\",\"@id\":\"https:\/\/denizcankizil.tr\/ru\/haberler\/gundem\/istanbul-emniyet-mudurlugunden-imamogluna-suikast-aciklamasi\/#breadcrumb\",\"itemListElement\":[{\"@type\":\"ListItem\",\"position\":1,\"name\":\"Home\",\"item\":\"https:\/\/denizcankizil.tr\/de\/\"},{\"@type\":\"ListItem\",\"position\":2,\"name\":\"\u0130stanbul Emniyet M\u00fcd\u00fcrl\u00fc\u011f\u00fc&#8217;nden &#8216;\u0130mamo\u011flu&#8217;na suikast&#8217; a\u00e7\u0131klamas\u0131!\"}]},{\"@type\":\"WebSite\",\"@id\":\"https:\/\/denizcankizil.tr\/de\/#website\",\"url\":\"https:\/\/denizcankizil.tr\/de\/\",\"name\":\"Av. Deniz Can K\u0131z\u0131l\",\"description\":\"Avukat Deniz Can K\u0131z\u0131l Antalya Barosu\",\"publisher\":{\"@id\":\"https:\/\/denizcankizil.tr\/de\/#organization\"},\"potentialAction\":[{\"@type\":\"SearchAction\",\"target\":{\"@type\":\"EntryPoint\",\"urlTemplate\":\"https:\/\/denizcankizil.tr\/de\/?s={search_term_string}\"},\"query-input\":{\"@type\":\"PropertyValueSpecification\",\"valueRequired\":true,\"valueName\":\"search_term_string\"}}],\"inLanguage\":\"en-GB\"},{\"@type\":\"Organization\",\"@id\":\"https:\/\/denizcankizil.tr\/de\/#organization\",\"name\":\"Av. Deniz Can K\u0131z\u0131l\",\"url\":\"https:\/\/denizcankizil.tr\/de\/\",\"logo\":{\"@type\":\"ImageObject\",\"inLanguage\":\"en-GB\",\"@id\":\"https:\/\/denizcankizil.tr\/de\/#\/schema\/logo\/image\/\",\"url\":\"https:\/\/denizcankizil.tr\/wp-content\/uploads\/2024\/10\/siyah-logo-svg.svg\",\"contentUrl\":\"https:\/\/denizcankizil.tr\/wp-content\/uploads\/2024\/10\/siyah-logo-svg.svg\",\"width\":1080,\"height\":1080,\"caption\":\"Av. Deniz Can K\u0131z\u0131l\"},\"image\":{\"@id\":\"https:\/\/denizcankizil.tr\/de\/#\/schema\/logo\/image\/\"}},{\"@type\":\"Person\",\"@id\":\"https:\/\/denizcankizil.tr\/de\/#\/schema\/person\/e1eb71bb4dd684d46563f0af307e1234\",\"name\":\"Antalya K\u00f6rfez\",\"image\":{\"@type\":\"ImageObject\",\"inLanguage\":\"en-GB\",\"@id\":\"https:\/\/denizcankizil.tr\/de\/#\/schema\/person\/image\/\",\"url\":\"https:\/\/secure.gravatar.com\/avatar\/42b01982558a48a0b501fdcab6a408d3717ea5919095ee2e67b0e521799c5905?s=96&d=mm&r=g\",\"contentUrl\":\"https:\/\/secure.gravatar.com\/avatar\/42b01982558a48a0b501fdcab6a408d3717ea5919095ee2e67b0e521799c5905?s=96&d=mm&r=g\",\"caption\":\"Antalya K\u00f6rfez\"},\"sameAs\":[\"http:\/\/www.antalyakorfez.com\"],\"url\":\"https:\/\/www.antalyakorfez.com\/istanbul-emniyet-mudurlugunden-imamogluna-suikast-aciklamasi\"}]}<\/script>\n<!-- \/ Yoast SEO Premium plugin. -->","yoast_head_json":{"title":"\u0130stanbul Emniyet M\u00fcd\u00fcrl\u00fc\u011f\u00fc'nden '\u0130mamo\u011flu'na suikast' a\u00e7\u0131klamas\u0131! - Av. Deniz Can K\u0131z\u0131l","robots":{"index":"index","follow":"follow","max-snippet":"max-snippet:-1","max-image-preview":"max-image-preview:large","max-video-preview":"max-video-preview:-1"},"canonical":"https:\/\/denizcankizil.tr\/en\/haberler\/gundem\/istanbul-emniyet-mudurlugunden-imamogluna-suikast-aciklamasi\/","og_locale":"en_GB","og_type":"article","og_title":"\u0130stanbul Emniyet M\u00fcd\u00fcrl\u00fc\u011f\u00fc'nden '\u0130mamo\u011flu'na suikast' a\u00e7\u0131klamas\u0131!","og_description":"CHP Genel Ba\u015fkan\u0131 \u00d6zg\u00fcr \u00d6zel, sald\u0131r\u0131ya u\u011framas\u0131 hakk\u0131nda TBMM Grup Toplant\u0131s\u0131\u2019nda a\u00e7\u0131klama yapt\u0131. \u00d6zel, sald\u0131rgan\u0131n ocak ay\u0131nda &#8216;ko\u011fu\u015fta birlikte yatt\u0131\u011f\u0131m arkada\u015flara talimat verildi, \u0130mamo\u011flu&#8217;na suikast yap\u0131lacak&#8217; dedi\u011fini aktard\u0131. A\u00e7\u0131klaman\u0131n ard\u0131ndan \u0130stanbul \u0130l Emniyet M\u00fcd\u00fcrl\u00fc\u011f\u00fc yaz\u0131l\u0131 a\u00e7\u0131klama yapt\u0131. \u201c\u0130MAMO\u011eLU\u2019NA SU\u0130KAST EMR\u0130 ALDILAR, B\u0130LG\u0130N\u0130Z OLSUN\u201d Cumhuriyet Halk Partisi (CHP) Genel Ba\u015fkan\u0131 \u00d6zg\u00fcr \u00d6zel, partisinin TBMM Grup Toplant\u0131s\u0131&#8217;nda &#8220;I\u015f\u0131k h\u0131z\u0131yla tutuklanm\u0131\u015f. Bu soru sorulmad\u0131ysa geri \u00e7a\u011f\u0131rs\u0131nlar! Bu y\u0131l\u0131n ocak ay\u0131nda evlat katili sald\u0131rgan \u0130BB&#8217;ye gelmi\u015f, &#8216;Ko\u011fu\u015f arkada\u015flar\u0131mla irtibat\u0131m devam ediyor, talimat verildi; \u0130mamo\u011flu&#8217;na suikast d\u00fczenlenecek&#8217; demi\u015f. Bak\u0131n nas\u0131l bir ko\u011fu\u015fta yatm\u0131\u015f, bu irtibatta oldu\u011fu arkada\u015flar\u0131 kimmi\u015f? Bizimkiler polisi \u00e7a\u011fr\u0131p vermi\u015fler bunu dinleyin diye? Sara\u00e7hane&#8217;ye gelecek, kap\u0131y\u0131 \u00e7alacak, &#8216;ben iki evlad\u0131n katili, 4 y\u0131l \u00f6nce \u00e7\u0131kt\u0131m i\u00e7eriden, ko\u011fu\u015f arkada\u015flar\u0131mla irtibat\u0131m devam ediyor. \u0130mamo\u011flu&#8217;na suikast emri ald\u0131lar, bilginiz olsun&#8217; diyecek&#8221; ifadelerini kullanm\u0131\u015ft\u0131. KONUYA \u0130L\u0130\u015eK\u0130N \u0130NCELEME BA\u015eLATILDI \u0130stanbul Emniyet M\u00fcd\u00fcrl\u00fc\u011f\u00fc s\u00f6z konusu durum hakk\u0131nda bir a\u00e7\u0131klama yapt\u0131. Yap\u0131lan a\u00e7\u0131klamada &#8220;06.05.2025 tarihinde bir siyasi parti liderinin, cezaevinde bulunan belediye ba\u015fkan\u0131na suikast d\u00fczenlenece\u011fine y\u00f6nelik, Ocak ay\u0131nda ihbar yap\u0131ld\u0131\u011f\u0131na dair iddialar\u0131 ile ilgili olarak; \u0130stanbul Emniyet M\u00fcd\u00fcrl\u00fc\u011f\u00fc&#8217;nce, s\u00f6z konusu iddialar ile ilgili ge\u00e7mi\u015fe y\u00f6nelik inceleme ba\u015flat\u0131lm\u0131\u015ft\u0131r. Yap\u0131lan incelemede, ihbar\u0131n 2024 y\u0131l\u0131 Aral\u0131k ay\u0131nda yap\u0131ld\u0131\u011f\u0131, ihbar\u0131n de\u011ferlendirilme ve i\u015flem s\u00fcre\u00e7leri i\u00e7in Fatih \u0130l\u00e7e Emniyet M\u00fcd\u00fcrl\u00fc\u011f\u00fc G\u00fcvenlik B\u00fcro ekiplerinin g\u00f6revlendirildi\u011fi tespit &hellip;","og_url":"https:\/\/denizcankizil.tr\/en\/haberler\/gundem\/istanbul-emniyet-mudurlugunden-imamogluna-suikast-aciklamasi\/","og_site_name":"Av. Deniz Can K\u0131z\u0131l","article_published_time":"2025-05-06T19:41:22+00:00","author":"Antalya K\u00f6rfez","twitter_card":"summary_large_image","twitter_misc":{"Written by":"Antalya K\u00f6rfez","Estimated reading time":"3 minutes"},"schema":{"@context":"https:\/\/schema.org","@graph":[{"@type":"Article","@id":"https:\/\/denizcankizil.tr\/ru\/haberler\/gundem\/istanbul-emniyet-mudurlugunden-imamogluna-suikast-aciklamasi\/#article","isPartOf":{"@id":"https:\/\/denizcankizil.tr\/ru\/haberler\/gundem\/istanbul-emniyet-mudurlugunden-imamogluna-suikast-aciklamasi\/"},"author":{"name":"Antalya K\u00f6rfez","@id":"https:\/\/denizcankizil.tr\/de\/#\/schema\/person\/e1eb71bb4dd684d46563f0af307e1234"},"headline":"\u0130stanbul Emniyet M\u00fcd\u00fcrl\u00fc\u011f\u00fc&#8217;nden &#8216;\u0130mamo\u011flu&#8217;na suikast&#8217; a\u00e7\u0131klamas\u0131!","datePublished":"2025-05-06T19:41:22+00:00","mainEntityOfPage":{"@id":"https:\/\/denizcankizil.tr\/ru\/haberler\/gundem\/istanbul-emniyet-mudurlugunden-imamogluna-suikast-aciklamasi\/"},"wordCount":695,"publisher":{"@id":"https:\/\/denizcankizil.tr\/de\/#organization"},"articleSection":["G\u00fcndem"],"inLanguage":"en-GB"},{"@type":"WebPage","@id":"https:\/\/denizcankizil.tr\/ru\/haberler\/gundem\/istanbul-emniyet-mudurlugunden-imamogluna-suikast-aciklamasi\/","url":"https:\/\/denizcankizil.tr\/ru\/haberler\/gundem\/istanbul-emniyet-mudurlugunden-imamogluna-suikast-aciklamasi\/","name":"\u0130stanbul Emniyet M\u00fcd\u00fcrl\u00fc\u011f\u00fc'nden '\u0130mamo\u011flu'na suikast' a\u00e7\u0131klamas\u0131! - Av. Deniz Can K\u0131z\u0131l","isPartOf":{"@id":"https:\/\/denizcankizil.tr\/de\/#website"},"datePublished":"2025-05-06T19:41:22+00:00","breadcrumb":{"@id":"https:\/\/denizcankizil.tr\/ru\/haberler\/gundem\/istanbul-emniyet-mudurlugunden-imamogluna-suikast-aciklamasi\/#breadcrumb"},"inLanguage":"en-GB","potentialAction":[{"@type":"ReadAction","target":["https:\/\/denizcankizil.tr\/ru\/haberler\/gundem\/istanbul-emniyet-mudurlugunden-imamogluna-suikast-aciklamasi\/"]}]},{"@type":"BreadcrumbList","@id":"https:\/\/denizcankizil.tr\/ru\/haberler\/gundem\/istanbul-emniyet-mudurlugunden-imamogluna-suikast-aciklamasi\/#breadcrumb","itemListElement":[{"@type":"ListItem","position":1,"name":"Home","item":"https:\/\/denizcankizil.tr\/de\/"},{"@type":"ListItem","position":2,"name":"\u0130stanbul Emniyet M\u00fcd\u00fcrl\u00fc\u011f\u00fc&#8217;nden &#8216;\u0130mamo\u011flu&#8217;na suikast&#8217; a\u00e7\u0131klamas\u0131!"}]},{"@type":"WebSite","@id":"https:\/\/denizcankizil.tr\/de\/#website","url":"https:\/\/denizcankizil.tr\/de\/","name":"Av. Deniz Can K\u0131z\u0131l","description":"Avukat Deniz Can K\u0131z\u0131l Antalya Barosu","publisher":{"@id":"https:\/\/denizcankizil.tr\/de\/#organization"},"potentialAction":[{"@type":"SearchAction","target":{"@type":"EntryPoint","urlTemplate":"https:\/\/denizcankizil.tr\/de\/?s={search_term_string}"},"query-input":{"@type":"PropertyValueSpecification","valueRequired":true,"valueName":"search_term_string"}}],"inLanguage":"en-GB"},{"@type":"Organization","@id":"https:\/\/denizcankizil.tr\/de\/#organization","name":"Av. Deniz Can K\u0131z\u0131l","url":"https:\/\/denizcankizil.tr\/de\/","logo":{"@type":"ImageObject","inLanguage":"en-GB","@id":"https:\/\/denizcankizil.tr\/de\/#\/schema\/logo\/image\/","url":"https:\/\/denizcankizil.tr\/wp-content\/uploads\/2024\/10\/siyah-logo-svg.svg","contentUrl":"https:\/\/denizcankizil.tr\/wp-content\/uploads\/2024\/10\/siyah-logo-svg.svg","width":1080,"height":1080,"caption":"Av. Deniz Can K\u0131z\u0131l"},"image":{"@id":"https:\/\/denizcankizil.tr\/de\/#\/schema\/logo\/image\/"}},{"@type":"Person","@id":"https:\/\/denizcankizil.tr\/de\/#\/schema\/person\/e1eb71bb4dd684d46563f0af307e1234","name":"Antalya K\u00f6rfez","image":{"@type":"ImageObject","inLanguage":"en-GB","@id":"https:\/\/denizcankizil.tr\/de\/#\/schema\/person\/image\/","url":"https:\/\/secure.gravatar.com\/avatar\/42b01982558a48a0b501fdcab6a408d3717ea5919095ee2e67b0e521799c5905?s=96&d=mm&r=g","contentUrl":"https:\/\/secure.gravatar.com\/avatar\/42b01982558a48a0b501fdcab6a408d3717ea5919095ee2e67b0e521799c5905?s=96&d=mm&r=g","caption":"Antalya K\u00f6rfez"},"sameAs":["http:\/\/www.antalyakorfez.com"],"url":"https:\/\/www.antalyakorfez.com\/istanbul-emniyet-mudurlugunden-imamogluna-suikast-aciklamasi"}]}},"_links":{"self":[{"href":"https:\/\/denizcankizil.tr\/en\/wp-json\/wp\/v2\/posts\/78284","targetHints":{"allow":["GET"]}}],"collection":[{"href":"https:\/\/denizcankizil.tr\/en\/wp-json\/wp\/v2\/posts"}],"about":[{"href":"https:\/\/denizcankizil.tr\/en\/wp-json\/wp\/v2\/types\/post"}],"author":[{"embeddable":true,"href":"https:\/\/denizcankizil.tr\/en\/wp-json\/wp\/v2\/users\/5"}],"replies":[{"embeddable":true,"href":"https:\/\/denizcankizil.tr\/en\/wp-json\/wp\/v2\/comments?post=78284"}],"version-history":[{"count":0,"href":"https:\/\/denizcankizil.tr\/en\/wp-json\/wp\/v2\/posts\/78284\/revisions"}],"wp:attachment":[{"href":"https:\/\/denizcankizil.tr\/en\/wp-json\/wp\/v2\/media?parent=78284"}],"wp:term":[{"taxonomy":"category","embeddable":true,"href":"https:\/\/denizcankizil.tr\/en\/wp-json\/wp\/v2\/categories?post=78284"},{"taxonomy":"post_tag","embeddable":true,"href":"https:\/\/denizcankizil.tr\/en\/wp-json\/wp\/v2\/tags?post=78284"}],"curies":[{"name":"wp","href":"https:\/\/api.w.org\/{rel}","templated":true}]}}