{"id":78040,"date":"2025-05-06T15:42:58","date_gmt":"2025-05-06T12:42:58","guid":{"rendered":"https:\/\/denizcankizil.tr\/uncategorized-tr\/cumhurbaskani-erdogandan-atoya-ziyaret\/"},"modified":"2025-05-06T15:42:58","modified_gmt":"2025-05-06T12:42:58","slug":"cumhurbaskani-erdogandan-atoya-ziyaret","status":"publish","type":"post","link":"https:\/\/denizcankizil.tr\/en\/haberler\/gundem\/cumhurbaskani-erdogandan-atoya-ziyaret\/","title":{"rendered":"Cumhurba\u015fkan\u0131 Erdo\u011fan\u2019dan ATO\u2019ya ziyaret"},"content":{"rendered":"<p>Ankara Ticaret Odas\u0131 (ATO) Ba\u015fkan\u0131 G\u00fcrsel Baran, sosyal medya hesab\u0131ndan yapt\u0131\u011f\u0131 payla\u015f\u0131mda, Cumhurba\u015fkan\u0131 Erdo\u011fan&#8217;\u0131 a\u011f\u0131rlamaktan b\u00fcy\u00fck bir onur ve memnuniyet duydu\u011funu belirtti.ANKARA (\u0130GFA) &#8211; Cumhurba\u015fkan\u0131 Recep Tayyip Erdo\u011fan, Ankara Ticaret Odas\u0131 (ATO)\u2019n\u0131 ziyaret etti.<br \/>\n&#8220;Say\u0131n Cumhurba\u015fkan\u0131m\u0131z\u0131n yo\u011fun programlar\u0131na ra\u011fmen Odam\u0131za te\u015frif ederek bizlere zaman ay\u0131rmalar\u0131, i\u015f d\u00fcnyam\u0131za verdikleri k\u0131ymetin en somut g\u00f6stergesidir.&#8221; ifadesine yer veren ATO Ba\u015fkan\u0131 G\u00fcrsel Baran, ziyaret dolay\u0131s\u0131yla Cumhurba\u015fkan\u0131 Erdo\u011fan&#8217;a ATO&#8217;nun y\u00fcr\u00fctt\u00fc\u011f\u00fc \u00e7al\u0131\u015fmalar hakk\u0131nda bilgi sunduklar\u0131n\u0131 \u00fcyelerin beklentilerini do\u011frudan aktarma f\u0131rsat\u0131 bulduklar\u0131n\u0131 vurgulad\u0131.<br \/>\nBa\u015fkan Baran, &#8220;\u00d6zellikle Ankara&#8217;dan yurt d\u0131\u015f\u0131na direkt u\u00e7u\u015flar\u0131n art\u0131r\u0131lmas\u0131, ba\u015fkentimize modern bir fuar alan\u0131 kazand\u0131r\u0131lmas\u0131 gibi stratejik \u00f6neme sahip ba\u015fl\u0131klar\u0131 Say\u0131n Cumhurba\u015fkan\u0131m\u0131za arz ettik. Nazik ziyaretleriyle bizleri onurland\u0131ran Say\u0131n Cumhurba\u015fkan\u0131m\u0131za \u015f\u00fckranlar\u0131m\u0131z\u0131 arz ediyoruz. Say\u0131n Cumhurba\u015fkan\u0131m\u0131z\u0131n liderli\u011finde ortaya konulan T\u00fcrkiye Y\u00fczy\u0131l\u0131 hedeflerine y\u00fcrekten inan\u0131yor, bu vizyon do\u011frultusunda \u00fcretmeye, istihdam sa\u011flamaya, ihracat\u0131m\u0131z\u0131 art\u0131rmaya ve \u00fclkemizin kalk\u0131nmas\u0131na katk\u0131 sunmaya ayn\u0131 azim ve kararl\u0131l\u0131kla devam edece\u011fimizi \u00f6zellikle vurgulamak istiyoruz.&#8221; ifadelerini kulland\u0131.<\/p>\n<p>ATO&#8217;dan yap\u0131lan a\u00e7\u0131klamaya g\u00f6re, Cumhurba\u015fkan\u0131 Erdo\u011fan&#8217;a ziyaretinde, Cumhurba\u015fkan\u0131 Yard\u0131mc\u0131s\u0131 Cevdet Y\u0131lmaz, Ticaret Bakan\u0131 \u00d6mer Bolat, Sanayi ve Teknoloji Bakan\u0131 Mehmet Fatih Kac\u0131r, Sa\u011fl\u0131k Bakan\u0131 Kemal Memi\u015fo\u011flu, Gen\u00e7lik ve Spor Bakan\u0131 Osman A\u015fk\u0131n Bak, Cumhurba\u015fkanl\u0131\u011f\u0131 \u00d6zel Kalem M\u00fcd\u00fcr\u00fc, B\u00fcy\u00fckel\u00e7i Hasan Do\u011fan, AK Parti Ankara Milletvekili L\u00fctfiye Selva \u00c7am, AK Parti D\u00fczce Milletvekili Ay\u015fe Ke\u015fir, Ankara Valisi Vasip \u015eahin ve AK Parti Ankara \u0130l Ba\u015fkan\u0131 Hakan Han \u00d6zcan e\u015flik etti.<\/p>\n<p>\u200bAnkara Ticaret Odas\u0131 (ATO) Ba\u015fkan\u0131 G\u00fcrsel Baran, sosyal medya hesab\u0131ndan yapt\u0131\u011f\u0131 payla\u015f\u0131mda, Cumhurba\u015fkan\u0131 Erdo\u011fan&#8217;\u0131 a\u011f\u0131rlamaktan b\u00fcy\u00fck bir onur ve memnuniyet duydu\u011funu belirtti.ANKARA (\u0130GFA) &#8211; Cumhurba\u015fkan\u0131 Recep Tayyip Erdo\u011fan, Ankara Ticaret Odas\u0131 (ATO)\u2019n\u0131 ziyaret etti.<br \/>\n&#8220;Say\u0131n Cumhurba\u015fkan\u0131m\u0131z\u0131n yo\u011fun programlar\u0131na ra\u011fmen Odam\u0131za te\u015frif ederek bizlere zaman ay\u0131rmalar\u0131, i\u015f d\u00fcnyam\u0131za verdikleri k\u0131ymetin en somut g\u00f6stergesidir.&#8221; ifadesine yer veren ATO Ba\u015fkan\u0131 G\u00fcrsel Baran, ziyaret dolay\u0131s\u0131yla Cumhurba\u015fkan\u0131 Erdo\u011fan&#8217;a ATO&#8217;nun y\u00fcr\u00fctt\u00fc\u011f\u00fc \u00e7al\u0131\u015fmalar hakk\u0131nda bilgi sunduklar\u0131n\u0131 \u00fcyelerin beklentilerini do\u011frudan aktarma f\u0131rsat\u0131 bulduklar\u0131n\u0131 vurgulad\u0131.<br \/>\nBa\u015fkan Baran, &#8220;\u00d6zellikle Ankara&#8217;dan yurt d\u0131\u015f\u0131na direkt u\u00e7u\u015flar\u0131n art\u0131r\u0131lmas\u0131, ba\u015fkentimize modern bir fuar alan\u0131 kazand\u0131r\u0131lmas\u0131 gibi stratejik \u00f6neme sahip ba\u015fl\u0131klar\u0131 Say\u0131n Cumhurba\u015fkan\u0131m\u0131za arz ettik. Nazik ziyaretleriyle bizleri onurland\u0131ran Say\u0131n Cumhurba\u015fkan\u0131m\u0131za \u015f\u00fckranlar\u0131m\u0131z\u0131 arz ediyoruz. Say\u0131n Cumhurba\u015fkan\u0131m\u0131z\u0131n liderli\u011finde ortaya konulan T\u00fcrkiye Y\u00fczy\u0131l\u0131 hedeflerine y\u00fcrekten inan\u0131yor, bu vizyon do\u011frultusunda \u00fcretmeye, istihdam sa\u011flamaya, ihracat\u0131m\u0131z\u0131 art\u0131rmaya ve \u00fclkemizin kalk\u0131nmas\u0131na katk\u0131 sunmaya ayn\u0131 azim ve kararl\u0131l\u0131kla devam edece\u011fimizi \u00f6zellikle vurgulamak istiyoruz.&#8221; ifadelerini kulland\u0131.<\/p>\n<p>ATO&#8217;dan yap\u0131lan a\u00e7\u0131klamaya g\u00f6re, Cumhurba\u015fkan\u0131 Erdo\u011fan&#8217;a ziyaretinde, Cumhurba\u015fkan\u0131 Yard\u0131mc\u0131s\u0131 Cevdet Y\u0131lmaz, Ticaret Bakan\u0131 \u00d6mer Bolat, Sanayi ve Teknoloji Bakan\u0131 Mehmet Fatih Kac\u0131r, Sa\u011fl\u0131k Bakan\u0131 Kemal Memi\u015fo\u011flu, Gen\u00e7lik ve Spor Bakan\u0131 Osman A\u015fk\u0131n Bak, Cumhurba\u015fkanl\u0131\u011f\u0131 \u00d6zel Kalem M\u00fcd\u00fcr\u00fc, B\u00fcy\u00fckel\u00e7i Hasan Do\u011fan, AK Parti Ankara Milletvekili L\u00fctfiye Selva \u00c7am, AK Parti D\u00fczce Milletvekili Ay\u015fe Ke\u015fir, Ankara Valisi Vasip \u015eahin ve AK Parti Ankara \u0130l Ba\u015fkan\u0131 Hakan Han \u00d6zcan e\u015flik etti.\u00a0<\/p>\n<p>\u200bHaberin Al\u0131nt\u0131land\u0131\u011f\u0131 Kaynak: www.iskenderun.org<\/p>","protected":false},"excerpt":{"rendered":"<p>Ankara Ticaret Odas\u0131 (ATO) Ba\u015fkan\u0131 G\u00fcrsel Baran, sosyal medya hesab\u0131ndan yapt\u0131\u011f\u0131 payla\u015f\u0131mda, Cumhurba\u015fkan\u0131 Erdo\u011fan&#8217;\u0131 a\u011f\u0131rlamaktan b\u00fcy\u00fck bir onur ve memnuniyet duydu\u011funu belirtti.ANKARA (\u0130GFA) &#8211; Cumhurba\u015fkan\u0131 Recep Tayyip Erdo\u011fan, Ankara Ticaret Odas\u0131 (ATO)\u2019n\u0131 ziyaret etti. &#8220;Say\u0131n Cumhurba\u015fkan\u0131m\u0131z\u0131n yo\u011fun programlar\u0131na ra\u011fmen Odam\u0131za te\u015frif ederek bizlere zaman ay\u0131rmalar\u0131, i\u015f d\u00fcnyam\u0131za verdikleri k\u0131ymetin en somut g\u00f6stergesidir.&#8221; ifadesine yer veren ATO Ba\u015fkan\u0131 G\u00fcrsel Baran, ziyaret dolay\u0131s\u0131yla Cumhurba\u015fkan\u0131 Erdo\u011fan&#8217;a ATO&#8217;nun y\u00fcr\u00fctt\u00fc\u011f\u00fc \u00e7al\u0131\u015fmalar hakk\u0131nda bilgi sunduklar\u0131n\u0131 \u00fcyelerin beklentilerini do\u011frudan aktarma f\u0131rsat\u0131 bulduklar\u0131n\u0131 vurgulad\u0131. Ba\u015fkan Baran, &#8220;\u00d6zellikle Ankara&#8217;dan yurt d\u0131\u015f\u0131na direkt u\u00e7u\u015flar\u0131n art\u0131r\u0131lmas\u0131, ba\u015fkentimize modern bir fuar alan\u0131 kazand\u0131r\u0131lmas\u0131 gibi stratejik \u00f6neme sahip ba\u015fl\u0131klar\u0131 Say\u0131n Cumhurba\u015fkan\u0131m\u0131za arz ettik. Nazik ziyaretleriyle bizleri onurland\u0131ran Say\u0131n Cumhurba\u015fkan\u0131m\u0131za \u015f\u00fckranlar\u0131m\u0131z\u0131 arz ediyoruz. Say\u0131n Cumhurba\u015fkan\u0131m\u0131z\u0131n liderli\u011finde ortaya konulan T\u00fcrkiye Y\u00fczy\u0131l\u0131 hedeflerine y\u00fcrekten inan\u0131yor, bu vizyon do\u011frultusunda \u00fcretmeye, istihdam sa\u011flamaya, ihracat\u0131m\u0131z\u0131 art\u0131rmaya ve \u00fclkemizin kalk\u0131nmas\u0131na katk\u0131 sunmaya ayn\u0131 azim ve kararl\u0131l\u0131kla devam edece\u011fimizi \u00f6zellikle vurgulamak istiyoruz.&#8221; ifadelerini kulland\u0131. ATO&#8217;dan yap\u0131lan a\u00e7\u0131klamaya g\u00f6re, Cumhurba\u015fkan\u0131 Erdo\u011fan&#8217;a ziyaretinde, Cumhurba\u015fkan\u0131 Yard\u0131mc\u0131s\u0131 Cevdet Y\u0131lmaz, Ticaret Bakan\u0131 \u00d6mer Bolat, Sanayi ve Teknoloji Bakan\u0131 Mehmet Fatih Kac\u0131r, Sa\u011fl\u0131k Bakan\u0131 Kemal Memi\u015fo\u011flu, Gen\u00e7lik ve Spor Bakan\u0131 Osman A\u015fk\u0131n Bak, Cumhurba\u015fkanl\u0131\u011f\u0131 \u00d6zel Kalem M\u00fcd\u00fcr\u00fc, B\u00fcy\u00fckel\u00e7i Hasan Do\u011fan, AK Parti Ankara Milletvekili L\u00fctfiye Selva \u00c7am, AK Parti D\u00fczce Milletvekili Ay\u015fe Ke\u015fir, Ankara Valisi Vasip \u015eahin &hellip;<\/p>","protected":false},"author":1,"featured_media":0,"comment_status":"","ping_status":"open","sticky":false,"template":"","format":"standard","meta":{"_acf_changed":false,"footnotes":""},"categories":[24],"tags":[],"class_list":["post-78040","post","type-post","status-publish","format-standard","has-post-thumbnail","hentry","category-gundem"],"acf":[],"yoast_head":"<!-- This site is optimized with the Yoast SEO Premium plugin v26.6 (Yoast SEO v27.1.1) - https:\/\/yoast.com\/product\/yoast-seo-premium-wordpress\/ -->\n<title>Cumhurba\u015fkan\u0131 Erdo\u011fan\u2019dan ATO\u2019ya ziyaret - Av. Deniz Can K\u0131z\u0131l<\/title>\n<meta name=\"robots\" content=\"index, follow, max-snippet:-1, max-image-preview:large, max-video-preview:-1\" \/>\n<link rel=\"canonical\" href=\"https:\/\/denizcankizil.tr\/en\/haberler\/gundem\/cumhurbaskani-erdogandan-atoya-ziyaret\/\" \/>\n<meta property=\"og:locale\" content=\"en_GB\" \/>\n<meta property=\"og:type\" content=\"article\" \/>\n<meta property=\"og:title\" content=\"Cumhurba\u015fkan\u0131 Erdo\u011fan\u2019dan ATO\u2019ya ziyaret\" \/>\n<meta property=\"og:description\" content=\"Ankara Ticaret Odas\u0131 (ATO) Ba\u015fkan\u0131 G\u00fcrsel Baran, sosyal medya hesab\u0131ndan yapt\u0131\u011f\u0131 payla\u015f\u0131mda, Cumhurba\u015fkan\u0131 Erdo\u011fan&#8217;\u0131 a\u011f\u0131rlamaktan b\u00fcy\u00fck bir onur ve memnuniyet duydu\u011funu belirtti.ANKARA (\u0130GFA) &#8211; Cumhurba\u015fkan\u0131 Recep Tayyip Erdo\u011fan, Ankara Ticaret Odas\u0131 (ATO)\u2019n\u0131 ziyaret etti. &#8220;Say\u0131n Cumhurba\u015fkan\u0131m\u0131z\u0131n yo\u011fun programlar\u0131na ra\u011fmen Odam\u0131za te\u015frif ederek bizlere zaman ay\u0131rmalar\u0131, i\u015f d\u00fcnyam\u0131za verdikleri k\u0131ymetin en somut g\u00f6stergesidir.&#8221; ifadesine yer veren ATO Ba\u015fkan\u0131 G\u00fcrsel Baran, ziyaret dolay\u0131s\u0131yla Cumhurba\u015fkan\u0131 Erdo\u011fan&#8217;a ATO&#8217;nun y\u00fcr\u00fctt\u00fc\u011f\u00fc \u00e7al\u0131\u015fmalar hakk\u0131nda bilgi sunduklar\u0131n\u0131 \u00fcyelerin beklentilerini do\u011frudan aktarma f\u0131rsat\u0131 bulduklar\u0131n\u0131 vurgulad\u0131. Ba\u015fkan Baran, &#8220;\u00d6zellikle Ankara&#8217;dan yurt d\u0131\u015f\u0131na direkt u\u00e7u\u015flar\u0131n art\u0131r\u0131lmas\u0131, ba\u015fkentimize modern bir fuar alan\u0131 kazand\u0131r\u0131lmas\u0131 gibi stratejik \u00f6neme sahip ba\u015fl\u0131klar\u0131 Say\u0131n Cumhurba\u015fkan\u0131m\u0131za arz ettik. Nazik ziyaretleriyle bizleri onurland\u0131ran Say\u0131n Cumhurba\u015fkan\u0131m\u0131za \u015f\u00fckranlar\u0131m\u0131z\u0131 arz ediyoruz. Say\u0131n Cumhurba\u015fkan\u0131m\u0131z\u0131n liderli\u011finde ortaya konulan T\u00fcrkiye Y\u00fczy\u0131l\u0131 hedeflerine y\u00fcrekten inan\u0131yor, bu vizyon do\u011frultusunda \u00fcretmeye, istihdam sa\u011flamaya, ihracat\u0131m\u0131z\u0131 art\u0131rmaya ve \u00fclkemizin kalk\u0131nmas\u0131na katk\u0131 sunmaya ayn\u0131 azim ve kararl\u0131l\u0131kla devam edece\u011fimizi \u00f6zellikle vurgulamak istiyoruz.&#8221; ifadelerini kulland\u0131. ATO&#8217;dan yap\u0131lan a\u00e7\u0131klamaya g\u00f6re, Cumhurba\u015fkan\u0131 Erdo\u011fan&#8217;a ziyaretinde, Cumhurba\u015fkan\u0131 Yard\u0131mc\u0131s\u0131 Cevdet Y\u0131lmaz, Ticaret Bakan\u0131 \u00d6mer Bolat, Sanayi ve Teknoloji Bakan\u0131 Mehmet Fatih Kac\u0131r, Sa\u011fl\u0131k Bakan\u0131 Kemal Memi\u015fo\u011flu, Gen\u00e7lik ve Spor Bakan\u0131 Osman A\u015fk\u0131n Bak, Cumhurba\u015fkanl\u0131\u011f\u0131 \u00d6zel Kalem M\u00fcd\u00fcr\u00fc, B\u00fcy\u00fckel\u00e7i Hasan Do\u011fan, AK Parti Ankara Milletvekili L\u00fctfiye Selva \u00c7am, AK Parti D\u00fczce Milletvekili Ay\u015fe Ke\u015fir, Ankara Valisi Vasip \u015eahin &hellip;\" \/>\n<meta property=\"og:url\" content=\"https:\/\/denizcankizil.tr\/en\/haberler\/gundem\/cumhurbaskani-erdogandan-atoya-ziyaret\/\" \/>\n<meta property=\"og:site_name\" content=\"Av. Deniz Can K\u0131z\u0131l\" \/>\n<meta property=\"article:published_time\" content=\"2025-05-06T12:42:58+00:00\" \/>\n<meta name=\"author\" content=\"admin\" \/>\n<meta name=\"twitter:card\" content=\"summary_large_image\" \/>\n<meta name=\"twitter:label1\" content=\"Written by\" \/>\n\t<meta name=\"twitter:data1\" content=\"admin\" \/>\n\t<meta name=\"twitter:label2\" content=\"Estimated reading time\" \/>\n\t<meta name=\"twitter:data2\" content=\"3 minutes\" \/>\n<script type=\"application\/ld+json\" class=\"yoast-schema-graph\">{\"@context\":\"https:\/\/schema.org\",\"@graph\":[{\"@type\":\"Article\",\"@id\":\"https:\/\/denizcankizil.tr\/ru\/haberler\/gundem\/cumhurbaskani-erdogandan-atoya-ziyaret\/#article\",\"isPartOf\":{\"@id\":\"https:\/\/denizcankizil.tr\/ru\/haberler\/gundem\/cumhurbaskani-erdogandan-atoya-ziyaret\/\"},\"author\":{\"name\":\"admin\",\"@id\":\"https:\/\/denizcankizil.tr\/de\/#\/schema\/person\/be3c05fe6a12686905512445d8185489\"},\"headline\":\"Cumhurba\u015fkan\u0131 Erdo\u011fan\u2019dan ATO\u2019ya ziyaret\",\"datePublished\":\"2025-05-06T12:42:58+00:00\",\"mainEntityOfPage\":{\"@id\":\"https:\/\/denizcankizil.tr\/ru\/haberler\/gundem\/cumhurbaskani-erdogandan-atoya-ziyaret\/\"},\"wordCount\":682,\"publisher\":{\"@id\":\"https:\/\/denizcankizil.tr\/de\/#organization\"},\"articleSection\":[\"G\u00fcndem\"],\"inLanguage\":\"en-GB\"},{\"@type\":\"WebPage\",\"@id\":\"https:\/\/denizcankizil.tr\/ru\/haberler\/gundem\/cumhurbaskani-erdogandan-atoya-ziyaret\/\",\"url\":\"https:\/\/denizcankizil.tr\/ru\/haberler\/gundem\/cumhurbaskani-erdogandan-atoya-ziyaret\/\",\"name\":\"Cumhurba\u015fkan\u0131 Erdo\u011fan\u2019dan ATO\u2019ya ziyaret - Av. Deniz Can K\u0131z\u0131l\",\"isPartOf\":{\"@id\":\"https:\/\/denizcankizil.tr\/de\/#website\"},\"datePublished\":\"2025-05-06T12:42:58+00:00\",\"breadcrumb\":{\"@id\":\"https:\/\/denizcankizil.tr\/ru\/haberler\/gundem\/cumhurbaskani-erdogandan-atoya-ziyaret\/#breadcrumb\"},\"inLanguage\":\"en-GB\",\"potentialAction\":[{\"@type\":\"ReadAction\",\"target\":[\"https:\/\/denizcankizil.tr\/ru\/haberler\/gundem\/cumhurbaskani-erdogandan-atoya-ziyaret\/\"]}]},{\"@type\":\"BreadcrumbList\",\"@id\":\"https:\/\/denizcankizil.tr\/ru\/haberler\/gundem\/cumhurbaskani-erdogandan-atoya-ziyaret\/#breadcrumb\",\"itemListElement\":[{\"@type\":\"ListItem\",\"position\":1,\"name\":\"Home\",\"item\":\"https:\/\/denizcankizil.tr\/de\/\"},{\"@type\":\"ListItem\",\"position\":2,\"name\":\"Cumhurba\u015fkan\u0131 Erdo\u011fan\u2019dan ATO\u2019ya ziyaret\"}]},{\"@type\":\"WebSite\",\"@id\":\"https:\/\/denizcankizil.tr\/de\/#website\",\"url\":\"https:\/\/denizcankizil.tr\/de\/\",\"name\":\"Av. Deniz Can K\u0131z\u0131l\",\"description\":\"Avukat Deniz Can K\u0131z\u0131l Antalya Barosu\",\"publisher\":{\"@id\":\"https:\/\/denizcankizil.tr\/de\/#organization\"},\"potentialAction\":[{\"@type\":\"SearchAction\",\"target\":{\"@type\":\"EntryPoint\",\"urlTemplate\":\"https:\/\/denizcankizil.tr\/de\/?s={search_term_string}\"},\"query-input\":{\"@type\":\"PropertyValueSpecification\",\"valueRequired\":true,\"valueName\":\"search_term_string\"}}],\"inLanguage\":\"en-GB\"},{\"@type\":\"Organization\",\"@id\":\"https:\/\/denizcankizil.tr\/de\/#organization\",\"name\":\"Av. Deniz Can K\u0131z\u0131l\",\"url\":\"https:\/\/denizcankizil.tr\/de\/\",\"logo\":{\"@type\":\"ImageObject\",\"inLanguage\":\"en-GB\",\"@id\":\"https:\/\/denizcankizil.tr\/de\/#\/schema\/logo\/image\/\",\"url\":\"https:\/\/denizcankizil.tr\/wp-content\/uploads\/2024\/10\/siyah-logo-svg.svg\",\"contentUrl\":\"https:\/\/denizcankizil.tr\/wp-content\/uploads\/2024\/10\/siyah-logo-svg.svg\",\"width\":1080,\"height\":1080,\"caption\":\"Av. Deniz Can K\u0131z\u0131l\"},\"image\":{\"@id\":\"https:\/\/denizcankizil.tr\/de\/#\/schema\/logo\/image\/\"}},{\"@type\":\"Person\",\"@id\":\"https:\/\/denizcankizil.tr\/de\/#\/schema\/person\/be3c05fe6a12686905512445d8185489\",\"name\":\"admin\",\"image\":{\"@type\":\"ImageObject\",\"inLanguage\":\"en-GB\",\"@id\":\"https:\/\/denizcankizil.tr\/de\/#\/schema\/person\/image\/\",\"url\":\"https:\/\/secure.gravatar.com\/avatar\/c1fce94c830dc79107e174f890d7210541c4a63e8e5d816341794a2151c9d58c?s=96&d=mm&r=g\",\"contentUrl\":\"https:\/\/secure.gravatar.com\/avatar\/c1fce94c830dc79107e174f890d7210541c4a63e8e5d816341794a2151c9d58c?s=96&d=mm&r=g\",\"caption\":\"admin\"},\"sameAs\":[\"http:\/\/denizcankizil.tr\"],\"url\":\"https:\/\/www.iskenderun.org\/cumhurbaskani-erdogandan-atoya-ziyaret\"}]}<\/script>\n<!-- \/ Yoast SEO Premium plugin. -->","yoast_head_json":{"title":"Cumhurba\u015fkan\u0131 Erdo\u011fan\u2019dan ATO\u2019ya ziyaret - Av. Deniz Can K\u0131z\u0131l","robots":{"index":"index","follow":"follow","max-snippet":"max-snippet:-1","max-image-preview":"max-image-preview:large","max-video-preview":"max-video-preview:-1"},"canonical":"https:\/\/denizcankizil.tr\/en\/haberler\/gundem\/cumhurbaskani-erdogandan-atoya-ziyaret\/","og_locale":"en_GB","og_type":"article","og_title":"Cumhurba\u015fkan\u0131 Erdo\u011fan\u2019dan ATO\u2019ya ziyaret","og_description":"Ankara Ticaret Odas\u0131 (ATO) Ba\u015fkan\u0131 G\u00fcrsel Baran, sosyal medya hesab\u0131ndan yapt\u0131\u011f\u0131 payla\u015f\u0131mda, Cumhurba\u015fkan\u0131 Erdo\u011fan&#8217;\u0131 a\u011f\u0131rlamaktan b\u00fcy\u00fck bir onur ve memnuniyet duydu\u011funu belirtti.ANKARA (\u0130GFA) &#8211; Cumhurba\u015fkan\u0131 Recep Tayyip Erdo\u011fan, Ankara Ticaret Odas\u0131 (ATO)\u2019n\u0131 ziyaret etti. &#8220;Say\u0131n Cumhurba\u015fkan\u0131m\u0131z\u0131n yo\u011fun programlar\u0131na ra\u011fmen Odam\u0131za te\u015frif ederek bizlere zaman ay\u0131rmalar\u0131, i\u015f d\u00fcnyam\u0131za verdikleri k\u0131ymetin en somut g\u00f6stergesidir.&#8221; ifadesine yer veren ATO Ba\u015fkan\u0131 G\u00fcrsel Baran, ziyaret dolay\u0131s\u0131yla Cumhurba\u015fkan\u0131 Erdo\u011fan&#8217;a ATO&#8217;nun y\u00fcr\u00fctt\u00fc\u011f\u00fc \u00e7al\u0131\u015fmalar hakk\u0131nda bilgi sunduklar\u0131n\u0131 \u00fcyelerin beklentilerini do\u011frudan aktarma f\u0131rsat\u0131 bulduklar\u0131n\u0131 vurgulad\u0131. Ba\u015fkan Baran, &#8220;\u00d6zellikle Ankara&#8217;dan yurt d\u0131\u015f\u0131na direkt u\u00e7u\u015flar\u0131n art\u0131r\u0131lmas\u0131, ba\u015fkentimize modern bir fuar alan\u0131 kazand\u0131r\u0131lmas\u0131 gibi stratejik \u00f6neme sahip ba\u015fl\u0131klar\u0131 Say\u0131n Cumhurba\u015fkan\u0131m\u0131za arz ettik. Nazik ziyaretleriyle bizleri onurland\u0131ran Say\u0131n Cumhurba\u015fkan\u0131m\u0131za \u015f\u00fckranlar\u0131m\u0131z\u0131 arz ediyoruz. Say\u0131n Cumhurba\u015fkan\u0131m\u0131z\u0131n liderli\u011finde ortaya konulan T\u00fcrkiye Y\u00fczy\u0131l\u0131 hedeflerine y\u00fcrekten inan\u0131yor, bu vizyon do\u011frultusunda \u00fcretmeye, istihdam sa\u011flamaya, ihracat\u0131m\u0131z\u0131 art\u0131rmaya ve \u00fclkemizin kalk\u0131nmas\u0131na katk\u0131 sunmaya ayn\u0131 azim ve kararl\u0131l\u0131kla devam edece\u011fimizi \u00f6zellikle vurgulamak istiyoruz.&#8221; ifadelerini kulland\u0131. ATO&#8217;dan yap\u0131lan a\u00e7\u0131klamaya g\u00f6re, Cumhurba\u015fkan\u0131 Erdo\u011fan&#8217;a ziyaretinde, Cumhurba\u015fkan\u0131 Yard\u0131mc\u0131s\u0131 Cevdet Y\u0131lmaz, Ticaret Bakan\u0131 \u00d6mer Bolat, Sanayi ve Teknoloji Bakan\u0131 Mehmet Fatih Kac\u0131r, Sa\u011fl\u0131k Bakan\u0131 Kemal Memi\u015fo\u011flu, Gen\u00e7lik ve Spor Bakan\u0131 Osman A\u015fk\u0131n Bak, Cumhurba\u015fkanl\u0131\u011f\u0131 \u00d6zel Kalem M\u00fcd\u00fcr\u00fc, B\u00fcy\u00fckel\u00e7i Hasan Do\u011fan, AK Parti Ankara Milletvekili L\u00fctfiye Selva \u00c7am, AK Parti D\u00fczce Milletvekili Ay\u015fe Ke\u015fir, Ankara Valisi Vasip \u015eahin &hellip;","og_url":"https:\/\/denizcankizil.tr\/en\/haberler\/gundem\/cumhurbaskani-erdogandan-atoya-ziyaret\/","og_site_name":"Av. Deniz Can K\u0131z\u0131l","article_published_time":"2025-05-06T12:42:58+00:00","author":"admin","twitter_card":"summary_large_image","twitter_misc":{"Written by":"admin","Estimated reading time":"3 minutes"},"schema":{"@context":"https:\/\/schema.org","@graph":[{"@type":"Article","@id":"https:\/\/denizcankizil.tr\/ru\/haberler\/gundem\/cumhurbaskani-erdogandan-atoya-ziyaret\/#article","isPartOf":{"@id":"https:\/\/denizcankizil.tr\/ru\/haberler\/gundem\/cumhurbaskani-erdogandan-atoya-ziyaret\/"},"author":{"name":"admin","@id":"https:\/\/denizcankizil.tr\/de\/#\/schema\/person\/be3c05fe6a12686905512445d8185489"},"headline":"Cumhurba\u015fkan\u0131 Erdo\u011fan\u2019dan ATO\u2019ya ziyaret","datePublished":"2025-05-06T12:42:58+00:00","mainEntityOfPage":{"@id":"https:\/\/denizcankizil.tr\/ru\/haberler\/gundem\/cumhurbaskani-erdogandan-atoya-ziyaret\/"},"wordCount":682,"publisher":{"@id":"https:\/\/denizcankizil.tr\/de\/#organization"},"articleSection":["G\u00fcndem"],"inLanguage":"en-GB"},{"@type":"WebPage","@id":"https:\/\/denizcankizil.tr\/ru\/haberler\/gundem\/cumhurbaskani-erdogandan-atoya-ziyaret\/","url":"https:\/\/denizcankizil.tr\/ru\/haberler\/gundem\/cumhurbaskani-erdogandan-atoya-ziyaret\/","name":"Cumhurba\u015fkan\u0131 Erdo\u011fan\u2019dan ATO\u2019ya ziyaret - Av. Deniz Can K\u0131z\u0131l","isPartOf":{"@id":"https:\/\/denizcankizil.tr\/de\/#website"},"datePublished":"2025-05-06T12:42:58+00:00","breadcrumb":{"@id":"https:\/\/denizcankizil.tr\/ru\/haberler\/gundem\/cumhurbaskani-erdogandan-atoya-ziyaret\/#breadcrumb"},"inLanguage":"en-GB","potentialAction":[{"@type":"ReadAction","target":["https:\/\/denizcankizil.tr\/ru\/haberler\/gundem\/cumhurbaskani-erdogandan-atoya-ziyaret\/"]}]},{"@type":"BreadcrumbList","@id":"https:\/\/denizcankizil.tr\/ru\/haberler\/gundem\/cumhurbaskani-erdogandan-atoya-ziyaret\/#breadcrumb","itemListElement":[{"@type":"ListItem","position":1,"name":"Home","item":"https:\/\/denizcankizil.tr\/de\/"},{"@type":"ListItem","position":2,"name":"Cumhurba\u015fkan\u0131 Erdo\u011fan\u2019dan ATO\u2019ya ziyaret"}]},{"@type":"WebSite","@id":"https:\/\/denizcankizil.tr\/de\/#website","url":"https:\/\/denizcankizil.tr\/de\/","name":"Av. Deniz Can K\u0131z\u0131l","description":"Avukat Deniz Can K\u0131z\u0131l Antalya Barosu","publisher":{"@id":"https:\/\/denizcankizil.tr\/de\/#organization"},"potentialAction":[{"@type":"SearchAction","target":{"@type":"EntryPoint","urlTemplate":"https:\/\/denizcankizil.tr\/de\/?s={search_term_string}"},"query-input":{"@type":"PropertyValueSpecification","valueRequired":true,"valueName":"search_term_string"}}],"inLanguage":"en-GB"},{"@type":"Organization","@id":"https:\/\/denizcankizil.tr\/de\/#organization","name":"Av. Deniz Can K\u0131z\u0131l","url":"https:\/\/denizcankizil.tr\/de\/","logo":{"@type":"ImageObject","inLanguage":"en-GB","@id":"https:\/\/denizcankizil.tr\/de\/#\/schema\/logo\/image\/","url":"https:\/\/denizcankizil.tr\/wp-content\/uploads\/2024\/10\/siyah-logo-svg.svg","contentUrl":"https:\/\/denizcankizil.tr\/wp-content\/uploads\/2024\/10\/siyah-logo-svg.svg","width":1080,"height":1080,"caption":"Av. Deniz Can K\u0131z\u0131l"},"image":{"@id":"https:\/\/denizcankizil.tr\/de\/#\/schema\/logo\/image\/"}},{"@type":"Person","@id":"https:\/\/denizcankizil.tr\/de\/#\/schema\/person\/be3c05fe6a12686905512445d8185489","name":"admin","image":{"@type":"ImageObject","inLanguage":"en-GB","@id":"https:\/\/denizcankizil.tr\/de\/#\/schema\/person\/image\/","url":"https:\/\/secure.gravatar.com\/avatar\/c1fce94c830dc79107e174f890d7210541c4a63e8e5d816341794a2151c9d58c?s=96&d=mm&r=g","contentUrl":"https:\/\/secure.gravatar.com\/avatar\/c1fce94c830dc79107e174f890d7210541c4a63e8e5d816341794a2151c9d58c?s=96&d=mm&r=g","caption":"admin"},"sameAs":["http:\/\/denizcankizil.tr"],"url":"https:\/\/www.iskenderun.org\/cumhurbaskani-erdogandan-atoya-ziyaret"}]}},"_links":{"self":[{"href":"https:\/\/denizcankizil.tr\/en\/wp-json\/wp\/v2\/posts\/78040","targetHints":{"allow":["GET"]}}],"collection":[{"href":"https:\/\/denizcankizil.tr\/en\/wp-json\/wp\/v2\/posts"}],"about":[{"href":"https:\/\/denizcankizil.tr\/en\/wp-json\/wp\/v2\/types\/post"}],"author":[{"embeddable":true,"href":"https:\/\/denizcankizil.tr\/en\/wp-json\/wp\/v2\/users\/1"}],"replies":[{"embeddable":true,"href":"https:\/\/denizcankizil.tr\/en\/wp-json\/wp\/v2\/comments?post=78040"}],"version-history":[{"count":0,"href":"https:\/\/denizcankizil.tr\/en\/wp-json\/wp\/v2\/posts\/78040\/revisions"}],"wp:attachment":[{"href":"https:\/\/denizcankizil.tr\/en\/wp-json\/wp\/v2\/media?parent=78040"}],"wp:term":[{"taxonomy":"category","embeddable":true,"href":"https:\/\/denizcankizil.tr\/en\/wp-json\/wp\/v2\/categories?post=78040"},{"taxonomy":"post_tag","embeddable":true,"href":"https:\/\/denizcankizil.tr\/en\/wp-json\/wp\/v2\/tags?post=78040"}],"curies":[{"name":"wp","href":"https:\/\/api.w.org\/{rel}","templated":true}]}}