{"id":78009,"date":"2025-05-06T15:39:49","date_gmt":"2025-05-06T12:39:49","guid":{"rendered":"https:\/\/denizcankizil.tr\/uncategorized-tr\/uyusturucu-suclari-kullanim-ve-ticaret-arasindaki-farklar\/"},"modified":"2025-05-06T15:39:49","modified_gmt":"2025-05-06T12:39:49","slug":"uyusturucu-suclari-kullanim-ve-ticaret-arasindaki-farklar","status":"publish","type":"post","link":"https:\/\/denizcankizil.tr\/en\/koseyazilari\/degerlendirme\/uyusturucu-suclari-kullanim-ve-ticaret-arasindaki-farklar\/","title":{"rendered":"Uyu\u015fturucu Su\u00e7lar\u0131: Kullan\u0131m ve Ticaret Aras\u0131ndaki Farklar"},"content":{"rendered":"<p> Uyu\u015fturucu su\u00e7lar\u0131, g\u00fcn\u00fcm\u00fczde hem\u2064 ulusal hem de uluslararas\u0131 d\u00fczeyde \u00f6nemli bir sorun te\u015fkil etmektedir. Bu su\u00e7lar\u0131n kapsam\u0131, yaln\u0131zca bireylerin \u200buyu\u015fturucu madde\u2064 kullan\u0131m\u0131yla s\u0131n\u0131rl\u0131 kalmay\u0131p, ayn\u0131 zamanda bu maddelerin ticareti ve da\u011f\u0131t\u0131m\u0131yla da geni\u015flemektedir. Uyu\u015fturucu kullan\u0131m\u0131, bireylerin sa\u011fl\u0131k ve sosyal ya\u015famlar\u0131n\u0131 olumsuz \u200betkileyen bir\u200c durum iken, uyu\u015fturucu ticareti, organise su\u00e7lar ve ekonomik istikrars\u0131zl\u0131k gibi daha geni\u015f \u00e7apl\u0131 sorunlara yol a\u00e7maktad\u0131r.\u2064 Bu makalede,\u2062 uyu\u015fturucu su\u00e7lar\u0131 \u2062ba\u011flam\u0131nda kullan\u0131m ve ticaret aras\u0131ndaki temel farklar ele\u2062 al\u0131nacak, her iki durumun hukuki boyutlar\u0131 ve toplumsal etkileri incelenecektir. Uyu\u015fturucu su\u00e7lar\u0131n\u0131n anla\u015f\u0131lmas\u0131, etkili bir m\u00fccadele stratejisinin geli\u015ftirilmesi a\u00e7\u0131s\u0131ndan\u200d kritik\u200b \u00f6neme sahiptir. Bu ba\u011flamda, T\u00fcrkiye&#8217;deki yasal d\u00fczenlemeler ve Yarg\u0131tay i\u00e7tihatlar\u0131 \u0131\u015f\u0131\u011f\u0131nda konunun derinlemesine analizi yap\u0131lacakt\u0131r.<br \/><img decoding=\"async\" class=\"kimage_class lazyload\" data-src=\"https:\/\/denizcankizil.tr\/wp-content\/uploads\/2024\/10\/1LHFk-253D.jpg\" alt=\"Uyu\u015fturucu Su\u00e7lar\u0131 ve Hukuki Tan\u0131mlar\u0131\" src=\"data:image\/svg+xml;base64,PHN2ZyB3aWR0aD0iMSIgaGVpZ2h0PSIxIiB4bWxucz0iaHR0cDovL3d3dy53My5vcmcvMjAwMC9zdmciPjwvc3ZnPg==\"><\/p>\n<h2 id=\"uyusturucu-suclari-ve-hukuki-tanimlari\">Uyu\u015fturucu Su\u00e7lar\u0131 ve Hukuki Tan\u0131mlar\u0131<\/h2>\n<section>\n<p>Uyu\u015fturucu su\u00e7lar\u0131, genel olarak iki ana kategoriye ayr\u0131lmaktad\u0131r: <strong>kullan\u0131m<\/strong> ve \u200d <strong>ticaret<\/strong>. \u2063Bu iki kavram, hukuki a\u00e7\u0131dan farkl\u0131 tan\u0131mlara ve sonu\u00e7lara sahiptir. Uyu\u015fturucu madde kullan\u0131m\u0131, bireylerin ki\u015fisel ama\u00e7larla uyu\u015fturucu maddeleri edinmesi ve t\u00fcketmesi anlam\u0131na gelirken, uyu\u015fturucu ticareti, bu maddelerin al\u0131m-sat\u0131m\u0131n\u0131 ve da\u011f\u0131t\u0131m\u0131n\u0131 i\u00e7ermektedir.<\/p>\n<p>T\u00fcrk Ceza Kanunu&#8217;nda uyu\u015fturucu su\u00e7lar\u0131 ile ilgili d\u00fczenlemeler, bu iki kategori aras\u0131ndaki farklar\u0131 net bir \u015fekilde ortaya koymaktad\u0131r. Uyu\u015fturucu\u2064 madde kullan\u0131m\u0131, genellikle daha hafif\u2063 cezalarla\u200d sonu\u00e7lan\u0131rken, uyu\u015fturucu ticareti, daha a\u011f\u0131r yapt\u0131r\u0131mlara tabi tutulmaktad\u0131r. Bu ba\u011flamda, uyu\u015fturucu su\u00e7lar\u0131n\u0131n hukuki tan\u0131mlar\u0131 \u015fu \u015fekilde \u00f6zetlenebilir:<\/p>\n<ul>\n<li><strong>Kullan\u0131m:<\/strong> Bireylerin kendi ihtiya\u00e7lar\u0131 do\u011frultusunda uyu\u015fturucu madde edinmesi ve kullanmas\u0131.<\/li>\n<li><strong>Ticaret:<\/strong> Uyu\u015fturucu maddelerin \u00fcretimi,da\u011f\u0131t\u0131m\u0131 ve sat\u0131\u015f\u0131 ile \u2064ilgili faaliyetler.<\/li>\n<\/ul>\n<p>Bu iki su\u00e7 t\u00fcr\u00fc aras\u0131ndaki farklar, yarg\u0131 s\u00fcre\u00e7lerinde ve \u200bceza uygulamalar\u0131nda \u00f6nemli\u2063 rol oynamaktad\u0131r. Uyu\u015fturucu su\u00e7lar\u0131yla \u200dm\u00fccadele, hem \u200bbireysel hem de toplumsal sa\u011fl\u0131k a\u00e7\u0131s\u0131ndan kritik bir \u00f6neme sahiptir. Bu nedenle, hukukun bu alandaki d\u00fczenlemeleri, \u200ctoplumun genel g\u00fcvenli\u011fi ve bireylerin sa\u011fl\u0131\u011f\u0131 a\u00e7\u0131s\u0131ndan b\u00fcy\u00fck bir \u00f6nem \u200dta\u015f\u0131maktad\u0131r.<\/p>\n<\/section>\n<h2 id=\"uyusturucu-kullanim-suclari-tanim-ve-cezai-yaptirimlar\">Uyu\u015fturucu Kullan\u0131m\u2063 Su\u00e7lar\u0131: Tan\u0131m ve Cezai Yapt\u0131r\u0131mlar<\/h2>\n<section>\n<p>Uyu\u015fturucu kullan\u0131m\u0131, bireylerin fiziksel ve\u200d psikolojik sa\u011fl\u0131\u011f\u0131n\u0131 olumsuz etkileyen bir durumdur. T\u00fcrk Ceza Kanunu&#8217;na g\u00f6re, uyu\u015fturucu madde kullan\u0131m\u0131, belirli \u015fartlar alt\u0131nda su\u00e7 te\u015fkil\u2064 etmektedir. Bu ba\u011flamda,\u2062 <strong>uyu\u015fturucu madde\u200d kullan\u0131m\u0131<\/strong> su\u00e7lar\u0131, yaln\u0131zca \u2063maddeyi kullanma eylemiyle s\u0131n\u0131rl\u0131 kalmay\u0131p, ayn\u0131 zamanda\u200c bu maddelerin \u2064bulundurulmas\u0131 ve t\u00fcketilmesi ile de ili\u015fkilidir.<\/p>\n<p>Uyu\u015fturucu kullan\u0131m\u0131na y\u00f6nelik \u2062cezai\u200b yapt\u0131r\u0131mlar, T\u00fcrk Ceza Kanunu&#8217;nun 191.\u200b maddesinde d\u00fczenlenmi\u015ftir. Bu maddeye g\u00f6re, uyu\u015fturucu madde kullanan bireyler, <strong>hapis cezas\u0131<\/strong> \u2062veya <strong>para cezas\u0131<\/strong> ile kar\u015f\u0131la\u015fabilirler. Ancak, bu \u200bsu\u00e7un i\u015flenmesi durumunda mahkemeler, failin durumunu g\u00f6z \u00f6n\u00fcnde bulundurarak cezada indirim yapma yetkisine sahiptir. \u00d6zellikle, ba\u011f\u0131ml\u0131l\u0131k tedavisi \u200dg\u00f6ren bireyler i\u00e7in alternatif yapt\u0131r\u0131mlar uygulanabilmektedir.<\/p>\n<p>Uyu\u015fturucu kullan\u0131m su\u00e7lar\u0131,toplum sa\u011fl\u0131\u011f\u0131n\u0131 tehdit eden bir olgu \u200bolarak de\u011ferlendirilmektedir. bu nedenle, devletin bu konuda alm\u0131\u015f oldu\u011fu \u00f6nlemler ve uygulamalar, \u200bbireylerin rehabilitasyonu ve topluma kazand\u0131r\u0131lmas\u0131\u2064 amac\u0131yla \u2063\u00f6nem arz \u2063etmektedir. Uyu\u015fturucu madde \u200ckullan\u0131m\u0131 ile m\u00fccadele, yaln\u0131zca cezai yapt\u0131r\u0131mlarla s\u0131n\u0131rl\u0131 kalmay\u0131p, ayn\u0131 zamanda e\u011fitim ve bilin\u00e7lendirme \u200dfaaliyetlerini de i\u00e7ermektedir.<\/p>\n<\/section>\n<p><img decoding=\"async\" class=\"kimage_class lazyload\" data-src=\"https:\/\/denizcankizil.tr\/wp-content\/uploads\/2024\/10\/3982-antalyadaki-fikri-ve-sinai-haklar-avukatlarinin-yetki-alanlari.jpg\" alt=\"Uyu\u015fturucu ticaret Su\u00e7lar\u0131: Tan\u0131m ve \u200cCezai \u2063Yapt\u0131r\u0131mlar\" src=\"data:image\/svg+xml;base64,PHN2ZyB3aWR0aD0iMSIgaGVpZ2h0PSIxIiB4bWxucz0iaHR0cDovL3d3dy53My5vcmcvMjAwMC9zdmciPjwvc3ZnPg==\"><\/p>\n<h2 id=\"uyusturucu-ticaret-suclari-tanim-ve-cezai-yaptirimlar\">Uyu\u015fturucu Ticaret Su\u00e7lar\u0131: Tan\u0131m ve Cezai Yapt\u0131r\u0131mlar<\/h2>\n<section>\n<p>Uyu\u015fturucu ticareti, bireylerin veya gruplar\u0131n yasad\u0131\u015f\u0131 uyu\u015fturucu\u200b maddeleri \u00fcretme, da\u011f\u0131tma veya satma eylemlerini\u200c kapsayan bir su\u00e7 t\u00fcr\u00fcd\u00fcr. Bu su\u00e7, yaln\u0131zca uyu\u015fturucu maddelerin bulundurulmas\u0131yla s\u0131n\u0131rl\u0131 kalmay\u0131p, ayn\u0131 zamanda bu maddelerin ticaretini de i\u00e7erir. Uyu\u015fturucu ticareti,toplum sa\u011fl\u0131\u011f\u0131n\u0131 tehdit eden ciddi bir sorun olarak kabul edilmektedir\u2064 ve bu nedenle yasalar taraf\u0131ndan a\u011f\u0131r bir \u015fekilde cezaland\u0131r\u0131lmaktad\u0131r.<\/p>\n<p>T\u00fcrk Ceza Kanunu&#8217;nda uyu\u015fturucu ticareti ile ilgili d\u00fczenlemeler, bu su\u00e7un ciddiyetini yans\u0131tan \u00e7e\u015fitli cezai \u2063yapt\u0131r\u0131mlar\u0131 i\u00e7ermektedir. Bu \u2063yapt\u0131r\u0131mlar aras\u0131nda:<\/p>\n<ul>\n<li><strong>Hapis\u2063 cezas\u0131:<\/strong> uyu\u015fturucu ticareti \u200dsu\u00e7unun\u200d i\u015flenmesi durumunda,faillerin alaca\u011f\u0131 \u200bhapis cezas\u0131,su\u00e7un niteli\u011fine g\u00f6re de\u011fi\u015fiklik g\u00f6stermektedir.<\/li>\n<li><strong>Para cezas\u0131:<\/strong> Baz\u0131 durumlarda, hapis cezas\u0131n\u0131n \u200byan\u0131 s\u0131ra, maddi yapt\u0131r\u0131mlar \u2062da uygulanabilmektedir.<\/li>\n<li><strong>Yasakl\u0131l\u0131k:<\/strong> Uyu\u015fturucu ticareti su\u00e7undan mahkum olan\u200d bireyler, belirli mesleklerden\u2063 men edilebilirler.<\/li>\n<\/ul>\n<p>Bu ba\u011flamda, uyu\u015fturucu ticareti su\u00e7lar\u0131, yaln\u0131zca bireyleri de\u011fil, ayn\u0131 zamanda toplumun genel sa\u011fl\u0131\u011f\u0131n\u0131 da tehdit eden bir durum olarak de\u011ferlendirilmektedir. Bu nedenle, yasalar\u0131n bu t\u00fcr su\u00e7lara kar\u015f\u0131 \u200dkoydu\u011fu yapt\u0131r\u0131mlar, toplumun korunmas\u0131 a\u00e7\u0131s\u0131ndan b\u00fcy\u00fck bir \u00f6nem ta\u015f\u0131maktad\u0131r.<\/p>\n<\/section>\n<p><img decoding=\"async\" class=\"kimage_class lazyload\" data-src=\"https:\/\/denizcankizil.tr\/wp-content\/uploads\/2024\/10\/ounsel-scaled.jpg\" alt=\"Kullan\u0131m ve Ticaret Aras\u0131ndaki Hukuki Farklar\" src=\"data:image\/svg+xml;base64,PHN2ZyB3aWR0aD0iMSIgaGVpZ2h0PSIxIiB4bWxucz0iaHR0cDovL3d3dy53My5vcmcvMjAwMC9zdmciPjwvc3ZnPg==\"><\/p>\n<h2 id=\"kullanim-ve-ticaret-arasindaki-hukuki-farklar\">Kullan\u0131m ve ticaret Aras\u0131ndaki Hukuki Farklar<\/h2>\n<section>\n<p>Uyu\u015fturucu su\u00e7lar\u0131 ba\u011flam\u0131nda, <strong>kullan\u0131m<\/strong> ve <strong>ticaret<\/strong> kavramlar\u0131, hukuki a\u00e7\u0131dan \u00f6nemli farkl\u0131l\u0131klar \u2064ta\u015f\u0131maktad\u0131r. Kullan\u0131m, bireylerin \u2063uyu\u015fturucu maddeleri ki\u015fisel ama\u00e7larla t\u00fcketmesi anlam\u0131na gelirken, ticaret, bu maddelerin al\u0131m-sat\u0131m\u0131n\u0131 ve da\u011f\u0131t\u0131m\u0131n\u0131 i\u00e7ermektedir.Bu iki eylem, yasalar kar\u015f\u0131s\u0131nda farkl\u0131 yapt\u0131r\u0131mlara tabi tutulmaktad\u0131r.<\/p>\n<p>Uyu\u015fturucu kullan\u0131m\u0131n\u0131n hukuki boyutu, genellikle <strong>ceza \u2062hukuku<\/strong> \u00e7er\u00e7evesinde ele al\u0131nmakta ve bireylerin \u200drehabilitasyonuna y\u00f6nelik yakla\u015f\u0131mlar \u00f6n plana \u00e7\u0131kmaktad\u0131r.\u2062 Buna kar\u015f\u0131n, uyu\u015fturucu ticareti,\u200c daha a\u011f\u0131r cezai yapt\u0131r\u0131mlara\u200c maruz kalmakta ve organize \u2062su\u00e7lar kapsam\u0131nda de\u011ferlendirilmektedir. Bu nedenle, kullan\u0131m ve ticaret aras\u0131ndaki ayr\u0131m, hukukun uygulanmas\u0131 a\u00e7\u0131s\u0131ndan kritik bir \u00f6neme\u200c sahiptir.<\/p>\n<p>Bu ba\u011flamda, <a href=\"https:\/\/denizcankizil.tr\/en\/koseyazilari\/degerlendirme\/muvazaa-hukuksal-nedeniyle-tasarrufun-iptali-davasi\/\" title=\"The Legal Case Of Cancellation Due To Savings Muvazaa\">a\u015fa\u011f\u0131daki hususlar dikkate al\u0131nmal\u0131d\u0131r<\/a>:<\/p>\n<ul>\n<li><strong>Kullan\u0131m:<\/strong> Bireysel ve ki\u015fisel ama\u00e7larla uyu\u015fturucu madde t\u00fcketimi.<\/li>\n<li><strong>Ticaret:<\/strong> \u2062 Uyu\u015fturucu maddelerin al\u0131m-sat\u0131m\u0131 ve da\u011f\u0131t\u0131m\u0131.<\/li>\n<li><strong>Yasal Yapt\u0131r\u0131mlar:<\/strong> \u200b Kullan\u0131m i\u00e7in genellikle hafif cezalar,\u2062 ticaret i\u00e7in ise a\u011f\u0131r \u200chapis cezalar\u0131.<\/li>\n<li><strong>rehabilitasyon:<\/strong> Kullan\u0131mda rehabilitasyon \u2064programlar\u0131,ticarette ise ceza yapt\u0131r\u0131mlar\u0131 \u00f6n plandad\u0131r.<\/li>\n<\/ul>\n<p>Sonu\u00e7 olarak,uyu\u015fturucu su\u00e7lar\u0131 kapsam\u0131nda ,ceza hukuku\u2063 uygulamalar\u0131 a\u00e7\u0131s\u0131ndan belirleyici\u200d bir rol oynamaktad\u0131r.Bu ayr\u0131m, hem bireylerin haklar\u0131n\u0131n korunmas\u0131 hem de toplumun g\u00fcvenli\u011fi a\u00e7\u0131s\u0131ndan\u200c b\u00fcy\u00fck \u00f6nem\u200c ta\u015f\u0131maktad\u0131r.<\/p>\n<\/section>\n<p><img decoding=\"async\" class=\"kimage_class lazyload\" data-src=\"https:\/\/denizcankizil.tr\/wp-content\/uploads\/2024\/10\/2JauI-253D.jpg\" alt=\"Uyu\u015fturucu\u200c Su\u00e7lar\u0131n\u0131n sosyal ve ekonomik Etkileri\" src=\"data:image\/svg+xml;base64,PHN2ZyB3aWR0aD0iMSIgaGVpZ2h0PSIxIiB4bWxucz0iaHR0cDovL3d3dy53My5vcmcvMjAwMC9zdmciPjwvc3ZnPg==\"><\/p>\n<h2 id=\"uyusturucu-suclarinin-sosyal-ve-ekonomik-etkileri\">Uyu\u015fturucu Su\u00e7lar\u0131n\u0131n Sosyal ve Ekonomik Etkileri<\/h2>\n<p>Uyu\u015fturucu su\u00e7lar\u0131, <a href=\"https:\/\/denizcankizil.tr\/en\/seo\/aym-2024-121-esas-2024-118-karar-anayasa-hukuku-uzerine\/\" title=\"AYM 2024\/121 Esas - 2024\/118 Karar: Anayasa Hukuku \u00dczerine\">yaln\u0131zca bireyler \u00fczerinde de\u011fil<\/a>, ayn\u0131 \u2064zamanda toplum ve\u200c ekonomi \u00fczerinde de derin etkiler b\u0131rakmaktad\u0131r. Bu etkiler,\u200b uyu\u015fturucu kullan\u0131m\u0131n\u0131n yayg\u0131nla\u015fmas\u0131 ve ticaretinin artmas\u0131yla daha da belirgin hale gelmektedir. A\u015fa\u011f\u0131da, uyu\u015fturucu su\u00e7lar\u0131n\u0131n sosyal ve ekonomik boyutlar\u0131na dair baz\u0131\u200c \u00f6nemli noktalar s\u0131ralanm\u0131\u015ft\u0131r:<\/p>\n<ul>\n<li><strong>Sosyal Etkiler:<\/strong> Uyu\u015fturucu ba\u011f\u0131ml\u0131l\u0131\u011f\u0131, bireylerin aile yap\u0131s\u0131n\u0131 zay\u0131flatmakta ve sosyal ili\u015fkileri olumsuz y\u00f6nde etkilemektedir. Ba\u011f\u0131ml\u0131 \u200dbireylerin sosyal \u00e7evreleri daralmakta, bu da toplumsal uyumun bozulmas\u0131na yol a\u00e7maktad\u0131r.<\/li>\n<li><strong>Ekonomik Y\u00fck:<\/strong> Uyu\u015fturucu su\u00e7lar\u0131, <a href=\"https:\/\/denizcankizil.tr\/en\/hukukihaber\/aymnin-2019-31440-basvuru-numarali-karari\/\" title=\"AYM&#039;nin 2019\/31440 ba\u015fvuru numaral\u0131 karar\u0131\">sa\u011fl\u0131k hizmetleri<\/a>, adalet sistemi ve g\u00fcvenlik\u2064 harcamalar\u0131 gibi alanlarda \u00f6nemli ekonomik y\u00fckler olu\u015fturmaktad\u0131r.\u200c Bu durum, devlet \u2062b\u00fct\u00e7esinin ba\u015fka\u200c alanlara y\u00f6nlendirilmesini engellemektedir.<\/li>\n<li><strong>\u0130\u015f G\u00fcc\u00fc \u2063Kayb\u0131:<\/strong> Uyu\u015fturucu kullan\u0131m\u0131, i\u015f g\u00fcc\u00fcnde verimlili\u011fi d\u00fc\u015f\u00fcrmekte ve i\u015f g\u00fcc\u00fc kayb\u0131na neden olmaktad\u0131r. Bu da ekonomik b\u00fcy\u00fcmeyi olumsuz etkilemektedir.<\/li>\n<li><strong>Su\u00e7 Oranlar\u0131n\u0131n Art\u0131\u015f\u0131:<\/strong> Uyu\u015fturucu ticareti ve kullan\u0131m\u0131, genel su\u00e7 oranlar\u0131n\u0131n artmas\u0131na neden olmakta, bu da toplumda g\u00fcvenlik kayg\u0131lar\u0131n\u0131 art\u0131rmaktad\u0131r.<\/li>\n<\/ul>\n<p>Sonu\u00e7 olarak, , bireylerin ya\u015fam kalitesini d\u00fc\u015f\u00fcrmekte ve toplumun genel sa\u011fl\u0131\u011f\u0131n\u0131 tehdit etmektedir.\u2062 Bu nedenle,uyu\u015fturucu ile m\u00fccadele politikalar\u0131n\u0131n geli\u015ftirilmesi ve uygulanmas\u0131 b\u00fcy\u00fck bir \u00f6nem \u200dta\u015f\u0131maktad\u0131r.<\/p>\n<p><img decoding=\"async\" class=\"kimage_class lazyload\" data-src=\"https:\/\/denizcankizil.tr\/wp-content\/uploads\/2024\/10\/ii_200.jpg\" alt=\"Hukuk Sisteminde Uyu\u015fturucu Su\u00e7lar\u0131yla\u2062 M\u00fccadele \u2063Y\u00f6ntemleri\" src=\"data:image\/svg+xml;base64,PHN2ZyB3aWR0aD0iMSIgaGVpZ2h0PSIxIiB4bWxucz0iaHR0cDovL3d3dy53My5vcmcvMjAwMC9zdmciPjwvc3ZnPg==\"><\/p>\n<h2 id=\"hukuk-sisteminde-uyusturucu-suclariyla-mucadele-yontemleri\">Hukuk\u200c Sisteminde uyu\u015fturucu Su\u00e7lar\u0131yla M\u00fccadele Y\u00f6ntemleri<\/h2>\n<section>\n<p>Uyu\u015fturucu su\u00e7lar\u0131, toplum sa\u011fl\u0131\u011f\u0131n\u0131 tehdit eden \u00f6nemli bir sorun olarak kar\u015f\u0131m\u0131za \u00e7\u0131kmaktad\u0131r. Bu\u2064 su\u00e7larla \u200dm\u00fccadele, yaln\u0131zca ceza hukuku \u00e7er\u00e7evesinde\u2062 de\u011fil, ayn\u0131\u200d zamanda sosyal politikalar ve sa\u011fl\u0131k hizmetleri alan\u0131nda da kapsaml\u0131 bir\u2062 yakla\u015f\u0131m gerektirmektedir. Uyu\u015fturucu kullan\u0131m\u0131 ve ticareti aras\u0131ndaki farklar, bu m\u00fccadelede belirleyici bir rol oynamaktad\u0131r.<\/p>\n<p><strong>Kullan\u0131m ve ticaret aras\u0131ndaki temel farklar<\/strong> a\u015fa\u011f\u0131daki\u200d gibi \u00f6zetlenebilir:<\/p>\n<ul>\n<li><strong>Kullan\u0131m:<\/strong> Bireylerin uyu\u015fturucu maddeleri kendi ki\u015fisel\u2062 ihtiya\u00e7lar\u0131 do\u011frultusunda kullanmas\u0131d\u0131r. Bu durum, genellikle ba\u011f\u0131ml\u0131l\u0131k ve sa\u011fl\u0131k sorunlar\u0131na \u2063yol a\u00e7abilir.<\/li>\n<li><strong>Ticaret:<\/strong> Uyu\u015fturucu maddelerin \u00fcretimi, da\u011f\u0131t\u0131m\u0131 ve sat\u0131\u015f\u0131 ile ilgili faaliyetlerdir.\u2063 Bu\u2062 t\u00fcr eylemler, \u200ddaha a\u011f\u0131r ceza\u2063 yapt\u0131r\u0131mlar\u0131 ile kar\u015f\u0131 \u2062kar\u015f\u0131ya kalmaktad\u0131r.<\/li>\n<\/ul>\n<p>Uyu\u015fturucu su\u00e7lar\u0131yla m\u00fccadelede, <strong>\u00f6nleyici tedbirler<\/strong> ve <strong>rehabilitasyon programlar\u0131<\/strong> b\u00fcy\u00fck \u00f6nem ta\u015f\u0131maktad\u0131r. Bu ba\u011flamda, e\u011fitim ve fark\u0131ndal\u0131k art\u0131rma \u00e7al\u0131\u015fmalar\u0131, gen\u00e7 bireylerin uyu\u015fturucu kullan\u0131m\u0131na y\u00f6nelmesini engellemeye y\u00f6nelik etkili y\u00f6ntemler aras\u0131nda yer almaktad\u0131r. Ayr\u0131ca, sa\u011fl\u0131k\u2062 hizmetlerinin g\u00fc\u00e7lendirilmesi ve ba\u011f\u0131ml\u0131\u200c bireylerin tedavi s\u00fcre\u00e7lerinin desteklenmesi, toplumda bu su\u00e7lar\u0131n azalt\u0131lmas\u0131na katk\u0131\u200d sa\u011flayacakt\u0131r.<\/p>\n<\/section>\n<p>Uyu\u015fturucu su\u00e7lar\u0131, toplum sa\u011fl\u0131\u011f\u0131n\u0131 tehdit eden ve\u200b bireylerin ya\u015famlar\u0131n\u0131 olumsuz etkileyen\u200d \u00f6nemli bir mesele olarak kar\u015f\u0131m\u0131za \u00e7\u0131kmaktad\u0131r. Bu\u2062 makalede,uyu\u015fturucu \u200dkullan\u0131m\u0131n\u0131n bireysel\u200d boyutlar\u0131 ile \u200cuyu\u015fturucu ticaretinin toplumsal etkileri aras\u0131ndaki farklar detayl\u0131 bir \u015fekilde ele al\u0131nm\u0131\u015ft\u0131r. Kullan\u0131m ve ticaret aras\u0131ndaki ayr\u0131m, hukuki\u200b d\u00fczenlemelerin ve ceza politikalar\u0131n\u0131n\u200b belirlenmesinde kritik bir rol oynamaktad\u0131r. Uyu\u015fturucu su\u00e7lar\u0131yla m\u00fccadelede, yaln\u0131zca \u2063cezai yapt\u0131r\u0131mlar\u0131n de\u011fil, ayn\u0131 zamanda rehabilitasyon ve \u00f6nleyici tedbirlerin de \u00f6nem ta\u015f\u0131d\u0131\u011f\u0131 unutulmamal\u0131d\u0131r. Bu \u200cba\u011flamda, toplumsal fark\u0131ndal\u0131\u011f\u0131n art\u0131r\u0131lmas\u0131 ve etkili politikalar\u0131n geli\u015ftirilmesi, uyu\u015fturucu ile m\u00fccadelede ba\u015far\u0131ya ula\u015fman\u0131n anahtar\u0131 olacakt\u0131r. Gelecek \u00e7al\u0131\u015fmalar\u0131n, bu alandaki hukuki d\u00fczenlemeleri ve uygulamalar\u0131 daha da derinlemesine incelemesi, uyu\u015fturucu\u200d su\u00e7lar\u0131yla m\u00fccadelede daha etkili stratejilerin \u200dolu\u015fturulmas\u0131na katk\u0131 sa\u011flayacakt\u0131r. <\/p>","protected":false},"excerpt":{"rendered":"<p>Uyu\u015fturucu su\u00e7lar\u0131, kullan\u0131m ve ticaret olarak iki ana kategoriye ayr\u0131lmaktad\u0131r. Kullan\u0131m, bireylerin ki\u015fisel ihtiya\u00e7lar\u0131 do\u011frultusunda maddeye eri\u015fimini ifade ederken; ticaret, bu maddelerin \u00fcretimi, da\u011f\u0131t\u0131m\u0131 ve sat\u0131\u015f\u0131yla ilgili yasad\u0131\u015f\u0131 faaliyetleri kapsamaktad\u0131r.<\/p>","protected":false},"author":4,"featured_media":0,"comment_status":"open","ping_status":"open","sticky":false,"template":"","format":"standard","meta":{"_acf_changed":false,"footnotes":""},"categories":[22],"tags":[],"class_list":["post-78009","post","type-post","status-publish","format-standard","hentry","category-degerlendirme"],"acf":[],"yoast_head":"<!-- This site is optimized with the Yoast SEO Premium plugin v26.6 (Yoast SEO v27.1.1) - https:\/\/yoast.com\/product\/yoast-seo-premium-wordpress\/ -->\n<title>Uyu\u015fturucu Su\u00e7lar\u0131: Kullan\u0131m ve Ticaret Aras\u0131ndaki Farklar - Av. Deniz Can K\u0131z\u0131l<\/title>\n<meta name=\"robots\" content=\"index, follow, max-snippet:-1, max-image-preview:large, max-video-preview:-1\" \/>\n<link rel=\"canonical\" href=\"https:\/\/denizcankizil.tr\/en\/koseyazilari\/degerlendirme\/uyusturucu-suclari-kullanim-ve-ticaret-arasindaki-farklar\/\" \/>\n<meta property=\"og:locale\" content=\"en_GB\" \/>\n<meta property=\"og:type\" content=\"article\" \/>\n<meta property=\"og:title\" content=\"Uyu\u015fturucu Su\u00e7lar\u0131: Kullan\u0131m ve Ticaret Aras\u0131ndaki Farklar\" \/>\n<meta property=\"og:description\" content=\"Uyu\u015fturucu su\u00e7lar\u0131, kullan\u0131m ve ticaret olarak iki ana kategoriye ayr\u0131lmaktad\u0131r. Kullan\u0131m, bireylerin ki\u015fisel ihtiya\u00e7lar\u0131 do\u011frultusunda maddeye eri\u015fimini ifade ederken; ticaret, bu maddelerin \u00fcretimi, da\u011f\u0131t\u0131m\u0131 ve sat\u0131\u015f\u0131yla ilgili yasad\u0131\u015f\u0131 faaliyetleri kapsamaktad\u0131r.\" \/>\n<meta property=\"og:url\" content=\"https:\/\/denizcankizil.tr\/en\/koseyazilari\/degerlendirme\/uyusturucu-suclari-kullanim-ve-ticaret-arasindaki-farklar\/\" \/>\n<meta property=\"og:site_name\" content=\"Av. Deniz Can K\u0131z\u0131l\" \/>\n<meta property=\"article:published_time\" content=\"2025-05-06T12:39:49+00:00\" \/>\n<meta property=\"og:image\" content=\"https:\/\/denizcankizil.tr\/wp-content\/uploads\/2024\/10\/1LHFk-253D.jpg\" \/>\n<meta name=\"author\" content=\"Av. Deniz Can K\u0131z\u0131l\" \/>\n<meta name=\"twitter:card\" content=\"summary_large_image\" \/>\n<meta name=\"twitter:label1\" content=\"Written by\" \/>\n\t<meta name=\"twitter:data1\" content=\"Av. Deniz Can K\u0131z\u0131l\" \/>\n\t<meta name=\"twitter:label2\" content=\"Estimated reading time\" \/>\n\t<meta name=\"twitter:data2\" content=\"9 minutes\" \/>\n<script type=\"application\/ld+json\" class=\"yoast-schema-graph\">{\"@context\":\"https:\/\/schema.org\",\"@graph\":[{\"@type\":\"Article\",\"@id\":\"https:\/\/denizcankizil.tr\/ru\/koseyazilari\/degerlendirme\/uyusturucu-suclari-kullanim-ve-ticaret-arasindaki-farklar\/#article\",\"isPartOf\":{\"@id\":\"https:\/\/denizcankizil.tr\/ru\/koseyazilari\/degerlendirme\/uyusturucu-suclari-kullanim-ve-ticaret-arasindaki-farklar\/\"},\"author\":{\"name\":\"Av. Deniz Can K\u0131z\u0131l\",\"@id\":\"https:\/\/denizcankizil.tr\/de\/#\/schema\/person\/5dc1b22991bd7ac833867c10afc9b0ff\"},\"headline\":\"Uyu\u015fturucu Su\u00e7lar\u0131: Kullan\u0131m ve Ticaret Aras\u0131ndaki Farklar\",\"datePublished\":\"2025-05-06T12:39:49+00:00\",\"mainEntityOfPage\":{\"@id\":\"https:\/\/denizcankizil.tr\/ru\/koseyazilari\/degerlendirme\/uyusturucu-suclari-kullanim-ve-ticaret-arasindaki-farklar\/\"},\"wordCount\":1767,\"commentCount\":0,\"publisher\":{\"@id\":\"https:\/\/denizcankizil.tr\/de\/#organization\"},\"image\":{\"@id\":\"https:\/\/denizcankizil.tr\/ru\/koseyazilari\/degerlendirme\/uyusturucu-suclari-kullanim-ve-ticaret-arasindaki-farklar\/#primaryimage\"},\"thumbnailUrl\":\"https:\/\/denizcankizil.tr\/wp-content\/uploads\/2024\/10\/1LHFk-253D.jpg\",\"articleSection\":[\"De\u011ferlendirme\"],\"inLanguage\":\"en-GB\",\"potentialAction\":[{\"@type\":\"CommentAction\",\"name\":\"Comment\",\"target\":[\"https:\/\/denizcankizil.tr\/ru\/koseyazilari\/degerlendirme\/uyusturucu-suclari-kullanim-ve-ticaret-arasindaki-farklar\/#respond\"]}]},{\"@type\":\"WebPage\",\"@id\":\"https:\/\/denizcankizil.tr\/ru\/koseyazilari\/degerlendirme\/uyusturucu-suclari-kullanim-ve-ticaret-arasindaki-farklar\/\",\"url\":\"https:\/\/denizcankizil.tr\/ru\/koseyazilari\/degerlendirme\/uyusturucu-suclari-kullanim-ve-ticaret-arasindaki-farklar\/\",\"name\":\"Uyu\u015fturucu Su\u00e7lar\u0131: Kullan\u0131m ve Ticaret Aras\u0131ndaki Farklar - Av. Deniz Can K\u0131z\u0131l\",\"isPartOf\":{\"@id\":\"https:\/\/denizcankizil.tr\/de\/#website\"},\"primaryImageOfPage\":{\"@id\":\"https:\/\/denizcankizil.tr\/ru\/koseyazilari\/degerlendirme\/uyusturucu-suclari-kullanim-ve-ticaret-arasindaki-farklar\/#primaryimage\"},\"image\":{\"@id\":\"https:\/\/denizcankizil.tr\/ru\/koseyazilari\/degerlendirme\/uyusturucu-suclari-kullanim-ve-ticaret-arasindaki-farklar\/#primaryimage\"},\"thumbnailUrl\":\"https:\/\/denizcankizil.tr\/wp-content\/uploads\/2024\/10\/1LHFk-253D.jpg\",\"datePublished\":\"2025-05-06T12:39:49+00:00\",\"breadcrumb\":{\"@id\":\"https:\/\/denizcankizil.tr\/ru\/koseyazilari\/degerlendirme\/uyusturucu-suclari-kullanim-ve-ticaret-arasindaki-farklar\/#breadcrumb\"},\"inLanguage\":\"en-GB\",\"potentialAction\":[{\"@type\":\"ReadAction\",\"target\":[\"https:\/\/denizcankizil.tr\/ru\/koseyazilari\/degerlendirme\/uyusturucu-suclari-kullanim-ve-ticaret-arasindaki-farklar\/\"]}]},{\"@type\":\"ImageObject\",\"inLanguage\":\"en-GB\",\"@id\":\"https:\/\/denizcankizil.tr\/ru\/koseyazilari\/degerlendirme\/uyusturucu-suclari-kullanim-ve-ticaret-arasindaki-farklar\/#primaryimage\",\"url\":\"https:\/\/denizcankizil.tr\/wp-content\/uploads\/2024\/10\/1LHFk-253D.jpg\",\"contentUrl\":\"https:\/\/denizcankizil.tr\/wp-content\/uploads\/2024\/10\/1LHFk-253D.jpg\"},{\"@type\":\"BreadcrumbList\",\"@id\":\"https:\/\/denizcankizil.tr\/ru\/koseyazilari\/degerlendirme\/uyusturucu-suclari-kullanim-ve-ticaret-arasindaki-farklar\/#breadcrumb\",\"itemListElement\":[{\"@type\":\"ListItem\",\"position\":1,\"name\":\"Home\",\"item\":\"https:\/\/denizcankizil.tr\/de\/\"},{\"@type\":\"ListItem\",\"position\":2,\"name\":\"Uyu\u015fturucu Su\u00e7lar\u0131: Kullan\u0131m ve Ticaret Aras\u0131ndaki Farklar\"}]},{\"@type\":\"WebSite\",\"@id\":\"https:\/\/denizcankizil.tr\/de\/#website\",\"url\":\"https:\/\/denizcankizil.tr\/de\/\",\"name\":\"Av. Deniz Can K\u0131z\u0131l\",\"description\":\"Avukat Deniz Can K\u0131z\u0131l Antalya Barosu\",\"publisher\":{\"@id\":\"https:\/\/denizcankizil.tr\/de\/#organization\"},\"potentialAction\":[{\"@type\":\"SearchAction\",\"target\":{\"@type\":\"EntryPoint\",\"urlTemplate\":\"https:\/\/denizcankizil.tr\/de\/?s={search_term_string}\"},\"query-input\":{\"@type\":\"PropertyValueSpecification\",\"valueRequired\":true,\"valueName\":\"search_term_string\"}}],\"inLanguage\":\"en-GB\"},{\"@type\":\"Organization\",\"@id\":\"https:\/\/denizcankizil.tr\/de\/#organization\",\"name\":\"Av. Deniz Can K\u0131z\u0131l\",\"url\":\"https:\/\/denizcankizil.tr\/de\/\",\"logo\":{\"@type\":\"ImageObject\",\"inLanguage\":\"en-GB\",\"@id\":\"https:\/\/denizcankizil.tr\/de\/#\/schema\/logo\/image\/\",\"url\":\"https:\/\/denizcankizil.tr\/wp-content\/uploads\/2024\/10\/siyah-logo-svg.svg\",\"contentUrl\":\"https:\/\/denizcankizil.tr\/wp-content\/uploads\/2024\/10\/siyah-logo-svg.svg\",\"width\":1080,\"height\":1080,\"caption\":\"Av. Deniz Can K\u0131z\u0131l\"},\"image\":{\"@id\":\"https:\/\/denizcankizil.tr\/de\/#\/schema\/logo\/image\/\"}},{\"@type\":\"Person\",\"@id\":\"https:\/\/denizcankizil.tr\/de\/#\/schema\/person\/5dc1b22991bd7ac833867c10afc9b0ff\",\"name\":\"Av. Deniz Can K\u0131z\u0131l\",\"image\":{\"@type\":\"ImageObject\",\"inLanguage\":\"en-GB\",\"@id\":\"https:\/\/denizcankizil.tr\/de\/#\/schema\/person\/image\/\",\"url\":\"https:\/\/secure.gravatar.com\/avatar\/a0b128fb9855c79efc976d5640eedb31dc35ec297594d6016d2cf7c60e975bb6?s=96&d=mm&r=g\",\"contentUrl\":\"https:\/\/secure.gravatar.com\/avatar\/a0b128fb9855c79efc976d5640eedb31dc35ec297594d6016d2cf7c60e975bb6?s=96&d=mm&r=g\",\"caption\":\"Av. Deniz Can K\u0131z\u0131l\"},\"sameAs\":[\"http:\/\/www.denizcankizil.tr\"],\"url\":\"https:\/\/denizcankizil.tr\/en\/author\/denizcankizil\/\"}]}<\/script>\n<!-- \/ Yoast SEO Premium plugin. -->","yoast_head_json":{"title":"Uyu\u015fturucu Su\u00e7lar\u0131: Kullan\u0131m ve Ticaret Aras\u0131ndaki Farklar - Av. Deniz Can K\u0131z\u0131l","robots":{"index":"index","follow":"follow","max-snippet":"max-snippet:-1","max-image-preview":"max-image-preview:large","max-video-preview":"max-video-preview:-1"},"canonical":"https:\/\/denizcankizil.tr\/en\/koseyazilari\/degerlendirme\/uyusturucu-suclari-kullanim-ve-ticaret-arasindaki-farklar\/","og_locale":"en_GB","og_type":"article","og_title":"Uyu\u015fturucu Su\u00e7lar\u0131: Kullan\u0131m ve Ticaret Aras\u0131ndaki Farklar","og_description":"Uyu\u015fturucu su\u00e7lar\u0131, kullan\u0131m ve ticaret olarak iki ana kategoriye ayr\u0131lmaktad\u0131r. Kullan\u0131m, bireylerin ki\u015fisel ihtiya\u00e7lar\u0131 do\u011frultusunda maddeye eri\u015fimini ifade ederken; ticaret, bu maddelerin \u00fcretimi, da\u011f\u0131t\u0131m\u0131 ve sat\u0131\u015f\u0131yla ilgili yasad\u0131\u015f\u0131 faaliyetleri kapsamaktad\u0131r.","og_url":"https:\/\/denizcankizil.tr\/en\/koseyazilari\/degerlendirme\/uyusturucu-suclari-kullanim-ve-ticaret-arasindaki-farklar\/","og_site_name":"Av. Deniz Can K\u0131z\u0131l","article_published_time":"2025-05-06T12:39:49+00:00","og_image":[{"url":"https:\/\/denizcankizil.tr\/wp-content\/uploads\/2024\/10\/1LHFk-253D.jpg","type":"","width":"","height":""}],"author":"Av. Deniz Can K\u0131z\u0131l","twitter_card":"summary_large_image","twitter_misc":{"Written by":"Av. Deniz Can K\u0131z\u0131l","Estimated reading time":"9 minutes"},"schema":{"@context":"https:\/\/schema.org","@graph":[{"@type":"Article","@id":"https:\/\/denizcankizil.tr\/ru\/koseyazilari\/degerlendirme\/uyusturucu-suclari-kullanim-ve-ticaret-arasindaki-farklar\/#article","isPartOf":{"@id":"https:\/\/denizcankizil.tr\/ru\/koseyazilari\/degerlendirme\/uyusturucu-suclari-kullanim-ve-ticaret-arasindaki-farklar\/"},"author":{"name":"Av. Deniz Can K\u0131z\u0131l","@id":"https:\/\/denizcankizil.tr\/de\/#\/schema\/person\/5dc1b22991bd7ac833867c10afc9b0ff"},"headline":"Uyu\u015fturucu Su\u00e7lar\u0131: Kullan\u0131m ve Ticaret Aras\u0131ndaki Farklar","datePublished":"2025-05-06T12:39:49+00:00","mainEntityOfPage":{"@id":"https:\/\/denizcankizil.tr\/ru\/koseyazilari\/degerlendirme\/uyusturucu-suclari-kullanim-ve-ticaret-arasindaki-farklar\/"},"wordCount":1767,"commentCount":0,"publisher":{"@id":"https:\/\/denizcankizil.tr\/de\/#organization"},"image":{"@id":"https:\/\/denizcankizil.tr\/ru\/koseyazilari\/degerlendirme\/uyusturucu-suclari-kullanim-ve-ticaret-arasindaki-farklar\/#primaryimage"},"thumbnailUrl":"https:\/\/denizcankizil.tr\/wp-content\/uploads\/2024\/10\/1LHFk-253D.jpg","articleSection":["De\u011ferlendirme"],"inLanguage":"en-GB","potentialAction":[{"@type":"CommentAction","name":"Comment","target":["https:\/\/denizcankizil.tr\/ru\/koseyazilari\/degerlendirme\/uyusturucu-suclari-kullanim-ve-ticaret-arasindaki-farklar\/#respond"]}]},{"@type":"WebPage","@id":"https:\/\/denizcankizil.tr\/ru\/koseyazilari\/degerlendirme\/uyusturucu-suclari-kullanim-ve-ticaret-arasindaki-farklar\/","url":"https:\/\/denizcankizil.tr\/ru\/koseyazilari\/degerlendirme\/uyusturucu-suclari-kullanim-ve-ticaret-arasindaki-farklar\/","name":"Uyu\u015fturucu Su\u00e7lar\u0131: Kullan\u0131m ve Ticaret Aras\u0131ndaki Farklar - Av. Deniz Can K\u0131z\u0131l","isPartOf":{"@id":"https:\/\/denizcankizil.tr\/de\/#website"},"primaryImageOfPage":{"@id":"https:\/\/denizcankizil.tr\/ru\/koseyazilari\/degerlendirme\/uyusturucu-suclari-kullanim-ve-ticaret-arasindaki-farklar\/#primaryimage"},"image":{"@id":"https:\/\/denizcankizil.tr\/ru\/koseyazilari\/degerlendirme\/uyusturucu-suclari-kullanim-ve-ticaret-arasindaki-farklar\/#primaryimage"},"thumbnailUrl":"https:\/\/denizcankizil.tr\/wp-content\/uploads\/2024\/10\/1LHFk-253D.jpg","datePublished":"2025-05-06T12:39:49+00:00","breadcrumb":{"@id":"https:\/\/denizcankizil.tr\/ru\/koseyazilari\/degerlendirme\/uyusturucu-suclari-kullanim-ve-ticaret-arasindaki-farklar\/#breadcrumb"},"inLanguage":"en-GB","potentialAction":[{"@type":"ReadAction","target":["https:\/\/denizcankizil.tr\/ru\/koseyazilari\/degerlendirme\/uyusturucu-suclari-kullanim-ve-ticaret-arasindaki-farklar\/"]}]},{"@type":"ImageObject","inLanguage":"en-GB","@id":"https:\/\/denizcankizil.tr\/ru\/koseyazilari\/degerlendirme\/uyusturucu-suclari-kullanim-ve-ticaret-arasindaki-farklar\/#primaryimage","url":"https:\/\/denizcankizil.tr\/wp-content\/uploads\/2024\/10\/1LHFk-253D.jpg","contentUrl":"https:\/\/denizcankizil.tr\/wp-content\/uploads\/2024\/10\/1LHFk-253D.jpg"},{"@type":"BreadcrumbList","@id":"https:\/\/denizcankizil.tr\/ru\/koseyazilari\/degerlendirme\/uyusturucu-suclari-kullanim-ve-ticaret-arasindaki-farklar\/#breadcrumb","itemListElement":[{"@type":"ListItem","position":1,"name":"Home","item":"https:\/\/denizcankizil.tr\/de\/"},{"@type":"ListItem","position":2,"name":"Uyu\u015fturucu Su\u00e7lar\u0131: Kullan\u0131m ve Ticaret Aras\u0131ndaki Farklar"}]},{"@type":"WebSite","@id":"https:\/\/denizcankizil.tr\/de\/#website","url":"https:\/\/denizcankizil.tr\/de\/","name":"Av. Deniz Can K\u0131z\u0131l","description":"Avukat Deniz Can K\u0131z\u0131l Antalya Barosu","publisher":{"@id":"https:\/\/denizcankizil.tr\/de\/#organization"},"potentialAction":[{"@type":"SearchAction","target":{"@type":"EntryPoint","urlTemplate":"https:\/\/denizcankizil.tr\/de\/?s={search_term_string}"},"query-input":{"@type":"PropertyValueSpecification","valueRequired":true,"valueName":"search_term_string"}}],"inLanguage":"en-GB"},{"@type":"Organization","@id":"https:\/\/denizcankizil.tr\/de\/#organization","name":"Av. Deniz Can K\u0131z\u0131l","url":"https:\/\/denizcankizil.tr\/de\/","logo":{"@type":"ImageObject","inLanguage":"en-GB","@id":"https:\/\/denizcankizil.tr\/de\/#\/schema\/logo\/image\/","url":"https:\/\/denizcankizil.tr\/wp-content\/uploads\/2024\/10\/siyah-logo-svg.svg","contentUrl":"https:\/\/denizcankizil.tr\/wp-content\/uploads\/2024\/10\/siyah-logo-svg.svg","width":1080,"height":1080,"caption":"Av. Deniz Can K\u0131z\u0131l"},"image":{"@id":"https:\/\/denizcankizil.tr\/de\/#\/schema\/logo\/image\/"}},{"@type":"Person","@id":"https:\/\/denizcankizil.tr\/de\/#\/schema\/person\/5dc1b22991bd7ac833867c10afc9b0ff","name":"Av. Deniz Can K\u0131z\u0131l","image":{"@type":"ImageObject","inLanguage":"en-GB","@id":"https:\/\/denizcankizil.tr\/de\/#\/schema\/person\/image\/","url":"https:\/\/secure.gravatar.com\/avatar\/a0b128fb9855c79efc976d5640eedb31dc35ec297594d6016d2cf7c60e975bb6?s=96&d=mm&r=g","contentUrl":"https:\/\/secure.gravatar.com\/avatar\/a0b128fb9855c79efc976d5640eedb31dc35ec297594d6016d2cf7c60e975bb6?s=96&d=mm&r=g","caption":"Av. Deniz Can K\u0131z\u0131l"},"sameAs":["http:\/\/www.denizcankizil.tr"],"url":"https:\/\/denizcankizil.tr\/en\/author\/denizcankizil\/"}]}},"_links":{"self":[{"href":"https:\/\/denizcankizil.tr\/en\/wp-json\/wp\/v2\/posts\/78009","targetHints":{"allow":["GET"]}}],"collection":[{"href":"https:\/\/denizcankizil.tr\/en\/wp-json\/wp\/v2\/posts"}],"about":[{"href":"https:\/\/denizcankizil.tr\/en\/wp-json\/wp\/v2\/types\/post"}],"author":[{"embeddable":true,"href":"https:\/\/denizcankizil.tr\/en\/wp-json\/wp\/v2\/users\/4"}],"replies":[{"embeddable":true,"href":"https:\/\/denizcankizil.tr\/en\/wp-json\/wp\/v2\/comments?post=78009"}],"version-history":[{"count":0,"href":"https:\/\/denizcankizil.tr\/en\/wp-json\/wp\/v2\/posts\/78009\/revisions"}],"wp:attachment":[{"href":"https:\/\/denizcankizil.tr\/en\/wp-json\/wp\/v2\/media?parent=78009"}],"wp:term":[{"taxonomy":"category","embeddable":true,"href":"https:\/\/denizcankizil.tr\/en\/wp-json\/wp\/v2\/categories?post=78009"},{"taxonomy":"post_tag","embeddable":true,"href":"https:\/\/denizcankizil.tr\/en\/wp-json\/wp\/v2\/tags?post=78009"}],"curies":[{"name":"wp","href":"https:\/\/api.w.org\/{rel}","templated":true}]}}