{"id":77871,"date":"2025-05-06T12:41:44","date_gmt":"2025-05-06T09:41:44","guid":{"rendered":"https:\/\/denizcankizil.tr\/uncategorized-tr\/antalyada-emniyet-muduru-acikladi-kentte-buna-kesinlikle-izin-verilmeyecek\/"},"modified":"2025-05-06T12:41:44","modified_gmt":"2025-05-06T09:41:44","slug":"antalyada-emniyet-muduru-acikladi-kentte-buna-kesinlikle-izin-verilmeyecek","status":"publish","type":"post","link":"https:\/\/denizcankizil.tr\/en\/haberler\/gundem\/antalyada-emniyet-muduru-acikladi-kentte-buna-kesinlikle-izin-verilmeyecek\/","title":{"rendered":"Antalya\u2019da Emniyet M\u00fcd\u00fcr\u00fc a\u00e7\u0131klad\u0131: &#8220;Kentte buna kesinlikle izin verilmeyecek&#8221;"},"content":{"rendered":"<p>Antalya Gazeteciler Cemiyeti\u2019nin ba\u015flatt\u0131\u011f\u0131 \u201cBas\u0131n Sohbetleri\u201d serisinin May\u0131s konu\u011fu Antalya \u0130l Emniyet M\u00fcd\u00fcr\u00fc \u0130lker Arslan oldu. Gazeteciler cemiyeti lokalinde ger\u00e7ekle\u015ftirilen toplant\u0131da kat\u0131l\u0131mc\u0131lara geleneksel kahvalt\u0131 ikram edildi. Arslan\u2019\u0131n g\u00fcndeminde \u015fehrin trafi\u011fi ba\u015fta olmak \u00fczere pek \u00e7ok konu vard\u0131.<\/p>\n<p>&#8220;SES K\u0130RL\u0130L\u0130\u011e\u0130NE M\u00dcSAADE ETMEYECE\u011e\u0130Z&#8221;<\/p>\n<p>Antalya\u2019n\u0131n sadece T\u00fcrkiye\u2019nin de\u011fil d\u00fcnyan\u0131n da en \u00f6nemli turizm kenti oldu\u011funu ifade eden Arslan, \u201c\u00d6zellikle e\u011flence ad\u0131 atl\u0131nda ses kirlili\u011fine m\u00fcsaade etmeyece\u011fiz. Toplumun huzuru i\u00e7in polisin yan\u0131nda toplumun da katk\u0131s\u0131 \u00f6nemlidir. Bu hafta trafik haftas\u0131 olmas\u0131 nedeniyle trafik ba\u015fta olmak \u00fczere t\u00fcm birimlerimiz ile \u00e7al\u0131\u015fmalar\u0131m\u0131z devam ediyor. Yapt\u0131klar\u0131m\u0131z\u0131 s\u0131k s\u0131k sizinle payla\u015f\u0131yoruz. Ben g\u00f6reve geldi\u011fimden beri bas\u0131n\u0131n do\u011fru ve h\u0131zl\u0131 bilgilendirmesine \u00f6nem verdim. Arkada\u015flar\u0131ma bu konuda cimri davranmamalar\u0131n\u0131 s\u00f6yledim. Toplum destekli polislerimiz ile vatanda\u015flar\u0131m\u0131z ile daha yak\u0131n ili\u015fki kuruyoruz\u201d dedi.<\/p>\n<p>&#8220;KEND\u0130M\u0130Z\u0130 GEL\u0130\u015eT\u0130RMEK ZORUNDAYIZ&#8221;<\/p>\n<p>Gazetecilerin sorunlar\u0131n \u00e7\u00f6z\u00fcm\u00fc noktas\u0131nda kentin \u00f6nemli payda\u015flar\u0131 aras\u0131nda yer ald\u0131\u011f\u0131n\u0131 ifade eden Arslan, \u201cSizler de g\u00f6r\u00fc\u015flerinizi ve \u00f6nerilerinizi bizimle payla\u015f\u0131n. Hep birlikte daha g\u00fcvenli bir ya\u015fam olu\u015fturmak istiyoruz. Biz su\u00e7lulara bug\u00fcne kadar m\u00fcsaade etmedi\u011fimiz gibi bundan sonra da m\u00fcsaade etmeyece\u011fiz. Teknolojinin \u00fcst seviyede kullan\u0131ld\u0131\u011f\u0131 bili\u015fim su\u00e7lar\u0131n\u0131n artt\u0131\u011f\u0131 bir d\u00f6nemde ya\u015f\u0131yoruz. B\u00fct\u00fcn bunlar adli makamlar\u0131n ve polisin i\u015fg\u00fcc\u00fcn\u00fc artt\u0131r\u0131yor. Biz bunlarla m\u00fccadele konusunda devaml\u0131 kendimizi geli\u015ftirmek zorunday\u0131z. \u00c7\u00fcnk\u00fc su\u00e7luluklar su\u00e7 \u00e7e\u015fitlerinde her zaman bir ad\u0131m \u00f6ndedir, biz bunlar\u0131n pe\u015finden ko\u015fmaktansa bunlar\u0131n \u00f6n\u00fcnde olmam\u0131z gerekir\u201d a\u00e7\u0131klamas\u0131na yer verdi.<\/p>\n<p>&#8220;GEREKL\u0130 E\u011e\u0130T\u0130MLER\u0130 VER\u0130YORUZ&#8221;<\/p>\n<p>Emniyet m\u00fcd\u00fcrl\u00fc\u011f\u00fc olarak su\u00e7 oran\u0131n d\u00fc\u015f\u00fcr\u00fclmesi ve g\u00fcvenin sa\u011flanmas\u0131 noktas\u0131nda \u00e7al\u0131\u015fmalara durmadan devam ettiklerini ifade eden Arslan, \u201cBir\u00e7ok noktada e\u011fitim programlar\u0131m\u0131z var. Bug\u00fcn kre\u015flerden ba\u015flayarak bu yavrular\u0131m\u0131z\u0131 gelece\u011fin mimar\u0131 olarak g\u00f6r\u00fcyor, gerekli e\u011fitimleri veriyoruz. Toplumun huzurunu bozan \u015fehir e\u015fk\u0131yalar\u0131na izin vermeyece\u011fiz. Devletimize meydan okuyanlar her zaman kar\u015f\u0131lar\u0131nda T\u00fcrk polisinin demir yumru\u011funu bulacak. Biz sadece bug\u00fcn\u00fcn de\u011fil yar\u0131n\u0131n da sorumlulu\u011funu ta\u015f\u0131yoruz\u201d dedi.<\/p>\n<p>&#8220;HER \u0130HBARI DE\u011eERLEND\u0130R\u0130YORUZ&#8221;<\/p>\n<p>Uyu\u015fturucunun karanl\u0131k yap\u0131lar\u0131n en b\u00fcy\u00fck ara\u00e7lar\u0131ndan birisi oldu\u011funu ifade eden Arslan, \u201cHi\u00e7bir alan\u0131 bo\u015f b\u0131rakm\u0131yoruz, her ihbar\u0131 en iyi \u015fekilde de\u011ferlendiriyoruz. Hep birlikte hareket etmek zorunday\u0131z. Antalya\u2019n\u0131n spor g\u00fcc\u00fc de \u00f6nem ifade ediyor. Bu anlamda 1\u2019inci lige ula\u015fan Serikspor\u2019u tebrik ediyorum\u201d s\u00f6zlerine yer verdi.<\/p>\n<p>\u200bAntalya\u2019da gazeteciler ile bir araya gelen \u0130l Emniyet M\u00fcd\u00fcr\u00fc \u0130lker Arslan, \u00f6nemli a\u00e7\u0131klamalarda bulundu. Arslan, kentte kesiklikle izin verilmeyecekleri baz\u0131 durumlar\u0131 da a\u00e7\u0131klad\u0131.\u00a0<\/p>\n<p>\u200bHaberin Al\u0131nt\u0131land\u0131\u011f\u0131 Kaynak: www.antalyakorfez.com<\/p>","protected":false},"excerpt":{"rendered":"<p>Antalya Gazeteciler Cemiyeti\u2019nin ba\u015flatt\u0131\u011f\u0131 \u201cBas\u0131n Sohbetleri\u201d serisinin May\u0131s konu\u011fu Antalya \u0130l Emniyet M\u00fcd\u00fcr\u00fc \u0130lker Arslan oldu. Gazeteciler cemiyeti lokalinde ger\u00e7ekle\u015ftirilen toplant\u0131da kat\u0131l\u0131mc\u0131lara geleneksel kahvalt\u0131 ikram edildi. Arslan\u2019\u0131n g\u00fcndeminde \u015fehrin trafi\u011fi ba\u015fta olmak \u00fczere pek \u00e7ok konu vard\u0131. &#8220;SES K\u0130RL\u0130L\u0130\u011e\u0130NE M\u00dcSAADE ETMEYECE\u011e\u0130Z&#8221; Antalya\u2019n\u0131n sadece T\u00fcrkiye\u2019nin de\u011fil d\u00fcnyan\u0131n da en \u00f6nemli turizm kenti oldu\u011funu ifade eden Arslan, \u201c\u00d6zellikle e\u011flence ad\u0131 atl\u0131nda ses kirlili\u011fine m\u00fcsaade etmeyece\u011fiz. Toplumun huzuru i\u00e7in polisin yan\u0131nda toplumun da katk\u0131s\u0131 \u00f6nemlidir. Bu hafta trafik haftas\u0131 olmas\u0131 nedeniyle trafik ba\u015fta olmak \u00fczere t\u00fcm birimlerimiz ile \u00e7al\u0131\u015fmalar\u0131m\u0131z devam ediyor. Yapt\u0131klar\u0131m\u0131z\u0131 s\u0131k s\u0131k sizinle payla\u015f\u0131yoruz. Ben g\u00f6reve geldi\u011fimden beri bas\u0131n\u0131n do\u011fru ve h\u0131zl\u0131 bilgilendirmesine \u00f6nem verdim. Arkada\u015flar\u0131ma bu konuda cimri davranmamalar\u0131n\u0131 s\u00f6yledim. Toplum destekli polislerimiz ile vatanda\u015flar\u0131m\u0131z ile daha yak\u0131n ili\u015fki kuruyoruz\u201d dedi. &#8220;KEND\u0130M\u0130Z\u0130 GEL\u0130\u015eT\u0130RMEK ZORUNDAYIZ&#8221; Gazetecilerin sorunlar\u0131n \u00e7\u00f6z\u00fcm\u00fc noktas\u0131nda kentin \u00f6nemli payda\u015flar\u0131 aras\u0131nda yer ald\u0131\u011f\u0131n\u0131 ifade eden Arslan, \u201cSizler de g\u00f6r\u00fc\u015flerinizi ve \u00f6nerilerinizi bizimle payla\u015f\u0131n. Hep birlikte daha g\u00fcvenli bir ya\u015fam olu\u015fturmak istiyoruz. Biz su\u00e7lulara bug\u00fcne kadar m\u00fcsaade etmedi\u011fimiz gibi bundan sonra da m\u00fcsaade etmeyece\u011fiz. Teknolojinin \u00fcst seviyede kullan\u0131ld\u0131\u011f\u0131 bili\u015fim su\u00e7lar\u0131n\u0131n artt\u0131\u011f\u0131 bir d\u00f6nemde ya\u015f\u0131yoruz. B\u00fct\u00fcn bunlar adli makamlar\u0131n ve polisin i\u015fg\u00fcc\u00fcn\u00fc artt\u0131r\u0131yor. Biz bunlarla m\u00fccadele konusunda devaml\u0131 kendimizi geli\u015ftirmek zorunday\u0131z. \u00c7\u00fcnk\u00fc su\u00e7luluklar su\u00e7 \u00e7e\u015fitlerinde her zaman bir ad\u0131m \u00f6ndedir, biz &hellip;<\/p>","protected":false},"author":5,"featured_media":0,"comment_status":"","ping_status":"open","sticky":false,"template":"","format":"standard","meta":{"_acf_changed":false,"footnotes":""},"categories":[24],"tags":[],"class_list":["post-77871","post","type-post","status-publish","format-standard","has-post-thumbnail","hentry","category-gundem"],"acf":[],"yoast_head":"<!-- This site is optimized with the Yoast SEO Premium plugin v26.6 (Yoast SEO v27.1.1) - https:\/\/yoast.com\/product\/yoast-seo-premium-wordpress\/ -->\n<title>Antalya\u2019da Emniyet M\u00fcd\u00fcr\u00fc a\u00e7\u0131klad\u0131: &quot;Kentte buna kesinlikle izin verilmeyecek&quot; - Av. Deniz Can K\u0131z\u0131l<\/title>\n<meta name=\"robots\" content=\"index, follow, max-snippet:-1, max-image-preview:large, max-video-preview:-1\" \/>\n<link rel=\"canonical\" href=\"https:\/\/denizcankizil.tr\/en\/haberler\/gundem\/antalyada-emniyet-muduru-acikladi-kentte-buna-kesinlikle-izin-verilmeyecek\/\" \/>\n<meta property=\"og:locale\" content=\"en_GB\" \/>\n<meta property=\"og:type\" content=\"article\" \/>\n<meta property=\"og:title\" content=\"Antalya\u2019da Emniyet M\u00fcd\u00fcr\u00fc a\u00e7\u0131klad\u0131: &quot;Kentte buna kesinlikle izin verilmeyecek&quot;\" \/>\n<meta property=\"og:description\" content=\"Antalya Gazeteciler Cemiyeti\u2019nin ba\u015flatt\u0131\u011f\u0131 \u201cBas\u0131n Sohbetleri\u201d serisinin May\u0131s konu\u011fu Antalya \u0130l Emniyet M\u00fcd\u00fcr\u00fc \u0130lker Arslan oldu. Gazeteciler cemiyeti lokalinde ger\u00e7ekle\u015ftirilen toplant\u0131da kat\u0131l\u0131mc\u0131lara geleneksel kahvalt\u0131 ikram edildi. Arslan\u2019\u0131n g\u00fcndeminde \u015fehrin trafi\u011fi ba\u015fta olmak \u00fczere pek \u00e7ok konu vard\u0131. &#8220;SES K\u0130RL\u0130L\u0130\u011e\u0130NE M\u00dcSAADE ETMEYECE\u011e\u0130Z&#8221; Antalya\u2019n\u0131n sadece T\u00fcrkiye\u2019nin de\u011fil d\u00fcnyan\u0131n da en \u00f6nemli turizm kenti oldu\u011funu ifade eden Arslan, \u201c\u00d6zellikle e\u011flence ad\u0131 atl\u0131nda ses kirlili\u011fine m\u00fcsaade etmeyece\u011fiz. Toplumun huzuru i\u00e7in polisin yan\u0131nda toplumun da katk\u0131s\u0131 \u00f6nemlidir. Bu hafta trafik haftas\u0131 olmas\u0131 nedeniyle trafik ba\u015fta olmak \u00fczere t\u00fcm birimlerimiz ile \u00e7al\u0131\u015fmalar\u0131m\u0131z devam ediyor. Yapt\u0131klar\u0131m\u0131z\u0131 s\u0131k s\u0131k sizinle payla\u015f\u0131yoruz. Ben g\u00f6reve geldi\u011fimden beri bas\u0131n\u0131n do\u011fru ve h\u0131zl\u0131 bilgilendirmesine \u00f6nem verdim. Arkada\u015flar\u0131ma bu konuda cimri davranmamalar\u0131n\u0131 s\u00f6yledim. Toplum destekli polislerimiz ile vatanda\u015flar\u0131m\u0131z ile daha yak\u0131n ili\u015fki kuruyoruz\u201d dedi. &#8220;KEND\u0130M\u0130Z\u0130 GEL\u0130\u015eT\u0130RMEK ZORUNDAYIZ&#8221; Gazetecilerin sorunlar\u0131n \u00e7\u00f6z\u00fcm\u00fc noktas\u0131nda kentin \u00f6nemli payda\u015flar\u0131 aras\u0131nda yer ald\u0131\u011f\u0131n\u0131 ifade eden Arslan, \u201cSizler de g\u00f6r\u00fc\u015flerinizi ve \u00f6nerilerinizi bizimle payla\u015f\u0131n. Hep birlikte daha g\u00fcvenli bir ya\u015fam olu\u015fturmak istiyoruz. Biz su\u00e7lulara bug\u00fcne kadar m\u00fcsaade etmedi\u011fimiz gibi bundan sonra da m\u00fcsaade etmeyece\u011fiz. Teknolojinin \u00fcst seviyede kullan\u0131ld\u0131\u011f\u0131 bili\u015fim su\u00e7lar\u0131n\u0131n artt\u0131\u011f\u0131 bir d\u00f6nemde ya\u015f\u0131yoruz. B\u00fct\u00fcn bunlar adli makamlar\u0131n ve polisin i\u015fg\u00fcc\u00fcn\u00fc artt\u0131r\u0131yor. Biz bunlarla m\u00fccadele konusunda devaml\u0131 kendimizi geli\u015ftirmek zorunday\u0131z. \u00c7\u00fcnk\u00fc su\u00e7luluklar su\u00e7 \u00e7e\u015fitlerinde her zaman bir ad\u0131m \u00f6ndedir, biz &hellip;\" \/>\n<meta property=\"og:url\" content=\"https:\/\/denizcankizil.tr\/en\/haberler\/gundem\/antalyada-emniyet-muduru-acikladi-kentte-buna-kesinlikle-izin-verilmeyecek\/\" \/>\n<meta property=\"og:site_name\" content=\"Av. Deniz Can K\u0131z\u0131l\" \/>\n<meta property=\"article:published_time\" content=\"2025-05-06T09:41:44+00:00\" \/>\n<meta name=\"author\" content=\"Antalya K\u00f6rfez\" \/>\n<meta name=\"twitter:card\" content=\"summary_large_image\" \/>\n<meta name=\"twitter:label1\" content=\"Written by\" \/>\n\t<meta name=\"twitter:data1\" content=\"Antalya K\u00f6rfez\" \/>\n\t<meta name=\"twitter:label2\" content=\"Estimated reading time\" \/>\n\t<meta name=\"twitter:data2\" content=\"3 minutes\" \/>\n<script type=\"application\/ld+json\" class=\"yoast-schema-graph\">{\"@context\":\"https:\/\/schema.org\",\"@graph\":[{\"@type\":\"Article\",\"@id\":\"https:\/\/denizcankizil.tr\/ru\/haberler\/gundem\/antalyada-emniyet-muduru-acikladi-kentte-buna-kesinlikle-izin-verilmeyecek\/#article\",\"isPartOf\":{\"@id\":\"https:\/\/denizcankizil.tr\/ru\/haberler\/gundem\/antalyada-emniyet-muduru-acikladi-kentte-buna-kesinlikle-izin-verilmeyecek\/\"},\"author\":{\"name\":\"Antalya K\u00f6rfez\",\"@id\":\"https:\/\/denizcankizil.tr\/de\/#\/schema\/person\/e1eb71bb4dd684d46563f0af307e1234\"},\"headline\":\"Antalya\u2019da Emniyet M\u00fcd\u00fcr\u00fc a\u00e7\u0131klad\u0131: &#8220;Kentte buna kesinlikle izin verilmeyecek&#8221;\",\"datePublished\":\"2025-05-06T09:41:44+00:00\",\"mainEntityOfPage\":{\"@id\":\"https:\/\/denizcankizil.tr\/ru\/haberler\/gundem\/antalyada-emniyet-muduru-acikladi-kentte-buna-kesinlikle-izin-verilmeyecek\/\"},\"wordCount\":548,\"publisher\":{\"@id\":\"https:\/\/denizcankizil.tr\/de\/#organization\"},\"articleSection\":[\"G\u00fcndem\"],\"inLanguage\":\"en-GB\"},{\"@type\":\"WebPage\",\"@id\":\"https:\/\/denizcankizil.tr\/ru\/haberler\/gundem\/antalyada-emniyet-muduru-acikladi-kentte-buna-kesinlikle-izin-verilmeyecek\/\",\"url\":\"https:\/\/denizcankizil.tr\/ru\/haberler\/gundem\/antalyada-emniyet-muduru-acikladi-kentte-buna-kesinlikle-izin-verilmeyecek\/\",\"name\":\"Antalya\u2019da Emniyet M\u00fcd\u00fcr\u00fc a\u00e7\u0131klad\u0131: \\\"Kentte buna kesinlikle izin verilmeyecek\\\" - Av. Deniz Can K\u0131z\u0131l\",\"isPartOf\":{\"@id\":\"https:\/\/denizcankizil.tr\/de\/#website\"},\"datePublished\":\"2025-05-06T09:41:44+00:00\",\"breadcrumb\":{\"@id\":\"https:\/\/denizcankizil.tr\/ru\/haberler\/gundem\/antalyada-emniyet-muduru-acikladi-kentte-buna-kesinlikle-izin-verilmeyecek\/#breadcrumb\"},\"inLanguage\":\"en-GB\",\"potentialAction\":[{\"@type\":\"ReadAction\",\"target\":[\"https:\/\/denizcankizil.tr\/ru\/haberler\/gundem\/antalyada-emniyet-muduru-acikladi-kentte-buna-kesinlikle-izin-verilmeyecek\/\"]}]},{\"@type\":\"BreadcrumbList\",\"@id\":\"https:\/\/denizcankizil.tr\/ru\/haberler\/gundem\/antalyada-emniyet-muduru-acikladi-kentte-buna-kesinlikle-izin-verilmeyecek\/#breadcrumb\",\"itemListElement\":[{\"@type\":\"ListItem\",\"position\":1,\"name\":\"Home\",\"item\":\"https:\/\/denizcankizil.tr\/de\/\"},{\"@type\":\"ListItem\",\"position\":2,\"name\":\"Antalya\u2019da Emniyet M\u00fcd\u00fcr\u00fc a\u00e7\u0131klad\u0131: &#8220;Kentte buna kesinlikle izin verilmeyecek&#8221;\"}]},{\"@type\":\"WebSite\",\"@id\":\"https:\/\/denizcankizil.tr\/de\/#website\",\"url\":\"https:\/\/denizcankizil.tr\/de\/\",\"name\":\"Av. Deniz Can K\u0131z\u0131l\",\"description\":\"Avukat Deniz Can K\u0131z\u0131l Antalya Barosu\",\"publisher\":{\"@id\":\"https:\/\/denizcankizil.tr\/de\/#organization\"},\"potentialAction\":[{\"@type\":\"SearchAction\",\"target\":{\"@type\":\"EntryPoint\",\"urlTemplate\":\"https:\/\/denizcankizil.tr\/de\/?s={search_term_string}\"},\"query-input\":{\"@type\":\"PropertyValueSpecification\",\"valueRequired\":true,\"valueName\":\"search_term_string\"}}],\"inLanguage\":\"en-GB\"},{\"@type\":\"Organization\",\"@id\":\"https:\/\/denizcankizil.tr\/de\/#organization\",\"name\":\"Av. Deniz Can K\u0131z\u0131l\",\"url\":\"https:\/\/denizcankizil.tr\/de\/\",\"logo\":{\"@type\":\"ImageObject\",\"inLanguage\":\"en-GB\",\"@id\":\"https:\/\/denizcankizil.tr\/de\/#\/schema\/logo\/image\/\",\"url\":\"https:\/\/denizcankizil.tr\/wp-content\/uploads\/2024\/10\/siyah-logo-svg.svg\",\"contentUrl\":\"https:\/\/denizcankizil.tr\/wp-content\/uploads\/2024\/10\/siyah-logo-svg.svg\",\"width\":1080,\"height\":1080,\"caption\":\"Av. Deniz Can K\u0131z\u0131l\"},\"image\":{\"@id\":\"https:\/\/denizcankizil.tr\/de\/#\/schema\/logo\/image\/\"}},{\"@type\":\"Person\",\"@id\":\"https:\/\/denizcankizil.tr\/de\/#\/schema\/person\/e1eb71bb4dd684d46563f0af307e1234\",\"name\":\"Antalya K\u00f6rfez\",\"image\":{\"@type\":\"ImageObject\",\"inLanguage\":\"en-GB\",\"@id\":\"https:\/\/denizcankizil.tr\/de\/#\/schema\/person\/image\/\",\"url\":\"https:\/\/secure.gravatar.com\/avatar\/42b01982558a48a0b501fdcab6a408d3717ea5919095ee2e67b0e521799c5905?s=96&d=mm&r=g\",\"contentUrl\":\"https:\/\/secure.gravatar.com\/avatar\/42b01982558a48a0b501fdcab6a408d3717ea5919095ee2e67b0e521799c5905?s=96&d=mm&r=g\",\"caption\":\"Antalya K\u00f6rfez\"},\"sameAs\":[\"http:\/\/www.antalyakorfez.com\"],\"url\":\"https:\/\/www.antalyakorfez.com\/antalyada-emniyet-muduru-acikladi-kentte-buna-kesinlikle-izin-verilmeyecek\"}]}<\/script>\n<!-- \/ Yoast SEO Premium plugin. -->","yoast_head_json":{"title":"Antalya\u2019da Emniyet M\u00fcd\u00fcr\u00fc a\u00e7\u0131klad\u0131: \"Kentte buna kesinlikle izin verilmeyecek\" - Av. Deniz Can K\u0131z\u0131l","robots":{"index":"index","follow":"follow","max-snippet":"max-snippet:-1","max-image-preview":"max-image-preview:large","max-video-preview":"max-video-preview:-1"},"canonical":"https:\/\/denizcankizil.tr\/en\/haberler\/gundem\/antalyada-emniyet-muduru-acikladi-kentte-buna-kesinlikle-izin-verilmeyecek\/","og_locale":"en_GB","og_type":"article","og_title":"Antalya\u2019da Emniyet M\u00fcd\u00fcr\u00fc a\u00e7\u0131klad\u0131: \"Kentte buna kesinlikle izin verilmeyecek\"","og_description":"Antalya Gazeteciler Cemiyeti\u2019nin ba\u015flatt\u0131\u011f\u0131 \u201cBas\u0131n Sohbetleri\u201d serisinin May\u0131s konu\u011fu Antalya \u0130l Emniyet M\u00fcd\u00fcr\u00fc \u0130lker Arslan oldu. Gazeteciler cemiyeti lokalinde ger\u00e7ekle\u015ftirilen toplant\u0131da kat\u0131l\u0131mc\u0131lara geleneksel kahvalt\u0131 ikram edildi. Arslan\u2019\u0131n g\u00fcndeminde \u015fehrin trafi\u011fi ba\u015fta olmak \u00fczere pek \u00e7ok konu vard\u0131. &#8220;SES K\u0130RL\u0130L\u0130\u011e\u0130NE M\u00dcSAADE ETMEYECE\u011e\u0130Z&#8221; Antalya\u2019n\u0131n sadece T\u00fcrkiye\u2019nin de\u011fil d\u00fcnyan\u0131n da en \u00f6nemli turizm kenti oldu\u011funu ifade eden Arslan, \u201c\u00d6zellikle e\u011flence ad\u0131 atl\u0131nda ses kirlili\u011fine m\u00fcsaade etmeyece\u011fiz. Toplumun huzuru i\u00e7in polisin yan\u0131nda toplumun da katk\u0131s\u0131 \u00f6nemlidir. Bu hafta trafik haftas\u0131 olmas\u0131 nedeniyle trafik ba\u015fta olmak \u00fczere t\u00fcm birimlerimiz ile \u00e7al\u0131\u015fmalar\u0131m\u0131z devam ediyor. Yapt\u0131klar\u0131m\u0131z\u0131 s\u0131k s\u0131k sizinle payla\u015f\u0131yoruz. Ben g\u00f6reve geldi\u011fimden beri bas\u0131n\u0131n do\u011fru ve h\u0131zl\u0131 bilgilendirmesine \u00f6nem verdim. Arkada\u015flar\u0131ma bu konuda cimri davranmamalar\u0131n\u0131 s\u00f6yledim. Toplum destekli polislerimiz ile vatanda\u015flar\u0131m\u0131z ile daha yak\u0131n ili\u015fki kuruyoruz\u201d dedi. &#8220;KEND\u0130M\u0130Z\u0130 GEL\u0130\u015eT\u0130RMEK ZORUNDAYIZ&#8221; Gazetecilerin sorunlar\u0131n \u00e7\u00f6z\u00fcm\u00fc noktas\u0131nda kentin \u00f6nemli payda\u015flar\u0131 aras\u0131nda yer ald\u0131\u011f\u0131n\u0131 ifade eden Arslan, \u201cSizler de g\u00f6r\u00fc\u015flerinizi ve \u00f6nerilerinizi bizimle payla\u015f\u0131n. Hep birlikte daha g\u00fcvenli bir ya\u015fam olu\u015fturmak istiyoruz. Biz su\u00e7lulara bug\u00fcne kadar m\u00fcsaade etmedi\u011fimiz gibi bundan sonra da m\u00fcsaade etmeyece\u011fiz. Teknolojinin \u00fcst seviyede kullan\u0131ld\u0131\u011f\u0131 bili\u015fim su\u00e7lar\u0131n\u0131n artt\u0131\u011f\u0131 bir d\u00f6nemde ya\u015f\u0131yoruz. B\u00fct\u00fcn bunlar adli makamlar\u0131n ve polisin i\u015fg\u00fcc\u00fcn\u00fc artt\u0131r\u0131yor. Biz bunlarla m\u00fccadele konusunda devaml\u0131 kendimizi geli\u015ftirmek zorunday\u0131z. \u00c7\u00fcnk\u00fc su\u00e7luluklar su\u00e7 \u00e7e\u015fitlerinde her zaman bir ad\u0131m \u00f6ndedir, biz &hellip;","og_url":"https:\/\/denizcankizil.tr\/en\/haberler\/gundem\/antalyada-emniyet-muduru-acikladi-kentte-buna-kesinlikle-izin-verilmeyecek\/","og_site_name":"Av. Deniz Can K\u0131z\u0131l","article_published_time":"2025-05-06T09:41:44+00:00","author":"Antalya K\u00f6rfez","twitter_card":"summary_large_image","twitter_misc":{"Written by":"Antalya K\u00f6rfez","Estimated reading time":"3 minutes"},"schema":{"@context":"https:\/\/schema.org","@graph":[{"@type":"Article","@id":"https:\/\/denizcankizil.tr\/ru\/haberler\/gundem\/antalyada-emniyet-muduru-acikladi-kentte-buna-kesinlikle-izin-verilmeyecek\/#article","isPartOf":{"@id":"https:\/\/denizcankizil.tr\/ru\/haberler\/gundem\/antalyada-emniyet-muduru-acikladi-kentte-buna-kesinlikle-izin-verilmeyecek\/"},"author":{"name":"Antalya K\u00f6rfez","@id":"https:\/\/denizcankizil.tr\/de\/#\/schema\/person\/e1eb71bb4dd684d46563f0af307e1234"},"headline":"Antalya\u2019da Emniyet M\u00fcd\u00fcr\u00fc a\u00e7\u0131klad\u0131: &#8220;Kentte buna kesinlikle izin verilmeyecek&#8221;","datePublished":"2025-05-06T09:41:44+00:00","mainEntityOfPage":{"@id":"https:\/\/denizcankizil.tr\/ru\/haberler\/gundem\/antalyada-emniyet-muduru-acikladi-kentte-buna-kesinlikle-izin-verilmeyecek\/"},"wordCount":548,"publisher":{"@id":"https:\/\/denizcankizil.tr\/de\/#organization"},"articleSection":["G\u00fcndem"],"inLanguage":"en-GB"},{"@type":"WebPage","@id":"https:\/\/denizcankizil.tr\/ru\/haberler\/gundem\/antalyada-emniyet-muduru-acikladi-kentte-buna-kesinlikle-izin-verilmeyecek\/","url":"https:\/\/denizcankizil.tr\/ru\/haberler\/gundem\/antalyada-emniyet-muduru-acikladi-kentte-buna-kesinlikle-izin-verilmeyecek\/","name":"Antalya\u2019da Emniyet M\u00fcd\u00fcr\u00fc a\u00e7\u0131klad\u0131: \"Kentte buna kesinlikle izin verilmeyecek\" - Av. Deniz Can K\u0131z\u0131l","isPartOf":{"@id":"https:\/\/denizcankizil.tr\/de\/#website"},"datePublished":"2025-05-06T09:41:44+00:00","breadcrumb":{"@id":"https:\/\/denizcankizil.tr\/ru\/haberler\/gundem\/antalyada-emniyet-muduru-acikladi-kentte-buna-kesinlikle-izin-verilmeyecek\/#breadcrumb"},"inLanguage":"en-GB","potentialAction":[{"@type":"ReadAction","target":["https:\/\/denizcankizil.tr\/ru\/haberler\/gundem\/antalyada-emniyet-muduru-acikladi-kentte-buna-kesinlikle-izin-verilmeyecek\/"]}]},{"@type":"BreadcrumbList","@id":"https:\/\/denizcankizil.tr\/ru\/haberler\/gundem\/antalyada-emniyet-muduru-acikladi-kentte-buna-kesinlikle-izin-verilmeyecek\/#breadcrumb","itemListElement":[{"@type":"ListItem","position":1,"name":"Home","item":"https:\/\/denizcankizil.tr\/de\/"},{"@type":"ListItem","position":2,"name":"Antalya\u2019da Emniyet M\u00fcd\u00fcr\u00fc a\u00e7\u0131klad\u0131: &#8220;Kentte buna kesinlikle izin verilmeyecek&#8221;"}]},{"@type":"WebSite","@id":"https:\/\/denizcankizil.tr\/de\/#website","url":"https:\/\/denizcankizil.tr\/de\/","name":"Av. Deniz Can K\u0131z\u0131l","description":"Avukat Deniz Can K\u0131z\u0131l Antalya Barosu","publisher":{"@id":"https:\/\/denizcankizil.tr\/de\/#organization"},"potentialAction":[{"@type":"SearchAction","target":{"@type":"EntryPoint","urlTemplate":"https:\/\/denizcankizil.tr\/de\/?s={search_term_string}"},"query-input":{"@type":"PropertyValueSpecification","valueRequired":true,"valueName":"search_term_string"}}],"inLanguage":"en-GB"},{"@type":"Organization","@id":"https:\/\/denizcankizil.tr\/de\/#organization","name":"Av. Deniz Can K\u0131z\u0131l","url":"https:\/\/denizcankizil.tr\/de\/","logo":{"@type":"ImageObject","inLanguage":"en-GB","@id":"https:\/\/denizcankizil.tr\/de\/#\/schema\/logo\/image\/","url":"https:\/\/denizcankizil.tr\/wp-content\/uploads\/2024\/10\/siyah-logo-svg.svg","contentUrl":"https:\/\/denizcankizil.tr\/wp-content\/uploads\/2024\/10\/siyah-logo-svg.svg","width":1080,"height":1080,"caption":"Av. Deniz Can K\u0131z\u0131l"},"image":{"@id":"https:\/\/denizcankizil.tr\/de\/#\/schema\/logo\/image\/"}},{"@type":"Person","@id":"https:\/\/denizcankizil.tr\/de\/#\/schema\/person\/e1eb71bb4dd684d46563f0af307e1234","name":"Antalya K\u00f6rfez","image":{"@type":"ImageObject","inLanguage":"en-GB","@id":"https:\/\/denizcankizil.tr\/de\/#\/schema\/person\/image\/","url":"https:\/\/secure.gravatar.com\/avatar\/42b01982558a48a0b501fdcab6a408d3717ea5919095ee2e67b0e521799c5905?s=96&d=mm&r=g","contentUrl":"https:\/\/secure.gravatar.com\/avatar\/42b01982558a48a0b501fdcab6a408d3717ea5919095ee2e67b0e521799c5905?s=96&d=mm&r=g","caption":"Antalya K\u00f6rfez"},"sameAs":["http:\/\/www.antalyakorfez.com"],"url":"https:\/\/www.antalyakorfez.com\/antalyada-emniyet-muduru-acikladi-kentte-buna-kesinlikle-izin-verilmeyecek"}]}},"_links":{"self":[{"href":"https:\/\/denizcankizil.tr\/en\/wp-json\/wp\/v2\/posts\/77871","targetHints":{"allow":["GET"]}}],"collection":[{"href":"https:\/\/denizcankizil.tr\/en\/wp-json\/wp\/v2\/posts"}],"about":[{"href":"https:\/\/denizcankizil.tr\/en\/wp-json\/wp\/v2\/types\/post"}],"author":[{"embeddable":true,"href":"https:\/\/denizcankizil.tr\/en\/wp-json\/wp\/v2\/users\/5"}],"replies":[{"embeddable":true,"href":"https:\/\/denizcankizil.tr\/en\/wp-json\/wp\/v2\/comments?post=77871"}],"version-history":[{"count":0,"href":"https:\/\/denizcankizil.tr\/en\/wp-json\/wp\/v2\/posts\/77871\/revisions"}],"wp:attachment":[{"href":"https:\/\/denizcankizil.tr\/en\/wp-json\/wp\/v2\/media?parent=77871"}],"wp:term":[{"taxonomy":"category","embeddable":true,"href":"https:\/\/denizcankizil.tr\/en\/wp-json\/wp\/v2\/categories?post=77871"},{"taxonomy":"post_tag","embeddable":true,"href":"https:\/\/denizcankizil.tr\/en\/wp-json\/wp\/v2\/tags?post=77871"}],"curies":[{"name":"wp","href":"https:\/\/api.w.org\/{rel}","templated":true}]}}