{"id":77869,"date":"2025-05-06T12:41:42","date_gmt":"2025-05-06T09:41:42","guid":{"rendered":"https:\/\/denizcankizil.tr\/uncategorized-tr\/emniyetten-aykut-kaya-aciklamasi-polisler-neden-gorevlendirildi\/"},"modified":"2025-05-06T12:41:42","modified_gmt":"2025-05-06T09:41:42","slug":"emniyetten-aykut-kaya-aciklamasi-polisler-neden-gorevlendirildi","status":"publish","type":"post","link":"https:\/\/denizcankizil.tr\/en\/haberler\/gundem\/emniyetten-aykut-kaya-aciklamasi-polisler-neden-gorevlendirildi\/","title":{"rendered":"Emniyetten Aykut Kaya a\u00e7\u0131klamas\u0131: Polisler neden g\u00f6revlendirildi?"},"content":{"rendered":"<p>Antalya \u0130l Emniyet M\u00fcd\u00fcr\u00fc \u0130lker Arslan, Antalya Gazeteciler Cemiyeti\u2019nde bas\u0131n mensuplar\u0131yla bir araya geldi\u011fi toplant\u0131da, g\u00fcndemdeki \u00e7e\u015fitli konulara ili\u015fkin a\u00e7\u0131klamalarda bulundu. Gazeteciler Cemiyeti\u2019nin ba\u015flatt\u0131\u011f\u0131 \u201cBas\u0131n Sohbetleri\u201d serisinin may\u0131s ay\u0131 konu\u011fu olan Arslan, yerel ve ulusal d\u00fczeyde dikkat \u00e7eken g\u00fcvenlik uygulamalar\u0131na de\u011findi. Toplant\u0131, cemiyet lokalinde geleneksel kahvalt\u0131 e\u015fli\u011finde ger\u00e7ekle\u015ftirildi.<\/p>\n<p>MERAK ED\u0130LEN SORUYA YANIT VERD\u0130 <\/p>\n<p>Arslan, CHP Antalya Milletvekili Aykut Kaya\u2019n\u0131n bir g\u00fcn \u00f6nce ayn\u0131 mek\u00e2nda d\u00fczenledi\u011fi toplant\u0131da neden polis g\u00f6revlendirildi\u011fiyle ilgili de net bir yan\u0131t verdi. CHP Genel Ba\u015fkan\u0131 \u00d6zg\u00fcr \u00d6zel\u2019e y\u00f6nelik sald\u0131r\u0131n\u0131n ard\u0131ndan artan g\u00fcvenlik hassasiyeti \u00e7er\u00e7evesinde, Antalya Milletvekili Aykut Kaya\u2019n\u0131n da bas\u0131n toplant\u0131s\u0131na \u00fc\u00e7 polis memurunun g\u00f6revlendirilmesi kamuoyunda merak konusu olmu\u015ftu. Emniyet M\u00fcd\u00fcr\u00fc Arslan, konuyla ilgili sorular\u0131 yan\u0131tlayan Arslan, &#8220;\u00d6zg\u00fcr \u00d6zel\u2019e y\u00f6nelik menfur sald\u0131r\u0131y\u0131 k\u0131n\u0131yorum. Bu olay\u0131n ard\u0131ndan Say\u0131n Kaya\u2019n\u0131n bas\u0131n toplant\u0131s\u0131nda herhangi bir olumsuzluk ya\u015fanmamas\u0131 ad\u0131na, biz de ola\u011fan tedbirlerimizi ald\u0131k. Hangi milletvekili olursa olsun benzer bir durum s\u00f6z konusu oldu\u011funda ayn\u0131 titizli\u011fi g\u00f6steriyoruz. Kaya\u2019n\u0131n program\u0131na biraz daha hassasiyet g\u00f6sterdik. Kendisi de bizi arayarak te\u015fekk\u00fcr etti\u201d dedi.<\/p>\n<p>RUT\u0130N B\u0130R \u0130\u015eLEM<\/p>\n<p>Antalya K\u00f6rfez Gazetesi muhabiri Ertu\u011frul G\u00fcn&#8217;\u00fcn haberine g\u00f6re; Arslan, toplant\u0131 s\u0131ras\u0131nda g\u00f6revlendirilen polislerin program boyunca uzaktan takipte kald\u0131\u011f\u0131n\u0131 ve durumun emniyet a\u00e7\u0131s\u0131ndan \u201crutin bir i\u015flem\u201d oldu\u011funu vurgulad\u0131. Ayn\u0131 uygulaman\u0131n di\u011fer milletvekilleri i\u00e7in de ge\u00e7erli oldu\u011funu belirten Arslan, g\u00fcvenlik \u00f6nlemlerinin ki\u015fiye \u00f6zel de\u011fil, genel kamu g\u00fcvenli\u011fi \u00e7er\u00e7evesinde al\u0131nd\u0131\u011f\u0131n\u0131 s\u00f6yledi. Aykut Kaya\u2019n\u0131n da toplant\u0131n\u0131n ard\u0131ndan Arslan\u2019\u0131 telefonla arayarak duyarl\u0131l\u0131ktan dolay\u0131 te\u015fekk\u00fcr etti\u011fi, polislerin rutin g\u00f6revlerine d\u00f6nebilece\u011fini ifade etti\u011fi \u00f6\u011frenildi.<\/p>\n<p>\u200bAntalya \u0130l Emniyet M\u00fcd\u00fcr\u00fc \u0130lker Arslan, CHP Antalya Milletvekili Aykut Kaya\u2019n\u0131n d\u00fczenledi\u011fi toplant\u0131da \u2018neden polis g\u00f6revlendirildi\u011fi\u2019 sorusuna net bir yan\u0131t verdi.\u00a0<\/p>\n<p>\u200bHaberin Al\u0131nt\u0131land\u0131\u011f\u0131 Kaynak: www.antalyakorfez.com<\/p>","protected":false},"excerpt":{"rendered":"<p>Antalya \u0130l Emniyet M\u00fcd\u00fcr\u00fc \u0130lker Arslan, Antalya Gazeteciler Cemiyeti\u2019nde bas\u0131n mensuplar\u0131yla bir araya geldi\u011fi toplant\u0131da, g\u00fcndemdeki \u00e7e\u015fitli konulara ili\u015fkin a\u00e7\u0131klamalarda bulundu. Gazeteciler Cemiyeti\u2019nin ba\u015flatt\u0131\u011f\u0131 \u201cBas\u0131n Sohbetleri\u201d serisinin may\u0131s ay\u0131 konu\u011fu olan Arslan, yerel ve ulusal d\u00fczeyde dikkat \u00e7eken g\u00fcvenlik uygulamalar\u0131na de\u011findi. Toplant\u0131, cemiyet lokalinde geleneksel kahvalt\u0131 e\u015fli\u011finde ger\u00e7ekle\u015ftirildi. MERAK ED\u0130LEN SORUYA YANIT VERD\u0130 Arslan, CHP Antalya Milletvekili Aykut Kaya\u2019n\u0131n bir g\u00fcn \u00f6nce ayn\u0131 mek\u00e2nda d\u00fczenledi\u011fi toplant\u0131da neden polis g\u00f6revlendirildi\u011fiyle ilgili de net bir yan\u0131t verdi. CHP Genel Ba\u015fkan\u0131 \u00d6zg\u00fcr \u00d6zel\u2019e y\u00f6nelik sald\u0131r\u0131n\u0131n ard\u0131ndan artan g\u00fcvenlik hassasiyeti \u00e7er\u00e7evesinde, Antalya Milletvekili Aykut Kaya\u2019n\u0131n da bas\u0131n toplant\u0131s\u0131na \u00fc\u00e7 polis memurunun g\u00f6revlendirilmesi kamuoyunda merak konusu olmu\u015ftu. Emniyet M\u00fcd\u00fcr\u00fc Arslan, konuyla ilgili sorular\u0131 yan\u0131tlayan Arslan, &#8220;\u00d6zg\u00fcr \u00d6zel\u2019e y\u00f6nelik menfur sald\u0131r\u0131y\u0131 k\u0131n\u0131yorum. Bu olay\u0131n ard\u0131ndan Say\u0131n Kaya\u2019n\u0131n bas\u0131n toplant\u0131s\u0131nda herhangi bir olumsuzluk ya\u015fanmamas\u0131 ad\u0131na, biz de ola\u011fan tedbirlerimizi ald\u0131k. Hangi milletvekili olursa olsun benzer bir durum s\u00f6z konusu oldu\u011funda ayn\u0131 titizli\u011fi g\u00f6steriyoruz. Kaya\u2019n\u0131n program\u0131na biraz daha hassasiyet g\u00f6sterdik. Kendisi de bizi arayarak te\u015fekk\u00fcr etti\u201d dedi. RUT\u0130N B\u0130R \u0130\u015eLEM Antalya K\u00f6rfez Gazetesi muhabiri Ertu\u011frul G\u00fcn&#8217;\u00fcn haberine g\u00f6re; Arslan, toplant\u0131 s\u0131ras\u0131nda g\u00f6revlendirilen polislerin program boyunca uzaktan takipte kald\u0131\u011f\u0131n\u0131 ve durumun emniyet a\u00e7\u0131s\u0131ndan \u201crutin bir i\u015flem\u201d oldu\u011funu vurgulad\u0131. Ayn\u0131 uygulaman\u0131n di\u011fer milletvekilleri i\u00e7in de ge\u00e7erli oldu\u011funu belirten Arslan, g\u00fcvenlik &hellip;<\/p>","protected":false},"author":5,"featured_media":0,"comment_status":"","ping_status":"open","sticky":false,"template":"","format":"standard","meta":{"_acf_changed":false,"footnotes":""},"categories":[24],"tags":[],"class_list":["post-77869","post","type-post","status-publish","format-standard","has-post-thumbnail","hentry","category-gundem"],"acf":[],"yoast_head":"<!-- This site is optimized with the Yoast SEO Premium plugin v26.6 (Yoast SEO v27.1.1) - https:\/\/yoast.com\/product\/yoast-seo-premium-wordpress\/ -->\n<title>Emniyetten Aykut Kaya a\u00e7\u0131klamas\u0131: Polisler neden g\u00f6revlendirildi? - Av. Deniz Can K\u0131z\u0131l<\/title>\n<meta name=\"robots\" content=\"index, follow, max-snippet:-1, max-image-preview:large, max-video-preview:-1\" \/>\n<link rel=\"canonical\" href=\"https:\/\/denizcankizil.tr\/en\/haberler\/gundem\/emniyetten-aykut-kaya-aciklamasi-polisler-neden-gorevlendirildi\/\" \/>\n<meta property=\"og:locale\" content=\"en_GB\" \/>\n<meta property=\"og:type\" content=\"article\" \/>\n<meta property=\"og:title\" content=\"Emniyetten Aykut Kaya a\u00e7\u0131klamas\u0131: Polisler neden g\u00f6revlendirildi?\" \/>\n<meta property=\"og:description\" content=\"Antalya \u0130l Emniyet M\u00fcd\u00fcr\u00fc \u0130lker Arslan, Antalya Gazeteciler Cemiyeti\u2019nde bas\u0131n mensuplar\u0131yla bir araya geldi\u011fi toplant\u0131da, g\u00fcndemdeki \u00e7e\u015fitli konulara ili\u015fkin a\u00e7\u0131klamalarda bulundu. Gazeteciler Cemiyeti\u2019nin ba\u015flatt\u0131\u011f\u0131 \u201cBas\u0131n Sohbetleri\u201d serisinin may\u0131s ay\u0131 konu\u011fu olan Arslan, yerel ve ulusal d\u00fczeyde dikkat \u00e7eken g\u00fcvenlik uygulamalar\u0131na de\u011findi. Toplant\u0131, cemiyet lokalinde geleneksel kahvalt\u0131 e\u015fli\u011finde ger\u00e7ekle\u015ftirildi. MERAK ED\u0130LEN SORUYA YANIT VERD\u0130 Arslan, CHP Antalya Milletvekili Aykut Kaya\u2019n\u0131n bir g\u00fcn \u00f6nce ayn\u0131 mek\u00e2nda d\u00fczenledi\u011fi toplant\u0131da neden polis g\u00f6revlendirildi\u011fiyle ilgili de net bir yan\u0131t verdi. CHP Genel Ba\u015fkan\u0131 \u00d6zg\u00fcr \u00d6zel\u2019e y\u00f6nelik sald\u0131r\u0131n\u0131n ard\u0131ndan artan g\u00fcvenlik hassasiyeti \u00e7er\u00e7evesinde, Antalya Milletvekili Aykut Kaya\u2019n\u0131n da bas\u0131n toplant\u0131s\u0131na \u00fc\u00e7 polis memurunun g\u00f6revlendirilmesi kamuoyunda merak konusu olmu\u015ftu. Emniyet M\u00fcd\u00fcr\u00fc Arslan, konuyla ilgili sorular\u0131 yan\u0131tlayan Arslan, &#8220;\u00d6zg\u00fcr \u00d6zel\u2019e y\u00f6nelik menfur sald\u0131r\u0131y\u0131 k\u0131n\u0131yorum. Bu olay\u0131n ard\u0131ndan Say\u0131n Kaya\u2019n\u0131n bas\u0131n toplant\u0131s\u0131nda herhangi bir olumsuzluk ya\u015fanmamas\u0131 ad\u0131na, biz de ola\u011fan tedbirlerimizi ald\u0131k. Hangi milletvekili olursa olsun benzer bir durum s\u00f6z konusu oldu\u011funda ayn\u0131 titizli\u011fi g\u00f6steriyoruz. Kaya\u2019n\u0131n program\u0131na biraz daha hassasiyet g\u00f6sterdik. Kendisi de bizi arayarak te\u015fekk\u00fcr etti\u201d dedi. RUT\u0130N B\u0130R \u0130\u015eLEM Antalya K\u00f6rfez Gazetesi muhabiri Ertu\u011frul G\u00fcn&#8217;\u00fcn haberine g\u00f6re; Arslan, toplant\u0131 s\u0131ras\u0131nda g\u00f6revlendirilen polislerin program boyunca uzaktan takipte kald\u0131\u011f\u0131n\u0131 ve durumun emniyet a\u00e7\u0131s\u0131ndan \u201crutin bir i\u015flem\u201d oldu\u011funu vurgulad\u0131. Ayn\u0131 uygulaman\u0131n di\u011fer milletvekilleri i\u00e7in de ge\u00e7erli oldu\u011funu belirten Arslan, g\u00fcvenlik &hellip;\" \/>\n<meta property=\"og:url\" content=\"https:\/\/denizcankizil.tr\/en\/haberler\/gundem\/emniyetten-aykut-kaya-aciklamasi-polisler-neden-gorevlendirildi\/\" \/>\n<meta property=\"og:site_name\" content=\"Av. Deniz Can K\u0131z\u0131l\" \/>\n<meta property=\"article:published_time\" content=\"2025-05-06T09:41:42+00:00\" \/>\n<meta name=\"author\" content=\"Antalya K\u00f6rfez\" \/>\n<meta name=\"twitter:card\" content=\"summary_large_image\" \/>\n<meta name=\"twitter:label1\" content=\"Written by\" \/>\n\t<meta name=\"twitter:data1\" content=\"Antalya K\u00f6rfez\" \/>\n\t<meta name=\"twitter:label2\" content=\"Estimated reading time\" \/>\n\t<meta name=\"twitter:data2\" content=\"2 minutes\" \/>\n<script type=\"application\/ld+json\" class=\"yoast-schema-graph\">{\"@context\":\"https:\/\/schema.org\",\"@graph\":[{\"@type\":\"Article\",\"@id\":\"https:\/\/denizcankizil.tr\/ru\/haberler\/gundem\/emniyetten-aykut-kaya-aciklamasi-polisler-neden-gorevlendirildi\/#article\",\"isPartOf\":{\"@id\":\"https:\/\/denizcankizil.tr\/ru\/haberler\/gundem\/emniyetten-aykut-kaya-aciklamasi-polisler-neden-gorevlendirildi\/\"},\"author\":{\"name\":\"Antalya K\u00f6rfez\",\"@id\":\"https:\/\/denizcankizil.tr\/de\/#\/schema\/person\/e1eb71bb4dd684d46563f0af307e1234\"},\"headline\":\"Emniyetten Aykut Kaya a\u00e7\u0131klamas\u0131: Polisler neden g\u00f6revlendirildi?\",\"datePublished\":\"2025-05-06T09:41:42+00:00\",\"mainEntityOfPage\":{\"@id\":\"https:\/\/denizcankizil.tr\/ru\/haberler\/gundem\/emniyetten-aykut-kaya-aciklamasi-polisler-neden-gorevlendirildi\/\"},\"wordCount\":403,\"publisher\":{\"@id\":\"https:\/\/denizcankizil.tr\/de\/#organization\"},\"articleSection\":[\"G\u00fcndem\"],\"inLanguage\":\"en-GB\"},{\"@type\":\"WebPage\",\"@id\":\"https:\/\/denizcankizil.tr\/ru\/haberler\/gundem\/emniyetten-aykut-kaya-aciklamasi-polisler-neden-gorevlendirildi\/\",\"url\":\"https:\/\/denizcankizil.tr\/ru\/haberler\/gundem\/emniyetten-aykut-kaya-aciklamasi-polisler-neden-gorevlendirildi\/\",\"name\":\"Emniyetten Aykut Kaya a\u00e7\u0131klamas\u0131: Polisler neden g\u00f6revlendirildi? - Av. Deniz Can K\u0131z\u0131l\",\"isPartOf\":{\"@id\":\"https:\/\/denizcankizil.tr\/de\/#website\"},\"datePublished\":\"2025-05-06T09:41:42+00:00\",\"breadcrumb\":{\"@id\":\"https:\/\/denizcankizil.tr\/ru\/haberler\/gundem\/emniyetten-aykut-kaya-aciklamasi-polisler-neden-gorevlendirildi\/#breadcrumb\"},\"inLanguage\":\"en-GB\",\"potentialAction\":[{\"@type\":\"ReadAction\",\"target\":[\"https:\/\/denizcankizil.tr\/ru\/haberler\/gundem\/emniyetten-aykut-kaya-aciklamasi-polisler-neden-gorevlendirildi\/\"]}]},{\"@type\":\"BreadcrumbList\",\"@id\":\"https:\/\/denizcankizil.tr\/ru\/haberler\/gundem\/emniyetten-aykut-kaya-aciklamasi-polisler-neden-gorevlendirildi\/#breadcrumb\",\"itemListElement\":[{\"@type\":\"ListItem\",\"position\":1,\"name\":\"Home\",\"item\":\"https:\/\/denizcankizil.tr\/de\/\"},{\"@type\":\"ListItem\",\"position\":2,\"name\":\"Emniyetten Aykut Kaya a\u00e7\u0131klamas\u0131: Polisler neden g\u00f6revlendirildi?\"}]},{\"@type\":\"WebSite\",\"@id\":\"https:\/\/denizcankizil.tr\/de\/#website\",\"url\":\"https:\/\/denizcankizil.tr\/de\/\",\"name\":\"Av. Deniz Can K\u0131z\u0131l\",\"description\":\"Avukat Deniz Can K\u0131z\u0131l Antalya Barosu\",\"publisher\":{\"@id\":\"https:\/\/denizcankizil.tr\/de\/#organization\"},\"potentialAction\":[{\"@type\":\"SearchAction\",\"target\":{\"@type\":\"EntryPoint\",\"urlTemplate\":\"https:\/\/denizcankizil.tr\/de\/?s={search_term_string}\"},\"query-input\":{\"@type\":\"PropertyValueSpecification\",\"valueRequired\":true,\"valueName\":\"search_term_string\"}}],\"inLanguage\":\"en-GB\"},{\"@type\":\"Organization\",\"@id\":\"https:\/\/denizcankizil.tr\/de\/#organization\",\"name\":\"Av. Deniz Can K\u0131z\u0131l\",\"url\":\"https:\/\/denizcankizil.tr\/de\/\",\"logo\":{\"@type\":\"ImageObject\",\"inLanguage\":\"en-GB\",\"@id\":\"https:\/\/denizcankizil.tr\/de\/#\/schema\/logo\/image\/\",\"url\":\"https:\/\/denizcankizil.tr\/wp-content\/uploads\/2024\/10\/siyah-logo-svg.svg\",\"contentUrl\":\"https:\/\/denizcankizil.tr\/wp-content\/uploads\/2024\/10\/siyah-logo-svg.svg\",\"width\":1080,\"height\":1080,\"caption\":\"Av. Deniz Can K\u0131z\u0131l\"},\"image\":{\"@id\":\"https:\/\/denizcankizil.tr\/de\/#\/schema\/logo\/image\/\"}},{\"@type\":\"Person\",\"@id\":\"https:\/\/denizcankizil.tr\/de\/#\/schema\/person\/e1eb71bb4dd684d46563f0af307e1234\",\"name\":\"Antalya K\u00f6rfez\",\"image\":{\"@type\":\"ImageObject\",\"inLanguage\":\"en-GB\",\"@id\":\"https:\/\/denizcankizil.tr\/de\/#\/schema\/person\/image\/\",\"url\":\"https:\/\/secure.gravatar.com\/avatar\/42b01982558a48a0b501fdcab6a408d3717ea5919095ee2e67b0e521799c5905?s=96&d=mm&r=g\",\"contentUrl\":\"https:\/\/secure.gravatar.com\/avatar\/42b01982558a48a0b501fdcab6a408d3717ea5919095ee2e67b0e521799c5905?s=96&d=mm&r=g\",\"caption\":\"Antalya K\u00f6rfez\"},\"sameAs\":[\"http:\/\/www.antalyakorfez.com\"],\"url\":\"https:\/\/www.antalyakorfez.com\/emniyetten-aykut-kaya-aciklamasi-polisler-neden-gorevlendirildi\"}]}<\/script>\n<!-- \/ Yoast SEO Premium plugin. -->","yoast_head_json":{"title":"Emniyetten Aykut Kaya a\u00e7\u0131klamas\u0131: Polisler neden g\u00f6revlendirildi? - Av. Deniz Can K\u0131z\u0131l","robots":{"index":"index","follow":"follow","max-snippet":"max-snippet:-1","max-image-preview":"max-image-preview:large","max-video-preview":"max-video-preview:-1"},"canonical":"https:\/\/denizcankizil.tr\/en\/haberler\/gundem\/emniyetten-aykut-kaya-aciklamasi-polisler-neden-gorevlendirildi\/","og_locale":"en_GB","og_type":"article","og_title":"Emniyetten Aykut Kaya a\u00e7\u0131klamas\u0131: Polisler neden g\u00f6revlendirildi?","og_description":"Antalya \u0130l Emniyet M\u00fcd\u00fcr\u00fc \u0130lker Arslan, Antalya Gazeteciler Cemiyeti\u2019nde bas\u0131n mensuplar\u0131yla bir araya geldi\u011fi toplant\u0131da, g\u00fcndemdeki \u00e7e\u015fitli konulara ili\u015fkin a\u00e7\u0131klamalarda bulundu. Gazeteciler Cemiyeti\u2019nin ba\u015flatt\u0131\u011f\u0131 \u201cBas\u0131n Sohbetleri\u201d serisinin may\u0131s ay\u0131 konu\u011fu olan Arslan, yerel ve ulusal d\u00fczeyde dikkat \u00e7eken g\u00fcvenlik uygulamalar\u0131na de\u011findi. Toplant\u0131, cemiyet lokalinde geleneksel kahvalt\u0131 e\u015fli\u011finde ger\u00e7ekle\u015ftirildi. MERAK ED\u0130LEN SORUYA YANIT VERD\u0130 Arslan, CHP Antalya Milletvekili Aykut Kaya\u2019n\u0131n bir g\u00fcn \u00f6nce ayn\u0131 mek\u00e2nda d\u00fczenledi\u011fi toplant\u0131da neden polis g\u00f6revlendirildi\u011fiyle ilgili de net bir yan\u0131t verdi. CHP Genel Ba\u015fkan\u0131 \u00d6zg\u00fcr \u00d6zel\u2019e y\u00f6nelik sald\u0131r\u0131n\u0131n ard\u0131ndan artan g\u00fcvenlik hassasiyeti \u00e7er\u00e7evesinde, Antalya Milletvekili Aykut Kaya\u2019n\u0131n da bas\u0131n toplant\u0131s\u0131na \u00fc\u00e7 polis memurunun g\u00f6revlendirilmesi kamuoyunda merak konusu olmu\u015ftu. Emniyet M\u00fcd\u00fcr\u00fc Arslan, konuyla ilgili sorular\u0131 yan\u0131tlayan Arslan, &#8220;\u00d6zg\u00fcr \u00d6zel\u2019e y\u00f6nelik menfur sald\u0131r\u0131y\u0131 k\u0131n\u0131yorum. Bu olay\u0131n ard\u0131ndan Say\u0131n Kaya\u2019n\u0131n bas\u0131n toplant\u0131s\u0131nda herhangi bir olumsuzluk ya\u015fanmamas\u0131 ad\u0131na, biz de ola\u011fan tedbirlerimizi ald\u0131k. Hangi milletvekili olursa olsun benzer bir durum s\u00f6z konusu oldu\u011funda ayn\u0131 titizli\u011fi g\u00f6steriyoruz. Kaya\u2019n\u0131n program\u0131na biraz daha hassasiyet g\u00f6sterdik. Kendisi de bizi arayarak te\u015fekk\u00fcr etti\u201d dedi. RUT\u0130N B\u0130R \u0130\u015eLEM Antalya K\u00f6rfez Gazetesi muhabiri Ertu\u011frul G\u00fcn&#8217;\u00fcn haberine g\u00f6re; Arslan, toplant\u0131 s\u0131ras\u0131nda g\u00f6revlendirilen polislerin program boyunca uzaktan takipte kald\u0131\u011f\u0131n\u0131 ve durumun emniyet a\u00e7\u0131s\u0131ndan \u201crutin bir i\u015flem\u201d oldu\u011funu vurgulad\u0131. Ayn\u0131 uygulaman\u0131n di\u011fer milletvekilleri i\u00e7in de ge\u00e7erli oldu\u011funu belirten Arslan, g\u00fcvenlik &hellip;","og_url":"https:\/\/denizcankizil.tr\/en\/haberler\/gundem\/emniyetten-aykut-kaya-aciklamasi-polisler-neden-gorevlendirildi\/","og_site_name":"Av. Deniz Can K\u0131z\u0131l","article_published_time":"2025-05-06T09:41:42+00:00","author":"Antalya K\u00f6rfez","twitter_card":"summary_large_image","twitter_misc":{"Written by":"Antalya K\u00f6rfez","Estimated reading time":"2 minutes"},"schema":{"@context":"https:\/\/schema.org","@graph":[{"@type":"Article","@id":"https:\/\/denizcankizil.tr\/ru\/haberler\/gundem\/emniyetten-aykut-kaya-aciklamasi-polisler-neden-gorevlendirildi\/#article","isPartOf":{"@id":"https:\/\/denizcankizil.tr\/ru\/haberler\/gundem\/emniyetten-aykut-kaya-aciklamasi-polisler-neden-gorevlendirildi\/"},"author":{"name":"Antalya K\u00f6rfez","@id":"https:\/\/denizcankizil.tr\/de\/#\/schema\/person\/e1eb71bb4dd684d46563f0af307e1234"},"headline":"Emniyetten Aykut Kaya a\u00e7\u0131klamas\u0131: Polisler neden g\u00f6revlendirildi?","datePublished":"2025-05-06T09:41:42+00:00","mainEntityOfPage":{"@id":"https:\/\/denizcankizil.tr\/ru\/haberler\/gundem\/emniyetten-aykut-kaya-aciklamasi-polisler-neden-gorevlendirildi\/"},"wordCount":403,"publisher":{"@id":"https:\/\/denizcankizil.tr\/de\/#organization"},"articleSection":["G\u00fcndem"],"inLanguage":"en-GB"},{"@type":"WebPage","@id":"https:\/\/denizcankizil.tr\/ru\/haberler\/gundem\/emniyetten-aykut-kaya-aciklamasi-polisler-neden-gorevlendirildi\/","url":"https:\/\/denizcankizil.tr\/ru\/haberler\/gundem\/emniyetten-aykut-kaya-aciklamasi-polisler-neden-gorevlendirildi\/","name":"Emniyetten Aykut Kaya a\u00e7\u0131klamas\u0131: Polisler neden g\u00f6revlendirildi? - Av. Deniz Can K\u0131z\u0131l","isPartOf":{"@id":"https:\/\/denizcankizil.tr\/de\/#website"},"datePublished":"2025-05-06T09:41:42+00:00","breadcrumb":{"@id":"https:\/\/denizcankizil.tr\/ru\/haberler\/gundem\/emniyetten-aykut-kaya-aciklamasi-polisler-neden-gorevlendirildi\/#breadcrumb"},"inLanguage":"en-GB","potentialAction":[{"@type":"ReadAction","target":["https:\/\/denizcankizil.tr\/ru\/haberler\/gundem\/emniyetten-aykut-kaya-aciklamasi-polisler-neden-gorevlendirildi\/"]}]},{"@type":"BreadcrumbList","@id":"https:\/\/denizcankizil.tr\/ru\/haberler\/gundem\/emniyetten-aykut-kaya-aciklamasi-polisler-neden-gorevlendirildi\/#breadcrumb","itemListElement":[{"@type":"ListItem","position":1,"name":"Home","item":"https:\/\/denizcankizil.tr\/de\/"},{"@type":"ListItem","position":2,"name":"Emniyetten Aykut Kaya a\u00e7\u0131klamas\u0131: Polisler neden g\u00f6revlendirildi?"}]},{"@type":"WebSite","@id":"https:\/\/denizcankizil.tr\/de\/#website","url":"https:\/\/denizcankizil.tr\/de\/","name":"Av. Deniz Can K\u0131z\u0131l","description":"Avukat Deniz Can K\u0131z\u0131l Antalya Barosu","publisher":{"@id":"https:\/\/denizcankizil.tr\/de\/#organization"},"potentialAction":[{"@type":"SearchAction","target":{"@type":"EntryPoint","urlTemplate":"https:\/\/denizcankizil.tr\/de\/?s={search_term_string}"},"query-input":{"@type":"PropertyValueSpecification","valueRequired":true,"valueName":"search_term_string"}}],"inLanguage":"en-GB"},{"@type":"Organization","@id":"https:\/\/denizcankizil.tr\/de\/#organization","name":"Av. Deniz Can K\u0131z\u0131l","url":"https:\/\/denizcankizil.tr\/de\/","logo":{"@type":"ImageObject","inLanguage":"en-GB","@id":"https:\/\/denizcankizil.tr\/de\/#\/schema\/logo\/image\/","url":"https:\/\/denizcankizil.tr\/wp-content\/uploads\/2024\/10\/siyah-logo-svg.svg","contentUrl":"https:\/\/denizcankizil.tr\/wp-content\/uploads\/2024\/10\/siyah-logo-svg.svg","width":1080,"height":1080,"caption":"Av. Deniz Can K\u0131z\u0131l"},"image":{"@id":"https:\/\/denizcankizil.tr\/de\/#\/schema\/logo\/image\/"}},{"@type":"Person","@id":"https:\/\/denizcankizil.tr\/de\/#\/schema\/person\/e1eb71bb4dd684d46563f0af307e1234","name":"Antalya K\u00f6rfez","image":{"@type":"ImageObject","inLanguage":"en-GB","@id":"https:\/\/denizcankizil.tr\/de\/#\/schema\/person\/image\/","url":"https:\/\/secure.gravatar.com\/avatar\/42b01982558a48a0b501fdcab6a408d3717ea5919095ee2e67b0e521799c5905?s=96&d=mm&r=g","contentUrl":"https:\/\/secure.gravatar.com\/avatar\/42b01982558a48a0b501fdcab6a408d3717ea5919095ee2e67b0e521799c5905?s=96&d=mm&r=g","caption":"Antalya K\u00f6rfez"},"sameAs":["http:\/\/www.antalyakorfez.com"],"url":"https:\/\/www.antalyakorfez.com\/emniyetten-aykut-kaya-aciklamasi-polisler-neden-gorevlendirildi"}]}},"_links":{"self":[{"href":"https:\/\/denizcankizil.tr\/en\/wp-json\/wp\/v2\/posts\/77869","targetHints":{"allow":["GET"]}}],"collection":[{"href":"https:\/\/denizcankizil.tr\/en\/wp-json\/wp\/v2\/posts"}],"about":[{"href":"https:\/\/denizcankizil.tr\/en\/wp-json\/wp\/v2\/types\/post"}],"author":[{"embeddable":true,"href":"https:\/\/denizcankizil.tr\/en\/wp-json\/wp\/v2\/users\/5"}],"replies":[{"embeddable":true,"href":"https:\/\/denizcankizil.tr\/en\/wp-json\/wp\/v2\/comments?post=77869"}],"version-history":[{"count":0,"href":"https:\/\/denizcankizil.tr\/en\/wp-json\/wp\/v2\/posts\/77869\/revisions"}],"wp:attachment":[{"href":"https:\/\/denizcankizil.tr\/en\/wp-json\/wp\/v2\/media?parent=77869"}],"wp:term":[{"taxonomy":"category","embeddable":true,"href":"https:\/\/denizcankizil.tr\/en\/wp-json\/wp\/v2\/categories?post=77869"},{"taxonomy":"post_tag","embeddable":true,"href":"https:\/\/denizcankizil.tr\/en\/wp-json\/wp\/v2\/tags?post=77869"}],"curies":[{"name":"wp","href":"https:\/\/api.w.org\/{rel}","templated":true}]}}