{"id":77825,"date":"2025-05-06T11:41:39","date_gmt":"2025-05-06T08:41:39","guid":{"rendered":"https:\/\/denizcankizil.tr\/uncategorized-tr\/baskan-uysal-uc-fidan-parkini-ziyaret-etti\/"},"modified":"2025-05-06T11:41:39","modified_gmt":"2025-05-06T08:41:39","slug":"baskan-uysal-uc-fidan-parkini-ziyaret-etti","status":"publish","type":"post","link":"https:\/\/denizcankizil.tr\/en\/haberler\/antalya\/baskan-uysal-uc-fidan-parkini-ziyaret-etti\/","title":{"rendered":"Ba\u015fkan Uysal \u00dc\u00e7 Fidan Park\u0131&#8217;n\u0131 ziyaret etti"},"content":{"rendered":"<p>Ba\u015fkan Uysal, her y\u0131l oldu\u011fu gibi bu y\u0131l da 6 May\u0131s sabah\u0131 g\u00fcn\u00fcn ilk \u0131\u015f\u0131klar\u0131yla belediyenin \u2018\u00dc\u00e7 Fidan Park\u0131\u2019n\u0131 ziyaret etti. 6 May\u0131s 1972\u2019de idam edilen Deniz Gezmi\u015f, H\u00fcseyin \u0130nan ve Yusuf Aslan\u2019\u0131n parkta yer alan r\u00f6lyeflerinin \u00f6n\u00fcne k\u0131rm\u0131z\u0131 karanfiller b\u0131rakan Ba\u015fkan Uysal, tam ba\u011f\u0131ms\u0131z T\u00fcrkiye m\u00fccadelesinin devam edece\u011fini vurgulad\u0131. Uysal, \u015f\u00f6yle konu\u015ftu:<br \/>\n&#8220;30 Ekim 1968&#8217;de Samsun&#8217;da Atat\u00fcrk an\u0131t\u0131na \u00e7elenk koyup \u0130stiklal Mar\u015f\u0131 okuyarak yola \u00e7\u0131kt\u0131lar. \u2018Tam Ba\u011f\u0131ms\u0131z T\u00fcrkiye Y\u00fcr\u00fcy\u00fc\u015f\u00e7\u00fcleri\u2019 diyorlard\u0131 kendilerine. 10 Kas\u0131m 1968&#8217;de An\u0131tkabir&#8217;e ula\u015farak Atat\u00fcrk&#8217;\u00fcn mozolesine \u00e7elenk koydular ve An\u0131tkabir \u00f6zel defterine \u015f\u00f6yle yazd\u0131lar: \u2018Emperyalizme kar\u015f\u0131 tam ba\u011f\u0131ms\u0131z T\u00fcrkiye&#8217;yi savunmak i\u00e7in \u0130kinci Kurtulu\u015f Sava\u015f\u0131m\u0131zda ger\u00e7ekten izindeyiz. Milli Kurtulu\u015f Sava\u015f\u0131m\u0131z yok edilemez. Milli Kurtulu\u015f Sava\u015f\u0131m\u0131z\u0131 yok etmek i\u00e7in b\u00fct\u00fcn T\u00fcrk milletinin yok edilmesi gerekir\u2019 yazd\u0131lar.&#8221;<br \/>\n\u0130dam kararlar\u0131n\u0131n, gen\u00e7lerin eylemleriyle orant\u0131s\u0131z \u015fekilde al\u0131nd\u0131\u011f\u0131n\u0131 vurgulayan Uysal, &#8220;Siyaseten, ibreti alem mant\u0131\u011f\u0131yla \u00e7ok gen\u00e7 ya\u015fta katledildiler. Hat\u0131ralar\u0131 \u00f6n\u00fcnde sayg\u0131yla e\u011filiyoruz. Tam ba\u011f\u0131ms\u0131z T\u00fcrkiye m\u00fccadelesi devam edecek&#8221; dedi.<\/p>\n<p>Kaynak: www.kanalv.com.tr Haber Sitesinden Al\u0131nm\u0131\u015ft\u0131r.<\/p>","protected":false},"excerpt":{"rendered":"<p>Ba\u015fkan Uysal, her y\u0131l oldu\u011fu gibi bu y\u0131l da 6 May\u0131s sabah\u0131 g\u00fcn\u00fcn ilk \u0131\u015f\u0131klar\u0131yla belediyenin \u2018\u00dc\u00e7 Fidan Park\u0131\u2019n\u0131 ziyaret etti. 6 May\u0131s 1972\u2019de idam edilen Deniz Gezmi\u015f, H\u00fcseyin \u0130nan ve Yusuf Aslan\u2019\u0131n parkta yer alan r\u00f6lyeflerinin \u00f6n\u00fcne k\u0131rm\u0131z\u0131 karanfiller b\u0131rakan Ba\u015fkan Uysal, tam ba\u011f\u0131ms\u0131z T\u00fcrkiye m\u00fccadelesinin devam edece\u011fini vurgulad\u0131. Uysal, \u015f\u00f6yle konu\u015ftu: &#8220;30 Ekim 1968&#8217;de Samsun&#8217;da Atat\u00fcrk an\u0131t\u0131na \u00e7elenk koyup \u0130stiklal Mar\u015f\u0131 okuyarak yola \u00e7\u0131kt\u0131lar. \u2018Tam Ba\u011f\u0131ms\u0131z T\u00fcrkiye Y\u00fcr\u00fcy\u00fc\u015f\u00e7\u00fcleri\u2019 diyorlard\u0131 kendilerine. 10 Kas\u0131m 1968&#8217;de An\u0131tkabir&#8217;e ula\u015farak Atat\u00fcrk&#8217;\u00fcn mozolesine \u00e7elenk koydular ve An\u0131tkabir \u00f6zel defterine \u015f\u00f6yle yazd\u0131lar: \u2018Emperyalizme kar\u015f\u0131 tam ba\u011f\u0131ms\u0131z T\u00fcrkiye&#8217;yi savunmak i\u00e7in \u0130kinci Kurtulu\u015f Sava\u015f\u0131m\u0131zda ger\u00e7ekten izindeyiz. Milli Kurtulu\u015f Sava\u015f\u0131m\u0131z yok edilemez. Milli Kurtulu\u015f Sava\u015f\u0131m\u0131z\u0131 yok etmek i\u00e7in b\u00fct\u00fcn T\u00fcrk milletinin yok edilmesi gerekir\u2019 yazd\u0131lar.&#8221; \u0130dam kararlar\u0131n\u0131n, gen\u00e7lerin eylemleriyle orant\u0131s\u0131z \u015fekilde al\u0131nd\u0131\u011f\u0131n\u0131 vurgulayan Uysal, &#8220;Siyaseten, ibreti alem mant\u0131\u011f\u0131yla \u00e7ok gen\u00e7 ya\u015fta katledildiler. Hat\u0131ralar\u0131 \u00f6n\u00fcnde sayg\u0131yla e\u011filiyoruz. Tam ba\u011f\u0131ms\u0131z T\u00fcrkiye m\u00fccadelesi devam edecek&#8221; dedi. Kaynak: www.kanalv.com.tr Haber Sitesinden Al\u0131nm\u0131\u015ft\u0131r.<\/p>","protected":false},"author":4,"featured_media":77826,"comment_status":"","ping_status":"open","sticky":false,"template":"","format":"standard","meta":{"_acf_changed":false,"footnotes":""},"categories":[26],"tags":[],"class_list":["post-77825","post","type-post","status-publish","format-standard","has-post-thumbnail","hentry","category-antalya"],"acf":[],"yoast_head":"<!-- This site is optimized with the Yoast SEO Premium plugin v26.6 (Yoast SEO v27.1.1) - https:\/\/yoast.com\/product\/yoast-seo-premium-wordpress\/ -->\n<title>Ba\u015fkan Uysal \u00dc\u00e7 Fidan Park\u0131&#039;n\u0131 ziyaret etti - Av. Deniz Can K\u0131z\u0131l<\/title>\n<meta name=\"robots\" content=\"index, follow, max-snippet:-1, max-image-preview:large, max-video-preview:-1\" \/>\n<link rel=\"canonical\" href=\"https:\/\/denizcankizil.tr\/en\/haberler\/antalya\/baskan-uysal-uc-fidan-parkini-ziyaret-etti\/\" \/>\n<meta property=\"og:locale\" content=\"en_GB\" \/>\n<meta property=\"og:type\" content=\"article\" \/>\n<meta property=\"og:title\" content=\"Ba\u015fkan Uysal \u00dc\u00e7 Fidan Park\u0131&#039;n\u0131 ziyaret etti\" \/>\n<meta property=\"og:description\" content=\"Ba\u015fkan Uysal, her y\u0131l oldu\u011fu gibi bu y\u0131l da 6 May\u0131s sabah\u0131 g\u00fcn\u00fcn ilk \u0131\u015f\u0131klar\u0131yla belediyenin \u2018\u00dc\u00e7 Fidan Park\u0131\u2019n\u0131 ziyaret etti. 6 May\u0131s 1972\u2019de idam edilen Deniz Gezmi\u015f, H\u00fcseyin \u0130nan ve Yusuf Aslan\u2019\u0131n parkta yer alan r\u00f6lyeflerinin \u00f6n\u00fcne k\u0131rm\u0131z\u0131 karanfiller b\u0131rakan Ba\u015fkan Uysal, tam ba\u011f\u0131ms\u0131z T\u00fcrkiye m\u00fccadelesinin devam edece\u011fini vurgulad\u0131. Uysal, \u015f\u00f6yle konu\u015ftu: &#8220;30 Ekim 1968&#8217;de Samsun&#8217;da Atat\u00fcrk an\u0131t\u0131na \u00e7elenk koyup \u0130stiklal Mar\u015f\u0131 okuyarak yola \u00e7\u0131kt\u0131lar. \u2018Tam Ba\u011f\u0131ms\u0131z T\u00fcrkiye Y\u00fcr\u00fcy\u00fc\u015f\u00e7\u00fcleri\u2019 diyorlard\u0131 kendilerine. 10 Kas\u0131m 1968&#8217;de An\u0131tkabir&#8217;e ula\u015farak Atat\u00fcrk&#8217;\u00fcn mozolesine \u00e7elenk koydular ve An\u0131tkabir \u00f6zel defterine \u015f\u00f6yle yazd\u0131lar: \u2018Emperyalizme kar\u015f\u0131 tam ba\u011f\u0131ms\u0131z T\u00fcrkiye&#8217;yi savunmak i\u00e7in \u0130kinci Kurtulu\u015f Sava\u015f\u0131m\u0131zda ger\u00e7ekten izindeyiz. Milli Kurtulu\u015f Sava\u015f\u0131m\u0131z yok edilemez. Milli Kurtulu\u015f Sava\u015f\u0131m\u0131z\u0131 yok etmek i\u00e7in b\u00fct\u00fcn T\u00fcrk milletinin yok edilmesi gerekir\u2019 yazd\u0131lar.&#8221; \u0130dam kararlar\u0131n\u0131n, gen\u00e7lerin eylemleriyle orant\u0131s\u0131z \u015fekilde al\u0131nd\u0131\u011f\u0131n\u0131 vurgulayan Uysal, &#8220;Siyaseten, ibreti alem mant\u0131\u011f\u0131yla \u00e7ok gen\u00e7 ya\u015fta katledildiler. Hat\u0131ralar\u0131 \u00f6n\u00fcnde sayg\u0131yla e\u011filiyoruz. Tam ba\u011f\u0131ms\u0131z T\u00fcrkiye m\u00fccadelesi devam edecek&#8221; dedi. Kaynak: www.kanalv.com.tr Haber Sitesinden Al\u0131nm\u0131\u015ft\u0131r.\" \/>\n<meta property=\"og:url\" content=\"https:\/\/denizcankizil.tr\/en\/haberler\/antalya\/baskan-uysal-uc-fidan-parkini-ziyaret-etti\/\" \/>\n<meta property=\"og:site_name\" content=\"Av. Deniz Can K\u0131z\u0131l\" \/>\n<meta property=\"article:published_time\" content=\"2025-05-06T08:41:39+00:00\" \/>\n<meta property=\"og:image\" content=\"https:\/\/denizcankizil.tr\/wp-content\/uploads\/2025\/05\/6178-01-QVygyz.jpg\" \/>\n\t<meta property=\"og:image:width\" content=\"1280\" \/>\n\t<meta property=\"og:image:height\" content=\"720\" \/>\n\t<meta property=\"og:image:type\" content=\"image\/jpeg\" \/>\n<meta name=\"author\" content=\"Av. Deniz Can K\u0131z\u0131l\" \/>\n<meta name=\"twitter:card\" content=\"summary_large_image\" \/>\n<meta name=\"twitter:label1\" content=\"Written by\" \/>\n\t<meta name=\"twitter:data1\" content=\"Av. Deniz Can K\u0131z\u0131l\" \/>\n\t<meta name=\"twitter:label2\" content=\"Estimated reading time\" \/>\n\t<meta name=\"twitter:data2\" content=\"1 minute\" \/>\n<script type=\"application\/ld+json\" class=\"yoast-schema-graph\">{\"@context\":\"https:\/\/schema.org\",\"@graph\":[{\"@type\":\"Article\",\"@id\":\"https:\/\/denizcankizil.tr\/en\/haberler\/antalya\/baskan-uysal-uc-fidan-parkini-ziyaret-etti\/#article\",\"isPartOf\":{\"@id\":\"https:\/\/denizcankizil.tr\/en\/haberler\/antalya\/baskan-uysal-uc-fidan-parkini-ziyaret-etti\/\"},\"author\":{\"name\":\"Av. Deniz Can K\u0131z\u0131l\",\"@id\":\"https:\/\/denizcankizil.tr\/de\/#\/schema\/person\/5dc1b22991bd7ac833867c10afc9b0ff\"},\"headline\":\"Ba\u015fkan Uysal \u00dc\u00e7 Fidan Park\u0131&#8217;n\u0131 ziyaret etti\",\"datePublished\":\"2025-05-06T08:41:39+00:00\",\"mainEntityOfPage\":{\"@id\":\"https:\/\/denizcankizil.tr\/en\/haberler\/antalya\/baskan-uysal-uc-fidan-parkini-ziyaret-etti\/\"},\"wordCount\":236,\"publisher\":{\"@id\":\"https:\/\/denizcankizil.tr\/de\/#organization\"},\"image\":{\"@id\":\"https:\/\/denizcankizil.tr\/en\/haberler\/antalya\/baskan-uysal-uc-fidan-parkini-ziyaret-etti\/#primaryimage\"},\"thumbnailUrl\":\"https:\/\/denizcankizil.tr\/wp-content\/uploads\/2025\/05\/6178-01-QVygyz.jpg\",\"articleSection\":[\"Antalya\"],\"inLanguage\":\"en-GB\"},{\"@type\":\"WebPage\",\"@id\":\"https:\/\/denizcankizil.tr\/en\/haberler\/antalya\/baskan-uysal-uc-fidan-parkini-ziyaret-etti\/\",\"url\":\"https:\/\/denizcankizil.tr\/en\/haberler\/antalya\/baskan-uysal-uc-fidan-parkini-ziyaret-etti\/\",\"name\":\"Ba\u015fkan Uysal \u00dc\u00e7 Fidan Park\u0131'n\u0131 ziyaret etti - Av. Deniz Can K\u0131z\u0131l\",\"isPartOf\":{\"@id\":\"https:\/\/denizcankizil.tr\/de\/#website\"},\"primaryImageOfPage\":{\"@id\":\"https:\/\/denizcankizil.tr\/en\/haberler\/antalya\/baskan-uysal-uc-fidan-parkini-ziyaret-etti\/#primaryimage\"},\"image\":{\"@id\":\"https:\/\/denizcankizil.tr\/en\/haberler\/antalya\/baskan-uysal-uc-fidan-parkini-ziyaret-etti\/#primaryimage\"},\"thumbnailUrl\":\"https:\/\/denizcankizil.tr\/wp-content\/uploads\/2025\/05\/6178-01-QVygyz.jpg\",\"datePublished\":\"2025-05-06T08:41:39+00:00\",\"breadcrumb\":{\"@id\":\"https:\/\/denizcankizil.tr\/en\/haberler\/antalya\/baskan-uysal-uc-fidan-parkini-ziyaret-etti\/#breadcrumb\"},\"inLanguage\":\"en-GB\",\"potentialAction\":[{\"@type\":\"ReadAction\",\"target\":[\"https:\/\/denizcankizil.tr\/en\/haberler\/antalya\/baskan-uysal-uc-fidan-parkini-ziyaret-etti\/\"]}]},{\"@type\":\"ImageObject\",\"inLanguage\":\"en-GB\",\"@id\":\"https:\/\/denizcankizil.tr\/en\/haberler\/antalya\/baskan-uysal-uc-fidan-parkini-ziyaret-etti\/#primaryimage\",\"url\":\"https:\/\/denizcankizil.tr\/wp-content\/uploads\/2025\/05\/6178-01-QVygyz.jpg\",\"contentUrl\":\"https:\/\/denizcankizil.tr\/wp-content\/uploads\/2025\/05\/6178-01-QVygyz.jpg\",\"width\":1280,\"height\":720},{\"@type\":\"BreadcrumbList\",\"@id\":\"https:\/\/denizcankizil.tr\/en\/haberler\/antalya\/baskan-uysal-uc-fidan-parkini-ziyaret-etti\/#breadcrumb\",\"itemListElement\":[{\"@type\":\"ListItem\",\"position\":1,\"name\":\"Home\",\"item\":\"https:\/\/denizcankizil.tr\/de\/\"},{\"@type\":\"ListItem\",\"position\":2,\"name\":\"Ba\u015fkan Uysal \u00dc\u00e7 Fidan Park\u0131&#8217;n\u0131 ziyaret etti\"}]},{\"@type\":\"WebSite\",\"@id\":\"https:\/\/denizcankizil.tr\/de\/#website\",\"url\":\"https:\/\/denizcankizil.tr\/de\/\",\"name\":\"Av. Deniz Can K\u0131z\u0131l\",\"description\":\"Avukat Deniz Can K\u0131z\u0131l Antalya Barosu\",\"publisher\":{\"@id\":\"https:\/\/denizcankizil.tr\/de\/#organization\"},\"potentialAction\":[{\"@type\":\"SearchAction\",\"target\":{\"@type\":\"EntryPoint\",\"urlTemplate\":\"https:\/\/denizcankizil.tr\/de\/?s={search_term_string}\"},\"query-input\":{\"@type\":\"PropertyValueSpecification\",\"valueRequired\":true,\"valueName\":\"search_term_string\"}}],\"inLanguage\":\"en-GB\"},{\"@type\":\"Organization\",\"@id\":\"https:\/\/denizcankizil.tr\/de\/#organization\",\"name\":\"Av. Deniz Can K\u0131z\u0131l\",\"url\":\"https:\/\/denizcankizil.tr\/de\/\",\"logo\":{\"@type\":\"ImageObject\",\"inLanguage\":\"en-GB\",\"@id\":\"https:\/\/denizcankizil.tr\/de\/#\/schema\/logo\/image\/\",\"url\":\"https:\/\/denizcankizil.tr\/wp-content\/uploads\/2024\/10\/siyah-logo-svg.svg\",\"contentUrl\":\"https:\/\/denizcankizil.tr\/wp-content\/uploads\/2024\/10\/siyah-logo-svg.svg\",\"width\":1080,\"height\":1080,\"caption\":\"Av. Deniz Can K\u0131z\u0131l\"},\"image\":{\"@id\":\"https:\/\/denizcankizil.tr\/de\/#\/schema\/logo\/image\/\"}},{\"@type\":\"Person\",\"@id\":\"https:\/\/denizcankizil.tr\/de\/#\/schema\/person\/5dc1b22991bd7ac833867c10afc9b0ff\",\"name\":\"Av. Deniz Can K\u0131z\u0131l\",\"image\":{\"@type\":\"ImageObject\",\"inLanguage\":\"en-GB\",\"@id\":\"https:\/\/denizcankizil.tr\/de\/#\/schema\/person\/image\/\",\"url\":\"https:\/\/secure.gravatar.com\/avatar\/a0b128fb9855c79efc976d5640eedb31dc35ec297594d6016d2cf7c60e975bb6?s=96&d=mm&r=g\",\"contentUrl\":\"https:\/\/secure.gravatar.com\/avatar\/a0b128fb9855c79efc976d5640eedb31dc35ec297594d6016d2cf7c60e975bb6?s=96&d=mm&r=g\",\"caption\":\"Av. Deniz Can K\u0131z\u0131l\"},\"sameAs\":[\"http:\/\/www.denizcankizil.tr\"],\"url\":\"https:\/\/denizcankizil.tr\/en\/author\/denizcankizil\/\"}]}<\/script>\n<!-- \/ Yoast SEO Premium plugin. -->","yoast_head_json":{"title":"Ba\u015fkan Uysal \u00dc\u00e7 Fidan Park\u0131'n\u0131 ziyaret etti - Av. Deniz Can K\u0131z\u0131l","robots":{"index":"index","follow":"follow","max-snippet":"max-snippet:-1","max-image-preview":"max-image-preview:large","max-video-preview":"max-video-preview:-1"},"canonical":"https:\/\/denizcankizil.tr\/en\/haberler\/antalya\/baskan-uysal-uc-fidan-parkini-ziyaret-etti\/","og_locale":"en_GB","og_type":"article","og_title":"Ba\u015fkan Uysal \u00dc\u00e7 Fidan Park\u0131'n\u0131 ziyaret etti","og_description":"Ba\u015fkan Uysal, her y\u0131l oldu\u011fu gibi bu y\u0131l da 6 May\u0131s sabah\u0131 g\u00fcn\u00fcn ilk \u0131\u015f\u0131klar\u0131yla belediyenin \u2018\u00dc\u00e7 Fidan Park\u0131\u2019n\u0131 ziyaret etti. 6 May\u0131s 1972\u2019de idam edilen Deniz Gezmi\u015f, H\u00fcseyin \u0130nan ve Yusuf Aslan\u2019\u0131n parkta yer alan r\u00f6lyeflerinin \u00f6n\u00fcne k\u0131rm\u0131z\u0131 karanfiller b\u0131rakan Ba\u015fkan Uysal, tam ba\u011f\u0131ms\u0131z T\u00fcrkiye m\u00fccadelesinin devam edece\u011fini vurgulad\u0131. Uysal, \u015f\u00f6yle konu\u015ftu: &#8220;30 Ekim 1968&#8217;de Samsun&#8217;da Atat\u00fcrk an\u0131t\u0131na \u00e7elenk koyup \u0130stiklal Mar\u015f\u0131 okuyarak yola \u00e7\u0131kt\u0131lar. \u2018Tam Ba\u011f\u0131ms\u0131z T\u00fcrkiye Y\u00fcr\u00fcy\u00fc\u015f\u00e7\u00fcleri\u2019 diyorlard\u0131 kendilerine. 10 Kas\u0131m 1968&#8217;de An\u0131tkabir&#8217;e ula\u015farak Atat\u00fcrk&#8217;\u00fcn mozolesine \u00e7elenk koydular ve An\u0131tkabir \u00f6zel defterine \u015f\u00f6yle yazd\u0131lar: \u2018Emperyalizme kar\u015f\u0131 tam ba\u011f\u0131ms\u0131z T\u00fcrkiye&#8217;yi savunmak i\u00e7in \u0130kinci Kurtulu\u015f Sava\u015f\u0131m\u0131zda ger\u00e7ekten izindeyiz. Milli Kurtulu\u015f Sava\u015f\u0131m\u0131z yok edilemez. Milli Kurtulu\u015f Sava\u015f\u0131m\u0131z\u0131 yok etmek i\u00e7in b\u00fct\u00fcn T\u00fcrk milletinin yok edilmesi gerekir\u2019 yazd\u0131lar.&#8221; \u0130dam kararlar\u0131n\u0131n, gen\u00e7lerin eylemleriyle orant\u0131s\u0131z \u015fekilde al\u0131nd\u0131\u011f\u0131n\u0131 vurgulayan Uysal, &#8220;Siyaseten, ibreti alem mant\u0131\u011f\u0131yla \u00e7ok gen\u00e7 ya\u015fta katledildiler. Hat\u0131ralar\u0131 \u00f6n\u00fcnde sayg\u0131yla e\u011filiyoruz. Tam ba\u011f\u0131ms\u0131z T\u00fcrkiye m\u00fccadelesi devam edecek&#8221; dedi. Kaynak: www.kanalv.com.tr Haber Sitesinden Al\u0131nm\u0131\u015ft\u0131r.","og_url":"https:\/\/denizcankizil.tr\/en\/haberler\/antalya\/baskan-uysal-uc-fidan-parkini-ziyaret-etti\/","og_site_name":"Av. Deniz Can K\u0131z\u0131l","article_published_time":"2025-05-06T08:41:39+00:00","og_image":[{"width":1280,"height":720,"url":"https:\/\/denizcankizil.tr\/wp-content\/uploads\/2025\/05\/6178-01-QVygyz.jpg","type":"image\/jpeg"}],"author":"Av. Deniz Can K\u0131z\u0131l","twitter_card":"summary_large_image","twitter_misc":{"Written by":"Av. Deniz Can K\u0131z\u0131l","Estimated reading time":"1 minute"},"schema":{"@context":"https:\/\/schema.org","@graph":[{"@type":"Article","@id":"https:\/\/denizcankizil.tr\/en\/haberler\/antalya\/baskan-uysal-uc-fidan-parkini-ziyaret-etti\/#article","isPartOf":{"@id":"https:\/\/denizcankizil.tr\/en\/haberler\/antalya\/baskan-uysal-uc-fidan-parkini-ziyaret-etti\/"},"author":{"name":"Av. Deniz Can K\u0131z\u0131l","@id":"https:\/\/denizcankizil.tr\/de\/#\/schema\/person\/5dc1b22991bd7ac833867c10afc9b0ff"},"headline":"Ba\u015fkan Uysal \u00dc\u00e7 Fidan Park\u0131&#8217;n\u0131 ziyaret etti","datePublished":"2025-05-06T08:41:39+00:00","mainEntityOfPage":{"@id":"https:\/\/denizcankizil.tr\/en\/haberler\/antalya\/baskan-uysal-uc-fidan-parkini-ziyaret-etti\/"},"wordCount":236,"publisher":{"@id":"https:\/\/denizcankizil.tr\/de\/#organization"},"image":{"@id":"https:\/\/denizcankizil.tr\/en\/haberler\/antalya\/baskan-uysal-uc-fidan-parkini-ziyaret-etti\/#primaryimage"},"thumbnailUrl":"https:\/\/denizcankizil.tr\/wp-content\/uploads\/2025\/05\/6178-01-QVygyz.jpg","articleSection":["Antalya"],"inLanguage":"en-GB"},{"@type":"WebPage","@id":"https:\/\/denizcankizil.tr\/en\/haberler\/antalya\/baskan-uysal-uc-fidan-parkini-ziyaret-etti\/","url":"https:\/\/denizcankizil.tr\/en\/haberler\/antalya\/baskan-uysal-uc-fidan-parkini-ziyaret-etti\/","name":"Ba\u015fkan Uysal \u00dc\u00e7 Fidan Park\u0131'n\u0131 ziyaret etti - Av. Deniz Can K\u0131z\u0131l","isPartOf":{"@id":"https:\/\/denizcankizil.tr\/de\/#website"},"primaryImageOfPage":{"@id":"https:\/\/denizcankizil.tr\/en\/haberler\/antalya\/baskan-uysal-uc-fidan-parkini-ziyaret-etti\/#primaryimage"},"image":{"@id":"https:\/\/denizcankizil.tr\/en\/haberler\/antalya\/baskan-uysal-uc-fidan-parkini-ziyaret-etti\/#primaryimage"},"thumbnailUrl":"https:\/\/denizcankizil.tr\/wp-content\/uploads\/2025\/05\/6178-01-QVygyz.jpg","datePublished":"2025-05-06T08:41:39+00:00","breadcrumb":{"@id":"https:\/\/denizcankizil.tr\/en\/haberler\/antalya\/baskan-uysal-uc-fidan-parkini-ziyaret-etti\/#breadcrumb"},"inLanguage":"en-GB","potentialAction":[{"@type":"ReadAction","target":["https:\/\/denizcankizil.tr\/en\/haberler\/antalya\/baskan-uysal-uc-fidan-parkini-ziyaret-etti\/"]}]},{"@type":"ImageObject","inLanguage":"en-GB","@id":"https:\/\/denizcankizil.tr\/en\/haberler\/antalya\/baskan-uysal-uc-fidan-parkini-ziyaret-etti\/#primaryimage","url":"https:\/\/denizcankizil.tr\/wp-content\/uploads\/2025\/05\/6178-01-QVygyz.jpg","contentUrl":"https:\/\/denizcankizil.tr\/wp-content\/uploads\/2025\/05\/6178-01-QVygyz.jpg","width":1280,"height":720},{"@type":"BreadcrumbList","@id":"https:\/\/denizcankizil.tr\/en\/haberler\/antalya\/baskan-uysal-uc-fidan-parkini-ziyaret-etti\/#breadcrumb","itemListElement":[{"@type":"ListItem","position":1,"name":"Home","item":"https:\/\/denizcankizil.tr\/de\/"},{"@type":"ListItem","position":2,"name":"Ba\u015fkan Uysal \u00dc\u00e7 Fidan Park\u0131&#8217;n\u0131 ziyaret etti"}]},{"@type":"WebSite","@id":"https:\/\/denizcankizil.tr\/de\/#website","url":"https:\/\/denizcankizil.tr\/de\/","name":"Av. Deniz Can K\u0131z\u0131l","description":"Avukat Deniz Can K\u0131z\u0131l Antalya Barosu","publisher":{"@id":"https:\/\/denizcankizil.tr\/de\/#organization"},"potentialAction":[{"@type":"SearchAction","target":{"@type":"EntryPoint","urlTemplate":"https:\/\/denizcankizil.tr\/de\/?s={search_term_string}"},"query-input":{"@type":"PropertyValueSpecification","valueRequired":true,"valueName":"search_term_string"}}],"inLanguage":"en-GB"},{"@type":"Organization","@id":"https:\/\/denizcankizil.tr\/de\/#organization","name":"Av. Deniz Can K\u0131z\u0131l","url":"https:\/\/denizcankizil.tr\/de\/","logo":{"@type":"ImageObject","inLanguage":"en-GB","@id":"https:\/\/denizcankizil.tr\/de\/#\/schema\/logo\/image\/","url":"https:\/\/denizcankizil.tr\/wp-content\/uploads\/2024\/10\/siyah-logo-svg.svg","contentUrl":"https:\/\/denizcankizil.tr\/wp-content\/uploads\/2024\/10\/siyah-logo-svg.svg","width":1080,"height":1080,"caption":"Av. Deniz Can K\u0131z\u0131l"},"image":{"@id":"https:\/\/denizcankizil.tr\/de\/#\/schema\/logo\/image\/"}},{"@type":"Person","@id":"https:\/\/denizcankizil.tr\/de\/#\/schema\/person\/5dc1b22991bd7ac833867c10afc9b0ff","name":"Av. Deniz Can K\u0131z\u0131l","image":{"@type":"ImageObject","inLanguage":"en-GB","@id":"https:\/\/denizcankizil.tr\/de\/#\/schema\/person\/image\/","url":"https:\/\/secure.gravatar.com\/avatar\/a0b128fb9855c79efc976d5640eedb31dc35ec297594d6016d2cf7c60e975bb6?s=96&d=mm&r=g","contentUrl":"https:\/\/secure.gravatar.com\/avatar\/a0b128fb9855c79efc976d5640eedb31dc35ec297594d6016d2cf7c60e975bb6?s=96&d=mm&r=g","caption":"Av. Deniz Can K\u0131z\u0131l"},"sameAs":["http:\/\/www.denizcankizil.tr"],"url":"https:\/\/denizcankizil.tr\/en\/author\/denizcankizil\/"}]}},"_links":{"self":[{"href":"https:\/\/denizcankizil.tr\/en\/wp-json\/wp\/v2\/posts\/77825","targetHints":{"allow":["GET"]}}],"collection":[{"href":"https:\/\/denizcankizil.tr\/en\/wp-json\/wp\/v2\/posts"}],"about":[{"href":"https:\/\/denizcankizil.tr\/en\/wp-json\/wp\/v2\/types\/post"}],"author":[{"embeddable":true,"href":"https:\/\/denizcankizil.tr\/en\/wp-json\/wp\/v2\/users\/4"}],"replies":[{"embeddable":true,"href":"https:\/\/denizcankizil.tr\/en\/wp-json\/wp\/v2\/comments?post=77825"}],"version-history":[{"count":0,"href":"https:\/\/denizcankizil.tr\/en\/wp-json\/wp\/v2\/posts\/77825\/revisions"}],"wp:featuredmedia":[{"embeddable":true,"href":"https:\/\/denizcankizil.tr\/en\/wp-json\/wp\/v2\/media\/77826"}],"wp:attachment":[{"href":"https:\/\/denizcankizil.tr\/en\/wp-json\/wp\/v2\/media?parent=77825"}],"wp:term":[{"taxonomy":"category","embeddable":true,"href":"https:\/\/denizcankizil.tr\/en\/wp-json\/wp\/v2\/categories?post=77825"},{"taxonomy":"post_tag","embeddable":true,"href":"https:\/\/denizcankizil.tr\/en\/wp-json\/wp\/v2\/tags?post=77825"}],"curies":[{"name":"wp","href":"https:\/\/api.w.org\/{rel}","templated":true}]}}