{"id":77143,"date":"2025-05-05T19:42:35","date_gmt":"2025-05-05T16:42:35","guid":{"rendered":"https:\/\/denizcankizil.tr\/uncategorized-tr\/hristiyan-ve-muslumanlar-birlikte-dilek-tuttu\/"},"modified":"2025-05-05T19:42:35","modified_gmt":"2025-05-05T16:42:35","slug":"hristiyan-ve-muslumanlar-birlikte-dilek-tuttu","status":"publish","type":"post","link":"https:\/\/denizcankizil.tr\/en\/haberler\/gundem\/hristiyan-ve-muslumanlar-birlikte-dilek-tuttu\/","title":{"rendered":"Hristiyan ve M\u00fcsl\u00fcmanlar Birlikte Dilek Tuttu"},"content":{"rendered":"<p>Her y\u0131l oldu\u011fu gibi bu y\u0131l da Aziz Corch Kilisesi\u2019nde H\u0131d\u0131rellez co\u015fkusu ya\u015fand\u0131. Kilise bah\u00e7esi kad\u0131nlar, \u00e7ocuklar ve gen\u00e7lerle dolup ta\u015ft\u0131. G\u00fcvenlik kontrol\u00fcnden ge\u00e7erek i\u00e7eri al\u0131nan vatanda\u015flar, dileklerini tutmak ve dualar etmek i\u00e7in kilisenin yolunu tuttu. Deprem nedeniyle hasar g\u00f6ren kilise binas\u0131n\u0131n i\u00e7erisine giri\u015fler s\u0131n\u0131rl\u0131 tutulurken, t\u00f6renler ve dilek rit\u00fcelleri kilise bah\u00e7esinde ger\u00e7ekle\u015ftirildi.<\/p>\n<p>Birlikte Mum Yakt\u0131lar, Dualar Ettiler<\/p>\n<p>Kilise bah\u00e7esinde toplanan kalabal\u0131k, mum yakarak sa\u011fl\u0131k, huzur, ba\u015far\u0131, evlilik, araba, ev ve \u00fcniversite s\u0131nav\u0131nda ba\u015far\u0131 gibi dileklerde bulundu. Zeytin dallar\u0131n\u0131 kilise duvarlar\u0131na s\u00fcren vatanda\u015flar, ellerini duvarlara koyarak dualar etti. Baz\u0131 vatanda\u015flar ise dileklerinin ger\u00e7ekle\u015fti\u011fini ifade ederek lokum da\u011f\u0131tt\u0131 ve \u201cBizim duam\u0131z kabul oldu, in\u015fallah herkesin duas\u0131 kabul olur\u201d diyerek umutlar\u0131n\u0131 payla\u015ft\u0131.<\/p>\n<p>Can Teymur: \u201cBu Etkinlik Sevgiyle Birlikte Ya\u015faman\u0131n Simgesidir\u201d<\/p>\n<p>\u0130skenderun Hristiyan Ortodoks Cemaati Vakf\u0131 Y\u00f6netim Kurulu Ba\u015fkan\u0131 Can Teymur, etkinlikle ilgili yapt\u0131\u011f\u0131 a\u00e7\u0131klamada, H\u0131d\u0131rellez\u2019in H\u0131z\u0131r ve \u0130lyas peygamberlerin bulu\u015fma g\u00fcn\u00fc oldu\u011funu hat\u0131rlatarak \u201cBug\u00fcn burada en \u00f6nemli konu, bu etkinli\u011fin her inan\u00e7tan insan\u0131n kat\u0131l\u0131m\u0131yla, sevgi ve birlik i\u00e7erisinde kutlan\u0131yor olmas\u0131. Hristiyan\u0131, M\u00fcsl\u00fcman\u0131, Musevisi; herkes bir arada, bar\u0131\u015f dolu bir atmosferde dileklerini tutuyor. Depremden sonra da bu birlikteli\u011fi ve gelene\u011fi s\u00fcrd\u00fcrmeye devam ettik. \u00dclkemize sa\u011fl\u0131k, huzur, ba\u015far\u0131 ve bar\u0131\u015f getirmesini diliyorum\u201d diye konu\u015ftu.<\/p>\n<p>Etkinlik, ho\u015fg\u00f6r\u00fc ve inan\u00e7lar aras\u0131 dayan\u0131\u015fman\u0131n g\u00fczel bir \u00f6rne\u011fi olarak haf\u0131zalarda yer etti.<\/p>\n<p>\u200bHatay\u2019\u0131n \u0130skenderun il\u00e7esinde, H\u0131d\u0131rellez Bayram\u0131, Aziz Corch Kilisesi\u2019nde hem Hristiyan hem de M\u00fcsl\u00fcman vatanda\u015flar\u0131n kat\u0131l\u0131m\u0131yla kutland\u0131. Farkl\u0131 inan\u00e7 gruplar\u0131ndan y\u00fczlerce ki\u015fi, dilek tutmak, dua etmek ve mum yakmak i\u00e7in kiliseye ak\u0131n etti.\u00a0<\/p>\n<p>\u200bHaberin Al\u0131nt\u0131land\u0131\u011f\u0131 Kaynak: www.iskenderun.org<\/p>","protected":false},"excerpt":{"rendered":"<p>Her y\u0131l oldu\u011fu gibi bu y\u0131l da Aziz Corch Kilisesi\u2019nde H\u0131d\u0131rellez co\u015fkusu ya\u015fand\u0131. Kilise bah\u00e7esi kad\u0131nlar, \u00e7ocuklar ve gen\u00e7lerle dolup ta\u015ft\u0131. G\u00fcvenlik kontrol\u00fcnden ge\u00e7erek i\u00e7eri al\u0131nan vatanda\u015flar, dileklerini tutmak ve dualar etmek i\u00e7in kilisenin yolunu tuttu. Deprem nedeniyle hasar g\u00f6ren kilise binas\u0131n\u0131n i\u00e7erisine giri\u015fler s\u0131n\u0131rl\u0131 tutulurken, t\u00f6renler ve dilek rit\u00fcelleri kilise bah\u00e7esinde ger\u00e7ekle\u015ftirildi. Birlikte Mum Yakt\u0131lar, Dualar Ettiler Kilise bah\u00e7esinde toplanan kalabal\u0131k, mum yakarak sa\u011fl\u0131k, huzur, ba\u015far\u0131, evlilik, araba, ev ve \u00fcniversite s\u0131nav\u0131nda ba\u015far\u0131 gibi dileklerde bulundu. Zeytin dallar\u0131n\u0131 kilise duvarlar\u0131na s\u00fcren vatanda\u015flar, ellerini duvarlara koyarak dualar etti. Baz\u0131 vatanda\u015flar ise dileklerinin ger\u00e7ekle\u015fti\u011fini ifade ederek lokum da\u011f\u0131tt\u0131 ve \u201cBizim duam\u0131z kabul oldu, in\u015fallah herkesin duas\u0131 kabul olur\u201d diyerek umutlar\u0131n\u0131 payla\u015ft\u0131. Can Teymur: \u201cBu Etkinlik Sevgiyle Birlikte Ya\u015faman\u0131n Simgesidir\u201d \u0130skenderun Hristiyan Ortodoks Cemaati Vakf\u0131 Y\u00f6netim Kurulu Ba\u015fkan\u0131 Can Teymur, etkinlikle ilgili yapt\u0131\u011f\u0131 a\u00e7\u0131klamada, H\u0131d\u0131rellez\u2019in H\u0131z\u0131r ve \u0130lyas peygamberlerin bulu\u015fma g\u00fcn\u00fc oldu\u011funu hat\u0131rlatarak \u201cBug\u00fcn burada en \u00f6nemli konu, bu etkinli\u011fin her inan\u00e7tan insan\u0131n kat\u0131l\u0131m\u0131yla, sevgi ve birlik i\u00e7erisinde kutlan\u0131yor olmas\u0131. Hristiyan\u0131, M\u00fcsl\u00fcman\u0131, Musevisi; herkes bir arada, bar\u0131\u015f dolu bir atmosferde dileklerini tutuyor. Depremden sonra da bu birlikteli\u011fi ve gelene\u011fi s\u00fcrd\u00fcrmeye devam ettik. \u00dclkemize sa\u011fl\u0131k, huzur, ba\u015far\u0131 ve bar\u0131\u015f getirmesini diliyorum\u201d diye konu\u015ftu. Etkinlik, ho\u015fg\u00f6r\u00fc ve inan\u00e7lar aras\u0131 dayan\u0131\u015fman\u0131n g\u00fczel bir \u00f6rne\u011fi olarak &hellip;<\/p>","protected":false},"author":1,"featured_media":0,"comment_status":"","ping_status":"open","sticky":false,"template":"","format":"standard","meta":{"_acf_changed":false,"footnotes":""},"categories":[24],"tags":[],"class_list":["post-77143","post","type-post","status-publish","format-standard","has-post-thumbnail","hentry","category-gundem"],"acf":[],"yoast_head":"<!-- This site is optimized with the Yoast SEO Premium plugin v26.6 (Yoast SEO v27.1.1) - https:\/\/yoast.com\/product\/yoast-seo-premium-wordpress\/ -->\n<title>Hristiyan ve M\u00fcsl\u00fcmanlar Birlikte Dilek Tuttu - Av. Deniz Can K\u0131z\u0131l<\/title>\n<meta name=\"robots\" content=\"index, follow, max-snippet:-1, max-image-preview:large, max-video-preview:-1\" \/>\n<link rel=\"canonical\" href=\"https:\/\/denizcankizil.tr\/en\/haberler\/gundem\/hristiyan-ve-muslumanlar-birlikte-dilek-tuttu\/\" \/>\n<meta property=\"og:locale\" content=\"en_GB\" \/>\n<meta property=\"og:type\" content=\"article\" \/>\n<meta property=\"og:title\" content=\"Hristiyan ve M\u00fcsl\u00fcmanlar Birlikte Dilek Tuttu\" \/>\n<meta property=\"og:description\" content=\"Her y\u0131l oldu\u011fu gibi bu y\u0131l da Aziz Corch Kilisesi\u2019nde H\u0131d\u0131rellez co\u015fkusu ya\u015fand\u0131. Kilise bah\u00e7esi kad\u0131nlar, \u00e7ocuklar ve gen\u00e7lerle dolup ta\u015ft\u0131. G\u00fcvenlik kontrol\u00fcnden ge\u00e7erek i\u00e7eri al\u0131nan vatanda\u015flar, dileklerini tutmak ve dualar etmek i\u00e7in kilisenin yolunu tuttu. Deprem nedeniyle hasar g\u00f6ren kilise binas\u0131n\u0131n i\u00e7erisine giri\u015fler s\u0131n\u0131rl\u0131 tutulurken, t\u00f6renler ve dilek rit\u00fcelleri kilise bah\u00e7esinde ger\u00e7ekle\u015ftirildi. Birlikte Mum Yakt\u0131lar, Dualar Ettiler Kilise bah\u00e7esinde toplanan kalabal\u0131k, mum yakarak sa\u011fl\u0131k, huzur, ba\u015far\u0131, evlilik, araba, ev ve \u00fcniversite s\u0131nav\u0131nda ba\u015far\u0131 gibi dileklerde bulundu. Zeytin dallar\u0131n\u0131 kilise duvarlar\u0131na s\u00fcren vatanda\u015flar, ellerini duvarlara koyarak dualar etti. Baz\u0131 vatanda\u015flar ise dileklerinin ger\u00e7ekle\u015fti\u011fini ifade ederek lokum da\u011f\u0131tt\u0131 ve \u201cBizim duam\u0131z kabul oldu, in\u015fallah herkesin duas\u0131 kabul olur\u201d diyerek umutlar\u0131n\u0131 payla\u015ft\u0131. Can Teymur: \u201cBu Etkinlik Sevgiyle Birlikte Ya\u015faman\u0131n Simgesidir\u201d \u0130skenderun Hristiyan Ortodoks Cemaati Vakf\u0131 Y\u00f6netim Kurulu Ba\u015fkan\u0131 Can Teymur, etkinlikle ilgili yapt\u0131\u011f\u0131 a\u00e7\u0131klamada, H\u0131d\u0131rellez\u2019in H\u0131z\u0131r ve \u0130lyas peygamberlerin bulu\u015fma g\u00fcn\u00fc oldu\u011funu hat\u0131rlatarak \u201cBug\u00fcn burada en \u00f6nemli konu, bu etkinli\u011fin her inan\u00e7tan insan\u0131n kat\u0131l\u0131m\u0131yla, sevgi ve birlik i\u00e7erisinde kutlan\u0131yor olmas\u0131. Hristiyan\u0131, M\u00fcsl\u00fcman\u0131, Musevisi; herkes bir arada, bar\u0131\u015f dolu bir atmosferde dileklerini tutuyor. Depremden sonra da bu birlikteli\u011fi ve gelene\u011fi s\u00fcrd\u00fcrmeye devam ettik. \u00dclkemize sa\u011fl\u0131k, huzur, ba\u015far\u0131 ve bar\u0131\u015f getirmesini diliyorum\u201d diye konu\u015ftu. Etkinlik, ho\u015fg\u00f6r\u00fc ve inan\u00e7lar aras\u0131 dayan\u0131\u015fman\u0131n g\u00fczel bir \u00f6rne\u011fi olarak &hellip;\" \/>\n<meta property=\"og:url\" content=\"https:\/\/denizcankizil.tr\/en\/haberler\/gundem\/hristiyan-ve-muslumanlar-birlikte-dilek-tuttu\/\" \/>\n<meta property=\"og:site_name\" content=\"Av. Deniz Can K\u0131z\u0131l\" \/>\n<meta property=\"article:published_time\" content=\"2025-05-05T16:42:35+00:00\" \/>\n<meta name=\"author\" content=\"admin\" \/>\n<meta name=\"twitter:card\" content=\"summary_large_image\" \/>\n<meta name=\"twitter:label1\" content=\"Written by\" \/>\n\t<meta name=\"twitter:data1\" content=\"admin\" \/>\n\t<meta name=\"twitter:label2\" content=\"Estimated reading time\" \/>\n\t<meta name=\"twitter:data2\" content=\"2 minutes\" \/>\n<script type=\"application\/ld+json\" class=\"yoast-schema-graph\">{\"@context\":\"https:\/\/schema.org\",\"@graph\":[{\"@type\":\"Article\",\"@id\":\"https:\/\/denizcankizil.tr\/uk\/haberler\/gundem\/hristiyan-ve-muslumanlar-birlikte-dilek-tuttu\/#article\",\"isPartOf\":{\"@id\":\"https:\/\/denizcankizil.tr\/uk\/haberler\/gundem\/hristiyan-ve-muslumanlar-birlikte-dilek-tuttu\/\"},\"author\":{\"name\":\"admin\",\"@id\":\"https:\/\/denizcankizil.tr\/de\/#\/schema\/person\/be3c05fe6a12686905512445d8185489\"},\"headline\":\"Hristiyan ve M\u00fcsl\u00fcmanlar Birlikte Dilek Tuttu\",\"datePublished\":\"2025-05-05T16:42:35+00:00\",\"mainEntityOfPage\":{\"@id\":\"https:\/\/denizcankizil.tr\/uk\/haberler\/gundem\/hristiyan-ve-muslumanlar-birlikte-dilek-tuttu\/\"},\"wordCount\":362,\"publisher\":{\"@id\":\"https:\/\/denizcankizil.tr\/de\/#organization\"},\"articleSection\":[\"G\u00fcndem\"],\"inLanguage\":\"en-GB\"},{\"@type\":\"WebPage\",\"@id\":\"https:\/\/denizcankizil.tr\/uk\/haberler\/gundem\/hristiyan-ve-muslumanlar-birlikte-dilek-tuttu\/\",\"url\":\"https:\/\/denizcankizil.tr\/uk\/haberler\/gundem\/hristiyan-ve-muslumanlar-birlikte-dilek-tuttu\/\",\"name\":\"Hristiyan ve M\u00fcsl\u00fcmanlar Birlikte Dilek Tuttu - Av. Deniz Can K\u0131z\u0131l\",\"isPartOf\":{\"@id\":\"https:\/\/denizcankizil.tr\/de\/#website\"},\"datePublished\":\"2025-05-05T16:42:35+00:00\",\"breadcrumb\":{\"@id\":\"https:\/\/denizcankizil.tr\/uk\/haberler\/gundem\/hristiyan-ve-muslumanlar-birlikte-dilek-tuttu\/#breadcrumb\"},\"inLanguage\":\"en-GB\",\"potentialAction\":[{\"@type\":\"ReadAction\",\"target\":[\"https:\/\/denizcankizil.tr\/uk\/haberler\/gundem\/hristiyan-ve-muslumanlar-birlikte-dilek-tuttu\/\"]}]},{\"@type\":\"BreadcrumbList\",\"@id\":\"https:\/\/denizcankizil.tr\/uk\/haberler\/gundem\/hristiyan-ve-muslumanlar-birlikte-dilek-tuttu\/#breadcrumb\",\"itemListElement\":[{\"@type\":\"ListItem\",\"position\":1,\"name\":\"Home\",\"item\":\"https:\/\/denizcankizil.tr\/de\/\"},{\"@type\":\"ListItem\",\"position\":2,\"name\":\"Hristiyan ve M\u00fcsl\u00fcmanlar Birlikte Dilek Tuttu\"}]},{\"@type\":\"WebSite\",\"@id\":\"https:\/\/denizcankizil.tr\/de\/#website\",\"url\":\"https:\/\/denizcankizil.tr\/de\/\",\"name\":\"Av. Deniz Can K\u0131z\u0131l\",\"description\":\"Avukat Deniz Can K\u0131z\u0131l Antalya Barosu\",\"publisher\":{\"@id\":\"https:\/\/denizcankizil.tr\/de\/#organization\"},\"potentialAction\":[{\"@type\":\"SearchAction\",\"target\":{\"@type\":\"EntryPoint\",\"urlTemplate\":\"https:\/\/denizcankizil.tr\/de\/?s={search_term_string}\"},\"query-input\":{\"@type\":\"PropertyValueSpecification\",\"valueRequired\":true,\"valueName\":\"search_term_string\"}}],\"inLanguage\":\"en-GB\"},{\"@type\":\"Organization\",\"@id\":\"https:\/\/denizcankizil.tr\/de\/#organization\",\"name\":\"Av. Deniz Can K\u0131z\u0131l\",\"url\":\"https:\/\/denizcankizil.tr\/de\/\",\"logo\":{\"@type\":\"ImageObject\",\"inLanguage\":\"en-GB\",\"@id\":\"https:\/\/denizcankizil.tr\/de\/#\/schema\/logo\/image\/\",\"url\":\"https:\/\/denizcankizil.tr\/wp-content\/uploads\/2024\/10\/siyah-logo-svg.svg\",\"contentUrl\":\"https:\/\/denizcankizil.tr\/wp-content\/uploads\/2024\/10\/siyah-logo-svg.svg\",\"width\":1080,\"height\":1080,\"caption\":\"Av. Deniz Can K\u0131z\u0131l\"},\"image\":{\"@id\":\"https:\/\/denizcankizil.tr\/de\/#\/schema\/logo\/image\/\"}},{\"@type\":\"Person\",\"@id\":\"https:\/\/denizcankizil.tr\/de\/#\/schema\/person\/be3c05fe6a12686905512445d8185489\",\"name\":\"admin\",\"image\":{\"@type\":\"ImageObject\",\"inLanguage\":\"en-GB\",\"@id\":\"https:\/\/denizcankizil.tr\/de\/#\/schema\/person\/image\/\",\"url\":\"https:\/\/secure.gravatar.com\/avatar\/c1fce94c830dc79107e174f890d7210541c4a63e8e5d816341794a2151c9d58c?s=96&d=mm&r=g\",\"contentUrl\":\"https:\/\/secure.gravatar.com\/avatar\/c1fce94c830dc79107e174f890d7210541c4a63e8e5d816341794a2151c9d58c?s=96&d=mm&r=g\",\"caption\":\"admin\"},\"sameAs\":[\"http:\/\/denizcankizil.tr\"],\"url\":\"https:\/\/www.iskenderun.org\/hristiyan-ve-muslumanlar-birlikte-dilek-tuttu\"}]}<\/script>\n<!-- \/ Yoast SEO Premium plugin. -->","yoast_head_json":{"title":"Hristiyan ve M\u00fcsl\u00fcmanlar Birlikte Dilek Tuttu - Av. Deniz Can K\u0131z\u0131l","robots":{"index":"index","follow":"follow","max-snippet":"max-snippet:-1","max-image-preview":"max-image-preview:large","max-video-preview":"max-video-preview:-1"},"canonical":"https:\/\/denizcankizil.tr\/en\/haberler\/gundem\/hristiyan-ve-muslumanlar-birlikte-dilek-tuttu\/","og_locale":"en_GB","og_type":"article","og_title":"Hristiyan ve M\u00fcsl\u00fcmanlar Birlikte Dilek Tuttu","og_description":"Her y\u0131l oldu\u011fu gibi bu y\u0131l da Aziz Corch Kilisesi\u2019nde H\u0131d\u0131rellez co\u015fkusu ya\u015fand\u0131. Kilise bah\u00e7esi kad\u0131nlar, \u00e7ocuklar ve gen\u00e7lerle dolup ta\u015ft\u0131. G\u00fcvenlik kontrol\u00fcnden ge\u00e7erek i\u00e7eri al\u0131nan vatanda\u015flar, dileklerini tutmak ve dualar etmek i\u00e7in kilisenin yolunu tuttu. Deprem nedeniyle hasar g\u00f6ren kilise binas\u0131n\u0131n i\u00e7erisine giri\u015fler s\u0131n\u0131rl\u0131 tutulurken, t\u00f6renler ve dilek rit\u00fcelleri kilise bah\u00e7esinde ger\u00e7ekle\u015ftirildi. Birlikte Mum Yakt\u0131lar, Dualar Ettiler Kilise bah\u00e7esinde toplanan kalabal\u0131k, mum yakarak sa\u011fl\u0131k, huzur, ba\u015far\u0131, evlilik, araba, ev ve \u00fcniversite s\u0131nav\u0131nda ba\u015far\u0131 gibi dileklerde bulundu. Zeytin dallar\u0131n\u0131 kilise duvarlar\u0131na s\u00fcren vatanda\u015flar, ellerini duvarlara koyarak dualar etti. Baz\u0131 vatanda\u015flar ise dileklerinin ger\u00e7ekle\u015fti\u011fini ifade ederek lokum da\u011f\u0131tt\u0131 ve \u201cBizim duam\u0131z kabul oldu, in\u015fallah herkesin duas\u0131 kabul olur\u201d diyerek umutlar\u0131n\u0131 payla\u015ft\u0131. Can Teymur: \u201cBu Etkinlik Sevgiyle Birlikte Ya\u015faman\u0131n Simgesidir\u201d \u0130skenderun Hristiyan Ortodoks Cemaati Vakf\u0131 Y\u00f6netim Kurulu Ba\u015fkan\u0131 Can Teymur, etkinlikle ilgili yapt\u0131\u011f\u0131 a\u00e7\u0131klamada, H\u0131d\u0131rellez\u2019in H\u0131z\u0131r ve \u0130lyas peygamberlerin bulu\u015fma g\u00fcn\u00fc oldu\u011funu hat\u0131rlatarak \u201cBug\u00fcn burada en \u00f6nemli konu, bu etkinli\u011fin her inan\u00e7tan insan\u0131n kat\u0131l\u0131m\u0131yla, sevgi ve birlik i\u00e7erisinde kutlan\u0131yor olmas\u0131. Hristiyan\u0131, M\u00fcsl\u00fcman\u0131, Musevisi; herkes bir arada, bar\u0131\u015f dolu bir atmosferde dileklerini tutuyor. Depremden sonra da bu birlikteli\u011fi ve gelene\u011fi s\u00fcrd\u00fcrmeye devam ettik. \u00dclkemize sa\u011fl\u0131k, huzur, ba\u015far\u0131 ve bar\u0131\u015f getirmesini diliyorum\u201d diye konu\u015ftu. Etkinlik, ho\u015fg\u00f6r\u00fc ve inan\u00e7lar aras\u0131 dayan\u0131\u015fman\u0131n g\u00fczel bir \u00f6rne\u011fi olarak &hellip;","og_url":"https:\/\/denizcankizil.tr\/en\/haberler\/gundem\/hristiyan-ve-muslumanlar-birlikte-dilek-tuttu\/","og_site_name":"Av. Deniz Can K\u0131z\u0131l","article_published_time":"2025-05-05T16:42:35+00:00","author":"admin","twitter_card":"summary_large_image","twitter_misc":{"Written by":"admin","Estimated reading time":"2 minutes"},"schema":{"@context":"https:\/\/schema.org","@graph":[{"@type":"Article","@id":"https:\/\/denizcankizil.tr\/uk\/haberler\/gundem\/hristiyan-ve-muslumanlar-birlikte-dilek-tuttu\/#article","isPartOf":{"@id":"https:\/\/denizcankizil.tr\/uk\/haberler\/gundem\/hristiyan-ve-muslumanlar-birlikte-dilek-tuttu\/"},"author":{"name":"admin","@id":"https:\/\/denizcankizil.tr\/de\/#\/schema\/person\/be3c05fe6a12686905512445d8185489"},"headline":"Hristiyan ve M\u00fcsl\u00fcmanlar Birlikte Dilek Tuttu","datePublished":"2025-05-05T16:42:35+00:00","mainEntityOfPage":{"@id":"https:\/\/denizcankizil.tr\/uk\/haberler\/gundem\/hristiyan-ve-muslumanlar-birlikte-dilek-tuttu\/"},"wordCount":362,"publisher":{"@id":"https:\/\/denizcankizil.tr\/de\/#organization"},"articleSection":["G\u00fcndem"],"inLanguage":"en-GB"},{"@type":"WebPage","@id":"https:\/\/denizcankizil.tr\/uk\/haberler\/gundem\/hristiyan-ve-muslumanlar-birlikte-dilek-tuttu\/","url":"https:\/\/denizcankizil.tr\/uk\/haberler\/gundem\/hristiyan-ve-muslumanlar-birlikte-dilek-tuttu\/","name":"Hristiyan ve M\u00fcsl\u00fcmanlar Birlikte Dilek Tuttu - Av. Deniz Can K\u0131z\u0131l","isPartOf":{"@id":"https:\/\/denizcankizil.tr\/de\/#website"},"datePublished":"2025-05-05T16:42:35+00:00","breadcrumb":{"@id":"https:\/\/denizcankizil.tr\/uk\/haberler\/gundem\/hristiyan-ve-muslumanlar-birlikte-dilek-tuttu\/#breadcrumb"},"inLanguage":"en-GB","potentialAction":[{"@type":"ReadAction","target":["https:\/\/denizcankizil.tr\/uk\/haberler\/gundem\/hristiyan-ve-muslumanlar-birlikte-dilek-tuttu\/"]}]},{"@type":"BreadcrumbList","@id":"https:\/\/denizcankizil.tr\/uk\/haberler\/gundem\/hristiyan-ve-muslumanlar-birlikte-dilek-tuttu\/#breadcrumb","itemListElement":[{"@type":"ListItem","position":1,"name":"Home","item":"https:\/\/denizcankizil.tr\/de\/"},{"@type":"ListItem","position":2,"name":"Hristiyan ve M\u00fcsl\u00fcmanlar Birlikte Dilek Tuttu"}]},{"@type":"WebSite","@id":"https:\/\/denizcankizil.tr\/de\/#website","url":"https:\/\/denizcankizil.tr\/de\/","name":"Av. Deniz Can K\u0131z\u0131l","description":"Avukat Deniz Can K\u0131z\u0131l Antalya Barosu","publisher":{"@id":"https:\/\/denizcankizil.tr\/de\/#organization"},"potentialAction":[{"@type":"SearchAction","target":{"@type":"EntryPoint","urlTemplate":"https:\/\/denizcankizil.tr\/de\/?s={search_term_string}"},"query-input":{"@type":"PropertyValueSpecification","valueRequired":true,"valueName":"search_term_string"}}],"inLanguage":"en-GB"},{"@type":"Organization","@id":"https:\/\/denizcankizil.tr\/de\/#organization","name":"Av. Deniz Can K\u0131z\u0131l","url":"https:\/\/denizcankizil.tr\/de\/","logo":{"@type":"ImageObject","inLanguage":"en-GB","@id":"https:\/\/denizcankizil.tr\/de\/#\/schema\/logo\/image\/","url":"https:\/\/denizcankizil.tr\/wp-content\/uploads\/2024\/10\/siyah-logo-svg.svg","contentUrl":"https:\/\/denizcankizil.tr\/wp-content\/uploads\/2024\/10\/siyah-logo-svg.svg","width":1080,"height":1080,"caption":"Av. Deniz Can K\u0131z\u0131l"},"image":{"@id":"https:\/\/denizcankizil.tr\/de\/#\/schema\/logo\/image\/"}},{"@type":"Person","@id":"https:\/\/denizcankizil.tr\/de\/#\/schema\/person\/be3c05fe6a12686905512445d8185489","name":"admin","image":{"@type":"ImageObject","inLanguage":"en-GB","@id":"https:\/\/denizcankizil.tr\/de\/#\/schema\/person\/image\/","url":"https:\/\/secure.gravatar.com\/avatar\/c1fce94c830dc79107e174f890d7210541c4a63e8e5d816341794a2151c9d58c?s=96&d=mm&r=g","contentUrl":"https:\/\/secure.gravatar.com\/avatar\/c1fce94c830dc79107e174f890d7210541c4a63e8e5d816341794a2151c9d58c?s=96&d=mm&r=g","caption":"admin"},"sameAs":["http:\/\/denizcankizil.tr"],"url":"https:\/\/www.iskenderun.org\/hristiyan-ve-muslumanlar-birlikte-dilek-tuttu"}]}},"_links":{"self":[{"href":"https:\/\/denizcankizil.tr\/en\/wp-json\/wp\/v2\/posts\/77143","targetHints":{"allow":["GET"]}}],"collection":[{"href":"https:\/\/denizcankizil.tr\/en\/wp-json\/wp\/v2\/posts"}],"about":[{"href":"https:\/\/denizcankizil.tr\/en\/wp-json\/wp\/v2\/types\/post"}],"author":[{"embeddable":true,"href":"https:\/\/denizcankizil.tr\/en\/wp-json\/wp\/v2\/users\/1"}],"replies":[{"embeddable":true,"href":"https:\/\/denizcankizil.tr\/en\/wp-json\/wp\/v2\/comments?post=77143"}],"version-history":[{"count":0,"href":"https:\/\/denizcankizil.tr\/en\/wp-json\/wp\/v2\/posts\/77143\/revisions"}],"wp:attachment":[{"href":"https:\/\/denizcankizil.tr\/en\/wp-json\/wp\/v2\/media?parent=77143"}],"wp:term":[{"taxonomy":"category","embeddable":true,"href":"https:\/\/denizcankizil.tr\/en\/wp-json\/wp\/v2\/categories?post=77143"},{"taxonomy":"post_tag","embeddable":true,"href":"https:\/\/denizcankizil.tr\/en\/wp-json\/wp\/v2\/tags?post=77143"}],"curies":[{"name":"wp","href":"https:\/\/api.w.org\/{rel}","templated":true}]}}