{"id":77013,"date":"2025-05-05T17:41:24","date_gmt":"2025-05-05T14:41:24","guid":{"rendered":"https:\/\/denizcankizil.tr\/uncategorized-tr\/antalyada-05-05-2025-yogunlugu\/"},"modified":"2025-05-05T17:41:24","modified_gmt":"2025-05-05T14:41:24","slug":"antalyada-05-05-2025-yogunlugu","status":"publish","type":"post","link":"https:\/\/denizcankizil.tr\/en\/haberler\/antalya\/antalyada-05-05-2025-yogunlugu\/","title":{"rendered":"Antalya&#8217;da &#8216;05.05.2025&#8217; yo\u011funlu\u011fu"},"content":{"rendered":"<p>Takvimde denk gelen \u00f6zel tarihi anlaml\u0131 k\u0131lmak isteyen \u00e7iftler, aylar \u00f6ncesinden ba\u015fvurarak Muratpa\u015fa Belediyesi Nikah Salonu\u2019nda d\u00fcnya evine girdi. G\u00fcn boyunca s\u00fcren nikah t\u00f6renlerinde sevgi ve mutluluk \u00f6n plandayd\u0131.<br \/>\nBa\u015fkan \u00dcmit Uysal, 6 \u00e7iftin nikah\u0131n\u0131 bizzat k\u0131yarak bu \u00f6zel ana tan\u0131kl\u0131k etti. T\u00f6renlere kat\u0131lan aileler ve yak\u0131nlar, yeni hayatlar\u0131na &#8220;Evet&#8221; diyerek ba\u015flayan \u00e7iftlerin heyecan\u0131n\u0131 payla\u015ft\u0131.<br \/>\nNikah t\u00f6renlerinin ard\u0131ndan \u00e7iftler, sevdikleriyle birlikte hat\u0131ra foto\u011fraflar\u0131 \u00e7ektirerek bu anlaml\u0131 g\u00fcn\u00fc \u00f6l\u00fcms\u00fczle\u015ftirdi.<\/p>\n<p>Kaynak: www.kanalv.com.tr Haber Sitesinden Al\u0131nm\u0131\u015ft\u0131r.<\/p>","protected":false},"excerpt":{"rendered":"<p>Takvimde denk gelen \u00f6zel tarihi anlaml\u0131 k\u0131lmak isteyen \u00e7iftler, aylar \u00f6ncesinden ba\u015fvurarak Muratpa\u015fa Belediyesi Nikah Salonu\u2019nda d\u00fcnya evine girdi. G\u00fcn boyunca s\u00fcren nikah t\u00f6renlerinde sevgi ve mutluluk \u00f6n plandayd\u0131. Ba\u015fkan \u00dcmit Uysal, 6 \u00e7iftin nikah\u0131n\u0131 bizzat k\u0131yarak bu \u00f6zel ana tan\u0131kl\u0131k etti. T\u00f6renlere kat\u0131lan aileler ve yak\u0131nlar, yeni hayatlar\u0131na &#8220;Evet&#8221; diyerek ba\u015flayan \u00e7iftlerin heyecan\u0131n\u0131 payla\u015ft\u0131. Nikah t\u00f6renlerinin ard\u0131ndan \u00e7iftler, sevdikleriyle birlikte hat\u0131ra foto\u011fraflar\u0131 \u00e7ektirerek bu anlaml\u0131 g\u00fcn\u00fc \u00f6l\u00fcms\u00fczle\u015ftirdi. Kaynak: www.kanalv.com.tr Haber Sitesinden Al\u0131nm\u0131\u015ft\u0131r.<\/p>","protected":false},"author":4,"featured_media":77014,"comment_status":"","ping_status":"open","sticky":false,"template":"","format":"standard","meta":{"_acf_changed":false,"footnotes":""},"categories":[26],"tags":[],"class_list":["post-77013","post","type-post","status-publish","format-standard","has-post-thumbnail","hentry","category-antalya"],"acf":[],"yoast_head":"<!-- This site is optimized with the Yoast SEO Premium plugin v26.6 (Yoast SEO v27.1.1) - https:\/\/yoast.com\/product\/yoast-seo-premium-wordpress\/ -->\n<title>Antalya&#039;da &#039;05.05.2025&#039; yo\u011funlu\u011fu - Av. Deniz Can K\u0131z\u0131l<\/title>\n<meta name=\"robots\" content=\"index, follow, max-snippet:-1, max-image-preview:large, max-video-preview:-1\" \/>\n<link rel=\"canonical\" href=\"https:\/\/denizcankizil.tr\/en\/haberler\/antalya\/antalyada-05-05-2025-yogunlugu\/\" \/>\n<meta property=\"og:locale\" content=\"en_GB\" \/>\n<meta property=\"og:type\" content=\"article\" \/>\n<meta property=\"og:title\" content=\"Antalya&#039;da &#039;05.05.2025&#039; yo\u011funlu\u011fu\" \/>\n<meta property=\"og:description\" content=\"Takvimde denk gelen \u00f6zel tarihi anlaml\u0131 k\u0131lmak isteyen \u00e7iftler, aylar \u00f6ncesinden ba\u015fvurarak Muratpa\u015fa Belediyesi Nikah Salonu\u2019nda d\u00fcnya evine girdi. G\u00fcn boyunca s\u00fcren nikah t\u00f6renlerinde sevgi ve mutluluk \u00f6n plandayd\u0131. Ba\u015fkan \u00dcmit Uysal, 6 \u00e7iftin nikah\u0131n\u0131 bizzat k\u0131yarak bu \u00f6zel ana tan\u0131kl\u0131k etti. T\u00f6renlere kat\u0131lan aileler ve yak\u0131nlar, yeni hayatlar\u0131na &#8220;Evet&#8221; diyerek ba\u015flayan \u00e7iftlerin heyecan\u0131n\u0131 payla\u015ft\u0131. Nikah t\u00f6renlerinin ard\u0131ndan \u00e7iftler, sevdikleriyle birlikte hat\u0131ra foto\u011fraflar\u0131 \u00e7ektirerek bu anlaml\u0131 g\u00fcn\u00fc \u00f6l\u00fcms\u00fczle\u015ftirdi. Kaynak: www.kanalv.com.tr Haber Sitesinden Al\u0131nm\u0131\u015ft\u0131r.\" \/>\n<meta property=\"og:url\" content=\"https:\/\/denizcankizil.tr\/en\/haberler\/antalya\/antalyada-05-05-2025-yogunlugu\/\" \/>\n<meta property=\"og:site_name\" content=\"Av. Deniz Can K\u0131z\u0131l\" \/>\n<meta property=\"article:published_time\" content=\"2025-05-05T14:41:24+00:00\" \/>\n<meta property=\"og:image\" content=\"https:\/\/denizcankizil.tr\/wp-content\/uploads\/2025\/05\/6170-01-YquIUf.jpg\" \/>\n\t<meta property=\"og:image:width\" content=\"1280\" \/>\n\t<meta property=\"og:image:height\" content=\"720\" \/>\n\t<meta property=\"og:image:type\" content=\"image\/jpeg\" \/>\n<meta name=\"author\" content=\"Av. Deniz Can K\u0131z\u0131l\" \/>\n<meta name=\"twitter:card\" content=\"summary_large_image\" \/>\n<meta name=\"twitter:label1\" content=\"Written by\" \/>\n\t<meta name=\"twitter:data1\" content=\"Av. Deniz Can K\u0131z\u0131l\" \/>\n\t<meta name=\"twitter:label2\" content=\"Estimated reading time\" \/>\n\t<meta name=\"twitter:data2\" content=\"1 minute\" \/>\n<script type=\"application\/ld+json\" class=\"yoast-schema-graph\">{\"@context\":\"https:\/\/schema.org\",\"@graph\":[{\"@type\":\"Article\",\"@id\":\"https:\/\/denizcankizil.tr\/en\/haberler\/antalya\/antalyada-05-05-2025-yogunlugu\/#article\",\"isPartOf\":{\"@id\":\"https:\/\/denizcankizil.tr\/en\/haberler\/antalya\/antalyada-05-05-2025-yogunlugu\/\"},\"author\":{\"name\":\"Av. Deniz Can K\u0131z\u0131l\",\"@id\":\"https:\/\/denizcankizil.tr\/de\/#\/schema\/person\/5dc1b22991bd7ac833867c10afc9b0ff\"},\"headline\":\"Antalya&#8217;da &#8216;05.05.2025&#8217; yo\u011funlu\u011fu\",\"datePublished\":\"2025-05-05T14:41:24+00:00\",\"mainEntityOfPage\":{\"@id\":\"https:\/\/denizcankizil.tr\/en\/haberler\/antalya\/antalyada-05-05-2025-yogunlugu\/\"},\"wordCount\":111,\"publisher\":{\"@id\":\"https:\/\/denizcankizil.tr\/de\/#organization\"},\"image\":{\"@id\":\"https:\/\/denizcankizil.tr\/en\/haberler\/antalya\/antalyada-05-05-2025-yogunlugu\/#primaryimage\"},\"thumbnailUrl\":\"https:\/\/denizcankizil.tr\/wp-content\/uploads\/2025\/05\/6170-01-YquIUf.jpg\",\"articleSection\":[\"Antalya\"],\"inLanguage\":\"en-GB\"},{\"@type\":\"WebPage\",\"@id\":\"https:\/\/denizcankizil.tr\/en\/haberler\/antalya\/antalyada-05-05-2025-yogunlugu\/\",\"url\":\"https:\/\/denizcankizil.tr\/en\/haberler\/antalya\/antalyada-05-05-2025-yogunlugu\/\",\"name\":\"Antalya'da '05.05.2025' yo\u011funlu\u011fu - Av. Deniz Can K\u0131z\u0131l\",\"isPartOf\":{\"@id\":\"https:\/\/denizcankizil.tr\/de\/#website\"},\"primaryImageOfPage\":{\"@id\":\"https:\/\/denizcankizil.tr\/en\/haberler\/antalya\/antalyada-05-05-2025-yogunlugu\/#primaryimage\"},\"image\":{\"@id\":\"https:\/\/denizcankizil.tr\/en\/haberler\/antalya\/antalyada-05-05-2025-yogunlugu\/#primaryimage\"},\"thumbnailUrl\":\"https:\/\/denizcankizil.tr\/wp-content\/uploads\/2025\/05\/6170-01-YquIUf.jpg\",\"datePublished\":\"2025-05-05T14:41:24+00:00\",\"breadcrumb\":{\"@id\":\"https:\/\/denizcankizil.tr\/en\/haberler\/antalya\/antalyada-05-05-2025-yogunlugu\/#breadcrumb\"},\"inLanguage\":\"en-GB\",\"potentialAction\":[{\"@type\":\"ReadAction\",\"target\":[\"https:\/\/denizcankizil.tr\/en\/haberler\/antalya\/antalyada-05-05-2025-yogunlugu\/\"]}]},{\"@type\":\"ImageObject\",\"inLanguage\":\"en-GB\",\"@id\":\"https:\/\/denizcankizil.tr\/en\/haberler\/antalya\/antalyada-05-05-2025-yogunlugu\/#primaryimage\",\"url\":\"https:\/\/denizcankizil.tr\/wp-content\/uploads\/2025\/05\/6170-01-YquIUf.jpg\",\"contentUrl\":\"https:\/\/denizcankizil.tr\/wp-content\/uploads\/2025\/05\/6170-01-YquIUf.jpg\",\"width\":1280,\"height\":720},{\"@type\":\"BreadcrumbList\",\"@id\":\"https:\/\/denizcankizil.tr\/en\/haberler\/antalya\/antalyada-05-05-2025-yogunlugu\/#breadcrumb\",\"itemListElement\":[{\"@type\":\"ListItem\",\"position\":1,\"name\":\"Home\",\"item\":\"https:\/\/denizcankizil.tr\/de\/\"},{\"@type\":\"ListItem\",\"position\":2,\"name\":\"Antalya&#8217;da &#8216;05.05.2025&#8217; yo\u011funlu\u011fu\"}]},{\"@type\":\"WebSite\",\"@id\":\"https:\/\/denizcankizil.tr\/de\/#website\",\"url\":\"https:\/\/denizcankizil.tr\/de\/\",\"name\":\"Av. Deniz Can K\u0131z\u0131l\",\"description\":\"Avukat Deniz Can K\u0131z\u0131l Antalya Barosu\",\"publisher\":{\"@id\":\"https:\/\/denizcankizil.tr\/de\/#organization\"},\"potentialAction\":[{\"@type\":\"SearchAction\",\"target\":{\"@type\":\"EntryPoint\",\"urlTemplate\":\"https:\/\/denizcankizil.tr\/de\/?s={search_term_string}\"},\"query-input\":{\"@type\":\"PropertyValueSpecification\",\"valueRequired\":true,\"valueName\":\"search_term_string\"}}],\"inLanguage\":\"en-GB\"},{\"@type\":\"Organization\",\"@id\":\"https:\/\/denizcankizil.tr\/de\/#organization\",\"name\":\"Av. Deniz Can K\u0131z\u0131l\",\"url\":\"https:\/\/denizcankizil.tr\/de\/\",\"logo\":{\"@type\":\"ImageObject\",\"inLanguage\":\"en-GB\",\"@id\":\"https:\/\/denizcankizil.tr\/de\/#\/schema\/logo\/image\/\",\"url\":\"https:\/\/denizcankizil.tr\/wp-content\/uploads\/2024\/10\/siyah-logo-svg.svg\",\"contentUrl\":\"https:\/\/denizcankizil.tr\/wp-content\/uploads\/2024\/10\/siyah-logo-svg.svg\",\"width\":1080,\"height\":1080,\"caption\":\"Av. Deniz Can K\u0131z\u0131l\"},\"image\":{\"@id\":\"https:\/\/denizcankizil.tr\/de\/#\/schema\/logo\/image\/\"}},{\"@type\":\"Person\",\"@id\":\"https:\/\/denizcankizil.tr\/de\/#\/schema\/person\/5dc1b22991bd7ac833867c10afc9b0ff\",\"name\":\"Av. Deniz Can K\u0131z\u0131l\",\"image\":{\"@type\":\"ImageObject\",\"inLanguage\":\"en-GB\",\"@id\":\"https:\/\/denizcankizil.tr\/de\/#\/schema\/person\/image\/\",\"url\":\"https:\/\/secure.gravatar.com\/avatar\/a0b128fb9855c79efc976d5640eedb31dc35ec297594d6016d2cf7c60e975bb6?s=96&d=mm&r=g\",\"contentUrl\":\"https:\/\/secure.gravatar.com\/avatar\/a0b128fb9855c79efc976d5640eedb31dc35ec297594d6016d2cf7c60e975bb6?s=96&d=mm&r=g\",\"caption\":\"Av. Deniz Can K\u0131z\u0131l\"},\"sameAs\":[\"http:\/\/www.denizcankizil.tr\"],\"url\":\"https:\/\/denizcankizil.tr\/en\/author\/denizcankizil\/\"}]}<\/script>\n<!-- \/ Yoast SEO Premium plugin. -->","yoast_head_json":{"title":"Antalya'da '05.05.2025' yo\u011funlu\u011fu - Av. Deniz Can K\u0131z\u0131l","robots":{"index":"index","follow":"follow","max-snippet":"max-snippet:-1","max-image-preview":"max-image-preview:large","max-video-preview":"max-video-preview:-1"},"canonical":"https:\/\/denizcankizil.tr\/en\/haberler\/antalya\/antalyada-05-05-2025-yogunlugu\/","og_locale":"en_GB","og_type":"article","og_title":"Antalya'da '05.05.2025' yo\u011funlu\u011fu","og_description":"Takvimde denk gelen \u00f6zel tarihi anlaml\u0131 k\u0131lmak isteyen \u00e7iftler, aylar \u00f6ncesinden ba\u015fvurarak Muratpa\u015fa Belediyesi Nikah Salonu\u2019nda d\u00fcnya evine girdi. G\u00fcn boyunca s\u00fcren nikah t\u00f6renlerinde sevgi ve mutluluk \u00f6n plandayd\u0131. Ba\u015fkan \u00dcmit Uysal, 6 \u00e7iftin nikah\u0131n\u0131 bizzat k\u0131yarak bu \u00f6zel ana tan\u0131kl\u0131k etti. T\u00f6renlere kat\u0131lan aileler ve yak\u0131nlar, yeni hayatlar\u0131na &#8220;Evet&#8221; diyerek ba\u015flayan \u00e7iftlerin heyecan\u0131n\u0131 payla\u015ft\u0131. Nikah t\u00f6renlerinin ard\u0131ndan \u00e7iftler, sevdikleriyle birlikte hat\u0131ra foto\u011fraflar\u0131 \u00e7ektirerek bu anlaml\u0131 g\u00fcn\u00fc \u00f6l\u00fcms\u00fczle\u015ftirdi. Kaynak: www.kanalv.com.tr Haber Sitesinden Al\u0131nm\u0131\u015ft\u0131r.","og_url":"https:\/\/denizcankizil.tr\/en\/haberler\/antalya\/antalyada-05-05-2025-yogunlugu\/","og_site_name":"Av. Deniz Can K\u0131z\u0131l","article_published_time":"2025-05-05T14:41:24+00:00","og_image":[{"width":1280,"height":720,"url":"https:\/\/denizcankizil.tr\/wp-content\/uploads\/2025\/05\/6170-01-YquIUf.jpg","type":"image\/jpeg"}],"author":"Av. Deniz Can K\u0131z\u0131l","twitter_card":"summary_large_image","twitter_misc":{"Written by":"Av. Deniz Can K\u0131z\u0131l","Estimated reading time":"1 minute"},"schema":{"@context":"https:\/\/schema.org","@graph":[{"@type":"Article","@id":"https:\/\/denizcankizil.tr\/en\/haberler\/antalya\/antalyada-05-05-2025-yogunlugu\/#article","isPartOf":{"@id":"https:\/\/denizcankizil.tr\/en\/haberler\/antalya\/antalyada-05-05-2025-yogunlugu\/"},"author":{"name":"Av. Deniz Can K\u0131z\u0131l","@id":"https:\/\/denizcankizil.tr\/de\/#\/schema\/person\/5dc1b22991bd7ac833867c10afc9b0ff"},"headline":"Antalya&#8217;da &#8216;05.05.2025&#8217; yo\u011funlu\u011fu","datePublished":"2025-05-05T14:41:24+00:00","mainEntityOfPage":{"@id":"https:\/\/denizcankizil.tr\/en\/haberler\/antalya\/antalyada-05-05-2025-yogunlugu\/"},"wordCount":111,"publisher":{"@id":"https:\/\/denizcankizil.tr\/de\/#organization"},"image":{"@id":"https:\/\/denizcankizil.tr\/en\/haberler\/antalya\/antalyada-05-05-2025-yogunlugu\/#primaryimage"},"thumbnailUrl":"https:\/\/denizcankizil.tr\/wp-content\/uploads\/2025\/05\/6170-01-YquIUf.jpg","articleSection":["Antalya"],"inLanguage":"en-GB"},{"@type":"WebPage","@id":"https:\/\/denizcankizil.tr\/en\/haberler\/antalya\/antalyada-05-05-2025-yogunlugu\/","url":"https:\/\/denizcankizil.tr\/en\/haberler\/antalya\/antalyada-05-05-2025-yogunlugu\/","name":"Antalya'da '05.05.2025' yo\u011funlu\u011fu - Av. Deniz Can K\u0131z\u0131l","isPartOf":{"@id":"https:\/\/denizcankizil.tr\/de\/#website"},"primaryImageOfPage":{"@id":"https:\/\/denizcankizil.tr\/en\/haberler\/antalya\/antalyada-05-05-2025-yogunlugu\/#primaryimage"},"image":{"@id":"https:\/\/denizcankizil.tr\/en\/haberler\/antalya\/antalyada-05-05-2025-yogunlugu\/#primaryimage"},"thumbnailUrl":"https:\/\/denizcankizil.tr\/wp-content\/uploads\/2025\/05\/6170-01-YquIUf.jpg","datePublished":"2025-05-05T14:41:24+00:00","breadcrumb":{"@id":"https:\/\/denizcankizil.tr\/en\/haberler\/antalya\/antalyada-05-05-2025-yogunlugu\/#breadcrumb"},"inLanguage":"en-GB","potentialAction":[{"@type":"ReadAction","target":["https:\/\/denizcankizil.tr\/en\/haberler\/antalya\/antalyada-05-05-2025-yogunlugu\/"]}]},{"@type":"ImageObject","inLanguage":"en-GB","@id":"https:\/\/denizcankizil.tr\/en\/haberler\/antalya\/antalyada-05-05-2025-yogunlugu\/#primaryimage","url":"https:\/\/denizcankizil.tr\/wp-content\/uploads\/2025\/05\/6170-01-YquIUf.jpg","contentUrl":"https:\/\/denizcankizil.tr\/wp-content\/uploads\/2025\/05\/6170-01-YquIUf.jpg","width":1280,"height":720},{"@type":"BreadcrumbList","@id":"https:\/\/denizcankizil.tr\/en\/haberler\/antalya\/antalyada-05-05-2025-yogunlugu\/#breadcrumb","itemListElement":[{"@type":"ListItem","position":1,"name":"Home","item":"https:\/\/denizcankizil.tr\/de\/"},{"@type":"ListItem","position":2,"name":"Antalya&#8217;da &#8216;05.05.2025&#8217; yo\u011funlu\u011fu"}]},{"@type":"WebSite","@id":"https:\/\/denizcankizil.tr\/de\/#website","url":"https:\/\/denizcankizil.tr\/de\/","name":"Av. Deniz Can K\u0131z\u0131l","description":"Avukat Deniz Can K\u0131z\u0131l Antalya Barosu","publisher":{"@id":"https:\/\/denizcankizil.tr\/de\/#organization"},"potentialAction":[{"@type":"SearchAction","target":{"@type":"EntryPoint","urlTemplate":"https:\/\/denizcankizil.tr\/de\/?s={search_term_string}"},"query-input":{"@type":"PropertyValueSpecification","valueRequired":true,"valueName":"search_term_string"}}],"inLanguage":"en-GB"},{"@type":"Organization","@id":"https:\/\/denizcankizil.tr\/de\/#organization","name":"Av. Deniz Can K\u0131z\u0131l","url":"https:\/\/denizcankizil.tr\/de\/","logo":{"@type":"ImageObject","inLanguage":"en-GB","@id":"https:\/\/denizcankizil.tr\/de\/#\/schema\/logo\/image\/","url":"https:\/\/denizcankizil.tr\/wp-content\/uploads\/2024\/10\/siyah-logo-svg.svg","contentUrl":"https:\/\/denizcankizil.tr\/wp-content\/uploads\/2024\/10\/siyah-logo-svg.svg","width":1080,"height":1080,"caption":"Av. Deniz Can K\u0131z\u0131l"},"image":{"@id":"https:\/\/denizcankizil.tr\/de\/#\/schema\/logo\/image\/"}},{"@type":"Person","@id":"https:\/\/denizcankizil.tr\/de\/#\/schema\/person\/5dc1b22991bd7ac833867c10afc9b0ff","name":"Av. Deniz Can K\u0131z\u0131l","image":{"@type":"ImageObject","inLanguage":"en-GB","@id":"https:\/\/denizcankizil.tr\/de\/#\/schema\/person\/image\/","url":"https:\/\/secure.gravatar.com\/avatar\/a0b128fb9855c79efc976d5640eedb31dc35ec297594d6016d2cf7c60e975bb6?s=96&d=mm&r=g","contentUrl":"https:\/\/secure.gravatar.com\/avatar\/a0b128fb9855c79efc976d5640eedb31dc35ec297594d6016d2cf7c60e975bb6?s=96&d=mm&r=g","caption":"Av. Deniz Can K\u0131z\u0131l"},"sameAs":["http:\/\/www.denizcankizil.tr"],"url":"https:\/\/denizcankizil.tr\/en\/author\/denizcankizil\/"}]}},"_links":{"self":[{"href":"https:\/\/denizcankizil.tr\/en\/wp-json\/wp\/v2\/posts\/77013","targetHints":{"allow":["GET"]}}],"collection":[{"href":"https:\/\/denizcankizil.tr\/en\/wp-json\/wp\/v2\/posts"}],"about":[{"href":"https:\/\/denizcankizil.tr\/en\/wp-json\/wp\/v2\/types\/post"}],"author":[{"embeddable":true,"href":"https:\/\/denizcankizil.tr\/en\/wp-json\/wp\/v2\/users\/4"}],"replies":[{"embeddable":true,"href":"https:\/\/denizcankizil.tr\/en\/wp-json\/wp\/v2\/comments?post=77013"}],"version-history":[{"count":0,"href":"https:\/\/denizcankizil.tr\/en\/wp-json\/wp\/v2\/posts\/77013\/revisions"}],"wp:featuredmedia":[{"embeddable":true,"href":"https:\/\/denizcankizil.tr\/en\/wp-json\/wp\/v2\/media\/77014"}],"wp:attachment":[{"href":"https:\/\/denizcankizil.tr\/en\/wp-json\/wp\/v2\/media?parent=77013"}],"wp:term":[{"taxonomy":"category","embeddable":true,"href":"https:\/\/denizcankizil.tr\/en\/wp-json\/wp\/v2\/categories?post=77013"},{"taxonomy":"post_tag","embeddable":true,"href":"https:\/\/denizcankizil.tr\/en\/wp-json\/wp\/v2\/tags?post=77013"}],"curies":[{"name":"wp","href":"https:\/\/api.w.org\/{rel}","templated":true}]}}