{"id":76970,"date":"2025-05-05T16:41:48","date_gmt":"2025-05-05T13:41:48","guid":{"rendered":"https:\/\/denizcankizil.tr\/uncategorized-tr\/mesut-kocagoz-mecliste-hesap-verdi-iste-belediyenin-cok-konusulacak-mali-tablosu\/"},"modified":"2025-05-05T16:41:48","modified_gmt":"2025-05-05T13:41:48","slug":"mesut-kocagoz-mecliste-hesap-verdi-iste-belediyenin-cok-konusulacak-mali-tablosu","status":"publish","type":"post","link":"https:\/\/denizcankizil.tr\/en\/haberler\/gundem\/mesut-kocagoz-mecliste-hesap-verdi-iste-belediyenin-cok-konusulacak-mali-tablosu\/","title":{"rendered":"Mesut Kocag\u00f6z mecliste hesap verdi: \u0130\u015fte belediyenin \u00e7ok konu\u015fulacak mali tablosu"},"content":{"rendered":"<p>Kepez Belediye Meclisi\u2019nin May\u0131s ay\u0131 ola\u011fan toplant\u0131s\u0131, belediye hizmet binas\u0131nda bulunan Meclis Toplant\u0131 Salonu\u2019nda yap\u0131ld\u0131. Toplant\u0131da, sosyal dayan\u0131\u015fma ve kamu yarar\u0131 odakl\u0131 \u00f6nemli kararlar oy birli\u011fiyle al\u0131nd\u0131.<\/p>\n<p>\u015eEH\u0130T VE GAZ\u0130LER UNUTULMADI<\/p>\n<p>Meclis g\u00fcndeminin ilk iki maddesinde, Kepez Belediyesi\u2019nin \u00e7e\u015fitli kurumlarla yapaca\u011f\u0131 i\u015f birli\u011fi protokolleri g\u00f6r\u00fc\u015f\u00fcld\u00fc. T\u00fcrkiye Harp Malul\u00fc Gaziler, \u015eehit, Dul ve Yetimler Derne\u011fi Antalya \u015eubesi ile belediye aras\u0131nda \u015fehit aileleri, gaziler ve gazi yak\u0131nlar\u0131na sosyal, k\u00fclt\u00fcrel ve manevi destek sa\u011flamak amac\u0131yla protokol yap\u0131lmas\u0131 kararla\u015ft\u0131r\u0131ld\u0131. Protokol imzalama yetkisi, Belediye Ba\u015fkan\u0131 Mesut Kocag\u00f6z\u2019e verildi.<\/p>\n<p>GAZETEC\u0130LER \u00dcCRETS\u0130Z SA\u011eLIK<\/p>\n<p>\u0130kinci g\u00fcndem maddesinde ise, Antalya Gazeteciler Cemiyeti ile i\u015f birli\u011fi protokol\u00fc yap\u0131lmas\u0131 oyland\u0131. Bu kapsamda, Kepez Belediyesi Sa\u011fl\u0131k Merkezi\u2019nde Antalya\u2019daki gazetecilere genel sa\u011fl\u0131k taramas\u0131 hizmeti sunulacak. Bu protokol i\u00e7in de imza yetkisi Ba\u015fkan Kocag\u00f6z\u2019e devredildi.<\/p>\n<p>KUB\u0130LAY DEM\u0130RC\u0130\u2019YE VEFA<\/p>\n<p>Antalya K\u00f6rfez Gazetesi muhabiri Ertu\u011frul G\u00fcn&#8217;\u00fcn haberine g\u00f6re; toplant\u0131da, kent esteti\u011fi ve yerel haf\u0131za a\u00e7\u0131s\u0131ndan \u00f6nem ta\u015f\u0131yan park isimlendirme kararlar\u0131 da al\u0131nd\u0131. K\u00fclt\u00fcr Mahallesi 3836, 3841 ve 3843 Sokaklar kesi\u015fimindeki parka \u201cAyazlar Park\u0131\u201d, S\u00fct\u00e7\u00fcler Mahallesi 6476, 6478 ve 6483 Sokaklar kesi\u015fimindeki parka ise \u201cHac\u0131 \u00d6mer Ko\u00e7 Park\u0131\u201d ad\u0131 verilmesi kararla\u015ft\u0131r\u0131ld\u0131. Ayr\u0131ca k\u0131sa s\u00fcre \u00f6nce kalp krizi ge\u00e7irerek ya\u015fam\u0131n\u0131 yitiren Kubilay Demirci\u2019nin isminin bir parka verilmesi \u00f6nerisi de mecliste oy birli\u011fiyle kabul edildi.<\/p>\n<p>DEMOKRAS\u0130YE DARBED\u0130R<\/p>\n<p>Toplant\u0131da siyasi g\u00fcndeme dair a\u00e7\u0131klamalar da yap\u0131ld\u0131. CHP Genel Ba\u015fkan\u0131 \u00d6zg\u00fcr \u00d6zel\u2019e y\u00f6nelik yap\u0131lan sald\u0131r\u0131 t\u00fcm meclis \u00fcyeleri taraf\u0131ndan k\u0131nand\u0131. Mecliste grup s\u00f6zc\u00fclerinin ge\u00e7mi\u015f olsun dileklerinin ard\u0131ndan konu\u015fan Kepez Belediye Ba\u015fkan\u0131 Mesut Kocag\u00f6z, \u201cBu sald\u0131r\u0131 sadece \u00d6zg\u00fcr \u00d6zel\u2019e de\u011fil, milletin huzuruna yap\u0131ld\u0131. Dirli\u011fimizi, birli\u011fimizi kimse bozamayacak. Bu t\u00fcr sald\u0131r\u0131lar, demokrasiye yap\u0131lm\u0131\u015f bir darbedir. Umar\u0131m sald\u0131rgan\u0131n arkas\u0131nda bir g\u00fc\u00e7 yoktur\u201d ifadelerini kulland\u0131. Kocag\u00f6z ayr\u0131ca k\u0131sa s\u00fcre \u00f6nce ya\u015fam\u0131n\u0131 yitiren sanat\u00e7\u0131 S\u0131rr\u0131 S\u00fcreyya \u00d6nder i\u00e7in de ba\u015fsa\u011fl\u0131\u011f\u0131 dileklerini iletti.<\/p>\n<p>BOR\u00c7LARI \u00d6DED\u0130K<\/p>\n<p>Toplant\u0131da mali durum hakk\u0131nda da a\u00e7\u0131klama yapan Ba\u015fkan Kocag\u00f6z, belediyenin devral\u0131nd\u0131\u011f\u0131nda 1 milyar 226 milyon 448 bin TL olan borcun 2024 y\u0131l\u0131 sonunda 770 milyona, 30 Nisan 2025 itibariyle ise 667 milyon 806 bin TL\u2019ye d\u00fc\u015f\u00fcr\u00fcld\u00fc\u011f\u00fcn\u00fc a\u00e7\u0131klad\u0131.<\/p>\n<p>HAC\u0130ZLER\u0130 KALDIRDIK<\/p>\n<p>Gelirlerin y\u00fczde 58 oran\u0131nda art\u0131r\u0131ld\u0131\u011f\u0131n\u0131 belirten Kocag\u00f6z, \u201cMaa\u015flar\u0131 \u00f6deyemez durumda olan belediyeyi yeniden aya\u011fa kald\u0131rd\u0131k. 2025 y\u0131l\u0131 ba\u015f\u0131ndan bu yana 248 milyon TL bor\u00e7 \u00f6dedik. 77 milyon TL faizden kurtulduk. Hacizleri kald\u0131rd\u0131k. Ayn\u0131 zamanda tasarruf tedbirlerini uygulad\u0131k. Geldi\u011fimizde 5 banka hesab\u0131ndan 4 tanesi hacizli idi\u201d dedi.<\/p>\n<p>\u200bKepez Belediye Ba\u015fkan\u0131 Mesut Kocag\u00f6z, may\u0131s ay\u0131 ola\u011fan meclis toplant\u0131s\u0131nda geride kalan bir y\u0131l\u0131n hesab\u0131n\u0131 verdi. \u0130\u015fte Kocag\u00f6z\u2019den \u00e7ok konu\u015fulacak mali tablo a\u00e7\u0131klamas\u0131\u2026\u00a0<\/p>\n<p>\u200bHaberin Al\u0131nt\u0131land\u0131\u011f\u0131 Kaynak: www.antalyakorfez.com<\/p>","protected":false},"excerpt":{"rendered":"<p>Kepez Belediye Meclisi\u2019nin May\u0131s ay\u0131 ola\u011fan toplant\u0131s\u0131, belediye hizmet binas\u0131nda bulunan Meclis Toplant\u0131 Salonu\u2019nda yap\u0131ld\u0131. Toplant\u0131da, sosyal dayan\u0131\u015fma ve kamu yarar\u0131 odakl\u0131 \u00f6nemli kararlar oy birli\u011fiyle al\u0131nd\u0131. \u015eEH\u0130T VE GAZ\u0130LER UNUTULMADI Meclis g\u00fcndeminin ilk iki maddesinde, Kepez Belediyesi\u2019nin \u00e7e\u015fitli kurumlarla yapaca\u011f\u0131 i\u015f birli\u011fi protokolleri g\u00f6r\u00fc\u015f\u00fcld\u00fc. T\u00fcrkiye Harp Malul\u00fc Gaziler, \u015eehit, Dul ve Yetimler Derne\u011fi Antalya \u015eubesi ile belediye aras\u0131nda \u015fehit aileleri, gaziler ve gazi yak\u0131nlar\u0131na sosyal, k\u00fclt\u00fcrel ve manevi destek sa\u011flamak amac\u0131yla protokol yap\u0131lmas\u0131 kararla\u015ft\u0131r\u0131ld\u0131. Protokol imzalama yetkisi, Belediye Ba\u015fkan\u0131 Mesut Kocag\u00f6z\u2019e verildi. GAZETEC\u0130LER \u00dcCRETS\u0130Z SA\u011eLIK \u0130kinci g\u00fcndem maddesinde ise, Antalya Gazeteciler Cemiyeti ile i\u015f birli\u011fi protokol\u00fc yap\u0131lmas\u0131 oyland\u0131. Bu kapsamda, Kepez Belediyesi Sa\u011fl\u0131k Merkezi\u2019nde Antalya\u2019daki gazetecilere genel sa\u011fl\u0131k taramas\u0131 hizmeti sunulacak. Bu protokol i\u00e7in de imza yetkisi Ba\u015fkan Kocag\u00f6z\u2019e devredildi. KUB\u0130LAY DEM\u0130RC\u0130\u2019YE VEFA Antalya K\u00f6rfez Gazetesi muhabiri Ertu\u011frul G\u00fcn&#8217;\u00fcn haberine g\u00f6re; toplant\u0131da, kent esteti\u011fi ve yerel haf\u0131za a\u00e7\u0131s\u0131ndan \u00f6nem ta\u015f\u0131yan park isimlendirme kararlar\u0131 da al\u0131nd\u0131. K\u00fclt\u00fcr Mahallesi 3836, 3841 ve 3843 Sokaklar kesi\u015fimindeki parka \u201cAyazlar Park\u0131\u201d, S\u00fct\u00e7\u00fcler Mahallesi 6476, 6478 ve 6483 Sokaklar kesi\u015fimindeki parka ise \u201cHac\u0131 \u00d6mer Ko\u00e7 Park\u0131\u201d ad\u0131 verilmesi kararla\u015ft\u0131r\u0131ld\u0131. Ayr\u0131ca k\u0131sa s\u00fcre \u00f6nce kalp krizi ge\u00e7irerek ya\u015fam\u0131n\u0131 yitiren Kubilay Demirci\u2019nin isminin bir parka verilmesi \u00f6nerisi de mecliste oy birli\u011fiyle kabul edildi. DEMOKRAS\u0130YE DARBED\u0130R Toplant\u0131da siyasi &hellip;<\/p>","protected":false},"author":5,"featured_media":0,"comment_status":"","ping_status":"open","sticky":false,"template":"","format":"standard","meta":{"_acf_changed":false,"footnotes":""},"categories":[24],"tags":[],"class_list":["post-76970","post","type-post","status-publish","format-standard","has-post-thumbnail","hentry","category-gundem"],"acf":[],"yoast_head":"<!-- This site is optimized with the Yoast SEO Premium plugin v26.6 (Yoast SEO v27.1.1) - https:\/\/yoast.com\/product\/yoast-seo-premium-wordpress\/ -->\n<title>Mesut Kocag\u00f6z mecliste hesap verdi: \u0130\u015fte belediyenin \u00e7ok konu\u015fulacak mali tablosu - Av. Deniz Can K\u0131z\u0131l<\/title>\n<meta name=\"robots\" content=\"index, follow, max-snippet:-1, max-image-preview:large, max-video-preview:-1\" \/>\n<link rel=\"canonical\" href=\"https:\/\/denizcankizil.tr\/en\/haberler\/gundem\/mesut-kocagoz-mecliste-hesap-verdi-iste-belediyenin-cok-konusulacak-mali-tablosu\/\" \/>\n<meta property=\"og:locale\" content=\"en_GB\" \/>\n<meta property=\"og:type\" content=\"article\" \/>\n<meta property=\"og:title\" content=\"Mesut Kocag\u00f6z mecliste hesap verdi: \u0130\u015fte belediyenin \u00e7ok konu\u015fulacak mali tablosu\" \/>\n<meta property=\"og:description\" content=\"Kepez Belediye Meclisi\u2019nin May\u0131s ay\u0131 ola\u011fan toplant\u0131s\u0131, belediye hizmet binas\u0131nda bulunan Meclis Toplant\u0131 Salonu\u2019nda yap\u0131ld\u0131. Toplant\u0131da, sosyal dayan\u0131\u015fma ve kamu yarar\u0131 odakl\u0131 \u00f6nemli kararlar oy birli\u011fiyle al\u0131nd\u0131. \u015eEH\u0130T VE GAZ\u0130LER UNUTULMADI Meclis g\u00fcndeminin ilk iki maddesinde, Kepez Belediyesi\u2019nin \u00e7e\u015fitli kurumlarla yapaca\u011f\u0131 i\u015f birli\u011fi protokolleri g\u00f6r\u00fc\u015f\u00fcld\u00fc. T\u00fcrkiye Harp Malul\u00fc Gaziler, \u015eehit, Dul ve Yetimler Derne\u011fi Antalya \u015eubesi ile belediye aras\u0131nda \u015fehit aileleri, gaziler ve gazi yak\u0131nlar\u0131na sosyal, k\u00fclt\u00fcrel ve manevi destek sa\u011flamak amac\u0131yla protokol yap\u0131lmas\u0131 kararla\u015ft\u0131r\u0131ld\u0131. Protokol imzalama yetkisi, Belediye Ba\u015fkan\u0131 Mesut Kocag\u00f6z\u2019e verildi. GAZETEC\u0130LER \u00dcCRETS\u0130Z SA\u011eLIK \u0130kinci g\u00fcndem maddesinde ise, Antalya Gazeteciler Cemiyeti ile i\u015f birli\u011fi protokol\u00fc yap\u0131lmas\u0131 oyland\u0131. Bu kapsamda, Kepez Belediyesi Sa\u011fl\u0131k Merkezi\u2019nde Antalya\u2019daki gazetecilere genel sa\u011fl\u0131k taramas\u0131 hizmeti sunulacak. Bu protokol i\u00e7in de imza yetkisi Ba\u015fkan Kocag\u00f6z\u2019e devredildi. KUB\u0130LAY DEM\u0130RC\u0130\u2019YE VEFA Antalya K\u00f6rfez Gazetesi muhabiri Ertu\u011frul G\u00fcn&#8217;\u00fcn haberine g\u00f6re; toplant\u0131da, kent esteti\u011fi ve yerel haf\u0131za a\u00e7\u0131s\u0131ndan \u00f6nem ta\u015f\u0131yan park isimlendirme kararlar\u0131 da al\u0131nd\u0131. K\u00fclt\u00fcr Mahallesi 3836, 3841 ve 3843 Sokaklar kesi\u015fimindeki parka \u201cAyazlar Park\u0131\u201d, S\u00fct\u00e7\u00fcler Mahallesi 6476, 6478 ve 6483 Sokaklar kesi\u015fimindeki parka ise \u201cHac\u0131 \u00d6mer Ko\u00e7 Park\u0131\u201d ad\u0131 verilmesi kararla\u015ft\u0131r\u0131ld\u0131. Ayr\u0131ca k\u0131sa s\u00fcre \u00f6nce kalp krizi ge\u00e7irerek ya\u015fam\u0131n\u0131 yitiren Kubilay Demirci\u2019nin isminin bir parka verilmesi \u00f6nerisi de mecliste oy birli\u011fiyle kabul edildi. DEMOKRAS\u0130YE DARBED\u0130R Toplant\u0131da siyasi &hellip;\" \/>\n<meta property=\"og:url\" content=\"https:\/\/denizcankizil.tr\/en\/haberler\/gundem\/mesut-kocagoz-mecliste-hesap-verdi-iste-belediyenin-cok-konusulacak-mali-tablosu\/\" \/>\n<meta property=\"og:site_name\" content=\"Av. Deniz Can K\u0131z\u0131l\" \/>\n<meta property=\"article:published_time\" content=\"2025-05-05T13:41:48+00:00\" \/>\n<meta name=\"author\" content=\"Antalya K\u00f6rfez\" \/>\n<meta name=\"twitter:card\" content=\"summary_large_image\" \/>\n<meta name=\"twitter:label1\" content=\"Written by\" \/>\n\t<meta name=\"twitter:data1\" content=\"Antalya K\u00f6rfez\" \/>\n\t<meta name=\"twitter:label2\" content=\"Estimated reading time\" \/>\n\t<meta name=\"twitter:data2\" content=\"3 minutes\" \/>\n<script type=\"application\/ld+json\" class=\"yoast-schema-graph\">{\"@context\":\"https:\/\/schema.org\",\"@graph\":[{\"@type\":\"Article\",\"@id\":\"https:\/\/denizcankizil.tr\/en\/haberler\/gundem\/mesut-kocagoz-mecliste-hesap-verdi-iste-belediyenin-cok-konusulacak-mali-tablosu\/#article\",\"isPartOf\":{\"@id\":\"https:\/\/denizcankizil.tr\/en\/haberler\/gundem\/mesut-kocagoz-mecliste-hesap-verdi-iste-belediyenin-cok-konusulacak-mali-tablosu\/\"},\"author\":{\"name\":\"Antalya K\u00f6rfez\",\"@id\":\"https:\/\/denizcankizil.tr\/#\/schema\/person\/e1eb71bb4dd684d46563f0af307e1234\"},\"headline\":\"Mesut Kocag\u00f6z mecliste hesap verdi: \u0130\u015fte belediyenin \u00e7ok konu\u015fulacak mali tablosu\",\"datePublished\":\"2025-05-05T13:41:48+00:00\",\"mainEntityOfPage\":{\"@id\":\"https:\/\/denizcankizil.tr\/en\/haberler\/gundem\/mesut-kocagoz-mecliste-hesap-verdi-iste-belediyenin-cok-konusulacak-mali-tablosu\/\"},\"wordCount\":562,\"publisher\":{\"@id\":\"https:\/\/denizcankizil.tr\/#organization\"},\"articleSection\":[\"G\u00fcndem\"],\"inLanguage\":\"en-GB\"},{\"@type\":\"WebPage\",\"@id\":\"https:\/\/denizcankizil.tr\/en\/haberler\/gundem\/mesut-kocagoz-mecliste-hesap-verdi-iste-belediyenin-cok-konusulacak-mali-tablosu\/\",\"url\":\"https:\/\/denizcankizil.tr\/en\/haberler\/gundem\/mesut-kocagoz-mecliste-hesap-verdi-iste-belediyenin-cok-konusulacak-mali-tablosu\/\",\"name\":\"Mesut Kocag\u00f6z mecliste hesap verdi: \u0130\u015fte belediyenin \u00e7ok konu\u015fulacak mali tablosu - Av. Deniz Can K\u0131z\u0131l\",\"isPartOf\":{\"@id\":\"https:\/\/denizcankizil.tr\/#website\"},\"datePublished\":\"2025-05-05T13:41:48+00:00\",\"breadcrumb\":{\"@id\":\"https:\/\/denizcankizil.tr\/en\/haberler\/gundem\/mesut-kocagoz-mecliste-hesap-verdi-iste-belediyenin-cok-konusulacak-mali-tablosu\/#breadcrumb\"},\"inLanguage\":\"en-GB\",\"potentialAction\":[{\"@type\":\"ReadAction\",\"target\":[\"https:\/\/denizcankizil.tr\/en\/haberler\/gundem\/mesut-kocagoz-mecliste-hesap-verdi-iste-belediyenin-cok-konusulacak-mali-tablosu\/\"]}]},{\"@type\":\"BreadcrumbList\",\"@id\":\"https:\/\/denizcankizil.tr\/en\/haberler\/gundem\/mesut-kocagoz-mecliste-hesap-verdi-iste-belediyenin-cok-konusulacak-mali-tablosu\/#breadcrumb\",\"itemListElement\":[{\"@type\":\"ListItem\",\"position\":1,\"name\":\"Home\",\"item\":\"https:\/\/denizcankizil.tr\/de\/\"},{\"@type\":\"ListItem\",\"position\":2,\"name\":\"Mesut Kocag\u00f6z mecliste hesap verdi: \u0130\u015fte belediyenin \u00e7ok konu\u015fulacak mali tablosu\"}]},{\"@type\":\"WebSite\",\"@id\":\"https:\/\/denizcankizil.tr\/#website\",\"url\":\"https:\/\/denizcankizil.tr\/\",\"name\":\"Av. Deniz Can K\u0131z\u0131l\",\"description\":\"Avukat Deniz Can K\u0131z\u0131l Antalya Barosu\",\"publisher\":{\"@id\":\"https:\/\/denizcankizil.tr\/#organization\"},\"potentialAction\":[{\"@type\":\"SearchAction\",\"target\":{\"@type\":\"EntryPoint\",\"urlTemplate\":\"https:\/\/denizcankizil.tr\/?s={search_term_string}\"},\"query-input\":{\"@type\":\"PropertyValueSpecification\",\"valueRequired\":true,\"valueName\":\"search_term_string\"}}],\"inLanguage\":\"en-GB\"},{\"@type\":\"Organization\",\"@id\":\"https:\/\/denizcankizil.tr\/#organization\",\"name\":\"Av. Deniz Can K\u0131z\u0131l\",\"url\":\"https:\/\/denizcankizil.tr\/\",\"logo\":{\"@type\":\"ImageObject\",\"inLanguage\":\"en-GB\",\"@id\":\"https:\/\/denizcankizil.tr\/#\/schema\/logo\/image\/\",\"url\":\"https:\/\/denizcankizil.tr\/wp-content\/uploads\/2024\/10\/siyah-logo-svg.svg\",\"contentUrl\":\"https:\/\/denizcankizil.tr\/wp-content\/uploads\/2024\/10\/siyah-logo-svg.svg\",\"width\":1080,\"height\":1080,\"caption\":\"Av. Deniz Can K\u0131z\u0131l\"},\"image\":{\"@id\":\"https:\/\/denizcankizil.tr\/#\/schema\/logo\/image\/\"}},{\"@type\":\"Person\",\"@id\":\"https:\/\/denizcankizil.tr\/#\/schema\/person\/e1eb71bb4dd684d46563f0af307e1234\",\"name\":\"Antalya K\u00f6rfez\",\"image\":{\"@type\":\"ImageObject\",\"inLanguage\":\"en-GB\",\"@id\":\"https:\/\/denizcankizil.tr\/#\/schema\/person\/image\/\",\"url\":\"https:\/\/secure.gravatar.com\/avatar\/42b01982558a48a0b501fdcab6a408d3717ea5919095ee2e67b0e521799c5905?s=96&d=mm&r=g\",\"contentUrl\":\"https:\/\/secure.gravatar.com\/avatar\/42b01982558a48a0b501fdcab6a408d3717ea5919095ee2e67b0e521799c5905?s=96&d=mm&r=g\",\"caption\":\"Antalya K\u00f6rfez\"},\"sameAs\":[\"http:\/\/www.antalyakorfez.com\"],\"url\":\"https:\/\/www.antalyakorfez.com\/mesut-kocagoz-mecliste-hesap-verdi-iste-belediyenin-cok-konusulacak-mali-tablosu\"}]}<\/script>\n<!-- \/ Yoast SEO Premium plugin. -->","yoast_head_json":{"title":"Mesut Kocag\u00f6z mecliste hesap verdi: \u0130\u015fte belediyenin \u00e7ok konu\u015fulacak mali tablosu - Av. Deniz Can K\u0131z\u0131l","robots":{"index":"index","follow":"follow","max-snippet":"max-snippet:-1","max-image-preview":"max-image-preview:large","max-video-preview":"max-video-preview:-1"},"canonical":"https:\/\/denizcankizil.tr\/en\/haberler\/gundem\/mesut-kocagoz-mecliste-hesap-verdi-iste-belediyenin-cok-konusulacak-mali-tablosu\/","og_locale":"en_GB","og_type":"article","og_title":"Mesut Kocag\u00f6z mecliste hesap verdi: \u0130\u015fte belediyenin \u00e7ok konu\u015fulacak mali tablosu","og_description":"Kepez Belediye Meclisi\u2019nin May\u0131s ay\u0131 ola\u011fan toplant\u0131s\u0131, belediye hizmet binas\u0131nda bulunan Meclis Toplant\u0131 Salonu\u2019nda yap\u0131ld\u0131. Toplant\u0131da, sosyal dayan\u0131\u015fma ve kamu yarar\u0131 odakl\u0131 \u00f6nemli kararlar oy birli\u011fiyle al\u0131nd\u0131. \u015eEH\u0130T VE GAZ\u0130LER UNUTULMADI Meclis g\u00fcndeminin ilk iki maddesinde, Kepez Belediyesi\u2019nin \u00e7e\u015fitli kurumlarla yapaca\u011f\u0131 i\u015f birli\u011fi protokolleri g\u00f6r\u00fc\u015f\u00fcld\u00fc. T\u00fcrkiye Harp Malul\u00fc Gaziler, \u015eehit, Dul ve Yetimler Derne\u011fi Antalya \u015eubesi ile belediye aras\u0131nda \u015fehit aileleri, gaziler ve gazi yak\u0131nlar\u0131na sosyal, k\u00fclt\u00fcrel ve manevi destek sa\u011flamak amac\u0131yla protokol yap\u0131lmas\u0131 kararla\u015ft\u0131r\u0131ld\u0131. Protokol imzalama yetkisi, Belediye Ba\u015fkan\u0131 Mesut Kocag\u00f6z\u2019e verildi. GAZETEC\u0130LER \u00dcCRETS\u0130Z SA\u011eLIK \u0130kinci g\u00fcndem maddesinde ise, Antalya Gazeteciler Cemiyeti ile i\u015f birli\u011fi protokol\u00fc yap\u0131lmas\u0131 oyland\u0131. Bu kapsamda, Kepez Belediyesi Sa\u011fl\u0131k Merkezi\u2019nde Antalya\u2019daki gazetecilere genel sa\u011fl\u0131k taramas\u0131 hizmeti sunulacak. Bu protokol i\u00e7in de imza yetkisi Ba\u015fkan Kocag\u00f6z\u2019e devredildi. KUB\u0130LAY DEM\u0130RC\u0130\u2019YE VEFA Antalya K\u00f6rfez Gazetesi muhabiri Ertu\u011frul G\u00fcn&#8217;\u00fcn haberine g\u00f6re; toplant\u0131da, kent esteti\u011fi ve yerel haf\u0131za a\u00e7\u0131s\u0131ndan \u00f6nem ta\u015f\u0131yan park isimlendirme kararlar\u0131 da al\u0131nd\u0131. K\u00fclt\u00fcr Mahallesi 3836, 3841 ve 3843 Sokaklar kesi\u015fimindeki parka \u201cAyazlar Park\u0131\u201d, S\u00fct\u00e7\u00fcler Mahallesi 6476, 6478 ve 6483 Sokaklar kesi\u015fimindeki parka ise \u201cHac\u0131 \u00d6mer Ko\u00e7 Park\u0131\u201d ad\u0131 verilmesi kararla\u015ft\u0131r\u0131ld\u0131. Ayr\u0131ca k\u0131sa s\u00fcre \u00f6nce kalp krizi ge\u00e7irerek ya\u015fam\u0131n\u0131 yitiren Kubilay Demirci\u2019nin isminin bir parka verilmesi \u00f6nerisi de mecliste oy birli\u011fiyle kabul edildi. DEMOKRAS\u0130YE DARBED\u0130R Toplant\u0131da siyasi &hellip;","og_url":"https:\/\/denizcankizil.tr\/en\/haberler\/gundem\/mesut-kocagoz-mecliste-hesap-verdi-iste-belediyenin-cok-konusulacak-mali-tablosu\/","og_site_name":"Av. Deniz Can K\u0131z\u0131l","article_published_time":"2025-05-05T13:41:48+00:00","author":"Antalya K\u00f6rfez","twitter_card":"summary_large_image","twitter_misc":{"Written by":"Antalya K\u00f6rfez","Estimated reading time":"3 minutes"},"schema":{"@context":"https:\/\/schema.org","@graph":[{"@type":"Article","@id":"https:\/\/denizcankizil.tr\/en\/haberler\/gundem\/mesut-kocagoz-mecliste-hesap-verdi-iste-belediyenin-cok-konusulacak-mali-tablosu\/#article","isPartOf":{"@id":"https:\/\/denizcankizil.tr\/en\/haberler\/gundem\/mesut-kocagoz-mecliste-hesap-verdi-iste-belediyenin-cok-konusulacak-mali-tablosu\/"},"author":{"name":"Antalya K\u00f6rfez","@id":"https:\/\/denizcankizil.tr\/#\/schema\/person\/e1eb71bb4dd684d46563f0af307e1234"},"headline":"Mesut Kocag\u00f6z mecliste hesap verdi: \u0130\u015fte belediyenin \u00e7ok konu\u015fulacak mali tablosu","datePublished":"2025-05-05T13:41:48+00:00","mainEntityOfPage":{"@id":"https:\/\/denizcankizil.tr\/en\/haberler\/gundem\/mesut-kocagoz-mecliste-hesap-verdi-iste-belediyenin-cok-konusulacak-mali-tablosu\/"},"wordCount":562,"publisher":{"@id":"https:\/\/denizcankizil.tr\/#organization"},"articleSection":["G\u00fcndem"],"inLanguage":"en-GB"},{"@type":"WebPage","@id":"https:\/\/denizcankizil.tr\/en\/haberler\/gundem\/mesut-kocagoz-mecliste-hesap-verdi-iste-belediyenin-cok-konusulacak-mali-tablosu\/","url":"https:\/\/denizcankizil.tr\/en\/haberler\/gundem\/mesut-kocagoz-mecliste-hesap-verdi-iste-belediyenin-cok-konusulacak-mali-tablosu\/","name":"Mesut Kocag\u00f6z mecliste hesap verdi: \u0130\u015fte belediyenin \u00e7ok konu\u015fulacak mali tablosu - Av. Deniz Can K\u0131z\u0131l","isPartOf":{"@id":"https:\/\/denizcankizil.tr\/#website"},"datePublished":"2025-05-05T13:41:48+00:00","breadcrumb":{"@id":"https:\/\/denizcankizil.tr\/en\/haberler\/gundem\/mesut-kocagoz-mecliste-hesap-verdi-iste-belediyenin-cok-konusulacak-mali-tablosu\/#breadcrumb"},"inLanguage":"en-GB","potentialAction":[{"@type":"ReadAction","target":["https:\/\/denizcankizil.tr\/en\/haberler\/gundem\/mesut-kocagoz-mecliste-hesap-verdi-iste-belediyenin-cok-konusulacak-mali-tablosu\/"]}]},{"@type":"BreadcrumbList","@id":"https:\/\/denizcankizil.tr\/en\/haberler\/gundem\/mesut-kocagoz-mecliste-hesap-verdi-iste-belediyenin-cok-konusulacak-mali-tablosu\/#breadcrumb","itemListElement":[{"@type":"ListItem","position":1,"name":"Home","item":"https:\/\/denizcankizil.tr\/de\/"},{"@type":"ListItem","position":2,"name":"Mesut Kocag\u00f6z mecliste hesap verdi: \u0130\u015fte belediyenin \u00e7ok konu\u015fulacak mali tablosu"}]},{"@type":"WebSite","@id":"https:\/\/denizcankizil.tr\/#website","url":"https:\/\/denizcankizil.tr\/","name":"Av. Deniz Can K\u0131z\u0131l","description":"Avukat Deniz Can K\u0131z\u0131l Antalya Barosu","publisher":{"@id":"https:\/\/denizcankizil.tr\/#organization"},"potentialAction":[{"@type":"SearchAction","target":{"@type":"EntryPoint","urlTemplate":"https:\/\/denizcankizil.tr\/?s={search_term_string}"},"query-input":{"@type":"PropertyValueSpecification","valueRequired":true,"valueName":"search_term_string"}}],"inLanguage":"en-GB"},{"@type":"Organization","@id":"https:\/\/denizcankizil.tr\/#organization","name":"Av. Deniz Can K\u0131z\u0131l","url":"https:\/\/denizcankizil.tr\/","logo":{"@type":"ImageObject","inLanguage":"en-GB","@id":"https:\/\/denizcankizil.tr\/#\/schema\/logo\/image\/","url":"https:\/\/denizcankizil.tr\/wp-content\/uploads\/2024\/10\/siyah-logo-svg.svg","contentUrl":"https:\/\/denizcankizil.tr\/wp-content\/uploads\/2024\/10\/siyah-logo-svg.svg","width":1080,"height":1080,"caption":"Av. Deniz Can K\u0131z\u0131l"},"image":{"@id":"https:\/\/denizcankizil.tr\/#\/schema\/logo\/image\/"}},{"@type":"Person","@id":"https:\/\/denizcankizil.tr\/#\/schema\/person\/e1eb71bb4dd684d46563f0af307e1234","name":"Antalya K\u00f6rfez","image":{"@type":"ImageObject","inLanguage":"en-GB","@id":"https:\/\/denizcankizil.tr\/#\/schema\/person\/image\/","url":"https:\/\/secure.gravatar.com\/avatar\/42b01982558a48a0b501fdcab6a408d3717ea5919095ee2e67b0e521799c5905?s=96&d=mm&r=g","contentUrl":"https:\/\/secure.gravatar.com\/avatar\/42b01982558a48a0b501fdcab6a408d3717ea5919095ee2e67b0e521799c5905?s=96&d=mm&r=g","caption":"Antalya K\u00f6rfez"},"sameAs":["http:\/\/www.antalyakorfez.com"],"url":"https:\/\/www.antalyakorfez.com\/mesut-kocagoz-mecliste-hesap-verdi-iste-belediyenin-cok-konusulacak-mali-tablosu"}]}},"_links":{"self":[{"href":"https:\/\/denizcankizil.tr\/en\/wp-json\/wp\/v2\/posts\/76970","targetHints":{"allow":["GET"]}}],"collection":[{"href":"https:\/\/denizcankizil.tr\/en\/wp-json\/wp\/v2\/posts"}],"about":[{"href":"https:\/\/denizcankizil.tr\/en\/wp-json\/wp\/v2\/types\/post"}],"author":[{"embeddable":true,"href":"https:\/\/denizcankizil.tr\/en\/wp-json\/wp\/v2\/users\/5"}],"replies":[{"embeddable":true,"href":"https:\/\/denizcankizil.tr\/en\/wp-json\/wp\/v2\/comments?post=76970"}],"version-history":[{"count":0,"href":"https:\/\/denizcankizil.tr\/en\/wp-json\/wp\/v2\/posts\/76970\/revisions"}],"wp:attachment":[{"href":"https:\/\/denizcankizil.tr\/en\/wp-json\/wp\/v2\/media?parent=76970"}],"wp:term":[{"taxonomy":"category","embeddable":true,"href":"https:\/\/denizcankizil.tr\/en\/wp-json\/wp\/v2\/categories?post=76970"},{"taxonomy":"post_tag","embeddable":true,"href":"https:\/\/denizcankizil.tr\/en\/wp-json\/wp\/v2\/tags?post=76970"}],"curies":[{"name":"wp","href":"https:\/\/api.w.org\/{rel}","templated":true}]}}